{"id":10059,"date":"2023-11-16T11:11:39","date_gmt":"2023-11-16T10:11:39","guid":{"rendered":"https:\/\/www.fundacioimpulsa.org\/expliquem-al-parlament-de-catalunya-per-que-la-fundacio-impulsa-es-una-eina-imprescindible-de-pais\/"},"modified":"2023-12-29T08:21:48","modified_gmt":"2023-12-29T07:21:48","slug":"expliquem-al-parlament-de-catalunya-per-que-la-fundacio-impulsa-es-una-eina-imprescindible-de-pais","status":"publish","type":"post","link":"https:\/\/www.fundacioimpulsa.org\/es\/expliquem-al-parlament-de-catalunya-per-que-la-fundacio-impulsa-es-una-eina-imprescindible-de-pais\/","title":{"rendered":"Explicamos en el Parlamento de Catalu\u00f1a el M\u00e9todo Impulsa como herramienta para reducir el abandonamiento escolar prematuro"},"content":{"rendered":"<p><img loading=\"lazy\" decoding=\"async\" class=\"alignnone wp-image-10082\" src=\"https:\/\/www.fundacioimpulsa.org\/wp-content\/uploads\/2023\/11\/2-300x190.jpg\" alt=\"\" width=\"725\" height=\"459\" srcset=\"https:\/\/www.fundacioimpulsa.org\/wp-content\/uploads\/2023\/11\/2-300x190.jpg 300w, https:\/\/www.fundacioimpulsa.org\/wp-content\/uploads\/2023\/11\/2-705x447.jpg 705w, https:\/\/www.fundacioimpulsa.org\/wp-content\/uploads\/2023\/11\/2-315x200.jpg 315w, https:\/\/www.fundacioimpulsa.org\/wp-content\/uploads\/2023\/11\/2.jpg 725w\" sizes=\"auto, (max-width: 725px) 100vw, 725px\" \/><\/p>\n<p><span data-contrast=\"none\">Esta semana nuestro Presidente, <\/span><strong>Carles Cuy\u00e0s, ha comparecido ante la Comisi\u00f3n de Empresa y Trabajo del Parlament de Catalunya<\/strong><span data-contrast=\"none\"> para <\/span><strong>explicar la labor que se lleva a cabo desde la Fundaci\u00f3n Impulsa acompa\u00f1ando y becando a j\u00f3venes<\/strong><span data-contrast=\"none\"> con motivaci\u00f3n y talento pero en situaci\u00f3n de vulnerabilidad socioecon\u00f3mica para que puedan continuar sus estudios cursando ciclos de FP, <\/span><strong>lo que contribuye a integrarlos en el mercado laboral.\u00a0<\/strong><\/p>\n<p><span data-contrast=\"none\">En su intervenci\u00f3n, ha puesto sobre la mesa datos que muestran c\u00f3mo <\/span><strong>la Fundaci\u00f3n Impulsa se convierte actualmente en una herramienta imprescindible: tasa de abandono del 17% y paro juvenil del 20&#8217;6%.<\/strong> <span data-contrast=\"none\">Y en esta l\u00ednea, ha detallado el \u00e9xito del M\u00e9todo Impulsa, a trav\u00e9s del cual se hace un acompa\u00f1amiento integral a los j\u00f3venes, con lo que se consigue que <\/span><strong>un 85% de los j\u00f3venes que son acompa\u00f1ados por la Fundaci\u00f3n Impulsa se grad\u00faen, frente al 50% de media que lo hacen en Catalu\u00f1a.<\/strong><span data-contrast=\"none\"> Asimismo, ha explicado el <\/span><strong>objetivo de futuro &#8216;Catalunya 2030&#8217;<\/strong><span data-contrast=\"none\">, en el que desde el Patronato se pretende <\/span><strong>poder ayudar a cualquier joven de cualquier punto de Catalunya<\/strong><span data-contrast=\"none\">, multiplicando las ayudas actuales.<\/span><span data-ccp-props=\"{&quot;201341983&quot;:0,&quot;335551550&quot;:6,&quot;335551620&quot;:6,&quot;335559739&quot;:160,&quot;335559740&quot;:360}\">\u00a0<\/span><\/p>\n<p><span data-contrast=\"none\">De hecho, en esta l\u00ednea ha sido la petici\u00f3n que Cuy\u00e0s ha hecho llegar a la Comisi\u00f3n de Empresa y Trabajo del Parlament de Catalunya, \u201cEl M\u00e9todo Impulsa funciona, los resultados lo demuestran. Como expon\u00eda al inicio de la comparecencia, <\/span><strong>los resultados a nivel educativo y laboral de los j\u00f3venes son preocupantes, necesitamos hacer una apuesta de pa\u00eds para revertir la situaci\u00f3n y muy especialmente entre la juventud m\u00e1s vulnerable.<\/strong><span data-contrast=\"none\"> Los j\u00f3venes de hoy, deben ser la garant\u00eda de una Catalunya cohesionada y pr\u00f3spera para el ma\u00f1ana\u201d. Y ha finalizado deseando poder recorrer este camino juntos.<\/span><span data-ccp-props=\"{&quot;201341983&quot;:0,&quot;335551550&quot;:6,&quot;335551620&quot;:6,&quot;335559739&quot;:160,&quot;335559740&quot;:360}\">\u00a0<\/span><\/p>\n","protected":false},"excerpt":{"rendered":"<p>Esta semana nuestro Presidente, Carles Cuy\u00e0s, ha comparecido ante la Comisi\u00f3n de Empresa y Trabajo del Parlament de Catalunya para explicar la labor que se lleva a cabo desde la Fundaci\u00f3n Impulsa acompa\u00f1ando y becando a j\u00f3venes con motivaci\u00f3n y talento pero en situaci\u00f3n de vulnerabilidad socioecon\u00f3mica para que puedan continuar sus estudios cursando ciclos [&hellip;]<\/p>\n","protected":false},"author":6,"featured_media":10082,"comment_status":"closed","ping_status":"closed","sticky":false,"template":"","format":"standard","meta":{"_acf_changed":false,"footnotes":""},"categories":[76],"tags":[77],"class_list":["post-10059","post","type-post","status-publish","format-standard","has-post-thumbnail","hentry","category-noticies-es","tag-metodeimpulsa-es"],"acf":[],"yoast_head":"<!-- This site is optimized with the Yoast SEO plugin v27.3 - https:\/\/yoast.com\/product\/yoast-seo-wordpress\/ -->\n<title>Explicamos en el Parlamento de Catalu\u00f1a el M\u00e9todo Impulsa como herramienta para reducir el abandonamiento escolar prematuro - Fundacio Impulsa<\/title>\n<meta name=\"robots\" content=\"index, follow, max-snippet:-1, max-image-preview:large, max-video-preview:-1\" \/>\n<link rel=\"canonical\" href=\"https:\/\/www.fundacioimpulsa.org\/es\/expliquem-al-parlament-de-catalunya-per-que-la-fundacio-impulsa-es-una-eina-imprescindible-de-pais\/\" \/>\n<meta property=\"og:locale\" content=\"es_ES\" \/>\n<meta property=\"og:type\" content=\"article\" \/>\n<meta property=\"og:title\" content=\"Explicamos en el Parlamento de Catalu\u00f1a el M\u00e9todo Impulsa como herramienta para reducir el abandonamiento escolar prematuro - Fundacio Impulsa\" \/>\n<meta property=\"og:description\" content=\"Esta semana nuestro Presidente, Carles Cuy\u00e0s, ha comparecido ante la Comisi\u00f3n de Empresa y Trabajo del Parlament de Catalunya para explicar la labor que se lleva a cabo desde la Fundaci\u00f3n Impulsa acompa\u00f1ando y becando a j\u00f3venes con motivaci\u00f3n y talento pero en situaci\u00f3n de vulnerabilidad socioecon\u00f3mica para que puedan continuar sus estudios cursando ciclos [&hellip;]\" \/>\n<meta property=\"og:url\" content=\"https:\/\/www.fundacioimpulsa.org\/es\/expliquem-al-parlament-de-catalunya-per-que-la-fundacio-impulsa-es-una-eina-imprescindible-de-pais\/\" \/>\n<meta property=\"og:site_name\" content=\"Fundacio Impulsa\" \/>\n<meta property=\"article:published_time\" content=\"2023-11-16T10:11:39+00:00\" \/>\n<meta property=\"article:modified_time\" content=\"2023-12-29T07:21:48+00:00\" \/>\n<meta property=\"og:image\" content=\"https:\/\/www.fundacioimpulsa.org\/wp-content\/uploads\/2023\/11\/2.jpg\" \/>\n\t<meta property=\"og:image:width\" content=\"725\" \/>\n\t<meta property=\"og:image:height\" content=\"460\" \/>\n\t<meta property=\"og:image:type\" content=\"image\/jpeg\" \/>\n<meta name=\"author\" content=\"comunicacio\" \/>\n<meta name=\"twitter:card\" content=\"summary_large_image\" \/>\n<meta name=\"twitter:label1\" content=\"Escrito por\" \/>\n\t<meta name=\"twitter:data1\" content=\"comunicacio\" \/>\n\t<meta name=\"twitter:label2\" content=\"Tiempo de lectura\" \/>\n\t<meta name=\"twitter:data2\" content=\"2 minutos\" \/>\n<script type=\"application\/ld+json\" class=\"yoast-schema-graph\">{\"@context\":\"https:\\\/\\\/schema.org\",\"@graph\":[{\"@type\":\"Article\",\"@id\":\"https:\\\/\\\/www.fundacioimpulsa.org\\\/es\\\/expliquem-al-parlament-de-catalunya-per-que-la-fundacio-impulsa-es-una-eina-imprescindible-de-pais\\\/#article\",\"isPartOf\":{\"@id\":\"https:\\\/\\\/www.fundacioimpulsa.org\\\/es\\\/expliquem-al-parlament-de-catalunya-per-que-la-fundacio-impulsa-es-una-eina-imprescindible-de-pais\\\/\"},\"author\":{\"name\":\"comunicacio\",\"@id\":\"https:\\\/\\\/www.fundacioimpulsa.org\\\/es\\\/#\\\/schema\\\/person\\\/8e5d127d58d49b0b3a374d763db6672b\"},\"headline\":\"Explicamos en el Parlamento de Catalu\u00f1a el M\u00e9todo Impulsa como herramienta para reducir el abandonamiento escolar prematuro\",\"datePublished\":\"2023-11-16T10:11:39+00:00\",\"dateModified\":\"2023-12-29T07:21:48+00:00\",\"mainEntityOfPage\":{\"@id\":\"https:\\\/\\\/www.fundacioimpulsa.org\\\/es\\\/expliquem-al-parlament-de-catalunya-per-que-la-fundacio-impulsa-es-una-eina-imprescindible-de-pais\\\/\"},\"wordCount\":327,\"image\":{\"@id\":\"https:\\\/\\\/www.fundacioimpulsa.org\\\/es\\\/expliquem-al-parlament-de-catalunya-per-que-la-fundacio-impulsa-es-una-eina-imprescindible-de-pais\\\/#primaryimage\"},\"thumbnailUrl\":\"https:\\\/\\\/www.fundacioimpulsa.org\\\/wp-content\\\/uploads\\\/2023\\\/11\\\/2.jpg\",\"keywords\":[\"#M\u00e8todeImpulsa\"],\"articleSection\":[\"Noticias\"],\"inLanguage\":\"es\"},{\"@type\":\"WebPage\",\"@id\":\"https:\\\/\\\/www.fundacioimpulsa.org\\\/es\\\/expliquem-al-parlament-de-catalunya-per-que-la-fundacio-impulsa-es-una-eina-imprescindible-de-pais\\\/\",\"url\":\"https:\\\/\\\/www.fundacioimpulsa.org\\\/es\\\/expliquem-al-parlament-de-catalunya-per-que-la-fundacio-impulsa-es-una-eina-imprescindible-de-pais\\\/\",\"name\":\"Explicamos en el Parlamento de Catalu\u00f1a el M\u00e9todo Impulsa como herramienta para reducir el abandonamiento escolar prematuro - Fundacio Impulsa\",\"isPartOf\":{\"@id\":\"https:\\\/\\\/www.fundacioimpulsa.org\\\/es\\\/#website\"},\"primaryImageOfPage\":{\"@id\":\"https:\\\/\\\/www.fundacioimpulsa.org\\\/es\\\/expliquem-al-parlament-de-catalunya-per-que-la-fundacio-impulsa-es-una-eina-imprescindible-de-pais\\\/#primaryimage\"},\"image\":{\"@id\":\"https:\\\/\\\/www.fundacioimpulsa.org\\\/es\\\/expliquem-al-parlament-de-catalunya-per-que-la-fundacio-impulsa-es-una-eina-imprescindible-de-pais\\\/#primaryimage\"},\"thumbnailUrl\":\"https:\\\/\\\/www.fundacioimpulsa.org\\\/wp-content\\\/uploads\\\/2023\\\/11\\\/2.jpg\",\"datePublished\":\"2023-11-16T10:11:39+00:00\",\"dateModified\":\"2023-12-29T07:21:48+00:00\",\"author\":{\"@id\":\"https:\\\/\\\/www.fundacioimpulsa.org\\\/es\\\/#\\\/schema\\\/person\\\/8e5d127d58d49b0b3a374d763db6672b\"},\"breadcrumb\":{\"@id\":\"https:\\\/\\\/www.fundacioimpulsa.org\\\/es\\\/expliquem-al-parlament-de-catalunya-per-que-la-fundacio-impulsa-es-una-eina-imprescindible-de-pais\\\/#breadcrumb\"},\"inLanguage\":\"es\",\"potentialAction\":[{\"@type\":\"ReadAction\",\"target\":[\"https:\\\/\\\/www.fundacioimpulsa.org\\\/es\\\/expliquem-al-parlament-de-catalunya-per-que-la-fundacio-impulsa-es-una-eina-imprescindible-de-pais\\\/\"]}]},{\"@type\":\"ImageObject\",\"inLanguage\":\"es\",\"@id\":\"https:\\\/\\\/www.fundacioimpulsa.org\\\/es\\\/expliquem-al-parlament-de-catalunya-per-que-la-fundacio-impulsa-es-una-eina-imprescindible-de-pais\\\/#primaryimage\",\"url\":\"https:\\\/\\\/www.fundacioimpulsa.org\\\/wp-content\\\/uploads\\\/2023\\\/11\\\/2.jpg\",\"contentUrl\":\"https:\\\/\\\/www.fundacioimpulsa.org\\\/wp-content\\\/uploads\\\/2023\\\/11\\\/2.jpg\",\"width\":725,\"height\":460},{\"@type\":\"BreadcrumbList\",\"@id\":\"https:\\\/\\\/www.fundacioimpulsa.org\\\/es\\\/expliquem-al-parlament-de-catalunya-per-que-la-fundacio-impulsa-es-una-eina-imprescindible-de-pais\\\/#breadcrumb\",\"itemListElement\":[{\"@type\":\"ListItem\",\"position\":1,\"name\":\"Inici\",\"item\":\"https:\\\/\\\/www.fundacioimpulsa.org\\\/es\\\/fundacio-impulsa\\\/\"},{\"@type\":\"ListItem\",\"position\":2,\"name\":\"Explicamos en el Parlamento de Catalu\u00f1a el M\u00e9todo Impulsa como herramienta para reducir el abandonamiento escolar prematuro\"}]},{\"@type\":\"WebSite\",\"@id\":\"https:\\\/\\\/www.fundacioimpulsa.org\\\/es\\\/#website\",\"url\":\"https:\\\/\\\/www.fundacioimpulsa.org\\\/es\\\/\",\"name\":\"Fundacio Impulsa\",\"description\":\"\",\"potentialAction\":[{\"@type\":\"SearchAction\",\"target\":{\"@type\":\"EntryPoint\",\"urlTemplate\":\"https:\\\/\\\/www.fundacioimpulsa.org\\\/es\\\/?s={search_term_string}\"},\"query-input\":{\"@type\":\"PropertyValueSpecification\",\"valueRequired\":true,\"valueName\":\"search_term_string\"}}],\"inLanguage\":\"es\"},{\"@type\":\"Person\",\"@id\":\"https:\\\/\\\/www.fundacioimpulsa.org\\\/es\\\/#\\\/schema\\\/person\\\/8e5d127d58d49b0b3a374d763db6672b\",\"name\":\"comunicacio\",\"image\":{\"@type\":\"ImageObject\",\"inLanguage\":\"es\",\"@id\":\"https:\\\/\\\/secure.gravatar.com\\\/avatar\\\/179d9804721934af904d6831ff1a982684d2987826415ba17246a2fefb582344?s=96&d=mm&r=g\",\"url\":\"https:\\\/\\\/secure.gravatar.com\\\/avatar\\\/179d9804721934af904d6831ff1a982684d2987826415ba17246a2fefb582344?s=96&d=mm&r=g\",\"contentUrl\":\"https:\\\/\\\/secure.gravatar.com\\\/avatar\\\/179d9804721934af904d6831ff1a982684d2987826415ba17246a2fefb582344?s=96&d=mm&r=g\",\"caption\":\"comunicacio\"},\"url\":\"https:\\\/\\\/www.fundacioimpulsa.org\\\/es\\\/author\\\/comunicacio\\\/\"}]}<\/script>\n<!-- \/ Yoast SEO plugin. -->","yoast_head_json":{"title":"Explicamos en el Parlamento de Catalu\u00f1a el M\u00e9todo Impulsa como herramienta para reducir el abandonamiento escolar prematuro - Fundacio Impulsa","robots":{"index":"index","follow":"follow","max-snippet":"max-snippet:-1","max-image-preview":"max-image-preview:large","max-video-preview":"max-video-preview:-1"},"canonical":"https:\/\/www.fundacioimpulsa.org\/es\/expliquem-al-parlament-de-catalunya-per-que-la-fundacio-impulsa-es-una-eina-imprescindible-de-pais\/","og_locale":"es_ES","og_type":"article","og_title":"Explicamos en el Parlamento de Catalu\u00f1a el M\u00e9todo Impulsa como herramienta para reducir el abandonamiento escolar prematuro - Fundacio Impulsa","og_description":"Esta semana nuestro Presidente, Carles Cuy\u00e0s, ha comparecido ante la Comisi\u00f3n de Empresa y Trabajo del Parlament de Catalunya para explicar la labor que se lleva a cabo desde la Fundaci\u00f3n Impulsa acompa\u00f1ando y becando a j\u00f3venes con motivaci\u00f3n y talento pero en situaci\u00f3n de vulnerabilidad socioecon\u00f3mica para que puedan continuar sus estudios cursando ciclos [&hellip;]","og_url":"https:\/\/www.fundacioimpulsa.org\/es\/expliquem-al-parlament-de-catalunya-per-que-la-fundacio-impulsa-es-una-eina-imprescindible-de-pais\/","og_site_name":"Fundacio Impulsa","article_published_time":"2023-11-16T10:11:39+00:00","article_modified_time":"2023-12-29T07:21:48+00:00","og_image":[{"width":725,"height":460,"url":"https:\/\/www.fundacioimpulsa.org\/wp-content\/uploads\/2023\/11\/2.jpg","type":"image\/jpeg"}],"author":"comunicacio","twitter_card":"summary_large_image","twitter_misc":{"Escrito por":"comunicacio","Tiempo de lectura":"2 minutos"},"schema":{"@context":"https:\/\/schema.org","@graph":[{"@type":"Article","@id":"https:\/\/www.fundacioimpulsa.org\/es\/expliquem-al-parlament-de-catalunya-per-que-la-fundacio-impulsa-es-una-eina-imprescindible-de-pais\/#article","isPartOf":{"@id":"https:\/\/www.fundacioimpulsa.org\/es\/expliquem-al-parlament-de-catalunya-per-que-la-fundacio-impulsa-es-una-eina-imprescindible-de-pais\/"},"author":{"name":"comunicacio","@id":"https:\/\/www.fundacioimpulsa.org\/es\/#\/schema\/person\/8e5d127d58d49b0b3a374d763db6672b"},"headline":"Explicamos en el Parlamento de Catalu\u00f1a el M\u00e9todo Impulsa como herramienta para reducir el abandonamiento escolar prematuro","datePublished":"2023-11-16T10:11:39+00:00","dateModified":"2023-12-29T07:21:48+00:00","mainEntityOfPage":{"@id":"https:\/\/www.fundacioimpulsa.org\/es\/expliquem-al-parlament-de-catalunya-per-que-la-fundacio-impulsa-es-una-eina-imprescindible-de-pais\/"},"wordCount":327,"image":{"@id":"https:\/\/www.fundacioimpulsa.org\/es\/expliquem-al-parlament-de-catalunya-per-que-la-fundacio-impulsa-es-una-eina-imprescindible-de-pais\/#primaryimage"},"thumbnailUrl":"https:\/\/www.fundacioimpulsa.org\/wp-content\/uploads\/2023\/11\/2.jpg","keywords":["#M\u00e8todeImpulsa"],"articleSection":["Noticias"],"inLanguage":"es"},{"@type":"WebPage","@id":"https:\/\/www.fundacioimpulsa.org\/es\/expliquem-al-parlament-de-catalunya-per-que-la-fundacio-impulsa-es-una-eina-imprescindible-de-pais\/","url":"https:\/\/www.fundacioimpulsa.org\/es\/expliquem-al-parlament-de-catalunya-per-que-la-fundacio-impulsa-es-una-eina-imprescindible-de-pais\/","name":"Explicamos en el Parlamento de Catalu\u00f1a el M\u00e9todo Impulsa como herramienta para reducir el abandonamiento escolar prematuro - Fundacio Impulsa","isPartOf":{"@id":"https:\/\/www.fundacioimpulsa.org\/es\/#website"},"primaryImageOfPage":{"@id":"https:\/\/www.fundacioimpulsa.org\/es\/expliquem-al-parlament-de-catalunya-per-que-la-fundacio-impulsa-es-una-eina-imprescindible-de-pais\/#primaryimage"},"image":{"@id":"https:\/\/www.fundacioimpulsa.org\/es\/expliquem-al-parlament-de-catalunya-per-que-la-fundacio-impulsa-es-una-eina-imprescindible-de-pais\/#primaryimage"},"thumbnailUrl":"https:\/\/www.fundacioimpulsa.org\/wp-content\/uploads\/2023\/11\/2.jpg","datePublished":"2023-11-16T10:11:39+00:00","dateModified":"2023-12-29T07:21:48+00:00","author":{"@id":"https:\/\/www.fundacioimpulsa.org\/es\/#\/schema\/person\/8e5d127d58d49b0b3a374d763db6672b"},"breadcrumb":{"@id":"https:\/\/www.fundacioimpulsa.org\/es\/expliquem-al-parlament-de-catalunya-per-que-la-fundacio-impulsa-es-una-eina-imprescindible-de-pais\/#breadcrumb"},"inLanguage":"es","potentialAction":[{"@type":"ReadAction","target":["https:\/\/www.fundacioimpulsa.org\/es\/expliquem-al-parlament-de-catalunya-per-que-la-fundacio-impulsa-es-una-eina-imprescindible-de-pais\/"]}]},{"@type":"ImageObject","inLanguage":"es","@id":"https:\/\/www.fundacioimpulsa.org\/es\/expliquem-al-parlament-de-catalunya-per-que-la-fundacio-impulsa-es-una-eina-imprescindible-de-pais\/#primaryimage","url":"https:\/\/www.fundacioimpulsa.org\/wp-content\/uploads\/2023\/11\/2.jpg","contentUrl":"https:\/\/www.fundacioimpulsa.org\/wp-content\/uploads\/2023\/11\/2.jpg","width":725,"height":460},{"@type":"BreadcrumbList","@id":"https:\/\/www.fundacioimpulsa.org\/es\/expliquem-al-parlament-de-catalunya-per-que-la-fundacio-impulsa-es-una-eina-imprescindible-de-pais\/#breadcrumb","itemListElement":[{"@type":"ListItem","position":1,"name":"Inici","item":"https:\/\/www.fundacioimpulsa.org\/es\/fundacio-impulsa\/"},{"@type":"ListItem","position":2,"name":"Explicamos en el Parlamento de Catalu\u00f1a el M\u00e9todo Impulsa como herramienta para reducir el abandonamiento escolar prematuro"}]},{"@type":"WebSite","@id":"https:\/\/www.fundacioimpulsa.org\/es\/#website","url":"https:\/\/www.fundacioimpulsa.org\/es\/","name":"Fundacio Impulsa","description":"","potentialAction":[{"@type":"SearchAction","target":{"@type":"EntryPoint","urlTemplate":"https:\/\/www.fundacioimpulsa.org\/es\/?s={search_term_string}"},"query-input":{"@type":"PropertyValueSpecification","valueRequired":true,"valueName":"search_term_string"}}],"inLanguage":"es"},{"@type":"Person","@id":"https:\/\/www.fundacioimpulsa.org\/es\/#\/schema\/person\/8e5d127d58d49b0b3a374d763db6672b","name":"comunicacio","image":{"@type":"ImageObject","inLanguage":"es","@id":"https:\/\/secure.gravatar.com\/avatar\/179d9804721934af904d6831ff1a982684d2987826415ba17246a2fefb582344?s=96&d=mm&r=g","url":"https:\/\/secure.gravatar.com\/avatar\/179d9804721934af904d6831ff1a982684d2987826415ba17246a2fefb582344?s=96&d=mm&r=g","contentUrl":"https:\/\/secure.gravatar.com\/avatar\/179d9804721934af904d6831ff1a982684d2987826415ba17246a2fefb582344?s=96&d=mm&r=g","caption":"comunicacio"},"url":"https:\/\/www.fundacioimpulsa.org\/es\/author\/comunicacio\/"}]}},"publishpress_future_action":{"enabled":false,"date":"2026-05-06 11:01:47","action":"change-status","newStatus":"draft","terms":[],"taxonomy":"category","extraData":[]},"publishpress_future_workflow_manual_trigger":{"enabledWorkflows":[]},"_links":{"self":[{"href":"https:\/\/www.fundacioimpulsa.org\/es\/wp-json\/wp\/v2\/posts\/10059","targetHints":{"allow":["GET"]}}],"collection":[{"href":"https:\/\/www.fundacioimpulsa.org\/es\/wp-json\/wp\/v2\/posts"}],"about":[{"href":"https:\/\/www.fundacioimpulsa.org\/es\/wp-json\/wp\/v2\/types\/post"}],"author":[{"embeddable":true,"href":"https:\/\/www.fundacioimpulsa.org\/es\/wp-json\/wp\/v2\/users\/6"}],"replies":[{"embeddable":true,"href":"https:\/\/www.fundacioimpulsa.org\/es\/wp-json\/wp\/v2\/comments?post=10059"}],"version-history":[{"count":4,"href":"https:\/\/www.fundacioimpulsa.org\/es\/wp-json\/wp\/v2\/posts\/10059\/revisions"}],"predecessor-version":[{"id":10229,"href":"https:\/\/www.fundacioimpulsa.org\/es\/wp-json\/wp\/v2\/posts\/10059\/revisions\/10229"}],"wp:featuredmedia":[{"embeddable":true,"href":"https:\/\/www.fundacioimpulsa.org\/es\/wp-json\/wp\/v2\/media\/10082"}],"wp:attachment":[{"href":"https:\/\/www.fundacioimpulsa.org\/es\/wp-json\/wp\/v2\/media?parent=10059"}],"wp:term":[{"taxonomy":"category","embeddable":true,"href":"https:\/\/www.fundacioimpulsa.org\/es\/wp-json\/wp\/v2\/categories?post=10059"},{"taxonomy":"post_tag","embeddable":true,"href":"https:\/\/www.fundacioimpulsa.org\/es\/wp-json\/wp\/v2\/tags?post=10059"}],"curies":[{"name":"wp","href":"https:\/\/api.w.org\/{rel}","templated":true}]}}