{"id":10223,"date":"2023-12-29T07:26:01","date_gmt":"2023-12-29T06:26:01","guid":{"rendered":"https:\/\/www.fundacioimpulsa.org\/?p=10223"},"modified":"2024-02-12T13:07:19","modified_gmt":"2024-02-12T12:07:19","slug":"el-consejero-de-derechos-sociales-visita-la-fundacion-impulsa-como-entidad-social-de-referencia-en-cataluna","status":"publish","type":"post","link":"https:\/\/www.fundacioimpulsa.org\/es\/el-consejero-de-derechos-sociales-visita-la-fundacion-impulsa-como-entidad-social-de-referencia-en-cataluna\/","title":{"rendered":"El Consejero de Derechos Sociales visita la Fundaci\u00f3n Impulsa, como entidad social de referencia en Catalu\u00f1a"},"content":{"rendered":"<p><img loading=\"lazy\" decoding=\"async\" class=\"alignnone  wp-image-10214\" src=\"https:\/\/www.fundacioimpulsa.org\/wp-content\/uploads\/2023\/12\/DSC_4652-300x200.jpg\" alt=\"\" width=\"701\" height=\"467\" srcset=\"https:\/\/www.fundacioimpulsa.org\/wp-content\/uploads\/2023\/12\/DSC_4652-300x200.jpg 300w, https:\/\/www.fundacioimpulsa.org\/wp-content\/uploads\/2023\/12\/DSC_4652-1030x687.jpg 1030w, https:\/\/www.fundacioimpulsa.org\/wp-content\/uploads\/2023\/12\/DSC_4652-768x512.jpg 768w, https:\/\/www.fundacioimpulsa.org\/wp-content\/uploads\/2023\/12\/DSC_4652-1536x1025.jpg 1536w, https:\/\/www.fundacioimpulsa.org\/wp-content\/uploads\/2023\/12\/DSC_4652-1500x1000.jpg 1500w, https:\/\/www.fundacioimpulsa.org\/wp-content\/uploads\/2023\/12\/DSC_4652-705x470.jpg 705w, https:\/\/www.fundacioimpulsa.org\/wp-content\/uploads\/2023\/12\/DSC_4652-795x530.jpg 795w, https:\/\/www.fundacioimpulsa.org\/wp-content\/uploads\/2023\/12\/DSC_4652-315x211.jpg 315w, https:\/\/www.fundacioimpulsa.org\/wp-content\/uploads\/2023\/12\/DSC_4652.jpg 2048w\" sizes=\"auto, (max-width: 701px) 100vw, 701px\" \/><\/p>\n<p>El Consejero de Derechos Sociales, Carles Campuzano y Canad\u00e9s visita La Fundaci\u00f3n Impulsa, para conocer m\u00e1s a fondo esta Fundaci\u00f3n que actualmente ya est\u00e1 desplegada en 8 territorios de Catalu\u00f1a y ha becado a m\u00e1s de 560 j\u00f3venes.<\/p>\n<p>Al acto, por parte de la Fundaci\u00f3n Impulsa ha asistido el Presidente, <strong>Sr. Carlos Cuy\u00e0s<\/strong>, la directora, <strong>Sra. Alejandra Manau<\/strong>; as\u00ed como la Responsable Psicopedag\u00f3gica, <strong>Sra. Sandra Llinares<\/strong>, la coordinadora de proyectos y subvenciones, <strong>Sra. N\u00faria Farr\u00e9s<\/strong>; y tambi\u00e9n ha asistido <strong>Gloria y Arturo<\/strong>, dos j\u00f3venes Impulsers que se han beneficiado del m\u00e9todo innovador de la Fundaci\u00f3n.<\/p>\n<p>Por parte de la Generalidad de Catalu\u00f1a, ha asistido el consejero de Derechos Sociales, <strong>Sr. Carlos Campuzano<\/strong>; la directora general de la Agencia Catalana de la Juventud, <strong>Sra. Laia Gir\u00f3s<\/strong>, la coordinadora de DSO en la Catalu\u00f1a Central, <strong>Sra. Pepi Ram\u00edrez<\/strong>, y la Delegada Territorial en la Catalu\u00f1a Central, <strong>Sra. Montserrat Barniol<\/strong>.<\/p>\n<p>En el encuentro con el Conseller se ha explicado la labor principal de la Fundaci\u00f3n Impulsa que pretende poder becar y acompa\u00f1ar a cualquier joven de Catalu\u00f1a que se encuentre en situaci\u00f3n de vulnerabilidad socioecon\u00f3mica y tenga motivaci\u00f3n para continuar estudiando. En otras palabras, La Fundaci\u00f3 pretende favorecer que se reduzca el abandono escolar y que los j\u00f3venes se reincorporen a la formaci\u00f3n profesional para garantizarles un futuro laboral m\u00e1s competitivo.<\/p>\n<p>Los dos j\u00f3venes Impulsers han expresado en primera persona la oportunidad que se les ha dado a trav\u00e9s de la Fundaci\u00f3n, no s\u00f3lo con la beca para realizar los estudios, sino tambi\u00e9n por todo el acompa\u00f1amiento psicopedag\u00f3gico que se les ha hecho en a trav\u00e9s del personal t\u00e9cnico de la Fundaci\u00f3n y los mentores y que <strong>les ha permitido reincorporarse de forma exitosa al mercado laboral<\/strong>.<\/p>\n<p><em>La Fundaci\u00f3n Impulsa promueve la igualdad de oportunidades de los j\u00f3venes y les acompa\u00f1a en su formaci\u00f3n, inserci\u00f3n laboral y crecimiento humano. J\u00f3venes seleccionados seg\u00fan criterios econ\u00f3micos y de motivaci\u00f3n para continuar estudiando reciben soporte para cursar ciclos de formaci\u00f3n profesional (FP). El acompa\u00f1amiento a los j\u00f3venes Impulsers se hace de forma integral, ofreciendo apoyo en diferentes \u00e1mbitos: econ\u00f3mico, a trav\u00e9s de la financiaci\u00f3n de los estudios de Formaci\u00f3n Profesional; tecnol\u00f3gico, con la donaci\u00f3n de un ordenador port\u00e1til; humano, con formaciones transversales y la vinculaci\u00f3n a una entidad del territorio; social, con el acompa\u00f1amiento de una persona mentora, y laboral, con formaciones y estancias formativas en empresas. Durante la estancia del joven en la Fundaci\u00f3n esta cuenta con el acompa\u00f1amiento del equipo psicopedag\u00f3gico de la Fundaci\u00f3n.<\/em><\/p>\n<p><img loading=\"lazy\" decoding=\"async\" class=\"alignnone size-medium wp-image-10215 alignleft\" src=\"https:\/\/www.fundacioimpulsa.org\/wp-content\/uploads\/2023\/12\/DSC_4766-300x200.jpg\" alt=\"\" width=\"300\" height=\"200\" srcset=\"https:\/\/www.fundacioimpulsa.org\/wp-content\/uploads\/2023\/12\/DSC_4766-300x200.jpg 300w, https:\/\/www.fundacioimpulsa.org\/wp-content\/uploads\/2023\/12\/DSC_4766-1030x687.jpg 1030w, https:\/\/www.fundacioimpulsa.org\/wp-content\/uploads\/2023\/12\/DSC_4766-768x512.jpg 768w, https:\/\/www.fundacioimpulsa.org\/wp-content\/uploads\/2023\/12\/DSC_4766-1536x1025.jpg 1536w, https:\/\/www.fundacioimpulsa.org\/wp-content\/uploads\/2023\/12\/DSC_4766-1500x1000.jpg 1500w, https:\/\/www.fundacioimpulsa.org\/wp-content\/uploads\/2023\/12\/DSC_4766-705x470.jpg 705w, https:\/\/www.fundacioimpulsa.org\/wp-content\/uploads\/2023\/12\/DSC_4766-795x530.jpg 795w, https:\/\/www.fundacioimpulsa.org\/wp-content\/uploads\/2023\/12\/DSC_4766-315x211.jpg 315w, https:\/\/www.fundacioimpulsa.org\/wp-content\/uploads\/2023\/12\/DSC_4766.jpg 2048w\" sizes=\"auto, (max-width: 300px) 100vw, 300px\" \/> <img loading=\"lazy\" decoding=\"async\" class=\"alignnone size-medium wp-image-10217 alignleft\" src=\"https:\/\/www.fundacioimpulsa.org\/wp-content\/uploads\/2023\/12\/DSC_4812-300x200.jpg\" alt=\"\" width=\"300\" height=\"200\" srcset=\"https:\/\/www.fundacioimpulsa.org\/wp-content\/uploads\/2023\/12\/DSC_4812-300x200.jpg 300w, https:\/\/www.fundacioimpulsa.org\/wp-content\/uploads\/2023\/12\/DSC_4812-1030x687.jpg 1030w, https:\/\/www.fundacioimpulsa.org\/wp-content\/uploads\/2023\/12\/DSC_4812-768x512.jpg 768w, https:\/\/www.fundacioimpulsa.org\/wp-content\/uploads\/2023\/12\/DSC_4812-1536x1025.jpg 1536w, https:\/\/www.fundacioimpulsa.org\/wp-content\/uploads\/2023\/12\/DSC_4812-1500x1000.jpg 1500w, https:\/\/www.fundacioimpulsa.org\/wp-content\/uploads\/2023\/12\/DSC_4812-705x470.jpg 705w, https:\/\/www.fundacioimpulsa.org\/wp-content\/uploads\/2023\/12\/DSC_4812-795x530.jpg 795w, https:\/\/www.fundacioimpulsa.org\/wp-content\/uploads\/2023\/12\/DSC_4812-315x211.jpg 315w, https:\/\/www.fundacioimpulsa.org\/wp-content\/uploads\/2023\/12\/DSC_4812.jpg 2048w\" sizes=\"auto, (max-width: 300px) 100vw, 300px\" \/> <img loading=\"lazy\" decoding=\"async\" class=\"alignnone size-medium wp-image-10219 alignleft\" src=\"https:\/\/www.fundacioimpulsa.org\/wp-content\/uploads\/2023\/12\/DSC_4852_2-300x200.jpg\" alt=\"\" width=\"300\" height=\"200\" srcset=\"https:\/\/www.fundacioimpulsa.org\/wp-content\/uploads\/2023\/12\/DSC_4852_2-300x200.jpg 300w, https:\/\/www.fundacioimpulsa.org\/wp-content\/uploads\/2023\/12\/DSC_4852_2-1030x687.jpg 1030w, https:\/\/www.fundacioimpulsa.org\/wp-content\/uploads\/2023\/12\/DSC_4852_2-768x512.jpg 768w, https:\/\/www.fundacioimpulsa.org\/wp-content\/uploads\/2023\/12\/DSC_4852_2-1536x1025.jpg 1536w, https:\/\/www.fundacioimpulsa.org\/wp-content\/uploads\/2023\/12\/DSC_4852_2-1500x1000.jpg 1500w, https:\/\/www.fundacioimpulsa.org\/wp-content\/uploads\/2023\/12\/DSC_4852_2-705x470.jpg 705w, https:\/\/www.fundacioimpulsa.org\/wp-content\/uploads\/2023\/12\/DSC_4852_2-795x530.jpg 795w, https:\/\/www.fundacioimpulsa.org\/wp-content\/uploads\/2023\/12\/DSC_4852_2-315x211.jpg 315w, https:\/\/www.fundacioimpulsa.org\/wp-content\/uploads\/2023\/12\/DSC_4852_2.jpg 2048w\" sizes=\"auto, (max-width: 300px) 100vw, 300px\" \/><\/p>\n","protected":false},"excerpt":{"rendered":"<p>El Consejero de Derechos Sociales, Carles Campuzano y Canad\u00e9s visita La Fundaci\u00f3n Impulsa, para conocer m\u00e1s a fondo esta Fundaci\u00f3n que actualmente ya est\u00e1 desplegada en 8 territorios de Catalu\u00f1a y ha becado a m\u00e1s de 560 j\u00f3venes. Al acto, por parte de la Fundaci\u00f3n Impulsa ha asistido el Presidente, Sr. Carlos Cuy\u00e0s, la directora, [&hellip;]<\/p>\n","protected":false},"author":10,"featured_media":10214,"comment_status":"closed","ping_status":"closed","sticky":false,"template":"","format":"standard","meta":{"_acf_changed":false,"footnotes":""},"categories":[76],"tags":[77],"class_list":["post-10223","post","type-post","status-publish","format-standard","has-post-thumbnail","hentry","category-noticies-es","tag-metodeimpulsa-es"],"acf":[],"yoast_head":"<!-- This site is optimized with the Yoast SEO plugin v27.3 - https:\/\/yoast.com\/product\/yoast-seo-wordpress\/ -->\n<title>El Consejero de Derechos Sociales visita la Fundaci\u00f3n Impulsa, como entidad social de referencia en Catalu\u00f1a - Fundacio Impulsa<\/title>\n<meta name=\"robots\" content=\"index, follow, max-snippet:-1, max-image-preview:large, max-video-preview:-1\" \/>\n<link rel=\"canonical\" href=\"https:\/\/www.fundacioimpulsa.org\/es\/el-consejero-de-derechos-sociales-visita-la-fundacion-impulsa-como-entidad-social-de-referencia-en-cataluna\/\" \/>\n<meta property=\"og:locale\" content=\"es_ES\" \/>\n<meta property=\"og:type\" content=\"article\" \/>\n<meta property=\"og:title\" content=\"El Consejero de Derechos Sociales visita la Fundaci\u00f3n Impulsa, como entidad social de referencia en Catalu\u00f1a - Fundacio Impulsa\" \/>\n<meta property=\"og:description\" content=\"El Consejero de Derechos Sociales, Carles Campuzano y Canad\u00e9s visita La Fundaci\u00f3n Impulsa, para conocer m\u00e1s a fondo esta Fundaci\u00f3n que actualmente ya est\u00e1 desplegada en 8 territorios de Catalu\u00f1a y ha becado a m\u00e1s de 560 j\u00f3venes. Al acto, por parte de la Fundaci\u00f3n Impulsa ha asistido el Presidente, Sr. Carlos Cuy\u00e0s, la directora, [&hellip;]\" \/>\n<meta property=\"og:url\" content=\"https:\/\/www.fundacioimpulsa.org\/es\/el-consejero-de-derechos-sociales-visita-la-fundacion-impulsa-como-entidad-social-de-referencia-en-cataluna\/\" \/>\n<meta property=\"og:site_name\" content=\"Fundacio Impulsa\" \/>\n<meta property=\"article:published_time\" content=\"2023-12-29T06:26:01+00:00\" \/>\n<meta property=\"article:modified_time\" content=\"2024-02-12T12:07:19+00:00\" \/>\n<meta property=\"og:image\" content=\"https:\/\/www.fundacioimpulsa.org\/wp-content\/uploads\/2023\/12\/DSC_4652.jpg\" \/>\n\t<meta property=\"og:image:width\" content=\"2048\" \/>\n\t<meta property=\"og:image:height\" content=\"1366\" \/>\n\t<meta property=\"og:image:type\" content=\"image\/jpeg\" \/>\n<meta name=\"author\" content=\"anna\" \/>\n<meta name=\"twitter:card\" content=\"summary_large_image\" \/>\n<meta name=\"twitter:label1\" content=\"Escrito por\" \/>\n\t<meta name=\"twitter:data1\" content=\"anna\" \/>\n\t<meta name=\"twitter:label2\" content=\"Tiempo de lectura\" \/>\n\t<meta name=\"twitter:data2\" content=\"2 minutos\" \/>\n<script type=\"application\/ld+json\" class=\"yoast-schema-graph\">{\"@context\":\"https:\\\/\\\/schema.org\",\"@graph\":[{\"@type\":\"Article\",\"@id\":\"https:\\\/\\\/www.fundacioimpulsa.org\\\/es\\\/el-consejero-de-derechos-sociales-visita-la-fundacion-impulsa-como-entidad-social-de-referencia-en-cataluna\\\/#article\",\"isPartOf\":{\"@id\":\"https:\\\/\\\/www.fundacioimpulsa.org\\\/es\\\/el-consejero-de-derechos-sociales-visita-la-fundacion-impulsa-como-entidad-social-de-referencia-en-cataluna\\\/\"},\"author\":{\"name\":\"anna\",\"@id\":\"https:\\\/\\\/www.fundacioimpulsa.org\\\/es\\\/#\\\/schema\\\/person\\\/8093abda9188d9065d7a02992af09c00\"},\"headline\":\"El Consejero de Derechos Sociales visita la Fundaci\u00f3n Impulsa, como entidad social de referencia en Catalu\u00f1a\",\"datePublished\":\"2023-12-29T06:26:01+00:00\",\"dateModified\":\"2024-02-12T12:07:19+00:00\",\"mainEntityOfPage\":{\"@id\":\"https:\\\/\\\/www.fundacioimpulsa.org\\\/es\\\/el-consejero-de-derechos-sociales-visita-la-fundacion-impulsa-como-entidad-social-de-referencia-en-cataluna\\\/\"},\"wordCount\":491,\"image\":{\"@id\":\"https:\\\/\\\/www.fundacioimpulsa.org\\\/es\\\/el-consejero-de-derechos-sociales-visita-la-fundacion-impulsa-como-entidad-social-de-referencia-en-cataluna\\\/#primaryimage\"},\"thumbnailUrl\":\"https:\\\/\\\/www.fundacioimpulsa.org\\\/wp-content\\\/uploads\\\/2023\\\/12\\\/DSC_4652.jpg\",\"keywords\":[\"#M\u00e8todeImpulsa\"],\"articleSection\":[\"Noticias\"],\"inLanguage\":\"es\"},{\"@type\":\"WebPage\",\"@id\":\"https:\\\/\\\/www.fundacioimpulsa.org\\\/es\\\/el-consejero-de-derechos-sociales-visita-la-fundacion-impulsa-como-entidad-social-de-referencia-en-cataluna\\\/\",\"url\":\"https:\\\/\\\/www.fundacioimpulsa.org\\\/es\\\/el-consejero-de-derechos-sociales-visita-la-fundacion-impulsa-como-entidad-social-de-referencia-en-cataluna\\\/\",\"name\":\"El Consejero de Derechos Sociales visita la Fundaci\u00f3n Impulsa, como entidad social de referencia en Catalu\u00f1a - Fundacio Impulsa\",\"isPartOf\":{\"@id\":\"https:\\\/\\\/www.fundacioimpulsa.org\\\/es\\\/#website\"},\"primaryImageOfPage\":{\"@id\":\"https:\\\/\\\/www.fundacioimpulsa.org\\\/es\\\/el-consejero-de-derechos-sociales-visita-la-fundacion-impulsa-como-entidad-social-de-referencia-en-cataluna\\\/#primaryimage\"},\"image\":{\"@id\":\"https:\\\/\\\/www.fundacioimpulsa.org\\\/es\\\/el-consejero-de-derechos-sociales-visita-la-fundacion-impulsa-como-entidad-social-de-referencia-en-cataluna\\\/#primaryimage\"},\"thumbnailUrl\":\"https:\\\/\\\/www.fundacioimpulsa.org\\\/wp-content\\\/uploads\\\/2023\\\/12\\\/DSC_4652.jpg\",\"datePublished\":\"2023-12-29T06:26:01+00:00\",\"dateModified\":\"2024-02-12T12:07:19+00:00\",\"author\":{\"@id\":\"https:\\\/\\\/www.fundacioimpulsa.org\\\/es\\\/#\\\/schema\\\/person\\\/8093abda9188d9065d7a02992af09c00\"},\"breadcrumb\":{\"@id\":\"https:\\\/\\\/www.fundacioimpulsa.org\\\/es\\\/el-consejero-de-derechos-sociales-visita-la-fundacion-impulsa-como-entidad-social-de-referencia-en-cataluna\\\/#breadcrumb\"},\"inLanguage\":\"es\",\"potentialAction\":[{\"@type\":\"ReadAction\",\"target\":[\"https:\\\/\\\/www.fundacioimpulsa.org\\\/es\\\/el-consejero-de-derechos-sociales-visita-la-fundacion-impulsa-como-entidad-social-de-referencia-en-cataluna\\\/\"]}]},{\"@type\":\"ImageObject\",\"inLanguage\":\"es\",\"@id\":\"https:\\\/\\\/www.fundacioimpulsa.org\\\/es\\\/el-consejero-de-derechos-sociales-visita-la-fundacion-impulsa-como-entidad-social-de-referencia-en-cataluna\\\/#primaryimage\",\"url\":\"https:\\\/\\\/www.fundacioimpulsa.org\\\/wp-content\\\/uploads\\\/2023\\\/12\\\/DSC_4652.jpg\",\"contentUrl\":\"https:\\\/\\\/www.fundacioimpulsa.org\\\/wp-content\\\/uploads\\\/2023\\\/12\\\/DSC_4652.jpg\",\"width\":2048,\"height\":1366},{\"@type\":\"BreadcrumbList\",\"@id\":\"https:\\\/\\\/www.fundacioimpulsa.org\\\/es\\\/el-consejero-de-derechos-sociales-visita-la-fundacion-impulsa-como-entidad-social-de-referencia-en-cataluna\\\/#breadcrumb\",\"itemListElement\":[{\"@type\":\"ListItem\",\"position\":1,\"name\":\"Inici\",\"item\":\"https:\\\/\\\/www.fundacioimpulsa.org\\\/es\\\/fundacio-impulsa\\\/\"},{\"@type\":\"ListItem\",\"position\":2,\"name\":\"El Consejero de Derechos Sociales visita la Fundaci\u00f3n Impulsa, como entidad social de referencia en Catalu\u00f1a\"}]},{\"@type\":\"WebSite\",\"@id\":\"https:\\\/\\\/www.fundacioimpulsa.org\\\/es\\\/#website\",\"url\":\"https:\\\/\\\/www.fundacioimpulsa.org\\\/es\\\/\",\"name\":\"Fundacio Impulsa\",\"description\":\"\",\"potentialAction\":[{\"@type\":\"SearchAction\",\"target\":{\"@type\":\"EntryPoint\",\"urlTemplate\":\"https:\\\/\\\/www.fundacioimpulsa.org\\\/es\\\/?s={search_term_string}\"},\"query-input\":{\"@type\":\"PropertyValueSpecification\",\"valueRequired\":true,\"valueName\":\"search_term_string\"}}],\"inLanguage\":\"es\"},{\"@type\":\"Person\",\"@id\":\"https:\\\/\\\/www.fundacioimpulsa.org\\\/es\\\/#\\\/schema\\\/person\\\/8093abda9188d9065d7a02992af09c00\",\"name\":\"anna\",\"image\":{\"@type\":\"ImageObject\",\"inLanguage\":\"es\",\"@id\":\"https:\\\/\\\/secure.gravatar.com\\\/avatar\\\/098ca997a3814bde9b9ec5e5dfa4ad0ee9a251cd4cf1b86b7c008606c50d48c9?s=96&d=mm&r=g\",\"url\":\"https:\\\/\\\/secure.gravatar.com\\\/avatar\\\/098ca997a3814bde9b9ec5e5dfa4ad0ee9a251cd4cf1b86b7c008606c50d48c9?s=96&d=mm&r=g\",\"contentUrl\":\"https:\\\/\\\/secure.gravatar.com\\\/avatar\\\/098ca997a3814bde9b9ec5e5dfa4ad0ee9a251cd4cf1b86b7c008606c50d48c9?s=96&d=mm&r=g\",\"caption\":\"anna\"},\"url\":\"https:\\\/\\\/www.fundacioimpulsa.org\\\/es\\\/author\\\/anna\\\/\"}]}<\/script>\n<!-- \/ Yoast SEO plugin. -->","yoast_head_json":{"title":"El Consejero de Derechos Sociales visita la Fundaci\u00f3n Impulsa, como entidad social de referencia en Catalu\u00f1a - Fundacio Impulsa","robots":{"index":"index","follow":"follow","max-snippet":"max-snippet:-1","max-image-preview":"max-image-preview:large","max-video-preview":"max-video-preview:-1"},"canonical":"https:\/\/www.fundacioimpulsa.org\/es\/el-consejero-de-derechos-sociales-visita-la-fundacion-impulsa-como-entidad-social-de-referencia-en-cataluna\/","og_locale":"es_ES","og_type":"article","og_title":"El Consejero de Derechos Sociales visita la Fundaci\u00f3n Impulsa, como entidad social de referencia en Catalu\u00f1a - Fundacio Impulsa","og_description":"El Consejero de Derechos Sociales, Carles Campuzano y Canad\u00e9s visita La Fundaci\u00f3n Impulsa, para conocer m\u00e1s a fondo esta Fundaci\u00f3n que actualmente ya est\u00e1 desplegada en 8 territorios de Catalu\u00f1a y ha becado a m\u00e1s de 560 j\u00f3venes. Al acto, por parte de la Fundaci\u00f3n Impulsa ha asistido el Presidente, Sr. Carlos Cuy\u00e0s, la directora, [&hellip;]","og_url":"https:\/\/www.fundacioimpulsa.org\/es\/el-consejero-de-derechos-sociales-visita-la-fundacion-impulsa-como-entidad-social-de-referencia-en-cataluna\/","og_site_name":"Fundacio Impulsa","article_published_time":"2023-12-29T06:26:01+00:00","article_modified_time":"2024-02-12T12:07:19+00:00","og_image":[{"width":2048,"height":1366,"url":"https:\/\/www.fundacioimpulsa.org\/wp-content\/uploads\/2023\/12\/DSC_4652.jpg","type":"image\/jpeg"}],"author":"anna","twitter_card":"summary_large_image","twitter_misc":{"Escrito por":"anna","Tiempo de lectura":"2 minutos"},"schema":{"@context":"https:\/\/schema.org","@graph":[{"@type":"Article","@id":"https:\/\/www.fundacioimpulsa.org\/es\/el-consejero-de-derechos-sociales-visita-la-fundacion-impulsa-como-entidad-social-de-referencia-en-cataluna\/#article","isPartOf":{"@id":"https:\/\/www.fundacioimpulsa.org\/es\/el-consejero-de-derechos-sociales-visita-la-fundacion-impulsa-como-entidad-social-de-referencia-en-cataluna\/"},"author":{"name":"anna","@id":"https:\/\/www.fundacioimpulsa.org\/es\/#\/schema\/person\/8093abda9188d9065d7a02992af09c00"},"headline":"El Consejero de Derechos Sociales visita la Fundaci\u00f3n Impulsa, como entidad social de referencia en Catalu\u00f1a","datePublished":"2023-12-29T06:26:01+00:00","dateModified":"2024-02-12T12:07:19+00:00","mainEntityOfPage":{"@id":"https:\/\/www.fundacioimpulsa.org\/es\/el-consejero-de-derechos-sociales-visita-la-fundacion-impulsa-como-entidad-social-de-referencia-en-cataluna\/"},"wordCount":491,"image":{"@id":"https:\/\/www.fundacioimpulsa.org\/es\/el-consejero-de-derechos-sociales-visita-la-fundacion-impulsa-como-entidad-social-de-referencia-en-cataluna\/#primaryimage"},"thumbnailUrl":"https:\/\/www.fundacioimpulsa.org\/wp-content\/uploads\/2023\/12\/DSC_4652.jpg","keywords":["#M\u00e8todeImpulsa"],"articleSection":["Noticias"],"inLanguage":"es"},{"@type":"WebPage","@id":"https:\/\/www.fundacioimpulsa.org\/es\/el-consejero-de-derechos-sociales-visita-la-fundacion-impulsa-como-entidad-social-de-referencia-en-cataluna\/","url":"https:\/\/www.fundacioimpulsa.org\/es\/el-consejero-de-derechos-sociales-visita-la-fundacion-impulsa-como-entidad-social-de-referencia-en-cataluna\/","name":"El Consejero de Derechos Sociales visita la Fundaci\u00f3n Impulsa, como entidad social de referencia en Catalu\u00f1a - Fundacio Impulsa","isPartOf":{"@id":"https:\/\/www.fundacioimpulsa.org\/es\/#website"},"primaryImageOfPage":{"@id":"https:\/\/www.fundacioimpulsa.org\/es\/el-consejero-de-derechos-sociales-visita-la-fundacion-impulsa-como-entidad-social-de-referencia-en-cataluna\/#primaryimage"},"image":{"@id":"https:\/\/www.fundacioimpulsa.org\/es\/el-consejero-de-derechos-sociales-visita-la-fundacion-impulsa-como-entidad-social-de-referencia-en-cataluna\/#primaryimage"},"thumbnailUrl":"https:\/\/www.fundacioimpulsa.org\/wp-content\/uploads\/2023\/12\/DSC_4652.jpg","datePublished":"2023-12-29T06:26:01+00:00","dateModified":"2024-02-12T12:07:19+00:00","author":{"@id":"https:\/\/www.fundacioimpulsa.org\/es\/#\/schema\/person\/8093abda9188d9065d7a02992af09c00"},"breadcrumb":{"@id":"https:\/\/www.fundacioimpulsa.org\/es\/el-consejero-de-derechos-sociales-visita-la-fundacion-impulsa-como-entidad-social-de-referencia-en-cataluna\/#breadcrumb"},"inLanguage":"es","potentialAction":[{"@type":"ReadAction","target":["https:\/\/www.fundacioimpulsa.org\/es\/el-consejero-de-derechos-sociales-visita-la-fundacion-impulsa-como-entidad-social-de-referencia-en-cataluna\/"]}]},{"@type":"ImageObject","inLanguage":"es","@id":"https:\/\/www.fundacioimpulsa.org\/es\/el-consejero-de-derechos-sociales-visita-la-fundacion-impulsa-como-entidad-social-de-referencia-en-cataluna\/#primaryimage","url":"https:\/\/www.fundacioimpulsa.org\/wp-content\/uploads\/2023\/12\/DSC_4652.jpg","contentUrl":"https:\/\/www.fundacioimpulsa.org\/wp-content\/uploads\/2023\/12\/DSC_4652.jpg","width":2048,"height":1366},{"@type":"BreadcrumbList","@id":"https:\/\/www.fundacioimpulsa.org\/es\/el-consejero-de-derechos-sociales-visita-la-fundacion-impulsa-como-entidad-social-de-referencia-en-cataluna\/#breadcrumb","itemListElement":[{"@type":"ListItem","position":1,"name":"Inici","item":"https:\/\/www.fundacioimpulsa.org\/es\/fundacio-impulsa\/"},{"@type":"ListItem","position":2,"name":"El Consejero de Derechos Sociales visita la Fundaci\u00f3n Impulsa, como entidad social de referencia en Catalu\u00f1a"}]},{"@type":"WebSite","@id":"https:\/\/www.fundacioimpulsa.org\/es\/#website","url":"https:\/\/www.fundacioimpulsa.org\/es\/","name":"Fundacio Impulsa","description":"","potentialAction":[{"@type":"SearchAction","target":{"@type":"EntryPoint","urlTemplate":"https:\/\/www.fundacioimpulsa.org\/es\/?s={search_term_string}"},"query-input":{"@type":"PropertyValueSpecification","valueRequired":true,"valueName":"search_term_string"}}],"inLanguage":"es"},{"@type":"Person","@id":"https:\/\/www.fundacioimpulsa.org\/es\/#\/schema\/person\/8093abda9188d9065d7a02992af09c00","name":"anna","image":{"@type":"ImageObject","inLanguage":"es","@id":"https:\/\/secure.gravatar.com\/avatar\/098ca997a3814bde9b9ec5e5dfa4ad0ee9a251cd4cf1b86b7c008606c50d48c9?s=96&d=mm&r=g","url":"https:\/\/secure.gravatar.com\/avatar\/098ca997a3814bde9b9ec5e5dfa4ad0ee9a251cd4cf1b86b7c008606c50d48c9?s=96&d=mm&r=g","contentUrl":"https:\/\/secure.gravatar.com\/avatar\/098ca997a3814bde9b9ec5e5dfa4ad0ee9a251cd4cf1b86b7c008606c50d48c9?s=96&d=mm&r=g","caption":"anna"},"url":"https:\/\/www.fundacioimpulsa.org\/es\/author\/anna\/"}]}},"publishpress_future_action":{"enabled":false,"date":"2026-05-06 11:04:07","action":"change-status","newStatus":"draft","terms":[],"taxonomy":"category","extraData":[]},"publishpress_future_workflow_manual_trigger":{"enabledWorkflows":[]},"_links":{"self":[{"href":"https:\/\/www.fundacioimpulsa.org\/es\/wp-json\/wp\/v2\/posts\/10223","targetHints":{"allow":["GET"]}}],"collection":[{"href":"https:\/\/www.fundacioimpulsa.org\/es\/wp-json\/wp\/v2\/posts"}],"about":[{"href":"https:\/\/www.fundacioimpulsa.org\/es\/wp-json\/wp\/v2\/types\/post"}],"author":[{"embeddable":true,"href":"https:\/\/www.fundacioimpulsa.org\/es\/wp-json\/wp\/v2\/users\/10"}],"replies":[{"embeddable":true,"href":"https:\/\/www.fundacioimpulsa.org\/es\/wp-json\/wp\/v2\/comments?post=10223"}],"version-history":[{"count":3,"href":"https:\/\/www.fundacioimpulsa.org\/es\/wp-json\/wp\/v2\/posts\/10223\/revisions"}],"predecessor-version":[{"id":10408,"href":"https:\/\/www.fundacioimpulsa.org\/es\/wp-json\/wp\/v2\/posts\/10223\/revisions\/10408"}],"wp:featuredmedia":[{"embeddable":true,"href":"https:\/\/www.fundacioimpulsa.org\/es\/wp-json\/wp\/v2\/media\/10214"}],"wp:attachment":[{"href":"https:\/\/www.fundacioimpulsa.org\/es\/wp-json\/wp\/v2\/media?parent=10223"}],"wp:term":[{"taxonomy":"category","embeddable":true,"href":"https:\/\/www.fundacioimpulsa.org\/es\/wp-json\/wp\/v2\/categories?post=10223"},{"taxonomy":"post_tag","embeddable":true,"href":"https:\/\/www.fundacioimpulsa.org\/es\/wp-json\/wp\/v2\/tags?post=10223"}],"curies":[{"name":"wp","href":"https:\/\/api.w.org\/{rel}","templated":true}]}}