{"id":10990,"date":"2024-04-17T08:12:58","date_gmt":"2024-04-17T06:12:58","guid":{"rendered":"https:\/\/www.fundacioimpulsa.org\/?p=10990"},"modified":"2024-07-04T08:33:01","modified_gmt":"2024-07-04T06:33:01","slug":"jovenes-y-mentores-de-la-fundacio-impulsa-visitan-empresas-gracias-a-las-jornadas-de-impulsa-futuro-2024","status":"publish","type":"post","link":"https:\/\/www.fundacioimpulsa.org\/es\/jovenes-y-mentores-de-la-fundacio-impulsa-visitan-empresas-gracias-a-las-jornadas-de-impulsa-futuro-2024\/","title":{"rendered":"J\u00f3venes y mentores de la Fundaci\u00f3 Impulsa visitan empresas gracias a las Jornadas de Impulsa Futuro 2024"},"content":{"rendered":"<p><img loading=\"lazy\" decoding=\"async\" class=\"alignnone  wp-image-10991\" src=\"https:\/\/www.fundacioimpulsa.org\/wp-content\/uploads\/2024\/04\/Portada-noti-Fundacio-Impulsa-15-300x207.jpg\" alt=\"\" width=\"720\" height=\"497\" srcset=\"https:\/\/www.fundacioimpulsa.org\/wp-content\/uploads\/2024\/04\/Portada-noti-Fundacio-Impulsa-15-300x207.jpg 300w, https:\/\/www.fundacioimpulsa.org\/wp-content\/uploads\/2024\/04\/Portada-noti-Fundacio-Impulsa-15-306x211.jpg 306w, https:\/\/www.fundacioimpulsa.org\/wp-content\/uploads\/2024\/04\/Portada-noti-Fundacio-Impulsa-15.jpg 700w\" sizes=\"auto, (max-width: 720px) 100vw, 720px\" \/><\/p>\n<p>Durante este mes de abril hemos iniciado las visitas a empresas, en las jornadas de Impulsa Futuro. Estas visitas son espacios de encuentro compartidos entre joven y mentor en diferentes empresas que forman parte de la red de Organizaciones Impulsoras. Es el primer a\u00f1o que realizamos este tipo de actividades y est\u00e1 teniendo una muy buena respuesta ya que sirve de aprendizaje, formaci\u00f3n y aproximaci\u00f3n real al mercado de trabajo por los j\u00f3venes impulsores, as\u00ed como conocer diferentes sectores y \u00e1reas de inter\u00e9s, y ampliar el abanico de conocimientos del mundo empresarial.<\/p>\n<p>Desde la Fundaci\u00f3n Impulsa queremos dar las gracias a todas las empresas que nos han permitido realizar estas visitas, que este a\u00f1o ya suman m\u00e1s de 18 en todo el territorio.<\/p>\n<ul>\n<li><strong>Osonament.<\/strong> Visita a las instalaciones que tienen en Vic de manera que los j\u00f3venes Impulsers han podido captar las tareas sociales que realiza la entidad y, en concreto, la figura del integrador\/a social. Un puesto de trabajo que generaba mucho inter\u00e9s entre los j\u00f3venes Impulsers ya que por las tareas que realiza y las competencias profesionales vinculadas es una salida profesional muy demandada por estudiar en un futuro.<\/li>\n<li><strong>Hospital de Olot.<\/strong> Visita de las instalaciones a cargo de Joel Piqu\u00e9 (ex-mentor de la Fundaci\u00f3n) quien ha ense\u00f1ado la zona del laboratorio, la farmacia y la sala inmersiva donde se realizan las terapias de psicolog\u00eda, neuropsicolog\u00eda y logopedia. Una visita que ha interesado mucho a los j\u00f3venes Impulsers de la comarca de la Garrotxa y del Baix Empord\u00e0, que est\u00e1n estudiando Atenci\u00f3n a Personas en Situaci\u00f3n de Dependencia, Cuidados Auxiliares de Enfermer\u00eda, Higiene Bucodental e Integraci\u00f3n Social.<\/li>\n<li><strong>Array Plastics.<\/strong> Visita a las instalaciones en Vic a cargo de Guerau Carn\u00e9, Director General, y Irene Balasch, Departamento de RRHH. A la visita han asistido j\u00f3venes de diversas ramas t\u00e9cnicas como mecanizaci\u00f3n y administraci\u00f3n y han podido conocer de primera mano la planta de producci\u00f3n y los distintos departamentos de la empresa.<\/li>\n<li><strong>Grupo Boix.<\/strong> Visita de las instalaciones en el Bergued\u00e0 para conocer a fondo el trabajo responsable de esta empresa para asegurar la protecci\u00f3n, regeneraci\u00f3n y supervivencia de los bosques.<\/li>\n<li><strong>Tan\u00e9 Hermetics.<\/strong> Visita de las instalaciones a cargo de Jaume Tan\u00e9, tercera generaci\u00f3n de propietarios de la empresa. La visita ha sido muy completa ya que se han podido ver todos los distintos departamentos de la empresa, as\u00ed como la planta de producci\u00f3n y los talleres en la zona de acabados, carpinter\u00eda, mecanizados, etc. La mayor parte de los j\u00f3venes eran provenientes de la comarca de La Garrotxa que est\u00e1n estudiando diferentes ramas t\u00e9cnicas como mantenimiento, mecanizaci\u00f3n, administraci\u00f3n y gesti\u00f3n y otras menos relacionadas con la empresa pero con ganas de conocer una empresa de la comarca.<\/li>\n<li><strong>Freudenberg.<\/strong> Visita a cargo de mentores que trabajan en el grupo multinacional junto con los j\u00f3venes que acompa\u00f1an. En un inicio, uno de los mentores, Jaum\u00e9 Can\u00e9 realiz\u00f3 una explicaci\u00f3n general del grupo, las competencias que buscan desde la empresa, la importancia de la actitud ante nuevos retos, as\u00ed como, tener curiosidad y disposici\u00f3n por el aprendizaje a lo largo de toda la trayectoria profesional. Acto seguido, se realiz\u00f3 la visita a la planta de Vileda de la mano de uno de los t\u00e9cnicos que trabaja, para ver el proceso de fabricaci\u00f3n de los diversos productos que fabrican, as\u00ed como la automatizaci\u00f3n de la planta.<\/li>\n<\/ul>\n\n<style type=\"text\/css\" data-created_by=\"avia_inline_auto\" id=\"style-css-av-n6d3mm-9b6c534d30d322f72aaf91c867d40899\">\n#top .avia-gallery.av-n6d3mm-9b6c534d30d322f72aaf91c867d40899 .avia-gallery-thumb a{\nwidth:20%;\n}\n<\/style>\n<div  class='avia-gallery av-n6d3mm-9b6c534d30d322f72aaf91c867d40899 avia_animate_when_visible  avia-builder-el-0  avia-builder-el-no-sibling  avia_lazyload avia-gallery-animate avia-gallery-1'  itemprop=\"image\" itemscope=\"itemscope\" itemtype=\"https:\/\/schema.org\/ImageObject\" ><meta itemprop=\"contentURL\" content=\"https:\/\/www.fundacioimpulsa.org\/es\/jovenes-y-mentores-de-la-fundacio-impulsa-visitan-empresas-gracias-a-las-jornadas-de-impulsa-futuro-2024\/\"><div class='avia-gallery-thumb'><a href=\"https:\/\/www.fundacioimpulsa.org\/wp-content\/uploads\/2024\/04\/5-1030x1030.jpg\" data-srcset=\"https:\/\/www.fundacioimpulsa.org\/wp-content\/uploads\/2024\/04\/5-1030x1030.jpg 1030w, https:\/\/www.fundacioimpulsa.org\/wp-content\/uploads\/2024\/04\/5-300x300.jpg 300w, https:\/\/www.fundacioimpulsa.org\/wp-content\/uploads\/2024\/04\/5-80x80.jpg 80w, https:\/\/www.fundacioimpulsa.org\/wp-content\/uploads\/2024\/04\/5-768x768.jpg 768w, https:\/\/www.fundacioimpulsa.org\/wp-content\/uploads\/2024\/04\/5-36x36.jpg 36w, https:\/\/www.fundacioimpulsa.org\/wp-content\/uploads\/2024\/04\/5-180x180.jpg 180w, https:\/\/www.fundacioimpulsa.org\/wp-content\/uploads\/2024\/04\/5-705x705.jpg 705w, https:\/\/www.fundacioimpulsa.org\/wp-content\/uploads\/2024\/04\/5-530x530.jpg 530w, https:\/\/www.fundacioimpulsa.org\/wp-content\/uploads\/2024\/04\/5-211x211.jpg 211w, https:\/\/www.fundacioimpulsa.org\/wp-content\/uploads\/2024\/04\/5.jpg 1080w\" data-sizes=\"(max-width: 1030px) 100vw, 1030px\" data-rel='gallery-1' data-prev-img='https:\/\/www.fundacioimpulsa.org\/wp-content\/uploads\/2024\/04\/5-495x400.jpg' class='first_thumb lightbox ' data-onclick='1' title='5'  itemprop=\"thumbnailUrl\"  ><img decoding=\"async\" fetchpriority=\"high\" class=\"wp-image-10980 avia-img-lazy-loading-not-10980\"   src=\"https:\/\/www.fundacioimpulsa.org\/wp-content\/uploads\/2024\/04\/5-495x400.jpg\" width=\"495\" height=\"400\"  title='5' alt='' srcset=\"https:\/\/www.fundacioimpulsa.org\/wp-content\/uploads\/2024\/04\/5-495x400.jpg 495w, https:\/\/www.fundacioimpulsa.org\/wp-content\/uploads\/2024\/04\/5-845x684.jpg 845w\" sizes=\"(max-width: 495px) 100vw, 495px\" \/><div class='big-prev-fake'><img decoding=\"async\" loading=\"lazy\" class=\"wp-image-10980 avia-img-lazy-loading-10980\"  width=\"495\" height=\"400\" src=\"https:\/\/www.fundacioimpulsa.org\/wp-content\/uploads\/2024\/04\/5-495x400.jpg\" title='5' alt='' srcset=\"https:\/\/www.fundacioimpulsa.org\/wp-content\/uploads\/2024\/04\/5-495x400.jpg 495w, https:\/\/www.fundacioimpulsa.org\/wp-content\/uploads\/2024\/04\/5-845x684.jpg 845w\" sizes=\"auto, (max-width: 495px) 100vw, 495px\" \/><\/div><\/a><a href=\"https:\/\/www.fundacioimpulsa.org\/wp-content\/uploads\/2024\/04\/6-1030x1030.jpg\" data-srcset=\"https:\/\/www.fundacioimpulsa.org\/wp-content\/uploads\/2024\/04\/6-1030x1030.jpg 1030w, https:\/\/www.fundacioimpulsa.org\/wp-content\/uploads\/2024\/04\/6-300x300.jpg 300w, https:\/\/www.fundacioimpulsa.org\/wp-content\/uploads\/2024\/04\/6-80x80.jpg 80w, https:\/\/www.fundacioimpulsa.org\/wp-content\/uploads\/2024\/04\/6-768x768.jpg 768w, https:\/\/www.fundacioimpulsa.org\/wp-content\/uploads\/2024\/04\/6-36x36.jpg 36w, https:\/\/www.fundacioimpulsa.org\/wp-content\/uploads\/2024\/04\/6-180x180.jpg 180w, https:\/\/www.fundacioimpulsa.org\/wp-content\/uploads\/2024\/04\/6-705x705.jpg 705w, https:\/\/www.fundacioimpulsa.org\/wp-content\/uploads\/2024\/04\/6-530x530.jpg 530w, https:\/\/www.fundacioimpulsa.org\/wp-content\/uploads\/2024\/04\/6-211x211.jpg 211w, https:\/\/www.fundacioimpulsa.org\/wp-content\/uploads\/2024\/04\/6.jpg 1080w\" data-sizes=\"(max-width: 1030px) 100vw, 1030px\" data-rel='gallery-1' data-prev-img='https:\/\/www.fundacioimpulsa.org\/wp-content\/uploads\/2024\/04\/6-495x400.jpg' class='lightbox ' data-onclick='2' title='6'  itemprop=\"thumbnailUrl\"  ><img decoding=\"async\" fetchpriority=\"high\" class=\"wp-image-10982 avia-img-lazy-loading-not-10982\"   src=\"https:\/\/www.fundacioimpulsa.org\/wp-content\/uploads\/2024\/04\/6-495x400.jpg\" width=\"495\" height=\"400\"  title='6' alt='' srcset=\"https:\/\/www.fundacioimpulsa.org\/wp-content\/uploads\/2024\/04\/6-495x400.jpg 495w, https:\/\/www.fundacioimpulsa.org\/wp-content\/uploads\/2024\/04\/6-845x684.jpg 845w\" sizes=\"(max-width: 495px) 100vw, 495px\" \/><div class='big-prev-fake'><img decoding=\"async\" loading=\"lazy\" class=\"wp-image-10982 avia-img-lazy-loading-10982\"  width=\"495\" height=\"400\" src=\"https:\/\/www.fundacioimpulsa.org\/wp-content\/uploads\/2024\/04\/6-495x400.jpg\" title='6' alt='' srcset=\"https:\/\/www.fundacioimpulsa.org\/wp-content\/uploads\/2024\/04\/6-495x400.jpg 495w, https:\/\/www.fundacioimpulsa.org\/wp-content\/uploads\/2024\/04\/6-845x684.jpg 845w\" sizes=\"auto, (max-width: 495px) 100vw, 495px\" \/><\/div><\/a><a href=\"https:\/\/www.fundacioimpulsa.org\/wp-content\/uploads\/2024\/04\/7-1030x1030.jpg\" data-srcset=\"https:\/\/www.fundacioimpulsa.org\/wp-content\/uploads\/2024\/04\/7-1030x1030.jpg 1030w, https:\/\/www.fundacioimpulsa.org\/wp-content\/uploads\/2024\/04\/7-300x300.jpg 300w, https:\/\/www.fundacioimpulsa.org\/wp-content\/uploads\/2024\/04\/7-80x80.jpg 80w, https:\/\/www.fundacioimpulsa.org\/wp-content\/uploads\/2024\/04\/7-768x768.jpg 768w, https:\/\/www.fundacioimpulsa.org\/wp-content\/uploads\/2024\/04\/7-36x36.jpg 36w, https:\/\/www.fundacioimpulsa.org\/wp-content\/uploads\/2024\/04\/7-180x180.jpg 180w, https:\/\/www.fundacioimpulsa.org\/wp-content\/uploads\/2024\/04\/7-705x705.jpg 705w, https:\/\/www.fundacioimpulsa.org\/wp-content\/uploads\/2024\/04\/7-530x530.jpg 530w, https:\/\/www.fundacioimpulsa.org\/wp-content\/uploads\/2024\/04\/7-211x211.jpg 211w, https:\/\/www.fundacioimpulsa.org\/wp-content\/uploads\/2024\/04\/7.jpg 1080w\" data-sizes=\"(max-width: 1030px) 100vw, 1030px\" data-rel='gallery-1' data-prev-img='https:\/\/www.fundacioimpulsa.org\/wp-content\/uploads\/2024\/04\/7-495x400.jpg' class='lightbox ' data-onclick='3' title='7'  itemprop=\"thumbnailUrl\"  ><img decoding=\"async\" fetchpriority=\"high\" class=\"wp-image-10984 avia-img-lazy-loading-not-10984\"   src=\"https:\/\/www.fundacioimpulsa.org\/wp-content\/uploads\/2024\/04\/7-495x400.jpg\" width=\"495\" height=\"400\"  title='7' alt='' srcset=\"https:\/\/www.fundacioimpulsa.org\/wp-content\/uploads\/2024\/04\/7-495x400.jpg 495w, https:\/\/www.fundacioimpulsa.org\/wp-content\/uploads\/2024\/04\/7-845x684.jpg 845w\" sizes=\"(max-width: 495px) 100vw, 495px\" \/><div class='big-prev-fake'><img decoding=\"async\" loading=\"lazy\" class=\"wp-image-10984 avia-img-lazy-loading-10984\"  width=\"495\" height=\"400\" src=\"https:\/\/www.fundacioimpulsa.org\/wp-content\/uploads\/2024\/04\/7-495x400.jpg\" title='7' alt='' srcset=\"https:\/\/www.fundacioimpulsa.org\/wp-content\/uploads\/2024\/04\/7-495x400.jpg 495w, https:\/\/www.fundacioimpulsa.org\/wp-content\/uploads\/2024\/04\/7-845x684.jpg 845w\" sizes=\"auto, (max-width: 495px) 100vw, 495px\" \/><\/div><\/a><a href=\"https:\/\/www.fundacioimpulsa.org\/wp-content\/uploads\/2024\/04\/8-1030x1030.jpg\" data-srcset=\"https:\/\/www.fundacioimpulsa.org\/wp-content\/uploads\/2024\/04\/8-1030x1030.jpg 1030w, https:\/\/www.fundacioimpulsa.org\/wp-content\/uploads\/2024\/04\/8-300x300.jpg 300w, https:\/\/www.fundacioimpulsa.org\/wp-content\/uploads\/2024\/04\/8-80x80.jpg 80w, https:\/\/www.fundacioimpulsa.org\/wp-content\/uploads\/2024\/04\/8-768x768.jpg 768w, https:\/\/www.fundacioimpulsa.org\/wp-content\/uploads\/2024\/04\/8-36x36.jpg 36w, https:\/\/www.fundacioimpulsa.org\/wp-content\/uploads\/2024\/04\/8-180x180.jpg 180w, https:\/\/www.fundacioimpulsa.org\/wp-content\/uploads\/2024\/04\/8-705x705.jpg 705w, https:\/\/www.fundacioimpulsa.org\/wp-content\/uploads\/2024\/04\/8-530x530.jpg 530w, https:\/\/www.fundacioimpulsa.org\/wp-content\/uploads\/2024\/04\/8-211x211.jpg 211w, https:\/\/www.fundacioimpulsa.org\/wp-content\/uploads\/2024\/04\/8.jpg 1080w\" data-sizes=\"(max-width: 1030px) 100vw, 1030px\" data-rel='gallery-1' data-prev-img='https:\/\/www.fundacioimpulsa.org\/wp-content\/uploads\/2024\/04\/8-495x400.jpg' class='lightbox ' data-onclick='4' title='8'  itemprop=\"thumbnailUrl\"  ><img decoding=\"async\" fetchpriority=\"high\" class=\"wp-image-10986 avia-img-lazy-loading-not-10986\"   src=\"https:\/\/www.fundacioimpulsa.org\/wp-content\/uploads\/2024\/04\/8-495x400.jpg\" width=\"495\" height=\"400\"  title='8' alt='' srcset=\"https:\/\/www.fundacioimpulsa.org\/wp-content\/uploads\/2024\/04\/8-495x400.jpg 495w, https:\/\/www.fundacioimpulsa.org\/wp-content\/uploads\/2024\/04\/8-845x684.jpg 845w\" sizes=\"(max-width: 495px) 100vw, 495px\" \/><div class='big-prev-fake'><img decoding=\"async\" loading=\"lazy\" class=\"wp-image-10986 avia-img-lazy-loading-10986\"  width=\"495\" height=\"400\" src=\"https:\/\/www.fundacioimpulsa.org\/wp-content\/uploads\/2024\/04\/8-495x400.jpg\" title='8' alt='' srcset=\"https:\/\/www.fundacioimpulsa.org\/wp-content\/uploads\/2024\/04\/8-495x400.jpg 495w, https:\/\/www.fundacioimpulsa.org\/wp-content\/uploads\/2024\/04\/8-845x684.jpg 845w\" sizes=\"auto, (max-width: 495px) 100vw, 495px\" \/><\/div><\/a><a href=\"https:\/\/www.fundacioimpulsa.org\/wp-content\/uploads\/2024\/04\/9-1030x1030.jpg\" data-srcset=\"https:\/\/www.fundacioimpulsa.org\/wp-content\/uploads\/2024\/04\/9-1030x1030.jpg 1030w, https:\/\/www.fundacioimpulsa.org\/wp-content\/uploads\/2024\/04\/9-300x300.jpg 300w, https:\/\/www.fundacioimpulsa.org\/wp-content\/uploads\/2024\/04\/9-80x80.jpg 80w, https:\/\/www.fundacioimpulsa.org\/wp-content\/uploads\/2024\/04\/9-768x768.jpg 768w, https:\/\/www.fundacioimpulsa.org\/wp-content\/uploads\/2024\/04\/9-36x36.jpg 36w, https:\/\/www.fundacioimpulsa.org\/wp-content\/uploads\/2024\/04\/9-180x180.jpg 180w, https:\/\/www.fundacioimpulsa.org\/wp-content\/uploads\/2024\/04\/9-705x705.jpg 705w, https:\/\/www.fundacioimpulsa.org\/wp-content\/uploads\/2024\/04\/9-530x530.jpg 530w, https:\/\/www.fundacioimpulsa.org\/wp-content\/uploads\/2024\/04\/9-211x211.jpg 211w, https:\/\/www.fundacioimpulsa.org\/wp-content\/uploads\/2024\/04\/9.jpg 1080w\" data-sizes=\"(max-width: 1030px) 100vw, 1030px\" data-rel='gallery-1' data-prev-img='https:\/\/www.fundacioimpulsa.org\/wp-content\/uploads\/2024\/04\/9-495x400.jpg' class='lightbox ' data-onclick='5' title='9'  itemprop=\"thumbnailUrl\"  ><img decoding=\"async\" fetchpriority=\"high\" class=\"wp-image-10988 avia-img-lazy-loading-not-10988\"   src=\"https:\/\/www.fundacioimpulsa.org\/wp-content\/uploads\/2024\/04\/9-495x400.jpg\" width=\"495\" height=\"400\"  title='9' alt='' srcset=\"https:\/\/www.fundacioimpulsa.org\/wp-content\/uploads\/2024\/04\/9-495x400.jpg 495w, https:\/\/www.fundacioimpulsa.org\/wp-content\/uploads\/2024\/04\/9-845x684.jpg 845w\" sizes=\"(max-width: 495px) 100vw, 495px\" \/><div class='big-prev-fake'><img decoding=\"async\" loading=\"lazy\" class=\"wp-image-10988 avia-img-lazy-loading-10988\"  width=\"495\" height=\"400\" src=\"https:\/\/www.fundacioimpulsa.org\/wp-content\/uploads\/2024\/04\/9-495x400.jpg\" title='9' alt='' srcset=\"https:\/\/www.fundacioimpulsa.org\/wp-content\/uploads\/2024\/04\/9-495x400.jpg 495w, https:\/\/www.fundacioimpulsa.org\/wp-content\/uploads\/2024\/04\/9-845x684.jpg 845w\" sizes=\"auto, (max-width: 495px) 100vw, 495px\" \/><\/div><\/a><\/div><\/div>\n","protected":false},"excerpt":{"rendered":"<p>Durante este mes de abril hemos iniciado las visitas a empresas, en las jornadas de Impulsa Futuro. Estas visitas son espacios de encuentro compartidos entre joven y mentor en diferentes empresas que forman parte de la red de Organizaciones Impulsoras. Es el primer a\u00f1o que realizamos este tipo de actividades y est\u00e1 teniendo una muy buena respuesta ya que sirve de aprendizaje, formaci\u00f3n y aproximaci\u00f3n real al mercado de trabajo por los j\u00f3venes impulsores, as\u00ed como conocer diferentes sectores y \u00e1reas de inter\u00e9s, y ampliar el abanico de conocimientos del mundo empresarial.<\/p>\n","protected":false},"author":10,"featured_media":10991,"comment_status":"closed","ping_status":"closed","sticky":false,"template":"","format":"standard","meta":{"_acf_changed":false,"footnotes":""},"categories":[76],"tags":[118,92],"class_list":["post-10990","post","type-post","status-publish","format-standard","has-post-thumbnail","hentry","category-noticies-es","tag-mentoria-es","tag-organitzacionsimpulsores-es"],"acf":[],"yoast_head":"<!-- This site is optimized with the Yoast SEO plugin v27.5 - https:\/\/yoast.com\/product\/yoast-seo-wordpress\/ -->\n<title>J\u00f3venes y mentores de la Fundaci\u00f3 Impulsa visitan empresas gracias a las Jornadas de Impulsa Futuro 2024 - Fundacio Impulsa<\/title>\n<meta name=\"robots\" content=\"index, follow, max-snippet:-1, max-image-preview:large, max-video-preview:-1\" \/>\n<link rel=\"canonical\" href=\"https:\/\/www.fundacioimpulsa.org\/es\/jovenes-y-mentores-de-la-fundacio-impulsa-visitan-empresas-gracias-a-las-jornadas-de-impulsa-futuro-2024\/\" \/>\n<meta property=\"og:locale\" content=\"es_ES\" \/>\n<meta property=\"og:type\" content=\"article\" \/>\n<meta property=\"og:title\" content=\"J\u00f3venes y mentores de la Fundaci\u00f3 Impulsa visitan empresas gracias a las Jornadas de Impulsa Futuro 2024 - Fundacio Impulsa\" \/>\n<meta property=\"og:description\" content=\"Durante este mes de abril hemos iniciado las visitas a empresas, en las jornadas de Impulsa Futuro. Estas visitas son espacios de encuentro compartidos entre joven y mentor en diferentes empresas que forman parte de la red de Organizaciones Impulsoras. Es el primer a\u00f1o que realizamos este tipo de actividades y est\u00e1 teniendo una muy buena respuesta ya que sirve de aprendizaje, formaci\u00f3n y aproximaci\u00f3n real al mercado de trabajo por los j\u00f3venes impulsores, as\u00ed como conocer diferentes sectores y \u00e1reas de inter\u00e9s, y ampliar el abanico de conocimientos del mundo empresarial.\" \/>\n<meta property=\"og:url\" content=\"https:\/\/www.fundacioimpulsa.org\/es\/jovenes-y-mentores-de-la-fundacio-impulsa-visitan-empresas-gracias-a-las-jornadas-de-impulsa-futuro-2024\/\" \/>\n<meta property=\"og:site_name\" content=\"Fundacio Impulsa\" \/>\n<meta property=\"article:published_time\" content=\"2024-04-17T06:12:58+00:00\" \/>\n<meta property=\"article:modified_time\" content=\"2024-07-04T06:33:01+00:00\" \/>\n<meta property=\"og:image\" content=\"https:\/\/www.fundacioimpulsa.org\/wp-content\/uploads\/2024\/04\/Portada-noti-Fundacio-Impulsa-15.jpg\" \/>\n\t<meta property=\"og:image:width\" content=\"700\" \/>\n\t<meta property=\"og:image:height\" content=\"483\" \/>\n\t<meta property=\"og:image:type\" content=\"image\/jpeg\" \/>\n<meta name=\"author\" content=\"anna\" \/>\n<meta name=\"twitter:card\" content=\"summary_large_image\" \/>\n<meta name=\"twitter:label1\" content=\"Escrito por\" \/>\n\t<meta name=\"twitter:data1\" content=\"anna\" \/>\n\t<meta name=\"twitter:label2\" content=\"Tiempo de lectura\" \/>\n\t<meta name=\"twitter:data2\" content=\"6 minutos\" \/>\n<script type=\"application\/ld+json\" class=\"yoast-schema-graph\">{\"@context\":\"https:\\\/\\\/schema.org\",\"@graph\":[{\"@type\":\"Article\",\"@id\":\"https:\\\/\\\/www.fundacioimpulsa.org\\\/es\\\/jovenes-y-mentores-de-la-fundacio-impulsa-visitan-empresas-gracias-a-las-jornadas-de-impulsa-futuro-2024\\\/#article\",\"isPartOf\":{\"@id\":\"https:\\\/\\\/www.fundacioimpulsa.org\\\/es\\\/jovenes-y-mentores-de-la-fundacio-impulsa-visitan-empresas-gracias-a-las-jornadas-de-impulsa-futuro-2024\\\/\"},\"author\":{\"name\":\"anna\",\"@id\":\"https:\\\/\\\/www.fundacioimpulsa.org\\\/es\\\/#\\\/schema\\\/person\\\/8093abda9188d9065d7a02992af09c00\"},\"headline\":\"J\u00f3venes y mentores de la Fundaci\u00f3 Impulsa visitan empresas gracias a las Jornadas de Impulsa Futuro 2024\",\"datePublished\":\"2024-04-17T06:12:58+00:00\",\"dateModified\":\"2024-07-04T06:33:01+00:00\",\"mainEntityOfPage\":{\"@id\":\"https:\\\/\\\/www.fundacioimpulsa.org\\\/es\\\/jovenes-y-mentores-de-la-fundacio-impulsa-visitan-empresas-gracias-a-las-jornadas-de-impulsa-futuro-2024\\\/\"},\"wordCount\":682,\"image\":{\"@id\":\"https:\\\/\\\/www.fundacioimpulsa.org\\\/es\\\/jovenes-y-mentores-de-la-fundacio-impulsa-visitan-empresas-gracias-a-las-jornadas-de-impulsa-futuro-2024\\\/#primaryimage\"},\"thumbnailUrl\":\"https:\\\/\\\/www.fundacioimpulsa.org\\\/wp-content\\\/uploads\\\/2024\\\/04\\\/Portada-noti-Fundacio-Impulsa-15.jpg\",\"keywords\":[\"#Mentor\u00eda\",\"#OrganizacionesImpulsoras\"],\"articleSection\":[\"Noticias\"],\"inLanguage\":\"es\"},{\"@type\":\"WebPage\",\"@id\":\"https:\\\/\\\/www.fundacioimpulsa.org\\\/es\\\/jovenes-y-mentores-de-la-fundacio-impulsa-visitan-empresas-gracias-a-las-jornadas-de-impulsa-futuro-2024\\\/\",\"url\":\"https:\\\/\\\/www.fundacioimpulsa.org\\\/es\\\/jovenes-y-mentores-de-la-fundacio-impulsa-visitan-empresas-gracias-a-las-jornadas-de-impulsa-futuro-2024\\\/\",\"name\":\"J\u00f3venes y mentores de la Fundaci\u00f3 Impulsa visitan empresas gracias a las Jornadas de Impulsa Futuro 2024 - Fundacio Impulsa\",\"isPartOf\":{\"@id\":\"https:\\\/\\\/www.fundacioimpulsa.org\\\/es\\\/#website\"},\"primaryImageOfPage\":{\"@id\":\"https:\\\/\\\/www.fundacioimpulsa.org\\\/es\\\/jovenes-y-mentores-de-la-fundacio-impulsa-visitan-empresas-gracias-a-las-jornadas-de-impulsa-futuro-2024\\\/#primaryimage\"},\"image\":{\"@id\":\"https:\\\/\\\/www.fundacioimpulsa.org\\\/es\\\/jovenes-y-mentores-de-la-fundacio-impulsa-visitan-empresas-gracias-a-las-jornadas-de-impulsa-futuro-2024\\\/#primaryimage\"},\"thumbnailUrl\":\"https:\\\/\\\/www.fundacioimpulsa.org\\\/wp-content\\\/uploads\\\/2024\\\/04\\\/Portada-noti-Fundacio-Impulsa-15.jpg\",\"datePublished\":\"2024-04-17T06:12:58+00:00\",\"dateModified\":\"2024-07-04T06:33:01+00:00\",\"author\":{\"@id\":\"https:\\\/\\\/www.fundacioimpulsa.org\\\/es\\\/#\\\/schema\\\/person\\\/8093abda9188d9065d7a02992af09c00\"},\"breadcrumb\":{\"@id\":\"https:\\\/\\\/www.fundacioimpulsa.org\\\/es\\\/jovenes-y-mentores-de-la-fundacio-impulsa-visitan-empresas-gracias-a-las-jornadas-de-impulsa-futuro-2024\\\/#breadcrumb\"},\"inLanguage\":\"es\",\"potentialAction\":[{\"@type\":\"ReadAction\",\"target\":[\"https:\\\/\\\/www.fundacioimpulsa.org\\\/es\\\/jovenes-y-mentores-de-la-fundacio-impulsa-visitan-empresas-gracias-a-las-jornadas-de-impulsa-futuro-2024\\\/\"]}]},{\"@type\":\"ImageObject\",\"inLanguage\":\"es\",\"@id\":\"https:\\\/\\\/www.fundacioimpulsa.org\\\/es\\\/jovenes-y-mentores-de-la-fundacio-impulsa-visitan-empresas-gracias-a-las-jornadas-de-impulsa-futuro-2024\\\/#primaryimage\",\"url\":\"https:\\\/\\\/www.fundacioimpulsa.org\\\/wp-content\\\/uploads\\\/2024\\\/04\\\/Portada-noti-Fundacio-Impulsa-15.jpg\",\"contentUrl\":\"https:\\\/\\\/www.fundacioimpulsa.org\\\/wp-content\\\/uploads\\\/2024\\\/04\\\/Portada-noti-Fundacio-Impulsa-15.jpg\",\"width\":700,\"height\":483},{\"@type\":\"BreadcrumbList\",\"@id\":\"https:\\\/\\\/www.fundacioimpulsa.org\\\/es\\\/jovenes-y-mentores-de-la-fundacio-impulsa-visitan-empresas-gracias-a-las-jornadas-de-impulsa-futuro-2024\\\/#breadcrumb\",\"itemListElement\":[{\"@type\":\"ListItem\",\"position\":1,\"name\":\"Inici\",\"item\":\"https:\\\/\\\/www.fundacioimpulsa.org\\\/es\\\/fundacio-impulsa\\\/\"},{\"@type\":\"ListItem\",\"position\":2,\"name\":\"J\u00f3venes y mentores de la Fundaci\u00f3 Impulsa visitan empresas gracias a las Jornadas de Impulsa Futuro 2024\"}]},{\"@type\":\"WebSite\",\"@id\":\"https:\\\/\\\/www.fundacioimpulsa.org\\\/es\\\/#website\",\"url\":\"https:\\\/\\\/www.fundacioimpulsa.org\\\/es\\\/\",\"name\":\"Fundacio Impulsa\",\"description\":\"\",\"potentialAction\":[{\"@type\":\"SearchAction\",\"target\":{\"@type\":\"EntryPoint\",\"urlTemplate\":\"https:\\\/\\\/www.fundacioimpulsa.org\\\/es\\\/?s={search_term_string}\"},\"query-input\":{\"@type\":\"PropertyValueSpecification\",\"valueRequired\":true,\"valueName\":\"search_term_string\"}}],\"inLanguage\":\"es\"},{\"@type\":\"Person\",\"@id\":\"https:\\\/\\\/www.fundacioimpulsa.org\\\/es\\\/#\\\/schema\\\/person\\\/8093abda9188d9065d7a02992af09c00\",\"name\":\"anna\",\"image\":{\"@type\":\"ImageObject\",\"inLanguage\":\"es\",\"@id\":\"https:\\\/\\\/secure.gravatar.com\\\/avatar\\\/098ca997a3814bde9b9ec5e5dfa4ad0ee9a251cd4cf1b86b7c008606c50d48c9?s=96&d=mm&r=g\",\"url\":\"https:\\\/\\\/secure.gravatar.com\\\/avatar\\\/098ca997a3814bde9b9ec5e5dfa4ad0ee9a251cd4cf1b86b7c008606c50d48c9?s=96&d=mm&r=g\",\"contentUrl\":\"https:\\\/\\\/secure.gravatar.com\\\/avatar\\\/098ca997a3814bde9b9ec5e5dfa4ad0ee9a251cd4cf1b86b7c008606c50d48c9?s=96&d=mm&r=g\",\"caption\":\"anna\"},\"url\":\"https:\\\/\\\/www.fundacioimpulsa.org\\\/es\\\/author\\\/anna\\\/\"}]}<\/script>\n<!-- \/ Yoast SEO plugin. -->","yoast_head_json":{"title":"J\u00f3venes y mentores de la Fundaci\u00f3 Impulsa visitan empresas gracias a las Jornadas de Impulsa Futuro 2024 - Fundacio Impulsa","robots":{"index":"index","follow":"follow","max-snippet":"max-snippet:-1","max-image-preview":"max-image-preview:large","max-video-preview":"max-video-preview:-1"},"canonical":"https:\/\/www.fundacioimpulsa.org\/es\/jovenes-y-mentores-de-la-fundacio-impulsa-visitan-empresas-gracias-a-las-jornadas-de-impulsa-futuro-2024\/","og_locale":"es_ES","og_type":"article","og_title":"J\u00f3venes y mentores de la Fundaci\u00f3 Impulsa visitan empresas gracias a las Jornadas de Impulsa Futuro 2024 - Fundacio Impulsa","og_description":"Durante este mes de abril hemos iniciado las visitas a empresas, en las jornadas de Impulsa Futuro. Estas visitas son espacios de encuentro compartidos entre joven y mentor en diferentes empresas que forman parte de la red de Organizaciones Impulsoras. Es el primer a\u00f1o que realizamos este tipo de actividades y est\u00e1 teniendo una muy buena respuesta ya que sirve de aprendizaje, formaci\u00f3n y aproximaci\u00f3n real al mercado de trabajo por los j\u00f3venes impulsores, as\u00ed como conocer diferentes sectores y \u00e1reas de inter\u00e9s, y ampliar el abanico de conocimientos del mundo empresarial.","og_url":"https:\/\/www.fundacioimpulsa.org\/es\/jovenes-y-mentores-de-la-fundacio-impulsa-visitan-empresas-gracias-a-las-jornadas-de-impulsa-futuro-2024\/","og_site_name":"Fundacio Impulsa","article_published_time":"2024-04-17T06:12:58+00:00","article_modified_time":"2024-07-04T06:33:01+00:00","og_image":[{"width":700,"height":483,"url":"https:\/\/www.fundacioimpulsa.org\/wp-content\/uploads\/2024\/04\/Portada-noti-Fundacio-Impulsa-15.jpg","type":"image\/jpeg"}],"author":"anna","twitter_card":"summary_large_image","twitter_misc":{"Escrito por":"anna","Tiempo de lectura":"6 minutos"},"schema":{"@context":"https:\/\/schema.org","@graph":[{"@type":"Article","@id":"https:\/\/www.fundacioimpulsa.org\/es\/jovenes-y-mentores-de-la-fundacio-impulsa-visitan-empresas-gracias-a-las-jornadas-de-impulsa-futuro-2024\/#article","isPartOf":{"@id":"https:\/\/www.fundacioimpulsa.org\/es\/jovenes-y-mentores-de-la-fundacio-impulsa-visitan-empresas-gracias-a-las-jornadas-de-impulsa-futuro-2024\/"},"author":{"name":"anna","@id":"https:\/\/www.fundacioimpulsa.org\/es\/#\/schema\/person\/8093abda9188d9065d7a02992af09c00"},"headline":"J\u00f3venes y mentores de la Fundaci\u00f3 Impulsa visitan empresas gracias a las Jornadas de Impulsa Futuro 2024","datePublished":"2024-04-17T06:12:58+00:00","dateModified":"2024-07-04T06:33:01+00:00","mainEntityOfPage":{"@id":"https:\/\/www.fundacioimpulsa.org\/es\/jovenes-y-mentores-de-la-fundacio-impulsa-visitan-empresas-gracias-a-las-jornadas-de-impulsa-futuro-2024\/"},"wordCount":682,"image":{"@id":"https:\/\/www.fundacioimpulsa.org\/es\/jovenes-y-mentores-de-la-fundacio-impulsa-visitan-empresas-gracias-a-las-jornadas-de-impulsa-futuro-2024\/#primaryimage"},"thumbnailUrl":"https:\/\/www.fundacioimpulsa.org\/wp-content\/uploads\/2024\/04\/Portada-noti-Fundacio-Impulsa-15.jpg","keywords":["#Mentor\u00eda","#OrganizacionesImpulsoras"],"articleSection":["Noticias"],"inLanguage":"es"},{"@type":"WebPage","@id":"https:\/\/www.fundacioimpulsa.org\/es\/jovenes-y-mentores-de-la-fundacio-impulsa-visitan-empresas-gracias-a-las-jornadas-de-impulsa-futuro-2024\/","url":"https:\/\/www.fundacioimpulsa.org\/es\/jovenes-y-mentores-de-la-fundacio-impulsa-visitan-empresas-gracias-a-las-jornadas-de-impulsa-futuro-2024\/","name":"J\u00f3venes y mentores de la Fundaci\u00f3 Impulsa visitan empresas gracias a las Jornadas de Impulsa Futuro 2024 - Fundacio Impulsa","isPartOf":{"@id":"https:\/\/www.fundacioimpulsa.org\/es\/#website"},"primaryImageOfPage":{"@id":"https:\/\/www.fundacioimpulsa.org\/es\/jovenes-y-mentores-de-la-fundacio-impulsa-visitan-empresas-gracias-a-las-jornadas-de-impulsa-futuro-2024\/#primaryimage"},"image":{"@id":"https:\/\/www.fundacioimpulsa.org\/es\/jovenes-y-mentores-de-la-fundacio-impulsa-visitan-empresas-gracias-a-las-jornadas-de-impulsa-futuro-2024\/#primaryimage"},"thumbnailUrl":"https:\/\/www.fundacioimpulsa.org\/wp-content\/uploads\/2024\/04\/Portada-noti-Fundacio-Impulsa-15.jpg","datePublished":"2024-04-17T06:12:58+00:00","dateModified":"2024-07-04T06:33:01+00:00","author":{"@id":"https:\/\/www.fundacioimpulsa.org\/es\/#\/schema\/person\/8093abda9188d9065d7a02992af09c00"},"breadcrumb":{"@id":"https:\/\/www.fundacioimpulsa.org\/es\/jovenes-y-mentores-de-la-fundacio-impulsa-visitan-empresas-gracias-a-las-jornadas-de-impulsa-futuro-2024\/#breadcrumb"},"inLanguage":"es","potentialAction":[{"@type":"ReadAction","target":["https:\/\/www.fundacioimpulsa.org\/es\/jovenes-y-mentores-de-la-fundacio-impulsa-visitan-empresas-gracias-a-las-jornadas-de-impulsa-futuro-2024\/"]}]},{"@type":"ImageObject","inLanguage":"es","@id":"https:\/\/www.fundacioimpulsa.org\/es\/jovenes-y-mentores-de-la-fundacio-impulsa-visitan-empresas-gracias-a-las-jornadas-de-impulsa-futuro-2024\/#primaryimage","url":"https:\/\/www.fundacioimpulsa.org\/wp-content\/uploads\/2024\/04\/Portada-noti-Fundacio-Impulsa-15.jpg","contentUrl":"https:\/\/www.fundacioimpulsa.org\/wp-content\/uploads\/2024\/04\/Portada-noti-Fundacio-Impulsa-15.jpg","width":700,"height":483},{"@type":"BreadcrumbList","@id":"https:\/\/www.fundacioimpulsa.org\/es\/jovenes-y-mentores-de-la-fundacio-impulsa-visitan-empresas-gracias-a-las-jornadas-de-impulsa-futuro-2024\/#breadcrumb","itemListElement":[{"@type":"ListItem","position":1,"name":"Inici","item":"https:\/\/www.fundacioimpulsa.org\/es\/fundacio-impulsa\/"},{"@type":"ListItem","position":2,"name":"J\u00f3venes y mentores de la Fundaci\u00f3 Impulsa visitan empresas gracias a las Jornadas de Impulsa Futuro 2024"}]},{"@type":"WebSite","@id":"https:\/\/www.fundacioimpulsa.org\/es\/#website","url":"https:\/\/www.fundacioimpulsa.org\/es\/","name":"Fundacio Impulsa","description":"","potentialAction":[{"@type":"SearchAction","target":{"@type":"EntryPoint","urlTemplate":"https:\/\/www.fundacioimpulsa.org\/es\/?s={search_term_string}"},"query-input":{"@type":"PropertyValueSpecification","valueRequired":true,"valueName":"search_term_string"}}],"inLanguage":"es"},{"@type":"Person","@id":"https:\/\/www.fundacioimpulsa.org\/es\/#\/schema\/person\/8093abda9188d9065d7a02992af09c00","name":"anna","image":{"@type":"ImageObject","inLanguage":"es","@id":"https:\/\/secure.gravatar.com\/avatar\/098ca997a3814bde9b9ec5e5dfa4ad0ee9a251cd4cf1b86b7c008606c50d48c9?s=96&d=mm&r=g","url":"https:\/\/secure.gravatar.com\/avatar\/098ca997a3814bde9b9ec5e5dfa4ad0ee9a251cd4cf1b86b7c008606c50d48c9?s=96&d=mm&r=g","contentUrl":"https:\/\/secure.gravatar.com\/avatar\/098ca997a3814bde9b9ec5e5dfa4ad0ee9a251cd4cf1b86b7c008606c50d48c9?s=96&d=mm&r=g","caption":"anna"},"url":"https:\/\/www.fundacioimpulsa.org\/es\/author\/anna\/"}]}},"publishpress_future_action":{"enabled":false,"date":"2026-05-08 09:09:32","action":"change-status","newStatus":"draft","terms":[],"taxonomy":"category","extraData":[]},"publishpress_future_workflow_manual_trigger":{"enabledWorkflows":[]},"_links":{"self":[{"href":"https:\/\/www.fundacioimpulsa.org\/es\/wp-json\/wp\/v2\/posts\/10990","targetHints":{"allow":["GET"]}}],"collection":[{"href":"https:\/\/www.fundacioimpulsa.org\/es\/wp-json\/wp\/v2\/posts"}],"about":[{"href":"https:\/\/www.fundacioimpulsa.org\/es\/wp-json\/wp\/v2\/types\/post"}],"author":[{"embeddable":true,"href":"https:\/\/www.fundacioimpulsa.org\/es\/wp-json\/wp\/v2\/users\/10"}],"replies":[{"embeddable":true,"href":"https:\/\/www.fundacioimpulsa.org\/es\/wp-json\/wp\/v2\/comments?post=10990"}],"version-history":[{"count":2,"href":"https:\/\/www.fundacioimpulsa.org\/es\/wp-json\/wp\/v2\/posts\/10990\/revisions"}],"predecessor-version":[{"id":10994,"href":"https:\/\/www.fundacioimpulsa.org\/es\/wp-json\/wp\/v2\/posts\/10990\/revisions\/10994"}],"wp:featuredmedia":[{"embeddable":true,"href":"https:\/\/www.fundacioimpulsa.org\/es\/wp-json\/wp\/v2\/media\/10991"}],"wp:attachment":[{"href":"https:\/\/www.fundacioimpulsa.org\/es\/wp-json\/wp\/v2\/media?parent=10990"}],"wp:term":[{"taxonomy":"category","embeddable":true,"href":"https:\/\/www.fundacioimpulsa.org\/es\/wp-json\/wp\/v2\/categories?post=10990"},{"taxonomy":"post_tag","embeddable":true,"href":"https:\/\/www.fundacioimpulsa.org\/es\/wp-json\/wp\/v2\/tags?post=10990"}],"curies":[{"name":"wp","href":"https:\/\/api.w.org\/{rel}","templated":true}]}}