{"id":11381,"date":"2024-07-09T10:31:07","date_gmt":"2024-07-09T08:31:07","guid":{"rendered":"https:\/\/www.fundacioimpulsa.org\/?p=11381"},"modified":"2024-07-09T10:32:23","modified_gmt":"2024-07-09T08:32:23","slug":"protagonista-impulsa-helena-jornet","status":"publish","type":"post","link":"https:\/\/www.fundacioimpulsa.org\/es\/protagonista-impulsa-helena-jornet\/","title":{"rendered":"\u00abSomos una empresa familiar y nuestro equipo es lo que nos hace especiales\u00bb"},"content":{"rendered":"<p><img loading=\"lazy\" decoding=\"async\" class=\"alignnone size-medium wp-image-11375\" src=\"https:\/\/www.fundacioimpulsa.org\/wp-content\/uploads\/2024\/07\/Posts-Fundacio-Impulsa-51-e1720446465866-300x183.jpg\" alt=\"\" width=\"300\" height=\"183\" srcset=\"https:\/\/www.fundacioimpulsa.org\/wp-content\/uploads\/2024\/07\/Posts-Fundacio-Impulsa-51-e1720446465866-300x183.jpg 300w, https:\/\/www.fundacioimpulsa.org\/wp-content\/uploads\/2024\/07\/Posts-Fundacio-Impulsa-51-e1720446465866-1030x629.jpg 1030w, https:\/\/www.fundacioimpulsa.org\/wp-content\/uploads\/2024\/07\/Posts-Fundacio-Impulsa-51-e1720446465866-768x469.jpg 768w, https:\/\/www.fundacioimpulsa.org\/wp-content\/uploads\/2024\/07\/Posts-Fundacio-Impulsa-51-e1720446465866-705x431.jpg 705w, https:\/\/www.fundacioimpulsa.org\/wp-content\/uploads\/2024\/07\/Posts-Fundacio-Impulsa-51-e1720446465866-867x530.jpg 867w, https:\/\/www.fundacioimpulsa.org\/wp-content\/uploads\/2024\/07\/Posts-Fundacio-Impulsa-51-e1720446465866-315x193.jpg 315w, https:\/\/www.fundacioimpulsa.org\/wp-content\/uploads\/2024\/07\/Posts-Fundacio-Impulsa-51-e1720446465866.jpg 1080w\" sizes=\"auto, (max-width: 300px) 100vw, 300px\" \/><\/p>\n<p><a href=\"#\"><span data-contrast=\"none\">#ProtagonistaImpulsa<\/span>\u00a0<\/a><\/p>\n<p><strong>Helena Jornet es la gerente y responsable de Helena Jornet Finques, una empresa familiar de Sant Feliu de Gu\u00edxols con m\u00e1s de treinta a\u00f1os de experiencia en servicios inmobiliarios: especialistas en compraventa, alquiler de inmuebles, alquiler vacacional, gesti\u00f3n de comunidades , administraci\u00f3n de fincas y todo tipo de seguros. Su relaci\u00f3n con la Fundaci\u00f3n Impulsa se inicia a ra\u00edz de la organizaci\u00f3n de la fiesta solidaria #JornetFest, de la que Impulsa fue beneficiaria el pasado a\u00f1o con una recaudaci\u00f3n de m\u00e1s de 20.000 euros para destinar a las Becas Impulsa.<\/strong><\/p>\n<p><strong>\u00bfC\u00f3mo nace Helena Jornet Finques?<\/strong><br \/>\nA finales de la d\u00e9cada de los ochenta y por casualidad, tuve la oportunidad de comercializar una promoci\u00f3n de viviendas en s&#8217;Agar\u00f3, en la playa de Sant Pol, y <strong>enseguida descubr\u00ed que este trabajo me apasionaba. Tanto me cautiv\u00f3 que despu\u00e9s de m\u00e1s de treinta a\u00f1os de experiencia y dedicaci\u00f3n al sector inmobiliario, puedo decir que acab\u00f3 convirti\u00e9ndose en el trabajo de mi vida.<\/strong> Con el tiempo y en plena crisis del sector, decid\u00ed emprender mi empresa, Helena Jornet Finques, una inmobiliaria que inicialmente se especializaba en la compraventa y alquiler de propiedades en la Costa Brava. Y lo hice con dos oficinas: una frente al monasterio de Sant Feliu de Gu\u00edxols, y la otra frente a la plaza del mercado de Santa Cristina d&#8217;Aro. Como dec\u00eda al principio, <strong>me gustan las emociones fuertes, y siempre he tenido el apoyo<\/strong> de Cesc, mi marido, y eso <strong>me ha permitido tomar decisiones valientes.<\/strong> Adem\u00e1s, me siento muy orgullosa de que mis dos hijos compartan la pasi\u00f3n por este trabajo y formen parte del equipo.<\/p>\n<blockquote><p>\u00abMe gustan las emociones fuertes y siempre he tenido el apoyo de Cesc, mi marido, y eso me ha permitido tomar decisiones valientes\u00bb<\/p><\/blockquote>\n<p><strong>Sois una empresa familiar que no ha parado de crecer&#8230;<\/strong><br \/>\nNuestras tres oficinas actuales las adquirimos al cabo de unos a\u00f1os. <strong>Todo empez\u00f3<\/strong> cuando abrimos las puertas de la oficina de la Rambla de <strong>Sant Feliu de Gu\u00edxols<\/strong>, esquina con el paseo del Mar, una <strong>ubicaci\u00f3n privilegiada que nos permiti\u00f3 crecer y ampliar nuestros servicios, nuestro equipo y nuestra cartera de clientes y de propiedades<\/strong>. Tanto fue as\u00ed que m\u00e1s adelante abrimos las puertas de otra oficina situada junto a un edificio emblem\u00e1tico de Sant Feliu, el Casino, tambi\u00e9n frente al Paseo, que nos permiti\u00f3 consolidarnos. En verano de 2019, abrimos las puertas de la nueva oficina en el paseo mar\u00edtimo de Sant Antoni de Calonge y junto a Palam\u00f3s, que nos ha permitido continuar ofreciendo nuestros servicios inmobiliarios y seguir creciendo en la Costa Brava, con m\u00e1s producto y con mayor volumen. Somos una empresa familiar y nuestro equipo es lo que nos hace especiales: <strong>estoy rodeada de grandes profesionales, una quincena de expertos en sus campos.<\/strong><\/p>\n<p><strong>Una profesionalidad que ha visto premiada en varias ocasiones.<\/strong><br \/>\nEn 2019 recibimos e<strong>l premio cinco estrellas a mejor inmobiliaria en marketing del Estado espa\u00f1ol<\/strong>, un premio que nos revalidaron en 2020 y nos otorgaron otros <strong>dos premios, el de mejor inmobiliaria y el de mejor web inmobiliaria del Estado espa\u00f1ol<\/strong>. Adem\u00e1s, <strong>nominaron la web como una de las mejores del continente europeo<\/strong>. A todo esto, cabe a\u00f1adir que el jurado de los Luxury Lifestyle Awards, <strong>los premios m\u00e1s relevantes del sector del lujo, nos ha escogido como la mejor inmobiliaria de lujo de la Costa Brava con el premio Best Luxury Real Estate Agency Costa Brava.<\/strong> Estamos en una b\u00fasqueda constante de la excelencia; por eso, para nosotros, <strong>estos premios que hemos recibido son un reconocimiento a la perseverancia, a la pasi\u00f3n y al trabajo bien hecho de nuestro equipo<\/strong>. Estoy segura de que es precisamente esto lo que nos va a permitir superar todas las adversidades.<\/p>\n<p><img loading=\"lazy\" decoding=\"async\" class=\"alignnone wp-image-11378\" src=\"https:\/\/www.fundacioimpulsa.org\/wp-content\/uploads\/2024\/07\/27b4e346-9356-ad25-384d-d5d1fc114898-300x200.jpg\" alt=\"\" width=\"700\" height=\"467\" srcset=\"https:\/\/www.fundacioimpulsa.org\/wp-content\/uploads\/2024\/07\/27b4e346-9356-ad25-384d-d5d1fc114898-300x200.jpg 300w, https:\/\/www.fundacioimpulsa.org\/wp-content\/uploads\/2024\/07\/27b4e346-9356-ad25-384d-d5d1fc114898-1030x687.jpg 1030w, https:\/\/www.fundacioimpulsa.org\/wp-content\/uploads\/2024\/07\/27b4e346-9356-ad25-384d-d5d1fc114898-768x512.jpg 768w, https:\/\/www.fundacioimpulsa.org\/wp-content\/uploads\/2024\/07\/27b4e346-9356-ad25-384d-d5d1fc114898-1536x1024.jpg 1536w, https:\/\/www.fundacioimpulsa.org\/wp-content\/uploads\/2024\/07\/27b4e346-9356-ad25-384d-d5d1fc114898-1500x1000.jpg 1500w, https:\/\/www.fundacioimpulsa.org\/wp-content\/uploads\/2024\/07\/27b4e346-9356-ad25-384d-d5d1fc114898-705x470.jpg 705w, https:\/\/www.fundacioimpulsa.org\/wp-content\/uploads\/2024\/07\/27b4e346-9356-ad25-384d-d5d1fc114898-795x530.jpg 795w, https:\/\/www.fundacioimpulsa.org\/wp-content\/uploads\/2024\/07\/27b4e346-9356-ad25-384d-d5d1fc114898-315x211.jpg 315w, https:\/\/www.fundacioimpulsa.org\/wp-content\/uploads\/2024\/07\/27b4e346-9356-ad25-384d-d5d1fc114898.jpg 1800w\" sizes=\"auto, (max-width: 700px) 100vw, 700px\" \/><\/p>\n<p><strong>Prueba de la importancia de buscar formas de superar las adversidades, es la buena respuesta que tuvo la primera edici\u00f3n del Jornet Fest. \u00bfC\u00f3mo nace esta iniciativa?<\/strong><br \/>\nHemos apostado siempre por hacer un marketing muy relacionado con la cultura y la acci\u00f3n social, porque es lo que nos mueve. <strong>Pensamos que es importante poder revertir nuestro d\u00eda a d\u00eda en acciones de este tipo<\/strong> y despu\u00e9s de la pandemia vimos la necesidad de hacer algo para animar al entorno que nos rodea. Todo el mundo estaba desanimado y cansado, y quisimos hacer una fiesta para celebrar la vida.<\/p>\n<blockquote><p>\u00abDespu\u00e9s de la pandemia vimos la necesidad de hacer algo para animar el entorno que nos rodea\u00bb<\/p><\/blockquote>\n<p><strong>Un buen lema, el de celebrar la vida. \u00bfPor qu\u00e9 cree que es importante?<\/strong><br \/>\nPorque el ritmo diario nos hace perder de vista muchas cosas y no valorar lo que tenemos. Esta fiesta fue como hacer una parada para valorarlo y tomar energ\u00eda para gestionar la locura de la rutina diaria:<strong> la vida es muy bonita y debemos celebrarlo y no perderlo de vista.<\/strong><\/p>\n<p><strong>\u00bfPor eso ha dado continuidad a la Jornet Fest?<\/strong><br \/>\nS\u00ed, hubo mucho trabajo, pero lo pasamos muy bien y particip\u00f3 much\u00edsima gente. <strong>Es una fiesta que, en la primera edici\u00f3n, se hizo grande sin haberlo previsto, y eso nos llev\u00f3 a decidir que al a\u00f1o siguiente le dar\u00edamos un giro para darle un cariz solidario.<\/strong> A veces las cosas m\u00e1s bonitas salen as\u00ed, de la improvisaci\u00f3n y de trabajar conjuntamente. Despu\u00e9s de esta decisi\u00f3n, la voluntad es cada a\u00f1o ir apadrinando a m\u00e1s entidades que generen un impacto positivo en el Baix Empord\u00e0.<\/p>\n<blockquote><p>\u00abLa voluntad es cada a\u00f1o ir apadrinando a m\u00e1s entidades que generen un impacto positivo en el Baix Empord\u00e0\u00bb<\/p><\/blockquote>\n<p><strong>\u00bfQu\u00e9 le llev\u00f3 a apostar por la Fundaci\u00f3n Impulsa como entidad beneficiaria del a\u00f1o pasado?<\/strong><\/p>\n<p>Ante todo, el hecho de conocer de primera mano el trabajo de las personas que lo hacen posible: <strong>cuando nos vinieron a presentar el proyecto le encontramos mucho sentido.<\/strong> A veces pensamos en grandes enfermedades y no vemos tan necesarias estas ayudas, pero realmente lo son. Adem\u00e1s, hac\u00eda poco que hab\u00edan entrado en el Baix Empord\u00e0 y nos pareci\u00f3 que <strong>hacen una tarea imprescindible que creemos que es importante que siga creciendo.<\/strong><\/p>\n<blockquote><p>\u00abCuando nos vinieron a presentar el proyecto (de la Fundaci\u00f3n Impulsa), le encontramos mucho sentido [&#8230;] hacen una tarea imprescindible que creemos que es importante que siga creciendo\u00bb<\/p><\/blockquote>\n<p><strong>\u00bfQu\u00e9 destacar\u00edas de la labor de la Fundaci\u00f3n Impulsa?<\/strong><br \/>\nQue den oportunidades a los j\u00f3venes que est\u00e1n haciendo bien su trabajo, pero que, por motivos socioecon\u00f3micos, necesitan un acompa\u00f1amiento que les impulse a seguir adelante. Contar con estos j\u00f3venes es muy importante porque pueden aportar mucho valor a la sociedad.<\/p>\n<p><strong>Este a\u00f1o volver\u00e1 a haber un #JornetFest?<\/strong><br \/>\nS\u00ed, ser\u00e1 <strong>el 18 de julio en el Village del Porta Ferrada<\/strong>, festival del que somos patrocinadores desde hace muchos a\u00f1os. Este a\u00f1o, la<strong> entidad beneficiaria ser\u00e1 la Fundaci\u00f3n Eurofirms<\/strong>, por su proyecto que <strong>apadrina a personas con diversidad funcional y les ofrece becas para formarse en el sector tecnol\u00f3gico.<\/strong> Pronto faltar\u00e1n muchas personas formadas en este \u00e1mbito, habr\u00e1 m\u00e1s demanda que oferta, y <strong>creemos que es una muy buena forma de dar oportunidades a estas personas en situaci\u00f3n de vulnerabilidad para que puedan construir su futuro.<\/strong><\/p>\n<p><strong>Completa la frase. Para ti, en una palabra, la Fundaci\u00f3n Impulsa es&#8230;<\/strong><br \/>\n<strong>Un tesoro.<\/strong><\/p>\n","protected":false},"excerpt":{"rendered":"<p>Helena Jornet es la gerente y responsable de Helena Jornet Finques<\/p>\n","protected":false},"author":10,"featured_media":11376,"comment_status":"closed","ping_status":"closed","sticky":false,"template":"","format":"standard","meta":{"_acf_changed":false,"footnotes":""},"categories":[84],"tags":[],"class_list":["post-11381","post","type-post","status-publish","format-standard","has-post-thumbnail","hentry","category-protagonistas-impulsa"],"acf":[],"yoast_head":"<!-- This site is optimized with the Yoast SEO plugin v27.3 - https:\/\/yoast.com\/product\/yoast-seo-wordpress\/ -->\n<title>&quot;Somos una empresa familiar y nuestro equipo es lo que nos hace especiales&quot; - Fundacio Impulsa<\/title>\n<meta name=\"robots\" content=\"index, follow, max-snippet:-1, max-image-preview:large, max-video-preview:-1\" \/>\n<link rel=\"canonical\" href=\"https:\/\/www.fundacioimpulsa.org\/es\/protagonista-impulsa-helena-jornet\/\" \/>\n<meta property=\"og:locale\" content=\"es_ES\" \/>\n<meta property=\"og:type\" content=\"article\" \/>\n<meta property=\"og:title\" content=\"&quot;Somos una empresa familiar y nuestro equipo es lo que nos hace especiales&quot; - Fundacio Impulsa\" \/>\n<meta property=\"og:description\" content=\"Helena Jornet es la gerente y responsable de Helena Jornet Finques\" \/>\n<meta property=\"og:url\" content=\"https:\/\/www.fundacioimpulsa.org\/es\/protagonista-impulsa-helena-jornet\/\" \/>\n<meta property=\"og:site_name\" content=\"Fundacio Impulsa\" \/>\n<meta property=\"article:published_time\" content=\"2024-07-09T08:31:07+00:00\" \/>\n<meta property=\"article:modified_time\" content=\"2024-07-09T08:32:23+00:00\" \/>\n<meta property=\"og:image\" content=\"https:\/\/www.fundacioimpulsa.org\/wp-content\/uploads\/2024\/07\/Posts-Fundacio-Impulsa-51-e1720513799321.jpg\" \/>\n\t<meta property=\"og:image:width\" content=\"1080\" \/>\n\t<meta property=\"og:image:height\" content=\"660\" \/>\n\t<meta property=\"og:image:type\" content=\"image\/jpeg\" \/>\n<meta name=\"author\" content=\"anna\" \/>\n<meta name=\"twitter:card\" content=\"summary_large_image\" \/>\n<meta name=\"twitter:label1\" content=\"Escrito por\" \/>\n\t<meta name=\"twitter:data1\" content=\"anna\" \/>\n\t<meta name=\"twitter:label2\" content=\"Tiempo de lectura\" \/>\n\t<meta name=\"twitter:data2\" content=\"7 minutos\" \/>\n<script type=\"application\/ld+json\" class=\"yoast-schema-graph\">{\"@context\":\"https:\\\/\\\/schema.org\",\"@graph\":[{\"@type\":\"Article\",\"@id\":\"https:\\\/\\\/www.fundacioimpulsa.org\\\/es\\\/protagonista-impulsa-helena-jornet\\\/#article\",\"isPartOf\":{\"@id\":\"https:\\\/\\\/www.fundacioimpulsa.org\\\/es\\\/protagonista-impulsa-helena-jornet\\\/\"},\"author\":{\"name\":\"anna\",\"@id\":\"https:\\\/\\\/www.fundacioimpulsa.org\\\/es\\\/#\\\/schema\\\/person\\\/8093abda9188d9065d7a02992af09c00\"},\"headline\":\"\u00abSomos una empresa familiar y nuestro equipo es lo que nos hace especiales\u00bb\",\"datePublished\":\"2024-07-09T08:31:07+00:00\",\"dateModified\":\"2024-07-09T08:32:23+00:00\",\"mainEntityOfPage\":{\"@id\":\"https:\\\/\\\/www.fundacioimpulsa.org\\\/es\\\/protagonista-impulsa-helena-jornet\\\/\"},\"wordCount\":1271,\"image\":{\"@id\":\"https:\\\/\\\/www.fundacioimpulsa.org\\\/es\\\/protagonista-impulsa-helena-jornet\\\/#primaryimage\"},\"thumbnailUrl\":\"https:\\\/\\\/www.fundacioimpulsa.org\\\/wp-content\\\/uploads\\\/2024\\\/07\\\/Posts-Fundacio-Impulsa-51-e1720513799321.jpg\",\"articleSection\":[\"Protagonistas Impulsa\"],\"inLanguage\":\"es\"},{\"@type\":\"WebPage\",\"@id\":\"https:\\\/\\\/www.fundacioimpulsa.org\\\/es\\\/protagonista-impulsa-helena-jornet\\\/\",\"url\":\"https:\\\/\\\/www.fundacioimpulsa.org\\\/es\\\/protagonista-impulsa-helena-jornet\\\/\",\"name\":\"\\\"Somos una empresa familiar y nuestro equipo es lo que nos hace especiales\\\" - Fundacio Impulsa\",\"isPartOf\":{\"@id\":\"https:\\\/\\\/www.fundacioimpulsa.org\\\/es\\\/#website\"},\"primaryImageOfPage\":{\"@id\":\"https:\\\/\\\/www.fundacioimpulsa.org\\\/es\\\/protagonista-impulsa-helena-jornet\\\/#primaryimage\"},\"image\":{\"@id\":\"https:\\\/\\\/www.fundacioimpulsa.org\\\/es\\\/protagonista-impulsa-helena-jornet\\\/#primaryimage\"},\"thumbnailUrl\":\"https:\\\/\\\/www.fundacioimpulsa.org\\\/wp-content\\\/uploads\\\/2024\\\/07\\\/Posts-Fundacio-Impulsa-51-e1720513799321.jpg\",\"datePublished\":\"2024-07-09T08:31:07+00:00\",\"dateModified\":\"2024-07-09T08:32:23+00:00\",\"author\":{\"@id\":\"https:\\\/\\\/www.fundacioimpulsa.org\\\/es\\\/#\\\/schema\\\/person\\\/8093abda9188d9065d7a02992af09c00\"},\"breadcrumb\":{\"@id\":\"https:\\\/\\\/www.fundacioimpulsa.org\\\/es\\\/protagonista-impulsa-helena-jornet\\\/#breadcrumb\"},\"inLanguage\":\"es\",\"potentialAction\":[{\"@type\":\"ReadAction\",\"target\":[\"https:\\\/\\\/www.fundacioimpulsa.org\\\/es\\\/protagonista-impulsa-helena-jornet\\\/\"]}]},{\"@type\":\"ImageObject\",\"inLanguage\":\"es\",\"@id\":\"https:\\\/\\\/www.fundacioimpulsa.org\\\/es\\\/protagonista-impulsa-helena-jornet\\\/#primaryimage\",\"url\":\"https:\\\/\\\/www.fundacioimpulsa.org\\\/wp-content\\\/uploads\\\/2024\\\/07\\\/Posts-Fundacio-Impulsa-51-e1720513799321.jpg\",\"contentUrl\":\"https:\\\/\\\/www.fundacioimpulsa.org\\\/wp-content\\\/uploads\\\/2024\\\/07\\\/Posts-Fundacio-Impulsa-51-e1720513799321.jpg\",\"width\":1080,\"height\":660},{\"@type\":\"BreadcrumbList\",\"@id\":\"https:\\\/\\\/www.fundacioimpulsa.org\\\/es\\\/protagonista-impulsa-helena-jornet\\\/#breadcrumb\",\"itemListElement\":[{\"@type\":\"ListItem\",\"position\":1,\"name\":\"Inici\",\"item\":\"https:\\\/\\\/www.fundacioimpulsa.org\\\/es\\\/fundacio-impulsa\\\/\"},{\"@type\":\"ListItem\",\"position\":2,\"name\":\"&#8220;Somos una empresa familiar y nuestro equipo es lo que nos hace especiales&#8221;\"}]},{\"@type\":\"WebSite\",\"@id\":\"https:\\\/\\\/www.fundacioimpulsa.org\\\/es\\\/#website\",\"url\":\"https:\\\/\\\/www.fundacioimpulsa.org\\\/es\\\/\",\"name\":\"Fundacio Impulsa\",\"description\":\"\",\"potentialAction\":[{\"@type\":\"SearchAction\",\"target\":{\"@type\":\"EntryPoint\",\"urlTemplate\":\"https:\\\/\\\/www.fundacioimpulsa.org\\\/es\\\/?s={search_term_string}\"},\"query-input\":{\"@type\":\"PropertyValueSpecification\",\"valueRequired\":true,\"valueName\":\"search_term_string\"}}],\"inLanguage\":\"es\"},{\"@type\":\"Person\",\"@id\":\"https:\\\/\\\/www.fundacioimpulsa.org\\\/es\\\/#\\\/schema\\\/person\\\/8093abda9188d9065d7a02992af09c00\",\"name\":\"anna\",\"image\":{\"@type\":\"ImageObject\",\"inLanguage\":\"es\",\"@id\":\"https:\\\/\\\/secure.gravatar.com\\\/avatar\\\/098ca997a3814bde9b9ec5e5dfa4ad0ee9a251cd4cf1b86b7c008606c50d48c9?s=96&d=mm&r=g\",\"url\":\"https:\\\/\\\/secure.gravatar.com\\\/avatar\\\/098ca997a3814bde9b9ec5e5dfa4ad0ee9a251cd4cf1b86b7c008606c50d48c9?s=96&d=mm&r=g\",\"contentUrl\":\"https:\\\/\\\/secure.gravatar.com\\\/avatar\\\/098ca997a3814bde9b9ec5e5dfa4ad0ee9a251cd4cf1b86b7c008606c50d48c9?s=96&d=mm&r=g\",\"caption\":\"anna\"},\"url\":\"https:\\\/\\\/www.fundacioimpulsa.org\\\/es\\\/author\\\/anna\\\/\"}]}<\/script>\n<!-- \/ Yoast SEO plugin. -->","yoast_head_json":{"title":"\"Somos una empresa familiar y nuestro equipo es lo que nos hace especiales\" - Fundacio Impulsa","robots":{"index":"index","follow":"follow","max-snippet":"max-snippet:-1","max-image-preview":"max-image-preview:large","max-video-preview":"max-video-preview:-1"},"canonical":"https:\/\/www.fundacioimpulsa.org\/es\/protagonista-impulsa-helena-jornet\/","og_locale":"es_ES","og_type":"article","og_title":"\"Somos una empresa familiar y nuestro equipo es lo que nos hace especiales\" - Fundacio Impulsa","og_description":"Helena Jornet es la gerente y responsable de Helena Jornet Finques","og_url":"https:\/\/www.fundacioimpulsa.org\/es\/protagonista-impulsa-helena-jornet\/","og_site_name":"Fundacio Impulsa","article_published_time":"2024-07-09T08:31:07+00:00","article_modified_time":"2024-07-09T08:32:23+00:00","og_image":[{"width":1080,"height":660,"url":"https:\/\/www.fundacioimpulsa.org\/wp-content\/uploads\/2024\/07\/Posts-Fundacio-Impulsa-51-e1720513799321.jpg","type":"image\/jpeg"}],"author":"anna","twitter_card":"summary_large_image","twitter_misc":{"Escrito por":"anna","Tiempo de lectura":"7 minutos"},"schema":{"@context":"https:\/\/schema.org","@graph":[{"@type":"Article","@id":"https:\/\/www.fundacioimpulsa.org\/es\/protagonista-impulsa-helena-jornet\/#article","isPartOf":{"@id":"https:\/\/www.fundacioimpulsa.org\/es\/protagonista-impulsa-helena-jornet\/"},"author":{"name":"anna","@id":"https:\/\/www.fundacioimpulsa.org\/es\/#\/schema\/person\/8093abda9188d9065d7a02992af09c00"},"headline":"\u00abSomos una empresa familiar y nuestro equipo es lo que nos hace especiales\u00bb","datePublished":"2024-07-09T08:31:07+00:00","dateModified":"2024-07-09T08:32:23+00:00","mainEntityOfPage":{"@id":"https:\/\/www.fundacioimpulsa.org\/es\/protagonista-impulsa-helena-jornet\/"},"wordCount":1271,"image":{"@id":"https:\/\/www.fundacioimpulsa.org\/es\/protagonista-impulsa-helena-jornet\/#primaryimage"},"thumbnailUrl":"https:\/\/www.fundacioimpulsa.org\/wp-content\/uploads\/2024\/07\/Posts-Fundacio-Impulsa-51-e1720513799321.jpg","articleSection":["Protagonistas Impulsa"],"inLanguage":"es"},{"@type":"WebPage","@id":"https:\/\/www.fundacioimpulsa.org\/es\/protagonista-impulsa-helena-jornet\/","url":"https:\/\/www.fundacioimpulsa.org\/es\/protagonista-impulsa-helena-jornet\/","name":"\"Somos una empresa familiar y nuestro equipo es lo que nos hace especiales\" - Fundacio Impulsa","isPartOf":{"@id":"https:\/\/www.fundacioimpulsa.org\/es\/#website"},"primaryImageOfPage":{"@id":"https:\/\/www.fundacioimpulsa.org\/es\/protagonista-impulsa-helena-jornet\/#primaryimage"},"image":{"@id":"https:\/\/www.fundacioimpulsa.org\/es\/protagonista-impulsa-helena-jornet\/#primaryimage"},"thumbnailUrl":"https:\/\/www.fundacioimpulsa.org\/wp-content\/uploads\/2024\/07\/Posts-Fundacio-Impulsa-51-e1720513799321.jpg","datePublished":"2024-07-09T08:31:07+00:00","dateModified":"2024-07-09T08:32:23+00:00","author":{"@id":"https:\/\/www.fundacioimpulsa.org\/es\/#\/schema\/person\/8093abda9188d9065d7a02992af09c00"},"breadcrumb":{"@id":"https:\/\/www.fundacioimpulsa.org\/es\/protagonista-impulsa-helena-jornet\/#breadcrumb"},"inLanguage":"es","potentialAction":[{"@type":"ReadAction","target":["https:\/\/www.fundacioimpulsa.org\/es\/protagonista-impulsa-helena-jornet\/"]}]},{"@type":"ImageObject","inLanguage":"es","@id":"https:\/\/www.fundacioimpulsa.org\/es\/protagonista-impulsa-helena-jornet\/#primaryimage","url":"https:\/\/www.fundacioimpulsa.org\/wp-content\/uploads\/2024\/07\/Posts-Fundacio-Impulsa-51-e1720513799321.jpg","contentUrl":"https:\/\/www.fundacioimpulsa.org\/wp-content\/uploads\/2024\/07\/Posts-Fundacio-Impulsa-51-e1720513799321.jpg","width":1080,"height":660},{"@type":"BreadcrumbList","@id":"https:\/\/www.fundacioimpulsa.org\/es\/protagonista-impulsa-helena-jornet\/#breadcrumb","itemListElement":[{"@type":"ListItem","position":1,"name":"Inici","item":"https:\/\/www.fundacioimpulsa.org\/es\/fundacio-impulsa\/"},{"@type":"ListItem","position":2,"name":"&#8220;Somos una empresa familiar y nuestro equipo es lo que nos hace especiales&#8221;"}]},{"@type":"WebSite","@id":"https:\/\/www.fundacioimpulsa.org\/es\/#website","url":"https:\/\/www.fundacioimpulsa.org\/es\/","name":"Fundacio Impulsa","description":"","potentialAction":[{"@type":"SearchAction","target":{"@type":"EntryPoint","urlTemplate":"https:\/\/www.fundacioimpulsa.org\/es\/?s={search_term_string}"},"query-input":{"@type":"PropertyValueSpecification","valueRequired":true,"valueName":"search_term_string"}}],"inLanguage":"es"},{"@type":"Person","@id":"https:\/\/www.fundacioimpulsa.org\/es\/#\/schema\/person\/8093abda9188d9065d7a02992af09c00","name":"anna","image":{"@type":"ImageObject","inLanguage":"es","@id":"https:\/\/secure.gravatar.com\/avatar\/098ca997a3814bde9b9ec5e5dfa4ad0ee9a251cd4cf1b86b7c008606c50d48c9?s=96&d=mm&r=g","url":"https:\/\/secure.gravatar.com\/avatar\/098ca997a3814bde9b9ec5e5dfa4ad0ee9a251cd4cf1b86b7c008606c50d48c9?s=96&d=mm&r=g","contentUrl":"https:\/\/secure.gravatar.com\/avatar\/098ca997a3814bde9b9ec5e5dfa4ad0ee9a251cd4cf1b86b7c008606c50d48c9?s=96&d=mm&r=g","caption":"anna"},"url":"https:\/\/www.fundacioimpulsa.org\/es\/author\/anna\/"}]}},"publishpress_future_action":{"enabled":false,"date":"2026-05-04 20:30:41","action":"change-status","newStatus":"draft","terms":[],"taxonomy":"category","extraData":[]},"publishpress_future_workflow_manual_trigger":{"enabledWorkflows":[]},"_links":{"self":[{"href":"https:\/\/www.fundacioimpulsa.org\/es\/wp-json\/wp\/v2\/posts\/11381","targetHints":{"allow":["GET"]}}],"collection":[{"href":"https:\/\/www.fundacioimpulsa.org\/es\/wp-json\/wp\/v2\/posts"}],"about":[{"href":"https:\/\/www.fundacioimpulsa.org\/es\/wp-json\/wp\/v2\/types\/post"}],"author":[{"embeddable":true,"href":"https:\/\/www.fundacioimpulsa.org\/es\/wp-json\/wp\/v2\/users\/10"}],"replies":[{"embeddable":true,"href":"https:\/\/www.fundacioimpulsa.org\/es\/wp-json\/wp\/v2\/comments?post=11381"}],"version-history":[{"count":3,"href":"https:\/\/www.fundacioimpulsa.org\/es\/wp-json\/wp\/v2\/posts\/11381\/revisions"}],"predecessor-version":[{"id":11384,"href":"https:\/\/www.fundacioimpulsa.org\/es\/wp-json\/wp\/v2\/posts\/11381\/revisions\/11384"}],"wp:featuredmedia":[{"embeddable":true,"href":"https:\/\/www.fundacioimpulsa.org\/es\/wp-json\/wp\/v2\/media\/11376"}],"wp:attachment":[{"href":"https:\/\/www.fundacioimpulsa.org\/es\/wp-json\/wp\/v2\/media?parent=11381"}],"wp:term":[{"taxonomy":"category","embeddable":true,"href":"https:\/\/www.fundacioimpulsa.org\/es\/wp-json\/wp\/v2\/categories?post=11381"},{"taxonomy":"post_tag","embeddable":true,"href":"https:\/\/www.fundacioimpulsa.org\/es\/wp-json\/wp\/v2\/tags?post=11381"}],"curies":[{"name":"wp","href":"https:\/\/api.w.org\/{rel}","templated":true}]}}