{"id":11388,"date":"2024-06-27T10:43:58","date_gmt":"2024-06-27T08:43:58","guid":{"rendered":"https:\/\/www.fundacioimpulsa.org\/?p=11388"},"modified":"2024-07-09T10:45:19","modified_gmt":"2024-07-09T08:45:19","slug":"fi-curso-jovenes-2024","status":"publish","type":"post","link":"https:\/\/www.fundacioimpulsa.org\/es\/fi-curso-jovenes-2024\/","title":{"rendered":"Este curso 2023-2024, 317 j\u00f3venes han recibido el apoyo de la Fundaci\u00f3n Impulsa para cursar ciclos de formaci\u00f3n profesional"},"content":{"rendered":"<p><img loading=\"lazy\" decoding=\"async\" class=\"alignnone wp-image-11332\" src=\"https:\/\/www.fundacioimpulsa.org\/wp-content\/uploads\/2024\/06\/FundImpulsa_Terrassa-3-300x225.jpg\" alt=\"\" width=\"721\" height=\"541\" srcset=\"https:\/\/www.fundacioimpulsa.org\/wp-content\/uploads\/2024\/06\/FundImpulsa_Terrassa-3-300x225.jpg 300w, https:\/\/www.fundacioimpulsa.org\/wp-content\/uploads\/2024\/06\/FundImpulsa_Terrassa-3-1030x773.jpg 1030w, https:\/\/www.fundacioimpulsa.org\/wp-content\/uploads\/2024\/06\/FundImpulsa_Terrassa-3-768x576.jpg 768w, https:\/\/www.fundacioimpulsa.org\/wp-content\/uploads\/2024\/06\/FundImpulsa_Terrassa-3-1536x1152.jpg 1536w, https:\/\/www.fundacioimpulsa.org\/wp-content\/uploads\/2024\/06\/FundImpulsa_Terrassa-3-2048x1536.jpg 2048w, https:\/\/www.fundacioimpulsa.org\/wp-content\/uploads\/2024\/06\/FundImpulsa_Terrassa-3-1500x1125.jpg 1500w, https:\/\/www.fundacioimpulsa.org\/wp-content\/uploads\/2024\/06\/FundImpulsa_Terrassa-3-705x529.jpg 705w, https:\/\/www.fundacioimpulsa.org\/wp-content\/uploads\/2024\/06\/FundImpulsa_Terrassa-3-707x530.jpg 707w, https:\/\/www.fundacioimpulsa.org\/wp-content\/uploads\/2024\/06\/FundImpulsa_Terrassa-3-281x211.jpg 281w\" sizes=\"auto, (max-width: 721px) 100vw, 721px\" \/><\/p>\n<p><strong>Por noveno a\u00f1o consecutivo, 317 j\u00f3venes en situaci\u00f3n de vulnerabilidad y con motivaci\u00f3n por continuar estudiando, han cursado un ciclo de Formaci\u00f3n Profesional gracias a la Beca y acompa\u00f1amiento de la Fundaci\u00f3n Impulsa<\/strong>. Una cifra que hemos querido visibilizar y poner de relieve a trav\u00e9s de los actos de cierre de curso celebrados en cada uno de los territorios donde nuestra entidad social est\u00e1 presente. Una acci\u00f3n que forma parte del plan formativo del M\u00e9todo Impulsa, que refuerza la tarea psicopedag\u00f3gica y de mentor\u00eda que reciben los j\u00f3venes a lo largo de todo el curso, y que pone en valor el apoyo institucional y de organizaciones que hacen posible la tarea de Impulsa.<\/p>\n<p>Los actos de cierre son <strong>un espacio de reconocimiento a los Impulseros por su esfuerzo en finalizar el curso y, en especial por los que se grad\u00faan de ciclos Formativos de Grado Medio o de Grado Superior.<\/strong> Tambi\u00e9n es el momento para que j\u00f3venes y mentores se despidan, y para poner en pausa aquellas relaciones de mentor\u00eda que continuar\u00e1n el pr\u00f3ximo curso, y que se reanudar\u00e1n en septiembre.Este a\u00f1o, un total de 231 mentores han colaborado como voluntarios para acompa\u00f1ar a los j\u00f3venes impulseros.<\/p>\n<p>Queremos agradecer la participaci\u00f3n de todas las personas que han asistido a todos estos actos de cierre para poner punto y final a este curso 2023-2024, en el que un 80% de los j\u00f3venes que pod\u00edan graduarse de un Grado Medio o de un Grado Superior lo han hecho, un \u00edndice muy superior al de la media catalana.<\/p>\n<p>Durante los actos tambi\u00e9n se ha aprovechado para agradecer a los mentores la labor que realizan con los j\u00f3venes y en todas las organizaciones impulsoras para hacer posible estos resultados. <strong>Hemos contado con la participaci\u00f3n de la Expresidenta del Parlamento de Catalu\u00f1a, la M. Hble. D\u00aa. Anna Erra; la Subdirectora de pol\u00edticas activas del SOC, D\u00aa. Susanna D\u00edaz; la Diputada adjunta y la Coordinadora del \u00c1rea de Educaci\u00f3n de la Diputaci\u00f3n de Barcelona, \u200b\u200bD\u00aa. Gloria Col\u00f3n y D\u00aa. Marcelina Bosch, respectivamente;<\/strong> as\u00ed como otros representantes de diferentes Ayuntamientos y Consejos Comarcales, y de entidades y fundaciones que colaboren con nuestro programa.<\/p>\n","protected":false},"excerpt":{"rendered":"<p>Por noveno a\u00f1o consecutivo, j\u00f3venes en situaci\u00f3n de vulnerabilidad pero con motivaci\u00f3n, han podido cursar un ciclo de formaci\u00f3n profesional gracias a la Beca y acompa\u00f1amiento de la Fundaci\u00f3n Impulsa. Una cifra que hemos querido visibilizar y poner de relieve a trav\u00e9s de los actos de cierre de curso celebrados en cada uno de los territorios donde nuestra entidad social est\u00e1 presente. Una acci\u00f3n que forma parte del plan formativo del M\u00e9todo Impulsa, que refuerza la labor psicopedag\u00f3gica y de mentor\u00eda que reciben los j\u00f3venes a lo largo de todo el curso, as\u00ed como pone en valor el apoyo institucional y de organizaciones que hacen posible la labor de Impulsa.<\/p>\n","protected":false},"author":10,"featured_media":11332,"comment_status":"closed","ping_status":"closed","sticky":false,"template":"","format":"standard","meta":{"_acf_changed":false,"footnotes":""},"categories":[72,76],"tags":[],"class_list":["post-11388","post","type-post","status-publish","format-standard","has-post-thumbnail","hentry","category-dia-a-dia-es","category-noticies-es"],"acf":[],"yoast_head":"<!-- This site is optimized with the Yoast SEO plugin v27.3 - https:\/\/yoast.com\/product\/yoast-seo-wordpress\/ -->\n<title>Este curso 2023-2024, 317 j\u00f3venes han recibido el apoyo de la Fundaci\u00f3n Impulsa para cursar ciclos de formaci\u00f3n profesional - Fundacio Impulsa<\/title>\n<meta name=\"robots\" content=\"index, follow, max-snippet:-1, max-image-preview:large, max-video-preview:-1\" \/>\n<link rel=\"canonical\" href=\"https:\/\/www.fundacioimpulsa.org\/es\/fi-curso-jovenes-2024\/\" \/>\n<meta property=\"og:locale\" content=\"es_ES\" \/>\n<meta property=\"og:type\" content=\"article\" \/>\n<meta property=\"og:title\" content=\"Este curso 2023-2024, 317 j\u00f3venes han recibido el apoyo de la Fundaci\u00f3n Impulsa para cursar ciclos de formaci\u00f3n profesional - Fundacio Impulsa\" \/>\n<meta property=\"og:description\" content=\"Por noveno a\u00f1o consecutivo, j\u00f3venes en situaci\u00f3n de vulnerabilidad pero con motivaci\u00f3n, han podido cursar un ciclo de formaci\u00f3n profesional gracias a la Beca y acompa\u00f1amiento de la Fundaci\u00f3n Impulsa. Una cifra que hemos querido visibilizar y poner de relieve a trav\u00e9s de los actos de cierre de curso celebrados en cada uno de los territorios donde nuestra entidad social est\u00e1 presente. Una acci\u00f3n que forma parte del plan formativo del M\u00e9todo Impulsa, que refuerza la labor psicopedag\u00f3gica y de mentor\u00eda que reciben los j\u00f3venes a lo largo de todo el curso, as\u00ed como pone en valor el apoyo institucional y de organizaciones que hacen posible la labor de Impulsa.\" \/>\n<meta property=\"og:url\" content=\"https:\/\/www.fundacioimpulsa.org\/es\/fi-curso-jovenes-2024\/\" \/>\n<meta property=\"og:site_name\" content=\"Fundacio Impulsa\" \/>\n<meta property=\"article:published_time\" content=\"2024-06-27T08:43:58+00:00\" \/>\n<meta property=\"article:modified_time\" content=\"2024-07-09T08:45:19+00:00\" \/>\n<meta property=\"og:image\" content=\"https:\/\/www.fundacioimpulsa.org\/wp-content\/uploads\/2024\/06\/FundImpulsa_Terrassa-3-1030x773.jpg\" \/>\n\t<meta property=\"og:image:width\" content=\"1030\" \/>\n\t<meta property=\"og:image:height\" content=\"773\" \/>\n\t<meta property=\"og:image:type\" content=\"image\/jpeg\" \/>\n<meta name=\"author\" content=\"anna\" \/>\n<meta name=\"twitter:card\" content=\"summary_large_image\" \/>\n<meta name=\"twitter:label1\" content=\"Escrito por\" \/>\n\t<meta name=\"twitter:data1\" content=\"anna\" \/>\n\t<meta name=\"twitter:label2\" content=\"Tiempo de lectura\" \/>\n\t<meta name=\"twitter:data2\" content=\"3 minutos\" \/>\n<script type=\"application\/ld+json\" class=\"yoast-schema-graph\">{\"@context\":\"https:\\\/\\\/schema.org\",\"@graph\":[{\"@type\":\"Article\",\"@id\":\"https:\\\/\\\/www.fundacioimpulsa.org\\\/es\\\/fi-curso-jovenes-2024\\\/#article\",\"isPartOf\":{\"@id\":\"https:\\\/\\\/www.fundacioimpulsa.org\\\/es\\\/fi-curso-jovenes-2024\\\/\"},\"author\":{\"name\":\"anna\",\"@id\":\"https:\\\/\\\/www.fundacioimpulsa.org\\\/es\\\/#\\\/schema\\\/person\\\/8093abda9188d9065d7a02992af09c00\"},\"headline\":\"Este curso 2023-2024, 317 j\u00f3venes han recibido el apoyo de la Fundaci\u00f3n Impulsa para cursar ciclos de formaci\u00f3n profesional\",\"datePublished\":\"2024-06-27T08:43:58+00:00\",\"dateModified\":\"2024-07-09T08:45:19+00:00\",\"mainEntityOfPage\":{\"@id\":\"https:\\\/\\\/www.fundacioimpulsa.org\\\/es\\\/fi-curso-jovenes-2024\\\/\"},\"wordCount\":410,\"image\":{\"@id\":\"https:\\\/\\\/www.fundacioimpulsa.org\\\/es\\\/fi-curso-jovenes-2024\\\/#primaryimage\"},\"thumbnailUrl\":\"https:\\\/\\\/www.fundacioimpulsa.org\\\/wp-content\\\/uploads\\\/2024\\\/06\\\/FundImpulsa_Terrassa-3-scaled.jpg\",\"articleSection\":[\"D\u00eda a D\u00eda\",\"Noticias\"],\"inLanguage\":\"es\"},{\"@type\":\"WebPage\",\"@id\":\"https:\\\/\\\/www.fundacioimpulsa.org\\\/es\\\/fi-curso-jovenes-2024\\\/\",\"url\":\"https:\\\/\\\/www.fundacioimpulsa.org\\\/es\\\/fi-curso-jovenes-2024\\\/\",\"name\":\"Este curso 2023-2024, 317 j\u00f3venes han recibido el apoyo de la Fundaci\u00f3n Impulsa para cursar ciclos de formaci\u00f3n profesional - Fundacio Impulsa\",\"isPartOf\":{\"@id\":\"https:\\\/\\\/www.fundacioimpulsa.org\\\/es\\\/#website\"},\"primaryImageOfPage\":{\"@id\":\"https:\\\/\\\/www.fundacioimpulsa.org\\\/es\\\/fi-curso-jovenes-2024\\\/#primaryimage\"},\"image\":{\"@id\":\"https:\\\/\\\/www.fundacioimpulsa.org\\\/es\\\/fi-curso-jovenes-2024\\\/#primaryimage\"},\"thumbnailUrl\":\"https:\\\/\\\/www.fundacioimpulsa.org\\\/wp-content\\\/uploads\\\/2024\\\/06\\\/FundImpulsa_Terrassa-3-scaled.jpg\",\"datePublished\":\"2024-06-27T08:43:58+00:00\",\"dateModified\":\"2024-07-09T08:45:19+00:00\",\"author\":{\"@id\":\"https:\\\/\\\/www.fundacioimpulsa.org\\\/es\\\/#\\\/schema\\\/person\\\/8093abda9188d9065d7a02992af09c00\"},\"breadcrumb\":{\"@id\":\"https:\\\/\\\/www.fundacioimpulsa.org\\\/es\\\/fi-curso-jovenes-2024\\\/#breadcrumb\"},\"inLanguage\":\"es\",\"potentialAction\":[{\"@type\":\"ReadAction\",\"target\":[\"https:\\\/\\\/www.fundacioimpulsa.org\\\/es\\\/fi-curso-jovenes-2024\\\/\"]}]},{\"@type\":\"ImageObject\",\"inLanguage\":\"es\",\"@id\":\"https:\\\/\\\/www.fundacioimpulsa.org\\\/es\\\/fi-curso-jovenes-2024\\\/#primaryimage\",\"url\":\"https:\\\/\\\/www.fundacioimpulsa.org\\\/wp-content\\\/uploads\\\/2024\\\/06\\\/FundImpulsa_Terrassa-3-scaled.jpg\",\"contentUrl\":\"https:\\\/\\\/www.fundacioimpulsa.org\\\/wp-content\\\/uploads\\\/2024\\\/06\\\/FundImpulsa_Terrassa-3-scaled.jpg\",\"width\":2560,\"height\":1920},{\"@type\":\"BreadcrumbList\",\"@id\":\"https:\\\/\\\/www.fundacioimpulsa.org\\\/es\\\/fi-curso-jovenes-2024\\\/#breadcrumb\",\"itemListElement\":[{\"@type\":\"ListItem\",\"position\":1,\"name\":\"Inici\",\"item\":\"https:\\\/\\\/www.fundacioimpulsa.org\\\/es\\\/fundacio-impulsa\\\/\"},{\"@type\":\"ListItem\",\"position\":2,\"name\":\"Este curso 2023-2024, 317 j\u00f3venes han recibido el apoyo de la Fundaci\u00f3n Impulsa para cursar ciclos de formaci\u00f3n profesional\"}]},{\"@type\":\"WebSite\",\"@id\":\"https:\\\/\\\/www.fundacioimpulsa.org\\\/es\\\/#website\",\"url\":\"https:\\\/\\\/www.fundacioimpulsa.org\\\/es\\\/\",\"name\":\"Fundacio Impulsa\",\"description\":\"\",\"potentialAction\":[{\"@type\":\"SearchAction\",\"target\":{\"@type\":\"EntryPoint\",\"urlTemplate\":\"https:\\\/\\\/www.fundacioimpulsa.org\\\/es\\\/?s={search_term_string}\"},\"query-input\":{\"@type\":\"PropertyValueSpecification\",\"valueRequired\":true,\"valueName\":\"search_term_string\"}}],\"inLanguage\":\"es\"},{\"@type\":\"Person\",\"@id\":\"https:\\\/\\\/www.fundacioimpulsa.org\\\/es\\\/#\\\/schema\\\/person\\\/8093abda9188d9065d7a02992af09c00\",\"name\":\"anna\",\"image\":{\"@type\":\"ImageObject\",\"inLanguage\":\"es\",\"@id\":\"https:\\\/\\\/secure.gravatar.com\\\/avatar\\\/098ca997a3814bde9b9ec5e5dfa4ad0ee9a251cd4cf1b86b7c008606c50d48c9?s=96&d=mm&r=g\",\"url\":\"https:\\\/\\\/secure.gravatar.com\\\/avatar\\\/098ca997a3814bde9b9ec5e5dfa4ad0ee9a251cd4cf1b86b7c008606c50d48c9?s=96&d=mm&r=g\",\"contentUrl\":\"https:\\\/\\\/secure.gravatar.com\\\/avatar\\\/098ca997a3814bde9b9ec5e5dfa4ad0ee9a251cd4cf1b86b7c008606c50d48c9?s=96&d=mm&r=g\",\"caption\":\"anna\"},\"url\":\"https:\\\/\\\/www.fundacioimpulsa.org\\\/es\\\/author\\\/anna\\\/\"}]}<\/script>\n<!-- \/ Yoast SEO plugin. -->","yoast_head_json":{"title":"Este curso 2023-2024, 317 j\u00f3venes han recibido el apoyo de la Fundaci\u00f3n Impulsa para cursar ciclos de formaci\u00f3n profesional - Fundacio Impulsa","robots":{"index":"index","follow":"follow","max-snippet":"max-snippet:-1","max-image-preview":"max-image-preview:large","max-video-preview":"max-video-preview:-1"},"canonical":"https:\/\/www.fundacioimpulsa.org\/es\/fi-curso-jovenes-2024\/","og_locale":"es_ES","og_type":"article","og_title":"Este curso 2023-2024, 317 j\u00f3venes han recibido el apoyo de la Fundaci\u00f3n Impulsa para cursar ciclos de formaci\u00f3n profesional - Fundacio Impulsa","og_description":"Por noveno a\u00f1o consecutivo, j\u00f3venes en situaci\u00f3n de vulnerabilidad pero con motivaci\u00f3n, han podido cursar un ciclo de formaci\u00f3n profesional gracias a la Beca y acompa\u00f1amiento de la Fundaci\u00f3n Impulsa. Una cifra que hemos querido visibilizar y poner de relieve a trav\u00e9s de los actos de cierre de curso celebrados en cada uno de los territorios donde nuestra entidad social est\u00e1 presente. Una acci\u00f3n que forma parte del plan formativo del M\u00e9todo Impulsa, que refuerza la labor psicopedag\u00f3gica y de mentor\u00eda que reciben los j\u00f3venes a lo largo de todo el curso, as\u00ed como pone en valor el apoyo institucional y de organizaciones que hacen posible la labor de Impulsa.","og_url":"https:\/\/www.fundacioimpulsa.org\/es\/fi-curso-jovenes-2024\/","og_site_name":"Fundacio Impulsa","article_published_time":"2024-06-27T08:43:58+00:00","article_modified_time":"2024-07-09T08:45:19+00:00","og_image":[{"width":1030,"height":773,"url":"https:\/\/www.fundacioimpulsa.org\/wp-content\/uploads\/2024\/06\/FundImpulsa_Terrassa-3-1030x773.jpg","type":"image\/jpeg"}],"author":"anna","twitter_card":"summary_large_image","twitter_misc":{"Escrito por":"anna","Tiempo de lectura":"3 minutos"},"schema":{"@context":"https:\/\/schema.org","@graph":[{"@type":"Article","@id":"https:\/\/www.fundacioimpulsa.org\/es\/fi-curso-jovenes-2024\/#article","isPartOf":{"@id":"https:\/\/www.fundacioimpulsa.org\/es\/fi-curso-jovenes-2024\/"},"author":{"name":"anna","@id":"https:\/\/www.fundacioimpulsa.org\/es\/#\/schema\/person\/8093abda9188d9065d7a02992af09c00"},"headline":"Este curso 2023-2024, 317 j\u00f3venes han recibido el apoyo de la Fundaci\u00f3n Impulsa para cursar ciclos de formaci\u00f3n profesional","datePublished":"2024-06-27T08:43:58+00:00","dateModified":"2024-07-09T08:45:19+00:00","mainEntityOfPage":{"@id":"https:\/\/www.fundacioimpulsa.org\/es\/fi-curso-jovenes-2024\/"},"wordCount":410,"image":{"@id":"https:\/\/www.fundacioimpulsa.org\/es\/fi-curso-jovenes-2024\/#primaryimage"},"thumbnailUrl":"https:\/\/www.fundacioimpulsa.org\/wp-content\/uploads\/2024\/06\/FundImpulsa_Terrassa-3-scaled.jpg","articleSection":["D\u00eda a D\u00eda","Noticias"],"inLanguage":"es"},{"@type":"WebPage","@id":"https:\/\/www.fundacioimpulsa.org\/es\/fi-curso-jovenes-2024\/","url":"https:\/\/www.fundacioimpulsa.org\/es\/fi-curso-jovenes-2024\/","name":"Este curso 2023-2024, 317 j\u00f3venes han recibido el apoyo de la Fundaci\u00f3n Impulsa para cursar ciclos de formaci\u00f3n profesional - Fundacio Impulsa","isPartOf":{"@id":"https:\/\/www.fundacioimpulsa.org\/es\/#website"},"primaryImageOfPage":{"@id":"https:\/\/www.fundacioimpulsa.org\/es\/fi-curso-jovenes-2024\/#primaryimage"},"image":{"@id":"https:\/\/www.fundacioimpulsa.org\/es\/fi-curso-jovenes-2024\/#primaryimage"},"thumbnailUrl":"https:\/\/www.fundacioimpulsa.org\/wp-content\/uploads\/2024\/06\/FundImpulsa_Terrassa-3-scaled.jpg","datePublished":"2024-06-27T08:43:58+00:00","dateModified":"2024-07-09T08:45:19+00:00","author":{"@id":"https:\/\/www.fundacioimpulsa.org\/es\/#\/schema\/person\/8093abda9188d9065d7a02992af09c00"},"breadcrumb":{"@id":"https:\/\/www.fundacioimpulsa.org\/es\/fi-curso-jovenes-2024\/#breadcrumb"},"inLanguage":"es","potentialAction":[{"@type":"ReadAction","target":["https:\/\/www.fundacioimpulsa.org\/es\/fi-curso-jovenes-2024\/"]}]},{"@type":"ImageObject","inLanguage":"es","@id":"https:\/\/www.fundacioimpulsa.org\/es\/fi-curso-jovenes-2024\/#primaryimage","url":"https:\/\/www.fundacioimpulsa.org\/wp-content\/uploads\/2024\/06\/FundImpulsa_Terrassa-3-scaled.jpg","contentUrl":"https:\/\/www.fundacioimpulsa.org\/wp-content\/uploads\/2024\/06\/FundImpulsa_Terrassa-3-scaled.jpg","width":2560,"height":1920},{"@type":"BreadcrumbList","@id":"https:\/\/www.fundacioimpulsa.org\/es\/fi-curso-jovenes-2024\/#breadcrumb","itemListElement":[{"@type":"ListItem","position":1,"name":"Inici","item":"https:\/\/www.fundacioimpulsa.org\/es\/fundacio-impulsa\/"},{"@type":"ListItem","position":2,"name":"Este curso 2023-2024, 317 j\u00f3venes han recibido el apoyo de la Fundaci\u00f3n Impulsa para cursar ciclos de formaci\u00f3n profesional"}]},{"@type":"WebSite","@id":"https:\/\/www.fundacioimpulsa.org\/es\/#website","url":"https:\/\/www.fundacioimpulsa.org\/es\/","name":"Fundacio Impulsa","description":"","potentialAction":[{"@type":"SearchAction","target":{"@type":"EntryPoint","urlTemplate":"https:\/\/www.fundacioimpulsa.org\/es\/?s={search_term_string}"},"query-input":{"@type":"PropertyValueSpecification","valueRequired":true,"valueName":"search_term_string"}}],"inLanguage":"es"},{"@type":"Person","@id":"https:\/\/www.fundacioimpulsa.org\/es\/#\/schema\/person\/8093abda9188d9065d7a02992af09c00","name":"anna","image":{"@type":"ImageObject","inLanguage":"es","@id":"https:\/\/secure.gravatar.com\/avatar\/098ca997a3814bde9b9ec5e5dfa4ad0ee9a251cd4cf1b86b7c008606c50d48c9?s=96&d=mm&r=g","url":"https:\/\/secure.gravatar.com\/avatar\/098ca997a3814bde9b9ec5e5dfa4ad0ee9a251cd4cf1b86b7c008606c50d48c9?s=96&d=mm&r=g","contentUrl":"https:\/\/secure.gravatar.com\/avatar\/098ca997a3814bde9b9ec5e5dfa4ad0ee9a251cd4cf1b86b7c008606c50d48c9?s=96&d=mm&r=g","caption":"anna"},"url":"https:\/\/www.fundacioimpulsa.org\/es\/author\/anna\/"}]}},"publishpress_future_action":{"enabled":false,"date":"2026-05-04 22:13:07","action":"change-status","newStatus":"draft","terms":[],"taxonomy":"category","extraData":[]},"publishpress_future_workflow_manual_trigger":{"enabledWorkflows":[]},"_links":{"self":[{"href":"https:\/\/www.fundacioimpulsa.org\/es\/wp-json\/wp\/v2\/posts\/11388","targetHints":{"allow":["GET"]}}],"collection":[{"href":"https:\/\/www.fundacioimpulsa.org\/es\/wp-json\/wp\/v2\/posts"}],"about":[{"href":"https:\/\/www.fundacioimpulsa.org\/es\/wp-json\/wp\/v2\/types\/post"}],"author":[{"embeddable":true,"href":"https:\/\/www.fundacioimpulsa.org\/es\/wp-json\/wp\/v2\/users\/10"}],"replies":[{"embeddable":true,"href":"https:\/\/www.fundacioimpulsa.org\/es\/wp-json\/wp\/v2\/comments?post=11388"}],"version-history":[{"count":2,"href":"https:\/\/www.fundacioimpulsa.org\/es\/wp-json\/wp\/v2\/posts\/11388\/revisions"}],"predecessor-version":[{"id":11391,"href":"https:\/\/www.fundacioimpulsa.org\/es\/wp-json\/wp\/v2\/posts\/11388\/revisions\/11391"}],"wp:featuredmedia":[{"embeddable":true,"href":"https:\/\/www.fundacioimpulsa.org\/es\/wp-json\/wp\/v2\/media\/11332"}],"wp:attachment":[{"href":"https:\/\/www.fundacioimpulsa.org\/es\/wp-json\/wp\/v2\/media?parent=11388"}],"wp:term":[{"taxonomy":"category","embeddable":true,"href":"https:\/\/www.fundacioimpulsa.org\/es\/wp-json\/wp\/v2\/categories?post=11388"},{"taxonomy":"post_tag","embeddable":true,"href":"https:\/\/www.fundacioimpulsa.org\/es\/wp-json\/wp\/v2\/tags?post=11388"}],"curies":[{"name":"wp","href":"https:\/\/api.w.org\/{rel}","templated":true}]}}