{"id":11698,"date":"2024-07-26T13:00:13","date_gmt":"2024-07-26T11:00:13","guid":{"rendered":"https:\/\/www.fundacioimpulsa.org\/?p=11698"},"modified":"2024-07-31T09:59:06","modified_gmt":"2024-07-31T07:59:06","slug":"factor-energia-impulsa","status":"publish","type":"post","link":"https:\/\/www.fundacioimpulsa.org\/es\/factor-energia-impulsa\/","title":{"rendered":"Factor Energ\u00eda impulsa el futuro de los j\u00f3venes sum\u00e1ndose como Organizaci\u00f3n Impulsora de la Fundaci\u00f3n Impulsa"},"content":{"rendered":"<p><img loading=\"lazy\" decoding=\"async\" class=\"alignnone wp-image-11693\" src=\"https:\/\/www.fundacioimpulsa.org\/wp-content\/uploads\/2024\/07\/Portada-noti-Fundacio-Impulsa-37-300x207.jpg\" alt=\"\" width=\"718\" height=\"495\" srcset=\"https:\/\/www.fundacioimpulsa.org\/wp-content\/uploads\/2024\/07\/Portada-noti-Fundacio-Impulsa-37-300x207.jpg 300w, https:\/\/www.fundacioimpulsa.org\/wp-content\/uploads\/2024\/07\/Portada-noti-Fundacio-Impulsa-37-306x211.jpg 306w, https:\/\/www.fundacioimpulsa.org\/wp-content\/uploads\/2024\/07\/Portada-noti-Fundacio-Impulsa-37.jpg 700w\" sizes=\"auto, (max-width: 718px) 100vw, 718px\" \/><\/p>\n<p>La comercializadora de energ\u00eda el\u00e9ctrica y gas natural Factor Energia, cree en el futuro de la energ\u00eda, y conscientes de que el futuro est\u00e1 en manos de los j\u00f3venes, se suma a la labor de la Fundaci\u00f3n Impulsa para brindarles oportunidades formativas y acompa\u00f1amiento humano.<\/p>\n<p>Con esta voluntad, ha firmado un convenio de colaboraci\u00f3n con la Fundaci\u00f3n Impulsa para contribuir econ\u00f3micamente a nuestros programas formativos y de acompa\u00f1amiento a los j\u00f3venes, as\u00ed como tambi\u00e9n se adhiere a algunos de nuestros programas para desarrollar su Responsabilidad Social Corporativa (RSC ) y hacer mentor\u00eda social con la Fundaci\u00f3n Impulsa.<\/p>\n<blockquote><p>As\u00ed lo explica Emili Rousaud, de Factorenergia \u201cEl talento joven es esencial para el futuro, tambi\u00e9n para el futuro del sector energ\u00e9tico. En Factorenergia creemos de forma firme en la importancia de apoyarlo y desarrollarlo. Colaborar con la Fundaci\u00f3n Impulsa es fundamental para fomentar la innovaci\u00f3n y la sostenibilidad, asegurando as\u00ed un futuro brillante y pr\u00f3spero para los j\u00f3venes, la industria y la sociedad.\u201d<\/p><\/blockquote>\n<p>Desde la Fundaci\u00f3 Impulsa celebramos este acuerdo, que contribuye a hacer posible que m\u00e1s j\u00f3venes con talento y motivaci\u00f3n pero en situaci\u00f3n de vulnerabilidad socioecon\u00f3mica, puedan continuar sus estudios cursando ciclos de FP.<\/p>\n","protected":false},"excerpt":{"rendered":"<p>La comercializadora de energ\u00eda el\u00e9ctrica y gas natural Factor Energia, cree en el futuro de la energ\u00eda, y conscientes de que el futuro est\u00e1 en manos de los j\u00f3venes, se suma a la labor de la Fundaci\u00f3n Impulsa para brindarles oportunidades formativas y acompa\u00f1amiento humano<\/p>\n","protected":false},"author":10,"featured_media":11693,"comment_status":"closed","ping_status":"closed","sticky":false,"template":"","format":"standard","meta":{"_acf_changed":false,"footnotes":""},"categories":[72,76],"tags":[],"class_list":["post-11698","post","type-post","status-publish","format-standard","has-post-thumbnail","hentry","category-dia-a-dia-es","category-noticies-es"],"acf":[],"yoast_head":"<!-- This site is optimized with the Yoast SEO plugin v27.3 - https:\/\/yoast.com\/product\/yoast-seo-wordpress\/ -->\n<title>Factor Energ\u00eda impulsa el futuro de los j\u00f3venes sum\u00e1ndose como Organizaci\u00f3n Impulsora de la Fundaci\u00f3n Impulsa - Fundacio Impulsa<\/title>\n<meta name=\"robots\" content=\"index, follow, max-snippet:-1, max-image-preview:large, max-video-preview:-1\" \/>\n<link rel=\"canonical\" href=\"https:\/\/www.fundacioimpulsa.org\/es\/factor-energia-impulsa\/\" \/>\n<meta property=\"og:locale\" content=\"es_ES\" \/>\n<meta property=\"og:type\" content=\"article\" \/>\n<meta property=\"og:title\" content=\"Factor Energ\u00eda impulsa el futuro de los j\u00f3venes sum\u00e1ndose como Organizaci\u00f3n Impulsora de la Fundaci\u00f3n Impulsa - Fundacio Impulsa\" \/>\n<meta property=\"og:description\" content=\"La comercializadora de energ\u00eda el\u00e9ctrica y gas natural Factor Energia, cree en el futuro de la energ\u00eda, y conscientes de que el futuro est\u00e1 en manos de los j\u00f3venes, se suma a la labor de la Fundaci\u00f3n Impulsa para brindarles oportunidades formativas y acompa\u00f1amiento humano\" \/>\n<meta property=\"og:url\" content=\"https:\/\/www.fundacioimpulsa.org\/es\/factor-energia-impulsa\/\" \/>\n<meta property=\"og:site_name\" content=\"Fundacio Impulsa\" \/>\n<meta property=\"article:published_time\" content=\"2024-07-26T11:00:13+00:00\" \/>\n<meta property=\"article:modified_time\" content=\"2024-07-31T07:59:06+00:00\" \/>\n<meta property=\"og:image\" content=\"https:\/\/www.fundacioimpulsa.org\/wp-content\/uploads\/2024\/07\/Portada-noti-Fundacio-Impulsa-37.jpg\" \/>\n\t<meta property=\"og:image:width\" content=\"700\" \/>\n\t<meta property=\"og:image:height\" content=\"483\" \/>\n\t<meta property=\"og:image:type\" content=\"image\/jpeg\" \/>\n<meta name=\"author\" content=\"anna\" \/>\n<meta name=\"twitter:card\" content=\"summary_large_image\" \/>\n<meta name=\"twitter:label1\" content=\"Escrito por\" \/>\n\t<meta name=\"twitter:data1\" content=\"anna\" \/>\n\t<meta name=\"twitter:label2\" content=\"Tiempo de lectura\" \/>\n\t<meta name=\"twitter:data2\" content=\"1 minuto\" \/>\n<script type=\"application\/ld+json\" class=\"yoast-schema-graph\">{\"@context\":\"https:\\\/\\\/schema.org\",\"@graph\":[{\"@type\":\"Article\",\"@id\":\"https:\\\/\\\/www.fundacioimpulsa.org\\\/es\\\/factor-energia-impulsa\\\/#article\",\"isPartOf\":{\"@id\":\"https:\\\/\\\/www.fundacioimpulsa.org\\\/es\\\/factor-energia-impulsa\\\/\"},\"author\":{\"name\":\"anna\",\"@id\":\"https:\\\/\\\/www.fundacioimpulsa.org\\\/es\\\/#\\\/schema\\\/person\\\/8093abda9188d9065d7a02992af09c00\"},\"headline\":\"Factor Energ\u00eda impulsa el futuro de los j\u00f3venes sum\u00e1ndose como Organizaci\u00f3n Impulsora de la Fundaci\u00f3n Impulsa\",\"datePublished\":\"2024-07-26T11:00:13+00:00\",\"dateModified\":\"2024-07-31T07:59:06+00:00\",\"mainEntityOfPage\":{\"@id\":\"https:\\\/\\\/www.fundacioimpulsa.org\\\/es\\\/factor-energia-impulsa\\\/\"},\"wordCount\":239,\"image\":{\"@id\":\"https:\\\/\\\/www.fundacioimpulsa.org\\\/es\\\/factor-energia-impulsa\\\/#primaryimage\"},\"thumbnailUrl\":\"https:\\\/\\\/www.fundacioimpulsa.org\\\/wp-content\\\/uploads\\\/2024\\\/07\\\/Portada-noti-Fundacio-Impulsa-37.jpg\",\"articleSection\":[\"D\u00eda a D\u00eda\",\"Noticias\"],\"inLanguage\":\"es\"},{\"@type\":\"WebPage\",\"@id\":\"https:\\\/\\\/www.fundacioimpulsa.org\\\/es\\\/factor-energia-impulsa\\\/\",\"url\":\"https:\\\/\\\/www.fundacioimpulsa.org\\\/es\\\/factor-energia-impulsa\\\/\",\"name\":\"Factor Energ\u00eda impulsa el futuro de los j\u00f3venes sum\u00e1ndose como Organizaci\u00f3n Impulsora de la Fundaci\u00f3n Impulsa - Fundacio Impulsa\",\"isPartOf\":{\"@id\":\"https:\\\/\\\/www.fundacioimpulsa.org\\\/es\\\/#website\"},\"primaryImageOfPage\":{\"@id\":\"https:\\\/\\\/www.fundacioimpulsa.org\\\/es\\\/factor-energia-impulsa\\\/#primaryimage\"},\"image\":{\"@id\":\"https:\\\/\\\/www.fundacioimpulsa.org\\\/es\\\/factor-energia-impulsa\\\/#primaryimage\"},\"thumbnailUrl\":\"https:\\\/\\\/www.fundacioimpulsa.org\\\/wp-content\\\/uploads\\\/2024\\\/07\\\/Portada-noti-Fundacio-Impulsa-37.jpg\",\"datePublished\":\"2024-07-26T11:00:13+00:00\",\"dateModified\":\"2024-07-31T07:59:06+00:00\",\"author\":{\"@id\":\"https:\\\/\\\/www.fundacioimpulsa.org\\\/es\\\/#\\\/schema\\\/person\\\/8093abda9188d9065d7a02992af09c00\"},\"breadcrumb\":{\"@id\":\"https:\\\/\\\/www.fundacioimpulsa.org\\\/es\\\/factor-energia-impulsa\\\/#breadcrumb\"},\"inLanguage\":\"es\",\"potentialAction\":[{\"@type\":\"ReadAction\",\"target\":[\"https:\\\/\\\/www.fundacioimpulsa.org\\\/es\\\/factor-energia-impulsa\\\/\"]}]},{\"@type\":\"ImageObject\",\"inLanguage\":\"es\",\"@id\":\"https:\\\/\\\/www.fundacioimpulsa.org\\\/es\\\/factor-energia-impulsa\\\/#primaryimage\",\"url\":\"https:\\\/\\\/www.fundacioimpulsa.org\\\/wp-content\\\/uploads\\\/2024\\\/07\\\/Portada-noti-Fundacio-Impulsa-37.jpg\",\"contentUrl\":\"https:\\\/\\\/www.fundacioimpulsa.org\\\/wp-content\\\/uploads\\\/2024\\\/07\\\/Portada-noti-Fundacio-Impulsa-37.jpg\",\"width\":700,\"height\":483},{\"@type\":\"BreadcrumbList\",\"@id\":\"https:\\\/\\\/www.fundacioimpulsa.org\\\/es\\\/factor-energia-impulsa\\\/#breadcrumb\",\"itemListElement\":[{\"@type\":\"ListItem\",\"position\":1,\"name\":\"Inici\",\"item\":\"https:\\\/\\\/www.fundacioimpulsa.org\\\/es\\\/fundacio-impulsa\\\/\"},{\"@type\":\"ListItem\",\"position\":2,\"name\":\"Factor Energ\u00eda impulsa el futuro de los j\u00f3venes sum\u00e1ndose como Organizaci\u00f3n Impulsora de la Fundaci\u00f3n Impulsa\"}]},{\"@type\":\"WebSite\",\"@id\":\"https:\\\/\\\/www.fundacioimpulsa.org\\\/es\\\/#website\",\"url\":\"https:\\\/\\\/www.fundacioimpulsa.org\\\/es\\\/\",\"name\":\"Fundacio Impulsa\",\"description\":\"\",\"potentialAction\":[{\"@type\":\"SearchAction\",\"target\":{\"@type\":\"EntryPoint\",\"urlTemplate\":\"https:\\\/\\\/www.fundacioimpulsa.org\\\/es\\\/?s={search_term_string}\"},\"query-input\":{\"@type\":\"PropertyValueSpecification\",\"valueRequired\":true,\"valueName\":\"search_term_string\"}}],\"inLanguage\":\"es\"},{\"@type\":\"Person\",\"@id\":\"https:\\\/\\\/www.fundacioimpulsa.org\\\/es\\\/#\\\/schema\\\/person\\\/8093abda9188d9065d7a02992af09c00\",\"name\":\"anna\",\"image\":{\"@type\":\"ImageObject\",\"inLanguage\":\"es\",\"@id\":\"https:\\\/\\\/secure.gravatar.com\\\/avatar\\\/098ca997a3814bde9b9ec5e5dfa4ad0ee9a251cd4cf1b86b7c008606c50d48c9?s=96&d=mm&r=g\",\"url\":\"https:\\\/\\\/secure.gravatar.com\\\/avatar\\\/098ca997a3814bde9b9ec5e5dfa4ad0ee9a251cd4cf1b86b7c008606c50d48c9?s=96&d=mm&r=g\",\"contentUrl\":\"https:\\\/\\\/secure.gravatar.com\\\/avatar\\\/098ca997a3814bde9b9ec5e5dfa4ad0ee9a251cd4cf1b86b7c008606c50d48c9?s=96&d=mm&r=g\",\"caption\":\"anna\"},\"url\":\"https:\\\/\\\/www.fundacioimpulsa.org\\\/es\\\/author\\\/anna\\\/\"}]}<\/script>\n<!-- \/ Yoast SEO plugin. -->","yoast_head_json":{"title":"Factor Energ\u00eda impulsa el futuro de los j\u00f3venes sum\u00e1ndose como Organizaci\u00f3n Impulsora de la Fundaci\u00f3n Impulsa - Fundacio Impulsa","robots":{"index":"index","follow":"follow","max-snippet":"max-snippet:-1","max-image-preview":"max-image-preview:large","max-video-preview":"max-video-preview:-1"},"canonical":"https:\/\/www.fundacioimpulsa.org\/es\/factor-energia-impulsa\/","og_locale":"es_ES","og_type":"article","og_title":"Factor Energ\u00eda impulsa el futuro de los j\u00f3venes sum\u00e1ndose como Organizaci\u00f3n Impulsora de la Fundaci\u00f3n Impulsa - Fundacio Impulsa","og_description":"La comercializadora de energ\u00eda el\u00e9ctrica y gas natural Factor Energia, cree en el futuro de la energ\u00eda, y conscientes de que el futuro est\u00e1 en manos de los j\u00f3venes, se suma a la labor de la Fundaci\u00f3n Impulsa para brindarles oportunidades formativas y acompa\u00f1amiento humano","og_url":"https:\/\/www.fundacioimpulsa.org\/es\/factor-energia-impulsa\/","og_site_name":"Fundacio Impulsa","article_published_time":"2024-07-26T11:00:13+00:00","article_modified_time":"2024-07-31T07:59:06+00:00","og_image":[{"width":700,"height":483,"url":"https:\/\/www.fundacioimpulsa.org\/wp-content\/uploads\/2024\/07\/Portada-noti-Fundacio-Impulsa-37.jpg","type":"image\/jpeg"}],"author":"anna","twitter_card":"summary_large_image","twitter_misc":{"Escrito por":"anna","Tiempo de lectura":"1 minuto"},"schema":{"@context":"https:\/\/schema.org","@graph":[{"@type":"Article","@id":"https:\/\/www.fundacioimpulsa.org\/es\/factor-energia-impulsa\/#article","isPartOf":{"@id":"https:\/\/www.fundacioimpulsa.org\/es\/factor-energia-impulsa\/"},"author":{"name":"anna","@id":"https:\/\/www.fundacioimpulsa.org\/es\/#\/schema\/person\/8093abda9188d9065d7a02992af09c00"},"headline":"Factor Energ\u00eda impulsa el futuro de los j\u00f3venes sum\u00e1ndose como Organizaci\u00f3n Impulsora de la Fundaci\u00f3n Impulsa","datePublished":"2024-07-26T11:00:13+00:00","dateModified":"2024-07-31T07:59:06+00:00","mainEntityOfPage":{"@id":"https:\/\/www.fundacioimpulsa.org\/es\/factor-energia-impulsa\/"},"wordCount":239,"image":{"@id":"https:\/\/www.fundacioimpulsa.org\/es\/factor-energia-impulsa\/#primaryimage"},"thumbnailUrl":"https:\/\/www.fundacioimpulsa.org\/wp-content\/uploads\/2024\/07\/Portada-noti-Fundacio-Impulsa-37.jpg","articleSection":["D\u00eda a D\u00eda","Noticias"],"inLanguage":"es"},{"@type":"WebPage","@id":"https:\/\/www.fundacioimpulsa.org\/es\/factor-energia-impulsa\/","url":"https:\/\/www.fundacioimpulsa.org\/es\/factor-energia-impulsa\/","name":"Factor Energ\u00eda impulsa el futuro de los j\u00f3venes sum\u00e1ndose como Organizaci\u00f3n Impulsora de la Fundaci\u00f3n Impulsa - Fundacio Impulsa","isPartOf":{"@id":"https:\/\/www.fundacioimpulsa.org\/es\/#website"},"primaryImageOfPage":{"@id":"https:\/\/www.fundacioimpulsa.org\/es\/factor-energia-impulsa\/#primaryimage"},"image":{"@id":"https:\/\/www.fundacioimpulsa.org\/es\/factor-energia-impulsa\/#primaryimage"},"thumbnailUrl":"https:\/\/www.fundacioimpulsa.org\/wp-content\/uploads\/2024\/07\/Portada-noti-Fundacio-Impulsa-37.jpg","datePublished":"2024-07-26T11:00:13+00:00","dateModified":"2024-07-31T07:59:06+00:00","author":{"@id":"https:\/\/www.fundacioimpulsa.org\/es\/#\/schema\/person\/8093abda9188d9065d7a02992af09c00"},"breadcrumb":{"@id":"https:\/\/www.fundacioimpulsa.org\/es\/factor-energia-impulsa\/#breadcrumb"},"inLanguage":"es","potentialAction":[{"@type":"ReadAction","target":["https:\/\/www.fundacioimpulsa.org\/es\/factor-energia-impulsa\/"]}]},{"@type":"ImageObject","inLanguage":"es","@id":"https:\/\/www.fundacioimpulsa.org\/es\/factor-energia-impulsa\/#primaryimage","url":"https:\/\/www.fundacioimpulsa.org\/wp-content\/uploads\/2024\/07\/Portada-noti-Fundacio-Impulsa-37.jpg","contentUrl":"https:\/\/www.fundacioimpulsa.org\/wp-content\/uploads\/2024\/07\/Portada-noti-Fundacio-Impulsa-37.jpg","width":700,"height":483},{"@type":"BreadcrumbList","@id":"https:\/\/www.fundacioimpulsa.org\/es\/factor-energia-impulsa\/#breadcrumb","itemListElement":[{"@type":"ListItem","position":1,"name":"Inici","item":"https:\/\/www.fundacioimpulsa.org\/es\/fundacio-impulsa\/"},{"@type":"ListItem","position":2,"name":"Factor Energ\u00eda impulsa el futuro de los j\u00f3venes sum\u00e1ndose como Organizaci\u00f3n Impulsora de la Fundaci\u00f3n Impulsa"}]},{"@type":"WebSite","@id":"https:\/\/www.fundacioimpulsa.org\/es\/#website","url":"https:\/\/www.fundacioimpulsa.org\/es\/","name":"Fundacio Impulsa","description":"","potentialAction":[{"@type":"SearchAction","target":{"@type":"EntryPoint","urlTemplate":"https:\/\/www.fundacioimpulsa.org\/es\/?s={search_term_string}"},"query-input":{"@type":"PropertyValueSpecification","valueRequired":true,"valueName":"search_term_string"}}],"inLanguage":"es"},{"@type":"Person","@id":"https:\/\/www.fundacioimpulsa.org\/es\/#\/schema\/person\/8093abda9188d9065d7a02992af09c00","name":"anna","image":{"@type":"ImageObject","inLanguage":"es","@id":"https:\/\/secure.gravatar.com\/avatar\/098ca997a3814bde9b9ec5e5dfa4ad0ee9a251cd4cf1b86b7c008606c50d48c9?s=96&d=mm&r=g","url":"https:\/\/secure.gravatar.com\/avatar\/098ca997a3814bde9b9ec5e5dfa4ad0ee9a251cd4cf1b86b7c008606c50d48c9?s=96&d=mm&r=g","contentUrl":"https:\/\/secure.gravatar.com\/avatar\/098ca997a3814bde9b9ec5e5dfa4ad0ee9a251cd4cf1b86b7c008606c50d48c9?s=96&d=mm&r=g","caption":"anna"},"url":"https:\/\/www.fundacioimpulsa.org\/es\/author\/anna\/"}]}},"publishpress_future_action":{"enabled":false,"date":"2026-05-06 12:35:31","action":"change-status","newStatus":"draft","terms":[],"taxonomy":"category","extraData":[]},"publishpress_future_workflow_manual_trigger":{"enabledWorkflows":[]},"_links":{"self":[{"href":"https:\/\/www.fundacioimpulsa.org\/es\/wp-json\/wp\/v2\/posts\/11698","targetHints":{"allow":["GET"]}}],"collection":[{"href":"https:\/\/www.fundacioimpulsa.org\/es\/wp-json\/wp\/v2\/posts"}],"about":[{"href":"https:\/\/www.fundacioimpulsa.org\/es\/wp-json\/wp\/v2\/types\/post"}],"author":[{"embeddable":true,"href":"https:\/\/www.fundacioimpulsa.org\/es\/wp-json\/wp\/v2\/users\/10"}],"replies":[{"embeddable":true,"href":"https:\/\/www.fundacioimpulsa.org\/es\/wp-json\/wp\/v2\/comments?post=11698"}],"version-history":[{"count":2,"href":"https:\/\/www.fundacioimpulsa.org\/es\/wp-json\/wp\/v2\/posts\/11698\/revisions"}],"predecessor-version":[{"id":11703,"href":"https:\/\/www.fundacioimpulsa.org\/es\/wp-json\/wp\/v2\/posts\/11698\/revisions\/11703"}],"wp:featuredmedia":[{"embeddable":true,"href":"https:\/\/www.fundacioimpulsa.org\/es\/wp-json\/wp\/v2\/media\/11693"}],"wp:attachment":[{"href":"https:\/\/www.fundacioimpulsa.org\/es\/wp-json\/wp\/v2\/media?parent=11698"}],"wp:term":[{"taxonomy":"category","embeddable":true,"href":"https:\/\/www.fundacioimpulsa.org\/es\/wp-json\/wp\/v2\/categories?post=11698"},{"taxonomy":"post_tag","embeddable":true,"href":"https:\/\/www.fundacioimpulsa.org\/es\/wp-json\/wp\/v2\/tags?post=11698"}],"curies":[{"name":"wp","href":"https:\/\/api.w.org\/{rel}","templated":true}]}}