{"id":11724,"date":"2024-07-30T18:45:35","date_gmt":"2024-07-30T16:45:35","guid":{"rendered":"https:\/\/www.fundacioimpulsa.org\/?p=11724"},"modified":"2024-07-31T09:58:56","modified_gmt":"2024-07-31T07:58:56","slug":"fin-proceso-seleccion","status":"publish","type":"post","link":"https:\/\/www.fundacioimpulsa.org\/es\/fin-proceso-seleccion\/","title":{"rendered":"Finalizamos el proceso de selecci\u00f3n con m\u00e1s de 300 solicitudes recibidas para el curso 2024-2025"},"content":{"rendered":"<p><img loading=\"lazy\" decoding=\"async\" class=\"alignnone wp-image-11725\" src=\"https:\/\/www.fundacioimpulsa.org\/wp-content\/uploads\/2024\/07\/Portada-noti-Fundacio-Impulsa-300x207.jpg\" alt=\"\" width=\"720\" height=\"497\" srcset=\"https:\/\/www.fundacioimpulsa.org\/wp-content\/uploads\/2024\/07\/Portada-noti-Fundacio-Impulsa-300x207.jpg 300w, https:\/\/www.fundacioimpulsa.org\/wp-content\/uploads\/2024\/07\/Portada-noti-Fundacio-Impulsa-306x211.jpg 306w, https:\/\/www.fundacioimpulsa.org\/wp-content\/uploads\/2024\/07\/Portada-noti-Fundacio-Impulsa.jpg 700w\" sizes=\"auto, (max-width: 720px) 100vw, 720px\" \/><\/p>\n<p>Un a\u00f1o m\u00e1s en la Fundaci\u00f3 Impulsa ha finalizado el proceso de selecci\u00f3n de los j\u00f3venes que el curso 2024-25 recibir\u00e1n el acompa\u00f1amiento y la Beca de la Fundaci\u00f3n Impulsa para cursar estudios de Formaci\u00f3n Profesional.<\/p>\n<p>A la espera de la resoluci\u00f3n definitiva del proceso de matriculaci\u00f3n de los j\u00f3venes, <strong>la Fundaci\u00f3n Impulsa tiene previsto becar el curso que se inicia en septiembre un total 335 Impulsers<\/strong>\u00a0en los diferentes territorios: <strong>84<\/strong> en <strong>Osona<\/strong>, <strong>17<\/strong> en el <strong>Bages<\/strong>, <strong>27<\/strong> en el <strong>Bergued\u00e1<\/strong>, <strong>25<\/strong> en el <strong>Moian\u00e8s<\/strong>,\u00a0<strong>45<\/strong>\u00a0en la\u00a0<strong>Garrotxa<\/strong>,\u00a0<strong>26<\/strong>\u00a0en el <strong>Baix Empord\u00e0<\/strong>,\u00a0<strong>48<\/strong>\u00a0a\u00a0<strong>Terraza<\/strong>,\u00a0<strong>41<\/strong>\u00a0en\u00a0<strong>Sabadell<\/strong>, <strong>12<\/strong> en el <strong>Anoia<\/strong> y por <strong>primer a\u00f1o<\/strong>, <strong>10<\/strong> en el <strong>Giron\u00e8s<\/strong>.<\/p>\n<p>Los j\u00f3venes se han <strong>escogido a partir de criterios econ\u00f3micos y de motivaci\u00f3n por los centros educativos<\/strong> y posteriormente, <strong>los Consejos Comarcales y Ayuntamientos han hecho la valoraci\u00f3n socioecon\u00f3mica<\/strong> para, despu\u00e9s, e<strong>l equipo psicopedag\u00f3gico de la Fundaci\u00f3n Impulsa<\/strong> hacer la <strong>selecci\u00f3n final<\/strong> a trav\u00e9s de un\u00a0<strong>proceso de valoraci\u00f3n muy exhaustivo<\/strong>\u00a0donde se valoran diferentes competencias como la motivaci\u00f3n, voluntad de esfuerzo, constancia, habilidades comunicativas, compromiso, vocaci\u00f3n.<\/p>\n<p>Una vez que el equipo psicopedag\u00f3gico ha comunicado la resoluci\u00f3n definitiva de las cerca de 300 candidaturas recibidas, <strong>los j\u00f3venes seleccionados han asistido con sus familias a una sesi\u00f3n informativa donde se les ha explicado todo el proceso para la formalizaci\u00f3n de la Beca Impulsa.<\/strong><\/p>\n<p>A lo largo de estas semanas el equipo psicopedag\u00f3gico est\u00e1 apoyando a los j\u00f3venes en el tr\u00e1mite de formalizaci\u00f3n de la matr\u00edcula, a la vez que acompa\u00f1an a aquellos que a\u00fan no conocen si finalmente podr\u00e1n acceder a los estudios escogidos en primera instancia, para reorientarlos a septiembre si fuera necesario.<\/p>\n","protected":false},"excerpt":{"rendered":"<p>Un a\u00f1o m\u00e1s en la Fundaci\u00f3 Impulsa ha finalizado el proceso de selecci\u00f3n de los j\u00f3venes que el curso 2024-25 recibir\u00e1n el acompa\u00f1amiento y la Beca de la Fundaci\u00f3n Impulsa para cursar estudios de Formaci\u00f3n Profesional.<\/p>\n","protected":false},"author":10,"featured_media":11727,"comment_status":"closed","ping_status":"closed","sticky":false,"template":"","format":"standard","meta":{"_acf_changed":false,"footnotes":""},"categories":[72,76],"tags":[],"class_list":["post-11724","post","type-post","status-publish","format-standard","has-post-thumbnail","hentry","category-dia-a-dia-es","category-noticies-es"],"acf":[],"yoast_head":"<!-- This site is optimized with the Yoast SEO plugin v27.3 - https:\/\/yoast.com\/product\/yoast-seo-wordpress\/ -->\n<title>Finalizamos el proceso de selecci\u00f3n con m\u00e1s de 300 solicitudes recibidas para el curso 2024-2025 - Fundacio Impulsa<\/title>\n<meta name=\"robots\" content=\"index, follow, max-snippet:-1, max-image-preview:large, max-video-preview:-1\" \/>\n<link rel=\"canonical\" href=\"https:\/\/www.fundacioimpulsa.org\/es\/fin-proceso-seleccion\/\" \/>\n<meta property=\"og:locale\" content=\"es_ES\" \/>\n<meta property=\"og:type\" content=\"article\" \/>\n<meta property=\"og:title\" content=\"Finalizamos el proceso de selecci\u00f3n con m\u00e1s de 300 solicitudes recibidas para el curso 2024-2025 - Fundacio Impulsa\" \/>\n<meta property=\"og:description\" content=\"Un a\u00f1o m\u00e1s en la Fundaci\u00f3 Impulsa ha finalizado el proceso de selecci\u00f3n de los j\u00f3venes que el curso 2024-25 recibir\u00e1n el acompa\u00f1amiento y la Beca de la Fundaci\u00f3n Impulsa para cursar estudios de Formaci\u00f3n Profesional.\" \/>\n<meta property=\"og:url\" content=\"https:\/\/www.fundacioimpulsa.org\/es\/fin-proceso-seleccion\/\" \/>\n<meta property=\"og:site_name\" content=\"Fundacio Impulsa\" \/>\n<meta property=\"article:published_time\" content=\"2024-07-30T16:45:35+00:00\" \/>\n<meta property=\"article:modified_time\" content=\"2024-07-31T07:58:56+00:00\" \/>\n<meta property=\"og:image\" content=\"https:\/\/www.fundacioimpulsa.org\/wp-content\/uploads\/2024\/07\/Portada-noti-Fundacio-Impulsa-1.jpg\" \/>\n\t<meta property=\"og:image:width\" content=\"700\" \/>\n\t<meta property=\"og:image:height\" content=\"483\" \/>\n\t<meta property=\"og:image:type\" content=\"image\/jpeg\" \/>\n<meta name=\"author\" content=\"anna\" \/>\n<meta name=\"twitter:card\" content=\"summary_large_image\" \/>\n<meta name=\"twitter:label1\" content=\"Escrito por\" \/>\n\t<meta name=\"twitter:data1\" content=\"anna\" \/>\n\t<meta name=\"twitter:label2\" content=\"Tiempo de lectura\" \/>\n\t<meta name=\"twitter:data2\" content=\"2 minutos\" \/>\n<script type=\"application\/ld+json\" class=\"yoast-schema-graph\">{\"@context\":\"https:\\\/\\\/schema.org\",\"@graph\":[{\"@type\":\"Article\",\"@id\":\"https:\\\/\\\/www.fundacioimpulsa.org\\\/es\\\/fin-proceso-seleccion\\\/#article\",\"isPartOf\":{\"@id\":\"https:\\\/\\\/www.fundacioimpulsa.org\\\/es\\\/fin-proceso-seleccion\\\/\"},\"author\":{\"name\":\"anna\",\"@id\":\"https:\\\/\\\/www.fundacioimpulsa.org\\\/es\\\/#\\\/schema\\\/person\\\/8093abda9188d9065d7a02992af09c00\"},\"headline\":\"Finalizamos el proceso de selecci\u00f3n con m\u00e1s de 300 solicitudes recibidas para el curso 2024-2025\",\"datePublished\":\"2024-07-30T16:45:35+00:00\",\"dateModified\":\"2024-07-31T07:58:56+00:00\",\"mainEntityOfPage\":{\"@id\":\"https:\\\/\\\/www.fundacioimpulsa.org\\\/es\\\/fin-proceso-seleccion\\\/\"},\"wordCount\":321,\"image\":{\"@id\":\"https:\\\/\\\/www.fundacioimpulsa.org\\\/es\\\/fin-proceso-seleccion\\\/#primaryimage\"},\"thumbnailUrl\":\"https:\\\/\\\/www.fundacioimpulsa.org\\\/wp-content\\\/uploads\\\/2024\\\/07\\\/Portada-noti-Fundacio-Impulsa-1.jpg\",\"articleSection\":[\"D\u00eda a D\u00eda\",\"Noticias\"],\"inLanguage\":\"es\"},{\"@type\":\"WebPage\",\"@id\":\"https:\\\/\\\/www.fundacioimpulsa.org\\\/es\\\/fin-proceso-seleccion\\\/\",\"url\":\"https:\\\/\\\/www.fundacioimpulsa.org\\\/es\\\/fin-proceso-seleccion\\\/\",\"name\":\"Finalizamos el proceso de selecci\u00f3n con m\u00e1s de 300 solicitudes recibidas para el curso 2024-2025 - Fundacio Impulsa\",\"isPartOf\":{\"@id\":\"https:\\\/\\\/www.fundacioimpulsa.org\\\/es\\\/#website\"},\"primaryImageOfPage\":{\"@id\":\"https:\\\/\\\/www.fundacioimpulsa.org\\\/es\\\/fin-proceso-seleccion\\\/#primaryimage\"},\"image\":{\"@id\":\"https:\\\/\\\/www.fundacioimpulsa.org\\\/es\\\/fin-proceso-seleccion\\\/#primaryimage\"},\"thumbnailUrl\":\"https:\\\/\\\/www.fundacioimpulsa.org\\\/wp-content\\\/uploads\\\/2024\\\/07\\\/Portada-noti-Fundacio-Impulsa-1.jpg\",\"datePublished\":\"2024-07-30T16:45:35+00:00\",\"dateModified\":\"2024-07-31T07:58:56+00:00\",\"author\":{\"@id\":\"https:\\\/\\\/www.fundacioimpulsa.org\\\/es\\\/#\\\/schema\\\/person\\\/8093abda9188d9065d7a02992af09c00\"},\"breadcrumb\":{\"@id\":\"https:\\\/\\\/www.fundacioimpulsa.org\\\/es\\\/fin-proceso-seleccion\\\/#breadcrumb\"},\"inLanguage\":\"es\",\"potentialAction\":[{\"@type\":\"ReadAction\",\"target\":[\"https:\\\/\\\/www.fundacioimpulsa.org\\\/es\\\/fin-proceso-seleccion\\\/\"]}]},{\"@type\":\"ImageObject\",\"inLanguage\":\"es\",\"@id\":\"https:\\\/\\\/www.fundacioimpulsa.org\\\/es\\\/fin-proceso-seleccion\\\/#primaryimage\",\"url\":\"https:\\\/\\\/www.fundacioimpulsa.org\\\/wp-content\\\/uploads\\\/2024\\\/07\\\/Portada-noti-Fundacio-Impulsa-1.jpg\",\"contentUrl\":\"https:\\\/\\\/www.fundacioimpulsa.org\\\/wp-content\\\/uploads\\\/2024\\\/07\\\/Portada-noti-Fundacio-Impulsa-1.jpg\",\"width\":700,\"height\":483},{\"@type\":\"BreadcrumbList\",\"@id\":\"https:\\\/\\\/www.fundacioimpulsa.org\\\/es\\\/fin-proceso-seleccion\\\/#breadcrumb\",\"itemListElement\":[{\"@type\":\"ListItem\",\"position\":1,\"name\":\"Inici\",\"item\":\"https:\\\/\\\/www.fundacioimpulsa.org\\\/es\\\/fundacio-impulsa\\\/\"},{\"@type\":\"ListItem\",\"position\":2,\"name\":\"Finalizamos el proceso de selecci\u00f3n con m\u00e1s de 300 solicitudes recibidas para el curso 2024-2025\"}]},{\"@type\":\"WebSite\",\"@id\":\"https:\\\/\\\/www.fundacioimpulsa.org\\\/es\\\/#website\",\"url\":\"https:\\\/\\\/www.fundacioimpulsa.org\\\/es\\\/\",\"name\":\"Fundacio Impulsa\",\"description\":\"\",\"potentialAction\":[{\"@type\":\"SearchAction\",\"target\":{\"@type\":\"EntryPoint\",\"urlTemplate\":\"https:\\\/\\\/www.fundacioimpulsa.org\\\/es\\\/?s={search_term_string}\"},\"query-input\":{\"@type\":\"PropertyValueSpecification\",\"valueRequired\":true,\"valueName\":\"search_term_string\"}}],\"inLanguage\":\"es\"},{\"@type\":\"Person\",\"@id\":\"https:\\\/\\\/www.fundacioimpulsa.org\\\/es\\\/#\\\/schema\\\/person\\\/8093abda9188d9065d7a02992af09c00\",\"name\":\"anna\",\"image\":{\"@type\":\"ImageObject\",\"inLanguage\":\"es\",\"@id\":\"https:\\\/\\\/secure.gravatar.com\\\/avatar\\\/098ca997a3814bde9b9ec5e5dfa4ad0ee9a251cd4cf1b86b7c008606c50d48c9?s=96&d=mm&r=g\",\"url\":\"https:\\\/\\\/secure.gravatar.com\\\/avatar\\\/098ca997a3814bde9b9ec5e5dfa4ad0ee9a251cd4cf1b86b7c008606c50d48c9?s=96&d=mm&r=g\",\"contentUrl\":\"https:\\\/\\\/secure.gravatar.com\\\/avatar\\\/098ca997a3814bde9b9ec5e5dfa4ad0ee9a251cd4cf1b86b7c008606c50d48c9?s=96&d=mm&r=g\",\"caption\":\"anna\"},\"url\":\"https:\\\/\\\/www.fundacioimpulsa.org\\\/es\\\/author\\\/anna\\\/\"}]}<\/script>\n<!-- \/ Yoast SEO plugin. -->","yoast_head_json":{"title":"Finalizamos el proceso de selecci\u00f3n con m\u00e1s de 300 solicitudes recibidas para el curso 2024-2025 - Fundacio Impulsa","robots":{"index":"index","follow":"follow","max-snippet":"max-snippet:-1","max-image-preview":"max-image-preview:large","max-video-preview":"max-video-preview:-1"},"canonical":"https:\/\/www.fundacioimpulsa.org\/es\/fin-proceso-seleccion\/","og_locale":"es_ES","og_type":"article","og_title":"Finalizamos el proceso de selecci\u00f3n con m\u00e1s de 300 solicitudes recibidas para el curso 2024-2025 - Fundacio Impulsa","og_description":"Un a\u00f1o m\u00e1s en la Fundaci\u00f3 Impulsa ha finalizado el proceso de selecci\u00f3n de los j\u00f3venes que el curso 2024-25 recibir\u00e1n el acompa\u00f1amiento y la Beca de la Fundaci\u00f3n Impulsa para cursar estudios de Formaci\u00f3n Profesional.","og_url":"https:\/\/www.fundacioimpulsa.org\/es\/fin-proceso-seleccion\/","og_site_name":"Fundacio Impulsa","article_published_time":"2024-07-30T16:45:35+00:00","article_modified_time":"2024-07-31T07:58:56+00:00","og_image":[{"width":700,"height":483,"url":"https:\/\/www.fundacioimpulsa.org\/wp-content\/uploads\/2024\/07\/Portada-noti-Fundacio-Impulsa-1.jpg","type":"image\/jpeg"}],"author":"anna","twitter_card":"summary_large_image","twitter_misc":{"Escrito por":"anna","Tiempo de lectura":"2 minutos"},"schema":{"@context":"https:\/\/schema.org","@graph":[{"@type":"Article","@id":"https:\/\/www.fundacioimpulsa.org\/es\/fin-proceso-seleccion\/#article","isPartOf":{"@id":"https:\/\/www.fundacioimpulsa.org\/es\/fin-proceso-seleccion\/"},"author":{"name":"anna","@id":"https:\/\/www.fundacioimpulsa.org\/es\/#\/schema\/person\/8093abda9188d9065d7a02992af09c00"},"headline":"Finalizamos el proceso de selecci\u00f3n con m\u00e1s de 300 solicitudes recibidas para el curso 2024-2025","datePublished":"2024-07-30T16:45:35+00:00","dateModified":"2024-07-31T07:58:56+00:00","mainEntityOfPage":{"@id":"https:\/\/www.fundacioimpulsa.org\/es\/fin-proceso-seleccion\/"},"wordCount":321,"image":{"@id":"https:\/\/www.fundacioimpulsa.org\/es\/fin-proceso-seleccion\/#primaryimage"},"thumbnailUrl":"https:\/\/www.fundacioimpulsa.org\/wp-content\/uploads\/2024\/07\/Portada-noti-Fundacio-Impulsa-1.jpg","articleSection":["D\u00eda a D\u00eda","Noticias"],"inLanguage":"es"},{"@type":"WebPage","@id":"https:\/\/www.fundacioimpulsa.org\/es\/fin-proceso-seleccion\/","url":"https:\/\/www.fundacioimpulsa.org\/es\/fin-proceso-seleccion\/","name":"Finalizamos el proceso de selecci\u00f3n con m\u00e1s de 300 solicitudes recibidas para el curso 2024-2025 - Fundacio Impulsa","isPartOf":{"@id":"https:\/\/www.fundacioimpulsa.org\/es\/#website"},"primaryImageOfPage":{"@id":"https:\/\/www.fundacioimpulsa.org\/es\/fin-proceso-seleccion\/#primaryimage"},"image":{"@id":"https:\/\/www.fundacioimpulsa.org\/es\/fin-proceso-seleccion\/#primaryimage"},"thumbnailUrl":"https:\/\/www.fundacioimpulsa.org\/wp-content\/uploads\/2024\/07\/Portada-noti-Fundacio-Impulsa-1.jpg","datePublished":"2024-07-30T16:45:35+00:00","dateModified":"2024-07-31T07:58:56+00:00","author":{"@id":"https:\/\/www.fundacioimpulsa.org\/es\/#\/schema\/person\/8093abda9188d9065d7a02992af09c00"},"breadcrumb":{"@id":"https:\/\/www.fundacioimpulsa.org\/es\/fin-proceso-seleccion\/#breadcrumb"},"inLanguage":"es","potentialAction":[{"@type":"ReadAction","target":["https:\/\/www.fundacioimpulsa.org\/es\/fin-proceso-seleccion\/"]}]},{"@type":"ImageObject","inLanguage":"es","@id":"https:\/\/www.fundacioimpulsa.org\/es\/fin-proceso-seleccion\/#primaryimage","url":"https:\/\/www.fundacioimpulsa.org\/wp-content\/uploads\/2024\/07\/Portada-noti-Fundacio-Impulsa-1.jpg","contentUrl":"https:\/\/www.fundacioimpulsa.org\/wp-content\/uploads\/2024\/07\/Portada-noti-Fundacio-Impulsa-1.jpg","width":700,"height":483},{"@type":"BreadcrumbList","@id":"https:\/\/www.fundacioimpulsa.org\/es\/fin-proceso-seleccion\/#breadcrumb","itemListElement":[{"@type":"ListItem","position":1,"name":"Inici","item":"https:\/\/www.fundacioimpulsa.org\/es\/fundacio-impulsa\/"},{"@type":"ListItem","position":2,"name":"Finalizamos el proceso de selecci\u00f3n con m\u00e1s de 300 solicitudes recibidas para el curso 2024-2025"}]},{"@type":"WebSite","@id":"https:\/\/www.fundacioimpulsa.org\/es\/#website","url":"https:\/\/www.fundacioimpulsa.org\/es\/","name":"Fundacio Impulsa","description":"","potentialAction":[{"@type":"SearchAction","target":{"@type":"EntryPoint","urlTemplate":"https:\/\/www.fundacioimpulsa.org\/es\/?s={search_term_string}"},"query-input":{"@type":"PropertyValueSpecification","valueRequired":true,"valueName":"search_term_string"}}],"inLanguage":"es"},{"@type":"Person","@id":"https:\/\/www.fundacioimpulsa.org\/es\/#\/schema\/person\/8093abda9188d9065d7a02992af09c00","name":"anna","image":{"@type":"ImageObject","inLanguage":"es","@id":"https:\/\/secure.gravatar.com\/avatar\/098ca997a3814bde9b9ec5e5dfa4ad0ee9a251cd4cf1b86b7c008606c50d48c9?s=96&d=mm&r=g","url":"https:\/\/secure.gravatar.com\/avatar\/098ca997a3814bde9b9ec5e5dfa4ad0ee9a251cd4cf1b86b7c008606c50d48c9?s=96&d=mm&r=g","contentUrl":"https:\/\/secure.gravatar.com\/avatar\/098ca997a3814bde9b9ec5e5dfa4ad0ee9a251cd4cf1b86b7c008606c50d48c9?s=96&d=mm&r=g","caption":"anna"},"url":"https:\/\/www.fundacioimpulsa.org\/es\/author\/anna\/"}]}},"publishpress_future_action":{"enabled":false,"date":"2026-05-06 12:50:07","action":"change-status","newStatus":"draft","terms":[],"taxonomy":"category","extraData":[]},"publishpress_future_workflow_manual_trigger":{"enabledWorkflows":[]},"_links":{"self":[{"href":"https:\/\/www.fundacioimpulsa.org\/es\/wp-json\/wp\/v2\/posts\/11724","targetHints":{"allow":["GET"]}}],"collection":[{"href":"https:\/\/www.fundacioimpulsa.org\/es\/wp-json\/wp\/v2\/posts"}],"about":[{"href":"https:\/\/www.fundacioimpulsa.org\/es\/wp-json\/wp\/v2\/types\/post"}],"author":[{"embeddable":true,"href":"https:\/\/www.fundacioimpulsa.org\/es\/wp-json\/wp\/v2\/users\/10"}],"replies":[{"embeddable":true,"href":"https:\/\/www.fundacioimpulsa.org\/es\/wp-json\/wp\/v2\/comments?post=11724"}],"version-history":[{"count":2,"href":"https:\/\/www.fundacioimpulsa.org\/es\/wp-json\/wp\/v2\/posts\/11724\/revisions"}],"predecessor-version":[{"id":11736,"href":"https:\/\/www.fundacioimpulsa.org\/es\/wp-json\/wp\/v2\/posts\/11724\/revisions\/11736"}],"wp:featuredmedia":[{"embeddable":true,"href":"https:\/\/www.fundacioimpulsa.org\/es\/wp-json\/wp\/v2\/media\/11727"}],"wp:attachment":[{"href":"https:\/\/www.fundacioimpulsa.org\/es\/wp-json\/wp\/v2\/media?parent=11724"}],"wp:term":[{"taxonomy":"category","embeddable":true,"href":"https:\/\/www.fundacioimpulsa.org\/es\/wp-json\/wp\/v2\/categories?post=11724"},{"taxonomy":"post_tag","embeddable":true,"href":"https:\/\/www.fundacioimpulsa.org\/es\/wp-json\/wp\/v2\/tags?post=11724"}],"curies":[{"name":"wp","href":"https:\/\/api.w.org\/{rel}","templated":true}]}}