{"id":11733,"date":"2024-07-31T09:52:12","date_gmt":"2024-07-31T07:52:12","guid":{"rendered":"https:\/\/www.fundacioimpulsa.org\/?p=11733"},"modified":"2024-08-01T16:51:18","modified_gmt":"2024-08-01T14:51:18","slug":"ayuntamiento-terraza","status":"publish","type":"post","link":"https:\/\/www.fundacioimpulsa.org\/es\/ayuntamiento-terraza\/","title":{"rendered":"El Ayuntamiento de Terrassa se suma a la Red de Organizaciones Impulsoras para apoyar a los j\u00f3venes terrassenses becados por la Fundaci\u00f3n Impulsa"},"content":{"rendered":"<p><img loading=\"lazy\" decoding=\"async\" class=\"alignnone wp-image-11713\" src=\"https:\/\/www.fundacioimpulsa.org\/wp-content\/uploads\/2024\/07\/Portada-noti-Fundacio-Impulsa-39-300x207.jpg\" alt=\"\" width=\"720\" height=\"497\" srcset=\"https:\/\/www.fundacioimpulsa.org\/wp-content\/uploads\/2024\/07\/Portada-noti-Fundacio-Impulsa-39-300x207.jpg 300w, https:\/\/www.fundacioimpulsa.org\/wp-content\/uploads\/2024\/07\/Portada-noti-Fundacio-Impulsa-39-306x211.jpg 306w, https:\/\/www.fundacioimpulsa.org\/wp-content\/uploads\/2024\/07\/Portada-noti-Fundacio-Impulsa-39.jpg 700w\" sizes=\"auto, (max-width: 720px) 100vw, 720px\" \/><\/p>\n<p>Damos por finalizado este curso 2023-2024 con la firma de un convenio de colaboraci\u00f3n entre el Ayuntamiento de Terrassa y la Fundaci\u00f3n Impulsa para cofinanzar la beca y el acompa\u00f1amiento que Impulsa ofrece a algunos j\u00f3venes de la ciudad para cursar sus estudios de Formaci\u00f3n Profesional.\u00a0En concreto, este curso pasado han sido 48 los j\u00f3venes que han recibido esta ayuda en la ciudad, y ya es el tercer a\u00f1o consecutivo que desde Impulsa se becan j\u00f3venes en situaci\u00f3n de vulnerabilidad y con motivaci\u00f3n para continuar estudiando en esta capital del Vall\u00e8s Occidental.<\/p>\n<p>Los j\u00f3venes que acceden a la Fundaci\u00f3n Impulsa reciben una beca econ\u00f3mica para financiar sus estudios, y tambi\u00e9n se les proporciona un acompa\u00f1amiento integral, ofreciendo apoyo en diferentes \u00e1mbitos: <strong>tecnol\u00f3gico<\/strong>, con la donaci\u00f3n de un ordenador port\u00e1til; <strong>humano<\/strong>, con formaciones transversales y la vinculaci\u00f3n a una entidad del territorio; <strong>social<\/strong>, con el acompa\u00f1amiento de una persona mentora, y <strong>laboral<\/strong>, con formaciones, estancias formativas en empresas y su inserci\u00f3n laboral.<\/p>\n<p>La Fundaci\u00f3n Impulsa promueve relaciones de mentor\u00eda transformadoras entre j\u00f3venes y mentores. El mentor es una persona voluntaria, con experiencia vital y profesional, que acompa\u00f1a a los j\u00f3venes a trav\u00e9s de encuentros que estimulan su pensamiento y reflexi\u00f3n. Son relaciones de confianza que potencian el crecimiento personal, social y profesional de los j\u00f3venes y de las personas mentoras.<\/p>\n<blockquote><p><strong>Carles Cuy\u00e0s<\/strong>, Presidente de la Fundaci\u00f3n Impulsa, explica que \u201cpara nosotros \u00a0contar con este apoyo econ\u00f3mico por parte del Ayuntamiento de Terrassa es clave para poder dar continuidad el proyecto a la ciudad, y seguir impulsando el futuro de los j\u00f3venes terrasenses que m\u00e1s lo necesitan.\u201d Y a\u00f1ade que \u00abImpulsa es un proyecto importante en una ciudad como Terrassa, ya que acerca a los j\u00f3venes a las necesidades reales del territorio y los encamina hacia un futuro laboral con oportunidades\u00bb<\/p><\/blockquote>\n<p><img loading=\"lazy\" decoding=\"async\" class=\"alignnone wp-image-11717\" src=\"https:\/\/www.fundacioimpulsa.org\/wp-content\/uploads\/2024\/07\/LogoPEE_color_2023-2-300x144.png\" alt=\"\" width=\"123\" height=\"59\" srcset=\"https:\/\/www.fundacioimpulsa.org\/wp-content\/uploads\/2024\/07\/LogoPEE_color_2023-2-300x144.png 300w, https:\/\/www.fundacioimpulsa.org\/wp-content\/uploads\/2024\/07\/LogoPEE_color_2023-2-705x339.png 705w, https:\/\/www.fundacioimpulsa.org\/wp-content\/uploads\/2024\/07\/LogoPEE_color_2023-2-315x151.png 315w, https:\/\/www.fundacioimpulsa.org\/wp-content\/uploads\/2024\/07\/LogoPEE_color_2023-2.png 768w\" sizes=\"auto, (max-width: 123px) 100vw, 123px\" \/><\/p>\n<p><img loading=\"lazy\" decoding=\"async\" class=\"alignnone wp-image-11715\" src=\"https:\/\/www.fundacioimpulsa.org\/wp-content\/uploads\/2024\/07\/Logo-next-300x26.jpg\" alt=\"\" width=\"438\" height=\"39\" srcset=\"https:\/\/www.fundacioimpulsa.org\/wp-content\/uploads\/2024\/07\/Logo-next-300x26.jpg 300w, https:\/\/www.fundacioimpulsa.org\/wp-content\/uploads\/2024\/07\/Logo-next-1030x91.jpg 1030w, https:\/\/www.fundacioimpulsa.org\/wp-content\/uploads\/2024\/07\/Logo-next-768x68.jpg 768w, https:\/\/www.fundacioimpulsa.org\/wp-content\/uploads\/2024\/07\/Logo-next-1536x135.jpg 1536w, https:\/\/www.fundacioimpulsa.org\/wp-content\/uploads\/2024\/07\/Logo-next-1500x132.jpg 1500w, https:\/\/www.fundacioimpulsa.org\/wp-content\/uploads\/2024\/07\/Logo-next-705x62.jpg 705w, https:\/\/www.fundacioimpulsa.org\/wp-content\/uploads\/2024\/07\/Logo-next-1061x94.jpg 1061w, https:\/\/www.fundacioimpulsa.org\/wp-content\/uploads\/2024\/07\/Logo-next-315x28.jpg 315w, https:\/\/www.fundacioimpulsa.org\/wp-content\/uploads\/2024\/07\/Logo-next.jpg 1600w\" sizes=\"auto, (max-width: 438px) 100vw, 438px\" \/><\/p>\n","protected":false},"excerpt":{"rendered":"<p>Este mes de julio, el Ayuntamiento de Terrassa ha firmado un convenio de colaboraci\u00f3n con la Fundaci\u00f3n Impulsa para cofinanciar la beca y el acompa\u00f1amiento que la Fundaci\u00f3n Impulsa ofrece a algunos j\u00f3venes terrassenses para cursar sus estudios en ciclos de Formaci\u00f3n Profesional. En concreto, este curso pasado han sido 48 los j\u00f3venes que han recibido esta ayuda en la ciudad, y ya es el tercer a\u00f1o consecutivo que desde Impulsa se becan j\u00f3venes en situaci\u00f3n de vulnerabilidad y con motivaci\u00f3n para continuar estudiando en esta capital del Vall\u00e8s Occidental.<\/p>\n","protected":false},"author":10,"featured_media":11713,"comment_status":"closed","ping_status":"closed","sticky":false,"template":"","format":"standard","meta":{"_acf_changed":false,"footnotes":""},"categories":[72,76],"tags":[],"class_list":["post-11733","post","type-post","status-publish","format-standard","has-post-thumbnail","hentry","category-dia-a-dia-es","category-noticies-es"],"acf":[],"yoast_head":"<!-- This site is optimized with the Yoast SEO plugin v27.3 - https:\/\/yoast.com\/product\/yoast-seo-wordpress\/ -->\n<title>El Ayuntamiento de Terrassa se suma a la Red de Organizaciones Impulsoras para apoyar a los j\u00f3venes terrassenses becados por la Fundaci\u00f3n Impulsa - Fundacio Impulsa<\/title>\n<meta name=\"robots\" content=\"index, follow, max-snippet:-1, max-image-preview:large, max-video-preview:-1\" \/>\n<link rel=\"canonical\" href=\"https:\/\/www.fundacioimpulsa.org\/es\/ayuntamiento-terraza\/\" \/>\n<meta property=\"og:locale\" content=\"es_ES\" \/>\n<meta property=\"og:type\" content=\"article\" \/>\n<meta property=\"og:title\" content=\"El Ayuntamiento de Terrassa se suma a la Red de Organizaciones Impulsoras para apoyar a los j\u00f3venes terrassenses becados por la Fundaci\u00f3n Impulsa - Fundacio Impulsa\" \/>\n<meta property=\"og:description\" content=\"Este mes de julio, el Ayuntamiento de Terrassa ha firmado un convenio de colaboraci\u00f3n con la Fundaci\u00f3n Impulsa para cofinanciar la beca y el acompa\u00f1amiento que la Fundaci\u00f3n Impulsa ofrece a algunos j\u00f3venes terrassenses para cursar sus estudios en ciclos de Formaci\u00f3n Profesional. En concreto, este curso pasado han sido 48 los j\u00f3venes que han recibido esta ayuda en la ciudad, y ya es el tercer a\u00f1o consecutivo que desde Impulsa se becan j\u00f3venes en situaci\u00f3n de vulnerabilidad y con motivaci\u00f3n para continuar estudiando en esta capital del Vall\u00e8s Occidental.\" \/>\n<meta property=\"og:url\" content=\"https:\/\/www.fundacioimpulsa.org\/es\/ayuntamiento-terraza\/\" \/>\n<meta property=\"og:site_name\" content=\"Fundacio Impulsa\" \/>\n<meta property=\"article:published_time\" content=\"2024-07-31T07:52:12+00:00\" \/>\n<meta property=\"article:modified_time\" content=\"2024-08-01T14:51:18+00:00\" \/>\n<meta property=\"og:image\" content=\"https:\/\/www.fundacioimpulsa.org\/wp-content\/uploads\/2024\/07\/Portada-noti-Fundacio-Impulsa-39.jpg\" \/>\n\t<meta property=\"og:image:width\" content=\"700\" \/>\n\t<meta property=\"og:image:height\" content=\"483\" \/>\n\t<meta property=\"og:image:type\" content=\"image\/jpeg\" \/>\n<meta name=\"author\" content=\"anna\" \/>\n<meta name=\"twitter:card\" content=\"summary_large_image\" \/>\n<meta name=\"twitter:label1\" content=\"Escrito por\" \/>\n\t<meta name=\"twitter:data1\" content=\"anna\" \/>\n\t<meta name=\"twitter:label2\" content=\"Tiempo de lectura\" \/>\n\t<meta name=\"twitter:data2\" content=\"2 minutos\" \/>\n<script type=\"application\/ld+json\" class=\"yoast-schema-graph\">{\"@context\":\"https:\\\/\\\/schema.org\",\"@graph\":[{\"@type\":\"Article\",\"@id\":\"https:\\\/\\\/www.fundacioimpulsa.org\\\/es\\\/ayuntamiento-terraza\\\/#article\",\"isPartOf\":{\"@id\":\"https:\\\/\\\/www.fundacioimpulsa.org\\\/es\\\/ayuntamiento-terraza\\\/\"},\"author\":{\"name\":\"anna\",\"@id\":\"https:\\\/\\\/www.fundacioimpulsa.org\\\/es\\\/#\\\/schema\\\/person\\\/8093abda9188d9065d7a02992af09c00\"},\"headline\":\"El Ayuntamiento de Terrassa se suma a la Red de Organizaciones Impulsoras para apoyar a los j\u00f3venes terrassenses becados por la Fundaci\u00f3n Impulsa\",\"datePublished\":\"2024-07-31T07:52:12+00:00\",\"dateModified\":\"2024-08-01T14:51:18+00:00\",\"mainEntityOfPage\":{\"@id\":\"https:\\\/\\\/www.fundacioimpulsa.org\\\/es\\\/ayuntamiento-terraza\\\/\"},\"wordCount\":361,\"image\":{\"@id\":\"https:\\\/\\\/www.fundacioimpulsa.org\\\/es\\\/ayuntamiento-terraza\\\/#primaryimage\"},\"thumbnailUrl\":\"https:\\\/\\\/www.fundacioimpulsa.org\\\/wp-content\\\/uploads\\\/2024\\\/07\\\/Portada-noti-Fundacio-Impulsa-39.jpg\",\"articleSection\":[\"D\u00eda a D\u00eda\",\"Noticias\"],\"inLanguage\":\"es\"},{\"@type\":\"WebPage\",\"@id\":\"https:\\\/\\\/www.fundacioimpulsa.org\\\/es\\\/ayuntamiento-terraza\\\/\",\"url\":\"https:\\\/\\\/www.fundacioimpulsa.org\\\/es\\\/ayuntamiento-terraza\\\/\",\"name\":\"El Ayuntamiento de Terrassa se suma a la Red de Organizaciones Impulsoras para apoyar a los j\u00f3venes terrassenses becados por la Fundaci\u00f3n Impulsa - Fundacio Impulsa\",\"isPartOf\":{\"@id\":\"https:\\\/\\\/www.fundacioimpulsa.org\\\/es\\\/#website\"},\"primaryImageOfPage\":{\"@id\":\"https:\\\/\\\/www.fundacioimpulsa.org\\\/es\\\/ayuntamiento-terraza\\\/#primaryimage\"},\"image\":{\"@id\":\"https:\\\/\\\/www.fundacioimpulsa.org\\\/es\\\/ayuntamiento-terraza\\\/#primaryimage\"},\"thumbnailUrl\":\"https:\\\/\\\/www.fundacioimpulsa.org\\\/wp-content\\\/uploads\\\/2024\\\/07\\\/Portada-noti-Fundacio-Impulsa-39.jpg\",\"datePublished\":\"2024-07-31T07:52:12+00:00\",\"dateModified\":\"2024-08-01T14:51:18+00:00\",\"author\":{\"@id\":\"https:\\\/\\\/www.fundacioimpulsa.org\\\/es\\\/#\\\/schema\\\/person\\\/8093abda9188d9065d7a02992af09c00\"},\"breadcrumb\":{\"@id\":\"https:\\\/\\\/www.fundacioimpulsa.org\\\/es\\\/ayuntamiento-terraza\\\/#breadcrumb\"},\"inLanguage\":\"es\",\"potentialAction\":[{\"@type\":\"ReadAction\",\"target\":[\"https:\\\/\\\/www.fundacioimpulsa.org\\\/es\\\/ayuntamiento-terraza\\\/\"]}]},{\"@type\":\"ImageObject\",\"inLanguage\":\"es\",\"@id\":\"https:\\\/\\\/www.fundacioimpulsa.org\\\/es\\\/ayuntamiento-terraza\\\/#primaryimage\",\"url\":\"https:\\\/\\\/www.fundacioimpulsa.org\\\/wp-content\\\/uploads\\\/2024\\\/07\\\/Portada-noti-Fundacio-Impulsa-39.jpg\",\"contentUrl\":\"https:\\\/\\\/www.fundacioimpulsa.org\\\/wp-content\\\/uploads\\\/2024\\\/07\\\/Portada-noti-Fundacio-Impulsa-39.jpg\",\"width\":700,\"height\":483},{\"@type\":\"BreadcrumbList\",\"@id\":\"https:\\\/\\\/www.fundacioimpulsa.org\\\/es\\\/ayuntamiento-terraza\\\/#breadcrumb\",\"itemListElement\":[{\"@type\":\"ListItem\",\"position\":1,\"name\":\"Inici\",\"item\":\"https:\\\/\\\/www.fundacioimpulsa.org\\\/es\\\/fundacio-impulsa\\\/\"},{\"@type\":\"ListItem\",\"position\":2,\"name\":\"El Ayuntamiento de Terrassa se suma a la Red de Organizaciones Impulsoras para apoyar a los j\u00f3venes terrassenses becados por la Fundaci\u00f3n Impulsa\"}]},{\"@type\":\"WebSite\",\"@id\":\"https:\\\/\\\/www.fundacioimpulsa.org\\\/es\\\/#website\",\"url\":\"https:\\\/\\\/www.fundacioimpulsa.org\\\/es\\\/\",\"name\":\"Fundacio Impulsa\",\"description\":\"\",\"potentialAction\":[{\"@type\":\"SearchAction\",\"target\":{\"@type\":\"EntryPoint\",\"urlTemplate\":\"https:\\\/\\\/www.fundacioimpulsa.org\\\/es\\\/?s={search_term_string}\"},\"query-input\":{\"@type\":\"PropertyValueSpecification\",\"valueRequired\":true,\"valueName\":\"search_term_string\"}}],\"inLanguage\":\"es\"},{\"@type\":\"Person\",\"@id\":\"https:\\\/\\\/www.fundacioimpulsa.org\\\/es\\\/#\\\/schema\\\/person\\\/8093abda9188d9065d7a02992af09c00\",\"name\":\"anna\",\"image\":{\"@type\":\"ImageObject\",\"inLanguage\":\"es\",\"@id\":\"https:\\\/\\\/secure.gravatar.com\\\/avatar\\\/098ca997a3814bde9b9ec5e5dfa4ad0ee9a251cd4cf1b86b7c008606c50d48c9?s=96&d=mm&r=g\",\"url\":\"https:\\\/\\\/secure.gravatar.com\\\/avatar\\\/098ca997a3814bde9b9ec5e5dfa4ad0ee9a251cd4cf1b86b7c008606c50d48c9?s=96&d=mm&r=g\",\"contentUrl\":\"https:\\\/\\\/secure.gravatar.com\\\/avatar\\\/098ca997a3814bde9b9ec5e5dfa4ad0ee9a251cd4cf1b86b7c008606c50d48c9?s=96&d=mm&r=g\",\"caption\":\"anna\"},\"url\":\"https:\\\/\\\/www.fundacioimpulsa.org\\\/es\\\/author\\\/anna\\\/\"}]}<\/script>\n<!-- \/ Yoast SEO plugin. -->","yoast_head_json":{"title":"El Ayuntamiento de Terrassa se suma a la Red de Organizaciones Impulsoras para apoyar a los j\u00f3venes terrassenses becados por la Fundaci\u00f3n Impulsa - Fundacio Impulsa","robots":{"index":"index","follow":"follow","max-snippet":"max-snippet:-1","max-image-preview":"max-image-preview:large","max-video-preview":"max-video-preview:-1"},"canonical":"https:\/\/www.fundacioimpulsa.org\/es\/ayuntamiento-terraza\/","og_locale":"es_ES","og_type":"article","og_title":"El Ayuntamiento de Terrassa se suma a la Red de Organizaciones Impulsoras para apoyar a los j\u00f3venes terrassenses becados por la Fundaci\u00f3n Impulsa - Fundacio Impulsa","og_description":"Este mes de julio, el Ayuntamiento de Terrassa ha firmado un convenio de colaboraci\u00f3n con la Fundaci\u00f3n Impulsa para cofinanciar la beca y el acompa\u00f1amiento que la Fundaci\u00f3n Impulsa ofrece a algunos j\u00f3venes terrassenses para cursar sus estudios en ciclos de Formaci\u00f3n Profesional. En concreto, este curso pasado han sido 48 los j\u00f3venes que han recibido esta ayuda en la ciudad, y ya es el tercer a\u00f1o consecutivo que desde Impulsa se becan j\u00f3venes en situaci\u00f3n de vulnerabilidad y con motivaci\u00f3n para continuar estudiando en esta capital del Vall\u00e8s Occidental.","og_url":"https:\/\/www.fundacioimpulsa.org\/es\/ayuntamiento-terraza\/","og_site_name":"Fundacio Impulsa","article_published_time":"2024-07-31T07:52:12+00:00","article_modified_time":"2024-08-01T14:51:18+00:00","og_image":[{"width":700,"height":483,"url":"https:\/\/www.fundacioimpulsa.org\/wp-content\/uploads\/2024\/07\/Portada-noti-Fundacio-Impulsa-39.jpg","type":"image\/jpeg"}],"author":"anna","twitter_card":"summary_large_image","twitter_misc":{"Escrito por":"anna","Tiempo de lectura":"2 minutos"},"schema":{"@context":"https:\/\/schema.org","@graph":[{"@type":"Article","@id":"https:\/\/www.fundacioimpulsa.org\/es\/ayuntamiento-terraza\/#article","isPartOf":{"@id":"https:\/\/www.fundacioimpulsa.org\/es\/ayuntamiento-terraza\/"},"author":{"name":"anna","@id":"https:\/\/www.fundacioimpulsa.org\/es\/#\/schema\/person\/8093abda9188d9065d7a02992af09c00"},"headline":"El Ayuntamiento de Terrassa se suma a la Red de Organizaciones Impulsoras para apoyar a los j\u00f3venes terrassenses becados por la Fundaci\u00f3n Impulsa","datePublished":"2024-07-31T07:52:12+00:00","dateModified":"2024-08-01T14:51:18+00:00","mainEntityOfPage":{"@id":"https:\/\/www.fundacioimpulsa.org\/es\/ayuntamiento-terraza\/"},"wordCount":361,"image":{"@id":"https:\/\/www.fundacioimpulsa.org\/es\/ayuntamiento-terraza\/#primaryimage"},"thumbnailUrl":"https:\/\/www.fundacioimpulsa.org\/wp-content\/uploads\/2024\/07\/Portada-noti-Fundacio-Impulsa-39.jpg","articleSection":["D\u00eda a D\u00eda","Noticias"],"inLanguage":"es"},{"@type":"WebPage","@id":"https:\/\/www.fundacioimpulsa.org\/es\/ayuntamiento-terraza\/","url":"https:\/\/www.fundacioimpulsa.org\/es\/ayuntamiento-terraza\/","name":"El Ayuntamiento de Terrassa se suma a la Red de Organizaciones Impulsoras para apoyar a los j\u00f3venes terrassenses becados por la Fundaci\u00f3n Impulsa - Fundacio Impulsa","isPartOf":{"@id":"https:\/\/www.fundacioimpulsa.org\/es\/#website"},"primaryImageOfPage":{"@id":"https:\/\/www.fundacioimpulsa.org\/es\/ayuntamiento-terraza\/#primaryimage"},"image":{"@id":"https:\/\/www.fundacioimpulsa.org\/es\/ayuntamiento-terraza\/#primaryimage"},"thumbnailUrl":"https:\/\/www.fundacioimpulsa.org\/wp-content\/uploads\/2024\/07\/Portada-noti-Fundacio-Impulsa-39.jpg","datePublished":"2024-07-31T07:52:12+00:00","dateModified":"2024-08-01T14:51:18+00:00","author":{"@id":"https:\/\/www.fundacioimpulsa.org\/es\/#\/schema\/person\/8093abda9188d9065d7a02992af09c00"},"breadcrumb":{"@id":"https:\/\/www.fundacioimpulsa.org\/es\/ayuntamiento-terraza\/#breadcrumb"},"inLanguage":"es","potentialAction":[{"@type":"ReadAction","target":["https:\/\/www.fundacioimpulsa.org\/es\/ayuntamiento-terraza\/"]}]},{"@type":"ImageObject","inLanguage":"es","@id":"https:\/\/www.fundacioimpulsa.org\/es\/ayuntamiento-terraza\/#primaryimage","url":"https:\/\/www.fundacioimpulsa.org\/wp-content\/uploads\/2024\/07\/Portada-noti-Fundacio-Impulsa-39.jpg","contentUrl":"https:\/\/www.fundacioimpulsa.org\/wp-content\/uploads\/2024\/07\/Portada-noti-Fundacio-Impulsa-39.jpg","width":700,"height":483},{"@type":"BreadcrumbList","@id":"https:\/\/www.fundacioimpulsa.org\/es\/ayuntamiento-terraza\/#breadcrumb","itemListElement":[{"@type":"ListItem","position":1,"name":"Inici","item":"https:\/\/www.fundacioimpulsa.org\/es\/fundacio-impulsa\/"},{"@type":"ListItem","position":2,"name":"El Ayuntamiento de Terrassa se suma a la Red de Organizaciones Impulsoras para apoyar a los j\u00f3venes terrassenses becados por la Fundaci\u00f3n Impulsa"}]},{"@type":"WebSite","@id":"https:\/\/www.fundacioimpulsa.org\/es\/#website","url":"https:\/\/www.fundacioimpulsa.org\/es\/","name":"Fundacio Impulsa","description":"","potentialAction":[{"@type":"SearchAction","target":{"@type":"EntryPoint","urlTemplate":"https:\/\/www.fundacioimpulsa.org\/es\/?s={search_term_string}"},"query-input":{"@type":"PropertyValueSpecification","valueRequired":true,"valueName":"search_term_string"}}],"inLanguage":"es"},{"@type":"Person","@id":"https:\/\/www.fundacioimpulsa.org\/es\/#\/schema\/person\/8093abda9188d9065d7a02992af09c00","name":"anna","image":{"@type":"ImageObject","inLanguage":"es","@id":"https:\/\/secure.gravatar.com\/avatar\/098ca997a3814bde9b9ec5e5dfa4ad0ee9a251cd4cf1b86b7c008606c50d48c9?s=96&d=mm&r=g","url":"https:\/\/secure.gravatar.com\/avatar\/098ca997a3814bde9b9ec5e5dfa4ad0ee9a251cd4cf1b86b7c008606c50d48c9?s=96&d=mm&r=g","contentUrl":"https:\/\/secure.gravatar.com\/avatar\/098ca997a3814bde9b9ec5e5dfa4ad0ee9a251cd4cf1b86b7c008606c50d48c9?s=96&d=mm&r=g","caption":"anna"},"url":"https:\/\/www.fundacioimpulsa.org\/es\/author\/anna\/"}]}},"publishpress_future_action":{"enabled":false,"date":"2026-05-06 12:25:35","action":"change-status","newStatus":"draft","terms":[],"taxonomy":"category","extraData":[]},"publishpress_future_workflow_manual_trigger":{"enabledWorkflows":[]},"_links":{"self":[{"href":"https:\/\/www.fundacioimpulsa.org\/es\/wp-json\/wp\/v2\/posts\/11733","targetHints":{"allow":["GET"]}}],"collection":[{"href":"https:\/\/www.fundacioimpulsa.org\/es\/wp-json\/wp\/v2\/posts"}],"about":[{"href":"https:\/\/www.fundacioimpulsa.org\/es\/wp-json\/wp\/v2\/types\/post"}],"author":[{"embeddable":true,"href":"https:\/\/www.fundacioimpulsa.org\/es\/wp-json\/wp\/v2\/users\/10"}],"replies":[{"embeddable":true,"href":"https:\/\/www.fundacioimpulsa.org\/es\/wp-json\/wp\/v2\/comments?post=11733"}],"version-history":[{"count":4,"href":"https:\/\/www.fundacioimpulsa.org\/es\/wp-json\/wp\/v2\/posts\/11733\/revisions"}],"predecessor-version":[{"id":11746,"href":"https:\/\/www.fundacioimpulsa.org\/es\/wp-json\/wp\/v2\/posts\/11733\/revisions\/11746"}],"wp:featuredmedia":[{"embeddable":true,"href":"https:\/\/www.fundacioimpulsa.org\/es\/wp-json\/wp\/v2\/media\/11713"}],"wp:attachment":[{"href":"https:\/\/www.fundacioimpulsa.org\/es\/wp-json\/wp\/v2\/media?parent=11733"}],"wp:term":[{"taxonomy":"category","embeddable":true,"href":"https:\/\/www.fundacioimpulsa.org\/es\/wp-json\/wp\/v2\/categories?post=11733"},{"taxonomy":"post_tag","embeddable":true,"href":"https:\/\/www.fundacioimpulsa.org\/es\/wp-json\/wp\/v2\/tags?post=11733"}],"curies":[{"name":"wp","href":"https:\/\/api.w.org\/{rel}","templated":true}]}}