{"id":12073,"date":"2024-09-17T07:05:50","date_gmt":"2024-09-17T05:05:50","guid":{"rendered":"https:\/\/www.fundacioimpulsa.org\/?p=12073"},"modified":"2024-09-17T15:43:19","modified_gmt":"2024-09-17T13:43:19","slug":"la-mayoria-de-los-trabajos-no-se-han-adaptado-a-los-cambios-de-actitudes-y-aptitudes-que-tienen-los-jovenes-lo-que-provoca-un-desajuste-entre-las-nuevas-generaciones-y-lo-que-la-empresa-espera","status":"publish","type":"post","link":"https:\/\/www.fundacioimpulsa.org\/es\/la-mayoria-de-los-trabajos-no-se-han-adaptado-a-los-cambios-de-actitudes-y-aptitudes-que-tienen-los-jovenes-lo-que-provoca-un-desajuste-entre-las-nuevas-generaciones-y-lo-que-la-empresa-espera\/","title":{"rendered":"\u00abLa mayor\u00eda de los trabajos no se han adaptado a los cambios de actitudes y aptitudes que tienen los j\u00f3venes, lo que provoca un desajuste entre las nuevas generaciones y lo que la empresa espera\u00bb"},"content":{"rendered":"<p><img loading=\"lazy\" decoding=\"async\" class=\"alignnone wp-image-12059\" src=\"https:\/\/www.fundacioimpulsa.org\/wp-content\/uploads\/2024\/09\/Posts-Fundacio-Impulsa-5-e1726550000466.jpg\" alt=\"\" width=\"461\" height=\"461\" \/><\/p>\n<p><a href=\"#\"><span data-contrast=\"none\">#ProtagonistaImpulsa<\/span>\u00a0<\/a><\/p>\n<p><strong>Tania Nadal,<\/strong> embajadora de la Fundaci\u00f3n Impulsa en Sabadell y promotora del voluntariado de ingl\u00e9s por parte de j\u00f3venes y empresas.<\/p>\n<p><strong>Formada en el Haverford College y en la Universidad de Harvard, Estados Unidos, y en el Programa de liderazgo e innovaci\u00f3n de ESADE, la trayectoria profesional de Tania Nadal es extensa. Miembro de la junta directiva de Egarsat, mutua de accidentes de trabajo y del consejo de administraci\u00f3n del grupo hospitalario Cl\u00ednicas Mi, tambi\u00e9n ha sido directora general del Women&#8217;s Health Institute, directora de estrategia de la Fundaci\u00f3n Itinerarium, directora del gabinete de presidencia de Bankinter y consejera delegada de Comerzia, entre otras responsabilidades. Actualmente, es directora gerente de la Cl\u00ednica Tres Torres y presidenta del Consejo Social de la Universidad Aut\u00f3noma de Barcelona, \u200b\u200bes tambi\u00e9n Embajadora de la Fundaci\u00f3n Impulsa en Sabadell e impulsora de las clases gratuitas en Impulsers gracias al voluntariado de j\u00f3venes y empresas.<\/strong><\/p>\n<p><strong>\u00bfTe gusta liderar?<\/strong><br \/>\nMe gusta la direcci\u00f3n de empresa, <strong>porque me gusta entrar en la gesti\u00f3n micro de las organizaciones, encontrar la forma eficiente de hacer funcionar los equipos<\/strong>, etc.<\/p>\n<p><strong>\u00bfPor qu\u00e9 crees que es importante la gesti\u00f3n de equipos?<\/strong><br \/>\n<strong>La materia prima de todos los trabajos son personas y equipos<\/strong>, y es una pieza de la organizaci\u00f3n delicada de gestionar, pero tambi\u00e9n es muy gratificante. Cuando tratas con personas, tratas con todos sus problemas, y esto es cada vez m\u00e1s complicado.<\/p>\n<p><strong>\u00bfCu\u00e1les son los problemas m\u00e1s habituales a la hora de lidiar con el d\u00eda a d\u00eda de los trabajadores y trabajadoras?<\/strong><br \/>\n<strong>Aumentan las bajas, el compromiso con el trabajo cuesta que sea alto<\/strong> y esto es un problema para los valores en los que se est\u00e1 educando. Antes no hab\u00eda tanta movilidad de trabajos, y eso tiene cosas buenas y malas. Existe mucha m\u00e1s informaci\u00f3n que antes y resulta mucho m\u00e1s f\u00e1cil comparar y ver qu\u00e9 se ofrece en otras bandas. <strong>Por lo general, los j\u00f3venes est\u00e1n desencantados<\/strong> con muchos aspectos de la vida; creo que <strong>les falta encontrar la motivaci\u00f3n por exceso de opciones y de informaci\u00f3n<\/strong>. Esto les dificulta saber qu\u00e9 quieren, animarse o motivarse, lo que hace que tengan menos compromiso. Por suerte, no todos son as\u00ed, pero <strong>es algo a tener en cuenta y que se debe trabajar.<\/strong><\/p>\n<p><img loading=\"lazy\" decoding=\"async\" class=\"alignnone wp-image-12062\" src=\"https:\/\/www.fundacioimpulsa.org\/wp-content\/uploads\/2024\/09\/38886911-afdf-fed7-9735-b931867a7f9d-300x225.jpeg\" alt=\"\" width=\"722\" height=\"542\" srcset=\"https:\/\/www.fundacioimpulsa.org\/wp-content\/uploads\/2024\/09\/38886911-afdf-fed7-9735-b931867a7f9d-300x225.jpeg 300w, https:\/\/www.fundacioimpulsa.org\/wp-content\/uploads\/2024\/09\/38886911-afdf-fed7-9735-b931867a7f9d-1030x773.jpeg 1030w, https:\/\/www.fundacioimpulsa.org\/wp-content\/uploads\/2024\/09\/38886911-afdf-fed7-9735-b931867a7f9d-768x576.jpeg 768w, https:\/\/www.fundacioimpulsa.org\/wp-content\/uploads\/2024\/09\/38886911-afdf-fed7-9735-b931867a7f9d-1536x1152.jpeg 1536w, https:\/\/www.fundacioimpulsa.org\/wp-content\/uploads\/2024\/09\/38886911-afdf-fed7-9735-b931867a7f9d-1500x1125.jpeg 1500w, https:\/\/www.fundacioimpulsa.org\/wp-content\/uploads\/2024\/09\/38886911-afdf-fed7-9735-b931867a7f9d-705x529.jpeg 705w, https:\/\/www.fundacioimpulsa.org\/wp-content\/uploads\/2024\/09\/38886911-afdf-fed7-9735-b931867a7f9d-707x530.jpeg 707w, https:\/\/www.fundacioimpulsa.org\/wp-content\/uploads\/2024\/09\/38886911-afdf-fed7-9735-b931867a7f9d-281x211.jpeg 281w, https:\/\/www.fundacioimpulsa.org\/wp-content\/uploads\/2024\/09\/38886911-afdf-fed7-9735-b931867a7f9d.jpeg 2048w\" sizes=\"auto, (max-width: 722px) 100vw, 722px\" \/><\/p>\n<p><strong>\u00bfQu\u00e9 esperan de un joven las empresas?<\/strong><br \/>\nA las empresas todav\u00eda les cuesta entender las nuevas necesidades de los j\u00f3venes. <strong>Antes viv\u00edamos para trabajar y ahora los j\u00f3venes trabajan por vivir.<\/strong> La mayor\u00eda de los trabajos no se han adaptado a los cambios de actitudes y aptitudes que tienen los j\u00f3venes, lo que provoca <strong>un desajuste entre las nuevas generaciones y lo que la empresa espera,<\/strong> sin embargo, en la medida en que como empresas somos capaces de cambiar la mirada, nos encontramos en un momento muy interesante y que <strong>se convierte en un reto para las personas que estamos liderando.<\/strong><\/p>\n<blockquote><p>\u00abA las empresas todav\u00eda les cuesta entender las nuevas necesidades de los j\u00f3venes. Antes viv\u00edamos para trabajar y ahora los j\u00f3venes trabajan para vivir.\u00bb<\/p><\/blockquote>\n<p><strong>\u00bfC\u00f3mo se afronta ese reto?<\/strong><br \/>\nYo intento ser optimista: <strong>creo que es una generaci\u00f3n con mejor formaci\u00f3n que cualquier otra y que tienen much\u00edsimas oportunidades<\/strong>. Cuando se consiga encontrar el equilibrio entre las nuevas generaciones y lo que la empresa espera, ser\u00e1 muy sano para la sociedad. Tambi\u00e9n es necesario reformular la educaci\u00f3n: <strong>hay clases que todav\u00eda se est\u00e1n impartiendo siguiendo la metodolog\u00eda que recib\u00edan nuestros abuelos, y ahora esto no toca.<\/strong> Ni tampoco toca evaluar c\u00f3mo se hace. <strong>Hacen falta formaciones mucho m\u00e1s pr\u00e1cticas<\/strong> que ense\u00f1en a los j\u00f3venes tambi\u00e9n a utilizar las nuevas tecnolog\u00edas para llegar.<\/p>\n<p>\u00abHay que formar m\u00e1s lejos de d\u00f3nde hemos llegado nosotros. Aqu\u00ed <strong>la Formaci\u00f3n Profesional tiene un papel fundamental y se convierte tambi\u00e9n en una forma m\u00e1s atractiva e interesante para que los j\u00f3venes contin\u00faen sus estudios.<\/strong> Adem\u00e1s, son estudios mucho m\u00e1s enfocados a los puestos de trabajo y tambi\u00e9n m\u00e1s buscados por las empresas.s mucho m\u00e1s pr\u00e1cticas que ense\u00f1en tambi\u00e9n a los j\u00f3venes a utilizar las nuevas tecnolog\u00edas para llegar m\u00e1s lejos de d\u00f3nde hemos llegado nosotros. Aqu\u00ed la Formaci\u00f3n Profesional tiene un papel fundamental.\u00bb<\/p>\n<p><strong>\u00bfEs un ejemplo de tu confianza en los j\u00f3venes el hecho de ser la Embajadora de la Fundaci\u00f3n Impulsa en Sabadell? \u00bfC\u00f3mo nace este v\u00ednculo?<\/strong><\/p>\n<p>Por casualidades de la vida, me puse en contacto con la Fundaci\u00f3n Impulsa hace cuatro a\u00f1os por un tema de mentor\u00eda; en EE.UU. la mentor\u00eda est\u00e1 muy arraigada y creo mucho. <strong>Conoc\u00ed el proyecto y lo encontr\u00e9 precioso: ataca un problema muy real<\/strong> que tenemos en la sociedad y <strong>trabaja con j\u00f3venes que viven a 200 metros de casa<\/strong> y que van a la misma escuela que mis hijos; <strong>esto me enamor\u00f3.<\/strong><\/p>\n<p>Por un lado, existen estos j<strong>\u00f3venes que tienen la motivaci\u00f3n para seguir estudiando, pero que les faltan los recursos para hacerlo<\/strong>; y, por otra, <strong>las empresas pidiendo perfiles t\u00e9cnicos para cubrir puestos de trabajo que hoy en d\u00eda no se est\u00e1n cubriendo.<\/strong> Vi clar\u00edsimo <strong>el proyecto, est\u00e1 muy bien pensado<\/strong>, cuenta con un equipo humano impresionante detr\u00e1s y persigue un objetivo muy claro, cuyos resultados prueban que el M\u00e9todo Impulsa funciona y es necesario.<\/p>\n<p><strong>\u00bfC\u00f3mo animas a nuevas empresas a sumarse al proyecto de la Fundaci\u00f3 Impulsa?<\/strong><br \/>\nA cambio de aportaciones relativamente peque\u00f1as,<strong> las empresas tienen la oportunidad de cambiar la vida de personas que est\u00e1n junto a casa y contribuir a tener mano de obra m\u00e1s calificada<\/strong>. Es una ganancia para todos. Adem\u00e1s, tambi\u00e9n les digo que aprovechen para implicarse haciendo mentor\u00eda en las diferentes modalidades que ofrece la Fundaci\u00f3n Impulsa y que se convierte tambi\u00e9n en una herramienta para facilitar a los trabajadores y trabajadoras lo que coment\u00e1bamos antes: m\u00e1s all\u00e1 de un sueldo y un buen horario , los trabajadores piden a las empresas que les ofrezcan cosas fuera del trabajo, y la mentor\u00eda social es una muy buena manera de fidelizar a trabajadores.<\/p>\n<p><strong>Crees mucho en la mentor\u00eda. \u00bfPor qu\u00e9?<\/strong><\/p>\n<p><strong>Es una manera muy bonita y f\u00e1cil de apoyar y acompa\u00f1ar de forma poco intrusiva, pero muy efectiva<\/strong>. Es muy beneficiosa para los mentorados, pero tambi\u00e9n para los mentores; <strong>cada vez hay m\u00e1s personas que<\/strong> sabemos que recibimos mucho m\u00e1s cuando damos a los dem\u00e1s, <strong>aunque no siempre podemos adquirir los compromisos que quisi\u00e9ramos por falta de tiempo<\/strong>. No es f\u00e1cil poder hacerlo de forma flexible y que te aporte tanto como la mentor\u00eda que ofrece la Fundaci\u00f3n Impulsa, que te da una satisfacci\u00f3n muy grande porque vives los resultados en primera persona.<\/p>\n<p><strong>Completa la frase. Para ti, en una palabra, la Fundaci\u00f3n Impulsa es&#8230;<\/strong><\/p>\n<p>Oportunidades.<\/p>\n","protected":false},"excerpt":{"rendered":"<p>#ProtagonistaImpulsa\u00a0 Tania Nadal, embajadora de la Fundaci\u00f3n Impulsa en Sabadell y promotora del voluntariado de ingl\u00e9s por parte de j\u00f3venes y empresas. Formada en el Haverford College y en la Universidad de Harvard, Estados Unidos, y en el Programa de liderazgo e innovaci\u00f3n de ESADE, la trayectoria profesional de Tania Nadal es extensa. Miembro de [&hellip;]<\/p>\n","protected":false},"author":10,"featured_media":12059,"comment_status":"closed","ping_status":"closed","sticky":false,"template":"","format":"standard","meta":{"_acf_changed":false,"footnotes":""},"categories":[84],"tags":[98],"class_list":["post-12073","post","type-post","status-publish","format-standard","has-post-thumbnail","hentry","category-protagonistas-impulsa","tag-protagonistesimpulsa-es"],"acf":[],"yoast_head":"<!-- This site is optimized with the Yoast SEO plugin v27.5 - https:\/\/yoast.com\/product\/yoast-seo-wordpress\/ -->\n<title>&quot;La mayor\u00eda de los trabajos no se han adaptado a los cambios de actitudes y aptitudes que tienen los j\u00f3venes, lo que provoca un desajuste entre las nuevas generaciones y lo que la empresa espera&quot; - Fundacio Impulsa<\/title>\n<meta name=\"robots\" content=\"index, follow, max-snippet:-1, max-image-preview:large, max-video-preview:-1\" \/>\n<link rel=\"canonical\" href=\"https:\/\/www.fundacioimpulsa.org\/es\/la-mayoria-de-los-trabajos-no-se-han-adaptado-a-los-cambios-de-actitudes-y-aptitudes-que-tienen-los-jovenes-lo-que-provoca-un-desajuste-entre-las-nuevas-generaciones-y-lo-que-la-empresa-espera\/\" \/>\n<meta property=\"og:locale\" content=\"es_ES\" \/>\n<meta property=\"og:type\" content=\"article\" \/>\n<meta property=\"og:title\" content=\"&quot;La mayor\u00eda de los trabajos no se han adaptado a los cambios de actitudes y aptitudes que tienen los j\u00f3venes, lo que provoca un desajuste entre las nuevas generaciones y lo que la empresa espera&quot; - Fundacio Impulsa\" \/>\n<meta property=\"og:description\" content=\"#ProtagonistaImpulsa\u00a0 Tania Nadal, embajadora de la Fundaci\u00f3n Impulsa en Sabadell y promotora del voluntariado de ingl\u00e9s por parte de j\u00f3venes y empresas. Formada en el Haverford College y en la Universidad de Harvard, Estados Unidos, y en el Programa de liderazgo e innovaci\u00f3n de ESADE, la trayectoria profesional de Tania Nadal es extensa. Miembro de [&hellip;]\" \/>\n<meta property=\"og:url\" content=\"https:\/\/www.fundacioimpulsa.org\/es\/la-mayoria-de-los-trabajos-no-se-han-adaptado-a-los-cambios-de-actitudes-y-aptitudes-que-tienen-los-jovenes-lo-que-provoca-un-desajuste-entre-las-nuevas-generaciones-y-lo-que-la-empresa-espera\/\" \/>\n<meta property=\"og:site_name\" content=\"Fundacio Impulsa\" \/>\n<meta property=\"article:published_time\" content=\"2024-09-17T05:05:50+00:00\" \/>\n<meta property=\"article:modified_time\" content=\"2024-09-17T13:43:19+00:00\" \/>\n<meta property=\"og:image\" content=\"https:\/\/www.fundacioimpulsa.org\/wp-content\/uploads\/2024\/09\/Posts-Fundacio-Impulsa-5-e1726550000466.jpg\" \/>\n\t<meta property=\"og:image:width\" content=\"1080\" \/>\n\t<meta property=\"og:image:height\" content=\"1080\" \/>\n\t<meta property=\"og:image:type\" content=\"image\/jpeg\" \/>\n<meta name=\"author\" content=\"anna\" \/>\n<meta name=\"twitter:card\" content=\"summary_large_image\" \/>\n<meta name=\"twitter:label1\" content=\"Escrito por\" \/>\n\t<meta name=\"twitter:data1\" content=\"anna\" \/>\n\t<meta name=\"twitter:label2\" content=\"Tiempo de lectura\" \/>\n\t<meta name=\"twitter:data2\" content=\"7 minutos\" \/>\n<script type=\"application\/ld+json\" class=\"yoast-schema-graph\">{\"@context\":\"https:\\\/\\\/schema.org\",\"@graph\":[{\"@type\":\"Article\",\"@id\":\"https:\\\/\\\/www.fundacioimpulsa.org\\\/es\\\/la-mayoria-de-los-trabajos-no-se-han-adaptado-a-los-cambios-de-actitudes-y-aptitudes-que-tienen-los-jovenes-lo-que-provoca-un-desajuste-entre-las-nuevas-generaciones-y-lo-que-la-empresa-espera\\\/#article\",\"isPartOf\":{\"@id\":\"https:\\\/\\\/www.fundacioimpulsa.org\\\/es\\\/la-mayoria-de-los-trabajos-no-se-han-adaptado-a-los-cambios-de-actitudes-y-aptitudes-que-tienen-los-jovenes-lo-que-provoca-un-desajuste-entre-las-nuevas-generaciones-y-lo-que-la-empresa-espera\\\/\"},\"author\":{\"name\":\"anna\",\"@id\":\"https:\\\/\\\/www.fundacioimpulsa.org\\\/es\\\/#\\\/schema\\\/person\\\/8093abda9188d9065d7a02992af09c00\"},\"headline\":\"\u00abLa mayor\u00eda de los trabajos no se han adaptado a los cambios de actitudes y aptitudes que tienen los j\u00f3venes, lo que provoca un desajuste entre las nuevas generaciones y lo que la empresa espera\u00bb\",\"datePublished\":\"2024-09-17T05:05:50+00:00\",\"dateModified\":\"2024-09-17T13:43:19+00:00\",\"mainEntityOfPage\":{\"@id\":\"https:\\\/\\\/www.fundacioimpulsa.org\\\/es\\\/la-mayoria-de-los-trabajos-no-se-han-adaptado-a-los-cambios-de-actitudes-y-aptitudes-que-tienen-los-jovenes-lo-que-provoca-un-desajuste-entre-las-nuevas-generaciones-y-lo-que-la-empresa-espera\\\/\"},\"wordCount\":1248,\"image\":{\"@id\":\"https:\\\/\\\/www.fundacioimpulsa.org\\\/es\\\/la-mayoria-de-los-trabajos-no-se-han-adaptado-a-los-cambios-de-actitudes-y-aptitudes-que-tienen-los-jovenes-lo-que-provoca-un-desajuste-entre-las-nuevas-generaciones-y-lo-que-la-empresa-espera\\\/#primaryimage\"},\"thumbnailUrl\":\"https:\\\/\\\/www.fundacioimpulsa.org\\\/wp-content\\\/uploads\\\/2024\\\/09\\\/Posts-Fundacio-Impulsa-5-e1726550000466.jpg\",\"keywords\":[\"#ProtagonistasImpulsa\"],\"articleSection\":[\"Protagonistas Impulsa\"],\"inLanguage\":\"es\"},{\"@type\":\"WebPage\",\"@id\":\"https:\\\/\\\/www.fundacioimpulsa.org\\\/es\\\/la-mayoria-de-los-trabajos-no-se-han-adaptado-a-los-cambios-de-actitudes-y-aptitudes-que-tienen-los-jovenes-lo-que-provoca-un-desajuste-entre-las-nuevas-generaciones-y-lo-que-la-empresa-espera\\\/\",\"url\":\"https:\\\/\\\/www.fundacioimpulsa.org\\\/es\\\/la-mayoria-de-los-trabajos-no-se-han-adaptado-a-los-cambios-de-actitudes-y-aptitudes-que-tienen-los-jovenes-lo-que-provoca-un-desajuste-entre-las-nuevas-generaciones-y-lo-que-la-empresa-espera\\\/\",\"name\":\"\\\"La mayor\u00eda de los trabajos no se han adaptado a los cambios de actitudes y aptitudes que tienen los j\u00f3venes, lo que provoca un desajuste entre las nuevas generaciones y lo que la empresa espera\\\" - Fundacio Impulsa\",\"isPartOf\":{\"@id\":\"https:\\\/\\\/www.fundacioimpulsa.org\\\/es\\\/#website\"},\"primaryImageOfPage\":{\"@id\":\"https:\\\/\\\/www.fundacioimpulsa.org\\\/es\\\/la-mayoria-de-los-trabajos-no-se-han-adaptado-a-los-cambios-de-actitudes-y-aptitudes-que-tienen-los-jovenes-lo-que-provoca-un-desajuste-entre-las-nuevas-generaciones-y-lo-que-la-empresa-espera\\\/#primaryimage\"},\"image\":{\"@id\":\"https:\\\/\\\/www.fundacioimpulsa.org\\\/es\\\/la-mayoria-de-los-trabajos-no-se-han-adaptado-a-los-cambios-de-actitudes-y-aptitudes-que-tienen-los-jovenes-lo-que-provoca-un-desajuste-entre-las-nuevas-generaciones-y-lo-que-la-empresa-espera\\\/#primaryimage\"},\"thumbnailUrl\":\"https:\\\/\\\/www.fundacioimpulsa.org\\\/wp-content\\\/uploads\\\/2024\\\/09\\\/Posts-Fundacio-Impulsa-5-e1726550000466.jpg\",\"datePublished\":\"2024-09-17T05:05:50+00:00\",\"dateModified\":\"2024-09-17T13:43:19+00:00\",\"author\":{\"@id\":\"https:\\\/\\\/www.fundacioimpulsa.org\\\/es\\\/#\\\/schema\\\/person\\\/8093abda9188d9065d7a02992af09c00\"},\"breadcrumb\":{\"@id\":\"https:\\\/\\\/www.fundacioimpulsa.org\\\/es\\\/la-mayoria-de-los-trabajos-no-se-han-adaptado-a-los-cambios-de-actitudes-y-aptitudes-que-tienen-los-jovenes-lo-que-provoca-un-desajuste-entre-las-nuevas-generaciones-y-lo-que-la-empresa-espera\\\/#breadcrumb\"},\"inLanguage\":\"es\",\"potentialAction\":[{\"@type\":\"ReadAction\",\"target\":[\"https:\\\/\\\/www.fundacioimpulsa.org\\\/es\\\/la-mayoria-de-los-trabajos-no-se-han-adaptado-a-los-cambios-de-actitudes-y-aptitudes-que-tienen-los-jovenes-lo-que-provoca-un-desajuste-entre-las-nuevas-generaciones-y-lo-que-la-empresa-espera\\\/\"]}]},{\"@type\":\"ImageObject\",\"inLanguage\":\"es\",\"@id\":\"https:\\\/\\\/www.fundacioimpulsa.org\\\/es\\\/la-mayoria-de-los-trabajos-no-se-han-adaptado-a-los-cambios-de-actitudes-y-aptitudes-que-tienen-los-jovenes-lo-que-provoca-un-desajuste-entre-las-nuevas-generaciones-y-lo-que-la-empresa-espera\\\/#primaryimage\",\"url\":\"https:\\\/\\\/www.fundacioimpulsa.org\\\/wp-content\\\/uploads\\\/2024\\\/09\\\/Posts-Fundacio-Impulsa-5-e1726550000466.jpg\",\"contentUrl\":\"https:\\\/\\\/www.fundacioimpulsa.org\\\/wp-content\\\/uploads\\\/2024\\\/09\\\/Posts-Fundacio-Impulsa-5-e1726550000466.jpg\",\"width\":1080,\"height\":1080},{\"@type\":\"BreadcrumbList\",\"@id\":\"https:\\\/\\\/www.fundacioimpulsa.org\\\/es\\\/la-mayoria-de-los-trabajos-no-se-han-adaptado-a-los-cambios-de-actitudes-y-aptitudes-que-tienen-los-jovenes-lo-que-provoca-un-desajuste-entre-las-nuevas-generaciones-y-lo-que-la-empresa-espera\\\/#breadcrumb\",\"itemListElement\":[{\"@type\":\"ListItem\",\"position\":1,\"name\":\"Inici\",\"item\":\"https:\\\/\\\/www.fundacioimpulsa.org\\\/es\\\/fundacio-impulsa\\\/\"},{\"@type\":\"ListItem\",\"position\":2,\"name\":\"&#8220;La mayor\u00eda de los trabajos no se han adaptado a los cambios de actitudes y aptitudes que tienen los j\u00f3venes, lo que provoca un desajuste entre las nuevas generaciones y lo que la empresa espera&#8221;\"}]},{\"@type\":\"WebSite\",\"@id\":\"https:\\\/\\\/www.fundacioimpulsa.org\\\/es\\\/#website\",\"url\":\"https:\\\/\\\/www.fundacioimpulsa.org\\\/es\\\/\",\"name\":\"Fundacio Impulsa\",\"description\":\"\",\"potentialAction\":[{\"@type\":\"SearchAction\",\"target\":{\"@type\":\"EntryPoint\",\"urlTemplate\":\"https:\\\/\\\/www.fundacioimpulsa.org\\\/es\\\/?s={search_term_string}\"},\"query-input\":{\"@type\":\"PropertyValueSpecification\",\"valueRequired\":true,\"valueName\":\"search_term_string\"}}],\"inLanguage\":\"es\"},{\"@type\":\"Person\",\"@id\":\"https:\\\/\\\/www.fundacioimpulsa.org\\\/es\\\/#\\\/schema\\\/person\\\/8093abda9188d9065d7a02992af09c00\",\"name\":\"anna\",\"image\":{\"@type\":\"ImageObject\",\"inLanguage\":\"es\",\"@id\":\"https:\\\/\\\/secure.gravatar.com\\\/avatar\\\/098ca997a3814bde9b9ec5e5dfa4ad0ee9a251cd4cf1b86b7c008606c50d48c9?s=96&d=mm&r=g\",\"url\":\"https:\\\/\\\/secure.gravatar.com\\\/avatar\\\/098ca997a3814bde9b9ec5e5dfa4ad0ee9a251cd4cf1b86b7c008606c50d48c9?s=96&d=mm&r=g\",\"contentUrl\":\"https:\\\/\\\/secure.gravatar.com\\\/avatar\\\/098ca997a3814bde9b9ec5e5dfa4ad0ee9a251cd4cf1b86b7c008606c50d48c9?s=96&d=mm&r=g\",\"caption\":\"anna\"},\"url\":\"https:\\\/\\\/www.fundacioimpulsa.org\\\/es\\\/author\\\/anna\\\/\"}]}<\/script>\n<!-- \/ Yoast SEO plugin. -->","yoast_head_json":{"title":"\"La mayor\u00eda de los trabajos no se han adaptado a los cambios de actitudes y aptitudes que tienen los j\u00f3venes, lo que provoca un desajuste entre las nuevas generaciones y lo que la empresa espera\" - Fundacio Impulsa","robots":{"index":"index","follow":"follow","max-snippet":"max-snippet:-1","max-image-preview":"max-image-preview:large","max-video-preview":"max-video-preview:-1"},"canonical":"https:\/\/www.fundacioimpulsa.org\/es\/la-mayoria-de-los-trabajos-no-se-han-adaptado-a-los-cambios-de-actitudes-y-aptitudes-que-tienen-los-jovenes-lo-que-provoca-un-desajuste-entre-las-nuevas-generaciones-y-lo-que-la-empresa-espera\/","og_locale":"es_ES","og_type":"article","og_title":"\"La mayor\u00eda de los trabajos no se han adaptado a los cambios de actitudes y aptitudes que tienen los j\u00f3venes, lo que provoca un desajuste entre las nuevas generaciones y lo que la empresa espera\" - Fundacio Impulsa","og_description":"#ProtagonistaImpulsa\u00a0 Tania Nadal, embajadora de la Fundaci\u00f3n Impulsa en Sabadell y promotora del voluntariado de ingl\u00e9s por parte de j\u00f3venes y empresas. Formada en el Haverford College y en la Universidad de Harvard, Estados Unidos, y en el Programa de liderazgo e innovaci\u00f3n de ESADE, la trayectoria profesional de Tania Nadal es extensa. Miembro de [&hellip;]","og_url":"https:\/\/www.fundacioimpulsa.org\/es\/la-mayoria-de-los-trabajos-no-se-han-adaptado-a-los-cambios-de-actitudes-y-aptitudes-que-tienen-los-jovenes-lo-que-provoca-un-desajuste-entre-las-nuevas-generaciones-y-lo-que-la-empresa-espera\/","og_site_name":"Fundacio Impulsa","article_published_time":"2024-09-17T05:05:50+00:00","article_modified_time":"2024-09-17T13:43:19+00:00","og_image":[{"width":1080,"height":1080,"url":"https:\/\/www.fundacioimpulsa.org\/wp-content\/uploads\/2024\/09\/Posts-Fundacio-Impulsa-5-e1726550000466.jpg","type":"image\/jpeg"}],"author":"anna","twitter_card":"summary_large_image","twitter_misc":{"Escrito por":"anna","Tiempo de lectura":"7 minutos"},"schema":{"@context":"https:\/\/schema.org","@graph":[{"@type":"Article","@id":"https:\/\/www.fundacioimpulsa.org\/es\/la-mayoria-de-los-trabajos-no-se-han-adaptado-a-los-cambios-de-actitudes-y-aptitudes-que-tienen-los-jovenes-lo-que-provoca-un-desajuste-entre-las-nuevas-generaciones-y-lo-que-la-empresa-espera\/#article","isPartOf":{"@id":"https:\/\/www.fundacioimpulsa.org\/es\/la-mayoria-de-los-trabajos-no-se-han-adaptado-a-los-cambios-de-actitudes-y-aptitudes-que-tienen-los-jovenes-lo-que-provoca-un-desajuste-entre-las-nuevas-generaciones-y-lo-que-la-empresa-espera\/"},"author":{"name":"anna","@id":"https:\/\/www.fundacioimpulsa.org\/es\/#\/schema\/person\/8093abda9188d9065d7a02992af09c00"},"headline":"\u00abLa mayor\u00eda de los trabajos no se han adaptado a los cambios de actitudes y aptitudes que tienen los j\u00f3venes, lo que provoca un desajuste entre las nuevas generaciones y lo que la empresa espera\u00bb","datePublished":"2024-09-17T05:05:50+00:00","dateModified":"2024-09-17T13:43:19+00:00","mainEntityOfPage":{"@id":"https:\/\/www.fundacioimpulsa.org\/es\/la-mayoria-de-los-trabajos-no-se-han-adaptado-a-los-cambios-de-actitudes-y-aptitudes-que-tienen-los-jovenes-lo-que-provoca-un-desajuste-entre-las-nuevas-generaciones-y-lo-que-la-empresa-espera\/"},"wordCount":1248,"image":{"@id":"https:\/\/www.fundacioimpulsa.org\/es\/la-mayoria-de-los-trabajos-no-se-han-adaptado-a-los-cambios-de-actitudes-y-aptitudes-que-tienen-los-jovenes-lo-que-provoca-un-desajuste-entre-las-nuevas-generaciones-y-lo-que-la-empresa-espera\/#primaryimage"},"thumbnailUrl":"https:\/\/www.fundacioimpulsa.org\/wp-content\/uploads\/2024\/09\/Posts-Fundacio-Impulsa-5-e1726550000466.jpg","keywords":["#ProtagonistasImpulsa"],"articleSection":["Protagonistas Impulsa"],"inLanguage":"es"},{"@type":"WebPage","@id":"https:\/\/www.fundacioimpulsa.org\/es\/la-mayoria-de-los-trabajos-no-se-han-adaptado-a-los-cambios-de-actitudes-y-aptitudes-que-tienen-los-jovenes-lo-que-provoca-un-desajuste-entre-las-nuevas-generaciones-y-lo-que-la-empresa-espera\/","url":"https:\/\/www.fundacioimpulsa.org\/es\/la-mayoria-de-los-trabajos-no-se-han-adaptado-a-los-cambios-de-actitudes-y-aptitudes-que-tienen-los-jovenes-lo-que-provoca-un-desajuste-entre-las-nuevas-generaciones-y-lo-que-la-empresa-espera\/","name":"\"La mayor\u00eda de los trabajos no se han adaptado a los cambios de actitudes y aptitudes que tienen los j\u00f3venes, lo que provoca un desajuste entre las nuevas generaciones y lo que la empresa espera\" - Fundacio Impulsa","isPartOf":{"@id":"https:\/\/www.fundacioimpulsa.org\/es\/#website"},"primaryImageOfPage":{"@id":"https:\/\/www.fundacioimpulsa.org\/es\/la-mayoria-de-los-trabajos-no-se-han-adaptado-a-los-cambios-de-actitudes-y-aptitudes-que-tienen-los-jovenes-lo-que-provoca-un-desajuste-entre-las-nuevas-generaciones-y-lo-que-la-empresa-espera\/#primaryimage"},"image":{"@id":"https:\/\/www.fundacioimpulsa.org\/es\/la-mayoria-de-los-trabajos-no-se-han-adaptado-a-los-cambios-de-actitudes-y-aptitudes-que-tienen-los-jovenes-lo-que-provoca-un-desajuste-entre-las-nuevas-generaciones-y-lo-que-la-empresa-espera\/#primaryimage"},"thumbnailUrl":"https:\/\/www.fundacioimpulsa.org\/wp-content\/uploads\/2024\/09\/Posts-Fundacio-Impulsa-5-e1726550000466.jpg","datePublished":"2024-09-17T05:05:50+00:00","dateModified":"2024-09-17T13:43:19+00:00","author":{"@id":"https:\/\/www.fundacioimpulsa.org\/es\/#\/schema\/person\/8093abda9188d9065d7a02992af09c00"},"breadcrumb":{"@id":"https:\/\/www.fundacioimpulsa.org\/es\/la-mayoria-de-los-trabajos-no-se-han-adaptado-a-los-cambios-de-actitudes-y-aptitudes-que-tienen-los-jovenes-lo-que-provoca-un-desajuste-entre-las-nuevas-generaciones-y-lo-que-la-empresa-espera\/#breadcrumb"},"inLanguage":"es","potentialAction":[{"@type":"ReadAction","target":["https:\/\/www.fundacioimpulsa.org\/es\/la-mayoria-de-los-trabajos-no-se-han-adaptado-a-los-cambios-de-actitudes-y-aptitudes-que-tienen-los-jovenes-lo-que-provoca-un-desajuste-entre-las-nuevas-generaciones-y-lo-que-la-empresa-espera\/"]}]},{"@type":"ImageObject","inLanguage":"es","@id":"https:\/\/www.fundacioimpulsa.org\/es\/la-mayoria-de-los-trabajos-no-se-han-adaptado-a-los-cambios-de-actitudes-y-aptitudes-que-tienen-los-jovenes-lo-que-provoca-un-desajuste-entre-las-nuevas-generaciones-y-lo-que-la-empresa-espera\/#primaryimage","url":"https:\/\/www.fundacioimpulsa.org\/wp-content\/uploads\/2024\/09\/Posts-Fundacio-Impulsa-5-e1726550000466.jpg","contentUrl":"https:\/\/www.fundacioimpulsa.org\/wp-content\/uploads\/2024\/09\/Posts-Fundacio-Impulsa-5-e1726550000466.jpg","width":1080,"height":1080},{"@type":"BreadcrumbList","@id":"https:\/\/www.fundacioimpulsa.org\/es\/la-mayoria-de-los-trabajos-no-se-han-adaptado-a-los-cambios-de-actitudes-y-aptitudes-que-tienen-los-jovenes-lo-que-provoca-un-desajuste-entre-las-nuevas-generaciones-y-lo-que-la-empresa-espera\/#breadcrumb","itemListElement":[{"@type":"ListItem","position":1,"name":"Inici","item":"https:\/\/www.fundacioimpulsa.org\/es\/fundacio-impulsa\/"},{"@type":"ListItem","position":2,"name":"&#8220;La mayor\u00eda de los trabajos no se han adaptado a los cambios de actitudes y aptitudes que tienen los j\u00f3venes, lo que provoca un desajuste entre las nuevas generaciones y lo que la empresa espera&#8221;"}]},{"@type":"WebSite","@id":"https:\/\/www.fundacioimpulsa.org\/es\/#website","url":"https:\/\/www.fundacioimpulsa.org\/es\/","name":"Fundacio Impulsa","description":"","potentialAction":[{"@type":"SearchAction","target":{"@type":"EntryPoint","urlTemplate":"https:\/\/www.fundacioimpulsa.org\/es\/?s={search_term_string}"},"query-input":{"@type":"PropertyValueSpecification","valueRequired":true,"valueName":"search_term_string"}}],"inLanguage":"es"},{"@type":"Person","@id":"https:\/\/www.fundacioimpulsa.org\/es\/#\/schema\/person\/8093abda9188d9065d7a02992af09c00","name":"anna","image":{"@type":"ImageObject","inLanguage":"es","@id":"https:\/\/secure.gravatar.com\/avatar\/098ca997a3814bde9b9ec5e5dfa4ad0ee9a251cd4cf1b86b7c008606c50d48c9?s=96&d=mm&r=g","url":"https:\/\/secure.gravatar.com\/avatar\/098ca997a3814bde9b9ec5e5dfa4ad0ee9a251cd4cf1b86b7c008606c50d48c9?s=96&d=mm&r=g","contentUrl":"https:\/\/secure.gravatar.com\/avatar\/098ca997a3814bde9b9ec5e5dfa4ad0ee9a251cd4cf1b86b7c008606c50d48c9?s=96&d=mm&r=g","caption":"anna"},"url":"https:\/\/www.fundacioimpulsa.org\/es\/author\/anna\/"}]}},"publishpress_future_action":{"enabled":false,"date":"2026-05-07 14:12:20","action":"change-status","newStatus":"draft","terms":[],"taxonomy":"category","extraData":[]},"publishpress_future_workflow_manual_trigger":{"enabledWorkflows":[]},"_links":{"self":[{"href":"https:\/\/www.fundacioimpulsa.org\/es\/wp-json\/wp\/v2\/posts\/12073","targetHints":{"allow":["GET"]}}],"collection":[{"href":"https:\/\/www.fundacioimpulsa.org\/es\/wp-json\/wp\/v2\/posts"}],"about":[{"href":"https:\/\/www.fundacioimpulsa.org\/es\/wp-json\/wp\/v2\/types\/post"}],"author":[{"embeddable":true,"href":"https:\/\/www.fundacioimpulsa.org\/es\/wp-json\/wp\/v2\/users\/10"}],"replies":[{"embeddable":true,"href":"https:\/\/www.fundacioimpulsa.org\/es\/wp-json\/wp\/v2\/comments?post=12073"}],"version-history":[{"count":2,"href":"https:\/\/www.fundacioimpulsa.org\/es\/wp-json\/wp\/v2\/posts\/12073\/revisions"}],"predecessor-version":[{"id":12075,"href":"https:\/\/www.fundacioimpulsa.org\/es\/wp-json\/wp\/v2\/posts\/12073\/revisions\/12075"}],"wp:featuredmedia":[{"embeddable":true,"href":"https:\/\/www.fundacioimpulsa.org\/es\/wp-json\/wp\/v2\/media\/12059"}],"wp:attachment":[{"href":"https:\/\/www.fundacioimpulsa.org\/es\/wp-json\/wp\/v2\/media?parent=12073"}],"wp:term":[{"taxonomy":"category","embeddable":true,"href":"https:\/\/www.fundacioimpulsa.org\/es\/wp-json\/wp\/v2\/categories?post=12073"},{"taxonomy":"post_tag","embeddable":true,"href":"https:\/\/www.fundacioimpulsa.org\/es\/wp-json\/wp\/v2\/tags?post=12073"}],"curies":[{"name":"wp","href":"https:\/\/api.w.org\/{rel}","templated":true}]}}