{"id":12077,"date":"2024-09-17T10:07:27","date_gmt":"2024-09-17T08:07:27","guid":{"rendered":"https:\/\/www.fundacioimpulsa.org\/?p=12077"},"modified":"2024-09-18T14:24:38","modified_gmt":"2024-09-18T12:24:38","slug":"inicio-curso-2024","status":"publish","type":"post","link":"https:\/\/www.fundacioimpulsa.org\/es\/inicio-curso-2024\/","title":{"rendered":"Iniciamos el curso 2024 \u2013 2025 acompa\u00f1ando y becando a 335 j\u00f3venes para que cursen estudios de FP"},"content":{"rendered":"<p><img loading=\"lazy\" decoding=\"async\" class=\"alignnone wp-image-12067\" src=\"https:\/\/www.fundacioimpulsa.org\/wp-content\/uploads\/2024\/09\/Portada-noti-Fundacio-Impulsa-3-300x207.jpg\" alt=\"\" width=\"721\" height=\"497\" srcset=\"https:\/\/www.fundacioimpulsa.org\/wp-content\/uploads\/2024\/09\/Portada-noti-Fundacio-Impulsa-3-300x207.jpg 300w, https:\/\/www.fundacioimpulsa.org\/wp-content\/uploads\/2024\/09\/Portada-noti-Fundacio-Impulsa-3-306x211.jpg 306w, https:\/\/www.fundacioimpulsa.org\/wp-content\/uploads\/2024\/09\/Portada-noti-Fundacio-Impulsa-3.jpg 700w\" sizes=\"auto, (max-width: 721px) 100vw, 721px\" \/><\/p>\n<p>Por d\u00e9cimo a\u00f1o consecutivo, volvemos a iniciar el curso 2024 \u2013 2025 donde becamos y acompa\u00f1aremos a 335 j\u00f3venes en situaci\u00f3n de vulnerabilidad socioecon\u00f3mica para que puedan cursar un Ciclo de Formaci\u00f3n Profesional, tengan una oportunidad real de futuro, y podamos reducir as\u00ed el abandono escolar prematuro.<\/p>\n<p><strong>El curso comienza con la incorporaci\u00f3n de un nuevo territorio, el Giron\u00e8s<\/strong>, sumando ya un total de 10 \u00e1reas donde act\u00faa la Fundaci\u00f3n Impulsa (Osona, Garrotxa, Bergued\u00e0, Moian\u00e8s, Terrassa, Sabadell, Bages, Baix Empord\u00e0, Anoia y Giron\u00e8s).<\/p>\n<p>Siguiendo el M\u00e9todo Impulsa, <strong>buena parte de estos j\u00f3venes estar\u00e1n acompa\u00f1ados por un mentor\/a<\/strong>, personas que de forma voluntaria acompa\u00f1ar\u00e1n a los j\u00f3venes Impulseros en su paso por la Fundaci\u00f3n Impulsa, se convierten en una persona clave de apoyo acad\u00e9mico, as\u00ed como en su desarrollo humano. En esta edici\u00f3n, contaremos con la participaci\u00f3n de cerca de 250 mentores, los cuales estar\u00e1n acompa\u00f1ados en todo momento por el equipo psicopedag\u00f3gico de la entidad, que hace un seguimiento exhaustivo tanto del joven, como de la relaci\u00f3n de mentor\u00eda que se establece.<\/p>\n<p>La Fundaci\u00f3n ofrece a los j\u00f3venes un acompa\u00f1amiento integral: <strong>econ\u00f3mico<\/strong>, a trav\u00e9s de la financiaci\u00f3n de los estudios de formaci\u00f3n profesional; <strong>tecnol\u00f3gico<\/strong>, con la donaci\u00f3n de un ordenador port\u00e1til; <strong>humano<\/strong>, con formaciones transversales y el voluntariado en una entidad del territorio; <strong>social<\/strong>, con el acompa\u00f1amiento de una persona mentora, y <strong>laboral<\/strong>, con orientaci\u00f3n, formaciones y estancias formativas e inserci\u00f3n en empresas.<\/p>\n<p>Los programas Impulsa se desarrollan apoyados por una amplia red de agentes comprometidos: <strong>m\u00e1s de 200 Organizaciones Impulsoras<\/strong> formadas por empresas, fundaciones, administraciones p\u00fablicas y personas individuales, que contribuyen a hacer posible el proyecto. <strong>Y tambi\u00e9n con la colaboraci\u00f3n de centros educativos, entidades y voluntarios que participan en el desarrollo del M\u00e9todo Impulsa.<\/strong><\/p>\n<p>Como novedad, este curso los j\u00f3venes que tengan una mayor dificultad para seguir el curso acad\u00e9mico, <strong>contar\u00e1n con un refuerzo escolar por parte de la Fundaci\u00f3n<\/strong>, el cual debe permitir garantizar un buen seguimiento de los estudios y darles las herramientas necesarias para alcanzar los resultados acad\u00e9micos esperados.<\/p>\n<p>En los \u00faltimos a\u00f1os hemos incorporado algunas visitas puntuales a empresas en el itinerario formativo de los j\u00f3venes. Y este a\u00f1o, para reforzar a\u00fan m\u00e1s este v\u00ednculo con el mundo laboral, se ofrecer\u00e1 a los Impulsers una visita mensual a alguna compa\u00f1\u00eda. Esta actividad les permitir\u00e1 acercarse a su futuro profesional y resolver dudas relacionadas con su salida profesional.<\/p>\n<p>Por \u00faltimo, este curso 2024-2025 es muy especial para la Fundaci\u00f3n Impulsa, ya que celebramos 10 a\u00f1os desde nuestro nacimiento. <strong>En todos estos a\u00f1os, hemos becado y acompa\u00f1ado a m\u00e1s de 650 j\u00f3venes, de los cuales m\u00e1s de un 80% se han graduado de un ciclo de FP, muy por encima de la media catalana, que se sit\u00faa en un 50%.<\/strong> Para conmemorar el \u00e9xito de esta primera d\u00e9cada, programaremos diferentes actividades a lo largo del curso.<\/p>\n<p>Para m\u00e1s informaci\u00f3n de la Fundaci\u00f3n Impulsa se puede consultar la <a href=\"https:\/\/www.fundacioimpulsa.org\/Memoria\/FundacioImpulsaMemoriaActivitat%28curs2023-2024%29.pdf\">Memoria de Actividad del curso 2023-2024.<\/a><\/p>\n","protected":false},"excerpt":{"rendered":"<p>Por d\u00e9cimo a\u00f1o consecutivo, volvemos a iniciar el curso 2024 \u2013 2025 donde becamos y acompa\u00f1aremos a 335 j\u00f3venes en situaci\u00f3n de vulnerabilidad socioecon\u00f3mica para que puedan cursar un Ciclo de Formaci\u00f3n Profesional, tengan una oportunidad real de futuro, y podamos reducir as\u00ed el abandono escolar prematuro .<\/p>\n","protected":false},"author":10,"featured_media":12067,"comment_status":"closed","ping_status":"closed","sticky":false,"template":"","format":"standard","meta":{"_acf_changed":false,"footnotes":""},"categories":[72,76],"tags":[71],"class_list":["post-12077","post","type-post","status-publish","format-standard","has-post-thumbnail","hentry","category-dia-a-dia-es","category-noticies-es","tag-becasimpulsa"],"acf":[],"yoast_head":"<!-- This site is optimized with the Yoast SEO plugin v27.3 - https:\/\/yoast.com\/product\/yoast-seo-wordpress\/ -->\n<title>Iniciamos el curso 2024 \u2013 2025 acompa\u00f1ando y becando a 335 j\u00f3venes para que cursen estudios de FP - Fundacio Impulsa<\/title>\n<meta name=\"description\" content=\"Por d\u00e9cimo a\u00f1o consecutivo, volvemos a iniciar el curso 2024 \u2013 2025 donde becamos y acompa\u00f1aremos a 335 j\u00f3venes en situaci\u00f3n de vulnerabilidad socioecon\u00f3mica para que puedan cursar un Ciclo de Formaci\u00f3n Profesional, tengan una oportunidad real de futuro, y podamos reducir as\u00ed el abandono escolar prematuro .\" \/>\n<meta name=\"robots\" content=\"index, follow, max-snippet:-1, max-image-preview:large, max-video-preview:-1\" \/>\n<link rel=\"canonical\" href=\"https:\/\/www.fundacioimpulsa.org\/es\/inicio-curso-2024\/\" \/>\n<meta property=\"og:locale\" content=\"es_ES\" \/>\n<meta property=\"og:type\" content=\"article\" \/>\n<meta property=\"og:title\" content=\"Iniciamos el curso 2024 \u2013 2025 acompa\u00f1ando y becando a 335 j\u00f3venes para que cursen estudios de FP - Fundacio Impulsa\" \/>\n<meta property=\"og:description\" content=\"Por d\u00e9cimo a\u00f1o consecutivo, volvemos a iniciar el curso 2024 \u2013 2025 donde becamos y acompa\u00f1aremos a 335 j\u00f3venes en situaci\u00f3n de vulnerabilidad socioecon\u00f3mica para que puedan cursar un Ciclo de Formaci\u00f3n Profesional, tengan una oportunidad real de futuro, y podamos reducir as\u00ed el abandono escolar prematuro .\" \/>\n<meta property=\"og:url\" content=\"https:\/\/www.fundacioimpulsa.org\/es\/inicio-curso-2024\/\" \/>\n<meta property=\"og:site_name\" content=\"Fundacio Impulsa\" \/>\n<meta property=\"article:published_time\" content=\"2024-09-17T08:07:27+00:00\" \/>\n<meta property=\"article:modified_time\" content=\"2024-09-18T12:24:38+00:00\" \/>\n<meta property=\"og:image\" content=\"https:\/\/www.fundacioimpulsa.org\/wp-content\/uploads\/2024\/09\/Portada-noti-Fundacio-Impulsa-3.jpg\" \/>\n\t<meta property=\"og:image:width\" content=\"700\" \/>\n\t<meta property=\"og:image:height\" content=\"483\" \/>\n\t<meta property=\"og:image:type\" content=\"image\/jpeg\" \/>\n<meta name=\"author\" content=\"anna\" \/>\n<meta name=\"twitter:card\" content=\"summary_large_image\" \/>\n<meta name=\"twitter:label1\" content=\"Escrito por\" \/>\n\t<meta name=\"twitter:data1\" content=\"anna\" \/>\n\t<meta name=\"twitter:label2\" content=\"Tiempo de lectura\" \/>\n\t<meta name=\"twitter:data2\" content=\"3 minutos\" \/>\n<script type=\"application\/ld+json\" class=\"yoast-schema-graph\">{\"@context\":\"https:\\\/\\\/schema.org\",\"@graph\":[{\"@type\":\"Article\",\"@id\":\"https:\\\/\\\/www.fundacioimpulsa.org\\\/es\\\/inicio-curso-2024\\\/#article\",\"isPartOf\":{\"@id\":\"https:\\\/\\\/www.fundacioimpulsa.org\\\/es\\\/inicio-curso-2024\\\/\"},\"author\":{\"name\":\"anna\",\"@id\":\"https:\\\/\\\/www.fundacioimpulsa.org\\\/es\\\/#\\\/schema\\\/person\\\/8093abda9188d9065d7a02992af09c00\"},\"headline\":\"Iniciamos el curso 2024 \u2013 2025 acompa\u00f1ando y becando a 335 j\u00f3venes para que cursen estudios de FP\",\"datePublished\":\"2024-09-17T08:07:27+00:00\",\"dateModified\":\"2024-09-18T12:24:38+00:00\",\"mainEntityOfPage\":{\"@id\":\"https:\\\/\\\/www.fundacioimpulsa.org\\\/es\\\/inicio-curso-2024\\\/\"},\"wordCount\":564,\"image\":{\"@id\":\"https:\\\/\\\/www.fundacioimpulsa.org\\\/es\\\/inicio-curso-2024\\\/#primaryimage\"},\"thumbnailUrl\":\"https:\\\/\\\/www.fundacioimpulsa.org\\\/wp-content\\\/uploads\\\/2024\\\/09\\\/Portada-noti-Fundacio-Impulsa-3.jpg\",\"keywords\":[\"#BecasImpulsa\"],\"articleSection\":[\"D\u00eda a D\u00eda\",\"Noticias\"],\"inLanguage\":\"es\"},{\"@type\":\"WebPage\",\"@id\":\"https:\\\/\\\/www.fundacioimpulsa.org\\\/es\\\/inicio-curso-2024\\\/\",\"url\":\"https:\\\/\\\/www.fundacioimpulsa.org\\\/es\\\/inicio-curso-2024\\\/\",\"name\":\"Iniciamos el curso 2024 \u2013 2025 acompa\u00f1ando y becando a 335 j\u00f3venes para que cursen estudios de FP - Fundacio Impulsa\",\"isPartOf\":{\"@id\":\"https:\\\/\\\/www.fundacioimpulsa.org\\\/es\\\/#website\"},\"primaryImageOfPage\":{\"@id\":\"https:\\\/\\\/www.fundacioimpulsa.org\\\/es\\\/inicio-curso-2024\\\/#primaryimage\"},\"image\":{\"@id\":\"https:\\\/\\\/www.fundacioimpulsa.org\\\/es\\\/inicio-curso-2024\\\/#primaryimage\"},\"thumbnailUrl\":\"https:\\\/\\\/www.fundacioimpulsa.org\\\/wp-content\\\/uploads\\\/2024\\\/09\\\/Portada-noti-Fundacio-Impulsa-3.jpg\",\"datePublished\":\"2024-09-17T08:07:27+00:00\",\"dateModified\":\"2024-09-18T12:24:38+00:00\",\"author\":{\"@id\":\"https:\\\/\\\/www.fundacioimpulsa.org\\\/es\\\/#\\\/schema\\\/person\\\/8093abda9188d9065d7a02992af09c00\"},\"description\":\"Por d\u00e9cimo a\u00f1o consecutivo, volvemos a iniciar el curso 2024 \u2013 2025 donde becamos y acompa\u00f1aremos a 335 j\u00f3venes en situaci\u00f3n de vulnerabilidad socioecon\u00f3mica para que puedan cursar un Ciclo de Formaci\u00f3n Profesional, tengan una oportunidad real de futuro, y podamos reducir as\u00ed el abandono escolar prematuro .\",\"breadcrumb\":{\"@id\":\"https:\\\/\\\/www.fundacioimpulsa.org\\\/es\\\/inicio-curso-2024\\\/#breadcrumb\"},\"inLanguage\":\"es\",\"potentialAction\":[{\"@type\":\"ReadAction\",\"target\":[\"https:\\\/\\\/www.fundacioimpulsa.org\\\/es\\\/inicio-curso-2024\\\/\"]}]},{\"@type\":\"ImageObject\",\"inLanguage\":\"es\",\"@id\":\"https:\\\/\\\/www.fundacioimpulsa.org\\\/es\\\/inicio-curso-2024\\\/#primaryimage\",\"url\":\"https:\\\/\\\/www.fundacioimpulsa.org\\\/wp-content\\\/uploads\\\/2024\\\/09\\\/Portada-noti-Fundacio-Impulsa-3.jpg\",\"contentUrl\":\"https:\\\/\\\/www.fundacioimpulsa.org\\\/wp-content\\\/uploads\\\/2024\\\/09\\\/Portada-noti-Fundacio-Impulsa-3.jpg\",\"width\":700,\"height\":483},{\"@type\":\"BreadcrumbList\",\"@id\":\"https:\\\/\\\/www.fundacioimpulsa.org\\\/es\\\/inicio-curso-2024\\\/#breadcrumb\",\"itemListElement\":[{\"@type\":\"ListItem\",\"position\":1,\"name\":\"Inici\",\"item\":\"https:\\\/\\\/www.fundacioimpulsa.org\\\/es\\\/fundacio-impulsa\\\/\"},{\"@type\":\"ListItem\",\"position\":2,\"name\":\"Iniciamos el curso 2024 \u2013 2025 acompa\u00f1ando y becando a 335 j\u00f3venes para que cursen estudios de FP\"}]},{\"@type\":\"WebSite\",\"@id\":\"https:\\\/\\\/www.fundacioimpulsa.org\\\/es\\\/#website\",\"url\":\"https:\\\/\\\/www.fundacioimpulsa.org\\\/es\\\/\",\"name\":\"Fundacio Impulsa\",\"description\":\"\",\"potentialAction\":[{\"@type\":\"SearchAction\",\"target\":{\"@type\":\"EntryPoint\",\"urlTemplate\":\"https:\\\/\\\/www.fundacioimpulsa.org\\\/es\\\/?s={search_term_string}\"},\"query-input\":{\"@type\":\"PropertyValueSpecification\",\"valueRequired\":true,\"valueName\":\"search_term_string\"}}],\"inLanguage\":\"es\"},{\"@type\":\"Person\",\"@id\":\"https:\\\/\\\/www.fundacioimpulsa.org\\\/es\\\/#\\\/schema\\\/person\\\/8093abda9188d9065d7a02992af09c00\",\"name\":\"anna\",\"image\":{\"@type\":\"ImageObject\",\"inLanguage\":\"es\",\"@id\":\"https:\\\/\\\/secure.gravatar.com\\\/avatar\\\/098ca997a3814bde9b9ec5e5dfa4ad0ee9a251cd4cf1b86b7c008606c50d48c9?s=96&d=mm&r=g\",\"url\":\"https:\\\/\\\/secure.gravatar.com\\\/avatar\\\/098ca997a3814bde9b9ec5e5dfa4ad0ee9a251cd4cf1b86b7c008606c50d48c9?s=96&d=mm&r=g\",\"contentUrl\":\"https:\\\/\\\/secure.gravatar.com\\\/avatar\\\/098ca997a3814bde9b9ec5e5dfa4ad0ee9a251cd4cf1b86b7c008606c50d48c9?s=96&d=mm&r=g\",\"caption\":\"anna\"},\"url\":\"https:\\\/\\\/www.fundacioimpulsa.org\\\/es\\\/author\\\/anna\\\/\"}]}<\/script>\n<!-- \/ Yoast SEO plugin. -->","yoast_head_json":{"title":"Iniciamos el curso 2024 \u2013 2025 acompa\u00f1ando y becando a 335 j\u00f3venes para que cursen estudios de FP - Fundacio Impulsa","description":"Por d\u00e9cimo a\u00f1o consecutivo, volvemos a iniciar el curso 2024 \u2013 2025 donde becamos y acompa\u00f1aremos a 335 j\u00f3venes en situaci\u00f3n de vulnerabilidad socioecon\u00f3mica para que puedan cursar un Ciclo de Formaci\u00f3n Profesional, tengan una oportunidad real de futuro, y podamos reducir as\u00ed el abandono escolar prematuro .","robots":{"index":"index","follow":"follow","max-snippet":"max-snippet:-1","max-image-preview":"max-image-preview:large","max-video-preview":"max-video-preview:-1"},"canonical":"https:\/\/www.fundacioimpulsa.org\/es\/inicio-curso-2024\/","og_locale":"es_ES","og_type":"article","og_title":"Iniciamos el curso 2024 \u2013 2025 acompa\u00f1ando y becando a 335 j\u00f3venes para que cursen estudios de FP - Fundacio Impulsa","og_description":"Por d\u00e9cimo a\u00f1o consecutivo, volvemos a iniciar el curso 2024 \u2013 2025 donde becamos y acompa\u00f1aremos a 335 j\u00f3venes en situaci\u00f3n de vulnerabilidad socioecon\u00f3mica para que puedan cursar un Ciclo de Formaci\u00f3n Profesional, tengan una oportunidad real de futuro, y podamos reducir as\u00ed el abandono escolar prematuro .","og_url":"https:\/\/www.fundacioimpulsa.org\/es\/inicio-curso-2024\/","og_site_name":"Fundacio Impulsa","article_published_time":"2024-09-17T08:07:27+00:00","article_modified_time":"2024-09-18T12:24:38+00:00","og_image":[{"width":700,"height":483,"url":"https:\/\/www.fundacioimpulsa.org\/wp-content\/uploads\/2024\/09\/Portada-noti-Fundacio-Impulsa-3.jpg","type":"image\/jpeg"}],"author":"anna","twitter_card":"summary_large_image","twitter_misc":{"Escrito por":"anna","Tiempo de lectura":"3 minutos"},"schema":{"@context":"https:\/\/schema.org","@graph":[{"@type":"Article","@id":"https:\/\/www.fundacioimpulsa.org\/es\/inicio-curso-2024\/#article","isPartOf":{"@id":"https:\/\/www.fundacioimpulsa.org\/es\/inicio-curso-2024\/"},"author":{"name":"anna","@id":"https:\/\/www.fundacioimpulsa.org\/es\/#\/schema\/person\/8093abda9188d9065d7a02992af09c00"},"headline":"Iniciamos el curso 2024 \u2013 2025 acompa\u00f1ando y becando a 335 j\u00f3venes para que cursen estudios de FP","datePublished":"2024-09-17T08:07:27+00:00","dateModified":"2024-09-18T12:24:38+00:00","mainEntityOfPage":{"@id":"https:\/\/www.fundacioimpulsa.org\/es\/inicio-curso-2024\/"},"wordCount":564,"image":{"@id":"https:\/\/www.fundacioimpulsa.org\/es\/inicio-curso-2024\/#primaryimage"},"thumbnailUrl":"https:\/\/www.fundacioimpulsa.org\/wp-content\/uploads\/2024\/09\/Portada-noti-Fundacio-Impulsa-3.jpg","keywords":["#BecasImpulsa"],"articleSection":["D\u00eda a D\u00eda","Noticias"],"inLanguage":"es"},{"@type":"WebPage","@id":"https:\/\/www.fundacioimpulsa.org\/es\/inicio-curso-2024\/","url":"https:\/\/www.fundacioimpulsa.org\/es\/inicio-curso-2024\/","name":"Iniciamos el curso 2024 \u2013 2025 acompa\u00f1ando y becando a 335 j\u00f3venes para que cursen estudios de FP - Fundacio Impulsa","isPartOf":{"@id":"https:\/\/www.fundacioimpulsa.org\/es\/#website"},"primaryImageOfPage":{"@id":"https:\/\/www.fundacioimpulsa.org\/es\/inicio-curso-2024\/#primaryimage"},"image":{"@id":"https:\/\/www.fundacioimpulsa.org\/es\/inicio-curso-2024\/#primaryimage"},"thumbnailUrl":"https:\/\/www.fundacioimpulsa.org\/wp-content\/uploads\/2024\/09\/Portada-noti-Fundacio-Impulsa-3.jpg","datePublished":"2024-09-17T08:07:27+00:00","dateModified":"2024-09-18T12:24:38+00:00","author":{"@id":"https:\/\/www.fundacioimpulsa.org\/es\/#\/schema\/person\/8093abda9188d9065d7a02992af09c00"},"description":"Por d\u00e9cimo a\u00f1o consecutivo, volvemos a iniciar el curso 2024 \u2013 2025 donde becamos y acompa\u00f1aremos a 335 j\u00f3venes en situaci\u00f3n de vulnerabilidad socioecon\u00f3mica para que puedan cursar un Ciclo de Formaci\u00f3n Profesional, tengan una oportunidad real de futuro, y podamos reducir as\u00ed el abandono escolar prematuro .","breadcrumb":{"@id":"https:\/\/www.fundacioimpulsa.org\/es\/inicio-curso-2024\/#breadcrumb"},"inLanguage":"es","potentialAction":[{"@type":"ReadAction","target":["https:\/\/www.fundacioimpulsa.org\/es\/inicio-curso-2024\/"]}]},{"@type":"ImageObject","inLanguage":"es","@id":"https:\/\/www.fundacioimpulsa.org\/es\/inicio-curso-2024\/#primaryimage","url":"https:\/\/www.fundacioimpulsa.org\/wp-content\/uploads\/2024\/09\/Portada-noti-Fundacio-Impulsa-3.jpg","contentUrl":"https:\/\/www.fundacioimpulsa.org\/wp-content\/uploads\/2024\/09\/Portada-noti-Fundacio-Impulsa-3.jpg","width":700,"height":483},{"@type":"BreadcrumbList","@id":"https:\/\/www.fundacioimpulsa.org\/es\/inicio-curso-2024\/#breadcrumb","itemListElement":[{"@type":"ListItem","position":1,"name":"Inici","item":"https:\/\/www.fundacioimpulsa.org\/es\/fundacio-impulsa\/"},{"@type":"ListItem","position":2,"name":"Iniciamos el curso 2024 \u2013 2025 acompa\u00f1ando y becando a 335 j\u00f3venes para que cursen estudios de FP"}]},{"@type":"WebSite","@id":"https:\/\/www.fundacioimpulsa.org\/es\/#website","url":"https:\/\/www.fundacioimpulsa.org\/es\/","name":"Fundacio Impulsa","description":"","potentialAction":[{"@type":"SearchAction","target":{"@type":"EntryPoint","urlTemplate":"https:\/\/www.fundacioimpulsa.org\/es\/?s={search_term_string}"},"query-input":{"@type":"PropertyValueSpecification","valueRequired":true,"valueName":"search_term_string"}}],"inLanguage":"es"},{"@type":"Person","@id":"https:\/\/www.fundacioimpulsa.org\/es\/#\/schema\/person\/8093abda9188d9065d7a02992af09c00","name":"anna","image":{"@type":"ImageObject","inLanguage":"es","@id":"https:\/\/secure.gravatar.com\/avatar\/098ca997a3814bde9b9ec5e5dfa4ad0ee9a251cd4cf1b86b7c008606c50d48c9?s=96&d=mm&r=g","url":"https:\/\/secure.gravatar.com\/avatar\/098ca997a3814bde9b9ec5e5dfa4ad0ee9a251cd4cf1b86b7c008606c50d48c9?s=96&d=mm&r=g","contentUrl":"https:\/\/secure.gravatar.com\/avatar\/098ca997a3814bde9b9ec5e5dfa4ad0ee9a251cd4cf1b86b7c008606c50d48c9?s=96&d=mm&r=g","caption":"anna"},"url":"https:\/\/www.fundacioimpulsa.org\/es\/author\/anna\/"}]}},"publishpress_future_action":{"enabled":false,"date":"2026-05-06 09:26:59","action":"change-status","newStatus":"draft","terms":[],"taxonomy":"category","extraData":[]},"publishpress_future_workflow_manual_trigger":{"enabledWorkflows":[]},"_links":{"self":[{"href":"https:\/\/www.fundacioimpulsa.org\/es\/wp-json\/wp\/v2\/posts\/12077","targetHints":{"allow":["GET"]}}],"collection":[{"href":"https:\/\/www.fundacioimpulsa.org\/es\/wp-json\/wp\/v2\/posts"}],"about":[{"href":"https:\/\/www.fundacioimpulsa.org\/es\/wp-json\/wp\/v2\/types\/post"}],"author":[{"embeddable":true,"href":"https:\/\/www.fundacioimpulsa.org\/es\/wp-json\/wp\/v2\/users\/10"}],"replies":[{"embeddable":true,"href":"https:\/\/www.fundacioimpulsa.org\/es\/wp-json\/wp\/v2\/comments?post=12077"}],"version-history":[{"count":2,"href":"https:\/\/www.fundacioimpulsa.org\/es\/wp-json\/wp\/v2\/posts\/12077\/revisions"}],"predecessor-version":[{"id":12079,"href":"https:\/\/www.fundacioimpulsa.org\/es\/wp-json\/wp\/v2\/posts\/12077\/revisions\/12079"}],"wp:featuredmedia":[{"embeddable":true,"href":"https:\/\/www.fundacioimpulsa.org\/es\/wp-json\/wp\/v2\/media\/12067"}],"wp:attachment":[{"href":"https:\/\/www.fundacioimpulsa.org\/es\/wp-json\/wp\/v2\/media?parent=12077"}],"wp:term":[{"taxonomy":"category","embeddable":true,"href":"https:\/\/www.fundacioimpulsa.org\/es\/wp-json\/wp\/v2\/categories?post=12077"},{"taxonomy":"post_tag","embeddable":true,"href":"https:\/\/www.fundacioimpulsa.org\/es\/wp-json\/wp\/v2\/tags?post=12077"}],"curies":[{"name":"wp","href":"https:\/\/api.w.org\/{rel}","templated":true}]}}