{"id":12168,"date":"2024-10-16T14:37:02","date_gmt":"2024-10-16T12:37:02","guid":{"rendered":"https:\/\/www.fundacioimpulsa.org\/?p=12168"},"modified":"2024-10-17T10:13:49","modified_gmt":"2024-10-17T08:13:49","slug":"diputacion-barcelona","status":"publish","type":"post","link":"https:\/\/www.fundacioimpulsa.org\/es\/diputacion-barcelona\/","title":{"rendered":"Miembros del Patronato de la Fundaci\u00f3n Impulsa y su Directora General mantienen una reuni\u00f3n con la Presidenta de la Diputaci\u00f3 de Barcelona"},"content":{"rendered":"<p><img loading=\"lazy\" decoding=\"async\" class=\"alignnone wp-image-12162\" src=\"https:\/\/www.fundacioimpulsa.org\/wp-content\/uploads\/2024\/10\/Impulsa_DibaBarcelona-12-300x200.jpg\" alt=\"\" width=\"721\" height=\"481\" srcset=\"https:\/\/www.fundacioimpulsa.org\/wp-content\/uploads\/2024\/10\/Impulsa_DibaBarcelona-12-300x200.jpg 300w, https:\/\/www.fundacioimpulsa.org\/wp-content\/uploads\/2024\/10\/Impulsa_DibaBarcelona-12-768x512.jpg 768w, https:\/\/www.fundacioimpulsa.org\/wp-content\/uploads\/2024\/10\/Impulsa_DibaBarcelona-12-705x470.jpg 705w, https:\/\/www.fundacioimpulsa.org\/wp-content\/uploads\/2024\/10\/Impulsa_DibaBarcelona-12-795x530.jpg 795w, https:\/\/www.fundacioimpulsa.org\/wp-content\/uploads\/2024\/10\/Impulsa_DibaBarcelona-12-315x211.jpg 315w, https:\/\/www.fundacioimpulsa.org\/wp-content\/uploads\/2024\/10\/Impulsa_DibaBarcelona-12.jpg 1020w\" sizes=\"auto, (max-width: 721px) 100vw, 721px\" \/><\/p>\n<p>Carlos Cuy\u00e0s, Presidente de la Fundaci\u00f3n Impulsa, y Andrea Carandell, miembro del Patronato, acompa\u00f1ados por la Directora General de la Fundaci\u00f3n, Rosa Pujols, han tenido la oportunidad de reunirse con la Presidenta de la Diputaci\u00f3n de Barcelona, \u200b\u200bLlu\u00efsa Moret. El encuentro ha sido una ocasi\u00f3n para establecer un di\u00e1logo cercano sobre la labor que realiza la Fundaci\u00f3n Impulsa y explorar posibles sinergias que puedan contribuir a generar nuevas oportunidades para los j\u00f3venes en situaci\u00f3n de vulnerabilidad que quieren cursar un Ciclo de Formaci\u00f3n Profesional.<\/p>\n<p>Durante la reuni\u00f3n, se compartieron los objetivos del M\u00e9todo Impulsa, que combina apoyo econ\u00f3mico y acompa\u00f1amiento integral para los j\u00f3venes que acceden a las becas de la Fundaci\u00f3n, destacando la importancia de ampliar la colaboraci\u00f3n entre instituciones p\u00fablicas y privadas para hacer frente a los retos de los j\u00f3venes de la demarcaci\u00f3n de Barcelona.<\/p>\n<p>Moret expres\u00f3 su reconocimiento al trabajo que la Fundaci\u00f3n Impulsa est\u00e1 realizando para transformar la realidad de muchos j\u00f3venes, y reiter\u00f3 el compromiso de la Diputaci\u00f3n con iniciativas que promuevan la inclusi\u00f3n social y educativa.<\/p>\n<p>Este tipo de encuentros son claves para reforzar los v\u00ednculos institucionales y sumar esfuerzos en la misi\u00f3n de la Fundaci\u00f3n de reducir el abandono escolar e impulsar el desarrollo personal y profesional de los j\u00f3venes. Desde la Fundaci\u00f3 Impulsa, se valora muy positivamente la buena acogida y la predisposici\u00f3n de la Diputaci\u00f3n de Barcelona a colaborar en proyectos futuros que permitan ampliar el impacto social de nuestra labor.<\/p>\n","protected":false},"excerpt":{"rendered":"<p>Carlos Cuy\u00e0s, Presidente de la Fundaci\u00f3n Impulsa, y Andrea Carandell, miembro del Patronato, acompa\u00f1ados por la Directora General de la Fundaci\u00f3n, Rosa Pujols, han tenido la oportunidad de reunirse con la Presidenta de la Diputaci\u00f3n de Barcelona, \u200b\u200bLlu\u00efsa Moret. El encuentro ha sido una ocasi\u00f3n para establecer un di\u00e1logo cercano sobre la labor que realiza la Fundaci\u00f3n Impulsa y explorar posibles sinergias que puedan contribuir a generar nuevas oportunidades para los j\u00f3venes en situaci\u00f3n de vulnerabilidad que quieren cursar un Ciclo de Formaci\u00f3n Profesional.<\/p>\n","protected":false},"author":10,"featured_media":12162,"comment_status":"closed","ping_status":"closed","sticky":false,"template":"","format":"standard","meta":{"_acf_changed":false,"footnotes":""},"categories":[72,76],"tags":[93],"class_list":["post-12168","post","type-post","status-publish","format-standard","has-post-thumbnail","hentry","category-dia-a-dia-es","category-noticies-es","tag-organizacionesimpulsoras"],"acf":[],"yoast_head":"<!-- This site is optimized with the Yoast SEO plugin v27.3 - https:\/\/yoast.com\/product\/yoast-seo-wordpress\/ -->\n<title>Miembros del Patronato de la Fundaci\u00f3n Impulsa y su Directora General mantienen una reuni\u00f3n con la Presidenta de la Diputaci\u00f3 de Barcelona - Fundacio Impulsa<\/title>\n<meta name=\"description\" content=\"Carlos Cuy\u00e0s, Presidente de la Fundaci\u00f3n Impulsa, y Andrea Carandell, miembro del Patronato, acompa\u00f1ados por la Directora General de la Fundaci\u00f3n, Rosa Pujols, han tenido la oportunidad de reunirse con la Presidenta de la Diputaci\u00f3n de Barcelona, \u200b\u200bLlu\u00efsa Moret.\" \/>\n<meta name=\"robots\" content=\"index, follow, max-snippet:-1, max-image-preview:large, max-video-preview:-1\" \/>\n<link rel=\"canonical\" href=\"https:\/\/www.fundacioimpulsa.org\/es\/diputacion-barcelona\/\" \/>\n<meta property=\"og:locale\" content=\"es_ES\" \/>\n<meta property=\"og:type\" content=\"article\" \/>\n<meta property=\"og:title\" content=\"Miembros del Patronato de la Fundaci\u00f3n Impulsa y su Directora General mantienen una reuni\u00f3n con la Presidenta de la Diputaci\u00f3 de Barcelona - Fundacio Impulsa\" \/>\n<meta property=\"og:description\" content=\"Carlos Cuy\u00e0s, Presidente de la Fundaci\u00f3n Impulsa, y Andrea Carandell, miembro del Patronato, acompa\u00f1ados por la Directora General de la Fundaci\u00f3n, Rosa Pujols, han tenido la oportunidad de reunirse con la Presidenta de la Diputaci\u00f3n de Barcelona, \u200b\u200bLlu\u00efsa Moret.\" \/>\n<meta property=\"og:url\" content=\"https:\/\/www.fundacioimpulsa.org\/es\/diputacion-barcelona\/\" \/>\n<meta property=\"og:site_name\" content=\"Fundacio Impulsa\" \/>\n<meta property=\"article:published_time\" content=\"2024-10-16T12:37:02+00:00\" \/>\n<meta property=\"article:modified_time\" content=\"2024-10-17T08:13:49+00:00\" \/>\n<meta property=\"og:image\" content=\"https:\/\/www.fundacioimpulsa.org\/wp-content\/uploads\/2024\/10\/Impulsa_DibaBarcelona-12.jpg\" \/>\n\t<meta property=\"og:image:width\" content=\"1020\" \/>\n\t<meta property=\"og:image:height\" content=\"680\" \/>\n\t<meta property=\"og:image:type\" content=\"image\/jpeg\" \/>\n<meta name=\"author\" content=\"anna\" \/>\n<meta name=\"twitter:card\" content=\"summary_large_image\" \/>\n<meta name=\"twitter:label1\" content=\"Escrito por\" \/>\n\t<meta name=\"twitter:data1\" content=\"anna\" \/>\n\t<meta name=\"twitter:label2\" content=\"Tiempo de lectura\" \/>\n\t<meta name=\"twitter:data2\" content=\"2 minutos\" \/>\n<script type=\"application\/ld+json\" class=\"yoast-schema-graph\">{\"@context\":\"https:\\\/\\\/schema.org\",\"@graph\":[{\"@type\":\"Article\",\"@id\":\"https:\\\/\\\/www.fundacioimpulsa.org\\\/es\\\/diputacion-barcelona\\\/#article\",\"isPartOf\":{\"@id\":\"https:\\\/\\\/www.fundacioimpulsa.org\\\/es\\\/diputacion-barcelona\\\/\"},\"author\":{\"name\":\"anna\",\"@id\":\"https:\\\/\\\/www.fundacioimpulsa.org\\\/es\\\/#\\\/schema\\\/person\\\/8093abda9188d9065d7a02992af09c00\"},\"headline\":\"Miembros del Patronato de la Fundaci\u00f3n Impulsa y su Directora General mantienen una reuni\u00f3n con la Presidenta de la Diputaci\u00f3 de Barcelona\",\"datePublished\":\"2024-10-16T12:37:02+00:00\",\"dateModified\":\"2024-10-17T08:13:49+00:00\",\"mainEntityOfPage\":{\"@id\":\"https:\\\/\\\/www.fundacioimpulsa.org\\\/es\\\/diputacion-barcelona\\\/\"},\"wordCount\":297,\"image\":{\"@id\":\"https:\\\/\\\/www.fundacioimpulsa.org\\\/es\\\/diputacion-barcelona\\\/#primaryimage\"},\"thumbnailUrl\":\"https:\\\/\\\/www.fundacioimpulsa.org\\\/wp-content\\\/uploads\\\/2024\\\/10\\\/Impulsa_DibaBarcelona-12.jpg\",\"keywords\":[\"#OrganizacionesImpulsoras\"],\"articleSection\":[\"D\u00eda a D\u00eda\",\"Noticias\"],\"inLanguage\":\"es\"},{\"@type\":\"WebPage\",\"@id\":\"https:\\\/\\\/www.fundacioimpulsa.org\\\/es\\\/diputacion-barcelona\\\/\",\"url\":\"https:\\\/\\\/www.fundacioimpulsa.org\\\/es\\\/diputacion-barcelona\\\/\",\"name\":\"Miembros del Patronato de la Fundaci\u00f3n Impulsa y su Directora General mantienen una reuni\u00f3n con la Presidenta de la Diputaci\u00f3 de Barcelona - Fundacio Impulsa\",\"isPartOf\":{\"@id\":\"https:\\\/\\\/www.fundacioimpulsa.org\\\/es\\\/#website\"},\"primaryImageOfPage\":{\"@id\":\"https:\\\/\\\/www.fundacioimpulsa.org\\\/es\\\/diputacion-barcelona\\\/#primaryimage\"},\"image\":{\"@id\":\"https:\\\/\\\/www.fundacioimpulsa.org\\\/es\\\/diputacion-barcelona\\\/#primaryimage\"},\"thumbnailUrl\":\"https:\\\/\\\/www.fundacioimpulsa.org\\\/wp-content\\\/uploads\\\/2024\\\/10\\\/Impulsa_DibaBarcelona-12.jpg\",\"datePublished\":\"2024-10-16T12:37:02+00:00\",\"dateModified\":\"2024-10-17T08:13:49+00:00\",\"author\":{\"@id\":\"https:\\\/\\\/www.fundacioimpulsa.org\\\/es\\\/#\\\/schema\\\/person\\\/8093abda9188d9065d7a02992af09c00\"},\"description\":\"Carlos Cuy\u00e0s, Presidente de la Fundaci\u00f3n Impulsa, y Andrea Carandell, miembro del Patronato, acompa\u00f1ados por la Directora General de la Fundaci\u00f3n, Rosa Pujols, han tenido la oportunidad de reunirse con la Presidenta de la Diputaci\u00f3n de Barcelona, \u200b\u200bLlu\u00efsa Moret.\",\"breadcrumb\":{\"@id\":\"https:\\\/\\\/www.fundacioimpulsa.org\\\/es\\\/diputacion-barcelona\\\/#breadcrumb\"},\"inLanguage\":\"es\",\"potentialAction\":[{\"@type\":\"ReadAction\",\"target\":[\"https:\\\/\\\/www.fundacioimpulsa.org\\\/es\\\/diputacion-barcelona\\\/\"]}]},{\"@type\":\"ImageObject\",\"inLanguage\":\"es\",\"@id\":\"https:\\\/\\\/www.fundacioimpulsa.org\\\/es\\\/diputacion-barcelona\\\/#primaryimage\",\"url\":\"https:\\\/\\\/www.fundacioimpulsa.org\\\/wp-content\\\/uploads\\\/2024\\\/10\\\/Impulsa_DibaBarcelona-12.jpg\",\"contentUrl\":\"https:\\\/\\\/www.fundacioimpulsa.org\\\/wp-content\\\/uploads\\\/2024\\\/10\\\/Impulsa_DibaBarcelona-12.jpg\",\"width\":1020,\"height\":680},{\"@type\":\"BreadcrumbList\",\"@id\":\"https:\\\/\\\/www.fundacioimpulsa.org\\\/es\\\/diputacion-barcelona\\\/#breadcrumb\",\"itemListElement\":[{\"@type\":\"ListItem\",\"position\":1,\"name\":\"Inici\",\"item\":\"https:\\\/\\\/www.fundacioimpulsa.org\\\/es\\\/fundacio-impulsa\\\/\"},{\"@type\":\"ListItem\",\"position\":2,\"name\":\"Miembros del Patronato de la Fundaci\u00f3n Impulsa y su Directora General mantienen una reuni\u00f3n con la Presidenta de la Diputaci\u00f3 de Barcelona\"}]},{\"@type\":\"WebSite\",\"@id\":\"https:\\\/\\\/www.fundacioimpulsa.org\\\/es\\\/#website\",\"url\":\"https:\\\/\\\/www.fundacioimpulsa.org\\\/es\\\/\",\"name\":\"Fundacio Impulsa\",\"description\":\"\",\"potentialAction\":[{\"@type\":\"SearchAction\",\"target\":{\"@type\":\"EntryPoint\",\"urlTemplate\":\"https:\\\/\\\/www.fundacioimpulsa.org\\\/es\\\/?s={search_term_string}\"},\"query-input\":{\"@type\":\"PropertyValueSpecification\",\"valueRequired\":true,\"valueName\":\"search_term_string\"}}],\"inLanguage\":\"es\"},{\"@type\":\"Person\",\"@id\":\"https:\\\/\\\/www.fundacioimpulsa.org\\\/es\\\/#\\\/schema\\\/person\\\/8093abda9188d9065d7a02992af09c00\",\"name\":\"anna\",\"image\":{\"@type\":\"ImageObject\",\"inLanguage\":\"es\",\"@id\":\"https:\\\/\\\/secure.gravatar.com\\\/avatar\\\/098ca997a3814bde9b9ec5e5dfa4ad0ee9a251cd4cf1b86b7c008606c50d48c9?s=96&d=mm&r=g\",\"url\":\"https:\\\/\\\/secure.gravatar.com\\\/avatar\\\/098ca997a3814bde9b9ec5e5dfa4ad0ee9a251cd4cf1b86b7c008606c50d48c9?s=96&d=mm&r=g\",\"contentUrl\":\"https:\\\/\\\/secure.gravatar.com\\\/avatar\\\/098ca997a3814bde9b9ec5e5dfa4ad0ee9a251cd4cf1b86b7c008606c50d48c9?s=96&d=mm&r=g\",\"caption\":\"anna\"},\"url\":\"https:\\\/\\\/www.fundacioimpulsa.org\\\/es\\\/author\\\/anna\\\/\"}]}<\/script>\n<!-- \/ Yoast SEO plugin. -->","yoast_head_json":{"title":"Miembros del Patronato de la Fundaci\u00f3n Impulsa y su Directora General mantienen una reuni\u00f3n con la Presidenta de la Diputaci\u00f3 de Barcelona - Fundacio Impulsa","description":"Carlos Cuy\u00e0s, Presidente de la Fundaci\u00f3n Impulsa, y Andrea Carandell, miembro del Patronato, acompa\u00f1ados por la Directora General de la Fundaci\u00f3n, Rosa Pujols, han tenido la oportunidad de reunirse con la Presidenta de la Diputaci\u00f3n de Barcelona, \u200b\u200bLlu\u00efsa Moret.","robots":{"index":"index","follow":"follow","max-snippet":"max-snippet:-1","max-image-preview":"max-image-preview:large","max-video-preview":"max-video-preview:-1"},"canonical":"https:\/\/www.fundacioimpulsa.org\/es\/diputacion-barcelona\/","og_locale":"es_ES","og_type":"article","og_title":"Miembros del Patronato de la Fundaci\u00f3n Impulsa y su Directora General mantienen una reuni\u00f3n con la Presidenta de la Diputaci\u00f3 de Barcelona - Fundacio Impulsa","og_description":"Carlos Cuy\u00e0s, Presidente de la Fundaci\u00f3n Impulsa, y Andrea Carandell, miembro del Patronato, acompa\u00f1ados por la Directora General de la Fundaci\u00f3n, Rosa Pujols, han tenido la oportunidad de reunirse con la Presidenta de la Diputaci\u00f3n de Barcelona, \u200b\u200bLlu\u00efsa Moret.","og_url":"https:\/\/www.fundacioimpulsa.org\/es\/diputacion-barcelona\/","og_site_name":"Fundacio Impulsa","article_published_time":"2024-10-16T12:37:02+00:00","article_modified_time":"2024-10-17T08:13:49+00:00","og_image":[{"width":1020,"height":680,"url":"https:\/\/www.fundacioimpulsa.org\/wp-content\/uploads\/2024\/10\/Impulsa_DibaBarcelona-12.jpg","type":"image\/jpeg"}],"author":"anna","twitter_card":"summary_large_image","twitter_misc":{"Escrito por":"anna","Tiempo de lectura":"2 minutos"},"schema":{"@context":"https:\/\/schema.org","@graph":[{"@type":"Article","@id":"https:\/\/www.fundacioimpulsa.org\/es\/diputacion-barcelona\/#article","isPartOf":{"@id":"https:\/\/www.fundacioimpulsa.org\/es\/diputacion-barcelona\/"},"author":{"name":"anna","@id":"https:\/\/www.fundacioimpulsa.org\/es\/#\/schema\/person\/8093abda9188d9065d7a02992af09c00"},"headline":"Miembros del Patronato de la Fundaci\u00f3n Impulsa y su Directora General mantienen una reuni\u00f3n con la Presidenta de la Diputaci\u00f3 de Barcelona","datePublished":"2024-10-16T12:37:02+00:00","dateModified":"2024-10-17T08:13:49+00:00","mainEntityOfPage":{"@id":"https:\/\/www.fundacioimpulsa.org\/es\/diputacion-barcelona\/"},"wordCount":297,"image":{"@id":"https:\/\/www.fundacioimpulsa.org\/es\/diputacion-barcelona\/#primaryimage"},"thumbnailUrl":"https:\/\/www.fundacioimpulsa.org\/wp-content\/uploads\/2024\/10\/Impulsa_DibaBarcelona-12.jpg","keywords":["#OrganizacionesImpulsoras"],"articleSection":["D\u00eda a D\u00eda","Noticias"],"inLanguage":"es"},{"@type":"WebPage","@id":"https:\/\/www.fundacioimpulsa.org\/es\/diputacion-barcelona\/","url":"https:\/\/www.fundacioimpulsa.org\/es\/diputacion-barcelona\/","name":"Miembros del Patronato de la Fundaci\u00f3n Impulsa y su Directora General mantienen una reuni\u00f3n con la Presidenta de la Diputaci\u00f3 de Barcelona - Fundacio Impulsa","isPartOf":{"@id":"https:\/\/www.fundacioimpulsa.org\/es\/#website"},"primaryImageOfPage":{"@id":"https:\/\/www.fundacioimpulsa.org\/es\/diputacion-barcelona\/#primaryimage"},"image":{"@id":"https:\/\/www.fundacioimpulsa.org\/es\/diputacion-barcelona\/#primaryimage"},"thumbnailUrl":"https:\/\/www.fundacioimpulsa.org\/wp-content\/uploads\/2024\/10\/Impulsa_DibaBarcelona-12.jpg","datePublished":"2024-10-16T12:37:02+00:00","dateModified":"2024-10-17T08:13:49+00:00","author":{"@id":"https:\/\/www.fundacioimpulsa.org\/es\/#\/schema\/person\/8093abda9188d9065d7a02992af09c00"},"description":"Carlos Cuy\u00e0s, Presidente de la Fundaci\u00f3n Impulsa, y Andrea Carandell, miembro del Patronato, acompa\u00f1ados por la Directora General de la Fundaci\u00f3n, Rosa Pujols, han tenido la oportunidad de reunirse con la Presidenta de la Diputaci\u00f3n de Barcelona, \u200b\u200bLlu\u00efsa Moret.","breadcrumb":{"@id":"https:\/\/www.fundacioimpulsa.org\/es\/diputacion-barcelona\/#breadcrumb"},"inLanguage":"es","potentialAction":[{"@type":"ReadAction","target":["https:\/\/www.fundacioimpulsa.org\/es\/diputacion-barcelona\/"]}]},{"@type":"ImageObject","inLanguage":"es","@id":"https:\/\/www.fundacioimpulsa.org\/es\/diputacion-barcelona\/#primaryimage","url":"https:\/\/www.fundacioimpulsa.org\/wp-content\/uploads\/2024\/10\/Impulsa_DibaBarcelona-12.jpg","contentUrl":"https:\/\/www.fundacioimpulsa.org\/wp-content\/uploads\/2024\/10\/Impulsa_DibaBarcelona-12.jpg","width":1020,"height":680},{"@type":"BreadcrumbList","@id":"https:\/\/www.fundacioimpulsa.org\/es\/diputacion-barcelona\/#breadcrumb","itemListElement":[{"@type":"ListItem","position":1,"name":"Inici","item":"https:\/\/www.fundacioimpulsa.org\/es\/fundacio-impulsa\/"},{"@type":"ListItem","position":2,"name":"Miembros del Patronato de la Fundaci\u00f3n Impulsa y su Directora General mantienen una reuni\u00f3n con la Presidenta de la Diputaci\u00f3 de Barcelona"}]},{"@type":"WebSite","@id":"https:\/\/www.fundacioimpulsa.org\/es\/#website","url":"https:\/\/www.fundacioimpulsa.org\/es\/","name":"Fundacio Impulsa","description":"","potentialAction":[{"@type":"SearchAction","target":{"@type":"EntryPoint","urlTemplate":"https:\/\/www.fundacioimpulsa.org\/es\/?s={search_term_string}"},"query-input":{"@type":"PropertyValueSpecification","valueRequired":true,"valueName":"search_term_string"}}],"inLanguage":"es"},{"@type":"Person","@id":"https:\/\/www.fundacioimpulsa.org\/es\/#\/schema\/person\/8093abda9188d9065d7a02992af09c00","name":"anna","image":{"@type":"ImageObject","inLanguage":"es","@id":"https:\/\/secure.gravatar.com\/avatar\/098ca997a3814bde9b9ec5e5dfa4ad0ee9a251cd4cf1b86b7c008606c50d48c9?s=96&d=mm&r=g","url":"https:\/\/secure.gravatar.com\/avatar\/098ca997a3814bde9b9ec5e5dfa4ad0ee9a251cd4cf1b86b7c008606c50d48c9?s=96&d=mm&r=g","contentUrl":"https:\/\/secure.gravatar.com\/avatar\/098ca997a3814bde9b9ec5e5dfa4ad0ee9a251cd4cf1b86b7c008606c50d48c9?s=96&d=mm&r=g","caption":"anna"},"url":"https:\/\/www.fundacioimpulsa.org\/es\/author\/anna\/"}]}},"publishpress_future_action":{"enabled":false,"date":"2026-05-06 06:08:28","action":"change-status","newStatus":"draft","terms":[],"taxonomy":"category","extraData":[]},"publishpress_future_workflow_manual_trigger":{"enabledWorkflows":[]},"_links":{"self":[{"href":"https:\/\/www.fundacioimpulsa.org\/es\/wp-json\/wp\/v2\/posts\/12168","targetHints":{"allow":["GET"]}}],"collection":[{"href":"https:\/\/www.fundacioimpulsa.org\/es\/wp-json\/wp\/v2\/posts"}],"about":[{"href":"https:\/\/www.fundacioimpulsa.org\/es\/wp-json\/wp\/v2\/types\/post"}],"author":[{"embeddable":true,"href":"https:\/\/www.fundacioimpulsa.org\/es\/wp-json\/wp\/v2\/users\/10"}],"replies":[{"embeddable":true,"href":"https:\/\/www.fundacioimpulsa.org\/es\/wp-json\/wp\/v2\/comments?post=12168"}],"version-history":[{"count":3,"href":"https:\/\/www.fundacioimpulsa.org\/es\/wp-json\/wp\/v2\/posts\/12168\/revisions"}],"predecessor-version":[{"id":12171,"href":"https:\/\/www.fundacioimpulsa.org\/es\/wp-json\/wp\/v2\/posts\/12168\/revisions\/12171"}],"wp:featuredmedia":[{"embeddable":true,"href":"https:\/\/www.fundacioimpulsa.org\/es\/wp-json\/wp\/v2\/media\/12162"}],"wp:attachment":[{"href":"https:\/\/www.fundacioimpulsa.org\/es\/wp-json\/wp\/v2\/media?parent=12168"}],"wp:term":[{"taxonomy":"category","embeddable":true,"href":"https:\/\/www.fundacioimpulsa.org\/es\/wp-json\/wp\/v2\/categories?post=12168"},{"taxonomy":"post_tag","embeddable":true,"href":"https:\/\/www.fundacioimpulsa.org\/es\/wp-json\/wp\/v2\/tags?post=12168"}],"curies":[{"name":"wp","href":"https:\/\/api.w.org\/{rel}","templated":true}]}}