{"id":12304,"date":"2024-11-07T06:31:29","date_gmt":"2024-11-07T05:31:29","guid":{"rendered":"https:\/\/www.fundacioimpulsa.org\/?p=12304"},"modified":"2024-11-13T13:45:17","modified_gmt":"2024-11-13T12:45:17","slug":"inicio-proces-seleccion-jovenes-2025","status":"publish","type":"post","link":"https:\/\/www.fundacioimpulsa.org\/es\/inicio-proces-seleccion-jovenes-2025\/","title":{"rendered":"Se abre el plazo para que los centros educativos presenten a j\u00f3venes candidatos a la Beca Impulsa para el curso 2025 \u2013 2026"},"content":{"rendered":"<p><img loading=\"lazy\" decoding=\"async\" class=\"alignnone wp-image-12281\" src=\"https:\/\/www.fundacioimpulsa.org\/wp-content\/uploads\/2024\/11\/Portada-noti-Fundacio-Impulsa-12-300x207.jpg\" alt=\"\" width=\"721\" height=\"497\" srcset=\"https:\/\/www.fundacioimpulsa.org\/wp-content\/uploads\/2024\/11\/Portada-noti-Fundacio-Impulsa-12-300x207.jpg 300w, https:\/\/www.fundacioimpulsa.org\/wp-content\/uploads\/2024\/11\/Portada-noti-Fundacio-Impulsa-12-306x211.jpg 306w, https:\/\/www.fundacioimpulsa.org\/wp-content\/uploads\/2024\/11\/Portada-noti-Fundacio-Impulsa-12.jpg 700w\" sizes=\"auto, (max-width: 721px) 100vw, 721px\" \/><\/p>\n<p>Este mes de noviembre <strong>se inicia el proceso<\/strong> para que los centros educativos presenten a los j\u00f3venes candidatos a la Beca Impulsa para el pr\u00f3ximo curso en los 10 territorios donde estamos presentes (Osona, Moian\u00e8s, Bages, Bergued\u00e0, Anoia, Terrassa, Sabadell, Giron\u00e8s, Baix Empord\u00e0 y Garrotxa).<\/p>\n<p>La primera tarea ha sido enviar a los centros educativos la informaci\u00f3n necesaria para que conozcan todo el procedimiento en el registro de la solicitud y la documentaci\u00f3n que los j\u00f3venes y las familias tendr\u00e1n que presentar. los centros educativos en los que el equipo de la Fundaci\u00f3n les ha explicado con detalle todo el proceso.<\/p>\n<p><strong>Los centros educativos pueden registrar telem\u00e1ticamente las solicitudes entre los d\u00edas 11 y 29 de noviembre, y m\u00e1s all\u00e1 de esa fecha no se admitir\u00e1n nuevas candidaturas. A posteriori, las familias tendr\u00e1n que presentar toda la documentaci\u00f3n socioecon\u00f3mica pertinente, para que los Consejos Comarcales y\/o Ayuntamientos, as\u00ed como el equipo de la Fundaci\u00f3n Impulsa puedan evaluar las candidaturas.<\/strong> Para subir la documentaci\u00f3n las familias, podr\u00e1n hacerlo v\u00eda telem\u00e1tica, como en los \u00faltimos a\u00f1os, o tambi\u00e9n de forma presencial, gracias a que este a\u00f1o el equipo t\u00e9cnico de la Fundaci\u00f3n estar\u00e1 de forma presencial durante unos d\u00edas concretos en cada territorio para recoger y ayudar a las familias en los tr\u00e1mites de solicitud de la beca.<\/p>\n<p>Una vez finalizado el proceso de recogida de informaci\u00f3n, se realizar\u00e1 <strong>una reuni\u00f3n virtual con los candidatos<\/strong> donde el equipo de la Fundaci\u00f3n Impulsa explicar\u00e1 a los j\u00f3venes el funcionamiento del proceso de valoraci\u00f3n de las candidaturas recibidas, en la que consiste la Beca Impulsa y los compromisos que comporta. A continuaci\u00f3n, y durante dos meses, se entrevistar\u00e1 individualmente a cada uno de los candidatos para determinar que cumplen con el perfil del Impulser: un joven que tiene ganas de seguir estudiando y est\u00e1 comprometido en sacar adelante su futuro personal y profesional. \u00c9ste es un proceso largo, pero esencial para determinar qui\u00e9nes deben ser los j\u00f3venes que deben recibir la Beca Impulsa.<\/p>\n<p><strong>Carla Vidal, Responsable de Organizaci\u00f3n de la Fundaci\u00f3n Impulsa<\/strong>, comenta \u201cPara valorar a los candidatos a la Beca Impulsa, desde la Fundaci\u00f3n se tienen en cuenta diferentes aspectos del \u00e1mbito acad\u00e9mico, psicopedag\u00f3gico y socioecon\u00f3mico de los j\u00f3venes y sus familias . Para poder valorar si las necesidades del candidato podr\u00e1n acompa\u00f1arse con el M\u00e9todo Impulsa, necesitamos conocer los criterios recogidos a continuaci\u00f3n y evaluar el equilibrio entre todos ellos.\u201d<\/p>\n<p><img loading=\"lazy\" decoding=\"async\" class=\"alignnone wp-image-12289\" src=\"https:\/\/www.fundacioimpulsa.org\/wp-content\/uploads\/2024\/11\/Proces-300x247.jpg\" alt=\"\" width=\"690\" height=\"567\" srcset=\"https:\/\/www.fundacioimpulsa.org\/wp-content\/uploads\/2024\/11\/Proces-300x247.jpg 300w, https:\/\/www.fundacioimpulsa.org\/wp-content\/uploads\/2024\/11\/Proces-1030x847.jpg 1030w, https:\/\/www.fundacioimpulsa.org\/wp-content\/uploads\/2024\/11\/Proces-768x632.jpg 768w, https:\/\/www.fundacioimpulsa.org\/wp-content\/uploads\/2024\/11\/Proces-1536x1263.jpg 1536w, https:\/\/www.fundacioimpulsa.org\/wp-content\/uploads\/2024\/11\/Proces-2048x1684.jpg 2048w, https:\/\/www.fundacioimpulsa.org\/wp-content\/uploads\/2024\/11\/Proces-1500x1234.jpg 1500w, https:\/\/www.fundacioimpulsa.org\/wp-content\/uploads\/2024\/11\/Proces-705x580.jpg 705w, https:\/\/www.fundacioimpulsa.org\/wp-content\/uploads\/2024\/11\/Proces-644x530.jpg 644w, https:\/\/www.fundacioimpulsa.org\/wp-content\/uploads\/2024\/11\/Proces-257x211.jpg 257w\" sizes=\"auto, (max-width: 690px) 100vw, 690px\" \/><\/p>\n<p>Posteriormente a estas entrevistas, el 16 de junio ser\u00e1 la fecha a partir de la cual desde la Fundaci\u00f3n Impulsa se informar\u00e1 al alumnado, a los centros educativos, a los Consejos Comarcales ya los Ayuntamientos sobre <strong>la resoluci\u00f3n final de las Becas Impulsa para el curso 2025 &#8211; 2026<\/strong>. En julio se iniciar\u00e1 la acogida de los alumnos que pasar\u00e1n a formar parte de la Fundaci\u00f3n Impulsa en septiembre. Ya ser\u00e1 con el inicio del curso escolar que se activar\u00e1 la Beca Impulsa y todos los recursos y programas de acompa\u00f1amiento que supone.<\/p>\n<p><img loading=\"lazy\" decoding=\"async\" class=\"alignnone wp-image-12293\" src=\"https:\/\/www.fundacioimpulsa.org\/wp-content\/uploads\/2024\/11\/Proces_Tempos-120x300.jpg\" alt=\"\" width=\"357\" height=\"893\" srcset=\"https:\/\/www.fundacioimpulsa.org\/wp-content\/uploads\/2024\/11\/Proces_Tempos-120x300.jpg 120w, https:\/\/www.fundacioimpulsa.org\/wp-content\/uploads\/2024\/11\/Proces_Tempos-412x1030.jpg 412w, https:\/\/www.fundacioimpulsa.org\/wp-content\/uploads\/2024\/11\/Proces_Tempos-768x1920.jpg 768w, https:\/\/www.fundacioimpulsa.org\/wp-content\/uploads\/2024\/11\/Proces_Tempos-614x1536.jpg 614w, https:\/\/www.fundacioimpulsa.org\/wp-content\/uploads\/2024\/11\/Proces_Tempos-819x2048.jpg 819w, https:\/\/www.fundacioimpulsa.org\/wp-content\/uploads\/2024\/11\/Proces_Tempos-600x1500.jpg 600w, https:\/\/www.fundacioimpulsa.org\/wp-content\/uploads\/2024\/11\/Proces_Tempos-282x705.jpg 282w, https:\/\/www.fundacioimpulsa.org\/wp-content\/uploads\/2024\/11\/Proces_Tempos-212x530.jpg 212w, https:\/\/www.fundacioimpulsa.org\/wp-content\/uploads\/2024\/11\/Proces_Tempos-84x211.jpg 84w, https:\/\/www.fundacioimpulsa.org\/wp-content\/uploads\/2024\/11\/Proces_Tempos-scaled.jpg 1024w\" sizes=\"auto, (max-width: 357px) 100vw, 357px\" \/><\/p>\n","protected":false},"excerpt":{"rendered":"<p>Este mes de noviembre se inicia el proceso para que los centros educativos presenten a los j\u00f3venes candidatos a la Beca Impulsa para el pr\u00f3ximo curso en los 10 territorios donde estamos presentes (Osona, Moian\u00e8s, Bages, Bergued\u00e0, Anoia, Terrassa, Sabadell, Giron\u00e8s, Baix Empord\u00e0 y Garrotxa).<\/p>\n","protected":false},"author":10,"featured_media":12281,"comment_status":"closed","ping_status":"closed","sticky":false,"template":"","format":"standard","meta":{"_acf_changed":false,"footnotes":""},"categories":[72,76],"tags":[70],"class_list":["post-12304","post","type-post","status-publish","format-standard","has-post-thumbnail","hentry","category-dia-a-dia-es","category-noticies-es","tag-metodoimpulsa"],"acf":[],"yoast_head":"<!-- This site is optimized with the Yoast SEO plugin v27.5 - https:\/\/yoast.com\/product\/yoast-seo-wordpress\/ -->\n<title>Se abre el plazo para que los centros educativos presenten a j\u00f3venes candidatos a la Beca Impulsa para el curso 2025 \u2013 2026 - Fundacio Impulsa<\/title>\n<meta name=\"description\" content=\"Esta semana empezamos las formaciones a los j\u00f3venes Impulseros sobre herramientas y competencias orientadas al desarrollo personal y competencias transversales enfocadas al mercado de trabajo, dentro de los programas de Crecimiento Humano y Oportunidades Laborales, respectivamente.\" \/>\n<meta name=\"robots\" content=\"index, follow, max-snippet:-1, max-image-preview:large, max-video-preview:-1\" \/>\n<link rel=\"canonical\" href=\"https:\/\/www.fundacioimpulsa.org\/es\/inicio-proces-seleccion-jovenes-2025\/\" \/>\n<meta property=\"og:locale\" content=\"es_ES\" \/>\n<meta property=\"og:type\" content=\"article\" \/>\n<meta property=\"og:title\" content=\"Se abre el plazo para que los centros educativos presenten a j\u00f3venes candidatos a la Beca Impulsa para el curso 2025 \u2013 2026 - Fundacio Impulsa\" \/>\n<meta property=\"og:description\" content=\"Esta semana empezamos las formaciones a los j\u00f3venes Impulseros sobre herramientas y competencias orientadas al desarrollo personal y competencias transversales enfocadas al mercado de trabajo, dentro de los programas de Crecimiento Humano y Oportunidades Laborales, respectivamente.\" \/>\n<meta property=\"og:url\" content=\"https:\/\/www.fundacioimpulsa.org\/es\/inicio-proces-seleccion-jovenes-2025\/\" \/>\n<meta property=\"og:site_name\" content=\"Fundacio Impulsa\" \/>\n<meta property=\"article:published_time\" content=\"2024-11-07T05:31:29+00:00\" \/>\n<meta property=\"article:modified_time\" content=\"2024-11-13T12:45:17+00:00\" \/>\n<meta property=\"og:image\" content=\"https:\/\/www.fundacioimpulsa.org\/wp-content\/uploads\/2024\/11\/Portada-noti-Fundacio-Impulsa-12.jpg\" \/>\n\t<meta property=\"og:image:width\" content=\"700\" \/>\n\t<meta property=\"og:image:height\" content=\"483\" \/>\n\t<meta property=\"og:image:type\" content=\"image\/jpeg\" \/>\n<meta name=\"author\" content=\"anna\" \/>\n<meta name=\"twitter:card\" content=\"summary_large_image\" \/>\n<meta name=\"twitter:label1\" content=\"Escrito por\" \/>\n\t<meta name=\"twitter:data1\" content=\"anna\" \/>\n\t<meta name=\"twitter:label2\" content=\"Tiempo de lectura\" \/>\n\t<meta name=\"twitter:data2\" content=\"4 minutos\" \/>\n<script type=\"application\/ld+json\" class=\"yoast-schema-graph\">{\"@context\":\"https:\\\/\\\/schema.org\",\"@graph\":[{\"@type\":\"Article\",\"@id\":\"https:\\\/\\\/www.fundacioimpulsa.org\\\/es\\\/inicio-proces-seleccion-jovenes-2025\\\/#article\",\"isPartOf\":{\"@id\":\"https:\\\/\\\/www.fundacioimpulsa.org\\\/es\\\/inicio-proces-seleccion-jovenes-2025\\\/\"},\"author\":{\"name\":\"anna\",\"@id\":\"https:\\\/\\\/www.fundacioimpulsa.org\\\/es\\\/#\\\/schema\\\/person\\\/8093abda9188d9065d7a02992af09c00\"},\"headline\":\"Se abre el plazo para que los centros educativos presenten a j\u00f3venes candidatos a la Beca Impulsa para el curso 2025 \u2013 2026\",\"datePublished\":\"2024-11-07T05:31:29+00:00\",\"dateModified\":\"2024-11-13T12:45:17+00:00\",\"mainEntityOfPage\":{\"@id\":\"https:\\\/\\\/www.fundacioimpulsa.org\\\/es\\\/inicio-proces-seleccion-jovenes-2025\\\/\"},\"wordCount\":558,\"image\":{\"@id\":\"https:\\\/\\\/www.fundacioimpulsa.org\\\/es\\\/inicio-proces-seleccion-jovenes-2025\\\/#primaryimage\"},\"thumbnailUrl\":\"https:\\\/\\\/www.fundacioimpulsa.org\\\/wp-content\\\/uploads\\\/2024\\\/11\\\/Portada-noti-Fundacio-Impulsa-12.jpg\",\"keywords\":[\"#M\u00e9todoImpulsa\"],\"articleSection\":[\"D\u00eda a D\u00eda\",\"Noticias\"],\"inLanguage\":\"es\"},{\"@type\":\"WebPage\",\"@id\":\"https:\\\/\\\/www.fundacioimpulsa.org\\\/es\\\/inicio-proces-seleccion-jovenes-2025\\\/\",\"url\":\"https:\\\/\\\/www.fundacioimpulsa.org\\\/es\\\/inicio-proces-seleccion-jovenes-2025\\\/\",\"name\":\"Se abre el plazo para que los centros educativos presenten a j\u00f3venes candidatos a la Beca Impulsa para el curso 2025 \u2013 2026 - Fundacio Impulsa\",\"isPartOf\":{\"@id\":\"https:\\\/\\\/www.fundacioimpulsa.org\\\/es\\\/#website\"},\"primaryImageOfPage\":{\"@id\":\"https:\\\/\\\/www.fundacioimpulsa.org\\\/es\\\/inicio-proces-seleccion-jovenes-2025\\\/#primaryimage\"},\"image\":{\"@id\":\"https:\\\/\\\/www.fundacioimpulsa.org\\\/es\\\/inicio-proces-seleccion-jovenes-2025\\\/#primaryimage\"},\"thumbnailUrl\":\"https:\\\/\\\/www.fundacioimpulsa.org\\\/wp-content\\\/uploads\\\/2024\\\/11\\\/Portada-noti-Fundacio-Impulsa-12.jpg\",\"datePublished\":\"2024-11-07T05:31:29+00:00\",\"dateModified\":\"2024-11-13T12:45:17+00:00\",\"author\":{\"@id\":\"https:\\\/\\\/www.fundacioimpulsa.org\\\/es\\\/#\\\/schema\\\/person\\\/8093abda9188d9065d7a02992af09c00\"},\"description\":\"Esta semana empezamos las formaciones a los j\u00f3venes Impulseros sobre herramientas y competencias orientadas al desarrollo personal y competencias transversales enfocadas al mercado de trabajo, dentro de los programas de Crecimiento Humano y Oportunidades Laborales, respectivamente.\",\"breadcrumb\":{\"@id\":\"https:\\\/\\\/www.fundacioimpulsa.org\\\/es\\\/inicio-proces-seleccion-jovenes-2025\\\/#breadcrumb\"},\"inLanguage\":\"es\",\"potentialAction\":[{\"@type\":\"ReadAction\",\"target\":[\"https:\\\/\\\/www.fundacioimpulsa.org\\\/es\\\/inicio-proces-seleccion-jovenes-2025\\\/\"]}]},{\"@type\":\"ImageObject\",\"inLanguage\":\"es\",\"@id\":\"https:\\\/\\\/www.fundacioimpulsa.org\\\/es\\\/inicio-proces-seleccion-jovenes-2025\\\/#primaryimage\",\"url\":\"https:\\\/\\\/www.fundacioimpulsa.org\\\/wp-content\\\/uploads\\\/2024\\\/11\\\/Portada-noti-Fundacio-Impulsa-12.jpg\",\"contentUrl\":\"https:\\\/\\\/www.fundacioimpulsa.org\\\/wp-content\\\/uploads\\\/2024\\\/11\\\/Portada-noti-Fundacio-Impulsa-12.jpg\",\"width\":700,\"height\":483},{\"@type\":\"BreadcrumbList\",\"@id\":\"https:\\\/\\\/www.fundacioimpulsa.org\\\/es\\\/inicio-proces-seleccion-jovenes-2025\\\/#breadcrumb\",\"itemListElement\":[{\"@type\":\"ListItem\",\"position\":1,\"name\":\"Inici\",\"item\":\"https:\\\/\\\/www.fundacioimpulsa.org\\\/es\\\/fundacio-impulsa\\\/\"},{\"@type\":\"ListItem\",\"position\":2,\"name\":\"Se abre el plazo para que los centros educativos presenten a j\u00f3venes candidatos a la Beca Impulsa para el curso 2025 \u2013 2026\"}]},{\"@type\":\"WebSite\",\"@id\":\"https:\\\/\\\/www.fundacioimpulsa.org\\\/es\\\/#website\",\"url\":\"https:\\\/\\\/www.fundacioimpulsa.org\\\/es\\\/\",\"name\":\"Fundacio Impulsa\",\"description\":\"\",\"potentialAction\":[{\"@type\":\"SearchAction\",\"target\":{\"@type\":\"EntryPoint\",\"urlTemplate\":\"https:\\\/\\\/www.fundacioimpulsa.org\\\/es\\\/?s={search_term_string}\"},\"query-input\":{\"@type\":\"PropertyValueSpecification\",\"valueRequired\":true,\"valueName\":\"search_term_string\"}}],\"inLanguage\":\"es\"},{\"@type\":\"Person\",\"@id\":\"https:\\\/\\\/www.fundacioimpulsa.org\\\/es\\\/#\\\/schema\\\/person\\\/8093abda9188d9065d7a02992af09c00\",\"name\":\"anna\",\"image\":{\"@type\":\"ImageObject\",\"inLanguage\":\"es\",\"@id\":\"https:\\\/\\\/secure.gravatar.com\\\/avatar\\\/098ca997a3814bde9b9ec5e5dfa4ad0ee9a251cd4cf1b86b7c008606c50d48c9?s=96&d=mm&r=g\",\"url\":\"https:\\\/\\\/secure.gravatar.com\\\/avatar\\\/098ca997a3814bde9b9ec5e5dfa4ad0ee9a251cd4cf1b86b7c008606c50d48c9?s=96&d=mm&r=g\",\"contentUrl\":\"https:\\\/\\\/secure.gravatar.com\\\/avatar\\\/098ca997a3814bde9b9ec5e5dfa4ad0ee9a251cd4cf1b86b7c008606c50d48c9?s=96&d=mm&r=g\",\"caption\":\"anna\"},\"url\":\"https:\\\/\\\/www.fundacioimpulsa.org\\\/es\\\/author\\\/anna\\\/\"}]}<\/script>\n<!-- \/ Yoast SEO plugin. -->","yoast_head_json":{"title":"Se abre el plazo para que los centros educativos presenten a j\u00f3venes candidatos a la Beca Impulsa para el curso 2025 \u2013 2026 - Fundacio Impulsa","description":"Esta semana empezamos las formaciones a los j\u00f3venes Impulseros sobre herramientas y competencias orientadas al desarrollo personal y competencias transversales enfocadas al mercado de trabajo, dentro de los programas de Crecimiento Humano y Oportunidades Laborales, respectivamente.","robots":{"index":"index","follow":"follow","max-snippet":"max-snippet:-1","max-image-preview":"max-image-preview:large","max-video-preview":"max-video-preview:-1"},"canonical":"https:\/\/www.fundacioimpulsa.org\/es\/inicio-proces-seleccion-jovenes-2025\/","og_locale":"es_ES","og_type":"article","og_title":"Se abre el plazo para que los centros educativos presenten a j\u00f3venes candidatos a la Beca Impulsa para el curso 2025 \u2013 2026 - Fundacio Impulsa","og_description":"Esta semana empezamos las formaciones a los j\u00f3venes Impulseros sobre herramientas y competencias orientadas al desarrollo personal y competencias transversales enfocadas al mercado de trabajo, dentro de los programas de Crecimiento Humano y Oportunidades Laborales, respectivamente.","og_url":"https:\/\/www.fundacioimpulsa.org\/es\/inicio-proces-seleccion-jovenes-2025\/","og_site_name":"Fundacio Impulsa","article_published_time":"2024-11-07T05:31:29+00:00","article_modified_time":"2024-11-13T12:45:17+00:00","og_image":[{"width":700,"height":483,"url":"https:\/\/www.fundacioimpulsa.org\/wp-content\/uploads\/2024\/11\/Portada-noti-Fundacio-Impulsa-12.jpg","type":"image\/jpeg"}],"author":"anna","twitter_card":"summary_large_image","twitter_misc":{"Escrito por":"anna","Tiempo de lectura":"4 minutos"},"schema":{"@context":"https:\/\/schema.org","@graph":[{"@type":"Article","@id":"https:\/\/www.fundacioimpulsa.org\/es\/inicio-proces-seleccion-jovenes-2025\/#article","isPartOf":{"@id":"https:\/\/www.fundacioimpulsa.org\/es\/inicio-proces-seleccion-jovenes-2025\/"},"author":{"name":"anna","@id":"https:\/\/www.fundacioimpulsa.org\/es\/#\/schema\/person\/8093abda9188d9065d7a02992af09c00"},"headline":"Se abre el plazo para que los centros educativos presenten a j\u00f3venes candidatos a la Beca Impulsa para el curso 2025 \u2013 2026","datePublished":"2024-11-07T05:31:29+00:00","dateModified":"2024-11-13T12:45:17+00:00","mainEntityOfPage":{"@id":"https:\/\/www.fundacioimpulsa.org\/es\/inicio-proces-seleccion-jovenes-2025\/"},"wordCount":558,"image":{"@id":"https:\/\/www.fundacioimpulsa.org\/es\/inicio-proces-seleccion-jovenes-2025\/#primaryimage"},"thumbnailUrl":"https:\/\/www.fundacioimpulsa.org\/wp-content\/uploads\/2024\/11\/Portada-noti-Fundacio-Impulsa-12.jpg","keywords":["#M\u00e9todoImpulsa"],"articleSection":["D\u00eda a D\u00eda","Noticias"],"inLanguage":"es"},{"@type":"WebPage","@id":"https:\/\/www.fundacioimpulsa.org\/es\/inicio-proces-seleccion-jovenes-2025\/","url":"https:\/\/www.fundacioimpulsa.org\/es\/inicio-proces-seleccion-jovenes-2025\/","name":"Se abre el plazo para que los centros educativos presenten a j\u00f3venes candidatos a la Beca Impulsa para el curso 2025 \u2013 2026 - Fundacio Impulsa","isPartOf":{"@id":"https:\/\/www.fundacioimpulsa.org\/es\/#website"},"primaryImageOfPage":{"@id":"https:\/\/www.fundacioimpulsa.org\/es\/inicio-proces-seleccion-jovenes-2025\/#primaryimage"},"image":{"@id":"https:\/\/www.fundacioimpulsa.org\/es\/inicio-proces-seleccion-jovenes-2025\/#primaryimage"},"thumbnailUrl":"https:\/\/www.fundacioimpulsa.org\/wp-content\/uploads\/2024\/11\/Portada-noti-Fundacio-Impulsa-12.jpg","datePublished":"2024-11-07T05:31:29+00:00","dateModified":"2024-11-13T12:45:17+00:00","author":{"@id":"https:\/\/www.fundacioimpulsa.org\/es\/#\/schema\/person\/8093abda9188d9065d7a02992af09c00"},"description":"Esta semana empezamos las formaciones a los j\u00f3venes Impulseros sobre herramientas y competencias orientadas al desarrollo personal y competencias transversales enfocadas al mercado de trabajo, dentro de los programas de Crecimiento Humano y Oportunidades Laborales, respectivamente.","breadcrumb":{"@id":"https:\/\/www.fundacioimpulsa.org\/es\/inicio-proces-seleccion-jovenes-2025\/#breadcrumb"},"inLanguage":"es","potentialAction":[{"@type":"ReadAction","target":["https:\/\/www.fundacioimpulsa.org\/es\/inicio-proces-seleccion-jovenes-2025\/"]}]},{"@type":"ImageObject","inLanguage":"es","@id":"https:\/\/www.fundacioimpulsa.org\/es\/inicio-proces-seleccion-jovenes-2025\/#primaryimage","url":"https:\/\/www.fundacioimpulsa.org\/wp-content\/uploads\/2024\/11\/Portada-noti-Fundacio-Impulsa-12.jpg","contentUrl":"https:\/\/www.fundacioimpulsa.org\/wp-content\/uploads\/2024\/11\/Portada-noti-Fundacio-Impulsa-12.jpg","width":700,"height":483},{"@type":"BreadcrumbList","@id":"https:\/\/www.fundacioimpulsa.org\/es\/inicio-proces-seleccion-jovenes-2025\/#breadcrumb","itemListElement":[{"@type":"ListItem","position":1,"name":"Inici","item":"https:\/\/www.fundacioimpulsa.org\/es\/fundacio-impulsa\/"},{"@type":"ListItem","position":2,"name":"Se abre el plazo para que los centros educativos presenten a j\u00f3venes candidatos a la Beca Impulsa para el curso 2025 \u2013 2026"}]},{"@type":"WebSite","@id":"https:\/\/www.fundacioimpulsa.org\/es\/#website","url":"https:\/\/www.fundacioimpulsa.org\/es\/","name":"Fundacio Impulsa","description":"","potentialAction":[{"@type":"SearchAction","target":{"@type":"EntryPoint","urlTemplate":"https:\/\/www.fundacioimpulsa.org\/es\/?s={search_term_string}"},"query-input":{"@type":"PropertyValueSpecification","valueRequired":true,"valueName":"search_term_string"}}],"inLanguage":"es"},{"@type":"Person","@id":"https:\/\/www.fundacioimpulsa.org\/es\/#\/schema\/person\/8093abda9188d9065d7a02992af09c00","name":"anna","image":{"@type":"ImageObject","inLanguage":"es","@id":"https:\/\/secure.gravatar.com\/avatar\/098ca997a3814bde9b9ec5e5dfa4ad0ee9a251cd4cf1b86b7c008606c50d48c9?s=96&d=mm&r=g","url":"https:\/\/secure.gravatar.com\/avatar\/098ca997a3814bde9b9ec5e5dfa4ad0ee9a251cd4cf1b86b7c008606c50d48c9?s=96&d=mm&r=g","contentUrl":"https:\/\/secure.gravatar.com\/avatar\/098ca997a3814bde9b9ec5e5dfa4ad0ee9a251cd4cf1b86b7c008606c50d48c9?s=96&d=mm&r=g","caption":"anna"},"url":"https:\/\/www.fundacioimpulsa.org\/es\/author\/anna\/"}]}},"publishpress_future_action":{"enabled":false,"date":"2026-05-08 21:47:51","action":"change-status","newStatus":"draft","terms":[],"taxonomy":"category","extraData":[]},"publishpress_future_workflow_manual_trigger":{"enabledWorkflows":[]},"_links":{"self":[{"href":"https:\/\/www.fundacioimpulsa.org\/es\/wp-json\/wp\/v2\/posts\/12304","targetHints":{"allow":["GET"]}}],"collection":[{"href":"https:\/\/www.fundacioimpulsa.org\/es\/wp-json\/wp\/v2\/posts"}],"about":[{"href":"https:\/\/www.fundacioimpulsa.org\/es\/wp-json\/wp\/v2\/types\/post"}],"author":[{"embeddable":true,"href":"https:\/\/www.fundacioimpulsa.org\/es\/wp-json\/wp\/v2\/users\/10"}],"replies":[{"embeddable":true,"href":"https:\/\/www.fundacioimpulsa.org\/es\/wp-json\/wp\/v2\/comments?post=12304"}],"version-history":[{"count":2,"href":"https:\/\/www.fundacioimpulsa.org\/es\/wp-json\/wp\/v2\/posts\/12304\/revisions"}],"predecessor-version":[{"id":12306,"href":"https:\/\/www.fundacioimpulsa.org\/es\/wp-json\/wp\/v2\/posts\/12304\/revisions\/12306"}],"wp:featuredmedia":[{"embeddable":true,"href":"https:\/\/www.fundacioimpulsa.org\/es\/wp-json\/wp\/v2\/media\/12281"}],"wp:attachment":[{"href":"https:\/\/www.fundacioimpulsa.org\/es\/wp-json\/wp\/v2\/media?parent=12304"}],"wp:term":[{"taxonomy":"category","embeddable":true,"href":"https:\/\/www.fundacioimpulsa.org\/es\/wp-json\/wp\/v2\/categories?post=12304"},{"taxonomy":"post_tag","embeddable":true,"href":"https:\/\/www.fundacioimpulsa.org\/es\/wp-json\/wp\/v2\/tags?post=12304"}],"curies":[{"name":"wp","href":"https:\/\/api.w.org\/{rel}","templated":true}]}}