{"id":12435,"date":"2024-11-19T16:27:17","date_gmt":"2024-11-19T15:27:17","guid":{"rendered":"https:\/\/www.fundacioimpulsa.org\/?p=12435"},"modified":"2024-12-17T11:27:52","modified_gmt":"2024-12-17T10:27:52","slug":"protagonista-impulsa-daniel-cortina","status":"publish","type":"post","link":"https:\/\/www.fundacioimpulsa.org\/es\/protagonista-impulsa-daniel-cortina\/","title":{"rendered":"\u201cLos j\u00f3venes son los que deben girar la rueda y dar continuidad; son desarrollo, innovaci\u00f3n, apertura de mirada\u2026 \u201d"},"content":{"rendered":"<p><img loading=\"lazy\" decoding=\"async\" class=\"alignnone wp-image-12324\" src=\"https:\/\/www.fundacioimpulsa.org\/wp-content\/uploads\/2024\/11\/Posts-Fundacio-Impulsa-16-300x205.jpg\" alt=\"\" width=\"721\" height=\"493\" srcset=\"https:\/\/www.fundacioimpulsa.org\/wp-content\/uploads\/2024\/11\/Posts-Fundacio-Impulsa-16-300x205.jpg 300w, https:\/\/www.fundacioimpulsa.org\/wp-content\/uploads\/2024\/11\/Posts-Fundacio-Impulsa-16-1030x705.jpg 1030w, https:\/\/www.fundacioimpulsa.org\/wp-content\/uploads\/2024\/11\/Posts-Fundacio-Impulsa-16-768x526.jpg 768w, https:\/\/www.fundacioimpulsa.org\/wp-content\/uploads\/2024\/11\/Posts-Fundacio-Impulsa-16-705x482.jpg 705w, https:\/\/www.fundacioimpulsa.org\/wp-content\/uploads\/2024\/11\/Posts-Fundacio-Impulsa-16-775x530.jpg 775w, https:\/\/www.fundacioimpulsa.org\/wp-content\/uploads\/2024\/11\/Posts-Fundacio-Impulsa-16-308x211.jpg 308w, https:\/\/www.fundacioimpulsa.org\/wp-content\/uploads\/2024\/11\/Posts-Fundacio-Impulsa-16.jpg 1080w\" sizes=\"auto, (max-width: 721px) 100vw, 721px\" \/><\/p>\n<p>#ProtagonistaImpulsa<\/p>\n<p><strong>Daniel Cortina es Director de Calidad y miembro del extensed comit\u00e9 ejecutivo de SEAT-CUPRA, desde donde gestiona todas las \u00e1reas de la multinacional. Conf\u00eda en los j\u00f3venes y eso le ha llevado a ser, desde hace varios a\u00f1os, mentor de diferentes Impulseros de la Fundaci\u00f3n Impulsa. Nos explica su experiencia y tambi\u00e9n c\u00f3mo ve la sociedad actual.<\/strong><\/p>\n<p><strong>\u00bfNos haces cinco c\u00e9ntimos de tu d\u00eda a d\u00eda en SEAT \u2013 CUPRA?<\/strong><br \/>\nComo Director de Calidad, soy el responsable de asegurar la calidad de los procesos y productos, con el m\u00e1ximo objetivo de que los clientes est\u00e9n satisfechos y contentos.<\/p>\n<p><strong>\u00bfY c\u00f3mo lo consigues esto?<\/strong><br \/>\nAsegurando que los problemas existentes se resuelvan satisfactoriamente, que los procesos de fabricaci\u00f3n funcionen adecuadamente, que los requisitos de los coches del futuro tambi\u00e9n cumplan las expectativas que tienen los clientes. Trabajo mirando hacia el presente, con lo que se produce y comercializa, y al futuro, para que los coches que vendr\u00e1n se desarrollen siguiendo unos requisitos que tengan \u00e9xito.<\/p>\n<blockquote><p>\u00abTrabajo mirando hacia el presente, con lo que se produce y se comercializa, y al futuro, para que los coches que vendr\u00e1n se desarrollen siguiendo unos requisitos que tengan \u00e9xito\u00bb<\/p><\/blockquote>\n<p><strong>Por lo que dices interacciones con muchas personas a la vez<\/strong><br \/>\nS\u00ed, trabajo con todas las \u00e1reas de la empresa. Interacciono con todos los departamentos, porque debo asegurar que un coche sale con los est\u00e1ndares de calidad fijados. Estamos hablando de unas 15.000 personas, m\u00e1s las producciones de todo el mundo.<\/p>\n<p><strong>\u00bfCu\u00e1l es la clave para gestionar equipos humanos tan grandes?<\/strong><br \/>\nInteractuar con tantas personas no es f\u00e1cil, pero al final se trata de asegurar que tienen las herramientas y que saben hacia d\u00f3nde deben ir. Es necesaria mucha capacidad de liderazgo, de empat\u00eda y de comunicaci\u00f3n para mantener una interacci\u00f3n constante.<\/p>\n<p><strong>\u00bfQu\u00e9 te aporta estar en contacto con tantas personas?<\/strong><br \/>\nDiversidad. Dentro de la empresa existen muchas culturas, y no es lo mismo trabajar con los alemanes que con los portugueses o con los espa\u00f1oles. Trabajar con tantas culturas te aporta conocimiento, entender la diferencia en la interacci\u00f3n, como las barreras idiom\u00e1ticas influyen en cada contexto, es muy enriquecedor.<\/p>\n<p><strong>Desde esa mirada tan global, \u00bfc\u00f3mo ves la sociedad actual?<\/strong><br \/>\nVivir aqu\u00ed es un lujo, porque tenemos una sociedad muy abierta, muy competente, con muchas ganas de hacer las cosas bien, cada vez m\u00e1s preparada, m\u00e1s plural y diversa, y, por tanto, m\u00e1s moderna. He visto un cambio muy potente en los \u00faltimos a\u00f1os; por ejemplo, cuando entr\u00e9 en ese trabajo no hab\u00eda tantas chicas. Era un \u00e1mbito mucho m\u00e1s masculinizado, y ahora la paridad cada vez est\u00e1 m\u00e1s presente. Se aceptan diferentes puntos de vista, diferentes formas de ser, es una sociedad m\u00e1s reparada para interactuar con el exterior.<\/p>\n<blockquote><p>\u00abTenemos una sociedad muy abierta, muy competente, con muchas ganas de hacer las cosas bien, cada vez m\u00e1s preparada, m\u00e1s plural y diversa, y, por tanto, m\u00e1s moderna\u00bb<\/p><\/blockquote>\n<p><strong>\u00bfEste cambio tambi\u00e9n lo ves en los j\u00f3venes?<\/strong><\/p>\n<p>Los j\u00f3venes hoy est\u00e1n mucho mejor preparados de lo que yo estaba; el acceso a tanta informaci\u00f3n y las posibilidades de movimiento hacen que tengan m\u00e1s conocimiento del mundo, de las diferentes culturas, de c\u00f3mo funciona todo\u2026 Tienen una visi\u00f3n m\u00e1s global del mundo que nosotros no ten\u00edamos, y todo esto se nota cuando acceden al mundo laboral. Tambi\u00e9n porque tienen habilidades de empat\u00eda, comunicaci\u00f3n, proactividad\u2026 Se nota mucho en los j\u00f3venes de hoy; en nuestros tiempos nosotros no ten\u00edamos tantas capacidades.<\/p>\n<p><strong>\u00bfSon \u00e9stos los ingredientes m\u00e1s importantes que pueden aportar los j\u00f3venes a la sociedad actual?<\/strong><br \/>\nS\u00ed, al final los j\u00f3venes son los que deben girar la rueda y dar continuidad; son desarrollo, innovaci\u00f3n, apertura de mirada\u2026 La pluralidad y la diversidad son muy importantes tambi\u00e9n porque dan oportunidades a todo el mundo, lo que enriquece a las organizaciones. Los equipos con diferentes formas de ver el mundo toman decisiones m\u00e1s justas, en las que se tiene m\u00e1s en cuenta a todos.<\/p>\n<blockquote><p>\u00abLos equipos con diferentes maneras de ver el mundo toman decisiones m\u00e1s justas, en las que se tiene m\u00e1s cuenta a todo el mundo\u00bb<\/p><\/blockquote>\n<p><strong>\u00bfEs esa confianza en los j\u00f3venes lo que te ha llevado a ser mentor de la Fundaci\u00f3 Impulsa?<\/strong><br \/>\nS\u00ed, es una manera de conocer lo que viene por detr\u00e1s de nosotros, saber qu\u00e9 debemos dejarles para que los j\u00f3venes puedan continuar su camino. Personalmente, me satisface poder ayudar a una persona a la vez que me ayuda a poder entender a mis hijos, aunque son m\u00e1s peque\u00f1os que los Impulseros. Me aporta un plus de realidades que no vivo, situaciones e historias que lees, pero no las has vivido de cerca. Es muy enriquecedor y me atrever\u00eda a decir que me aporta m\u00e1s de lo que yo aporto.<\/p>\n<p><strong>\u00bfQu\u00e9 crees que aportas t\u00fa a los j\u00f3venes Impulseros a los que has acompa\u00f1ado como mentor?<\/strong><br \/>\nSerenidad y enfoque en la medida justa; ayudarles a pensar, reflexionar\u2026 tranquilidad, energ\u00eda y motivaci\u00f3n para salir adelante, a hacerles ver que son realmente buenos y s\u00f3lo depende de ellos hacer lo que se propongan.<\/p>\n<p><strong>\u00bfC\u00f3mo ha sido tu experiencia?<\/strong><br \/>\nA lo largo de los a\u00f1os que llevo haciendo de mentor he convivido con diferentes j\u00f3venes; algunas relaciones de mentor\u00eda son con j\u00f3venes m\u00e1s est\u00e1ndares, que tienen claro lo que quieren hacer, que s\u00f3lo necesitan un poco de acompa\u00f1amiento. Pero tambi\u00e9n existen j\u00f3venes con realidades muy complejas; con situaciones familiares muy complicadas, muchas dificultades econ\u00f3micas para salir adelante, problemas de inseguridad, e incluso tambi\u00e9n casos m\u00e1s complicados con problemas m\u00e1s profundos que han necesitado ayuda externa. En todas las relaciones pienso que es imprescindible la empat\u00eda y poder motivarles.<\/p>\n<blockquote><p>\u201cHay j\u00f3venes con realidades muy complejas; con situaciones familiares muy complicadas, muchas dificultades econ\u00f3micas para salir adelante, problemas de inseguridad, e incluso tambi\u00e9n casos m\u00e1s complicados\u201d<\/p><\/blockquote>\n<p><strong>\u00bfC\u00f3mo valoras en este paso por la Fundaci\u00f3n Impulsa el acompa\u00f1amiento que hace el equipo tanto a los j\u00f3venes como a las personas que hace mentor\u00eda?<\/strong><br \/>\nLa figura de la t\u00e9cnica de referencia es muy importante; ellas son las verdaderas profesionales, hacen un trabajo espectacular.<\/p>\n<p><strong>De las experiencias que has vivido acompa\u00f1ando a Impulsers, \u00bfte quedar\u00edas con alguna vivencia en concreto?<\/strong><br \/>\nTodas las relaciones de mentor\u00eda me han aportado situaciones enriquecedoras; cada uno de los encuentros es una inyecci\u00f3n de realidad que te hace salir impactado. lo recordar\u00e9 siempre. O cuando un joven me cont\u00f3 c\u00f3mo hab\u00eda llegado a Espa\u00f1a.<\/p>\n<blockquote><p>\u201cTodas las relaciones de mentor\u00eda me han aportado situaciones enriquecedoras; cada uno de los encuentros es una inyecci\u00f3n de realidad que te hace salir impactado\u201d<\/p><\/blockquote>\n<p><strong>Completa la frase. Para ti, en una palabra, la Fundaci\u00f3 Impulsa es\u2026<\/strong><br \/>\nDinamizadora.<\/p>\n","protected":false},"excerpt":{"rendered":"<p>#ProtagonistaImpulsa Daniel Cortina es Director de Calidad y miembro del extensed comit\u00e9 ejecutivo de SEAT-CUPRA, desde donde gestiona todas las \u00e1reas de la multinacional. Conf\u00eda en los j\u00f3venes y eso le ha llevado a ser, desde hace varios a\u00f1os, mentor de diferentes Impulseros de la Fundaci\u00f3n Impulsa. Nos explica su experiencia y tambi\u00e9n c\u00f3mo ve [&hellip;]<\/p>\n","protected":false},"author":10,"featured_media":12324,"comment_status":"closed","ping_status":"closed","sticky":false,"template":"","format":"standard","meta":{"_acf_changed":false,"footnotes":""},"categories":[84],"tags":[98,99],"class_list":["post-12435","post","type-post","status-publish","format-standard","has-post-thumbnail","hentry","category-protagonistas-impulsa","tag-protagonistesimpulsa-es","tag-protagonistasimpulsa"],"acf":[],"yoast_head":"<!-- This site is optimized with the Yoast SEO plugin v27.5 - https:\/\/yoast.com\/product\/yoast-seo-wordpress\/ -->\n<title>\u201cLos j\u00f3venes son los que deben girar la rueda y dar continuidad; son desarrollo, innovaci\u00f3n, apertura de mirada\u2026 \u201d - Fundacio Impulsa<\/title>\n<meta name=\"robots\" content=\"index, follow, max-snippet:-1, max-image-preview:large, max-video-preview:-1\" \/>\n<link rel=\"canonical\" href=\"https:\/\/www.fundacioimpulsa.org\/es\/protagonista-impulsa-daniel-cortina\/\" \/>\n<meta property=\"og:locale\" content=\"es_ES\" \/>\n<meta property=\"og:type\" content=\"article\" \/>\n<meta property=\"og:title\" content=\"\u201cLos j\u00f3venes son los que deben girar la rueda y dar continuidad; son desarrollo, innovaci\u00f3n, apertura de mirada\u2026 \u201d - Fundacio Impulsa\" \/>\n<meta property=\"og:description\" content=\"#ProtagonistaImpulsa Daniel Cortina es Director de Calidad y miembro del extensed comit\u00e9 ejecutivo de SEAT-CUPRA, desde donde gestiona todas las \u00e1reas de la multinacional. Conf\u00eda en los j\u00f3venes y eso le ha llevado a ser, desde hace varios a\u00f1os, mentor de diferentes Impulseros de la Fundaci\u00f3n Impulsa. Nos explica su experiencia y tambi\u00e9n c\u00f3mo ve [&hellip;]\" \/>\n<meta property=\"og:url\" content=\"https:\/\/www.fundacioimpulsa.org\/es\/protagonista-impulsa-daniel-cortina\/\" \/>\n<meta property=\"og:site_name\" content=\"Fundacio Impulsa\" \/>\n<meta property=\"article:published_time\" content=\"2024-11-19T15:27:17+00:00\" \/>\n<meta property=\"article:modified_time\" content=\"2024-12-17T10:27:52+00:00\" \/>\n<meta property=\"og:image\" content=\"https:\/\/www.fundacioimpulsa.org\/wp-content\/uploads\/2024\/11\/Posts-Fundacio-Impulsa-16.jpg\" \/>\n\t<meta property=\"og:image:width\" content=\"1080\" \/>\n\t<meta property=\"og:image:height\" content=\"739\" \/>\n\t<meta property=\"og:image:type\" content=\"image\/jpeg\" \/>\n<meta name=\"author\" content=\"anna\" \/>\n<meta name=\"twitter:card\" content=\"summary_large_image\" \/>\n<meta name=\"twitter:label1\" content=\"Escrito por\" \/>\n\t<meta name=\"twitter:data1\" content=\"anna\" \/>\n\t<meta name=\"twitter:label2\" content=\"Tiempo de lectura\" \/>\n\t<meta name=\"twitter:data2\" content=\"6 minutos\" \/>\n<script type=\"application\/ld+json\" class=\"yoast-schema-graph\">{\"@context\":\"https:\\\/\\\/schema.org\",\"@graph\":[{\"@type\":\"Article\",\"@id\":\"https:\\\/\\\/www.fundacioimpulsa.org\\\/es\\\/protagonista-impulsa-daniel-cortina\\\/#article\",\"isPartOf\":{\"@id\":\"https:\\\/\\\/www.fundacioimpulsa.org\\\/es\\\/protagonista-impulsa-daniel-cortina\\\/\"},\"author\":{\"name\":\"anna\",\"@id\":\"https:\\\/\\\/www.fundacioimpulsa.org\\\/es\\\/#\\\/schema\\\/person\\\/8093abda9188d9065d7a02992af09c00\"},\"headline\":\"\u201cLos j\u00f3venes son los que deben girar la rueda y dar continuidad; son desarrollo, innovaci\u00f3n, apertura de mirada\u2026 \u201d\",\"datePublished\":\"2024-11-19T15:27:17+00:00\",\"dateModified\":\"2024-12-17T10:27:52+00:00\",\"mainEntityOfPage\":{\"@id\":\"https:\\\/\\\/www.fundacioimpulsa.org\\\/es\\\/protagonista-impulsa-daniel-cortina\\\/\"},\"wordCount\":1222,\"image\":{\"@id\":\"https:\\\/\\\/www.fundacioimpulsa.org\\\/es\\\/protagonista-impulsa-daniel-cortina\\\/#primaryimage\"},\"thumbnailUrl\":\"https:\\\/\\\/www.fundacioimpulsa.org\\\/wp-content\\\/uploads\\\/2024\\\/11\\\/Posts-Fundacio-Impulsa-16.jpg\",\"keywords\":[\"#ProtagonistasImpulsa\",\"#ProtagonistasImpulsa\"],\"articleSection\":[\"Protagonistas Impulsa\"],\"inLanguage\":\"es\"},{\"@type\":\"WebPage\",\"@id\":\"https:\\\/\\\/www.fundacioimpulsa.org\\\/es\\\/protagonista-impulsa-daniel-cortina\\\/\",\"url\":\"https:\\\/\\\/www.fundacioimpulsa.org\\\/es\\\/protagonista-impulsa-daniel-cortina\\\/\",\"name\":\"\u201cLos j\u00f3venes son los que deben girar la rueda y dar continuidad; son desarrollo, innovaci\u00f3n, apertura de mirada\u2026 \u201d - Fundacio Impulsa\",\"isPartOf\":{\"@id\":\"https:\\\/\\\/www.fundacioimpulsa.org\\\/es\\\/#website\"},\"primaryImageOfPage\":{\"@id\":\"https:\\\/\\\/www.fundacioimpulsa.org\\\/es\\\/protagonista-impulsa-daniel-cortina\\\/#primaryimage\"},\"image\":{\"@id\":\"https:\\\/\\\/www.fundacioimpulsa.org\\\/es\\\/protagonista-impulsa-daniel-cortina\\\/#primaryimage\"},\"thumbnailUrl\":\"https:\\\/\\\/www.fundacioimpulsa.org\\\/wp-content\\\/uploads\\\/2024\\\/11\\\/Posts-Fundacio-Impulsa-16.jpg\",\"datePublished\":\"2024-11-19T15:27:17+00:00\",\"dateModified\":\"2024-12-17T10:27:52+00:00\",\"author\":{\"@id\":\"https:\\\/\\\/www.fundacioimpulsa.org\\\/es\\\/#\\\/schema\\\/person\\\/8093abda9188d9065d7a02992af09c00\"},\"breadcrumb\":{\"@id\":\"https:\\\/\\\/www.fundacioimpulsa.org\\\/es\\\/protagonista-impulsa-daniel-cortina\\\/#breadcrumb\"},\"inLanguage\":\"es\",\"potentialAction\":[{\"@type\":\"ReadAction\",\"target\":[\"https:\\\/\\\/www.fundacioimpulsa.org\\\/es\\\/protagonista-impulsa-daniel-cortina\\\/\"]}]},{\"@type\":\"ImageObject\",\"inLanguage\":\"es\",\"@id\":\"https:\\\/\\\/www.fundacioimpulsa.org\\\/es\\\/protagonista-impulsa-daniel-cortina\\\/#primaryimage\",\"url\":\"https:\\\/\\\/www.fundacioimpulsa.org\\\/wp-content\\\/uploads\\\/2024\\\/11\\\/Posts-Fundacio-Impulsa-16.jpg\",\"contentUrl\":\"https:\\\/\\\/www.fundacioimpulsa.org\\\/wp-content\\\/uploads\\\/2024\\\/11\\\/Posts-Fundacio-Impulsa-16.jpg\",\"width\":1080,\"height\":739},{\"@type\":\"BreadcrumbList\",\"@id\":\"https:\\\/\\\/www.fundacioimpulsa.org\\\/es\\\/protagonista-impulsa-daniel-cortina\\\/#breadcrumb\",\"itemListElement\":[{\"@type\":\"ListItem\",\"position\":1,\"name\":\"Inici\",\"item\":\"https:\\\/\\\/www.fundacioimpulsa.org\\\/es\\\/fundacio-impulsa\\\/\"},{\"@type\":\"ListItem\",\"position\":2,\"name\":\"\u201cLos j\u00f3venes son los que deben girar la rueda y dar continuidad; son desarrollo, innovaci\u00f3n, apertura de mirada\u2026 \u201d\"}]},{\"@type\":\"WebSite\",\"@id\":\"https:\\\/\\\/www.fundacioimpulsa.org\\\/es\\\/#website\",\"url\":\"https:\\\/\\\/www.fundacioimpulsa.org\\\/es\\\/\",\"name\":\"Fundacio Impulsa\",\"description\":\"\",\"potentialAction\":[{\"@type\":\"SearchAction\",\"target\":{\"@type\":\"EntryPoint\",\"urlTemplate\":\"https:\\\/\\\/www.fundacioimpulsa.org\\\/es\\\/?s={search_term_string}\"},\"query-input\":{\"@type\":\"PropertyValueSpecification\",\"valueRequired\":true,\"valueName\":\"search_term_string\"}}],\"inLanguage\":\"es\"},{\"@type\":\"Person\",\"@id\":\"https:\\\/\\\/www.fundacioimpulsa.org\\\/es\\\/#\\\/schema\\\/person\\\/8093abda9188d9065d7a02992af09c00\",\"name\":\"anna\",\"image\":{\"@type\":\"ImageObject\",\"inLanguage\":\"es\",\"@id\":\"https:\\\/\\\/secure.gravatar.com\\\/avatar\\\/098ca997a3814bde9b9ec5e5dfa4ad0ee9a251cd4cf1b86b7c008606c50d48c9?s=96&d=mm&r=g\",\"url\":\"https:\\\/\\\/secure.gravatar.com\\\/avatar\\\/098ca997a3814bde9b9ec5e5dfa4ad0ee9a251cd4cf1b86b7c008606c50d48c9?s=96&d=mm&r=g\",\"contentUrl\":\"https:\\\/\\\/secure.gravatar.com\\\/avatar\\\/098ca997a3814bde9b9ec5e5dfa4ad0ee9a251cd4cf1b86b7c008606c50d48c9?s=96&d=mm&r=g\",\"caption\":\"anna\"},\"url\":\"https:\\\/\\\/www.fundacioimpulsa.org\\\/es\\\/author\\\/anna\\\/\"}]}<\/script>\n<!-- \/ Yoast SEO plugin. -->","yoast_head_json":{"title":"\u201cLos j\u00f3venes son los que deben girar la rueda y dar continuidad; son desarrollo, innovaci\u00f3n, apertura de mirada\u2026 \u201d - Fundacio Impulsa","robots":{"index":"index","follow":"follow","max-snippet":"max-snippet:-1","max-image-preview":"max-image-preview:large","max-video-preview":"max-video-preview:-1"},"canonical":"https:\/\/www.fundacioimpulsa.org\/es\/protagonista-impulsa-daniel-cortina\/","og_locale":"es_ES","og_type":"article","og_title":"\u201cLos j\u00f3venes son los que deben girar la rueda y dar continuidad; son desarrollo, innovaci\u00f3n, apertura de mirada\u2026 \u201d - Fundacio Impulsa","og_description":"#ProtagonistaImpulsa Daniel Cortina es Director de Calidad y miembro del extensed comit\u00e9 ejecutivo de SEAT-CUPRA, desde donde gestiona todas las \u00e1reas de la multinacional. Conf\u00eda en los j\u00f3venes y eso le ha llevado a ser, desde hace varios a\u00f1os, mentor de diferentes Impulseros de la Fundaci\u00f3n Impulsa. Nos explica su experiencia y tambi\u00e9n c\u00f3mo ve [&hellip;]","og_url":"https:\/\/www.fundacioimpulsa.org\/es\/protagonista-impulsa-daniel-cortina\/","og_site_name":"Fundacio Impulsa","article_published_time":"2024-11-19T15:27:17+00:00","article_modified_time":"2024-12-17T10:27:52+00:00","og_image":[{"width":1080,"height":739,"url":"https:\/\/www.fundacioimpulsa.org\/wp-content\/uploads\/2024\/11\/Posts-Fundacio-Impulsa-16.jpg","type":"image\/jpeg"}],"author":"anna","twitter_card":"summary_large_image","twitter_misc":{"Escrito por":"anna","Tiempo de lectura":"6 minutos"},"schema":{"@context":"https:\/\/schema.org","@graph":[{"@type":"Article","@id":"https:\/\/www.fundacioimpulsa.org\/es\/protagonista-impulsa-daniel-cortina\/#article","isPartOf":{"@id":"https:\/\/www.fundacioimpulsa.org\/es\/protagonista-impulsa-daniel-cortina\/"},"author":{"name":"anna","@id":"https:\/\/www.fundacioimpulsa.org\/es\/#\/schema\/person\/8093abda9188d9065d7a02992af09c00"},"headline":"\u201cLos j\u00f3venes son los que deben girar la rueda y dar continuidad; son desarrollo, innovaci\u00f3n, apertura de mirada\u2026 \u201d","datePublished":"2024-11-19T15:27:17+00:00","dateModified":"2024-12-17T10:27:52+00:00","mainEntityOfPage":{"@id":"https:\/\/www.fundacioimpulsa.org\/es\/protagonista-impulsa-daniel-cortina\/"},"wordCount":1222,"image":{"@id":"https:\/\/www.fundacioimpulsa.org\/es\/protagonista-impulsa-daniel-cortina\/#primaryimage"},"thumbnailUrl":"https:\/\/www.fundacioimpulsa.org\/wp-content\/uploads\/2024\/11\/Posts-Fundacio-Impulsa-16.jpg","keywords":["#ProtagonistasImpulsa","#ProtagonistasImpulsa"],"articleSection":["Protagonistas Impulsa"],"inLanguage":"es"},{"@type":"WebPage","@id":"https:\/\/www.fundacioimpulsa.org\/es\/protagonista-impulsa-daniel-cortina\/","url":"https:\/\/www.fundacioimpulsa.org\/es\/protagonista-impulsa-daniel-cortina\/","name":"\u201cLos j\u00f3venes son los que deben girar la rueda y dar continuidad; son desarrollo, innovaci\u00f3n, apertura de mirada\u2026 \u201d - Fundacio Impulsa","isPartOf":{"@id":"https:\/\/www.fundacioimpulsa.org\/es\/#website"},"primaryImageOfPage":{"@id":"https:\/\/www.fundacioimpulsa.org\/es\/protagonista-impulsa-daniel-cortina\/#primaryimage"},"image":{"@id":"https:\/\/www.fundacioimpulsa.org\/es\/protagonista-impulsa-daniel-cortina\/#primaryimage"},"thumbnailUrl":"https:\/\/www.fundacioimpulsa.org\/wp-content\/uploads\/2024\/11\/Posts-Fundacio-Impulsa-16.jpg","datePublished":"2024-11-19T15:27:17+00:00","dateModified":"2024-12-17T10:27:52+00:00","author":{"@id":"https:\/\/www.fundacioimpulsa.org\/es\/#\/schema\/person\/8093abda9188d9065d7a02992af09c00"},"breadcrumb":{"@id":"https:\/\/www.fundacioimpulsa.org\/es\/protagonista-impulsa-daniel-cortina\/#breadcrumb"},"inLanguage":"es","potentialAction":[{"@type":"ReadAction","target":["https:\/\/www.fundacioimpulsa.org\/es\/protagonista-impulsa-daniel-cortina\/"]}]},{"@type":"ImageObject","inLanguage":"es","@id":"https:\/\/www.fundacioimpulsa.org\/es\/protagonista-impulsa-daniel-cortina\/#primaryimage","url":"https:\/\/www.fundacioimpulsa.org\/wp-content\/uploads\/2024\/11\/Posts-Fundacio-Impulsa-16.jpg","contentUrl":"https:\/\/www.fundacioimpulsa.org\/wp-content\/uploads\/2024\/11\/Posts-Fundacio-Impulsa-16.jpg","width":1080,"height":739},{"@type":"BreadcrumbList","@id":"https:\/\/www.fundacioimpulsa.org\/es\/protagonista-impulsa-daniel-cortina\/#breadcrumb","itemListElement":[{"@type":"ListItem","position":1,"name":"Inici","item":"https:\/\/www.fundacioimpulsa.org\/es\/fundacio-impulsa\/"},{"@type":"ListItem","position":2,"name":"\u201cLos j\u00f3venes son los que deben girar la rueda y dar continuidad; son desarrollo, innovaci\u00f3n, apertura de mirada\u2026 \u201d"}]},{"@type":"WebSite","@id":"https:\/\/www.fundacioimpulsa.org\/es\/#website","url":"https:\/\/www.fundacioimpulsa.org\/es\/","name":"Fundacio Impulsa","description":"","potentialAction":[{"@type":"SearchAction","target":{"@type":"EntryPoint","urlTemplate":"https:\/\/www.fundacioimpulsa.org\/es\/?s={search_term_string}"},"query-input":{"@type":"PropertyValueSpecification","valueRequired":true,"valueName":"search_term_string"}}],"inLanguage":"es"},{"@type":"Person","@id":"https:\/\/www.fundacioimpulsa.org\/es\/#\/schema\/person\/8093abda9188d9065d7a02992af09c00","name":"anna","image":{"@type":"ImageObject","inLanguage":"es","@id":"https:\/\/secure.gravatar.com\/avatar\/098ca997a3814bde9b9ec5e5dfa4ad0ee9a251cd4cf1b86b7c008606c50d48c9?s=96&d=mm&r=g","url":"https:\/\/secure.gravatar.com\/avatar\/098ca997a3814bde9b9ec5e5dfa4ad0ee9a251cd4cf1b86b7c008606c50d48c9?s=96&d=mm&r=g","contentUrl":"https:\/\/secure.gravatar.com\/avatar\/098ca997a3814bde9b9ec5e5dfa4ad0ee9a251cd4cf1b86b7c008606c50d48c9?s=96&d=mm&r=g","caption":"anna"},"url":"https:\/\/www.fundacioimpulsa.org\/es\/author\/anna\/"}]}},"publishpress_future_action":{"enabled":false,"date":"2026-05-08 08:02:52","action":"change-status","newStatus":"draft","terms":[],"taxonomy":"category","extraData":[]},"publishpress_future_workflow_manual_trigger":{"enabledWorkflows":[]},"_links":{"self":[{"href":"https:\/\/www.fundacioimpulsa.org\/es\/wp-json\/wp\/v2\/posts\/12435","targetHints":{"allow":["GET"]}}],"collection":[{"href":"https:\/\/www.fundacioimpulsa.org\/es\/wp-json\/wp\/v2\/posts"}],"about":[{"href":"https:\/\/www.fundacioimpulsa.org\/es\/wp-json\/wp\/v2\/types\/post"}],"author":[{"embeddable":true,"href":"https:\/\/www.fundacioimpulsa.org\/es\/wp-json\/wp\/v2\/users\/10"}],"replies":[{"embeddable":true,"href":"https:\/\/www.fundacioimpulsa.org\/es\/wp-json\/wp\/v2\/comments?post=12435"}],"version-history":[{"count":2,"href":"https:\/\/www.fundacioimpulsa.org\/es\/wp-json\/wp\/v2\/posts\/12435\/revisions"}],"predecessor-version":[{"id":12437,"href":"https:\/\/www.fundacioimpulsa.org\/es\/wp-json\/wp\/v2\/posts\/12435\/revisions\/12437"}],"wp:featuredmedia":[{"embeddable":true,"href":"https:\/\/www.fundacioimpulsa.org\/es\/wp-json\/wp\/v2\/media\/12324"}],"wp:attachment":[{"href":"https:\/\/www.fundacioimpulsa.org\/es\/wp-json\/wp\/v2\/media?parent=12435"}],"wp:term":[{"taxonomy":"category","embeddable":true,"href":"https:\/\/www.fundacioimpulsa.org\/es\/wp-json\/wp\/v2\/categories?post=12435"},{"taxonomy":"post_tag","embeddable":true,"href":"https:\/\/www.fundacioimpulsa.org\/es\/wp-json\/wp\/v2\/tags?post=12435"}],"curies":[{"name":"wp","href":"https:\/\/api.w.org\/{rel}","templated":true}]}}