{"id":12439,"date":"2024-11-20T14:35:49","date_gmt":"2024-11-20T13:35:49","guid":{"rendered":"https:\/\/www.fundacioimpulsa.org\/?p=12439"},"modified":"2024-12-17T11:28:06","modified_gmt":"2024-12-17T10:28:06","slug":"speed-dating","status":"publish","type":"post","link":"https:\/\/www.fundacioimpulsa.org\/es\/speed-dating\/","title":{"rendered":"40 j\u00f3venes conectan con empresas de Osona en una nueva edici\u00f3n de Speed \u200b\u200bDating Laboral organizado por la Fundaci\u00f3 Impulsa y la OPE Manlleu"},"content":{"rendered":"<h2><img loading=\"lazy\" decoding=\"async\" class=\"alignnone wp-image-12330\" src=\"https:\/\/www.fundacioimpulsa.org\/wp-content\/uploads\/2024\/11\/Portada-noti-Fundacio-Impulsa-12-1-300x207.jpg\" alt=\"\" width=\"720\" height=\"497\" srcset=\"https:\/\/www.fundacioimpulsa.org\/wp-content\/uploads\/2024\/11\/Portada-noti-Fundacio-Impulsa-12-1-300x207.jpg 300w, https:\/\/www.fundacioimpulsa.org\/wp-content\/uploads\/2024\/11\/Portada-noti-Fundacio-Impulsa-12-1-306x211.jpg 306w, https:\/\/www.fundacioimpulsa.org\/wp-content\/uploads\/2024\/11\/Portada-noti-Fundacio-Impulsa-12-1.jpg 700w\" sizes=\"auto, (max-width: 720px) 100vw, 720px\" \/><\/h2>\n<h4>La Biblioteca Municipal de Manlleu ha acogido una sesi\u00f3n de entrevistas laborales r\u00e1pidas entre empresas y j\u00f3venes impulseros y\/o usuarios de la OPE<\/h4>\n<p>La <strong>Fundaci\u00f3n Impulsa<\/strong>, en colaboraci\u00f3n con <strong>la Oficina de Promoci\u00f3n Econ\u00f3mica del Ayuntamiento de Manlleu (OPE<\/strong>), ha celebrado la segunda sesi\u00f3n de citas laborales r\u00e1pidas (<strong>Speed \u200b\u200bDating Laboral<\/strong>), actividad que tiene por objetivo poner en contacto directo los j\u00f3venes candidatos con empresas del territorio para facilitar su aproximaci\u00f3n al mundo laboral y aprender y practicar de forma real una herramienta clave de cualquier proceso de b\u00fasqueda de empleo.<\/p>\n<p>Durante esta sesi\u00f3n, 40 j\u00f3venes de Osona han tenido la oportunidad de entrevistarse con ocho organizaciones, algunas de ellas Impulsoras (Benito, CAPE, Consorcio Hospitalario de Vic, Esbelt, Fussimanya, GePork, Prasfarma y Quiralia), de diversos sectores profesionales; haciendo una vinculaci\u00f3n lo m\u00e1s precisa posible para relacionar la rama t\u00e9cnica de los j\u00f3venes con el sector y las necesidades de las empresas. Una actividad para la que se han preparado previamente con el acompa\u00f1amiento de sus t\u00e9cnicas de referencia tanto de la OPE como de la Fundaci\u00f3n Impulsa y que <strong>les ha permitido ganar confianza, competencias y nuevos aprendizajes para la futura entrada en el mercado laboral.<\/strong><\/p>\n<p>La actividad se ha realizado en la Biblioteca Municipal de Manlleu BBVA, en un acto presentado por Rosa Pujols, Directora General de la Fundaci\u00f3n Impulsa, David Bosch, Concejal de Transformaci\u00f3n Econ\u00f3mica y Estrategia de Ciudad del Ayuntamiento de Manlleu, y las empresas participantes en el Speed \u200b\u200bDating Laboral.<\/p>\n<blockquote><p>Rosa Pujols ha comentado \u201cSe trata de una sesi\u00f3n con una finalidad pedag\u00f3gica, por lo que fomentamos un aprendizaje de los j\u00f3venes mientras practican, al tiempo que es una fuente de oportunidades de cara a presente o futuro para la b\u00fasqueda de pr\u00e1cticas o trabajo. Con esta acci\u00f3n, los j\u00f3venes tambi\u00e9n toman conciencia de que el proceso de b\u00fasqueda de oportunidades dentro del mercado de trabajo no se improvisa sino que requiere de una preparaci\u00f3n y un trabajo previo\u201d.<\/p><\/blockquote>\n<p>La sesi\u00f3n ha sido el resultado de un trabajo conjunto previo en el que los participantes han recibido f<strong>ormaci\u00f3n y acompa\u00f1amiento espec\u00edfico<\/strong> para prepararse para la experiencia. Gracias al apoyo de las t\u00e9cnicas de la Fundaci\u00f3n Impulsa y del servicio de OPE Feina, los participantes han aprendido a c\u00f3mo afrontar una entrevista de trabajo, mejorando sus competencias. De esto se desgranan acciones previas como preparar bien el curr\u00edculum vitae, aterrizar su objetivo profesional, tener un discurso estructurado sabiendo qu\u00e9 es lo que debe explicarse y c\u00f3mo hacerlo, entre otros.<\/p>\n<p>Esta iniciativa ha servido para mejorar sus competencias transversales enfocadas al mercado de trabajo y al sector vocacional y tambi\u00e9n ha permitido a las empresas <strong>conocer de primera mano el joven talento<\/strong> que est\u00e1 emergiendo desde la Formaci\u00f3n Profesional en la comarca. Las organizaciones participantes han valorado positivamente la propuesta, que facilita un primer contacto con futuros profesionales que podr\u00edan incorporarse a su equipo humano.<\/p>\n<p>Acompa\u00f1ando la acci\u00f3n pr\u00e1ctica de las entrevistas, desde el equipo de la Fundaci\u00f3n Impulsa se coordina de forma individualizada e in situ <strong>un espacio donde se trabajan herramientas \u00fatiles para hacer frente a las diversas emociones que pueden surgir en un proceso de b\u00fasqueda de trabajo<\/strong>. Se les acompa\u00f1a a gestionar posibles emociones como: la frustraci\u00f3n, la angustia, poder diferenciar lo que depende de uno mismo con lo que depende de los dem\u00e1s, as\u00ed como, entender qu\u00e9 la b\u00fasqueda de trabajo como cualquier otro proceso implica un parto emocional que no es ni positiva ni negativa sino que debe gestionarse.<\/p>\n<p>Con acciones como \u00e9sta, la Fundaci\u00f3n Impulsa y la OPE Manlleu refuerzan su compromiso por ofrecer oportunidades reales a los j\u00f3venes de la comarca, facilit\u00e1ndoles herramientas y experiencias que les preparen para el entorno laboral. Adem\u00e1s, esta colaboraci\u00f3n p\u00fablico-privada contribuye a crear sinergias para seguir promoviendo <strong>la igualdad de oportunidades<\/strong>, tejiendo oportunidades y puentes entre el joven talento de la comarca dentro de la FP y su futuro profesional donde las empresas y organizaciones tendr\u00e1n un futuro profesional .<\/p>\n<p>&nbsp;<\/p>\n\n<style type=\"text\/css\" data-created_by=\"avia_inline_auto\" id=\"style-css-av-2rm30m-52285a8ac33f0efd9ada0003278bb36b\">\n#top .avia-gallery.av-2rm30m-52285a8ac33f0efd9ada0003278bb36b .avia-gallery-thumb a{\nwidth:20%;\n}\n<\/style>\n<div  class='avia-gallery av-2rm30m-52285a8ac33f0efd9ada0003278bb36b avia_animate_when_visible  avia-builder-el-0  avia-builder-el-no-sibling  avia_lazyload avia-gallery-animate avia-gallery-1'  itemprop=\"image\" itemscope=\"itemscope\" itemtype=\"https:\/\/schema.org\/ImageObject\" ><meta itemprop=\"contentURL\" content=\"https:\/\/www.fundacioimpulsa.org\/es\/speed-dating\/\"><div class='avia-gallery-thumb'><a href=\"https:\/\/www.fundacioimpulsa.org\/wp-content\/uploads\/2024\/11\/IMG20241114100504-1030x773.jpg\" data-srcset=\"https:\/\/www.fundacioimpulsa.org\/wp-content\/uploads\/2024\/11\/IMG20241114100504-1030x773.jpg 1030w, https:\/\/www.fundacioimpulsa.org\/wp-content\/uploads\/2024\/11\/IMG20241114100504-300x225.jpg 300w, https:\/\/www.fundacioimpulsa.org\/wp-content\/uploads\/2024\/11\/IMG20241114100504-768x576.jpg 768w, https:\/\/www.fundacioimpulsa.org\/wp-content\/uploads\/2024\/11\/IMG20241114100504-1536x1152.jpg 1536w, https:\/\/www.fundacioimpulsa.org\/wp-content\/uploads\/2024\/11\/IMG20241114100504-2048x1536.jpg 2048w, https:\/\/www.fundacioimpulsa.org\/wp-content\/uploads\/2024\/11\/IMG20241114100504-1500x1125.jpg 1500w, https:\/\/www.fundacioimpulsa.org\/wp-content\/uploads\/2024\/11\/IMG20241114100504-705x529.jpg 705w, https:\/\/www.fundacioimpulsa.org\/wp-content\/uploads\/2024\/11\/IMG20241114100504-707x530.jpg 707w, https:\/\/www.fundacioimpulsa.org\/wp-content\/uploads\/2024\/11\/IMG20241114100504-281x211.jpg 281w\" data-sizes=\"(max-width: 1030px) 100vw, 1030px\" data-rel='gallery-1' data-prev-img='https:\/\/www.fundacioimpulsa.org\/wp-content\/uploads\/2024\/11\/IMG20241114100504-495x400.jpg' class='first_thumb lightbox ' data-onclick='1' title='oplus_0'  itemprop=\"thumbnailUrl\"  ><img decoding=\"async\" fetchpriority=\"high\" class=\"wp-image-12334 avia-img-lazy-loading-not-12334\"  data-avia-tooltip='oplus_0' src=\"https:\/\/www.fundacioimpulsa.org\/wp-content\/uploads\/2024\/11\/IMG20241114100504-495x400.jpg\" width=\"495\" height=\"400\"  title='oplus_0' alt='' srcset=\"https:\/\/www.fundacioimpulsa.org\/wp-content\/uploads\/2024\/11\/IMG20241114100504-495x400.jpg 495w, https:\/\/www.fundacioimpulsa.org\/wp-content\/uploads\/2024\/11\/IMG20241114100504-845x684.jpg 845w\" sizes=\"(max-width: 495px) 100vw, 495px\" \/><div class='big-prev-fake'><img decoding=\"async\" loading=\"lazy\" class=\"wp-image-12334 avia-img-lazy-loading-12334\"  width=\"495\" height=\"400\" src=\"https:\/\/www.fundacioimpulsa.org\/wp-content\/uploads\/2024\/11\/IMG20241114100504-495x400.jpg\" title='oplus_0' alt='' srcset=\"https:\/\/www.fundacioimpulsa.org\/wp-content\/uploads\/2024\/11\/IMG20241114100504-495x400.jpg 495w, https:\/\/www.fundacioimpulsa.org\/wp-content\/uploads\/2024\/11\/IMG20241114100504-845x684.jpg 845w\" sizes=\"auto, (max-width: 495px) 100vw, 495px\" \/><\/div><\/a><a href=\"https:\/\/www.fundacioimpulsa.org\/wp-content\/uploads\/2024\/11\/IMG20241114101025-773x1030.jpg\" data-srcset=\"https:\/\/www.fundacioimpulsa.org\/wp-content\/uploads\/2024\/11\/IMG20241114101025-773x1030.jpg 773w, https:\/\/www.fundacioimpulsa.org\/wp-content\/uploads\/2024\/11\/IMG20241114101025-225x300.jpg 225w, https:\/\/www.fundacioimpulsa.org\/wp-content\/uploads\/2024\/11\/IMG20241114101025-768x1024.jpg 768w, https:\/\/www.fundacioimpulsa.org\/wp-content\/uploads\/2024\/11\/IMG20241114101025-1152x1536.jpg 1152w, https:\/\/www.fundacioimpulsa.org\/wp-content\/uploads\/2024\/11\/IMG20241114101025-1536x2048.jpg 1536w, https:\/\/www.fundacioimpulsa.org\/wp-content\/uploads\/2024\/11\/IMG20241114101025-1125x1500.jpg 1125w, https:\/\/www.fundacioimpulsa.org\/wp-content\/uploads\/2024\/11\/IMG20241114101025-529x705.jpg 529w, https:\/\/www.fundacioimpulsa.org\/wp-content\/uploads\/2024\/11\/IMG20241114101025-398x530.jpg 398w, https:\/\/www.fundacioimpulsa.org\/wp-content\/uploads\/2024\/11\/IMG20241114101025-158x211.jpg 158w, https:\/\/www.fundacioimpulsa.org\/wp-content\/uploads\/2024\/11\/IMG20241114101025-scaled.jpg 1920w\" data-sizes=\"(max-width: 773px) 100vw, 773px\" data-rel='gallery-1' data-prev-img='https:\/\/www.fundacioimpulsa.org\/wp-content\/uploads\/2024\/11\/IMG20241114101025-495x400.jpg' class='lightbox ' data-onclick='2' title='oplus_32'  itemprop=\"thumbnailUrl\"  ><img decoding=\"async\" fetchpriority=\"high\" class=\"wp-image-12336 avia-img-lazy-loading-not-12336\"  data-avia-tooltip='oplus_32' src=\"https:\/\/www.fundacioimpulsa.org\/wp-content\/uploads\/2024\/11\/IMG20241114101025-495x400.jpg\" width=\"495\" height=\"400\"  title='oplus_32' alt='' srcset=\"https:\/\/www.fundacioimpulsa.org\/wp-content\/uploads\/2024\/11\/IMG20241114101025-495x400.jpg 495w, https:\/\/www.fundacioimpulsa.org\/wp-content\/uploads\/2024\/11\/IMG20241114101025-845x684.jpg 845w\" sizes=\"(max-width: 495px) 100vw, 495px\" \/><div class='big-prev-fake'><img decoding=\"async\" loading=\"lazy\" class=\"wp-image-12336 avia-img-lazy-loading-12336\"  width=\"495\" height=\"400\" src=\"https:\/\/www.fundacioimpulsa.org\/wp-content\/uploads\/2024\/11\/IMG20241114101025-495x400.jpg\" title='oplus_32' alt='' srcset=\"https:\/\/www.fundacioimpulsa.org\/wp-content\/uploads\/2024\/11\/IMG20241114101025-495x400.jpg 495w, https:\/\/www.fundacioimpulsa.org\/wp-content\/uploads\/2024\/11\/IMG20241114101025-845x684.jpg 845w\" sizes=\"auto, (max-width: 495px) 100vw, 495px\" \/><\/div><\/a><a href=\"https:\/\/www.fundacioimpulsa.org\/wp-content\/uploads\/2024\/11\/IMG20241114101033-773x1030.jpg\" data-srcset=\"https:\/\/www.fundacioimpulsa.org\/wp-content\/uploads\/2024\/11\/IMG20241114101033-773x1030.jpg 773w, https:\/\/www.fundacioimpulsa.org\/wp-content\/uploads\/2024\/11\/IMG20241114101033-225x300.jpg 225w, https:\/\/www.fundacioimpulsa.org\/wp-content\/uploads\/2024\/11\/IMG20241114101033-768x1024.jpg 768w, https:\/\/www.fundacioimpulsa.org\/wp-content\/uploads\/2024\/11\/IMG20241114101033-1152x1536.jpg 1152w, https:\/\/www.fundacioimpulsa.org\/wp-content\/uploads\/2024\/11\/IMG20241114101033-1536x2048.jpg 1536w, https:\/\/www.fundacioimpulsa.org\/wp-content\/uploads\/2024\/11\/IMG20241114101033-1125x1500.jpg 1125w, https:\/\/www.fundacioimpulsa.org\/wp-content\/uploads\/2024\/11\/IMG20241114101033-529x705.jpg 529w, https:\/\/www.fundacioimpulsa.org\/wp-content\/uploads\/2024\/11\/IMG20241114101033-398x530.jpg 398w, https:\/\/www.fundacioimpulsa.org\/wp-content\/uploads\/2024\/11\/IMG20241114101033-158x211.jpg 158w, https:\/\/www.fundacioimpulsa.org\/wp-content\/uploads\/2024\/11\/IMG20241114101033-scaled.jpg 1920w\" data-sizes=\"(max-width: 773px) 100vw, 773px\" data-rel='gallery-1' data-prev-img='https:\/\/www.fundacioimpulsa.org\/wp-content\/uploads\/2024\/11\/IMG20241114101033-495x400.jpg' class='lightbox ' data-onclick='3' title='oplus_32'  itemprop=\"thumbnailUrl\"  ><img decoding=\"async\" fetchpriority=\"high\" class=\"wp-image-12338 avia-img-lazy-loading-not-12338\"  data-avia-tooltip='oplus_32' src=\"https:\/\/www.fundacioimpulsa.org\/wp-content\/uploads\/2024\/11\/IMG20241114101033-495x400.jpg\" width=\"495\" height=\"400\"  title='oplus_32' alt='' srcset=\"https:\/\/www.fundacioimpulsa.org\/wp-content\/uploads\/2024\/11\/IMG20241114101033-495x400.jpg 495w, https:\/\/www.fundacioimpulsa.org\/wp-content\/uploads\/2024\/11\/IMG20241114101033-845x684.jpg 845w\" sizes=\"(max-width: 495px) 100vw, 495px\" \/><div class='big-prev-fake'><img decoding=\"async\" loading=\"lazy\" class=\"wp-image-12338 avia-img-lazy-loading-12338\"  width=\"495\" height=\"400\" src=\"https:\/\/www.fundacioimpulsa.org\/wp-content\/uploads\/2024\/11\/IMG20241114101033-495x400.jpg\" title='oplus_32' alt='' srcset=\"https:\/\/www.fundacioimpulsa.org\/wp-content\/uploads\/2024\/11\/IMG20241114101033-495x400.jpg 495w, https:\/\/www.fundacioimpulsa.org\/wp-content\/uploads\/2024\/11\/IMG20241114101033-845x684.jpg 845w\" sizes=\"auto, (max-width: 495px) 100vw, 495px\" \/><\/div><\/a><a href=\"https:\/\/www.fundacioimpulsa.org\/wp-content\/uploads\/2024\/11\/IMG20241114101041-773x1030.jpg\" data-srcset=\"https:\/\/www.fundacioimpulsa.org\/wp-content\/uploads\/2024\/11\/IMG20241114101041-773x1030.jpg 773w, https:\/\/www.fundacioimpulsa.org\/wp-content\/uploads\/2024\/11\/IMG20241114101041-225x300.jpg 225w, https:\/\/www.fundacioimpulsa.org\/wp-content\/uploads\/2024\/11\/IMG20241114101041-768x1024.jpg 768w, https:\/\/www.fundacioimpulsa.org\/wp-content\/uploads\/2024\/11\/IMG20241114101041-1152x1536.jpg 1152w, https:\/\/www.fundacioimpulsa.org\/wp-content\/uploads\/2024\/11\/IMG20241114101041-1536x2048.jpg 1536w, https:\/\/www.fundacioimpulsa.org\/wp-content\/uploads\/2024\/11\/IMG20241114101041-1125x1500.jpg 1125w, https:\/\/www.fundacioimpulsa.org\/wp-content\/uploads\/2024\/11\/IMG20241114101041-529x705.jpg 529w, https:\/\/www.fundacioimpulsa.org\/wp-content\/uploads\/2024\/11\/IMG20241114101041-398x530.jpg 398w, https:\/\/www.fundacioimpulsa.org\/wp-content\/uploads\/2024\/11\/IMG20241114101041-158x211.jpg 158w, https:\/\/www.fundacioimpulsa.org\/wp-content\/uploads\/2024\/11\/IMG20241114101041-scaled.jpg 1920w\" data-sizes=\"(max-width: 773px) 100vw, 773px\" data-rel='gallery-1' data-prev-img='https:\/\/www.fundacioimpulsa.org\/wp-content\/uploads\/2024\/11\/IMG20241114101041-495x400.jpg' class='lightbox ' data-onclick='4' title='oplus_32'  itemprop=\"thumbnailUrl\"  ><img decoding=\"async\" fetchpriority=\"high\" class=\"wp-image-12340 avia-img-lazy-loading-not-12340\"  data-avia-tooltip='oplus_32' src=\"https:\/\/www.fundacioimpulsa.org\/wp-content\/uploads\/2024\/11\/IMG20241114101041-495x400.jpg\" width=\"495\" height=\"400\"  title='oplus_32' alt='' srcset=\"https:\/\/www.fundacioimpulsa.org\/wp-content\/uploads\/2024\/11\/IMG20241114101041-495x400.jpg 495w, https:\/\/www.fundacioimpulsa.org\/wp-content\/uploads\/2024\/11\/IMG20241114101041-845x684.jpg 845w\" sizes=\"(max-width: 495px) 100vw, 495px\" \/><div class='big-prev-fake'><img decoding=\"async\" loading=\"lazy\" class=\"wp-image-12340 avia-img-lazy-loading-12340\"  width=\"495\" height=\"400\" src=\"https:\/\/www.fundacioimpulsa.org\/wp-content\/uploads\/2024\/11\/IMG20241114101041-495x400.jpg\" title='oplus_32' alt='' srcset=\"https:\/\/www.fundacioimpulsa.org\/wp-content\/uploads\/2024\/11\/IMG20241114101041-495x400.jpg 495w, https:\/\/www.fundacioimpulsa.org\/wp-content\/uploads\/2024\/11\/IMG20241114101041-845x684.jpg 845w\" sizes=\"auto, (max-width: 495px) 100vw, 495px\" \/><\/div><\/a><a href=\"https:\/\/www.fundacioimpulsa.org\/wp-content\/uploads\/2024\/11\/IMG20241114101951-773x1030.jpg\" data-srcset=\"https:\/\/www.fundacioimpulsa.org\/wp-content\/uploads\/2024\/11\/IMG20241114101951-773x1030.jpg 773w, https:\/\/www.fundacioimpulsa.org\/wp-content\/uploads\/2024\/11\/IMG20241114101951-225x300.jpg 225w, https:\/\/www.fundacioimpulsa.org\/wp-content\/uploads\/2024\/11\/IMG20241114101951-768x1024.jpg 768w, https:\/\/www.fundacioimpulsa.org\/wp-content\/uploads\/2024\/11\/IMG20241114101951-1152x1536.jpg 1152w, https:\/\/www.fundacioimpulsa.org\/wp-content\/uploads\/2024\/11\/IMG20241114101951-1536x2048.jpg 1536w, https:\/\/www.fundacioimpulsa.org\/wp-content\/uploads\/2024\/11\/IMG20241114101951-1125x1500.jpg 1125w, https:\/\/www.fundacioimpulsa.org\/wp-content\/uploads\/2024\/11\/IMG20241114101951-529x705.jpg 529w, https:\/\/www.fundacioimpulsa.org\/wp-content\/uploads\/2024\/11\/IMG20241114101951-398x530.jpg 398w, https:\/\/www.fundacioimpulsa.org\/wp-content\/uploads\/2024\/11\/IMG20241114101951-158x211.jpg 158w, https:\/\/www.fundacioimpulsa.org\/wp-content\/uploads\/2024\/11\/IMG20241114101951-scaled.jpg 1920w\" data-sizes=\"(max-width: 773px) 100vw, 773px\" data-rel='gallery-1' data-prev-img='https:\/\/www.fundacioimpulsa.org\/wp-content\/uploads\/2024\/11\/IMG20241114101951-495x400.jpg' class='lightbox ' data-onclick='5' title='oplus_32'  itemprop=\"thumbnailUrl\"  ><img decoding=\"async\" fetchpriority=\"high\" class=\"wp-image-12342 avia-img-lazy-loading-not-12342\"  data-avia-tooltip='oplus_32' src=\"https:\/\/www.fundacioimpulsa.org\/wp-content\/uploads\/2024\/11\/IMG20241114101951-495x400.jpg\" width=\"495\" height=\"400\"  title='oplus_32' alt='' srcset=\"https:\/\/www.fundacioimpulsa.org\/wp-content\/uploads\/2024\/11\/IMG20241114101951-495x400.jpg 495w, https:\/\/www.fundacioimpulsa.org\/wp-content\/uploads\/2024\/11\/IMG20241114101951-845x684.jpg 845w\" sizes=\"(max-width: 495px) 100vw, 495px\" \/><div class='big-prev-fake'><img decoding=\"async\" loading=\"lazy\" class=\"wp-image-12342 avia-img-lazy-loading-12342\"  width=\"495\" height=\"400\" src=\"https:\/\/www.fundacioimpulsa.org\/wp-content\/uploads\/2024\/11\/IMG20241114101951-495x400.jpg\" title='oplus_32' alt='' srcset=\"https:\/\/www.fundacioimpulsa.org\/wp-content\/uploads\/2024\/11\/IMG20241114101951-495x400.jpg 495w, https:\/\/www.fundacioimpulsa.org\/wp-content\/uploads\/2024\/11\/IMG20241114101951-845x684.jpg 845w\" sizes=\"auto, (max-width: 495px) 100vw, 495px\" \/><\/div><\/a><a href=\"https:\/\/www.fundacioimpulsa.org\/wp-content\/uploads\/2024\/11\/IMG20241114102935-773x1030.jpg\" data-srcset=\"https:\/\/www.fundacioimpulsa.org\/wp-content\/uploads\/2024\/11\/IMG20241114102935-773x1030.jpg 773w, https:\/\/www.fundacioimpulsa.org\/wp-content\/uploads\/2024\/11\/IMG20241114102935-225x300.jpg 225w, https:\/\/www.fundacioimpulsa.org\/wp-content\/uploads\/2024\/11\/IMG20241114102935-768x1024.jpg 768w, https:\/\/www.fundacioimpulsa.org\/wp-content\/uploads\/2024\/11\/IMG20241114102935-1152x1536.jpg 1152w, https:\/\/www.fundacioimpulsa.org\/wp-content\/uploads\/2024\/11\/IMG20241114102935-1536x2048.jpg 1536w, https:\/\/www.fundacioimpulsa.org\/wp-content\/uploads\/2024\/11\/IMG20241114102935-1125x1500.jpg 1125w, https:\/\/www.fundacioimpulsa.org\/wp-content\/uploads\/2024\/11\/IMG20241114102935-529x705.jpg 529w, https:\/\/www.fundacioimpulsa.org\/wp-content\/uploads\/2024\/11\/IMG20241114102935-398x530.jpg 398w, https:\/\/www.fundacioimpulsa.org\/wp-content\/uploads\/2024\/11\/IMG20241114102935-158x211.jpg 158w, https:\/\/www.fundacioimpulsa.org\/wp-content\/uploads\/2024\/11\/IMG20241114102935-scaled.jpg 1920w\" data-sizes=\"(max-width: 773px) 100vw, 773px\" data-rel='gallery-1' data-prev-img='https:\/\/www.fundacioimpulsa.org\/wp-content\/uploads\/2024\/11\/IMG20241114102935-495x400.jpg' class='first_thumb lightbox ' data-onclick='6' title='oplus_32'  itemprop=\"thumbnailUrl\"  ><img decoding=\"async\" fetchpriority=\"high\" class=\"wp-image-12344 avia-img-lazy-loading-not-12344\"  data-avia-tooltip='oplus_32' src=\"https:\/\/www.fundacioimpulsa.org\/wp-content\/uploads\/2024\/11\/IMG20241114102935-495x400.jpg\" width=\"495\" height=\"400\"  title='oplus_32' alt='' srcset=\"https:\/\/www.fundacioimpulsa.org\/wp-content\/uploads\/2024\/11\/IMG20241114102935-495x400.jpg 495w, https:\/\/www.fundacioimpulsa.org\/wp-content\/uploads\/2024\/11\/IMG20241114102935-845x684.jpg 845w\" sizes=\"(max-width: 495px) 100vw, 495px\" \/><div class='big-prev-fake'><img decoding=\"async\" loading=\"lazy\" class=\"wp-image-12344 avia-img-lazy-loading-12344\"  width=\"495\" height=\"400\" src=\"https:\/\/www.fundacioimpulsa.org\/wp-content\/uploads\/2024\/11\/IMG20241114102935-495x400.jpg\" title='oplus_32' alt='' srcset=\"https:\/\/www.fundacioimpulsa.org\/wp-content\/uploads\/2024\/11\/IMG20241114102935-495x400.jpg 495w, https:\/\/www.fundacioimpulsa.org\/wp-content\/uploads\/2024\/11\/IMG20241114102935-845x684.jpg 845w\" sizes=\"auto, (max-width: 495px) 100vw, 495px\" \/><\/div><\/a><\/div><\/div>\n","protected":false},"excerpt":{"rendered":"<p>La Fundaci\u00f3n Impulsa, en colaboraci\u00f3n con la Oficina de Promoci\u00f3n Econ\u00f3mica del Ayuntamiento de Manlleu (OPE), ha celebrado la segunda sesi\u00f3n de citas laborales r\u00e1pidas (Speed \u200b\u200bDating Laboral), actividad que tiene por objetivo poner en contacto directo los j\u00f3venes candidatos con empresas del territorio para facilitar su aproximaci\u00f3n al mundo laboral y aprender y practicar de forma real una herramienta clave de cualquier proceso de b\u00fasqueda de empleo.<\/p>\n","protected":false},"author":10,"featured_media":12330,"comment_status":"closed","ping_status":"closed","sticky":false,"template":"","format":"standard","meta":{"_acf_changed":false,"footnotes":""},"categories":[72],"tags":[112],"class_list":["post-12439","post","type-post","status-publish","format-standard","has-post-thumbnail","hentry","category-dia-a-dia-es","tag-orientacionlaboral"],"acf":[],"yoast_head":"<!-- This site is optimized with the Yoast SEO plugin v27.3 - https:\/\/yoast.com\/product\/yoast-seo-wordpress\/ -->\n<title>40 j\u00f3venes conectan con empresas de Osona en una nueva edici\u00f3n de Speed \u200b\u200bDating Laboral organizado por la Fundaci\u00f3 Impulsa y la OPE Manlleu - Fundacio Impulsa<\/title>\n<meta name=\"robots\" content=\"index, follow, max-snippet:-1, max-image-preview:large, max-video-preview:-1\" \/>\n<link rel=\"canonical\" href=\"https:\/\/www.fundacioimpulsa.org\/es\/speed-dating\/\" \/>\n<meta property=\"og:locale\" content=\"es_ES\" \/>\n<meta property=\"og:type\" content=\"article\" \/>\n<meta property=\"og:title\" content=\"40 j\u00f3venes conectan con empresas de Osona en una nueva edici\u00f3n de Speed \u200b\u200bDating Laboral organizado por la Fundaci\u00f3 Impulsa y la OPE Manlleu - Fundacio Impulsa\" \/>\n<meta property=\"og:description\" content=\"La Fundaci\u00f3n Impulsa, en colaboraci\u00f3n con la Oficina de Promoci\u00f3n Econ\u00f3mica del Ayuntamiento de Manlleu (OPE), ha celebrado la segunda sesi\u00f3n de citas laborales r\u00e1pidas (Speed \u200b\u200bDating Laboral), actividad que tiene por objetivo poner en contacto directo los j\u00f3venes candidatos con empresas del territorio para facilitar su aproximaci\u00f3n al mundo laboral y aprender y practicar de forma real una herramienta clave de cualquier proceso de b\u00fasqueda de empleo.\" \/>\n<meta property=\"og:url\" content=\"https:\/\/www.fundacioimpulsa.org\/es\/speed-dating\/\" \/>\n<meta property=\"og:site_name\" content=\"Fundacio Impulsa\" \/>\n<meta property=\"article:published_time\" content=\"2024-11-20T13:35:49+00:00\" \/>\n<meta property=\"article:modified_time\" content=\"2024-12-17T10:28:06+00:00\" \/>\n<meta property=\"og:image\" content=\"https:\/\/www.fundacioimpulsa.org\/wp-content\/uploads\/2024\/11\/Portada-noti-Fundacio-Impulsa-12-1.jpg\" \/>\n\t<meta property=\"og:image:width\" content=\"700\" \/>\n\t<meta property=\"og:image:height\" content=\"483\" \/>\n\t<meta property=\"og:image:type\" content=\"image\/jpeg\" \/>\n<meta name=\"author\" content=\"anna\" \/>\n<meta name=\"twitter:card\" content=\"summary_large_image\" \/>\n<meta name=\"twitter:label1\" content=\"Escrito por\" \/>\n\t<meta name=\"twitter:data1\" content=\"anna\" \/>\n\t<meta name=\"twitter:label2\" content=\"Tiempo de lectura\" \/>\n\t<meta name=\"twitter:data2\" content=\"6 minutos\" \/>\n<script type=\"application\/ld+json\" class=\"yoast-schema-graph\">{\"@context\":\"https:\\\/\\\/schema.org\",\"@graph\":[{\"@type\":\"Article\",\"@id\":\"https:\\\/\\\/www.fundacioimpulsa.org\\\/es\\\/speed-dating\\\/#article\",\"isPartOf\":{\"@id\":\"https:\\\/\\\/www.fundacioimpulsa.org\\\/es\\\/speed-dating\\\/\"},\"author\":{\"name\":\"anna\",\"@id\":\"https:\\\/\\\/www.fundacioimpulsa.org\\\/es\\\/#\\\/schema\\\/person\\\/8093abda9188d9065d7a02992af09c00\"},\"headline\":\"40 j\u00f3venes conectan con empresas de Osona en una nueva edici\u00f3n de Speed \u200b\u200bDating Laboral organizado por la Fundaci\u00f3 Impulsa y la OPE Manlleu\",\"datePublished\":\"2024-11-20T13:35:49+00:00\",\"dateModified\":\"2024-12-17T10:28:06+00:00\",\"mainEntityOfPage\":{\"@id\":\"https:\\\/\\\/www.fundacioimpulsa.org\\\/es\\\/speed-dating\\\/\"},\"wordCount\":811,\"image\":{\"@id\":\"https:\\\/\\\/www.fundacioimpulsa.org\\\/es\\\/speed-dating\\\/#primaryimage\"},\"thumbnailUrl\":\"https:\\\/\\\/www.fundacioimpulsa.org\\\/wp-content\\\/uploads\\\/2024\\\/11\\\/Portada-noti-Fundacio-Impulsa-12-1.jpg\",\"keywords\":[\"#Orientaci\u00f3nLaboral\"],\"articleSection\":[\"D\u00eda a D\u00eda\"],\"inLanguage\":\"es\"},{\"@type\":\"WebPage\",\"@id\":\"https:\\\/\\\/www.fundacioimpulsa.org\\\/es\\\/speed-dating\\\/\",\"url\":\"https:\\\/\\\/www.fundacioimpulsa.org\\\/es\\\/speed-dating\\\/\",\"name\":\"40 j\u00f3venes conectan con empresas de Osona en una nueva edici\u00f3n de Speed \u200b\u200bDating Laboral organizado por la Fundaci\u00f3 Impulsa y la OPE Manlleu - Fundacio Impulsa\",\"isPartOf\":{\"@id\":\"https:\\\/\\\/www.fundacioimpulsa.org\\\/es\\\/#website\"},\"primaryImageOfPage\":{\"@id\":\"https:\\\/\\\/www.fundacioimpulsa.org\\\/es\\\/speed-dating\\\/#primaryimage\"},\"image\":{\"@id\":\"https:\\\/\\\/www.fundacioimpulsa.org\\\/es\\\/speed-dating\\\/#primaryimage\"},\"thumbnailUrl\":\"https:\\\/\\\/www.fundacioimpulsa.org\\\/wp-content\\\/uploads\\\/2024\\\/11\\\/Portada-noti-Fundacio-Impulsa-12-1.jpg\",\"datePublished\":\"2024-11-20T13:35:49+00:00\",\"dateModified\":\"2024-12-17T10:28:06+00:00\",\"author\":{\"@id\":\"https:\\\/\\\/www.fundacioimpulsa.org\\\/es\\\/#\\\/schema\\\/person\\\/8093abda9188d9065d7a02992af09c00\"},\"breadcrumb\":{\"@id\":\"https:\\\/\\\/www.fundacioimpulsa.org\\\/es\\\/speed-dating\\\/#breadcrumb\"},\"inLanguage\":\"es\",\"potentialAction\":[{\"@type\":\"ReadAction\",\"target\":[\"https:\\\/\\\/www.fundacioimpulsa.org\\\/es\\\/speed-dating\\\/\"]}]},{\"@type\":\"ImageObject\",\"inLanguage\":\"es\",\"@id\":\"https:\\\/\\\/www.fundacioimpulsa.org\\\/es\\\/speed-dating\\\/#primaryimage\",\"url\":\"https:\\\/\\\/www.fundacioimpulsa.org\\\/wp-content\\\/uploads\\\/2024\\\/11\\\/Portada-noti-Fundacio-Impulsa-12-1.jpg\",\"contentUrl\":\"https:\\\/\\\/www.fundacioimpulsa.org\\\/wp-content\\\/uploads\\\/2024\\\/11\\\/Portada-noti-Fundacio-Impulsa-12-1.jpg\",\"width\":700,\"height\":483},{\"@type\":\"BreadcrumbList\",\"@id\":\"https:\\\/\\\/www.fundacioimpulsa.org\\\/es\\\/speed-dating\\\/#breadcrumb\",\"itemListElement\":[{\"@type\":\"ListItem\",\"position\":1,\"name\":\"Inici\",\"item\":\"https:\\\/\\\/www.fundacioimpulsa.org\\\/es\\\/fundacio-impulsa\\\/\"},{\"@type\":\"ListItem\",\"position\":2,\"name\":\"40 j\u00f3venes conectan con empresas de Osona en una nueva edici\u00f3n de Speed \u200b\u200bDating Laboral organizado por la Fundaci\u00f3 Impulsa y la OPE Manlleu\"}]},{\"@type\":\"WebSite\",\"@id\":\"https:\\\/\\\/www.fundacioimpulsa.org\\\/es\\\/#website\",\"url\":\"https:\\\/\\\/www.fundacioimpulsa.org\\\/es\\\/\",\"name\":\"Fundacio Impulsa\",\"description\":\"\",\"potentialAction\":[{\"@type\":\"SearchAction\",\"target\":{\"@type\":\"EntryPoint\",\"urlTemplate\":\"https:\\\/\\\/www.fundacioimpulsa.org\\\/es\\\/?s={search_term_string}\"},\"query-input\":{\"@type\":\"PropertyValueSpecification\",\"valueRequired\":true,\"valueName\":\"search_term_string\"}}],\"inLanguage\":\"es\"},{\"@type\":\"Person\",\"@id\":\"https:\\\/\\\/www.fundacioimpulsa.org\\\/es\\\/#\\\/schema\\\/person\\\/8093abda9188d9065d7a02992af09c00\",\"name\":\"anna\",\"image\":{\"@type\":\"ImageObject\",\"inLanguage\":\"es\",\"@id\":\"https:\\\/\\\/secure.gravatar.com\\\/avatar\\\/098ca997a3814bde9b9ec5e5dfa4ad0ee9a251cd4cf1b86b7c008606c50d48c9?s=96&d=mm&r=g\",\"url\":\"https:\\\/\\\/secure.gravatar.com\\\/avatar\\\/098ca997a3814bde9b9ec5e5dfa4ad0ee9a251cd4cf1b86b7c008606c50d48c9?s=96&d=mm&r=g\",\"contentUrl\":\"https:\\\/\\\/secure.gravatar.com\\\/avatar\\\/098ca997a3814bde9b9ec5e5dfa4ad0ee9a251cd4cf1b86b7c008606c50d48c9?s=96&d=mm&r=g\",\"caption\":\"anna\"},\"url\":\"https:\\\/\\\/www.fundacioimpulsa.org\\\/es\\\/author\\\/anna\\\/\"}]}<\/script>\n<!-- \/ Yoast SEO plugin. -->","yoast_head_json":{"title":"40 j\u00f3venes conectan con empresas de Osona en una nueva edici\u00f3n de Speed \u200b\u200bDating Laboral organizado por la Fundaci\u00f3 Impulsa y la OPE Manlleu - Fundacio Impulsa","robots":{"index":"index","follow":"follow","max-snippet":"max-snippet:-1","max-image-preview":"max-image-preview:large","max-video-preview":"max-video-preview:-1"},"canonical":"https:\/\/www.fundacioimpulsa.org\/es\/speed-dating\/","og_locale":"es_ES","og_type":"article","og_title":"40 j\u00f3venes conectan con empresas de Osona en una nueva edici\u00f3n de Speed \u200b\u200bDating Laboral organizado por la Fundaci\u00f3 Impulsa y la OPE Manlleu - Fundacio Impulsa","og_description":"La Fundaci\u00f3n Impulsa, en colaboraci\u00f3n con la Oficina de Promoci\u00f3n Econ\u00f3mica del Ayuntamiento de Manlleu (OPE), ha celebrado la segunda sesi\u00f3n de citas laborales r\u00e1pidas (Speed \u200b\u200bDating Laboral), actividad que tiene por objetivo poner en contacto directo los j\u00f3venes candidatos con empresas del territorio para facilitar su aproximaci\u00f3n al mundo laboral y aprender y practicar de forma real una herramienta clave de cualquier proceso de b\u00fasqueda de empleo.","og_url":"https:\/\/www.fundacioimpulsa.org\/es\/speed-dating\/","og_site_name":"Fundacio Impulsa","article_published_time":"2024-11-20T13:35:49+00:00","article_modified_time":"2024-12-17T10:28:06+00:00","og_image":[{"width":700,"height":483,"url":"https:\/\/www.fundacioimpulsa.org\/wp-content\/uploads\/2024\/11\/Portada-noti-Fundacio-Impulsa-12-1.jpg","type":"image\/jpeg"}],"author":"anna","twitter_card":"summary_large_image","twitter_misc":{"Escrito por":"anna","Tiempo de lectura":"6 minutos"},"schema":{"@context":"https:\/\/schema.org","@graph":[{"@type":"Article","@id":"https:\/\/www.fundacioimpulsa.org\/es\/speed-dating\/#article","isPartOf":{"@id":"https:\/\/www.fundacioimpulsa.org\/es\/speed-dating\/"},"author":{"name":"anna","@id":"https:\/\/www.fundacioimpulsa.org\/es\/#\/schema\/person\/8093abda9188d9065d7a02992af09c00"},"headline":"40 j\u00f3venes conectan con empresas de Osona en una nueva edici\u00f3n de Speed \u200b\u200bDating Laboral organizado por la Fundaci\u00f3 Impulsa y la OPE Manlleu","datePublished":"2024-11-20T13:35:49+00:00","dateModified":"2024-12-17T10:28:06+00:00","mainEntityOfPage":{"@id":"https:\/\/www.fundacioimpulsa.org\/es\/speed-dating\/"},"wordCount":811,"image":{"@id":"https:\/\/www.fundacioimpulsa.org\/es\/speed-dating\/#primaryimage"},"thumbnailUrl":"https:\/\/www.fundacioimpulsa.org\/wp-content\/uploads\/2024\/11\/Portada-noti-Fundacio-Impulsa-12-1.jpg","keywords":["#Orientaci\u00f3nLaboral"],"articleSection":["D\u00eda a D\u00eda"],"inLanguage":"es"},{"@type":"WebPage","@id":"https:\/\/www.fundacioimpulsa.org\/es\/speed-dating\/","url":"https:\/\/www.fundacioimpulsa.org\/es\/speed-dating\/","name":"40 j\u00f3venes conectan con empresas de Osona en una nueva edici\u00f3n de Speed \u200b\u200bDating Laboral organizado por la Fundaci\u00f3 Impulsa y la OPE Manlleu - Fundacio Impulsa","isPartOf":{"@id":"https:\/\/www.fundacioimpulsa.org\/es\/#website"},"primaryImageOfPage":{"@id":"https:\/\/www.fundacioimpulsa.org\/es\/speed-dating\/#primaryimage"},"image":{"@id":"https:\/\/www.fundacioimpulsa.org\/es\/speed-dating\/#primaryimage"},"thumbnailUrl":"https:\/\/www.fundacioimpulsa.org\/wp-content\/uploads\/2024\/11\/Portada-noti-Fundacio-Impulsa-12-1.jpg","datePublished":"2024-11-20T13:35:49+00:00","dateModified":"2024-12-17T10:28:06+00:00","author":{"@id":"https:\/\/www.fundacioimpulsa.org\/es\/#\/schema\/person\/8093abda9188d9065d7a02992af09c00"},"breadcrumb":{"@id":"https:\/\/www.fundacioimpulsa.org\/es\/speed-dating\/#breadcrumb"},"inLanguage":"es","potentialAction":[{"@type":"ReadAction","target":["https:\/\/www.fundacioimpulsa.org\/es\/speed-dating\/"]}]},{"@type":"ImageObject","inLanguage":"es","@id":"https:\/\/www.fundacioimpulsa.org\/es\/speed-dating\/#primaryimage","url":"https:\/\/www.fundacioimpulsa.org\/wp-content\/uploads\/2024\/11\/Portada-noti-Fundacio-Impulsa-12-1.jpg","contentUrl":"https:\/\/www.fundacioimpulsa.org\/wp-content\/uploads\/2024\/11\/Portada-noti-Fundacio-Impulsa-12-1.jpg","width":700,"height":483},{"@type":"BreadcrumbList","@id":"https:\/\/www.fundacioimpulsa.org\/es\/speed-dating\/#breadcrumb","itemListElement":[{"@type":"ListItem","position":1,"name":"Inici","item":"https:\/\/www.fundacioimpulsa.org\/es\/fundacio-impulsa\/"},{"@type":"ListItem","position":2,"name":"40 j\u00f3venes conectan con empresas de Osona en una nueva edici\u00f3n de Speed \u200b\u200bDating Laboral organizado por la Fundaci\u00f3 Impulsa y la OPE Manlleu"}]},{"@type":"WebSite","@id":"https:\/\/www.fundacioimpulsa.org\/es\/#website","url":"https:\/\/www.fundacioimpulsa.org\/es\/","name":"Fundacio Impulsa","description":"","potentialAction":[{"@type":"SearchAction","target":{"@type":"EntryPoint","urlTemplate":"https:\/\/www.fundacioimpulsa.org\/es\/?s={search_term_string}"},"query-input":{"@type":"PropertyValueSpecification","valueRequired":true,"valueName":"search_term_string"}}],"inLanguage":"es"},{"@type":"Person","@id":"https:\/\/www.fundacioimpulsa.org\/es\/#\/schema\/person\/8093abda9188d9065d7a02992af09c00","name":"anna","image":{"@type":"ImageObject","inLanguage":"es","@id":"https:\/\/secure.gravatar.com\/avatar\/098ca997a3814bde9b9ec5e5dfa4ad0ee9a251cd4cf1b86b7c008606c50d48c9?s=96&d=mm&r=g","url":"https:\/\/secure.gravatar.com\/avatar\/098ca997a3814bde9b9ec5e5dfa4ad0ee9a251cd4cf1b86b7c008606c50d48c9?s=96&d=mm&r=g","contentUrl":"https:\/\/secure.gravatar.com\/avatar\/098ca997a3814bde9b9ec5e5dfa4ad0ee9a251cd4cf1b86b7c008606c50d48c9?s=96&d=mm&r=g","caption":"anna"},"url":"https:\/\/www.fundacioimpulsa.org\/es\/author\/anna\/"}]}},"publishpress_future_action":{"enabled":false,"date":"2026-05-04 13:01:21","action":"change-status","newStatus":"draft","terms":[],"taxonomy":"category","extraData":[]},"publishpress_future_workflow_manual_trigger":{"enabledWorkflows":[]},"_links":{"self":[{"href":"https:\/\/www.fundacioimpulsa.org\/es\/wp-json\/wp\/v2\/posts\/12439","targetHints":{"allow":["GET"]}}],"collection":[{"href":"https:\/\/www.fundacioimpulsa.org\/es\/wp-json\/wp\/v2\/posts"}],"about":[{"href":"https:\/\/www.fundacioimpulsa.org\/es\/wp-json\/wp\/v2\/types\/post"}],"author":[{"embeddable":true,"href":"https:\/\/www.fundacioimpulsa.org\/es\/wp-json\/wp\/v2\/users\/10"}],"replies":[{"embeddable":true,"href":"https:\/\/www.fundacioimpulsa.org\/es\/wp-json\/wp\/v2\/comments?post=12439"}],"version-history":[{"count":3,"href":"https:\/\/www.fundacioimpulsa.org\/es\/wp-json\/wp\/v2\/posts\/12439\/revisions"}],"predecessor-version":[{"id":12443,"href":"https:\/\/www.fundacioimpulsa.org\/es\/wp-json\/wp\/v2\/posts\/12439\/revisions\/12443"}],"wp:featuredmedia":[{"embeddable":true,"href":"https:\/\/www.fundacioimpulsa.org\/es\/wp-json\/wp\/v2\/media\/12330"}],"wp:attachment":[{"href":"https:\/\/www.fundacioimpulsa.org\/es\/wp-json\/wp\/v2\/media?parent=12439"}],"wp:term":[{"taxonomy":"category","embeddable":true,"href":"https:\/\/www.fundacioimpulsa.org\/es\/wp-json\/wp\/v2\/categories?post=12439"},{"taxonomy":"post_tag","embeddable":true,"href":"https:\/\/www.fundacioimpulsa.org\/es\/wp-json\/wp\/v2\/tags?post=12439"}],"curies":[{"name":"wp","href":"https:\/\/api.w.org\/{rel}","templated":true}]}}