{"id":12446,"date":"2024-12-11T10:28:46","date_gmt":"2024-12-11T09:28:46","guid":{"rendered":"https:\/\/www.fundacioimpulsa.org\/?p=12446"},"modified":"2024-12-17T11:27:20","modified_gmt":"2024-12-17T10:27:20","slug":"que-valoran-los-jovenes-a-lo-largo-de-su-paso-por-la-fundacio-impulsaencuesta-alumni-post","status":"publish","type":"post","link":"https:\/\/www.fundacioimpulsa.org\/es\/que-valoran-los-jovenes-a-lo-largo-de-su-paso-por-la-fundacio-impulsaencuesta-alumni-post\/","title":{"rendered":"\u00bfQu\u00e9 valoran los j\u00f3venes a lo largo de su paso por la Fundaci\u00f3 Impulsa?"},"content":{"rendered":"<h4><img loading=\"lazy\" decoding=\"async\" class=\"alignnone wp-image-12412\" src=\"https:\/\/www.fundacioimpulsa.org\/wp-content\/uploads\/2024\/12\/Portada-noti-Fundacio-Impulsa-14-300x207.jpg\" alt=\"\" width=\"720\" height=\"497\" srcset=\"https:\/\/www.fundacioimpulsa.org\/wp-content\/uploads\/2024\/12\/Portada-noti-Fundacio-Impulsa-14-300x207.jpg 300w, https:\/\/www.fundacioimpulsa.org\/wp-content\/uploads\/2024\/12\/Portada-noti-Fundacio-Impulsa-14-306x211.jpg 306w, https:\/\/www.fundacioimpulsa.org\/wp-content\/uploads\/2024\/12\/Portada-noti-Fundacio-Impulsa-14.jpg 700w\" sizes=\"auto, (max-width: 720px) 100vw, 720px\" \/><\/h4>\n<h4><strong>Al inicio, los j\u00f3venes valoran el apoyo econ\u00f3mico de la Beca, y cuando finalizan los estudios, valoran m\u00e1s el apoyo integral que les ha dado la Fundaci\u00f3n Impulsa<\/strong><\/h4>\n<p>Cuando un joven Impulser comienza un ciclo de Formaci\u00f3n Profesional gracias a la Beca Impulsa, lo que m\u00e1s valora en ese momento es el <strong>apoyo econ\u00f3mico<\/strong> que se le da.<\/p>\n<p>Le siguen las <strong>oportunidades profesionales<\/strong> que se le abren gracias a poder tener unos estudios de formaci\u00f3n profesional reglados, el apoyo de la <strong>persona mentora<\/strong> que le acompa\u00f1ar\u00e1 a lo largo de todo el curso y las <strong>formaciones<\/strong> impartidas por el equipo psicopedag\u00f3gico o por profesionales externos. Otros aspectos como la <strong>experiencia de voluntariado, el ordenador y el acompa\u00f1amiento psicopedag\u00f3gico de una persona t\u00e9cnica referente<\/strong> tienen un menor impacto en un inicio, ya que a menudo falta entender cu\u00e1l es este apoyo y\/o acompa\u00f1amiento que recibir\u00e1n ya que no es un hecho material que f\u00e1cilmente se pueda aterrizar de entrada y poner de relieve su valor integral.<\/p>\n<p>Cuando los j\u00f3venes finalizan el Ciclo Formativo cursado con el acompa\u00f1amiento de Impulsa -dos a\u00f1os en el caso de un Grado Medio o cuatro en un Grado Superior-, sus prioridades y percepciones cambian de manera significativa. tangible -como la beca econ\u00f3mica o la oportunidad laboral- cede protagonismo al <strong>acompa\u00f1amiento transversal<\/strong> que se da desde el equipo psicopedag\u00f3gico al joven Impulser, seguido del <strong>mentor<\/strong>, quien se convierte en un referente clave para el joven, y las <strong>formaciones<\/strong> que no s\u00f3lo les ayudan a adquirir competencias por su futuro profesional y personal, sino que tambi\u00e9n fomentan una conexi\u00f3n entre los j\u00f3venes Impulseros del mismo territorio o territorios vecinos, creando una red de apoyo. La <strong>beca econ\u00f3mica<\/strong>, que al principio era la m\u00e1xima prioridad, termina en plazas muy secundarias.<\/p>\n<p>El cambio de percepci\u00f3n de los j\u00f3venes es crucial para entender que <strong>el M\u00e9todo Impulsa<\/strong> no s\u00f3lo da respuesta a las necesidades inmediatas que requiere el joven (una beca para estudiar), sino que acompa\u00f1a a los j\u00f3venes en el desarrollo de competencias y valores que les preparan para el futuro laboral, y que a pesar de las dificultades que se encuentran durante el curso, el equipo de la Fundaci\u00f3 y el mentor son piezas claves para que los j\u00f3venes no abandonen sus estudios.<\/p>\n","protected":false},"excerpt":{"rendered":"<p>El cambio de percepci\u00f3n de los j\u00f3venes es crucial para entender que el M\u00e9todo Impulsa no s\u00f3lo da respuesta a las necesidades inmediatas que requiere el joven (una beca para estudiar), sino que acompa\u00f1a a los j\u00f3venes en el desarrollo de competencias y valores que les preparan para el futuro laboral, y que a pesar de las dificultades que se encuentran durante el curso, el equipo de la Fundaci\u00f3 y el mentor son piezas claves para que los j\u00f3venes no abandonen sus estudios.<\/p>\n","protected":false},"author":10,"featured_media":12412,"comment_status":"closed","ping_status":"closed","sticky":false,"template":"","format":"standard","meta":{"_acf_changed":false,"footnotes":""},"categories":[72],"tags":[70],"class_list":["post-12446","post","type-post","status-publish","format-standard","has-post-thumbnail","hentry","category-dia-a-dia-es","tag-metodoimpulsa"],"acf":[],"yoast_head":"<!-- This site is optimized with the Yoast SEO plugin v27.5 - https:\/\/yoast.com\/product\/yoast-seo-wordpress\/ -->\n<title>\u00bfQu\u00e9 valoran los j\u00f3venes a lo largo de su paso por la Fundaci\u00f3 Impulsa? - Fundacio Impulsa<\/title>\n<meta name=\"robots\" content=\"index, follow, max-snippet:-1, max-image-preview:large, max-video-preview:-1\" \/>\n<link rel=\"canonical\" href=\"https:\/\/www.fundacioimpulsa.org\/es\/que-valoran-los-jovenes-a-lo-largo-de-su-paso-por-la-fundacio-impulsaencuesta-alumni-post\/\" \/>\n<meta property=\"og:locale\" content=\"es_ES\" \/>\n<meta property=\"og:type\" content=\"article\" \/>\n<meta property=\"og:title\" content=\"\u00bfQu\u00e9 valoran los j\u00f3venes a lo largo de su paso por la Fundaci\u00f3 Impulsa? - Fundacio Impulsa\" \/>\n<meta property=\"og:description\" content=\"El cambio de percepci\u00f3n de los j\u00f3venes es crucial para entender que el M\u00e9todo Impulsa no s\u00f3lo da respuesta a las necesidades inmediatas que requiere el joven (una beca para estudiar), sino que acompa\u00f1a a los j\u00f3venes en el desarrollo de competencias y valores que les preparan para el futuro laboral, y que a pesar de las dificultades que se encuentran durante el curso, el equipo de la Fundaci\u00f3 y el mentor son piezas claves para que los j\u00f3venes no abandonen sus estudios.\" \/>\n<meta property=\"og:url\" content=\"https:\/\/www.fundacioimpulsa.org\/es\/que-valoran-los-jovenes-a-lo-largo-de-su-paso-por-la-fundacio-impulsaencuesta-alumni-post\/\" \/>\n<meta property=\"og:site_name\" content=\"Fundacio Impulsa\" \/>\n<meta property=\"article:published_time\" content=\"2024-12-11T09:28:46+00:00\" \/>\n<meta property=\"article:modified_time\" content=\"2024-12-17T10:27:20+00:00\" \/>\n<meta property=\"og:image\" content=\"https:\/\/www.fundacioimpulsa.org\/wp-content\/uploads\/2024\/12\/Portada-noti-Fundacio-Impulsa-14.jpg\" \/>\n\t<meta property=\"og:image:width\" content=\"700\" \/>\n\t<meta property=\"og:image:height\" content=\"483\" \/>\n\t<meta property=\"og:image:type\" content=\"image\/jpeg\" \/>\n<meta name=\"author\" content=\"anna\" \/>\n<meta name=\"twitter:card\" content=\"summary_large_image\" \/>\n<meta name=\"twitter:label1\" content=\"Escrito por\" \/>\n\t<meta name=\"twitter:data1\" content=\"anna\" \/>\n\t<meta name=\"twitter:label2\" content=\"Tiempo de lectura\" \/>\n\t<meta name=\"twitter:data2\" content=\"3 minutos\" \/>\n<script type=\"application\/ld+json\" class=\"yoast-schema-graph\">{\"@context\":\"https:\\\/\\\/schema.org\",\"@graph\":[{\"@type\":\"Article\",\"@id\":\"https:\\\/\\\/www.fundacioimpulsa.org\\\/es\\\/que-valoran-los-jovenes-a-lo-largo-de-su-paso-por-la-fundacio-impulsaencuesta-alumni-post\\\/#article\",\"isPartOf\":{\"@id\":\"https:\\\/\\\/www.fundacioimpulsa.org\\\/es\\\/que-valoran-los-jovenes-a-lo-largo-de-su-paso-por-la-fundacio-impulsaencuesta-alumni-post\\\/\"},\"author\":{\"name\":\"anna\",\"@id\":\"https:\\\/\\\/www.fundacioimpulsa.org\\\/es\\\/#\\\/schema\\\/person\\\/8093abda9188d9065d7a02992af09c00\"},\"headline\":\"\u00bfQu\u00e9 valoran los j\u00f3venes a lo largo de su paso por la Fundaci\u00f3 Impulsa?\",\"datePublished\":\"2024-12-11T09:28:46+00:00\",\"dateModified\":\"2024-12-17T10:27:20+00:00\",\"mainEntityOfPage\":{\"@id\":\"https:\\\/\\\/www.fundacioimpulsa.org\\\/es\\\/que-valoran-los-jovenes-a-lo-largo-de-su-paso-por-la-fundacio-impulsaencuesta-alumni-post\\\/\"},\"wordCount\":426,\"image\":{\"@id\":\"https:\\\/\\\/www.fundacioimpulsa.org\\\/es\\\/que-valoran-los-jovenes-a-lo-largo-de-su-paso-por-la-fundacio-impulsaencuesta-alumni-post\\\/#primaryimage\"},\"thumbnailUrl\":\"https:\\\/\\\/www.fundacioimpulsa.org\\\/wp-content\\\/uploads\\\/2024\\\/12\\\/Portada-noti-Fundacio-Impulsa-14.jpg\",\"keywords\":[\"#M\u00e9todoImpulsa\"],\"articleSection\":[\"D\u00eda a D\u00eda\"],\"inLanguage\":\"es\"},{\"@type\":\"WebPage\",\"@id\":\"https:\\\/\\\/www.fundacioimpulsa.org\\\/es\\\/que-valoran-los-jovenes-a-lo-largo-de-su-paso-por-la-fundacio-impulsaencuesta-alumni-post\\\/\",\"url\":\"https:\\\/\\\/www.fundacioimpulsa.org\\\/es\\\/que-valoran-los-jovenes-a-lo-largo-de-su-paso-por-la-fundacio-impulsaencuesta-alumni-post\\\/\",\"name\":\"\u00bfQu\u00e9 valoran los j\u00f3venes a lo largo de su paso por la Fundaci\u00f3 Impulsa? - Fundacio Impulsa\",\"isPartOf\":{\"@id\":\"https:\\\/\\\/www.fundacioimpulsa.org\\\/es\\\/#website\"},\"primaryImageOfPage\":{\"@id\":\"https:\\\/\\\/www.fundacioimpulsa.org\\\/es\\\/que-valoran-los-jovenes-a-lo-largo-de-su-paso-por-la-fundacio-impulsaencuesta-alumni-post\\\/#primaryimage\"},\"image\":{\"@id\":\"https:\\\/\\\/www.fundacioimpulsa.org\\\/es\\\/que-valoran-los-jovenes-a-lo-largo-de-su-paso-por-la-fundacio-impulsaencuesta-alumni-post\\\/#primaryimage\"},\"thumbnailUrl\":\"https:\\\/\\\/www.fundacioimpulsa.org\\\/wp-content\\\/uploads\\\/2024\\\/12\\\/Portada-noti-Fundacio-Impulsa-14.jpg\",\"datePublished\":\"2024-12-11T09:28:46+00:00\",\"dateModified\":\"2024-12-17T10:27:20+00:00\",\"author\":{\"@id\":\"https:\\\/\\\/www.fundacioimpulsa.org\\\/es\\\/#\\\/schema\\\/person\\\/8093abda9188d9065d7a02992af09c00\"},\"breadcrumb\":{\"@id\":\"https:\\\/\\\/www.fundacioimpulsa.org\\\/es\\\/que-valoran-los-jovenes-a-lo-largo-de-su-paso-por-la-fundacio-impulsaencuesta-alumni-post\\\/#breadcrumb\"},\"inLanguage\":\"es\",\"potentialAction\":[{\"@type\":\"ReadAction\",\"target\":[\"https:\\\/\\\/www.fundacioimpulsa.org\\\/es\\\/que-valoran-los-jovenes-a-lo-largo-de-su-paso-por-la-fundacio-impulsaencuesta-alumni-post\\\/\"]}]},{\"@type\":\"ImageObject\",\"inLanguage\":\"es\",\"@id\":\"https:\\\/\\\/www.fundacioimpulsa.org\\\/es\\\/que-valoran-los-jovenes-a-lo-largo-de-su-paso-por-la-fundacio-impulsaencuesta-alumni-post\\\/#primaryimage\",\"url\":\"https:\\\/\\\/www.fundacioimpulsa.org\\\/wp-content\\\/uploads\\\/2024\\\/12\\\/Portada-noti-Fundacio-Impulsa-14.jpg\",\"contentUrl\":\"https:\\\/\\\/www.fundacioimpulsa.org\\\/wp-content\\\/uploads\\\/2024\\\/12\\\/Portada-noti-Fundacio-Impulsa-14.jpg\",\"width\":700,\"height\":483},{\"@type\":\"BreadcrumbList\",\"@id\":\"https:\\\/\\\/www.fundacioimpulsa.org\\\/es\\\/que-valoran-los-jovenes-a-lo-largo-de-su-paso-por-la-fundacio-impulsaencuesta-alumni-post\\\/#breadcrumb\",\"itemListElement\":[{\"@type\":\"ListItem\",\"position\":1,\"name\":\"Inici\",\"item\":\"https:\\\/\\\/www.fundacioimpulsa.org\\\/es\\\/fundacio-impulsa\\\/\"},{\"@type\":\"ListItem\",\"position\":2,\"name\":\"\u00bfQu\u00e9 valoran los j\u00f3venes a lo largo de su paso por la Fundaci\u00f3 Impulsa?\"}]},{\"@type\":\"WebSite\",\"@id\":\"https:\\\/\\\/www.fundacioimpulsa.org\\\/es\\\/#website\",\"url\":\"https:\\\/\\\/www.fundacioimpulsa.org\\\/es\\\/\",\"name\":\"Fundacio Impulsa\",\"description\":\"\",\"potentialAction\":[{\"@type\":\"SearchAction\",\"target\":{\"@type\":\"EntryPoint\",\"urlTemplate\":\"https:\\\/\\\/www.fundacioimpulsa.org\\\/es\\\/?s={search_term_string}\"},\"query-input\":{\"@type\":\"PropertyValueSpecification\",\"valueRequired\":true,\"valueName\":\"search_term_string\"}}],\"inLanguage\":\"es\"},{\"@type\":\"Person\",\"@id\":\"https:\\\/\\\/www.fundacioimpulsa.org\\\/es\\\/#\\\/schema\\\/person\\\/8093abda9188d9065d7a02992af09c00\",\"name\":\"anna\",\"image\":{\"@type\":\"ImageObject\",\"inLanguage\":\"es\",\"@id\":\"https:\\\/\\\/secure.gravatar.com\\\/avatar\\\/098ca997a3814bde9b9ec5e5dfa4ad0ee9a251cd4cf1b86b7c008606c50d48c9?s=96&d=mm&r=g\",\"url\":\"https:\\\/\\\/secure.gravatar.com\\\/avatar\\\/098ca997a3814bde9b9ec5e5dfa4ad0ee9a251cd4cf1b86b7c008606c50d48c9?s=96&d=mm&r=g\",\"contentUrl\":\"https:\\\/\\\/secure.gravatar.com\\\/avatar\\\/098ca997a3814bde9b9ec5e5dfa4ad0ee9a251cd4cf1b86b7c008606c50d48c9?s=96&d=mm&r=g\",\"caption\":\"anna\"},\"url\":\"https:\\\/\\\/www.fundacioimpulsa.org\\\/es\\\/author\\\/anna\\\/\"}]}<\/script>\n<!-- \/ Yoast SEO plugin. -->","yoast_head_json":{"title":"\u00bfQu\u00e9 valoran los j\u00f3venes a lo largo de su paso por la Fundaci\u00f3 Impulsa? - Fundacio Impulsa","robots":{"index":"index","follow":"follow","max-snippet":"max-snippet:-1","max-image-preview":"max-image-preview:large","max-video-preview":"max-video-preview:-1"},"canonical":"https:\/\/www.fundacioimpulsa.org\/es\/que-valoran-los-jovenes-a-lo-largo-de-su-paso-por-la-fundacio-impulsaencuesta-alumni-post\/","og_locale":"es_ES","og_type":"article","og_title":"\u00bfQu\u00e9 valoran los j\u00f3venes a lo largo de su paso por la Fundaci\u00f3 Impulsa? - Fundacio Impulsa","og_description":"El cambio de percepci\u00f3n de los j\u00f3venes es crucial para entender que el M\u00e9todo Impulsa no s\u00f3lo da respuesta a las necesidades inmediatas que requiere el joven (una beca para estudiar), sino que acompa\u00f1a a los j\u00f3venes en el desarrollo de competencias y valores que les preparan para el futuro laboral, y que a pesar de las dificultades que se encuentran durante el curso, el equipo de la Fundaci\u00f3 y el mentor son piezas claves para que los j\u00f3venes no abandonen sus estudios.","og_url":"https:\/\/www.fundacioimpulsa.org\/es\/que-valoran-los-jovenes-a-lo-largo-de-su-paso-por-la-fundacio-impulsaencuesta-alumni-post\/","og_site_name":"Fundacio Impulsa","article_published_time":"2024-12-11T09:28:46+00:00","article_modified_time":"2024-12-17T10:27:20+00:00","og_image":[{"width":700,"height":483,"url":"https:\/\/www.fundacioimpulsa.org\/wp-content\/uploads\/2024\/12\/Portada-noti-Fundacio-Impulsa-14.jpg","type":"image\/jpeg"}],"author":"anna","twitter_card":"summary_large_image","twitter_misc":{"Escrito por":"anna","Tiempo de lectura":"3 minutos"},"schema":{"@context":"https:\/\/schema.org","@graph":[{"@type":"Article","@id":"https:\/\/www.fundacioimpulsa.org\/es\/que-valoran-los-jovenes-a-lo-largo-de-su-paso-por-la-fundacio-impulsaencuesta-alumni-post\/#article","isPartOf":{"@id":"https:\/\/www.fundacioimpulsa.org\/es\/que-valoran-los-jovenes-a-lo-largo-de-su-paso-por-la-fundacio-impulsaencuesta-alumni-post\/"},"author":{"name":"anna","@id":"https:\/\/www.fundacioimpulsa.org\/es\/#\/schema\/person\/8093abda9188d9065d7a02992af09c00"},"headline":"\u00bfQu\u00e9 valoran los j\u00f3venes a lo largo de su paso por la Fundaci\u00f3 Impulsa?","datePublished":"2024-12-11T09:28:46+00:00","dateModified":"2024-12-17T10:27:20+00:00","mainEntityOfPage":{"@id":"https:\/\/www.fundacioimpulsa.org\/es\/que-valoran-los-jovenes-a-lo-largo-de-su-paso-por-la-fundacio-impulsaencuesta-alumni-post\/"},"wordCount":426,"image":{"@id":"https:\/\/www.fundacioimpulsa.org\/es\/que-valoran-los-jovenes-a-lo-largo-de-su-paso-por-la-fundacio-impulsaencuesta-alumni-post\/#primaryimage"},"thumbnailUrl":"https:\/\/www.fundacioimpulsa.org\/wp-content\/uploads\/2024\/12\/Portada-noti-Fundacio-Impulsa-14.jpg","keywords":["#M\u00e9todoImpulsa"],"articleSection":["D\u00eda a D\u00eda"],"inLanguage":"es"},{"@type":"WebPage","@id":"https:\/\/www.fundacioimpulsa.org\/es\/que-valoran-los-jovenes-a-lo-largo-de-su-paso-por-la-fundacio-impulsaencuesta-alumni-post\/","url":"https:\/\/www.fundacioimpulsa.org\/es\/que-valoran-los-jovenes-a-lo-largo-de-su-paso-por-la-fundacio-impulsaencuesta-alumni-post\/","name":"\u00bfQu\u00e9 valoran los j\u00f3venes a lo largo de su paso por la Fundaci\u00f3 Impulsa? - Fundacio Impulsa","isPartOf":{"@id":"https:\/\/www.fundacioimpulsa.org\/es\/#website"},"primaryImageOfPage":{"@id":"https:\/\/www.fundacioimpulsa.org\/es\/que-valoran-los-jovenes-a-lo-largo-de-su-paso-por-la-fundacio-impulsaencuesta-alumni-post\/#primaryimage"},"image":{"@id":"https:\/\/www.fundacioimpulsa.org\/es\/que-valoran-los-jovenes-a-lo-largo-de-su-paso-por-la-fundacio-impulsaencuesta-alumni-post\/#primaryimage"},"thumbnailUrl":"https:\/\/www.fundacioimpulsa.org\/wp-content\/uploads\/2024\/12\/Portada-noti-Fundacio-Impulsa-14.jpg","datePublished":"2024-12-11T09:28:46+00:00","dateModified":"2024-12-17T10:27:20+00:00","author":{"@id":"https:\/\/www.fundacioimpulsa.org\/es\/#\/schema\/person\/8093abda9188d9065d7a02992af09c00"},"breadcrumb":{"@id":"https:\/\/www.fundacioimpulsa.org\/es\/que-valoran-los-jovenes-a-lo-largo-de-su-paso-por-la-fundacio-impulsaencuesta-alumni-post\/#breadcrumb"},"inLanguage":"es","potentialAction":[{"@type":"ReadAction","target":["https:\/\/www.fundacioimpulsa.org\/es\/que-valoran-los-jovenes-a-lo-largo-de-su-paso-por-la-fundacio-impulsaencuesta-alumni-post\/"]}]},{"@type":"ImageObject","inLanguage":"es","@id":"https:\/\/www.fundacioimpulsa.org\/es\/que-valoran-los-jovenes-a-lo-largo-de-su-paso-por-la-fundacio-impulsaencuesta-alumni-post\/#primaryimage","url":"https:\/\/www.fundacioimpulsa.org\/wp-content\/uploads\/2024\/12\/Portada-noti-Fundacio-Impulsa-14.jpg","contentUrl":"https:\/\/www.fundacioimpulsa.org\/wp-content\/uploads\/2024\/12\/Portada-noti-Fundacio-Impulsa-14.jpg","width":700,"height":483},{"@type":"BreadcrumbList","@id":"https:\/\/www.fundacioimpulsa.org\/es\/que-valoran-los-jovenes-a-lo-largo-de-su-paso-por-la-fundacio-impulsaencuesta-alumni-post\/#breadcrumb","itemListElement":[{"@type":"ListItem","position":1,"name":"Inici","item":"https:\/\/www.fundacioimpulsa.org\/es\/fundacio-impulsa\/"},{"@type":"ListItem","position":2,"name":"\u00bfQu\u00e9 valoran los j\u00f3venes a lo largo de su paso por la Fundaci\u00f3 Impulsa?"}]},{"@type":"WebSite","@id":"https:\/\/www.fundacioimpulsa.org\/es\/#website","url":"https:\/\/www.fundacioimpulsa.org\/es\/","name":"Fundacio Impulsa","description":"","potentialAction":[{"@type":"SearchAction","target":{"@type":"EntryPoint","urlTemplate":"https:\/\/www.fundacioimpulsa.org\/es\/?s={search_term_string}"},"query-input":{"@type":"PropertyValueSpecification","valueRequired":true,"valueName":"search_term_string"}}],"inLanguage":"es"},{"@type":"Person","@id":"https:\/\/www.fundacioimpulsa.org\/es\/#\/schema\/person\/8093abda9188d9065d7a02992af09c00","name":"anna","image":{"@type":"ImageObject","inLanguage":"es","@id":"https:\/\/secure.gravatar.com\/avatar\/098ca997a3814bde9b9ec5e5dfa4ad0ee9a251cd4cf1b86b7c008606c50d48c9?s=96&d=mm&r=g","url":"https:\/\/secure.gravatar.com\/avatar\/098ca997a3814bde9b9ec5e5dfa4ad0ee9a251cd4cf1b86b7c008606c50d48c9?s=96&d=mm&r=g","contentUrl":"https:\/\/secure.gravatar.com\/avatar\/098ca997a3814bde9b9ec5e5dfa4ad0ee9a251cd4cf1b86b7c008606c50d48c9?s=96&d=mm&r=g","caption":"anna"},"url":"https:\/\/www.fundacioimpulsa.org\/es\/author\/anna\/"}]}},"publishpress_future_action":{"enabled":false,"date":"2026-05-08 13:04:34","action":"change-status","newStatus":"draft","terms":[],"taxonomy":"category","extraData":[]},"publishpress_future_workflow_manual_trigger":{"enabledWorkflows":[]},"_links":{"self":[{"href":"https:\/\/www.fundacioimpulsa.org\/es\/wp-json\/wp\/v2\/posts\/12446","targetHints":{"allow":["GET"]}}],"collection":[{"href":"https:\/\/www.fundacioimpulsa.org\/es\/wp-json\/wp\/v2\/posts"}],"about":[{"href":"https:\/\/www.fundacioimpulsa.org\/es\/wp-json\/wp\/v2\/types\/post"}],"author":[{"embeddable":true,"href":"https:\/\/www.fundacioimpulsa.org\/es\/wp-json\/wp\/v2\/users\/10"}],"replies":[{"embeddable":true,"href":"https:\/\/www.fundacioimpulsa.org\/es\/wp-json\/wp\/v2\/comments?post=12446"}],"version-history":[{"count":3,"href":"https:\/\/www.fundacioimpulsa.org\/es\/wp-json\/wp\/v2\/posts\/12446\/revisions"}],"predecessor-version":[{"id":12450,"href":"https:\/\/www.fundacioimpulsa.org\/es\/wp-json\/wp\/v2\/posts\/12446\/revisions\/12450"}],"wp:featuredmedia":[{"embeddable":true,"href":"https:\/\/www.fundacioimpulsa.org\/es\/wp-json\/wp\/v2\/media\/12412"}],"wp:attachment":[{"href":"https:\/\/www.fundacioimpulsa.org\/es\/wp-json\/wp\/v2\/media?parent=12446"}],"wp:term":[{"taxonomy":"category","embeddable":true,"href":"https:\/\/www.fundacioimpulsa.org\/es\/wp-json\/wp\/v2\/categories?post=12446"},{"taxonomy":"post_tag","embeddable":true,"href":"https:\/\/www.fundacioimpulsa.org\/es\/wp-json\/wp\/v2\/tags?post=12446"}],"curies":[{"name":"wp","href":"https:\/\/api.w.org\/{rel}","templated":true}]}}