{"id":12938,"date":"2025-02-18T15:57:30","date_gmt":"2025-02-18T14:57:30","guid":{"rendered":"https:\/\/www.fundacioimpulsa.org\/protagonista-impulsa-enric-plana\/"},"modified":"2025-06-02T12:35:19","modified_gmt":"2025-06-02T10:35:19","slug":"protagonista-impulsa-enric-plana","status":"publish","type":"post","link":"https:\/\/www.fundacioimpulsa.org\/es\/protagonista-impulsa-enric-plana\/","title":{"rendered":"\u00abLo que antes hac\u00edan en cinco semanas, ahora con la IA se hace en cinco minutos\u00bb"},"content":{"rendered":"<p><img loading=\"lazy\" decoding=\"async\" class=\"alignnone wp-image-12567\" src=\"https:\/\/www.fundacioimpulsa.org\/wp-content\/uploads\/2025\/02\/Posts-Fundacio-Impulsa-40-e1739890999779.jpg\" alt=\"\" width=\"721\" height=\"454\" srcset=\"https:\/\/www.fundacioimpulsa.org\/wp-content\/uploads\/2025\/02\/Posts-Fundacio-Impulsa-40-e1739890999779.jpg 1080w, https:\/\/www.fundacioimpulsa.org\/wp-content\/uploads\/2025\/02\/Posts-Fundacio-Impulsa-40-e1739890999779-300x189.jpg 300w, https:\/\/www.fundacioimpulsa.org\/wp-content\/uploads\/2025\/02\/Posts-Fundacio-Impulsa-40-e1739890999779-1030x649.jpg 1030w, https:\/\/www.fundacioimpulsa.org\/wp-content\/uploads\/2025\/02\/Posts-Fundacio-Impulsa-40-e1739890999779-768x484.jpg 768w, https:\/\/www.fundacioimpulsa.org\/wp-content\/uploads\/2025\/02\/Posts-Fundacio-Impulsa-40-e1739890999779-705x444.jpg 705w, https:\/\/www.fundacioimpulsa.org\/wp-content\/uploads\/2025\/02\/Posts-Fundacio-Impulsa-40-e1739890999779-842x530.jpg 842w, https:\/\/www.fundacioimpulsa.org\/wp-content\/uploads\/2025\/02\/Posts-Fundacio-Impulsa-40-e1739890999779-315x198.jpg 315w\" sizes=\"auto, (max-width: 721px) 100vw, 721px\" \/><\/p>\n<p>&nbsp;<\/p>\n<p><a href=\"#\"><span data-contrast=\"none\">#ProtagonistaImpulsa<\/span>\u00a0<\/a><\/p>\n<p data-start=\"75\" data-end=\"279\"><strong data-start=\"75\" data-end=\"279\">Enric Plana, <\/strong>CEO de M47Labs, empresa pionera en el sector de la inteligencia artificial. En su apuesta por las personas y la formaci\u00f3n, forman parte de la Fundaci\u00f3 Impulsa como Organizaci\u00f3n Impulsora.<\/p>\n<p data-start=\"281\" data-end=\"692\"><strong>Enric Plana es CEO de M47Labs, empresa pionera en el sector de la inteligencia artificial (IA) que desde 2018 se dedica a ayudar a sus clientes a implementar la IA en distintos proyectos. M47Labs comenz\u00f3 su trayectoria con dos socios y actualmente cuenta con 180 trabajadores de 25 pa\u00edses distintos. En su apuesta por las personas y la formaci\u00f3n, forman parte de la Fundaci\u00f3 Impulsa como Organizaci\u00f3n Impulsora.<\/strong><\/p>\n<p data-start=\"694\" data-end=\"1341\"><strong data-start=\"694\" data-end=\"774\">\u00bfPodemos decir que sois una empresa relativamente joven? \u00bfC\u00f3mo nace M47Labs?<\/strong><br data-start=\"774\" data-end=\"777\" \/>S\u00ed, realmente somos bastante j\u00f3venes tanto por los a\u00f1os que hace que existe M47Labs como por las personas que formamos parte de la empresa. Empezamos con el tema de la IA antes del boom de ChatGPT y hemos ido creciendo. Yo hab\u00eda trabajado bastantes a\u00f1os en Silicon Valley en grandes empresas tecnol\u00f3gicas y ve\u00eda que se subcontrataban muchas \u00e1reas de tecnolog\u00eda en grandes consultoras que no cuidaban demasiado a las personas y con un conocimiento t\u00e9cnico limitado, y cuando volv\u00ed a Espa\u00f1a vi como una oportunidad ofrecer servicios desde una perspectiva m\u00e1s humana.<\/p>\n<p style=\"padding-left: 40px;\">\u00abCuando volv\u00ed a Espa\u00f1a vi como la oportunidad de ofrecer servicios desde una perspectiva m\u00e1s humana\u00bb<\/p>\n<p data-start=\"1449\" data-end=\"2224\"><strong data-start=\"1449\" data-end=\"1498\">\u00bfEn qu\u00e9 consiste exactamente vuestro trabajo?<\/strong><br data-start=\"1498\" data-end=\"1501\" \/>Somos una empresa de servicios de ingenier\u00eda centrada en proyectos de IA, y lo que hacemos es ayudar a los clientes a optimizar procesos: por ejemplo, para una conocida compa\u00f1\u00eda de transporte que recibe muchas llamadas de quejas, incidencias y dudas, lo que hace que est\u00e9n colapsados y no puedan gestionarlo ni dar el servicio que querr\u00edan. Desde el punto de vista tecnol\u00f3gico, estamos trabajando en una propuesta para hacer un primer filtro mediante un sistema autom\u00e1tico de IA que reduce entre un 50 y un 60% de las llamadas respondiendo a los usuarios. De este modo, las personas que se dedican a la atenci\u00f3n telef\u00f3nica pueden contestar preguntas m\u00e1s complejas que quiz\u00e1s hasta ahora ni siquiera pod\u00edan llegar a atender.<\/p>\n<p data-start=\"2226\" data-end=\"3105\"><strong data-start=\"2226\" data-end=\"2312\">En M47Labs empezasteis siendo dos socios. \u00bfC\u00f3mo se pasa de dos a 180 trabajadores?<\/strong><br data-start=\"2312\" data-end=\"2315\" \/>La verdad es que han sido seis a\u00f1os que han pasado muy r\u00e1pido: hemos tenido unos clientes que han crecido con nosotros y el boom de la IA nos ha ayudado porque nosotros ya est\u00e1bamos posicionados en este sector. En Catalu\u00f1a somos de las primeras consultoras en IA y hemos hecho proyectos de referencia. Hemos trabajado bien, ofreciendo calidad y sabiendo adaptarnos a las necesidades del momento; adem\u00e1s, hemos crecido org\u00e1nicamente. Siempre hemos priorizado el crecimiento sostenible: preferimos hacer las cosas bien que hacer muchas; calidad frente a cantidad. Nos interesa crecer en diferentes sectores, pero no pensamos en cu\u00e1nto queremos facturar de cada uno de ellos cuando definimos el plan estrat\u00e9gico, sino que ponemos el foco en el proyecto en s\u00ed y en el valor que podemos aportar.<\/p>\n<p data-start=\"3107\" data-end=\"4199\"><strong data-start=\"3107\" data-end=\"3226\">Ten\u00e9is trabajadores procedentes de 25 pa\u00edses diferentes. \u00bfEsta diversidad tambi\u00e9n forma parte del \u00e9xito de M47Labs?<\/strong><br data-start=\"3226\" data-end=\"3229\" \/>Uno de nuestros pilares de trabajo se centra en las personas y en la configuraci\u00f3n de los equipos. Creemos que cuanto m\u00e1s diverso es un equipo, m\u00e1s ideas y menos sesgados son los proyectos, porque se tienen en cuenta muchas opiniones, visiones y formas de trabajar diferentes, y eso aporta mucho. Tambi\u00e9n cada proyecto requiere unas cualidades distintas; muchos est\u00e1n relacionados con el lenguaje, y cuando trabajas para una empresa italiana, por ejemplo, adem\u00e1s del conocimiento t\u00e9cnico de los ingenieros, necesitas tambi\u00e9n que dominen el idioma. Es muy importante que la gente que trabaja en una empresa pueda sentirse realizada y se implique en la soluci\u00f3n de los problemas de los clientes; el hecho de tener equipos que puedan desarrollarse personalmente supone una cadena de valor que se refleja en el trabajo final. Y este es un enfoque diferente al de muchas grandes multinacionales, que priorizan los beneficios de la empresa por encima de la cultura de valores.<\/p>\n<p style=\"padding-left: 40px;\" data-start=\"4201\" data-end=\"4321\">\u00abTener equipos que puedan desarrollarse personalmente supone una cadena de valor que se refleja en el trabajo final\u00bb<\/p>\n<p><img loading=\"lazy\" decoding=\"async\" class=\"alignnone wp-image-12569\" src=\"https:\/\/www.fundacioimpulsa.org\/wp-content\/uploads\/2025\/02\/M47labs_team6-1-300x200.jpg\" alt=\"\" width=\"722\" height=\"481\" srcset=\"https:\/\/www.fundacioimpulsa.org\/wp-content\/uploads\/2025\/02\/M47labs_team6-1-300x200.jpg 300w, https:\/\/www.fundacioimpulsa.org\/wp-content\/uploads\/2025\/02\/M47labs_team6-1-1030x687.jpg 1030w, https:\/\/www.fundacioimpulsa.org\/wp-content\/uploads\/2025\/02\/M47labs_team6-1-768x512.jpg 768w, https:\/\/www.fundacioimpulsa.org\/wp-content\/uploads\/2025\/02\/M47labs_team6-1-1536x1024.jpg 1536w, https:\/\/www.fundacioimpulsa.org\/wp-content\/uploads\/2025\/02\/M47labs_team6-1-1500x1000.jpg 1500w, https:\/\/www.fundacioimpulsa.org\/wp-content\/uploads\/2025\/02\/M47labs_team6-1-705x470.jpg 705w, https:\/\/www.fundacioimpulsa.org\/wp-content\/uploads\/2025\/02\/M47labs_team6-1-795x530.jpg 795w, https:\/\/www.fundacioimpulsa.org\/wp-content\/uploads\/2025\/02\/M47labs_team6-1-315x211.jpg 315w, https:\/\/www.fundacioimpulsa.org\/wp-content\/uploads\/2025\/02\/M47labs_team6-1.jpg 1920w\" sizes=\"auto, (max-width: 722px) 100vw, 722px\" \/><\/p>\n<p data-start=\"65\" data-end=\"749\"><strong data-start=\"65\" data-end=\"135\">\u00bfQu\u00e9 ten\u00e9is en cuenta a la hora de seleccionar a los trabajadores?<\/strong><br data-start=\"135\" data-end=\"138\" \/>Damos mucha importancia a las competencias transversales. Si tienes personas con mucho talento tecnol\u00f3gico pero que no saben trabajar en equipo, por ejemplo, eso repercute negativamente en los proyectos. A la hora de seleccionar al personal y formar los equipos, requerimos unas habilidades competenciales b\u00e1sicas para que los trabajadores est\u00e9n alineados con los valores de la empresa, como pueden ser la comunicaci\u00f3n efectiva, el trabajo en equipo, el pensamiento cr\u00edtico, la apertura al cambio\u2026 A partir de ah\u00ed, de las 12 habilidades b\u00e1sicas para la empresa, hay un grupo clave para cada perfil que buscamos.<\/p>\n<p style=\"padding-left: 40px;\" data-start=\"751\" data-end=\"938\">\u00abA la hora de seleccionar al personal y formar los equipos, requerimos unas habilidades competenciales b\u00e1sicas para que los trabajadores est\u00e9n alineados con los valores de la empresa\u00bb<\/p>\n<p data-start=\"940\" data-end=\"1775\"><strong data-start=\"940\" data-end=\"978\">\u00bfQu\u00e9 os llev\u00f3 a apostar por la IA?<\/strong><br data-start=\"978\" data-end=\"981\" \/>Siempre me gusta estar al d\u00eda, y la IA ya era algo bastante interesante y se le ve\u00eda mucho potencial. Creemos que la IA es tan transformadora como Internet o como los primeros ordenadores; estamos en una fase un poco embrionaria, pero cada vez se aplica m\u00e1s, y esto es solo el principio. Desde esta convicci\u00f3n, apostamos por mejorar la eficiencia de los procesos empresariales y los proyectos core de nuestros clientes. Es el caso, por ejemplo, de una empresa de seguros a la que estamos ayudando a automatizar el proceso de gesti\u00f3n de reclamaciones: lo que antes hac\u00edan en cinco semanas, ahora con la IA se hace en cinco minutos. Esto permite que las personas que tienen la experiencia sobre la aprobaci\u00f3n final ahora puedan estar revisando y aportando valor a las reclamaciones m\u00e1s complejas.<\/p>\n<p data-start=\"1777\" data-end=\"2542\" data-is-last-node=\"\" data-is-only-node=\"\"><strong data-start=\"1777\" data-end=\"1862\">\u00bfEsta automatizaci\u00f3n de procesos mediante IA puede verse tambi\u00e9n como un peligro?<\/strong><br data-start=\"1862\" data-end=\"1865\" \/>La IA, cuando se utiliza de manera adecuada, tiene el potencial de capacitar a las personas y permitir que den lo mejor de s\u00ed mismas. Por ejemplo, pensemos en un m\u00e9dico de un CAP que tiene que visitar a 40 pacientes en un d\u00eda, dedicando solo 5 minutos a cada uno. Gracias a la tecnolog\u00eda basada en IA, esos 5 minutos pueden ser mucho m\u00e1s efectivos y de mayor calidad para el paciente. La IA puede analizar muchas variables y ayudar a avanzar parte del trabajo, permitiendo que el especialista se centre en su tarea esencial. De esta forma, la IA no solo ayuda al profesional, sino que tambi\u00e9n aporta un valor significativo tanto al paciente como al sistema de salud en general.<\/p>\n<p><img loading=\"lazy\" decoding=\"async\" class=\"alignnone wp-image-12571\" src=\"https:\/\/www.fundacioimpulsa.org\/wp-content\/uploads\/2025\/02\/M47Labs_team4-1-300x200.jpg\" alt=\"\" width=\"719\" height=\"479\" srcset=\"https:\/\/www.fundacioimpulsa.org\/wp-content\/uploads\/2025\/02\/M47Labs_team4-1-300x200.jpg 300w, https:\/\/www.fundacioimpulsa.org\/wp-content\/uploads\/2025\/02\/M47Labs_team4-1-1030x687.jpg 1030w, https:\/\/www.fundacioimpulsa.org\/wp-content\/uploads\/2025\/02\/M47Labs_team4-1-768x512.jpg 768w, https:\/\/www.fundacioimpulsa.org\/wp-content\/uploads\/2025\/02\/M47Labs_team4-1-1536x1024.jpg 1536w, https:\/\/www.fundacioimpulsa.org\/wp-content\/uploads\/2025\/02\/M47Labs_team4-1-2048x1365.jpg 2048w, https:\/\/www.fundacioimpulsa.org\/wp-content\/uploads\/2025\/02\/M47Labs_team4-1-1500x1000.jpg 1500w, https:\/\/www.fundacioimpulsa.org\/wp-content\/uploads\/2025\/02\/M47Labs_team4-1-705x470.jpg 705w, https:\/\/www.fundacioimpulsa.org\/wp-content\/uploads\/2025\/02\/M47Labs_team4-1-795x530.jpg 795w, https:\/\/www.fundacioimpulsa.org\/wp-content\/uploads\/2025\/02\/M47Labs_team4-1-315x211.jpg 315w\" sizes=\"auto, (max-width: 719px) 100vw, 719px\" \/><\/p>\n<p data-start=\"0\" data-end=\"1078\"><strong>\u00bfEs esta voluntad de aportar valor la que os ha llevado a ser Organizaci\u00f3n Impulsora de la Fundaci\u00f3 Impulsa?<\/strong><br data-start=\"108\" data-end=\"111\" \/>Siempre intentamos trabajar en proyectos que tengan impacto social. Hace poco que hemos empezado a colaborar con el Hospital del Mar, que tiene un centro de psiquiatr\u00eda en el que atienden muchos casos de ansiedad, y estamos viendo c\u00f3mo, a trav\u00e9s de nuestra experiencia, podemos ayudarles a revertir la situaci\u00f3n, mejorando la interacci\u00f3n y el control de pacientes. Como empresa a la que le va relativamente bien, tenemos el deber de ayudar tanto como podamos; por eso, cuando conocimos el proyecto de la Fundaci\u00f3 Impulsa, nos atrajo mucho por el impacto local y tangible que tiene. La educaci\u00f3n nos iguala, y cuando las situaciones familiares y socioecon\u00f3micas no te permiten tener acceso a la educaci\u00f3n, es mucho m\u00e1s dif\u00edcil salir de contextos de vulnerabilidad. Hay estudios que demuestran esta correlaci\u00f3n entre qui\u00e9n finaliza los estudios y qui\u00e9n no, y pienso que la labor de la Fundaci\u00f3 Impulsa aqu\u00ed tiene un impacto muy grande; se hace un trabajo muy eficiente.<\/p>\n<p style=\"padding-left: 40px;\" data-start=\"1080\" data-end=\"1185\">\u00ab[&#8230;] el proyecto de la Fundaci\u00f3 Impulsa nos atrajo mucho por el impacto local y tangible que tiene\u00bb<\/p>\n<p data-start=\"1187\" data-end=\"1290\" data-is-last-node=\"\" data-is-only-node=\"\"><strong>Completa la frase. Para ti, en una palabra, la Fundaci\u00f3 Impulsa es&#8230;<\/strong><br data-start=\"1256\" data-end=\"1259\" \/>Conocimiento y crecimiento.<\/p>\n","protected":false},"excerpt":{"rendered":"<p>Enric Plana, CEO de M47Labs, empresa pionera en el sector de la inteligencia artificial. En su apuesta por las personas y la formaci\u00f3n, forman parte de la Fundaci\u00f3 Impulsa como Organizaci\u00f3n Impulsora.<\/p>\n","protected":false},"author":10,"featured_media":12568,"comment_status":"closed","ping_status":"closed","sticky":false,"template":"","format":"standard","meta":{"_acf_changed":false,"footnotes":""},"categories":[84],"tags":[98],"class_list":["post-12938","post","type-post","status-publish","format-standard","has-post-thumbnail","hentry","category-protagonistas-impulsa","tag-protagonistesimpulsa-es"],"acf":[],"yoast_head":"<!-- This site is optimized with the Yoast SEO plugin v27.5 - https:\/\/yoast.com\/product\/yoast-seo-wordpress\/ -->\n<title>&quot;Lo que antes hac\u00edan en cinco semanas, ahora con la IA se hace en cinco minutos&quot; - Fundacio Impulsa<\/title>\n<meta name=\"robots\" content=\"index, follow, max-snippet:-1, max-image-preview:large, max-video-preview:-1\" \/>\n<link rel=\"canonical\" href=\"https:\/\/www.fundacioimpulsa.org\/es\/protagonista-impulsa-enric-plana\/\" \/>\n<meta property=\"og:locale\" content=\"es_ES\" \/>\n<meta property=\"og:type\" content=\"article\" \/>\n<meta property=\"og:title\" content=\"&quot;Lo que antes hac\u00edan en cinco semanas, ahora con la IA se hace en cinco minutos&quot; - Fundacio Impulsa\" \/>\n<meta property=\"og:description\" content=\"Enric Plana, CEO de M47Labs, empresa pionera en el sector de la inteligencia artificial. En su apuesta por las personas y la formaci\u00f3n, forman parte de la Fundaci\u00f3 Impulsa como Organizaci\u00f3n Impulsora.\" \/>\n<meta property=\"og:url\" content=\"https:\/\/www.fundacioimpulsa.org\/es\/protagonista-impulsa-enric-plana\/\" \/>\n<meta property=\"og:site_name\" content=\"Fundacio Impulsa\" \/>\n<meta property=\"article:published_time\" content=\"2025-02-18T14:57:30+00:00\" \/>\n<meta property=\"article:modified_time\" content=\"2025-06-02T10:35:19+00:00\" \/>\n<meta property=\"og:image\" content=\"https:\/\/www.fundacioimpulsa.org\/wp-content\/uploads\/2025\/02\/Posts-Fundacio-Impulsa-40-e1739890999779.jpg\" \/>\n\t<meta property=\"og:image:width\" content=\"1080\" \/>\n\t<meta property=\"og:image:height\" content=\"1080\" \/>\n\t<meta property=\"og:image:type\" content=\"image\/jpeg\" \/>\n<meta name=\"author\" content=\"anna\" \/>\n<meta name=\"twitter:card\" content=\"summary_large_image\" \/>\n<meta name=\"twitter:label1\" content=\"Escrito por\" \/>\n\t<meta name=\"twitter:data1\" content=\"anna\" \/>\n\t<meta name=\"twitter:label2\" content=\"Tiempo de lectura\" \/>\n\t<meta name=\"twitter:data2\" content=\"8 minutos\" \/>\n<script type=\"application\/ld+json\" class=\"yoast-schema-graph\">{\"@context\":\"https:\\\/\\\/schema.org\",\"@graph\":[{\"@type\":\"Article\",\"@id\":\"https:\\\/\\\/www.fundacioimpulsa.org\\\/es\\\/protagonista-impulsa-enric-plana\\\/#article\",\"isPartOf\":{\"@id\":\"https:\\\/\\\/www.fundacioimpulsa.org\\\/es\\\/protagonista-impulsa-enric-plana\\\/\"},\"author\":{\"name\":\"anna\",\"@id\":\"https:\\\/\\\/www.fundacioimpulsa.org\\\/es\\\/#\\\/schema\\\/person\\\/8093abda9188d9065d7a02992af09c00\"},\"headline\":\"\u00abLo que antes hac\u00edan en cinco semanas, ahora con la IA se hace en cinco minutos\u00bb\",\"datePublished\":\"2025-02-18T14:57:30+00:00\",\"dateModified\":\"2025-06-02T10:35:19+00:00\",\"mainEntityOfPage\":{\"@id\":\"https:\\\/\\\/www.fundacioimpulsa.org\\\/es\\\/protagonista-impulsa-enric-plana\\\/\"},\"wordCount\":1409,\"image\":{\"@id\":\"https:\\\/\\\/www.fundacioimpulsa.org\\\/es\\\/protagonista-impulsa-enric-plana\\\/#primaryimage\"},\"thumbnailUrl\":\"https:\\\/\\\/www.fundacioimpulsa.org\\\/wp-content\\\/uploads\\\/2025\\\/02\\\/Posts-Fundacio-Impulsa-40-e1739890999779.jpg\",\"keywords\":[\"#ProtagonistasImpulsa\"],\"articleSection\":[\"Protagonistas Impulsa\"],\"inLanguage\":\"es\"},{\"@type\":\"WebPage\",\"@id\":\"https:\\\/\\\/www.fundacioimpulsa.org\\\/es\\\/protagonista-impulsa-enric-plana\\\/\",\"url\":\"https:\\\/\\\/www.fundacioimpulsa.org\\\/es\\\/protagonista-impulsa-enric-plana\\\/\",\"name\":\"\\\"Lo que antes hac\u00edan en cinco semanas, ahora con la IA se hace en cinco minutos\\\" - Fundacio Impulsa\",\"isPartOf\":{\"@id\":\"https:\\\/\\\/www.fundacioimpulsa.org\\\/es\\\/#website\"},\"primaryImageOfPage\":{\"@id\":\"https:\\\/\\\/www.fundacioimpulsa.org\\\/es\\\/protagonista-impulsa-enric-plana\\\/#primaryimage\"},\"image\":{\"@id\":\"https:\\\/\\\/www.fundacioimpulsa.org\\\/es\\\/protagonista-impulsa-enric-plana\\\/#primaryimage\"},\"thumbnailUrl\":\"https:\\\/\\\/www.fundacioimpulsa.org\\\/wp-content\\\/uploads\\\/2025\\\/02\\\/Posts-Fundacio-Impulsa-40-e1739890999779.jpg\",\"datePublished\":\"2025-02-18T14:57:30+00:00\",\"dateModified\":\"2025-06-02T10:35:19+00:00\",\"author\":{\"@id\":\"https:\\\/\\\/www.fundacioimpulsa.org\\\/es\\\/#\\\/schema\\\/person\\\/8093abda9188d9065d7a02992af09c00\"},\"breadcrumb\":{\"@id\":\"https:\\\/\\\/www.fundacioimpulsa.org\\\/es\\\/protagonista-impulsa-enric-plana\\\/#breadcrumb\"},\"inLanguage\":\"es\",\"potentialAction\":[{\"@type\":\"ReadAction\",\"target\":[\"https:\\\/\\\/www.fundacioimpulsa.org\\\/es\\\/protagonista-impulsa-enric-plana\\\/\"]}]},{\"@type\":\"ImageObject\",\"inLanguage\":\"es\",\"@id\":\"https:\\\/\\\/www.fundacioimpulsa.org\\\/es\\\/protagonista-impulsa-enric-plana\\\/#primaryimage\",\"url\":\"https:\\\/\\\/www.fundacioimpulsa.org\\\/wp-content\\\/uploads\\\/2025\\\/02\\\/Posts-Fundacio-Impulsa-40-e1739890999779.jpg\",\"contentUrl\":\"https:\\\/\\\/www.fundacioimpulsa.org\\\/wp-content\\\/uploads\\\/2025\\\/02\\\/Posts-Fundacio-Impulsa-40-e1739890999779.jpg\",\"width\":1080,\"height\":1080},{\"@type\":\"BreadcrumbList\",\"@id\":\"https:\\\/\\\/www.fundacioimpulsa.org\\\/es\\\/protagonista-impulsa-enric-plana\\\/#breadcrumb\",\"itemListElement\":[{\"@type\":\"ListItem\",\"position\":1,\"name\":\"Inici\",\"item\":\"https:\\\/\\\/www.fundacioimpulsa.org\\\/es\\\/fundacio-impulsa\\\/\"},{\"@type\":\"ListItem\",\"position\":2,\"name\":\"&#8220;Lo que antes hac\u00edan en cinco semanas, ahora con la IA se hace en cinco minutos&#8221;\"}]},{\"@type\":\"WebSite\",\"@id\":\"https:\\\/\\\/www.fundacioimpulsa.org\\\/es\\\/#website\",\"url\":\"https:\\\/\\\/www.fundacioimpulsa.org\\\/es\\\/\",\"name\":\"Fundacio Impulsa\",\"description\":\"\",\"potentialAction\":[{\"@type\":\"SearchAction\",\"target\":{\"@type\":\"EntryPoint\",\"urlTemplate\":\"https:\\\/\\\/www.fundacioimpulsa.org\\\/es\\\/?s={search_term_string}\"},\"query-input\":{\"@type\":\"PropertyValueSpecification\",\"valueRequired\":true,\"valueName\":\"search_term_string\"}}],\"inLanguage\":\"es\"},{\"@type\":\"Person\",\"@id\":\"https:\\\/\\\/www.fundacioimpulsa.org\\\/es\\\/#\\\/schema\\\/person\\\/8093abda9188d9065d7a02992af09c00\",\"name\":\"anna\",\"image\":{\"@type\":\"ImageObject\",\"inLanguage\":\"es\",\"@id\":\"https:\\\/\\\/secure.gravatar.com\\\/avatar\\\/098ca997a3814bde9b9ec5e5dfa4ad0ee9a251cd4cf1b86b7c008606c50d48c9?s=96&d=mm&r=g\",\"url\":\"https:\\\/\\\/secure.gravatar.com\\\/avatar\\\/098ca997a3814bde9b9ec5e5dfa4ad0ee9a251cd4cf1b86b7c008606c50d48c9?s=96&d=mm&r=g\",\"contentUrl\":\"https:\\\/\\\/secure.gravatar.com\\\/avatar\\\/098ca997a3814bde9b9ec5e5dfa4ad0ee9a251cd4cf1b86b7c008606c50d48c9?s=96&d=mm&r=g\",\"caption\":\"anna\"},\"url\":\"https:\\\/\\\/www.fundacioimpulsa.org\\\/es\\\/author\\\/anna\\\/\"}]}<\/script>\n<!-- \/ Yoast SEO plugin. -->","yoast_head_json":{"title":"\"Lo que antes hac\u00edan en cinco semanas, ahora con la IA se hace en cinco minutos\" - Fundacio Impulsa","robots":{"index":"index","follow":"follow","max-snippet":"max-snippet:-1","max-image-preview":"max-image-preview:large","max-video-preview":"max-video-preview:-1"},"canonical":"https:\/\/www.fundacioimpulsa.org\/es\/protagonista-impulsa-enric-plana\/","og_locale":"es_ES","og_type":"article","og_title":"\"Lo que antes hac\u00edan en cinco semanas, ahora con la IA se hace en cinco minutos\" - Fundacio Impulsa","og_description":"Enric Plana, CEO de M47Labs, empresa pionera en el sector de la inteligencia artificial. En su apuesta por las personas y la formaci\u00f3n, forman parte de la Fundaci\u00f3 Impulsa como Organizaci\u00f3n Impulsora.","og_url":"https:\/\/www.fundacioimpulsa.org\/es\/protagonista-impulsa-enric-plana\/","og_site_name":"Fundacio Impulsa","article_published_time":"2025-02-18T14:57:30+00:00","article_modified_time":"2025-06-02T10:35:19+00:00","og_image":[{"width":1080,"height":1080,"url":"https:\/\/www.fundacioimpulsa.org\/wp-content\/uploads\/2025\/02\/Posts-Fundacio-Impulsa-40-e1739890999779.jpg","type":"image\/jpeg"}],"author":"anna","twitter_card":"summary_large_image","twitter_misc":{"Escrito por":"anna","Tiempo de lectura":"8 minutos"},"schema":{"@context":"https:\/\/schema.org","@graph":[{"@type":"Article","@id":"https:\/\/www.fundacioimpulsa.org\/es\/protagonista-impulsa-enric-plana\/#article","isPartOf":{"@id":"https:\/\/www.fundacioimpulsa.org\/es\/protagonista-impulsa-enric-plana\/"},"author":{"name":"anna","@id":"https:\/\/www.fundacioimpulsa.org\/es\/#\/schema\/person\/8093abda9188d9065d7a02992af09c00"},"headline":"\u00abLo que antes hac\u00edan en cinco semanas, ahora con la IA se hace en cinco minutos\u00bb","datePublished":"2025-02-18T14:57:30+00:00","dateModified":"2025-06-02T10:35:19+00:00","mainEntityOfPage":{"@id":"https:\/\/www.fundacioimpulsa.org\/es\/protagonista-impulsa-enric-plana\/"},"wordCount":1409,"image":{"@id":"https:\/\/www.fundacioimpulsa.org\/es\/protagonista-impulsa-enric-plana\/#primaryimage"},"thumbnailUrl":"https:\/\/www.fundacioimpulsa.org\/wp-content\/uploads\/2025\/02\/Posts-Fundacio-Impulsa-40-e1739890999779.jpg","keywords":["#ProtagonistasImpulsa"],"articleSection":["Protagonistas Impulsa"],"inLanguage":"es"},{"@type":"WebPage","@id":"https:\/\/www.fundacioimpulsa.org\/es\/protagonista-impulsa-enric-plana\/","url":"https:\/\/www.fundacioimpulsa.org\/es\/protagonista-impulsa-enric-plana\/","name":"\"Lo que antes hac\u00edan en cinco semanas, ahora con la IA se hace en cinco minutos\" - Fundacio Impulsa","isPartOf":{"@id":"https:\/\/www.fundacioimpulsa.org\/es\/#website"},"primaryImageOfPage":{"@id":"https:\/\/www.fundacioimpulsa.org\/es\/protagonista-impulsa-enric-plana\/#primaryimage"},"image":{"@id":"https:\/\/www.fundacioimpulsa.org\/es\/protagonista-impulsa-enric-plana\/#primaryimage"},"thumbnailUrl":"https:\/\/www.fundacioimpulsa.org\/wp-content\/uploads\/2025\/02\/Posts-Fundacio-Impulsa-40-e1739890999779.jpg","datePublished":"2025-02-18T14:57:30+00:00","dateModified":"2025-06-02T10:35:19+00:00","author":{"@id":"https:\/\/www.fundacioimpulsa.org\/es\/#\/schema\/person\/8093abda9188d9065d7a02992af09c00"},"breadcrumb":{"@id":"https:\/\/www.fundacioimpulsa.org\/es\/protagonista-impulsa-enric-plana\/#breadcrumb"},"inLanguage":"es","potentialAction":[{"@type":"ReadAction","target":["https:\/\/www.fundacioimpulsa.org\/es\/protagonista-impulsa-enric-plana\/"]}]},{"@type":"ImageObject","inLanguage":"es","@id":"https:\/\/www.fundacioimpulsa.org\/es\/protagonista-impulsa-enric-plana\/#primaryimage","url":"https:\/\/www.fundacioimpulsa.org\/wp-content\/uploads\/2025\/02\/Posts-Fundacio-Impulsa-40-e1739890999779.jpg","contentUrl":"https:\/\/www.fundacioimpulsa.org\/wp-content\/uploads\/2025\/02\/Posts-Fundacio-Impulsa-40-e1739890999779.jpg","width":1080,"height":1080},{"@type":"BreadcrumbList","@id":"https:\/\/www.fundacioimpulsa.org\/es\/protagonista-impulsa-enric-plana\/#breadcrumb","itemListElement":[{"@type":"ListItem","position":1,"name":"Inici","item":"https:\/\/www.fundacioimpulsa.org\/es\/fundacio-impulsa\/"},{"@type":"ListItem","position":2,"name":"&#8220;Lo que antes hac\u00edan en cinco semanas, ahora con la IA se hace en cinco minutos&#8221;"}]},{"@type":"WebSite","@id":"https:\/\/www.fundacioimpulsa.org\/es\/#website","url":"https:\/\/www.fundacioimpulsa.org\/es\/","name":"Fundacio Impulsa","description":"","potentialAction":[{"@type":"SearchAction","target":{"@type":"EntryPoint","urlTemplate":"https:\/\/www.fundacioimpulsa.org\/es\/?s={search_term_string}"},"query-input":{"@type":"PropertyValueSpecification","valueRequired":true,"valueName":"search_term_string"}}],"inLanguage":"es"},{"@type":"Person","@id":"https:\/\/www.fundacioimpulsa.org\/es\/#\/schema\/person\/8093abda9188d9065d7a02992af09c00","name":"anna","image":{"@type":"ImageObject","inLanguage":"es","@id":"https:\/\/secure.gravatar.com\/avatar\/098ca997a3814bde9b9ec5e5dfa4ad0ee9a251cd4cf1b86b7c008606c50d48c9?s=96&d=mm&r=g","url":"https:\/\/secure.gravatar.com\/avatar\/098ca997a3814bde9b9ec5e5dfa4ad0ee9a251cd4cf1b86b7c008606c50d48c9?s=96&d=mm&r=g","contentUrl":"https:\/\/secure.gravatar.com\/avatar\/098ca997a3814bde9b9ec5e5dfa4ad0ee9a251cd4cf1b86b7c008606c50d48c9?s=96&d=mm&r=g","caption":"anna"},"url":"https:\/\/www.fundacioimpulsa.org\/es\/author\/anna\/"}]}},"publishpress_future_action":{"enabled":false,"date":"2026-05-07 14:01:24","action":"change-status","newStatus":"draft","terms":[],"taxonomy":"category","extraData":[]},"publishpress_future_workflow_manual_trigger":{"enabledWorkflows":[]},"_links":{"self":[{"href":"https:\/\/www.fundacioimpulsa.org\/es\/wp-json\/wp\/v2\/posts\/12938","targetHints":{"allow":["GET"]}}],"collection":[{"href":"https:\/\/www.fundacioimpulsa.org\/es\/wp-json\/wp\/v2\/posts"}],"about":[{"href":"https:\/\/www.fundacioimpulsa.org\/es\/wp-json\/wp\/v2\/types\/post"}],"author":[{"embeddable":true,"href":"https:\/\/www.fundacioimpulsa.org\/es\/wp-json\/wp\/v2\/users\/10"}],"replies":[{"embeddable":true,"href":"https:\/\/www.fundacioimpulsa.org\/es\/wp-json\/wp\/v2\/comments?post=12938"}],"version-history":[{"count":2,"href":"https:\/\/www.fundacioimpulsa.org\/es\/wp-json\/wp\/v2\/posts\/12938\/revisions"}],"predecessor-version":[{"id":12939,"href":"https:\/\/www.fundacioimpulsa.org\/es\/wp-json\/wp\/v2\/posts\/12938\/revisions\/12939"}],"wp:featuredmedia":[{"embeddable":true,"href":"https:\/\/www.fundacioimpulsa.org\/es\/wp-json\/wp\/v2\/media\/12568"}],"wp:attachment":[{"href":"https:\/\/www.fundacioimpulsa.org\/es\/wp-json\/wp\/v2\/media?parent=12938"}],"wp:term":[{"taxonomy":"category","embeddable":true,"href":"https:\/\/www.fundacioimpulsa.org\/es\/wp-json\/wp\/v2\/categories?post=12938"},{"taxonomy":"post_tag","embeddable":true,"href":"https:\/\/www.fundacioimpulsa.org\/es\/wp-json\/wp\/v2\/tags?post=12938"}],"curies":[{"name":"wp","href":"https:\/\/api.w.org\/{rel}","templated":true}]}}