{"id":12941,"date":"2025-02-20T16:14:54","date_gmt":"2025-02-20T15:14:54","guid":{"rendered":"https:\/\/www.fundacioimpulsa.org\/?p=12941"},"modified":"2025-06-02T12:50:30","modified_gmt":"2025-06-02T10:50:30","slug":"campanya-origami","status":"publish","type":"post","link":"https:\/\/www.fundacioimpulsa.org\/es\/campanya-origami\/","title":{"rendered":"La M\u00fatua General de Catalunya apoya a la Fundaci\u00f3 Impulsa para que j\u00f3venes en situaci\u00f3n de vulnerabilidad puedan continuar estudiando una Formaci\u00f3n Profesional."},"content":{"rendered":"<p><img loading=\"lazy\" decoding=\"async\" class=\"alignnone wp-image-12578\" src=\"https:\/\/www.fundacioimpulsa.org\/wp-content\/uploads\/2025\/02\/Portada-noti-Fundacio-Impulsa-18-300x207.jpg\" alt=\"\" width=\"720\" height=\"497\" srcset=\"https:\/\/www.fundacioimpulsa.org\/wp-content\/uploads\/2025\/02\/Portada-noti-Fundacio-Impulsa-18-300x207.jpg 300w, https:\/\/www.fundacioimpulsa.org\/wp-content\/uploads\/2025\/02\/Portada-noti-Fundacio-Impulsa-18-306x211.jpg 306w, https:\/\/www.fundacioimpulsa.org\/wp-content\/uploads\/2025\/02\/Portada-noti-Fundacio-Impulsa-18.jpg 700w\" sizes=\"auto, (max-width: 720px) 100vw, 720px\" \/><\/p>\n<p>&nbsp;<\/p>\n<p data-start=\"0\" data-end=\"380\">La <strong>M\u00fatua General de Catalunya<\/strong> ha realizado una donaci\u00f3n de 13.700 euros a la<strong> Fundaci\u00f3 Impulsa<\/strong>, en el marco de su campa\u00f1a solidaria \u201c<strong>1 origami, 1 euro<\/strong>\u201d, que este a\u00f1o ha alcanzado una participaci\u00f3n r\u00e9cord. Estos fondos permitir\u00e1n que m\u00e1s j\u00f3venes en situaci\u00f3n de vulnerabilidad <strong>puedan acceder a la Beca Impulsa<\/strong> y, por tanto, cursar Formaci\u00f3n Profesional y preparar su futuro laboral.<\/p>\n<p data-start=\"382\" data-end=\"915\">En esta duod\u00e9cima edici\u00f3n han participado m\u00e1s <strong>de 53.000 ni\u00f1os y j\u00f3venes de toda Catalu\u00f1a<\/strong>, logrando plegar 230.000 origamis, procedentes de 182 escuelas y asociaciones del territorio. Una acci\u00f3n que se ha transformado en<strong> 50.000 euros en donaciones<\/strong> destinadas a diferentes entidades sociales: algunas que promueven la investigaci\u00f3n m\u00e9dica y otras, como la Fundaci\u00f3 Impulsa, que trabaja para fomentar la igualdad de oportunidades entre los j\u00f3venes, ofreciendo formaci\u00f3n superior a personas en situaci\u00f3n de vulnerabilidad socioecon\u00f3mica.<\/p>\n<p data-start=\"917\" data-end=\"1155\">Gracias a este apoyo, la M\u00fatua General de Catalunya se convierte en <strong>Organizaci\u00f3n Impulsora Honor\u00edfica<\/strong> de la Fundaci\u00f3 Impulsa, reafirmando su compromiso con <strong>la educaci\u00f3n, la equidad de oportunidades y la responsabilidad social corporativa<\/strong>.<\/p>\n<p data-start=\"1157\" data-end=\"1527\">M\u00e1s all\u00e1 de la donaci\u00f3n, esta colaboraci\u00f3n <strong>tendr\u00e1 continuidad en el tiempo<\/strong>, ya que la M\u00fatua General de Catalunya organizar\u00e1 una <strong>visita para los j\u00f3venes Impulsers a uno de sus servicios de rehabilitaci\u00f3n y medicina del deporte<\/strong>, ofreciendo a los<strong> becados<\/strong> de la Fundaci\u00f3n una experiencia de proximidad con el sector sanitario y posibles salidas profesionales en este \u00e1mbito.<\/p>\n<p data-start=\"1529\" data-end=\"2048\" data-is-last-node=\"\" data-is-only-node=\"\"><strong>La Fundaci\u00f3 Impulsa quiere dar las gracias<\/strong> a la M\u00fatua General de Catalunya, y a todos los centros educativos que han seleccionado nuestra Fundaci\u00f3n como entidad destinataria de estos recursos. La financiaci\u00f3n de la Fundaci\u00f3 Impulsa proviene principalmente de empresas que, con la voluntad de contribuir al futuro de los j\u00f3venes, realizan una donaci\u00f3n econ\u00f3mica a nuestra entidad. Una aportaci\u00f3n imprescindible para la sostenibilidad del proyecto Impulsa, y desde aqu\u00ed se hace un llamamiento a que m\u00e1s empresas se sumen.<\/p>\n","protected":false},"excerpt":{"rendered":"<p>La Mutua General de Catalunya ha realizado una donaci\u00f3n de 13.700 euros a la Fundaci\u00f3 Impulsa, en el marco de su campa\u00f1a solidaria \u201c1 origami, 1 euro\u201d, que este a\u00f1o ha alcanzado una participaci\u00f3n r\u00e9cord. Estos fondos permitir\u00e1n que m\u00e1s j\u00f3venes en situaci\u00f3n de vulnerabilidad puedan acceder a la Beca Impulsa y, por tanto, cursar Formaci\u00f3n Profesional y prepararse para su futuro laboral.<\/p>\n","protected":false},"author":10,"featured_media":12579,"comment_status":"closed","ping_status":"closed","sticky":false,"template":"","format":"standard","meta":{"_acf_changed":false,"footnotes":""},"categories":[84],"tags":[92],"class_list":["post-12941","post","type-post","status-publish","format-standard","has-post-thumbnail","hentry","category-protagonistas-impulsa","tag-organitzacionsimpulsores-es"],"acf":[],"yoast_head":"<!-- This site is optimized with the Yoast SEO plugin v27.5 - https:\/\/yoast.com\/product\/yoast-seo-wordpress\/ -->\n<title>La M\u00fatua General de Catalunya apoya a la Fundaci\u00f3 Impulsa para que j\u00f3venes en situaci\u00f3n de vulnerabilidad puedan continuar estudiando una Formaci\u00f3n Profesional. - Fundacio Impulsa<\/title>\n<meta name=\"robots\" content=\"index, follow, max-snippet:-1, max-image-preview:large, max-video-preview:-1\" \/>\n<link rel=\"canonical\" href=\"https:\/\/www.fundacioimpulsa.org\/es\/campanya-origami\/\" \/>\n<meta property=\"og:locale\" content=\"es_ES\" \/>\n<meta property=\"og:type\" content=\"article\" \/>\n<meta property=\"og:title\" content=\"La M\u00fatua General de Catalunya apoya a la Fundaci\u00f3 Impulsa para que j\u00f3venes en situaci\u00f3n de vulnerabilidad puedan continuar estudiando una Formaci\u00f3n Profesional. - Fundacio Impulsa\" \/>\n<meta property=\"og:description\" content=\"La Mutua General de Catalunya ha realizado una donaci\u00f3n de 13.700 euros a la Fundaci\u00f3 Impulsa, en el marco de su campa\u00f1a solidaria \u201c1 origami, 1 euro\u201d, que este a\u00f1o ha alcanzado una participaci\u00f3n r\u00e9cord. Estos fondos permitir\u00e1n que m\u00e1s j\u00f3venes en situaci\u00f3n de vulnerabilidad puedan acceder a la Beca Impulsa y, por tanto, cursar Formaci\u00f3n Profesional y prepararse para su futuro laboral.\" \/>\n<meta property=\"og:url\" content=\"https:\/\/www.fundacioimpulsa.org\/es\/campanya-origami\/\" \/>\n<meta property=\"og:site_name\" content=\"Fundacio Impulsa\" \/>\n<meta property=\"article:published_time\" content=\"2025-02-20T15:14:54+00:00\" \/>\n<meta property=\"article:modified_time\" content=\"2025-06-02T10:50:30+00:00\" \/>\n<meta property=\"og:image\" content=\"https:\/\/www.fundacioimpulsa.org\/wp-content\/uploads\/2025\/02\/Portada-noti-Fundacio-Impulsa-18.jpg\" \/>\n\t<meta property=\"og:image:width\" content=\"700\" \/>\n\t<meta property=\"og:image:height\" content=\"483\" \/>\n\t<meta property=\"og:image:type\" content=\"image\/jpeg\" \/>\n<meta name=\"author\" content=\"anna\" \/>\n<meta name=\"twitter:card\" content=\"summary_large_image\" \/>\n<meta name=\"twitter:label1\" content=\"Escrito por\" \/>\n\t<meta name=\"twitter:data1\" content=\"anna\" \/>\n\t<meta name=\"twitter:label2\" content=\"Tiempo de lectura\" \/>\n\t<meta name=\"twitter:data2\" content=\"2 minutos\" \/>\n<script type=\"application\/ld+json\" class=\"yoast-schema-graph\">{\"@context\":\"https:\\\/\\\/schema.org\",\"@graph\":[{\"@type\":\"Article\",\"@id\":\"https:\\\/\\\/www.fundacioimpulsa.org\\\/es\\\/campanya-origami\\\/#article\",\"isPartOf\":{\"@id\":\"https:\\\/\\\/www.fundacioimpulsa.org\\\/es\\\/campanya-origami\\\/\"},\"author\":{\"name\":\"anna\",\"@id\":\"https:\\\/\\\/www.fundacioimpulsa.org\\\/es\\\/#\\\/schema\\\/person\\\/8093abda9188d9065d7a02992af09c00\"},\"headline\":\"La M\u00fatua General de Catalunya apoya a la Fundaci\u00f3 Impulsa para que j\u00f3venes en situaci\u00f3n de vulnerabilidad puedan continuar estudiando una Formaci\u00f3n Profesional.\",\"datePublished\":\"2025-02-20T15:14:54+00:00\",\"dateModified\":\"2025-06-02T10:50:30+00:00\",\"mainEntityOfPage\":{\"@id\":\"https:\\\/\\\/www.fundacioimpulsa.org\\\/es\\\/campanya-origami\\\/\"},\"wordCount\":375,\"image\":{\"@id\":\"https:\\\/\\\/www.fundacioimpulsa.org\\\/es\\\/campanya-origami\\\/#primaryimage\"},\"thumbnailUrl\":\"https:\\\/\\\/www.fundacioimpulsa.org\\\/wp-content\\\/uploads\\\/2025\\\/02\\\/Portada-noti-Fundacio-Impulsa-18.jpg\",\"keywords\":[\"#OrganizacionesImpulsoras\"],\"articleSection\":[\"Protagonistas Impulsa\"],\"inLanguage\":\"es\"},{\"@type\":\"WebPage\",\"@id\":\"https:\\\/\\\/www.fundacioimpulsa.org\\\/es\\\/campanya-origami\\\/\",\"url\":\"https:\\\/\\\/www.fundacioimpulsa.org\\\/es\\\/campanya-origami\\\/\",\"name\":\"La M\u00fatua General de Catalunya apoya a la Fundaci\u00f3 Impulsa para que j\u00f3venes en situaci\u00f3n de vulnerabilidad puedan continuar estudiando una Formaci\u00f3n Profesional. - Fundacio Impulsa\",\"isPartOf\":{\"@id\":\"https:\\\/\\\/www.fundacioimpulsa.org\\\/es\\\/#website\"},\"primaryImageOfPage\":{\"@id\":\"https:\\\/\\\/www.fundacioimpulsa.org\\\/es\\\/campanya-origami\\\/#primaryimage\"},\"image\":{\"@id\":\"https:\\\/\\\/www.fundacioimpulsa.org\\\/es\\\/campanya-origami\\\/#primaryimage\"},\"thumbnailUrl\":\"https:\\\/\\\/www.fundacioimpulsa.org\\\/wp-content\\\/uploads\\\/2025\\\/02\\\/Portada-noti-Fundacio-Impulsa-18.jpg\",\"datePublished\":\"2025-02-20T15:14:54+00:00\",\"dateModified\":\"2025-06-02T10:50:30+00:00\",\"author\":{\"@id\":\"https:\\\/\\\/www.fundacioimpulsa.org\\\/es\\\/#\\\/schema\\\/person\\\/8093abda9188d9065d7a02992af09c00\"},\"breadcrumb\":{\"@id\":\"https:\\\/\\\/www.fundacioimpulsa.org\\\/es\\\/campanya-origami\\\/#breadcrumb\"},\"inLanguage\":\"es\",\"potentialAction\":[{\"@type\":\"ReadAction\",\"target\":[\"https:\\\/\\\/www.fundacioimpulsa.org\\\/es\\\/campanya-origami\\\/\"]}]},{\"@type\":\"ImageObject\",\"inLanguage\":\"es\",\"@id\":\"https:\\\/\\\/www.fundacioimpulsa.org\\\/es\\\/campanya-origami\\\/#primaryimage\",\"url\":\"https:\\\/\\\/www.fundacioimpulsa.org\\\/wp-content\\\/uploads\\\/2025\\\/02\\\/Portada-noti-Fundacio-Impulsa-18.jpg\",\"contentUrl\":\"https:\\\/\\\/www.fundacioimpulsa.org\\\/wp-content\\\/uploads\\\/2025\\\/02\\\/Portada-noti-Fundacio-Impulsa-18.jpg\",\"width\":700,\"height\":483},{\"@type\":\"BreadcrumbList\",\"@id\":\"https:\\\/\\\/www.fundacioimpulsa.org\\\/es\\\/campanya-origami\\\/#breadcrumb\",\"itemListElement\":[{\"@type\":\"ListItem\",\"position\":1,\"name\":\"Inici\",\"item\":\"https:\\\/\\\/www.fundacioimpulsa.org\\\/es\\\/fundacio-impulsa\\\/\"},{\"@type\":\"ListItem\",\"position\":2,\"name\":\"La M\u00fatua General de Catalunya apoya a la Fundaci\u00f3 Impulsa para que j\u00f3venes en situaci\u00f3n de vulnerabilidad puedan continuar estudiando una Formaci\u00f3n Profesional.\"}]},{\"@type\":\"WebSite\",\"@id\":\"https:\\\/\\\/www.fundacioimpulsa.org\\\/es\\\/#website\",\"url\":\"https:\\\/\\\/www.fundacioimpulsa.org\\\/es\\\/\",\"name\":\"Fundacio Impulsa\",\"description\":\"\",\"potentialAction\":[{\"@type\":\"SearchAction\",\"target\":{\"@type\":\"EntryPoint\",\"urlTemplate\":\"https:\\\/\\\/www.fundacioimpulsa.org\\\/es\\\/?s={search_term_string}\"},\"query-input\":{\"@type\":\"PropertyValueSpecification\",\"valueRequired\":true,\"valueName\":\"search_term_string\"}}],\"inLanguage\":\"es\"},{\"@type\":\"Person\",\"@id\":\"https:\\\/\\\/www.fundacioimpulsa.org\\\/es\\\/#\\\/schema\\\/person\\\/8093abda9188d9065d7a02992af09c00\",\"name\":\"anna\",\"image\":{\"@type\":\"ImageObject\",\"inLanguage\":\"es\",\"@id\":\"https:\\\/\\\/secure.gravatar.com\\\/avatar\\\/098ca997a3814bde9b9ec5e5dfa4ad0ee9a251cd4cf1b86b7c008606c50d48c9?s=96&d=mm&r=g\",\"url\":\"https:\\\/\\\/secure.gravatar.com\\\/avatar\\\/098ca997a3814bde9b9ec5e5dfa4ad0ee9a251cd4cf1b86b7c008606c50d48c9?s=96&d=mm&r=g\",\"contentUrl\":\"https:\\\/\\\/secure.gravatar.com\\\/avatar\\\/098ca997a3814bde9b9ec5e5dfa4ad0ee9a251cd4cf1b86b7c008606c50d48c9?s=96&d=mm&r=g\",\"caption\":\"anna\"},\"url\":\"https:\\\/\\\/www.fundacioimpulsa.org\\\/es\\\/author\\\/anna\\\/\"}]}<\/script>\n<!-- \/ Yoast SEO plugin. -->","yoast_head_json":{"title":"La M\u00fatua General de Catalunya apoya a la Fundaci\u00f3 Impulsa para que j\u00f3venes en situaci\u00f3n de vulnerabilidad puedan continuar estudiando una Formaci\u00f3n Profesional. - Fundacio Impulsa","robots":{"index":"index","follow":"follow","max-snippet":"max-snippet:-1","max-image-preview":"max-image-preview:large","max-video-preview":"max-video-preview:-1"},"canonical":"https:\/\/www.fundacioimpulsa.org\/es\/campanya-origami\/","og_locale":"es_ES","og_type":"article","og_title":"La M\u00fatua General de Catalunya apoya a la Fundaci\u00f3 Impulsa para que j\u00f3venes en situaci\u00f3n de vulnerabilidad puedan continuar estudiando una Formaci\u00f3n Profesional. - Fundacio Impulsa","og_description":"La Mutua General de Catalunya ha realizado una donaci\u00f3n de 13.700 euros a la Fundaci\u00f3 Impulsa, en el marco de su campa\u00f1a solidaria \u201c1 origami, 1 euro\u201d, que este a\u00f1o ha alcanzado una participaci\u00f3n r\u00e9cord. Estos fondos permitir\u00e1n que m\u00e1s j\u00f3venes en situaci\u00f3n de vulnerabilidad puedan acceder a la Beca Impulsa y, por tanto, cursar Formaci\u00f3n Profesional y prepararse para su futuro laboral.","og_url":"https:\/\/www.fundacioimpulsa.org\/es\/campanya-origami\/","og_site_name":"Fundacio Impulsa","article_published_time":"2025-02-20T15:14:54+00:00","article_modified_time":"2025-06-02T10:50:30+00:00","og_image":[{"width":700,"height":483,"url":"https:\/\/www.fundacioimpulsa.org\/wp-content\/uploads\/2025\/02\/Portada-noti-Fundacio-Impulsa-18.jpg","type":"image\/jpeg"}],"author":"anna","twitter_card":"summary_large_image","twitter_misc":{"Escrito por":"anna","Tiempo de lectura":"2 minutos"},"schema":{"@context":"https:\/\/schema.org","@graph":[{"@type":"Article","@id":"https:\/\/www.fundacioimpulsa.org\/es\/campanya-origami\/#article","isPartOf":{"@id":"https:\/\/www.fundacioimpulsa.org\/es\/campanya-origami\/"},"author":{"name":"anna","@id":"https:\/\/www.fundacioimpulsa.org\/es\/#\/schema\/person\/8093abda9188d9065d7a02992af09c00"},"headline":"La M\u00fatua General de Catalunya apoya a la Fundaci\u00f3 Impulsa para que j\u00f3venes en situaci\u00f3n de vulnerabilidad puedan continuar estudiando una Formaci\u00f3n Profesional.","datePublished":"2025-02-20T15:14:54+00:00","dateModified":"2025-06-02T10:50:30+00:00","mainEntityOfPage":{"@id":"https:\/\/www.fundacioimpulsa.org\/es\/campanya-origami\/"},"wordCount":375,"image":{"@id":"https:\/\/www.fundacioimpulsa.org\/es\/campanya-origami\/#primaryimage"},"thumbnailUrl":"https:\/\/www.fundacioimpulsa.org\/wp-content\/uploads\/2025\/02\/Portada-noti-Fundacio-Impulsa-18.jpg","keywords":["#OrganizacionesImpulsoras"],"articleSection":["Protagonistas Impulsa"],"inLanguage":"es"},{"@type":"WebPage","@id":"https:\/\/www.fundacioimpulsa.org\/es\/campanya-origami\/","url":"https:\/\/www.fundacioimpulsa.org\/es\/campanya-origami\/","name":"La M\u00fatua General de Catalunya apoya a la Fundaci\u00f3 Impulsa para que j\u00f3venes en situaci\u00f3n de vulnerabilidad puedan continuar estudiando una Formaci\u00f3n Profesional. - Fundacio Impulsa","isPartOf":{"@id":"https:\/\/www.fundacioimpulsa.org\/es\/#website"},"primaryImageOfPage":{"@id":"https:\/\/www.fundacioimpulsa.org\/es\/campanya-origami\/#primaryimage"},"image":{"@id":"https:\/\/www.fundacioimpulsa.org\/es\/campanya-origami\/#primaryimage"},"thumbnailUrl":"https:\/\/www.fundacioimpulsa.org\/wp-content\/uploads\/2025\/02\/Portada-noti-Fundacio-Impulsa-18.jpg","datePublished":"2025-02-20T15:14:54+00:00","dateModified":"2025-06-02T10:50:30+00:00","author":{"@id":"https:\/\/www.fundacioimpulsa.org\/es\/#\/schema\/person\/8093abda9188d9065d7a02992af09c00"},"breadcrumb":{"@id":"https:\/\/www.fundacioimpulsa.org\/es\/campanya-origami\/#breadcrumb"},"inLanguage":"es","potentialAction":[{"@type":"ReadAction","target":["https:\/\/www.fundacioimpulsa.org\/es\/campanya-origami\/"]}]},{"@type":"ImageObject","inLanguage":"es","@id":"https:\/\/www.fundacioimpulsa.org\/es\/campanya-origami\/#primaryimage","url":"https:\/\/www.fundacioimpulsa.org\/wp-content\/uploads\/2025\/02\/Portada-noti-Fundacio-Impulsa-18.jpg","contentUrl":"https:\/\/www.fundacioimpulsa.org\/wp-content\/uploads\/2025\/02\/Portada-noti-Fundacio-Impulsa-18.jpg","width":700,"height":483},{"@type":"BreadcrumbList","@id":"https:\/\/www.fundacioimpulsa.org\/es\/campanya-origami\/#breadcrumb","itemListElement":[{"@type":"ListItem","position":1,"name":"Inici","item":"https:\/\/www.fundacioimpulsa.org\/es\/fundacio-impulsa\/"},{"@type":"ListItem","position":2,"name":"La M\u00fatua General de Catalunya apoya a la Fundaci\u00f3 Impulsa para que j\u00f3venes en situaci\u00f3n de vulnerabilidad puedan continuar estudiando una Formaci\u00f3n Profesional."}]},{"@type":"WebSite","@id":"https:\/\/www.fundacioimpulsa.org\/es\/#website","url":"https:\/\/www.fundacioimpulsa.org\/es\/","name":"Fundacio Impulsa","description":"","potentialAction":[{"@type":"SearchAction","target":{"@type":"EntryPoint","urlTemplate":"https:\/\/www.fundacioimpulsa.org\/es\/?s={search_term_string}"},"query-input":{"@type":"PropertyValueSpecification","valueRequired":true,"valueName":"search_term_string"}}],"inLanguage":"es"},{"@type":"Person","@id":"https:\/\/www.fundacioimpulsa.org\/es\/#\/schema\/person\/8093abda9188d9065d7a02992af09c00","name":"anna","image":{"@type":"ImageObject","inLanguage":"es","@id":"https:\/\/secure.gravatar.com\/avatar\/098ca997a3814bde9b9ec5e5dfa4ad0ee9a251cd4cf1b86b7c008606c50d48c9?s=96&d=mm&r=g","url":"https:\/\/secure.gravatar.com\/avatar\/098ca997a3814bde9b9ec5e5dfa4ad0ee9a251cd4cf1b86b7c008606c50d48c9?s=96&d=mm&r=g","contentUrl":"https:\/\/secure.gravatar.com\/avatar\/098ca997a3814bde9b9ec5e5dfa4ad0ee9a251cd4cf1b86b7c008606c50d48c9?s=96&d=mm&r=g","caption":"anna"},"url":"https:\/\/www.fundacioimpulsa.org\/es\/author\/anna\/"}]}},"publishpress_future_action":{"enabled":false,"date":"2026-05-07 14:00:06","action":"change-status","newStatus":"draft","terms":[],"taxonomy":"category","extraData":[]},"publishpress_future_workflow_manual_trigger":{"enabledWorkflows":[]},"_links":{"self":[{"href":"https:\/\/www.fundacioimpulsa.org\/es\/wp-json\/wp\/v2\/posts\/12941","targetHints":{"allow":["GET"]}}],"collection":[{"href":"https:\/\/www.fundacioimpulsa.org\/es\/wp-json\/wp\/v2\/posts"}],"about":[{"href":"https:\/\/www.fundacioimpulsa.org\/es\/wp-json\/wp\/v2\/types\/post"}],"author":[{"embeddable":true,"href":"https:\/\/www.fundacioimpulsa.org\/es\/wp-json\/wp\/v2\/users\/10"}],"replies":[{"embeddable":true,"href":"https:\/\/www.fundacioimpulsa.org\/es\/wp-json\/wp\/v2\/comments?post=12941"}],"version-history":[{"count":2,"href":"https:\/\/www.fundacioimpulsa.org\/es\/wp-json\/wp\/v2\/posts\/12941\/revisions"}],"predecessor-version":[{"id":12943,"href":"https:\/\/www.fundacioimpulsa.org\/es\/wp-json\/wp\/v2\/posts\/12941\/revisions\/12943"}],"wp:featuredmedia":[{"embeddable":true,"href":"https:\/\/www.fundacioimpulsa.org\/es\/wp-json\/wp\/v2\/media\/12579"}],"wp:attachment":[{"href":"https:\/\/www.fundacioimpulsa.org\/es\/wp-json\/wp\/v2\/media?parent=12941"}],"wp:term":[{"taxonomy":"category","embeddable":true,"href":"https:\/\/www.fundacioimpulsa.org\/es\/wp-json\/wp\/v2\/categories?post=12941"},{"taxonomy":"post_tag","embeddable":true,"href":"https:\/\/www.fundacioimpulsa.org\/es\/wp-json\/wp\/v2\/tags?post=12941"}],"curies":[{"name":"wp","href":"https:\/\/api.w.org\/{rel}","templated":true}]}}