{"id":12962,"date":"2025-04-09T06:56:45","date_gmt":"2025-04-09T04:56:45","guid":{"rendered":"https:\/\/www.fundacioimpulsa.org\/nous-ambaixadors\/"},"modified":"2025-06-02T13:58:58","modified_gmt":"2025-06-02T11:58:58","slug":"nous-ambaixadors","status":"publish","type":"post","link":"https:\/\/www.fundacioimpulsa.org\/es\/nous-ambaixadors\/","title":{"rendered":"La Fundaci\u00f3 Impulsa incorpora dos nuevos Embajadores para seguir tejiendo red territorial e impulsar oportunidades para los j\u00f3venes"},"content":{"rendered":"<p><img loading=\"lazy\" decoding=\"async\" class=\"alignnone wp-image-12814\" src=\"https:\/\/www.fundacioimpulsa.org\/wp-content\/uploads\/2025\/04\/Portada-noti-Fundacio-Impulsa-27-1-300x207.jpg\" alt=\"\" width=\"719\" height=\"496\" srcset=\"https:\/\/www.fundacioimpulsa.org\/wp-content\/uploads\/2025\/04\/Portada-noti-Fundacio-Impulsa-27-1-300x207.jpg 300w, https:\/\/www.fundacioimpulsa.org\/wp-content\/uploads\/2025\/04\/Portada-noti-Fundacio-Impulsa-27-1-306x211.jpg 306w, https:\/\/www.fundacioimpulsa.org\/wp-content\/uploads\/2025\/04\/Portada-noti-Fundacio-Impulsa-27-1.jpg 700w\" sizes=\"auto, (max-width: 719px) 100vw, 719px\" \/><\/p>\n<p data-start=\"63\" data-end=\"643\">Con la voluntad de seguir ampliando la red de embajadores de la Fundaci\u00f3 Impulsa y acercar el proyecto a cada territorio, incorporamos dos nuevas figuras referentes que har\u00e1n de puente entre el tejido social y empresarial del territorio y la misi\u00f3n de nuestra Fundaci\u00f3n: <strong>Montse Argem\u00ed<\/strong>, que se suma a la embajada de Sabadell junto a T\u00e0nia Nadal, y <strong>Xavier Corrons<\/strong>, que se estrena tambi\u00e9n como Embajador en la comarca del Bages, junto a Imma Riba. Ambos aportan un conocimiento profundo del territorio y un fuerte compromiso con la cohesi\u00f3n social y la equidad de oportunidades.<\/p>\n<p data-start=\"645\" data-end=\"1049\">La figura de los Embajadores y Embajadoras es clave dentro del M\u00e9todo Impulsa, ya que son personas voluntarias, habitualmente vinculadas al mundo empresarial y\/o asociativo, con una amplia red relacional y conocimiento del tejido local. Desde esta posici\u00f3n, act\u00faan como prescriptores del proyecto en el territorio, ayudando a crear v\u00ednculos de confianza con empresas, administraciones y agentes sociales.<\/p>\n<p data-start=\"645\" data-end=\"1049\">\n<p data-start=\"1051\" data-end=\"1092\"><strong>Montse Argem\u00ed, embajadora en Sabadell<\/strong><\/p>\n<p data-start=\"1094\" data-end=\"1699\">Licenciada en Derecho y con una s\u00f3lida trayectoria en el \u00e1mbito jur\u00eddico y empresarial, Montse Argem\u00ed ha estado vinculada durante a\u00f1os a la gesti\u00f3n de empresas de servicios relacionadas con los sectores del trabajo temporal, del outsourcing o de la consultor\u00eda energ\u00e9tica. Actualmente centra su actividad profesional en la empresa inmobiliaria familiar, sin abandonar su implicaci\u00f3n en el \u00e1mbito asociativo: es vicepresidenta de PIMEC Vall\u00e8s Occidental, miembro del Comit\u00e9 Ejecutivo de la C\u00e1mara de Comercio de Sabadell y forma parte de la Junta de la Asociaci\u00f3n de Industrias Qu\u00edmicas de Catalu\u00f1a (AIQC).<\/p>\n<p data-start=\"1701\" data-end=\"1994\">\u201cLa Fundaci\u00f3n Impulsa es un proyecto que me enamor\u00f3 desde el primer d\u00eda. Me entusiasm\u00f3 su prop\u00f3sito y las personas que hay detr\u00e1s, que con esfuerzo y constancia trabajan para que cada vez llegue a m\u00e1s j\u00f3venes. Para m\u00ed es un privilegio ir de la mano de T\u00e0nia Nadal en Sabadell\u201d, asegura Montse.<\/p>\n<p data-start=\"1996\" data-end=\"2449\">Su experiencia en \u00e1mbitos como los recursos humanos y la formaci\u00f3n la han hecho muy consciente de la falta de profesionales cualificados y del desajuste entre las necesidades laborales y la formaci\u00f3n. En este sentido, destaca el papel transformador de la Fundaci\u00f3n Impulsa: \u201cTiene un valor muy importante porque trabaja para fomentar la igualdad de oportunidades y para que j\u00f3venes con talento y ganas puedan seguir form\u00e1ndose y alcanzar sus objetivos.\u201d<\/p>\n<p>&nbsp;<\/p>\n<p data-start=\"2451\" data-end=\"2492\"><strong data-start=\"2451\" data-end=\"2492\">Xavier Corrons, embajador en el Bages<\/strong><\/p>\n<p data-start=\"2494\" data-end=\"2841\">Con una trayectoria consolidada como directivo en empresas industriales, Xavier Corrons ha ocupado cargos de responsabilidad de direcci\u00f3n en empresas como AUSA, Regaber, ICL Iberia o Leds C4. Recientemente, se ha incorporado a Figueras Seating, y mantiene un inter\u00e9s activo en promover iniciativas que generen impacto social real en el territorio.<\/p>\n<p data-start=\"2843\" data-end=\"3117\">\u201cNo todo el mundo tiene lo que se merece. Y por eso hay que encontrar maneras de dar oportunidades a quienes s\u00ed las merecen, para que puedan desarrollar un proyecto vital muy potente. Impulsa es una entidad que permite a estas personas tener una oportunidad real de futuro.\u201d<\/p>\n<p data-start=\"3119\" data-end=\"3407\">Xavier conoce de cerca el mundo de la empresa y la necesidad de contar con talento joven preparado. A trav\u00e9s de su vinculaci\u00f3n como Embajador, quiere ayudar a hacer crecer el proyecto en la comarca del Bages y contribuir a generar nuevas complicidades entre el mundo empresarial y social.<\/p>\n<p data-start=\"3119\" data-end=\"3407\">\n<p data-start=\"3409\" data-end=\"3458\"><strong data-start=\"3409\" data-end=\"3458\">Una red en crecimiento para transformar vidas<\/strong><\/p>\n<p data-start=\"3460\" data-end=\"3969\" data-is-last-node=\"\" data-is-only-node=\"\">La incorporaci\u00f3n de nuevos embajadores forma parte de la estrategia de la Fundaci\u00f3n Impulsa para fortalecer su presencia territorial y continuar ampliando el impacto de su modelo de acompa\u00f1amiento integral a j\u00f3venes en situaci\u00f3n de vulnerabilidad. Desde sus inicios, la Fundaci\u00f3n ha becado a m\u00e1s de 650 j\u00f3venes y ha construido una red s\u00f3lida de personas voluntarias, Organizaciones Impulsoras, centros educativos e instituciones que creen en el poder de la educaci\u00f3n como herramienta de transformaci\u00f3n social.<\/p>\n<p>&nbsp;<\/p>\n<p><span data-ccp-props=\"{&quot;335551550&quot;:6,&quot;335551620&quot;:6}\"> <img loading=\"lazy\" decoding=\"async\" class=\"alignnone wp-image-12759\" src=\"https:\/\/www.fundacioimpulsa.org\/wp-content\/uploads\/2025\/04\/Ambaixadors-300x181.jpg\" alt=\"\" width=\"719\" height=\"434\" srcset=\"https:\/\/www.fundacioimpulsa.org\/wp-content\/uploads\/2025\/04\/Ambaixadors-300x181.jpg 300w, https:\/\/www.fundacioimpulsa.org\/wp-content\/uploads\/2025\/04\/Ambaixadors-1030x623.jpg 1030w, https:\/\/www.fundacioimpulsa.org\/wp-content\/uploads\/2025\/04\/Ambaixadors-768x464.jpg 768w, https:\/\/www.fundacioimpulsa.org\/wp-content\/uploads\/2025\/04\/Ambaixadors-705x426.jpg 705w, https:\/\/www.fundacioimpulsa.org\/wp-content\/uploads\/2025\/04\/Ambaixadors-876x530.jpg 876w, https:\/\/www.fundacioimpulsa.org\/wp-content\/uploads\/2025\/04\/Ambaixadors-315x190.jpg 315w, https:\/\/www.fundacioimpulsa.org\/wp-content\/uploads\/2025\/04\/Ambaixadors.jpg 1280w\" sizes=\"auto, (max-width: 719px) 100vw, 719px\" \/><\/span><\/p>\n","protected":false},"excerpt":{"rendered":"<p>Con la voluntad de seguir ampliando la red de embajadores de la Fundaci\u00f3 Impulsa y acercar el proyecto a cada territorio, incorporamos dos nuevas figuras referentes que actuar\u00e1n como puente entre el tejido social y empresarial del territorio y la misi\u00f3n de nuestra Fundaci\u00f3n: Montse Argem\u00ed, que se suma a la embajada de Sabadell junto a T\u00e0nia Nadal, y Xavier Corrons, que tambi\u00e9n se estrena como Embajador en la comarca del Bages, junto a Imma Riba. Ambos aportan un profundo conocimiento del territorio y un fuerte compromiso con la cohesi\u00f3n social y la equidad de oportunidades.<\/p>\n","protected":false},"author":10,"featured_media":12815,"comment_status":"closed","ping_status":"closed","sticky":false,"template":"","format":"standard","meta":{"_acf_changed":false,"footnotes":""},"categories":[72,76],"tags":[140],"class_list":["post-12962","post","type-post","status-publish","format-standard","has-post-thumbnail","hentry","category-dia-a-dia-es","category-noticies-es","tag-transparencia-es"],"acf":[],"yoast_head":"<!-- This site is optimized with the Yoast SEO plugin v27.5 - https:\/\/yoast.com\/product\/yoast-seo-wordpress\/ -->\n<title>La Fundaci\u00f3 Impulsa incorpora dos nuevos Embajadores para seguir tejiendo red territorial e impulsar oportunidades para los j\u00f3venes - Fundacio Impulsa<\/title>\n<meta name=\"robots\" content=\"index, follow, max-snippet:-1, max-image-preview:large, max-video-preview:-1\" \/>\n<link rel=\"canonical\" href=\"https:\/\/www.fundacioimpulsa.org\/es\/nous-ambaixadors\/\" \/>\n<meta property=\"og:locale\" content=\"es_ES\" \/>\n<meta property=\"og:type\" content=\"article\" \/>\n<meta property=\"og:title\" content=\"La Fundaci\u00f3 Impulsa incorpora dos nuevos Embajadores para seguir tejiendo red territorial e impulsar oportunidades para los j\u00f3venes - Fundacio Impulsa\" \/>\n<meta property=\"og:description\" content=\"Con la voluntad de seguir ampliando la red de embajadores de la Fundaci\u00f3 Impulsa y acercar el proyecto a cada territorio, incorporamos dos nuevas figuras referentes que actuar\u00e1n como puente entre el tejido social y empresarial del territorio y la misi\u00f3n de nuestra Fundaci\u00f3n: Montse Argem\u00ed, que se suma a la embajada de Sabadell junto a T\u00e0nia Nadal, y Xavier Corrons, que tambi\u00e9n se estrena como Embajador en la comarca del Bages, junto a Imma Riba. Ambos aportan un profundo conocimiento del territorio y un fuerte compromiso con la cohesi\u00f3n social y la equidad de oportunidades.\" \/>\n<meta property=\"og:url\" content=\"https:\/\/www.fundacioimpulsa.org\/es\/nous-ambaixadors\/\" \/>\n<meta property=\"og:site_name\" content=\"Fundacio Impulsa\" \/>\n<meta property=\"article:published_time\" content=\"2025-04-09T04:56:45+00:00\" \/>\n<meta property=\"article:modified_time\" content=\"2025-06-02T11:58:58+00:00\" \/>\n<meta property=\"og:image\" content=\"https:\/\/www.fundacioimpulsa.org\/wp-content\/uploads\/2025\/04\/Portada-noti-Fundacio-Impulsa-27-1.jpg\" \/>\n\t<meta property=\"og:image:width\" content=\"700\" \/>\n\t<meta property=\"og:image:height\" content=\"483\" \/>\n\t<meta property=\"og:image:type\" content=\"image\/jpeg\" \/>\n<meta name=\"author\" content=\"anna\" \/>\n<meta name=\"twitter:card\" content=\"summary_large_image\" \/>\n<meta name=\"twitter:label1\" content=\"Escrito por\" \/>\n\t<meta name=\"twitter:data1\" content=\"anna\" \/>\n\t<meta name=\"twitter:label2\" content=\"Tiempo de lectura\" \/>\n\t<meta name=\"twitter:data2\" content=\"4 minutos\" \/>\n<script type=\"application\/ld+json\" class=\"yoast-schema-graph\">{\"@context\":\"https:\\\/\\\/schema.org\",\"@graph\":[{\"@type\":\"Article\",\"@id\":\"https:\\\/\\\/www.fundacioimpulsa.org\\\/es\\\/nous-ambaixadors\\\/#article\",\"isPartOf\":{\"@id\":\"https:\\\/\\\/www.fundacioimpulsa.org\\\/es\\\/nous-ambaixadors\\\/\"},\"author\":{\"name\":\"anna\",\"@id\":\"https:\\\/\\\/www.fundacioimpulsa.org\\\/es\\\/#\\\/schema\\\/person\\\/8093abda9188d9065d7a02992af09c00\"},\"headline\":\"La Fundaci\u00f3 Impulsa incorpora dos nuevos Embajadores para seguir tejiendo red territorial e impulsar oportunidades para los j\u00f3venes\",\"datePublished\":\"2025-04-09T04:56:45+00:00\",\"dateModified\":\"2025-06-02T11:58:58+00:00\",\"mainEntityOfPage\":{\"@id\":\"https:\\\/\\\/www.fundacioimpulsa.org\\\/es\\\/nous-ambaixadors\\\/\"},\"wordCount\":682,\"image\":{\"@id\":\"https:\\\/\\\/www.fundacioimpulsa.org\\\/es\\\/nous-ambaixadors\\\/#primaryimage\"},\"thumbnailUrl\":\"https:\\\/\\\/www.fundacioimpulsa.org\\\/wp-content\\\/uploads\\\/2025\\\/04\\\/Portada-noti-Fundacio-Impulsa-27-1.jpg\",\"keywords\":[\"#Transparencia\"],\"articleSection\":[\"D\u00eda a D\u00eda\",\"Noticias\"],\"inLanguage\":\"es\"},{\"@type\":\"WebPage\",\"@id\":\"https:\\\/\\\/www.fundacioimpulsa.org\\\/es\\\/nous-ambaixadors\\\/\",\"url\":\"https:\\\/\\\/www.fundacioimpulsa.org\\\/es\\\/nous-ambaixadors\\\/\",\"name\":\"La Fundaci\u00f3 Impulsa incorpora dos nuevos Embajadores para seguir tejiendo red territorial e impulsar oportunidades para los j\u00f3venes - Fundacio Impulsa\",\"isPartOf\":{\"@id\":\"https:\\\/\\\/www.fundacioimpulsa.org\\\/es\\\/#website\"},\"primaryImageOfPage\":{\"@id\":\"https:\\\/\\\/www.fundacioimpulsa.org\\\/es\\\/nous-ambaixadors\\\/#primaryimage\"},\"image\":{\"@id\":\"https:\\\/\\\/www.fundacioimpulsa.org\\\/es\\\/nous-ambaixadors\\\/#primaryimage\"},\"thumbnailUrl\":\"https:\\\/\\\/www.fundacioimpulsa.org\\\/wp-content\\\/uploads\\\/2025\\\/04\\\/Portada-noti-Fundacio-Impulsa-27-1.jpg\",\"datePublished\":\"2025-04-09T04:56:45+00:00\",\"dateModified\":\"2025-06-02T11:58:58+00:00\",\"author\":{\"@id\":\"https:\\\/\\\/www.fundacioimpulsa.org\\\/es\\\/#\\\/schema\\\/person\\\/8093abda9188d9065d7a02992af09c00\"},\"breadcrumb\":{\"@id\":\"https:\\\/\\\/www.fundacioimpulsa.org\\\/es\\\/nous-ambaixadors\\\/#breadcrumb\"},\"inLanguage\":\"es\",\"potentialAction\":[{\"@type\":\"ReadAction\",\"target\":[\"https:\\\/\\\/www.fundacioimpulsa.org\\\/es\\\/nous-ambaixadors\\\/\"]}]},{\"@type\":\"ImageObject\",\"inLanguage\":\"es\",\"@id\":\"https:\\\/\\\/www.fundacioimpulsa.org\\\/es\\\/nous-ambaixadors\\\/#primaryimage\",\"url\":\"https:\\\/\\\/www.fundacioimpulsa.org\\\/wp-content\\\/uploads\\\/2025\\\/04\\\/Portada-noti-Fundacio-Impulsa-27-1.jpg\",\"contentUrl\":\"https:\\\/\\\/www.fundacioimpulsa.org\\\/wp-content\\\/uploads\\\/2025\\\/04\\\/Portada-noti-Fundacio-Impulsa-27-1.jpg\",\"width\":700,\"height\":483},{\"@type\":\"BreadcrumbList\",\"@id\":\"https:\\\/\\\/www.fundacioimpulsa.org\\\/es\\\/nous-ambaixadors\\\/#breadcrumb\",\"itemListElement\":[{\"@type\":\"ListItem\",\"position\":1,\"name\":\"Inici\",\"item\":\"https:\\\/\\\/www.fundacioimpulsa.org\\\/es\\\/fundacio-impulsa\\\/\"},{\"@type\":\"ListItem\",\"position\":2,\"name\":\"La Fundaci\u00f3 Impulsa incorpora dos nuevos Embajadores para seguir tejiendo red territorial e impulsar oportunidades para los j\u00f3venes\"}]},{\"@type\":\"WebSite\",\"@id\":\"https:\\\/\\\/www.fundacioimpulsa.org\\\/es\\\/#website\",\"url\":\"https:\\\/\\\/www.fundacioimpulsa.org\\\/es\\\/\",\"name\":\"Fundacio Impulsa\",\"description\":\"\",\"potentialAction\":[{\"@type\":\"SearchAction\",\"target\":{\"@type\":\"EntryPoint\",\"urlTemplate\":\"https:\\\/\\\/www.fundacioimpulsa.org\\\/es\\\/?s={search_term_string}\"},\"query-input\":{\"@type\":\"PropertyValueSpecification\",\"valueRequired\":true,\"valueName\":\"search_term_string\"}}],\"inLanguage\":\"es\"},{\"@type\":\"Person\",\"@id\":\"https:\\\/\\\/www.fundacioimpulsa.org\\\/es\\\/#\\\/schema\\\/person\\\/8093abda9188d9065d7a02992af09c00\",\"name\":\"anna\",\"image\":{\"@type\":\"ImageObject\",\"inLanguage\":\"es\",\"@id\":\"https:\\\/\\\/secure.gravatar.com\\\/avatar\\\/098ca997a3814bde9b9ec5e5dfa4ad0ee9a251cd4cf1b86b7c008606c50d48c9?s=96&d=mm&r=g\",\"url\":\"https:\\\/\\\/secure.gravatar.com\\\/avatar\\\/098ca997a3814bde9b9ec5e5dfa4ad0ee9a251cd4cf1b86b7c008606c50d48c9?s=96&d=mm&r=g\",\"contentUrl\":\"https:\\\/\\\/secure.gravatar.com\\\/avatar\\\/098ca997a3814bde9b9ec5e5dfa4ad0ee9a251cd4cf1b86b7c008606c50d48c9?s=96&d=mm&r=g\",\"caption\":\"anna\"},\"url\":\"https:\\\/\\\/www.fundacioimpulsa.org\\\/es\\\/author\\\/anna\\\/\"}]}<\/script>\n<!-- \/ Yoast SEO plugin. -->","yoast_head_json":{"title":"La Fundaci\u00f3 Impulsa incorpora dos nuevos Embajadores para seguir tejiendo red territorial e impulsar oportunidades para los j\u00f3venes - Fundacio Impulsa","robots":{"index":"index","follow":"follow","max-snippet":"max-snippet:-1","max-image-preview":"max-image-preview:large","max-video-preview":"max-video-preview:-1"},"canonical":"https:\/\/www.fundacioimpulsa.org\/es\/nous-ambaixadors\/","og_locale":"es_ES","og_type":"article","og_title":"La Fundaci\u00f3 Impulsa incorpora dos nuevos Embajadores para seguir tejiendo red territorial e impulsar oportunidades para los j\u00f3venes - Fundacio Impulsa","og_description":"Con la voluntad de seguir ampliando la red de embajadores de la Fundaci\u00f3 Impulsa y acercar el proyecto a cada territorio, incorporamos dos nuevas figuras referentes que actuar\u00e1n como puente entre el tejido social y empresarial del territorio y la misi\u00f3n de nuestra Fundaci\u00f3n: Montse Argem\u00ed, que se suma a la embajada de Sabadell junto a T\u00e0nia Nadal, y Xavier Corrons, que tambi\u00e9n se estrena como Embajador en la comarca del Bages, junto a Imma Riba. Ambos aportan un profundo conocimiento del territorio y un fuerte compromiso con la cohesi\u00f3n social y la equidad de oportunidades.","og_url":"https:\/\/www.fundacioimpulsa.org\/es\/nous-ambaixadors\/","og_site_name":"Fundacio Impulsa","article_published_time":"2025-04-09T04:56:45+00:00","article_modified_time":"2025-06-02T11:58:58+00:00","og_image":[{"width":700,"height":483,"url":"https:\/\/www.fundacioimpulsa.org\/wp-content\/uploads\/2025\/04\/Portada-noti-Fundacio-Impulsa-27-1.jpg","type":"image\/jpeg"}],"author":"anna","twitter_card":"summary_large_image","twitter_misc":{"Escrito por":"anna","Tiempo de lectura":"4 minutos"},"schema":{"@context":"https:\/\/schema.org","@graph":[{"@type":"Article","@id":"https:\/\/www.fundacioimpulsa.org\/es\/nous-ambaixadors\/#article","isPartOf":{"@id":"https:\/\/www.fundacioimpulsa.org\/es\/nous-ambaixadors\/"},"author":{"name":"anna","@id":"https:\/\/www.fundacioimpulsa.org\/es\/#\/schema\/person\/8093abda9188d9065d7a02992af09c00"},"headline":"La Fundaci\u00f3 Impulsa incorpora dos nuevos Embajadores para seguir tejiendo red territorial e impulsar oportunidades para los j\u00f3venes","datePublished":"2025-04-09T04:56:45+00:00","dateModified":"2025-06-02T11:58:58+00:00","mainEntityOfPage":{"@id":"https:\/\/www.fundacioimpulsa.org\/es\/nous-ambaixadors\/"},"wordCount":682,"image":{"@id":"https:\/\/www.fundacioimpulsa.org\/es\/nous-ambaixadors\/#primaryimage"},"thumbnailUrl":"https:\/\/www.fundacioimpulsa.org\/wp-content\/uploads\/2025\/04\/Portada-noti-Fundacio-Impulsa-27-1.jpg","keywords":["#Transparencia"],"articleSection":["D\u00eda a D\u00eda","Noticias"],"inLanguage":"es"},{"@type":"WebPage","@id":"https:\/\/www.fundacioimpulsa.org\/es\/nous-ambaixadors\/","url":"https:\/\/www.fundacioimpulsa.org\/es\/nous-ambaixadors\/","name":"La Fundaci\u00f3 Impulsa incorpora dos nuevos Embajadores para seguir tejiendo red territorial e impulsar oportunidades para los j\u00f3venes - Fundacio Impulsa","isPartOf":{"@id":"https:\/\/www.fundacioimpulsa.org\/es\/#website"},"primaryImageOfPage":{"@id":"https:\/\/www.fundacioimpulsa.org\/es\/nous-ambaixadors\/#primaryimage"},"image":{"@id":"https:\/\/www.fundacioimpulsa.org\/es\/nous-ambaixadors\/#primaryimage"},"thumbnailUrl":"https:\/\/www.fundacioimpulsa.org\/wp-content\/uploads\/2025\/04\/Portada-noti-Fundacio-Impulsa-27-1.jpg","datePublished":"2025-04-09T04:56:45+00:00","dateModified":"2025-06-02T11:58:58+00:00","author":{"@id":"https:\/\/www.fundacioimpulsa.org\/es\/#\/schema\/person\/8093abda9188d9065d7a02992af09c00"},"breadcrumb":{"@id":"https:\/\/www.fundacioimpulsa.org\/es\/nous-ambaixadors\/#breadcrumb"},"inLanguage":"es","potentialAction":[{"@type":"ReadAction","target":["https:\/\/www.fundacioimpulsa.org\/es\/nous-ambaixadors\/"]}]},{"@type":"ImageObject","inLanguage":"es","@id":"https:\/\/www.fundacioimpulsa.org\/es\/nous-ambaixadors\/#primaryimage","url":"https:\/\/www.fundacioimpulsa.org\/wp-content\/uploads\/2025\/04\/Portada-noti-Fundacio-Impulsa-27-1.jpg","contentUrl":"https:\/\/www.fundacioimpulsa.org\/wp-content\/uploads\/2025\/04\/Portada-noti-Fundacio-Impulsa-27-1.jpg","width":700,"height":483},{"@type":"BreadcrumbList","@id":"https:\/\/www.fundacioimpulsa.org\/es\/nous-ambaixadors\/#breadcrumb","itemListElement":[{"@type":"ListItem","position":1,"name":"Inici","item":"https:\/\/www.fundacioimpulsa.org\/es\/fundacio-impulsa\/"},{"@type":"ListItem","position":2,"name":"La Fundaci\u00f3 Impulsa incorpora dos nuevos Embajadores para seguir tejiendo red territorial e impulsar oportunidades para los j\u00f3venes"}]},{"@type":"WebSite","@id":"https:\/\/www.fundacioimpulsa.org\/es\/#website","url":"https:\/\/www.fundacioimpulsa.org\/es\/","name":"Fundacio Impulsa","description":"","potentialAction":[{"@type":"SearchAction","target":{"@type":"EntryPoint","urlTemplate":"https:\/\/www.fundacioimpulsa.org\/es\/?s={search_term_string}"},"query-input":{"@type":"PropertyValueSpecification","valueRequired":true,"valueName":"search_term_string"}}],"inLanguage":"es"},{"@type":"Person","@id":"https:\/\/www.fundacioimpulsa.org\/es\/#\/schema\/person\/8093abda9188d9065d7a02992af09c00","name":"anna","image":{"@type":"ImageObject","inLanguage":"es","@id":"https:\/\/secure.gravatar.com\/avatar\/098ca997a3814bde9b9ec5e5dfa4ad0ee9a251cd4cf1b86b7c008606c50d48c9?s=96&d=mm&r=g","url":"https:\/\/secure.gravatar.com\/avatar\/098ca997a3814bde9b9ec5e5dfa4ad0ee9a251cd4cf1b86b7c008606c50d48c9?s=96&d=mm&r=g","contentUrl":"https:\/\/secure.gravatar.com\/avatar\/098ca997a3814bde9b9ec5e5dfa4ad0ee9a251cd4cf1b86b7c008606c50d48c9?s=96&d=mm&r=g","caption":"anna"},"url":"https:\/\/www.fundacioimpulsa.org\/es\/author\/anna\/"}]}},"publishpress_future_action":{"enabled":false,"date":"2026-05-07 14:00:17","action":"change-status","newStatus":"draft","terms":[],"taxonomy":"category","extraData":[]},"publishpress_future_workflow_manual_trigger":{"enabledWorkflows":[]},"_links":{"self":[{"href":"https:\/\/www.fundacioimpulsa.org\/es\/wp-json\/wp\/v2\/posts\/12962","targetHints":{"allow":["GET"]}}],"collection":[{"href":"https:\/\/www.fundacioimpulsa.org\/es\/wp-json\/wp\/v2\/posts"}],"about":[{"href":"https:\/\/www.fundacioimpulsa.org\/es\/wp-json\/wp\/v2\/types\/post"}],"author":[{"embeddable":true,"href":"https:\/\/www.fundacioimpulsa.org\/es\/wp-json\/wp\/v2\/users\/10"}],"replies":[{"embeddable":true,"href":"https:\/\/www.fundacioimpulsa.org\/es\/wp-json\/wp\/v2\/comments?post=12962"}],"version-history":[{"count":2,"href":"https:\/\/www.fundacioimpulsa.org\/es\/wp-json\/wp\/v2\/posts\/12962\/revisions"}],"predecessor-version":[{"id":12963,"href":"https:\/\/www.fundacioimpulsa.org\/es\/wp-json\/wp\/v2\/posts\/12962\/revisions\/12963"}],"wp:featuredmedia":[{"embeddable":true,"href":"https:\/\/www.fundacioimpulsa.org\/es\/wp-json\/wp\/v2\/media\/12815"}],"wp:attachment":[{"href":"https:\/\/www.fundacioimpulsa.org\/es\/wp-json\/wp\/v2\/media?parent=12962"}],"wp:term":[{"taxonomy":"category","embeddable":true,"href":"https:\/\/www.fundacioimpulsa.org\/es\/wp-json\/wp\/v2\/categories?post=12962"},{"taxonomy":"post_tag","embeddable":true,"href":"https:\/\/www.fundacioimpulsa.org\/es\/wp-json\/wp\/v2\/tags?post=12962"}],"curies":[{"name":"wp","href":"https:\/\/api.w.org\/{rel}","templated":true}]}}