{"id":12965,"date":"2025-04-12T10:30:49","date_gmt":"2025-04-12T08:30:49","guid":{"rendered":"https:\/\/www.fundacioimpulsa.org\/quan-hi-ha-persones-que-queden-enrere-es-posa-en-risc-la-cohesio-social-i-cal-fer-hi-front-ja-que-les-seves-consequencies-tambe-impacten-en-el-mon-empresarial-xavier-carles\/"},"modified":"2025-06-02T14:03:11","modified_gmt":"2025-06-02T12:03:11","slug":"quan-hi-ha-persones-que-queden-enrere-es-posa-en-risc-la-cohesio-social-i-cal-fer-hi-front-ja-que-les-seves-consequencies-tambe-impacten-en-el-mon-empresarial-xavier-carles","status":"publish","type":"post","link":"https:\/\/www.fundacioimpulsa.org\/es\/quan-hi-ha-persones-que-queden-enrere-es-posa-en-risc-la-cohesio-social-i-cal-fer-hi-front-ja-que-les-seves-consequencies-tambe-impacten-en-el-mon-empresarial-xavier-carles\/","title":{"rendered":"\u00abCuando hay personas que se quedan atr\u00e1s, se pone en riesgo la cohesi\u00f3n social, y es necesario afrontarlo, ya que sus consecuencias tambi\u00e9n impactan en el mundo empresarial.\u00bb \u2014 Xavier Carles"},"content":{"rendered":"<p><img loading=\"lazy\" decoding=\"async\" class=\"alignnone wp-image-12787\" src=\"https:\/\/www.fundacioimpulsa.org\/wp-content\/uploads\/2025\/04\/Portada-noti-Fundacio-Impulsa-27-300x207.jpg\" alt=\"\" width=\"720\" height=\"497\" srcset=\"https:\/\/www.fundacioimpulsa.org\/wp-content\/uploads\/2025\/04\/Portada-noti-Fundacio-Impulsa-27-300x207.jpg 300w, https:\/\/www.fundacioimpulsa.org\/wp-content\/uploads\/2025\/04\/Portada-noti-Fundacio-Impulsa-27-306x211.jpg 306w, https:\/\/www.fundacioimpulsa.org\/wp-content\/uploads\/2025\/04\/Portada-noti-Fundacio-Impulsa-27.jpg 700w\" sizes=\"auto, (max-width: 720px) 100vw, 720px\" \/><\/p>\n<p data-start=\"59\" data-end=\"892\"><strong>Xavier Carles i Tort<\/strong> es socio y director general de Grup Carles. Ingeniero t\u00e9cnico industrial en qu\u00edmica y mec\u00e1nica (UPC), y formado en posgrados en gesti\u00f3n medioambiental y direcci\u00f3n empresarial (IESE), su incorporaci\u00f3n a la empresa fue ligada al lanzamiento de los servicios de consultor\u00eda medioambiental, precursora del actual \u00e1rea de Consultor\u00eda en Sostenibilidad. Posteriormente, dirigi\u00f3 algunas de las filiales del Grupo, para despu\u00e9s asumir la Direcci\u00f3n General corporativa. Actualmente, el Grup Carles est\u00e1 formado por cinco empresas, m\u00e1s de 100 profesionales y una larga lista de clientes y colaboradores que reman para ofrecer servicios transversales en diferentes \u00e1mbitos. Adem\u00e1s de ser Organizaci\u00f3n Impulsora, el Grup Carles tiene la suerte de que su director sea tambi\u00e9n Embajador de la Fundaci\u00f3 Impulsa en la Anoia.<\/p>\n<p data-start=\"894\" data-end=\"1810\"><strong>Grup Carles ofrece un servicio multidisciplinar poco habitual en el mercado actual. \u00bfEn qu\u00e9 se concreta esta oferta?<\/strong><br data-start=\"1014\" data-end=\"1017\" \/>La amplitud de servicios nos viene desde la fundaci\u00f3n de la empresa por parte de mi abuelo, mi padre y mi t\u00edo. Mi padre es ingeniero y mi t\u00edo economista, y ya desde el principio ofrecieron servicios de ingenier\u00eda y asesoramiento fiscal, que se han ido ampliando anticip\u00e1ndonos a las necesidades de los clientes. En Grup Carles creemos que es importante la especializaci\u00f3n para poder dar respuesta a las necesidades concretas de forma profesional, y a la vez sabemos que a menudo es necesario poder abordar aspectos de forma transversal. Contamos con profesionales especialistas en su rama y \u00e1mbito de actuaci\u00f3n, pero al mismo tiempo tenemos la capacidad de coordinarnos transversalmente para ofrecer un servicio multidisciplinar. Esta especializaci\u00f3n y transversalidad son la fuerza del Grupo.<\/p>\n<blockquote>\n<p data-start=\"1812\" data-end=\"2010\">\u00abContamos con profesionales especialistas en su rama y \u00e1mbito de actuaci\u00f3n, pero al mismo tiempo tenemos la capacidad de coordinarnos transversalmente para ofrecer un servicio multidisciplinar.\u00bb<\/p>\n<\/blockquote>\n<p data-start=\"2012\" data-end=\"2557\"><strong>\u00bfPodemos decir que toc\u00e1is casi todos los sectores de la econom\u00eda?<\/strong><br data-start=\"2081\" data-end=\"2084\" \/>Actualmente, ofrecemos servicios de ingenier\u00eda y consultor\u00eda en sostenibilidad, asesoramiento fiscal, contable y laboral, asesoramiento jur\u00eddico y consultor\u00eda en direcci\u00f3n de personas, y finalmente servicios inmobiliarios. Tambi\u00e9n tenemos Grup Carles Rural, una filial que se dedica a ofrecer servicios en el sector agr\u00edcola y ganadero. Adem\u00e1s, tenemos otra participada, que es una corredur\u00eda de seguros. Podemos decir que, en cierto modo, tocamos casi todas las ramas, s\u00ed.<\/p>\n<p><strong><img loading=\"lazy\" decoding=\"async\" class=\"alignnone wp-image-12789\" src=\"https:\/\/www.fundacioimpulsa.org\/wp-content\/uploads\/2025\/04\/WhatsApp-Image-2025-04-11-at-12.25.51-PM-e1744745829514.jpeg\" alt=\"\" width=\"720\" height=\"423\" srcset=\"https:\/\/www.fundacioimpulsa.org\/wp-content\/uploads\/2025\/04\/WhatsApp-Image-2025-04-11-at-12.25.51-PM-e1744745829514.jpeg 1192w, https:\/\/www.fundacioimpulsa.org\/wp-content\/uploads\/2025\/04\/WhatsApp-Image-2025-04-11-at-12.25.51-PM-e1744745829514-300x176.jpeg 300w, https:\/\/www.fundacioimpulsa.org\/wp-content\/uploads\/2025\/04\/WhatsApp-Image-2025-04-11-at-12.25.51-PM-e1744745829514-1030x605.jpeg 1030w, https:\/\/www.fundacioimpulsa.org\/wp-content\/uploads\/2025\/04\/WhatsApp-Image-2025-04-11-at-12.25.51-PM-e1744745829514-768x451.jpeg 768w, https:\/\/www.fundacioimpulsa.org\/wp-content\/uploads\/2025\/04\/WhatsApp-Image-2025-04-11-at-12.25.51-PM-e1744745829514-705x414.jpeg 705w, https:\/\/www.fundacioimpulsa.org\/wp-content\/uploads\/2025\/04\/WhatsApp-Image-2025-04-11-at-12.25.51-PM-e1744745829514-903x530.jpeg 903w, https:\/\/www.fundacioimpulsa.org\/wp-content\/uploads\/2025\/04\/WhatsApp-Image-2025-04-11-at-12.25.51-PM-e1744745829514-315x185.jpeg 315w\" sizes=\"auto, (max-width: 720px) 100vw, 720px\" \/><\/strong><\/p>\n<p data-start=\"63\" data-end=\"617\"><strong data-start=\"63\" data-end=\"196\">Tu incorporaci\u00f3n al Grup Carles fue ligada al desarrollo de la consultor\u00eda medioambiental. \u00bfQu\u00e9 os llev\u00f3 a crear esta nueva rama?<\/strong><br data-start=\"196\" data-end=\"199\" \/>En aquel momento, la cuesti\u00f3n ambiental empezaba a aflorar. Se hab\u00eda creado el Departamento de Medio Ambiente de la Generalitat de Catalu\u00f1a y las empresas comenzaban a notar cierta presi\u00f3n para adaptarse a las nuevas regulaciones ambientales. Como Grupo, vi una oportunidad para dar respuesta; ten\u00eda ganas de innovar y, como \u00e1rea de negocio, el \u00e1mbito medioambiental me motivaba desde el punto de vista de los valores.<\/p>\n<blockquote>\n<p data-start=\"619\" data-end=\"749\">\u00abTen\u00eda ganas de innovar y, como \u00e1rea de negocio, el \u00e1mbito medioambiental me motivaba desde el punto de vista de los valores.\u00bb<\/p>\n<\/blockquote>\n<p data-start=\"751\" data-end=\"1593\"><strong data-start=\"751\" data-end=\"811\">\u00bfCu\u00e1l es el mayor desaf\u00edo en t\u00e9rminos de sostenibilidad?<\/strong><br data-start=\"811\" data-end=\"814\" \/>La sostenibilidad se entiende desde tres vertientes: la econ\u00f3mica, la social y la ambiental. Tenemos una gran amenaza global, que es el cambio clim\u00e1tico, y hay que darle respuesta. Y tenemos retos importantes relacionados con el mantenimiento de la cohesi\u00f3n social. Aqu\u00ed se engloban diferentes aspectos: desde temas relacionados con la vivienda hasta el desempleo juvenil, la inmigraci\u00f3n&#8230; Cuando hay personas que quedan atr\u00e1s, se pone en riesgo la cohesi\u00f3n social, un valor fundamental que debemos preservar, y hay que afrontarlo porque sus consecuencias tambi\u00e9n impactan en el mundo empresarial. Despu\u00e9s est\u00e1n tambi\u00e9n los desaf\u00edos a nivel empresarial, como puede ser la atracci\u00f3n del talento, ya que nos encontramos ante una escasez de profesionales formados y con motivaci\u00f3n.<\/p>\n<blockquote>\n<p data-start=\"1595\" data-end=\"1763\">\u00abTenemos retos importantes relacionados con el mantenimiento de la cohesi\u00f3n social (&#8230;) y tambi\u00e9n hay desaf\u00edos a nivel empresarial, como la atracci\u00f3n del talento.\u00bb<\/p>\n<\/blockquote>\n<p data-start=\"1765\" data-end=\"2843\"><strong data-start=\"1765\" data-end=\"1879\">\u00bfEs esa percepci\u00f3n de falta de talento lo que te lleva a hacerte Embajador de la Fundaci\u00f3 Impulsa en la Anoia?<\/strong><br data-start=\"1879\" data-end=\"1882\" \/>Cuando conoc\u00ed el proyecto, enseguida me atrap\u00f3 y nos implicamos como empresa haciendo mentor\u00eda a un joven en Osona, donde tambi\u00e9n tenemos una oficina. Es un proyecto impulsado desde el mundo empresarial, del que yo provengo; est\u00e1 gestionado con unos criterios de eficiencia empresarial, con un equipo t\u00e9cnico muy profesional y con mucha alma, y me gust\u00f3 que era un proyecto muy escalable y que se quer\u00eda extender por todo el pa\u00eds de forma eficiente. Entonces, consciente de la realidad de j\u00f3venes de la Anoia que abandonaban prematuramente los estudios por situaciones de vulnerabilidad social y econ\u00f3mica, y de empresas que, como la nuestra, sufren la falta de personal cualificado, pens\u00e9 que ten\u00eda mucho sentido implantar el proyecto en la Anoia. Dijimos que no solo colaborar\u00edamos desde la empresa haciendo donaciones y mentor\u00eda, sino que me ve\u00eda con \u00e1nimos de llevar este proyecto a la Anoia. Y as\u00ed nace mi implicaci\u00f3n como Embajador de la Fundaci\u00f3 Impulsa.<\/p>\n<blockquote>\n<p data-start=\"2845\" data-end=\"3112\">\u00ab[El proyecto de la Fundaci\u00f3 Impulsa] est\u00e1 gestionado con unos criterios de eficiencia empresarial, con un equipo t\u00e9cnico muy profesional y con mucha alma, y me gust\u00f3 que era un proyecto muy escalable y que se quer\u00eda extender por todo el pa\u00eds de forma eficiente.\u00bb<\/p>\n<\/blockquote>\n<p><img loading=\"lazy\" decoding=\"async\" class=\"alignnone wp-image-12791\" src=\"https:\/\/www.fundacioimpulsa.org\/wp-content\/uploads\/2025\/04\/XavierCarles-2-300x200.jpeg\" alt=\"\" width=\"721\" height=\"480\" srcset=\"https:\/\/www.fundacioimpulsa.org\/wp-content\/uploads\/2025\/04\/XavierCarles-2-300x200.jpeg 300w, https:\/\/www.fundacioimpulsa.org\/wp-content\/uploads\/2025\/04\/XavierCarles-2-1030x687.jpeg 1030w, https:\/\/www.fundacioimpulsa.org\/wp-content\/uploads\/2025\/04\/XavierCarles-2-768x512.jpeg 768w, https:\/\/www.fundacioimpulsa.org\/wp-content\/uploads\/2025\/04\/XavierCarles-2-1536x1024.jpeg 1536w, https:\/\/www.fundacioimpulsa.org\/wp-content\/uploads\/2025\/04\/XavierCarles-2-1500x1000.jpeg 1500w, https:\/\/www.fundacioimpulsa.org\/wp-content\/uploads\/2025\/04\/XavierCarles-2-705x470.jpeg 705w, https:\/\/www.fundacioimpulsa.org\/wp-content\/uploads\/2025\/04\/XavierCarles-2-795x530.jpeg 795w, https:\/\/www.fundacioimpulsa.org\/wp-content\/uploads\/2025\/04\/XavierCarles-2-315x211.jpeg 315w, https:\/\/www.fundacioimpulsa.org\/wp-content\/uploads\/2025\/04\/XavierCarles-2.jpeg 1600w\" sizes=\"auto, (max-width: 721px) 100vw, 721px\" \/><\/p>\n<p data-start=\"63\" data-end=\"96\"><strong data-start=\"63\" data-end=\"96\">\u00bfC\u00f3mo vives esta experiencia?<\/strong><\/p>\n<p data-start=\"98\" data-end=\"710\">Pienso que es muy importante este trabajo en red que se forja a trav\u00e9s del M\u00e9todo Impulsa. Los j\u00f3venes necesitan una formaci\u00f3n y una titulaci\u00f3n, es la puerta de entrada al mundo laboral; formaci\u00f3n para obtener una titulaci\u00f3n, pero tambi\u00e9n para adquirir una formaci\u00f3n en valores y competencias transversales. Para conseguirlo, se necesita una estabilidad m\u00ednima que lo permita, y tambi\u00e9n referentes que les ayuden a no perder el foco. Por eso, el hecho de lograr que instituciones, empresas, entidades, centros educativos, mentores\u2026 rememos juntos para contribuir a esta tarea es muy enriquecedor y satisfactorio.<\/p>\n<blockquote>\n<p data-start=\"712\" data-end=\"933\">\u00abLos j\u00f3venes necesitan una formaci\u00f3n y una titulaci\u00f3n, es la puerta de entrada al mundo laboral; formaci\u00f3n para obtener una titulaci\u00f3n, pero tambi\u00e9n para adquirir una formaci\u00f3n en valores y competencias transversales\u00bb<\/p>\n<\/blockquote>\n<p data-start=\"935\" data-end=\"1380\"><strong data-start=\"935\" data-end=\"972\">\u00bfTienes confianza en los j\u00f3venes?<\/strong><br data-start=\"972\" data-end=\"975\" \/>S\u00e9 que es dif\u00edcil no caer en t\u00f3picos, pero no creo en las generalizaciones pesimistas que se hacen de los j\u00f3venes. Es cierto que hay elementos generacionales y que pueden tener un sentimiento de desesperanza porque les estamos dejando un mundo muy complicado, pero pienso que los j\u00f3venes est\u00e1n muy preparados. Hay muchos que saben lo que quieren y que tienen ganas de mejorar el mundo, y yo creo en ellos.<\/p>\n<blockquote>\n<p data-start=\"1382\" data-end=\"1527\">\u00abPienso que los j\u00f3venes est\u00e1n muy preparados. Hay muchos que saben lo que quieren y que tienen ganas de mejorar el mundo, y yo creo en ellos\u00bb<\/p>\n<\/blockquote>\n<p data-start=\"1529\" data-end=\"2162\"><strong data-start=\"1529\" data-end=\"1623\">\u00bfSer Embajador de la Fundaci\u00f3 Impulsa es una manera de mostrar esta apuesta por el futuro?<\/strong><br data-start=\"1623\" data-end=\"1626\" \/>Los j\u00f3venes de Impulsa son j\u00f3venes que no lo tienen f\u00e1cil, pero que tienen la motivaci\u00f3n para seguir adelante; por lo tanto, creo que son quienes m\u00e1s ganas tienen de aprovechar las oportunidades. Me atrever\u00eda a decir que su paso por la Fundaci\u00f3 Impulsa los deja en una situaci\u00f3n mejor que la media de j\u00f3venes; aprovechan mucho esta oportunidad y tambi\u00e9n toda la formaci\u00f3n que reciben en competencias transversales, orientaci\u00f3n laboral\u2026 Los j\u00f3venes Impulsers son j\u00f3venes que terminan los estudios con una preparaci\u00f3n superior a la media.<\/p>\n<blockquote>\n<p data-start=\"2164\" data-end=\"2269\">\u00abLos j\u00f3venes Impulsers son j\u00f3venes que terminan los estudios con una preparaci\u00f3n superior a la media\u00bb<\/p>\n<\/blockquote>\n<p data-start=\"2271\" data-end=\"2356\" data-is-last-node=\"\" data-is-only-node=\"\"><strong data-start=\"2271\" data-end=\"2342\">Completa la frase. Para ti, en una palabra, la Fundaci\u00f3 Impulsa es\u2026<\/strong><br data-start=\"2342\" data-end=\"2345\" \/>Compromiso.<\/p>\n","protected":false},"excerpt":{"rendered":"<p>Xavier Carles i Tort es socio y director general de Grup Carles. Ingeniero t\u00e9cnico industrial en qu\u00edmica y mec\u00e1nica (UPC), y formado en posgrados en gesti\u00f3n medioambiental y direcci\u00f3n empresarial (IESE), su incorporaci\u00f3n a la empresa estuvo ligada al lanzamiento de los servicios de consultor\u00eda medioambiental, precursora del \u00e1rea actual de Consultor\u00eda en Sostenibilidad. Posteriormente, dirigi\u00f3 algunas de las filiales del Grupo, para despu\u00e9s asumir la Direcci\u00f3n General corporativa. Actualmente, el Grup Carles est\u00e1 formado por cinco empresas, m\u00e1s de 100 profesionales y una larga lista de clientes y colaboradores que reman para ofrecer servicios transversales en diferentes \u00e1mbitos. Adem\u00e1s de ser Organizaci\u00f3n Impulsora, el Grup Carles tiene la suerte de que su director sea tambi\u00e9n Embajador de la Fundaci\u00f3 Impulsa en la comarca de la Anoia.<\/p>\n","protected":false},"author":10,"featured_media":12788,"comment_status":"closed","ping_status":"closed","sticky":false,"template":"","format":"standard","meta":{"_acf_changed":false,"footnotes":""},"categories":[72,84],"tags":[98],"class_list":["post-12965","post","type-post","status-publish","format-standard","has-post-thumbnail","hentry","category-dia-a-dia-es","category-protagonistas-impulsa","tag-protagonistesimpulsa-es"],"acf":[],"yoast_head":"<!-- This site is optimized with the Yoast SEO plugin v27.3 - https:\/\/yoast.com\/product\/yoast-seo-wordpress\/ -->\n<title>&quot;Cuando hay personas que se quedan atr\u00e1s, se pone en riesgo la cohesi\u00f3n social, y es necesario afrontarlo, ya que sus consecuencias tambi\u00e9n impactan en el mundo empresarial.&quot; \u2014 Xavier Carles - Fundacio Impulsa<\/title>\n<meta name=\"description\" content=\"Xavier Carles i Tort, \u00e9s soci i director general de Grup Carles. Enginyer t\u00e8cnic industrial en qu\u00edmica i mec\u00e0nica (UPC), i format en postgraus en gesti\u00f3 mediambiental i direcci\u00f3 empresarial (IESE), la seva incorporaci\u00f3 a l\u2019empresa va anar lligada amb la posada en marxa dels serveis de consultoria mediambiental, precursora de l\u2019\u00e0rea actual de Consultoria en Sostenibilitat. Posteriorment, va dirigir algunes de les filials del Grup, per despr\u00e9s assumir la Direcci\u00f3 General corporativa. Actualment, el Grup Carles est\u00e0 format per cinc empreses, m\u00e9s de 100 professionals i una llarga llista de clients i col\u00b7laboradors que remen per oferir serveis transversals en diferents \u00e0mbits. A m\u00e9s de ser Organitzaci\u00f3 Impulsora, el Grup Carles t\u00e9 la sort que el seu director sigui tamb\u00e9 Ambaixador de la Fundaci\u00f3 Impulsa a l\u2019Anoia.\" \/>\n<meta name=\"robots\" content=\"index, follow, max-snippet:-1, max-image-preview:large, max-video-preview:-1\" \/>\n<link rel=\"canonical\" href=\"https:\/\/www.fundacioimpulsa.org\/es\/quan-hi-ha-persones-que-queden-enrere-es-posa-en-risc-la-cohesio-social-i-cal-fer-hi-front-ja-que-les-seves-consequencies-tambe-impacten-en-el-mon-empresarial-xavier-carles\/\" \/>\n<meta property=\"og:locale\" content=\"es_ES\" \/>\n<meta property=\"og:type\" content=\"article\" \/>\n<meta property=\"og:title\" content=\"&quot;Cuando hay personas que se quedan atr\u00e1s, se pone en riesgo la cohesi\u00f3n social, y es necesario afrontarlo, ya que sus consecuencias tambi\u00e9n impactan en el mundo empresarial.&quot; \u2014 Xavier Carles - Fundacio Impulsa\" \/>\n<meta property=\"og:description\" content=\"Xavier Carles i Tort, \u00e9s soci i director general de Grup Carles. Enginyer t\u00e8cnic industrial en qu\u00edmica i mec\u00e0nica (UPC), i format en postgraus en gesti\u00f3 mediambiental i direcci\u00f3 empresarial (IESE), la seva incorporaci\u00f3 a l\u2019empresa va anar lligada amb la posada en marxa dels serveis de consultoria mediambiental, precursora de l\u2019\u00e0rea actual de Consultoria en Sostenibilitat. Posteriorment, va dirigir algunes de les filials del Grup, per despr\u00e9s assumir la Direcci\u00f3 General corporativa. Actualment, el Grup Carles est\u00e0 format per cinc empreses, m\u00e9s de 100 professionals i una llarga llista de clients i col\u00b7laboradors que remen per oferir serveis transversals en diferents \u00e0mbits. A m\u00e9s de ser Organitzaci\u00f3 Impulsora, el Grup Carles t\u00e9 la sort que el seu director sigui tamb\u00e9 Ambaixador de la Fundaci\u00f3 Impulsa a l\u2019Anoia.\" \/>\n<meta property=\"og:url\" content=\"https:\/\/www.fundacioimpulsa.org\/es\/quan-hi-ha-persones-que-queden-enrere-es-posa-en-risc-la-cohesio-social-i-cal-fer-hi-front-ja-que-les-seves-consequencies-tambe-impacten-en-el-mon-empresarial-xavier-carles\/\" \/>\n<meta property=\"og:site_name\" content=\"Fundacio Impulsa\" \/>\n<meta property=\"article:published_time\" content=\"2025-04-12T08:30:49+00:00\" \/>\n<meta property=\"article:modified_time\" content=\"2025-06-02T12:03:11+00:00\" \/>\n<meta property=\"og:image\" content=\"https:\/\/www.fundacioimpulsa.org\/wp-content\/uploads\/2025\/04\/Portada-noti-Fundacio-Impulsa-27.jpg\" \/>\n\t<meta property=\"og:image:width\" content=\"700\" \/>\n\t<meta property=\"og:image:height\" content=\"483\" \/>\n\t<meta property=\"og:image:type\" content=\"image\/jpeg\" \/>\n<meta name=\"author\" content=\"anna\" \/>\n<meta name=\"twitter:card\" content=\"summary_large_image\" \/>\n<meta name=\"twitter:label1\" content=\"Escrito por\" \/>\n\t<meta name=\"twitter:data1\" content=\"anna\" \/>\n\t<meta name=\"twitter:label2\" content=\"Tiempo de lectura\" \/>\n\t<meta name=\"twitter:data2\" content=\"7 minutos\" \/>\n<script type=\"application\/ld+json\" class=\"yoast-schema-graph\">{\"@context\":\"https:\\\/\\\/schema.org\",\"@graph\":[{\"@type\":\"Article\",\"@id\":\"https:\\\/\\\/www.fundacioimpulsa.org\\\/es\\\/quan-hi-ha-persones-que-queden-enrere-es-posa-en-risc-la-cohesio-social-i-cal-fer-hi-front-ja-que-les-seves-consequencies-tambe-impacten-en-el-mon-empresarial-xavier-carles\\\/#article\",\"isPartOf\":{\"@id\":\"https:\\\/\\\/www.fundacioimpulsa.org\\\/es\\\/quan-hi-ha-persones-que-queden-enrere-es-posa-en-risc-la-cohesio-social-i-cal-fer-hi-front-ja-que-les-seves-consequencies-tambe-impacten-en-el-mon-empresarial-xavier-carles\\\/\"},\"author\":{\"name\":\"anna\",\"@id\":\"https:\\\/\\\/www.fundacioimpulsa.org\\\/es\\\/#\\\/schema\\\/person\\\/8093abda9188d9065d7a02992af09c00\"},\"headline\":\"\u00abCuando hay personas que se quedan atr\u00e1s, se pone en riesgo la cohesi\u00f3n social, y es necesario afrontarlo, ya que sus consecuencias tambi\u00e9n impactan en el mundo empresarial.\u00bb \u2014 Xavier Carles\",\"datePublished\":\"2025-04-12T08:30:49+00:00\",\"dateModified\":\"2025-06-02T12:03:11+00:00\",\"mainEntityOfPage\":{\"@id\":\"https:\\\/\\\/www.fundacioimpulsa.org\\\/es\\\/quan-hi-ha-persones-que-queden-enrere-es-posa-en-risc-la-cohesio-social-i-cal-fer-hi-front-ja-que-les-seves-consequencies-tambe-impacten-en-el-mon-empresarial-xavier-carles\\\/\"},\"wordCount\":1374,\"image\":{\"@id\":\"https:\\\/\\\/www.fundacioimpulsa.org\\\/es\\\/quan-hi-ha-persones-que-queden-enrere-es-posa-en-risc-la-cohesio-social-i-cal-fer-hi-front-ja-que-les-seves-consequencies-tambe-impacten-en-el-mon-empresarial-xavier-carles\\\/#primaryimage\"},\"thumbnailUrl\":\"https:\\\/\\\/www.fundacioimpulsa.org\\\/wp-content\\\/uploads\\\/2025\\\/04\\\/Portada-noti-Fundacio-Impulsa-27.jpg\",\"keywords\":[\"#ProtagonistasImpulsa\"],\"articleSection\":[\"D\u00eda a D\u00eda\",\"Protagonistas Impulsa\"],\"inLanguage\":\"es\"},{\"@type\":\"WebPage\",\"@id\":\"https:\\\/\\\/www.fundacioimpulsa.org\\\/es\\\/quan-hi-ha-persones-que-queden-enrere-es-posa-en-risc-la-cohesio-social-i-cal-fer-hi-front-ja-que-les-seves-consequencies-tambe-impacten-en-el-mon-empresarial-xavier-carles\\\/\",\"url\":\"https:\\\/\\\/www.fundacioimpulsa.org\\\/es\\\/quan-hi-ha-persones-que-queden-enrere-es-posa-en-risc-la-cohesio-social-i-cal-fer-hi-front-ja-que-les-seves-consequencies-tambe-impacten-en-el-mon-empresarial-xavier-carles\\\/\",\"name\":\"\\\"Cuando hay personas que se quedan atr\u00e1s, se pone en riesgo la cohesi\u00f3n social, y es necesario afrontarlo, ya que sus consecuencias tambi\u00e9n impactan en el mundo empresarial.\\\" \u2014 Xavier Carles - Fundacio Impulsa\",\"isPartOf\":{\"@id\":\"https:\\\/\\\/www.fundacioimpulsa.org\\\/es\\\/#website\"},\"primaryImageOfPage\":{\"@id\":\"https:\\\/\\\/www.fundacioimpulsa.org\\\/es\\\/quan-hi-ha-persones-que-queden-enrere-es-posa-en-risc-la-cohesio-social-i-cal-fer-hi-front-ja-que-les-seves-consequencies-tambe-impacten-en-el-mon-empresarial-xavier-carles\\\/#primaryimage\"},\"image\":{\"@id\":\"https:\\\/\\\/www.fundacioimpulsa.org\\\/es\\\/quan-hi-ha-persones-que-queden-enrere-es-posa-en-risc-la-cohesio-social-i-cal-fer-hi-front-ja-que-les-seves-consequencies-tambe-impacten-en-el-mon-empresarial-xavier-carles\\\/#primaryimage\"},\"thumbnailUrl\":\"https:\\\/\\\/www.fundacioimpulsa.org\\\/wp-content\\\/uploads\\\/2025\\\/04\\\/Portada-noti-Fundacio-Impulsa-27.jpg\",\"datePublished\":\"2025-04-12T08:30:49+00:00\",\"dateModified\":\"2025-06-02T12:03:11+00:00\",\"author\":{\"@id\":\"https:\\\/\\\/www.fundacioimpulsa.org\\\/es\\\/#\\\/schema\\\/person\\\/8093abda9188d9065d7a02992af09c00\"},\"description\":\"Xavier Carles i Tort, \u00e9s soci i director general de Grup Carles. Enginyer t\u00e8cnic industrial en qu\u00edmica i mec\u00e0nica (UPC), i format en postgraus en gesti\u00f3 mediambiental i direcci\u00f3 empresarial (IESE), la seva incorporaci\u00f3 a l\u2019empresa va anar lligada amb la posada en marxa dels serveis de consultoria mediambiental, precursora de l\u2019\u00e0rea actual de Consultoria en Sostenibilitat. Posteriorment, va dirigir algunes de les filials del Grup, per despr\u00e9s assumir la Direcci\u00f3 General corporativa. Actualment, el Grup Carles est\u00e0 format per cinc empreses, m\u00e9s de 100 professionals i una llarga llista de clients i col\u00b7laboradors que remen per oferir serveis transversals en diferents \u00e0mbits. A m\u00e9s de ser Organitzaci\u00f3 Impulsora, el Grup Carles t\u00e9 la sort que el seu director sigui tamb\u00e9 Ambaixador de la Fundaci\u00f3 Impulsa a l\u2019Anoia.\",\"breadcrumb\":{\"@id\":\"https:\\\/\\\/www.fundacioimpulsa.org\\\/es\\\/quan-hi-ha-persones-que-queden-enrere-es-posa-en-risc-la-cohesio-social-i-cal-fer-hi-front-ja-que-les-seves-consequencies-tambe-impacten-en-el-mon-empresarial-xavier-carles\\\/#breadcrumb\"},\"inLanguage\":\"es\",\"potentialAction\":[{\"@type\":\"ReadAction\",\"target\":[\"https:\\\/\\\/www.fundacioimpulsa.org\\\/es\\\/quan-hi-ha-persones-que-queden-enrere-es-posa-en-risc-la-cohesio-social-i-cal-fer-hi-front-ja-que-les-seves-consequencies-tambe-impacten-en-el-mon-empresarial-xavier-carles\\\/\"]}]},{\"@type\":\"ImageObject\",\"inLanguage\":\"es\",\"@id\":\"https:\\\/\\\/www.fundacioimpulsa.org\\\/es\\\/quan-hi-ha-persones-que-queden-enrere-es-posa-en-risc-la-cohesio-social-i-cal-fer-hi-front-ja-que-les-seves-consequencies-tambe-impacten-en-el-mon-empresarial-xavier-carles\\\/#primaryimage\",\"url\":\"https:\\\/\\\/www.fundacioimpulsa.org\\\/wp-content\\\/uploads\\\/2025\\\/04\\\/Portada-noti-Fundacio-Impulsa-27.jpg\",\"contentUrl\":\"https:\\\/\\\/www.fundacioimpulsa.org\\\/wp-content\\\/uploads\\\/2025\\\/04\\\/Portada-noti-Fundacio-Impulsa-27.jpg\",\"width\":700,\"height\":483},{\"@type\":\"BreadcrumbList\",\"@id\":\"https:\\\/\\\/www.fundacioimpulsa.org\\\/es\\\/quan-hi-ha-persones-que-queden-enrere-es-posa-en-risc-la-cohesio-social-i-cal-fer-hi-front-ja-que-les-seves-consequencies-tambe-impacten-en-el-mon-empresarial-xavier-carles\\\/#breadcrumb\",\"itemListElement\":[{\"@type\":\"ListItem\",\"position\":1,\"name\":\"Inici\",\"item\":\"https:\\\/\\\/www.fundacioimpulsa.org\\\/es\\\/fundacio-impulsa\\\/\"},{\"@type\":\"ListItem\",\"position\":2,\"name\":\"&#8220;Cuando hay personas que se quedan atr\u00e1s, se pone en riesgo la cohesi\u00f3n social, y es necesario afrontarlo, ya que sus consecuencias tambi\u00e9n impactan en el mundo empresarial.&#8221; \u2014 Xavier Carles\"}]},{\"@type\":\"WebSite\",\"@id\":\"https:\\\/\\\/www.fundacioimpulsa.org\\\/es\\\/#website\",\"url\":\"https:\\\/\\\/www.fundacioimpulsa.org\\\/es\\\/\",\"name\":\"Fundacio Impulsa\",\"description\":\"\",\"potentialAction\":[{\"@type\":\"SearchAction\",\"target\":{\"@type\":\"EntryPoint\",\"urlTemplate\":\"https:\\\/\\\/www.fundacioimpulsa.org\\\/es\\\/?s={search_term_string}\"},\"query-input\":{\"@type\":\"PropertyValueSpecification\",\"valueRequired\":true,\"valueName\":\"search_term_string\"}}],\"inLanguage\":\"es\"},{\"@type\":\"Person\",\"@id\":\"https:\\\/\\\/www.fundacioimpulsa.org\\\/es\\\/#\\\/schema\\\/person\\\/8093abda9188d9065d7a02992af09c00\",\"name\":\"anna\",\"image\":{\"@type\":\"ImageObject\",\"inLanguage\":\"es\",\"@id\":\"https:\\\/\\\/secure.gravatar.com\\\/avatar\\\/098ca997a3814bde9b9ec5e5dfa4ad0ee9a251cd4cf1b86b7c008606c50d48c9?s=96&d=mm&r=g\",\"url\":\"https:\\\/\\\/secure.gravatar.com\\\/avatar\\\/098ca997a3814bde9b9ec5e5dfa4ad0ee9a251cd4cf1b86b7c008606c50d48c9?s=96&d=mm&r=g\",\"contentUrl\":\"https:\\\/\\\/secure.gravatar.com\\\/avatar\\\/098ca997a3814bde9b9ec5e5dfa4ad0ee9a251cd4cf1b86b7c008606c50d48c9?s=96&d=mm&r=g\",\"caption\":\"anna\"},\"url\":\"https:\\\/\\\/www.fundacioimpulsa.org\\\/es\\\/author\\\/anna\\\/\"}]}<\/script>\n<!-- \/ Yoast SEO plugin. -->","yoast_head_json":{"title":"\"Cuando hay personas que se quedan atr\u00e1s, se pone en riesgo la cohesi\u00f3n social, y es necesario afrontarlo, ya que sus consecuencias tambi\u00e9n impactan en el mundo empresarial.\" \u2014 Xavier Carles - Fundacio Impulsa","description":"Xavier Carles i Tort, \u00e9s soci i director general de Grup Carles. Enginyer t\u00e8cnic industrial en qu\u00edmica i mec\u00e0nica (UPC), i format en postgraus en gesti\u00f3 mediambiental i direcci\u00f3 empresarial (IESE), la seva incorporaci\u00f3 a l\u2019empresa va anar lligada amb la posada en marxa dels serveis de consultoria mediambiental, precursora de l\u2019\u00e0rea actual de Consultoria en Sostenibilitat. Posteriorment, va dirigir algunes de les filials del Grup, per despr\u00e9s assumir la Direcci\u00f3 General corporativa. Actualment, el Grup Carles est\u00e0 format per cinc empreses, m\u00e9s de 100 professionals i una llarga llista de clients i col\u00b7laboradors que remen per oferir serveis transversals en diferents \u00e0mbits. A m\u00e9s de ser Organitzaci\u00f3 Impulsora, el Grup Carles t\u00e9 la sort que el seu director sigui tamb\u00e9 Ambaixador de la Fundaci\u00f3 Impulsa a l\u2019Anoia.","robots":{"index":"index","follow":"follow","max-snippet":"max-snippet:-1","max-image-preview":"max-image-preview:large","max-video-preview":"max-video-preview:-1"},"canonical":"https:\/\/www.fundacioimpulsa.org\/es\/quan-hi-ha-persones-que-queden-enrere-es-posa-en-risc-la-cohesio-social-i-cal-fer-hi-front-ja-que-les-seves-consequencies-tambe-impacten-en-el-mon-empresarial-xavier-carles\/","og_locale":"es_ES","og_type":"article","og_title":"\"Cuando hay personas que se quedan atr\u00e1s, se pone en riesgo la cohesi\u00f3n social, y es necesario afrontarlo, ya que sus consecuencias tambi\u00e9n impactan en el mundo empresarial.\" \u2014 Xavier Carles - Fundacio Impulsa","og_description":"Xavier Carles i Tort, \u00e9s soci i director general de Grup Carles. Enginyer t\u00e8cnic industrial en qu\u00edmica i mec\u00e0nica (UPC), i format en postgraus en gesti\u00f3 mediambiental i direcci\u00f3 empresarial (IESE), la seva incorporaci\u00f3 a l\u2019empresa va anar lligada amb la posada en marxa dels serveis de consultoria mediambiental, precursora de l\u2019\u00e0rea actual de Consultoria en Sostenibilitat. Posteriorment, va dirigir algunes de les filials del Grup, per despr\u00e9s assumir la Direcci\u00f3 General corporativa. Actualment, el Grup Carles est\u00e0 format per cinc empreses, m\u00e9s de 100 professionals i una llarga llista de clients i col\u00b7laboradors que remen per oferir serveis transversals en diferents \u00e0mbits. A m\u00e9s de ser Organitzaci\u00f3 Impulsora, el Grup Carles t\u00e9 la sort que el seu director sigui tamb\u00e9 Ambaixador de la Fundaci\u00f3 Impulsa a l\u2019Anoia.","og_url":"https:\/\/www.fundacioimpulsa.org\/es\/quan-hi-ha-persones-que-queden-enrere-es-posa-en-risc-la-cohesio-social-i-cal-fer-hi-front-ja-que-les-seves-consequencies-tambe-impacten-en-el-mon-empresarial-xavier-carles\/","og_site_name":"Fundacio Impulsa","article_published_time":"2025-04-12T08:30:49+00:00","article_modified_time":"2025-06-02T12:03:11+00:00","og_image":[{"width":700,"height":483,"url":"https:\/\/www.fundacioimpulsa.org\/wp-content\/uploads\/2025\/04\/Portada-noti-Fundacio-Impulsa-27.jpg","type":"image\/jpeg"}],"author":"anna","twitter_card":"summary_large_image","twitter_misc":{"Escrito por":"anna","Tiempo de lectura":"7 minutos"},"schema":{"@context":"https:\/\/schema.org","@graph":[{"@type":"Article","@id":"https:\/\/www.fundacioimpulsa.org\/es\/quan-hi-ha-persones-que-queden-enrere-es-posa-en-risc-la-cohesio-social-i-cal-fer-hi-front-ja-que-les-seves-consequencies-tambe-impacten-en-el-mon-empresarial-xavier-carles\/#article","isPartOf":{"@id":"https:\/\/www.fundacioimpulsa.org\/es\/quan-hi-ha-persones-que-queden-enrere-es-posa-en-risc-la-cohesio-social-i-cal-fer-hi-front-ja-que-les-seves-consequencies-tambe-impacten-en-el-mon-empresarial-xavier-carles\/"},"author":{"name":"anna","@id":"https:\/\/www.fundacioimpulsa.org\/es\/#\/schema\/person\/8093abda9188d9065d7a02992af09c00"},"headline":"\u00abCuando hay personas que se quedan atr\u00e1s, se pone en riesgo la cohesi\u00f3n social, y es necesario afrontarlo, ya que sus consecuencias tambi\u00e9n impactan en el mundo empresarial.\u00bb \u2014 Xavier Carles","datePublished":"2025-04-12T08:30:49+00:00","dateModified":"2025-06-02T12:03:11+00:00","mainEntityOfPage":{"@id":"https:\/\/www.fundacioimpulsa.org\/es\/quan-hi-ha-persones-que-queden-enrere-es-posa-en-risc-la-cohesio-social-i-cal-fer-hi-front-ja-que-les-seves-consequencies-tambe-impacten-en-el-mon-empresarial-xavier-carles\/"},"wordCount":1374,"image":{"@id":"https:\/\/www.fundacioimpulsa.org\/es\/quan-hi-ha-persones-que-queden-enrere-es-posa-en-risc-la-cohesio-social-i-cal-fer-hi-front-ja-que-les-seves-consequencies-tambe-impacten-en-el-mon-empresarial-xavier-carles\/#primaryimage"},"thumbnailUrl":"https:\/\/www.fundacioimpulsa.org\/wp-content\/uploads\/2025\/04\/Portada-noti-Fundacio-Impulsa-27.jpg","keywords":["#ProtagonistasImpulsa"],"articleSection":["D\u00eda a D\u00eda","Protagonistas Impulsa"],"inLanguage":"es"},{"@type":"WebPage","@id":"https:\/\/www.fundacioimpulsa.org\/es\/quan-hi-ha-persones-que-queden-enrere-es-posa-en-risc-la-cohesio-social-i-cal-fer-hi-front-ja-que-les-seves-consequencies-tambe-impacten-en-el-mon-empresarial-xavier-carles\/","url":"https:\/\/www.fundacioimpulsa.org\/es\/quan-hi-ha-persones-que-queden-enrere-es-posa-en-risc-la-cohesio-social-i-cal-fer-hi-front-ja-que-les-seves-consequencies-tambe-impacten-en-el-mon-empresarial-xavier-carles\/","name":"\"Cuando hay personas que se quedan atr\u00e1s, se pone en riesgo la cohesi\u00f3n social, y es necesario afrontarlo, ya que sus consecuencias tambi\u00e9n impactan en el mundo empresarial.\" \u2014 Xavier Carles - Fundacio Impulsa","isPartOf":{"@id":"https:\/\/www.fundacioimpulsa.org\/es\/#website"},"primaryImageOfPage":{"@id":"https:\/\/www.fundacioimpulsa.org\/es\/quan-hi-ha-persones-que-queden-enrere-es-posa-en-risc-la-cohesio-social-i-cal-fer-hi-front-ja-que-les-seves-consequencies-tambe-impacten-en-el-mon-empresarial-xavier-carles\/#primaryimage"},"image":{"@id":"https:\/\/www.fundacioimpulsa.org\/es\/quan-hi-ha-persones-que-queden-enrere-es-posa-en-risc-la-cohesio-social-i-cal-fer-hi-front-ja-que-les-seves-consequencies-tambe-impacten-en-el-mon-empresarial-xavier-carles\/#primaryimage"},"thumbnailUrl":"https:\/\/www.fundacioimpulsa.org\/wp-content\/uploads\/2025\/04\/Portada-noti-Fundacio-Impulsa-27.jpg","datePublished":"2025-04-12T08:30:49+00:00","dateModified":"2025-06-02T12:03:11+00:00","author":{"@id":"https:\/\/www.fundacioimpulsa.org\/es\/#\/schema\/person\/8093abda9188d9065d7a02992af09c00"},"description":"Xavier Carles i Tort, \u00e9s soci i director general de Grup Carles. Enginyer t\u00e8cnic industrial en qu\u00edmica i mec\u00e0nica (UPC), i format en postgraus en gesti\u00f3 mediambiental i direcci\u00f3 empresarial (IESE), la seva incorporaci\u00f3 a l\u2019empresa va anar lligada amb la posada en marxa dels serveis de consultoria mediambiental, precursora de l\u2019\u00e0rea actual de Consultoria en Sostenibilitat. Posteriorment, va dirigir algunes de les filials del Grup, per despr\u00e9s assumir la Direcci\u00f3 General corporativa. Actualment, el Grup Carles est\u00e0 format per cinc empreses, m\u00e9s de 100 professionals i una llarga llista de clients i col\u00b7laboradors que remen per oferir serveis transversals en diferents \u00e0mbits. A m\u00e9s de ser Organitzaci\u00f3 Impulsora, el Grup Carles t\u00e9 la sort que el seu director sigui tamb\u00e9 Ambaixador de la Fundaci\u00f3 Impulsa a l\u2019Anoia.","breadcrumb":{"@id":"https:\/\/www.fundacioimpulsa.org\/es\/quan-hi-ha-persones-que-queden-enrere-es-posa-en-risc-la-cohesio-social-i-cal-fer-hi-front-ja-que-les-seves-consequencies-tambe-impacten-en-el-mon-empresarial-xavier-carles\/#breadcrumb"},"inLanguage":"es","potentialAction":[{"@type":"ReadAction","target":["https:\/\/www.fundacioimpulsa.org\/es\/quan-hi-ha-persones-que-queden-enrere-es-posa-en-risc-la-cohesio-social-i-cal-fer-hi-front-ja-que-les-seves-consequencies-tambe-impacten-en-el-mon-empresarial-xavier-carles\/"]}]},{"@type":"ImageObject","inLanguage":"es","@id":"https:\/\/www.fundacioimpulsa.org\/es\/quan-hi-ha-persones-que-queden-enrere-es-posa-en-risc-la-cohesio-social-i-cal-fer-hi-front-ja-que-les-seves-consequencies-tambe-impacten-en-el-mon-empresarial-xavier-carles\/#primaryimage","url":"https:\/\/www.fundacioimpulsa.org\/wp-content\/uploads\/2025\/04\/Portada-noti-Fundacio-Impulsa-27.jpg","contentUrl":"https:\/\/www.fundacioimpulsa.org\/wp-content\/uploads\/2025\/04\/Portada-noti-Fundacio-Impulsa-27.jpg","width":700,"height":483},{"@type":"BreadcrumbList","@id":"https:\/\/www.fundacioimpulsa.org\/es\/quan-hi-ha-persones-que-queden-enrere-es-posa-en-risc-la-cohesio-social-i-cal-fer-hi-front-ja-que-les-seves-consequencies-tambe-impacten-en-el-mon-empresarial-xavier-carles\/#breadcrumb","itemListElement":[{"@type":"ListItem","position":1,"name":"Inici","item":"https:\/\/www.fundacioimpulsa.org\/es\/fundacio-impulsa\/"},{"@type":"ListItem","position":2,"name":"&#8220;Cuando hay personas que se quedan atr\u00e1s, se pone en riesgo la cohesi\u00f3n social, y es necesario afrontarlo, ya que sus consecuencias tambi\u00e9n impactan en el mundo empresarial.&#8221; \u2014 Xavier Carles"}]},{"@type":"WebSite","@id":"https:\/\/www.fundacioimpulsa.org\/es\/#website","url":"https:\/\/www.fundacioimpulsa.org\/es\/","name":"Fundacio Impulsa","description":"","potentialAction":[{"@type":"SearchAction","target":{"@type":"EntryPoint","urlTemplate":"https:\/\/www.fundacioimpulsa.org\/es\/?s={search_term_string}"},"query-input":{"@type":"PropertyValueSpecification","valueRequired":true,"valueName":"search_term_string"}}],"inLanguage":"es"},{"@type":"Person","@id":"https:\/\/www.fundacioimpulsa.org\/es\/#\/schema\/person\/8093abda9188d9065d7a02992af09c00","name":"anna","image":{"@type":"ImageObject","inLanguage":"es","@id":"https:\/\/secure.gravatar.com\/avatar\/098ca997a3814bde9b9ec5e5dfa4ad0ee9a251cd4cf1b86b7c008606c50d48c9?s=96&d=mm&r=g","url":"https:\/\/secure.gravatar.com\/avatar\/098ca997a3814bde9b9ec5e5dfa4ad0ee9a251cd4cf1b86b7c008606c50d48c9?s=96&d=mm&r=g","contentUrl":"https:\/\/secure.gravatar.com\/avatar\/098ca997a3814bde9b9ec5e5dfa4ad0ee9a251cd4cf1b86b7c008606c50d48c9?s=96&d=mm&r=g","caption":"anna"},"url":"https:\/\/www.fundacioimpulsa.org\/es\/author\/anna\/"}]}},"publishpress_future_action":{"enabled":false,"date":"2026-05-07 12:28:50","action":"change-status","newStatus":"draft","terms":[],"taxonomy":"category","extraData":[]},"publishpress_future_workflow_manual_trigger":{"enabledWorkflows":[]},"_links":{"self":[{"href":"https:\/\/www.fundacioimpulsa.org\/es\/wp-json\/wp\/v2\/posts\/12965","targetHints":{"allow":["GET"]}}],"collection":[{"href":"https:\/\/www.fundacioimpulsa.org\/es\/wp-json\/wp\/v2\/posts"}],"about":[{"href":"https:\/\/www.fundacioimpulsa.org\/es\/wp-json\/wp\/v2\/types\/post"}],"author":[{"embeddable":true,"href":"https:\/\/www.fundacioimpulsa.org\/es\/wp-json\/wp\/v2\/users\/10"}],"replies":[{"embeddable":true,"href":"https:\/\/www.fundacioimpulsa.org\/es\/wp-json\/wp\/v2\/comments?post=12965"}],"version-history":[{"count":2,"href":"https:\/\/www.fundacioimpulsa.org\/es\/wp-json\/wp\/v2\/posts\/12965\/revisions"}],"predecessor-version":[{"id":12966,"href":"https:\/\/www.fundacioimpulsa.org\/es\/wp-json\/wp\/v2\/posts\/12965\/revisions\/12966"}],"wp:featuredmedia":[{"embeddable":true,"href":"https:\/\/www.fundacioimpulsa.org\/es\/wp-json\/wp\/v2\/media\/12788"}],"wp:attachment":[{"href":"https:\/\/www.fundacioimpulsa.org\/es\/wp-json\/wp\/v2\/media?parent=12965"}],"wp:term":[{"taxonomy":"category","embeddable":true,"href":"https:\/\/www.fundacioimpulsa.org\/es\/wp-json\/wp\/v2\/categories?post=12965"},{"taxonomy":"post_tag","embeddable":true,"href":"https:\/\/www.fundacioimpulsa.org\/es\/wp-json\/wp\/v2\/tags?post=12965"}],"curies":[{"name":"wp","href":"https:\/\/api.w.org\/{rel}","templated":true}]}}