{"id":12971,"date":"2025-05-08T06:27:17","date_gmt":"2025-05-08T04:27:17","guid":{"rendered":"https:\/\/www.fundacioimpulsa.org\/campanya-mentoria-2025\/"},"modified":"2025-06-02T14:12:53","modified_gmt":"2025-06-02T12:12:53","slug":"campanya-mentoria-2025","status":"publish","type":"post","link":"https:\/\/www.fundacioimpulsa.org\/es\/campanya-mentoria-2025\/","title":{"rendered":"Buscamos 100 nuevos mentores\/as para transformar el futuro de los j\u00f3venes en situaci\u00f3n de vulnerabilidad"},"content":{"rendered":"<p><img loading=\"lazy\" decoding=\"async\" class=\"alignnone wp-image-12822\" src=\"https:\/\/www.fundacioimpulsa.org\/wp-content\/uploads\/2025\/05\/Mentoria_Web-300x207.jpg\" alt=\"\" width=\"720\" height=\"497\" srcset=\"https:\/\/www.fundacioimpulsa.org\/wp-content\/uploads\/2025\/05\/Mentoria_Web-300x207.jpg 300w, https:\/\/www.fundacioimpulsa.org\/wp-content\/uploads\/2025\/05\/Mentoria_Web-768x529.jpg 768w, https:\/\/www.fundacioimpulsa.org\/wp-content\/uploads\/2025\/05\/Mentoria_Web-705x486.jpg 705w, https:\/\/www.fundacioimpulsa.org\/wp-content\/uploads\/2025\/05\/Mentoria_Web-769x530.jpg 769w, https:\/\/www.fundacioimpulsa.org\/wp-content\/uploads\/2025\/05\/Mentoria_Web-306x211.jpg 306w, https:\/\/www.fundacioimpulsa.org\/wp-content\/uploads\/2025\/05\/Mentoria_Web.jpg 875w\" sizes=\"auto, (max-width: 720px) 100vw, 720px\" \/><\/p>\n<p data-start=\"84\" data-end=\"335\"><strong>La Fundaci\u00f3 Impulsa abre la convocatoria para incorporar nuevos mentores y mentoras voluntarios que quieran acompa\u00f1ar a j\u00f3venes de entre 16 y 20 a\u00f1os que cursar\u00e1n un ciclo de Formaci\u00f3n Profesional el pr\u00f3ximo curso 2025-2026 gracias a la Beca Impulsa.<\/strong><\/p>\n<p data-start=\"337\" data-end=\"727\">El acompa\u00f1amiento es una pieza clave dentro del <strong>M\u00e9todo Impulsa<\/strong>, y por eso buscamos <strong>personas comprometidas, con esp\u00edritu solidario y ganas de compartir tiempo y experiencia con j\u00f3venes que quieren construir un futuro mejor<\/strong>. Este a\u00f1o, el objetivo es sumar <strong>100 nuevos mentores y mentoras<\/strong> a la red de voluntariado de la Fundaci\u00f3n, repartidos entre todos los territorios donde estamos presentes.<\/p>\n<p data-start=\"729\" data-end=\"1118\"><strong>Ser mentor <\/strong>es establecer un v\u00ednculo de confianza con un joven que inicia un ciclo formativo, acompa\u00f1arlo en su crecimiento personal y ayudarlo a ganar confianza, orientarlo y motivarlo para alcanzar sus retos. Los j\u00f3venes Impulsers provienen de situaciones socioecon\u00f3micas vulnerables, pero tienen un fuerte compromiso con los estudios y una gran motivaci\u00f3n para seguir adelante.<\/p>\n<p data-start=\"1120\" data-end=\"1158\"><strong data-start=\"1120\" data-end=\"1158\">\u00bfQu\u00e9 implica ser mentor o mentora?<\/strong><\/p>\n<p data-start=\"1160\" data-end=\"1237\">La Fundaci\u00f3n Impulsa tiene un programa de Mentor\u00eda muy completo, que incluye:<\/p>\n<ul data-start=\"1239\" data-end=\"1763\">\n<li data-start=\"1239\" data-end=\"1286\">\n<p data-start=\"1241\" data-end=\"1286\"><strong>Compromiso de m\u00ednimo un curso (\u00f3ptimo dos)<\/strong>.<\/p>\n<\/li>\n<li data-start=\"1287\" data-end=\"1415\">\n<p data-start=\"1289\" data-end=\"1415\"><strong>Dedicaci\u00f3n estimada: 5 horas mensuales<\/strong>, repartidas entre encuentros presenciales con el joven, formaciones y acompa\u00f1amiento.<\/p>\n<\/li>\n<li data-start=\"1416\" data-end=\"1552\">\n<p data-start=\"1418\" data-end=\"1552\"><strong>Acompa\u00f1amiento por una t\u00e9cnica de referencia<\/strong> del equipo psicopedag\u00f3gico, que orienta y gu\u00eda al mentor\/a en la relaci\u00f3n con el joven.<\/p>\n<\/li>\n<li data-start=\"1553\" data-end=\"1763\">\n<p data-start=\"1555\" data-end=\"1763\"><strong>Plan formativo espec\u00edfico<\/strong> que empieza incluso antes de conocer al joven, y que va proporcionando herramientas a los mentores para dar respuesta a las necesidades que ir\u00e1n surgiendo en su relaci\u00f3n de mentor\u00eda.<\/p>\n<\/li>\n<\/ul>\n<p data-start=\"1765\" data-end=\"2053\">Para este pr\u00f3ximo curso 2025 \u2013 2026, el Programa Impulsa Mentor\u00eda se desarrollar\u00e1 en los territorios de Osona, la Garrotxa, el Bergued\u00e0, el Moian\u00e8s, la Anoia, el Bages, el Baix Empord\u00e0, el Vall\u00e8s Occidental (Terrassa y Sabadell), el Giron\u00e8s, el Alt Pened\u00e8s, la Selva y el Pla de l\u2019Estany.<\/p>\n<p data-start=\"2060\" data-end=\"2115\"><strong data-start=\"2060\" data-end=\"2115\">Voluntariado individual vs Voluntariado corporativo<\/strong><\/p>\n<p data-start=\"2117\" data-end=\"2623\">La tarea de mentor\/a la puede realizar cualquier persona particular de m\u00e1s de 30 a\u00f1os con experiencia personal y profesional, y tambi\u00e9n a trav\u00e9s de un voluntariado corporativo dentro de la misma empresa donde trabaja. Todas aquellas Organizaciones Impulsoras que ya dan apoyo al proyecto a trav\u00e9s de un donativo, y que quieren desarrollar su RSC a trav\u00e9s de un voluntariado corporativo, pueden ofrecer a sus trabajadores la posibilidad de realizar un voluntariado como mentores\/as con la Fundaci\u00f3n Impulsa.<\/p>\n<p data-start=\"2630\" data-end=\"2707\"><strong data-start=\"2630\" data-end=\"2707\">Mentor\u00eda acreditada por el sello MC de la Coordinadora de Mentor\u00eda Social<\/strong><\/p>\n<p data-start=\"2709\" data-end=\"3212\"><strong>La Fundaci\u00f3 Impulsa cuenta con el sello MC de calidad en mentor\u00eda social<\/strong>, otorgado por la Coordinadora de Mentor\u00eda Social, que certifica que el programa de Impulsa cumple los est\u00e1ndares de calidad establecidos a nivel europeo. Esta acreditaci\u00f3n reconoce que el <strong>programa de mentor\u00eda de Impulsa es s\u00f3lido, estructurado y avalado por una metodolog\u00eda contrastada<\/strong>, y garantiza que el v\u00ednculo entre mentor y joven se basa en la confianza, el compromiso y un seguimiento riguroso por parte del equipo t\u00e9cnico.<\/p>\n<p data-start=\"3214\" data-end=\"3529\">Ser mentor\/a es una experiencia enriquecedora y transformadora, tanto para el joven como para la persona voluntaria. Ofrece la oportunidad de <strong>conectar con una generaci\u00f3n con talento, empuje y ganas de aprender<\/strong>, y de formar parte activa de un proyecto que lucha por la igualdad de oportunidades y la cohesi\u00f3n social.<\/p>\n<p data-start=\"3531\" data-end=\"3647\">Si est\u00e1s interesado en hacerte mentor\/a,<a href=\"https:\/\/www.fundacioimpulsa.org\/es\/formulari-mentors\/\"> inscr\u00edbete rellenando el formulario que encontrar\u00e1s en el siguiente enlace<\/a>.<\/p>\n<p data-start=\"3649\" data-end=\"3912\" data-is-last-node=\"\" data-is-only-node=\"\">En caso de que seas una empresa y est\u00e9s interesada en desarrollar un programa de voluntariado corporativo, en el que tus trabajadores puedan hacer de mentores de los j\u00f3venes de Impulsa, <a href=\"https:\/\/form.typeform.com\/to\/UN4MMBj1?typeform-source=www.fundacioimpulsa.org\">responde las siguientes preguntas en este enlace<\/a> y te contactaremos en breve.<\/p>\n","protected":false},"excerpt":{"rendered":"<p>La Fundaci\u00f3 Impulsa obre la convocat\u00f2ria per incorporar nous mentors i mentores voluntaris que vulguin acompanyar joves que cursaran un cicle de Formaci\u00f3 Professional el proper curs 2025-2026 gr\u00e0cies a la Beca Impulsa.\u00a0<\/p>\n","protected":false},"author":10,"featured_media":12740,"comment_status":"closed","ping_status":"closed","sticky":false,"template":"","format":"standard","meta":{"_acf_changed":false,"footnotes":""},"categories":[72,3],"tags":[118],"class_list":["post-12971","post","type-post","status-publish","format-standard","has-post-thumbnail","hentry","category-dia-a-dia-es","category-noticies","tag-mentoria-es"],"acf":[],"yoast_head":"<!-- This site is optimized with the Yoast SEO plugin v27.5 - https:\/\/yoast.com\/product\/yoast-seo-wordpress\/ -->\n<title>Buscamos 100 nuevos mentores\/as para transformar el futuro de los j\u00f3venes en situaci\u00f3n de vulnerabilidad - Fundacio Impulsa<\/title>\n<meta name=\"description\" content=\"La Fundaci\u00f3 Impulsa obre la convocat\u00f2ria per incorporar nous mentors i mentores voluntaris que vulguin acompanyar joves que cursaran un cicle de Formaci\u00f3 Professional el proper curs 2025-2026 gr\u00e0cies a la Beca Impulsa.\u00a0\" \/>\n<meta name=\"robots\" content=\"index, follow, max-snippet:-1, max-image-preview:large, max-video-preview:-1\" \/>\n<link rel=\"canonical\" href=\"https:\/\/www.fundacioimpulsa.org\/es\/campanya-mentoria-2025\/\" \/>\n<meta property=\"og:locale\" content=\"es_ES\" \/>\n<meta property=\"og:type\" content=\"article\" \/>\n<meta property=\"og:title\" content=\"Buscamos 100 nuevos mentores\/as para transformar el futuro de los j\u00f3venes en situaci\u00f3n de vulnerabilidad - Fundacio Impulsa\" \/>\n<meta property=\"og:description\" content=\"La Fundaci\u00f3 Impulsa obre la convocat\u00f2ria per incorporar nous mentors i mentores voluntaris que vulguin acompanyar joves que cursaran un cicle de Formaci\u00f3 Professional el proper curs 2025-2026 gr\u00e0cies a la Beca Impulsa.\u00a0\" \/>\n<meta property=\"og:url\" content=\"https:\/\/www.fundacioimpulsa.org\/es\/campanya-mentoria-2025\/\" \/>\n<meta property=\"og:site_name\" content=\"Fundacio Impulsa\" \/>\n<meta property=\"article:published_time\" content=\"2025-05-08T04:27:17+00:00\" \/>\n<meta property=\"article:modified_time\" content=\"2025-06-02T12:12:53+00:00\" \/>\n<meta property=\"og:image\" content=\"https:\/\/www.fundacioimpulsa.org\/wp-content\/uploads\/2025\/03\/Portada-noti-Fundacio-Impulsa-23.jpg\" \/>\n\t<meta property=\"og:image:width\" content=\"2188\" \/>\n\t<meta property=\"og:image:height\" content=\"1509\" \/>\n\t<meta property=\"og:image:type\" content=\"image\/jpeg\" \/>\n<meta name=\"author\" content=\"anna\" \/>\n<meta name=\"twitter:card\" content=\"summary_large_image\" \/>\n<meta name=\"twitter:label1\" content=\"Escrito por\" \/>\n\t<meta name=\"twitter:data1\" content=\"anna\" \/>\n\t<meta name=\"twitter:label2\" content=\"Tiempo de lectura\" \/>\n\t<meta name=\"twitter:data2\" content=\"4 minutos\" \/>\n<script type=\"application\/ld+json\" class=\"yoast-schema-graph\">{\"@context\":\"https:\\\/\\\/schema.org\",\"@graph\":[{\"@type\":\"Article\",\"@id\":\"https:\\\/\\\/www.fundacioimpulsa.org\\\/es\\\/campanya-mentoria-2025\\\/#article\",\"isPartOf\":{\"@id\":\"https:\\\/\\\/www.fundacioimpulsa.org\\\/es\\\/campanya-mentoria-2025\\\/\"},\"author\":{\"name\":\"anna\",\"@id\":\"https:\\\/\\\/www.fundacioimpulsa.org\\\/es\\\/#\\\/schema\\\/person\\\/8093abda9188d9065d7a02992af09c00\"},\"headline\":\"Buscamos 100 nuevos mentores\\\/as para transformar el futuro de los j\u00f3venes en situaci\u00f3n de vulnerabilidad\",\"datePublished\":\"2025-05-08T04:27:17+00:00\",\"dateModified\":\"2025-06-02T12:12:53+00:00\",\"mainEntityOfPage\":{\"@id\":\"https:\\\/\\\/www.fundacioimpulsa.org\\\/es\\\/campanya-mentoria-2025\\\/\"},\"wordCount\":663,\"image\":{\"@id\":\"https:\\\/\\\/www.fundacioimpulsa.org\\\/es\\\/campanya-mentoria-2025\\\/#primaryimage\"},\"thumbnailUrl\":\"https:\\\/\\\/www.fundacioimpulsa.org\\\/wp-content\\\/uploads\\\/2025\\\/03\\\/Portada-noti-Fundacio-Impulsa-23.jpg\",\"keywords\":[\"#Mentor\u00eda\"],\"articleSection\":[\"D\u00eda a D\u00eda\",\"Not\u00edcies\"],\"inLanguage\":\"es\"},{\"@type\":\"WebPage\",\"@id\":\"https:\\\/\\\/www.fundacioimpulsa.org\\\/es\\\/campanya-mentoria-2025\\\/\",\"url\":\"https:\\\/\\\/www.fundacioimpulsa.org\\\/es\\\/campanya-mentoria-2025\\\/\",\"name\":\"Buscamos 100 nuevos mentores\\\/as para transformar el futuro de los j\u00f3venes en situaci\u00f3n de vulnerabilidad - Fundacio Impulsa\",\"isPartOf\":{\"@id\":\"https:\\\/\\\/www.fundacioimpulsa.org\\\/es\\\/#website\"},\"primaryImageOfPage\":{\"@id\":\"https:\\\/\\\/www.fundacioimpulsa.org\\\/es\\\/campanya-mentoria-2025\\\/#primaryimage\"},\"image\":{\"@id\":\"https:\\\/\\\/www.fundacioimpulsa.org\\\/es\\\/campanya-mentoria-2025\\\/#primaryimage\"},\"thumbnailUrl\":\"https:\\\/\\\/www.fundacioimpulsa.org\\\/wp-content\\\/uploads\\\/2025\\\/03\\\/Portada-noti-Fundacio-Impulsa-23.jpg\",\"datePublished\":\"2025-05-08T04:27:17+00:00\",\"dateModified\":\"2025-06-02T12:12:53+00:00\",\"author\":{\"@id\":\"https:\\\/\\\/www.fundacioimpulsa.org\\\/es\\\/#\\\/schema\\\/person\\\/8093abda9188d9065d7a02992af09c00\"},\"description\":\"La Fundaci\u00f3 Impulsa obre la convocat\u00f2ria per incorporar nous mentors i mentores voluntaris que vulguin acompanyar joves que cursaran un cicle de Formaci\u00f3 Professional el proper curs 2025-2026 gr\u00e0cies a la Beca Impulsa.\u00a0\",\"breadcrumb\":{\"@id\":\"https:\\\/\\\/www.fundacioimpulsa.org\\\/es\\\/campanya-mentoria-2025\\\/#breadcrumb\"},\"inLanguage\":\"es\",\"potentialAction\":[{\"@type\":\"ReadAction\",\"target\":[\"https:\\\/\\\/www.fundacioimpulsa.org\\\/es\\\/campanya-mentoria-2025\\\/\"]}]},{\"@type\":\"ImageObject\",\"inLanguage\":\"es\",\"@id\":\"https:\\\/\\\/www.fundacioimpulsa.org\\\/es\\\/campanya-mentoria-2025\\\/#primaryimage\",\"url\":\"https:\\\/\\\/www.fundacioimpulsa.org\\\/wp-content\\\/uploads\\\/2025\\\/03\\\/Portada-noti-Fundacio-Impulsa-23.jpg\",\"contentUrl\":\"https:\\\/\\\/www.fundacioimpulsa.org\\\/wp-content\\\/uploads\\\/2025\\\/03\\\/Portada-noti-Fundacio-Impulsa-23.jpg\",\"width\":2188,\"height\":1509},{\"@type\":\"BreadcrumbList\",\"@id\":\"https:\\\/\\\/www.fundacioimpulsa.org\\\/es\\\/campanya-mentoria-2025\\\/#breadcrumb\",\"itemListElement\":[{\"@type\":\"ListItem\",\"position\":1,\"name\":\"Inici\",\"item\":\"https:\\\/\\\/www.fundacioimpulsa.org\\\/es\\\/fundacio-impulsa\\\/\"},{\"@type\":\"ListItem\",\"position\":2,\"name\":\"Buscamos 100 nuevos mentores\\\/as para transformar el futuro de los j\u00f3venes en situaci\u00f3n de vulnerabilidad\"}]},{\"@type\":\"WebSite\",\"@id\":\"https:\\\/\\\/www.fundacioimpulsa.org\\\/es\\\/#website\",\"url\":\"https:\\\/\\\/www.fundacioimpulsa.org\\\/es\\\/\",\"name\":\"Fundacio Impulsa\",\"description\":\"\",\"potentialAction\":[{\"@type\":\"SearchAction\",\"target\":{\"@type\":\"EntryPoint\",\"urlTemplate\":\"https:\\\/\\\/www.fundacioimpulsa.org\\\/es\\\/?s={search_term_string}\"},\"query-input\":{\"@type\":\"PropertyValueSpecification\",\"valueRequired\":true,\"valueName\":\"search_term_string\"}}],\"inLanguage\":\"es\"},{\"@type\":\"Person\",\"@id\":\"https:\\\/\\\/www.fundacioimpulsa.org\\\/es\\\/#\\\/schema\\\/person\\\/8093abda9188d9065d7a02992af09c00\",\"name\":\"anna\",\"image\":{\"@type\":\"ImageObject\",\"inLanguage\":\"es\",\"@id\":\"https:\\\/\\\/secure.gravatar.com\\\/avatar\\\/098ca997a3814bde9b9ec5e5dfa4ad0ee9a251cd4cf1b86b7c008606c50d48c9?s=96&d=mm&r=g\",\"url\":\"https:\\\/\\\/secure.gravatar.com\\\/avatar\\\/098ca997a3814bde9b9ec5e5dfa4ad0ee9a251cd4cf1b86b7c008606c50d48c9?s=96&d=mm&r=g\",\"contentUrl\":\"https:\\\/\\\/secure.gravatar.com\\\/avatar\\\/098ca997a3814bde9b9ec5e5dfa4ad0ee9a251cd4cf1b86b7c008606c50d48c9?s=96&d=mm&r=g\",\"caption\":\"anna\"},\"url\":\"https:\\\/\\\/www.fundacioimpulsa.org\\\/es\\\/author\\\/anna\\\/\"}]}<\/script>\n<!-- \/ Yoast SEO plugin. -->","yoast_head_json":{"title":"Buscamos 100 nuevos mentores\/as para transformar el futuro de los j\u00f3venes en situaci\u00f3n de vulnerabilidad - Fundacio Impulsa","description":"La Fundaci\u00f3 Impulsa obre la convocat\u00f2ria per incorporar nous mentors i mentores voluntaris que vulguin acompanyar joves que cursaran un cicle de Formaci\u00f3 Professional el proper curs 2025-2026 gr\u00e0cies a la Beca Impulsa.\u00a0","robots":{"index":"index","follow":"follow","max-snippet":"max-snippet:-1","max-image-preview":"max-image-preview:large","max-video-preview":"max-video-preview:-1"},"canonical":"https:\/\/www.fundacioimpulsa.org\/es\/campanya-mentoria-2025\/","og_locale":"es_ES","og_type":"article","og_title":"Buscamos 100 nuevos mentores\/as para transformar el futuro de los j\u00f3venes en situaci\u00f3n de vulnerabilidad - Fundacio Impulsa","og_description":"La Fundaci\u00f3 Impulsa obre la convocat\u00f2ria per incorporar nous mentors i mentores voluntaris que vulguin acompanyar joves que cursaran un cicle de Formaci\u00f3 Professional el proper curs 2025-2026 gr\u00e0cies a la Beca Impulsa.\u00a0","og_url":"https:\/\/www.fundacioimpulsa.org\/es\/campanya-mentoria-2025\/","og_site_name":"Fundacio Impulsa","article_published_time":"2025-05-08T04:27:17+00:00","article_modified_time":"2025-06-02T12:12:53+00:00","og_image":[{"width":2188,"height":1509,"url":"https:\/\/www.fundacioimpulsa.org\/wp-content\/uploads\/2025\/03\/Portada-noti-Fundacio-Impulsa-23.jpg","type":"image\/jpeg"}],"author":"anna","twitter_card":"summary_large_image","twitter_misc":{"Escrito por":"anna","Tiempo de lectura":"4 minutos"},"schema":{"@context":"https:\/\/schema.org","@graph":[{"@type":"Article","@id":"https:\/\/www.fundacioimpulsa.org\/es\/campanya-mentoria-2025\/#article","isPartOf":{"@id":"https:\/\/www.fundacioimpulsa.org\/es\/campanya-mentoria-2025\/"},"author":{"name":"anna","@id":"https:\/\/www.fundacioimpulsa.org\/es\/#\/schema\/person\/8093abda9188d9065d7a02992af09c00"},"headline":"Buscamos 100 nuevos mentores\/as para transformar el futuro de los j\u00f3venes en situaci\u00f3n de vulnerabilidad","datePublished":"2025-05-08T04:27:17+00:00","dateModified":"2025-06-02T12:12:53+00:00","mainEntityOfPage":{"@id":"https:\/\/www.fundacioimpulsa.org\/es\/campanya-mentoria-2025\/"},"wordCount":663,"image":{"@id":"https:\/\/www.fundacioimpulsa.org\/es\/campanya-mentoria-2025\/#primaryimage"},"thumbnailUrl":"https:\/\/www.fundacioimpulsa.org\/wp-content\/uploads\/2025\/03\/Portada-noti-Fundacio-Impulsa-23.jpg","keywords":["#Mentor\u00eda"],"articleSection":["D\u00eda a D\u00eda","Not\u00edcies"],"inLanguage":"es"},{"@type":"WebPage","@id":"https:\/\/www.fundacioimpulsa.org\/es\/campanya-mentoria-2025\/","url":"https:\/\/www.fundacioimpulsa.org\/es\/campanya-mentoria-2025\/","name":"Buscamos 100 nuevos mentores\/as para transformar el futuro de los j\u00f3venes en situaci\u00f3n de vulnerabilidad - Fundacio Impulsa","isPartOf":{"@id":"https:\/\/www.fundacioimpulsa.org\/es\/#website"},"primaryImageOfPage":{"@id":"https:\/\/www.fundacioimpulsa.org\/es\/campanya-mentoria-2025\/#primaryimage"},"image":{"@id":"https:\/\/www.fundacioimpulsa.org\/es\/campanya-mentoria-2025\/#primaryimage"},"thumbnailUrl":"https:\/\/www.fundacioimpulsa.org\/wp-content\/uploads\/2025\/03\/Portada-noti-Fundacio-Impulsa-23.jpg","datePublished":"2025-05-08T04:27:17+00:00","dateModified":"2025-06-02T12:12:53+00:00","author":{"@id":"https:\/\/www.fundacioimpulsa.org\/es\/#\/schema\/person\/8093abda9188d9065d7a02992af09c00"},"description":"La Fundaci\u00f3 Impulsa obre la convocat\u00f2ria per incorporar nous mentors i mentores voluntaris que vulguin acompanyar joves que cursaran un cicle de Formaci\u00f3 Professional el proper curs 2025-2026 gr\u00e0cies a la Beca Impulsa.\u00a0","breadcrumb":{"@id":"https:\/\/www.fundacioimpulsa.org\/es\/campanya-mentoria-2025\/#breadcrumb"},"inLanguage":"es","potentialAction":[{"@type":"ReadAction","target":["https:\/\/www.fundacioimpulsa.org\/es\/campanya-mentoria-2025\/"]}]},{"@type":"ImageObject","inLanguage":"es","@id":"https:\/\/www.fundacioimpulsa.org\/es\/campanya-mentoria-2025\/#primaryimage","url":"https:\/\/www.fundacioimpulsa.org\/wp-content\/uploads\/2025\/03\/Portada-noti-Fundacio-Impulsa-23.jpg","contentUrl":"https:\/\/www.fundacioimpulsa.org\/wp-content\/uploads\/2025\/03\/Portada-noti-Fundacio-Impulsa-23.jpg","width":2188,"height":1509},{"@type":"BreadcrumbList","@id":"https:\/\/www.fundacioimpulsa.org\/es\/campanya-mentoria-2025\/#breadcrumb","itemListElement":[{"@type":"ListItem","position":1,"name":"Inici","item":"https:\/\/www.fundacioimpulsa.org\/es\/fundacio-impulsa\/"},{"@type":"ListItem","position":2,"name":"Buscamos 100 nuevos mentores\/as para transformar el futuro de los j\u00f3venes en situaci\u00f3n de vulnerabilidad"}]},{"@type":"WebSite","@id":"https:\/\/www.fundacioimpulsa.org\/es\/#website","url":"https:\/\/www.fundacioimpulsa.org\/es\/","name":"Fundacio Impulsa","description":"","potentialAction":[{"@type":"SearchAction","target":{"@type":"EntryPoint","urlTemplate":"https:\/\/www.fundacioimpulsa.org\/es\/?s={search_term_string}"},"query-input":{"@type":"PropertyValueSpecification","valueRequired":true,"valueName":"search_term_string"}}],"inLanguage":"es"},{"@type":"Person","@id":"https:\/\/www.fundacioimpulsa.org\/es\/#\/schema\/person\/8093abda9188d9065d7a02992af09c00","name":"anna","image":{"@type":"ImageObject","inLanguage":"es","@id":"https:\/\/secure.gravatar.com\/avatar\/098ca997a3814bde9b9ec5e5dfa4ad0ee9a251cd4cf1b86b7c008606c50d48c9?s=96&d=mm&r=g","url":"https:\/\/secure.gravatar.com\/avatar\/098ca997a3814bde9b9ec5e5dfa4ad0ee9a251cd4cf1b86b7c008606c50d48c9?s=96&d=mm&r=g","contentUrl":"https:\/\/secure.gravatar.com\/avatar\/098ca997a3814bde9b9ec5e5dfa4ad0ee9a251cd4cf1b86b7c008606c50d48c9?s=96&d=mm&r=g","caption":"anna"},"url":"https:\/\/www.fundacioimpulsa.org\/es\/author\/anna\/"}]}},"publishpress_future_action":{"enabled":false,"date":"2026-05-07 16:55:20","action":"change-status","newStatus":"draft","terms":[],"taxonomy":"category","extraData":[]},"publishpress_future_workflow_manual_trigger":{"enabledWorkflows":[]},"_links":{"self":[{"href":"https:\/\/www.fundacioimpulsa.org\/es\/wp-json\/wp\/v2\/posts\/12971","targetHints":{"allow":["GET"]}}],"collection":[{"href":"https:\/\/www.fundacioimpulsa.org\/es\/wp-json\/wp\/v2\/posts"}],"about":[{"href":"https:\/\/www.fundacioimpulsa.org\/es\/wp-json\/wp\/v2\/types\/post"}],"author":[{"embeddable":true,"href":"https:\/\/www.fundacioimpulsa.org\/es\/wp-json\/wp\/v2\/users\/10"}],"replies":[{"embeddable":true,"href":"https:\/\/www.fundacioimpulsa.org\/es\/wp-json\/wp\/v2\/comments?post=12971"}],"version-history":[{"count":2,"href":"https:\/\/www.fundacioimpulsa.org\/es\/wp-json\/wp\/v2\/posts\/12971\/revisions"}],"predecessor-version":[{"id":12972,"href":"https:\/\/www.fundacioimpulsa.org\/es\/wp-json\/wp\/v2\/posts\/12971\/revisions\/12972"}],"wp:featuredmedia":[{"embeddable":true,"href":"https:\/\/www.fundacioimpulsa.org\/es\/wp-json\/wp\/v2\/media\/12740"}],"wp:attachment":[{"href":"https:\/\/www.fundacioimpulsa.org\/es\/wp-json\/wp\/v2\/media?parent=12971"}],"wp:term":[{"taxonomy":"category","embeddable":true,"href":"https:\/\/www.fundacioimpulsa.org\/es\/wp-json\/wp\/v2\/categories?post=12971"},{"taxonomy":"post_tag","embeddable":true,"href":"https:\/\/www.fundacioimpulsa.org\/es\/wp-json\/wp\/v2\/tags?post=12971"}],"curies":[{"name":"wp","href":"https:\/\/api.w.org\/{rel}","templated":true}]}}