{"id":12974,"date":"2025-05-12T13:49:50","date_gmt":"2025-05-12T11:49:50","guid":{"rendered":"https:\/\/www.fundacioimpulsa.org\/el-pla-de-lestany-nou-territori-en-el-que-la-fundacio-impulsa-becara-i-acompanyara-joves-perque-estudiin-un-cicle-de-fp-el-curs-2025-2026\/"},"modified":"2025-06-02T14:18:51","modified_gmt":"2025-06-02T12:18:51","slug":"el-pla-de-lestany-nou-territori-en-el-que-la-fundacio-impulsa-becara-i-acompanyara-joves-perque-estudiin-un-cicle-de-fp-el-curs-2025-2026","status":"publish","type":"post","link":"https:\/\/www.fundacioimpulsa.org\/es\/el-pla-de-lestany-nou-territori-en-el-que-la-fundacio-impulsa-becara-i-acompanyara-joves-perque-estudiin-un-cicle-de-fp-el-curs-2025-2026\/","title":{"rendered":"El Pla de l\u2019Estany, nuevo territorio en el que la Fundaci\u00f3 Impulsa becar\u00e1 y acompa\u00f1ar\u00e1 a j\u00f3venes para que estudien un ciclo de FP en el curso 2025-2026"},"content":{"rendered":"<p><img loading=\"lazy\" decoding=\"async\" class=\"alignnone wp-image-12849\" src=\"https:\/\/www.fundacioimpulsa.org\/wp-content\/uploads\/2025\/05\/WhatsApp-Image-2025-05-12-at-10.30.29-AM-300x225.jpeg\" alt=\"\" width=\"723\" height=\"542\" srcset=\"https:\/\/www.fundacioimpulsa.org\/wp-content\/uploads\/2025\/05\/WhatsApp-Image-2025-05-12-at-10.30.29-AM-300x225.jpeg 300w, https:\/\/www.fundacioimpulsa.org\/wp-content\/uploads\/2025\/05\/WhatsApp-Image-2025-05-12-at-10.30.29-AM-1030x773.jpeg 1030w, https:\/\/www.fundacioimpulsa.org\/wp-content\/uploads\/2025\/05\/WhatsApp-Image-2025-05-12-at-10.30.29-AM-768x576.jpeg 768w, https:\/\/www.fundacioimpulsa.org\/wp-content\/uploads\/2025\/05\/WhatsApp-Image-2025-05-12-at-10.30.29-AM-1536x1152.jpeg 1536w, https:\/\/www.fundacioimpulsa.org\/wp-content\/uploads\/2025\/05\/WhatsApp-Image-2025-05-12-at-10.30.29-AM-1500x1125.jpeg 1500w, https:\/\/www.fundacioimpulsa.org\/wp-content\/uploads\/2025\/05\/WhatsApp-Image-2025-05-12-at-10.30.29-AM-705x529.jpeg 705w, https:\/\/www.fundacioimpulsa.org\/wp-content\/uploads\/2025\/05\/WhatsApp-Image-2025-05-12-at-10.30.29-AM-707x530.jpeg 707w, https:\/\/www.fundacioimpulsa.org\/wp-content\/uploads\/2025\/05\/WhatsApp-Image-2025-05-12-at-10.30.29-AM-281x211.jpeg 281w, https:\/\/www.fundacioimpulsa.org\/wp-content\/uploads\/2025\/05\/WhatsApp-Image-2025-05-12-at-10.30.29-AM.jpeg 2000w\" sizes=\"auto, (max-width: 723px) 100vw, 723px\" \/><\/p>\n<p data-start=\"76\" data-end=\"721\">La Fundaci\u00f3n Impulsa sigue creciendo para garantizar que cada vez m\u00e1s j\u00f3venes tengan acceso a oportunidades educativas y laborales, independientemente de su situaci\u00f3n socioecon\u00f3mica. <strong>Para el pr\u00f3ximo curso 2025-2026, el Pla de l&#8217;Estany se incorpora como nuevo territorio de acci\u00f3n de Impulsa<\/strong>, gracias a los convenios firmados con el Ayuntamiento de Banyoles y el Consejo Comarcal del Pla de l\u2019Estany, la implicaci\u00f3n de Jaume Gelada, como nuevo Embajador de la Fundaci\u00f3n en la comarca, y el apoyo de la Fundaci\u00f3n Bosch Aymerich, con quien se ha firmado un convenio de colaboraci\u00f3n econ\u00f3mica, de la mano del miembro del Patronato, \u00c0ngel Dutras.<\/p>\n<p data-start=\"723\" data-end=\"1420\">Entre 8 y 10 son los j\u00f3venes del Pla de l\u2019Estany que el pr\u00f3ximo curso recibir\u00e1n la beca y el acompa\u00f1amiento de la Fundaci\u00f3n Impulsa para estudiar un ciclo de FP y construirse un futuro lleno de oportunidades. Durante este primer cuatrimestre del a\u00f1o 2025, el equipo de la Fundaci\u00f3n ha llevado a cabo el proceso de selecci\u00f3n en los 4 centros educativos de secundaria de la comarca (Institut Brugulat, Escola Casa Nostra, Institut Pere Alsius i Torrent e Institut Pla de l\u2019Estany), de donde han salido un total de 22 candidatos, de los cuales entre 8 y 10 ser\u00e1n notificados durante el mes de junio, tras todo el proceso de selecci\u00f3n, de su admisi\u00f3n como j\u00f3venes Impulsers de cara al curso 2025-2026.<\/p>\n<p data-start=\"1422\" data-end=\"2481\">La llegada de Impulsa al Pla de l\u2019Estany ha sido posible gracias a la firma de convenios de colaboraci\u00f3n con el Consejo Comarcal del Pla de l\u2019Estany y el Ayuntamiento de Banyoles, en un gesto de compromiso institucional para fomentar la formaci\u00f3n y las oportunidades laborales entre la juventud del territorio. El alcalde del Ayuntamiento de Banyoles, <strong>Sr. Miquel Noguer<\/strong>, considera que \u201ccon la creaci\u00f3n de este convenio sumamos una herramienta m\u00e1s al municipio y a la comarca para cubrir las necesidades que tenemos, como, en este caso, dar oportunidades a estos j\u00f3venes para que puedan recibir una formaci\u00f3n profesional, contribuyendo as\u00ed a mejorar sus expectativas de futuro. Es por este motivo que estamos orgullosos de que un proyecto como Impulsa se despliegue en nuestra casa\u201d. Por su parte, el presidente del Consejo Comarcal del Pla de l\u2019Estany, <strong>Sr. Francesc Casta\u00f1er<\/strong>, asegura que \u201ces una gran noticia que haya Fundaciones como Impulsa que den oportunidades all\u00ed donde la administraci\u00f3n p\u00fablica no puede llegar, ayudando a reducir el abandono escolar\u201d.<\/p>\n<p data-start=\"2483\" data-end=\"3501\">Tambi\u00e9n ha sido clave para entrar en la comarca del Pla de l\u2019Estany la figura del Embajador,<strong> Jaume Gelada<\/strong>, empresario de la comarca, copropietario y cofundador de la empresa Astech Food Machinery. Una persona arraigada al territorio, que est\u00e1 trabajando para crear redes de confianza y relaciones con el tejido empresarial, institucional y social de la comarca. Una tarea que ser\u00e1 necesario ampliar con la incorporaci\u00f3n de nuevas empresas comprometidas con el territorio. Gelada tuvo claro desde que conoci\u00f3 el proyecto de Impulsa que ser\u00eda muy interesante que los j\u00f3venes de la comarca pudieran optar a las becas y el acompa\u00f1amiento que se ofrece desde Impulsa: \u201c<em>Garantizar la igualdad de oportunidades entre los j\u00f3venes es muy importante, y la metodolog\u00eda que ha creado la Fundaci\u00f3n Impulsa es impresionante. Poder ayudar a que los j\u00f3venes puedan tener un mejor futuro nos permitir\u00e1 a todos construir una mejor sociedad. Todos tenemos una parte de responsabilidad en conseguirlo<\/em>\u201d, afirma Jaume Gelada como Embajador.<\/p>\n<p data-start=\"3503\" data-end=\"3539\"><strong data-start=\"3503\" data-end=\"3539\">Crecimiento sostenido de Impulsa<\/strong><\/p>\n<p data-start=\"3541\" data-end=\"5030\">Con esta nueva incorporaci\u00f3n, la Fundaci\u00f3n Impulsa ampl\u00eda su presencia territorial, consolidando un modelo de acompa\u00f1amiento integral que ya ha becado a m\u00e1s de 650 j\u00f3venes en Catalu\u00f1a. \u201c<em>Como Fundaci\u00f3n nos hemos marcado para los pr\u00f3ximos a\u00f1os poder llegar a todos los territorios de Catalu\u00f1a, con el objetivo de que cualquier joven con dificultades socioecon\u00f3micas y con motivaci\u00f3n para seguir estudiando, pueda optar a las becas y al acompa\u00f1amiento de la Fundaci\u00f3n Impulsa. En estos primeros 10 a\u00f1os de vida como Fundaci\u00f3n, los resultados muestran c\u00f3mo nuestro m\u00e9todo es una herramienta muy potente para evitar el abandono escolar. En Catalu\u00f1a, el abandono de la FP por parte de los estudiantes que la empiezan se sit\u00faa en torno al 50%, mientras que en Impulsa, m\u00e1s del 80% de los j\u00f3venes que han iniciado una FP con nosotros se grad\u00faa y obtiene el t\u00edtulo. Los resultados son muy buenos, y queremos que todo el territorio catal\u00e1n pueda beneficiarse de un proyecto con un impacto social tan potente<\/em>\u201d, argumenta la directora general de la Fundaci\u00f3n Impulsa, <strong>Rosa Pujols<\/strong>, que a\u00f1ade que \u201c<em>poder implantar el proyecto en el Pla de l\u2019Estany, con el apoyo de las instituciones p\u00fablicas locales y de la mano de Jaume Gelada como Embajador, es para Impulsa un acontecimiento importante que nos ayuda a estar un poco m\u00e1s cerca de nuestro objetivo de crecimiento, y que nos permite entrar en el territorio tejiendo una red de trabajo clave para poder llevar a cabo el proyecto de forma satisfactoria<\/em>\u201d.<\/p>\n<p data-start=\"5032\" data-end=\"5516\">Con la entrada del Pla de l\u2019Estany, ya son once los territorios en los que act\u00faa Impulsa, consolidando un modelo replicable y escalable que demuestra que invertir en educaci\u00f3n y talento joven es invertir en el futuro de nuestro pa\u00eds. Para el pr\u00f3ximo curso 2025-2026, la Fundaci\u00f3n Impulsa estar\u00e1 presente en los territorios de Osona, la Garrotxa, el Bergued\u00e0, el Moian\u00e8s, la Anoia, el Bages, el Baix Empord\u00e0, el Vall\u00e8s Occidental (Terrassa y Sabadell), el Giron\u00e8s y el Pla de l\u2019Estany.<\/p>\n","protected":false},"excerpt":{"rendered":"<p>La Fundaci\u00f3n Impulsa sigue creciendo para garantizar que cada vez m\u00e1s j\u00f3venes tengan acceso a oportunidades educativas y laborales, independientemente de su situaci\u00f3n socioecon\u00f3mica. Para el pr\u00f3ximo curso 2025-2026, el Pla de l&#8217;Estany se incorpora como nuevo territorio de acci\u00f3n de Impulsa, gracias a los convenios firmados con el Ayuntamiento de Banyoles y el Consejo Comarcal del Pla de l\u2019Estany, y a la implicaci\u00f3n de Jaume Gelada como nuevo Embajador de la Fundaci\u00f3n en la comarca.<\/p>\n","protected":false},"author":10,"featured_media":12850,"comment_status":"closed","ping_status":"closed","sticky":false,"template":"","format":"standard","meta":{"_acf_changed":false,"footnotes":""},"categories":[72],"tags":[81],"class_list":["post-12974","post","type-post","status-publish","format-standard","has-post-thumbnail","hentry","category-dia-a-dia-es","tag-bequesimpulsa-es"],"acf":[],"yoast_head":"<!-- This site is optimized with the Yoast SEO plugin v27.5 - https:\/\/yoast.com\/product\/yoast-seo-wordpress\/ -->\n<title>El Pla de l\u2019Estany, nuevo territorio en el que la Fundaci\u00f3 Impulsa becar\u00e1 y acompa\u00f1ar\u00e1 a j\u00f3venes para que estudien un ciclo de FP en el curso 2025-2026 - Fundacio Impulsa<\/title>\n<meta name=\"description\" content=\"La Fundaci\u00f3 Impulsa continua creixent per garantir que cada vegada m\u00e9s joves tinguin acc\u00e9s a oportunitats educatives i laborals, independentment de la seva situaci\u00f3 socioecon\u00f2mica. Per al proper curs 2025 - 2026, el Pla de l&#039;Estany s&#039;incorpora com a nou territori d&#039;acci\u00f3 d&#039;Impulsa, gr\u00e0cies als convenis signats amb l\u2019Ajuntament de Banyoles i el Consell Comarcal del Pla de l\u2019Estany i la implicaci\u00f3 de Jaume Gelada, com a nou Ambaixador de la Fundaci\u00f3 a la comarca.\u00a0\" \/>\n<meta name=\"robots\" content=\"index, follow, max-snippet:-1, max-image-preview:large, max-video-preview:-1\" \/>\n<link rel=\"canonical\" href=\"https:\/\/www.fundacioimpulsa.org\/es\/el-pla-de-lestany-nou-territori-en-el-que-la-fundacio-impulsa-becara-i-acompanyara-joves-perque-estudiin-un-cicle-de-fp-el-curs-2025-2026\/\" \/>\n<meta property=\"og:locale\" content=\"es_ES\" \/>\n<meta property=\"og:type\" content=\"article\" \/>\n<meta property=\"og:title\" content=\"El Pla de l\u2019Estany, nuevo territorio en el que la Fundaci\u00f3 Impulsa becar\u00e1 y acompa\u00f1ar\u00e1 a j\u00f3venes para que estudien un ciclo de FP en el curso 2025-2026 - Fundacio Impulsa\" \/>\n<meta property=\"og:description\" content=\"La Fundaci\u00f3 Impulsa continua creixent per garantir que cada vegada m\u00e9s joves tinguin acc\u00e9s a oportunitats educatives i laborals, independentment de la seva situaci\u00f3 socioecon\u00f2mica. Per al proper curs 2025 - 2026, el Pla de l&#039;Estany s&#039;incorpora com a nou territori d&#039;acci\u00f3 d&#039;Impulsa, gr\u00e0cies als convenis signats amb l\u2019Ajuntament de Banyoles i el Consell Comarcal del Pla de l\u2019Estany i la implicaci\u00f3 de Jaume Gelada, com a nou Ambaixador de la Fundaci\u00f3 a la comarca.\u00a0\" \/>\n<meta property=\"og:url\" content=\"https:\/\/www.fundacioimpulsa.org\/es\/el-pla-de-lestany-nou-territori-en-el-que-la-fundacio-impulsa-becara-i-acompanyara-joves-perque-estudiin-un-cicle-de-fp-el-curs-2025-2026\/\" \/>\n<meta property=\"og:site_name\" content=\"Fundacio Impulsa\" \/>\n<meta property=\"article:published_time\" content=\"2025-05-12T11:49:50+00:00\" \/>\n<meta property=\"article:modified_time\" content=\"2025-06-02T12:18:51+00:00\" \/>\n<meta property=\"og:image\" content=\"https:\/\/www.fundacioimpulsa.org\/wp-content\/uploads\/2025\/05\/WhatsApp-Image-2025-05-12-at-10.30.29-AM.jpeg\" \/>\n\t<meta property=\"og:image:width\" content=\"2000\" \/>\n\t<meta property=\"og:image:height\" content=\"1500\" \/>\n\t<meta property=\"og:image:type\" content=\"image\/jpeg\" \/>\n<meta name=\"author\" content=\"anna\" \/>\n<meta name=\"twitter:card\" content=\"summary_large_image\" \/>\n<meta name=\"twitter:label1\" content=\"Escrito por\" \/>\n\t<meta name=\"twitter:data1\" content=\"anna\" \/>\n\t<meta name=\"twitter:label2\" content=\"Tiempo de lectura\" \/>\n\t<meta name=\"twitter:data2\" content=\"6 minutos\" \/>\n<script type=\"application\/ld+json\" class=\"yoast-schema-graph\">{\"@context\":\"https:\\\/\\\/schema.org\",\"@graph\":[{\"@type\":\"Article\",\"@id\":\"https:\\\/\\\/www.fundacioimpulsa.org\\\/es\\\/el-pla-de-lestany-nou-territori-en-el-que-la-fundacio-impulsa-becara-i-acompanyara-joves-perque-estudiin-un-cicle-de-fp-el-curs-2025-2026\\\/#article\",\"isPartOf\":{\"@id\":\"https:\\\/\\\/www.fundacioimpulsa.org\\\/es\\\/el-pla-de-lestany-nou-territori-en-el-que-la-fundacio-impulsa-becara-i-acompanyara-joves-perque-estudiin-un-cicle-de-fp-el-curs-2025-2026\\\/\"},\"author\":{\"name\":\"anna\",\"@id\":\"https:\\\/\\\/www.fundacioimpulsa.org\\\/es\\\/#\\\/schema\\\/person\\\/8093abda9188d9065d7a02992af09c00\"},\"headline\":\"El Pla de l\u2019Estany, nuevo territorio en el que la Fundaci\u00f3 Impulsa becar\u00e1 y acompa\u00f1ar\u00e1 a j\u00f3venes para que estudien un ciclo de FP en el curso 2025-2026\",\"datePublished\":\"2025-05-12T11:49:50+00:00\",\"dateModified\":\"2025-06-02T12:18:51+00:00\",\"mainEntityOfPage\":{\"@id\":\"https:\\\/\\\/www.fundacioimpulsa.org\\\/es\\\/el-pla-de-lestany-nou-territori-en-el-que-la-fundacio-impulsa-becara-i-acompanyara-joves-perque-estudiin-un-cicle-de-fp-el-curs-2025-2026\\\/\"},\"wordCount\":997,\"image\":{\"@id\":\"https:\\\/\\\/www.fundacioimpulsa.org\\\/es\\\/el-pla-de-lestany-nou-territori-en-el-que-la-fundacio-impulsa-becara-i-acompanyara-joves-perque-estudiin-un-cicle-de-fp-el-curs-2025-2026\\\/#primaryimage\"},\"thumbnailUrl\":\"https:\\\/\\\/www.fundacioimpulsa.org\\\/wp-content\\\/uploads\\\/2025\\\/05\\\/WhatsApp-Image-2025-05-12-at-10.30.29-AM.jpeg\",\"keywords\":[\"#BecasImpulsa\"],\"articleSection\":[\"D\u00eda a D\u00eda\"],\"inLanguage\":\"es\"},{\"@type\":\"WebPage\",\"@id\":\"https:\\\/\\\/www.fundacioimpulsa.org\\\/es\\\/el-pla-de-lestany-nou-territori-en-el-que-la-fundacio-impulsa-becara-i-acompanyara-joves-perque-estudiin-un-cicle-de-fp-el-curs-2025-2026\\\/\",\"url\":\"https:\\\/\\\/www.fundacioimpulsa.org\\\/es\\\/el-pla-de-lestany-nou-territori-en-el-que-la-fundacio-impulsa-becara-i-acompanyara-joves-perque-estudiin-un-cicle-de-fp-el-curs-2025-2026\\\/\",\"name\":\"El Pla de l\u2019Estany, nuevo territorio en el que la Fundaci\u00f3 Impulsa becar\u00e1 y acompa\u00f1ar\u00e1 a j\u00f3venes para que estudien un ciclo de FP en el curso 2025-2026 - Fundacio Impulsa\",\"isPartOf\":{\"@id\":\"https:\\\/\\\/www.fundacioimpulsa.org\\\/es\\\/#website\"},\"primaryImageOfPage\":{\"@id\":\"https:\\\/\\\/www.fundacioimpulsa.org\\\/es\\\/el-pla-de-lestany-nou-territori-en-el-que-la-fundacio-impulsa-becara-i-acompanyara-joves-perque-estudiin-un-cicle-de-fp-el-curs-2025-2026\\\/#primaryimage\"},\"image\":{\"@id\":\"https:\\\/\\\/www.fundacioimpulsa.org\\\/es\\\/el-pla-de-lestany-nou-territori-en-el-que-la-fundacio-impulsa-becara-i-acompanyara-joves-perque-estudiin-un-cicle-de-fp-el-curs-2025-2026\\\/#primaryimage\"},\"thumbnailUrl\":\"https:\\\/\\\/www.fundacioimpulsa.org\\\/wp-content\\\/uploads\\\/2025\\\/05\\\/WhatsApp-Image-2025-05-12-at-10.30.29-AM.jpeg\",\"datePublished\":\"2025-05-12T11:49:50+00:00\",\"dateModified\":\"2025-06-02T12:18:51+00:00\",\"author\":{\"@id\":\"https:\\\/\\\/www.fundacioimpulsa.org\\\/es\\\/#\\\/schema\\\/person\\\/8093abda9188d9065d7a02992af09c00\"},\"description\":\"La Fundaci\u00f3 Impulsa continua creixent per garantir que cada vegada m\u00e9s joves tinguin acc\u00e9s a oportunitats educatives i laborals, independentment de la seva situaci\u00f3 socioecon\u00f2mica. Per al proper curs 2025 - 2026, el Pla de l'Estany s'incorpora com a nou territori d'acci\u00f3 d'Impulsa, gr\u00e0cies als convenis signats amb l\u2019Ajuntament de Banyoles i el Consell Comarcal del Pla de l\u2019Estany i la implicaci\u00f3 de Jaume Gelada, com a nou Ambaixador de la Fundaci\u00f3 a la comarca.\u00a0\",\"breadcrumb\":{\"@id\":\"https:\\\/\\\/www.fundacioimpulsa.org\\\/es\\\/el-pla-de-lestany-nou-territori-en-el-que-la-fundacio-impulsa-becara-i-acompanyara-joves-perque-estudiin-un-cicle-de-fp-el-curs-2025-2026\\\/#breadcrumb\"},\"inLanguage\":\"es\",\"potentialAction\":[{\"@type\":\"ReadAction\",\"target\":[\"https:\\\/\\\/www.fundacioimpulsa.org\\\/es\\\/el-pla-de-lestany-nou-territori-en-el-que-la-fundacio-impulsa-becara-i-acompanyara-joves-perque-estudiin-un-cicle-de-fp-el-curs-2025-2026\\\/\"]}]},{\"@type\":\"ImageObject\",\"inLanguage\":\"es\",\"@id\":\"https:\\\/\\\/www.fundacioimpulsa.org\\\/es\\\/el-pla-de-lestany-nou-territori-en-el-que-la-fundacio-impulsa-becara-i-acompanyara-joves-perque-estudiin-un-cicle-de-fp-el-curs-2025-2026\\\/#primaryimage\",\"url\":\"https:\\\/\\\/www.fundacioimpulsa.org\\\/wp-content\\\/uploads\\\/2025\\\/05\\\/WhatsApp-Image-2025-05-12-at-10.30.29-AM.jpeg\",\"contentUrl\":\"https:\\\/\\\/www.fundacioimpulsa.org\\\/wp-content\\\/uploads\\\/2025\\\/05\\\/WhatsApp-Image-2025-05-12-at-10.30.29-AM.jpeg\",\"width\":2000,\"height\":1500},{\"@type\":\"BreadcrumbList\",\"@id\":\"https:\\\/\\\/www.fundacioimpulsa.org\\\/es\\\/el-pla-de-lestany-nou-territori-en-el-que-la-fundacio-impulsa-becara-i-acompanyara-joves-perque-estudiin-un-cicle-de-fp-el-curs-2025-2026\\\/#breadcrumb\",\"itemListElement\":[{\"@type\":\"ListItem\",\"position\":1,\"name\":\"Inici\",\"item\":\"https:\\\/\\\/www.fundacioimpulsa.org\\\/es\\\/fundacio-impulsa\\\/\"},{\"@type\":\"ListItem\",\"position\":2,\"name\":\"El Pla de l\u2019Estany, nuevo territorio en el que la Fundaci\u00f3 Impulsa becar\u00e1 y acompa\u00f1ar\u00e1 a j\u00f3venes para que estudien un ciclo de FP en el curso 2025-2026\"}]},{\"@type\":\"WebSite\",\"@id\":\"https:\\\/\\\/www.fundacioimpulsa.org\\\/es\\\/#website\",\"url\":\"https:\\\/\\\/www.fundacioimpulsa.org\\\/es\\\/\",\"name\":\"Fundacio Impulsa\",\"description\":\"\",\"potentialAction\":[{\"@type\":\"SearchAction\",\"target\":{\"@type\":\"EntryPoint\",\"urlTemplate\":\"https:\\\/\\\/www.fundacioimpulsa.org\\\/es\\\/?s={search_term_string}\"},\"query-input\":{\"@type\":\"PropertyValueSpecification\",\"valueRequired\":true,\"valueName\":\"search_term_string\"}}],\"inLanguage\":\"es\"},{\"@type\":\"Person\",\"@id\":\"https:\\\/\\\/www.fundacioimpulsa.org\\\/es\\\/#\\\/schema\\\/person\\\/8093abda9188d9065d7a02992af09c00\",\"name\":\"anna\",\"image\":{\"@type\":\"ImageObject\",\"inLanguage\":\"es\",\"@id\":\"https:\\\/\\\/secure.gravatar.com\\\/avatar\\\/098ca997a3814bde9b9ec5e5dfa4ad0ee9a251cd4cf1b86b7c008606c50d48c9?s=96&d=mm&r=g\",\"url\":\"https:\\\/\\\/secure.gravatar.com\\\/avatar\\\/098ca997a3814bde9b9ec5e5dfa4ad0ee9a251cd4cf1b86b7c008606c50d48c9?s=96&d=mm&r=g\",\"contentUrl\":\"https:\\\/\\\/secure.gravatar.com\\\/avatar\\\/098ca997a3814bde9b9ec5e5dfa4ad0ee9a251cd4cf1b86b7c008606c50d48c9?s=96&d=mm&r=g\",\"caption\":\"anna\"},\"url\":\"https:\\\/\\\/www.fundacioimpulsa.org\\\/es\\\/author\\\/anna\\\/\"}]}<\/script>\n<!-- \/ Yoast SEO plugin. -->","yoast_head_json":{"title":"El Pla de l\u2019Estany, nuevo territorio en el que la Fundaci\u00f3 Impulsa becar\u00e1 y acompa\u00f1ar\u00e1 a j\u00f3venes para que estudien un ciclo de FP en el curso 2025-2026 - Fundacio Impulsa","description":"La Fundaci\u00f3 Impulsa continua creixent per garantir que cada vegada m\u00e9s joves tinguin acc\u00e9s a oportunitats educatives i laborals, independentment de la seva situaci\u00f3 socioecon\u00f2mica. Per al proper curs 2025 - 2026, el Pla de l'Estany s'incorpora com a nou territori d'acci\u00f3 d'Impulsa, gr\u00e0cies als convenis signats amb l\u2019Ajuntament de Banyoles i el Consell Comarcal del Pla de l\u2019Estany i la implicaci\u00f3 de Jaume Gelada, com a nou Ambaixador de la Fundaci\u00f3 a la comarca.\u00a0","robots":{"index":"index","follow":"follow","max-snippet":"max-snippet:-1","max-image-preview":"max-image-preview:large","max-video-preview":"max-video-preview:-1"},"canonical":"https:\/\/www.fundacioimpulsa.org\/es\/el-pla-de-lestany-nou-territori-en-el-que-la-fundacio-impulsa-becara-i-acompanyara-joves-perque-estudiin-un-cicle-de-fp-el-curs-2025-2026\/","og_locale":"es_ES","og_type":"article","og_title":"El Pla de l\u2019Estany, nuevo territorio en el que la Fundaci\u00f3 Impulsa becar\u00e1 y acompa\u00f1ar\u00e1 a j\u00f3venes para que estudien un ciclo de FP en el curso 2025-2026 - Fundacio Impulsa","og_description":"La Fundaci\u00f3 Impulsa continua creixent per garantir que cada vegada m\u00e9s joves tinguin acc\u00e9s a oportunitats educatives i laborals, independentment de la seva situaci\u00f3 socioecon\u00f2mica. Per al proper curs 2025 - 2026, el Pla de l'Estany s'incorpora com a nou territori d'acci\u00f3 d'Impulsa, gr\u00e0cies als convenis signats amb l\u2019Ajuntament de Banyoles i el Consell Comarcal del Pla de l\u2019Estany i la implicaci\u00f3 de Jaume Gelada, com a nou Ambaixador de la Fundaci\u00f3 a la comarca.\u00a0","og_url":"https:\/\/www.fundacioimpulsa.org\/es\/el-pla-de-lestany-nou-territori-en-el-que-la-fundacio-impulsa-becara-i-acompanyara-joves-perque-estudiin-un-cicle-de-fp-el-curs-2025-2026\/","og_site_name":"Fundacio Impulsa","article_published_time":"2025-05-12T11:49:50+00:00","article_modified_time":"2025-06-02T12:18:51+00:00","og_image":[{"width":2000,"height":1500,"url":"https:\/\/www.fundacioimpulsa.org\/wp-content\/uploads\/2025\/05\/WhatsApp-Image-2025-05-12-at-10.30.29-AM.jpeg","type":"image\/jpeg"}],"author":"anna","twitter_card":"summary_large_image","twitter_misc":{"Escrito por":"anna","Tiempo de lectura":"6 minutos"},"schema":{"@context":"https:\/\/schema.org","@graph":[{"@type":"Article","@id":"https:\/\/www.fundacioimpulsa.org\/es\/el-pla-de-lestany-nou-territori-en-el-que-la-fundacio-impulsa-becara-i-acompanyara-joves-perque-estudiin-un-cicle-de-fp-el-curs-2025-2026\/#article","isPartOf":{"@id":"https:\/\/www.fundacioimpulsa.org\/es\/el-pla-de-lestany-nou-territori-en-el-que-la-fundacio-impulsa-becara-i-acompanyara-joves-perque-estudiin-un-cicle-de-fp-el-curs-2025-2026\/"},"author":{"name":"anna","@id":"https:\/\/www.fundacioimpulsa.org\/es\/#\/schema\/person\/8093abda9188d9065d7a02992af09c00"},"headline":"El Pla de l\u2019Estany, nuevo territorio en el que la Fundaci\u00f3 Impulsa becar\u00e1 y acompa\u00f1ar\u00e1 a j\u00f3venes para que estudien un ciclo de FP en el curso 2025-2026","datePublished":"2025-05-12T11:49:50+00:00","dateModified":"2025-06-02T12:18:51+00:00","mainEntityOfPage":{"@id":"https:\/\/www.fundacioimpulsa.org\/es\/el-pla-de-lestany-nou-territori-en-el-que-la-fundacio-impulsa-becara-i-acompanyara-joves-perque-estudiin-un-cicle-de-fp-el-curs-2025-2026\/"},"wordCount":997,"image":{"@id":"https:\/\/www.fundacioimpulsa.org\/es\/el-pla-de-lestany-nou-territori-en-el-que-la-fundacio-impulsa-becara-i-acompanyara-joves-perque-estudiin-un-cicle-de-fp-el-curs-2025-2026\/#primaryimage"},"thumbnailUrl":"https:\/\/www.fundacioimpulsa.org\/wp-content\/uploads\/2025\/05\/WhatsApp-Image-2025-05-12-at-10.30.29-AM.jpeg","keywords":["#BecasImpulsa"],"articleSection":["D\u00eda a D\u00eda"],"inLanguage":"es"},{"@type":"WebPage","@id":"https:\/\/www.fundacioimpulsa.org\/es\/el-pla-de-lestany-nou-territori-en-el-que-la-fundacio-impulsa-becara-i-acompanyara-joves-perque-estudiin-un-cicle-de-fp-el-curs-2025-2026\/","url":"https:\/\/www.fundacioimpulsa.org\/es\/el-pla-de-lestany-nou-territori-en-el-que-la-fundacio-impulsa-becara-i-acompanyara-joves-perque-estudiin-un-cicle-de-fp-el-curs-2025-2026\/","name":"El Pla de l\u2019Estany, nuevo territorio en el que la Fundaci\u00f3 Impulsa becar\u00e1 y acompa\u00f1ar\u00e1 a j\u00f3venes para que estudien un ciclo de FP en el curso 2025-2026 - Fundacio Impulsa","isPartOf":{"@id":"https:\/\/www.fundacioimpulsa.org\/es\/#website"},"primaryImageOfPage":{"@id":"https:\/\/www.fundacioimpulsa.org\/es\/el-pla-de-lestany-nou-territori-en-el-que-la-fundacio-impulsa-becara-i-acompanyara-joves-perque-estudiin-un-cicle-de-fp-el-curs-2025-2026\/#primaryimage"},"image":{"@id":"https:\/\/www.fundacioimpulsa.org\/es\/el-pla-de-lestany-nou-territori-en-el-que-la-fundacio-impulsa-becara-i-acompanyara-joves-perque-estudiin-un-cicle-de-fp-el-curs-2025-2026\/#primaryimage"},"thumbnailUrl":"https:\/\/www.fundacioimpulsa.org\/wp-content\/uploads\/2025\/05\/WhatsApp-Image-2025-05-12-at-10.30.29-AM.jpeg","datePublished":"2025-05-12T11:49:50+00:00","dateModified":"2025-06-02T12:18:51+00:00","author":{"@id":"https:\/\/www.fundacioimpulsa.org\/es\/#\/schema\/person\/8093abda9188d9065d7a02992af09c00"},"description":"La Fundaci\u00f3 Impulsa continua creixent per garantir que cada vegada m\u00e9s joves tinguin acc\u00e9s a oportunitats educatives i laborals, independentment de la seva situaci\u00f3 socioecon\u00f2mica. Per al proper curs 2025 - 2026, el Pla de l'Estany s'incorpora com a nou territori d'acci\u00f3 d'Impulsa, gr\u00e0cies als convenis signats amb l\u2019Ajuntament de Banyoles i el Consell Comarcal del Pla de l\u2019Estany i la implicaci\u00f3 de Jaume Gelada, com a nou Ambaixador de la Fundaci\u00f3 a la comarca.\u00a0","breadcrumb":{"@id":"https:\/\/www.fundacioimpulsa.org\/es\/el-pla-de-lestany-nou-territori-en-el-que-la-fundacio-impulsa-becara-i-acompanyara-joves-perque-estudiin-un-cicle-de-fp-el-curs-2025-2026\/#breadcrumb"},"inLanguage":"es","potentialAction":[{"@type":"ReadAction","target":["https:\/\/www.fundacioimpulsa.org\/es\/el-pla-de-lestany-nou-territori-en-el-que-la-fundacio-impulsa-becara-i-acompanyara-joves-perque-estudiin-un-cicle-de-fp-el-curs-2025-2026\/"]}]},{"@type":"ImageObject","inLanguage":"es","@id":"https:\/\/www.fundacioimpulsa.org\/es\/el-pla-de-lestany-nou-territori-en-el-que-la-fundacio-impulsa-becara-i-acompanyara-joves-perque-estudiin-un-cicle-de-fp-el-curs-2025-2026\/#primaryimage","url":"https:\/\/www.fundacioimpulsa.org\/wp-content\/uploads\/2025\/05\/WhatsApp-Image-2025-05-12-at-10.30.29-AM.jpeg","contentUrl":"https:\/\/www.fundacioimpulsa.org\/wp-content\/uploads\/2025\/05\/WhatsApp-Image-2025-05-12-at-10.30.29-AM.jpeg","width":2000,"height":1500},{"@type":"BreadcrumbList","@id":"https:\/\/www.fundacioimpulsa.org\/es\/el-pla-de-lestany-nou-territori-en-el-que-la-fundacio-impulsa-becara-i-acompanyara-joves-perque-estudiin-un-cicle-de-fp-el-curs-2025-2026\/#breadcrumb","itemListElement":[{"@type":"ListItem","position":1,"name":"Inici","item":"https:\/\/www.fundacioimpulsa.org\/es\/fundacio-impulsa\/"},{"@type":"ListItem","position":2,"name":"El Pla de l\u2019Estany, nuevo territorio en el que la Fundaci\u00f3 Impulsa becar\u00e1 y acompa\u00f1ar\u00e1 a j\u00f3venes para que estudien un ciclo de FP en el curso 2025-2026"}]},{"@type":"WebSite","@id":"https:\/\/www.fundacioimpulsa.org\/es\/#website","url":"https:\/\/www.fundacioimpulsa.org\/es\/","name":"Fundacio Impulsa","description":"","potentialAction":[{"@type":"SearchAction","target":{"@type":"EntryPoint","urlTemplate":"https:\/\/www.fundacioimpulsa.org\/es\/?s={search_term_string}"},"query-input":{"@type":"PropertyValueSpecification","valueRequired":true,"valueName":"search_term_string"}}],"inLanguage":"es"},{"@type":"Person","@id":"https:\/\/www.fundacioimpulsa.org\/es\/#\/schema\/person\/8093abda9188d9065d7a02992af09c00","name":"anna","image":{"@type":"ImageObject","inLanguage":"es","@id":"https:\/\/secure.gravatar.com\/avatar\/098ca997a3814bde9b9ec5e5dfa4ad0ee9a251cd4cf1b86b7c008606c50d48c9?s=96&d=mm&r=g","url":"https:\/\/secure.gravatar.com\/avatar\/098ca997a3814bde9b9ec5e5dfa4ad0ee9a251cd4cf1b86b7c008606c50d48c9?s=96&d=mm&r=g","contentUrl":"https:\/\/secure.gravatar.com\/avatar\/098ca997a3814bde9b9ec5e5dfa4ad0ee9a251cd4cf1b86b7c008606c50d48c9?s=96&d=mm&r=g","caption":"anna"},"url":"https:\/\/www.fundacioimpulsa.org\/es\/author\/anna\/"}]}},"publishpress_future_action":{"enabled":false,"date":"2026-05-07 18:23:31","action":"change-status","newStatus":"draft","terms":[],"taxonomy":"category","extraData":[]},"publishpress_future_workflow_manual_trigger":{"enabledWorkflows":[]},"_links":{"self":[{"href":"https:\/\/www.fundacioimpulsa.org\/es\/wp-json\/wp\/v2\/posts\/12974","targetHints":{"allow":["GET"]}}],"collection":[{"href":"https:\/\/www.fundacioimpulsa.org\/es\/wp-json\/wp\/v2\/posts"}],"about":[{"href":"https:\/\/www.fundacioimpulsa.org\/es\/wp-json\/wp\/v2\/types\/post"}],"author":[{"embeddable":true,"href":"https:\/\/www.fundacioimpulsa.org\/es\/wp-json\/wp\/v2\/users\/10"}],"replies":[{"embeddable":true,"href":"https:\/\/www.fundacioimpulsa.org\/es\/wp-json\/wp\/v2\/comments?post=12974"}],"version-history":[{"count":2,"href":"https:\/\/www.fundacioimpulsa.org\/es\/wp-json\/wp\/v2\/posts\/12974\/revisions"}],"predecessor-version":[{"id":12975,"href":"https:\/\/www.fundacioimpulsa.org\/es\/wp-json\/wp\/v2\/posts\/12974\/revisions\/12975"}],"wp:featuredmedia":[{"embeddable":true,"href":"https:\/\/www.fundacioimpulsa.org\/es\/wp-json\/wp\/v2\/media\/12850"}],"wp:attachment":[{"href":"https:\/\/www.fundacioimpulsa.org\/es\/wp-json\/wp\/v2\/media?parent=12974"}],"wp:term":[{"taxonomy":"category","embeddable":true,"href":"https:\/\/www.fundacioimpulsa.org\/es\/wp-json\/wp\/v2\/categories?post=12974"},{"taxonomy":"post_tag","embeddable":true,"href":"https:\/\/www.fundacioimpulsa.org\/es\/wp-json\/wp\/v2\/tags?post=12974"}],"curies":[{"name":"wp","href":"https:\/\/api.w.org\/{rel}","templated":true}]}}