{"id":12977,"date":"2025-05-13T15:29:51","date_gmt":"2025-05-13T13:29:51","guid":{"rendered":"https:\/\/www.fundacioimpulsa.org\/comercial-peralba-suneix-a-la-fundacio-impulsa-com-a-nova-organitzacio-impulsora-per-afavorir-lequitat-doportunitats-entre-els-joves\/"},"modified":"2025-06-02T14:21:57","modified_gmt":"2025-06-02T12:21:57","slug":"comercial-peralba-suneix-a-la-fundacio-impulsa-com-a-nova-organitzacio-impulsora-per-afavorir-lequitat-doportunitats-entre-els-joves","status":"publish","type":"post","link":"https:\/\/www.fundacioimpulsa.org\/es\/comercial-peralba-suneix-a-la-fundacio-impulsa-com-a-nova-organitzacio-impulsora-per-afavorir-lequitat-doportunitats-entre-els-joves\/","title":{"rendered":"Comercial Peralba se une a la Fundaci\u00f3n Impulsa como nueva Organizaci\u00f3n Impulsora para favorecer la equidad de oportunidades entre los j\u00f3venes."},"content":{"rendered":"<p><img loading=\"lazy\" decoding=\"async\" class=\"alignnone wp-image-12854\" src=\"https:\/\/www.fundacioimpulsa.org\/wp-content\/uploads\/2025\/05\/Portada-noti-Fundacio-Impulsa-29-300x207.jpg\" alt=\"\" width=\"722\" height=\"498\" srcset=\"https:\/\/www.fundacioimpulsa.org\/wp-content\/uploads\/2025\/05\/Portada-noti-Fundacio-Impulsa-29-300x207.jpg 300w, https:\/\/www.fundacioimpulsa.org\/wp-content\/uploads\/2025\/05\/Portada-noti-Fundacio-Impulsa-29-306x211.jpg 306w, https:\/\/www.fundacioimpulsa.org\/wp-content\/uploads\/2025\/05\/Portada-noti-Fundacio-Impulsa-29.jpg 700w\" sizes=\"auto, (max-width: 722px) 100vw, 722px\" \/><\/p>\n<p data-start=\"0\" data-end=\"342\">Con una trayectoria de m\u00e1s de 30 a\u00f1os suministrando materiales y servicios de confianza para instaladores y profesionales, <strong data-start=\"123\" data-end=\"144\">Comercial Peralba<\/strong> se incorpora a la red de <strong>Organizaciones Impulsoras de la Fundaci\u00f3 Impulsa<\/strong>, reafirmando as\u00ed su compromiso con el territorio y con la promoci\u00f3n de la igualdad de oportunidades entre los j\u00f3venes.<\/p>\n<p data-start=\"344\" data-end=\"859\">La empresa, con sede en la comarca del Bergued\u00e0, es especialista en \u00e1reas como <strong>climatizaci\u00f3n, agua, electricidad, ba\u00f1os, cocinas y electrodom\u00e9sticos<\/strong>, y ha crecido hasta contar con 9 delegaciones repartidas entre Catalu\u00f1a y Andorra, manteniendo una firme apuesta por la <strong>innovaci\u00f3n, la calidad y la sostenibilidad<\/strong>, pero tambi\u00e9n por la <strong>responsabilidad social<\/strong>. En este marco se han sumado al proyecto social de Impulsa, desde la convicci\u00f3n de que el desarrollo econ\u00f3mico y social del territorio deben ir de la mano.<\/p>\n<p data-start=\"861\" data-end=\"1208\">A trav\u00e9s de esta colaboraci\u00f3n, Comercial Peralba reafirma su voluntad de ser algo m\u00e1s que una empresa de distribuci\u00f3n, aspirando a generar un impacto positivo y duradero en la comunidad. Participar junto a la Fundaci\u00f3n Impulsa le permite contribuir directamente a mejorar las oportunidades educativas de j\u00f3venes en situaci\u00f3n de vulnerabilidad.<\/p>\n<p data-start=\"1210\" data-end=\"1665\">La decisi\u00f3n de unirse al proyecto ha estado motivada por la vocaci\u00f3n de la empresa de <strong>generar retorno social<\/strong> y por la coherencia entre los <strong>valores de Impulsa<\/strong> y la filosof\u00eda de Peralba: compromiso, proximidad y confianza. A trav\u00e9s de su apoyo, contribuir\u00e1n a financiar la <strong>Beca Impulsa<\/strong>, para que j\u00f3venes con dificultades socioecon\u00f3micas puedan cursar estudios de Formaci\u00f3n Profesional, contando con acompa\u00f1amiento emocional, acad\u00e9mico y profesional.<\/p>\n<p data-start=\"1667\" data-end=\"1816\" data-is-last-node=\"\" data-is-only-node=\"\">Con esta nueva incorporaci\u00f3n, la Fundaci\u00f3 Impulsa contin\u00faa ampliando su red de empresas comprometidas con la <strong>cohesi\u00f3n social<\/strong> y el <strong>talento joven<\/strong>.<\/p>\n","protected":false},"excerpt":{"rendered":"<p>Con una trayectoria de m\u00e1s de 30 a\u00f1os suministrando materiales y servicios de confianza para instaladores y profesionales, Comercial Peralba se incorpora a la red de Organizaciones Impulsoras de la Fundaci\u00f3n Impulsa, reafirmando as\u00ed su compromiso con el territorio y con la promoci\u00f3n de la igualdad de oportunidades entre los j\u00f3venes.<\/p>\n","protected":false},"author":10,"featured_media":12855,"comment_status":"closed","ping_status":"closed","sticky":false,"template":"","format":"standard","meta":{"_acf_changed":false,"footnotes":""},"categories":[72,3],"tags":[92],"class_list":["post-12977","post","type-post","status-publish","format-standard","has-post-thumbnail","hentry","category-dia-a-dia-es","category-noticies","tag-organitzacionsimpulsores-es"],"acf":[],"yoast_head":"<!-- This site is optimized with the Yoast SEO plugin v27.5 - https:\/\/yoast.com\/product\/yoast-seo-wordpress\/ -->\n<title>Comercial Peralba se une a la Fundaci\u00f3n Impulsa como nueva Organizaci\u00f3n Impulsora para favorecer la equidad de oportunidades entre los j\u00f3venes. - Fundacio Impulsa<\/title>\n<meta name=\"description\" content=\"Amb una traject\u00f2ria de m\u00e9s de 30 anys en el subministrant de materials i serveis de confian\u00e7a per a instal\u00b7ladors i professionals, Comercial Peralba s\u2019incorpora a la xarxa d\u2019Organitzacions Impulsores de la Fundaci\u00f3 Impulsa, reafirmant aix\u00ed el seu comprom\u00eds amb el territori i amb la promoci\u00f3 de la igualtat d\u2019oportunitats entre els joves.\u00a0\" \/>\n<meta name=\"robots\" content=\"index, follow, max-snippet:-1, max-image-preview:large, max-video-preview:-1\" \/>\n<link rel=\"canonical\" href=\"https:\/\/www.fundacioimpulsa.org\/es\/comercial-peralba-suneix-a-la-fundacio-impulsa-com-a-nova-organitzacio-impulsora-per-afavorir-lequitat-doportunitats-entre-els-joves\/\" \/>\n<meta property=\"og:locale\" content=\"es_ES\" \/>\n<meta property=\"og:type\" content=\"article\" \/>\n<meta property=\"og:title\" content=\"Comercial Peralba se une a la Fundaci\u00f3n Impulsa como nueva Organizaci\u00f3n Impulsora para favorecer la equidad de oportunidades entre los j\u00f3venes. - Fundacio Impulsa\" \/>\n<meta property=\"og:description\" content=\"Amb una traject\u00f2ria de m\u00e9s de 30 anys en el subministrant de materials i serveis de confian\u00e7a per a instal\u00b7ladors i professionals, Comercial Peralba s\u2019incorpora a la xarxa d\u2019Organitzacions Impulsores de la Fundaci\u00f3 Impulsa, reafirmant aix\u00ed el seu comprom\u00eds amb el territori i amb la promoci\u00f3 de la igualtat d\u2019oportunitats entre els joves.\u00a0\" \/>\n<meta property=\"og:url\" content=\"https:\/\/www.fundacioimpulsa.org\/es\/comercial-peralba-suneix-a-la-fundacio-impulsa-com-a-nova-organitzacio-impulsora-per-afavorir-lequitat-doportunitats-entre-els-joves\/\" \/>\n<meta property=\"og:site_name\" content=\"Fundacio Impulsa\" \/>\n<meta property=\"article:published_time\" content=\"2025-05-13T13:29:51+00:00\" \/>\n<meta property=\"article:modified_time\" content=\"2025-06-02T12:21:57+00:00\" \/>\n<meta property=\"og:image\" content=\"https:\/\/www.fundacioimpulsa.org\/wp-content\/uploads\/2025\/05\/Portada-noti-Fundacio-Impulsa-29.jpg\" \/>\n\t<meta property=\"og:image:width\" content=\"700\" \/>\n\t<meta property=\"og:image:height\" content=\"483\" \/>\n\t<meta property=\"og:image:type\" content=\"image\/jpeg\" \/>\n<meta name=\"author\" content=\"anna\" \/>\n<meta name=\"twitter:card\" content=\"summary_large_image\" \/>\n<meta name=\"twitter:label1\" content=\"Escrito por\" \/>\n\t<meta name=\"twitter:data1\" content=\"anna\" \/>\n\t<meta name=\"twitter:label2\" content=\"Tiempo de lectura\" \/>\n\t<meta name=\"twitter:data2\" content=\"2 minutos\" \/>\n<script type=\"application\/ld+json\" class=\"yoast-schema-graph\">{\"@context\":\"https:\\\/\\\/schema.org\",\"@graph\":[{\"@type\":\"Article\",\"@id\":\"https:\\\/\\\/www.fundacioimpulsa.org\\\/es\\\/comercial-peralba-suneix-a-la-fundacio-impulsa-com-a-nova-organitzacio-impulsora-per-afavorir-lequitat-doportunitats-entre-els-joves\\\/#article\",\"isPartOf\":{\"@id\":\"https:\\\/\\\/www.fundacioimpulsa.org\\\/es\\\/comercial-peralba-suneix-a-la-fundacio-impulsa-com-a-nova-organitzacio-impulsora-per-afavorir-lequitat-doportunitats-entre-els-joves\\\/\"},\"author\":{\"name\":\"anna\",\"@id\":\"https:\\\/\\\/www.fundacioimpulsa.org\\\/es\\\/#\\\/schema\\\/person\\\/8093abda9188d9065d7a02992af09c00\"},\"headline\":\"Comercial Peralba se une a la Fundaci\u00f3n Impulsa como nueva Organizaci\u00f3n Impulsora para favorecer la equidad de oportunidades entre los j\u00f3venes.\",\"datePublished\":\"2025-05-13T13:29:51+00:00\",\"dateModified\":\"2025-06-02T12:21:57+00:00\",\"mainEntityOfPage\":{\"@id\":\"https:\\\/\\\/www.fundacioimpulsa.org\\\/es\\\/comercial-peralba-suneix-a-la-fundacio-impulsa-com-a-nova-organitzacio-impulsora-per-afavorir-lequitat-doportunitats-entre-els-joves\\\/\"},\"wordCount\":325,\"image\":{\"@id\":\"https:\\\/\\\/www.fundacioimpulsa.org\\\/es\\\/comercial-peralba-suneix-a-la-fundacio-impulsa-com-a-nova-organitzacio-impulsora-per-afavorir-lequitat-doportunitats-entre-els-joves\\\/#primaryimage\"},\"thumbnailUrl\":\"https:\\\/\\\/www.fundacioimpulsa.org\\\/wp-content\\\/uploads\\\/2025\\\/05\\\/Portada-noti-Fundacio-Impulsa-29.jpg\",\"keywords\":[\"#OrganizacionesImpulsoras\"],\"articleSection\":[\"D\u00eda a D\u00eda\",\"Not\u00edcies\"],\"inLanguage\":\"es\"},{\"@type\":\"WebPage\",\"@id\":\"https:\\\/\\\/www.fundacioimpulsa.org\\\/es\\\/comercial-peralba-suneix-a-la-fundacio-impulsa-com-a-nova-organitzacio-impulsora-per-afavorir-lequitat-doportunitats-entre-els-joves\\\/\",\"url\":\"https:\\\/\\\/www.fundacioimpulsa.org\\\/es\\\/comercial-peralba-suneix-a-la-fundacio-impulsa-com-a-nova-organitzacio-impulsora-per-afavorir-lequitat-doportunitats-entre-els-joves\\\/\",\"name\":\"Comercial Peralba se une a la Fundaci\u00f3n Impulsa como nueva Organizaci\u00f3n Impulsora para favorecer la equidad de oportunidades entre los j\u00f3venes. - Fundacio Impulsa\",\"isPartOf\":{\"@id\":\"https:\\\/\\\/www.fundacioimpulsa.org\\\/es\\\/#website\"},\"primaryImageOfPage\":{\"@id\":\"https:\\\/\\\/www.fundacioimpulsa.org\\\/es\\\/comercial-peralba-suneix-a-la-fundacio-impulsa-com-a-nova-organitzacio-impulsora-per-afavorir-lequitat-doportunitats-entre-els-joves\\\/#primaryimage\"},\"image\":{\"@id\":\"https:\\\/\\\/www.fundacioimpulsa.org\\\/es\\\/comercial-peralba-suneix-a-la-fundacio-impulsa-com-a-nova-organitzacio-impulsora-per-afavorir-lequitat-doportunitats-entre-els-joves\\\/#primaryimage\"},\"thumbnailUrl\":\"https:\\\/\\\/www.fundacioimpulsa.org\\\/wp-content\\\/uploads\\\/2025\\\/05\\\/Portada-noti-Fundacio-Impulsa-29.jpg\",\"datePublished\":\"2025-05-13T13:29:51+00:00\",\"dateModified\":\"2025-06-02T12:21:57+00:00\",\"author\":{\"@id\":\"https:\\\/\\\/www.fundacioimpulsa.org\\\/es\\\/#\\\/schema\\\/person\\\/8093abda9188d9065d7a02992af09c00\"},\"description\":\"Amb una traject\u00f2ria de m\u00e9s de 30 anys en el subministrant de materials i serveis de confian\u00e7a per a instal\u00b7ladors i professionals, Comercial Peralba s\u2019incorpora a la xarxa d\u2019Organitzacions Impulsores de la Fundaci\u00f3 Impulsa, reafirmant aix\u00ed el seu comprom\u00eds amb el territori i amb la promoci\u00f3 de la igualtat d\u2019oportunitats entre els joves.\u00a0\",\"breadcrumb\":{\"@id\":\"https:\\\/\\\/www.fundacioimpulsa.org\\\/es\\\/comercial-peralba-suneix-a-la-fundacio-impulsa-com-a-nova-organitzacio-impulsora-per-afavorir-lequitat-doportunitats-entre-els-joves\\\/#breadcrumb\"},\"inLanguage\":\"es\",\"potentialAction\":[{\"@type\":\"ReadAction\",\"target\":[\"https:\\\/\\\/www.fundacioimpulsa.org\\\/es\\\/comercial-peralba-suneix-a-la-fundacio-impulsa-com-a-nova-organitzacio-impulsora-per-afavorir-lequitat-doportunitats-entre-els-joves\\\/\"]}]},{\"@type\":\"ImageObject\",\"inLanguage\":\"es\",\"@id\":\"https:\\\/\\\/www.fundacioimpulsa.org\\\/es\\\/comercial-peralba-suneix-a-la-fundacio-impulsa-com-a-nova-organitzacio-impulsora-per-afavorir-lequitat-doportunitats-entre-els-joves\\\/#primaryimage\",\"url\":\"https:\\\/\\\/www.fundacioimpulsa.org\\\/wp-content\\\/uploads\\\/2025\\\/05\\\/Portada-noti-Fundacio-Impulsa-29.jpg\",\"contentUrl\":\"https:\\\/\\\/www.fundacioimpulsa.org\\\/wp-content\\\/uploads\\\/2025\\\/05\\\/Portada-noti-Fundacio-Impulsa-29.jpg\",\"width\":700,\"height\":483},{\"@type\":\"BreadcrumbList\",\"@id\":\"https:\\\/\\\/www.fundacioimpulsa.org\\\/es\\\/comercial-peralba-suneix-a-la-fundacio-impulsa-com-a-nova-organitzacio-impulsora-per-afavorir-lequitat-doportunitats-entre-els-joves\\\/#breadcrumb\",\"itemListElement\":[{\"@type\":\"ListItem\",\"position\":1,\"name\":\"Inici\",\"item\":\"https:\\\/\\\/www.fundacioimpulsa.org\\\/es\\\/fundacio-impulsa\\\/\"},{\"@type\":\"ListItem\",\"position\":2,\"name\":\"Comercial Peralba se une a la Fundaci\u00f3n Impulsa como nueva Organizaci\u00f3n Impulsora para favorecer la equidad de oportunidades entre los j\u00f3venes.\"}]},{\"@type\":\"WebSite\",\"@id\":\"https:\\\/\\\/www.fundacioimpulsa.org\\\/es\\\/#website\",\"url\":\"https:\\\/\\\/www.fundacioimpulsa.org\\\/es\\\/\",\"name\":\"Fundacio Impulsa\",\"description\":\"\",\"potentialAction\":[{\"@type\":\"SearchAction\",\"target\":{\"@type\":\"EntryPoint\",\"urlTemplate\":\"https:\\\/\\\/www.fundacioimpulsa.org\\\/es\\\/?s={search_term_string}\"},\"query-input\":{\"@type\":\"PropertyValueSpecification\",\"valueRequired\":true,\"valueName\":\"search_term_string\"}}],\"inLanguage\":\"es\"},{\"@type\":\"Person\",\"@id\":\"https:\\\/\\\/www.fundacioimpulsa.org\\\/es\\\/#\\\/schema\\\/person\\\/8093abda9188d9065d7a02992af09c00\",\"name\":\"anna\",\"image\":{\"@type\":\"ImageObject\",\"inLanguage\":\"es\",\"@id\":\"https:\\\/\\\/secure.gravatar.com\\\/avatar\\\/098ca997a3814bde9b9ec5e5dfa4ad0ee9a251cd4cf1b86b7c008606c50d48c9?s=96&d=mm&r=g\",\"url\":\"https:\\\/\\\/secure.gravatar.com\\\/avatar\\\/098ca997a3814bde9b9ec5e5dfa4ad0ee9a251cd4cf1b86b7c008606c50d48c9?s=96&d=mm&r=g\",\"contentUrl\":\"https:\\\/\\\/secure.gravatar.com\\\/avatar\\\/098ca997a3814bde9b9ec5e5dfa4ad0ee9a251cd4cf1b86b7c008606c50d48c9?s=96&d=mm&r=g\",\"caption\":\"anna\"},\"url\":\"https:\\\/\\\/www.fundacioimpulsa.org\\\/es\\\/author\\\/anna\\\/\"}]}<\/script>\n<!-- \/ Yoast SEO plugin. -->","yoast_head_json":{"title":"Comercial Peralba se une a la Fundaci\u00f3n Impulsa como nueva Organizaci\u00f3n Impulsora para favorecer la equidad de oportunidades entre los j\u00f3venes. - Fundacio Impulsa","description":"Amb una traject\u00f2ria de m\u00e9s de 30 anys en el subministrant de materials i serveis de confian\u00e7a per a instal\u00b7ladors i professionals, Comercial Peralba s\u2019incorpora a la xarxa d\u2019Organitzacions Impulsores de la Fundaci\u00f3 Impulsa, reafirmant aix\u00ed el seu comprom\u00eds amb el territori i amb la promoci\u00f3 de la igualtat d\u2019oportunitats entre els joves.\u00a0","robots":{"index":"index","follow":"follow","max-snippet":"max-snippet:-1","max-image-preview":"max-image-preview:large","max-video-preview":"max-video-preview:-1"},"canonical":"https:\/\/www.fundacioimpulsa.org\/es\/comercial-peralba-suneix-a-la-fundacio-impulsa-com-a-nova-organitzacio-impulsora-per-afavorir-lequitat-doportunitats-entre-els-joves\/","og_locale":"es_ES","og_type":"article","og_title":"Comercial Peralba se une a la Fundaci\u00f3n Impulsa como nueva Organizaci\u00f3n Impulsora para favorecer la equidad de oportunidades entre los j\u00f3venes. - Fundacio Impulsa","og_description":"Amb una traject\u00f2ria de m\u00e9s de 30 anys en el subministrant de materials i serveis de confian\u00e7a per a instal\u00b7ladors i professionals, Comercial Peralba s\u2019incorpora a la xarxa d\u2019Organitzacions Impulsores de la Fundaci\u00f3 Impulsa, reafirmant aix\u00ed el seu comprom\u00eds amb el territori i amb la promoci\u00f3 de la igualtat d\u2019oportunitats entre els joves.\u00a0","og_url":"https:\/\/www.fundacioimpulsa.org\/es\/comercial-peralba-suneix-a-la-fundacio-impulsa-com-a-nova-organitzacio-impulsora-per-afavorir-lequitat-doportunitats-entre-els-joves\/","og_site_name":"Fundacio Impulsa","article_published_time":"2025-05-13T13:29:51+00:00","article_modified_time":"2025-06-02T12:21:57+00:00","og_image":[{"width":700,"height":483,"url":"https:\/\/www.fundacioimpulsa.org\/wp-content\/uploads\/2025\/05\/Portada-noti-Fundacio-Impulsa-29.jpg","type":"image\/jpeg"}],"author":"anna","twitter_card":"summary_large_image","twitter_misc":{"Escrito por":"anna","Tiempo de lectura":"2 minutos"},"schema":{"@context":"https:\/\/schema.org","@graph":[{"@type":"Article","@id":"https:\/\/www.fundacioimpulsa.org\/es\/comercial-peralba-suneix-a-la-fundacio-impulsa-com-a-nova-organitzacio-impulsora-per-afavorir-lequitat-doportunitats-entre-els-joves\/#article","isPartOf":{"@id":"https:\/\/www.fundacioimpulsa.org\/es\/comercial-peralba-suneix-a-la-fundacio-impulsa-com-a-nova-organitzacio-impulsora-per-afavorir-lequitat-doportunitats-entre-els-joves\/"},"author":{"name":"anna","@id":"https:\/\/www.fundacioimpulsa.org\/es\/#\/schema\/person\/8093abda9188d9065d7a02992af09c00"},"headline":"Comercial Peralba se une a la Fundaci\u00f3n Impulsa como nueva Organizaci\u00f3n Impulsora para favorecer la equidad de oportunidades entre los j\u00f3venes.","datePublished":"2025-05-13T13:29:51+00:00","dateModified":"2025-06-02T12:21:57+00:00","mainEntityOfPage":{"@id":"https:\/\/www.fundacioimpulsa.org\/es\/comercial-peralba-suneix-a-la-fundacio-impulsa-com-a-nova-organitzacio-impulsora-per-afavorir-lequitat-doportunitats-entre-els-joves\/"},"wordCount":325,"image":{"@id":"https:\/\/www.fundacioimpulsa.org\/es\/comercial-peralba-suneix-a-la-fundacio-impulsa-com-a-nova-organitzacio-impulsora-per-afavorir-lequitat-doportunitats-entre-els-joves\/#primaryimage"},"thumbnailUrl":"https:\/\/www.fundacioimpulsa.org\/wp-content\/uploads\/2025\/05\/Portada-noti-Fundacio-Impulsa-29.jpg","keywords":["#OrganizacionesImpulsoras"],"articleSection":["D\u00eda a D\u00eda","Not\u00edcies"],"inLanguage":"es"},{"@type":"WebPage","@id":"https:\/\/www.fundacioimpulsa.org\/es\/comercial-peralba-suneix-a-la-fundacio-impulsa-com-a-nova-organitzacio-impulsora-per-afavorir-lequitat-doportunitats-entre-els-joves\/","url":"https:\/\/www.fundacioimpulsa.org\/es\/comercial-peralba-suneix-a-la-fundacio-impulsa-com-a-nova-organitzacio-impulsora-per-afavorir-lequitat-doportunitats-entre-els-joves\/","name":"Comercial Peralba se une a la Fundaci\u00f3n Impulsa como nueva Organizaci\u00f3n Impulsora para favorecer la equidad de oportunidades entre los j\u00f3venes. - Fundacio Impulsa","isPartOf":{"@id":"https:\/\/www.fundacioimpulsa.org\/es\/#website"},"primaryImageOfPage":{"@id":"https:\/\/www.fundacioimpulsa.org\/es\/comercial-peralba-suneix-a-la-fundacio-impulsa-com-a-nova-organitzacio-impulsora-per-afavorir-lequitat-doportunitats-entre-els-joves\/#primaryimage"},"image":{"@id":"https:\/\/www.fundacioimpulsa.org\/es\/comercial-peralba-suneix-a-la-fundacio-impulsa-com-a-nova-organitzacio-impulsora-per-afavorir-lequitat-doportunitats-entre-els-joves\/#primaryimage"},"thumbnailUrl":"https:\/\/www.fundacioimpulsa.org\/wp-content\/uploads\/2025\/05\/Portada-noti-Fundacio-Impulsa-29.jpg","datePublished":"2025-05-13T13:29:51+00:00","dateModified":"2025-06-02T12:21:57+00:00","author":{"@id":"https:\/\/www.fundacioimpulsa.org\/es\/#\/schema\/person\/8093abda9188d9065d7a02992af09c00"},"description":"Amb una traject\u00f2ria de m\u00e9s de 30 anys en el subministrant de materials i serveis de confian\u00e7a per a instal\u00b7ladors i professionals, Comercial Peralba s\u2019incorpora a la xarxa d\u2019Organitzacions Impulsores de la Fundaci\u00f3 Impulsa, reafirmant aix\u00ed el seu comprom\u00eds amb el territori i amb la promoci\u00f3 de la igualtat d\u2019oportunitats entre els joves.\u00a0","breadcrumb":{"@id":"https:\/\/www.fundacioimpulsa.org\/es\/comercial-peralba-suneix-a-la-fundacio-impulsa-com-a-nova-organitzacio-impulsora-per-afavorir-lequitat-doportunitats-entre-els-joves\/#breadcrumb"},"inLanguage":"es","potentialAction":[{"@type":"ReadAction","target":["https:\/\/www.fundacioimpulsa.org\/es\/comercial-peralba-suneix-a-la-fundacio-impulsa-com-a-nova-organitzacio-impulsora-per-afavorir-lequitat-doportunitats-entre-els-joves\/"]}]},{"@type":"ImageObject","inLanguage":"es","@id":"https:\/\/www.fundacioimpulsa.org\/es\/comercial-peralba-suneix-a-la-fundacio-impulsa-com-a-nova-organitzacio-impulsora-per-afavorir-lequitat-doportunitats-entre-els-joves\/#primaryimage","url":"https:\/\/www.fundacioimpulsa.org\/wp-content\/uploads\/2025\/05\/Portada-noti-Fundacio-Impulsa-29.jpg","contentUrl":"https:\/\/www.fundacioimpulsa.org\/wp-content\/uploads\/2025\/05\/Portada-noti-Fundacio-Impulsa-29.jpg","width":700,"height":483},{"@type":"BreadcrumbList","@id":"https:\/\/www.fundacioimpulsa.org\/es\/comercial-peralba-suneix-a-la-fundacio-impulsa-com-a-nova-organitzacio-impulsora-per-afavorir-lequitat-doportunitats-entre-els-joves\/#breadcrumb","itemListElement":[{"@type":"ListItem","position":1,"name":"Inici","item":"https:\/\/www.fundacioimpulsa.org\/es\/fundacio-impulsa\/"},{"@type":"ListItem","position":2,"name":"Comercial Peralba se une a la Fundaci\u00f3n Impulsa como nueva Organizaci\u00f3n Impulsora para favorecer la equidad de oportunidades entre los j\u00f3venes."}]},{"@type":"WebSite","@id":"https:\/\/www.fundacioimpulsa.org\/es\/#website","url":"https:\/\/www.fundacioimpulsa.org\/es\/","name":"Fundacio Impulsa","description":"","potentialAction":[{"@type":"SearchAction","target":{"@type":"EntryPoint","urlTemplate":"https:\/\/www.fundacioimpulsa.org\/es\/?s={search_term_string}"},"query-input":{"@type":"PropertyValueSpecification","valueRequired":true,"valueName":"search_term_string"}}],"inLanguage":"es"},{"@type":"Person","@id":"https:\/\/www.fundacioimpulsa.org\/es\/#\/schema\/person\/8093abda9188d9065d7a02992af09c00","name":"anna","image":{"@type":"ImageObject","inLanguage":"es","@id":"https:\/\/secure.gravatar.com\/avatar\/098ca997a3814bde9b9ec5e5dfa4ad0ee9a251cd4cf1b86b7c008606c50d48c9?s=96&d=mm&r=g","url":"https:\/\/secure.gravatar.com\/avatar\/098ca997a3814bde9b9ec5e5dfa4ad0ee9a251cd4cf1b86b7c008606c50d48c9?s=96&d=mm&r=g","contentUrl":"https:\/\/secure.gravatar.com\/avatar\/098ca997a3814bde9b9ec5e5dfa4ad0ee9a251cd4cf1b86b7c008606c50d48c9?s=96&d=mm&r=g","caption":"anna"},"url":"https:\/\/www.fundacioimpulsa.org\/es\/author\/anna\/"}]}},"publishpress_future_action":{"enabled":false,"date":"2026-05-07 15:40:59","action":"change-status","newStatus":"draft","terms":[],"taxonomy":"category","extraData":[]},"publishpress_future_workflow_manual_trigger":{"enabledWorkflows":[]},"_links":{"self":[{"href":"https:\/\/www.fundacioimpulsa.org\/es\/wp-json\/wp\/v2\/posts\/12977","targetHints":{"allow":["GET"]}}],"collection":[{"href":"https:\/\/www.fundacioimpulsa.org\/es\/wp-json\/wp\/v2\/posts"}],"about":[{"href":"https:\/\/www.fundacioimpulsa.org\/es\/wp-json\/wp\/v2\/types\/post"}],"author":[{"embeddable":true,"href":"https:\/\/www.fundacioimpulsa.org\/es\/wp-json\/wp\/v2\/users\/10"}],"replies":[{"embeddable":true,"href":"https:\/\/www.fundacioimpulsa.org\/es\/wp-json\/wp\/v2\/comments?post=12977"}],"version-history":[{"count":2,"href":"https:\/\/www.fundacioimpulsa.org\/es\/wp-json\/wp\/v2\/posts\/12977\/revisions"}],"predecessor-version":[{"id":12978,"href":"https:\/\/www.fundacioimpulsa.org\/es\/wp-json\/wp\/v2\/posts\/12977\/revisions\/12978"}],"wp:featuredmedia":[{"embeddable":true,"href":"https:\/\/www.fundacioimpulsa.org\/es\/wp-json\/wp\/v2\/media\/12855"}],"wp:attachment":[{"href":"https:\/\/www.fundacioimpulsa.org\/es\/wp-json\/wp\/v2\/media?parent=12977"}],"wp:term":[{"taxonomy":"category","embeddable":true,"href":"https:\/\/www.fundacioimpulsa.org\/es\/wp-json\/wp\/v2\/categories?post=12977"},{"taxonomy":"post_tag","embeddable":true,"href":"https:\/\/www.fundacioimpulsa.org\/es\/wp-json\/wp\/v2\/tags?post=12977"}],"curies":[{"name":"wp","href":"https:\/\/api.w.org\/{rel}","templated":true}]}}