{"id":12980,"date":"2025-05-20T15:20:45","date_gmt":"2025-05-20T13:20:45","guid":{"rendered":"https:\/\/www.fundacioimpulsa.org\/isam-dani\/"},"modified":"2025-06-02T14:25:35","modified_gmt":"2025-06-02T12:25:35","slug":"isam-dani","status":"publish","type":"post","link":"https:\/\/www.fundacioimpulsa.org\/es\/isam-dani\/","title":{"rendered":"\u00abExiste el estigma de que los j\u00f3venes no queremos trabajar, y eso es mentira.\u00bb Isam Dani"},"content":{"rendered":"<p><img loading=\"lazy\" decoding=\"async\" class=\"alignnone wp-image-12884\" src=\"https:\/\/www.fundacioimpulsa.org\/wp-content\/uploads\/2025\/05\/Portada-noti-Fundacio-Impulsa-30-300x207.jpg\" alt=\"\" width=\"719\" height=\"496\" srcset=\"https:\/\/www.fundacioimpulsa.org\/wp-content\/uploads\/2025\/05\/Portada-noti-Fundacio-Impulsa-30-300x207.jpg 300w, https:\/\/www.fundacioimpulsa.org\/wp-content\/uploads\/2025\/05\/Portada-noti-Fundacio-Impulsa-30-306x211.jpg 306w, https:\/\/www.fundacioimpulsa.org\/wp-content\/uploads\/2025\/05\/Portada-noti-Fundacio-Impulsa-30.jpg 700w\" sizes=\"auto, (max-width: 719px) 100vw, 719px\" \/><\/p>\n<p data-start=\"61\" data-end=\"655\"><strong>Disfrutar del entorno natural mientras corre, camina o hace rutas en bicicleta es una de las cosas que m\u00e1s apasiona a Isam Dani, estudiante de CFGS en Sistemas Electrot\u00e9cnicos y Automatizados, Rob\u00f3tica Industrial y joven Impulser de Torroella de Montgr\u00ed. Es el peque\u00f1o de cuatro hermanos y, aunque siempre ha tenido claro que quer\u00eda continuar sus estudios, es consciente de que no todos los j\u00f3venes tienen las mismas oportunidades a la hora de decidir. Explica que \u00e9l ha podido escoger hacia d\u00f3nde encaminar su futuro en gran parte gracias al acompa\u00f1amiento de la Fundaci\u00f3 Impulsa.<\/strong><\/p>\n<p data-start=\"657\" data-end=\"1329\"><strong data-start=\"657\" data-end=\"697\">\u00bfC\u00f3mo llegas a la Fundaci\u00f3n Impulsa?<\/strong><br data-start=\"697\" data-end=\"700\" \/>Recuerdo que estaba en clase, vino mi tutor y, a m\u00ed y a dos compa\u00f1eros m\u00e1s, nos inform\u00f3 de la existencia de la Beca Impulsa y que cre\u00eda que pod\u00edamos ser candidatos para recibirla. Quedaban tres d\u00edas para presentar toda la documentaci\u00f3n que requer\u00edan y lo prepar\u00e9. Ese mismo verano me comunicaron que me hab\u00edan aceptado, y eso me hizo muy feliz; creo que si no hubiera sido por la Fundaci\u00f3n Impulsa, me habr\u00eda costado mucho poder continuar los estudios, porque yo a\u00fan no hab\u00eda trabajado y no ten\u00eda ingresos, y en casa la situaci\u00f3n econ\u00f3mica era delicada. Fue una ayuda que me vino muy bien y tambi\u00e9n una buena dosis de motivaci\u00f3n.<\/p>\n<blockquote data-start=\"1331\" data-end=\"1431\">\n<p data-start=\"1333\" data-end=\"1431\">\u00ab[La Beca Impulsa] fue una ayuda que me vino muy bien y tambi\u00e9n una buena dosis de motivaci\u00f3n\u00bb<\/p>\n<\/blockquote>\n<p data-start=\"1433\" data-end=\"1935\"><strong data-start=\"1433\" data-end=\"1515\">Hablas de motivaci\u00f3n. \u00bfQu\u00e9 fue lo que te motiv\u00f3 al contar con la Beca Impulsa?<\/strong><br data-start=\"1515\" data-end=\"1518\" \/>Adem\u00e1s de la ayuda econ\u00f3mica, la Fundaci\u00f3n Impulsa te asigna un mentor y una t\u00e9cnica de referencia que te ayudan en lo que haga falta. Adem\u00e1s, te comprometes a hacer unas horas de voluntariado, y eso a m\u00ed me hizo sentir muy bien, porque ve\u00eda que aportaba a otros del mismo modo en que hab\u00eda gente que me estaba aportando a m\u00ed. Me motiva saber que detr\u00e1s de la Fundaci\u00f3n Impulsa hay personas que apuestan por nosotros.<\/p>\n<p data-start=\"1937\" data-end=\"2512\"><strong data-start=\"1937\" data-end=\"2004\">\u00bfPor qu\u00e9 crees que es importante esta confianza en los j\u00f3venes?<\/strong><br data-start=\"2004\" data-end=\"2007\" \/>A nivel social no se conf\u00eda demasiado en la juventud. Existe el estigma de que los j\u00f3venes no queremos trabajar, y eso es mentira. Lo que ocurre es que, tal y como est\u00e1 el mundo, si tienes dificultades econ\u00f3micas, el camino m\u00e1s f\u00e1cil es dejar los estudios y ponerte a trabajar en empleos poco cualificados. Es muy importante saber que alguien conf\u00eda en ti; es importante confiar en uno mismo, pero si adem\u00e1s tienes personas a tu alrededor que conf\u00edan en ti, sacas tus proyectos adelante con m\u00e1s seguridad.<\/p>\n<blockquote data-start=\"2514\" data-end=\"2669\">\n<p data-start=\"2516\" data-end=\"2669\">\u00abEs importante confiar en uno mismo, pero si adem\u00e1s tienes personas a tu alrededor que conf\u00edan en ti, sacas tus proyectos adelante con m\u00e1s seguridad\u00bb<\/p>\n<\/blockquote>\n<p data-start=\"2671\" data-end=\"3423\"><strong data-start=\"2671\" data-end=\"2729\">\u00bfC\u00f3mo ha sido tu primer contacto con el mundo laboral?<\/strong><br data-start=\"2729\" data-end=\"2732\" \/>La primera vez que estuve en una empresa fue gracias al ciclo formativo de grado medio (CFGM) que curs\u00e9 en mec\u00e1nica; como era formaci\u00f3n dual, me permiti\u00f3 hacer pr\u00e1cticas remuneradas en una empresa. Cuando termin\u00e9 esas pr\u00e1cticas, me ofrecieron un contrato durante el verano, y entonces lo encaden\u00e9 con los estudios, haciendo el CFGS que estoy cursando ahora. Fue una muy buena experiencia, porque me permiti\u00f3 poner en pr\u00e1ctica los conocimientos de lo que hab\u00eda estudiado y tambi\u00e9n ampliarlos. No es lo mismo hacer un diagn\u00f3stico de un coche en dos clases que en un taller, donde tienes que hacerlo cada vez que entra un veh\u00edculo. En la empresa adquieres una experiencia que es muy importante.<\/p>\n<blockquote data-start=\"3425\" data-end=\"3568\">\n<p data-start=\"3427\" data-end=\"3568\">\u00abNo es lo mismo hacer un diagn\u00f3stico de un coche en dos clases que en un taller, donde tienes que hacerlo cada vez que entra un veh\u00edculo\u00bb<\/p>\n<\/blockquote>\n<p><img loading=\"lazy\" decoding=\"async\" class=\"alignnone wp-image-12882\" src=\"https:\/\/www.fundacioimpulsa.org\/wp-content\/uploads\/2025\/05\/Isam-DAni-3-e1747747511100.jpg\" alt=\"\" width=\"311\" height=\"411\" \/><\/p>\n<p data-start=\"67\" data-end=\"538\"><strong data-start=\"67\" data-end=\"137\">\u00bfPor qu\u00e9 crees que te contrataron cuando terminaste las pr\u00e1cticas?<\/strong><br data-start=\"137\" data-end=\"140\" \/>Durante las pr\u00e1cticas estuve muy a gusto con los compa\u00f1eros del taller; me ayudaron mucho, me explicaban las cosas y me trataron muy bien. Adem\u00e1s, estaban muy abiertos a todo lo que yo les pod\u00eda aportar desde el instituto, porque ellos son mec\u00e1nicos de oficio y valoraban que, m\u00e1s all\u00e1 de seguir indicaciones, quisiera aportar y me escuchaban. Creo que les gust\u00f3 que me implicara y fuera proactivo.<\/p>\n<p data-start=\"540\" data-end=\"955\"><strong data-start=\"540\" data-end=\"684\">Gracias a haberte formado en un CFGM, obtuviste trabajo. Podr\u00edas haberte quedado en la empresa, pero decidiste seguir con un CFGS. \u00bfPor qu\u00e9?<\/strong><br data-start=\"684\" data-end=\"687\" \/>Siempre he tenido claro que quer\u00eda seguir estudiando; para trabajar siempre habr\u00e1 tiempo, pero estudiar no es lo mismo hacerlo con 18 que con 35 a\u00f1os. Pienso que es m\u00e1s enriquecedor seguir form\u00e1ndote, porque te abre muchas puertas, tanto a nivel laboral como personal.<\/p>\n<blockquote data-start=\"957\" data-end=\"1081\">\n<p data-start=\"959\" data-end=\"1081\">\u00abPienso que es m\u00e1s enriquecedor seguir form\u00e1ndote, porque te abre muchas puertas, tanto a nivel laboral como personal\u00bb<\/p>\n<\/blockquote>\n<p data-start=\"1083\" data-end=\"1608\"><strong data-start=\"1083\" data-end=\"1167\">\u00bfEso quiere decir que ya tienes previstos nuevos retos una vez termines el CFGS?<\/strong><br data-start=\"1167\" data-end=\"1170\" \/>Mi idea, una vez acabe estos estudios, es ponerme a trabajar para, m\u00e1s adelante, prepararme las oposiciones para bombero. Siempre he sentido pasi\u00f3n por el entorno, y a ra\u00edz de unos incendios que hubo cerca de casa, en el macizo del Montgr\u00ed, me llam\u00f3 la atenci\u00f3n ser bombero: pienso que es un trabajo muy bonito en el que, adem\u00e1s de trabajar, haces equipo, creas v\u00ednculos y una peque\u00f1a familia, mientras contribuyes a cuidar el territorio.<\/p>\n<p data-start=\"1610\" data-end=\"1994\"><strong data-start=\"1610\" data-end=\"1654\">\u00bfCrees que es importante crear v\u00ednculos?<\/strong><br data-start=\"1654\" data-end=\"1657\" \/>Me gusta mucho la frase que dice \u201csolo vas m\u00e1s r\u00e1pido, pero acompa\u00f1ado vas m\u00e1s lejos\u201d. Creo que es muy cierta. Aunque tendemos al individualismo, somos seres sociales y siempre nos necesitamos unos a otros. Es una idea que siempre he tenido muy presente y, cuando conoc\u00ed la Fundaci\u00f3n Impulsa, todav\u00eda le encontr\u00e9 m\u00e1s sentido a esta idea.<\/p>\n<blockquote data-start=\"1996\" data-end=\"2187\">\n<p data-start=\"1998\" data-end=\"2187\">\u00abAunque tendemos al individualismo, somos seres sociales y siempre nos necesitamos unos a otros [&#8230;] y, cuando conoc\u00ed la Fundaci\u00f3n Impulsa, todav\u00eda le encontr\u00e9 m\u00e1s sentido a esta idea\u00bb<\/p>\n<\/blockquote>\n<p data-start=\"2189\" data-end=\"2671\"><strong data-start=\"2189\" data-end=\"2265\">\u00bfQu\u00e9 es lo que m\u00e1s valoras de lo que te aporta tu paso por la Fundaci\u00f3n?<\/strong><br data-start=\"2265\" data-end=\"2268\" \/>El acompa\u00f1amiento de mi mentor y de la t\u00e9cnica de referencia. Y tambi\u00e9n me ayuda mucho la parte del Programa de Crecimiento Humano; a nivel personal, es muy enriquecedor porque aprendemos a gestionar problemas, emociones\u2026 Es algo a lo que hoy en d\u00eda no se le da demasiada importancia. Yo nunca hab\u00eda recibido este tipo de ayuda y es muy gratificante contar con estas formaciones en crecimiento personal.<\/p>\n<p data-start=\"2673\" data-end=\"3562\"><strong data-start=\"2673\" data-end=\"2746\">\u00bfC\u00f3mo te han ayudado estas formaciones en competencias transversales?<\/strong><br data-start=\"2746\" data-end=\"2749\" \/>Durante la semana de ex\u00e1menes, por ejemplo, estaba muy estresado. Siempre me ayuda ir a correr por la monta\u00f1a, pero estoy lesionado y no pod\u00eda hacerlo. Por suerte, hab\u00eda aprendido a gestionar ese estr\u00e9s de otras maneras. Es un aprendizaje que tambi\u00e9n sirve mucho en el \u00e1mbito laboral, as\u00ed como el trabajo que hemos hecho para aprender a escuchar de forma proactiva y entender que hay diferentes puntos de vista, porque en las empresas convives con otros compa\u00f1eros y siempre pueden surgir situaciones. Es importante saber gestionar problemas y resolverlos de forma efectiva. A veces, me fijo en compa\u00f1eros de estudios y pienso que hay j\u00f3venes a los que les ir\u00eda muy bien trabajar estas competencias transversales para aprender que las emociones no deben controlarte, sino que t\u00fa tienes que ser quien las controle.<\/p>\n<p data-start=\"3564\" data-end=\"3653\"><strong data-start=\"3564\" data-end=\"3636\">Completa la frase. Para ti, en una palabra, la Fundaci\u00f3n Impulsa es\u2026<\/strong><br data-start=\"3636\" data-end=\"3639\" \/>Optimismo.<\/p>\n","protected":false},"excerpt":{"rendered":"<p>Disfrutar del entorno natural mientras corre, camina o hace rutas en bicicleta es una de las cosas que m\u00e1s apasiona a Isam Dani, estudiante de CFGS en Sistemas Electrot\u00e9cnicos y Automatizados, Rob\u00f3tica Industrial y joven Impulser de Torroella de Montgr\u00ed. Es el peque\u00f1o de cuatro hermanos y, aunque siempre ha tenido claro que quer\u00eda continuar sus estudios, es consciente de que no todos los j\u00f3venes tienen las mismas oportunidades a la hora de decidir. Explica que \u00e9l ha podido escoger hacia d\u00f3nde encaminar su futuro en gran parte gracias al acompa\u00f1amiento de la Fundaci\u00f3n Impulsa.<\/p>\n","protected":false},"author":10,"featured_media":12885,"comment_status":"closed","ping_status":"closed","sticky":false,"template":"","format":"standard","meta":{"_acf_changed":false,"footnotes":""},"categories":[72,84],"tags":[98],"class_list":["post-12980","post","type-post","status-publish","format-standard","has-post-thumbnail","hentry","category-dia-a-dia-es","category-protagonistas-impulsa","tag-protagonistesimpulsa-es"],"acf":[],"yoast_head":"<!-- This site is optimized with the Yoast SEO plugin v27.3 - https:\/\/yoast.com\/product\/yoast-seo-wordpress\/ -->\n<title>&quot;Existe el estigma de que los j\u00f3venes no queremos trabajar, y eso es mentira.&quot; Isam Dani - Fundacio Impulsa<\/title>\n<meta name=\"description\" content=\"Gaudir del medi ambient mentre corre, camina o fa rutes en bicicleta \u00e9s una de les coses que m\u00e9s apassiona l\u2019Isam Dani, estudiant de CFGS en Sistemes Electrot\u00e8cnics i Automatitzats, Rob\u00f2tica industrial i jove Impulser de Torroella de Mongr\u00ed. \u00c9s el petit de quatre germans i, tot i que sempre ha tingut clar que volia continuar els seus estudis, \u00e9s conscient que no tots els joves tenen les mateixes oportunitats a l\u2019hora de decidir. Explica que ell ha pogut escollir cap on encaminar el seu futur en gran part gr\u00e0cies a l\u2019acompanyament de la Fundaci\u00f3 Impulsa.\" \/>\n<meta name=\"robots\" content=\"index, follow, max-snippet:-1, max-image-preview:large, max-video-preview:-1\" \/>\n<link rel=\"canonical\" href=\"https:\/\/www.fundacioimpulsa.org\/es\/isam-dani\/\" \/>\n<meta property=\"og:locale\" content=\"es_ES\" \/>\n<meta property=\"og:type\" content=\"article\" \/>\n<meta property=\"og:title\" content=\"&quot;Existe el estigma de que los j\u00f3venes no queremos trabajar, y eso es mentira.&quot; Isam Dani - Fundacio Impulsa\" \/>\n<meta property=\"og:description\" content=\"Gaudir del medi ambient mentre corre, camina o fa rutes en bicicleta \u00e9s una de les coses que m\u00e9s apassiona l\u2019Isam Dani, estudiant de CFGS en Sistemes Electrot\u00e8cnics i Automatitzats, Rob\u00f2tica industrial i jove Impulser de Torroella de Mongr\u00ed. \u00c9s el petit de quatre germans i, tot i que sempre ha tingut clar que volia continuar els seus estudis, \u00e9s conscient que no tots els joves tenen les mateixes oportunitats a l\u2019hora de decidir. Explica que ell ha pogut escollir cap on encaminar el seu futur en gran part gr\u00e0cies a l\u2019acompanyament de la Fundaci\u00f3 Impulsa.\" \/>\n<meta property=\"og:url\" content=\"https:\/\/www.fundacioimpulsa.org\/es\/isam-dani\/\" \/>\n<meta property=\"og:site_name\" content=\"Fundacio Impulsa\" \/>\n<meta property=\"article:published_time\" content=\"2025-05-20T13:20:45+00:00\" \/>\n<meta property=\"article:modified_time\" content=\"2025-06-02T12:25:35+00:00\" \/>\n<meta property=\"og:image\" content=\"https:\/\/www.fundacioimpulsa.org\/wp-content\/uploads\/2025\/05\/Portada-noti-Fundacio-Impulsa-30.jpg\" \/>\n\t<meta property=\"og:image:width\" content=\"700\" \/>\n\t<meta property=\"og:image:height\" content=\"483\" \/>\n\t<meta property=\"og:image:type\" content=\"image\/jpeg\" \/>\n<meta name=\"author\" content=\"anna\" \/>\n<meta name=\"twitter:card\" content=\"summary_large_image\" \/>\n<meta name=\"twitter:label1\" content=\"Escrito por\" \/>\n\t<meta name=\"twitter:data1\" content=\"anna\" \/>\n\t<meta name=\"twitter:label2\" content=\"Tiempo de lectura\" \/>\n\t<meta name=\"twitter:data2\" content=\"7 minutos\" \/>\n<script type=\"application\/ld+json\" class=\"yoast-schema-graph\">{\"@context\":\"https:\\\/\\\/schema.org\",\"@graph\":[{\"@type\":\"Article\",\"@id\":\"https:\\\/\\\/www.fundacioimpulsa.org\\\/es\\\/isam-dani\\\/#article\",\"isPartOf\":{\"@id\":\"https:\\\/\\\/www.fundacioimpulsa.org\\\/es\\\/isam-dani\\\/\"},\"author\":{\"name\":\"anna\",\"@id\":\"https:\\\/\\\/www.fundacioimpulsa.org\\\/es\\\/#\\\/schema\\\/person\\\/8093abda9188d9065d7a02992af09c00\"},\"headline\":\"\u00abExiste el estigma de que los j\u00f3venes no queremos trabajar, y eso es mentira.\u00bb Isam Dani\",\"datePublished\":\"2025-05-20T13:20:45+00:00\",\"dateModified\":\"2025-06-02T12:25:35+00:00\",\"mainEntityOfPage\":{\"@id\":\"https:\\\/\\\/www.fundacioimpulsa.org\\\/es\\\/isam-dani\\\/\"},\"wordCount\":1316,\"image\":{\"@id\":\"https:\\\/\\\/www.fundacioimpulsa.org\\\/es\\\/isam-dani\\\/#primaryimage\"},\"thumbnailUrl\":\"https:\\\/\\\/www.fundacioimpulsa.org\\\/wp-content\\\/uploads\\\/2025\\\/05\\\/Portada-noti-Fundacio-Impulsa-30.jpg\",\"keywords\":[\"#ProtagonistasImpulsa\"],\"articleSection\":[\"D\u00eda a D\u00eda\",\"Protagonistas Impulsa\"],\"inLanguage\":\"es\"},{\"@type\":\"WebPage\",\"@id\":\"https:\\\/\\\/www.fundacioimpulsa.org\\\/es\\\/isam-dani\\\/\",\"url\":\"https:\\\/\\\/www.fundacioimpulsa.org\\\/es\\\/isam-dani\\\/\",\"name\":\"\\\"Existe el estigma de que los j\u00f3venes no queremos trabajar, y eso es mentira.\\\" Isam Dani - Fundacio Impulsa\",\"isPartOf\":{\"@id\":\"https:\\\/\\\/www.fundacioimpulsa.org\\\/es\\\/#website\"},\"primaryImageOfPage\":{\"@id\":\"https:\\\/\\\/www.fundacioimpulsa.org\\\/es\\\/isam-dani\\\/#primaryimage\"},\"image\":{\"@id\":\"https:\\\/\\\/www.fundacioimpulsa.org\\\/es\\\/isam-dani\\\/#primaryimage\"},\"thumbnailUrl\":\"https:\\\/\\\/www.fundacioimpulsa.org\\\/wp-content\\\/uploads\\\/2025\\\/05\\\/Portada-noti-Fundacio-Impulsa-30.jpg\",\"datePublished\":\"2025-05-20T13:20:45+00:00\",\"dateModified\":\"2025-06-02T12:25:35+00:00\",\"author\":{\"@id\":\"https:\\\/\\\/www.fundacioimpulsa.org\\\/es\\\/#\\\/schema\\\/person\\\/8093abda9188d9065d7a02992af09c00\"},\"description\":\"Gaudir del medi ambient mentre corre, camina o fa rutes en bicicleta \u00e9s una de les coses que m\u00e9s apassiona l\u2019Isam Dani, estudiant de CFGS en Sistemes Electrot\u00e8cnics i Automatitzats, Rob\u00f2tica industrial i jove Impulser de Torroella de Mongr\u00ed. \u00c9s el petit de quatre germans i, tot i que sempre ha tingut clar que volia continuar els seus estudis, \u00e9s conscient que no tots els joves tenen les mateixes oportunitats a l\u2019hora de decidir. Explica que ell ha pogut escollir cap on encaminar el seu futur en gran part gr\u00e0cies a l\u2019acompanyament de la Fundaci\u00f3 Impulsa.\",\"breadcrumb\":{\"@id\":\"https:\\\/\\\/www.fundacioimpulsa.org\\\/es\\\/isam-dani\\\/#breadcrumb\"},\"inLanguage\":\"es\",\"potentialAction\":[{\"@type\":\"ReadAction\",\"target\":[\"https:\\\/\\\/www.fundacioimpulsa.org\\\/es\\\/isam-dani\\\/\"]}]},{\"@type\":\"ImageObject\",\"inLanguage\":\"es\",\"@id\":\"https:\\\/\\\/www.fundacioimpulsa.org\\\/es\\\/isam-dani\\\/#primaryimage\",\"url\":\"https:\\\/\\\/www.fundacioimpulsa.org\\\/wp-content\\\/uploads\\\/2025\\\/05\\\/Portada-noti-Fundacio-Impulsa-30.jpg\",\"contentUrl\":\"https:\\\/\\\/www.fundacioimpulsa.org\\\/wp-content\\\/uploads\\\/2025\\\/05\\\/Portada-noti-Fundacio-Impulsa-30.jpg\",\"width\":700,\"height\":483},{\"@type\":\"BreadcrumbList\",\"@id\":\"https:\\\/\\\/www.fundacioimpulsa.org\\\/es\\\/isam-dani\\\/#breadcrumb\",\"itemListElement\":[{\"@type\":\"ListItem\",\"position\":1,\"name\":\"Inici\",\"item\":\"https:\\\/\\\/www.fundacioimpulsa.org\\\/es\\\/fundacio-impulsa\\\/\"},{\"@type\":\"ListItem\",\"position\":2,\"name\":\"&#8220;Existe el estigma de que los j\u00f3venes no queremos trabajar, y eso es mentira.&#8221; Isam Dani\"}]},{\"@type\":\"WebSite\",\"@id\":\"https:\\\/\\\/www.fundacioimpulsa.org\\\/es\\\/#website\",\"url\":\"https:\\\/\\\/www.fundacioimpulsa.org\\\/es\\\/\",\"name\":\"Fundacio Impulsa\",\"description\":\"\",\"potentialAction\":[{\"@type\":\"SearchAction\",\"target\":{\"@type\":\"EntryPoint\",\"urlTemplate\":\"https:\\\/\\\/www.fundacioimpulsa.org\\\/es\\\/?s={search_term_string}\"},\"query-input\":{\"@type\":\"PropertyValueSpecification\",\"valueRequired\":true,\"valueName\":\"search_term_string\"}}],\"inLanguage\":\"es\"},{\"@type\":\"Person\",\"@id\":\"https:\\\/\\\/www.fundacioimpulsa.org\\\/es\\\/#\\\/schema\\\/person\\\/8093abda9188d9065d7a02992af09c00\",\"name\":\"anna\",\"image\":{\"@type\":\"ImageObject\",\"inLanguage\":\"es\",\"@id\":\"https:\\\/\\\/secure.gravatar.com\\\/avatar\\\/098ca997a3814bde9b9ec5e5dfa4ad0ee9a251cd4cf1b86b7c008606c50d48c9?s=96&d=mm&r=g\",\"url\":\"https:\\\/\\\/secure.gravatar.com\\\/avatar\\\/098ca997a3814bde9b9ec5e5dfa4ad0ee9a251cd4cf1b86b7c008606c50d48c9?s=96&d=mm&r=g\",\"contentUrl\":\"https:\\\/\\\/secure.gravatar.com\\\/avatar\\\/098ca997a3814bde9b9ec5e5dfa4ad0ee9a251cd4cf1b86b7c008606c50d48c9?s=96&d=mm&r=g\",\"caption\":\"anna\"},\"url\":\"https:\\\/\\\/www.fundacioimpulsa.org\\\/es\\\/author\\\/anna\\\/\"}]}<\/script>\n<!-- \/ Yoast SEO plugin. -->","yoast_head_json":{"title":"\"Existe el estigma de que los j\u00f3venes no queremos trabajar, y eso es mentira.\" Isam Dani - Fundacio Impulsa","description":"Gaudir del medi ambient mentre corre, camina o fa rutes en bicicleta \u00e9s una de les coses que m\u00e9s apassiona l\u2019Isam Dani, estudiant de CFGS en Sistemes Electrot\u00e8cnics i Automatitzats, Rob\u00f2tica industrial i jove Impulser de Torroella de Mongr\u00ed. \u00c9s el petit de quatre germans i, tot i que sempre ha tingut clar que volia continuar els seus estudis, \u00e9s conscient que no tots els joves tenen les mateixes oportunitats a l\u2019hora de decidir. Explica que ell ha pogut escollir cap on encaminar el seu futur en gran part gr\u00e0cies a l\u2019acompanyament de la Fundaci\u00f3 Impulsa.","robots":{"index":"index","follow":"follow","max-snippet":"max-snippet:-1","max-image-preview":"max-image-preview:large","max-video-preview":"max-video-preview:-1"},"canonical":"https:\/\/www.fundacioimpulsa.org\/es\/isam-dani\/","og_locale":"es_ES","og_type":"article","og_title":"\"Existe el estigma de que los j\u00f3venes no queremos trabajar, y eso es mentira.\" Isam Dani - Fundacio Impulsa","og_description":"Gaudir del medi ambient mentre corre, camina o fa rutes en bicicleta \u00e9s una de les coses que m\u00e9s apassiona l\u2019Isam Dani, estudiant de CFGS en Sistemes Electrot\u00e8cnics i Automatitzats, Rob\u00f2tica industrial i jove Impulser de Torroella de Mongr\u00ed. \u00c9s el petit de quatre germans i, tot i que sempre ha tingut clar que volia continuar els seus estudis, \u00e9s conscient que no tots els joves tenen les mateixes oportunitats a l\u2019hora de decidir. Explica que ell ha pogut escollir cap on encaminar el seu futur en gran part gr\u00e0cies a l\u2019acompanyament de la Fundaci\u00f3 Impulsa.","og_url":"https:\/\/www.fundacioimpulsa.org\/es\/isam-dani\/","og_site_name":"Fundacio Impulsa","article_published_time":"2025-05-20T13:20:45+00:00","article_modified_time":"2025-06-02T12:25:35+00:00","og_image":[{"width":700,"height":483,"url":"https:\/\/www.fundacioimpulsa.org\/wp-content\/uploads\/2025\/05\/Portada-noti-Fundacio-Impulsa-30.jpg","type":"image\/jpeg"}],"author":"anna","twitter_card":"summary_large_image","twitter_misc":{"Escrito por":"anna","Tiempo de lectura":"7 minutos"},"schema":{"@context":"https:\/\/schema.org","@graph":[{"@type":"Article","@id":"https:\/\/www.fundacioimpulsa.org\/es\/isam-dani\/#article","isPartOf":{"@id":"https:\/\/www.fundacioimpulsa.org\/es\/isam-dani\/"},"author":{"name":"anna","@id":"https:\/\/www.fundacioimpulsa.org\/es\/#\/schema\/person\/8093abda9188d9065d7a02992af09c00"},"headline":"\u00abExiste el estigma de que los j\u00f3venes no queremos trabajar, y eso es mentira.\u00bb Isam Dani","datePublished":"2025-05-20T13:20:45+00:00","dateModified":"2025-06-02T12:25:35+00:00","mainEntityOfPage":{"@id":"https:\/\/www.fundacioimpulsa.org\/es\/isam-dani\/"},"wordCount":1316,"image":{"@id":"https:\/\/www.fundacioimpulsa.org\/es\/isam-dani\/#primaryimage"},"thumbnailUrl":"https:\/\/www.fundacioimpulsa.org\/wp-content\/uploads\/2025\/05\/Portada-noti-Fundacio-Impulsa-30.jpg","keywords":["#ProtagonistasImpulsa"],"articleSection":["D\u00eda a D\u00eda","Protagonistas Impulsa"],"inLanguage":"es"},{"@type":"WebPage","@id":"https:\/\/www.fundacioimpulsa.org\/es\/isam-dani\/","url":"https:\/\/www.fundacioimpulsa.org\/es\/isam-dani\/","name":"\"Existe el estigma de que los j\u00f3venes no queremos trabajar, y eso es mentira.\" Isam Dani - Fundacio Impulsa","isPartOf":{"@id":"https:\/\/www.fundacioimpulsa.org\/es\/#website"},"primaryImageOfPage":{"@id":"https:\/\/www.fundacioimpulsa.org\/es\/isam-dani\/#primaryimage"},"image":{"@id":"https:\/\/www.fundacioimpulsa.org\/es\/isam-dani\/#primaryimage"},"thumbnailUrl":"https:\/\/www.fundacioimpulsa.org\/wp-content\/uploads\/2025\/05\/Portada-noti-Fundacio-Impulsa-30.jpg","datePublished":"2025-05-20T13:20:45+00:00","dateModified":"2025-06-02T12:25:35+00:00","author":{"@id":"https:\/\/www.fundacioimpulsa.org\/es\/#\/schema\/person\/8093abda9188d9065d7a02992af09c00"},"description":"Gaudir del medi ambient mentre corre, camina o fa rutes en bicicleta \u00e9s una de les coses que m\u00e9s apassiona l\u2019Isam Dani, estudiant de CFGS en Sistemes Electrot\u00e8cnics i Automatitzats, Rob\u00f2tica industrial i jove Impulser de Torroella de Mongr\u00ed. \u00c9s el petit de quatre germans i, tot i que sempre ha tingut clar que volia continuar els seus estudis, \u00e9s conscient que no tots els joves tenen les mateixes oportunitats a l\u2019hora de decidir. Explica que ell ha pogut escollir cap on encaminar el seu futur en gran part gr\u00e0cies a l\u2019acompanyament de la Fundaci\u00f3 Impulsa.","breadcrumb":{"@id":"https:\/\/www.fundacioimpulsa.org\/es\/isam-dani\/#breadcrumb"},"inLanguage":"es","potentialAction":[{"@type":"ReadAction","target":["https:\/\/www.fundacioimpulsa.org\/es\/isam-dani\/"]}]},{"@type":"ImageObject","inLanguage":"es","@id":"https:\/\/www.fundacioimpulsa.org\/es\/isam-dani\/#primaryimage","url":"https:\/\/www.fundacioimpulsa.org\/wp-content\/uploads\/2025\/05\/Portada-noti-Fundacio-Impulsa-30.jpg","contentUrl":"https:\/\/www.fundacioimpulsa.org\/wp-content\/uploads\/2025\/05\/Portada-noti-Fundacio-Impulsa-30.jpg","width":700,"height":483},{"@type":"BreadcrumbList","@id":"https:\/\/www.fundacioimpulsa.org\/es\/isam-dani\/#breadcrumb","itemListElement":[{"@type":"ListItem","position":1,"name":"Inici","item":"https:\/\/www.fundacioimpulsa.org\/es\/fundacio-impulsa\/"},{"@type":"ListItem","position":2,"name":"&#8220;Existe el estigma de que los j\u00f3venes no queremos trabajar, y eso es mentira.&#8221; Isam Dani"}]},{"@type":"WebSite","@id":"https:\/\/www.fundacioimpulsa.org\/es\/#website","url":"https:\/\/www.fundacioimpulsa.org\/es\/","name":"Fundacio Impulsa","description":"","potentialAction":[{"@type":"SearchAction","target":{"@type":"EntryPoint","urlTemplate":"https:\/\/www.fundacioimpulsa.org\/es\/?s={search_term_string}"},"query-input":{"@type":"PropertyValueSpecification","valueRequired":true,"valueName":"search_term_string"}}],"inLanguage":"es"},{"@type":"Person","@id":"https:\/\/www.fundacioimpulsa.org\/es\/#\/schema\/person\/8093abda9188d9065d7a02992af09c00","name":"anna","image":{"@type":"ImageObject","inLanguage":"es","@id":"https:\/\/secure.gravatar.com\/avatar\/098ca997a3814bde9b9ec5e5dfa4ad0ee9a251cd4cf1b86b7c008606c50d48c9?s=96&d=mm&r=g","url":"https:\/\/secure.gravatar.com\/avatar\/098ca997a3814bde9b9ec5e5dfa4ad0ee9a251cd4cf1b86b7c008606c50d48c9?s=96&d=mm&r=g","contentUrl":"https:\/\/secure.gravatar.com\/avatar\/098ca997a3814bde9b9ec5e5dfa4ad0ee9a251cd4cf1b86b7c008606c50d48c9?s=96&d=mm&r=g","caption":"anna"},"url":"https:\/\/www.fundacioimpulsa.org\/es\/author\/anna\/"}]}},"publishpress_future_action":{"enabled":false,"date":"2026-05-07 12:29:20","action":"change-status","newStatus":"draft","terms":[],"taxonomy":"category","extraData":[]},"publishpress_future_workflow_manual_trigger":{"enabledWorkflows":[]},"_links":{"self":[{"href":"https:\/\/www.fundacioimpulsa.org\/es\/wp-json\/wp\/v2\/posts\/12980","targetHints":{"allow":["GET"]}}],"collection":[{"href":"https:\/\/www.fundacioimpulsa.org\/es\/wp-json\/wp\/v2\/posts"}],"about":[{"href":"https:\/\/www.fundacioimpulsa.org\/es\/wp-json\/wp\/v2\/types\/post"}],"author":[{"embeddable":true,"href":"https:\/\/www.fundacioimpulsa.org\/es\/wp-json\/wp\/v2\/users\/10"}],"replies":[{"embeddable":true,"href":"https:\/\/www.fundacioimpulsa.org\/es\/wp-json\/wp\/v2\/comments?post=12980"}],"version-history":[{"count":2,"href":"https:\/\/www.fundacioimpulsa.org\/es\/wp-json\/wp\/v2\/posts\/12980\/revisions"}],"predecessor-version":[{"id":12981,"href":"https:\/\/www.fundacioimpulsa.org\/es\/wp-json\/wp\/v2\/posts\/12980\/revisions\/12981"}],"wp:featuredmedia":[{"embeddable":true,"href":"https:\/\/www.fundacioimpulsa.org\/es\/wp-json\/wp\/v2\/media\/12885"}],"wp:attachment":[{"href":"https:\/\/www.fundacioimpulsa.org\/es\/wp-json\/wp\/v2\/media?parent=12980"}],"wp:term":[{"taxonomy":"category","embeddable":true,"href":"https:\/\/www.fundacioimpulsa.org\/es\/wp-json\/wp\/v2\/categories?post=12980"},{"taxonomy":"post_tag","embeddable":true,"href":"https:\/\/www.fundacioimpulsa.org\/es\/wp-json\/wp\/v2\/tags?post=12980"}],"curies":[{"name":"wp","href":"https:\/\/api.w.org\/{rel}","templated":true}]}}