{"id":12983,"date":"2025-06-02T12:25:21","date_gmt":"2025-06-02T10:25:21","guid":{"rendered":"https:\/\/www.fundacioimpulsa.org\/?p=12983"},"modified":"2025-06-02T14:28:26","modified_gmt":"2025-06-02T12:28:26","slug":"la-uvic-ucc-y-la-fundacion-impulsa-firman-un-convenio-de-colaboracion-para-fomentar-la-educacion-y-el-compromiso-social-de-los-jovenes","status":"publish","type":"post","link":"https:\/\/www.fundacioimpulsa.org\/es\/la-uvic-ucc-y-la-fundacion-impulsa-firman-un-convenio-de-colaboracion-para-fomentar-la-educacion-y-el-compromiso-social-de-los-jovenes\/","title":{"rendered":"La UVic-UCC y la Fundaci\u00f3n Impulsa firman un convenio de colaboraci\u00f3n para fomentar la educaci\u00f3n y el compromiso social de los j\u00f3venes."},"content":{"rendered":"<p><img loading=\"lazy\" decoding=\"async\" class=\"alignnone wp-image-12889\" src=\"https:\/\/www.fundacioimpulsa.org\/wp-content\/uploads\/2025\/05\/Impulsa5-300x200.jpg\" alt=\"\" width=\"722\" height=\"481\" srcset=\"https:\/\/www.fundacioimpulsa.org\/wp-content\/uploads\/2025\/05\/Impulsa5-300x200.jpg 300w, https:\/\/www.fundacioimpulsa.org\/wp-content\/uploads\/2025\/05\/Impulsa5-1030x687.jpg 1030w, https:\/\/www.fundacioimpulsa.org\/wp-content\/uploads\/2025\/05\/Impulsa5-768x512.jpg 768w, https:\/\/www.fundacioimpulsa.org\/wp-content\/uploads\/2025\/05\/Impulsa5-1536x1024.jpg 1536w, https:\/\/www.fundacioimpulsa.org\/wp-content\/uploads\/2025\/05\/Impulsa5-2048x1365.jpg 2048w, https:\/\/www.fundacioimpulsa.org\/wp-content\/uploads\/2025\/05\/Impulsa5-1500x1000.jpg 1500w, https:\/\/www.fundacioimpulsa.org\/wp-content\/uploads\/2025\/05\/Impulsa5-705x470.jpg 705w, https:\/\/www.fundacioimpulsa.org\/wp-content\/uploads\/2025\/05\/Impulsa5-795x530.jpg 795w, https:\/\/www.fundacioimpulsa.org\/wp-content\/uploads\/2025\/05\/Impulsa5-315x211.jpg 315w\" sizes=\"auto, (max-width: 722px) 100vw, 722px\" \/><\/p>\n<p data-start=\"0\" data-end=\"262\">a Universidad de Vic \u2013 Universidad Central de Catalu\u00f1a (UVic-UCC) y la Fundaci\u00f3n Impulsa han formalizado este mi\u00e9rcoles un convenio de colaboraci\u00f3n que establece el marco general para desarrollar acciones conjuntas en los \u00e1mbitos acad\u00e9mico, cient\u00edfico y social.<\/p>\n<p data-start=\"264\" data-end=\"581\">El acuerdo, firmado por el director general de la FUBalmes, Jordi Baiget, y la presidenta de la Fundaci\u00f3n Impulsa, Andrea Carandell, tiene como objetivo reforzar las sinergias entre ambas instituciones a partir de una voluntad compartida de generar oportunidades educativas y de crecimiento personal para los j\u00f3venes.<\/p>\n<p data-start=\"583\" data-end=\"1024\">Una parte destacada del convenio se centra en facilitar la participaci\u00f3n del estudiantado de la UVic-UCC en programas de voluntariado vinculados a la Fundaci\u00f3n Impulsa. Adem\u00e1s, se promover\u00e1 la continuidad educativa de los j\u00f3venes vinculados a la fundaci\u00f3n hacia estudios de grado universitario o ciclos formativos de grado superior, mediante acciones como sesiones de orientaci\u00f3n, apoyo en la tramitaci\u00f3n de becas y acompa\u00f1amiento educativo.<\/p>\n<p data-start=\"1026\" data-end=\"1310\">Tambi\u00e9n se prev\u00e9 la participaci\u00f3n de docentes y expertos de la UVic-UCC en las actividades formativas de la Fundaci\u00f3n Impulsa, as\u00ed como la colaboraci\u00f3n en la difusi\u00f3n de iniciativas compartidas y, cuando sea posible, la cesi\u00f3n de espacios para actividades formativas y de divulgaci\u00f3n.<\/p>\n<p style=\"padding-left: 40px;\" data-start=\"1312\" data-end=\"1695\">Durante el acto de firma, Jordi Baiget ha destacado que \u201ceste convenio se enmarca plenamente en el compromiso de la UVic-UCC con el territorio y las personas, con la responsabilidad social y con la equidad educativa. La colaboraci\u00f3n con la Fundaci\u00f3n Impulsa nos permite poner al alcance de los j\u00f3venes las herramientas para construir un futuro acad\u00e9mico y profesional con garant\u00edas.\u201d<\/p>\n<p style=\"padding-left: 40px;\" data-start=\"1697\" data-end=\"2087\">Por su parte, Andrea Carandell ha valorado el acuerdo afirmando que \u201ceste convenio con la UVic-UCC es una alianza clave para seguir tejiendo complicidades con el territorio y ofrecer a los j\u00f3venes Impulsers referentes acad\u00e9micos y profesionales que les ayuden a trazar un futuro lleno de oportunidades. Compartimos la visi\u00f3n de que la educaci\u00f3n es una herramienta de transformaci\u00f3n social.\u201d<\/p>\n<p data-start=\"2089\" data-end=\"2308\" data-is-last-node=\"\" data-is-only-node=\"\">Con este convenio, la Fundaci\u00f3n Universitaria Balmes y la Fundaci\u00f3n Impulsa reafirman su compromiso con la formaci\u00f3n integral de las personas j\u00f3venes y la construcci\u00f3n de una sociedad m\u00e1s justa, inclusiva y cohesionada.<\/p>\n","protected":false},"excerpt":{"rendered":"<p>a Universidad de Vic \u2013 Universidad Central de Catalu\u00f1a (UVic-UCC) y la Fundaci\u00f3n Impulsa han formalizado este mi\u00e9rcoles un convenio de colaboraci\u00f3n que establece el marco general para desarrollar acciones conjuntas en los \u00e1mbitos acad\u00e9mico, cient\u00edfico y social. El acuerdo, firmado por el director general de la FUBalmes, Jordi Baiget, y la presidenta de la [&hellip;]<\/p>\n","protected":false},"author":10,"featured_media":12890,"comment_status":"closed","ping_status":"closed","sticky":false,"template":"","format":"standard","meta":{"_acf_changed":false,"footnotes":""},"categories":[72,76,52],"tags":[70],"class_list":["post-12983","post","type-post","status-publish","format-standard","has-post-thumbnail","hentry","category-dia-a-dia-es","category-noticies-es","category-sin-categorizar","tag-metodoimpulsa"],"acf":[],"yoast_head":"<!-- This site is optimized with the Yoast SEO plugin v27.5 - https:\/\/yoast.com\/product\/yoast-seo-wordpress\/ -->\n<title>La UVic-UCC y la Fundaci\u00f3n Impulsa firman un convenio de colaboraci\u00f3n para fomentar la educaci\u00f3n y el compromiso social de los j\u00f3venes. - Fundacio Impulsa<\/title>\n<meta name=\"robots\" content=\"index, follow, max-snippet:-1, max-image-preview:large, max-video-preview:-1\" \/>\n<link rel=\"canonical\" href=\"https:\/\/www.fundacioimpulsa.org\/es\/la-uvic-ucc-y-la-fundacion-impulsa-firman-un-convenio-de-colaboracion-para-fomentar-la-educacion-y-el-compromiso-social-de-los-jovenes\/\" \/>\n<meta property=\"og:locale\" content=\"es_ES\" \/>\n<meta property=\"og:type\" content=\"article\" \/>\n<meta property=\"og:title\" content=\"La UVic-UCC y la Fundaci\u00f3n Impulsa firman un convenio de colaboraci\u00f3n para fomentar la educaci\u00f3n y el compromiso social de los j\u00f3venes. - Fundacio Impulsa\" \/>\n<meta property=\"og:description\" content=\"a Universidad de Vic \u2013 Universidad Central de Catalu\u00f1a (UVic-UCC) y la Fundaci\u00f3n Impulsa han formalizado este mi\u00e9rcoles un convenio de colaboraci\u00f3n que establece el marco general para desarrollar acciones conjuntas en los \u00e1mbitos acad\u00e9mico, cient\u00edfico y social. El acuerdo, firmado por el director general de la FUBalmes, Jordi Baiget, y la presidenta de la [&hellip;]\" \/>\n<meta property=\"og:url\" content=\"https:\/\/www.fundacioimpulsa.org\/es\/la-uvic-ucc-y-la-fundacion-impulsa-firman-un-convenio-de-colaboracion-para-fomentar-la-educacion-y-el-compromiso-social-de-los-jovenes\/\" \/>\n<meta property=\"og:site_name\" content=\"Fundacio Impulsa\" \/>\n<meta property=\"article:published_time\" content=\"2025-06-02T10:25:21+00:00\" \/>\n<meta property=\"article:modified_time\" content=\"2025-06-02T12:28:26+00:00\" \/>\n<meta property=\"og:image\" content=\"https:\/\/www.fundacioimpulsa.org\/wp-content\/uploads\/2025\/05\/Impulsa5-1030x687.jpg\" \/>\n\t<meta property=\"og:image:width\" content=\"1030\" \/>\n\t<meta property=\"og:image:height\" content=\"687\" \/>\n\t<meta property=\"og:image:type\" content=\"image\/jpeg\" \/>\n<meta name=\"author\" content=\"anna\" \/>\n<meta name=\"twitter:card\" content=\"summary_large_image\" \/>\n<meta name=\"twitter:label1\" content=\"Escrito por\" \/>\n\t<meta name=\"twitter:data1\" content=\"anna\" \/>\n\t<meta name=\"twitter:label2\" content=\"Tiempo de lectura\" \/>\n\t<meta name=\"twitter:data2\" content=\"3 minutos\" \/>\n<script type=\"application\/ld+json\" class=\"yoast-schema-graph\">{\"@context\":\"https:\\\/\\\/schema.org\",\"@graph\":[{\"@type\":\"Article\",\"@id\":\"https:\\\/\\\/www.fundacioimpulsa.org\\\/es\\\/la-uvic-ucc-y-la-fundacion-impulsa-firman-un-convenio-de-colaboracion-para-fomentar-la-educacion-y-el-compromiso-social-de-los-jovenes\\\/#article\",\"isPartOf\":{\"@id\":\"https:\\\/\\\/www.fundacioimpulsa.org\\\/es\\\/la-uvic-ucc-y-la-fundacion-impulsa-firman-un-convenio-de-colaboracion-para-fomentar-la-educacion-y-el-compromiso-social-de-los-jovenes\\\/\"},\"author\":{\"name\":\"anna\",\"@id\":\"https:\\\/\\\/www.fundacioimpulsa.org\\\/es\\\/#\\\/schema\\\/person\\\/8093abda9188d9065d7a02992af09c00\"},\"headline\":\"La UVic-UCC y la Fundaci\u00f3n Impulsa firman un convenio de colaboraci\u00f3n para fomentar la educaci\u00f3n y el compromiso social de los j\u00f3venes.\",\"datePublished\":\"2025-06-02T10:25:21+00:00\",\"dateModified\":\"2025-06-02T12:28:26+00:00\",\"mainEntityOfPage\":{\"@id\":\"https:\\\/\\\/www.fundacioimpulsa.org\\\/es\\\/la-uvic-ucc-y-la-fundacion-impulsa-firman-un-convenio-de-colaboracion-para-fomentar-la-educacion-y-el-compromiso-social-de-los-jovenes\\\/\"},\"wordCount\":411,\"image\":{\"@id\":\"https:\\\/\\\/www.fundacioimpulsa.org\\\/es\\\/la-uvic-ucc-y-la-fundacion-impulsa-firman-un-convenio-de-colaboracion-para-fomentar-la-educacion-y-el-compromiso-social-de-los-jovenes\\\/#primaryimage\"},\"thumbnailUrl\":\"https:\\\/\\\/www.fundacioimpulsa.org\\\/wp-content\\\/uploads\\\/2025\\\/05\\\/Impulsa5-scaled.jpg\",\"keywords\":[\"#M\u00e9todoImpulsa\"],\"articleSection\":[\"D\u00eda a D\u00eda\",\"Noticias\",\"Sin categorizar\"],\"inLanguage\":\"es\"},{\"@type\":\"WebPage\",\"@id\":\"https:\\\/\\\/www.fundacioimpulsa.org\\\/es\\\/la-uvic-ucc-y-la-fundacion-impulsa-firman-un-convenio-de-colaboracion-para-fomentar-la-educacion-y-el-compromiso-social-de-los-jovenes\\\/\",\"url\":\"https:\\\/\\\/www.fundacioimpulsa.org\\\/es\\\/la-uvic-ucc-y-la-fundacion-impulsa-firman-un-convenio-de-colaboracion-para-fomentar-la-educacion-y-el-compromiso-social-de-los-jovenes\\\/\",\"name\":\"La UVic-UCC y la Fundaci\u00f3n Impulsa firman un convenio de colaboraci\u00f3n para fomentar la educaci\u00f3n y el compromiso social de los j\u00f3venes. - Fundacio Impulsa\",\"isPartOf\":{\"@id\":\"https:\\\/\\\/www.fundacioimpulsa.org\\\/es\\\/#website\"},\"primaryImageOfPage\":{\"@id\":\"https:\\\/\\\/www.fundacioimpulsa.org\\\/es\\\/la-uvic-ucc-y-la-fundacion-impulsa-firman-un-convenio-de-colaboracion-para-fomentar-la-educacion-y-el-compromiso-social-de-los-jovenes\\\/#primaryimage\"},\"image\":{\"@id\":\"https:\\\/\\\/www.fundacioimpulsa.org\\\/es\\\/la-uvic-ucc-y-la-fundacion-impulsa-firman-un-convenio-de-colaboracion-para-fomentar-la-educacion-y-el-compromiso-social-de-los-jovenes\\\/#primaryimage\"},\"thumbnailUrl\":\"https:\\\/\\\/www.fundacioimpulsa.org\\\/wp-content\\\/uploads\\\/2025\\\/05\\\/Impulsa5-scaled.jpg\",\"datePublished\":\"2025-06-02T10:25:21+00:00\",\"dateModified\":\"2025-06-02T12:28:26+00:00\",\"author\":{\"@id\":\"https:\\\/\\\/www.fundacioimpulsa.org\\\/es\\\/#\\\/schema\\\/person\\\/8093abda9188d9065d7a02992af09c00\"},\"breadcrumb\":{\"@id\":\"https:\\\/\\\/www.fundacioimpulsa.org\\\/es\\\/la-uvic-ucc-y-la-fundacion-impulsa-firman-un-convenio-de-colaboracion-para-fomentar-la-educacion-y-el-compromiso-social-de-los-jovenes\\\/#breadcrumb\"},\"inLanguage\":\"es\",\"potentialAction\":[{\"@type\":\"ReadAction\",\"target\":[\"https:\\\/\\\/www.fundacioimpulsa.org\\\/es\\\/la-uvic-ucc-y-la-fundacion-impulsa-firman-un-convenio-de-colaboracion-para-fomentar-la-educacion-y-el-compromiso-social-de-los-jovenes\\\/\"]}]},{\"@type\":\"ImageObject\",\"inLanguage\":\"es\",\"@id\":\"https:\\\/\\\/www.fundacioimpulsa.org\\\/es\\\/la-uvic-ucc-y-la-fundacion-impulsa-firman-un-convenio-de-colaboracion-para-fomentar-la-educacion-y-el-compromiso-social-de-los-jovenes\\\/#primaryimage\",\"url\":\"https:\\\/\\\/www.fundacioimpulsa.org\\\/wp-content\\\/uploads\\\/2025\\\/05\\\/Impulsa5-scaled.jpg\",\"contentUrl\":\"https:\\\/\\\/www.fundacioimpulsa.org\\\/wp-content\\\/uploads\\\/2025\\\/05\\\/Impulsa5-scaled.jpg\",\"width\":2560,\"height\":1707},{\"@type\":\"BreadcrumbList\",\"@id\":\"https:\\\/\\\/www.fundacioimpulsa.org\\\/es\\\/la-uvic-ucc-y-la-fundacion-impulsa-firman-un-convenio-de-colaboracion-para-fomentar-la-educacion-y-el-compromiso-social-de-los-jovenes\\\/#breadcrumb\",\"itemListElement\":[{\"@type\":\"ListItem\",\"position\":1,\"name\":\"Inici\",\"item\":\"https:\\\/\\\/www.fundacioimpulsa.org\\\/es\\\/fundacio-impulsa\\\/\"},{\"@type\":\"ListItem\",\"position\":2,\"name\":\"La UVic-UCC y la Fundaci\u00f3n Impulsa firman un convenio de colaboraci\u00f3n para fomentar la educaci\u00f3n y el compromiso social de los j\u00f3venes.\"}]},{\"@type\":\"WebSite\",\"@id\":\"https:\\\/\\\/www.fundacioimpulsa.org\\\/es\\\/#website\",\"url\":\"https:\\\/\\\/www.fundacioimpulsa.org\\\/es\\\/\",\"name\":\"Fundacio Impulsa\",\"description\":\"\",\"potentialAction\":[{\"@type\":\"SearchAction\",\"target\":{\"@type\":\"EntryPoint\",\"urlTemplate\":\"https:\\\/\\\/www.fundacioimpulsa.org\\\/es\\\/?s={search_term_string}\"},\"query-input\":{\"@type\":\"PropertyValueSpecification\",\"valueRequired\":true,\"valueName\":\"search_term_string\"}}],\"inLanguage\":\"es\"},{\"@type\":\"Person\",\"@id\":\"https:\\\/\\\/www.fundacioimpulsa.org\\\/es\\\/#\\\/schema\\\/person\\\/8093abda9188d9065d7a02992af09c00\",\"name\":\"anna\",\"image\":{\"@type\":\"ImageObject\",\"inLanguage\":\"es\",\"@id\":\"https:\\\/\\\/secure.gravatar.com\\\/avatar\\\/098ca997a3814bde9b9ec5e5dfa4ad0ee9a251cd4cf1b86b7c008606c50d48c9?s=96&d=mm&r=g\",\"url\":\"https:\\\/\\\/secure.gravatar.com\\\/avatar\\\/098ca997a3814bde9b9ec5e5dfa4ad0ee9a251cd4cf1b86b7c008606c50d48c9?s=96&d=mm&r=g\",\"contentUrl\":\"https:\\\/\\\/secure.gravatar.com\\\/avatar\\\/098ca997a3814bde9b9ec5e5dfa4ad0ee9a251cd4cf1b86b7c008606c50d48c9?s=96&d=mm&r=g\",\"caption\":\"anna\"},\"url\":\"https:\\\/\\\/www.fundacioimpulsa.org\\\/es\\\/author\\\/anna\\\/\"}]}<\/script>\n<!-- \/ Yoast SEO plugin. -->","yoast_head_json":{"title":"La UVic-UCC y la Fundaci\u00f3n Impulsa firman un convenio de colaboraci\u00f3n para fomentar la educaci\u00f3n y el compromiso social de los j\u00f3venes. - Fundacio Impulsa","robots":{"index":"index","follow":"follow","max-snippet":"max-snippet:-1","max-image-preview":"max-image-preview:large","max-video-preview":"max-video-preview:-1"},"canonical":"https:\/\/www.fundacioimpulsa.org\/es\/la-uvic-ucc-y-la-fundacion-impulsa-firman-un-convenio-de-colaboracion-para-fomentar-la-educacion-y-el-compromiso-social-de-los-jovenes\/","og_locale":"es_ES","og_type":"article","og_title":"La UVic-UCC y la Fundaci\u00f3n Impulsa firman un convenio de colaboraci\u00f3n para fomentar la educaci\u00f3n y el compromiso social de los j\u00f3venes. - Fundacio Impulsa","og_description":"a Universidad de Vic \u2013 Universidad Central de Catalu\u00f1a (UVic-UCC) y la Fundaci\u00f3n Impulsa han formalizado este mi\u00e9rcoles un convenio de colaboraci\u00f3n que establece el marco general para desarrollar acciones conjuntas en los \u00e1mbitos acad\u00e9mico, cient\u00edfico y social. El acuerdo, firmado por el director general de la FUBalmes, Jordi Baiget, y la presidenta de la [&hellip;]","og_url":"https:\/\/www.fundacioimpulsa.org\/es\/la-uvic-ucc-y-la-fundacion-impulsa-firman-un-convenio-de-colaboracion-para-fomentar-la-educacion-y-el-compromiso-social-de-los-jovenes\/","og_site_name":"Fundacio Impulsa","article_published_time":"2025-06-02T10:25:21+00:00","article_modified_time":"2025-06-02T12:28:26+00:00","og_image":[{"width":1030,"height":687,"url":"https:\/\/www.fundacioimpulsa.org\/wp-content\/uploads\/2025\/05\/Impulsa5-1030x687.jpg","type":"image\/jpeg"}],"author":"anna","twitter_card":"summary_large_image","twitter_misc":{"Escrito por":"anna","Tiempo de lectura":"3 minutos"},"schema":{"@context":"https:\/\/schema.org","@graph":[{"@type":"Article","@id":"https:\/\/www.fundacioimpulsa.org\/es\/la-uvic-ucc-y-la-fundacion-impulsa-firman-un-convenio-de-colaboracion-para-fomentar-la-educacion-y-el-compromiso-social-de-los-jovenes\/#article","isPartOf":{"@id":"https:\/\/www.fundacioimpulsa.org\/es\/la-uvic-ucc-y-la-fundacion-impulsa-firman-un-convenio-de-colaboracion-para-fomentar-la-educacion-y-el-compromiso-social-de-los-jovenes\/"},"author":{"name":"anna","@id":"https:\/\/www.fundacioimpulsa.org\/es\/#\/schema\/person\/8093abda9188d9065d7a02992af09c00"},"headline":"La UVic-UCC y la Fundaci\u00f3n Impulsa firman un convenio de colaboraci\u00f3n para fomentar la educaci\u00f3n y el compromiso social de los j\u00f3venes.","datePublished":"2025-06-02T10:25:21+00:00","dateModified":"2025-06-02T12:28:26+00:00","mainEntityOfPage":{"@id":"https:\/\/www.fundacioimpulsa.org\/es\/la-uvic-ucc-y-la-fundacion-impulsa-firman-un-convenio-de-colaboracion-para-fomentar-la-educacion-y-el-compromiso-social-de-los-jovenes\/"},"wordCount":411,"image":{"@id":"https:\/\/www.fundacioimpulsa.org\/es\/la-uvic-ucc-y-la-fundacion-impulsa-firman-un-convenio-de-colaboracion-para-fomentar-la-educacion-y-el-compromiso-social-de-los-jovenes\/#primaryimage"},"thumbnailUrl":"https:\/\/www.fundacioimpulsa.org\/wp-content\/uploads\/2025\/05\/Impulsa5-scaled.jpg","keywords":["#M\u00e9todoImpulsa"],"articleSection":["D\u00eda a D\u00eda","Noticias","Sin categorizar"],"inLanguage":"es"},{"@type":"WebPage","@id":"https:\/\/www.fundacioimpulsa.org\/es\/la-uvic-ucc-y-la-fundacion-impulsa-firman-un-convenio-de-colaboracion-para-fomentar-la-educacion-y-el-compromiso-social-de-los-jovenes\/","url":"https:\/\/www.fundacioimpulsa.org\/es\/la-uvic-ucc-y-la-fundacion-impulsa-firman-un-convenio-de-colaboracion-para-fomentar-la-educacion-y-el-compromiso-social-de-los-jovenes\/","name":"La UVic-UCC y la Fundaci\u00f3n Impulsa firman un convenio de colaboraci\u00f3n para fomentar la educaci\u00f3n y el compromiso social de los j\u00f3venes. - Fundacio Impulsa","isPartOf":{"@id":"https:\/\/www.fundacioimpulsa.org\/es\/#website"},"primaryImageOfPage":{"@id":"https:\/\/www.fundacioimpulsa.org\/es\/la-uvic-ucc-y-la-fundacion-impulsa-firman-un-convenio-de-colaboracion-para-fomentar-la-educacion-y-el-compromiso-social-de-los-jovenes\/#primaryimage"},"image":{"@id":"https:\/\/www.fundacioimpulsa.org\/es\/la-uvic-ucc-y-la-fundacion-impulsa-firman-un-convenio-de-colaboracion-para-fomentar-la-educacion-y-el-compromiso-social-de-los-jovenes\/#primaryimage"},"thumbnailUrl":"https:\/\/www.fundacioimpulsa.org\/wp-content\/uploads\/2025\/05\/Impulsa5-scaled.jpg","datePublished":"2025-06-02T10:25:21+00:00","dateModified":"2025-06-02T12:28:26+00:00","author":{"@id":"https:\/\/www.fundacioimpulsa.org\/es\/#\/schema\/person\/8093abda9188d9065d7a02992af09c00"},"breadcrumb":{"@id":"https:\/\/www.fundacioimpulsa.org\/es\/la-uvic-ucc-y-la-fundacion-impulsa-firman-un-convenio-de-colaboracion-para-fomentar-la-educacion-y-el-compromiso-social-de-los-jovenes\/#breadcrumb"},"inLanguage":"es","potentialAction":[{"@type":"ReadAction","target":["https:\/\/www.fundacioimpulsa.org\/es\/la-uvic-ucc-y-la-fundacion-impulsa-firman-un-convenio-de-colaboracion-para-fomentar-la-educacion-y-el-compromiso-social-de-los-jovenes\/"]}]},{"@type":"ImageObject","inLanguage":"es","@id":"https:\/\/www.fundacioimpulsa.org\/es\/la-uvic-ucc-y-la-fundacion-impulsa-firman-un-convenio-de-colaboracion-para-fomentar-la-educacion-y-el-compromiso-social-de-los-jovenes\/#primaryimage","url":"https:\/\/www.fundacioimpulsa.org\/wp-content\/uploads\/2025\/05\/Impulsa5-scaled.jpg","contentUrl":"https:\/\/www.fundacioimpulsa.org\/wp-content\/uploads\/2025\/05\/Impulsa5-scaled.jpg","width":2560,"height":1707},{"@type":"BreadcrumbList","@id":"https:\/\/www.fundacioimpulsa.org\/es\/la-uvic-ucc-y-la-fundacion-impulsa-firman-un-convenio-de-colaboracion-para-fomentar-la-educacion-y-el-compromiso-social-de-los-jovenes\/#breadcrumb","itemListElement":[{"@type":"ListItem","position":1,"name":"Inici","item":"https:\/\/www.fundacioimpulsa.org\/es\/fundacio-impulsa\/"},{"@type":"ListItem","position":2,"name":"La UVic-UCC y la Fundaci\u00f3n Impulsa firman un convenio de colaboraci\u00f3n para fomentar la educaci\u00f3n y el compromiso social de los j\u00f3venes."}]},{"@type":"WebSite","@id":"https:\/\/www.fundacioimpulsa.org\/es\/#website","url":"https:\/\/www.fundacioimpulsa.org\/es\/","name":"Fundacio Impulsa","description":"","potentialAction":[{"@type":"SearchAction","target":{"@type":"EntryPoint","urlTemplate":"https:\/\/www.fundacioimpulsa.org\/es\/?s={search_term_string}"},"query-input":{"@type":"PropertyValueSpecification","valueRequired":true,"valueName":"search_term_string"}}],"inLanguage":"es"},{"@type":"Person","@id":"https:\/\/www.fundacioimpulsa.org\/es\/#\/schema\/person\/8093abda9188d9065d7a02992af09c00","name":"anna","image":{"@type":"ImageObject","inLanguage":"es","@id":"https:\/\/secure.gravatar.com\/avatar\/098ca997a3814bde9b9ec5e5dfa4ad0ee9a251cd4cf1b86b7c008606c50d48c9?s=96&d=mm&r=g","url":"https:\/\/secure.gravatar.com\/avatar\/098ca997a3814bde9b9ec5e5dfa4ad0ee9a251cd4cf1b86b7c008606c50d48c9?s=96&d=mm&r=g","contentUrl":"https:\/\/secure.gravatar.com\/avatar\/098ca997a3814bde9b9ec5e5dfa4ad0ee9a251cd4cf1b86b7c008606c50d48c9?s=96&d=mm&r=g","caption":"anna"},"url":"https:\/\/www.fundacioimpulsa.org\/es\/author\/anna\/"}]}},"publishpress_future_action":{"enabled":false,"date":"2026-05-07 14:01:40","action":"change-status","newStatus":"draft","terms":[],"taxonomy":"category","extraData":[]},"publishpress_future_workflow_manual_trigger":{"enabledWorkflows":[]},"_links":{"self":[{"href":"https:\/\/www.fundacioimpulsa.org\/es\/wp-json\/wp\/v2\/posts\/12983","targetHints":{"allow":["GET"]}}],"collection":[{"href":"https:\/\/www.fundacioimpulsa.org\/es\/wp-json\/wp\/v2\/posts"}],"about":[{"href":"https:\/\/www.fundacioimpulsa.org\/es\/wp-json\/wp\/v2\/types\/post"}],"author":[{"embeddable":true,"href":"https:\/\/www.fundacioimpulsa.org\/es\/wp-json\/wp\/v2\/users\/10"}],"replies":[{"embeddable":true,"href":"https:\/\/www.fundacioimpulsa.org\/es\/wp-json\/wp\/v2\/comments?post=12983"}],"version-history":[{"count":2,"href":"https:\/\/www.fundacioimpulsa.org\/es\/wp-json\/wp\/v2\/posts\/12983\/revisions"}],"predecessor-version":[{"id":12985,"href":"https:\/\/www.fundacioimpulsa.org\/es\/wp-json\/wp\/v2\/posts\/12983\/revisions\/12985"}],"wp:featuredmedia":[{"embeddable":true,"href":"https:\/\/www.fundacioimpulsa.org\/es\/wp-json\/wp\/v2\/media\/12890"}],"wp:attachment":[{"href":"https:\/\/www.fundacioimpulsa.org\/es\/wp-json\/wp\/v2\/media?parent=12983"}],"wp:term":[{"taxonomy":"category","embeddable":true,"href":"https:\/\/www.fundacioimpulsa.org\/es\/wp-json\/wp\/v2\/categories?post=12983"},{"taxonomy":"post_tag","embeddable":true,"href":"https:\/\/www.fundacioimpulsa.org\/es\/wp-json\/wp\/v2\/tags?post=12983"}],"curies":[{"name":"wp","href":"https:\/\/api.w.org\/{rel}","templated":true}]}}