{"id":13246,"date":"2025-07-15T09:51:34","date_gmt":"2025-07-15T07:51:34","guid":{"rendered":"https:\/\/www.fundacioimpulsa.org\/?p=13246"},"modified":"2025-07-15T10:10:35","modified_gmt":"2025-07-15T08:10:35","slug":"miquel-noguer","status":"publish","type":"post","link":"https:\/\/www.fundacioimpulsa.org\/es\/miquel-noguer\/","title":{"rendered":"\u00abAbrimos puertas y ponemos alfombra roja a iniciativas como la Fundaci\u00f3n Impulsa\u00bb Miquel Noguer"},"content":{"rendered":"<p><img loading=\"lazy\" decoding=\"async\" class=\"alignnone wp-image-13238\" src=\"https:\/\/www.fundacioimpulsa.org\/wp-content\/uploads\/2025\/07\/Obrim-portes-i-posem-catifa-vermella-a-iniciatives-com-la-Fundacio-Impulsa-1-300x207.jpg\" alt=\"\" width=\"719\" height=\"496\" srcset=\"https:\/\/www.fundacioimpulsa.org\/wp-content\/uploads\/2025\/07\/Obrim-portes-i-posem-catifa-vermella-a-iniciatives-com-la-Fundacio-Impulsa-1-300x207.jpg 300w, https:\/\/www.fundacioimpulsa.org\/wp-content\/uploads\/2025\/07\/Obrim-portes-i-posem-catifa-vermella-a-iniciatives-com-la-Fundacio-Impulsa-1-705x486.jpg 705w, https:\/\/www.fundacioimpulsa.org\/wp-content\/uploads\/2025\/07\/Obrim-portes-i-posem-catifa-vermella-a-iniciatives-com-la-Fundacio-Impulsa-1-306x211.jpg 306w, https:\/\/www.fundacioimpulsa.org\/wp-content\/uploads\/2025\/07\/Obrim-portes-i-posem-catifa-vermella-a-iniciatives-com-la-Fundacio-Impulsa-1.jpg 719w\" sizes=\"auto, (max-width: 719px) 100vw, 719px\" \/><\/p>\n<p><strong>Miquel Noguer Planas es actualmente el presidente de la Diputaci\u00f3n de Girona y alcalde de Banyoles. Su trayectoria pol\u00edtica, sin embargo, se inicia en Mieres, de donde fue alcalde desde 1991 hasta 2006. En la Fundaci\u00f3n Impulsa hemos conocido a Noguer por su cargo como alcalde de la capital de comarca del Pla de l&#8217;Estany, que el pr\u00f3ximo curso se incorpora como nuevo territorio de la Fundaci\u00f3n Impulsa. Con Banyoles, tambi\u00e9n hay vigente un convenio de colaboraci\u00f3n y, por este motivo, hemos querido compartir un momento con Miquel Noguer para conocerlo mejor.<\/strong><\/p>\n<p><strong data-start=\"751\" data-end=\"856\">Alcalde de Banyoles y presidente de la Diputaci\u00f3n de Girona. \u00bfC\u00f3mo se lleva esta doble vida pol\u00edtica?<\/strong><br data-start=\"856\" data-end=\"859\" \/>Obligatoriamente, se tiene que llevar de esta manera, porque no puedes ser presidente si no eres alcalde. Otra cosa es c\u00f3mo te organizas, que es dedicando muchas horas. Siempre digo que primero soy alcalde, para m\u00ed es fundamental, y como consecuencia de este cargo viene el otro, el de presidente de la Diputaci\u00f3n de Girona. La Diputaci\u00f3n es el ayuntamiento de los ayuntamientos.<\/p>\n<p><strong data-start=\"1240\" data-end=\"1315\">Esta vinculaci\u00f3n con la pol\u00edtica le viene de lejos. \u00bfC\u00f3mo empieza todo?<\/strong><br data-start=\"1315\" data-end=\"1318\" \/>Hace 34 a\u00f1os que soy alcalde, toda una vida. Me llev\u00f3 la vocaci\u00f3n y la voluntad de servicio al pueblo; la pol\u00edtica no te la puedes tomar como una profesi\u00f3n, sino como algo que sientes, como un acto de servicio, porque es una tarea que requiere tu disponibilidad 365 d\u00edas al a\u00f1o, las 24 horas del d\u00eda. La dedicaci\u00f3n pol\u00edtica te obliga a renunciar a muchas cosas, y si no fuera una vocaci\u00f3n y tuviera que hacerlo por obligaci\u00f3n, no saldr\u00eda bien y la gente lo notar\u00eda.<\/p>\n<blockquote><p>\u00abLa dedicaci\u00f3n pol\u00edtica te obliga a renunciar a muchas cosas, y si no fuera una vocaci\u00f3n y tuviera que hacerlo por obligaci\u00f3n, no saldr\u00eda bien y la gente lo notar\u00eda.\u00bb<\/p><\/blockquote>\n<p><strong data-start=\"1957\" data-end=\"2004\">\u00bfCu\u00e1l es la clave para ser un buen alcalde?<\/strong><br data-start=\"2004\" data-end=\"2007\" \/>Los pilares b\u00e1sicos son escuchar a la gente y, en la medida de lo posible, poner en marcha las necesidades que te hacen llegar. Hay que hacer que el d\u00eda a d\u00eda de las personas est\u00e9 atendido. Las obras y las mejoras son muy importantes, pero el d\u00eda a d\u00eda de la ciudadan\u00eda es fundamental.<\/p>\n<p><strong data-start=\"2294\" data-end=\"2346\">\u00bfY para ser un buen presidente de la Diputaci\u00f3n?<\/strong><br data-start=\"2346\" data-end=\"2349\" \/>Como Diputaci\u00f3n, lo que hay que hacer es saber entender las necesidades del resto de compa\u00f1eros y compa\u00f1eras alcaldes, e intentar hacer pol\u00edticas de acuerdo con las necesidades que tiene el territorio en cada momento. Por ejemplo, la vivienda no es una competencia de la Diputaci\u00f3n, pero en un momento dado ha sido una preocupaci\u00f3n y se ha creado el \u00e1rea para dar respuesta a la ayuda que ped\u00edan los ayuntamientos, que requer\u00edan no solo subvenciones sino tambi\u00e9n herramientas. Tenemos 221 ayuntamientos de tama\u00f1os muy diferentes, y hay que tener la capacidad de escucharlos a todos.<\/p>\n<p><img loading=\"lazy\" decoding=\"async\" class=\"alignnone wp-image-13229\" src=\"https:\/\/www.fundacioimpulsa.org\/wp-content\/uploads\/2025\/07\/unnamed-6-300x225.jpg\" alt=\"\" width=\"726\" height=\"545\" srcset=\"https:\/\/www.fundacioimpulsa.org\/wp-content\/uploads\/2025\/07\/unnamed-6-300x225.jpg 300w, https:\/\/www.fundacioimpulsa.org\/wp-content\/uploads\/2025\/07\/unnamed-6-1030x773.jpg 1030w, https:\/\/www.fundacioimpulsa.org\/wp-content\/uploads\/2025\/07\/unnamed-6-768x576.jpg 768w, https:\/\/www.fundacioimpulsa.org\/wp-content\/uploads\/2025\/07\/unnamed-6-1536x1152.jpg 1536w, https:\/\/www.fundacioimpulsa.org\/wp-content\/uploads\/2025\/07\/unnamed-6-1500x1125.jpg 1500w, https:\/\/www.fundacioimpulsa.org\/wp-content\/uploads\/2025\/07\/unnamed-6-705x529.jpg 705w, https:\/\/www.fundacioimpulsa.org\/wp-content\/uploads\/2025\/07\/unnamed-6-707x530.jpg 707w, https:\/\/www.fundacioimpulsa.org\/wp-content\/uploads\/2025\/07\/unnamed-6-281x211.jpg 281w, https:\/\/www.fundacioimpulsa.org\/wp-content\/uploads\/2025\/07\/unnamed-6.jpg 2000w\" sizes=\"auto, (max-width: 726px) 100vw, 726px\" \/><\/p>\n<p><strong data-start=\"2933\" data-end=\"3016\">\u00bfEntre estas necesidades detectadas tambi\u00e9n est\u00e1 la de acompa\u00f1ar a los j\u00f3venes?<\/strong><br data-start=\"3016\" data-end=\"3019\" \/>Los j\u00f3venes tienen muchos recursos para poder salir muy bien preparados; tienen herramientas y posibilidades, y tienen que ponerle actitud. Ahora bien, es cierto que hay un sector de j\u00f3venes que no disfrutan de las mismas oportunidades y que ven dificultada la posibilidad de continuar sus estudios. A la vez, tambi\u00e9n vemos que en todos los territorios hay falta de personas cualificadas en FP. Todos los sectores que vienen a verme me dicen que les falta personal cualificado. Por eso, cuando la Fundaci\u00f3n Impulsa viene a hacernos la propuesta de colaboraci\u00f3n, abrimos puertas y ponemos alfombra roja, porque nos parece imprescindible trabajar para dar oportunidades a los j\u00f3venes; de la propuesta de valor que hace la Fundaci\u00f3n Impulsa y de su M\u00e9todo, estamos contentos, satisfechos y agradecidos.<\/p>\n<blockquote><p>\u00ab[&#8230;] cuando la Fundaci\u00f3n Impulsa viene a hacernos la propuesta de colaboraci\u00f3n, abrimos puertas y ponemos alfombra roja, porque nos parece imprescindible trabajar para dar oportunidades a los j\u00f3venes\u00bb<\/p><\/blockquote>\n<p><strong data-start=\"4028\" data-end=\"4086\">\u00bfQu\u00e9 es lo que les hace apostar por el M\u00e9todo Impulsa?<\/strong><br data-start=\"4086\" data-end=\"4089\" \/>La Fundaci\u00f3n Impulsa detecta una necesidad y da respuestas; es un m\u00e9todo que complementa lo que ya hay. Agradezco mucho que haya un grupo de empresarios en Osona que, al ver la necesidad de contar con j\u00f3venes cualificados, decidan becar a aquellos que presentan unas condiciones que no les permiten continuar estudiando, a pesar de tener valores y capacidades para hacerlo. Y me parece muy acertado que hayan encontrado figuras para hacerlo posible, como son los Embajadores de territorio, que se involucran y hacen de mancha de aceite. Agradezco much\u00edsimo que exista este M\u00e9todo, que va m\u00e1s all\u00e1 de la simple beca, y que se cuente con complicidades para extenderlo.<\/p>\n<p><strong data-start=\"4757\" data-end=\"4858\">\u00bfC\u00f3mo se materializar\u00e1 esta colaboraci\u00f3n con la Fundaci\u00f3n Impulsa en el caso del Pla de l&#8217;Estany?<\/strong><br data-start=\"4858\" data-end=\"4861\" \/>Gracias a la colaboraci\u00f3n p\u00fablico-privada que hemos establecido con la Fundaci\u00f3n Impulsa, en el Pla de l\u2019Estany se becar\u00e1 y acompa\u00f1ar\u00e1 a 8 j\u00f3venes en situaci\u00f3n de vulnerabilidad social para que puedan continuar sus estudios y formarse en FP. Esto les permitir\u00e1 explotar sus capacidades en el mundo empresarial y tener un futuro mejor del que ahora prev\u00e9n que podr\u00e1n tener. Es una colaboraci\u00f3n con una triple oportunidad; para ellos, para su familia y porque habr\u00e1 m\u00e1s personas cualificadas en el mundo laboral.<\/p>\n<blockquote><p>\u00abEs una colaboraci\u00f3n con una triple oportunidad: para ellos, para su familia y porque habr\u00e1 m\u00e1s personas cualificadas en el mundo laboral\u00bb<\/p><\/blockquote>\n<p><strong data-start=\"5517\" data-end=\"5571\">\u00bfPor qu\u00e9 cree que es importante esta colaboraci\u00f3n?<\/strong><br data-start=\"5571\" data-end=\"5574\" \/>Creo que los diferentes agentes debemos estar atentos a las necesidades que hay y, en este caso, debemos velar para que la formaci\u00f3n de los j\u00f3venes sea la mejor que puedan tener y para que ning\u00fan joven quede atr\u00e1s. Debemos poder ofrecerles oportunidades y un futuro lo mejor posible. En este reto, hay muchos agentes implicados en el \u00e1mbito p\u00fablico, y si se pueden tejer alianzas con el sector privado con iniciativas como la de la Fundaci\u00f3n Impulsa, es muy interesante poder hacer este trabajo conjunto.<\/p>\n<p><strong>Complete la frase. Para usted, en una palabra, la Fundaci\u00f3n Impulsa es&#8230;<\/strong><br \/>\n\u00c9xitos.<\/p>\n","protected":false},"excerpt":{"rendered":"<p>Miquel Noguer, presidente de la Diputaci\u00f3n de Girona y alcalde de Banyoles<\/p>\n","protected":false},"author":10,"featured_media":13238,"comment_status":"closed","ping_status":"closed","sticky":false,"template":"","format":"standard","meta":{"_acf_changed":false,"footnotes":""},"categories":[72,84],"tags":[98],"class_list":["post-13246","post","type-post","status-publish","format-standard","has-post-thumbnail","hentry","category-dia-a-dia-es","category-protagonistas-impulsa","tag-protagonistesimpulsa-es"],"acf":[],"yoast_head":"<!-- This site is optimized with the Yoast SEO plugin v27.5 - https:\/\/yoast.com\/product\/yoast-seo-wordpress\/ -->\n<title>&quot;Abrimos puertas y ponemos alfombra roja a iniciativas como la Fundaci\u00f3n Impulsa&quot; Miquel Noguer - Fundacio Impulsa<\/title>\n<meta name=\"description\" content=\"Miquel Noguer Planas es actualmente el presidente de la Diputaci\u00f3n de Girona y alcalde de Banyoles. Su trayectoria pol\u00edtica, sin embargo, se inicia en Mieres, de donde fue alcalde desde 1991 hasta 2006. En la Fundaci\u00f3n Impulsa hemos conocido a Noguer por su cargo como alcalde de la capital de comarca del Pla de l&#039;Estany, que el pr\u00f3ximo curso se incorpora como nuevo territorio de la Fundaci\u00f3n Impulsa. Con Banyoles, tambi\u00e9n hay vigente un convenio de colaboraci\u00f3n y, por este motivo, hemos querido compartir un momento con Miquel Noguer para conocerlo mejor.\" \/>\n<meta name=\"robots\" content=\"index, follow, max-snippet:-1, max-image-preview:large, max-video-preview:-1\" \/>\n<link rel=\"canonical\" href=\"https:\/\/www.fundacioimpulsa.org\/es\/miquel-noguer\/\" \/>\n<meta property=\"og:locale\" content=\"es_ES\" \/>\n<meta property=\"og:type\" content=\"article\" \/>\n<meta property=\"og:title\" content=\"&quot;Abrimos puertas y ponemos alfombra roja a iniciativas como la Fundaci\u00f3n Impulsa&quot; Miquel Noguer - Fundacio Impulsa\" \/>\n<meta property=\"og:description\" content=\"Miquel Noguer Planas es actualmente el presidente de la Diputaci\u00f3n de Girona y alcalde de Banyoles. Su trayectoria pol\u00edtica, sin embargo, se inicia en Mieres, de donde fue alcalde desde 1991 hasta 2006. En la Fundaci\u00f3n Impulsa hemos conocido a Noguer por su cargo como alcalde de la capital de comarca del Pla de l&#039;Estany, que el pr\u00f3ximo curso se incorpora como nuevo territorio de la Fundaci\u00f3n Impulsa. Con Banyoles, tambi\u00e9n hay vigente un convenio de colaboraci\u00f3n y, por este motivo, hemos querido compartir un momento con Miquel Noguer para conocerlo mejor.\" \/>\n<meta property=\"og:url\" content=\"https:\/\/www.fundacioimpulsa.org\/es\/miquel-noguer\/\" \/>\n<meta property=\"og:site_name\" content=\"Fundacio Impulsa\" \/>\n<meta property=\"article:published_time\" content=\"2025-07-15T07:51:34+00:00\" \/>\n<meta property=\"article:modified_time\" content=\"2025-07-15T08:10:35+00:00\" \/>\n<meta property=\"og:image\" content=\"https:\/\/www.fundacioimpulsa.org\/wp-content\/uploads\/2025\/07\/Obrim-portes-i-posem-catifa-vermella-a-iniciatives-com-la-Fundacio-Impulsa-1.jpg\" \/>\n\t<meta property=\"og:image:width\" content=\"719\" \/>\n\t<meta property=\"og:image:height\" content=\"496\" \/>\n\t<meta property=\"og:image:type\" content=\"image\/jpeg\" \/>\n<meta name=\"author\" content=\"anna\" \/>\n<meta name=\"twitter:card\" content=\"summary_large_image\" \/>\n<meta name=\"twitter:label1\" content=\"Escrito por\" \/>\n\t<meta name=\"twitter:data1\" content=\"anna\" \/>\n\t<meta name=\"twitter:label2\" content=\"Tiempo de lectura\" \/>\n\t<meta name=\"twitter:data2\" content=\"6 minutos\" \/>\n<script type=\"application\/ld+json\" class=\"yoast-schema-graph\">{\"@context\":\"https:\\\/\\\/schema.org\",\"@graph\":[{\"@type\":\"Article\",\"@id\":\"https:\\\/\\\/www.fundacioimpulsa.org\\\/es\\\/miquel-noguer\\\/#article\",\"isPartOf\":{\"@id\":\"https:\\\/\\\/www.fundacioimpulsa.org\\\/es\\\/miquel-noguer\\\/\"},\"author\":{\"name\":\"anna\",\"@id\":\"https:\\\/\\\/www.fundacioimpulsa.org\\\/es\\\/#\\\/schema\\\/person\\\/8093abda9188d9065d7a02992af09c00\"},\"headline\":\"\u00abAbrimos puertas y ponemos alfombra roja a iniciativas como la Fundaci\u00f3n Impulsa\u00bb Miquel Noguer\",\"datePublished\":\"2025-07-15T07:51:34+00:00\",\"dateModified\":\"2025-07-15T08:10:35+00:00\",\"mainEntityOfPage\":{\"@id\":\"https:\\\/\\\/www.fundacioimpulsa.org\\\/es\\\/miquel-noguer\\\/\"},\"wordCount\":1094,\"image\":{\"@id\":\"https:\\\/\\\/www.fundacioimpulsa.org\\\/es\\\/miquel-noguer\\\/#primaryimage\"},\"thumbnailUrl\":\"https:\\\/\\\/www.fundacioimpulsa.org\\\/wp-content\\\/uploads\\\/2025\\\/07\\\/Obrim-portes-i-posem-catifa-vermella-a-iniciatives-com-la-Fundacio-Impulsa-1.jpg\",\"keywords\":[\"#ProtagonistasImpulsa\"],\"articleSection\":[\"D\u00eda a D\u00eda\",\"Protagonistas Impulsa\"],\"inLanguage\":\"es\"},{\"@type\":\"WebPage\",\"@id\":\"https:\\\/\\\/www.fundacioimpulsa.org\\\/es\\\/miquel-noguer\\\/\",\"url\":\"https:\\\/\\\/www.fundacioimpulsa.org\\\/es\\\/miquel-noguer\\\/\",\"name\":\"\\\"Abrimos puertas y ponemos alfombra roja a iniciativas como la Fundaci\u00f3n Impulsa\\\" Miquel Noguer - Fundacio Impulsa\",\"isPartOf\":{\"@id\":\"https:\\\/\\\/www.fundacioimpulsa.org\\\/es\\\/#website\"},\"primaryImageOfPage\":{\"@id\":\"https:\\\/\\\/www.fundacioimpulsa.org\\\/es\\\/miquel-noguer\\\/#primaryimage\"},\"image\":{\"@id\":\"https:\\\/\\\/www.fundacioimpulsa.org\\\/es\\\/miquel-noguer\\\/#primaryimage\"},\"thumbnailUrl\":\"https:\\\/\\\/www.fundacioimpulsa.org\\\/wp-content\\\/uploads\\\/2025\\\/07\\\/Obrim-portes-i-posem-catifa-vermella-a-iniciatives-com-la-Fundacio-Impulsa-1.jpg\",\"datePublished\":\"2025-07-15T07:51:34+00:00\",\"dateModified\":\"2025-07-15T08:10:35+00:00\",\"author\":{\"@id\":\"https:\\\/\\\/www.fundacioimpulsa.org\\\/es\\\/#\\\/schema\\\/person\\\/8093abda9188d9065d7a02992af09c00\"},\"description\":\"Miquel Noguer Planas es actualmente el presidente de la Diputaci\u00f3n de Girona y alcalde de Banyoles. Su trayectoria pol\u00edtica, sin embargo, se inicia en Mieres, de donde fue alcalde desde 1991 hasta 2006. En la Fundaci\u00f3n Impulsa hemos conocido a Noguer por su cargo como alcalde de la capital de comarca del Pla de l'Estany, que el pr\u00f3ximo curso se incorpora como nuevo territorio de la Fundaci\u00f3n Impulsa. Con Banyoles, tambi\u00e9n hay vigente un convenio de colaboraci\u00f3n y, por este motivo, hemos querido compartir un momento con Miquel Noguer para conocerlo mejor.\",\"breadcrumb\":{\"@id\":\"https:\\\/\\\/www.fundacioimpulsa.org\\\/es\\\/miquel-noguer\\\/#breadcrumb\"},\"inLanguage\":\"es\",\"potentialAction\":[{\"@type\":\"ReadAction\",\"target\":[\"https:\\\/\\\/www.fundacioimpulsa.org\\\/es\\\/miquel-noguer\\\/\"]}]},{\"@type\":\"ImageObject\",\"inLanguage\":\"es\",\"@id\":\"https:\\\/\\\/www.fundacioimpulsa.org\\\/es\\\/miquel-noguer\\\/#primaryimage\",\"url\":\"https:\\\/\\\/www.fundacioimpulsa.org\\\/wp-content\\\/uploads\\\/2025\\\/07\\\/Obrim-portes-i-posem-catifa-vermella-a-iniciatives-com-la-Fundacio-Impulsa-1.jpg\",\"contentUrl\":\"https:\\\/\\\/www.fundacioimpulsa.org\\\/wp-content\\\/uploads\\\/2025\\\/07\\\/Obrim-portes-i-posem-catifa-vermella-a-iniciatives-com-la-Fundacio-Impulsa-1.jpg\",\"width\":719,\"height\":496},{\"@type\":\"BreadcrumbList\",\"@id\":\"https:\\\/\\\/www.fundacioimpulsa.org\\\/es\\\/miquel-noguer\\\/#breadcrumb\",\"itemListElement\":[{\"@type\":\"ListItem\",\"position\":1,\"name\":\"Inici\",\"item\":\"https:\\\/\\\/www.fundacioimpulsa.org\\\/es\\\/fundacio-impulsa\\\/\"},{\"@type\":\"ListItem\",\"position\":2,\"name\":\"&#8220;Abrimos puertas y ponemos alfombra roja a iniciativas como la Fundaci\u00f3n Impulsa&#8221; Miquel Noguer\"}]},{\"@type\":\"WebSite\",\"@id\":\"https:\\\/\\\/www.fundacioimpulsa.org\\\/es\\\/#website\",\"url\":\"https:\\\/\\\/www.fundacioimpulsa.org\\\/es\\\/\",\"name\":\"Fundacio Impulsa\",\"description\":\"\",\"potentialAction\":[{\"@type\":\"SearchAction\",\"target\":{\"@type\":\"EntryPoint\",\"urlTemplate\":\"https:\\\/\\\/www.fundacioimpulsa.org\\\/es\\\/?s={search_term_string}\"},\"query-input\":{\"@type\":\"PropertyValueSpecification\",\"valueRequired\":true,\"valueName\":\"search_term_string\"}}],\"inLanguage\":\"es\"},{\"@type\":\"Person\",\"@id\":\"https:\\\/\\\/www.fundacioimpulsa.org\\\/es\\\/#\\\/schema\\\/person\\\/8093abda9188d9065d7a02992af09c00\",\"name\":\"anna\",\"image\":{\"@type\":\"ImageObject\",\"inLanguage\":\"es\",\"@id\":\"https:\\\/\\\/secure.gravatar.com\\\/avatar\\\/098ca997a3814bde9b9ec5e5dfa4ad0ee9a251cd4cf1b86b7c008606c50d48c9?s=96&d=mm&r=g\",\"url\":\"https:\\\/\\\/secure.gravatar.com\\\/avatar\\\/098ca997a3814bde9b9ec5e5dfa4ad0ee9a251cd4cf1b86b7c008606c50d48c9?s=96&d=mm&r=g\",\"contentUrl\":\"https:\\\/\\\/secure.gravatar.com\\\/avatar\\\/098ca997a3814bde9b9ec5e5dfa4ad0ee9a251cd4cf1b86b7c008606c50d48c9?s=96&d=mm&r=g\",\"caption\":\"anna\"},\"url\":\"https:\\\/\\\/www.fundacioimpulsa.org\\\/es\\\/author\\\/anna\\\/\"}]}<\/script>\n<!-- \/ Yoast SEO plugin. -->","yoast_head_json":{"title":"\"Abrimos puertas y ponemos alfombra roja a iniciativas como la Fundaci\u00f3n Impulsa\" Miquel Noguer - Fundacio Impulsa","description":"Miquel Noguer Planas es actualmente el presidente de la Diputaci\u00f3n de Girona y alcalde de Banyoles. Su trayectoria pol\u00edtica, sin embargo, se inicia en Mieres, de donde fue alcalde desde 1991 hasta 2006. En la Fundaci\u00f3n Impulsa hemos conocido a Noguer por su cargo como alcalde de la capital de comarca del Pla de l'Estany, que el pr\u00f3ximo curso se incorpora como nuevo territorio de la Fundaci\u00f3n Impulsa. Con Banyoles, tambi\u00e9n hay vigente un convenio de colaboraci\u00f3n y, por este motivo, hemos querido compartir un momento con Miquel Noguer para conocerlo mejor.","robots":{"index":"index","follow":"follow","max-snippet":"max-snippet:-1","max-image-preview":"max-image-preview:large","max-video-preview":"max-video-preview:-1"},"canonical":"https:\/\/www.fundacioimpulsa.org\/es\/miquel-noguer\/","og_locale":"es_ES","og_type":"article","og_title":"\"Abrimos puertas y ponemos alfombra roja a iniciativas como la Fundaci\u00f3n Impulsa\" Miquel Noguer - Fundacio Impulsa","og_description":"Miquel Noguer Planas es actualmente el presidente de la Diputaci\u00f3n de Girona y alcalde de Banyoles. Su trayectoria pol\u00edtica, sin embargo, se inicia en Mieres, de donde fue alcalde desde 1991 hasta 2006. En la Fundaci\u00f3n Impulsa hemos conocido a Noguer por su cargo como alcalde de la capital de comarca del Pla de l'Estany, que el pr\u00f3ximo curso se incorpora como nuevo territorio de la Fundaci\u00f3n Impulsa. Con Banyoles, tambi\u00e9n hay vigente un convenio de colaboraci\u00f3n y, por este motivo, hemos querido compartir un momento con Miquel Noguer para conocerlo mejor.","og_url":"https:\/\/www.fundacioimpulsa.org\/es\/miquel-noguer\/","og_site_name":"Fundacio Impulsa","article_published_time":"2025-07-15T07:51:34+00:00","article_modified_time":"2025-07-15T08:10:35+00:00","og_image":[{"width":719,"height":496,"url":"https:\/\/www.fundacioimpulsa.org\/wp-content\/uploads\/2025\/07\/Obrim-portes-i-posem-catifa-vermella-a-iniciatives-com-la-Fundacio-Impulsa-1.jpg","type":"image\/jpeg"}],"author":"anna","twitter_card":"summary_large_image","twitter_misc":{"Escrito por":"anna","Tiempo de lectura":"6 minutos"},"schema":{"@context":"https:\/\/schema.org","@graph":[{"@type":"Article","@id":"https:\/\/www.fundacioimpulsa.org\/es\/miquel-noguer\/#article","isPartOf":{"@id":"https:\/\/www.fundacioimpulsa.org\/es\/miquel-noguer\/"},"author":{"name":"anna","@id":"https:\/\/www.fundacioimpulsa.org\/es\/#\/schema\/person\/8093abda9188d9065d7a02992af09c00"},"headline":"\u00abAbrimos puertas y ponemos alfombra roja a iniciativas como la Fundaci\u00f3n Impulsa\u00bb Miquel Noguer","datePublished":"2025-07-15T07:51:34+00:00","dateModified":"2025-07-15T08:10:35+00:00","mainEntityOfPage":{"@id":"https:\/\/www.fundacioimpulsa.org\/es\/miquel-noguer\/"},"wordCount":1094,"image":{"@id":"https:\/\/www.fundacioimpulsa.org\/es\/miquel-noguer\/#primaryimage"},"thumbnailUrl":"https:\/\/www.fundacioimpulsa.org\/wp-content\/uploads\/2025\/07\/Obrim-portes-i-posem-catifa-vermella-a-iniciatives-com-la-Fundacio-Impulsa-1.jpg","keywords":["#ProtagonistasImpulsa"],"articleSection":["D\u00eda a D\u00eda","Protagonistas Impulsa"],"inLanguage":"es"},{"@type":"WebPage","@id":"https:\/\/www.fundacioimpulsa.org\/es\/miquel-noguer\/","url":"https:\/\/www.fundacioimpulsa.org\/es\/miquel-noguer\/","name":"\"Abrimos puertas y ponemos alfombra roja a iniciativas como la Fundaci\u00f3n Impulsa\" Miquel Noguer - Fundacio Impulsa","isPartOf":{"@id":"https:\/\/www.fundacioimpulsa.org\/es\/#website"},"primaryImageOfPage":{"@id":"https:\/\/www.fundacioimpulsa.org\/es\/miquel-noguer\/#primaryimage"},"image":{"@id":"https:\/\/www.fundacioimpulsa.org\/es\/miquel-noguer\/#primaryimage"},"thumbnailUrl":"https:\/\/www.fundacioimpulsa.org\/wp-content\/uploads\/2025\/07\/Obrim-portes-i-posem-catifa-vermella-a-iniciatives-com-la-Fundacio-Impulsa-1.jpg","datePublished":"2025-07-15T07:51:34+00:00","dateModified":"2025-07-15T08:10:35+00:00","author":{"@id":"https:\/\/www.fundacioimpulsa.org\/es\/#\/schema\/person\/8093abda9188d9065d7a02992af09c00"},"description":"Miquel Noguer Planas es actualmente el presidente de la Diputaci\u00f3n de Girona y alcalde de Banyoles. Su trayectoria pol\u00edtica, sin embargo, se inicia en Mieres, de donde fue alcalde desde 1991 hasta 2006. En la Fundaci\u00f3n Impulsa hemos conocido a Noguer por su cargo como alcalde de la capital de comarca del Pla de l'Estany, que el pr\u00f3ximo curso se incorpora como nuevo territorio de la Fundaci\u00f3n Impulsa. Con Banyoles, tambi\u00e9n hay vigente un convenio de colaboraci\u00f3n y, por este motivo, hemos querido compartir un momento con Miquel Noguer para conocerlo mejor.","breadcrumb":{"@id":"https:\/\/www.fundacioimpulsa.org\/es\/miquel-noguer\/#breadcrumb"},"inLanguage":"es","potentialAction":[{"@type":"ReadAction","target":["https:\/\/www.fundacioimpulsa.org\/es\/miquel-noguer\/"]}]},{"@type":"ImageObject","inLanguage":"es","@id":"https:\/\/www.fundacioimpulsa.org\/es\/miquel-noguer\/#primaryimage","url":"https:\/\/www.fundacioimpulsa.org\/wp-content\/uploads\/2025\/07\/Obrim-portes-i-posem-catifa-vermella-a-iniciatives-com-la-Fundacio-Impulsa-1.jpg","contentUrl":"https:\/\/www.fundacioimpulsa.org\/wp-content\/uploads\/2025\/07\/Obrim-portes-i-posem-catifa-vermella-a-iniciatives-com-la-Fundacio-Impulsa-1.jpg","width":719,"height":496},{"@type":"BreadcrumbList","@id":"https:\/\/www.fundacioimpulsa.org\/es\/miquel-noguer\/#breadcrumb","itemListElement":[{"@type":"ListItem","position":1,"name":"Inici","item":"https:\/\/www.fundacioimpulsa.org\/es\/fundacio-impulsa\/"},{"@type":"ListItem","position":2,"name":"&#8220;Abrimos puertas y ponemos alfombra roja a iniciativas como la Fundaci\u00f3n Impulsa&#8221; Miquel Noguer"}]},{"@type":"WebSite","@id":"https:\/\/www.fundacioimpulsa.org\/es\/#website","url":"https:\/\/www.fundacioimpulsa.org\/es\/","name":"Fundacio Impulsa","description":"","potentialAction":[{"@type":"SearchAction","target":{"@type":"EntryPoint","urlTemplate":"https:\/\/www.fundacioimpulsa.org\/es\/?s={search_term_string}"},"query-input":{"@type":"PropertyValueSpecification","valueRequired":true,"valueName":"search_term_string"}}],"inLanguage":"es"},{"@type":"Person","@id":"https:\/\/www.fundacioimpulsa.org\/es\/#\/schema\/person\/8093abda9188d9065d7a02992af09c00","name":"anna","image":{"@type":"ImageObject","inLanguage":"es","@id":"https:\/\/secure.gravatar.com\/avatar\/098ca997a3814bde9b9ec5e5dfa4ad0ee9a251cd4cf1b86b7c008606c50d48c9?s=96&d=mm&r=g","url":"https:\/\/secure.gravatar.com\/avatar\/098ca997a3814bde9b9ec5e5dfa4ad0ee9a251cd4cf1b86b7c008606c50d48c9?s=96&d=mm&r=g","contentUrl":"https:\/\/secure.gravatar.com\/avatar\/098ca997a3814bde9b9ec5e5dfa4ad0ee9a251cd4cf1b86b7c008606c50d48c9?s=96&d=mm&r=g","caption":"anna"},"url":"https:\/\/www.fundacioimpulsa.org\/es\/author\/anna\/"}]}},"publishpress_future_action":{"enabled":false,"date":"2026-05-07 14:01:14","action":"change-status","newStatus":"draft","terms":[],"taxonomy":"category","extraData":[]},"publishpress_future_workflow_manual_trigger":{"enabledWorkflows":[]},"_links":{"self":[{"href":"https:\/\/www.fundacioimpulsa.org\/es\/wp-json\/wp\/v2\/posts\/13246","targetHints":{"allow":["GET"]}}],"collection":[{"href":"https:\/\/www.fundacioimpulsa.org\/es\/wp-json\/wp\/v2\/posts"}],"about":[{"href":"https:\/\/www.fundacioimpulsa.org\/es\/wp-json\/wp\/v2\/types\/post"}],"author":[{"embeddable":true,"href":"https:\/\/www.fundacioimpulsa.org\/es\/wp-json\/wp\/v2\/users\/10"}],"replies":[{"embeddable":true,"href":"https:\/\/www.fundacioimpulsa.org\/es\/wp-json\/wp\/v2\/comments?post=13246"}],"version-history":[{"count":4,"href":"https:\/\/www.fundacioimpulsa.org\/es\/wp-json\/wp\/v2\/posts\/13246\/revisions"}],"predecessor-version":[{"id":13251,"href":"https:\/\/www.fundacioimpulsa.org\/es\/wp-json\/wp\/v2\/posts\/13246\/revisions\/13251"}],"wp:featuredmedia":[{"embeddable":true,"href":"https:\/\/www.fundacioimpulsa.org\/es\/wp-json\/wp\/v2\/media\/13238"}],"wp:attachment":[{"href":"https:\/\/www.fundacioimpulsa.org\/es\/wp-json\/wp\/v2\/media?parent=13246"}],"wp:term":[{"taxonomy":"category","embeddable":true,"href":"https:\/\/www.fundacioimpulsa.org\/es\/wp-json\/wp\/v2\/categories?post=13246"},{"taxonomy":"post_tag","embeddable":true,"href":"https:\/\/www.fundacioimpulsa.org\/es\/wp-json\/wp\/v2\/tags?post=13246"}],"curies":[{"name":"wp","href":"https:\/\/api.w.org\/{rel}","templated":true}]}}