{"id":13271,"date":"2025-07-19T18:21:49","date_gmt":"2025-07-19T16:21:49","guid":{"rendered":"https:\/\/www.fundacioimpulsa.org\/?p=13271"},"modified":"2025-08-05T10:39:16","modified_gmt":"2025-08-05T08:39:16","slug":"tecnologia-con-proposito-ordenadores-que-toman-una-segunda-vida-y-abren-camino-a-los-jovenes-impulsers","status":"publish","type":"post","link":"https:\/\/www.fundacioimpulsa.org\/es\/tecnologia-con-proposito-ordenadores-que-toman-una-segunda-vida-y-abren-camino-a-los-jovenes-impulsers\/","title":{"rendered":"Tecnolog\u00eda con prop\u00f3sito: ordenadores que toman una segunda vida y abren camino a los j\u00f3venes Impulsers"},"content":{"rendered":"<p><img loading=\"lazy\" decoding=\"async\" class=\"alignnone wp-image-13267\" src=\"https:\/\/www.fundacioimpulsa.org\/wp-content\/uploads\/2025\/07\/Portada-noti-Fundacio-Impulsa-39-300x207.jpg\" alt=\"\" width=\"720\" height=\"497\" srcset=\"https:\/\/www.fundacioimpulsa.org\/wp-content\/uploads\/2025\/07\/Portada-noti-Fundacio-Impulsa-39-300x207.jpg 300w, https:\/\/www.fundacioimpulsa.org\/wp-content\/uploads\/2025\/07\/Portada-noti-Fundacio-Impulsa-39-306x211.jpg 306w, https:\/\/www.fundacioimpulsa.org\/wp-content\/uploads\/2025\/07\/Portada-noti-Fundacio-Impulsa-39.jpg 700w\" sizes=\"auto, (max-width: 720px) 100vw, 720px\" \/><\/p>\n<p><span class=\"selected\">La Fundaci\u00f3n Impulsa ha recibido la donaci\u00f3n de ordenadores port\u00e1tiles por parte de tres organizaciones comprometidas con la igualdad de oportunidades: <b><span data-contrast=\"auto\">Labdoo.org, Seidor, Knauf Iberica<\/span><\/b>,<b><span data-contrast=\"auto\"> CaixaBank<\/span><\/b> y <b><span data-contrast=\"auto\">Maxisalt<\/span><\/b>, as\u00ed como de <b><span data-contrast=\"auto\">Isern<\/span><\/b>, que nos ayuda a poner a punto muchos de estos ordenadores de segunda mano. Esta colaboraci\u00f3n permitir\u00e1 que los j\u00f3venes en situaci\u00f3n de vulnerabilidad socioecon\u00f3mica que se inician este pr\u00f3ximo curso 2025 &#8211; 2026 en nuestro programa de la Beca Impulsa tengan acceso a las herramientas tecnol\u00f3gicas necesarias para cursar sus estudios de Formaci\u00f3n Profesional.<\/span><\/p>\n<p><span class=\"selected\">Estas donaciones tecnol\u00f3gicas se enmarcan en el compromiso de la Fundaci\u00f3n Impulsa por reducir la brecha digital y garantizar que todos los j\u00f3venes Impulsers tengan las mismas oportunidades de aprendizaje, permitiendo que puedan seguir sus estudios con normalidad, mantenerse conectados con el aula y acceder a herramientas formativas esenciales.<\/span><\/p>\n<p><span class=\"selected\"><b><span data-contrast=\"auto\">Labdoo.org<\/span><\/b> es una red colaborativa sin \u00e1nimo de lucro que recupera ordenadores port\u00e1tiles en desuso de empresas y particulares, los limpia, los carga con software educativo y los distribuye a escuelas y proyectos educativos en todo el mundo. En el caso de <b><span data-contrast=\"auto\">Seidor<\/span><\/b>, compa\u00f1\u00eda tecnol\u00f3gica comprometida con el impacto social, ya desde hace unos a\u00f1os participa activamente en esta iniciativa, demostrando su compromiso con la responsabilidad social corporativa y la formaci\u00f3n de los j\u00f3venes.<strong> Knauf Iberica<\/strong> tambien se suma a la donaci\u00f3n de ordenadores ya que entienden que la sostenibilidad va m\u00e1s all\u00e1 del respeto por el medio ambiente, sino que implica tambi\u00e9n fomentar el bienestar y el progreso social de las futuras generaciones. <b><span data-contrast=\"auto\">Maxisalt<\/span><\/b>, empresa ubicada en el Vall\u00e8s Oriental que colabora con Impulsa con la donaci\u00f3n de ordenadores con la voluntad de dar una segunda vida a los equipamientos tecnol\u00f3gicos. Y finalmente, <b><span data-contrast=\"auto\">CaixaBank<\/span><\/b>, a trav\u00e9s de su acci\u00f3n social, tambi\u00e9n ha contribuido a esta causa, reafirmando su compromiso con la educaci\u00f3n.<\/span><\/p>\n<p>Por su parte, <b><span data-contrast=\"none\">Isern<\/span><\/b>, una empresa de venta al detalle de electrodom\u00e9sticos, electr\u00f3nica, inform\u00e1tica y telefon\u00eda con una amplia profundidad en servicios, entre ellos tienen servicio t\u00e9cnico propio con un equipo de inform\u00e1ticos el cual te repara los smartphones, tablets y PCs al instante, nos est\u00e1n ayudando en la puesta a punto de los ordenadores donados por terceras organizaciones, para que cuando lleguen a manos de los j\u00f3venes, est\u00e9n en condiciones \u00f3ptimas para trabajar con ellos.<\/p>\n<p><span class=\"selected\">Desde la Fundaci\u00f3n Impulsa, queremos expresar nuestro agradecimiento a estas empresas por su generosidad y compromiso con la formaci\u00f3n y el futuro de los j\u00f3venes. Una acci\u00f3n m\u00e1s que demuestra c\u00f3mo las alianzas con el sector empresarial permiten a la Fundaci\u00f3n Impulsa garantizar los recursos necesarios para los j\u00f3venes Impulsers para su correcto desarrollo mientras cursan un ciclo de Formaci\u00f3n Profesional.<\/span><\/p>\n","protected":false},"excerpt":{"rendered":"<p>La Fundaci\u00f3n Impulsa ha recibido la donaci\u00f3n de ordenadores port\u00e1tiles por parte de tres organizaciones comprometidas con la igualdad de oportunidades: Labdoo.org, Seidor, CaixaBank y Maxisalt, as\u00ed como de Isern, que nos ayuda a poner a punto muchos de estos ordenadores de segunda mano. Esta colaboraci\u00f3n permitir\u00e1 que los j\u00f3venes en situaci\u00f3n de vulnerabilidad socioecon\u00f3mica que se inician este pr\u00f3ximo curso 2025 &#8211; 2026 en nuestro programa de la Beca Impulsa tengan acceso a las herramientas tecnol\u00f3gicas necesarias para cursar sus estudios de Formaci\u00f3n Profesional.<\/p>\n","protected":false},"author":10,"featured_media":13268,"comment_status":"closed","ping_status":"closed","sticky":false,"template":"","format":"standard","meta":{"_acf_changed":false,"footnotes":""},"categories":[72,76],"tags":[114,113],"class_list":["post-13271","post","type-post","status-publish","format-standard","has-post-thumbnail","hentry","category-dia-a-dia-es","category-noticies-es","tag-voluntariadocorporativo","tag-voluntariatcorporatiu-es"],"acf":[],"yoast_head":"<!-- This site is optimized with the Yoast SEO plugin v27.5 - https:\/\/yoast.com\/product\/yoast-seo-wordpress\/ -->\n<title>Tecnolog\u00eda con prop\u00f3sito: ordenadores que toman una segunda vida y abren camino a los j\u00f3venes Impulsers - Fundacio Impulsa<\/title>\n<meta name=\"robots\" content=\"index, follow, max-snippet:-1, max-image-preview:large, max-video-preview:-1\" \/>\n<link rel=\"canonical\" href=\"https:\/\/www.fundacioimpulsa.org\/es\/tecnologia-con-proposito-ordenadores-que-toman-una-segunda-vida-y-abren-camino-a-los-jovenes-impulsers\/\" \/>\n<meta property=\"og:locale\" content=\"es_ES\" \/>\n<meta property=\"og:type\" content=\"article\" \/>\n<meta property=\"og:title\" content=\"Tecnolog\u00eda con prop\u00f3sito: ordenadores que toman una segunda vida y abren camino a los j\u00f3venes Impulsers - Fundacio Impulsa\" \/>\n<meta property=\"og:description\" content=\"La Fundaci\u00f3n Impulsa ha recibido la donaci\u00f3n de ordenadores port\u00e1tiles por parte de tres organizaciones comprometidas con la igualdad de oportunidades: Labdoo.org, Seidor, CaixaBank y Maxisalt, as\u00ed como de Isern, que nos ayuda a poner a punto muchos de estos ordenadores de segunda mano. Esta colaboraci\u00f3n permitir\u00e1 que los j\u00f3venes en situaci\u00f3n de vulnerabilidad socioecon\u00f3mica que se inician este pr\u00f3ximo curso 2025 - 2026 en nuestro programa de la Beca Impulsa tengan acceso a las herramientas tecnol\u00f3gicas necesarias para cursar sus estudios de Formaci\u00f3n Profesional.\" \/>\n<meta property=\"og:url\" content=\"https:\/\/www.fundacioimpulsa.org\/es\/tecnologia-con-proposito-ordenadores-que-toman-una-segunda-vida-y-abren-camino-a-los-jovenes-impulsers\/\" \/>\n<meta property=\"og:site_name\" content=\"Fundacio Impulsa\" \/>\n<meta property=\"article:published_time\" content=\"2025-07-19T16:21:49+00:00\" \/>\n<meta property=\"article:modified_time\" content=\"2025-08-05T08:39:16+00:00\" \/>\n<meta property=\"og:image\" content=\"https:\/\/www.fundacioimpulsa.org\/wp-content\/uploads\/2025\/07\/Portada-noti-Fundacio-Impulsa-39.jpg\" \/>\n\t<meta property=\"og:image:width\" content=\"700\" \/>\n\t<meta property=\"og:image:height\" content=\"483\" \/>\n\t<meta property=\"og:image:type\" content=\"image\/jpeg\" \/>\n<meta name=\"author\" content=\"anna\" \/>\n<meta name=\"twitter:card\" content=\"summary_large_image\" \/>\n<meta name=\"twitter:label1\" content=\"Escrito por\" \/>\n\t<meta name=\"twitter:data1\" content=\"anna\" \/>\n\t<meta name=\"twitter:label2\" content=\"Tiempo de lectura\" \/>\n\t<meta name=\"twitter:data2\" content=\"4 minutos\" \/>\n<script type=\"application\/ld+json\" class=\"yoast-schema-graph\">{\"@context\":\"https:\\\/\\\/schema.org\",\"@graph\":[{\"@type\":\"Article\",\"@id\":\"https:\\\/\\\/www.fundacioimpulsa.org\\\/es\\\/tecnologia-con-proposito-ordenadores-que-toman-una-segunda-vida-y-abren-camino-a-los-jovenes-impulsers\\\/#article\",\"isPartOf\":{\"@id\":\"https:\\\/\\\/www.fundacioimpulsa.org\\\/es\\\/tecnologia-con-proposito-ordenadores-que-toman-una-segunda-vida-y-abren-camino-a-los-jovenes-impulsers\\\/\"},\"author\":{\"name\":\"anna\",\"@id\":\"https:\\\/\\\/www.fundacioimpulsa.org\\\/es\\\/#\\\/schema\\\/person\\\/8093abda9188d9065d7a02992af09c00\"},\"headline\":\"Tecnolog\u00eda con prop\u00f3sito: ordenadores que toman una segunda vida y abren camino a los j\u00f3venes Impulsers\",\"datePublished\":\"2025-07-19T16:21:49+00:00\",\"dateModified\":\"2025-08-05T08:39:16+00:00\",\"mainEntityOfPage\":{\"@id\":\"https:\\\/\\\/www.fundacioimpulsa.org\\\/es\\\/tecnologia-con-proposito-ordenadores-que-toman-una-segunda-vida-y-abren-camino-a-los-jovenes-impulsers\\\/\"},\"wordCount\":502,\"image\":{\"@id\":\"https:\\\/\\\/www.fundacioimpulsa.org\\\/es\\\/tecnologia-con-proposito-ordenadores-que-toman-una-segunda-vida-y-abren-camino-a-los-jovenes-impulsers\\\/#primaryimage\"},\"thumbnailUrl\":\"https:\\\/\\\/www.fundacioimpulsa.org\\\/wp-content\\\/uploads\\\/2025\\\/07\\\/Portada-noti-Fundacio-Impulsa-39.jpg\",\"keywords\":[\"#VoluntariadoCorporativo\",\"#VoluntariatCorporatiu\"],\"articleSection\":[\"D\u00eda a D\u00eda\",\"Noticias\"],\"inLanguage\":\"es\"},{\"@type\":\"WebPage\",\"@id\":\"https:\\\/\\\/www.fundacioimpulsa.org\\\/es\\\/tecnologia-con-proposito-ordenadores-que-toman-una-segunda-vida-y-abren-camino-a-los-jovenes-impulsers\\\/\",\"url\":\"https:\\\/\\\/www.fundacioimpulsa.org\\\/es\\\/tecnologia-con-proposito-ordenadores-que-toman-una-segunda-vida-y-abren-camino-a-los-jovenes-impulsers\\\/\",\"name\":\"Tecnolog\u00eda con prop\u00f3sito: ordenadores que toman una segunda vida y abren camino a los j\u00f3venes Impulsers - Fundacio Impulsa\",\"isPartOf\":{\"@id\":\"https:\\\/\\\/www.fundacioimpulsa.org\\\/es\\\/#website\"},\"primaryImageOfPage\":{\"@id\":\"https:\\\/\\\/www.fundacioimpulsa.org\\\/es\\\/tecnologia-con-proposito-ordenadores-que-toman-una-segunda-vida-y-abren-camino-a-los-jovenes-impulsers\\\/#primaryimage\"},\"image\":{\"@id\":\"https:\\\/\\\/www.fundacioimpulsa.org\\\/es\\\/tecnologia-con-proposito-ordenadores-que-toman-una-segunda-vida-y-abren-camino-a-los-jovenes-impulsers\\\/#primaryimage\"},\"thumbnailUrl\":\"https:\\\/\\\/www.fundacioimpulsa.org\\\/wp-content\\\/uploads\\\/2025\\\/07\\\/Portada-noti-Fundacio-Impulsa-39.jpg\",\"datePublished\":\"2025-07-19T16:21:49+00:00\",\"dateModified\":\"2025-08-05T08:39:16+00:00\",\"author\":{\"@id\":\"https:\\\/\\\/www.fundacioimpulsa.org\\\/es\\\/#\\\/schema\\\/person\\\/8093abda9188d9065d7a02992af09c00\"},\"breadcrumb\":{\"@id\":\"https:\\\/\\\/www.fundacioimpulsa.org\\\/es\\\/tecnologia-con-proposito-ordenadores-que-toman-una-segunda-vida-y-abren-camino-a-los-jovenes-impulsers\\\/#breadcrumb\"},\"inLanguage\":\"es\",\"potentialAction\":[{\"@type\":\"ReadAction\",\"target\":[\"https:\\\/\\\/www.fundacioimpulsa.org\\\/es\\\/tecnologia-con-proposito-ordenadores-que-toman-una-segunda-vida-y-abren-camino-a-los-jovenes-impulsers\\\/\"]}]},{\"@type\":\"ImageObject\",\"inLanguage\":\"es\",\"@id\":\"https:\\\/\\\/www.fundacioimpulsa.org\\\/es\\\/tecnologia-con-proposito-ordenadores-que-toman-una-segunda-vida-y-abren-camino-a-los-jovenes-impulsers\\\/#primaryimage\",\"url\":\"https:\\\/\\\/www.fundacioimpulsa.org\\\/wp-content\\\/uploads\\\/2025\\\/07\\\/Portada-noti-Fundacio-Impulsa-39.jpg\",\"contentUrl\":\"https:\\\/\\\/www.fundacioimpulsa.org\\\/wp-content\\\/uploads\\\/2025\\\/07\\\/Portada-noti-Fundacio-Impulsa-39.jpg\",\"width\":700,\"height\":483},{\"@type\":\"BreadcrumbList\",\"@id\":\"https:\\\/\\\/www.fundacioimpulsa.org\\\/es\\\/tecnologia-con-proposito-ordenadores-que-toman-una-segunda-vida-y-abren-camino-a-los-jovenes-impulsers\\\/#breadcrumb\",\"itemListElement\":[{\"@type\":\"ListItem\",\"position\":1,\"name\":\"Inici\",\"item\":\"https:\\\/\\\/www.fundacioimpulsa.org\\\/es\\\/fundacio-impulsa\\\/\"},{\"@type\":\"ListItem\",\"position\":2,\"name\":\"Tecnolog\u00eda con prop\u00f3sito: ordenadores que toman una segunda vida y abren camino a los j\u00f3venes Impulsers\"}]},{\"@type\":\"WebSite\",\"@id\":\"https:\\\/\\\/www.fundacioimpulsa.org\\\/es\\\/#website\",\"url\":\"https:\\\/\\\/www.fundacioimpulsa.org\\\/es\\\/\",\"name\":\"Fundacio Impulsa\",\"description\":\"\",\"potentialAction\":[{\"@type\":\"SearchAction\",\"target\":{\"@type\":\"EntryPoint\",\"urlTemplate\":\"https:\\\/\\\/www.fundacioimpulsa.org\\\/es\\\/?s={search_term_string}\"},\"query-input\":{\"@type\":\"PropertyValueSpecification\",\"valueRequired\":true,\"valueName\":\"search_term_string\"}}],\"inLanguage\":\"es\"},{\"@type\":\"Person\",\"@id\":\"https:\\\/\\\/www.fundacioimpulsa.org\\\/es\\\/#\\\/schema\\\/person\\\/8093abda9188d9065d7a02992af09c00\",\"name\":\"anna\",\"image\":{\"@type\":\"ImageObject\",\"inLanguage\":\"es\",\"@id\":\"https:\\\/\\\/secure.gravatar.com\\\/avatar\\\/098ca997a3814bde9b9ec5e5dfa4ad0ee9a251cd4cf1b86b7c008606c50d48c9?s=96&d=mm&r=g\",\"url\":\"https:\\\/\\\/secure.gravatar.com\\\/avatar\\\/098ca997a3814bde9b9ec5e5dfa4ad0ee9a251cd4cf1b86b7c008606c50d48c9?s=96&d=mm&r=g\",\"contentUrl\":\"https:\\\/\\\/secure.gravatar.com\\\/avatar\\\/098ca997a3814bde9b9ec5e5dfa4ad0ee9a251cd4cf1b86b7c008606c50d48c9?s=96&d=mm&r=g\",\"caption\":\"anna\"},\"url\":\"https:\\\/\\\/www.fundacioimpulsa.org\\\/es\\\/author\\\/anna\\\/\"}]}<\/script>\n<!-- \/ Yoast SEO plugin. -->","yoast_head_json":{"title":"Tecnolog\u00eda con prop\u00f3sito: ordenadores que toman una segunda vida y abren camino a los j\u00f3venes Impulsers - Fundacio Impulsa","robots":{"index":"index","follow":"follow","max-snippet":"max-snippet:-1","max-image-preview":"max-image-preview:large","max-video-preview":"max-video-preview:-1"},"canonical":"https:\/\/www.fundacioimpulsa.org\/es\/tecnologia-con-proposito-ordenadores-que-toman-una-segunda-vida-y-abren-camino-a-los-jovenes-impulsers\/","og_locale":"es_ES","og_type":"article","og_title":"Tecnolog\u00eda con prop\u00f3sito: ordenadores que toman una segunda vida y abren camino a los j\u00f3venes Impulsers - Fundacio Impulsa","og_description":"La Fundaci\u00f3n Impulsa ha recibido la donaci\u00f3n de ordenadores port\u00e1tiles por parte de tres organizaciones comprometidas con la igualdad de oportunidades: Labdoo.org, Seidor, CaixaBank y Maxisalt, as\u00ed como de Isern, que nos ayuda a poner a punto muchos de estos ordenadores de segunda mano. Esta colaboraci\u00f3n permitir\u00e1 que los j\u00f3venes en situaci\u00f3n de vulnerabilidad socioecon\u00f3mica que se inician este pr\u00f3ximo curso 2025 - 2026 en nuestro programa de la Beca Impulsa tengan acceso a las herramientas tecnol\u00f3gicas necesarias para cursar sus estudios de Formaci\u00f3n Profesional.","og_url":"https:\/\/www.fundacioimpulsa.org\/es\/tecnologia-con-proposito-ordenadores-que-toman-una-segunda-vida-y-abren-camino-a-los-jovenes-impulsers\/","og_site_name":"Fundacio Impulsa","article_published_time":"2025-07-19T16:21:49+00:00","article_modified_time":"2025-08-05T08:39:16+00:00","og_image":[{"width":700,"height":483,"url":"https:\/\/www.fundacioimpulsa.org\/wp-content\/uploads\/2025\/07\/Portada-noti-Fundacio-Impulsa-39.jpg","type":"image\/jpeg"}],"author":"anna","twitter_card":"summary_large_image","twitter_misc":{"Escrito por":"anna","Tiempo de lectura":"4 minutos"},"schema":{"@context":"https:\/\/schema.org","@graph":[{"@type":"Article","@id":"https:\/\/www.fundacioimpulsa.org\/es\/tecnologia-con-proposito-ordenadores-que-toman-una-segunda-vida-y-abren-camino-a-los-jovenes-impulsers\/#article","isPartOf":{"@id":"https:\/\/www.fundacioimpulsa.org\/es\/tecnologia-con-proposito-ordenadores-que-toman-una-segunda-vida-y-abren-camino-a-los-jovenes-impulsers\/"},"author":{"name":"anna","@id":"https:\/\/www.fundacioimpulsa.org\/es\/#\/schema\/person\/8093abda9188d9065d7a02992af09c00"},"headline":"Tecnolog\u00eda con prop\u00f3sito: ordenadores que toman una segunda vida y abren camino a los j\u00f3venes Impulsers","datePublished":"2025-07-19T16:21:49+00:00","dateModified":"2025-08-05T08:39:16+00:00","mainEntityOfPage":{"@id":"https:\/\/www.fundacioimpulsa.org\/es\/tecnologia-con-proposito-ordenadores-que-toman-una-segunda-vida-y-abren-camino-a-los-jovenes-impulsers\/"},"wordCount":502,"image":{"@id":"https:\/\/www.fundacioimpulsa.org\/es\/tecnologia-con-proposito-ordenadores-que-toman-una-segunda-vida-y-abren-camino-a-los-jovenes-impulsers\/#primaryimage"},"thumbnailUrl":"https:\/\/www.fundacioimpulsa.org\/wp-content\/uploads\/2025\/07\/Portada-noti-Fundacio-Impulsa-39.jpg","keywords":["#VoluntariadoCorporativo","#VoluntariatCorporatiu"],"articleSection":["D\u00eda a D\u00eda","Noticias"],"inLanguage":"es"},{"@type":"WebPage","@id":"https:\/\/www.fundacioimpulsa.org\/es\/tecnologia-con-proposito-ordenadores-que-toman-una-segunda-vida-y-abren-camino-a-los-jovenes-impulsers\/","url":"https:\/\/www.fundacioimpulsa.org\/es\/tecnologia-con-proposito-ordenadores-que-toman-una-segunda-vida-y-abren-camino-a-los-jovenes-impulsers\/","name":"Tecnolog\u00eda con prop\u00f3sito: ordenadores que toman una segunda vida y abren camino a los j\u00f3venes Impulsers - Fundacio Impulsa","isPartOf":{"@id":"https:\/\/www.fundacioimpulsa.org\/es\/#website"},"primaryImageOfPage":{"@id":"https:\/\/www.fundacioimpulsa.org\/es\/tecnologia-con-proposito-ordenadores-que-toman-una-segunda-vida-y-abren-camino-a-los-jovenes-impulsers\/#primaryimage"},"image":{"@id":"https:\/\/www.fundacioimpulsa.org\/es\/tecnologia-con-proposito-ordenadores-que-toman-una-segunda-vida-y-abren-camino-a-los-jovenes-impulsers\/#primaryimage"},"thumbnailUrl":"https:\/\/www.fundacioimpulsa.org\/wp-content\/uploads\/2025\/07\/Portada-noti-Fundacio-Impulsa-39.jpg","datePublished":"2025-07-19T16:21:49+00:00","dateModified":"2025-08-05T08:39:16+00:00","author":{"@id":"https:\/\/www.fundacioimpulsa.org\/es\/#\/schema\/person\/8093abda9188d9065d7a02992af09c00"},"breadcrumb":{"@id":"https:\/\/www.fundacioimpulsa.org\/es\/tecnologia-con-proposito-ordenadores-que-toman-una-segunda-vida-y-abren-camino-a-los-jovenes-impulsers\/#breadcrumb"},"inLanguage":"es","potentialAction":[{"@type":"ReadAction","target":["https:\/\/www.fundacioimpulsa.org\/es\/tecnologia-con-proposito-ordenadores-que-toman-una-segunda-vida-y-abren-camino-a-los-jovenes-impulsers\/"]}]},{"@type":"ImageObject","inLanguage":"es","@id":"https:\/\/www.fundacioimpulsa.org\/es\/tecnologia-con-proposito-ordenadores-que-toman-una-segunda-vida-y-abren-camino-a-los-jovenes-impulsers\/#primaryimage","url":"https:\/\/www.fundacioimpulsa.org\/wp-content\/uploads\/2025\/07\/Portada-noti-Fundacio-Impulsa-39.jpg","contentUrl":"https:\/\/www.fundacioimpulsa.org\/wp-content\/uploads\/2025\/07\/Portada-noti-Fundacio-Impulsa-39.jpg","width":700,"height":483},{"@type":"BreadcrumbList","@id":"https:\/\/www.fundacioimpulsa.org\/es\/tecnologia-con-proposito-ordenadores-que-toman-una-segunda-vida-y-abren-camino-a-los-jovenes-impulsers\/#breadcrumb","itemListElement":[{"@type":"ListItem","position":1,"name":"Inici","item":"https:\/\/www.fundacioimpulsa.org\/es\/fundacio-impulsa\/"},{"@type":"ListItem","position":2,"name":"Tecnolog\u00eda con prop\u00f3sito: ordenadores que toman una segunda vida y abren camino a los j\u00f3venes Impulsers"}]},{"@type":"WebSite","@id":"https:\/\/www.fundacioimpulsa.org\/es\/#website","url":"https:\/\/www.fundacioimpulsa.org\/es\/","name":"Fundacio Impulsa","description":"","potentialAction":[{"@type":"SearchAction","target":{"@type":"EntryPoint","urlTemplate":"https:\/\/www.fundacioimpulsa.org\/es\/?s={search_term_string}"},"query-input":{"@type":"PropertyValueSpecification","valueRequired":true,"valueName":"search_term_string"}}],"inLanguage":"es"},{"@type":"Person","@id":"https:\/\/www.fundacioimpulsa.org\/es\/#\/schema\/person\/8093abda9188d9065d7a02992af09c00","name":"anna","image":{"@type":"ImageObject","inLanguage":"es","@id":"https:\/\/secure.gravatar.com\/avatar\/098ca997a3814bde9b9ec5e5dfa4ad0ee9a251cd4cf1b86b7c008606c50d48c9?s=96&d=mm&r=g","url":"https:\/\/secure.gravatar.com\/avatar\/098ca997a3814bde9b9ec5e5dfa4ad0ee9a251cd4cf1b86b7c008606c50d48c9?s=96&d=mm&r=g","contentUrl":"https:\/\/secure.gravatar.com\/avatar\/098ca997a3814bde9b9ec5e5dfa4ad0ee9a251cd4cf1b86b7c008606c50d48c9?s=96&d=mm&r=g","caption":"anna"},"url":"https:\/\/www.fundacioimpulsa.org\/es\/author\/anna\/"}]}},"publishpress_future_action":{"enabled":false,"date":"2026-05-07 14:02:27","action":"change-status","newStatus":"draft","terms":[],"taxonomy":"category","extraData":[]},"publishpress_future_workflow_manual_trigger":{"enabledWorkflows":[]},"_links":{"self":[{"href":"https:\/\/www.fundacioimpulsa.org\/es\/wp-json\/wp\/v2\/posts\/13271","targetHints":{"allow":["GET"]}}],"collection":[{"href":"https:\/\/www.fundacioimpulsa.org\/es\/wp-json\/wp\/v2\/posts"}],"about":[{"href":"https:\/\/www.fundacioimpulsa.org\/es\/wp-json\/wp\/v2\/types\/post"}],"author":[{"embeddable":true,"href":"https:\/\/www.fundacioimpulsa.org\/es\/wp-json\/wp\/v2\/users\/10"}],"replies":[{"embeddable":true,"href":"https:\/\/www.fundacioimpulsa.org\/es\/wp-json\/wp\/v2\/comments?post=13271"}],"version-history":[{"count":5,"href":"https:\/\/www.fundacioimpulsa.org\/es\/wp-json\/wp\/v2\/posts\/13271\/revisions"}],"predecessor-version":[{"id":13308,"href":"https:\/\/www.fundacioimpulsa.org\/es\/wp-json\/wp\/v2\/posts\/13271\/revisions\/13308"}],"wp:featuredmedia":[{"embeddable":true,"href":"https:\/\/www.fundacioimpulsa.org\/es\/wp-json\/wp\/v2\/media\/13268"}],"wp:attachment":[{"href":"https:\/\/www.fundacioimpulsa.org\/es\/wp-json\/wp\/v2\/media?parent=13271"}],"wp:term":[{"taxonomy":"category","embeddable":true,"href":"https:\/\/www.fundacioimpulsa.org\/es\/wp-json\/wp\/v2\/categories?post=13271"},{"taxonomy":"post_tag","embeddable":true,"href":"https:\/\/www.fundacioimpulsa.org\/es\/wp-json\/wp\/v2\/tags?post=13271"}],"curies":[{"name":"wp","href":"https:\/\/api.w.org\/{rel}","templated":true}]}}