{"id":13303,"date":"2025-09-06T07:23:05","date_gmt":"2025-09-06T05:23:05","guid":{"rendered":"https:\/\/www.fundacioimpulsa.org\/?p=13303"},"modified":"2025-09-08T17:23:29","modified_gmt":"2025-09-08T15:23:29","slug":"la-fundacion-impulsa-colabora-con-un-acompanamiento-personalizado-a-los-estudiantes-que-reciben-una-beca-del-programa-jovenes-talentos-de-cataluna-de-agbar","status":"publish","type":"post","link":"https:\/\/www.fundacioimpulsa.org\/es\/la-fundacion-impulsa-colabora-con-un-acompanamiento-personalizado-a-los-estudiantes-que-reciben-una-beca-del-programa-jovenes-talentos-de-cataluna-de-agbar\/","title":{"rendered":"La Fundaci\u00f3n Impulsa colabora con un acompa\u00f1amiento personalizado a los estudiantes que reciben una beca del programa J\u00f3venes Talentos de Catalu\u00f1a de Agbar"},"content":{"rendered":"<p><img loading=\"lazy\" decoding=\"async\" class=\"alignnone wp-image-13298\" src=\"https:\/\/www.fundacioimpulsa.org\/wp-content\/uploads\/2025\/09\/Agbar_acte-nomenament-estudiants-becats_Beques-Joves-Talents-300x200.jpg\" alt=\"\" width=\"718\" height=\"478\" srcset=\"https:\/\/www.fundacioimpulsa.org\/wp-content\/uploads\/2025\/09\/Agbar_acte-nomenament-estudiants-becats_Beques-Joves-Talents-300x200.jpg 300w, https:\/\/www.fundacioimpulsa.org\/wp-content\/uploads\/2025\/09\/Agbar_acte-nomenament-estudiants-becats_Beques-Joves-Talents-1030x687.jpg 1030w, https:\/\/www.fundacioimpulsa.org\/wp-content\/uploads\/2025\/09\/Agbar_acte-nomenament-estudiants-becats_Beques-Joves-Talents-768x512.jpg 768w, https:\/\/www.fundacioimpulsa.org\/wp-content\/uploads\/2025\/09\/Agbar_acte-nomenament-estudiants-becats_Beques-Joves-Talents-1536x1024.jpg 1536w, https:\/\/www.fundacioimpulsa.org\/wp-content\/uploads\/2025\/09\/Agbar_acte-nomenament-estudiants-becats_Beques-Joves-Talents-2048x1366.jpg 2048w, https:\/\/www.fundacioimpulsa.org\/wp-content\/uploads\/2025\/09\/Agbar_acte-nomenament-estudiants-becats_Beques-Joves-Talents-1500x1000.jpg 1500w, https:\/\/www.fundacioimpulsa.org\/wp-content\/uploads\/2025\/09\/Agbar_acte-nomenament-estudiants-becats_Beques-Joves-Talents-705x470.jpg 705w, https:\/\/www.fundacioimpulsa.org\/wp-content\/uploads\/2025\/09\/Agbar_acte-nomenament-estudiants-becats_Beques-Joves-Talents-795x530.jpg 795w, https:\/\/www.fundacioimpulsa.org\/wp-content\/uploads\/2025\/09\/Agbar_acte-nomenament-estudiants-becats_Beques-Joves-Talents-315x211.jpg 315w\" sizes=\"auto, (max-width: 718px) 100vw, 718px\" \/><\/p>\n<p>La Fundaci\u00f3n Impulsa se suma a la segunda edici\u00f3n del programa de<span class=\"selected\"><b><span data-contrast=\"auto\">\u00a0Becas J\u00f3venes Talentos de Catalu\u00f1a<\/span><\/b><\/span> Agbar para ofrecer<span class=\"selected\"><b><span data-contrast=\"auto\"> acompa\u00f1amiento personalizado y un seguimiento cercano<\/span><\/b><\/span>\u00a0a los estudiantes becados, con el objetivo de potenciar su bienestar, motivaci\u00f3n y el buen aprovechamiento de la experiencia universitaria. Esta incorporaci\u00f3n es la gran novedad del programa de este a\u00f1o y se enmarca en la alianza de largo recorrido entre Agbar e Impulsa para generar m\u00e1s oportunidades educativas para j\u00f3venes con talento y con menos recursos.<\/p>\n<p>En esta edici\u00f3n, tres estudiantes \u2014<span class=\"selected\"><b><span data-contrast=\"auto\">J\u00falia Novellas <\/span><\/b><\/span>(Avi\u00e0), <span class=\"selected\"><b><span data-contrast=\"auto\">Dani P\u00e9rez <\/span><\/b><\/span>(La Garriga) y <span class=\"selected\"><b><span data-contrast=\"auto\">Labdoo.org Roc Salv\u00e0<\/span><\/b><\/span> (Centelles)\u2014 iniciar\u00e1n grados universitarios STEAM en la<span class=\"selected\"><b><span data-contrast=\"auto\">\u00a0Universitat Polit\u00e8cnica de Catalunya<\/span><\/b><\/span> (Dise\u00f1o Digital y Tecnolog\u00edas Multimedia; Dise\u00f1o, Animaci\u00f3n y Arte Digital; e Ingenier\u00eda Inform\u00e1tica, respectivamente). La entrega de las becas se ha realizado en la sede corporativa de Agbar, en Barcelona, en un acto presidido por el tribunal formado por <span class=\"selected\"><b><span data-contrast=\"auto\">Oriol Mas<\/span><\/b><\/span>, <span class=\"selected\"><b><span data-contrast=\"auto\">Ruth Fontanet <\/span><\/b><\/span>y, por parte de Impulsa, <span class=\"selected\"><b><span data-contrast=\"auto\">L\u00eddia Ban\u00fas<\/span><\/b><\/span> y<span class=\"selected\"><b><span data-contrast=\"auto\">\u00a0Andrea Garc\u00eda.<\/span><\/b><\/span><\/p>\n<p>Las Becas J\u00f3venes Talentos<span class=\"selected\"><b><span data-contrast=\"auto\">\u00a0financian el 100% del importe de la matr\u00edcula no cubierta por la beca del Ministerio de Educaci\u00f3n y Formaci\u00f3n Profesional<\/span><\/b><\/span> e incluyen<span class=\"selected\"><b><span data-contrast=\"auto\">\u00a0hasta 1.500\u20ac anuales<\/span><\/b><\/span> para gastos vinculados a los estudios hasta la obtenci\u00f3n del t\u00edtulo. Adem\u00e1s, el programa incorpora <span class=\"selected\"><b><span data-contrast=\"auto\">acompa\u00f1amiento individual, pedag\u00f3gico, psicosocial y grupal <\/span><\/b><\/span>para reforzar el desarrollo competencial de los j\u00f3venes.<\/p>\n<p><span class=\"selected\"><b><span data-contrast=\"auto\">Agbar y la Fundaci\u00f3n Impulsa, una alianza con prop\u00f3sito<\/span><\/b><\/span><\/p>\n<p data-start=\"1768\" data-end=\"2344\">Agbar, convencida de que la educaci\u00f3n es clave para transformar vidas y construir un futuro m\u00e1s justo e igualitario, colabora desde hace m\u00e1s de cinco a\u00f1os con la Fundaci\u00f3n Impulsa como Organizaci\u00f3n Impulsora. Mediante esta alianza, estos estudiantes reciben ayudas para hacer frente a los gastos formativos vinculados a los estudios de Formaci\u00f3n Profesional. A ra\u00edz de esta relaci\u00f3n de confianza, ha surgido la oportunidad de reforzar la alianza con la incorporaci\u00f3n de Impulsa en el seguimiento de los j\u00f3venes becados por Agbar en las becas universitarias J\u00f3venes Talentos.<\/p>\n","protected":false},"excerpt":{"rendered":"<p>La Fundaci\u00f3n Impulsa se suma a la segunda edici\u00f3n del programa de\u00a0Becas J\u00f3venes Talentos de Catalu\u00f1a Agbar para ofrecer acompa\u00f1amiento personalizado y un seguimiento cercano\u00a0a los estudiantes becados, con el objetivo de potenciar su bienestar, motivaci\u00f3n y el buen aprovechamiento de la experiencia universitaria. Esta incorporaci\u00f3n es la gran novedad del programa de este a\u00f1o y se enmarca en la alianza de largo recorrido entre Agbar e Impulsa para generar m\u00e1s oportunidades educativas para j\u00f3venes con talento y con menos recursos.<\/p>\n","protected":false},"author":10,"featured_media":13299,"comment_status":"closed","ping_status":"closed","sticky":false,"template":"","format":"standard","meta":{"_acf_changed":false,"footnotes":""},"categories":[72,76],"tags":[115],"class_list":["post-13303","post","type-post","status-publish","format-standard","has-post-thumbnail","hentry","category-dia-a-dia-es","category-noticies-es","tag-formacio-es"],"acf":[],"yoast_head":"<!-- This site is optimized with the Yoast SEO plugin v27.5 - https:\/\/yoast.com\/product\/yoast-seo-wordpress\/ -->\n<title>La Fundaci\u00f3n Impulsa colabora con un acompa\u00f1amiento personalizado a los estudiantes que reciben una beca del programa J\u00f3venes Talentos de Catalu\u00f1a de Agbar - Fundacio Impulsa<\/title>\n<meta name=\"description\" content=\"La Fundaci\u00f3n Impulsa se suma a la segunda edici\u00f3n del programa de\u00a0Becas J\u00f3venes Talentos de Catalu\u00f1a Agbar para ofrecer acompa\u00f1amiento personalizado y un seguimiento cercano\u00a0a los estudiantes becados, con el objetivo de potenciar su bienestar, motivaci\u00f3n y el buen aprovechamiento de la experiencia universitaria. Esta incorporaci\u00f3n es la gran novedad del programa de este a\u00f1o y se enmarca en la alianza de largo recorrido entre Agbar e Impulsa para generar m\u00e1s oportunidades educativas para j\u00f3venes con talento y con menos recursos.\" \/>\n<meta name=\"robots\" content=\"index, follow, max-snippet:-1, max-image-preview:large, max-video-preview:-1\" \/>\n<link rel=\"canonical\" href=\"https:\/\/www.fundacioimpulsa.org\/es\/la-fundacion-impulsa-colabora-con-un-acompanamiento-personalizado-a-los-estudiantes-que-reciben-una-beca-del-programa-jovenes-talentos-de-cataluna-de-agbar\/\" \/>\n<meta property=\"og:locale\" content=\"es_ES\" \/>\n<meta property=\"og:type\" content=\"article\" \/>\n<meta property=\"og:title\" content=\"La Fundaci\u00f3n Impulsa colabora con un acompa\u00f1amiento personalizado a los estudiantes que reciben una beca del programa J\u00f3venes Talentos de Catalu\u00f1a de Agbar - Fundacio Impulsa\" \/>\n<meta property=\"og:description\" content=\"La Fundaci\u00f3n Impulsa se suma a la segunda edici\u00f3n del programa de\u00a0Becas J\u00f3venes Talentos de Catalu\u00f1a Agbar para ofrecer acompa\u00f1amiento personalizado y un seguimiento cercano\u00a0a los estudiantes becados, con el objetivo de potenciar su bienestar, motivaci\u00f3n y el buen aprovechamiento de la experiencia universitaria. Esta incorporaci\u00f3n es la gran novedad del programa de este a\u00f1o y se enmarca en la alianza de largo recorrido entre Agbar e Impulsa para generar m\u00e1s oportunidades educativas para j\u00f3venes con talento y con menos recursos.\" \/>\n<meta property=\"og:url\" content=\"https:\/\/www.fundacioimpulsa.org\/es\/la-fundacion-impulsa-colabora-con-un-acompanamiento-personalizado-a-los-estudiantes-que-reciben-una-beca-del-programa-jovenes-talentos-de-cataluna-de-agbar\/\" \/>\n<meta property=\"og:site_name\" content=\"Fundacio Impulsa\" \/>\n<meta property=\"article:published_time\" content=\"2025-09-06T05:23:05+00:00\" \/>\n<meta property=\"article:modified_time\" content=\"2025-09-08T15:23:29+00:00\" \/>\n<meta property=\"og:image\" content=\"https:\/\/www.fundacioimpulsa.org\/wp-content\/uploads\/2025\/09\/Agbar_acte-nomenament-estudiants-becats_Beques-Joves-Talents-1030x687.jpg\" \/>\n\t<meta property=\"og:image:width\" content=\"1030\" \/>\n\t<meta property=\"og:image:height\" content=\"687\" \/>\n\t<meta property=\"og:image:type\" content=\"image\/jpeg\" \/>\n<meta name=\"author\" content=\"anna\" \/>\n<meta name=\"twitter:card\" content=\"summary_large_image\" \/>\n<meta name=\"twitter:label1\" content=\"Escrito por\" \/>\n\t<meta name=\"twitter:data1\" content=\"anna\" \/>\n\t<meta name=\"twitter:label2\" content=\"Tiempo de lectura\" \/>\n\t<meta name=\"twitter:data2\" content=\"2 minutos\" \/>\n<script type=\"application\/ld+json\" class=\"yoast-schema-graph\">{\"@context\":\"https:\\\/\\\/schema.org\",\"@graph\":[{\"@type\":\"Article\",\"@id\":\"https:\\\/\\\/www.fundacioimpulsa.org\\\/es\\\/la-fundacion-impulsa-colabora-con-un-acompanamiento-personalizado-a-los-estudiantes-que-reciben-una-beca-del-programa-jovenes-talentos-de-cataluna-de-agbar\\\/#article\",\"isPartOf\":{\"@id\":\"https:\\\/\\\/www.fundacioimpulsa.org\\\/es\\\/la-fundacion-impulsa-colabora-con-un-acompanamiento-personalizado-a-los-estudiantes-que-reciben-una-beca-del-programa-jovenes-talentos-de-cataluna-de-agbar\\\/\"},\"author\":{\"name\":\"anna\",\"@id\":\"https:\\\/\\\/www.fundacioimpulsa.org\\\/es\\\/#\\\/schema\\\/person\\\/8093abda9188d9065d7a02992af09c00\"},\"headline\":\"La Fundaci\u00f3n Impulsa colabora con un acompa\u00f1amiento personalizado a los estudiantes que reciben una beca del programa J\u00f3venes Talentos de Catalu\u00f1a de Agbar\",\"datePublished\":\"2025-09-06T05:23:05+00:00\",\"dateModified\":\"2025-09-08T15:23:29+00:00\",\"mainEntityOfPage\":{\"@id\":\"https:\\\/\\\/www.fundacioimpulsa.org\\\/es\\\/la-fundacion-impulsa-colabora-con-un-acompanamiento-personalizado-a-los-estudiantes-que-reciben-una-beca-del-programa-jovenes-talentos-de-cataluna-de-agbar\\\/\"},\"wordCount\":393,\"image\":{\"@id\":\"https:\\\/\\\/www.fundacioimpulsa.org\\\/es\\\/la-fundacion-impulsa-colabora-con-un-acompanamiento-personalizado-a-los-estudiantes-que-reciben-una-beca-del-programa-jovenes-talentos-de-cataluna-de-agbar\\\/#primaryimage\"},\"thumbnailUrl\":\"https:\\\/\\\/www.fundacioimpulsa.org\\\/wp-content\\\/uploads\\\/2025\\\/09\\\/Agbar_acte-nomenament-estudiants-becats_Beques-Joves-Talents-scaled.jpg\",\"keywords\":[\"#Formaci\u00f3n\"],\"articleSection\":[\"D\u00eda a D\u00eda\",\"Noticias\"],\"inLanguage\":\"es\"},{\"@type\":\"WebPage\",\"@id\":\"https:\\\/\\\/www.fundacioimpulsa.org\\\/es\\\/la-fundacion-impulsa-colabora-con-un-acompanamiento-personalizado-a-los-estudiantes-que-reciben-una-beca-del-programa-jovenes-talentos-de-cataluna-de-agbar\\\/\",\"url\":\"https:\\\/\\\/www.fundacioimpulsa.org\\\/es\\\/la-fundacion-impulsa-colabora-con-un-acompanamiento-personalizado-a-los-estudiantes-que-reciben-una-beca-del-programa-jovenes-talentos-de-cataluna-de-agbar\\\/\",\"name\":\"La Fundaci\u00f3n Impulsa colabora con un acompa\u00f1amiento personalizado a los estudiantes que reciben una beca del programa J\u00f3venes Talentos de Catalu\u00f1a de Agbar - Fundacio Impulsa\",\"isPartOf\":{\"@id\":\"https:\\\/\\\/www.fundacioimpulsa.org\\\/es\\\/#website\"},\"primaryImageOfPage\":{\"@id\":\"https:\\\/\\\/www.fundacioimpulsa.org\\\/es\\\/la-fundacion-impulsa-colabora-con-un-acompanamiento-personalizado-a-los-estudiantes-que-reciben-una-beca-del-programa-jovenes-talentos-de-cataluna-de-agbar\\\/#primaryimage\"},\"image\":{\"@id\":\"https:\\\/\\\/www.fundacioimpulsa.org\\\/es\\\/la-fundacion-impulsa-colabora-con-un-acompanamiento-personalizado-a-los-estudiantes-que-reciben-una-beca-del-programa-jovenes-talentos-de-cataluna-de-agbar\\\/#primaryimage\"},\"thumbnailUrl\":\"https:\\\/\\\/www.fundacioimpulsa.org\\\/wp-content\\\/uploads\\\/2025\\\/09\\\/Agbar_acte-nomenament-estudiants-becats_Beques-Joves-Talents-scaled.jpg\",\"datePublished\":\"2025-09-06T05:23:05+00:00\",\"dateModified\":\"2025-09-08T15:23:29+00:00\",\"author\":{\"@id\":\"https:\\\/\\\/www.fundacioimpulsa.org\\\/es\\\/#\\\/schema\\\/person\\\/8093abda9188d9065d7a02992af09c00\"},\"description\":\"La Fundaci\u00f3n Impulsa se suma a la segunda edici\u00f3n del programa de\u00a0Becas J\u00f3venes Talentos de Catalu\u00f1a Agbar para ofrecer acompa\u00f1amiento personalizado y un seguimiento cercano\u00a0a los estudiantes becados, con el objetivo de potenciar su bienestar, motivaci\u00f3n y el buen aprovechamiento de la experiencia universitaria. Esta incorporaci\u00f3n es la gran novedad del programa de este a\u00f1o y se enmarca en la alianza de largo recorrido entre Agbar e Impulsa para generar m\u00e1s oportunidades educativas para j\u00f3venes con talento y con menos recursos.\",\"breadcrumb\":{\"@id\":\"https:\\\/\\\/www.fundacioimpulsa.org\\\/es\\\/la-fundacion-impulsa-colabora-con-un-acompanamiento-personalizado-a-los-estudiantes-que-reciben-una-beca-del-programa-jovenes-talentos-de-cataluna-de-agbar\\\/#breadcrumb\"},\"inLanguage\":\"es\",\"potentialAction\":[{\"@type\":\"ReadAction\",\"target\":[\"https:\\\/\\\/www.fundacioimpulsa.org\\\/es\\\/la-fundacion-impulsa-colabora-con-un-acompanamiento-personalizado-a-los-estudiantes-que-reciben-una-beca-del-programa-jovenes-talentos-de-cataluna-de-agbar\\\/\"]}]},{\"@type\":\"ImageObject\",\"inLanguage\":\"es\",\"@id\":\"https:\\\/\\\/www.fundacioimpulsa.org\\\/es\\\/la-fundacion-impulsa-colabora-con-un-acompanamiento-personalizado-a-los-estudiantes-que-reciben-una-beca-del-programa-jovenes-talentos-de-cataluna-de-agbar\\\/#primaryimage\",\"url\":\"https:\\\/\\\/www.fundacioimpulsa.org\\\/wp-content\\\/uploads\\\/2025\\\/09\\\/Agbar_acte-nomenament-estudiants-becats_Beques-Joves-Talents-scaled.jpg\",\"contentUrl\":\"https:\\\/\\\/www.fundacioimpulsa.org\\\/wp-content\\\/uploads\\\/2025\\\/09\\\/Agbar_acte-nomenament-estudiants-becats_Beques-Joves-Talents-scaled.jpg\",\"width\":2560,\"height\":1707},{\"@type\":\"BreadcrumbList\",\"@id\":\"https:\\\/\\\/www.fundacioimpulsa.org\\\/es\\\/la-fundacion-impulsa-colabora-con-un-acompanamiento-personalizado-a-los-estudiantes-que-reciben-una-beca-del-programa-jovenes-talentos-de-cataluna-de-agbar\\\/#breadcrumb\",\"itemListElement\":[{\"@type\":\"ListItem\",\"position\":1,\"name\":\"Inici\",\"item\":\"https:\\\/\\\/www.fundacioimpulsa.org\\\/es\\\/fundacio-impulsa\\\/\"},{\"@type\":\"ListItem\",\"position\":2,\"name\":\"La Fundaci\u00f3n Impulsa colabora con un acompa\u00f1amiento personalizado a los estudiantes que reciben una beca del programa J\u00f3venes Talentos de Catalu\u00f1a de Agbar\"}]},{\"@type\":\"WebSite\",\"@id\":\"https:\\\/\\\/www.fundacioimpulsa.org\\\/es\\\/#website\",\"url\":\"https:\\\/\\\/www.fundacioimpulsa.org\\\/es\\\/\",\"name\":\"Fundacio Impulsa\",\"description\":\"\",\"potentialAction\":[{\"@type\":\"SearchAction\",\"target\":{\"@type\":\"EntryPoint\",\"urlTemplate\":\"https:\\\/\\\/www.fundacioimpulsa.org\\\/es\\\/?s={search_term_string}\"},\"query-input\":{\"@type\":\"PropertyValueSpecification\",\"valueRequired\":true,\"valueName\":\"search_term_string\"}}],\"inLanguage\":\"es\"},{\"@type\":\"Person\",\"@id\":\"https:\\\/\\\/www.fundacioimpulsa.org\\\/es\\\/#\\\/schema\\\/person\\\/8093abda9188d9065d7a02992af09c00\",\"name\":\"anna\",\"image\":{\"@type\":\"ImageObject\",\"inLanguage\":\"es\",\"@id\":\"https:\\\/\\\/secure.gravatar.com\\\/avatar\\\/098ca997a3814bde9b9ec5e5dfa4ad0ee9a251cd4cf1b86b7c008606c50d48c9?s=96&d=mm&r=g\",\"url\":\"https:\\\/\\\/secure.gravatar.com\\\/avatar\\\/098ca997a3814bde9b9ec5e5dfa4ad0ee9a251cd4cf1b86b7c008606c50d48c9?s=96&d=mm&r=g\",\"contentUrl\":\"https:\\\/\\\/secure.gravatar.com\\\/avatar\\\/098ca997a3814bde9b9ec5e5dfa4ad0ee9a251cd4cf1b86b7c008606c50d48c9?s=96&d=mm&r=g\",\"caption\":\"anna\"},\"url\":\"https:\\\/\\\/www.fundacioimpulsa.org\\\/es\\\/author\\\/anna\\\/\"}]}<\/script>\n<!-- \/ Yoast SEO plugin. -->","yoast_head_json":{"title":"La Fundaci\u00f3n Impulsa colabora con un acompa\u00f1amiento personalizado a los estudiantes que reciben una beca del programa J\u00f3venes Talentos de Catalu\u00f1a de Agbar - Fundacio Impulsa","description":"La Fundaci\u00f3n Impulsa se suma a la segunda edici\u00f3n del programa de\u00a0Becas J\u00f3venes Talentos de Catalu\u00f1a Agbar para ofrecer acompa\u00f1amiento personalizado y un seguimiento cercano\u00a0a los estudiantes becados, con el objetivo de potenciar su bienestar, motivaci\u00f3n y el buen aprovechamiento de la experiencia universitaria. Esta incorporaci\u00f3n es la gran novedad del programa de este a\u00f1o y se enmarca en la alianza de largo recorrido entre Agbar e Impulsa para generar m\u00e1s oportunidades educativas para j\u00f3venes con talento y con menos recursos.","robots":{"index":"index","follow":"follow","max-snippet":"max-snippet:-1","max-image-preview":"max-image-preview:large","max-video-preview":"max-video-preview:-1"},"canonical":"https:\/\/www.fundacioimpulsa.org\/es\/la-fundacion-impulsa-colabora-con-un-acompanamiento-personalizado-a-los-estudiantes-que-reciben-una-beca-del-programa-jovenes-talentos-de-cataluna-de-agbar\/","og_locale":"es_ES","og_type":"article","og_title":"La Fundaci\u00f3n Impulsa colabora con un acompa\u00f1amiento personalizado a los estudiantes que reciben una beca del programa J\u00f3venes Talentos de Catalu\u00f1a de Agbar - Fundacio Impulsa","og_description":"La Fundaci\u00f3n Impulsa se suma a la segunda edici\u00f3n del programa de\u00a0Becas J\u00f3venes Talentos de Catalu\u00f1a Agbar para ofrecer acompa\u00f1amiento personalizado y un seguimiento cercano\u00a0a los estudiantes becados, con el objetivo de potenciar su bienestar, motivaci\u00f3n y el buen aprovechamiento de la experiencia universitaria. Esta incorporaci\u00f3n es la gran novedad del programa de este a\u00f1o y se enmarca en la alianza de largo recorrido entre Agbar e Impulsa para generar m\u00e1s oportunidades educativas para j\u00f3venes con talento y con menos recursos.","og_url":"https:\/\/www.fundacioimpulsa.org\/es\/la-fundacion-impulsa-colabora-con-un-acompanamiento-personalizado-a-los-estudiantes-que-reciben-una-beca-del-programa-jovenes-talentos-de-cataluna-de-agbar\/","og_site_name":"Fundacio Impulsa","article_published_time":"2025-09-06T05:23:05+00:00","article_modified_time":"2025-09-08T15:23:29+00:00","og_image":[{"width":1030,"height":687,"url":"https:\/\/www.fundacioimpulsa.org\/wp-content\/uploads\/2025\/09\/Agbar_acte-nomenament-estudiants-becats_Beques-Joves-Talents-1030x687.jpg","type":"image\/jpeg"}],"author":"anna","twitter_card":"summary_large_image","twitter_misc":{"Escrito por":"anna","Tiempo de lectura":"2 minutos"},"schema":{"@context":"https:\/\/schema.org","@graph":[{"@type":"Article","@id":"https:\/\/www.fundacioimpulsa.org\/es\/la-fundacion-impulsa-colabora-con-un-acompanamiento-personalizado-a-los-estudiantes-que-reciben-una-beca-del-programa-jovenes-talentos-de-cataluna-de-agbar\/#article","isPartOf":{"@id":"https:\/\/www.fundacioimpulsa.org\/es\/la-fundacion-impulsa-colabora-con-un-acompanamiento-personalizado-a-los-estudiantes-que-reciben-una-beca-del-programa-jovenes-talentos-de-cataluna-de-agbar\/"},"author":{"name":"anna","@id":"https:\/\/www.fundacioimpulsa.org\/es\/#\/schema\/person\/8093abda9188d9065d7a02992af09c00"},"headline":"La Fundaci\u00f3n Impulsa colabora con un acompa\u00f1amiento personalizado a los estudiantes que reciben una beca del programa J\u00f3venes Talentos de Catalu\u00f1a de Agbar","datePublished":"2025-09-06T05:23:05+00:00","dateModified":"2025-09-08T15:23:29+00:00","mainEntityOfPage":{"@id":"https:\/\/www.fundacioimpulsa.org\/es\/la-fundacion-impulsa-colabora-con-un-acompanamiento-personalizado-a-los-estudiantes-que-reciben-una-beca-del-programa-jovenes-talentos-de-cataluna-de-agbar\/"},"wordCount":393,"image":{"@id":"https:\/\/www.fundacioimpulsa.org\/es\/la-fundacion-impulsa-colabora-con-un-acompanamiento-personalizado-a-los-estudiantes-que-reciben-una-beca-del-programa-jovenes-talentos-de-cataluna-de-agbar\/#primaryimage"},"thumbnailUrl":"https:\/\/www.fundacioimpulsa.org\/wp-content\/uploads\/2025\/09\/Agbar_acte-nomenament-estudiants-becats_Beques-Joves-Talents-scaled.jpg","keywords":["#Formaci\u00f3n"],"articleSection":["D\u00eda a D\u00eda","Noticias"],"inLanguage":"es"},{"@type":"WebPage","@id":"https:\/\/www.fundacioimpulsa.org\/es\/la-fundacion-impulsa-colabora-con-un-acompanamiento-personalizado-a-los-estudiantes-que-reciben-una-beca-del-programa-jovenes-talentos-de-cataluna-de-agbar\/","url":"https:\/\/www.fundacioimpulsa.org\/es\/la-fundacion-impulsa-colabora-con-un-acompanamiento-personalizado-a-los-estudiantes-que-reciben-una-beca-del-programa-jovenes-talentos-de-cataluna-de-agbar\/","name":"La Fundaci\u00f3n Impulsa colabora con un acompa\u00f1amiento personalizado a los estudiantes que reciben una beca del programa J\u00f3venes Talentos de Catalu\u00f1a de Agbar - Fundacio Impulsa","isPartOf":{"@id":"https:\/\/www.fundacioimpulsa.org\/es\/#website"},"primaryImageOfPage":{"@id":"https:\/\/www.fundacioimpulsa.org\/es\/la-fundacion-impulsa-colabora-con-un-acompanamiento-personalizado-a-los-estudiantes-que-reciben-una-beca-del-programa-jovenes-talentos-de-cataluna-de-agbar\/#primaryimage"},"image":{"@id":"https:\/\/www.fundacioimpulsa.org\/es\/la-fundacion-impulsa-colabora-con-un-acompanamiento-personalizado-a-los-estudiantes-que-reciben-una-beca-del-programa-jovenes-talentos-de-cataluna-de-agbar\/#primaryimage"},"thumbnailUrl":"https:\/\/www.fundacioimpulsa.org\/wp-content\/uploads\/2025\/09\/Agbar_acte-nomenament-estudiants-becats_Beques-Joves-Talents-scaled.jpg","datePublished":"2025-09-06T05:23:05+00:00","dateModified":"2025-09-08T15:23:29+00:00","author":{"@id":"https:\/\/www.fundacioimpulsa.org\/es\/#\/schema\/person\/8093abda9188d9065d7a02992af09c00"},"description":"La Fundaci\u00f3n Impulsa se suma a la segunda edici\u00f3n del programa de\u00a0Becas J\u00f3venes Talentos de Catalu\u00f1a Agbar para ofrecer acompa\u00f1amiento personalizado y un seguimiento cercano\u00a0a los estudiantes becados, con el objetivo de potenciar su bienestar, motivaci\u00f3n y el buen aprovechamiento de la experiencia universitaria. Esta incorporaci\u00f3n es la gran novedad del programa de este a\u00f1o y se enmarca en la alianza de largo recorrido entre Agbar e Impulsa para generar m\u00e1s oportunidades educativas para j\u00f3venes con talento y con menos recursos.","breadcrumb":{"@id":"https:\/\/www.fundacioimpulsa.org\/es\/la-fundacion-impulsa-colabora-con-un-acompanamiento-personalizado-a-los-estudiantes-que-reciben-una-beca-del-programa-jovenes-talentos-de-cataluna-de-agbar\/#breadcrumb"},"inLanguage":"es","potentialAction":[{"@type":"ReadAction","target":["https:\/\/www.fundacioimpulsa.org\/es\/la-fundacion-impulsa-colabora-con-un-acompanamiento-personalizado-a-los-estudiantes-que-reciben-una-beca-del-programa-jovenes-talentos-de-cataluna-de-agbar\/"]}]},{"@type":"ImageObject","inLanguage":"es","@id":"https:\/\/www.fundacioimpulsa.org\/es\/la-fundacion-impulsa-colabora-con-un-acompanamiento-personalizado-a-los-estudiantes-que-reciben-una-beca-del-programa-jovenes-talentos-de-cataluna-de-agbar\/#primaryimage","url":"https:\/\/www.fundacioimpulsa.org\/wp-content\/uploads\/2025\/09\/Agbar_acte-nomenament-estudiants-becats_Beques-Joves-Talents-scaled.jpg","contentUrl":"https:\/\/www.fundacioimpulsa.org\/wp-content\/uploads\/2025\/09\/Agbar_acte-nomenament-estudiants-becats_Beques-Joves-Talents-scaled.jpg","width":2560,"height":1707},{"@type":"BreadcrumbList","@id":"https:\/\/www.fundacioimpulsa.org\/es\/la-fundacion-impulsa-colabora-con-un-acompanamiento-personalizado-a-los-estudiantes-que-reciben-una-beca-del-programa-jovenes-talentos-de-cataluna-de-agbar\/#breadcrumb","itemListElement":[{"@type":"ListItem","position":1,"name":"Inici","item":"https:\/\/www.fundacioimpulsa.org\/es\/fundacio-impulsa\/"},{"@type":"ListItem","position":2,"name":"La Fundaci\u00f3n Impulsa colabora con un acompa\u00f1amiento personalizado a los estudiantes que reciben una beca del programa J\u00f3venes Talentos de Catalu\u00f1a de Agbar"}]},{"@type":"WebSite","@id":"https:\/\/www.fundacioimpulsa.org\/es\/#website","url":"https:\/\/www.fundacioimpulsa.org\/es\/","name":"Fundacio Impulsa","description":"","potentialAction":[{"@type":"SearchAction","target":{"@type":"EntryPoint","urlTemplate":"https:\/\/www.fundacioimpulsa.org\/es\/?s={search_term_string}"},"query-input":{"@type":"PropertyValueSpecification","valueRequired":true,"valueName":"search_term_string"}}],"inLanguage":"es"},{"@type":"Person","@id":"https:\/\/www.fundacioimpulsa.org\/es\/#\/schema\/person\/8093abda9188d9065d7a02992af09c00","name":"anna","image":{"@type":"ImageObject","inLanguage":"es","@id":"https:\/\/secure.gravatar.com\/avatar\/098ca997a3814bde9b9ec5e5dfa4ad0ee9a251cd4cf1b86b7c008606c50d48c9?s=96&d=mm&r=g","url":"https:\/\/secure.gravatar.com\/avatar\/098ca997a3814bde9b9ec5e5dfa4ad0ee9a251cd4cf1b86b7c008606c50d48c9?s=96&d=mm&r=g","contentUrl":"https:\/\/secure.gravatar.com\/avatar\/098ca997a3814bde9b9ec5e5dfa4ad0ee9a251cd4cf1b86b7c008606c50d48c9?s=96&d=mm&r=g","caption":"anna"},"url":"https:\/\/www.fundacioimpulsa.org\/es\/author\/anna\/"}]}},"publishpress_future_action":{"enabled":false,"date":"2026-05-07 15:39:41","action":"change-status","newStatus":"draft","terms":[],"taxonomy":"category","extraData":[]},"publishpress_future_workflow_manual_trigger":{"enabledWorkflows":[]},"_links":{"self":[{"href":"https:\/\/www.fundacioimpulsa.org\/es\/wp-json\/wp\/v2\/posts\/13303","targetHints":{"allow":["GET"]}}],"collection":[{"href":"https:\/\/www.fundacioimpulsa.org\/es\/wp-json\/wp\/v2\/posts"}],"about":[{"href":"https:\/\/www.fundacioimpulsa.org\/es\/wp-json\/wp\/v2\/types\/post"}],"author":[{"embeddable":true,"href":"https:\/\/www.fundacioimpulsa.org\/es\/wp-json\/wp\/v2\/users\/10"}],"replies":[{"embeddable":true,"href":"https:\/\/www.fundacioimpulsa.org\/es\/wp-json\/wp\/v2\/comments?post=13303"}],"version-history":[{"count":3,"href":"https:\/\/www.fundacioimpulsa.org\/es\/wp-json\/wp\/v2\/posts\/13303\/revisions"}],"predecessor-version":[{"id":13307,"href":"https:\/\/www.fundacioimpulsa.org\/es\/wp-json\/wp\/v2\/posts\/13303\/revisions\/13307"}],"wp:featuredmedia":[{"embeddable":true,"href":"https:\/\/www.fundacioimpulsa.org\/es\/wp-json\/wp\/v2\/media\/13299"}],"wp:attachment":[{"href":"https:\/\/www.fundacioimpulsa.org\/es\/wp-json\/wp\/v2\/media?parent=13303"}],"wp:term":[{"taxonomy":"category","embeddable":true,"href":"https:\/\/www.fundacioimpulsa.org\/es\/wp-json\/wp\/v2\/categories?post=13303"},{"taxonomy":"post_tag","embeddable":true,"href":"https:\/\/www.fundacioimpulsa.org\/es\/wp-json\/wp\/v2\/tags?post=13303"}],"curies":[{"name":"wp","href":"https:\/\/api.w.org\/{rel}","templated":true}]}}