{"id":13514,"date":"2025-09-30T09:37:18","date_gmt":"2025-09-30T07:37:18","guid":{"rendered":"https:\/\/www.fundacioimpulsa.org\/?p=13514"},"modified":"2025-10-07T12:13:33","modified_gmt":"2025-10-07T10:13:33","slug":"factorenergia-reafirma-su-compromiso-con-el-futuro-de-los-jovenes-renovando-la-colaboracion-con-la-fundacion-impulsa","status":"publish","type":"post","link":"https:\/\/www.fundacioimpulsa.org\/es\/factorenergia-reafirma-su-compromiso-con-el-futuro-de-los-jovenes-renovando-la-colaboracion-con-la-fundacion-impulsa\/","title":{"rendered":"Factorenergia reafirma su compromiso con el futuro de los j\u00f3venes renovando la colaboraci\u00f3n con la Fundaci\u00f3n Impulsa"},"content":{"rendered":"<p><img loading=\"lazy\" decoding=\"async\" class=\"alignnone wp-image-13432\" src=\"https:\/\/www.fundacioimpulsa.org\/wp-content\/uploads\/2025\/09\/23.09.23-Impulsa-196-2O3A8662-300x200.jpg\" alt=\"\" width=\"720\" height=\"480\" srcset=\"https:\/\/www.fundacioimpulsa.org\/wp-content\/uploads\/2025\/09\/23.09.23-Impulsa-196-2O3A8662-300x200.jpg 300w, https:\/\/www.fundacioimpulsa.org\/wp-content\/uploads\/2025\/09\/23.09.23-Impulsa-196-2O3A8662-1030x687.jpg 1030w, https:\/\/www.fundacioimpulsa.org\/wp-content\/uploads\/2025\/09\/23.09.23-Impulsa-196-2O3A8662-768x512.jpg 768w, https:\/\/www.fundacioimpulsa.org\/wp-content\/uploads\/2025\/09\/23.09.23-Impulsa-196-2O3A8662-1536x1024.jpg 1536w, https:\/\/www.fundacioimpulsa.org\/wp-content\/uploads\/2025\/09\/23.09.23-Impulsa-196-2O3A8662-2048x1365.jpg 2048w, https:\/\/www.fundacioimpulsa.org\/wp-content\/uploads\/2025\/09\/23.09.23-Impulsa-196-2O3A8662-1500x1000.jpg 1500w, https:\/\/www.fundacioimpulsa.org\/wp-content\/uploads\/2025\/09\/23.09.23-Impulsa-196-2O3A8662-705x470.jpg 705w, https:\/\/www.fundacioimpulsa.org\/wp-content\/uploads\/2025\/09\/23.09.23-Impulsa-196-2O3A8662-795x530.jpg 795w, https:\/\/www.fundacioimpulsa.org\/wp-content\/uploads\/2025\/09\/23.09.23-Impulsa-196-2O3A8662-315x211.jpg 315w\" sizes=\"auto, (max-width: 720px) 100vw, 720px\" \/><\/p>\n<p><a href=\"https:\/\/www.factorenergia.com\/es\/\">Factorenergia<\/a> <b><span data-contrast=\"auto\">ha renovado, por tercer a\u00f1o consecutivo, su colaboraci\u00f3n con la Fundaci\u00f3n Impulsa, <\/span><\/b>reafirmando su compromiso con el futuro de los j\u00f3venes y con la igualdad de oportunidades en el \u00e1mbito educativo.<\/p>\n<p data-start=\"338\" data-end=\"545\">Esta alianza permite que<b><span data-contrast=\"auto\">\u00a0j\u00f3venes en situaci\u00f3n de vulnerabilidad puedan continuar su formaci\u00f3n mediante ciclos de Formaci\u00f3n Profesional (FP)<\/span><\/b>, gracias a las becas y al apoyo integral que ofrece la Fundaci\u00f3n.<\/p>\n<p data-start=\"547\" data-end=\"1176\">Como Organizaci\u00f3n Impulsora,<b><span data-contrast=\"auto\">\u00a0Factorenerg\u00eda forma parte de un ecosistema de m\u00e1s de 220 empresas que, con sus aportaciones, hacen posible que chicos y chicas que han finalizado la ESO puedan acceder a estudios superiores<\/span><\/b>. La colaboraci\u00f3n con la Fundaci\u00f3n Impulsa va m\u00e1s all\u00e1 del apoyo econ\u00f3mico: los j\u00f3venes reciben tambi\u00e9n un ordenador port\u00e1til, formaci\u00f3n en competencias transversales, orientaci\u00f3n laboral, acceso a experiencias formativas en empresas y, sobre todo, un seguimiento personalizado del equipo psicopedag\u00f3gico de la Fundaci\u00f3n, adem\u00e1s de una figura de referencia como son los mentores y mentoras que se les asignan.<\/p>\n<p data-start=\"1178\" data-end=\"1498\">Para Factorenergia, <b><span data-contrast=\"auto\">esta colaboraci\u00f3n representa una oportunidad para desarrollar sus pol\u00edticas de Responsabilidad Social Corporativa de una manera tangible y transformadora<\/span><\/b>, incidiendo directamente en el tejido social de su entorno y contribuyendo a generar un impacto positivo en el presente y futuro de los j\u00f3venes.<\/p>\n<p data-start=\"1500\" data-end=\"1899\">\u201cPara nosotros es un orgullo poder renovar este compromiso con la Fundaci\u00f3n Impulsa. Creemos firmemente que invertir en el talento y la formaci\u00f3n de los j\u00f3venes es la mejor manera de construir una sociedad m\u00e1s justa y cohesionada. Darles herramientas y oportunidades no solo transforma sus vidas, sino que tambi\u00e9n fortalece el futuro de todos nosotros\u201d, afirma Emili Rousaud, CEO de Factorenergia.<\/p>\n<p data-start=\"1901\" data-end=\"2462\">Por parte de la Fundaci\u00f3n Impulsa, su directora, Rosa Pujols, asegura que \u201cla renovaci\u00f3n del compromiso de Factorenergia con la Fundaci\u00f3n Impulsa es una muestra clara de c\u00f3mo las alianzas entre el mundo empresarial y el tercer sector pueden generar un impacto transformador en la vida de los j\u00f3venes. Agradecemos profundamente la confianza y el apoyo continuado de Factorenergia, que nos permite seguir ofreciendo oportunidades formativas y de acompa\u00f1amiento a j\u00f3venes con motivaci\u00f3n que, a menudo, solo necesitan un impulso para desplegar todo su potencial.\u201d<\/p>\n<p data-start=\"2464\" data-end=\"2862\" data-is-last-node=\"\" data-is-only-node=\"\">Con esta renovaci\u00f3n, Factorenergia reafirma su convicci\u00f3n de que apostar por la formaci\u00f3n y el acompa\u00f1amiento de los j\u00f3venes es esencial para construir una sociedad m\u00e1s inclusiva. Desde el mundo empresarial, <b><span data-contrast=\"auto\">impulsar el crecimiento personal y profesional de los j\u00f3venes es tambi\u00e9n invertir en una generaci\u00f3n preparada para hacer frente a los retos de un mercado laboral en constante transformaci\u00f3n<\/span><\/b>.<\/p>\n","protected":false},"excerpt":{"rendered":"<p>Factorenergia ha renovado, por tercer a\u00f1o consecutivo, su colaboraci\u00f3n con la Fundaci\u00f3n Impulsa, reafirmando su compromiso con el futuro de los j\u00f3venes y con la igualdad de oportunidades en el \u00e1mbito educativo.<\/p>\n","protected":false},"author":10,"featured_media":13433,"comment_status":"closed","ping_status":"closed","sticky":false,"template":"","format":"standard","meta":{"_acf_changed":false,"footnotes":""},"categories":[72,76],"tags":[92],"class_list":["post-13514","post","type-post","status-publish","format-standard","has-post-thumbnail","hentry","category-dia-a-dia-es","category-noticies-es","tag-organitzacionsimpulsores-es"],"acf":[],"yoast_head":"<!-- This site is optimized with the Yoast SEO plugin v27.3 - https:\/\/yoast.com\/product\/yoast-seo-wordpress\/ -->\n<title>Factorenergia reafirma su compromiso con el futuro de los j\u00f3venes renovando la colaboraci\u00f3n con la Fundaci\u00f3n Impulsa - Fundacio Impulsa<\/title>\n<meta name=\"description\" content=\"Factorenergia ha renovado, por tercer a\u00f1o consecutivo, su colaboraci\u00f3n con la Fundaci\u00f3n Impulsa, reafirmando su compromiso con el futuro de los j\u00f3venes y con la igualdad de oportunidades en el \u00e1mbito educativo.\" \/>\n<meta name=\"robots\" content=\"index, follow, max-snippet:-1, max-image-preview:large, max-video-preview:-1\" \/>\n<link rel=\"canonical\" href=\"https:\/\/www.fundacioimpulsa.org\/es\/factorenergia-reafirma-su-compromiso-con-el-futuro-de-los-jovenes-renovando-la-colaboracion-con-la-fundacion-impulsa\/\" \/>\n<meta property=\"og:locale\" content=\"es_ES\" \/>\n<meta property=\"og:type\" content=\"article\" \/>\n<meta property=\"og:title\" content=\"Factorenergia reafirma su compromiso con el futuro de los j\u00f3venes renovando la colaboraci\u00f3n con la Fundaci\u00f3n Impulsa - Fundacio Impulsa\" \/>\n<meta property=\"og:description\" content=\"Factorenergia ha renovado, por tercer a\u00f1o consecutivo, su colaboraci\u00f3n con la Fundaci\u00f3n Impulsa, reafirmando su compromiso con el futuro de los j\u00f3venes y con la igualdad de oportunidades en el \u00e1mbito educativo.\" \/>\n<meta property=\"og:url\" content=\"https:\/\/www.fundacioimpulsa.org\/es\/factorenergia-reafirma-su-compromiso-con-el-futuro-de-los-jovenes-renovando-la-colaboracion-con-la-fundacion-impulsa\/\" \/>\n<meta property=\"og:site_name\" content=\"Fundacio Impulsa\" \/>\n<meta property=\"article:published_time\" content=\"2025-09-30T07:37:18+00:00\" \/>\n<meta property=\"article:modified_time\" content=\"2025-10-07T10:13:33+00:00\" \/>\n<meta property=\"og:image\" content=\"https:\/\/www.fundacioimpulsa.org\/wp-content\/uploads\/2025\/09\/23.09.23-Impulsa-196-2O3A8662-1030x687.jpg\" \/>\n\t<meta property=\"og:image:width\" content=\"1030\" \/>\n\t<meta property=\"og:image:height\" content=\"687\" \/>\n\t<meta property=\"og:image:type\" content=\"image\/jpeg\" \/>\n<meta name=\"author\" content=\"anna\" \/>\n<meta name=\"twitter:card\" content=\"summary_large_image\" \/>\n<meta name=\"twitter:label1\" content=\"Escrito por\" \/>\n\t<meta name=\"twitter:data1\" content=\"anna\" \/>\n\t<meta name=\"twitter:label2\" content=\"Tiempo de lectura\" \/>\n\t<meta name=\"twitter:data2\" content=\"3 minutos\" \/>\n<script type=\"application\/ld+json\" class=\"yoast-schema-graph\">{\"@context\":\"https:\\\/\\\/schema.org\",\"@graph\":[{\"@type\":\"Article\",\"@id\":\"https:\\\/\\\/www.fundacioimpulsa.org\\\/es\\\/factorenergia-reafirma-su-compromiso-con-el-futuro-de-los-jovenes-renovando-la-colaboracion-con-la-fundacion-impulsa\\\/#article\",\"isPartOf\":{\"@id\":\"https:\\\/\\\/www.fundacioimpulsa.org\\\/es\\\/factorenergia-reafirma-su-compromiso-con-el-futuro-de-los-jovenes-renovando-la-colaboracion-con-la-fundacion-impulsa\\\/\"},\"author\":{\"name\":\"anna\",\"@id\":\"https:\\\/\\\/www.fundacioimpulsa.org\\\/es\\\/#\\\/schema\\\/person\\\/8093abda9188d9065d7a02992af09c00\"},\"headline\":\"Factorenergia reafirma su compromiso con el futuro de los j\u00f3venes renovando la colaboraci\u00f3n con la Fundaci\u00f3n Impulsa\",\"datePublished\":\"2025-09-30T07:37:18+00:00\",\"dateModified\":\"2025-10-07T10:13:33+00:00\",\"mainEntityOfPage\":{\"@id\":\"https:\\\/\\\/www.fundacioimpulsa.org\\\/es\\\/factorenergia-reafirma-su-compromiso-con-el-futuro-de-los-jovenes-renovando-la-colaboracion-con-la-fundacion-impulsa\\\/\"},\"wordCount\":477,\"image\":{\"@id\":\"https:\\\/\\\/www.fundacioimpulsa.org\\\/es\\\/factorenergia-reafirma-su-compromiso-con-el-futuro-de-los-jovenes-renovando-la-colaboracion-con-la-fundacion-impulsa\\\/#primaryimage\"},\"thumbnailUrl\":\"https:\\\/\\\/www.fundacioimpulsa.org\\\/wp-content\\\/uploads\\\/2025\\\/09\\\/23.09.23-Impulsa-196-2O3A8662-scaled.jpg\",\"keywords\":[\"#OrganizacionesImpulsoras\"],\"articleSection\":[\"D\u00eda a D\u00eda\",\"Noticias\"],\"inLanguage\":\"es\"},{\"@type\":\"WebPage\",\"@id\":\"https:\\\/\\\/www.fundacioimpulsa.org\\\/es\\\/factorenergia-reafirma-su-compromiso-con-el-futuro-de-los-jovenes-renovando-la-colaboracion-con-la-fundacion-impulsa\\\/\",\"url\":\"https:\\\/\\\/www.fundacioimpulsa.org\\\/es\\\/factorenergia-reafirma-su-compromiso-con-el-futuro-de-los-jovenes-renovando-la-colaboracion-con-la-fundacion-impulsa\\\/\",\"name\":\"Factorenergia reafirma su compromiso con el futuro de los j\u00f3venes renovando la colaboraci\u00f3n con la Fundaci\u00f3n Impulsa - Fundacio Impulsa\",\"isPartOf\":{\"@id\":\"https:\\\/\\\/www.fundacioimpulsa.org\\\/es\\\/#website\"},\"primaryImageOfPage\":{\"@id\":\"https:\\\/\\\/www.fundacioimpulsa.org\\\/es\\\/factorenergia-reafirma-su-compromiso-con-el-futuro-de-los-jovenes-renovando-la-colaboracion-con-la-fundacion-impulsa\\\/#primaryimage\"},\"image\":{\"@id\":\"https:\\\/\\\/www.fundacioimpulsa.org\\\/es\\\/factorenergia-reafirma-su-compromiso-con-el-futuro-de-los-jovenes-renovando-la-colaboracion-con-la-fundacion-impulsa\\\/#primaryimage\"},\"thumbnailUrl\":\"https:\\\/\\\/www.fundacioimpulsa.org\\\/wp-content\\\/uploads\\\/2025\\\/09\\\/23.09.23-Impulsa-196-2O3A8662-scaled.jpg\",\"datePublished\":\"2025-09-30T07:37:18+00:00\",\"dateModified\":\"2025-10-07T10:13:33+00:00\",\"author\":{\"@id\":\"https:\\\/\\\/www.fundacioimpulsa.org\\\/es\\\/#\\\/schema\\\/person\\\/8093abda9188d9065d7a02992af09c00\"},\"description\":\"Factorenergia ha renovado, por tercer a\u00f1o consecutivo, su colaboraci\u00f3n con la Fundaci\u00f3n Impulsa, reafirmando su compromiso con el futuro de los j\u00f3venes y con la igualdad de oportunidades en el \u00e1mbito educativo.\",\"breadcrumb\":{\"@id\":\"https:\\\/\\\/www.fundacioimpulsa.org\\\/es\\\/factorenergia-reafirma-su-compromiso-con-el-futuro-de-los-jovenes-renovando-la-colaboracion-con-la-fundacion-impulsa\\\/#breadcrumb\"},\"inLanguage\":\"es\",\"potentialAction\":[{\"@type\":\"ReadAction\",\"target\":[\"https:\\\/\\\/www.fundacioimpulsa.org\\\/es\\\/factorenergia-reafirma-su-compromiso-con-el-futuro-de-los-jovenes-renovando-la-colaboracion-con-la-fundacion-impulsa\\\/\"]}]},{\"@type\":\"ImageObject\",\"inLanguage\":\"es\",\"@id\":\"https:\\\/\\\/www.fundacioimpulsa.org\\\/es\\\/factorenergia-reafirma-su-compromiso-con-el-futuro-de-los-jovenes-renovando-la-colaboracion-con-la-fundacion-impulsa\\\/#primaryimage\",\"url\":\"https:\\\/\\\/www.fundacioimpulsa.org\\\/wp-content\\\/uploads\\\/2025\\\/09\\\/23.09.23-Impulsa-196-2O3A8662-scaled.jpg\",\"contentUrl\":\"https:\\\/\\\/www.fundacioimpulsa.org\\\/wp-content\\\/uploads\\\/2025\\\/09\\\/23.09.23-Impulsa-196-2O3A8662-scaled.jpg\",\"width\":2560,\"height\":1707},{\"@type\":\"BreadcrumbList\",\"@id\":\"https:\\\/\\\/www.fundacioimpulsa.org\\\/es\\\/factorenergia-reafirma-su-compromiso-con-el-futuro-de-los-jovenes-renovando-la-colaboracion-con-la-fundacion-impulsa\\\/#breadcrumb\",\"itemListElement\":[{\"@type\":\"ListItem\",\"position\":1,\"name\":\"Inici\",\"item\":\"https:\\\/\\\/www.fundacioimpulsa.org\\\/es\\\/fundacio-impulsa\\\/\"},{\"@type\":\"ListItem\",\"position\":2,\"name\":\"Factorenergia reafirma su compromiso con el futuro de los j\u00f3venes renovando la colaboraci\u00f3n con la Fundaci\u00f3n Impulsa\"}]},{\"@type\":\"WebSite\",\"@id\":\"https:\\\/\\\/www.fundacioimpulsa.org\\\/es\\\/#website\",\"url\":\"https:\\\/\\\/www.fundacioimpulsa.org\\\/es\\\/\",\"name\":\"Fundacio Impulsa\",\"description\":\"\",\"potentialAction\":[{\"@type\":\"SearchAction\",\"target\":{\"@type\":\"EntryPoint\",\"urlTemplate\":\"https:\\\/\\\/www.fundacioimpulsa.org\\\/es\\\/?s={search_term_string}\"},\"query-input\":{\"@type\":\"PropertyValueSpecification\",\"valueRequired\":true,\"valueName\":\"search_term_string\"}}],\"inLanguage\":\"es\"},{\"@type\":\"Person\",\"@id\":\"https:\\\/\\\/www.fundacioimpulsa.org\\\/es\\\/#\\\/schema\\\/person\\\/8093abda9188d9065d7a02992af09c00\",\"name\":\"anna\",\"image\":{\"@type\":\"ImageObject\",\"inLanguage\":\"es\",\"@id\":\"https:\\\/\\\/secure.gravatar.com\\\/avatar\\\/098ca997a3814bde9b9ec5e5dfa4ad0ee9a251cd4cf1b86b7c008606c50d48c9?s=96&d=mm&r=g\",\"url\":\"https:\\\/\\\/secure.gravatar.com\\\/avatar\\\/098ca997a3814bde9b9ec5e5dfa4ad0ee9a251cd4cf1b86b7c008606c50d48c9?s=96&d=mm&r=g\",\"contentUrl\":\"https:\\\/\\\/secure.gravatar.com\\\/avatar\\\/098ca997a3814bde9b9ec5e5dfa4ad0ee9a251cd4cf1b86b7c008606c50d48c9?s=96&d=mm&r=g\",\"caption\":\"anna\"},\"url\":\"https:\\\/\\\/www.fundacioimpulsa.org\\\/es\\\/author\\\/anna\\\/\"}]}<\/script>\n<!-- \/ Yoast SEO plugin. -->","yoast_head_json":{"title":"Factorenergia reafirma su compromiso con el futuro de los j\u00f3venes renovando la colaboraci\u00f3n con la Fundaci\u00f3n Impulsa - Fundacio Impulsa","description":"Factorenergia ha renovado, por tercer a\u00f1o consecutivo, su colaboraci\u00f3n con la Fundaci\u00f3n Impulsa, reafirmando su compromiso con el futuro de los j\u00f3venes y con la igualdad de oportunidades en el \u00e1mbito educativo.","robots":{"index":"index","follow":"follow","max-snippet":"max-snippet:-1","max-image-preview":"max-image-preview:large","max-video-preview":"max-video-preview:-1"},"canonical":"https:\/\/www.fundacioimpulsa.org\/es\/factorenergia-reafirma-su-compromiso-con-el-futuro-de-los-jovenes-renovando-la-colaboracion-con-la-fundacion-impulsa\/","og_locale":"es_ES","og_type":"article","og_title":"Factorenergia reafirma su compromiso con el futuro de los j\u00f3venes renovando la colaboraci\u00f3n con la Fundaci\u00f3n Impulsa - Fundacio Impulsa","og_description":"Factorenergia ha renovado, por tercer a\u00f1o consecutivo, su colaboraci\u00f3n con la Fundaci\u00f3n Impulsa, reafirmando su compromiso con el futuro de los j\u00f3venes y con la igualdad de oportunidades en el \u00e1mbito educativo.","og_url":"https:\/\/www.fundacioimpulsa.org\/es\/factorenergia-reafirma-su-compromiso-con-el-futuro-de-los-jovenes-renovando-la-colaboracion-con-la-fundacion-impulsa\/","og_site_name":"Fundacio Impulsa","article_published_time":"2025-09-30T07:37:18+00:00","article_modified_time":"2025-10-07T10:13:33+00:00","og_image":[{"width":1030,"height":687,"url":"https:\/\/www.fundacioimpulsa.org\/wp-content\/uploads\/2025\/09\/23.09.23-Impulsa-196-2O3A8662-1030x687.jpg","type":"image\/jpeg"}],"author":"anna","twitter_card":"summary_large_image","twitter_misc":{"Escrito por":"anna","Tiempo de lectura":"3 minutos"},"schema":{"@context":"https:\/\/schema.org","@graph":[{"@type":"Article","@id":"https:\/\/www.fundacioimpulsa.org\/es\/factorenergia-reafirma-su-compromiso-con-el-futuro-de-los-jovenes-renovando-la-colaboracion-con-la-fundacion-impulsa\/#article","isPartOf":{"@id":"https:\/\/www.fundacioimpulsa.org\/es\/factorenergia-reafirma-su-compromiso-con-el-futuro-de-los-jovenes-renovando-la-colaboracion-con-la-fundacion-impulsa\/"},"author":{"name":"anna","@id":"https:\/\/www.fundacioimpulsa.org\/es\/#\/schema\/person\/8093abda9188d9065d7a02992af09c00"},"headline":"Factorenergia reafirma su compromiso con el futuro de los j\u00f3venes renovando la colaboraci\u00f3n con la Fundaci\u00f3n Impulsa","datePublished":"2025-09-30T07:37:18+00:00","dateModified":"2025-10-07T10:13:33+00:00","mainEntityOfPage":{"@id":"https:\/\/www.fundacioimpulsa.org\/es\/factorenergia-reafirma-su-compromiso-con-el-futuro-de-los-jovenes-renovando-la-colaboracion-con-la-fundacion-impulsa\/"},"wordCount":477,"image":{"@id":"https:\/\/www.fundacioimpulsa.org\/es\/factorenergia-reafirma-su-compromiso-con-el-futuro-de-los-jovenes-renovando-la-colaboracion-con-la-fundacion-impulsa\/#primaryimage"},"thumbnailUrl":"https:\/\/www.fundacioimpulsa.org\/wp-content\/uploads\/2025\/09\/23.09.23-Impulsa-196-2O3A8662-scaled.jpg","keywords":["#OrganizacionesImpulsoras"],"articleSection":["D\u00eda a D\u00eda","Noticias"],"inLanguage":"es"},{"@type":"WebPage","@id":"https:\/\/www.fundacioimpulsa.org\/es\/factorenergia-reafirma-su-compromiso-con-el-futuro-de-los-jovenes-renovando-la-colaboracion-con-la-fundacion-impulsa\/","url":"https:\/\/www.fundacioimpulsa.org\/es\/factorenergia-reafirma-su-compromiso-con-el-futuro-de-los-jovenes-renovando-la-colaboracion-con-la-fundacion-impulsa\/","name":"Factorenergia reafirma su compromiso con el futuro de los j\u00f3venes renovando la colaboraci\u00f3n con la Fundaci\u00f3n Impulsa - Fundacio Impulsa","isPartOf":{"@id":"https:\/\/www.fundacioimpulsa.org\/es\/#website"},"primaryImageOfPage":{"@id":"https:\/\/www.fundacioimpulsa.org\/es\/factorenergia-reafirma-su-compromiso-con-el-futuro-de-los-jovenes-renovando-la-colaboracion-con-la-fundacion-impulsa\/#primaryimage"},"image":{"@id":"https:\/\/www.fundacioimpulsa.org\/es\/factorenergia-reafirma-su-compromiso-con-el-futuro-de-los-jovenes-renovando-la-colaboracion-con-la-fundacion-impulsa\/#primaryimage"},"thumbnailUrl":"https:\/\/www.fundacioimpulsa.org\/wp-content\/uploads\/2025\/09\/23.09.23-Impulsa-196-2O3A8662-scaled.jpg","datePublished":"2025-09-30T07:37:18+00:00","dateModified":"2025-10-07T10:13:33+00:00","author":{"@id":"https:\/\/www.fundacioimpulsa.org\/es\/#\/schema\/person\/8093abda9188d9065d7a02992af09c00"},"description":"Factorenergia ha renovado, por tercer a\u00f1o consecutivo, su colaboraci\u00f3n con la Fundaci\u00f3n Impulsa, reafirmando su compromiso con el futuro de los j\u00f3venes y con la igualdad de oportunidades en el \u00e1mbito educativo.","breadcrumb":{"@id":"https:\/\/www.fundacioimpulsa.org\/es\/factorenergia-reafirma-su-compromiso-con-el-futuro-de-los-jovenes-renovando-la-colaboracion-con-la-fundacion-impulsa\/#breadcrumb"},"inLanguage":"es","potentialAction":[{"@type":"ReadAction","target":["https:\/\/www.fundacioimpulsa.org\/es\/factorenergia-reafirma-su-compromiso-con-el-futuro-de-los-jovenes-renovando-la-colaboracion-con-la-fundacion-impulsa\/"]}]},{"@type":"ImageObject","inLanguage":"es","@id":"https:\/\/www.fundacioimpulsa.org\/es\/factorenergia-reafirma-su-compromiso-con-el-futuro-de-los-jovenes-renovando-la-colaboracion-con-la-fundacion-impulsa\/#primaryimage","url":"https:\/\/www.fundacioimpulsa.org\/wp-content\/uploads\/2025\/09\/23.09.23-Impulsa-196-2O3A8662-scaled.jpg","contentUrl":"https:\/\/www.fundacioimpulsa.org\/wp-content\/uploads\/2025\/09\/23.09.23-Impulsa-196-2O3A8662-scaled.jpg","width":2560,"height":1707},{"@type":"BreadcrumbList","@id":"https:\/\/www.fundacioimpulsa.org\/es\/factorenergia-reafirma-su-compromiso-con-el-futuro-de-los-jovenes-renovando-la-colaboracion-con-la-fundacion-impulsa\/#breadcrumb","itemListElement":[{"@type":"ListItem","position":1,"name":"Inici","item":"https:\/\/www.fundacioimpulsa.org\/es\/fundacio-impulsa\/"},{"@type":"ListItem","position":2,"name":"Factorenergia reafirma su compromiso con el futuro de los j\u00f3venes renovando la colaboraci\u00f3n con la Fundaci\u00f3n Impulsa"}]},{"@type":"WebSite","@id":"https:\/\/www.fundacioimpulsa.org\/es\/#website","url":"https:\/\/www.fundacioimpulsa.org\/es\/","name":"Fundacio Impulsa","description":"","potentialAction":[{"@type":"SearchAction","target":{"@type":"EntryPoint","urlTemplate":"https:\/\/www.fundacioimpulsa.org\/es\/?s={search_term_string}"},"query-input":{"@type":"PropertyValueSpecification","valueRequired":true,"valueName":"search_term_string"}}],"inLanguage":"es"},{"@type":"Person","@id":"https:\/\/www.fundacioimpulsa.org\/es\/#\/schema\/person\/8093abda9188d9065d7a02992af09c00","name":"anna","image":{"@type":"ImageObject","inLanguage":"es","@id":"https:\/\/secure.gravatar.com\/avatar\/098ca997a3814bde9b9ec5e5dfa4ad0ee9a251cd4cf1b86b7c008606c50d48c9?s=96&d=mm&r=g","url":"https:\/\/secure.gravatar.com\/avatar\/098ca997a3814bde9b9ec5e5dfa4ad0ee9a251cd4cf1b86b7c008606c50d48c9?s=96&d=mm&r=g","contentUrl":"https:\/\/secure.gravatar.com\/avatar\/098ca997a3814bde9b9ec5e5dfa4ad0ee9a251cd4cf1b86b7c008606c50d48c9?s=96&d=mm&r=g","caption":"anna"},"url":"https:\/\/www.fundacioimpulsa.org\/es\/author\/anna\/"}]}},"publishpress_future_action":{"enabled":false,"date":"2026-05-05 11:28:49","action":"change-status","newStatus":"draft","terms":[],"taxonomy":"category","extraData":[]},"publishpress_future_workflow_manual_trigger":{"enabledWorkflows":[]},"_links":{"self":[{"href":"https:\/\/www.fundacioimpulsa.org\/es\/wp-json\/wp\/v2\/posts\/13514","targetHints":{"allow":["GET"]}}],"collection":[{"href":"https:\/\/www.fundacioimpulsa.org\/es\/wp-json\/wp\/v2\/posts"}],"about":[{"href":"https:\/\/www.fundacioimpulsa.org\/es\/wp-json\/wp\/v2\/types\/post"}],"author":[{"embeddable":true,"href":"https:\/\/www.fundacioimpulsa.org\/es\/wp-json\/wp\/v2\/users\/10"}],"replies":[{"embeddable":true,"href":"https:\/\/www.fundacioimpulsa.org\/es\/wp-json\/wp\/v2\/comments?post=13514"}],"version-history":[{"count":2,"href":"https:\/\/www.fundacioimpulsa.org\/es\/wp-json\/wp\/v2\/posts\/13514\/revisions"}],"predecessor-version":[{"id":13540,"href":"https:\/\/www.fundacioimpulsa.org\/es\/wp-json\/wp\/v2\/posts\/13514\/revisions\/13540"}],"wp:featuredmedia":[{"embeddable":true,"href":"https:\/\/www.fundacioimpulsa.org\/es\/wp-json\/wp\/v2\/media\/13433"}],"wp:attachment":[{"href":"https:\/\/www.fundacioimpulsa.org\/es\/wp-json\/wp\/v2\/media?parent=13514"}],"wp:term":[{"taxonomy":"category","embeddable":true,"href":"https:\/\/www.fundacioimpulsa.org\/es\/wp-json\/wp\/v2\/categories?post=13514"},{"taxonomy":"post_tag","embeddable":true,"href":"https:\/\/www.fundacioimpulsa.org\/es\/wp-json\/wp\/v2\/tags?post=13514"}],"curies":[{"name":"wp","href":"https:\/\/api.w.org\/{rel}","templated":true}]}}