{"id":13518,"date":"2025-10-01T13:15:21","date_gmt":"2025-10-01T11:15:21","guid":{"rendered":"https:\/\/www.fundacioimpulsa.org\/?p=13518"},"modified":"2025-10-07T12:18:28","modified_gmt":"2025-10-07T10:18:28","slug":"en-el-dia-europeo-de-las-fundaciones-y-los-donantes-1-de-octubre-queremos-dar-las-gracias-a-todos-y-todas-los-que-haceis-posible-el-proyecto-de-impulsa","status":"publish","type":"post","link":"https:\/\/www.fundacioimpulsa.org\/es\/en-el-dia-europeo-de-las-fundaciones-y-los-donantes-1-de-octubre-queremos-dar-las-gracias-a-todos-y-todas-los-que-haceis-posible-el-proyecto-de-impulsa\/","title":{"rendered":"En el D\u00eda Europeo de las Fundaciones y los Donantes (1 de octubre) queremos dar las gracias a todos y todas los que hac\u00e9is posible el proyecto de Impulsa"},"content":{"rendered":"<p><img loading=\"lazy\" decoding=\"async\" class=\"alignnone wp-image-13441\" src=\"https:\/\/www.fundacioimpulsa.org\/wp-content\/uploads\/2025\/10\/Portada-noti-Fundacio-Impulsa-300x207.jpg\" alt=\"\" width=\"720\" height=\"497\" srcset=\"https:\/\/www.fundacioimpulsa.org\/wp-content\/uploads\/2025\/10\/Portada-noti-Fundacio-Impulsa-300x207.jpg 300w, https:\/\/www.fundacioimpulsa.org\/wp-content\/uploads\/2025\/10\/Portada-noti-Fundacio-Impulsa-306x211.jpg 306w, https:\/\/www.fundacioimpulsa.org\/wp-content\/uploads\/2025\/10\/Portada-noti-Fundacio-Impulsa.jpg 700w\" sizes=\"auto, (max-width: 720px) 100vw, 720px\" \/><\/p>\n<p data-start=\"157\" data-end=\"663\">En el D\u00eda Europeo de las Fundaciones y los Donantes, desde la Fundaci\u00f3n Impulsa queremos expresar nuestro agradecimiento a todas las personas, Organizaciones Impulsoras, personas mentoras e instituciones que han confiado en nuestra acci\u00f3n social a lo largo de estos 10 a\u00f1os de trayectoria. Con vuestro apoyo hemos podido impulsar un proyecto que ya ha acompa\u00f1ado a m\u00e1s de 780 j\u00f3venes para que pudieran cursar estudios de Formaci\u00f3n Profesional y trazar su camino formativo y profesional con oportunidades.<\/p>\n<p data-start=\"665\" data-end=\"1135\">A lo largo de estos 10 a\u00f1os, desde la Fundaci\u00f3n Impulsa hemos construido una red \u00fanica, que combina el compromiso social del tejido empresarial, la implicaci\u00f3n de las instituciones p\u00fablicas, el voluntariado de los mentores y la confianza de las familias; sin olvidar el esp\u00edritu de superaci\u00f3n y las ganas de aprender de los j\u00f3venes Impulsers. Todos juntos hemos hecho crecer una comunidad que apuesta por la educaci\u00f3n y la FP como herramienta de transformaci\u00f3n social.<\/p>\n<p data-start=\"1137\" data-end=\"1188\">Algunas cifras que avalan este camino compartido:<\/p>\n<ul data-start=\"1190\" data-end=\"1629\">\n<li data-start=\"1190\" data-end=\"1241\">\n<p data-start=\"1192\" data-end=\"1241\">M\u00e1s de 780 j\u00f3venes becados con la Beca Impulsa.<\/p>\n<\/li>\n<li data-start=\"1242\" data-end=\"1401\">\n<p data-start=\"1244\" data-end=\"1401\">Un 80 % de los j\u00f3venes Impulsers se grad\u00faa en estudios de Formaci\u00f3n Profesional, un dato muy superior a la media catalana, que se sit\u00faa alrededor del 50 %.<\/p>\n<\/li>\n<li data-start=\"1402\" data-end=\"1520\">\n<p data-start=\"1404\" data-end=\"1520\">220 Organizaciones Impulsoras que han aportado recursos, conocimiento y oportunidades laborales a nuestra entidad.<\/p>\n<\/li>\n<li data-start=\"1521\" data-end=\"1629\">\n<p data-start=\"1523\" data-end=\"1629\">Presencia en 13 territorios de Catalu\u00f1a, con la voluntad de llegar a todo el territorio catal\u00e1n en 2030.<\/p>\n<\/li>\n<\/ul>\n<p data-start=\"1631\" data-end=\"1890\">En este 11\u00ba curso que ahora iniciamos, nuestro reto sigue siendo el mismo: generar m\u00e1s oportunidades educativas y laborales para j\u00f3venes en situaci\u00f3n de vulnerabilidad, y al mismo tiempo promover el compromiso de las empresas e instituciones del territorio.<\/p>\n<p data-start=\"1892\" data-end=\"2395\" data-is-last-node=\"\" data-is-only-node=\"\">Este reconocimiento se enmarca en una jornada compartida en todo el mundo. Seg\u00fan la OCDE y las principales redes europeas, existen m\u00e1s de 147.000 fundaciones activas en Europa y cientos de miles en todo el mundo, que destinan cada a\u00f1o m\u00e1s de 150.000 millones de d\u00f3lares a proyectos sociales, especialmente en los \u00e1mbitos de la educaci\u00f3n y la juventud. Una cifra que nos recuerda que la labor de la Fundaci\u00f3n Impulsa forma parte de un movimiento global para generar oportunidades y reducir desigualdades.<\/p>\n","protected":false},"excerpt":{"rendered":"<p>En el D\u00eda Europeo de las Fundaciones y los Donantes, desde la Fundaci\u00f3n Impulsa queremos expresar nuestro agradecimiento a todas las personas, Organizaciones Impulsoras, personas mentoras e instituciones que han confiado en nuestra acci\u00f3n social a lo largo de estos 10 a\u00f1os de trayectoria. Con vuestro apoyo hemos podido impulsar un proyecto que ya ha acompa\u00f1ado a m\u00e1s de 780 j\u00f3venes para que pudieran cursar estudios de Formaci\u00f3n Profesional y trazar su camino formativo y profesional con oportunidades.<\/p>\n","protected":false},"author":10,"featured_media":13442,"comment_status":"closed","ping_status":"closed","sticky":false,"template":"","format":"standard","meta":{"_acf_changed":false,"footnotes":""},"categories":[72,76],"tags":[145],"class_list":["post-13518","post","type-post","status-publish","format-standard","has-post-thumbnail","hentry","category-dia-a-dia-es","category-noticies-es","tag-iniciativasolidaria"],"acf":[],"yoast_head":"<!-- This site is optimized with the Yoast SEO plugin v27.3 - https:\/\/yoast.com\/product\/yoast-seo-wordpress\/ -->\n<title>En el D\u00eda Europeo de las Fundaciones y los Donantes (1 de octubre) queremos dar las gracias a todos y todas los que hac\u00e9is posible el proyecto de Impulsa - Fundacio Impulsa<\/title>\n<meta name=\"description\" content=\"En el D\u00eda Europeo de las Fundaciones y los Donantes, desde la Fundaci\u00f3n Impulsa queremos expresar nuestro agradecimiento a todas las personas, Organizaciones Impulsoras, personas mentoras e instituciones que han confiado en nuestra acci\u00f3n social a lo largo de estos 10 a\u00f1os de trayectoria. Con vuestro apoyo hemos podido impulsar un proyecto que ya ha acompa\u00f1ado a m\u00e1s de 780 j\u00f3venes para que pudieran cursar estudios de Formaci\u00f3n Profesional y trazar su camino formativo y profesional con oportunidades.\" \/>\n<meta name=\"robots\" content=\"index, follow, max-snippet:-1, max-image-preview:large, max-video-preview:-1\" \/>\n<link rel=\"canonical\" href=\"https:\/\/www.fundacioimpulsa.org\/es\/en-el-dia-europeo-de-las-fundaciones-y-los-donantes-1-de-octubre-queremos-dar-las-gracias-a-todos-y-todas-los-que-haceis-posible-el-proyecto-de-impulsa\/\" \/>\n<meta property=\"og:locale\" content=\"es_ES\" \/>\n<meta property=\"og:type\" content=\"article\" \/>\n<meta property=\"og:title\" content=\"En el D\u00eda Europeo de las Fundaciones y los Donantes (1 de octubre) queremos dar las gracias a todos y todas los que hac\u00e9is posible el proyecto de Impulsa - Fundacio Impulsa\" \/>\n<meta property=\"og:description\" content=\"En el D\u00eda Europeo de las Fundaciones y los Donantes, desde la Fundaci\u00f3n Impulsa queremos expresar nuestro agradecimiento a todas las personas, Organizaciones Impulsoras, personas mentoras e instituciones que han confiado en nuestra acci\u00f3n social a lo largo de estos 10 a\u00f1os de trayectoria. Con vuestro apoyo hemos podido impulsar un proyecto que ya ha acompa\u00f1ado a m\u00e1s de 780 j\u00f3venes para que pudieran cursar estudios de Formaci\u00f3n Profesional y trazar su camino formativo y profesional con oportunidades.\" \/>\n<meta property=\"og:url\" content=\"https:\/\/www.fundacioimpulsa.org\/es\/en-el-dia-europeo-de-las-fundaciones-y-los-donantes-1-de-octubre-queremos-dar-las-gracias-a-todos-y-todas-los-que-haceis-posible-el-proyecto-de-impulsa\/\" \/>\n<meta property=\"og:site_name\" content=\"Fundacio Impulsa\" \/>\n<meta property=\"article:published_time\" content=\"2025-10-01T11:15:21+00:00\" \/>\n<meta property=\"article:modified_time\" content=\"2025-10-07T10:18:28+00:00\" \/>\n<meta property=\"og:image\" content=\"https:\/\/www.fundacioimpulsa.org\/wp-content\/uploads\/2025\/10\/Portada-noti-Fundacio-Impulsa.jpg\" \/>\n\t<meta property=\"og:image:width\" content=\"700\" \/>\n\t<meta property=\"og:image:height\" content=\"483\" \/>\n\t<meta property=\"og:image:type\" content=\"image\/jpeg\" \/>\n<meta name=\"author\" content=\"anna\" \/>\n<meta name=\"twitter:card\" content=\"summary_large_image\" \/>\n<meta name=\"twitter:label1\" content=\"Escrito por\" \/>\n\t<meta name=\"twitter:data1\" content=\"anna\" \/>\n\t<meta name=\"twitter:label2\" content=\"Tiempo de lectura\" \/>\n\t<meta name=\"twitter:data2\" content=\"3 minutos\" \/>\n<script type=\"application\/ld+json\" class=\"yoast-schema-graph\">{\"@context\":\"https:\\\/\\\/schema.org\",\"@graph\":[{\"@type\":\"Article\",\"@id\":\"https:\\\/\\\/www.fundacioimpulsa.org\\\/es\\\/en-el-dia-europeo-de-las-fundaciones-y-los-donantes-1-de-octubre-queremos-dar-las-gracias-a-todos-y-todas-los-que-haceis-posible-el-proyecto-de-impulsa\\\/#article\",\"isPartOf\":{\"@id\":\"https:\\\/\\\/www.fundacioimpulsa.org\\\/es\\\/en-el-dia-europeo-de-las-fundaciones-y-los-donantes-1-de-octubre-queremos-dar-las-gracias-a-todos-y-todas-los-que-haceis-posible-el-proyecto-de-impulsa\\\/\"},\"author\":{\"name\":\"anna\",\"@id\":\"https:\\\/\\\/www.fundacioimpulsa.org\\\/es\\\/#\\\/schema\\\/person\\\/8093abda9188d9065d7a02992af09c00\"},\"headline\":\"En el D\u00eda Europeo de las Fundaciones y los Donantes (1 de octubre) queremos dar las gracias a todos y todas los que hac\u00e9is posible el proyecto de Impulsa\",\"datePublished\":\"2025-10-01T11:15:21+00:00\",\"dateModified\":\"2025-10-07T10:18:28+00:00\",\"mainEntityOfPage\":{\"@id\":\"https:\\\/\\\/www.fundacioimpulsa.org\\\/es\\\/en-el-dia-europeo-de-las-fundaciones-y-los-donantes-1-de-octubre-queremos-dar-las-gracias-a-todos-y-todas-los-que-haceis-posible-el-proyecto-de-impulsa\\\/\"},\"wordCount\":404,\"image\":{\"@id\":\"https:\\\/\\\/www.fundacioimpulsa.org\\\/es\\\/en-el-dia-europeo-de-las-fundaciones-y-los-donantes-1-de-octubre-queremos-dar-las-gracias-a-todos-y-todas-los-que-haceis-posible-el-proyecto-de-impulsa\\\/#primaryimage\"},\"thumbnailUrl\":\"https:\\\/\\\/www.fundacioimpulsa.org\\\/wp-content\\\/uploads\\\/2025\\\/10\\\/Portada-noti-Fundacio-Impulsa.jpg\",\"keywords\":[\"#IniciativaSolid\u00e0ria\"],\"articleSection\":[\"D\u00eda a D\u00eda\",\"Noticias\"],\"inLanguage\":\"es\"},{\"@type\":\"WebPage\",\"@id\":\"https:\\\/\\\/www.fundacioimpulsa.org\\\/es\\\/en-el-dia-europeo-de-las-fundaciones-y-los-donantes-1-de-octubre-queremos-dar-las-gracias-a-todos-y-todas-los-que-haceis-posible-el-proyecto-de-impulsa\\\/\",\"url\":\"https:\\\/\\\/www.fundacioimpulsa.org\\\/es\\\/en-el-dia-europeo-de-las-fundaciones-y-los-donantes-1-de-octubre-queremos-dar-las-gracias-a-todos-y-todas-los-que-haceis-posible-el-proyecto-de-impulsa\\\/\",\"name\":\"En el D\u00eda Europeo de las Fundaciones y los Donantes (1 de octubre) queremos dar las gracias a todos y todas los que hac\u00e9is posible el proyecto de Impulsa - Fundacio Impulsa\",\"isPartOf\":{\"@id\":\"https:\\\/\\\/www.fundacioimpulsa.org\\\/es\\\/#website\"},\"primaryImageOfPage\":{\"@id\":\"https:\\\/\\\/www.fundacioimpulsa.org\\\/es\\\/en-el-dia-europeo-de-las-fundaciones-y-los-donantes-1-de-octubre-queremos-dar-las-gracias-a-todos-y-todas-los-que-haceis-posible-el-proyecto-de-impulsa\\\/#primaryimage\"},\"image\":{\"@id\":\"https:\\\/\\\/www.fundacioimpulsa.org\\\/es\\\/en-el-dia-europeo-de-las-fundaciones-y-los-donantes-1-de-octubre-queremos-dar-las-gracias-a-todos-y-todas-los-que-haceis-posible-el-proyecto-de-impulsa\\\/#primaryimage\"},\"thumbnailUrl\":\"https:\\\/\\\/www.fundacioimpulsa.org\\\/wp-content\\\/uploads\\\/2025\\\/10\\\/Portada-noti-Fundacio-Impulsa.jpg\",\"datePublished\":\"2025-10-01T11:15:21+00:00\",\"dateModified\":\"2025-10-07T10:18:28+00:00\",\"author\":{\"@id\":\"https:\\\/\\\/www.fundacioimpulsa.org\\\/es\\\/#\\\/schema\\\/person\\\/8093abda9188d9065d7a02992af09c00\"},\"description\":\"En el D\u00eda Europeo de las Fundaciones y los Donantes, desde la Fundaci\u00f3n Impulsa queremos expresar nuestro agradecimiento a todas las personas, Organizaciones Impulsoras, personas mentoras e instituciones que han confiado en nuestra acci\u00f3n social a lo largo de estos 10 a\u00f1os de trayectoria. Con vuestro apoyo hemos podido impulsar un proyecto que ya ha acompa\u00f1ado a m\u00e1s de 780 j\u00f3venes para que pudieran cursar estudios de Formaci\u00f3n Profesional y trazar su camino formativo y profesional con oportunidades.\",\"breadcrumb\":{\"@id\":\"https:\\\/\\\/www.fundacioimpulsa.org\\\/es\\\/en-el-dia-europeo-de-las-fundaciones-y-los-donantes-1-de-octubre-queremos-dar-las-gracias-a-todos-y-todas-los-que-haceis-posible-el-proyecto-de-impulsa\\\/#breadcrumb\"},\"inLanguage\":\"es\",\"potentialAction\":[{\"@type\":\"ReadAction\",\"target\":[\"https:\\\/\\\/www.fundacioimpulsa.org\\\/es\\\/en-el-dia-europeo-de-las-fundaciones-y-los-donantes-1-de-octubre-queremos-dar-las-gracias-a-todos-y-todas-los-que-haceis-posible-el-proyecto-de-impulsa\\\/\"]}]},{\"@type\":\"ImageObject\",\"inLanguage\":\"es\",\"@id\":\"https:\\\/\\\/www.fundacioimpulsa.org\\\/es\\\/en-el-dia-europeo-de-las-fundaciones-y-los-donantes-1-de-octubre-queremos-dar-las-gracias-a-todos-y-todas-los-que-haceis-posible-el-proyecto-de-impulsa\\\/#primaryimage\",\"url\":\"https:\\\/\\\/www.fundacioimpulsa.org\\\/wp-content\\\/uploads\\\/2025\\\/10\\\/Portada-noti-Fundacio-Impulsa.jpg\",\"contentUrl\":\"https:\\\/\\\/www.fundacioimpulsa.org\\\/wp-content\\\/uploads\\\/2025\\\/10\\\/Portada-noti-Fundacio-Impulsa.jpg\",\"width\":700,\"height\":483},{\"@type\":\"BreadcrumbList\",\"@id\":\"https:\\\/\\\/www.fundacioimpulsa.org\\\/es\\\/en-el-dia-europeo-de-las-fundaciones-y-los-donantes-1-de-octubre-queremos-dar-las-gracias-a-todos-y-todas-los-que-haceis-posible-el-proyecto-de-impulsa\\\/#breadcrumb\",\"itemListElement\":[{\"@type\":\"ListItem\",\"position\":1,\"name\":\"Inici\",\"item\":\"https:\\\/\\\/www.fundacioimpulsa.org\\\/es\\\/fundacio-impulsa\\\/\"},{\"@type\":\"ListItem\",\"position\":2,\"name\":\"En el D\u00eda Europeo de las Fundaciones y los Donantes (1 de octubre) queremos dar las gracias a todos y todas los que hac\u00e9is posible el proyecto de Impulsa\"}]},{\"@type\":\"WebSite\",\"@id\":\"https:\\\/\\\/www.fundacioimpulsa.org\\\/es\\\/#website\",\"url\":\"https:\\\/\\\/www.fundacioimpulsa.org\\\/es\\\/\",\"name\":\"Fundacio Impulsa\",\"description\":\"\",\"potentialAction\":[{\"@type\":\"SearchAction\",\"target\":{\"@type\":\"EntryPoint\",\"urlTemplate\":\"https:\\\/\\\/www.fundacioimpulsa.org\\\/es\\\/?s={search_term_string}\"},\"query-input\":{\"@type\":\"PropertyValueSpecification\",\"valueRequired\":true,\"valueName\":\"search_term_string\"}}],\"inLanguage\":\"es\"},{\"@type\":\"Person\",\"@id\":\"https:\\\/\\\/www.fundacioimpulsa.org\\\/es\\\/#\\\/schema\\\/person\\\/8093abda9188d9065d7a02992af09c00\",\"name\":\"anna\",\"image\":{\"@type\":\"ImageObject\",\"inLanguage\":\"es\",\"@id\":\"https:\\\/\\\/secure.gravatar.com\\\/avatar\\\/098ca997a3814bde9b9ec5e5dfa4ad0ee9a251cd4cf1b86b7c008606c50d48c9?s=96&d=mm&r=g\",\"url\":\"https:\\\/\\\/secure.gravatar.com\\\/avatar\\\/098ca997a3814bde9b9ec5e5dfa4ad0ee9a251cd4cf1b86b7c008606c50d48c9?s=96&d=mm&r=g\",\"contentUrl\":\"https:\\\/\\\/secure.gravatar.com\\\/avatar\\\/098ca997a3814bde9b9ec5e5dfa4ad0ee9a251cd4cf1b86b7c008606c50d48c9?s=96&d=mm&r=g\",\"caption\":\"anna\"},\"url\":\"https:\\\/\\\/www.fundacioimpulsa.org\\\/es\\\/author\\\/anna\\\/\"}]}<\/script>\n<!-- \/ Yoast SEO plugin. -->","yoast_head_json":{"title":"En el D\u00eda Europeo de las Fundaciones y los Donantes (1 de octubre) queremos dar las gracias a todos y todas los que hac\u00e9is posible el proyecto de Impulsa - Fundacio Impulsa","description":"En el D\u00eda Europeo de las Fundaciones y los Donantes, desde la Fundaci\u00f3n Impulsa queremos expresar nuestro agradecimiento a todas las personas, Organizaciones Impulsoras, personas mentoras e instituciones que han confiado en nuestra acci\u00f3n social a lo largo de estos 10 a\u00f1os de trayectoria. Con vuestro apoyo hemos podido impulsar un proyecto que ya ha acompa\u00f1ado a m\u00e1s de 780 j\u00f3venes para que pudieran cursar estudios de Formaci\u00f3n Profesional y trazar su camino formativo y profesional con oportunidades.","robots":{"index":"index","follow":"follow","max-snippet":"max-snippet:-1","max-image-preview":"max-image-preview:large","max-video-preview":"max-video-preview:-1"},"canonical":"https:\/\/www.fundacioimpulsa.org\/es\/en-el-dia-europeo-de-las-fundaciones-y-los-donantes-1-de-octubre-queremos-dar-las-gracias-a-todos-y-todas-los-que-haceis-posible-el-proyecto-de-impulsa\/","og_locale":"es_ES","og_type":"article","og_title":"En el D\u00eda Europeo de las Fundaciones y los Donantes (1 de octubre) queremos dar las gracias a todos y todas los que hac\u00e9is posible el proyecto de Impulsa - Fundacio Impulsa","og_description":"En el D\u00eda Europeo de las Fundaciones y los Donantes, desde la Fundaci\u00f3n Impulsa queremos expresar nuestro agradecimiento a todas las personas, Organizaciones Impulsoras, personas mentoras e instituciones que han confiado en nuestra acci\u00f3n social a lo largo de estos 10 a\u00f1os de trayectoria. Con vuestro apoyo hemos podido impulsar un proyecto que ya ha acompa\u00f1ado a m\u00e1s de 780 j\u00f3venes para que pudieran cursar estudios de Formaci\u00f3n Profesional y trazar su camino formativo y profesional con oportunidades.","og_url":"https:\/\/www.fundacioimpulsa.org\/es\/en-el-dia-europeo-de-las-fundaciones-y-los-donantes-1-de-octubre-queremos-dar-las-gracias-a-todos-y-todas-los-que-haceis-posible-el-proyecto-de-impulsa\/","og_site_name":"Fundacio Impulsa","article_published_time":"2025-10-01T11:15:21+00:00","article_modified_time":"2025-10-07T10:18:28+00:00","og_image":[{"width":700,"height":483,"url":"https:\/\/www.fundacioimpulsa.org\/wp-content\/uploads\/2025\/10\/Portada-noti-Fundacio-Impulsa.jpg","type":"image\/jpeg"}],"author":"anna","twitter_card":"summary_large_image","twitter_misc":{"Escrito por":"anna","Tiempo de lectura":"3 minutos"},"schema":{"@context":"https:\/\/schema.org","@graph":[{"@type":"Article","@id":"https:\/\/www.fundacioimpulsa.org\/es\/en-el-dia-europeo-de-las-fundaciones-y-los-donantes-1-de-octubre-queremos-dar-las-gracias-a-todos-y-todas-los-que-haceis-posible-el-proyecto-de-impulsa\/#article","isPartOf":{"@id":"https:\/\/www.fundacioimpulsa.org\/es\/en-el-dia-europeo-de-las-fundaciones-y-los-donantes-1-de-octubre-queremos-dar-las-gracias-a-todos-y-todas-los-que-haceis-posible-el-proyecto-de-impulsa\/"},"author":{"name":"anna","@id":"https:\/\/www.fundacioimpulsa.org\/es\/#\/schema\/person\/8093abda9188d9065d7a02992af09c00"},"headline":"En el D\u00eda Europeo de las Fundaciones y los Donantes (1 de octubre) queremos dar las gracias a todos y todas los que hac\u00e9is posible el proyecto de Impulsa","datePublished":"2025-10-01T11:15:21+00:00","dateModified":"2025-10-07T10:18:28+00:00","mainEntityOfPage":{"@id":"https:\/\/www.fundacioimpulsa.org\/es\/en-el-dia-europeo-de-las-fundaciones-y-los-donantes-1-de-octubre-queremos-dar-las-gracias-a-todos-y-todas-los-que-haceis-posible-el-proyecto-de-impulsa\/"},"wordCount":404,"image":{"@id":"https:\/\/www.fundacioimpulsa.org\/es\/en-el-dia-europeo-de-las-fundaciones-y-los-donantes-1-de-octubre-queremos-dar-las-gracias-a-todos-y-todas-los-que-haceis-posible-el-proyecto-de-impulsa\/#primaryimage"},"thumbnailUrl":"https:\/\/www.fundacioimpulsa.org\/wp-content\/uploads\/2025\/10\/Portada-noti-Fundacio-Impulsa.jpg","keywords":["#IniciativaSolid\u00e0ria"],"articleSection":["D\u00eda a D\u00eda","Noticias"],"inLanguage":"es"},{"@type":"WebPage","@id":"https:\/\/www.fundacioimpulsa.org\/es\/en-el-dia-europeo-de-las-fundaciones-y-los-donantes-1-de-octubre-queremos-dar-las-gracias-a-todos-y-todas-los-que-haceis-posible-el-proyecto-de-impulsa\/","url":"https:\/\/www.fundacioimpulsa.org\/es\/en-el-dia-europeo-de-las-fundaciones-y-los-donantes-1-de-octubre-queremos-dar-las-gracias-a-todos-y-todas-los-que-haceis-posible-el-proyecto-de-impulsa\/","name":"En el D\u00eda Europeo de las Fundaciones y los Donantes (1 de octubre) queremos dar las gracias a todos y todas los que hac\u00e9is posible el proyecto de Impulsa - Fundacio Impulsa","isPartOf":{"@id":"https:\/\/www.fundacioimpulsa.org\/es\/#website"},"primaryImageOfPage":{"@id":"https:\/\/www.fundacioimpulsa.org\/es\/en-el-dia-europeo-de-las-fundaciones-y-los-donantes-1-de-octubre-queremos-dar-las-gracias-a-todos-y-todas-los-que-haceis-posible-el-proyecto-de-impulsa\/#primaryimage"},"image":{"@id":"https:\/\/www.fundacioimpulsa.org\/es\/en-el-dia-europeo-de-las-fundaciones-y-los-donantes-1-de-octubre-queremos-dar-las-gracias-a-todos-y-todas-los-que-haceis-posible-el-proyecto-de-impulsa\/#primaryimage"},"thumbnailUrl":"https:\/\/www.fundacioimpulsa.org\/wp-content\/uploads\/2025\/10\/Portada-noti-Fundacio-Impulsa.jpg","datePublished":"2025-10-01T11:15:21+00:00","dateModified":"2025-10-07T10:18:28+00:00","author":{"@id":"https:\/\/www.fundacioimpulsa.org\/es\/#\/schema\/person\/8093abda9188d9065d7a02992af09c00"},"description":"En el D\u00eda Europeo de las Fundaciones y los Donantes, desde la Fundaci\u00f3n Impulsa queremos expresar nuestro agradecimiento a todas las personas, Organizaciones Impulsoras, personas mentoras e instituciones que han confiado en nuestra acci\u00f3n social a lo largo de estos 10 a\u00f1os de trayectoria. Con vuestro apoyo hemos podido impulsar un proyecto que ya ha acompa\u00f1ado a m\u00e1s de 780 j\u00f3venes para que pudieran cursar estudios de Formaci\u00f3n Profesional y trazar su camino formativo y profesional con oportunidades.","breadcrumb":{"@id":"https:\/\/www.fundacioimpulsa.org\/es\/en-el-dia-europeo-de-las-fundaciones-y-los-donantes-1-de-octubre-queremos-dar-las-gracias-a-todos-y-todas-los-que-haceis-posible-el-proyecto-de-impulsa\/#breadcrumb"},"inLanguage":"es","potentialAction":[{"@type":"ReadAction","target":["https:\/\/www.fundacioimpulsa.org\/es\/en-el-dia-europeo-de-las-fundaciones-y-los-donantes-1-de-octubre-queremos-dar-las-gracias-a-todos-y-todas-los-que-haceis-posible-el-proyecto-de-impulsa\/"]}]},{"@type":"ImageObject","inLanguage":"es","@id":"https:\/\/www.fundacioimpulsa.org\/es\/en-el-dia-europeo-de-las-fundaciones-y-los-donantes-1-de-octubre-queremos-dar-las-gracias-a-todos-y-todas-los-que-haceis-posible-el-proyecto-de-impulsa\/#primaryimage","url":"https:\/\/www.fundacioimpulsa.org\/wp-content\/uploads\/2025\/10\/Portada-noti-Fundacio-Impulsa.jpg","contentUrl":"https:\/\/www.fundacioimpulsa.org\/wp-content\/uploads\/2025\/10\/Portada-noti-Fundacio-Impulsa.jpg","width":700,"height":483},{"@type":"BreadcrumbList","@id":"https:\/\/www.fundacioimpulsa.org\/es\/en-el-dia-europeo-de-las-fundaciones-y-los-donantes-1-de-octubre-queremos-dar-las-gracias-a-todos-y-todas-los-que-haceis-posible-el-proyecto-de-impulsa\/#breadcrumb","itemListElement":[{"@type":"ListItem","position":1,"name":"Inici","item":"https:\/\/www.fundacioimpulsa.org\/es\/fundacio-impulsa\/"},{"@type":"ListItem","position":2,"name":"En el D\u00eda Europeo de las Fundaciones y los Donantes (1 de octubre) queremos dar las gracias a todos y todas los que hac\u00e9is posible el proyecto de Impulsa"}]},{"@type":"WebSite","@id":"https:\/\/www.fundacioimpulsa.org\/es\/#website","url":"https:\/\/www.fundacioimpulsa.org\/es\/","name":"Fundacio Impulsa","description":"","potentialAction":[{"@type":"SearchAction","target":{"@type":"EntryPoint","urlTemplate":"https:\/\/www.fundacioimpulsa.org\/es\/?s={search_term_string}"},"query-input":{"@type":"PropertyValueSpecification","valueRequired":true,"valueName":"search_term_string"}}],"inLanguage":"es"},{"@type":"Person","@id":"https:\/\/www.fundacioimpulsa.org\/es\/#\/schema\/person\/8093abda9188d9065d7a02992af09c00","name":"anna","image":{"@type":"ImageObject","inLanguage":"es","@id":"https:\/\/secure.gravatar.com\/avatar\/098ca997a3814bde9b9ec5e5dfa4ad0ee9a251cd4cf1b86b7c008606c50d48c9?s=96&d=mm&r=g","url":"https:\/\/secure.gravatar.com\/avatar\/098ca997a3814bde9b9ec5e5dfa4ad0ee9a251cd4cf1b86b7c008606c50d48c9?s=96&d=mm&r=g","contentUrl":"https:\/\/secure.gravatar.com\/avatar\/098ca997a3814bde9b9ec5e5dfa4ad0ee9a251cd4cf1b86b7c008606c50d48c9?s=96&d=mm&r=g","caption":"anna"},"url":"https:\/\/www.fundacioimpulsa.org\/es\/author\/anna\/"}]}},"publishpress_future_action":{"enabled":false,"date":"2026-05-05 09:50:42","action":"change-status","newStatus":"draft","terms":[],"taxonomy":"category","extraData":[]},"publishpress_future_workflow_manual_trigger":{"enabledWorkflows":[]},"_links":{"self":[{"href":"https:\/\/www.fundacioimpulsa.org\/es\/wp-json\/wp\/v2\/posts\/13518","targetHints":{"allow":["GET"]}}],"collection":[{"href":"https:\/\/www.fundacioimpulsa.org\/es\/wp-json\/wp\/v2\/posts"}],"about":[{"href":"https:\/\/www.fundacioimpulsa.org\/es\/wp-json\/wp\/v2\/types\/post"}],"author":[{"embeddable":true,"href":"https:\/\/www.fundacioimpulsa.org\/es\/wp-json\/wp\/v2\/users\/10"}],"replies":[{"embeddable":true,"href":"https:\/\/www.fundacioimpulsa.org\/es\/wp-json\/wp\/v2\/comments?post=13518"}],"version-history":[{"count":2,"href":"https:\/\/www.fundacioimpulsa.org\/es\/wp-json\/wp\/v2\/posts\/13518\/revisions"}],"predecessor-version":[{"id":13520,"href":"https:\/\/www.fundacioimpulsa.org\/es\/wp-json\/wp\/v2\/posts\/13518\/revisions\/13520"}],"wp:featuredmedia":[{"embeddable":true,"href":"https:\/\/www.fundacioimpulsa.org\/es\/wp-json\/wp\/v2\/media\/13442"}],"wp:attachment":[{"href":"https:\/\/www.fundacioimpulsa.org\/es\/wp-json\/wp\/v2\/media?parent=13518"}],"wp:term":[{"taxonomy":"category","embeddable":true,"href":"https:\/\/www.fundacioimpulsa.org\/es\/wp-json\/wp\/v2\/categories?post=13518"},{"taxonomy":"post_tag","embeddable":true,"href":"https:\/\/www.fundacioimpulsa.org\/es\/wp-json\/wp\/v2\/tags?post=13518"}],"curies":[{"name":"wp","href":"https:\/\/api.w.org\/{rel}","templated":true}]}}