{"id":13538,"date":"2025-10-09T19:02:06","date_gmt":"2025-10-09T17:02:06","guid":{"rendered":"https:\/\/www.fundacioimpulsa.org\/?p=13538"},"modified":"2025-10-10T13:20:15","modified_gmt":"2025-10-10T11:20:15","slug":"la-fundacion-impulsa-presenta-su-proyecto-con-jovenes-a-los-empresarios-del-alt-penedes","status":"publish","type":"post","link":"https:\/\/www.fundacioimpulsa.org\/es\/la-fundacion-impulsa-presenta-su-proyecto-con-jovenes-a-los-empresarios-del-alt-penedes\/","title":{"rendered":"La Fundaci\u00f3n Impulsa presenta su proyecto con j\u00f3venes a los empresarios del Alt Pened\u00e8s"},"content":{"rendered":"<p><img loading=\"lazy\" decoding=\"async\" class=\"alignnone wp-image-13528\" src=\"https:\/\/www.fundacioimpulsa.org\/wp-content\/uploads\/2025\/10\/FundacioImpulsa_AltPenedes_2025-109-300x169.jpg\" alt=\"\" width=\"721\" height=\"406\" srcset=\"https:\/\/www.fundacioimpulsa.org\/wp-content\/uploads\/2025\/10\/FundacioImpulsa_AltPenedes_2025-109-300x169.jpg 300w, https:\/\/www.fundacioimpulsa.org\/wp-content\/uploads\/2025\/10\/FundacioImpulsa_AltPenedes_2025-109-1030x579.jpg 1030w, https:\/\/www.fundacioimpulsa.org\/wp-content\/uploads\/2025\/10\/FundacioImpulsa_AltPenedes_2025-109-768x432.jpg 768w, https:\/\/www.fundacioimpulsa.org\/wp-content\/uploads\/2025\/10\/FundacioImpulsa_AltPenedes_2025-109-1536x864.jpg 1536w, https:\/\/www.fundacioimpulsa.org\/wp-content\/uploads\/2025\/10\/FundacioImpulsa_AltPenedes_2025-109-1500x844.jpg 1500w, https:\/\/www.fundacioimpulsa.org\/wp-content\/uploads\/2025\/10\/FundacioImpulsa_AltPenedes_2025-109-705x397.jpg 705w, https:\/\/www.fundacioimpulsa.org\/wp-content\/uploads\/2025\/10\/FundacioImpulsa_AltPenedes_2025-109-942x530.jpg 942w, https:\/\/www.fundacioimpulsa.org\/wp-content\/uploads\/2025\/10\/FundacioImpulsa_AltPenedes_2025-109-315x177.jpg 315w, https:\/\/www.fundacioimpulsa.org\/wp-content\/uploads\/2025\/10\/FundacioImpulsa_AltPenedes_2025-109.jpg 2016w\" sizes=\"auto, (max-width: 721px) 100vw, 721px\" \/><\/p>\n<p data-start=\"162\" data-end=\"698\">La Fundaci\u00f3n Impulsa ha presentado este jueves 9 de octubre de 2025 su proyecto a los empresarios y representantes institucionales del Alt Pened\u00e8s, en un acto celebrado en el Espacio Cultural F\u00f3rum Berger Balaguer de Vilafranca del Pened\u00e8s, con el objetivo de dar a conocer su labor con j\u00f3venes en situaci\u00f3n de vulnerabilidad y con motivaci\u00f3n para continuar estudiando ciclos de Formaci\u00f3n Profesional, y establecer v\u00ednculos con el tejido empresarial del territorio, una pieza clave para el desarrollo y la sostenibilidad del proyecto.<\/p>\n<p data-start=\"700\" data-end=\"1105\">El evento cont\u00f3 con la participaci\u00f3n de la presidenta de la Fundaci\u00f3n Impulsa, Andrea Carandell, su directora, Rosa Pujols, y la responsable de Alianzas Estrat\u00e9gicas, Gl\u00f2ria Pujol, acompa\u00f1adas del embajador territorial, Xavier Montoliu, y con la colaboraci\u00f3n del Sr. Joan Melero, director general de la Fundaci\u00f3n Pinnae, entidad que ha sido clave para hacer posible la llegada del proyecto a la comarca.<\/p>\n<p data-start=\"1107\" data-end=\"1984\">Para iniciar el acto, <b><span data-contrast=\"auto\">Joan Melero<\/span><\/b>, director general de la Fundaci\u00f3n Pinnae, dio la bienvenida a los representantes del tejido empresarial presentes y explic\u00f3 que \u201cel proyecto \u2018Impulsa\u2019 es un magn\u00edfico modelo de colaboraci\u00f3n entre entidades, instituciones, administraciones y empresas que puede transformar vidas y generar un impacto real en el territorio. Estamos muy satisfechos de poder contribuir a llevar este modelo al Alt Pened\u00e8s, una comarca con un gran potencial humano y empresarial, pero donde todav\u00eda hay j\u00f3venes que necesitan apoyo para continuar form\u00e1ndose y encontrar su lugar en el mundo laboral. La Fundaci\u00f3n Pinnae trabaja para que iniciativas como Impulsa arraiguen en el territorio, se vuelvan sostenibles y conecten la educaci\u00f3n con el tejido productivo local. Solo as\u00ed construiremos un Pened\u00e8s m\u00e1s justo, cohesionado y lleno de oportunidades para todos\u201d.<\/p>\n<p data-start=\"1986\" data-end=\"2346\">En su intervenci\u00f3n, <b><span data-contrast=\"auto\">Andrea Carandell<\/span><\/b>\u00a0explic\u00f3 los or\u00edgenes y la misi\u00f3n de la Fundaci\u00f3n Impulsa, que \u201cdesde hace diez a\u00f1os trabajamos para facilitar oportunidades formativas y profesionales a j\u00f3venes en situaci\u00f3n de vulnerabilidad, a trav\u00e9s de un modelo que combina becas para cursar estudios de Formaci\u00f3n Profesional, mentor\u00eda y acompa\u00f1amiento personalizado\u201d.<\/p>\n<p data-start=\"2348\" data-end=\"2618\">Por su parte, <b><span data-contrast=\"auto\">Xavier Montoliu<\/span><\/b>, Embajador de Impulsa en el Alt Pened\u00e8s, puso en valor el papel de las instituciones p\u00fablicas y privadas en la consolidaci\u00f3n del proyecto en el territorio, destacando la importancia de arraigarlo con la complicidad de los agentes locales.<\/p>\n<p data-start=\"2620\" data-end=\"3139\">Durante el encuentro, <b><span data-contrast=\"auto\">Gl\u00f2ria Pujol <\/span><\/b>expuso c\u00f3mo las empresas de la comarca pueden vincularse a la Fundaci\u00f3n como Organizaciones Impulsoras, trabajando su Responsabilidad Social Corporativa mediante el apoyo directo a los j\u00f3venes becados y a su formaci\u00f3n. En este sentido, <b><span data-contrast=\"auto\">Philippe Eberl\u00e9<\/span><\/b>, director de Primeras Marcas, comparti\u00f3 su experiencia como Organizaci\u00f3n Impulsora y mentor, explicando c\u00f3mo esta implicaci\u00f3n contribuye tanto al crecimiento personal de los j\u00f3venes como a la transformaci\u00f3n social de las empresas.<\/p>\n<p data-start=\"3141\" data-end=\"3322\">El acto finaliz\u00f3 con un breve debate entre los agentes participantes sobre la importancia de conectar la formaci\u00f3n de los j\u00f3venes con las necesidades del tejido empresarial local.<\/p>\n<p data-start=\"3329\" data-end=\"3392\">\n<p data-start=\"3329\" data-end=\"3392\"><strong data-start=\"3329\" data-end=\"3390\"><b><span data-contrast=\"auto\">Impulsa, un m\u00e9todo para contrarrestar el abandono escolar<\/span><\/b><\/strong><\/p>\n<p data-start=\"3394\" data-end=\"4434\">Impulsa tiene un m\u00e9todo innovador que permite contrarrestar el alto \u00edndice de abandono escolar de los j\u00f3venes, que en Catalu\u00f1a se encuentra en el 13,7%, muy por encima del 9% de la media europea. El Alt Pened\u00e8s, a pesar de ser una comarca con una fuerte actividad econ\u00f3mica y un tejido empresarial diverso, enfrenta importantes desigualdades sociales entre la poblaci\u00f3n joven en edad de formarse. Especialmente entre los j\u00f3venes de entre 16 y 24 a\u00f1os, donde se constatan \u00edndices preocupantes de abandono prematuro de los estudios postobligatorios, dificultades de acceso a ciclos formativos y falta de referentes o redes de apoyo. Esta realidad afecta especialmente a aquellos que provienen de entornos vulnerables, con menos recursos econ\u00f3micos, apoyo familiar limitado o trayectorias educativas inestables. En este contexto, iniciativas como el proyecto Impulsa surgen como una respuesta estructurada y colaborativa para romper el c\u00edrculo de la desigualdad y acompa\u00f1ar a los j\u00f3venes a construir un futuro digno y lleno de oportunidades.<\/p>\n<p data-start=\"3394\" data-end=\"4434\">\n<p data-start=\"4441\" data-end=\"4473\"><strong data-start=\"4441\" data-end=\"4471\"><b><span data-contrast=\"auto\">Alianzas con el territorio<\/span><\/b><\/strong><\/p>\n<p data-start=\"4475\" data-end=\"4802\">La Fundaci\u00f3n Impulsa agradece especialmente el apoyo de los Ayuntamientos de Vilafranca del Pened\u00e8s y de Sant Sadurn\u00ed d\u2019Anoia, as\u00ed como de la Fundaci\u00f3n Pinnae, por hacer posible esta alianza y contribuir a su misi\u00f3n de garantizar la igualdad de oportunidades y la cohesi\u00f3n social a trav\u00e9s de la educaci\u00f3n y el acompa\u00f1amiento.<\/p>\n","protected":false},"excerpt":{"rendered":"<p>La Fundaci\u00f3n Impulsa ha presentado este jueves 9 de octubre de 2025 su proyecto a los empresarios y representantes institucionales del Alt Pened\u00e8s, en un acto celebrado en el Espacio Cultural F\u00f3rum Berger Balaguer de Vilafranca del Pened\u00e8s, con el objetivo de dar a conocer su labor con j\u00f3venes en situaci\u00f3n de vulnerabilidad y con motivaci\u00f3n para continuar estudiando ciclos de Formaci\u00f3n Profesional, y establecer v\u00ednculos con el tejido empresarial del territorio, una pieza clave para el desarrollo y la sostenibilidad del proyecto.<\/p>\n","protected":false},"author":10,"featured_media":13529,"comment_status":"closed","ping_status":"closed","sticky":false,"template":"","format":"standard","meta":{"_acf_changed":false,"footnotes":""},"categories":[72,76],"tags":[92],"class_list":["post-13538","post","type-post","status-publish","format-standard","has-post-thumbnail","hentry","category-dia-a-dia-es","category-noticies-es","tag-organitzacionsimpulsores-es"],"acf":[],"yoast_head":"<!-- This site is optimized with the Yoast SEO plugin v27.3 - https:\/\/yoast.com\/product\/yoast-seo-wordpress\/ -->\n<title>La Fundaci\u00f3n Impulsa presenta su proyecto con j\u00f3venes a los empresarios del Alt Pened\u00e8s - Fundacio Impulsa<\/title>\n<meta name=\"description\" content=\"La Fundaci\u00f3n Impulsa ha presentado este jueves 9 de octubre de 2025 su proyecto a los empresarios y representantes institucionales del Alt Pened\u00e8s, en un acto celebrado en el Espacio Cultural F\u00f3rum Berger Balaguer de Vilafranca del Pened\u00e8s, con el objetivo de dar a conocer su labor con j\u00f3venes en situaci\u00f3n de vulnerabilidad y con motivaci\u00f3n para continuar estudiando ciclos de Formaci\u00f3n Profesional, y establecer v\u00ednculos con el tejido empresarial del territorio, una pieza clave para el desarrollo y la sostenibilidad del proyecto.\" \/>\n<meta name=\"robots\" content=\"index, follow, max-snippet:-1, max-image-preview:large, max-video-preview:-1\" \/>\n<link rel=\"canonical\" href=\"https:\/\/www.fundacioimpulsa.org\/es\/la-fundacion-impulsa-presenta-su-proyecto-con-jovenes-a-los-empresarios-del-alt-penedes\/\" \/>\n<meta property=\"og:locale\" content=\"es_ES\" \/>\n<meta property=\"og:type\" content=\"article\" \/>\n<meta property=\"og:title\" content=\"La Fundaci\u00f3n Impulsa presenta su proyecto con j\u00f3venes a los empresarios del Alt Pened\u00e8s - Fundacio Impulsa\" \/>\n<meta property=\"og:description\" content=\"La Fundaci\u00f3n Impulsa ha presentado este jueves 9 de octubre de 2025 su proyecto a los empresarios y representantes institucionales del Alt Pened\u00e8s, en un acto celebrado en el Espacio Cultural F\u00f3rum Berger Balaguer de Vilafranca del Pened\u00e8s, con el objetivo de dar a conocer su labor con j\u00f3venes en situaci\u00f3n de vulnerabilidad y con motivaci\u00f3n para continuar estudiando ciclos de Formaci\u00f3n Profesional, y establecer v\u00ednculos con el tejido empresarial del territorio, una pieza clave para el desarrollo y la sostenibilidad del proyecto.\" \/>\n<meta property=\"og:url\" content=\"https:\/\/www.fundacioimpulsa.org\/es\/la-fundacion-impulsa-presenta-su-proyecto-con-jovenes-a-los-empresarios-del-alt-penedes\/\" \/>\n<meta property=\"og:site_name\" content=\"Fundacio Impulsa\" \/>\n<meta property=\"article:published_time\" content=\"2025-10-09T17:02:06+00:00\" \/>\n<meta property=\"article:modified_time\" content=\"2025-10-10T11:20:15+00:00\" \/>\n<meta property=\"og:image\" content=\"https:\/\/www.fundacioimpulsa.org\/wp-content\/uploads\/2025\/10\/FundacioImpulsa_AltPenedes_2025-109.jpg\" \/>\n\t<meta property=\"og:image:width\" content=\"2016\" \/>\n\t<meta property=\"og:image:height\" content=\"1134\" \/>\n\t<meta property=\"og:image:type\" content=\"image\/jpeg\" \/>\n<meta name=\"author\" content=\"anna\" \/>\n<meta name=\"twitter:card\" content=\"summary_large_image\" \/>\n<meta name=\"twitter:label1\" content=\"Escrito por\" \/>\n\t<meta name=\"twitter:data1\" content=\"anna\" \/>\n\t<meta name=\"twitter:label2\" content=\"Tiempo de lectura\" \/>\n\t<meta name=\"twitter:data2\" content=\"5 minutos\" \/>\n<script type=\"application\/ld+json\" class=\"yoast-schema-graph\">{\"@context\":\"https:\\\/\\\/schema.org\",\"@graph\":[{\"@type\":\"Article\",\"@id\":\"https:\\\/\\\/www.fundacioimpulsa.org\\\/es\\\/la-fundacion-impulsa-presenta-su-proyecto-con-jovenes-a-los-empresarios-del-alt-penedes\\\/#article\",\"isPartOf\":{\"@id\":\"https:\\\/\\\/www.fundacioimpulsa.org\\\/es\\\/la-fundacion-impulsa-presenta-su-proyecto-con-jovenes-a-los-empresarios-del-alt-penedes\\\/\"},\"author\":{\"name\":\"anna\",\"@id\":\"https:\\\/\\\/www.fundacioimpulsa.org\\\/es\\\/#\\\/schema\\\/person\\\/8093abda9188d9065d7a02992af09c00\"},\"headline\":\"La Fundaci\u00f3n Impulsa presenta su proyecto con j\u00f3venes a los empresarios del Alt Pened\u00e8s\",\"datePublished\":\"2025-10-09T17:02:06+00:00\",\"dateModified\":\"2025-10-10T11:20:15+00:00\",\"mainEntityOfPage\":{\"@id\":\"https:\\\/\\\/www.fundacioimpulsa.org\\\/es\\\/la-fundacion-impulsa-presenta-su-proyecto-con-jovenes-a-los-empresarios-del-alt-penedes\\\/\"},\"wordCount\":783,\"image\":{\"@id\":\"https:\\\/\\\/www.fundacioimpulsa.org\\\/es\\\/la-fundacion-impulsa-presenta-su-proyecto-con-jovenes-a-los-empresarios-del-alt-penedes\\\/#primaryimage\"},\"thumbnailUrl\":\"https:\\\/\\\/www.fundacioimpulsa.org\\\/wp-content\\\/uploads\\\/2025\\\/10\\\/FundacioImpulsa_AltPenedes_2025-109.jpg\",\"keywords\":[\"#OrganizacionesImpulsoras\"],\"articleSection\":[\"D\u00eda a D\u00eda\",\"Noticias\"],\"inLanguage\":\"es\"},{\"@type\":\"WebPage\",\"@id\":\"https:\\\/\\\/www.fundacioimpulsa.org\\\/es\\\/la-fundacion-impulsa-presenta-su-proyecto-con-jovenes-a-los-empresarios-del-alt-penedes\\\/\",\"url\":\"https:\\\/\\\/www.fundacioimpulsa.org\\\/es\\\/la-fundacion-impulsa-presenta-su-proyecto-con-jovenes-a-los-empresarios-del-alt-penedes\\\/\",\"name\":\"La Fundaci\u00f3n Impulsa presenta su proyecto con j\u00f3venes a los empresarios del Alt Pened\u00e8s - Fundacio Impulsa\",\"isPartOf\":{\"@id\":\"https:\\\/\\\/www.fundacioimpulsa.org\\\/es\\\/#website\"},\"primaryImageOfPage\":{\"@id\":\"https:\\\/\\\/www.fundacioimpulsa.org\\\/es\\\/la-fundacion-impulsa-presenta-su-proyecto-con-jovenes-a-los-empresarios-del-alt-penedes\\\/#primaryimage\"},\"image\":{\"@id\":\"https:\\\/\\\/www.fundacioimpulsa.org\\\/es\\\/la-fundacion-impulsa-presenta-su-proyecto-con-jovenes-a-los-empresarios-del-alt-penedes\\\/#primaryimage\"},\"thumbnailUrl\":\"https:\\\/\\\/www.fundacioimpulsa.org\\\/wp-content\\\/uploads\\\/2025\\\/10\\\/FundacioImpulsa_AltPenedes_2025-109.jpg\",\"datePublished\":\"2025-10-09T17:02:06+00:00\",\"dateModified\":\"2025-10-10T11:20:15+00:00\",\"author\":{\"@id\":\"https:\\\/\\\/www.fundacioimpulsa.org\\\/es\\\/#\\\/schema\\\/person\\\/8093abda9188d9065d7a02992af09c00\"},\"description\":\"La Fundaci\u00f3n Impulsa ha presentado este jueves 9 de octubre de 2025 su proyecto a los empresarios y representantes institucionales del Alt Pened\u00e8s, en un acto celebrado en el Espacio Cultural F\u00f3rum Berger Balaguer de Vilafranca del Pened\u00e8s, con el objetivo de dar a conocer su labor con j\u00f3venes en situaci\u00f3n de vulnerabilidad y con motivaci\u00f3n para continuar estudiando ciclos de Formaci\u00f3n Profesional, y establecer v\u00ednculos con el tejido empresarial del territorio, una pieza clave para el desarrollo y la sostenibilidad del proyecto.\",\"breadcrumb\":{\"@id\":\"https:\\\/\\\/www.fundacioimpulsa.org\\\/es\\\/la-fundacion-impulsa-presenta-su-proyecto-con-jovenes-a-los-empresarios-del-alt-penedes\\\/#breadcrumb\"},\"inLanguage\":\"es\",\"potentialAction\":[{\"@type\":\"ReadAction\",\"target\":[\"https:\\\/\\\/www.fundacioimpulsa.org\\\/es\\\/la-fundacion-impulsa-presenta-su-proyecto-con-jovenes-a-los-empresarios-del-alt-penedes\\\/\"]}]},{\"@type\":\"ImageObject\",\"inLanguage\":\"es\",\"@id\":\"https:\\\/\\\/www.fundacioimpulsa.org\\\/es\\\/la-fundacion-impulsa-presenta-su-proyecto-con-jovenes-a-los-empresarios-del-alt-penedes\\\/#primaryimage\",\"url\":\"https:\\\/\\\/www.fundacioimpulsa.org\\\/wp-content\\\/uploads\\\/2025\\\/10\\\/FundacioImpulsa_AltPenedes_2025-109.jpg\",\"contentUrl\":\"https:\\\/\\\/www.fundacioimpulsa.org\\\/wp-content\\\/uploads\\\/2025\\\/10\\\/FundacioImpulsa_AltPenedes_2025-109.jpg\",\"width\":2016,\"height\":1134},{\"@type\":\"BreadcrumbList\",\"@id\":\"https:\\\/\\\/www.fundacioimpulsa.org\\\/es\\\/la-fundacion-impulsa-presenta-su-proyecto-con-jovenes-a-los-empresarios-del-alt-penedes\\\/#breadcrumb\",\"itemListElement\":[{\"@type\":\"ListItem\",\"position\":1,\"name\":\"Inici\",\"item\":\"https:\\\/\\\/www.fundacioimpulsa.org\\\/es\\\/fundacio-impulsa\\\/\"},{\"@type\":\"ListItem\",\"position\":2,\"name\":\"La Fundaci\u00f3n Impulsa presenta su proyecto con j\u00f3venes a los empresarios del Alt Pened\u00e8s\"}]},{\"@type\":\"WebSite\",\"@id\":\"https:\\\/\\\/www.fundacioimpulsa.org\\\/es\\\/#website\",\"url\":\"https:\\\/\\\/www.fundacioimpulsa.org\\\/es\\\/\",\"name\":\"Fundacio Impulsa\",\"description\":\"\",\"potentialAction\":[{\"@type\":\"SearchAction\",\"target\":{\"@type\":\"EntryPoint\",\"urlTemplate\":\"https:\\\/\\\/www.fundacioimpulsa.org\\\/es\\\/?s={search_term_string}\"},\"query-input\":{\"@type\":\"PropertyValueSpecification\",\"valueRequired\":true,\"valueName\":\"search_term_string\"}}],\"inLanguage\":\"es\"},{\"@type\":\"Person\",\"@id\":\"https:\\\/\\\/www.fundacioimpulsa.org\\\/es\\\/#\\\/schema\\\/person\\\/8093abda9188d9065d7a02992af09c00\",\"name\":\"anna\",\"image\":{\"@type\":\"ImageObject\",\"inLanguage\":\"es\",\"@id\":\"https:\\\/\\\/secure.gravatar.com\\\/avatar\\\/098ca997a3814bde9b9ec5e5dfa4ad0ee9a251cd4cf1b86b7c008606c50d48c9?s=96&d=mm&r=g\",\"url\":\"https:\\\/\\\/secure.gravatar.com\\\/avatar\\\/098ca997a3814bde9b9ec5e5dfa4ad0ee9a251cd4cf1b86b7c008606c50d48c9?s=96&d=mm&r=g\",\"contentUrl\":\"https:\\\/\\\/secure.gravatar.com\\\/avatar\\\/098ca997a3814bde9b9ec5e5dfa4ad0ee9a251cd4cf1b86b7c008606c50d48c9?s=96&d=mm&r=g\",\"caption\":\"anna\"},\"url\":\"https:\\\/\\\/www.fundacioimpulsa.org\\\/es\\\/author\\\/anna\\\/\"}]}<\/script>\n<!-- \/ Yoast SEO plugin. -->","yoast_head_json":{"title":"La Fundaci\u00f3n Impulsa presenta su proyecto con j\u00f3venes a los empresarios del Alt Pened\u00e8s - Fundacio Impulsa","description":"La Fundaci\u00f3n Impulsa ha presentado este jueves 9 de octubre de 2025 su proyecto a los empresarios y representantes institucionales del Alt Pened\u00e8s, en un acto celebrado en el Espacio Cultural F\u00f3rum Berger Balaguer de Vilafranca del Pened\u00e8s, con el objetivo de dar a conocer su labor con j\u00f3venes en situaci\u00f3n de vulnerabilidad y con motivaci\u00f3n para continuar estudiando ciclos de Formaci\u00f3n Profesional, y establecer v\u00ednculos con el tejido empresarial del territorio, una pieza clave para el desarrollo y la sostenibilidad del proyecto.","robots":{"index":"index","follow":"follow","max-snippet":"max-snippet:-1","max-image-preview":"max-image-preview:large","max-video-preview":"max-video-preview:-1"},"canonical":"https:\/\/www.fundacioimpulsa.org\/es\/la-fundacion-impulsa-presenta-su-proyecto-con-jovenes-a-los-empresarios-del-alt-penedes\/","og_locale":"es_ES","og_type":"article","og_title":"La Fundaci\u00f3n Impulsa presenta su proyecto con j\u00f3venes a los empresarios del Alt Pened\u00e8s - Fundacio Impulsa","og_description":"La Fundaci\u00f3n Impulsa ha presentado este jueves 9 de octubre de 2025 su proyecto a los empresarios y representantes institucionales del Alt Pened\u00e8s, en un acto celebrado en el Espacio Cultural F\u00f3rum Berger Balaguer de Vilafranca del Pened\u00e8s, con el objetivo de dar a conocer su labor con j\u00f3venes en situaci\u00f3n de vulnerabilidad y con motivaci\u00f3n para continuar estudiando ciclos de Formaci\u00f3n Profesional, y establecer v\u00ednculos con el tejido empresarial del territorio, una pieza clave para el desarrollo y la sostenibilidad del proyecto.","og_url":"https:\/\/www.fundacioimpulsa.org\/es\/la-fundacion-impulsa-presenta-su-proyecto-con-jovenes-a-los-empresarios-del-alt-penedes\/","og_site_name":"Fundacio Impulsa","article_published_time":"2025-10-09T17:02:06+00:00","article_modified_time":"2025-10-10T11:20:15+00:00","og_image":[{"width":2016,"height":1134,"url":"https:\/\/www.fundacioimpulsa.org\/wp-content\/uploads\/2025\/10\/FundacioImpulsa_AltPenedes_2025-109.jpg","type":"image\/jpeg"}],"author":"anna","twitter_card":"summary_large_image","twitter_misc":{"Escrito por":"anna","Tiempo de lectura":"5 minutos"},"schema":{"@context":"https:\/\/schema.org","@graph":[{"@type":"Article","@id":"https:\/\/www.fundacioimpulsa.org\/es\/la-fundacion-impulsa-presenta-su-proyecto-con-jovenes-a-los-empresarios-del-alt-penedes\/#article","isPartOf":{"@id":"https:\/\/www.fundacioimpulsa.org\/es\/la-fundacion-impulsa-presenta-su-proyecto-con-jovenes-a-los-empresarios-del-alt-penedes\/"},"author":{"name":"anna","@id":"https:\/\/www.fundacioimpulsa.org\/es\/#\/schema\/person\/8093abda9188d9065d7a02992af09c00"},"headline":"La Fundaci\u00f3n Impulsa presenta su proyecto con j\u00f3venes a los empresarios del Alt Pened\u00e8s","datePublished":"2025-10-09T17:02:06+00:00","dateModified":"2025-10-10T11:20:15+00:00","mainEntityOfPage":{"@id":"https:\/\/www.fundacioimpulsa.org\/es\/la-fundacion-impulsa-presenta-su-proyecto-con-jovenes-a-los-empresarios-del-alt-penedes\/"},"wordCount":783,"image":{"@id":"https:\/\/www.fundacioimpulsa.org\/es\/la-fundacion-impulsa-presenta-su-proyecto-con-jovenes-a-los-empresarios-del-alt-penedes\/#primaryimage"},"thumbnailUrl":"https:\/\/www.fundacioimpulsa.org\/wp-content\/uploads\/2025\/10\/FundacioImpulsa_AltPenedes_2025-109.jpg","keywords":["#OrganizacionesImpulsoras"],"articleSection":["D\u00eda a D\u00eda","Noticias"],"inLanguage":"es"},{"@type":"WebPage","@id":"https:\/\/www.fundacioimpulsa.org\/es\/la-fundacion-impulsa-presenta-su-proyecto-con-jovenes-a-los-empresarios-del-alt-penedes\/","url":"https:\/\/www.fundacioimpulsa.org\/es\/la-fundacion-impulsa-presenta-su-proyecto-con-jovenes-a-los-empresarios-del-alt-penedes\/","name":"La Fundaci\u00f3n Impulsa presenta su proyecto con j\u00f3venes a los empresarios del Alt Pened\u00e8s - Fundacio Impulsa","isPartOf":{"@id":"https:\/\/www.fundacioimpulsa.org\/es\/#website"},"primaryImageOfPage":{"@id":"https:\/\/www.fundacioimpulsa.org\/es\/la-fundacion-impulsa-presenta-su-proyecto-con-jovenes-a-los-empresarios-del-alt-penedes\/#primaryimage"},"image":{"@id":"https:\/\/www.fundacioimpulsa.org\/es\/la-fundacion-impulsa-presenta-su-proyecto-con-jovenes-a-los-empresarios-del-alt-penedes\/#primaryimage"},"thumbnailUrl":"https:\/\/www.fundacioimpulsa.org\/wp-content\/uploads\/2025\/10\/FundacioImpulsa_AltPenedes_2025-109.jpg","datePublished":"2025-10-09T17:02:06+00:00","dateModified":"2025-10-10T11:20:15+00:00","author":{"@id":"https:\/\/www.fundacioimpulsa.org\/es\/#\/schema\/person\/8093abda9188d9065d7a02992af09c00"},"description":"La Fundaci\u00f3n Impulsa ha presentado este jueves 9 de octubre de 2025 su proyecto a los empresarios y representantes institucionales del Alt Pened\u00e8s, en un acto celebrado en el Espacio Cultural F\u00f3rum Berger Balaguer de Vilafranca del Pened\u00e8s, con el objetivo de dar a conocer su labor con j\u00f3venes en situaci\u00f3n de vulnerabilidad y con motivaci\u00f3n para continuar estudiando ciclos de Formaci\u00f3n Profesional, y establecer v\u00ednculos con el tejido empresarial del territorio, una pieza clave para el desarrollo y la sostenibilidad del proyecto.","breadcrumb":{"@id":"https:\/\/www.fundacioimpulsa.org\/es\/la-fundacion-impulsa-presenta-su-proyecto-con-jovenes-a-los-empresarios-del-alt-penedes\/#breadcrumb"},"inLanguage":"es","potentialAction":[{"@type":"ReadAction","target":["https:\/\/www.fundacioimpulsa.org\/es\/la-fundacion-impulsa-presenta-su-proyecto-con-jovenes-a-los-empresarios-del-alt-penedes\/"]}]},{"@type":"ImageObject","inLanguage":"es","@id":"https:\/\/www.fundacioimpulsa.org\/es\/la-fundacion-impulsa-presenta-su-proyecto-con-jovenes-a-los-empresarios-del-alt-penedes\/#primaryimage","url":"https:\/\/www.fundacioimpulsa.org\/wp-content\/uploads\/2025\/10\/FundacioImpulsa_AltPenedes_2025-109.jpg","contentUrl":"https:\/\/www.fundacioimpulsa.org\/wp-content\/uploads\/2025\/10\/FundacioImpulsa_AltPenedes_2025-109.jpg","width":2016,"height":1134},{"@type":"BreadcrumbList","@id":"https:\/\/www.fundacioimpulsa.org\/es\/la-fundacion-impulsa-presenta-su-proyecto-con-jovenes-a-los-empresarios-del-alt-penedes\/#breadcrumb","itemListElement":[{"@type":"ListItem","position":1,"name":"Inici","item":"https:\/\/www.fundacioimpulsa.org\/es\/fundacio-impulsa\/"},{"@type":"ListItem","position":2,"name":"La Fundaci\u00f3n Impulsa presenta su proyecto con j\u00f3venes a los empresarios del Alt Pened\u00e8s"}]},{"@type":"WebSite","@id":"https:\/\/www.fundacioimpulsa.org\/es\/#website","url":"https:\/\/www.fundacioimpulsa.org\/es\/","name":"Fundacio Impulsa","description":"","potentialAction":[{"@type":"SearchAction","target":{"@type":"EntryPoint","urlTemplate":"https:\/\/www.fundacioimpulsa.org\/es\/?s={search_term_string}"},"query-input":{"@type":"PropertyValueSpecification","valueRequired":true,"valueName":"search_term_string"}}],"inLanguage":"es"},{"@type":"Person","@id":"https:\/\/www.fundacioimpulsa.org\/es\/#\/schema\/person\/8093abda9188d9065d7a02992af09c00","name":"anna","image":{"@type":"ImageObject","inLanguage":"es","@id":"https:\/\/secure.gravatar.com\/avatar\/098ca997a3814bde9b9ec5e5dfa4ad0ee9a251cd4cf1b86b7c008606c50d48c9?s=96&d=mm&r=g","url":"https:\/\/secure.gravatar.com\/avatar\/098ca997a3814bde9b9ec5e5dfa4ad0ee9a251cd4cf1b86b7c008606c50d48c9?s=96&d=mm&r=g","contentUrl":"https:\/\/secure.gravatar.com\/avatar\/098ca997a3814bde9b9ec5e5dfa4ad0ee9a251cd4cf1b86b7c008606c50d48c9?s=96&d=mm&r=g","caption":"anna"},"url":"https:\/\/www.fundacioimpulsa.org\/es\/author\/anna\/"}]}},"publishpress_future_action":{"enabled":false,"date":"2026-05-05 08:05:30","action":"change-status","newStatus":"draft","terms":[],"taxonomy":"category","extraData":[]},"publishpress_future_workflow_manual_trigger":{"enabledWorkflows":[]},"_links":{"self":[{"href":"https:\/\/www.fundacioimpulsa.org\/es\/wp-json\/wp\/v2\/posts\/13538","targetHints":{"allow":["GET"]}}],"collection":[{"href":"https:\/\/www.fundacioimpulsa.org\/es\/wp-json\/wp\/v2\/posts"}],"about":[{"href":"https:\/\/www.fundacioimpulsa.org\/es\/wp-json\/wp\/v2\/types\/post"}],"author":[{"embeddable":true,"href":"https:\/\/www.fundacioimpulsa.org\/es\/wp-json\/wp\/v2\/users\/10"}],"replies":[{"embeddable":true,"href":"https:\/\/www.fundacioimpulsa.org\/es\/wp-json\/wp\/v2\/comments?post=13538"}],"version-history":[{"count":4,"href":"https:\/\/www.fundacioimpulsa.org\/es\/wp-json\/wp\/v2\/posts\/13538\/revisions"}],"predecessor-version":[{"id":13547,"href":"https:\/\/www.fundacioimpulsa.org\/es\/wp-json\/wp\/v2\/posts\/13538\/revisions\/13547"}],"wp:featuredmedia":[{"embeddable":true,"href":"https:\/\/www.fundacioimpulsa.org\/es\/wp-json\/wp\/v2\/media\/13529"}],"wp:attachment":[{"href":"https:\/\/www.fundacioimpulsa.org\/es\/wp-json\/wp\/v2\/media?parent=13538"}],"wp:term":[{"taxonomy":"category","embeddable":true,"href":"https:\/\/www.fundacioimpulsa.org\/es\/wp-json\/wp\/v2\/categories?post=13538"},{"taxonomy":"post_tag","embeddable":true,"href":"https:\/\/www.fundacioimpulsa.org\/es\/wp-json\/wp\/v2\/tags?post=13538"}],"curies":[{"name":"wp","href":"https:\/\/api.w.org\/{rel}","templated":true}]}}