{"id":13546,"date":"2025-10-10T12:06:22","date_gmt":"2025-10-10T10:06:22","guid":{"rendered":"https:\/\/www.fundacioimpulsa.org\/?p=13546"},"modified":"2025-10-13T12:08:12","modified_gmt":"2025-10-13T10:08:12","slug":"la-garrotxa-conecta-su-talento-joven-con-las-empresas-en-una-jornada-de-entrevistas-rapidas","status":"publish","type":"post","link":"https:\/\/www.fundacioimpulsa.org\/es\/la-garrotxa-conecta-su-talento-joven-con-las-empresas-en-una-jornada-de-entrevistas-rapidas\/","title":{"rendered":"La Garrotxa conecta su talento joven con las empresas en una jornada de entrevistas r\u00e1pidas"},"content":{"rendered":"<p><img loading=\"lazy\" decoding=\"async\" class=\"alignnone wp-image-13533\" src=\"https:\/\/www.fundacioimpulsa.org\/wp-content\/uploads\/2025\/10\/SpeedDatingGarrotxa_2025-1-300x226.jpeg\" alt=\"\" width=\"720\" height=\"542\" srcset=\"https:\/\/www.fundacioimpulsa.org\/wp-content\/uploads\/2025\/10\/SpeedDatingGarrotxa_2025-1-300x226.jpeg 300w, https:\/\/www.fundacioimpulsa.org\/wp-content\/uploads\/2025\/10\/SpeedDatingGarrotxa_2025-1-1030x775.jpeg 1030w, https:\/\/www.fundacioimpulsa.org\/wp-content\/uploads\/2025\/10\/SpeedDatingGarrotxa_2025-1-768x578.jpeg 768w, https:\/\/www.fundacioimpulsa.org\/wp-content\/uploads\/2025\/10\/SpeedDatingGarrotxa_2025-1-1536x1156.jpeg 1536w, https:\/\/www.fundacioimpulsa.org\/wp-content\/uploads\/2025\/10\/SpeedDatingGarrotxa_2025-1-1500x1129.jpeg 1500w, https:\/\/www.fundacioimpulsa.org\/wp-content\/uploads\/2025\/10\/SpeedDatingGarrotxa_2025-1-705x531.jpeg 705w, https:\/\/www.fundacioimpulsa.org\/wp-content\/uploads\/2025\/10\/SpeedDatingGarrotxa_2025-1-704x530.jpeg 704w, https:\/\/www.fundacioimpulsa.org\/wp-content\/uploads\/2025\/10\/SpeedDatingGarrotxa_2025-1-280x211.jpeg 280w, https:\/\/www.fundacioimpulsa.org\/wp-content\/uploads\/2025\/10\/SpeedDatingGarrotxa_2025-1.jpeg 1600w\" sizes=\"auto, (max-width: 720px) 100vw, 720px\" \/><\/p>\n<p>La Fundaci\u00f3n Impulsa y Din\u00e0miG han organizado esta ma\u00f1ana la sesi\u00f3n <b><span data-contrast=\"auto\"><em>\u00abConecta con el talento joven de la Garrotxa\u00bb<\/em><\/span><\/b>, con el objetivo de acercar a j\u00f3venes estudiantes de ciclos formativos de grado medio y superior al tejido empresarial de la comarca mediante entrevistas r\u00e1pidas con empresas del territorio. El acto ha contado con la presencia de Jordi Rabat, Embajador de la Fundaci\u00f3n Impulsa en la Garrotxa, as\u00ed como de Vanessa Catal\u00e1n, Concejala de Empleo, Formaci\u00f3n y Talento del Ayuntamiento, con la participaci\u00f3n de m\u00e1s de 40 j\u00f3venes de la comarca que estudian en diferentes centros educativos y algunos reciben la beca y el acompa\u00f1amiento de Impulsa, y 8 empresas\/entidades de la Garrotxa: Corriol, Fageda, Hospital comarcal de Olot y La Garrotxa, Tavil, Simon, Saurina, Manxa y Din\u00e0miG de La Garrotxa. La jornada se ha realizado en las instalaciones de la Fundaci\u00f3n de Estudios Superiores de Olot (FES).<\/p>\n<p data-start=\"1074\" data-end=\"1147\"><strong data-start=\"1074\" data-end=\"1145\"><b>Una oportunidad para captar talento y promover la inserci\u00f3n laboral<\/b><\/strong><\/p>\n<p data-start=\"1149\" data-end=\"1457\">El objetivo de esta iniciativa es doble: facilitar que los j\u00f3venes puedan conocer de primera mano la realidad del mercado laboral y, al mismo tiempo, ofrecer a las empresas la oportunidad de detectar nuevo talento emergente. A trav\u00e9s de un formato din\u00e1mico y pr\u00e1ctico, los j\u00f3venes participantes han podido:<\/p>\n<ul data-start=\"1459\" data-end=\"1756\">\n<li data-start=\"1459\" data-end=\"1528\">\n<p data-start=\"1461\" data-end=\"1528\">Mantener entrevistas breves con empresas de su sector de inter\u00e9s.<\/p>\n<\/li>\n<li data-start=\"1529\" data-end=\"1603\">\n<p data-start=\"1531\" data-end=\"1603\">Conocer cu\u00e1les son las competencias m\u00e1s valoradas en el mundo laboral.<\/p>\n<\/li>\n<li data-start=\"1604\" data-end=\"1670\">\n<p data-start=\"1606\" data-end=\"1670\">Explorar posibles opciones de pr\u00e1cticas y\/o inserci\u00f3n laboral.<\/p>\n<\/li>\n<li data-start=\"1671\" data-end=\"1756\">\n<p data-start=\"1673\" data-end=\"1756\">Practicar y mejorar sus habilidades de comunicaci\u00f3n en una entrevista de trabajo.<\/p>\n<\/li>\n<\/ul>\n<p data-start=\"1758\" data-end=\"2032\">Para las empresas participantes, esta jornada es una acci\u00f3n pedag\u00f3gica y de inserci\u00f3n que les permite conocer estudiantes formados en diferentes \u00e1mbitos profesionales, acercarse a futuros profesionales cualificados y contribuir activamente al desarrollo del talento local.<\/p>\n<p data-start=\"2034\" data-end=\"2278\">El evento es fruto de la colaboraci\u00f3n entre la Fundaci\u00f3n Impulsa y Din\u00e0miG, que trabajan para promover la Formaci\u00f3n Profesional como herramienta clave para la inserci\u00f3n laboral e impulsar la empleabilidad juvenil en la comarca de la Garrotxa.<\/p>\n","protected":false},"excerpt":{"rendered":"<p>La Fundaci\u00f3n Impulsa y Din\u00e0miG han organizado esta ma\u00f1ana la sesi\u00f3n \u00abConecta con el talento joven de la Garrotxa\u00bb, con el objetivo de acercar a j\u00f3venes estudiantes de ciclos formativos de grado medio y superior al tejido empresarial de la comarca mediante entrevistas r\u00e1pidas con empresas del territorio.<\/p>\n","protected":false},"author":10,"featured_media":13534,"comment_status":"closed","ping_status":"closed","sticky":false,"template":"","format":"standard","meta":{"_acf_changed":false,"footnotes":""},"categories":[72,76],"tags":[115],"class_list":["post-13546","post","type-post","status-publish","format-standard","has-post-thumbnail","hentry","category-dia-a-dia-es","category-noticies-es","tag-formacio-es"],"acf":[],"yoast_head":"<!-- This site is optimized with the Yoast SEO plugin v27.3 - https:\/\/yoast.com\/product\/yoast-seo-wordpress\/ -->\n<title>La Garrotxa conecta su talento joven con las empresas en una jornada de entrevistas r\u00e1pidas - Fundacio Impulsa<\/title>\n<meta name=\"description\" content=\"La Fundaci\u00f3n Impulsa y Din\u00e0miG han organizado esta ma\u00f1ana la sesi\u00f3n &quot;Conecta con el talento joven de la Garrotxa&quot;, con el objetivo de acercar a j\u00f3venes estudiantes de ciclos formativos de grado medio y superior al tejido empresarial de la comarca mediante entrevistas r\u00e1pidas con empresas del territorio.\" \/>\n<meta name=\"robots\" content=\"index, follow, max-snippet:-1, max-image-preview:large, max-video-preview:-1\" \/>\n<link rel=\"canonical\" href=\"https:\/\/www.fundacioimpulsa.org\/es\/la-garrotxa-conecta-su-talento-joven-con-las-empresas-en-una-jornada-de-entrevistas-rapidas\/\" \/>\n<meta property=\"og:locale\" content=\"es_ES\" \/>\n<meta property=\"og:type\" content=\"article\" \/>\n<meta property=\"og:title\" content=\"La Garrotxa conecta su talento joven con las empresas en una jornada de entrevistas r\u00e1pidas - Fundacio Impulsa\" \/>\n<meta property=\"og:description\" content=\"La Fundaci\u00f3n Impulsa y Din\u00e0miG han organizado esta ma\u00f1ana la sesi\u00f3n &quot;Conecta con el talento joven de la Garrotxa&quot;, con el objetivo de acercar a j\u00f3venes estudiantes de ciclos formativos de grado medio y superior al tejido empresarial de la comarca mediante entrevistas r\u00e1pidas con empresas del territorio.\" \/>\n<meta property=\"og:url\" content=\"https:\/\/www.fundacioimpulsa.org\/es\/la-garrotxa-conecta-su-talento-joven-con-las-empresas-en-una-jornada-de-entrevistas-rapidas\/\" \/>\n<meta property=\"og:site_name\" content=\"Fundacio Impulsa\" \/>\n<meta property=\"article:published_time\" content=\"2025-10-10T10:06:22+00:00\" \/>\n<meta property=\"article:modified_time\" content=\"2025-10-13T10:08:12+00:00\" \/>\n<meta property=\"og:image\" content=\"https:\/\/www.fundacioimpulsa.org\/wp-content\/uploads\/2025\/10\/SpeedDatingGarrotxa_2025-1.jpeg\" \/>\n\t<meta property=\"og:image:width\" content=\"1600\" \/>\n\t<meta property=\"og:image:height\" content=\"1204\" \/>\n\t<meta property=\"og:image:type\" content=\"image\/jpeg\" \/>\n<meta name=\"author\" content=\"anna\" \/>\n<meta name=\"twitter:card\" content=\"summary_large_image\" \/>\n<meta name=\"twitter:label1\" content=\"Escrito por\" \/>\n\t<meta name=\"twitter:data1\" content=\"anna\" \/>\n\t<meta name=\"twitter:label2\" content=\"Tiempo de lectura\" \/>\n\t<meta name=\"twitter:data2\" content=\"2 minutos\" \/>\n<script type=\"application\/ld+json\" class=\"yoast-schema-graph\">{\"@context\":\"https:\\\/\\\/schema.org\",\"@graph\":[{\"@type\":\"Article\",\"@id\":\"https:\\\/\\\/www.fundacioimpulsa.org\\\/es\\\/la-garrotxa-conecta-su-talento-joven-con-las-empresas-en-una-jornada-de-entrevistas-rapidas\\\/#article\",\"isPartOf\":{\"@id\":\"https:\\\/\\\/www.fundacioimpulsa.org\\\/es\\\/la-garrotxa-conecta-su-talento-joven-con-las-empresas-en-una-jornada-de-entrevistas-rapidas\\\/\"},\"author\":{\"name\":\"anna\",\"@id\":\"https:\\\/\\\/www.fundacioimpulsa.org\\\/es\\\/#\\\/schema\\\/person\\\/8093abda9188d9065d7a02992af09c00\"},\"headline\":\"La Garrotxa conecta su talento joven con las empresas en una jornada de entrevistas r\u00e1pidas\",\"datePublished\":\"2025-10-10T10:06:22+00:00\",\"dateModified\":\"2025-10-13T10:08:12+00:00\",\"mainEntityOfPage\":{\"@id\":\"https:\\\/\\\/www.fundacioimpulsa.org\\\/es\\\/la-garrotxa-conecta-su-talento-joven-con-las-empresas-en-una-jornada-de-entrevistas-rapidas\\\/\"},\"wordCount\":372,\"image\":{\"@id\":\"https:\\\/\\\/www.fundacioimpulsa.org\\\/es\\\/la-garrotxa-conecta-su-talento-joven-con-las-empresas-en-una-jornada-de-entrevistas-rapidas\\\/#primaryimage\"},\"thumbnailUrl\":\"https:\\\/\\\/www.fundacioimpulsa.org\\\/wp-content\\\/uploads\\\/2025\\\/10\\\/SpeedDatingGarrotxa_2025-1.jpeg\",\"keywords\":[\"#Formaci\u00f3n\"],\"articleSection\":[\"D\u00eda a D\u00eda\",\"Noticias\"],\"inLanguage\":\"es\"},{\"@type\":\"WebPage\",\"@id\":\"https:\\\/\\\/www.fundacioimpulsa.org\\\/es\\\/la-garrotxa-conecta-su-talento-joven-con-las-empresas-en-una-jornada-de-entrevistas-rapidas\\\/\",\"url\":\"https:\\\/\\\/www.fundacioimpulsa.org\\\/es\\\/la-garrotxa-conecta-su-talento-joven-con-las-empresas-en-una-jornada-de-entrevistas-rapidas\\\/\",\"name\":\"La Garrotxa conecta su talento joven con las empresas en una jornada de entrevistas r\u00e1pidas - Fundacio Impulsa\",\"isPartOf\":{\"@id\":\"https:\\\/\\\/www.fundacioimpulsa.org\\\/es\\\/#website\"},\"primaryImageOfPage\":{\"@id\":\"https:\\\/\\\/www.fundacioimpulsa.org\\\/es\\\/la-garrotxa-conecta-su-talento-joven-con-las-empresas-en-una-jornada-de-entrevistas-rapidas\\\/#primaryimage\"},\"image\":{\"@id\":\"https:\\\/\\\/www.fundacioimpulsa.org\\\/es\\\/la-garrotxa-conecta-su-talento-joven-con-las-empresas-en-una-jornada-de-entrevistas-rapidas\\\/#primaryimage\"},\"thumbnailUrl\":\"https:\\\/\\\/www.fundacioimpulsa.org\\\/wp-content\\\/uploads\\\/2025\\\/10\\\/SpeedDatingGarrotxa_2025-1.jpeg\",\"datePublished\":\"2025-10-10T10:06:22+00:00\",\"dateModified\":\"2025-10-13T10:08:12+00:00\",\"author\":{\"@id\":\"https:\\\/\\\/www.fundacioimpulsa.org\\\/es\\\/#\\\/schema\\\/person\\\/8093abda9188d9065d7a02992af09c00\"},\"description\":\"La Fundaci\u00f3n Impulsa y Din\u00e0miG han organizado esta ma\u00f1ana la sesi\u00f3n \\\"Conecta con el talento joven de la Garrotxa\\\", con el objetivo de acercar a j\u00f3venes estudiantes de ciclos formativos de grado medio y superior al tejido empresarial de la comarca mediante entrevistas r\u00e1pidas con empresas del territorio.\",\"breadcrumb\":{\"@id\":\"https:\\\/\\\/www.fundacioimpulsa.org\\\/es\\\/la-garrotxa-conecta-su-talento-joven-con-las-empresas-en-una-jornada-de-entrevistas-rapidas\\\/#breadcrumb\"},\"inLanguage\":\"es\",\"potentialAction\":[{\"@type\":\"ReadAction\",\"target\":[\"https:\\\/\\\/www.fundacioimpulsa.org\\\/es\\\/la-garrotxa-conecta-su-talento-joven-con-las-empresas-en-una-jornada-de-entrevistas-rapidas\\\/\"]}]},{\"@type\":\"ImageObject\",\"inLanguage\":\"es\",\"@id\":\"https:\\\/\\\/www.fundacioimpulsa.org\\\/es\\\/la-garrotxa-conecta-su-talento-joven-con-las-empresas-en-una-jornada-de-entrevistas-rapidas\\\/#primaryimage\",\"url\":\"https:\\\/\\\/www.fundacioimpulsa.org\\\/wp-content\\\/uploads\\\/2025\\\/10\\\/SpeedDatingGarrotxa_2025-1.jpeg\",\"contentUrl\":\"https:\\\/\\\/www.fundacioimpulsa.org\\\/wp-content\\\/uploads\\\/2025\\\/10\\\/SpeedDatingGarrotxa_2025-1.jpeg\",\"width\":1600,\"height\":1204},{\"@type\":\"BreadcrumbList\",\"@id\":\"https:\\\/\\\/www.fundacioimpulsa.org\\\/es\\\/la-garrotxa-conecta-su-talento-joven-con-las-empresas-en-una-jornada-de-entrevistas-rapidas\\\/#breadcrumb\",\"itemListElement\":[{\"@type\":\"ListItem\",\"position\":1,\"name\":\"Inici\",\"item\":\"https:\\\/\\\/www.fundacioimpulsa.org\\\/es\\\/fundacio-impulsa\\\/\"},{\"@type\":\"ListItem\",\"position\":2,\"name\":\"La Garrotxa conecta su talento joven con las empresas en una jornada de entrevistas r\u00e1pidas\"}]},{\"@type\":\"WebSite\",\"@id\":\"https:\\\/\\\/www.fundacioimpulsa.org\\\/es\\\/#website\",\"url\":\"https:\\\/\\\/www.fundacioimpulsa.org\\\/es\\\/\",\"name\":\"Fundacio Impulsa\",\"description\":\"\",\"potentialAction\":[{\"@type\":\"SearchAction\",\"target\":{\"@type\":\"EntryPoint\",\"urlTemplate\":\"https:\\\/\\\/www.fundacioimpulsa.org\\\/es\\\/?s={search_term_string}\"},\"query-input\":{\"@type\":\"PropertyValueSpecification\",\"valueRequired\":true,\"valueName\":\"search_term_string\"}}],\"inLanguage\":\"es\"},{\"@type\":\"Person\",\"@id\":\"https:\\\/\\\/www.fundacioimpulsa.org\\\/es\\\/#\\\/schema\\\/person\\\/8093abda9188d9065d7a02992af09c00\",\"name\":\"anna\",\"image\":{\"@type\":\"ImageObject\",\"inLanguage\":\"es\",\"@id\":\"https:\\\/\\\/secure.gravatar.com\\\/avatar\\\/098ca997a3814bde9b9ec5e5dfa4ad0ee9a251cd4cf1b86b7c008606c50d48c9?s=96&d=mm&r=g\",\"url\":\"https:\\\/\\\/secure.gravatar.com\\\/avatar\\\/098ca997a3814bde9b9ec5e5dfa4ad0ee9a251cd4cf1b86b7c008606c50d48c9?s=96&d=mm&r=g\",\"contentUrl\":\"https:\\\/\\\/secure.gravatar.com\\\/avatar\\\/098ca997a3814bde9b9ec5e5dfa4ad0ee9a251cd4cf1b86b7c008606c50d48c9?s=96&d=mm&r=g\",\"caption\":\"anna\"},\"url\":\"https:\\\/\\\/www.fundacioimpulsa.org\\\/es\\\/author\\\/anna\\\/\"}]}<\/script>\n<!-- \/ Yoast SEO plugin. -->","yoast_head_json":{"title":"La Garrotxa conecta su talento joven con las empresas en una jornada de entrevistas r\u00e1pidas - Fundacio Impulsa","description":"La Fundaci\u00f3n Impulsa y Din\u00e0miG han organizado esta ma\u00f1ana la sesi\u00f3n \"Conecta con el talento joven de la Garrotxa\", con el objetivo de acercar a j\u00f3venes estudiantes de ciclos formativos de grado medio y superior al tejido empresarial de la comarca mediante entrevistas r\u00e1pidas con empresas del territorio.","robots":{"index":"index","follow":"follow","max-snippet":"max-snippet:-1","max-image-preview":"max-image-preview:large","max-video-preview":"max-video-preview:-1"},"canonical":"https:\/\/www.fundacioimpulsa.org\/es\/la-garrotxa-conecta-su-talento-joven-con-las-empresas-en-una-jornada-de-entrevistas-rapidas\/","og_locale":"es_ES","og_type":"article","og_title":"La Garrotxa conecta su talento joven con las empresas en una jornada de entrevistas r\u00e1pidas - Fundacio Impulsa","og_description":"La Fundaci\u00f3n Impulsa y Din\u00e0miG han organizado esta ma\u00f1ana la sesi\u00f3n \"Conecta con el talento joven de la Garrotxa\", con el objetivo de acercar a j\u00f3venes estudiantes de ciclos formativos de grado medio y superior al tejido empresarial de la comarca mediante entrevistas r\u00e1pidas con empresas del territorio.","og_url":"https:\/\/www.fundacioimpulsa.org\/es\/la-garrotxa-conecta-su-talento-joven-con-las-empresas-en-una-jornada-de-entrevistas-rapidas\/","og_site_name":"Fundacio Impulsa","article_published_time":"2025-10-10T10:06:22+00:00","article_modified_time":"2025-10-13T10:08:12+00:00","og_image":[{"width":1600,"height":1204,"url":"https:\/\/www.fundacioimpulsa.org\/wp-content\/uploads\/2025\/10\/SpeedDatingGarrotxa_2025-1.jpeg","type":"image\/jpeg"}],"author":"anna","twitter_card":"summary_large_image","twitter_misc":{"Escrito por":"anna","Tiempo de lectura":"2 minutos"},"schema":{"@context":"https:\/\/schema.org","@graph":[{"@type":"Article","@id":"https:\/\/www.fundacioimpulsa.org\/es\/la-garrotxa-conecta-su-talento-joven-con-las-empresas-en-una-jornada-de-entrevistas-rapidas\/#article","isPartOf":{"@id":"https:\/\/www.fundacioimpulsa.org\/es\/la-garrotxa-conecta-su-talento-joven-con-las-empresas-en-una-jornada-de-entrevistas-rapidas\/"},"author":{"name":"anna","@id":"https:\/\/www.fundacioimpulsa.org\/es\/#\/schema\/person\/8093abda9188d9065d7a02992af09c00"},"headline":"La Garrotxa conecta su talento joven con las empresas en una jornada de entrevistas r\u00e1pidas","datePublished":"2025-10-10T10:06:22+00:00","dateModified":"2025-10-13T10:08:12+00:00","mainEntityOfPage":{"@id":"https:\/\/www.fundacioimpulsa.org\/es\/la-garrotxa-conecta-su-talento-joven-con-las-empresas-en-una-jornada-de-entrevistas-rapidas\/"},"wordCount":372,"image":{"@id":"https:\/\/www.fundacioimpulsa.org\/es\/la-garrotxa-conecta-su-talento-joven-con-las-empresas-en-una-jornada-de-entrevistas-rapidas\/#primaryimage"},"thumbnailUrl":"https:\/\/www.fundacioimpulsa.org\/wp-content\/uploads\/2025\/10\/SpeedDatingGarrotxa_2025-1.jpeg","keywords":["#Formaci\u00f3n"],"articleSection":["D\u00eda a D\u00eda","Noticias"],"inLanguage":"es"},{"@type":"WebPage","@id":"https:\/\/www.fundacioimpulsa.org\/es\/la-garrotxa-conecta-su-talento-joven-con-las-empresas-en-una-jornada-de-entrevistas-rapidas\/","url":"https:\/\/www.fundacioimpulsa.org\/es\/la-garrotxa-conecta-su-talento-joven-con-las-empresas-en-una-jornada-de-entrevistas-rapidas\/","name":"La Garrotxa conecta su talento joven con las empresas en una jornada de entrevistas r\u00e1pidas - Fundacio Impulsa","isPartOf":{"@id":"https:\/\/www.fundacioimpulsa.org\/es\/#website"},"primaryImageOfPage":{"@id":"https:\/\/www.fundacioimpulsa.org\/es\/la-garrotxa-conecta-su-talento-joven-con-las-empresas-en-una-jornada-de-entrevistas-rapidas\/#primaryimage"},"image":{"@id":"https:\/\/www.fundacioimpulsa.org\/es\/la-garrotxa-conecta-su-talento-joven-con-las-empresas-en-una-jornada-de-entrevistas-rapidas\/#primaryimage"},"thumbnailUrl":"https:\/\/www.fundacioimpulsa.org\/wp-content\/uploads\/2025\/10\/SpeedDatingGarrotxa_2025-1.jpeg","datePublished":"2025-10-10T10:06:22+00:00","dateModified":"2025-10-13T10:08:12+00:00","author":{"@id":"https:\/\/www.fundacioimpulsa.org\/es\/#\/schema\/person\/8093abda9188d9065d7a02992af09c00"},"description":"La Fundaci\u00f3n Impulsa y Din\u00e0miG han organizado esta ma\u00f1ana la sesi\u00f3n \"Conecta con el talento joven de la Garrotxa\", con el objetivo de acercar a j\u00f3venes estudiantes de ciclos formativos de grado medio y superior al tejido empresarial de la comarca mediante entrevistas r\u00e1pidas con empresas del territorio.","breadcrumb":{"@id":"https:\/\/www.fundacioimpulsa.org\/es\/la-garrotxa-conecta-su-talento-joven-con-las-empresas-en-una-jornada-de-entrevistas-rapidas\/#breadcrumb"},"inLanguage":"es","potentialAction":[{"@type":"ReadAction","target":["https:\/\/www.fundacioimpulsa.org\/es\/la-garrotxa-conecta-su-talento-joven-con-las-empresas-en-una-jornada-de-entrevistas-rapidas\/"]}]},{"@type":"ImageObject","inLanguage":"es","@id":"https:\/\/www.fundacioimpulsa.org\/es\/la-garrotxa-conecta-su-talento-joven-con-las-empresas-en-una-jornada-de-entrevistas-rapidas\/#primaryimage","url":"https:\/\/www.fundacioimpulsa.org\/wp-content\/uploads\/2025\/10\/SpeedDatingGarrotxa_2025-1.jpeg","contentUrl":"https:\/\/www.fundacioimpulsa.org\/wp-content\/uploads\/2025\/10\/SpeedDatingGarrotxa_2025-1.jpeg","width":1600,"height":1204},{"@type":"BreadcrumbList","@id":"https:\/\/www.fundacioimpulsa.org\/es\/la-garrotxa-conecta-su-talento-joven-con-las-empresas-en-una-jornada-de-entrevistas-rapidas\/#breadcrumb","itemListElement":[{"@type":"ListItem","position":1,"name":"Inici","item":"https:\/\/www.fundacioimpulsa.org\/es\/fundacio-impulsa\/"},{"@type":"ListItem","position":2,"name":"La Garrotxa conecta su talento joven con las empresas en una jornada de entrevistas r\u00e1pidas"}]},{"@type":"WebSite","@id":"https:\/\/www.fundacioimpulsa.org\/es\/#website","url":"https:\/\/www.fundacioimpulsa.org\/es\/","name":"Fundacio Impulsa","description":"","potentialAction":[{"@type":"SearchAction","target":{"@type":"EntryPoint","urlTemplate":"https:\/\/www.fundacioimpulsa.org\/es\/?s={search_term_string}"},"query-input":{"@type":"PropertyValueSpecification","valueRequired":true,"valueName":"search_term_string"}}],"inLanguage":"es"},{"@type":"Person","@id":"https:\/\/www.fundacioimpulsa.org\/es\/#\/schema\/person\/8093abda9188d9065d7a02992af09c00","name":"anna","image":{"@type":"ImageObject","inLanguage":"es","@id":"https:\/\/secure.gravatar.com\/avatar\/098ca997a3814bde9b9ec5e5dfa4ad0ee9a251cd4cf1b86b7c008606c50d48c9?s=96&d=mm&r=g","url":"https:\/\/secure.gravatar.com\/avatar\/098ca997a3814bde9b9ec5e5dfa4ad0ee9a251cd4cf1b86b7c008606c50d48c9?s=96&d=mm&r=g","contentUrl":"https:\/\/secure.gravatar.com\/avatar\/098ca997a3814bde9b9ec5e5dfa4ad0ee9a251cd4cf1b86b7c008606c50d48c9?s=96&d=mm&r=g","caption":"anna"},"url":"https:\/\/www.fundacioimpulsa.org\/es\/author\/anna\/"}]}},"publishpress_future_action":{"enabled":false,"date":"2026-05-05 06:41:37","action":"change-status","newStatus":"draft","terms":[],"taxonomy":"category","extraData":[]},"publishpress_future_workflow_manual_trigger":{"enabledWorkflows":[]},"_links":{"self":[{"href":"https:\/\/www.fundacioimpulsa.org\/es\/wp-json\/wp\/v2\/posts\/13546","targetHints":{"allow":["GET"]}}],"collection":[{"href":"https:\/\/www.fundacioimpulsa.org\/es\/wp-json\/wp\/v2\/posts"}],"about":[{"href":"https:\/\/www.fundacioimpulsa.org\/es\/wp-json\/wp\/v2\/types\/post"}],"author":[{"embeddable":true,"href":"https:\/\/www.fundacioimpulsa.org\/es\/wp-json\/wp\/v2\/users\/10"}],"replies":[{"embeddable":true,"href":"https:\/\/www.fundacioimpulsa.org\/es\/wp-json\/wp\/v2\/comments?post=13546"}],"version-history":[{"count":2,"href":"https:\/\/www.fundacioimpulsa.org\/es\/wp-json\/wp\/v2\/posts\/13546\/revisions"}],"predecessor-version":[{"id":13549,"href":"https:\/\/www.fundacioimpulsa.org\/es\/wp-json\/wp\/v2\/posts\/13546\/revisions\/13549"}],"wp:featuredmedia":[{"embeddable":true,"href":"https:\/\/www.fundacioimpulsa.org\/es\/wp-json\/wp\/v2\/media\/13534"}],"wp:attachment":[{"href":"https:\/\/www.fundacioimpulsa.org\/es\/wp-json\/wp\/v2\/media?parent=13546"}],"wp:term":[{"taxonomy":"category","embeddable":true,"href":"https:\/\/www.fundacioimpulsa.org\/es\/wp-json\/wp\/v2\/categories?post=13546"},{"taxonomy":"post_tag","embeddable":true,"href":"https:\/\/www.fundacioimpulsa.org\/es\/wp-json\/wp\/v2\/tags?post=13546"}],"curies":[{"name":"wp","href":"https:\/\/api.w.org\/{rel}","templated":true}]}}