{"id":13568,"date":"2025-10-15T06:01:32","date_gmt":"2025-10-15T04:01:32","guid":{"rendered":"https:\/\/www.fundacioimpulsa.org\/?p=13568"},"modified":"2025-10-15T17:13:35","modified_gmt":"2025-10-15T15:13:35","slug":"recibimos-el-premio-fpcat-2025-a-las-buenas-practicas-en-el-ambito-de-la-formacion-profesional","status":"publish","type":"post","link":"https:\/\/www.fundacioimpulsa.org\/es\/recibimos-el-premio-fpcat-2025-a-las-buenas-practicas-en-el-ambito-de-la-formacion-profesional\/","title":{"rendered":"Recibimos el Premio FPCat 2025 a las buenas pr\u00e1cticas en el \u00e1mbito de la Formaci\u00f3n Profesional"},"content":{"rendered":"<p data-start=\"199\" data-end=\"474\"><img loading=\"lazy\" decoding=\"async\" class=\"alignnone wp-image-13553\" src=\"https:\/\/www.fundacioimpulsa.org\/wp-content\/uploads\/2025\/10\/DSC_3208_4-300x200.jpg\" alt=\"\" width=\"719\" height=\"479\" srcset=\"https:\/\/www.fundacioimpulsa.org\/wp-content\/uploads\/2025\/10\/DSC_3208_4-300x200.jpg 300w, https:\/\/www.fundacioimpulsa.org\/wp-content\/uploads\/2025\/10\/DSC_3208_4-1030x687.jpg 1030w, https:\/\/www.fundacioimpulsa.org\/wp-content\/uploads\/2025\/10\/DSC_3208_4-768x512.jpg 768w, https:\/\/www.fundacioimpulsa.org\/wp-content\/uploads\/2025\/10\/DSC_3208_4-1536x1024.jpg 1536w, https:\/\/www.fundacioimpulsa.org\/wp-content\/uploads\/2025\/10\/DSC_3208_4-2048x1366.jpg 2048w, https:\/\/www.fundacioimpulsa.org\/wp-content\/uploads\/2025\/10\/DSC_3208_4-1500x1000.jpg 1500w, https:\/\/www.fundacioimpulsa.org\/wp-content\/uploads\/2025\/10\/DSC_3208_4-705x470.jpg 705w, https:\/\/www.fundacioimpulsa.org\/wp-content\/uploads\/2025\/10\/DSC_3208_4-795x530.jpg 795w, https:\/\/www.fundacioimpulsa.org\/wp-content\/uploads\/2025\/10\/DSC_3208_4-315x211.jpg 315w\" sizes=\"auto, (max-width: 719px) 100vw, 719px\" \/><\/p>\n<p data-start=\"199\" data-end=\"474\">La Fundaci\u00f3n Impulsa est\u00e1 de enhorabuena. Ha sido una de las entidades galardonadas en la sexta edici\u00f3n de los <strong data-start=\"1074\" data-end=\"1145\"><b>Premios #FPCAT 2024<\/b><\/strong>, que reconocen las buenas pr\u00e1cticas y las contribuciones significativas a la construcci\u00f3n de una formaci\u00f3n profesional de calidad en Catalu\u00f1a.<\/p>\n<p data-start=\"476\" data-end=\"962\">La consejera de Educaci\u00f3n y Formaci\u00f3n Profesional, <strong data-start=\"1074\" data-end=\"1145\"><b>Ester Niub\u00f3<\/b><\/strong>, y el consejero de Empresa y Trabajo, <strong data-start=\"1074\" data-end=\"1145\"><b>Miquel S\u00e0mper<\/b><\/strong>, entregaron un total de 14 galardones a trayectorias individuales, centros de formaci\u00f3n profesional, empresas, entidades y personas usuarias de centros formativos. El acto cont\u00f3 con la presencia de la presidenta de la Fundaci\u00f3n Impulsa, <strong data-start=\"1074\" data-end=\"1145\"><b>Andrea Carandell<\/b><\/strong>, quien recogi\u00f3 el premio en nombre de la entidad. Carandell se mostr\u00f3 muy satisfecha con el galard\u00f3n y destac\u00f3 que \u201cdesde la Fundaci\u00f3n Impulsa promovemos la igualdad de oportunidades para que todos los j\u00f3venes puedan formarse y construir su futuro profesional a trav\u00e9s de la Formaci\u00f3n Profesional. Este premio reconoce nuestra apuesta por una FP inclusiva, conectada con el territorio y con valor social, y nos anima a seguir trabajando para que ning\u00fan joven se quede atr\u00e1s por motivos econ\u00f3micos o sociales.\u201d<\/p>\n<p data-start=\"1369\" data-end=\"1405\"><strong><b>Impacto social y educativo<\/b><\/strong><\/p>\n<p data-start=\"1407\" data-end=\"1748\">La Fundaci\u00f3n Impulsa fue distinguida por la Generalitat en la categor\u00eda de buenas pr\u00e1cticas en empresas y otras entidades, que premia \u201clas iniciativas p\u00fablicas o privadas que contribuyen a fortalecer el sistema de formaci\u00f3n profesional desde una perspectiva de calidad, inclusi\u00f3n y colaboraci\u00f3n con el territorio\u201d, seg\u00fan destac\u00f3 el jurado.<\/p>\n<p data-start=\"1750\" data-end=\"2193\">Este reconocimiento pone en valor una d\u00e9cada de trabajo, ya que desde su creaci\u00f3n en 2015 en Osona promueve la igualdad de oportunidades entre j\u00f3venes en situaci\u00f3n de vulnerabilidad socioecon\u00f3mica para que puedan estudiar ciclos de Formaci\u00f3n Profesional. Los resultados son muy positivos: en una d\u00e9cada se han becado m\u00e1s de 780 j\u00f3venes en Catalu\u00f1a y m\u00e1s del 80% han finalizado sus estudios de FP, muy por encima del 50% de la media catalana.\u00a0El jurado de los Premios #FPCAT2024 tambi\u00e9n valor\u00f3 que, respecto a la inserci\u00f3n laboral, \u201cel 64% de los j\u00f3venes graduados en formaci\u00f3n profesional vinculados a la Fundaci\u00f3n trabajan seis meses despu\u00e9s de finalizar sus estudios, con un grado de satisfacci\u00f3n del 82,5%. En acciones espec\u00edficas como las visitas a empresas y los speed datings, se ha alcanzado una inserci\u00f3n del 32%.\u201d<\/p>\n<p data-start=\"2579\" data-end=\"3279\">La Fundaci\u00f3n Impulsa representa un modelo innovador, inclusivo y arraigado al territorio, que convierte la formaci\u00f3n profesional en una herramienta real de transformaci\u00f3n social. El proyecto social est\u00e1 actualmente presente en 13 territorios de Catalu\u00f1a y, en el curso 2025\/26, la Fundaci\u00f3n Impulsa acompa\u00f1a a 361 j\u00f3venes repartidos entre estas comarcas. El impacto territorial es notable: a trav\u00e9s de la mentor\u00eda, el voluntariado y la colaboraci\u00f3n con agentes locales, la Fundaci\u00f3n impulsa el empoderamiento de los j\u00f3venes y su participaci\u00f3n activa en la sociedad. El programa \u201cImpulsa Oportunitats\u201d facilita la inserci\u00f3n laboral mediante acciones de intermediaci\u00f3n y asesoramiento a empresas.<\/p>\n<p data-start=\"3286\" data-end=\"3316\"><strong data-start=\"3290\" data-end=\"3314\"><b>El tejido productivo<\/b><\/strong><\/p>\n<p data-start=\"3318\" data-end=\"3923\">La labor de la Fundaci\u00f3n Impulsa tiene un impacto directo en el desarrollo social y econ\u00f3mico del territorio. A trav\u00e9s del trabajo en red con ayuntamientos, empresas, centros educativos y entidades locales, impulsa la creaci\u00f3n de v\u00ednculos comunitarios y profesionales que favorecen la cohesi\u00f3n social y la competitividad del tejido productivo. Gracias a la colaboraci\u00f3n de m\u00e1s de 220 Organizaciones Impulsoras y a figuras como los Embajadores\/as territoriales, la Fundaci\u00f3n conecta a los j\u00f3venes con las necesidades del mercado laboral y contribuye a revertir los altos \u00edndices de desempleo juvenil.<\/p>\n<p data-start=\"3318\" data-end=\"3923\"><img loading=\"lazy\" decoding=\"async\" class=\"alignnone wp-image-13555\" src=\"https:\/\/www.fundacioimpulsa.org\/wp-content\/uploads\/2025\/10\/DSC_3696_3-300x200.jpg\" alt=\"\" width=\"719\" height=\"480\" srcset=\"https:\/\/www.fundacioimpulsa.org\/wp-content\/uploads\/2025\/10\/DSC_3696_3-300x200.jpg 300w, https:\/\/www.fundacioimpulsa.org\/wp-content\/uploads\/2025\/10\/DSC_3696_3-1030x687.jpg 1030w, https:\/\/www.fundacioimpulsa.org\/wp-content\/uploads\/2025\/10\/DSC_3696_3-768x512.jpg 768w, https:\/\/www.fundacioimpulsa.org\/wp-content\/uploads\/2025\/10\/DSC_3696_3-1536x1024.jpg 1536w, https:\/\/www.fundacioimpulsa.org\/wp-content\/uploads\/2025\/10\/DSC_3696_3-2048x1365.jpg 2048w, https:\/\/www.fundacioimpulsa.org\/wp-content\/uploads\/2025\/10\/DSC_3696_3-1500x1000.jpg 1500w, https:\/\/www.fundacioimpulsa.org\/wp-content\/uploads\/2025\/10\/DSC_3696_3-705x470.jpg 705w, https:\/\/www.fundacioimpulsa.org\/wp-content\/uploads\/2025\/10\/DSC_3696_3-795x530.jpg 795w, https:\/\/www.fundacioimpulsa.org\/wp-content\/uploads\/2025\/10\/DSC_3696_3-315x211.jpg 315w\" sizes=\"auto, (max-width: 719px) 100vw, 719px\" \/><\/p>\n","protected":false},"excerpt":{"rendered":"<p>La Fundaci\u00f3n Impulsa est\u00e1 de enhorabuena. Ha sido una de las entidades galardonadas en la sexta edici\u00f3n de los Premios #FPCAT 2024, que reconocen las buenas pr\u00e1cticas y las contribuciones significativas a la construcci\u00f3n de una formaci\u00f3n profesional de calidad en Catalu\u00f1a.<\/p>\n","protected":false},"author":10,"featured_media":13554,"comment_status":"closed","ping_status":"closed","sticky":false,"template":"","format":"standard","meta":{"_acf_changed":false,"footnotes":""},"categories":[72,76,129],"tags":[87],"class_list":["post-13568","post","type-post","status-publish","format-standard","has-post-thumbnail","hentry","category-dia-a-dia-es","category-noticies-es","category-reconeixements","tag-reconeixementsocial-es"],"acf":[],"yoast_head":"<!-- This site is optimized with the Yoast SEO plugin v27.3 - https:\/\/yoast.com\/product\/yoast-seo-wordpress\/ -->\n<title>Recibimos el Premio FPCat 2025 a las buenas pr\u00e1cticas en el \u00e1mbito de la Formaci\u00f3n Profesional - Fundacio Impulsa<\/title>\n<meta name=\"description\" content=\"La Fundaci\u00f3n Impulsa est\u00e1 de enhorabuena. Ha sido una de las entidades galardonadas en la sexta edici\u00f3n de los Premios #FPCAT 2024, que reconocen las buenas pr\u00e1cticas y las contribuciones significativas a la construcci\u00f3n de una formaci\u00f3n profesional de calidad en Catalu\u00f1a.\" \/>\n<meta name=\"robots\" content=\"index, follow, max-snippet:-1, max-image-preview:large, max-video-preview:-1\" \/>\n<link rel=\"canonical\" href=\"https:\/\/www.fundacioimpulsa.org\/es\/recibimos-el-premio-fpcat-2025-a-las-buenas-practicas-en-el-ambito-de-la-formacion-profesional\/\" \/>\n<meta property=\"og:locale\" content=\"es_ES\" \/>\n<meta property=\"og:type\" content=\"article\" \/>\n<meta property=\"og:title\" content=\"Recibimos el Premio FPCat 2025 a las buenas pr\u00e1cticas en el \u00e1mbito de la Formaci\u00f3n Profesional - Fundacio Impulsa\" \/>\n<meta property=\"og:description\" content=\"La Fundaci\u00f3n Impulsa est\u00e1 de enhorabuena. Ha sido una de las entidades galardonadas en la sexta edici\u00f3n de los Premios #FPCAT 2024, que reconocen las buenas pr\u00e1cticas y las contribuciones significativas a la construcci\u00f3n de una formaci\u00f3n profesional de calidad en Catalu\u00f1a.\" \/>\n<meta property=\"og:url\" content=\"https:\/\/www.fundacioimpulsa.org\/es\/recibimos-el-premio-fpcat-2025-a-las-buenas-practicas-en-el-ambito-de-la-formacion-profesional\/\" \/>\n<meta property=\"og:site_name\" content=\"Fundacio Impulsa\" \/>\n<meta property=\"article:published_time\" content=\"2025-10-15T04:01:32+00:00\" \/>\n<meta property=\"article:modified_time\" content=\"2025-10-15T15:13:35+00:00\" \/>\n<meta property=\"og:image\" content=\"https:\/\/www.fundacioimpulsa.org\/wp-content\/uploads\/2025\/10\/DSC_3208_4-1030x687.jpg\" \/>\n\t<meta property=\"og:image:width\" content=\"1030\" \/>\n\t<meta property=\"og:image:height\" content=\"687\" \/>\n\t<meta property=\"og:image:type\" content=\"image\/jpeg\" \/>\n<meta name=\"author\" content=\"anna\" \/>\n<meta name=\"twitter:card\" content=\"summary_large_image\" \/>\n<meta name=\"twitter:label1\" content=\"Escrito por\" \/>\n\t<meta name=\"twitter:data1\" content=\"anna\" \/>\n<script type=\"application\/ld+json\" class=\"yoast-schema-graph\">{\"@context\":\"https:\\\/\\\/schema.org\",\"@graph\":[{\"@type\":\"Article\",\"@id\":\"https:\\\/\\\/www.fundacioimpulsa.org\\\/es\\\/recibimos-el-premio-fpcat-2025-a-las-buenas-practicas-en-el-ambito-de-la-formacion-profesional\\\/#article\",\"isPartOf\":{\"@id\":\"https:\\\/\\\/www.fundacioimpulsa.org\\\/es\\\/recibimos-el-premio-fpcat-2025-a-las-buenas-practicas-en-el-ambito-de-la-formacion-profesional\\\/\"},\"author\":{\"name\":\"anna\",\"@id\":\"https:\\\/\\\/www.fundacioimpulsa.org\\\/es\\\/#\\\/schema\\\/person\\\/8093abda9188d9065d7a02992af09c00\"},\"headline\":\"Recibimos el Premio FPCat 2025 a las buenas pr\u00e1cticas en el \u00e1mbito de la Formaci\u00f3n Profesional\",\"datePublished\":\"2025-10-15T04:01:32+00:00\",\"dateModified\":\"2025-10-15T15:13:35+00:00\",\"mainEntityOfPage\":{\"@id\":\"https:\\\/\\\/www.fundacioimpulsa.org\\\/es\\\/recibimos-el-premio-fpcat-2025-a-las-buenas-practicas-en-el-ambito-de-la-formacion-profesional\\\/\"},\"wordCount\":637,\"image\":{\"@id\":\"https:\\\/\\\/www.fundacioimpulsa.org\\\/es\\\/recibimos-el-premio-fpcat-2025-a-las-buenas-practicas-en-el-ambito-de-la-formacion-profesional\\\/#primaryimage\"},\"thumbnailUrl\":\"https:\\\/\\\/www.fundacioimpulsa.org\\\/wp-content\\\/uploads\\\/2025\\\/10\\\/DSC_3208_4-scaled.jpg\",\"keywords\":[\"#Reconeixementsocial\"],\"articleSection\":[\"D\u00eda a D\u00eda\",\"Noticias\",\"Reconeixements\"],\"inLanguage\":\"es\"},{\"@type\":\"WebPage\",\"@id\":\"https:\\\/\\\/www.fundacioimpulsa.org\\\/es\\\/recibimos-el-premio-fpcat-2025-a-las-buenas-practicas-en-el-ambito-de-la-formacion-profesional\\\/\",\"url\":\"https:\\\/\\\/www.fundacioimpulsa.org\\\/es\\\/recibimos-el-premio-fpcat-2025-a-las-buenas-practicas-en-el-ambito-de-la-formacion-profesional\\\/\",\"name\":\"Recibimos el Premio FPCat 2025 a las buenas pr\u00e1cticas en el \u00e1mbito de la Formaci\u00f3n Profesional - Fundacio Impulsa\",\"isPartOf\":{\"@id\":\"https:\\\/\\\/www.fundacioimpulsa.org\\\/es\\\/#website\"},\"primaryImageOfPage\":{\"@id\":\"https:\\\/\\\/www.fundacioimpulsa.org\\\/es\\\/recibimos-el-premio-fpcat-2025-a-las-buenas-practicas-en-el-ambito-de-la-formacion-profesional\\\/#primaryimage\"},\"image\":{\"@id\":\"https:\\\/\\\/www.fundacioimpulsa.org\\\/es\\\/recibimos-el-premio-fpcat-2025-a-las-buenas-practicas-en-el-ambito-de-la-formacion-profesional\\\/#primaryimage\"},\"thumbnailUrl\":\"https:\\\/\\\/www.fundacioimpulsa.org\\\/wp-content\\\/uploads\\\/2025\\\/10\\\/DSC_3208_4-scaled.jpg\",\"datePublished\":\"2025-10-15T04:01:32+00:00\",\"dateModified\":\"2025-10-15T15:13:35+00:00\",\"author\":{\"@id\":\"https:\\\/\\\/www.fundacioimpulsa.org\\\/es\\\/#\\\/schema\\\/person\\\/8093abda9188d9065d7a02992af09c00\"},\"description\":\"La Fundaci\u00f3n Impulsa est\u00e1 de enhorabuena. Ha sido una de las entidades galardonadas en la sexta edici\u00f3n de los Premios #FPCAT 2024, que reconocen las buenas pr\u00e1cticas y las contribuciones significativas a la construcci\u00f3n de una formaci\u00f3n profesional de calidad en Catalu\u00f1a.\",\"breadcrumb\":{\"@id\":\"https:\\\/\\\/www.fundacioimpulsa.org\\\/es\\\/recibimos-el-premio-fpcat-2025-a-las-buenas-practicas-en-el-ambito-de-la-formacion-profesional\\\/#breadcrumb\"},\"inLanguage\":\"es\",\"potentialAction\":[{\"@type\":\"ReadAction\",\"target\":[\"https:\\\/\\\/www.fundacioimpulsa.org\\\/es\\\/recibimos-el-premio-fpcat-2025-a-las-buenas-practicas-en-el-ambito-de-la-formacion-profesional\\\/\"]}]},{\"@type\":\"ImageObject\",\"inLanguage\":\"es\",\"@id\":\"https:\\\/\\\/www.fundacioimpulsa.org\\\/es\\\/recibimos-el-premio-fpcat-2025-a-las-buenas-practicas-en-el-ambito-de-la-formacion-profesional\\\/#primaryimage\",\"url\":\"https:\\\/\\\/www.fundacioimpulsa.org\\\/wp-content\\\/uploads\\\/2025\\\/10\\\/DSC_3208_4-scaled.jpg\",\"contentUrl\":\"https:\\\/\\\/www.fundacioimpulsa.org\\\/wp-content\\\/uploads\\\/2025\\\/10\\\/DSC_3208_4-scaled.jpg\",\"width\":2560,\"height\":1707},{\"@type\":\"BreadcrumbList\",\"@id\":\"https:\\\/\\\/www.fundacioimpulsa.org\\\/es\\\/recibimos-el-premio-fpcat-2025-a-las-buenas-practicas-en-el-ambito-de-la-formacion-profesional\\\/#breadcrumb\",\"itemListElement\":[{\"@type\":\"ListItem\",\"position\":1,\"name\":\"Inici\",\"item\":\"https:\\\/\\\/www.fundacioimpulsa.org\\\/es\\\/fundacio-impulsa\\\/\"},{\"@type\":\"ListItem\",\"position\":2,\"name\":\"Recibimos el Premio FPCat 2025 a las buenas pr\u00e1cticas en el \u00e1mbito de la Formaci\u00f3n Profesional\"}]},{\"@type\":\"WebSite\",\"@id\":\"https:\\\/\\\/www.fundacioimpulsa.org\\\/es\\\/#website\",\"url\":\"https:\\\/\\\/www.fundacioimpulsa.org\\\/es\\\/\",\"name\":\"Fundacio Impulsa\",\"description\":\"\",\"potentialAction\":[{\"@type\":\"SearchAction\",\"target\":{\"@type\":\"EntryPoint\",\"urlTemplate\":\"https:\\\/\\\/www.fundacioimpulsa.org\\\/es\\\/?s={search_term_string}\"},\"query-input\":{\"@type\":\"PropertyValueSpecification\",\"valueRequired\":true,\"valueName\":\"search_term_string\"}}],\"inLanguage\":\"es\"},{\"@type\":\"Person\",\"@id\":\"https:\\\/\\\/www.fundacioimpulsa.org\\\/es\\\/#\\\/schema\\\/person\\\/8093abda9188d9065d7a02992af09c00\",\"name\":\"anna\",\"image\":{\"@type\":\"ImageObject\",\"inLanguage\":\"es\",\"@id\":\"https:\\\/\\\/secure.gravatar.com\\\/avatar\\\/098ca997a3814bde9b9ec5e5dfa4ad0ee9a251cd4cf1b86b7c008606c50d48c9?s=96&d=mm&r=g\",\"url\":\"https:\\\/\\\/secure.gravatar.com\\\/avatar\\\/098ca997a3814bde9b9ec5e5dfa4ad0ee9a251cd4cf1b86b7c008606c50d48c9?s=96&d=mm&r=g\",\"contentUrl\":\"https:\\\/\\\/secure.gravatar.com\\\/avatar\\\/098ca997a3814bde9b9ec5e5dfa4ad0ee9a251cd4cf1b86b7c008606c50d48c9?s=96&d=mm&r=g\",\"caption\":\"anna\"},\"url\":\"https:\\\/\\\/www.fundacioimpulsa.org\\\/es\\\/author\\\/anna\\\/\"}]}<\/script>\n<!-- \/ Yoast SEO plugin. -->","yoast_head_json":{"title":"Recibimos el Premio FPCat 2025 a las buenas pr\u00e1cticas en el \u00e1mbito de la Formaci\u00f3n Profesional - Fundacio Impulsa","description":"La Fundaci\u00f3n Impulsa est\u00e1 de enhorabuena. Ha sido una de las entidades galardonadas en la sexta edici\u00f3n de los Premios #FPCAT 2024, que reconocen las buenas pr\u00e1cticas y las contribuciones significativas a la construcci\u00f3n de una formaci\u00f3n profesional de calidad en Catalu\u00f1a.","robots":{"index":"index","follow":"follow","max-snippet":"max-snippet:-1","max-image-preview":"max-image-preview:large","max-video-preview":"max-video-preview:-1"},"canonical":"https:\/\/www.fundacioimpulsa.org\/es\/recibimos-el-premio-fpcat-2025-a-las-buenas-practicas-en-el-ambito-de-la-formacion-profesional\/","og_locale":"es_ES","og_type":"article","og_title":"Recibimos el Premio FPCat 2025 a las buenas pr\u00e1cticas en el \u00e1mbito de la Formaci\u00f3n Profesional - Fundacio Impulsa","og_description":"La Fundaci\u00f3n Impulsa est\u00e1 de enhorabuena. Ha sido una de las entidades galardonadas en la sexta edici\u00f3n de los Premios #FPCAT 2024, que reconocen las buenas pr\u00e1cticas y las contribuciones significativas a la construcci\u00f3n de una formaci\u00f3n profesional de calidad en Catalu\u00f1a.","og_url":"https:\/\/www.fundacioimpulsa.org\/es\/recibimos-el-premio-fpcat-2025-a-las-buenas-practicas-en-el-ambito-de-la-formacion-profesional\/","og_site_name":"Fundacio Impulsa","article_published_time":"2025-10-15T04:01:32+00:00","article_modified_time":"2025-10-15T15:13:35+00:00","og_image":[{"width":1030,"height":687,"url":"https:\/\/www.fundacioimpulsa.org\/wp-content\/uploads\/2025\/10\/DSC_3208_4-1030x687.jpg","type":"image\/jpeg"}],"author":"anna","twitter_card":"summary_large_image","twitter_misc":{"Escrito por":"anna"},"schema":{"@context":"https:\/\/schema.org","@graph":[{"@type":"Article","@id":"https:\/\/www.fundacioimpulsa.org\/es\/recibimos-el-premio-fpcat-2025-a-las-buenas-practicas-en-el-ambito-de-la-formacion-profesional\/#article","isPartOf":{"@id":"https:\/\/www.fundacioimpulsa.org\/es\/recibimos-el-premio-fpcat-2025-a-las-buenas-practicas-en-el-ambito-de-la-formacion-profesional\/"},"author":{"name":"anna","@id":"https:\/\/www.fundacioimpulsa.org\/es\/#\/schema\/person\/8093abda9188d9065d7a02992af09c00"},"headline":"Recibimos el Premio FPCat 2025 a las buenas pr\u00e1cticas en el \u00e1mbito de la Formaci\u00f3n Profesional","datePublished":"2025-10-15T04:01:32+00:00","dateModified":"2025-10-15T15:13:35+00:00","mainEntityOfPage":{"@id":"https:\/\/www.fundacioimpulsa.org\/es\/recibimos-el-premio-fpcat-2025-a-las-buenas-practicas-en-el-ambito-de-la-formacion-profesional\/"},"wordCount":637,"image":{"@id":"https:\/\/www.fundacioimpulsa.org\/es\/recibimos-el-premio-fpcat-2025-a-las-buenas-practicas-en-el-ambito-de-la-formacion-profesional\/#primaryimage"},"thumbnailUrl":"https:\/\/www.fundacioimpulsa.org\/wp-content\/uploads\/2025\/10\/DSC_3208_4-scaled.jpg","keywords":["#Reconeixementsocial"],"articleSection":["D\u00eda a D\u00eda","Noticias","Reconeixements"],"inLanguage":"es"},{"@type":"WebPage","@id":"https:\/\/www.fundacioimpulsa.org\/es\/recibimos-el-premio-fpcat-2025-a-las-buenas-practicas-en-el-ambito-de-la-formacion-profesional\/","url":"https:\/\/www.fundacioimpulsa.org\/es\/recibimos-el-premio-fpcat-2025-a-las-buenas-practicas-en-el-ambito-de-la-formacion-profesional\/","name":"Recibimos el Premio FPCat 2025 a las buenas pr\u00e1cticas en el \u00e1mbito de la Formaci\u00f3n Profesional - Fundacio Impulsa","isPartOf":{"@id":"https:\/\/www.fundacioimpulsa.org\/es\/#website"},"primaryImageOfPage":{"@id":"https:\/\/www.fundacioimpulsa.org\/es\/recibimos-el-premio-fpcat-2025-a-las-buenas-practicas-en-el-ambito-de-la-formacion-profesional\/#primaryimage"},"image":{"@id":"https:\/\/www.fundacioimpulsa.org\/es\/recibimos-el-premio-fpcat-2025-a-las-buenas-practicas-en-el-ambito-de-la-formacion-profesional\/#primaryimage"},"thumbnailUrl":"https:\/\/www.fundacioimpulsa.org\/wp-content\/uploads\/2025\/10\/DSC_3208_4-scaled.jpg","datePublished":"2025-10-15T04:01:32+00:00","dateModified":"2025-10-15T15:13:35+00:00","author":{"@id":"https:\/\/www.fundacioimpulsa.org\/es\/#\/schema\/person\/8093abda9188d9065d7a02992af09c00"},"description":"La Fundaci\u00f3n Impulsa est\u00e1 de enhorabuena. Ha sido una de las entidades galardonadas en la sexta edici\u00f3n de los Premios #FPCAT 2024, que reconocen las buenas pr\u00e1cticas y las contribuciones significativas a la construcci\u00f3n de una formaci\u00f3n profesional de calidad en Catalu\u00f1a.","breadcrumb":{"@id":"https:\/\/www.fundacioimpulsa.org\/es\/recibimos-el-premio-fpcat-2025-a-las-buenas-practicas-en-el-ambito-de-la-formacion-profesional\/#breadcrumb"},"inLanguage":"es","potentialAction":[{"@type":"ReadAction","target":["https:\/\/www.fundacioimpulsa.org\/es\/recibimos-el-premio-fpcat-2025-a-las-buenas-practicas-en-el-ambito-de-la-formacion-profesional\/"]}]},{"@type":"ImageObject","inLanguage":"es","@id":"https:\/\/www.fundacioimpulsa.org\/es\/recibimos-el-premio-fpcat-2025-a-las-buenas-practicas-en-el-ambito-de-la-formacion-profesional\/#primaryimage","url":"https:\/\/www.fundacioimpulsa.org\/wp-content\/uploads\/2025\/10\/DSC_3208_4-scaled.jpg","contentUrl":"https:\/\/www.fundacioimpulsa.org\/wp-content\/uploads\/2025\/10\/DSC_3208_4-scaled.jpg","width":2560,"height":1707},{"@type":"BreadcrumbList","@id":"https:\/\/www.fundacioimpulsa.org\/es\/recibimos-el-premio-fpcat-2025-a-las-buenas-practicas-en-el-ambito-de-la-formacion-profesional\/#breadcrumb","itemListElement":[{"@type":"ListItem","position":1,"name":"Inici","item":"https:\/\/www.fundacioimpulsa.org\/es\/fundacio-impulsa\/"},{"@type":"ListItem","position":2,"name":"Recibimos el Premio FPCat 2025 a las buenas pr\u00e1cticas en el \u00e1mbito de la Formaci\u00f3n Profesional"}]},{"@type":"WebSite","@id":"https:\/\/www.fundacioimpulsa.org\/es\/#website","url":"https:\/\/www.fundacioimpulsa.org\/es\/","name":"Fundacio Impulsa","description":"","potentialAction":[{"@type":"SearchAction","target":{"@type":"EntryPoint","urlTemplate":"https:\/\/www.fundacioimpulsa.org\/es\/?s={search_term_string}"},"query-input":{"@type":"PropertyValueSpecification","valueRequired":true,"valueName":"search_term_string"}}],"inLanguage":"es"},{"@type":"Person","@id":"https:\/\/www.fundacioimpulsa.org\/es\/#\/schema\/person\/8093abda9188d9065d7a02992af09c00","name":"anna","image":{"@type":"ImageObject","inLanguage":"es","@id":"https:\/\/secure.gravatar.com\/avatar\/098ca997a3814bde9b9ec5e5dfa4ad0ee9a251cd4cf1b86b7c008606c50d48c9?s=96&d=mm&r=g","url":"https:\/\/secure.gravatar.com\/avatar\/098ca997a3814bde9b9ec5e5dfa4ad0ee9a251cd4cf1b86b7c008606c50d48c9?s=96&d=mm&r=g","contentUrl":"https:\/\/secure.gravatar.com\/avatar\/098ca997a3814bde9b9ec5e5dfa4ad0ee9a251cd4cf1b86b7c008606c50d48c9?s=96&d=mm&r=g","caption":"anna"},"url":"https:\/\/www.fundacioimpulsa.org\/es\/author\/anna\/"}]}},"publishpress_future_action":{"enabled":false,"date":"2026-05-05 04:59:16","action":"change-status","newStatus":"draft","terms":[],"taxonomy":"category","extraData":[]},"publishpress_future_workflow_manual_trigger":{"enabledWorkflows":[]},"_links":{"self":[{"href":"https:\/\/www.fundacioimpulsa.org\/es\/wp-json\/wp\/v2\/posts\/13568","targetHints":{"allow":["GET"]}}],"collection":[{"href":"https:\/\/www.fundacioimpulsa.org\/es\/wp-json\/wp\/v2\/posts"}],"about":[{"href":"https:\/\/www.fundacioimpulsa.org\/es\/wp-json\/wp\/v2\/types\/post"}],"author":[{"embeddable":true,"href":"https:\/\/www.fundacioimpulsa.org\/es\/wp-json\/wp\/v2\/users\/10"}],"replies":[{"embeddable":true,"href":"https:\/\/www.fundacioimpulsa.org\/es\/wp-json\/wp\/v2\/comments?post=13568"}],"version-history":[{"count":2,"href":"https:\/\/www.fundacioimpulsa.org\/es\/wp-json\/wp\/v2\/posts\/13568\/revisions"}],"predecessor-version":[{"id":13571,"href":"https:\/\/www.fundacioimpulsa.org\/es\/wp-json\/wp\/v2\/posts\/13568\/revisions\/13571"}],"wp:featuredmedia":[{"embeddable":true,"href":"https:\/\/www.fundacioimpulsa.org\/es\/wp-json\/wp\/v2\/media\/13554"}],"wp:attachment":[{"href":"https:\/\/www.fundacioimpulsa.org\/es\/wp-json\/wp\/v2\/media?parent=13568"}],"wp:term":[{"taxonomy":"category","embeddable":true,"href":"https:\/\/www.fundacioimpulsa.org\/es\/wp-json\/wp\/v2\/categories?post=13568"},{"taxonomy":"post_tag","embeddable":true,"href":"https:\/\/www.fundacioimpulsa.org\/es\/wp-json\/wp\/v2\/tags?post=13568"}],"curies":[{"name":"wp","href":"https:\/\/api.w.org\/{rel}","templated":true}]}}