{"id":13582,"date":"2025-10-18T10:00:12","date_gmt":"2025-10-18T08:00:12","guid":{"rendered":"https:\/\/www.fundacioimpulsa.org\/?p=13582"},"modified":"2025-10-20T09:16:12","modified_gmt":"2025-10-20T07:16:12","slug":"vi-un-simil-entre-lo-que-yo-habia-vivido-en-mis-inicios-como-emprendedora-y-lo-que-la-fundacion-impulsa-ofrece-a-los-jovenes-entrevista-a-anna-guixa","status":"publish","type":"post","link":"https:\/\/www.fundacioimpulsa.org\/es\/vi-un-simil-entre-lo-que-yo-habia-vivido-en-mis-inicios-como-emprendedora-y-lo-que-la-fundacion-impulsa-ofrece-a-los-jovenes-entrevista-a-anna-guixa\/","title":{"rendered":"\u00abVi un s\u00edmil entre lo que yo hab\u00eda vivido en mis inicios como emprendedora y lo que la Fundaci\u00f3n Impulsa ofrece a los j\u00f3venes\u201d \u2014 entrevista a Anna Guix\u00e0"},"content":{"rendered":"<p><img loading=\"lazy\" decoding=\"async\" class=\"alignnone wp-image-13574\" src=\"https:\/\/www.fundacioimpulsa.org\/wp-content\/uploads\/2025\/10\/Portada-noti-Fundacio-Impulsa-1-300x207.jpg\" alt=\"\" width=\"721\" height=\"498\" srcset=\"https:\/\/www.fundacioimpulsa.org\/wp-content\/uploads\/2025\/10\/Portada-noti-Fundacio-Impulsa-1-300x207.jpg 300w, https:\/\/www.fundacioimpulsa.org\/wp-content\/uploads\/2025\/10\/Portada-noti-Fundacio-Impulsa-1-306x211.jpg 306w, https:\/\/www.fundacioimpulsa.org\/wp-content\/uploads\/2025\/10\/Portada-noti-Fundacio-Impulsa-1.jpg 700w\" sizes=\"auto, (max-width: 721px) 100vw, 721px\" \/><\/p>\n<p>Anna Guix\u00e0 es Embajadora de la Fundaci\u00f3n Impulsa en el Moian\u00e8s desde 2020, a\u00f1o en que la entidad comenz\u00f3 a becar j\u00f3venes en esta comarca. Licenciada en Comunicaci\u00f3n Audiovisual y con un m\u00e1ster en Comunicaci\u00f3n Empresarial, tiene su propia empresa de comunicaci\u00f3n, desde donde ha aprendido a valorar la importancia de sentirse acompa\u00f1ada y de tener oportunidades. Tambi\u00e9n ha sido alcaldesa de Sant Quirze Safaja, donde conoci\u00f3 de primera mano el \u00e1mbito institucional.<\/p>\n<p data-start=\"746\" data-end=\"1011\"><strong data-start=\"746\" data-end=\"804\">\u00bfC\u00f3mo fue tu primer contacto con la Fundaci\u00f3n Impulsa?<\/strong><br data-start=\"804\" data-end=\"807\" \/>Conoc\u00eda bien el territorio, y Carles Cuy\u00e0s, entonces presidente de la Fundaci\u00f3n Impulsa, me pidi\u00f3 ayuda para acercar el proyecto de Impulsa al Moian\u00e8s, y <strong>de inmediato me pareci\u00f3 una propuesta muy buena<\/strong>.<\/p>\n<p data-start=\"1013\" data-end=\"1897\"><strong data-start=\"1013\" data-end=\"1043\">\u00bfQu\u00e9 te atrajo de Impulsa?<\/strong><br data-start=\"1043\" data-end=\"1046\" \/>Las empresas reciben muchas ofertas de colaboraci\u00f3n, y a m\u00ed me gust\u00f3 poder acercarles una propuesta de la que todos salen beneficiados. Las empresas apuestan por un joven para darle oportunidades y, a largo plazo, la empresa y el territorio tambi\u00e9n se benefician; es una apuesta de futuro bilateral. Mis inicios como emprendedora fueron dif\u00edciles, porque cuando eres tan joven nadie cree en ti y tienes la sensaci\u00f3n de que el mundo te devora. Pero hubo dos empresas que creyeron en m\u00ed, y eso me ayud\u00f3 mucho: me permiti\u00f3 llegar a donde estoy ahora. <strong>Vi un s\u00edmil entre lo que yo hab\u00eda vivido al principio como emprendedora y lo que la Fundaci\u00f3n Impulsa ofrece a los j\u00f3venes<\/strong>. Los Impulser son j\u00f3venes que necesitan apoyo para salir adelante, porque les faltan algunas herramientas, y desde Impulsa se les ofrece esta oportunidad de forjarse un futuro.<\/p>\n<blockquote>\n<p data-start=\"1013\" data-end=\"1897\">\u00abCuando emprend\u00ed, vi que era muy dif\u00edcil porque cuando eres tan joven nadie cree en ti y tienes la sensaci\u00f3n de que el mundo te devora.\u00bb<\/p>\n<\/blockquote>\n<p data-start=\"2041\" data-end=\"2722\"><strong data-start=\"2041\" data-end=\"2185\">Te defines como una persona creativa, eficiente y con gran iniciativa. \u00bfQu\u00e9 papel han tenido estas cualidades en tu crecimiento profesional?<\/strong><br data-start=\"2185\" data-end=\"2188\" \/>Nac\u00ed en Barcelona y, por circunstancias familiares, me mud\u00e9 a Sant Quirze Safaja, un pueblo de menos de 700 habitantes en el Moian\u00e8s. Una vez all\u00ed, a medida que me fueron conociendo y <strong>al ver que era una persona inquieta y emprendedora, me propusieron participar en el \u00e1mbito municipal. Me adentr\u00e9 en la pol\u00edtica como concejala y, al cabo de cuatro a\u00f1os, asum\u00ed la alcald\u00eda<\/strong>. Cuatro a\u00f1os despu\u00e9s, renov\u00e9 la alcald\u00eda y ganamos m\u00e1s concejales; as\u00ed que he sido alcaldesa durante ocho a\u00f1os, aunque siempre lo he compaginado con mi empresa.<\/p>\n<div id=\"attachment_13576\" style=\"width: 730px\" class=\"wp-caption alignnone\"><img loading=\"lazy\" decoding=\"async\" aria-describedby=\"caption-attachment-13576\" class=\"wp-image-13576\" src=\"https:\/\/www.fundacioimpulsa.org\/wp-content\/uploads\/2025\/10\/20190304_Puignero_ArribadaFibra-300x240.jpg\" alt=\"\" width=\"720\" height=\"576\" srcset=\"https:\/\/www.fundacioimpulsa.org\/wp-content\/uploads\/2025\/10\/20190304_Puignero_ArribadaFibra-300x240.jpg 300w, https:\/\/www.fundacioimpulsa.org\/wp-content\/uploads\/2025\/10\/20190304_Puignero_ArribadaFibra-768x614.jpg 768w, https:\/\/www.fundacioimpulsa.org\/wp-content\/uploads\/2025\/10\/20190304_Puignero_ArribadaFibra-705x564.jpg 705w, https:\/\/www.fundacioimpulsa.org\/wp-content\/uploads\/2025\/10\/20190304_Puignero_ArribadaFibra-663x530.jpg 663w, https:\/\/www.fundacioimpulsa.org\/wp-content\/uploads\/2025\/10\/20190304_Puignero_ArribadaFibra-264x211.jpg 264w, https:\/\/www.fundacioimpulsa.org\/wp-content\/uploads\/2025\/10\/20190304_Puignero_ArribadaFibra.jpg 1024w\" sizes=\"auto, (max-width: 720px) 100vw, 720px\" \/><p id=\"caption-attachment-13576\" class=\"wp-caption-text\">Anna Guix\u00e0, junto al exconsejero Jordi Puigner\u00f3, en la inauguraci\u00f3n del despliegue de fibra \u00f3ptica en el municipio.<\/p><\/div>\n<p data-start=\"2724\" data-end=\"3251\"><strong data-start=\"2724\" data-end=\"2840\">\u00bfEsta experiencia en pol\u00edtica te ha dado herramientas para ser Embajadora de la Fundaci\u00f3n Impulsa en el Moian\u00e8s?<\/strong><br data-start=\"2840\" data-end=\"2843\" \/>Conocer el sector p\u00fablico desde dentro me ha servido para ayudar a la Fundaci\u00f3n Impulsa a abrirse a las instituciones: los agentes p\u00fablicos necesitan iniciativas como Impulsa, y propuse que era necesario tocar la puerta de estos organismos y presentarles el proyecto. Tambi\u00e9n me permiti\u00f3 conocer a muchas personas, tanto del \u00e1mbito privado como p\u00fablico, y explicar el proyecto de Impulsa siempre que pod\u00eda.<\/p>\n<blockquote>\n<p data-start=\"2724\" data-end=\"3251\">\u00abLos agentes p\u00fablicos necesitan iniciativas como Impulsa, y propuse que era necesario tocar la puerta de estos organismos y presentarles el proyecto.\u00bb<\/p>\n<\/blockquote>\n<p data-start=\"3409\" data-end=\"3879\"><strong data-start=\"3409\" data-end=\"3470\">\u00bfPor qu\u00e9 crees que es importante la figura de Embajadora?<\/strong><br data-start=\"3470\" data-end=\"3473\" \/>Las Embajadoras y Embajadores somos referentes de confianza en el territorio y presentamos Impulsa con seguridad. <strong>Entre toda la variedad de entidades y propuestas colaborativas existentes, podemos presentar la Fundaci\u00f3n Impulsa como una apuesta competitiva<\/strong>. Es una herramienta s\u00f3lida que genera confianza, ya que las empresas e instituciones reciben Impulsa de la mano de alguien arraigado al territorio.<\/p>\n<p data-start=\"3881\" data-end=\"4493\"><strong data-start=\"3881\" data-end=\"3961\">Desde tus inicios como Embajadora, \u00bfc\u00f3mo has vivido la evoluci\u00f3n de Impulsa?<\/strong><br data-start=\"3961\" data-end=\"3964\" \/>Creo que la <strong>expansi\u00f3n territorial<\/strong> que ha realizado <strong>es vital y necesaria para dar oportunidades a todos los j\u00f3venes, y estoy contenta de que lo est\u00e9 haciendo con el objetivo de llegar a toda Catalu\u00f1a<\/strong>. Como m\u00e9todo, Impulsa es suficientemente flexible para mejorar d\u00eda a d\u00eda, y esta perfecci\u00f3n se logra teniendo un modelo estandarizado que, a la vez, permite adaptarse a cada joven. Eso es lo que permite ser una entidad con valor, que se ajusta a las necesidades de cada persona; porque somos individuos y todos somos diferentes.<\/p>\n<blockquote>\n<p data-start=\"3881\" data-end=\"4493\">\u00abImpulsa es suficientemente flexible para mejorar y perfeccionar, y esta perfecci\u00f3n se logra teniendo un modelo estandarizado que, a la vez, permite adaptarse a cada joven. Eso es lo que permite ser una entidad con valor.\u00bb<\/p>\n<\/blockquote>\n<div id=\"attachment_13578\" style=\"width: 731px\" class=\"wp-caption alignnone\"><img loading=\"lazy\" decoding=\"async\" aria-describedby=\"caption-attachment-13578\" class=\"wp-image-13578\" src=\"https:\/\/www.fundacioimpulsa.org\/wp-content\/uploads\/2025\/10\/FundacioImpulsa-a28e8dff-300x225.jpeg\" alt=\"\" width=\"721\" height=\"541\" srcset=\"https:\/\/www.fundacioimpulsa.org\/wp-content\/uploads\/2025\/10\/FundacioImpulsa-a28e8dff-300x225.jpeg 300w, https:\/\/www.fundacioimpulsa.org\/wp-content\/uploads\/2025\/10\/FundacioImpulsa-a28e8dff-1030x773.jpeg 1030w, https:\/\/www.fundacioimpulsa.org\/wp-content\/uploads\/2025\/10\/FundacioImpulsa-a28e8dff-768x576.jpeg 768w, https:\/\/www.fundacioimpulsa.org\/wp-content\/uploads\/2025\/10\/FundacioImpulsa-a28e8dff-1536x1152.jpeg 1536w, https:\/\/www.fundacioimpulsa.org\/wp-content\/uploads\/2025\/10\/FundacioImpulsa-a28e8dff-1500x1125.jpeg 1500w, https:\/\/www.fundacioimpulsa.org\/wp-content\/uploads\/2025\/10\/FundacioImpulsa-a28e8dff-705x529.jpeg 705w, https:\/\/www.fundacioimpulsa.org\/wp-content\/uploads\/2025\/10\/FundacioImpulsa-a28e8dff-707x530.jpeg 707w, https:\/\/www.fundacioimpulsa.org\/wp-content\/uploads\/2025\/10\/FundacioImpulsa-a28e8dff-281x211.jpeg 281w, https:\/\/www.fundacioimpulsa.org\/wp-content\/uploads\/2025\/10\/FundacioImpulsa-a28e8dff.jpeg 2048w\" sizes=\"auto, (max-width: 721px) 100vw, 721px\" \/><p id=\"caption-attachment-13578\" class=\"wp-caption-text\">Carles Cuy\u00e0s, presidente de la entidad en ese momento, presentando el proyecto de la Fundaci\u00f3n Impulsa a los alcaldes y alcaldesas de la comarca del Moian\u00e8s.<\/p><\/div>\n<p data-start=\"4723\" data-end=\"5144\"><strong data-start=\"4723\" data-end=\"4790\">\u00bfQu\u00e9 les explicas a las empresas para que apuesten por Impulsa?<\/strong><br data-start=\"4790\" data-end=\"4793\" \/>Todas las empresas deber\u00edan estar abiertas a Impulsa, porque todas necesitan j\u00f3venes y es importante que tengan una mirada a largo plazo. Es lo que decimos: <strong>si corres acompa\u00f1ado, cuando est\u00e9s cansado alguien m\u00e1s seguir\u00e1 por ti; pero si est\u00e1s solo, llegar\u00e1 un momento en que no podr\u00e1s continuar. Necesitamos relevo, y ese relevo debe ser con talento<\/strong>.<\/p>\n<p data-start=\"5146\" data-end=\"5703\"><strong data-start=\"5146\" data-end=\"5173\">Conf\u00edas en los j\u00f3venes.<\/strong><br data-start=\"5173\" data-end=\"5176\" \/>Los j\u00f3venes son importantes hoy y ma\u00f1ana. Cualquier franja de edad es relevante: todos tenemos nuestro papel en este mundo, y los j\u00f3venes son importantes no solo por lo que ser\u00e1n en el futuro, sino tambi\u00e9n por lo que son hoy. Desempe\u00f1an un papel fundamental en todas las relaciones que tienen con otras personas, y es esencial que cuenten con todas las herramientas necesarias para poder ser j\u00f3venes plenos. <strong>Cuando algo falla \u2014como la formaci\u00f3n\u2014, poder contar con Impulsa garantiza que todo este engranaje no se vea afectado.<\/strong><\/p>\n<blockquote>\n<p data-start=\"5146\" data-end=\"5703\">\u00abTodos tenemos nuestro papel en este mundo, y los j\u00f3venes son importantes no solo por lo que ser\u00e1n en el futuro, sino tambi\u00e9n hoy d\u00eda.\u00bb<\/p>\n<\/blockquote>\n<p data-start=\"5846\" data-end=\"6149\"><strong data-start=\"5846\" data-end=\"5910\">Y a ti, \u00bfqu\u00e9 te aporta formar parte de la Fundaci\u00f3n Impulsa?<\/strong><br data-start=\"5910\" data-end=\"5913\" \/>Para m\u00ed es mi granito solidario semanal. Cuando tienes una peque\u00f1a empresa, parece que debes olvidar esta parte solidaria con tu entorno, pero con la experiencia y el conocimiento que tengo, ser Embajadora me resulta muy enriquecedor.<\/p>\n<p data-start=\"6151\" data-end=\"6227\"><strong data-start=\"6151\" data-end=\"6214\">Completa la frase. En una palabra, la Fundaci\u00f3n Impulsa es\u2026<\/strong><br data-start=\"6214\" data-end=\"6217\" \/>Sonrisa.<\/p>\n","protected":false},"excerpt":{"rendered":"<p>Anna Guix\u00e0 es Embajadora de la Fundaci\u00f3n Impulsa en el Moian\u00e8s desde 2020, a\u00f1o en que la entidad comenz\u00f3 a becar j\u00f3venes en esta comarca. Licenciada en Comunicaci\u00f3n Audiovisual y con un m\u00e1ster en Comunicaci\u00f3n Empresarial, tiene su propia empresa de comunicaci\u00f3n, desde donde ha aprendido a valorar la importancia de sentirse acompa\u00f1ada y de [&hellip;]<\/p>\n","protected":false},"author":10,"featured_media":13575,"comment_status":"closed","ping_status":"closed","sticky":false,"template":"","format":"standard","meta":{"_acf_changed":false,"footnotes":""},"categories":[72,84],"tags":[98],"class_list":["post-13582","post","type-post","status-publish","format-standard","has-post-thumbnail","hentry","category-dia-a-dia-es","category-protagonistas-impulsa","tag-protagonistesimpulsa-es"],"acf":[],"yoast_head":"<!-- This site is optimized with the Yoast SEO plugin v27.3 - https:\/\/yoast.com\/product\/yoast-seo-wordpress\/ -->\n<title>&quot;Vi un s\u00edmil entre lo que yo hab\u00eda vivido en mis inicios como emprendedora y lo que la Fundaci\u00f3n Impulsa ofrece a los j\u00f3venes\u201d \u2014 entrevista a Anna Guix\u00e0 - Fundacio Impulsa<\/title>\n<meta name=\"robots\" content=\"index, follow, max-snippet:-1, max-image-preview:large, max-video-preview:-1\" \/>\n<link rel=\"canonical\" href=\"https:\/\/www.fundacioimpulsa.org\/es\/vi-un-simil-entre-lo-que-yo-habia-vivido-en-mis-inicios-como-emprendedora-y-lo-que-la-fundacion-impulsa-ofrece-a-los-jovenes-entrevista-a-anna-guixa\/\" \/>\n<meta property=\"og:locale\" content=\"es_ES\" \/>\n<meta property=\"og:type\" content=\"article\" \/>\n<meta property=\"og:title\" content=\"&quot;Vi un s\u00edmil entre lo que yo hab\u00eda vivido en mis inicios como emprendedora y lo que la Fundaci\u00f3n Impulsa ofrece a los j\u00f3venes\u201d \u2014 entrevista a Anna Guix\u00e0 - Fundacio Impulsa\" \/>\n<meta property=\"og:description\" content=\"Anna Guix\u00e0 es Embajadora de la Fundaci\u00f3n Impulsa en el Moian\u00e8s desde 2020, a\u00f1o en que la entidad comenz\u00f3 a becar j\u00f3venes en esta comarca. Licenciada en Comunicaci\u00f3n Audiovisual y con un m\u00e1ster en Comunicaci\u00f3n Empresarial, tiene su propia empresa de comunicaci\u00f3n, desde donde ha aprendido a valorar la importancia de sentirse acompa\u00f1ada y de [&hellip;]\" \/>\n<meta property=\"og:url\" content=\"https:\/\/www.fundacioimpulsa.org\/es\/vi-un-simil-entre-lo-que-yo-habia-vivido-en-mis-inicios-como-emprendedora-y-lo-que-la-fundacion-impulsa-ofrece-a-los-jovenes-entrevista-a-anna-guixa\/\" \/>\n<meta property=\"og:site_name\" content=\"Fundacio Impulsa\" \/>\n<meta property=\"article:published_time\" content=\"2025-10-18T08:00:12+00:00\" \/>\n<meta property=\"article:modified_time\" content=\"2025-10-20T07:16:12+00:00\" \/>\n<meta property=\"og:image\" content=\"https:\/\/www.fundacioimpulsa.org\/wp-content\/uploads\/2025\/10\/Portada-noti-Fundacio-Impulsa-1.jpg\" \/>\n\t<meta property=\"og:image:width\" content=\"700\" \/>\n\t<meta property=\"og:image:height\" content=\"483\" \/>\n\t<meta property=\"og:image:type\" content=\"image\/jpeg\" \/>\n<meta name=\"author\" content=\"anna\" \/>\n<meta name=\"twitter:card\" content=\"summary_large_image\" \/>\n<meta name=\"twitter:label1\" content=\"Escrito por\" \/>\n\t<meta name=\"twitter:data1\" content=\"anna\" \/>\n\t<meta name=\"twitter:label2\" content=\"Tiempo de lectura\" \/>\n\t<meta name=\"twitter:data2\" content=\"6 minutos\" \/>\n<script type=\"application\/ld+json\" class=\"yoast-schema-graph\">{\"@context\":\"https:\\\/\\\/schema.org\",\"@graph\":[{\"@type\":\"Article\",\"@id\":\"https:\\\/\\\/www.fundacioimpulsa.org\\\/es\\\/vi-un-simil-entre-lo-que-yo-habia-vivido-en-mis-inicios-como-emprendedora-y-lo-que-la-fundacion-impulsa-ofrece-a-los-jovenes-entrevista-a-anna-guixa\\\/#article\",\"isPartOf\":{\"@id\":\"https:\\\/\\\/www.fundacioimpulsa.org\\\/es\\\/vi-un-simil-entre-lo-que-yo-habia-vivido-en-mis-inicios-como-emprendedora-y-lo-que-la-fundacion-impulsa-ofrece-a-los-jovenes-entrevista-a-anna-guixa\\\/\"},\"author\":{\"name\":\"anna\",\"@id\":\"https:\\\/\\\/www.fundacioimpulsa.org\\\/es\\\/#\\\/schema\\\/person\\\/8093abda9188d9065d7a02992af09c00\"},\"headline\":\"\u00abVi un s\u00edmil entre lo que yo hab\u00eda vivido en mis inicios como emprendedora y lo que la Fundaci\u00f3n Impulsa ofrece a los j\u00f3venes\u201d \u2014 entrevista a Anna Guix\u00e0\",\"datePublished\":\"2025-10-18T08:00:12+00:00\",\"dateModified\":\"2025-10-20T07:16:12+00:00\",\"mainEntityOfPage\":{\"@id\":\"https:\\\/\\\/www.fundacioimpulsa.org\\\/es\\\/vi-un-simil-entre-lo-que-yo-habia-vivido-en-mis-inicios-como-emprendedora-y-lo-que-la-fundacion-impulsa-ofrece-a-los-jovenes-entrevista-a-anna-guixa\\\/\"},\"wordCount\":1132,\"image\":{\"@id\":\"https:\\\/\\\/www.fundacioimpulsa.org\\\/es\\\/vi-un-simil-entre-lo-que-yo-habia-vivido-en-mis-inicios-como-emprendedora-y-lo-que-la-fundacion-impulsa-ofrece-a-los-jovenes-entrevista-a-anna-guixa\\\/#primaryimage\"},\"thumbnailUrl\":\"https:\\\/\\\/www.fundacioimpulsa.org\\\/wp-content\\\/uploads\\\/2025\\\/10\\\/Portada-noti-Fundacio-Impulsa-1.jpg\",\"keywords\":[\"#ProtagonistasImpulsa\"],\"articleSection\":[\"D\u00eda a D\u00eda\",\"Protagonistas Impulsa\"],\"inLanguage\":\"es\"},{\"@type\":\"WebPage\",\"@id\":\"https:\\\/\\\/www.fundacioimpulsa.org\\\/es\\\/vi-un-simil-entre-lo-que-yo-habia-vivido-en-mis-inicios-como-emprendedora-y-lo-que-la-fundacion-impulsa-ofrece-a-los-jovenes-entrevista-a-anna-guixa\\\/\",\"url\":\"https:\\\/\\\/www.fundacioimpulsa.org\\\/es\\\/vi-un-simil-entre-lo-que-yo-habia-vivido-en-mis-inicios-como-emprendedora-y-lo-que-la-fundacion-impulsa-ofrece-a-los-jovenes-entrevista-a-anna-guixa\\\/\",\"name\":\"\\\"Vi un s\u00edmil entre lo que yo hab\u00eda vivido en mis inicios como emprendedora y lo que la Fundaci\u00f3n Impulsa ofrece a los j\u00f3venes\u201d \u2014 entrevista a Anna Guix\u00e0 - Fundacio Impulsa\",\"isPartOf\":{\"@id\":\"https:\\\/\\\/www.fundacioimpulsa.org\\\/es\\\/#website\"},\"primaryImageOfPage\":{\"@id\":\"https:\\\/\\\/www.fundacioimpulsa.org\\\/es\\\/vi-un-simil-entre-lo-que-yo-habia-vivido-en-mis-inicios-como-emprendedora-y-lo-que-la-fundacion-impulsa-ofrece-a-los-jovenes-entrevista-a-anna-guixa\\\/#primaryimage\"},\"image\":{\"@id\":\"https:\\\/\\\/www.fundacioimpulsa.org\\\/es\\\/vi-un-simil-entre-lo-que-yo-habia-vivido-en-mis-inicios-como-emprendedora-y-lo-que-la-fundacion-impulsa-ofrece-a-los-jovenes-entrevista-a-anna-guixa\\\/#primaryimage\"},\"thumbnailUrl\":\"https:\\\/\\\/www.fundacioimpulsa.org\\\/wp-content\\\/uploads\\\/2025\\\/10\\\/Portada-noti-Fundacio-Impulsa-1.jpg\",\"datePublished\":\"2025-10-18T08:00:12+00:00\",\"dateModified\":\"2025-10-20T07:16:12+00:00\",\"author\":{\"@id\":\"https:\\\/\\\/www.fundacioimpulsa.org\\\/es\\\/#\\\/schema\\\/person\\\/8093abda9188d9065d7a02992af09c00\"},\"breadcrumb\":{\"@id\":\"https:\\\/\\\/www.fundacioimpulsa.org\\\/es\\\/vi-un-simil-entre-lo-que-yo-habia-vivido-en-mis-inicios-como-emprendedora-y-lo-que-la-fundacion-impulsa-ofrece-a-los-jovenes-entrevista-a-anna-guixa\\\/#breadcrumb\"},\"inLanguage\":\"es\",\"potentialAction\":[{\"@type\":\"ReadAction\",\"target\":[\"https:\\\/\\\/www.fundacioimpulsa.org\\\/es\\\/vi-un-simil-entre-lo-que-yo-habia-vivido-en-mis-inicios-como-emprendedora-y-lo-que-la-fundacion-impulsa-ofrece-a-los-jovenes-entrevista-a-anna-guixa\\\/\"]}]},{\"@type\":\"ImageObject\",\"inLanguage\":\"es\",\"@id\":\"https:\\\/\\\/www.fundacioimpulsa.org\\\/es\\\/vi-un-simil-entre-lo-que-yo-habia-vivido-en-mis-inicios-como-emprendedora-y-lo-que-la-fundacion-impulsa-ofrece-a-los-jovenes-entrevista-a-anna-guixa\\\/#primaryimage\",\"url\":\"https:\\\/\\\/www.fundacioimpulsa.org\\\/wp-content\\\/uploads\\\/2025\\\/10\\\/Portada-noti-Fundacio-Impulsa-1.jpg\",\"contentUrl\":\"https:\\\/\\\/www.fundacioimpulsa.org\\\/wp-content\\\/uploads\\\/2025\\\/10\\\/Portada-noti-Fundacio-Impulsa-1.jpg\",\"width\":700,\"height\":483},{\"@type\":\"BreadcrumbList\",\"@id\":\"https:\\\/\\\/www.fundacioimpulsa.org\\\/es\\\/vi-un-simil-entre-lo-que-yo-habia-vivido-en-mis-inicios-como-emprendedora-y-lo-que-la-fundacion-impulsa-ofrece-a-los-jovenes-entrevista-a-anna-guixa\\\/#breadcrumb\",\"itemListElement\":[{\"@type\":\"ListItem\",\"position\":1,\"name\":\"Inici\",\"item\":\"https:\\\/\\\/www.fundacioimpulsa.org\\\/es\\\/fundacio-impulsa\\\/\"},{\"@type\":\"ListItem\",\"position\":2,\"name\":\"&#8220;Vi un s\u00edmil entre lo que yo hab\u00eda vivido en mis inicios como emprendedora y lo que la Fundaci\u00f3n Impulsa ofrece a los j\u00f3venes\u201d \u2014 entrevista a Anna Guix\u00e0\"}]},{\"@type\":\"WebSite\",\"@id\":\"https:\\\/\\\/www.fundacioimpulsa.org\\\/es\\\/#website\",\"url\":\"https:\\\/\\\/www.fundacioimpulsa.org\\\/es\\\/\",\"name\":\"Fundacio Impulsa\",\"description\":\"\",\"potentialAction\":[{\"@type\":\"SearchAction\",\"target\":{\"@type\":\"EntryPoint\",\"urlTemplate\":\"https:\\\/\\\/www.fundacioimpulsa.org\\\/es\\\/?s={search_term_string}\"},\"query-input\":{\"@type\":\"PropertyValueSpecification\",\"valueRequired\":true,\"valueName\":\"search_term_string\"}}],\"inLanguage\":\"es\"},{\"@type\":\"Person\",\"@id\":\"https:\\\/\\\/www.fundacioimpulsa.org\\\/es\\\/#\\\/schema\\\/person\\\/8093abda9188d9065d7a02992af09c00\",\"name\":\"anna\",\"image\":{\"@type\":\"ImageObject\",\"inLanguage\":\"es\",\"@id\":\"https:\\\/\\\/secure.gravatar.com\\\/avatar\\\/098ca997a3814bde9b9ec5e5dfa4ad0ee9a251cd4cf1b86b7c008606c50d48c9?s=96&d=mm&r=g\",\"url\":\"https:\\\/\\\/secure.gravatar.com\\\/avatar\\\/098ca997a3814bde9b9ec5e5dfa4ad0ee9a251cd4cf1b86b7c008606c50d48c9?s=96&d=mm&r=g\",\"contentUrl\":\"https:\\\/\\\/secure.gravatar.com\\\/avatar\\\/098ca997a3814bde9b9ec5e5dfa4ad0ee9a251cd4cf1b86b7c008606c50d48c9?s=96&d=mm&r=g\",\"caption\":\"anna\"},\"url\":\"https:\\\/\\\/www.fundacioimpulsa.org\\\/es\\\/author\\\/anna\\\/\"}]}<\/script>\n<!-- \/ Yoast SEO plugin. -->","yoast_head_json":{"title":"\"Vi un s\u00edmil entre lo que yo hab\u00eda vivido en mis inicios como emprendedora y lo que la Fundaci\u00f3n Impulsa ofrece a los j\u00f3venes\u201d \u2014 entrevista a Anna Guix\u00e0 - Fundacio Impulsa","robots":{"index":"index","follow":"follow","max-snippet":"max-snippet:-1","max-image-preview":"max-image-preview:large","max-video-preview":"max-video-preview:-1"},"canonical":"https:\/\/www.fundacioimpulsa.org\/es\/vi-un-simil-entre-lo-que-yo-habia-vivido-en-mis-inicios-como-emprendedora-y-lo-que-la-fundacion-impulsa-ofrece-a-los-jovenes-entrevista-a-anna-guixa\/","og_locale":"es_ES","og_type":"article","og_title":"\"Vi un s\u00edmil entre lo que yo hab\u00eda vivido en mis inicios como emprendedora y lo que la Fundaci\u00f3n Impulsa ofrece a los j\u00f3venes\u201d \u2014 entrevista a Anna Guix\u00e0 - Fundacio Impulsa","og_description":"Anna Guix\u00e0 es Embajadora de la Fundaci\u00f3n Impulsa en el Moian\u00e8s desde 2020, a\u00f1o en que la entidad comenz\u00f3 a becar j\u00f3venes en esta comarca. Licenciada en Comunicaci\u00f3n Audiovisual y con un m\u00e1ster en Comunicaci\u00f3n Empresarial, tiene su propia empresa de comunicaci\u00f3n, desde donde ha aprendido a valorar la importancia de sentirse acompa\u00f1ada y de [&hellip;]","og_url":"https:\/\/www.fundacioimpulsa.org\/es\/vi-un-simil-entre-lo-que-yo-habia-vivido-en-mis-inicios-como-emprendedora-y-lo-que-la-fundacion-impulsa-ofrece-a-los-jovenes-entrevista-a-anna-guixa\/","og_site_name":"Fundacio Impulsa","article_published_time":"2025-10-18T08:00:12+00:00","article_modified_time":"2025-10-20T07:16:12+00:00","og_image":[{"width":700,"height":483,"url":"https:\/\/www.fundacioimpulsa.org\/wp-content\/uploads\/2025\/10\/Portada-noti-Fundacio-Impulsa-1.jpg","type":"image\/jpeg"}],"author":"anna","twitter_card":"summary_large_image","twitter_misc":{"Escrito por":"anna","Tiempo de lectura":"6 minutos"},"schema":{"@context":"https:\/\/schema.org","@graph":[{"@type":"Article","@id":"https:\/\/www.fundacioimpulsa.org\/es\/vi-un-simil-entre-lo-que-yo-habia-vivido-en-mis-inicios-como-emprendedora-y-lo-que-la-fundacion-impulsa-ofrece-a-los-jovenes-entrevista-a-anna-guixa\/#article","isPartOf":{"@id":"https:\/\/www.fundacioimpulsa.org\/es\/vi-un-simil-entre-lo-que-yo-habia-vivido-en-mis-inicios-como-emprendedora-y-lo-que-la-fundacion-impulsa-ofrece-a-los-jovenes-entrevista-a-anna-guixa\/"},"author":{"name":"anna","@id":"https:\/\/www.fundacioimpulsa.org\/es\/#\/schema\/person\/8093abda9188d9065d7a02992af09c00"},"headline":"\u00abVi un s\u00edmil entre lo que yo hab\u00eda vivido en mis inicios como emprendedora y lo que la Fundaci\u00f3n Impulsa ofrece a los j\u00f3venes\u201d \u2014 entrevista a Anna Guix\u00e0","datePublished":"2025-10-18T08:00:12+00:00","dateModified":"2025-10-20T07:16:12+00:00","mainEntityOfPage":{"@id":"https:\/\/www.fundacioimpulsa.org\/es\/vi-un-simil-entre-lo-que-yo-habia-vivido-en-mis-inicios-como-emprendedora-y-lo-que-la-fundacion-impulsa-ofrece-a-los-jovenes-entrevista-a-anna-guixa\/"},"wordCount":1132,"image":{"@id":"https:\/\/www.fundacioimpulsa.org\/es\/vi-un-simil-entre-lo-que-yo-habia-vivido-en-mis-inicios-como-emprendedora-y-lo-que-la-fundacion-impulsa-ofrece-a-los-jovenes-entrevista-a-anna-guixa\/#primaryimage"},"thumbnailUrl":"https:\/\/www.fundacioimpulsa.org\/wp-content\/uploads\/2025\/10\/Portada-noti-Fundacio-Impulsa-1.jpg","keywords":["#ProtagonistasImpulsa"],"articleSection":["D\u00eda a D\u00eda","Protagonistas Impulsa"],"inLanguage":"es"},{"@type":"WebPage","@id":"https:\/\/www.fundacioimpulsa.org\/es\/vi-un-simil-entre-lo-que-yo-habia-vivido-en-mis-inicios-como-emprendedora-y-lo-que-la-fundacion-impulsa-ofrece-a-los-jovenes-entrevista-a-anna-guixa\/","url":"https:\/\/www.fundacioimpulsa.org\/es\/vi-un-simil-entre-lo-que-yo-habia-vivido-en-mis-inicios-como-emprendedora-y-lo-que-la-fundacion-impulsa-ofrece-a-los-jovenes-entrevista-a-anna-guixa\/","name":"\"Vi un s\u00edmil entre lo que yo hab\u00eda vivido en mis inicios como emprendedora y lo que la Fundaci\u00f3n Impulsa ofrece a los j\u00f3venes\u201d \u2014 entrevista a Anna Guix\u00e0 - Fundacio Impulsa","isPartOf":{"@id":"https:\/\/www.fundacioimpulsa.org\/es\/#website"},"primaryImageOfPage":{"@id":"https:\/\/www.fundacioimpulsa.org\/es\/vi-un-simil-entre-lo-que-yo-habia-vivido-en-mis-inicios-como-emprendedora-y-lo-que-la-fundacion-impulsa-ofrece-a-los-jovenes-entrevista-a-anna-guixa\/#primaryimage"},"image":{"@id":"https:\/\/www.fundacioimpulsa.org\/es\/vi-un-simil-entre-lo-que-yo-habia-vivido-en-mis-inicios-como-emprendedora-y-lo-que-la-fundacion-impulsa-ofrece-a-los-jovenes-entrevista-a-anna-guixa\/#primaryimage"},"thumbnailUrl":"https:\/\/www.fundacioimpulsa.org\/wp-content\/uploads\/2025\/10\/Portada-noti-Fundacio-Impulsa-1.jpg","datePublished":"2025-10-18T08:00:12+00:00","dateModified":"2025-10-20T07:16:12+00:00","author":{"@id":"https:\/\/www.fundacioimpulsa.org\/es\/#\/schema\/person\/8093abda9188d9065d7a02992af09c00"},"breadcrumb":{"@id":"https:\/\/www.fundacioimpulsa.org\/es\/vi-un-simil-entre-lo-que-yo-habia-vivido-en-mis-inicios-como-emprendedora-y-lo-que-la-fundacion-impulsa-ofrece-a-los-jovenes-entrevista-a-anna-guixa\/#breadcrumb"},"inLanguage":"es","potentialAction":[{"@type":"ReadAction","target":["https:\/\/www.fundacioimpulsa.org\/es\/vi-un-simil-entre-lo-que-yo-habia-vivido-en-mis-inicios-como-emprendedora-y-lo-que-la-fundacion-impulsa-ofrece-a-los-jovenes-entrevista-a-anna-guixa\/"]}]},{"@type":"ImageObject","inLanguage":"es","@id":"https:\/\/www.fundacioimpulsa.org\/es\/vi-un-simil-entre-lo-que-yo-habia-vivido-en-mis-inicios-como-emprendedora-y-lo-que-la-fundacion-impulsa-ofrece-a-los-jovenes-entrevista-a-anna-guixa\/#primaryimage","url":"https:\/\/www.fundacioimpulsa.org\/wp-content\/uploads\/2025\/10\/Portada-noti-Fundacio-Impulsa-1.jpg","contentUrl":"https:\/\/www.fundacioimpulsa.org\/wp-content\/uploads\/2025\/10\/Portada-noti-Fundacio-Impulsa-1.jpg","width":700,"height":483},{"@type":"BreadcrumbList","@id":"https:\/\/www.fundacioimpulsa.org\/es\/vi-un-simil-entre-lo-que-yo-habia-vivido-en-mis-inicios-como-emprendedora-y-lo-que-la-fundacion-impulsa-ofrece-a-los-jovenes-entrevista-a-anna-guixa\/#breadcrumb","itemListElement":[{"@type":"ListItem","position":1,"name":"Inici","item":"https:\/\/www.fundacioimpulsa.org\/es\/fundacio-impulsa\/"},{"@type":"ListItem","position":2,"name":"&#8220;Vi un s\u00edmil entre lo que yo hab\u00eda vivido en mis inicios como emprendedora y lo que la Fundaci\u00f3n Impulsa ofrece a los j\u00f3venes\u201d \u2014 entrevista a Anna Guix\u00e0"}]},{"@type":"WebSite","@id":"https:\/\/www.fundacioimpulsa.org\/es\/#website","url":"https:\/\/www.fundacioimpulsa.org\/es\/","name":"Fundacio Impulsa","description":"","potentialAction":[{"@type":"SearchAction","target":{"@type":"EntryPoint","urlTemplate":"https:\/\/www.fundacioimpulsa.org\/es\/?s={search_term_string}"},"query-input":{"@type":"PropertyValueSpecification","valueRequired":true,"valueName":"search_term_string"}}],"inLanguage":"es"},{"@type":"Person","@id":"https:\/\/www.fundacioimpulsa.org\/es\/#\/schema\/person\/8093abda9188d9065d7a02992af09c00","name":"anna","image":{"@type":"ImageObject","inLanguage":"es","@id":"https:\/\/secure.gravatar.com\/avatar\/098ca997a3814bde9b9ec5e5dfa4ad0ee9a251cd4cf1b86b7c008606c50d48c9?s=96&d=mm&r=g","url":"https:\/\/secure.gravatar.com\/avatar\/098ca997a3814bde9b9ec5e5dfa4ad0ee9a251cd4cf1b86b7c008606c50d48c9?s=96&d=mm&r=g","contentUrl":"https:\/\/secure.gravatar.com\/avatar\/098ca997a3814bde9b9ec5e5dfa4ad0ee9a251cd4cf1b86b7c008606c50d48c9?s=96&d=mm&r=g","caption":"anna"},"url":"https:\/\/www.fundacioimpulsa.org\/es\/author\/anna\/"}]}},"publishpress_future_action":{"enabled":false,"date":"2026-05-05 03:12:40","action":"change-status","newStatus":"draft","terms":[],"taxonomy":"category","extraData":[]},"publishpress_future_workflow_manual_trigger":{"enabledWorkflows":[]},"_links":{"self":[{"href":"https:\/\/www.fundacioimpulsa.org\/es\/wp-json\/wp\/v2\/posts\/13582","targetHints":{"allow":["GET"]}}],"collection":[{"href":"https:\/\/www.fundacioimpulsa.org\/es\/wp-json\/wp\/v2\/posts"}],"about":[{"href":"https:\/\/www.fundacioimpulsa.org\/es\/wp-json\/wp\/v2\/types\/post"}],"author":[{"embeddable":true,"href":"https:\/\/www.fundacioimpulsa.org\/es\/wp-json\/wp\/v2\/users\/10"}],"replies":[{"embeddable":true,"href":"https:\/\/www.fundacioimpulsa.org\/es\/wp-json\/wp\/v2\/comments?post=13582"}],"version-history":[{"count":4,"href":"https:\/\/www.fundacioimpulsa.org\/es\/wp-json\/wp\/v2\/posts\/13582\/revisions"}],"predecessor-version":[{"id":13584,"href":"https:\/\/www.fundacioimpulsa.org\/es\/wp-json\/wp\/v2\/posts\/13582\/revisions\/13584"}],"wp:featuredmedia":[{"embeddable":true,"href":"https:\/\/www.fundacioimpulsa.org\/es\/wp-json\/wp\/v2\/media\/13575"}],"wp:attachment":[{"href":"https:\/\/www.fundacioimpulsa.org\/es\/wp-json\/wp\/v2\/media?parent=13582"}],"wp:term":[{"taxonomy":"category","embeddable":true,"href":"https:\/\/www.fundacioimpulsa.org\/es\/wp-json\/wp\/v2\/categories?post=13582"},{"taxonomy":"post_tag","embeddable":true,"href":"https:\/\/www.fundacioimpulsa.org\/es\/wp-json\/wp\/v2\/tags?post=13582"}],"curies":[{"name":"wp","href":"https:\/\/api.w.org\/{rel}","templated":true}]}}