{"id":13880,"date":"2026-02-18T09:00:50","date_gmt":"2026-02-18T08:00:50","guid":{"rendered":"https:\/\/www.fundacioimpulsa.org\/?p=13880"},"modified":"2025-11-27T11:47:58","modified_gmt":"2025-11-27T10:47:58","slug":"tecnico-de-programas","status":"publish","type":"post","link":"https:\/\/www.fundacioimpulsa.org\/es\/tecnico-de-programas\/","title":{"rendered":"T\u00e9cnico de programas"},"content":{"rendered":"<p><img loading=\"lazy\" decoding=\"async\" class=\"alignnone wp-image-13210\" src=\"https:\/\/www.fundacioimpulsa.org\/wp-content\/uploads\/2025\/07\/Portada-noti-Fundacio-Impulsa-32-300x207.jpg\" alt=\"\" width=\"722\" height=\"498\" srcset=\"https:\/\/www.fundacioimpulsa.org\/wp-content\/uploads\/2025\/07\/Portada-noti-Fundacio-Impulsa-32-300x207.jpg 300w, https:\/\/www.fundacioimpulsa.org\/wp-content\/uploads\/2025\/07\/Portada-noti-Fundacio-Impulsa-32-306x211.jpg 306w, https:\/\/www.fundacioimpulsa.org\/wp-content\/uploads\/2025\/07\/Portada-noti-Fundacio-Impulsa-32.jpg 700w\" sizes=\"auto, (max-width: 722px) 100vw, 722px\" \/><\/p>\n<p><strong>Ubicaci\u00f3:<\/strong> Seu de Vic (amb despla\u00e7aments un dia\/setmana al territori assignat)<\/p>\n<p><strong>Jornada:<\/strong> 38,5h\/setmana<\/p>\n<ul>\n<li>Entrada flexible entre les 8h i les 9h<\/li>\n<li>Sortida m\u00ednima a les 16:15h (divendres horari fix de 8h a 16h)<\/li>\n<li>Horari intensiu durant juliol i agost<\/li>\n<\/ul>\n<p><strong>Tipus de contracte:<\/strong> Indefinit<\/p>\n<p><strong>Vacances:<\/strong> 23 dies laborables<\/p>\n<p><strong>La Fundaci\u00f3 Impulsa: <\/strong>Som una entitat de refer\u00e8ncia compromesa amb la igualtat d\u2019oportunitats per als joves. Treballem perqu\u00e8 cap talent es perdi, acompanyant nois i noies perqu\u00e8 puguin completar estudis postobligatoris (CFGM, CFGS) i construir el seu projecte de vida. Estem en plena expansi\u00f3 territorial i volem ampliar l\u2019equip amb professionals apassionats per la nostra missi\u00f3.<\/p>\n<p><strong>\ud83c\udfaf Quines seran les teves responsabilitats?<\/strong><\/p>\n<ul>\n<li>Atenci\u00f3 directa a joves: <strong>Acompanyar i motivar els nois i noies perqu\u00e8 continu\u00efn els estudis reglats, contribuint al seu desenvolupament personal i acad\u00e8mic.<\/strong><\/li>\n<li>Seguiment individualitzat: <strong>Fer seguiment de l\u2019evoluci\u00f3 dels joves i de la seva relaci\u00f3 amb la persona mentora assignada.<\/strong><\/li>\n<li>Disseny i execuci\u00f3 de programes:<strong>\u00a0Participar en la creaci\u00f3, execuci\u00f3 i revisi\u00f3 de noves iniciatives que contribueixen al\u00a0 desenvolupament personal, social i acad\u00e8mic dels joves<\/strong><\/li>\n<li>Disseny i implementaci\u00f3 d\u2019accions formatives:<strong> Elaborar i impartir accions formatives, per a joves\u00a0 i persones mentores, que afavoreixin l\u2019adquisici\u00f3 d\u2019estrat\u00e8gies i recursos per al foment de les seves compet\u00e8ncies<\/strong><\/li>\n<li>Treball\u00a0 en xarxa:<strong> Con\u00e8ixer els recursos del territori i els agents que intervenen per identificar sin\u00e8rgies i establir col.laboracions amb el projecte.<\/strong><\/li>\n<li>Innovaci\u00f3 metodol\u00f2gica: <strong>Participar en el disseny i aplicaci\u00f3 d\u2019instruments i eines metodol\u00f2giques per continuar promovent la innovaci\u00f3 i la millora cont\u00ednua del programa.<\/strong><\/li>\n<li>Treball en equip: <strong>Col\u00b7laborar estretament amb altres professionals de l\u2019\u00e0rea psicopedag\u00f2gica i de la Fundaci\u00f3 per garantir la millor qualitat dels serveis.<\/strong><\/li>\n<\/ul>\n<p><strong>\ud83d\udcab Qu\u00e8 oferim?<\/strong><\/p>\n<ul>\n<li><strong>Estabilitat professional:<\/strong> Contracte indefinit amb condicions laborals estables.<\/li>\n<li><strong>Horari flexible:<\/strong> Possibilitat d\u2019adaptar l\u2019entrada i conciliaci\u00f3 personal.<\/li>\n<li><strong>Entorn de treball amb sentit:<\/strong> Formar part d\u2019una entitat amb impacte real en la vida dels joves.<\/li>\n<li><strong>Projectes innovadors:<\/strong> Oportunitat de participar activament en la creaci\u00f3 de nous programes i metodologies.<\/li>\n<li><strong>Equip motivat i comprom\u00e8s:<\/strong> Treballar\u00e0s amb persones que comparteixen vocaci\u00f3, entusiasme i valors.<\/li>\n<li><strong>Desenvolupament professional:<\/strong> Creixement continu a trav\u00e9s de formaci\u00f3, intercanvi de coneixement i nous reptes.<\/li>\n<\/ul>\n<p><strong>\ud83d\ude4c A qui estem buscant?<\/strong><\/p>\n<p>Busquem professionals amb:<\/p>\n<ul>\n<li>Formaci\u00f3 en Psicopedagogia, Psicologia, Educaci\u00f3 Social, Pedagogia o \u00e0mbits afins.<\/li>\n<li>Experi\u00e8ncia m\u00ednima de 2-3 any<strong>s<\/strong> en atenci\u00f3 a joves, orientaci\u00f3 educativa, acci\u00f3 social o programes d\u2019acompanyament.<\/li>\n<li>Capacitat per dissenyar i dinamitzar activitats formatives i tallers.<\/li>\n<li>Habilitats comunicatives, empatia i capacitat d\u2019escolta.<\/li>\n<li>Capacitat d\u2019organitzaci\u00f3, autonomia i iniciativa.<\/li>\n<li>Carnet de conduir i disponibilitat per despla\u00e7ar-se un dia\/setmana al territori assignat.<\/li>\n<\/ul>\n<p>&nbsp;<\/p>\n<p><strong>\u2728 Per qu\u00e8 amb nosaltres?<\/strong><\/p>\n<p>A la Fundaci\u00f3 Impulsa no busquem nom\u00e9s professionals: busquem persones amb vocaci\u00f3, compromeses amb la transformaci\u00f3 social i amb ganes de deixar empremta. Si vols treballar amb sentit, innovar i cr\u00e9ixer mentre acompanyes els joves a construir el seu futur, <strong>aquesta \u00e9s la teva oportunitat!<\/strong><\/p>\n<p>&nbsp;<\/p>\n<div  class='avia-button-wrap av-rb389l-34ab02d251a7bf9d4c9bc65f25872d57-wrap avia-button-center  avia-builder-el-0  avia-builder-el-no-sibling '><a href='mailto:persones@fundacioimpulsa.org'  class='avia-button av-rb389l-34ab02d251a7bf9d4c9bc65f25872d57 av-link-btn avia-icon_select-yes-left-icon avia-size-small avia-position-center avia-color-theme-color'   aria-label=\"Interessats enviar CV a persones@fundacioimpulsa.org\"><span class='avia_button_icon avia_button_icon_left avia-svg-icon avia-font-svg_entypo-fontello' data-av_svg_icon='mail' data-av_iconset='svg_entypo-fontello'><svg version=\"1.1\" xmlns=\"http:\/\/www.w3.org\/2000\/svg\" width=\"29\" height=\"32\" viewBox=\"0 0 29 32\" preserveAspectRatio=\"xMidYMid meet\" aria-labelledby='av-svg-title-1' aria-describedby='av-svg-desc-1' role=\"graphics-symbol\">\n<title id='av-svg-title-1'>Mail<\/title>\n<desc id='av-svg-desc-1'>Mail<\/desc>\n<path d=\"M0.96 8.448q-1.024-0.576-0.896-1.28 0.064-0.448 0.832-0.448h27.072q1.216 0 0.64 1.024-0.256 0.448-0.768 0.704-0.448 0.192-6.144 3.264t-5.824 3.136q-0.512 0.32-1.472 0.32-0.896 0-1.472-0.32-0.128-0.064-5.824-3.136t-6.144-3.264zM28.16 11.648q0.64-0.32 0.64 0.32v11.776q0 0.512-0.544 1.024t-1.056 0.512h-25.6q-0.512 0-1.056-0.512t-0.544-1.024v-11.776q0-0.64 0.64-0.32l12.288 6.4q0.576 0.32 1.472 0.32t1.472-0.32z\"><\/path>\n<\/svg><\/span><span class='avia_iconbox_title' >Interessats enviar CV a persones@fundacioimpulsa.org<\/span><\/a><\/div>\n<p>&nbsp;<\/p>\n","protected":false},"excerpt":{"rendered":"<p>Ubicaci\u00f3: Seu de Vic (amb despla\u00e7aments un dia\/setmana al territori assignat) Jornada: 38,5h\/setmana Entrada flexible entre les 8h i les 9h Sortida m\u00ednima a les 16:15h (divendres horari fix de 8h a 16h) Horari intensiu durant juliol i agost Tipus de contracte: Indefinit Vacances: 23 dies laborables La Fundaci\u00f3 Impulsa: Som una entitat de refer\u00e8ncia [&hellip;]<\/p>\n","protected":false},"author":10,"featured_media":13211,"comment_status":"closed","ping_status":"open","sticky":false,"template":"","format":"standard","meta":{"_acf_changed":false,"footnotes":""},"categories":[83],"tags":[107],"class_list":["post-13880","post","type-post","status-publish","format-standard","has-post-thumbnail","hentry","category-trabaja-con-nosotros","tag-ofertalaboral-es"],"acf":[],"yoast_head":"<!-- This site is optimized with the Yoast SEO plugin v27.3 - https:\/\/yoast.com\/product\/yoast-seo-wordpress\/ -->\n<title>T\u00e9cnico de programas - Fundacio Impulsa<\/title>\n<meta name=\"robots\" content=\"index, follow, max-snippet:-1, max-image-preview:large, max-video-preview:-1\" \/>\n<link rel=\"canonical\" href=\"https:\/\/www.fundacioimpulsa.org\/es\/tecnico-de-programas\/\" \/>\n<meta property=\"og:locale\" content=\"es_ES\" \/>\n<meta property=\"og:type\" content=\"article\" \/>\n<meta property=\"og:title\" content=\"T\u00e9cnico de programas - Fundacio Impulsa\" \/>\n<meta property=\"og:description\" content=\"Ubicaci\u00f3: Seu de Vic (amb despla\u00e7aments un dia\/setmana al territori assignat) Jornada: 38,5h\/setmana Entrada flexible entre les 8h i les 9h Sortida m\u00ednima a les 16:15h (divendres horari fix de 8h a 16h) Horari intensiu durant juliol i agost Tipus de contracte: Indefinit Vacances: 23 dies laborables La Fundaci\u00f3 Impulsa: Som una entitat de refer\u00e8ncia [&hellip;]\" \/>\n<meta property=\"og:url\" content=\"https:\/\/www.fundacioimpulsa.org\/es\/tecnico-de-programas\/\" \/>\n<meta property=\"og:site_name\" content=\"Fundacio Impulsa\" \/>\n<meta property=\"article:published_time\" content=\"2026-02-18T08:00:50+00:00\" \/>\n<meta property=\"og:image\" content=\"https:\/\/www.fundacioimpulsa.org\/wp-content\/uploads\/2025\/07\/Portada-noti-Fundacio-Impulsa-32.jpg\" \/>\n\t<meta property=\"og:image:width\" content=\"700\" \/>\n\t<meta property=\"og:image:height\" content=\"483\" \/>\n\t<meta property=\"og:image:type\" content=\"image\/jpeg\" \/>\n<meta name=\"author\" content=\"anna\" \/>\n<meta name=\"twitter:card\" content=\"summary_large_image\" \/>\n<meta name=\"twitter:label1\" content=\"Escrito por\" \/>\n\t<meta name=\"twitter:data1\" content=\"anna\" \/>\n\t<meta name=\"twitter:label2\" content=\"Tiempo de lectura\" \/>\n\t<meta name=\"twitter:data2\" content=\"3 minutos\" \/>\n<script type=\"application\/ld+json\" class=\"yoast-schema-graph\">{\"@context\":\"https:\\\/\\\/schema.org\",\"@graph\":[{\"@type\":\"Article\",\"@id\":\"https:\\\/\\\/www.fundacioimpulsa.org\\\/es\\\/tecnico-de-programas\\\/#article\",\"isPartOf\":{\"@id\":\"https:\\\/\\\/www.fundacioimpulsa.org\\\/es\\\/tecnico-de-programas\\\/\"},\"author\":{\"name\":\"anna\",\"@id\":\"https:\\\/\\\/www.fundacioimpulsa.org\\\/es\\\/#\\\/schema\\\/person\\\/8093abda9188d9065d7a02992af09c00\"},\"headline\":\"T\u00e9cnico de programas\",\"datePublished\":\"2026-02-18T08:00:50+00:00\",\"mainEntityOfPage\":{\"@id\":\"https:\\\/\\\/www.fundacioimpulsa.org\\\/es\\\/tecnico-de-programas\\\/\"},\"wordCount\":775,\"image\":{\"@id\":\"https:\\\/\\\/www.fundacioimpulsa.org\\\/es\\\/tecnico-de-programas\\\/#primaryimage\"},\"thumbnailUrl\":\"https:\\\/\\\/www.fundacioimpulsa.org\\\/wp-content\\\/uploads\\\/2025\\\/07\\\/Portada-noti-Fundacio-Impulsa-32.jpg\",\"keywords\":[\"#OfertaLaboral\"],\"articleSection\":[\"Trabaja con nosotros\"],\"inLanguage\":\"es\"},{\"@type\":\"WebPage\",\"@id\":\"https:\\\/\\\/www.fundacioimpulsa.org\\\/es\\\/tecnico-de-programas\\\/\",\"url\":\"https:\\\/\\\/www.fundacioimpulsa.org\\\/es\\\/tecnico-de-programas\\\/\",\"name\":\"T\u00e9cnico de programas - Fundacio Impulsa\",\"isPartOf\":{\"@id\":\"https:\\\/\\\/www.fundacioimpulsa.org\\\/es\\\/#website\"},\"primaryImageOfPage\":{\"@id\":\"https:\\\/\\\/www.fundacioimpulsa.org\\\/es\\\/tecnico-de-programas\\\/#primaryimage\"},\"image\":{\"@id\":\"https:\\\/\\\/www.fundacioimpulsa.org\\\/es\\\/tecnico-de-programas\\\/#primaryimage\"},\"thumbnailUrl\":\"https:\\\/\\\/www.fundacioimpulsa.org\\\/wp-content\\\/uploads\\\/2025\\\/07\\\/Portada-noti-Fundacio-Impulsa-32.jpg\",\"datePublished\":\"2026-02-18T08:00:50+00:00\",\"author\":{\"@id\":\"https:\\\/\\\/www.fundacioimpulsa.org\\\/es\\\/#\\\/schema\\\/person\\\/8093abda9188d9065d7a02992af09c00\"},\"breadcrumb\":{\"@id\":\"https:\\\/\\\/www.fundacioimpulsa.org\\\/es\\\/tecnico-de-programas\\\/#breadcrumb\"},\"inLanguage\":\"es\",\"potentialAction\":[{\"@type\":\"ReadAction\",\"target\":[\"https:\\\/\\\/www.fundacioimpulsa.org\\\/es\\\/tecnico-de-programas\\\/\"]}]},{\"@type\":\"ImageObject\",\"inLanguage\":\"es\",\"@id\":\"https:\\\/\\\/www.fundacioimpulsa.org\\\/es\\\/tecnico-de-programas\\\/#primaryimage\",\"url\":\"https:\\\/\\\/www.fundacioimpulsa.org\\\/wp-content\\\/uploads\\\/2025\\\/07\\\/Portada-noti-Fundacio-Impulsa-32.jpg\",\"contentUrl\":\"https:\\\/\\\/www.fundacioimpulsa.org\\\/wp-content\\\/uploads\\\/2025\\\/07\\\/Portada-noti-Fundacio-Impulsa-32.jpg\",\"width\":700,\"height\":483},{\"@type\":\"BreadcrumbList\",\"@id\":\"https:\\\/\\\/www.fundacioimpulsa.org\\\/es\\\/tecnico-de-programas\\\/#breadcrumb\",\"itemListElement\":[{\"@type\":\"ListItem\",\"position\":1,\"name\":\"Inici\",\"item\":\"https:\\\/\\\/www.fundacioimpulsa.org\\\/es\\\/fundacio-impulsa\\\/\"},{\"@type\":\"ListItem\",\"position\":2,\"name\":\"T\u00e9cnico de programas\"}]},{\"@type\":\"WebSite\",\"@id\":\"https:\\\/\\\/www.fundacioimpulsa.org\\\/es\\\/#website\",\"url\":\"https:\\\/\\\/www.fundacioimpulsa.org\\\/es\\\/\",\"name\":\"Fundacio Impulsa\",\"description\":\"\",\"potentialAction\":[{\"@type\":\"SearchAction\",\"target\":{\"@type\":\"EntryPoint\",\"urlTemplate\":\"https:\\\/\\\/www.fundacioimpulsa.org\\\/es\\\/?s={search_term_string}\"},\"query-input\":{\"@type\":\"PropertyValueSpecification\",\"valueRequired\":true,\"valueName\":\"search_term_string\"}}],\"inLanguage\":\"es\"},{\"@type\":\"Person\",\"@id\":\"https:\\\/\\\/www.fundacioimpulsa.org\\\/es\\\/#\\\/schema\\\/person\\\/8093abda9188d9065d7a02992af09c00\",\"name\":\"anna\",\"image\":{\"@type\":\"ImageObject\",\"inLanguage\":\"es\",\"@id\":\"https:\\\/\\\/secure.gravatar.com\\\/avatar\\\/098ca997a3814bde9b9ec5e5dfa4ad0ee9a251cd4cf1b86b7c008606c50d48c9?s=96&d=mm&r=g\",\"url\":\"https:\\\/\\\/secure.gravatar.com\\\/avatar\\\/098ca997a3814bde9b9ec5e5dfa4ad0ee9a251cd4cf1b86b7c008606c50d48c9?s=96&d=mm&r=g\",\"contentUrl\":\"https:\\\/\\\/secure.gravatar.com\\\/avatar\\\/098ca997a3814bde9b9ec5e5dfa4ad0ee9a251cd4cf1b86b7c008606c50d48c9?s=96&d=mm&r=g\",\"caption\":\"anna\"},\"url\":\"https:\\\/\\\/www.fundacioimpulsa.org\\\/es\\\/author\\\/anna\\\/\"}]}<\/script>\n<!-- \/ Yoast SEO plugin. -->","yoast_head_json":{"title":"T\u00e9cnico de programas - Fundacio Impulsa","robots":{"index":"index","follow":"follow","max-snippet":"max-snippet:-1","max-image-preview":"max-image-preview:large","max-video-preview":"max-video-preview:-1"},"canonical":"https:\/\/www.fundacioimpulsa.org\/es\/tecnico-de-programas\/","og_locale":"es_ES","og_type":"article","og_title":"T\u00e9cnico de programas - Fundacio Impulsa","og_description":"Ubicaci\u00f3: Seu de Vic (amb despla\u00e7aments un dia\/setmana al territori assignat) Jornada: 38,5h\/setmana Entrada flexible entre les 8h i les 9h Sortida m\u00ednima a les 16:15h (divendres horari fix de 8h a 16h) Horari intensiu durant juliol i agost Tipus de contracte: Indefinit Vacances: 23 dies laborables La Fundaci\u00f3 Impulsa: Som una entitat de refer\u00e8ncia [&hellip;]","og_url":"https:\/\/www.fundacioimpulsa.org\/es\/tecnico-de-programas\/","og_site_name":"Fundacio Impulsa","article_published_time":"2026-02-18T08:00:50+00:00","og_image":[{"width":700,"height":483,"url":"https:\/\/www.fundacioimpulsa.org\/wp-content\/uploads\/2025\/07\/Portada-noti-Fundacio-Impulsa-32.jpg","type":"image\/jpeg"}],"author":"anna","twitter_card":"summary_large_image","twitter_misc":{"Escrito por":"anna","Tiempo de lectura":"3 minutos"},"schema":{"@context":"https:\/\/schema.org","@graph":[{"@type":"Article","@id":"https:\/\/www.fundacioimpulsa.org\/es\/tecnico-de-programas\/#article","isPartOf":{"@id":"https:\/\/www.fundacioimpulsa.org\/es\/tecnico-de-programas\/"},"author":{"name":"anna","@id":"https:\/\/www.fundacioimpulsa.org\/es\/#\/schema\/person\/8093abda9188d9065d7a02992af09c00"},"headline":"T\u00e9cnico de programas","datePublished":"2026-02-18T08:00:50+00:00","mainEntityOfPage":{"@id":"https:\/\/www.fundacioimpulsa.org\/es\/tecnico-de-programas\/"},"wordCount":775,"image":{"@id":"https:\/\/www.fundacioimpulsa.org\/es\/tecnico-de-programas\/#primaryimage"},"thumbnailUrl":"https:\/\/www.fundacioimpulsa.org\/wp-content\/uploads\/2025\/07\/Portada-noti-Fundacio-Impulsa-32.jpg","keywords":["#OfertaLaboral"],"articleSection":["Trabaja con nosotros"],"inLanguage":"es"},{"@type":"WebPage","@id":"https:\/\/www.fundacioimpulsa.org\/es\/tecnico-de-programas\/","url":"https:\/\/www.fundacioimpulsa.org\/es\/tecnico-de-programas\/","name":"T\u00e9cnico de programas - Fundacio Impulsa","isPartOf":{"@id":"https:\/\/www.fundacioimpulsa.org\/es\/#website"},"primaryImageOfPage":{"@id":"https:\/\/www.fundacioimpulsa.org\/es\/tecnico-de-programas\/#primaryimage"},"image":{"@id":"https:\/\/www.fundacioimpulsa.org\/es\/tecnico-de-programas\/#primaryimage"},"thumbnailUrl":"https:\/\/www.fundacioimpulsa.org\/wp-content\/uploads\/2025\/07\/Portada-noti-Fundacio-Impulsa-32.jpg","datePublished":"2026-02-18T08:00:50+00:00","author":{"@id":"https:\/\/www.fundacioimpulsa.org\/es\/#\/schema\/person\/8093abda9188d9065d7a02992af09c00"},"breadcrumb":{"@id":"https:\/\/www.fundacioimpulsa.org\/es\/tecnico-de-programas\/#breadcrumb"},"inLanguage":"es","potentialAction":[{"@type":"ReadAction","target":["https:\/\/www.fundacioimpulsa.org\/es\/tecnico-de-programas\/"]}]},{"@type":"ImageObject","inLanguage":"es","@id":"https:\/\/www.fundacioimpulsa.org\/es\/tecnico-de-programas\/#primaryimage","url":"https:\/\/www.fundacioimpulsa.org\/wp-content\/uploads\/2025\/07\/Portada-noti-Fundacio-Impulsa-32.jpg","contentUrl":"https:\/\/www.fundacioimpulsa.org\/wp-content\/uploads\/2025\/07\/Portada-noti-Fundacio-Impulsa-32.jpg","width":700,"height":483},{"@type":"BreadcrumbList","@id":"https:\/\/www.fundacioimpulsa.org\/es\/tecnico-de-programas\/#breadcrumb","itemListElement":[{"@type":"ListItem","position":1,"name":"Inici","item":"https:\/\/www.fundacioimpulsa.org\/es\/fundacio-impulsa\/"},{"@type":"ListItem","position":2,"name":"T\u00e9cnico de programas"}]},{"@type":"WebSite","@id":"https:\/\/www.fundacioimpulsa.org\/es\/#website","url":"https:\/\/www.fundacioimpulsa.org\/es\/","name":"Fundacio Impulsa","description":"","potentialAction":[{"@type":"SearchAction","target":{"@type":"EntryPoint","urlTemplate":"https:\/\/www.fundacioimpulsa.org\/es\/?s={search_term_string}"},"query-input":{"@type":"PropertyValueSpecification","valueRequired":true,"valueName":"search_term_string"}}],"inLanguage":"es"},{"@type":"Person","@id":"https:\/\/www.fundacioimpulsa.org\/es\/#\/schema\/person\/8093abda9188d9065d7a02992af09c00","name":"anna","image":{"@type":"ImageObject","inLanguage":"es","@id":"https:\/\/secure.gravatar.com\/avatar\/098ca997a3814bde9b9ec5e5dfa4ad0ee9a251cd4cf1b86b7c008606c50d48c9?s=96&d=mm&r=g","url":"https:\/\/secure.gravatar.com\/avatar\/098ca997a3814bde9b9ec5e5dfa4ad0ee9a251cd4cf1b86b7c008606c50d48c9?s=96&d=mm&r=g","contentUrl":"https:\/\/secure.gravatar.com\/avatar\/098ca997a3814bde9b9ec5e5dfa4ad0ee9a251cd4cf1b86b7c008606c50d48c9?s=96&d=mm&r=g","caption":"anna"},"url":"https:\/\/www.fundacioimpulsa.org\/es\/author\/anna\/"}]}},"publishpress_future_action":{"enabled":false,"date":"2026-05-06 04:20:11","action":"change-status","newStatus":"draft","terms":[],"taxonomy":"category","extraData":[]},"publishpress_future_workflow_manual_trigger":{"enabledWorkflows":[]},"_links":{"self":[{"href":"https:\/\/www.fundacioimpulsa.org\/es\/wp-json\/wp\/v2\/posts\/13880","targetHints":{"allow":["GET"]}}],"collection":[{"href":"https:\/\/www.fundacioimpulsa.org\/es\/wp-json\/wp\/v2\/posts"}],"about":[{"href":"https:\/\/www.fundacioimpulsa.org\/es\/wp-json\/wp\/v2\/types\/post"}],"author":[{"embeddable":true,"href":"https:\/\/www.fundacioimpulsa.org\/es\/wp-json\/wp\/v2\/users\/10"}],"replies":[{"embeddable":true,"href":"https:\/\/www.fundacioimpulsa.org\/es\/wp-json\/wp\/v2\/comments?post=13880"}],"version-history":[{"count":2,"href":"https:\/\/www.fundacioimpulsa.org\/es\/wp-json\/wp\/v2\/posts\/13880\/revisions"}],"predecessor-version":[{"id":13882,"href":"https:\/\/www.fundacioimpulsa.org\/es\/wp-json\/wp\/v2\/posts\/13880\/revisions\/13882"}],"wp:featuredmedia":[{"embeddable":true,"href":"https:\/\/www.fundacioimpulsa.org\/es\/wp-json\/wp\/v2\/media\/13211"}],"wp:attachment":[{"href":"https:\/\/www.fundacioimpulsa.org\/es\/wp-json\/wp\/v2\/media?parent=13880"}],"wp:term":[{"taxonomy":"category","embeddable":true,"href":"https:\/\/www.fundacioimpulsa.org\/es\/wp-json\/wp\/v2\/categories?post=13880"},{"taxonomy":"post_tag","embeddable":true,"href":"https:\/\/www.fundacioimpulsa.org\/es\/wp-json\/wp\/v2\/tags?post=13880"}],"curies":[{"name":"wp","href":"https:\/\/api.w.org\/{rel}","templated":true}]}}