{"id":14109,"date":"2026-01-21T11:39:26","date_gmt":"2026-01-21T10:39:26","guid":{"rendered":"https:\/\/www.fundacioimpulsa.org\/?p=14109"},"modified":"2026-01-22T12:49:07","modified_gmt":"2026-01-22T11:49:07","slug":"conectamos-con-impulsa-2026","status":"publish","type":"post","link":"https:\/\/www.fundacioimpulsa.org\/es\/conectamos-con-impulsa-2026\/","title":{"rendered":"Conectamos con Impuls_@: nuevas visitas a empresas para seguir creando red"},"content":{"rendered":"<p>La Fundaci\u00f3n Impulsa da continuidad a las sesiones de Conectamos con Impuls_@, un ciclo de visitas a empresas que tiene como objetivo crear espacios de encuentro entre empresas comprometidas con el territorio y con el futuro del talento joven, y tambi\u00e9n conocer su actividad empresarial.<\/p>\n<p><img loading=\"lazy\" decoding=\"async\" class=\"alignnone wp-image-14104\" src=\"https:\/\/www.fundacioimpulsa.org\/wp-content\/uploads\/2026\/01\/WEB_ConnectemImpulsa-300x207.jpg\" alt=\"\" width=\"720\" height=\"497\" srcset=\"https:\/\/www.fundacioimpulsa.org\/wp-content\/uploads\/2026\/01\/WEB_ConnectemImpulsa-300x207.jpg 300w, https:\/\/www.fundacioimpulsa.org\/wp-content\/uploads\/2026\/01\/WEB_ConnectemImpulsa-306x211.jpg 306w, https:\/\/www.fundacioimpulsa.org\/wp-content\/uploads\/2026\/01\/WEB_ConnectemImpulsa.jpg 700w\" sizes=\"auto, (max-width: 720px) 100vw, 720px\" \/><\/p>\n<p data-start=\"469\" data-end=\"520\"><strong data-start=\"469\" data-end=\"518\"><b><span data-contrast=\"auto\">Encuentros para conocer, comaprtir y conectar<\/span><\/b><\/strong><\/p>\n<p data-start=\"522\" data-end=\"838\">Conectamos con Impuls_@ propone un formato cercano y din\u00e1mico: encuentros en peque\u00f1o formato en las sedes de diversas Organizaciones Impulsoras, que permiten conocer de primera mano su d\u00eda a d\u00eda, descubrir sus instalaciones, su arraigo en el territorio y las iniciativas de responsabilidad social que impulsan.<\/p>\n<p data-start=\"840\" data-end=\"1110\">Estas sesiones se convierten en un espacio para hacer networking, compartir experiencias y buenas pr\u00e1cticas de compromiso social empresarial, y conocer la labor que realiza la Fundaci\u00f3n en el acompa\u00f1amiento de j\u00f3venes en situaci\u00f3n de vulnerabilidad socioecon\u00f3mica.<\/p>\n<p data-start=\"1112\" data-end=\"1349\">Los encuentros est\u00e1n dirigidos principalmente a las Organizaciones Impulsoras, pero tambi\u00e9n est\u00e1n abiertos a otras empresas interesadas en conocer la Fundaci\u00f3n y descubrir c\u00f3mo pueden generar impacto social desde el \u00e1mbito empresarial.<\/p>\n<p data-start=\"1112\" data-end=\"1349\">\n<p data-start=\"1112\" data-end=\"1349\">\n<p data-start=\"1351\" data-end=\"1380\"><strong data-start=\"1351\" data-end=\"1378\"><b><span data-contrast=\"auto\">Encuentros del a\u00f1o 2026<\/span><\/b><\/strong><\/p>\n<p data-start=\"1382\" data-end=\"1457\">Para 2026 se prev\u00e9n un total de 5 encuentros para seguir creando red:<\/p>\n<ul>\n<li><strong data-start=\"1461\" data-end=\"1496\"><b><span data-contrast=\"auto\">Esbelt (Osona) &#8211; 19 de febrero:<\/span><\/b><\/strong>\u00a0fabricantes de bandas transportadoras, perfiles y correas para aplicaciones alimentarias, industriales y agr\u00edcolas.<\/li>\n<li><strong data-start=\"1617\" data-end=\"1650\"><b><span data-contrast=\"auto\">Frime (Vall\u00e8s) &#8211; 28 de marzo:<\/span><\/b><\/strong>\u00a0l\u00edderes en pesca sostenible de at\u00fan, pez espada y semiconservas en Espa\u00f1a. Exportamos productos de excelente calidad a m\u00e1s de 30 pa\u00edses.<\/li>\n<li><strong data-start=\"1792\" data-end=\"1828\"><b><span data-contrast=\"auto\">Roberlo (Giron\u00e8s) &#8211; 16 de abril:<\/span><\/b><\/strong>\u00a0empresa especializada en el desarrollo, fabricaci\u00f3n y venta de pinturas y soluciones de reparaci\u00f3n para repintado de autom\u00f3viles y sectores industriales.<\/li>\n<li><strong data-start=\"1987\" data-end=\"2021\"><b><span data-contrast=\"auto\">Curtidos Badia (Anoia) &#8211; mayo:<\/span><\/b><\/strong>\u00a0empresa de referencia en el mercado de la moda y en el sector del cuero de alta calidad a nivel internacional.<\/li>\n<li><strong data-start=\"2137\" data-end=\"2176\"><b><span data-contrast=\"auto\">Quadpack (Barcelona) &#8211; 11 de junio:<\/span><\/b><\/strong>\u00a0fabricante y proveedor internacional de soluciones de packaging de cosm\u00e9ticos para marcas de belleza.<\/li>\n<\/ul>\n<p data-start=\"2286\" data-end=\"2438\">Estas visitas se suman a las ya realizadas anteriormente en otras Organizaciones Impulsoras, como Saurina, en la Garrotxa, y Roansa, en Osona.<\/p>\n<p data-start=\"2440\" data-end=\"2536\">Si est\u00e1s interesado en asistir a alguna de estas visitas, puedes inscribirte en este enlace.<\/p>\n<p data-start=\"2440\" data-end=\"2536\"><div  class='avia-button-wrap av-20tm5y-a71cc32bc57f1b31e7f7d466df3e9db4-wrap avia-button-center  avia-builder-el-0  avia-builder-el-no-sibling '><a href='https:\/\/form.typeform.com\/to\/paGT2gAk '  class='avia-button av-20tm5y-a71cc32bc57f1b31e7f7d466df3e9db4 av-link-btn avia-icon_select-yes-left-icon avia-size-small avia-position-center avia-color-theme-color'   aria-label=\"Inscr\u00edbete en alguna de las sesiones\"><span class='avia_button_icon avia_button_icon_left avia-svg-icon avia-font-svg_entypo-fontello' data-av_svg_icon='attach' data-av_iconset='svg_entypo-fontello'><svg version=\"1.1\" xmlns=\"http:\/\/www.w3.org\/2000\/svg\" width=\"30\" height=\"32\" viewBox=\"0 0 30 32\" preserveAspectRatio=\"xMidYMid meet\" aria-labelledby='av-svg-title-1' aria-describedby='av-svg-desc-1' role=\"graphics-symbol\">\n<title id='av-svg-title-1'>Attach<\/title>\n<desc id='av-svg-desc-1'>Attach<\/desc>\n<path d=\"M7.808 31.68q-3.264 0-5.44-2.304-2.304-2.24-2.368-5.312t2.688-6.080l15.872-15.872q2.56-2.56 5.568-1.728 1.408 0.384 2.528 1.504t1.504 2.528q0.832 3.072-1.728 5.632l-15.168 15.168q-1.28 1.28-2.816 1.472-1.536 0.128-2.56-0.896-0.96-0.768-0.864-2.368t1.504-2.944l10.624-10.688q0.768-0.832 1.6 0t0 1.6l-10.624 10.624q-1.408 1.408-0.64 2.24 0.384 0.256 0.768 0.192 0.768-0.128 1.472-0.832l15.168-15.168q1.6-1.6 1.088-3.456-0.512-1.92-2.432-2.432-1.728-0.448-3.456 1.152l-15.808 15.808q-2.112 2.432-2.048 4.576t1.664 3.744q1.6 1.536 3.744 1.6t4.512-1.984l15.872-15.808q0.768-0.768 1.6 0 0.832 0.704 0 1.536l-15.872 15.872q-2.624 2.624-5.952 2.624z\"><\/path>\n<\/svg><\/span><span class='avia_iconbox_title' >Inscr\u00edbete en alguna de las sesiones<\/span><\/a><\/div><\/p>\n","protected":false},"excerpt":{"rendered":"<p>La Fundaci\u00f3n Impulsa da continuidad a las sesiones de Conectamos con Impuls_@, un ciclo de visitas a empresas que tiene como objetivo crear espacios de encuentro entre empresas comprometidas con el territorio y con el futuro del talento joven, y tambi\u00e9n conocer su actividad empresarial.<\/p>\n","protected":false},"author":10,"featured_media":14104,"comment_status":"closed","ping_status":"closed","sticky":false,"template":"","format":"standard","meta":{"_acf_changed":false,"footnotes":""},"categories":[72,76],"tags":[92],"class_list":["post-14109","post","type-post","status-publish","format-standard","has-post-thumbnail","hentry","category-dia-a-dia-es","category-noticies-es","tag-organitzacionsimpulsores-es"],"acf":[],"yoast_head":"<!-- This site is optimized with the Yoast SEO plugin v27.3 - https:\/\/yoast.com\/product\/yoast-seo-wordpress\/ -->\n<title>Conectamos con Impuls_@: nuevas visitas a empresas para seguir creando red - Fundacio Impulsa<\/title>\n<meta name=\"robots\" content=\"index, follow, max-snippet:-1, max-image-preview:large, max-video-preview:-1\" \/>\n<link rel=\"canonical\" href=\"https:\/\/www.fundacioimpulsa.org\/es\/conectamos-con-impulsa-2026\/\" \/>\n<meta property=\"og:locale\" content=\"es_ES\" \/>\n<meta property=\"og:type\" content=\"article\" \/>\n<meta property=\"og:title\" content=\"Conectamos con Impuls_@: nuevas visitas a empresas para seguir creando red - Fundacio Impulsa\" \/>\n<meta property=\"og:description\" content=\"La Fundaci\u00f3n Impulsa da continuidad a las sesiones de Conectamos con Impuls_@, un ciclo de visitas a empresas que tiene como objetivo crear espacios de encuentro entre empresas comprometidas con el territorio y con el futuro del talento joven, y tambi\u00e9n conocer su actividad empresarial.\" \/>\n<meta property=\"og:url\" content=\"https:\/\/www.fundacioimpulsa.org\/es\/conectamos-con-impulsa-2026\/\" \/>\n<meta property=\"og:site_name\" content=\"Fundacio Impulsa\" \/>\n<meta property=\"article:published_time\" content=\"2026-01-21T10:39:26+00:00\" \/>\n<meta property=\"article:modified_time\" content=\"2026-01-22T11:49:07+00:00\" \/>\n<meta property=\"og:image\" content=\"https:\/\/www.fundacioimpulsa.org\/wp-content\/uploads\/2026\/01\/WEB_ConnectemImpulsa.jpg\" \/>\n\t<meta property=\"og:image:width\" content=\"700\" \/>\n\t<meta property=\"og:image:height\" content=\"483\" \/>\n\t<meta property=\"og:image:type\" content=\"image\/jpeg\" \/>\n<meta name=\"author\" content=\"anna\" \/>\n<meta name=\"twitter:card\" content=\"summary_large_image\" \/>\n<meta name=\"twitter:label1\" content=\"Escrito por\" \/>\n\t<meta name=\"twitter:data1\" content=\"anna\" \/>\n\t<meta name=\"twitter:label2\" content=\"Tiempo de lectura\" \/>\n\t<meta name=\"twitter:data2\" content=\"3 minutos\" \/>\n<script type=\"application\/ld+json\" class=\"yoast-schema-graph\">{\"@context\":\"https:\\\/\\\/schema.org\",\"@graph\":[{\"@type\":\"Article\",\"@id\":\"https:\\\/\\\/www.fundacioimpulsa.org\\\/es\\\/conectamos-con-impulsa-2026\\\/#article\",\"isPartOf\":{\"@id\":\"https:\\\/\\\/www.fundacioimpulsa.org\\\/es\\\/conectamos-con-impulsa-2026\\\/\"},\"author\":{\"name\":\"anna\",\"@id\":\"https:\\\/\\\/www.fundacioimpulsa.org\\\/es\\\/#\\\/schema\\\/person\\\/8093abda9188d9065d7a02992af09c00\"},\"headline\":\"Conectamos con Impuls_@: nuevas visitas a empresas para seguir creando red\",\"datePublished\":\"2026-01-21T10:39:26+00:00\",\"dateModified\":\"2026-01-22T11:49:07+00:00\",\"mainEntityOfPage\":{\"@id\":\"https:\\\/\\\/www.fundacioimpulsa.org\\\/es\\\/conectamos-con-impulsa-2026\\\/\"},\"wordCount\":647,\"image\":{\"@id\":\"https:\\\/\\\/www.fundacioimpulsa.org\\\/es\\\/conectamos-con-impulsa-2026\\\/#primaryimage\"},\"thumbnailUrl\":\"https:\\\/\\\/www.fundacioimpulsa.org\\\/wp-content\\\/uploads\\\/2026\\\/01\\\/WEB_ConnectemImpulsa.jpg\",\"keywords\":[\"#OrganizacionesImpulsoras\"],\"articleSection\":[\"D\u00eda a D\u00eda\",\"Noticias\"],\"inLanguage\":\"es\"},{\"@type\":\"WebPage\",\"@id\":\"https:\\\/\\\/www.fundacioimpulsa.org\\\/es\\\/conectamos-con-impulsa-2026\\\/\",\"url\":\"https:\\\/\\\/www.fundacioimpulsa.org\\\/es\\\/conectamos-con-impulsa-2026\\\/\",\"name\":\"Conectamos con Impuls_@: nuevas visitas a empresas para seguir creando red - Fundacio Impulsa\",\"isPartOf\":{\"@id\":\"https:\\\/\\\/www.fundacioimpulsa.org\\\/es\\\/#website\"},\"primaryImageOfPage\":{\"@id\":\"https:\\\/\\\/www.fundacioimpulsa.org\\\/es\\\/conectamos-con-impulsa-2026\\\/#primaryimage\"},\"image\":{\"@id\":\"https:\\\/\\\/www.fundacioimpulsa.org\\\/es\\\/conectamos-con-impulsa-2026\\\/#primaryimage\"},\"thumbnailUrl\":\"https:\\\/\\\/www.fundacioimpulsa.org\\\/wp-content\\\/uploads\\\/2026\\\/01\\\/WEB_ConnectemImpulsa.jpg\",\"datePublished\":\"2026-01-21T10:39:26+00:00\",\"dateModified\":\"2026-01-22T11:49:07+00:00\",\"author\":{\"@id\":\"https:\\\/\\\/www.fundacioimpulsa.org\\\/es\\\/#\\\/schema\\\/person\\\/8093abda9188d9065d7a02992af09c00\"},\"breadcrumb\":{\"@id\":\"https:\\\/\\\/www.fundacioimpulsa.org\\\/es\\\/conectamos-con-impulsa-2026\\\/#breadcrumb\"},\"inLanguage\":\"es\",\"potentialAction\":[{\"@type\":\"ReadAction\",\"target\":[\"https:\\\/\\\/www.fundacioimpulsa.org\\\/es\\\/conectamos-con-impulsa-2026\\\/\"]}]},{\"@type\":\"ImageObject\",\"inLanguage\":\"es\",\"@id\":\"https:\\\/\\\/www.fundacioimpulsa.org\\\/es\\\/conectamos-con-impulsa-2026\\\/#primaryimage\",\"url\":\"https:\\\/\\\/www.fundacioimpulsa.org\\\/wp-content\\\/uploads\\\/2026\\\/01\\\/WEB_ConnectemImpulsa.jpg\",\"contentUrl\":\"https:\\\/\\\/www.fundacioimpulsa.org\\\/wp-content\\\/uploads\\\/2026\\\/01\\\/WEB_ConnectemImpulsa.jpg\",\"width\":700,\"height\":483},{\"@type\":\"BreadcrumbList\",\"@id\":\"https:\\\/\\\/www.fundacioimpulsa.org\\\/es\\\/conectamos-con-impulsa-2026\\\/#breadcrumb\",\"itemListElement\":[{\"@type\":\"ListItem\",\"position\":1,\"name\":\"Inici\",\"item\":\"https:\\\/\\\/www.fundacioimpulsa.org\\\/es\\\/fundacio-impulsa\\\/\"},{\"@type\":\"ListItem\",\"position\":2,\"name\":\"Conectamos con Impuls_@: nuevas visitas a empresas para seguir creando red\"}]},{\"@type\":\"WebSite\",\"@id\":\"https:\\\/\\\/www.fundacioimpulsa.org\\\/es\\\/#website\",\"url\":\"https:\\\/\\\/www.fundacioimpulsa.org\\\/es\\\/\",\"name\":\"Fundacio Impulsa\",\"description\":\"\",\"potentialAction\":[{\"@type\":\"SearchAction\",\"target\":{\"@type\":\"EntryPoint\",\"urlTemplate\":\"https:\\\/\\\/www.fundacioimpulsa.org\\\/es\\\/?s={search_term_string}\"},\"query-input\":{\"@type\":\"PropertyValueSpecification\",\"valueRequired\":true,\"valueName\":\"search_term_string\"}}],\"inLanguage\":\"es\"},{\"@type\":\"Person\",\"@id\":\"https:\\\/\\\/www.fundacioimpulsa.org\\\/es\\\/#\\\/schema\\\/person\\\/8093abda9188d9065d7a02992af09c00\",\"name\":\"anna\",\"image\":{\"@type\":\"ImageObject\",\"inLanguage\":\"es\",\"@id\":\"https:\\\/\\\/secure.gravatar.com\\\/avatar\\\/098ca997a3814bde9b9ec5e5dfa4ad0ee9a251cd4cf1b86b7c008606c50d48c9?s=96&d=mm&r=g\",\"url\":\"https:\\\/\\\/secure.gravatar.com\\\/avatar\\\/098ca997a3814bde9b9ec5e5dfa4ad0ee9a251cd4cf1b86b7c008606c50d48c9?s=96&d=mm&r=g\",\"contentUrl\":\"https:\\\/\\\/secure.gravatar.com\\\/avatar\\\/098ca997a3814bde9b9ec5e5dfa4ad0ee9a251cd4cf1b86b7c008606c50d48c9?s=96&d=mm&r=g\",\"caption\":\"anna\"},\"url\":\"https:\\\/\\\/www.fundacioimpulsa.org\\\/es\\\/author\\\/anna\\\/\"}]}<\/script>\n<!-- \/ Yoast SEO plugin. -->","yoast_head_json":{"title":"Conectamos con Impuls_@: nuevas visitas a empresas para seguir creando red - Fundacio Impulsa","robots":{"index":"index","follow":"follow","max-snippet":"max-snippet:-1","max-image-preview":"max-image-preview:large","max-video-preview":"max-video-preview:-1"},"canonical":"https:\/\/www.fundacioimpulsa.org\/es\/conectamos-con-impulsa-2026\/","og_locale":"es_ES","og_type":"article","og_title":"Conectamos con Impuls_@: nuevas visitas a empresas para seguir creando red - Fundacio Impulsa","og_description":"La Fundaci\u00f3n Impulsa da continuidad a las sesiones de Conectamos con Impuls_@, un ciclo de visitas a empresas que tiene como objetivo crear espacios de encuentro entre empresas comprometidas con el territorio y con el futuro del talento joven, y tambi\u00e9n conocer su actividad empresarial.","og_url":"https:\/\/www.fundacioimpulsa.org\/es\/conectamos-con-impulsa-2026\/","og_site_name":"Fundacio Impulsa","article_published_time":"2026-01-21T10:39:26+00:00","article_modified_time":"2026-01-22T11:49:07+00:00","og_image":[{"width":700,"height":483,"url":"https:\/\/www.fundacioimpulsa.org\/wp-content\/uploads\/2026\/01\/WEB_ConnectemImpulsa.jpg","type":"image\/jpeg"}],"author":"anna","twitter_card":"summary_large_image","twitter_misc":{"Escrito por":"anna","Tiempo de lectura":"3 minutos"},"schema":{"@context":"https:\/\/schema.org","@graph":[{"@type":"Article","@id":"https:\/\/www.fundacioimpulsa.org\/es\/conectamos-con-impulsa-2026\/#article","isPartOf":{"@id":"https:\/\/www.fundacioimpulsa.org\/es\/conectamos-con-impulsa-2026\/"},"author":{"name":"anna","@id":"https:\/\/www.fundacioimpulsa.org\/es\/#\/schema\/person\/8093abda9188d9065d7a02992af09c00"},"headline":"Conectamos con Impuls_@: nuevas visitas a empresas para seguir creando red","datePublished":"2026-01-21T10:39:26+00:00","dateModified":"2026-01-22T11:49:07+00:00","mainEntityOfPage":{"@id":"https:\/\/www.fundacioimpulsa.org\/es\/conectamos-con-impulsa-2026\/"},"wordCount":647,"image":{"@id":"https:\/\/www.fundacioimpulsa.org\/es\/conectamos-con-impulsa-2026\/#primaryimage"},"thumbnailUrl":"https:\/\/www.fundacioimpulsa.org\/wp-content\/uploads\/2026\/01\/WEB_ConnectemImpulsa.jpg","keywords":["#OrganizacionesImpulsoras"],"articleSection":["D\u00eda a D\u00eda","Noticias"],"inLanguage":"es"},{"@type":"WebPage","@id":"https:\/\/www.fundacioimpulsa.org\/es\/conectamos-con-impulsa-2026\/","url":"https:\/\/www.fundacioimpulsa.org\/es\/conectamos-con-impulsa-2026\/","name":"Conectamos con Impuls_@: nuevas visitas a empresas para seguir creando red - Fundacio Impulsa","isPartOf":{"@id":"https:\/\/www.fundacioimpulsa.org\/es\/#website"},"primaryImageOfPage":{"@id":"https:\/\/www.fundacioimpulsa.org\/es\/conectamos-con-impulsa-2026\/#primaryimage"},"image":{"@id":"https:\/\/www.fundacioimpulsa.org\/es\/conectamos-con-impulsa-2026\/#primaryimage"},"thumbnailUrl":"https:\/\/www.fundacioimpulsa.org\/wp-content\/uploads\/2026\/01\/WEB_ConnectemImpulsa.jpg","datePublished":"2026-01-21T10:39:26+00:00","dateModified":"2026-01-22T11:49:07+00:00","author":{"@id":"https:\/\/www.fundacioimpulsa.org\/es\/#\/schema\/person\/8093abda9188d9065d7a02992af09c00"},"breadcrumb":{"@id":"https:\/\/www.fundacioimpulsa.org\/es\/conectamos-con-impulsa-2026\/#breadcrumb"},"inLanguage":"es","potentialAction":[{"@type":"ReadAction","target":["https:\/\/www.fundacioimpulsa.org\/es\/conectamos-con-impulsa-2026\/"]}]},{"@type":"ImageObject","inLanguage":"es","@id":"https:\/\/www.fundacioimpulsa.org\/es\/conectamos-con-impulsa-2026\/#primaryimage","url":"https:\/\/www.fundacioimpulsa.org\/wp-content\/uploads\/2026\/01\/WEB_ConnectemImpulsa.jpg","contentUrl":"https:\/\/www.fundacioimpulsa.org\/wp-content\/uploads\/2026\/01\/WEB_ConnectemImpulsa.jpg","width":700,"height":483},{"@type":"BreadcrumbList","@id":"https:\/\/www.fundacioimpulsa.org\/es\/conectamos-con-impulsa-2026\/#breadcrumb","itemListElement":[{"@type":"ListItem","position":1,"name":"Inici","item":"https:\/\/www.fundacioimpulsa.org\/es\/fundacio-impulsa\/"},{"@type":"ListItem","position":2,"name":"Conectamos con Impuls_@: nuevas visitas a empresas para seguir creando red"}]},{"@type":"WebSite","@id":"https:\/\/www.fundacioimpulsa.org\/es\/#website","url":"https:\/\/www.fundacioimpulsa.org\/es\/","name":"Fundacio Impulsa","description":"","potentialAction":[{"@type":"SearchAction","target":{"@type":"EntryPoint","urlTemplate":"https:\/\/www.fundacioimpulsa.org\/es\/?s={search_term_string}"},"query-input":{"@type":"PropertyValueSpecification","valueRequired":true,"valueName":"search_term_string"}}],"inLanguage":"es"},{"@type":"Person","@id":"https:\/\/www.fundacioimpulsa.org\/es\/#\/schema\/person\/8093abda9188d9065d7a02992af09c00","name":"anna","image":{"@type":"ImageObject","inLanguage":"es","@id":"https:\/\/secure.gravatar.com\/avatar\/098ca997a3814bde9b9ec5e5dfa4ad0ee9a251cd4cf1b86b7c008606c50d48c9?s=96&d=mm&r=g","url":"https:\/\/secure.gravatar.com\/avatar\/098ca997a3814bde9b9ec5e5dfa4ad0ee9a251cd4cf1b86b7c008606c50d48c9?s=96&d=mm&r=g","contentUrl":"https:\/\/secure.gravatar.com\/avatar\/098ca997a3814bde9b9ec5e5dfa4ad0ee9a251cd4cf1b86b7c008606c50d48c9?s=96&d=mm&r=g","caption":"anna"},"url":"https:\/\/www.fundacioimpulsa.org\/es\/author\/anna\/"}]}},"publishpress_future_action":{"enabled":false,"date":"2026-05-06 07:50:49","action":"change-status","newStatus":"draft","terms":[],"taxonomy":"category","extraData":[]},"publishpress_future_workflow_manual_trigger":{"enabledWorkflows":[]},"_links":{"self":[{"href":"https:\/\/www.fundacioimpulsa.org\/es\/wp-json\/wp\/v2\/posts\/14109","targetHints":{"allow":["GET"]}}],"collection":[{"href":"https:\/\/www.fundacioimpulsa.org\/es\/wp-json\/wp\/v2\/posts"}],"about":[{"href":"https:\/\/www.fundacioimpulsa.org\/es\/wp-json\/wp\/v2\/types\/post"}],"author":[{"embeddable":true,"href":"https:\/\/www.fundacioimpulsa.org\/es\/wp-json\/wp\/v2\/users\/10"}],"replies":[{"embeddable":true,"href":"https:\/\/www.fundacioimpulsa.org\/es\/wp-json\/wp\/v2\/comments?post=14109"}],"version-history":[{"count":7,"href":"https:\/\/www.fundacioimpulsa.org\/es\/wp-json\/wp\/v2\/posts\/14109\/revisions"}],"predecessor-version":[{"id":14111,"href":"https:\/\/www.fundacioimpulsa.org\/es\/wp-json\/wp\/v2\/posts\/14109\/revisions\/14111"}],"wp:featuredmedia":[{"embeddable":true,"href":"https:\/\/www.fundacioimpulsa.org\/es\/wp-json\/wp\/v2\/media\/14104"}],"wp:attachment":[{"href":"https:\/\/www.fundacioimpulsa.org\/es\/wp-json\/wp\/v2\/media?parent=14109"}],"wp:term":[{"taxonomy":"category","embeddable":true,"href":"https:\/\/www.fundacioimpulsa.org\/es\/wp-json\/wp\/v2\/categories?post=14109"},{"taxonomy":"post_tag","embeddable":true,"href":"https:\/\/www.fundacioimpulsa.org\/es\/wp-json\/wp\/v2\/tags?post=14109"}],"curies":[{"name":"wp","href":"https:\/\/api.w.org\/{rel}","templated":true}]}}