{"id":14693,"date":"2026-04-27T08:16:28","date_gmt":"2026-04-27T06:16:28","guid":{"rendered":"https:\/\/www.fundacioimpulsa.org\/?p=14693"},"modified":"2026-04-29T16:58:50","modified_gmt":"2026-04-29T14:58:50","slug":"los-jovenes-del-bergueda-descubren-el-sector-industrial-con-una-visita-a-peralba","status":"publish","type":"post","link":"https:\/\/www.fundacioimpulsa.org\/es\/los-jovenes-del-bergueda-descubren-el-sector-industrial-con-una-visita-a-peralba\/","title":{"rendered":"Los j\u00f3venes del Bergued\u00e0 descubren el sector industrial con una visita a Peralba"},"content":{"rendered":"<p><img loading=\"lazy\" decoding=\"async\" class=\"alignnone wp-image-14682\" src=\"https:\/\/www.fundacioimpulsa.org\/wp-content\/uploads\/2026\/04\/WhatsApp-Image-2026-04-22-at-1.24.43-PM-300x226.jpeg\" alt=\"\" width=\"720\" height=\"542\" srcset=\"https:\/\/www.fundacioimpulsa.org\/wp-content\/uploads\/2026\/04\/WhatsApp-Image-2026-04-22-at-1.24.43-PM-300x226.jpeg 300w, https:\/\/www.fundacioimpulsa.org\/wp-content\/uploads\/2026\/04\/WhatsApp-Image-2026-04-22-at-1.24.43-PM-1030x775.jpeg 1030w, https:\/\/www.fundacioimpulsa.org\/wp-content\/uploads\/2026\/04\/WhatsApp-Image-2026-04-22-at-1.24.43-PM-768x578.jpeg 768w, https:\/\/www.fundacioimpulsa.org\/wp-content\/uploads\/2026\/04\/WhatsApp-Image-2026-04-22-at-1.24.43-PM-1536x1156.jpeg 1536w, https:\/\/www.fundacioimpulsa.org\/wp-content\/uploads\/2026\/04\/WhatsApp-Image-2026-04-22-at-1.24.43-PM-1500x1129.jpeg 1500w, https:\/\/www.fundacioimpulsa.org\/wp-content\/uploads\/2026\/04\/WhatsApp-Image-2026-04-22-at-1.24.43-PM-705x531.jpeg 705w, https:\/\/www.fundacioimpulsa.org\/wp-content\/uploads\/2026\/04\/WhatsApp-Image-2026-04-22-at-1.24.43-PM-704x530.jpeg 704w, https:\/\/www.fundacioimpulsa.org\/wp-content\/uploads\/2026\/04\/WhatsApp-Image-2026-04-22-at-1.24.43-PM-280x211.jpeg 280w, https:\/\/www.fundacioimpulsa.org\/wp-content\/uploads\/2026\/04\/WhatsApp-Image-2026-04-22-at-1.24.43-PM.jpeg 1600w\" sizes=\"auto, (max-width: 720px) 100vw, 720px\" \/><\/p>\n<p data-start=\"138\" data-end=\"396\">Los j\u00f3venes del Bergued\u00e0 de la Fundaci\u00f3n Impulsa han tenido la oportunidad de conocer de cerca la realidad de una empresa gracias a una visita a Peralba, una empresa con una amplia trayectoria en el suministro de material para instaladores y profesionales.<\/p>\n<p data-start=\"398\" data-end=\"1039\">Durante la visita, los j\u00f3venes han podido adentrarse en el funcionamiento de la empresa, entender sus procesos internos y descubrir los diferentes perfiles profesionales que trabajan en ella. Esta aproximaci\u00f3n directa al mundo laboral les ha permitido ver c\u00f3mo se trasladan los conocimientos t\u00e9cnicos a un entorno real y qu\u00e9 competencias son clave en este \u00e1mbito. Uno de los aspectos m\u00e1s destacados de la jornada ha sido el contacto con el equipo de profesionales de Peralba, que han compartido su experiencia y trayectoria, poniendo en valor la importancia de la formaci\u00f3n, el esfuerzo y la adaptaci\u00f3n constante en un sector en evoluci\u00f3n.<\/p>\n<p data-start=\"1041\" data-end=\"1340\">Este tipo de visitas forman parte del programa de acompa\u00f1amiento de la Fundaci\u00f3n Impulsa y tienen como objetivo conectar a los j\u00f3venes con el mundo laboral, ampliar su visi\u00f3n sobre las oportunidades profesionales y ayudarles a construir su propio proyecto de futuro con mayor criterio y confianza.<\/p>\n<p data-start=\"1342\" data-end=\"1535\" data-is-last-node=\"\" data-is-only-node=\"\">Desde la Fundaci\u00f3n Impulsa, se quiere agradecer a Peralba su implicaci\u00f3n y disponibilidad para abrir las puertas de su empresa y contribuir al crecimiento personal y profesional de los j\u00f3venes.<\/p>\n","protected":false},"excerpt":{"rendered":"<p>Los j\u00f3venes del Bergued\u00e0 de la Fundaci\u00f3n Impulsa han tenido la oportunidad de conocer de cerca la realidad de una empresa gracias a una visita a Peralba, una empresa con una amplia trayectoria en el suministro de material para instaladores y profesionales.<\/p>\n","protected":false},"author":10,"featured_media":14682,"comment_status":"closed","ping_status":"closed","sticky":false,"template":"","format":"standard","meta":{"_acf_changed":false,"footnotes":""},"categories":[72,76],"tags":[92],"class_list":["post-14693","post","type-post","status-publish","format-standard","has-post-thumbnail","hentry","category-dia-a-dia-es","category-noticies-es","tag-organitzacionsimpulsores-es"],"acf":[],"yoast_head":"<!-- This site is optimized with the Yoast SEO plugin v27.5 - https:\/\/yoast.com\/product\/yoast-seo-wordpress\/ -->\n<title>Los j\u00f3venes del Bergued\u00e0 descubren el sector industrial con una visita a Peralba - Fundacio Impulsa<\/title>\n<meta name=\"description\" content=\"Los j\u00f3venes del Bergued\u00e0 de la Fundaci\u00f3n Impulsa han tenido la oportunidad de conocer de cerca la realidad de una empresa gracias a una visita a Peralba, una empresa con una amplia trayectoria en el suministro de material para instaladores y profesionales.\" \/>\n<meta name=\"robots\" content=\"index, follow, max-snippet:-1, max-image-preview:large, max-video-preview:-1\" \/>\n<link rel=\"canonical\" href=\"https:\/\/www.fundacioimpulsa.org\/es\/los-jovenes-del-bergueda-descubren-el-sector-industrial-con-una-visita-a-peralba\/\" \/>\n<meta property=\"og:locale\" content=\"es_ES\" \/>\n<meta property=\"og:type\" content=\"article\" \/>\n<meta property=\"og:title\" content=\"Los j\u00f3venes del Bergued\u00e0 descubren el sector industrial con una visita a Peralba - Fundacio Impulsa\" \/>\n<meta property=\"og:description\" content=\"Los j\u00f3venes del Bergued\u00e0 de la Fundaci\u00f3n Impulsa han tenido la oportunidad de conocer de cerca la realidad de una empresa gracias a una visita a Peralba, una empresa con una amplia trayectoria en el suministro de material para instaladores y profesionales.\" \/>\n<meta property=\"og:url\" content=\"https:\/\/www.fundacioimpulsa.org\/es\/los-jovenes-del-bergueda-descubren-el-sector-industrial-con-una-visita-a-peralba\/\" \/>\n<meta property=\"og:site_name\" content=\"Fundacio Impulsa\" \/>\n<meta property=\"article:published_time\" content=\"2026-04-27T06:16:28+00:00\" \/>\n<meta property=\"article:modified_time\" content=\"2026-04-29T14:58:50+00:00\" \/>\n<meta property=\"og:image\" content=\"https:\/\/www.fundacioimpulsa.org\/wp-content\/uploads\/2026\/04\/WhatsApp-Image-2026-04-22-at-1.24.43-PM.jpeg\" \/>\n\t<meta property=\"og:image:width\" content=\"1600\" \/>\n\t<meta property=\"og:image:height\" content=\"1204\" \/>\n\t<meta property=\"og:image:type\" content=\"image\/jpeg\" \/>\n<meta name=\"author\" content=\"anna\" \/>\n<meta name=\"twitter:card\" content=\"summary_large_image\" \/>\n<meta name=\"twitter:label1\" content=\"Escrito por\" \/>\n\t<meta name=\"twitter:data1\" content=\"anna\" \/>\n\t<meta name=\"twitter:label2\" content=\"Tiempo de lectura\" \/>\n\t<meta name=\"twitter:data2\" content=\"2 minutos\" \/>\n<script type=\"application\/ld+json\" class=\"yoast-schema-graph\">{\"@context\":\"https:\\\/\\\/schema.org\",\"@graph\":[{\"@type\":\"Article\",\"@id\":\"https:\\\/\\\/www.fundacioimpulsa.org\\\/es\\\/los-jovenes-del-bergueda-descubren-el-sector-industrial-con-una-visita-a-peralba\\\/#article\",\"isPartOf\":{\"@id\":\"https:\\\/\\\/www.fundacioimpulsa.org\\\/es\\\/los-jovenes-del-bergueda-descubren-el-sector-industrial-con-una-visita-a-peralba\\\/\"},\"author\":{\"name\":\"anna\",\"@id\":\"https:\\\/\\\/www.fundacioimpulsa.org\\\/es\\\/#\\\/schema\\\/person\\\/8093abda9188d9065d7a02992af09c00\"},\"headline\":\"Los j\u00f3venes del Bergued\u00e0 descubren el sector industrial con una visita a Peralba\",\"datePublished\":\"2026-04-27T06:16:28+00:00\",\"dateModified\":\"2026-04-29T14:58:50+00:00\",\"mainEntityOfPage\":{\"@id\":\"https:\\\/\\\/www.fundacioimpulsa.org\\\/es\\\/los-jovenes-del-bergueda-descubren-el-sector-industrial-con-una-visita-a-peralba\\\/\"},\"wordCount\":252,\"image\":{\"@id\":\"https:\\\/\\\/www.fundacioimpulsa.org\\\/es\\\/los-jovenes-del-bergueda-descubren-el-sector-industrial-con-una-visita-a-peralba\\\/#primaryimage\"},\"thumbnailUrl\":\"https:\\\/\\\/www.fundacioimpulsa.org\\\/wp-content\\\/uploads\\\/2026\\\/04\\\/WhatsApp-Image-2026-04-22-at-1.24.43-PM.jpeg\",\"keywords\":[\"#OrganizacionesImpulsoras\"],\"articleSection\":[\"D\u00eda a D\u00eda\",\"Noticias\"],\"inLanguage\":\"es\"},{\"@type\":\"WebPage\",\"@id\":\"https:\\\/\\\/www.fundacioimpulsa.org\\\/es\\\/los-jovenes-del-bergueda-descubren-el-sector-industrial-con-una-visita-a-peralba\\\/\",\"url\":\"https:\\\/\\\/www.fundacioimpulsa.org\\\/es\\\/los-jovenes-del-bergueda-descubren-el-sector-industrial-con-una-visita-a-peralba\\\/\",\"name\":\"Los j\u00f3venes del Bergued\u00e0 descubren el sector industrial con una visita a Peralba - Fundacio Impulsa\",\"isPartOf\":{\"@id\":\"https:\\\/\\\/www.fundacioimpulsa.org\\\/es\\\/#website\"},\"primaryImageOfPage\":{\"@id\":\"https:\\\/\\\/www.fundacioimpulsa.org\\\/es\\\/los-jovenes-del-bergueda-descubren-el-sector-industrial-con-una-visita-a-peralba\\\/#primaryimage\"},\"image\":{\"@id\":\"https:\\\/\\\/www.fundacioimpulsa.org\\\/es\\\/los-jovenes-del-bergueda-descubren-el-sector-industrial-con-una-visita-a-peralba\\\/#primaryimage\"},\"thumbnailUrl\":\"https:\\\/\\\/www.fundacioimpulsa.org\\\/wp-content\\\/uploads\\\/2026\\\/04\\\/WhatsApp-Image-2026-04-22-at-1.24.43-PM.jpeg\",\"datePublished\":\"2026-04-27T06:16:28+00:00\",\"dateModified\":\"2026-04-29T14:58:50+00:00\",\"author\":{\"@id\":\"https:\\\/\\\/www.fundacioimpulsa.org\\\/es\\\/#\\\/schema\\\/person\\\/8093abda9188d9065d7a02992af09c00\"},\"description\":\"Los j\u00f3venes del Bergued\u00e0 de la Fundaci\u00f3n Impulsa han tenido la oportunidad de conocer de cerca la realidad de una empresa gracias a una visita a Peralba, una empresa con una amplia trayectoria en el suministro de material para instaladores y profesionales.\",\"breadcrumb\":{\"@id\":\"https:\\\/\\\/www.fundacioimpulsa.org\\\/es\\\/los-jovenes-del-bergueda-descubren-el-sector-industrial-con-una-visita-a-peralba\\\/#breadcrumb\"},\"inLanguage\":\"es\",\"potentialAction\":[{\"@type\":\"ReadAction\",\"target\":[\"https:\\\/\\\/www.fundacioimpulsa.org\\\/es\\\/los-jovenes-del-bergueda-descubren-el-sector-industrial-con-una-visita-a-peralba\\\/\"]}]},{\"@type\":\"ImageObject\",\"inLanguage\":\"es\",\"@id\":\"https:\\\/\\\/www.fundacioimpulsa.org\\\/es\\\/los-jovenes-del-bergueda-descubren-el-sector-industrial-con-una-visita-a-peralba\\\/#primaryimage\",\"url\":\"https:\\\/\\\/www.fundacioimpulsa.org\\\/wp-content\\\/uploads\\\/2026\\\/04\\\/WhatsApp-Image-2026-04-22-at-1.24.43-PM.jpeg\",\"contentUrl\":\"https:\\\/\\\/www.fundacioimpulsa.org\\\/wp-content\\\/uploads\\\/2026\\\/04\\\/WhatsApp-Image-2026-04-22-at-1.24.43-PM.jpeg\",\"width\":1600,\"height\":1204},{\"@type\":\"BreadcrumbList\",\"@id\":\"https:\\\/\\\/www.fundacioimpulsa.org\\\/es\\\/los-jovenes-del-bergueda-descubren-el-sector-industrial-con-una-visita-a-peralba\\\/#breadcrumb\",\"itemListElement\":[{\"@type\":\"ListItem\",\"position\":1,\"name\":\"Inici\",\"item\":\"https:\\\/\\\/www.fundacioimpulsa.org\\\/es\\\/fundacio-impulsa\\\/\"},{\"@type\":\"ListItem\",\"position\":2,\"name\":\"Los j\u00f3venes del Bergued\u00e0 descubren el sector industrial con una visita a Peralba\"}]},{\"@type\":\"WebSite\",\"@id\":\"https:\\\/\\\/www.fundacioimpulsa.org\\\/es\\\/#website\",\"url\":\"https:\\\/\\\/www.fundacioimpulsa.org\\\/es\\\/\",\"name\":\"Fundacio Impulsa\",\"description\":\"\",\"potentialAction\":[{\"@type\":\"SearchAction\",\"target\":{\"@type\":\"EntryPoint\",\"urlTemplate\":\"https:\\\/\\\/www.fundacioimpulsa.org\\\/es\\\/?s={search_term_string}\"},\"query-input\":{\"@type\":\"PropertyValueSpecification\",\"valueRequired\":true,\"valueName\":\"search_term_string\"}}],\"inLanguage\":\"es\"},{\"@type\":\"Person\",\"@id\":\"https:\\\/\\\/www.fundacioimpulsa.org\\\/es\\\/#\\\/schema\\\/person\\\/8093abda9188d9065d7a02992af09c00\",\"name\":\"anna\",\"image\":{\"@type\":\"ImageObject\",\"inLanguage\":\"es\",\"@id\":\"https:\\\/\\\/secure.gravatar.com\\\/avatar\\\/098ca997a3814bde9b9ec5e5dfa4ad0ee9a251cd4cf1b86b7c008606c50d48c9?s=96&d=mm&r=g\",\"url\":\"https:\\\/\\\/secure.gravatar.com\\\/avatar\\\/098ca997a3814bde9b9ec5e5dfa4ad0ee9a251cd4cf1b86b7c008606c50d48c9?s=96&d=mm&r=g\",\"contentUrl\":\"https:\\\/\\\/secure.gravatar.com\\\/avatar\\\/098ca997a3814bde9b9ec5e5dfa4ad0ee9a251cd4cf1b86b7c008606c50d48c9?s=96&d=mm&r=g\",\"caption\":\"anna\"},\"url\":\"https:\\\/\\\/www.fundacioimpulsa.org\\\/es\\\/author\\\/anna\\\/\"}]}<\/script>\n<!-- \/ Yoast SEO plugin. -->","yoast_head_json":{"title":"Los j\u00f3venes del Bergued\u00e0 descubren el sector industrial con una visita a Peralba - Fundacio Impulsa","description":"Los j\u00f3venes del Bergued\u00e0 de la Fundaci\u00f3n Impulsa han tenido la oportunidad de conocer de cerca la realidad de una empresa gracias a una visita a Peralba, una empresa con una amplia trayectoria en el suministro de material para instaladores y profesionales.","robots":{"index":"index","follow":"follow","max-snippet":"max-snippet:-1","max-image-preview":"max-image-preview:large","max-video-preview":"max-video-preview:-1"},"canonical":"https:\/\/www.fundacioimpulsa.org\/es\/los-jovenes-del-bergueda-descubren-el-sector-industrial-con-una-visita-a-peralba\/","og_locale":"es_ES","og_type":"article","og_title":"Los j\u00f3venes del Bergued\u00e0 descubren el sector industrial con una visita a Peralba - Fundacio Impulsa","og_description":"Los j\u00f3venes del Bergued\u00e0 de la Fundaci\u00f3n Impulsa han tenido la oportunidad de conocer de cerca la realidad de una empresa gracias a una visita a Peralba, una empresa con una amplia trayectoria en el suministro de material para instaladores y profesionales.","og_url":"https:\/\/www.fundacioimpulsa.org\/es\/los-jovenes-del-bergueda-descubren-el-sector-industrial-con-una-visita-a-peralba\/","og_site_name":"Fundacio Impulsa","article_published_time":"2026-04-27T06:16:28+00:00","article_modified_time":"2026-04-29T14:58:50+00:00","og_image":[{"width":1600,"height":1204,"url":"https:\/\/www.fundacioimpulsa.org\/wp-content\/uploads\/2026\/04\/WhatsApp-Image-2026-04-22-at-1.24.43-PM.jpeg","type":"image\/jpeg"}],"author":"anna","twitter_card":"summary_large_image","twitter_misc":{"Escrito por":"anna","Tiempo de lectura":"2 minutos"},"schema":{"@context":"https:\/\/schema.org","@graph":[{"@type":"Article","@id":"https:\/\/www.fundacioimpulsa.org\/es\/los-jovenes-del-bergueda-descubren-el-sector-industrial-con-una-visita-a-peralba\/#article","isPartOf":{"@id":"https:\/\/www.fundacioimpulsa.org\/es\/los-jovenes-del-bergueda-descubren-el-sector-industrial-con-una-visita-a-peralba\/"},"author":{"name":"anna","@id":"https:\/\/www.fundacioimpulsa.org\/es\/#\/schema\/person\/8093abda9188d9065d7a02992af09c00"},"headline":"Los j\u00f3venes del Bergued\u00e0 descubren el sector industrial con una visita a Peralba","datePublished":"2026-04-27T06:16:28+00:00","dateModified":"2026-04-29T14:58:50+00:00","mainEntityOfPage":{"@id":"https:\/\/www.fundacioimpulsa.org\/es\/los-jovenes-del-bergueda-descubren-el-sector-industrial-con-una-visita-a-peralba\/"},"wordCount":252,"image":{"@id":"https:\/\/www.fundacioimpulsa.org\/es\/los-jovenes-del-bergueda-descubren-el-sector-industrial-con-una-visita-a-peralba\/#primaryimage"},"thumbnailUrl":"https:\/\/www.fundacioimpulsa.org\/wp-content\/uploads\/2026\/04\/WhatsApp-Image-2026-04-22-at-1.24.43-PM.jpeg","keywords":["#OrganizacionesImpulsoras"],"articleSection":["D\u00eda a D\u00eda","Noticias"],"inLanguage":"es"},{"@type":"WebPage","@id":"https:\/\/www.fundacioimpulsa.org\/es\/los-jovenes-del-bergueda-descubren-el-sector-industrial-con-una-visita-a-peralba\/","url":"https:\/\/www.fundacioimpulsa.org\/es\/los-jovenes-del-bergueda-descubren-el-sector-industrial-con-una-visita-a-peralba\/","name":"Los j\u00f3venes del Bergued\u00e0 descubren el sector industrial con una visita a Peralba - Fundacio Impulsa","isPartOf":{"@id":"https:\/\/www.fundacioimpulsa.org\/es\/#website"},"primaryImageOfPage":{"@id":"https:\/\/www.fundacioimpulsa.org\/es\/los-jovenes-del-bergueda-descubren-el-sector-industrial-con-una-visita-a-peralba\/#primaryimage"},"image":{"@id":"https:\/\/www.fundacioimpulsa.org\/es\/los-jovenes-del-bergueda-descubren-el-sector-industrial-con-una-visita-a-peralba\/#primaryimage"},"thumbnailUrl":"https:\/\/www.fundacioimpulsa.org\/wp-content\/uploads\/2026\/04\/WhatsApp-Image-2026-04-22-at-1.24.43-PM.jpeg","datePublished":"2026-04-27T06:16:28+00:00","dateModified":"2026-04-29T14:58:50+00:00","author":{"@id":"https:\/\/www.fundacioimpulsa.org\/es\/#\/schema\/person\/8093abda9188d9065d7a02992af09c00"},"description":"Los j\u00f3venes del Bergued\u00e0 de la Fundaci\u00f3n Impulsa han tenido la oportunidad de conocer de cerca la realidad de una empresa gracias a una visita a Peralba, una empresa con una amplia trayectoria en el suministro de material para instaladores y profesionales.","breadcrumb":{"@id":"https:\/\/www.fundacioimpulsa.org\/es\/los-jovenes-del-bergueda-descubren-el-sector-industrial-con-una-visita-a-peralba\/#breadcrumb"},"inLanguage":"es","potentialAction":[{"@type":"ReadAction","target":["https:\/\/www.fundacioimpulsa.org\/es\/los-jovenes-del-bergueda-descubren-el-sector-industrial-con-una-visita-a-peralba\/"]}]},{"@type":"ImageObject","inLanguage":"es","@id":"https:\/\/www.fundacioimpulsa.org\/es\/los-jovenes-del-bergueda-descubren-el-sector-industrial-con-una-visita-a-peralba\/#primaryimage","url":"https:\/\/www.fundacioimpulsa.org\/wp-content\/uploads\/2026\/04\/WhatsApp-Image-2026-04-22-at-1.24.43-PM.jpeg","contentUrl":"https:\/\/www.fundacioimpulsa.org\/wp-content\/uploads\/2026\/04\/WhatsApp-Image-2026-04-22-at-1.24.43-PM.jpeg","width":1600,"height":1204},{"@type":"BreadcrumbList","@id":"https:\/\/www.fundacioimpulsa.org\/es\/los-jovenes-del-bergueda-descubren-el-sector-industrial-con-una-visita-a-peralba\/#breadcrumb","itemListElement":[{"@type":"ListItem","position":1,"name":"Inici","item":"https:\/\/www.fundacioimpulsa.org\/es\/fundacio-impulsa\/"},{"@type":"ListItem","position":2,"name":"Los j\u00f3venes del Bergued\u00e0 descubren el sector industrial con una visita a Peralba"}]},{"@type":"WebSite","@id":"https:\/\/www.fundacioimpulsa.org\/es\/#website","url":"https:\/\/www.fundacioimpulsa.org\/es\/","name":"Fundacio Impulsa","description":"","potentialAction":[{"@type":"SearchAction","target":{"@type":"EntryPoint","urlTemplate":"https:\/\/www.fundacioimpulsa.org\/es\/?s={search_term_string}"},"query-input":{"@type":"PropertyValueSpecification","valueRequired":true,"valueName":"search_term_string"}}],"inLanguage":"es"},{"@type":"Person","@id":"https:\/\/www.fundacioimpulsa.org\/es\/#\/schema\/person\/8093abda9188d9065d7a02992af09c00","name":"anna","image":{"@type":"ImageObject","inLanguage":"es","@id":"https:\/\/secure.gravatar.com\/avatar\/098ca997a3814bde9b9ec5e5dfa4ad0ee9a251cd4cf1b86b7c008606c50d48c9?s=96&d=mm&r=g","url":"https:\/\/secure.gravatar.com\/avatar\/098ca997a3814bde9b9ec5e5dfa4ad0ee9a251cd4cf1b86b7c008606c50d48c9?s=96&d=mm&r=g","contentUrl":"https:\/\/secure.gravatar.com\/avatar\/098ca997a3814bde9b9ec5e5dfa4ad0ee9a251cd4cf1b86b7c008606c50d48c9?s=96&d=mm&r=g","caption":"anna"},"url":"https:\/\/www.fundacioimpulsa.org\/es\/author\/anna\/"}]}},"publishpress_future_action":{"enabled":false,"date":"2026-05-07 14:41:40","action":"change-status","newStatus":"draft","terms":[],"taxonomy":"category","extraData":[]},"publishpress_future_workflow_manual_trigger":{"enabledWorkflows":[]},"_links":{"self":[{"href":"https:\/\/www.fundacioimpulsa.org\/es\/wp-json\/wp\/v2\/posts\/14693","targetHints":{"allow":["GET"]}}],"collection":[{"href":"https:\/\/www.fundacioimpulsa.org\/es\/wp-json\/wp\/v2\/posts"}],"about":[{"href":"https:\/\/www.fundacioimpulsa.org\/es\/wp-json\/wp\/v2\/types\/post"}],"author":[{"embeddable":true,"href":"https:\/\/www.fundacioimpulsa.org\/es\/wp-json\/wp\/v2\/users\/10"}],"replies":[{"embeddable":true,"href":"https:\/\/www.fundacioimpulsa.org\/es\/wp-json\/wp\/v2\/comments?post=14693"}],"version-history":[{"count":2,"href":"https:\/\/www.fundacioimpulsa.org\/es\/wp-json\/wp\/v2\/posts\/14693\/revisions"}],"predecessor-version":[{"id":14695,"href":"https:\/\/www.fundacioimpulsa.org\/es\/wp-json\/wp\/v2\/posts\/14693\/revisions\/14695"}],"wp:featuredmedia":[{"embeddable":true,"href":"https:\/\/www.fundacioimpulsa.org\/es\/wp-json\/wp\/v2\/media\/14682"}],"wp:attachment":[{"href":"https:\/\/www.fundacioimpulsa.org\/es\/wp-json\/wp\/v2\/media?parent=14693"}],"wp:term":[{"taxonomy":"category","embeddable":true,"href":"https:\/\/www.fundacioimpulsa.org\/es\/wp-json\/wp\/v2\/categories?post=14693"},{"taxonomy":"post_tag","embeddable":true,"href":"https:\/\/www.fundacioimpulsa.org\/es\/wp-json\/wp\/v2\/tags?post=14693"}],"curies":[{"name":"wp","href":"https:\/\/api.w.org\/{rel}","templated":true}]}}