{"id":14698,"date":"2026-04-29T08:45:27","date_gmt":"2026-04-29T06:45:27","guid":{"rendered":"https:\/\/www.fundacioimpulsa.org\/?p=14698"},"modified":"2026-04-29T17:02:09","modified_gmt":"2026-04-29T15:02:09","slug":"la-fundacion-impulsa-elegida-por-bonpreu-y-esclat-para-la-campana-de-redondeo-solidario-del-mes-de-mayo","status":"publish","type":"post","link":"https:\/\/www.fundacioimpulsa.org\/es\/la-fundacion-impulsa-elegida-por-bonpreu-y-esclat-para-la-campana-de-redondeo-solidario-del-mes-de-mayo\/","title":{"rendered":"La Fundaci\u00f3n Impulsa elegida por Bonpreu y Esclat para la campa\u00f1a de Redondeo Solidario del mes de mayo"},"content":{"rendered":"<p data-start=\"161\" data-end=\"495\"><img loading=\"lazy\" decoding=\"async\" class=\"alignnone wp-image-14688\" src=\"https:\/\/www.fundacioimpulsa.org\/wp-content\/uploads\/2026\/04\/Portada-noti-Fundacio-Impulsa-27-300x207.jpg\" alt=\"\" width=\"720\" height=\"497\" srcset=\"https:\/\/www.fundacioimpulsa.org\/wp-content\/uploads\/2026\/04\/Portada-noti-Fundacio-Impulsa-27-300x207.jpg 300w, https:\/\/www.fundacioimpulsa.org\/wp-content\/uploads\/2026\/04\/Portada-noti-Fundacio-Impulsa-27-1030x710.jpg 1030w, https:\/\/www.fundacioimpulsa.org\/wp-content\/uploads\/2026\/04\/Portada-noti-Fundacio-Impulsa-27-768x530.jpg 768w, https:\/\/www.fundacioimpulsa.org\/wp-content\/uploads\/2026\/04\/Portada-noti-Fundacio-Impulsa-27-1536x1059.jpg 1536w, https:\/\/www.fundacioimpulsa.org\/wp-content\/uploads\/2026\/04\/Portada-noti-Fundacio-Impulsa-27-2048x1412.jpg 2048w, https:\/\/www.fundacioimpulsa.org\/wp-content\/uploads\/2026\/04\/Portada-noti-Fundacio-Impulsa-27-1500x1035.jpg 1500w, https:\/\/www.fundacioimpulsa.org\/wp-content\/uploads\/2026\/04\/Portada-noti-Fundacio-Impulsa-27-705x486.jpg 705w, https:\/\/www.fundacioimpulsa.org\/wp-content\/uploads\/2026\/04\/Portada-noti-Fundacio-Impulsa-27-306x211.jpg 306w\" sizes=\"auto, (max-width: 720px) 100vw, 720px\" \/><\/p>\n<p data-start=\"161\" data-end=\"495\">La Fundaci\u00f3n Impulsa ha sido seleccionada por Bonpreu y Esclat como entidad beneficiaria de la campa\u00f1a de Redondeo Solidario durante el mes de mayo de este 2026, una iniciativa que permite a los clientes y clientas de los establecimientos realizar microdonaciones de manera voluntaria en el momento de pagar sus compras con tarjeta.<\/p>\n<p data-start=\"497\" data-end=\"851\">Las aportaciones recogidas se destinar\u00e1n al proyecto <strong>Impulsa Oportunidades Laborales<\/strong>, que tiene como objetivo mejorar la empleabilidad y promover la inserci\u00f3n sociolaboral de j\u00f3venes en situaci\u00f3n de vulnerabilidad, a trav\u00e9s de itinerarios personalizados, formaci\u00f3n en competencias transversales y conexi\u00f3n directa con el mercado laboral del territorio.<\/p>\n<p data-start=\"853\" data-end=\"1204\">Esta labor es especialmente relevante en un contexto en el que, en Catalu\u00f1a, casi 1 de cada 4 j\u00f3venes no encuentra trabajo \u2014un 22,1%\u2014 y el abandono escolar prematuro sigue muy por encima del objetivo europeo. Adem\u00e1s, se estima que cada joven que abandona los estudios puede suponer un coste de 300.000 \u20ac para la Administraci\u00f3n a lo largo de su vida.<\/p>\n<p data-start=\"1206\" data-end=\"1614\">Pero detr\u00e1s de estas cifras hay j\u00f3venes con motivaci\u00f3n y ganas de construir un futuro mejor que, a menudo, no disponen de los recursos econ\u00f3micos ni de los referentes necesarios para acceder a una formaci\u00f3n profesional que les permita romper el c\u00edrculo de la precariedad. Por ello, el apoyo a proyectos como Impulsa Oportunidades Laborales es clave para transformar trayectorias educativas y profesionales.<\/p>\n<p data-start=\"1616\" data-end=\"2099\">A trav\u00e9s de su M\u00e9todo, la Fundaci\u00f3n Impulsa acompa\u00f1a a j\u00f3venes que se encuentran en situaci\u00f3n de vulnerabilidad socioecon\u00f3mica y les concede becas para que puedan continuar su etapa educativa cursando un ciclo de Formaci\u00f3n Profesional. Este acompa\u00f1amiento incluye apoyo econ\u00f3mico, orientaci\u00f3n, seguimiento psicopedag\u00f3gico, mentor\u00eda y formaciones en competencias personales y profesionales. Desde 2015, la entidad ya ha acompa\u00f1ado a m\u00e1s de 780 j\u00f3venes en todo el territorio catal\u00e1n.<\/p>\n<p data-start=\"2101\" data-end=\"2483\">El Redondeo Solidario de Bonpreu y Esclat, impulsado con la colaboraci\u00f3n de Worldcoo, ofrece a los clientes la posibilidad de redondear el importe final de las compras superiores a 5 euros realizadas con tarjeta, con una donaci\u00f3n m\u00ednima de 0,10 euros. Las donaciones se destinan directamente a la entidad beneficiaria de cada campa\u00f1a mensual, este mes de mayo a nuestra Fundaci\u00f3n.<\/p>\n<p data-start=\"2485\" data-end=\"2737\" data-is-last-node=\"\" data-is-only-node=\"\">Con esta colaboraci\u00f3n, Bonpreu y Esclat se suman al compromiso de la Fundaci\u00f3n Impulsa para generar nuevas oportunidades educativas y laborales para los j\u00f3venes, contribuyendo a construir un futuro con mayor igualdad de oportunidades y cohesi\u00f3n social.<\/p>\n<p data-start=\"2485\" data-end=\"2737\" data-is-last-node=\"\" data-is-only-node=\"\"><div  class='avia-button-wrap av-mideta-7bb54ead810d6a08316d2aeba13db0ad-wrap avia-button-center  avia-builder-el-0  avia-builder-el-no-sibling '><a href='https:\/\/bonpreu.worldcoo.com\/ca\/2a83bc1e-715f-40fe-80b6-4cb3545e9b6c'  class='avia-button av-mideta-7bb54ead810d6a08316d2aeba13db0ad av-link-btn avia-icon_select-yes-left-icon avia-size-small avia-position-center avia-color-theme-color'   aria-label=\"Consulta la campa\u00f1a y haz tu donativo\"><span class='avia_button_icon avia_button_icon_left avia-svg-icon avia-font-svg_entypo-fontello' data-av_svg_icon='bookmarks' data-av_iconset='svg_entypo-fontello'><svg version=\"1.1\" xmlns=\"http:\/\/www.w3.org\/2000\/svg\" width=\"18\" height=\"32\" viewBox=\"0 0 18 32\" preserveAspectRatio=\"xMidYMid meet\" aria-labelledby='av-svg-title-1' aria-describedby='av-svg-desc-1' role=\"graphics-symbol\">\n<title id='av-svg-title-1'>Bookmarks<\/title>\n<desc id='av-svg-desc-1'>Bookmarks<\/desc>\n<path d=\"M16 0q0.64 0 1.12 0.48t0.48 1.12v27.2l-4.8-5.76v-19.84q0-0.64-0.48-1.12t-1.12-0.48h-3.2q0-1.6 1.28-1.6h6.72zM8 4.8q0.64 0 1.12 0.48t0.48 1.12v25.6l-4.8-5.76-4.8 5.76v-25.6q0-1.6 1.28-1.6h6.72z\"><\/path>\n<\/svg><\/span><span class='avia_iconbox_title' >Consulta la campa\u00f1a y haz tu donativo<\/span><\/a><\/div><\/p>\n","protected":false},"excerpt":{"rendered":"<p>La Fundaci\u00f3n Impulsa ha sido seleccionada por Bonpreu y Esclat como entidad beneficiaria de la campa\u00f1a de Redondeo Solidario durante el mes de mayo de este 2026, una iniciativa que permite a los clientes y clientas de los establecimientos realizar microdonaciones de manera voluntaria en el momento de pagar sus compras con tarjeta.<\/p>\n","protected":false},"author":10,"featured_media":14688,"comment_status":"closed","ping_status":"closed","sticky":false,"template":"","format":"standard","meta":{"_acf_changed":false,"footnotes":""},"categories":[72,76],"tags":[145],"class_list":["post-14698","post","type-post","status-publish","format-standard","has-post-thumbnail","hentry","category-dia-a-dia-es","category-noticies-es","tag-iniciativasolidaria"],"acf":[],"yoast_head":"<!-- This site is optimized with the Yoast SEO plugin v27.5 - https:\/\/yoast.com\/product\/yoast-seo-wordpress\/ -->\n<title>La Fundaci\u00f3n Impulsa elegida por Bonpreu y Esclat para la campa\u00f1a de Redondeo Solidario del mes de mayo - Fundacio Impulsa<\/title>\n<meta name=\"description\" content=\"La Fundaci\u00f3n Impulsa ha sido seleccionada por Bonpreu y Esclat como entidad beneficiaria de la campa\u00f1a de Redondeo Solidario durante el mes de mayo de este 2026, una iniciativa que permite a los clientes y clientas de los establecimientos realizar microdonaciones de manera voluntaria en el momento de pagar sus compras con tarjeta.\" \/>\n<meta name=\"robots\" content=\"index, follow, max-snippet:-1, max-image-preview:large, max-video-preview:-1\" \/>\n<link rel=\"canonical\" href=\"https:\/\/www.fundacioimpulsa.org\/es\/la-fundacion-impulsa-elegida-por-bonpreu-y-esclat-para-la-campana-de-redondeo-solidario-del-mes-de-mayo\/\" \/>\n<meta property=\"og:locale\" content=\"es_ES\" \/>\n<meta property=\"og:type\" content=\"article\" \/>\n<meta property=\"og:title\" content=\"La Fundaci\u00f3n Impulsa elegida por Bonpreu y Esclat para la campa\u00f1a de Redondeo Solidario del mes de mayo - Fundacio Impulsa\" \/>\n<meta property=\"og:description\" content=\"La Fundaci\u00f3n Impulsa ha sido seleccionada por Bonpreu y Esclat como entidad beneficiaria de la campa\u00f1a de Redondeo Solidario durante el mes de mayo de este 2026, una iniciativa que permite a los clientes y clientas de los establecimientos realizar microdonaciones de manera voluntaria en el momento de pagar sus compras con tarjeta.\" \/>\n<meta property=\"og:url\" content=\"https:\/\/www.fundacioimpulsa.org\/es\/la-fundacion-impulsa-elegida-por-bonpreu-y-esclat-para-la-campana-de-redondeo-solidario-del-mes-de-mayo\/\" \/>\n<meta property=\"og:site_name\" content=\"Fundacio Impulsa\" \/>\n<meta property=\"article:published_time\" content=\"2026-04-29T06:45:27+00:00\" \/>\n<meta property=\"article:modified_time\" content=\"2026-04-29T15:02:09+00:00\" \/>\n<meta property=\"og:image\" content=\"https:\/\/www.fundacioimpulsa.org\/wp-content\/uploads\/2026\/04\/Portada-noti-Fundacio-Impulsa-27.jpg\" \/>\n\t<meta property=\"og:image:width\" content=\"2188\" \/>\n\t<meta property=\"og:image:height\" content=\"1509\" \/>\n\t<meta property=\"og:image:type\" content=\"image\/jpeg\" \/>\n<meta name=\"author\" content=\"anna\" \/>\n<meta name=\"twitter:card\" content=\"summary_large_image\" \/>\n<meta name=\"twitter:label1\" content=\"Escrito por\" \/>\n\t<meta name=\"twitter:data1\" content=\"anna\" \/>\n\t<meta name=\"twitter:label2\" content=\"Tiempo de lectura\" \/>\n\t<meta name=\"twitter:data2\" content=\"3 minutos\" \/>\n<script type=\"application\/ld+json\" class=\"yoast-schema-graph\">{\"@context\":\"https:\\\/\\\/schema.org\",\"@graph\":[{\"@type\":\"Article\",\"@id\":\"https:\\\/\\\/www.fundacioimpulsa.org\\\/es\\\/la-fundacion-impulsa-elegida-por-bonpreu-y-esclat-para-la-campana-de-redondeo-solidario-del-mes-de-mayo\\\/#article\",\"isPartOf\":{\"@id\":\"https:\\\/\\\/www.fundacioimpulsa.org\\\/es\\\/la-fundacion-impulsa-elegida-por-bonpreu-y-esclat-para-la-campana-de-redondeo-solidario-del-mes-de-mayo\\\/\"},\"author\":{\"name\":\"anna\",\"@id\":\"https:\\\/\\\/www.fundacioimpulsa.org\\\/es\\\/#\\\/schema\\\/person\\\/8093abda9188d9065d7a02992af09c00\"},\"headline\":\"La Fundaci\u00f3n Impulsa elegida por Bonpreu y Esclat para la campa\u00f1a de Redondeo Solidario del mes de mayo\",\"datePublished\":\"2026-04-29T06:45:27+00:00\",\"dateModified\":\"2026-04-29T15:02:09+00:00\",\"mainEntityOfPage\":{\"@id\":\"https:\\\/\\\/www.fundacioimpulsa.org\\\/es\\\/la-fundacion-impulsa-elegida-por-bonpreu-y-esclat-para-la-campana-de-redondeo-solidario-del-mes-de-mayo\\\/\"},\"wordCount\":726,\"image\":{\"@id\":\"https:\\\/\\\/www.fundacioimpulsa.org\\\/es\\\/la-fundacion-impulsa-elegida-por-bonpreu-y-esclat-para-la-campana-de-redondeo-solidario-del-mes-de-mayo\\\/#primaryimage\"},\"thumbnailUrl\":\"https:\\\/\\\/www.fundacioimpulsa.org\\\/wp-content\\\/uploads\\\/2026\\\/04\\\/Portada-noti-Fundacio-Impulsa-27.jpg\",\"keywords\":[\"#IniciativaSolid\u00e0ria\"],\"articleSection\":[\"D\u00eda a D\u00eda\",\"Noticias\"],\"inLanguage\":\"es\"},{\"@type\":\"WebPage\",\"@id\":\"https:\\\/\\\/www.fundacioimpulsa.org\\\/es\\\/la-fundacion-impulsa-elegida-por-bonpreu-y-esclat-para-la-campana-de-redondeo-solidario-del-mes-de-mayo\\\/\",\"url\":\"https:\\\/\\\/www.fundacioimpulsa.org\\\/es\\\/la-fundacion-impulsa-elegida-por-bonpreu-y-esclat-para-la-campana-de-redondeo-solidario-del-mes-de-mayo\\\/\",\"name\":\"La Fundaci\u00f3n Impulsa elegida por Bonpreu y Esclat para la campa\u00f1a de Redondeo Solidario del mes de mayo - Fundacio Impulsa\",\"isPartOf\":{\"@id\":\"https:\\\/\\\/www.fundacioimpulsa.org\\\/es\\\/#website\"},\"primaryImageOfPage\":{\"@id\":\"https:\\\/\\\/www.fundacioimpulsa.org\\\/es\\\/la-fundacion-impulsa-elegida-por-bonpreu-y-esclat-para-la-campana-de-redondeo-solidario-del-mes-de-mayo\\\/#primaryimage\"},\"image\":{\"@id\":\"https:\\\/\\\/www.fundacioimpulsa.org\\\/es\\\/la-fundacion-impulsa-elegida-por-bonpreu-y-esclat-para-la-campana-de-redondeo-solidario-del-mes-de-mayo\\\/#primaryimage\"},\"thumbnailUrl\":\"https:\\\/\\\/www.fundacioimpulsa.org\\\/wp-content\\\/uploads\\\/2026\\\/04\\\/Portada-noti-Fundacio-Impulsa-27.jpg\",\"datePublished\":\"2026-04-29T06:45:27+00:00\",\"dateModified\":\"2026-04-29T15:02:09+00:00\",\"author\":{\"@id\":\"https:\\\/\\\/www.fundacioimpulsa.org\\\/es\\\/#\\\/schema\\\/person\\\/8093abda9188d9065d7a02992af09c00\"},\"description\":\"La Fundaci\u00f3n Impulsa ha sido seleccionada por Bonpreu y Esclat como entidad beneficiaria de la campa\u00f1a de Redondeo Solidario durante el mes de mayo de este 2026, una iniciativa que permite a los clientes y clientas de los establecimientos realizar microdonaciones de manera voluntaria en el momento de pagar sus compras con tarjeta.\",\"breadcrumb\":{\"@id\":\"https:\\\/\\\/www.fundacioimpulsa.org\\\/es\\\/la-fundacion-impulsa-elegida-por-bonpreu-y-esclat-para-la-campana-de-redondeo-solidario-del-mes-de-mayo\\\/#breadcrumb\"},\"inLanguage\":\"es\",\"potentialAction\":[{\"@type\":\"ReadAction\",\"target\":[\"https:\\\/\\\/www.fundacioimpulsa.org\\\/es\\\/la-fundacion-impulsa-elegida-por-bonpreu-y-esclat-para-la-campana-de-redondeo-solidario-del-mes-de-mayo\\\/\"]}]},{\"@type\":\"ImageObject\",\"inLanguage\":\"es\",\"@id\":\"https:\\\/\\\/www.fundacioimpulsa.org\\\/es\\\/la-fundacion-impulsa-elegida-por-bonpreu-y-esclat-para-la-campana-de-redondeo-solidario-del-mes-de-mayo\\\/#primaryimage\",\"url\":\"https:\\\/\\\/www.fundacioimpulsa.org\\\/wp-content\\\/uploads\\\/2026\\\/04\\\/Portada-noti-Fundacio-Impulsa-27.jpg\",\"contentUrl\":\"https:\\\/\\\/www.fundacioimpulsa.org\\\/wp-content\\\/uploads\\\/2026\\\/04\\\/Portada-noti-Fundacio-Impulsa-27.jpg\",\"width\":2188,\"height\":1509},{\"@type\":\"BreadcrumbList\",\"@id\":\"https:\\\/\\\/www.fundacioimpulsa.org\\\/es\\\/la-fundacion-impulsa-elegida-por-bonpreu-y-esclat-para-la-campana-de-redondeo-solidario-del-mes-de-mayo\\\/#breadcrumb\",\"itemListElement\":[{\"@type\":\"ListItem\",\"position\":1,\"name\":\"Inici\",\"item\":\"https:\\\/\\\/www.fundacioimpulsa.org\\\/es\\\/fundacio-impulsa\\\/\"},{\"@type\":\"ListItem\",\"position\":2,\"name\":\"La Fundaci\u00f3n Impulsa elegida por Bonpreu y Esclat para la campa\u00f1a de Redondeo Solidario del mes de mayo\"}]},{\"@type\":\"WebSite\",\"@id\":\"https:\\\/\\\/www.fundacioimpulsa.org\\\/es\\\/#website\",\"url\":\"https:\\\/\\\/www.fundacioimpulsa.org\\\/es\\\/\",\"name\":\"Fundacio Impulsa\",\"description\":\"\",\"potentialAction\":[{\"@type\":\"SearchAction\",\"target\":{\"@type\":\"EntryPoint\",\"urlTemplate\":\"https:\\\/\\\/www.fundacioimpulsa.org\\\/es\\\/?s={search_term_string}\"},\"query-input\":{\"@type\":\"PropertyValueSpecification\",\"valueRequired\":true,\"valueName\":\"search_term_string\"}}],\"inLanguage\":\"es\"},{\"@type\":\"Person\",\"@id\":\"https:\\\/\\\/www.fundacioimpulsa.org\\\/es\\\/#\\\/schema\\\/person\\\/8093abda9188d9065d7a02992af09c00\",\"name\":\"anna\",\"image\":{\"@type\":\"ImageObject\",\"inLanguage\":\"es\",\"@id\":\"https:\\\/\\\/secure.gravatar.com\\\/avatar\\\/098ca997a3814bde9b9ec5e5dfa4ad0ee9a251cd4cf1b86b7c008606c50d48c9?s=96&d=mm&r=g\",\"url\":\"https:\\\/\\\/secure.gravatar.com\\\/avatar\\\/098ca997a3814bde9b9ec5e5dfa4ad0ee9a251cd4cf1b86b7c008606c50d48c9?s=96&d=mm&r=g\",\"contentUrl\":\"https:\\\/\\\/secure.gravatar.com\\\/avatar\\\/098ca997a3814bde9b9ec5e5dfa4ad0ee9a251cd4cf1b86b7c008606c50d48c9?s=96&d=mm&r=g\",\"caption\":\"anna\"},\"url\":\"https:\\\/\\\/www.fundacioimpulsa.org\\\/es\\\/author\\\/anna\\\/\"}]}<\/script>\n<!-- \/ Yoast SEO plugin. -->","yoast_head_json":{"title":"La Fundaci\u00f3n Impulsa elegida por Bonpreu y Esclat para la campa\u00f1a de Redondeo Solidario del mes de mayo - Fundacio Impulsa","description":"La Fundaci\u00f3n Impulsa ha sido seleccionada por Bonpreu y Esclat como entidad beneficiaria de la campa\u00f1a de Redondeo Solidario durante el mes de mayo de este 2026, una iniciativa que permite a los clientes y clientas de los establecimientos realizar microdonaciones de manera voluntaria en el momento de pagar sus compras con tarjeta.","robots":{"index":"index","follow":"follow","max-snippet":"max-snippet:-1","max-image-preview":"max-image-preview:large","max-video-preview":"max-video-preview:-1"},"canonical":"https:\/\/www.fundacioimpulsa.org\/es\/la-fundacion-impulsa-elegida-por-bonpreu-y-esclat-para-la-campana-de-redondeo-solidario-del-mes-de-mayo\/","og_locale":"es_ES","og_type":"article","og_title":"La Fundaci\u00f3n Impulsa elegida por Bonpreu y Esclat para la campa\u00f1a de Redondeo Solidario del mes de mayo - Fundacio Impulsa","og_description":"La Fundaci\u00f3n Impulsa ha sido seleccionada por Bonpreu y Esclat como entidad beneficiaria de la campa\u00f1a de Redondeo Solidario durante el mes de mayo de este 2026, una iniciativa que permite a los clientes y clientas de los establecimientos realizar microdonaciones de manera voluntaria en el momento de pagar sus compras con tarjeta.","og_url":"https:\/\/www.fundacioimpulsa.org\/es\/la-fundacion-impulsa-elegida-por-bonpreu-y-esclat-para-la-campana-de-redondeo-solidario-del-mes-de-mayo\/","og_site_name":"Fundacio Impulsa","article_published_time":"2026-04-29T06:45:27+00:00","article_modified_time":"2026-04-29T15:02:09+00:00","og_image":[{"width":2188,"height":1509,"url":"https:\/\/www.fundacioimpulsa.org\/wp-content\/uploads\/2026\/04\/Portada-noti-Fundacio-Impulsa-27.jpg","type":"image\/jpeg"}],"author":"anna","twitter_card":"summary_large_image","twitter_misc":{"Escrito por":"anna","Tiempo de lectura":"3 minutos"},"schema":{"@context":"https:\/\/schema.org","@graph":[{"@type":"Article","@id":"https:\/\/www.fundacioimpulsa.org\/es\/la-fundacion-impulsa-elegida-por-bonpreu-y-esclat-para-la-campana-de-redondeo-solidario-del-mes-de-mayo\/#article","isPartOf":{"@id":"https:\/\/www.fundacioimpulsa.org\/es\/la-fundacion-impulsa-elegida-por-bonpreu-y-esclat-para-la-campana-de-redondeo-solidario-del-mes-de-mayo\/"},"author":{"name":"anna","@id":"https:\/\/www.fundacioimpulsa.org\/es\/#\/schema\/person\/8093abda9188d9065d7a02992af09c00"},"headline":"La Fundaci\u00f3n Impulsa elegida por Bonpreu y Esclat para la campa\u00f1a de Redondeo Solidario del mes de mayo","datePublished":"2026-04-29T06:45:27+00:00","dateModified":"2026-04-29T15:02:09+00:00","mainEntityOfPage":{"@id":"https:\/\/www.fundacioimpulsa.org\/es\/la-fundacion-impulsa-elegida-por-bonpreu-y-esclat-para-la-campana-de-redondeo-solidario-del-mes-de-mayo\/"},"wordCount":726,"image":{"@id":"https:\/\/www.fundacioimpulsa.org\/es\/la-fundacion-impulsa-elegida-por-bonpreu-y-esclat-para-la-campana-de-redondeo-solidario-del-mes-de-mayo\/#primaryimage"},"thumbnailUrl":"https:\/\/www.fundacioimpulsa.org\/wp-content\/uploads\/2026\/04\/Portada-noti-Fundacio-Impulsa-27.jpg","keywords":["#IniciativaSolid\u00e0ria"],"articleSection":["D\u00eda a D\u00eda","Noticias"],"inLanguage":"es"},{"@type":"WebPage","@id":"https:\/\/www.fundacioimpulsa.org\/es\/la-fundacion-impulsa-elegida-por-bonpreu-y-esclat-para-la-campana-de-redondeo-solidario-del-mes-de-mayo\/","url":"https:\/\/www.fundacioimpulsa.org\/es\/la-fundacion-impulsa-elegida-por-bonpreu-y-esclat-para-la-campana-de-redondeo-solidario-del-mes-de-mayo\/","name":"La Fundaci\u00f3n Impulsa elegida por Bonpreu y Esclat para la campa\u00f1a de Redondeo Solidario del mes de mayo - Fundacio Impulsa","isPartOf":{"@id":"https:\/\/www.fundacioimpulsa.org\/es\/#website"},"primaryImageOfPage":{"@id":"https:\/\/www.fundacioimpulsa.org\/es\/la-fundacion-impulsa-elegida-por-bonpreu-y-esclat-para-la-campana-de-redondeo-solidario-del-mes-de-mayo\/#primaryimage"},"image":{"@id":"https:\/\/www.fundacioimpulsa.org\/es\/la-fundacion-impulsa-elegida-por-bonpreu-y-esclat-para-la-campana-de-redondeo-solidario-del-mes-de-mayo\/#primaryimage"},"thumbnailUrl":"https:\/\/www.fundacioimpulsa.org\/wp-content\/uploads\/2026\/04\/Portada-noti-Fundacio-Impulsa-27.jpg","datePublished":"2026-04-29T06:45:27+00:00","dateModified":"2026-04-29T15:02:09+00:00","author":{"@id":"https:\/\/www.fundacioimpulsa.org\/es\/#\/schema\/person\/8093abda9188d9065d7a02992af09c00"},"description":"La Fundaci\u00f3n Impulsa ha sido seleccionada por Bonpreu y Esclat como entidad beneficiaria de la campa\u00f1a de Redondeo Solidario durante el mes de mayo de este 2026, una iniciativa que permite a los clientes y clientas de los establecimientos realizar microdonaciones de manera voluntaria en el momento de pagar sus compras con tarjeta.","breadcrumb":{"@id":"https:\/\/www.fundacioimpulsa.org\/es\/la-fundacion-impulsa-elegida-por-bonpreu-y-esclat-para-la-campana-de-redondeo-solidario-del-mes-de-mayo\/#breadcrumb"},"inLanguage":"es","potentialAction":[{"@type":"ReadAction","target":["https:\/\/www.fundacioimpulsa.org\/es\/la-fundacion-impulsa-elegida-por-bonpreu-y-esclat-para-la-campana-de-redondeo-solidario-del-mes-de-mayo\/"]}]},{"@type":"ImageObject","inLanguage":"es","@id":"https:\/\/www.fundacioimpulsa.org\/es\/la-fundacion-impulsa-elegida-por-bonpreu-y-esclat-para-la-campana-de-redondeo-solidario-del-mes-de-mayo\/#primaryimage","url":"https:\/\/www.fundacioimpulsa.org\/wp-content\/uploads\/2026\/04\/Portada-noti-Fundacio-Impulsa-27.jpg","contentUrl":"https:\/\/www.fundacioimpulsa.org\/wp-content\/uploads\/2026\/04\/Portada-noti-Fundacio-Impulsa-27.jpg","width":2188,"height":1509},{"@type":"BreadcrumbList","@id":"https:\/\/www.fundacioimpulsa.org\/es\/la-fundacion-impulsa-elegida-por-bonpreu-y-esclat-para-la-campana-de-redondeo-solidario-del-mes-de-mayo\/#breadcrumb","itemListElement":[{"@type":"ListItem","position":1,"name":"Inici","item":"https:\/\/www.fundacioimpulsa.org\/es\/fundacio-impulsa\/"},{"@type":"ListItem","position":2,"name":"La Fundaci\u00f3n Impulsa elegida por Bonpreu y Esclat para la campa\u00f1a de Redondeo Solidario del mes de mayo"}]},{"@type":"WebSite","@id":"https:\/\/www.fundacioimpulsa.org\/es\/#website","url":"https:\/\/www.fundacioimpulsa.org\/es\/","name":"Fundacio Impulsa","description":"","potentialAction":[{"@type":"SearchAction","target":{"@type":"EntryPoint","urlTemplate":"https:\/\/www.fundacioimpulsa.org\/es\/?s={search_term_string}"},"query-input":{"@type":"PropertyValueSpecification","valueRequired":true,"valueName":"search_term_string"}}],"inLanguage":"es"},{"@type":"Person","@id":"https:\/\/www.fundacioimpulsa.org\/es\/#\/schema\/person\/8093abda9188d9065d7a02992af09c00","name":"anna","image":{"@type":"ImageObject","inLanguage":"es","@id":"https:\/\/secure.gravatar.com\/avatar\/098ca997a3814bde9b9ec5e5dfa4ad0ee9a251cd4cf1b86b7c008606c50d48c9?s=96&d=mm&r=g","url":"https:\/\/secure.gravatar.com\/avatar\/098ca997a3814bde9b9ec5e5dfa4ad0ee9a251cd4cf1b86b7c008606c50d48c9?s=96&d=mm&r=g","contentUrl":"https:\/\/secure.gravatar.com\/avatar\/098ca997a3814bde9b9ec5e5dfa4ad0ee9a251cd4cf1b86b7c008606c50d48c9?s=96&d=mm&r=g","caption":"anna"},"url":"https:\/\/www.fundacioimpulsa.org\/es\/author\/anna\/"}]}},"publishpress_future_action":{"enabled":false,"date":"2026-05-07 16:09:42","action":"change-status","newStatus":"draft","terms":[],"taxonomy":"category","extraData":[]},"publishpress_future_workflow_manual_trigger":{"enabledWorkflows":[]},"_links":{"self":[{"href":"https:\/\/www.fundacioimpulsa.org\/es\/wp-json\/wp\/v2\/posts\/14698","targetHints":{"allow":["GET"]}}],"collection":[{"href":"https:\/\/www.fundacioimpulsa.org\/es\/wp-json\/wp\/v2\/posts"}],"about":[{"href":"https:\/\/www.fundacioimpulsa.org\/es\/wp-json\/wp\/v2\/types\/post"}],"author":[{"embeddable":true,"href":"https:\/\/www.fundacioimpulsa.org\/es\/wp-json\/wp\/v2\/users\/10"}],"replies":[{"embeddable":true,"href":"https:\/\/www.fundacioimpulsa.org\/es\/wp-json\/wp\/v2\/comments?post=14698"}],"version-history":[{"count":3,"href":"https:\/\/www.fundacioimpulsa.org\/es\/wp-json\/wp\/v2\/posts\/14698\/revisions"}],"predecessor-version":[{"id":14701,"href":"https:\/\/www.fundacioimpulsa.org\/es\/wp-json\/wp\/v2\/posts\/14698\/revisions\/14701"}],"wp:featuredmedia":[{"embeddable":true,"href":"https:\/\/www.fundacioimpulsa.org\/es\/wp-json\/wp\/v2\/media\/14688"}],"wp:attachment":[{"href":"https:\/\/www.fundacioimpulsa.org\/es\/wp-json\/wp\/v2\/media?parent=14698"}],"wp:term":[{"taxonomy":"category","embeddable":true,"href":"https:\/\/www.fundacioimpulsa.org\/es\/wp-json\/wp\/v2\/categories?post=14698"},{"taxonomy":"post_tag","embeddable":true,"href":"https:\/\/www.fundacioimpulsa.org\/es\/wp-json\/wp\/v2\/tags?post=14698"}],"curies":[{"name":"wp","href":"https:\/\/api.w.org\/{rel}","templated":true}]}}