{"id":15234,"date":"2026-09-03T08:10:41","date_gmt":"2026-09-03T06:10:41","guid":{"rendered":"https:\/\/www.fundacioimpulsa.org\/?p=15234"},"modified":"2026-09-03T12:46:46","modified_gmt":"2026-09-03T10:46:46","slug":"la-fundacion-banco-sabadell-colabora-con-la-fundacion-impulsa-para-impulsar-nuevas-oportunidades-para-jovenes-de-sabadell","status":"publish","type":"post","link":"https:\/\/www.fundacioimpulsa.org\/es\/la-fundacion-banco-sabadell-colabora-con-la-fundacion-impulsa-para-impulsar-nuevas-oportunidades-para-jovenes-de-sabadell\/","title":{"rendered":"La Fundaci\u00f3n Banco Sabadell colabora con la Fundaci\u00f3n Impulsa para impulsar nuevas oportunidades para j\u00f3venes de Sabadell"},"content":{"rendered":"<p><img loading=\"lazy\" decoding=\"async\" class=\"alignnone wp-image-15225\" src=\"https:\/\/www.fundacioimpulsa.org\/wp-content\/uploads\/2024\/03\/BancSabadell_Web-300x207.jpg\" alt=\"\" width=\"720\" height=\"497\" srcset=\"https:\/\/www.fundacioimpulsa.org\/wp-content\/uploads\/2024\/03\/BancSabadell_Web-300x207.jpg 300w, https:\/\/www.fundacioimpulsa.org\/wp-content\/uploads\/2024\/03\/BancSabadell_Web-306x211.jpg 306w, https:\/\/www.fundacioimpulsa.org\/wp-content\/uploads\/2024\/03\/BancSabadell_Web.jpg 700w\" sizes=\"auto, (max-width: 720px) 100vw, 720px\" \/><\/p>\n<p class=\"isSelectedEnd\">La Fundaci\u00f3n Banco Sabadell y la Fundaci\u00f3n Impulsa han establecido una colaboraci\u00f3n para reforzar el acompa\u00f1amiento a j\u00f3venes en situaci\u00f3n de vulnerabilidad socioecon\u00f3mica del municipio de Sabadell, facilitando que puedan continuar sus estudios de Formaci\u00f3n Profesional y construir un futuro con m\u00e1s oportunidades gracias a la Beca Impulsa.<\/p>\n<p class=\"isSelectedEnd\">En el marco de esta alianza, la Fundaci\u00f3n Banco Sabadell asumir\u00e1 el coste \u00edntegro del acompa\u00f1amiento de <strong>5 j\u00f3venes Impulsers<\/strong>\u00a0durante el curso 2026-2027. Esta colaboraci\u00f3n se enmarca dentro del proyecto <strong>\u00abImpulsem nous camins, constru\u00efm noves oportunitats\u00bb<\/strong>, impulsado por la Fundaci\u00f3n Impulsa en Sabadell.<\/p>\n<p class=\"isSelectedEnd\">La Fundaci\u00f3n Banco Sabadell, creada en el a\u00f1o 1994 como expresi\u00f3n del compromiso de Banco Sabadell con el progreso y el bienestar de las personas, trabaja para promover la cultura, las artes, la investigaci\u00f3n y la educaci\u00f3n, con una especial apuesta por el impulso del talento joven. Esta visi\u00f3n conecta plenamente con la misi\u00f3n de la Fundaci\u00f3n Impulsa, que acompa\u00f1a a j\u00f3venes en situaci\u00f3n de vulnerabilidad para que puedan acceder a estudios de Formaci\u00f3n Profesional y desarrollar su proyecto vital y profesional.<\/p>\n<p class=\"isSelectedEnd\">La Fundaci\u00f3n Impulsa est\u00e1 presente en Sabadell desde el curso 2021-22, trabajando para promover la igualdad de oportunidades entre j\u00f3venes de entre 16 y 20 a\u00f1os que, a pesar de tener motivaci\u00f3n y aptitudes para continuar form\u00e1ndose en estudios postobligatorios del \u00e1mbito de la FP, se encuentran en una situaci\u00f3n de vulnerabilidad socioecon\u00f3mica o riesgo de exclusi\u00f3n social.<\/p>\n<p class=\"isSelectedEnd\">A trav\u00e9s del <strong>M\u00e9todo Impulsa<\/strong>, los j\u00f3venes reciben un acompa\u00f1amiento integral que va m\u00e1s all\u00e1 de la beca econ\u00f3mica. El programa incluye la financiaci\u00f3n de los estudios de Formaci\u00f3n Profesional, un ordenador port\u00e1til, seguimiento psicopedag\u00f3gico individualizado, el acompa\u00f1amiento de una persona mentora voluntaria que se convierte en un referente personal y profesional, formaciones en competencias transversales y profesionales, experiencias de voluntariado y actividades de acercamiento al tejido empresarial. Un modelo que favorece el desarrollo personal de los j\u00f3venes, refuerza su arraigo al territorio y mejora sus oportunidades de inserci\u00f3n sociolaboral.<\/p>\n<p class=\"isSelectedEnd\">Actualmente, la Fundaci\u00f3n Impulsa acompa\u00f1a a j\u00f3venes en diversas comarcas catalanas, entre ellas el Vall\u00e8s Occidental, y trabaja conjuntamente con numerosos centros educativos y agentes sociales de Sabadell, as\u00ed como con la colaboraci\u00f3n del Ayuntamiento de Sabadell. Durante el curso 2026-2027, el proyecto \u00abImpulsem nous camins, constru\u00efm noves oportunitats\u00bb prev\u00e9 acompa\u00f1ar a 45 j\u00f3venes de Sabadell, cinco de los cuales podr\u00e1n hacerlo gracias al apoyo de la Fundaci\u00f3n Banco Sabadell.<\/p>\n<p>Esta colaboraci\u00f3n permite consolidar el despliegue del proyecto en el municipio y continuar dando respuesta al creciente n\u00famero de j\u00f3venes que necesitan apoyo para continuar sus estudios. Al mismo tiempo, contribuye a promover el talento joven, favorecer la igualdad de oportunidades y reforzar la cohesi\u00f3n social a trav\u00e9s del trabajo conjunto entre el tercer sector, el tejido empresarial y los agentes del territorio. Paralelamente, tambi\u00e9n se est\u00e1 impulsando la participaci\u00f3n de 5 profesionales de Banco Sabadell en el programa de mentor\u00eda de la Fundaci\u00f3n Impulsa. Actualmente se est\u00e1 llevando a cabo el proceso de selecci\u00f3n de personas voluntarias que acompa\u00f1ar\u00e1n a los j\u00f3venes Impulseres, reforzando as\u00ed el compromiso de la entidad con su desarrollo personal y profesional.<\/p>\n","protected":false},"excerpt":{"rendered":"<p>La Fundaci\u00f3n Banco Sabadell y la Fundaci\u00f3n Impulsa han establecido una colaboraci\u00f3n para reforzar el acompa\u00f1amiento a j\u00f3venes en situaci\u00f3n de vulnerabilidad socioecon\u00f3mica del municipio de Sabadell, facilitando que puedan continuar sus estudios de Formaci\u00f3n Profesional y construir un futuro con m\u00e1s oportunidades gracias a la Beca Impulsa.<\/p>\n","protected":false},"author":10,"featured_media":15225,"comment_status":"closed","ping_status":"closed","sticky":false,"template":"","format":"standard","meta":{"_acf_changed":false,"footnotes":""},"categories":[72,76],"tags":[92],"class_list":["post-15234","post","type-post","status-publish","format-standard","has-post-thumbnail","hentry","category-dia-a-dia-es","category-noticies-es","tag-organitzacionsimpulsores-es"],"acf":[],"yoast_head":"<!-- This site is optimized with the Yoast SEO plugin v28.2 - https:\/\/yoast.com\/product\/yoast-seo-wordpress\/ -->\n<title>La Fundaci\u00f3n Banco Sabadell colabora con la Fundaci\u00f3n Impulsa para impulsar nuevas oportunidades para j\u00f3venes de Sabadell - Fundacio Impulsa<\/title>\n<meta name=\"description\" content=\"La Fundaci\u00f3n Banco Sabadell y la Fundaci\u00f3n Impulsa han establecido una colaboraci\u00f3n para reforzar el acompa\u00f1amiento a j\u00f3venes en situaci\u00f3n de vulnerabilidad socioecon\u00f3mica del municipio de Sabadell, facilitando que puedan continuar sus estudios de Formaci\u00f3n Profesional y construir un futuro con m\u00e1s oportunidades gracias a la Beca Impulsa.\" \/>\n<meta name=\"robots\" content=\"index, follow, max-snippet:-1, max-image-preview:large, max-video-preview:-1\" \/>\n<link rel=\"canonical\" href=\"https:\/\/www.fundacioimpulsa.org\/es\/la-fundacion-banco-sabadell-colabora-con-la-fundacion-impulsa-para-impulsar-nuevas-oportunidades-para-jovenes-de-sabadell\/\" \/>\n<meta property=\"og:locale\" content=\"es_ES\" \/>\n<meta property=\"og:type\" content=\"article\" \/>\n<meta property=\"og:title\" content=\"La Fundaci\u00f3n Banco Sabadell colabora con la Fundaci\u00f3n Impulsa para impulsar nuevas oportunidades para j\u00f3venes de Sabadell - Fundacio Impulsa\" \/>\n<meta property=\"og:description\" content=\"La Fundaci\u00f3n Banco Sabadell y la Fundaci\u00f3n Impulsa han establecido una colaboraci\u00f3n para reforzar el acompa\u00f1amiento a j\u00f3venes en situaci\u00f3n de vulnerabilidad socioecon\u00f3mica del municipio de Sabadell, facilitando que puedan continuar sus estudios de Formaci\u00f3n Profesional y construir un futuro con m\u00e1s oportunidades gracias a la Beca Impulsa.\" \/>\n<meta property=\"og:url\" content=\"https:\/\/www.fundacioimpulsa.org\/es\/la-fundacion-banco-sabadell-colabora-con-la-fundacion-impulsa-para-impulsar-nuevas-oportunidades-para-jovenes-de-sabadell\/\" \/>\n<meta property=\"og:site_name\" content=\"Fundacio Impulsa\" \/>\n<meta property=\"article:published_time\" content=\"2026-09-03T06:10:41+00:00\" \/>\n<meta property=\"article:modified_time\" content=\"2026-09-03T10:46:46+00:00\" \/>\n<meta property=\"og:image\" content=\"https:\/\/www.fundacioimpulsa.org\/wp-content\/uploads\/2024\/03\/BancSabadell_Web.jpg\" \/>\n\t<meta property=\"og:image:width\" content=\"700\" \/>\n\t<meta property=\"og:image:height\" content=\"483\" \/>\n\t<meta property=\"og:image:type\" content=\"image\/jpeg\" \/>\n<meta name=\"author\" content=\"anna\" \/>\n<meta name=\"twitter:card\" content=\"summary_large_image\" \/>\n<meta name=\"twitter:label1\" content=\"Escrito por\" \/>\n\t<meta name=\"twitter:data1\" content=\"anna\" \/>\n\t<meta name=\"twitter:label2\" content=\"Tiempo de lectura\" \/>\n\t<meta name=\"twitter:data2\" content=\"3 minutos\" \/>\n<script type=\"application\/ld+json\" class=\"yoast-schema-graph\">{\"@context\":\"https:\\\/\\\/schema.org\",\"@graph\":[{\"@type\":\"Article\",\"@id\":\"https:\\\/\\\/www.fundacioimpulsa.org\\\/es\\\/la-fundacion-banco-sabadell-colabora-con-la-fundacion-impulsa-para-impulsar-nuevas-oportunidades-para-jovenes-de-sabadell\\\/#article\",\"isPartOf\":{\"@id\":\"https:\\\/\\\/www.fundacioimpulsa.org\\\/es\\\/la-fundacion-banco-sabadell-colabora-con-la-fundacion-impulsa-para-impulsar-nuevas-oportunidades-para-jovenes-de-sabadell\\\/\"},\"author\":{\"name\":\"anna\",\"@id\":\"https:\\\/\\\/www.fundacioimpulsa.org\\\/es\\\/#\\\/schema\\\/person\\\/8093abda9188d9065d7a02992af09c00\"},\"headline\":\"La Fundaci\u00f3n Banco Sabadell colabora con la Fundaci\u00f3n Impulsa para impulsar nuevas oportunidades para j\u00f3venes de Sabadell\",\"datePublished\":\"2026-09-03T06:10:41+00:00\",\"dateModified\":\"2026-09-03T10:46:46+00:00\",\"mainEntityOfPage\":{\"@id\":\"https:\\\/\\\/www.fundacioimpulsa.org\\\/es\\\/la-fundacion-banco-sabadell-colabora-con-la-fundacion-impulsa-para-impulsar-nuevas-oportunidades-para-jovenes-de-sabadell\\\/\"},\"wordCount\":594,\"image\":{\"@id\":\"https:\\\/\\\/www.fundacioimpulsa.org\\\/es\\\/la-fundacion-banco-sabadell-colabora-con-la-fundacion-impulsa-para-impulsar-nuevas-oportunidades-para-jovenes-de-sabadell\\\/#primaryimage\"},\"thumbnailUrl\":\"https:\\\/\\\/www.fundacioimpulsa.org\\\/wp-content\\\/uploads\\\/2024\\\/03\\\/BancSabadell_Web.jpg\",\"keywords\":[\"#OrganizacionesImpulsoras\"],\"articleSection\":[\"D\u00eda a D\u00eda\",\"Noticias\"],\"inLanguage\":\"es\"},{\"@type\":\"WebPage\",\"@id\":\"https:\\\/\\\/www.fundacioimpulsa.org\\\/es\\\/la-fundacion-banco-sabadell-colabora-con-la-fundacion-impulsa-para-impulsar-nuevas-oportunidades-para-jovenes-de-sabadell\\\/\",\"url\":\"https:\\\/\\\/www.fundacioimpulsa.org\\\/es\\\/la-fundacion-banco-sabadell-colabora-con-la-fundacion-impulsa-para-impulsar-nuevas-oportunidades-para-jovenes-de-sabadell\\\/\",\"name\":\"La Fundaci\u00f3n Banco Sabadell colabora con la Fundaci\u00f3n Impulsa para impulsar nuevas oportunidades para j\u00f3venes de Sabadell - Fundacio Impulsa\",\"isPartOf\":{\"@id\":\"https:\\\/\\\/www.fundacioimpulsa.org\\\/es\\\/#website\"},\"primaryImageOfPage\":{\"@id\":\"https:\\\/\\\/www.fundacioimpulsa.org\\\/es\\\/la-fundacion-banco-sabadell-colabora-con-la-fundacion-impulsa-para-impulsar-nuevas-oportunidades-para-jovenes-de-sabadell\\\/#primaryimage\"},\"image\":{\"@id\":\"https:\\\/\\\/www.fundacioimpulsa.org\\\/es\\\/la-fundacion-banco-sabadell-colabora-con-la-fundacion-impulsa-para-impulsar-nuevas-oportunidades-para-jovenes-de-sabadell\\\/#primaryimage\"},\"thumbnailUrl\":\"https:\\\/\\\/www.fundacioimpulsa.org\\\/wp-content\\\/uploads\\\/2024\\\/03\\\/BancSabadell_Web.jpg\",\"datePublished\":\"2026-09-03T06:10:41+00:00\",\"dateModified\":\"2026-09-03T10:46:46+00:00\",\"author\":{\"@id\":\"https:\\\/\\\/www.fundacioimpulsa.org\\\/es\\\/#\\\/schema\\\/person\\\/8093abda9188d9065d7a02992af09c00\"},\"description\":\"La Fundaci\u00f3n Banco Sabadell y la Fundaci\u00f3n Impulsa han establecido una colaboraci\u00f3n para reforzar el acompa\u00f1amiento a j\u00f3venes en situaci\u00f3n de vulnerabilidad socioecon\u00f3mica del municipio de Sabadell, facilitando que puedan continuar sus estudios de Formaci\u00f3n Profesional y construir un futuro con m\u00e1s oportunidades gracias a la Beca Impulsa.\",\"breadcrumb\":{\"@id\":\"https:\\\/\\\/www.fundacioimpulsa.org\\\/es\\\/la-fundacion-banco-sabadell-colabora-con-la-fundacion-impulsa-para-impulsar-nuevas-oportunidades-para-jovenes-de-sabadell\\\/#breadcrumb\"},\"inLanguage\":\"es\",\"potentialAction\":[{\"@type\":\"ReadAction\",\"target\":[\"https:\\\/\\\/www.fundacioimpulsa.org\\\/es\\\/la-fundacion-banco-sabadell-colabora-con-la-fundacion-impulsa-para-impulsar-nuevas-oportunidades-para-jovenes-de-sabadell\\\/\"]}]},{\"@type\":\"ImageObject\",\"inLanguage\":\"es\",\"@id\":\"https:\\\/\\\/www.fundacioimpulsa.org\\\/es\\\/la-fundacion-banco-sabadell-colabora-con-la-fundacion-impulsa-para-impulsar-nuevas-oportunidades-para-jovenes-de-sabadell\\\/#primaryimage\",\"url\":\"https:\\\/\\\/www.fundacioimpulsa.org\\\/wp-content\\\/uploads\\\/2024\\\/03\\\/BancSabadell_Web.jpg\",\"contentUrl\":\"https:\\\/\\\/www.fundacioimpulsa.org\\\/wp-content\\\/uploads\\\/2024\\\/03\\\/BancSabadell_Web.jpg\",\"width\":700,\"height\":483},{\"@type\":\"BreadcrumbList\",\"@id\":\"https:\\\/\\\/www.fundacioimpulsa.org\\\/es\\\/la-fundacion-banco-sabadell-colabora-con-la-fundacion-impulsa-para-impulsar-nuevas-oportunidades-para-jovenes-de-sabadell\\\/#breadcrumb\",\"itemListElement\":[{\"@type\":\"ListItem\",\"position\":1,\"name\":\"Inici\",\"item\":\"https:\\\/\\\/www.fundacioimpulsa.org\\\/es\\\/fundacio-impulsa\\\/\"},{\"@type\":\"ListItem\",\"position\":2,\"name\":\"La Fundaci\u00f3n Banco Sabadell colabora con la Fundaci\u00f3n Impulsa para impulsar nuevas oportunidades para j\u00f3venes de Sabadell\"}]},{\"@type\":\"WebSite\",\"@id\":\"https:\\\/\\\/www.fundacioimpulsa.org\\\/es\\\/#website\",\"url\":\"https:\\\/\\\/www.fundacioimpulsa.org\\\/es\\\/\",\"name\":\"Fundacio Impulsa\",\"description\":\"\",\"potentialAction\":[{\"@type\":\"SearchAction\",\"target\":{\"@type\":\"EntryPoint\",\"urlTemplate\":\"https:\\\/\\\/www.fundacioimpulsa.org\\\/es\\\/?s={search_term_string}\"},\"query-input\":{\"@type\":\"PropertyValueSpecification\",\"valueRequired\":true,\"valueName\":\"search_term_string\"}}],\"inLanguage\":\"es\"},{\"@type\":\"Person\",\"@id\":\"https:\\\/\\\/www.fundacioimpulsa.org\\\/es\\\/#\\\/schema\\\/person\\\/8093abda9188d9065d7a02992af09c00\",\"name\":\"anna\",\"image\":{\"@type\":\"ImageObject\",\"inLanguage\":\"es\",\"@id\":\"https:\\\/\\\/secure.gravatar.com\\\/avatar\\\/098ca997a3814bde9b9ec5e5dfa4ad0ee9a251cd4cf1b86b7c008606c50d48c9?s=96&d=mm&r=g\",\"url\":\"https:\\\/\\\/secure.gravatar.com\\\/avatar\\\/098ca997a3814bde9b9ec5e5dfa4ad0ee9a251cd4cf1b86b7c008606c50d48c9?s=96&d=mm&r=g\",\"contentUrl\":\"https:\\\/\\\/secure.gravatar.com\\\/avatar\\\/098ca997a3814bde9b9ec5e5dfa4ad0ee9a251cd4cf1b86b7c008606c50d48c9?s=96&d=mm&r=g\",\"caption\":\"anna\"},\"url\":\"https:\\\/\\\/www.fundacioimpulsa.org\\\/es\\\/author\\\/anna\\\/\"}]}<\/script>\n<!-- \/ Yoast SEO plugin. -->","yoast_head_json":{"title":"La Fundaci\u00f3n Banco Sabadell colabora con la Fundaci\u00f3n Impulsa para impulsar nuevas oportunidades para j\u00f3venes de Sabadell - Fundacio Impulsa","description":"La Fundaci\u00f3n Banco Sabadell y la Fundaci\u00f3n Impulsa han establecido una colaboraci\u00f3n para reforzar el acompa\u00f1amiento a j\u00f3venes en situaci\u00f3n de vulnerabilidad socioecon\u00f3mica del municipio de Sabadell, facilitando que puedan continuar sus estudios de Formaci\u00f3n Profesional y construir un futuro con m\u00e1s oportunidades gracias a la Beca Impulsa.","robots":{"index":"index","follow":"follow","max-snippet":"max-snippet:-1","max-image-preview":"max-image-preview:large","max-video-preview":"max-video-preview:-1"},"canonical":"https:\/\/www.fundacioimpulsa.org\/es\/la-fundacion-banco-sabadell-colabora-con-la-fundacion-impulsa-para-impulsar-nuevas-oportunidades-para-jovenes-de-sabadell\/","og_locale":"es_ES","og_type":"article","og_title":"La Fundaci\u00f3n Banco Sabadell colabora con la Fundaci\u00f3n Impulsa para impulsar nuevas oportunidades para j\u00f3venes de Sabadell - Fundacio Impulsa","og_description":"La Fundaci\u00f3n Banco Sabadell y la Fundaci\u00f3n Impulsa han establecido una colaboraci\u00f3n para reforzar el acompa\u00f1amiento a j\u00f3venes en situaci\u00f3n de vulnerabilidad socioecon\u00f3mica del municipio de Sabadell, facilitando que puedan continuar sus estudios de Formaci\u00f3n Profesional y construir un futuro con m\u00e1s oportunidades gracias a la Beca Impulsa.","og_url":"https:\/\/www.fundacioimpulsa.org\/es\/la-fundacion-banco-sabadell-colabora-con-la-fundacion-impulsa-para-impulsar-nuevas-oportunidades-para-jovenes-de-sabadell\/","og_site_name":"Fundacio Impulsa","article_published_time":"2026-09-03T06:10:41+00:00","article_modified_time":"2026-09-03T10:46:46+00:00","og_image":[{"width":700,"height":483,"url":"https:\/\/www.fundacioimpulsa.org\/wp-content\/uploads\/2024\/03\/BancSabadell_Web.jpg","type":"image\/jpeg"}],"author":"anna","twitter_card":"summary_large_image","twitter_misc":{"Escrito por":"anna","Tiempo de lectura":"3 minutos"},"schema":{"@context":"https:\/\/schema.org","@graph":[{"@type":"Article","@id":"https:\/\/www.fundacioimpulsa.org\/es\/la-fundacion-banco-sabadell-colabora-con-la-fundacion-impulsa-para-impulsar-nuevas-oportunidades-para-jovenes-de-sabadell\/#article","isPartOf":{"@id":"https:\/\/www.fundacioimpulsa.org\/es\/la-fundacion-banco-sabadell-colabora-con-la-fundacion-impulsa-para-impulsar-nuevas-oportunidades-para-jovenes-de-sabadell\/"},"author":{"name":"anna","@id":"https:\/\/www.fundacioimpulsa.org\/es\/#\/schema\/person\/8093abda9188d9065d7a02992af09c00"},"headline":"La Fundaci\u00f3n Banco Sabadell colabora con la Fundaci\u00f3n Impulsa para impulsar nuevas oportunidades para j\u00f3venes de Sabadell","datePublished":"2026-09-03T06:10:41+00:00","dateModified":"2026-09-03T10:46:46+00:00","mainEntityOfPage":{"@id":"https:\/\/www.fundacioimpulsa.org\/es\/la-fundacion-banco-sabadell-colabora-con-la-fundacion-impulsa-para-impulsar-nuevas-oportunidades-para-jovenes-de-sabadell\/"},"wordCount":594,"image":{"@id":"https:\/\/www.fundacioimpulsa.org\/es\/la-fundacion-banco-sabadell-colabora-con-la-fundacion-impulsa-para-impulsar-nuevas-oportunidades-para-jovenes-de-sabadell\/#primaryimage"},"thumbnailUrl":"https:\/\/www.fundacioimpulsa.org\/wp-content\/uploads\/2024\/03\/BancSabadell_Web.jpg","keywords":["#OrganizacionesImpulsoras"],"articleSection":["D\u00eda a D\u00eda","Noticias"],"inLanguage":"es"},{"@type":"WebPage","@id":"https:\/\/www.fundacioimpulsa.org\/es\/la-fundacion-banco-sabadell-colabora-con-la-fundacion-impulsa-para-impulsar-nuevas-oportunidades-para-jovenes-de-sabadell\/","url":"https:\/\/www.fundacioimpulsa.org\/es\/la-fundacion-banco-sabadell-colabora-con-la-fundacion-impulsa-para-impulsar-nuevas-oportunidades-para-jovenes-de-sabadell\/","name":"La Fundaci\u00f3n Banco Sabadell colabora con la Fundaci\u00f3n Impulsa para impulsar nuevas oportunidades para j\u00f3venes de Sabadell - Fundacio Impulsa","isPartOf":{"@id":"https:\/\/www.fundacioimpulsa.org\/es\/#website"},"primaryImageOfPage":{"@id":"https:\/\/www.fundacioimpulsa.org\/es\/la-fundacion-banco-sabadell-colabora-con-la-fundacion-impulsa-para-impulsar-nuevas-oportunidades-para-jovenes-de-sabadell\/#primaryimage"},"image":{"@id":"https:\/\/www.fundacioimpulsa.org\/es\/la-fundacion-banco-sabadell-colabora-con-la-fundacion-impulsa-para-impulsar-nuevas-oportunidades-para-jovenes-de-sabadell\/#primaryimage"},"thumbnailUrl":"https:\/\/www.fundacioimpulsa.org\/wp-content\/uploads\/2024\/03\/BancSabadell_Web.jpg","datePublished":"2026-09-03T06:10:41+00:00","dateModified":"2026-09-03T10:46:46+00:00","author":{"@id":"https:\/\/www.fundacioimpulsa.org\/es\/#\/schema\/person\/8093abda9188d9065d7a02992af09c00"},"description":"La Fundaci\u00f3n Banco Sabadell y la Fundaci\u00f3n Impulsa han establecido una colaboraci\u00f3n para reforzar el acompa\u00f1amiento a j\u00f3venes en situaci\u00f3n de vulnerabilidad socioecon\u00f3mica del municipio de Sabadell, facilitando que puedan continuar sus estudios de Formaci\u00f3n Profesional y construir un futuro con m\u00e1s oportunidades gracias a la Beca Impulsa.","breadcrumb":{"@id":"https:\/\/www.fundacioimpulsa.org\/es\/la-fundacion-banco-sabadell-colabora-con-la-fundacion-impulsa-para-impulsar-nuevas-oportunidades-para-jovenes-de-sabadell\/#breadcrumb"},"inLanguage":"es","potentialAction":[{"@type":"ReadAction","target":["https:\/\/www.fundacioimpulsa.org\/es\/la-fundacion-banco-sabadell-colabora-con-la-fundacion-impulsa-para-impulsar-nuevas-oportunidades-para-jovenes-de-sabadell\/"]}]},{"@type":"ImageObject","inLanguage":"es","@id":"https:\/\/www.fundacioimpulsa.org\/es\/la-fundacion-banco-sabadell-colabora-con-la-fundacion-impulsa-para-impulsar-nuevas-oportunidades-para-jovenes-de-sabadell\/#primaryimage","url":"https:\/\/www.fundacioimpulsa.org\/wp-content\/uploads\/2024\/03\/BancSabadell_Web.jpg","contentUrl":"https:\/\/www.fundacioimpulsa.org\/wp-content\/uploads\/2024\/03\/BancSabadell_Web.jpg","width":700,"height":483},{"@type":"BreadcrumbList","@id":"https:\/\/www.fundacioimpulsa.org\/es\/la-fundacion-banco-sabadell-colabora-con-la-fundacion-impulsa-para-impulsar-nuevas-oportunidades-para-jovenes-de-sabadell\/#breadcrumb","itemListElement":[{"@type":"ListItem","position":1,"name":"Inici","item":"https:\/\/www.fundacioimpulsa.org\/es\/fundacio-impulsa\/"},{"@type":"ListItem","position":2,"name":"La Fundaci\u00f3n Banco Sabadell colabora con la Fundaci\u00f3n Impulsa para impulsar nuevas oportunidades para j\u00f3venes de Sabadell"}]},{"@type":"WebSite","@id":"https:\/\/www.fundacioimpulsa.org\/es\/#website","url":"https:\/\/www.fundacioimpulsa.org\/es\/","name":"Fundacio Impulsa","description":"","potentialAction":[{"@type":"SearchAction","target":{"@type":"EntryPoint","urlTemplate":"https:\/\/www.fundacioimpulsa.org\/es\/?s={search_term_string}"},"query-input":{"@type":"PropertyValueSpecification","valueRequired":true,"valueName":"search_term_string"}}],"inLanguage":"es"},{"@type":"Person","@id":"https:\/\/www.fundacioimpulsa.org\/es\/#\/schema\/person\/8093abda9188d9065d7a02992af09c00","name":"anna","image":{"@type":"ImageObject","inLanguage":"es","@id":"https:\/\/secure.gravatar.com\/avatar\/098ca997a3814bde9b9ec5e5dfa4ad0ee9a251cd4cf1b86b7c008606c50d48c9?s=96&d=mm&r=g","url":"https:\/\/secure.gravatar.com\/avatar\/098ca997a3814bde9b9ec5e5dfa4ad0ee9a251cd4cf1b86b7c008606c50d48c9?s=96&d=mm&r=g","contentUrl":"https:\/\/secure.gravatar.com\/avatar\/098ca997a3814bde9b9ec5e5dfa4ad0ee9a251cd4cf1b86b7c008606c50d48c9?s=96&d=mm&r=g","caption":"anna"},"url":"https:\/\/www.fundacioimpulsa.org\/es\/author\/anna\/"}]}},"publishpress_future_action":{"enabled":false,"date":"2026-09-11 06:35:16","action":"change-status","newStatus":"draft","terms":[],"taxonomy":"category","extraData":[]},"publishpress_future_workflow_manual_trigger":{"enabledWorkflows":[]},"_links":{"self":[{"href":"https:\/\/www.fundacioimpulsa.org\/es\/wp-json\/wp\/v2\/posts\/15234","targetHints":{"allow":["GET"]}}],"collection":[{"href":"https:\/\/www.fundacioimpulsa.org\/es\/wp-json\/wp\/v2\/posts"}],"about":[{"href":"https:\/\/www.fundacioimpulsa.org\/es\/wp-json\/wp\/v2\/types\/post"}],"author":[{"embeddable":true,"href":"https:\/\/www.fundacioimpulsa.org\/es\/wp-json\/wp\/v2\/users\/10"}],"replies":[{"embeddable":true,"href":"https:\/\/www.fundacioimpulsa.org\/es\/wp-json\/wp\/v2\/comments?post=15234"}],"version-history":[{"count":2,"href":"https:\/\/www.fundacioimpulsa.org\/es\/wp-json\/wp\/v2\/posts\/15234\/revisions"}],"predecessor-version":[{"id":15237,"href":"https:\/\/www.fundacioimpulsa.org\/es\/wp-json\/wp\/v2\/posts\/15234\/revisions\/15237"}],"wp:featuredmedia":[{"embeddable":true,"href":"https:\/\/www.fundacioimpulsa.org\/es\/wp-json\/wp\/v2\/media\/15225"}],"wp:attachment":[{"href":"https:\/\/www.fundacioimpulsa.org\/es\/wp-json\/wp\/v2\/media?parent=15234"}],"wp:term":[{"taxonomy":"category","embeddable":true,"href":"https:\/\/www.fundacioimpulsa.org\/es\/wp-json\/wp\/v2\/categories?post=15234"},{"taxonomy":"post_tag","embeddable":true,"href":"https:\/\/www.fundacioimpulsa.org\/es\/wp-json\/wp\/v2\/tags?post=15234"}],"curies":[{"name":"wp","href":"https:\/\/api.w.org\/{rel}","templated":true}]}}