{"id":7237,"date":"2022-10-10T11:37:29","date_gmt":"2022-10-10T09:37:29","guid":{"rendered":"https:\/\/www.fundacioimpulsa.org\/lorganitzacio-impulsora-motocard-obre-les-portes-als-impulsers-per-coneixer-de-primera-ma-el-seu-dia-a-dia-i-el-de-kawasaki-racing-team-dins-el-programa-oportunitats-de-la-fundacio-impulsa\/"},"modified":"2022-12-27T11:42:18","modified_gmt":"2022-12-27T10:42:18","slug":"lorganitzacio-impulsora-motocard-obre-les-portes-als-impulsers-per-coneixer-de-primera-ma-el-seu-dia-a-dia-i-el-de-kawasaki-racing-team-dins-el-programa-oportunitats-de-la-fundacio-impulsa","status":"publish","type":"post","link":"https:\/\/www.fundacioimpulsa.org\/es\/lorganitzacio-impulsora-motocard-obre-les-portes-als-impulsers-per-coneixer-de-primera-ma-el-seu-dia-a-dia-i-el-de-kawasaki-racing-team-dins-el-programa-oportunitats-de-la-fundacio-impulsa\/","title":{"rendered":"La Organizaci\u00f3n Impulsora Motocard abre las puertas a los Impulsers para que conozcan de primera mano su d\u00eda a d\u00eda y el de Kawasaki Racing Team dentro del Programa Oportunidades de la Fundaci\u00f3n Impulsa"},"content":{"rendered":"<section class=\"elementor-section elementor-top-section elementor-element elementor-element-a22652f elementor-section-boxed elementor-section-height-default elementor-section-height-default\" data-id=\"a22652f\" data-element_type=\"section\">\n<div class=\"elementor-container elementor-column-gap-default\">\n<div class=\"elementor-row\">\n<div class=\"elementor-column elementor-col-100 elementor-top-column elementor-element elementor-element-7f0721c\" data-id=\"7f0721c\" data-element_type=\"column\">\n<div class=\"elementor-column-wrap elementor-element-populated\">\n<div class=\"elementor-widget-wrap\">\n<div class=\"elementor-element elementor-element-8406fcb elementor-widget elementor-widget-text-editor\" data-id=\"8406fcb\" data-element_type=\"widget\" data-widget_type=\"text-editor.default\">\n<div class=\"elementor-widget-container\">\n<div class=\"elementor-text-editor elementor-clearfix\">\n<p><span class=\"TextRun SCXW116137293 BCX0\" lang=\"ES\" xml:lang=\"ES\" data-contrast=\"none\"><span class=\"NormalTextRun SCXW116137293 BCX0\">Distintos <\/span><span class=\"SpellingError SCXW116137293 BCX0\">Impulsers<\/span><span class=\"NormalTextRun SCXW116137293 BCX0\"> han tenido la <\/span><\/span><span class=\"TextRun MacChromeBold SCXW116137293 BCX0\" lang=\"ES\" xml:lang=\"ES\" data-contrast=\"none\"><span class=\"NormalTextRun SCXW116137293 BCX0\">oportunidad de <strong>conocer de primera mano a la empresa l\u00edder en el mundo de los accesorios del motociclismo, <\/strong><\/span><strong><span class=\"SpellingError SCXW116137293 BCX0\">Motocard<\/span><\/strong><\/span><span class=\"TextRun SCXW116137293 BCX0\" lang=\"ES\" xml:lang=\"ES\" data-contrast=\"none\"><span class=\"NormalTextRun SCXW116137293 BCX0\">. La empresa es Organizaci\u00f3n Impulsora de la Fundaci\u00f3n Impulsa y nos ha abierto sus puertas permiti\u00e9ndonos <\/span><\/span><strong><span class=\"TextRun MacChromeBold SCXW116137293 BCX0\" lang=\"ES\" xml:lang=\"ES\" data-contrast=\"none\"><span class=\"NormalTextRun SCXW116137293 BCX0\">visitar su tienda, el taller mec\u00e1nico de Kawasaki Racing <\/span><span class=\"SpellingError SCXW116137293 BCX0\">Team<\/span> <\/span><\/strong><span class=\"TextRun SCXW116137293 BCX0\" lang=\"ES\" xml:lang=\"ES\" data-contrast=\"none\"><span class=\"NormalTextRun SCXW116137293 BCX0\">(de los que es patrocinador <\/span><span class=\"SpellingError SCXW116137293 BCX0\">Motocard<\/span><span class=\"NormalTextRun SCXW116137293 BCX0\">) <strong>y realizar <\/strong><\/span><\/span><strong><span class=\"TextRun MacChromeBold SCXW116137293 BCX0\" lang=\"ES\" xml:lang=\"ES\" data-contrast=\"none\"><span class=\"NormalTextRun SCXW116137293 BCX0\">una visita al circuito de Catalu\u00f1a<\/span><\/span><\/strong><span class=\"TextRun SCXW116137293 BCX0\" lang=\"ES\" xml:lang=\"ES\" data-contrast=\"none\"><span class=\"NormalTextRun SCXW116137293 BCX0\"> (Montmel\u00f3) a trav\u00e9s de Kawasaki Racing <\/span><span class=\"SpellingError SCXW116137293 BCX0\">Team<\/span><span class=\"NormalTextRun SCXW116137293 BCX0\">, coincidiendo con la tercera edici\u00f3n del Catalunya <\/span><span class=\"SpellingError SCXW116137293 BCX0\">WorldSBK<\/span><span class=\"NormalTextRun SCXW116137293 BCX0\"> con categor\u00edas como las <\/span><span class=\"SpellingError SCXW116137293 BCX0\">Superbike<\/span><span class=\"NormalTextRun SCXW116137293 BCX0\">, <\/span><span class=\"SpellingError SCXW116137293 BCX0\">Supersport<\/span><span class=\"NormalTextRun SCXW116137293 BCX0\"> y Supersport300, terminando la visita con una comida gratuita en el <\/span><span class=\"SpellingError SCXW116137293 BCX0\">Hospitality<\/span><span class=\"NormalTextRun SCXW116137293 BCX0\"> de Kawasaki Racing <\/span><span class=\"SpellingError SCXW116137293 BCX0\">Team<\/span><span class=\"NormalTextRun SCXW116137293 BCX0\"> (KRT).<\/span><\/span><span class=\"LineBreakBlob BlobObject DragDrop SCXW116137293 BCX0\"><span class=\"SCXW116137293 BCX0\">\u00a0<\/span><br class=\"SCXW116137293 BCX0\" \/><\/span><span class=\"LineBreakBlob BlobObject DragDrop SCXW116137293 BCX0\"><span class=\"SCXW116137293 BCX0\">\u00a0<\/span><br class=\"SCXW116137293 BCX0\" \/><\/span><span class=\"TextRun SCXW116137293 BCX0\" lang=\"ES\" xml:lang=\"ES\" data-contrast=\"none\"><span class=\"NormalTextRun SCXW116137293 BCX0\">En total <strong>13 j\u00f3venes de La Garrotxa, <\/strong><\/span><strong><span class=\"SpellingError SCXW116137293 BCX0\">Osona<\/span><\/strong><span class=\"NormalTextRun SCXW116137293 BCX0\"><strong>, Bergued\u00e0 y Terrassa<\/strong> han disfrutado de esta <\/span><\/span><span class=\"TextRun MacChromeBold SCXW116137293 BCX0\" lang=\"ES\" xml:lang=\"ES\" data-contrast=\"none\"><span class=\"NormalTextRun SCXW116137293 BCX0\">actividad, abierta a todos los <\/span><span class=\"SpellingError SCXW116137293 BCX0\">Impulsers<\/span><span class=\"NormalTextRun SCXW116137293 BCX0\"> de las ramas t\u00e9cnicas de mec\u00e1nica de veh\u00edculos, electromec\u00e1nica y de la rama de comercio y marketing<\/span><\/span><span class=\"TextRun SCXW116137293 BCX0\" lang=\"ES\" xml:lang=\"ES\" data-contrast=\"none\"><span class=\"NormalTextRun SCXW116137293 BCX0\">. Durante la experiencia compartida, los j\u00f3venes se han interesado por distintos aspectos y <\/span><\/span><span class=\"TextRun MacChromeBold SCXW116137293 BCX0\" lang=\"ES\" xml:lang=\"ES\" data-contrast=\"none\"><span class=\"NormalTextRun SCXW116137293 BCX0\">han aprendido el funcionamiento de una organizaci\u00f3n como <\/span><span class=\"SpellingError SCXW116137293 BCX0\">Motocard<\/span><span class=\"NormalTextRun SCXW116137293 BCX0\"> y la importancia del trabajo en equipo a trav\u00e9s de KRT<\/span><\/span><span class=\"TextRun SCXW116137293 BCX0\" lang=\"ES\" xml:lang=\"ES\" data-contrast=\"none\"><span class=\"NormalTextRun SCXW116137293 BCX0\">. As\u00ed lo explica la t\u00e9cnica de Programas, Judit S\u00e1nchez: \u201cHa sido una visita muy atractiva p<\/span><span class=\"NormalTextRun SCXW116137293 BCX0\">ara <\/span><span class=\"NormalTextRun SCXW116137293 BCX0\">los <\/span><span class=\"SpellingError SCXW116137293 BCX0\">Impulsers<\/span><span class=\"NormalTextRun SCXW116137293 BCX0\"> y cabe destacar la gran acogida por parte de <\/span><span class=\"SpellingError SCXW116137293 BCX0\">Motocard<\/span><span class=\"NormalTextRun SCXW116137293 BCX0\">, que aparte de hacernos una visita a su tienda, al ser patrocinador de <\/span><span class=\"SpellingError SCXW116137293 BCX0\">de<\/span><span class=\"NormalTextRun SCXW116137293 BCX0\"> KRT tambi\u00e9n nos ha permitido visitar <\/span><span class=\"NormalTextRun SCXW116137293 BCX0\">su<\/span> <span class=\"NormalTextRun SCXW116137293 BCX0\">taller mec\u00e1nico. <strong>Se trata de una actividad que ha permitido a los j\u00f3venes <\/strong><\/span><strong><span class=\"SpellingError SCXW116137293 BCX0\">Impulsers<\/span> <\/strong><\/span><strong><span class=\"TextRun MacChromeBold SCXW116137293 BCX0\" lang=\"ES\" xml:lang=\"ES\" data-contrast=\"none\"><span class=\"NormalTextRun SCXW116137293 BCX0\">conocer de cerca las competencias profesionales demandadas en este sector, as\u00ed como la importancia de valores como el esfuerzo, la constancia y el trabajo en equipo<\/span><\/span><\/strong><span class=\"TextRun SCXW116137293 BCX0\" lang=\"ES\" xml:lang=\"ES\" data-contrast=\"none\"><span class=\"NormalTextRun SCXW116137293 BCX0\"><strong>.<\/strong> Se trata de un aprendizaje real que se complementa a la perfecci\u00f3n con los conocimientos recibidos en el aula\u201d.<\/span><\/span><span class=\"TextRun SCXW116137293 BCX0\" lang=\"CA-ES\" xml:lang=\"CA-ES\" data-contrast=\"none\"><span class=\"NormalTextRun SCXW116137293 BCX0\">\u00a0<\/span><\/span><span class=\"EOP SCXW116137293 BCX0\" data-ccp-props=\"{&quot;134233117&quot;:false,&quot;134233118&quot;:false,&quot;201341983&quot;:0,&quot;335551550&quot;:1,&quot;335551620&quot;:1,&quot;335559685&quot;:0,&quot;335559737&quot;:0,&quot;335559738&quot;:0,&quot;335559739&quot;:160,&quot;335559740&quot;:360}\">\u00a0<\/span><\/p>\n<\/div>\n<\/div>\n<\/div>\n<\/div>\n<\/div>\n<\/div>\n<\/div>\n<\/div>\n<\/section>\n<section class=\"elementor-section elementor-top-section elementor-element elementor-element-6e889e7 elementor-section-boxed elementor-section-height-default elementor-section-height-default\" data-id=\"6e889e7\" data-element_type=\"section\">\n<div class=\"elementor-container elementor-column-gap-default\">\n<div class=\"elementor-row\">\n<div class=\"elementor-column elementor-col-100 elementor-top-column elementor-element elementor-element-de85f20\" data-id=\"de85f20\" data-element_type=\"column\">\n<div class=\"elementor-column-wrap elementor-element-populated\">\n<div class=\"elementor-widget-wrap\">\n<div class=\"elementor-element elementor-element-69a2ebb elementor-widget elementor-widget-image\" data-id=\"69a2ebb\" data-element_type=\"widget\" data-widget_type=\"image.default\">\n<div class=\"elementor-widget-container\">\n<div class=\"elementor-image\"><img loading=\"lazy\" decoding=\"async\" class=\"attachment-medium_large size-medium_large\" src=\"https:\/\/www.fundacioimpulsa.org\/wp-content\/uploads\/2022\/09\/WhatsApp-Image-2022-09-22-at-16.11.50-1-768x576.jpeg\" sizes=\"auto, (max-width: 710px) 100vw, 710px\" srcset=\"https:\/\/www.fundacioimpulsa.org\/wp-content\/uploads\/2022\/09\/WhatsApp-Image-2022-09-22-at-16.11.50-1-768x576.jpeg 768w, https:\/\/www.fundacioimpulsa.org\/wp-content\/uploads\/2022\/09\/WhatsApp-Image-2022-09-22-at-16.11.50-1-300x225.jpeg 300w, https:\/\/www.fundacioimpulsa.org\/wp-content\/uploads\/2022\/09\/WhatsApp-Image-2022-09-22-at-16.11.50-1-1024x768.jpeg 1024w, https:\/\/www.fundacioimpulsa.org\/wp-content\/uploads\/2022\/09\/WhatsApp-Image-2022-09-22-at-16.11.50-1-1536x1152.jpeg 1536w, https:\/\/www.fundacioimpulsa.org\/wp-content\/uploads\/2022\/09\/WhatsApp-Image-2022-09-22-at-16.11.50-1-1060x795.jpeg 1060w, https:\/\/www.fundacioimpulsa.org\/wp-content\/uploads\/2022\/09\/WhatsApp-Image-2022-09-22-at-16.11.50-1-550x413.jpeg 550w, https:\/\/www.fundacioimpulsa.org\/wp-content\/uploads\/2022\/09\/WhatsApp-Image-2022-09-22-at-16.11.50-1-667x500.jpeg 667w, https:\/\/www.fundacioimpulsa.org\/wp-content\/uploads\/2022\/09\/WhatsApp-Image-2022-09-22-at-16.11.50-1-1920x1440.jpeg 1920w, https:\/\/www.fundacioimpulsa.org\/wp-content\/uploads\/2022\/09\/WhatsApp-Image-2022-09-22-at-16.11.50-1-1440x1080.jpeg 1440w, https:\/\/www.fundacioimpulsa.org\/wp-content\/uploads\/2022\/09\/WhatsApp-Image-2022-09-22-at-16.11.50-1.jpeg 2048w\" alt=\"\" width=\"710\" height=\"533\" \/><\/div>\n<\/div>\n<\/div>\n<\/div>\n<\/div>\n<\/div>\n<\/div>\n<\/div>\n<\/section>\n<section class=\"elementor-section elementor-top-section elementor-element elementor-element-297b05c elementor-section-boxed elementor-section-height-default elementor-section-height-default\" data-id=\"297b05c\" data-element_type=\"section\">\n<div class=\"elementor-container elementor-column-gap-default\">\n<div class=\"elementor-row\">\n<div class=\"elementor-column elementor-col-100 elementor-top-column elementor-element elementor-element-4e397c5\" data-id=\"4e397c5\" data-element_type=\"column\">\n<div class=\"elementor-column-wrap elementor-element-populated\">\n<div class=\"elementor-widget-wrap\">\n<div class=\"elementor-element elementor-element-4b713a5 elementor-widget elementor-widget-text-editor\" data-id=\"4b713a5\" data-element_type=\"widget\" data-widget_type=\"text-editor.default\">\n<div class=\"elementor-widget-container\">\n<div class=\"elementor-text-editor elementor-clearfix\">\n<p><span data-contrast=\"none\">Esta <\/span><b><span data-contrast=\"none\">visita se enmarca en el Programa Oportunidades<\/span><\/b><span data-contrast=\"none\"> en el que se ofrece a los alumnos formaci\u00f3n en competencias transversales para el puesto de trabajo e intercambio de experiencias <\/span><b><span data-contrast=\"none\">para acercarlos y mejorar sus posibilidades de acceder al mundo laboral.\u00a0<\/span><\/b><span data-ccp-props=\"{&quot;134233117&quot;:false,&quot;134233118&quot;:false,&quot;201341983&quot;:0,&quot;335551550&quot;:1,&quot;335551620&quot;:1,&quot;335559685&quot;:0,&quot;335559737&quot;:0,&quot;335559738&quot;:0,&quot;335559739&quot;:160,&quot;335559740&quot;:360}\">\u00a0<\/span><\/p>\n<p><span data-contrast=\"none\">Desde la Fundaci\u00f3n Impulsa se quiere <\/span><b><span data-contrast=\"none\">agradecer una vez m\u00e1s la oportunidad que Motocard y Kawasaki Racing Team han ofrecido a los j\u00f3venes<\/span><\/b><span data-contrast=\"none\"> Impulsers acerc\u00e1ndoles a sus instalaciones.<\/span><span data-ccp-props=\"{&quot;134233117&quot;:false,&quot;134233118&quot;:false,&quot;201341983&quot;:0,&quot;335551550&quot;:1,&quot;335551620&quot;:1,&quot;335559685&quot;:0,&quot;335559737&quot;:0,&quot;335559738&quot;:0,&quot;335559739&quot;:160,&quot;335559740&quot;:360}\">\u00a0<\/span><\/p>\n<\/div>\n<\/div>\n<\/div>\n<\/div>\n<\/div>\n<\/div>\n<\/div>\n<\/div>\n<\/section>\n","protected":false},"excerpt":{"rendered":"<p>Distintos Impulsers han tenido la oportunidad de conocer de primera mano a la empresa l\u00edder en el mundo de los accesorios del motociclismo, Motocard. La empresa es Organizaci\u00f3n Impulsora de la Fundaci\u00f3n Impulsa y nos ha abierto sus puertas permiti\u00e9ndonos visitar su tienda, el taller mec\u00e1nico de Kawasaki Racing Team (de los que es patrocinador [&hellip;]<\/p>\n","protected":false},"author":6,"featured_media":7222,"comment_status":"closed","ping_status":"closed","sticky":false,"template":"","format":"standard","meta":{"_acf_changed":false,"footnotes":""},"categories":[72,76],"tags":[112],"class_list":["post-7237","post","type-post","status-publish","format-standard","has-post-thumbnail","hentry","category-dia-a-dia-es","category-noticies-es","tag-orientacionlaboral"],"acf":[],"yoast_head":"<!-- This site is optimized with the Yoast SEO plugin v27.3 - https:\/\/yoast.com\/product\/yoast-seo-wordpress\/ -->\n<title>La Organizaci\u00f3n Impulsora Motocard abre las puertas a los Impulsers para que conozcan de primera mano su d\u00eda a d\u00eda y el de Kawasaki Racing Team dentro del Programa Oportunidades de la Fundaci\u00f3n Impulsa - Fundacio Impulsa<\/title>\n<meta name=\"robots\" content=\"index, follow, max-snippet:-1, max-image-preview:large, max-video-preview:-1\" \/>\n<link rel=\"canonical\" href=\"https:\/\/www.fundacioimpulsa.org\/es\/lorganitzacio-impulsora-motocard-obre-les-portes-als-impulsers-per-coneixer-de-primera-ma-el-seu-dia-a-dia-i-el-de-kawasaki-racing-team-dins-el-programa-oportunitats-de-la-fundacio-impulsa\/\" \/>\n<meta property=\"og:locale\" content=\"es_ES\" \/>\n<meta property=\"og:type\" content=\"article\" \/>\n<meta property=\"og:title\" content=\"La Organizaci\u00f3n Impulsora Motocard abre las puertas a los Impulsers para que conozcan de primera mano su d\u00eda a d\u00eda y el de Kawasaki Racing Team dentro del Programa Oportunidades de la Fundaci\u00f3n Impulsa - Fundacio Impulsa\" \/>\n<meta property=\"og:description\" content=\"Distintos Impulsers han tenido la oportunidad de conocer de primera mano a la empresa l\u00edder en el mundo de los accesorios del motociclismo, Motocard. La empresa es Organizaci\u00f3n Impulsora de la Fundaci\u00f3n Impulsa y nos ha abierto sus puertas permiti\u00e9ndonos visitar su tienda, el taller mec\u00e1nico de Kawasaki Racing Team (de los que es patrocinador [&hellip;]\" \/>\n<meta property=\"og:url\" content=\"https:\/\/www.fundacioimpulsa.org\/es\/lorganitzacio-impulsora-motocard-obre-les-portes-als-impulsers-per-coneixer-de-primera-ma-el-seu-dia-a-dia-i-el-de-kawasaki-racing-team-dins-el-programa-oportunitats-de-la-fundacio-impulsa\/\" \/>\n<meta property=\"og:site_name\" content=\"Fundacio Impulsa\" \/>\n<meta property=\"article:published_time\" content=\"2022-10-10T09:37:29+00:00\" \/>\n<meta property=\"article:modified_time\" content=\"2022-12-27T10:42:18+00:00\" \/>\n<meta property=\"og:image\" content=\"https:\/\/www.fundacioimpulsa.org\/wp-content\/uploads\/2022\/10\/Visita-Motocard.jpg\" \/>\n\t<meta property=\"og:image:width\" content=\"1220\" \/>\n\t<meta property=\"og:image:height\" content=\"483\" \/>\n\t<meta property=\"og:image:type\" content=\"image\/jpeg\" \/>\n<meta name=\"author\" content=\"comunicacio\" \/>\n<meta name=\"twitter:card\" content=\"summary_large_image\" \/>\n<meta name=\"twitter:label1\" content=\"Escrito por\" \/>\n\t<meta name=\"twitter:data1\" content=\"comunicacio\" \/>\n\t<meta name=\"twitter:label2\" content=\"Tiempo de lectura\" \/>\n\t<meta name=\"twitter:data2\" content=\"2 minutos\" \/>\n<script type=\"application\/ld+json\" class=\"yoast-schema-graph\">{\"@context\":\"https:\\\/\\\/schema.org\",\"@graph\":[{\"@type\":\"Article\",\"@id\":\"https:\\\/\\\/www.fundacioimpulsa.org\\\/es\\\/lorganitzacio-impulsora-motocard-obre-les-portes-als-impulsers-per-coneixer-de-primera-ma-el-seu-dia-a-dia-i-el-de-kawasaki-racing-team-dins-el-programa-oportunitats-de-la-fundacio-impulsa\\\/#article\",\"isPartOf\":{\"@id\":\"https:\\\/\\\/www.fundacioimpulsa.org\\\/es\\\/lorganitzacio-impulsora-motocard-obre-les-portes-als-impulsers-per-coneixer-de-primera-ma-el-seu-dia-a-dia-i-el-de-kawasaki-racing-team-dins-el-programa-oportunitats-de-la-fundacio-impulsa\\\/\"},\"author\":{\"name\":\"comunicacio\",\"@id\":\"https:\\\/\\\/www.fundacioimpulsa.org\\\/es\\\/#\\\/schema\\\/person\\\/8e5d127d58d49b0b3a374d763db6672b\"},\"headline\":\"La Organizaci\u00f3n Impulsora Motocard abre las puertas a los Impulsers para que conozcan de primera mano su d\u00eda a d\u00eda y el de Kawasaki Racing Team dentro del Programa Oportunidades de la Fundaci\u00f3n Impulsa\",\"datePublished\":\"2022-10-10T09:37:29+00:00\",\"dateModified\":\"2022-12-27T10:42:18+00:00\",\"mainEntityOfPage\":{\"@id\":\"https:\\\/\\\/www.fundacioimpulsa.org\\\/es\\\/lorganitzacio-impulsora-motocard-obre-les-portes-als-impulsers-per-coneixer-de-primera-ma-el-seu-dia-a-dia-i-el-de-kawasaki-racing-team-dins-el-programa-oportunitats-de-la-fundacio-impulsa\\\/\"},\"wordCount\":415,\"image\":{\"@id\":\"https:\\\/\\\/www.fundacioimpulsa.org\\\/es\\\/lorganitzacio-impulsora-motocard-obre-les-portes-als-impulsers-per-coneixer-de-primera-ma-el-seu-dia-a-dia-i-el-de-kawasaki-racing-team-dins-el-programa-oportunitats-de-la-fundacio-impulsa\\\/#primaryimage\"},\"thumbnailUrl\":\"https:\\\/\\\/www.fundacioimpulsa.org\\\/wp-content\\\/uploads\\\/2022\\\/10\\\/Visita-Motocard.jpg\",\"keywords\":[\"#Orientaci\u00f3nLaboral\"],\"articleSection\":[\"D\u00eda a D\u00eda\",\"Noticias\"],\"inLanguage\":\"es\"},{\"@type\":\"WebPage\",\"@id\":\"https:\\\/\\\/www.fundacioimpulsa.org\\\/es\\\/lorganitzacio-impulsora-motocard-obre-les-portes-als-impulsers-per-coneixer-de-primera-ma-el-seu-dia-a-dia-i-el-de-kawasaki-racing-team-dins-el-programa-oportunitats-de-la-fundacio-impulsa\\\/\",\"url\":\"https:\\\/\\\/www.fundacioimpulsa.org\\\/es\\\/lorganitzacio-impulsora-motocard-obre-les-portes-als-impulsers-per-coneixer-de-primera-ma-el-seu-dia-a-dia-i-el-de-kawasaki-racing-team-dins-el-programa-oportunitats-de-la-fundacio-impulsa\\\/\",\"name\":\"La Organizaci\u00f3n Impulsora Motocard abre las puertas a los Impulsers para que conozcan de primera mano su d\u00eda a d\u00eda y el de Kawasaki Racing Team dentro del Programa Oportunidades de la Fundaci\u00f3n Impulsa - Fundacio Impulsa\",\"isPartOf\":{\"@id\":\"https:\\\/\\\/www.fundacioimpulsa.org\\\/es\\\/#website\"},\"primaryImageOfPage\":{\"@id\":\"https:\\\/\\\/www.fundacioimpulsa.org\\\/es\\\/lorganitzacio-impulsora-motocard-obre-les-portes-als-impulsers-per-coneixer-de-primera-ma-el-seu-dia-a-dia-i-el-de-kawasaki-racing-team-dins-el-programa-oportunitats-de-la-fundacio-impulsa\\\/#primaryimage\"},\"image\":{\"@id\":\"https:\\\/\\\/www.fundacioimpulsa.org\\\/es\\\/lorganitzacio-impulsora-motocard-obre-les-portes-als-impulsers-per-coneixer-de-primera-ma-el-seu-dia-a-dia-i-el-de-kawasaki-racing-team-dins-el-programa-oportunitats-de-la-fundacio-impulsa\\\/#primaryimage\"},\"thumbnailUrl\":\"https:\\\/\\\/www.fundacioimpulsa.org\\\/wp-content\\\/uploads\\\/2022\\\/10\\\/Visita-Motocard.jpg\",\"datePublished\":\"2022-10-10T09:37:29+00:00\",\"dateModified\":\"2022-12-27T10:42:18+00:00\",\"author\":{\"@id\":\"https:\\\/\\\/www.fundacioimpulsa.org\\\/es\\\/#\\\/schema\\\/person\\\/8e5d127d58d49b0b3a374d763db6672b\"},\"breadcrumb\":{\"@id\":\"https:\\\/\\\/www.fundacioimpulsa.org\\\/es\\\/lorganitzacio-impulsora-motocard-obre-les-portes-als-impulsers-per-coneixer-de-primera-ma-el-seu-dia-a-dia-i-el-de-kawasaki-racing-team-dins-el-programa-oportunitats-de-la-fundacio-impulsa\\\/#breadcrumb\"},\"inLanguage\":\"es\",\"potentialAction\":[{\"@type\":\"ReadAction\",\"target\":[\"https:\\\/\\\/www.fundacioimpulsa.org\\\/es\\\/lorganitzacio-impulsora-motocard-obre-les-portes-als-impulsers-per-coneixer-de-primera-ma-el-seu-dia-a-dia-i-el-de-kawasaki-racing-team-dins-el-programa-oportunitats-de-la-fundacio-impulsa\\\/\"]}]},{\"@type\":\"ImageObject\",\"inLanguage\":\"es\",\"@id\":\"https:\\\/\\\/www.fundacioimpulsa.org\\\/es\\\/lorganitzacio-impulsora-motocard-obre-les-portes-als-impulsers-per-coneixer-de-primera-ma-el-seu-dia-a-dia-i-el-de-kawasaki-racing-team-dins-el-programa-oportunitats-de-la-fundacio-impulsa\\\/#primaryimage\",\"url\":\"https:\\\/\\\/www.fundacioimpulsa.org\\\/wp-content\\\/uploads\\\/2022\\\/10\\\/Visita-Motocard.jpg\",\"contentUrl\":\"https:\\\/\\\/www.fundacioimpulsa.org\\\/wp-content\\\/uploads\\\/2022\\\/10\\\/Visita-Motocard.jpg\",\"width\":1220,\"height\":483},{\"@type\":\"BreadcrumbList\",\"@id\":\"https:\\\/\\\/www.fundacioimpulsa.org\\\/es\\\/lorganitzacio-impulsora-motocard-obre-les-portes-als-impulsers-per-coneixer-de-primera-ma-el-seu-dia-a-dia-i-el-de-kawasaki-racing-team-dins-el-programa-oportunitats-de-la-fundacio-impulsa\\\/#breadcrumb\",\"itemListElement\":[{\"@type\":\"ListItem\",\"position\":1,\"name\":\"Inici\",\"item\":\"https:\\\/\\\/www.fundacioimpulsa.org\\\/es\\\/fundacio-impulsa\\\/\"},{\"@type\":\"ListItem\",\"position\":2,\"name\":\"La Organizaci\u00f3n Impulsora Motocard abre las puertas a los Impulsers para que conozcan de primera mano su d\u00eda a d\u00eda y el de Kawasaki Racing Team dentro del Programa Oportunidades de la Fundaci\u00f3n Impulsa\"}]},{\"@type\":\"WebSite\",\"@id\":\"https:\\\/\\\/www.fundacioimpulsa.org\\\/es\\\/#website\",\"url\":\"https:\\\/\\\/www.fundacioimpulsa.org\\\/es\\\/\",\"name\":\"Fundacio Impulsa\",\"description\":\"\",\"potentialAction\":[{\"@type\":\"SearchAction\",\"target\":{\"@type\":\"EntryPoint\",\"urlTemplate\":\"https:\\\/\\\/www.fundacioimpulsa.org\\\/es\\\/?s={search_term_string}\"},\"query-input\":{\"@type\":\"PropertyValueSpecification\",\"valueRequired\":true,\"valueName\":\"search_term_string\"}}],\"inLanguage\":\"es\"},{\"@type\":\"Person\",\"@id\":\"https:\\\/\\\/www.fundacioimpulsa.org\\\/es\\\/#\\\/schema\\\/person\\\/8e5d127d58d49b0b3a374d763db6672b\",\"name\":\"comunicacio\",\"image\":{\"@type\":\"ImageObject\",\"inLanguage\":\"es\",\"@id\":\"https:\\\/\\\/secure.gravatar.com\\\/avatar\\\/179d9804721934af904d6831ff1a982684d2987826415ba17246a2fefb582344?s=96&d=mm&r=g\",\"url\":\"https:\\\/\\\/secure.gravatar.com\\\/avatar\\\/179d9804721934af904d6831ff1a982684d2987826415ba17246a2fefb582344?s=96&d=mm&r=g\",\"contentUrl\":\"https:\\\/\\\/secure.gravatar.com\\\/avatar\\\/179d9804721934af904d6831ff1a982684d2987826415ba17246a2fefb582344?s=96&d=mm&r=g\",\"caption\":\"comunicacio\"},\"url\":\"https:\\\/\\\/www.fundacioimpulsa.org\\\/es\\\/author\\\/comunicacio\\\/\"}]}<\/script>\n<!-- \/ Yoast SEO plugin. -->","yoast_head_json":{"title":"La Organizaci\u00f3n Impulsora Motocard abre las puertas a los Impulsers para que conozcan de primera mano su d\u00eda a d\u00eda y el de Kawasaki Racing Team dentro del Programa Oportunidades de la Fundaci\u00f3n Impulsa - Fundacio Impulsa","robots":{"index":"index","follow":"follow","max-snippet":"max-snippet:-1","max-image-preview":"max-image-preview:large","max-video-preview":"max-video-preview:-1"},"canonical":"https:\/\/www.fundacioimpulsa.org\/es\/lorganitzacio-impulsora-motocard-obre-les-portes-als-impulsers-per-coneixer-de-primera-ma-el-seu-dia-a-dia-i-el-de-kawasaki-racing-team-dins-el-programa-oportunitats-de-la-fundacio-impulsa\/","og_locale":"es_ES","og_type":"article","og_title":"La Organizaci\u00f3n Impulsora Motocard abre las puertas a los Impulsers para que conozcan de primera mano su d\u00eda a d\u00eda y el de Kawasaki Racing Team dentro del Programa Oportunidades de la Fundaci\u00f3n Impulsa - Fundacio Impulsa","og_description":"Distintos Impulsers han tenido la oportunidad de conocer de primera mano a la empresa l\u00edder en el mundo de los accesorios del motociclismo, Motocard. La empresa es Organizaci\u00f3n Impulsora de la Fundaci\u00f3n Impulsa y nos ha abierto sus puertas permiti\u00e9ndonos visitar su tienda, el taller mec\u00e1nico de Kawasaki Racing Team (de los que es patrocinador [&hellip;]","og_url":"https:\/\/www.fundacioimpulsa.org\/es\/lorganitzacio-impulsora-motocard-obre-les-portes-als-impulsers-per-coneixer-de-primera-ma-el-seu-dia-a-dia-i-el-de-kawasaki-racing-team-dins-el-programa-oportunitats-de-la-fundacio-impulsa\/","og_site_name":"Fundacio Impulsa","article_published_time":"2022-10-10T09:37:29+00:00","article_modified_time":"2022-12-27T10:42:18+00:00","og_image":[{"width":1220,"height":483,"url":"https:\/\/www.fundacioimpulsa.org\/wp-content\/uploads\/2022\/10\/Visita-Motocard.jpg","type":"image\/jpeg"}],"author":"comunicacio","twitter_card":"summary_large_image","twitter_misc":{"Escrito por":"comunicacio","Tiempo de lectura":"2 minutos"},"schema":{"@context":"https:\/\/schema.org","@graph":[{"@type":"Article","@id":"https:\/\/www.fundacioimpulsa.org\/es\/lorganitzacio-impulsora-motocard-obre-les-portes-als-impulsers-per-coneixer-de-primera-ma-el-seu-dia-a-dia-i-el-de-kawasaki-racing-team-dins-el-programa-oportunitats-de-la-fundacio-impulsa\/#article","isPartOf":{"@id":"https:\/\/www.fundacioimpulsa.org\/es\/lorganitzacio-impulsora-motocard-obre-les-portes-als-impulsers-per-coneixer-de-primera-ma-el-seu-dia-a-dia-i-el-de-kawasaki-racing-team-dins-el-programa-oportunitats-de-la-fundacio-impulsa\/"},"author":{"name":"comunicacio","@id":"https:\/\/www.fundacioimpulsa.org\/es\/#\/schema\/person\/8e5d127d58d49b0b3a374d763db6672b"},"headline":"La Organizaci\u00f3n Impulsora Motocard abre las puertas a los Impulsers para que conozcan de primera mano su d\u00eda a d\u00eda y el de Kawasaki Racing Team dentro del Programa Oportunidades de la Fundaci\u00f3n Impulsa","datePublished":"2022-10-10T09:37:29+00:00","dateModified":"2022-12-27T10:42:18+00:00","mainEntityOfPage":{"@id":"https:\/\/www.fundacioimpulsa.org\/es\/lorganitzacio-impulsora-motocard-obre-les-portes-als-impulsers-per-coneixer-de-primera-ma-el-seu-dia-a-dia-i-el-de-kawasaki-racing-team-dins-el-programa-oportunitats-de-la-fundacio-impulsa\/"},"wordCount":415,"image":{"@id":"https:\/\/www.fundacioimpulsa.org\/es\/lorganitzacio-impulsora-motocard-obre-les-portes-als-impulsers-per-coneixer-de-primera-ma-el-seu-dia-a-dia-i-el-de-kawasaki-racing-team-dins-el-programa-oportunitats-de-la-fundacio-impulsa\/#primaryimage"},"thumbnailUrl":"https:\/\/www.fundacioimpulsa.org\/wp-content\/uploads\/2022\/10\/Visita-Motocard.jpg","keywords":["#Orientaci\u00f3nLaboral"],"articleSection":["D\u00eda a D\u00eda","Noticias"],"inLanguage":"es"},{"@type":"WebPage","@id":"https:\/\/www.fundacioimpulsa.org\/es\/lorganitzacio-impulsora-motocard-obre-les-portes-als-impulsers-per-coneixer-de-primera-ma-el-seu-dia-a-dia-i-el-de-kawasaki-racing-team-dins-el-programa-oportunitats-de-la-fundacio-impulsa\/","url":"https:\/\/www.fundacioimpulsa.org\/es\/lorganitzacio-impulsora-motocard-obre-les-portes-als-impulsers-per-coneixer-de-primera-ma-el-seu-dia-a-dia-i-el-de-kawasaki-racing-team-dins-el-programa-oportunitats-de-la-fundacio-impulsa\/","name":"La Organizaci\u00f3n Impulsora Motocard abre las puertas a los Impulsers para que conozcan de primera mano su d\u00eda a d\u00eda y el de Kawasaki Racing Team dentro del Programa Oportunidades de la Fundaci\u00f3n Impulsa - Fundacio Impulsa","isPartOf":{"@id":"https:\/\/www.fundacioimpulsa.org\/es\/#website"},"primaryImageOfPage":{"@id":"https:\/\/www.fundacioimpulsa.org\/es\/lorganitzacio-impulsora-motocard-obre-les-portes-als-impulsers-per-coneixer-de-primera-ma-el-seu-dia-a-dia-i-el-de-kawasaki-racing-team-dins-el-programa-oportunitats-de-la-fundacio-impulsa\/#primaryimage"},"image":{"@id":"https:\/\/www.fundacioimpulsa.org\/es\/lorganitzacio-impulsora-motocard-obre-les-portes-als-impulsers-per-coneixer-de-primera-ma-el-seu-dia-a-dia-i-el-de-kawasaki-racing-team-dins-el-programa-oportunitats-de-la-fundacio-impulsa\/#primaryimage"},"thumbnailUrl":"https:\/\/www.fundacioimpulsa.org\/wp-content\/uploads\/2022\/10\/Visita-Motocard.jpg","datePublished":"2022-10-10T09:37:29+00:00","dateModified":"2022-12-27T10:42:18+00:00","author":{"@id":"https:\/\/www.fundacioimpulsa.org\/es\/#\/schema\/person\/8e5d127d58d49b0b3a374d763db6672b"},"breadcrumb":{"@id":"https:\/\/www.fundacioimpulsa.org\/es\/lorganitzacio-impulsora-motocard-obre-les-portes-als-impulsers-per-coneixer-de-primera-ma-el-seu-dia-a-dia-i-el-de-kawasaki-racing-team-dins-el-programa-oportunitats-de-la-fundacio-impulsa\/#breadcrumb"},"inLanguage":"es","potentialAction":[{"@type":"ReadAction","target":["https:\/\/www.fundacioimpulsa.org\/es\/lorganitzacio-impulsora-motocard-obre-les-portes-als-impulsers-per-coneixer-de-primera-ma-el-seu-dia-a-dia-i-el-de-kawasaki-racing-team-dins-el-programa-oportunitats-de-la-fundacio-impulsa\/"]}]},{"@type":"ImageObject","inLanguage":"es","@id":"https:\/\/www.fundacioimpulsa.org\/es\/lorganitzacio-impulsora-motocard-obre-les-portes-als-impulsers-per-coneixer-de-primera-ma-el-seu-dia-a-dia-i-el-de-kawasaki-racing-team-dins-el-programa-oportunitats-de-la-fundacio-impulsa\/#primaryimage","url":"https:\/\/www.fundacioimpulsa.org\/wp-content\/uploads\/2022\/10\/Visita-Motocard.jpg","contentUrl":"https:\/\/www.fundacioimpulsa.org\/wp-content\/uploads\/2022\/10\/Visita-Motocard.jpg","width":1220,"height":483},{"@type":"BreadcrumbList","@id":"https:\/\/www.fundacioimpulsa.org\/es\/lorganitzacio-impulsora-motocard-obre-les-portes-als-impulsers-per-coneixer-de-primera-ma-el-seu-dia-a-dia-i-el-de-kawasaki-racing-team-dins-el-programa-oportunitats-de-la-fundacio-impulsa\/#breadcrumb","itemListElement":[{"@type":"ListItem","position":1,"name":"Inici","item":"https:\/\/www.fundacioimpulsa.org\/es\/fundacio-impulsa\/"},{"@type":"ListItem","position":2,"name":"La Organizaci\u00f3n Impulsora Motocard abre las puertas a los Impulsers para que conozcan de primera mano su d\u00eda a d\u00eda y el de Kawasaki Racing Team dentro del Programa Oportunidades de la Fundaci\u00f3n Impulsa"}]},{"@type":"WebSite","@id":"https:\/\/www.fundacioimpulsa.org\/es\/#website","url":"https:\/\/www.fundacioimpulsa.org\/es\/","name":"Fundacio Impulsa","description":"","potentialAction":[{"@type":"SearchAction","target":{"@type":"EntryPoint","urlTemplate":"https:\/\/www.fundacioimpulsa.org\/es\/?s={search_term_string}"},"query-input":{"@type":"PropertyValueSpecification","valueRequired":true,"valueName":"search_term_string"}}],"inLanguage":"es"},{"@type":"Person","@id":"https:\/\/www.fundacioimpulsa.org\/es\/#\/schema\/person\/8e5d127d58d49b0b3a374d763db6672b","name":"comunicacio","image":{"@type":"ImageObject","inLanguage":"es","@id":"https:\/\/secure.gravatar.com\/avatar\/179d9804721934af904d6831ff1a982684d2987826415ba17246a2fefb582344?s=96&d=mm&r=g","url":"https:\/\/secure.gravatar.com\/avatar\/179d9804721934af904d6831ff1a982684d2987826415ba17246a2fefb582344?s=96&d=mm&r=g","contentUrl":"https:\/\/secure.gravatar.com\/avatar\/179d9804721934af904d6831ff1a982684d2987826415ba17246a2fefb582344?s=96&d=mm&r=g","caption":"comunicacio"},"url":"https:\/\/www.fundacioimpulsa.org\/es\/author\/comunicacio\/"}]}},"publishpress_future_action":{"enabled":false,"date":"2026-05-04 16:04:56","action":"change-status","newStatus":"draft","terms":[],"taxonomy":"category","extraData":[]},"publishpress_future_workflow_manual_trigger":{"enabledWorkflows":[]},"_links":{"self":[{"href":"https:\/\/www.fundacioimpulsa.org\/es\/wp-json\/wp\/v2\/posts\/7237","targetHints":{"allow":["GET"]}}],"collection":[{"href":"https:\/\/www.fundacioimpulsa.org\/es\/wp-json\/wp\/v2\/posts"}],"about":[{"href":"https:\/\/www.fundacioimpulsa.org\/es\/wp-json\/wp\/v2\/types\/post"}],"author":[{"embeddable":true,"href":"https:\/\/www.fundacioimpulsa.org\/es\/wp-json\/wp\/v2\/users\/6"}],"replies":[{"embeddable":true,"href":"https:\/\/www.fundacioimpulsa.org\/es\/wp-json\/wp\/v2\/comments?post=7237"}],"version-history":[{"count":2,"href":"https:\/\/www.fundacioimpulsa.org\/es\/wp-json\/wp\/v2\/posts\/7237\/revisions"}],"predecessor-version":[{"id":7239,"href":"https:\/\/www.fundacioimpulsa.org\/es\/wp-json\/wp\/v2\/posts\/7237\/revisions\/7239"}],"wp:featuredmedia":[{"embeddable":true,"href":"https:\/\/www.fundacioimpulsa.org\/es\/wp-json\/wp\/v2\/media\/7222"}],"wp:attachment":[{"href":"https:\/\/www.fundacioimpulsa.org\/es\/wp-json\/wp\/v2\/media?parent=7237"}],"wp:term":[{"taxonomy":"category","embeddable":true,"href":"https:\/\/www.fundacioimpulsa.org\/es\/wp-json\/wp\/v2\/categories?post=7237"},{"taxonomy":"post_tag","embeddable":true,"href":"https:\/\/www.fundacioimpulsa.org\/es\/wp-json\/wp\/v2\/tags?post=7237"}],"curies":[{"name":"wp","href":"https:\/\/api.w.org\/{rel}","templated":true}]}}