{"id":7496,"date":"2022-10-20T21:22:55","date_gmt":"2022-10-20T19:22:55","guid":{"rendered":"https:\/\/www.fundacioimpulsa.org\/rebem-el-premi-trajectoria-duna-entitat-dels-premis-cambra-2022-de-la-cambra-de-comerc-de-sabadell-2\/"},"modified":"2024-08-27T08:52:07","modified_gmt":"2024-08-27T06:52:07","slug":"rebem-el-premi-trajectoria-duna-entitat-dels-premis-cambra-2022-de-la-cambra-de-comerc-de-sabadell-2","status":"publish","type":"post","link":"https:\/\/www.fundacioimpulsa.org\/es\/rebem-el-premi-trajectoria-duna-entitat-dels-premis-cambra-2022-de-la-cambra-de-comerc-de-sabadell-2\/","title":{"rendered":"Recibimos el Premio Trayectoria de una Entidad de los Premios Cambra\u00a0 2022 de la Cambra de Comercio de Sabadell"},"content":{"rendered":"<p>&nbsp;<\/p>\n<p><img loading=\"lazy\" decoding=\"async\" class=\"alignnone wp-image-7434\" src=\"https:\/\/www.fundacioimpulsa.org\/wp-content\/uploads\/2022\/10\/1-1-300x192.jpg\" alt=\"\" width=\"746\" height=\"477\" srcset=\"https:\/\/www.fundacioimpulsa.org\/wp-content\/uploads\/2022\/10\/1-1-300x192.jpg 300w, https:\/\/www.fundacioimpulsa.org\/wp-content\/uploads\/2022\/10\/1-1-768x492.jpg 768w, https:\/\/www.fundacioimpulsa.org\/wp-content\/uploads\/2022\/10\/1-1-705x452.jpg 705w, https:\/\/www.fundacioimpulsa.org\/wp-content\/uploads\/2022\/10\/1-1-315x202.jpg 315w, https:\/\/www.fundacioimpulsa.org\/wp-content\/uploads\/2022\/10\/1-1.jpg 793w\" sizes=\"auto, (max-width: 746px) 100vw, 746px\" \/><\/p>\n<p><span class=\"TextRun SCXW19182588 BCX0\" lang=\"ES\" xml:lang=\"ES\" data-contrast=\"none\"><span class=\"NormalTextRun SCXW19182588 BCX0\">Este jueves hemos asistido al acto de entrega de los <strong>Premios Cambra Sabadell 2022,<\/strong> presidido por el Secretario de Empresa y Competitividad de la Generalidad de Catalu\u00f1a, Albert Castellanos y en el que la <strong>Fundaci\u00f3n Impulsa ha resultado galardonada con el Premio Trayectoria de una Entidad<\/strong>.<\/span><\/span><span class=\"LineBreakBlob BlobObject DragDrop SCXW19182588 BCX0\"><span class=\"SCXW19182588 BCX0\">\u00a0<\/span><br class=\"SCXW19182588 BCX0\" \/><\/span><span class=\"LineBreakBlob BlobObject DragDrop SCXW19182588 BCX0\"><span class=\"SCXW19182588 BCX0\">\u00a0<\/span><br class=\"SCXW19182588 BCX0\" \/><\/span><span class=\"TextRun SCXW19182588 BCX0\" lang=\"ES\" xml:lang=\"ES\" data-contrast=\"none\"><span class=\"NormalTextRun SCXW19182588 BCX0\">El evento se ha realizado en el Auditorio y Jardines de la Fundaci\u00f3n 1859 Ca<\/span><span class=\"NormalTextRun SCXW19182588 BCX0\">j<\/span><span class=\"NormalTextRun SCXW19182588 BCX0\">a Sabadell, donde <strong>han asistido cerca de 300 personas<\/strong>, entre empresariado, alcaldes y representantes del sector pol\u00edtico, econ\u00f3mico, social y de instituciones de Sabadell y de la comarca.<\/span><\/span><span class=\"LineBreakBlob BlobObject DragDrop SCXW19182588 BCX0\"><span class=\"SCXW19182588 BCX0\">\u00a0<\/span><br class=\"SCXW19182588 BCX0\" \/><\/span><span class=\"LineBreakBlob BlobObject DragDrop SCXW19182588 BCX0\"><span class=\"SCXW19182588 BCX0\">\u00a0<\/span><br class=\"SCXW19182588 BCX0\" \/><\/span><span class=\"TextRun SCXW19182588 BCX0\" lang=\"ES\" xml:lang=\"ES\" data-contrast=\"none\"><span class=\"NormalTextRun SCXW19182588 BCX0\">Carles <\/span><span class=\"SpellingError SCXW19182588 BCX0\">Cuy\u00e0s<\/span><span class=\"NormalTextRun SCXW19182588 BCX0\">, presidente de la Fundaci\u00f3n Impulsa, ha manifestado el agradecimiento por el Premio que se nos ha concedido: \u201c<strong>Es un orgullo para la entidad que represento recibir este premio en el que la C<\/strong><\/span><strong><span class=\"NormalTextRun SCXW19182588 BCX0\">amb<\/span><\/strong><span class=\"NormalTextRun SCXW19182588 BCX0\"><strong>ra de Comercio de Sabadell pone en valor la trayectoria de la Fundaci\u00f3n Impulsa, desde donde, en tan s\u00f3lo siete a\u00f1os, ya hemos conseguido becar y acompa\u00f1ar a m\u00e1s de 470 j\u00f3venes con dificultades socioecon\u00f3micas<\/strong>, gracias a la complicidad de diferentes personas, organismos e instituciones, y en especial, del tejido empresarial\u201d . En esta l\u00ednea, <\/span><span class=\"SpellingError SCXW19182588 BCX0\">Cuy\u00e0s<\/span><span class=\"NormalTextRun SCXW19182588 BCX0\"> ha querido agradecer la iniciativa de la C<\/span><span class=\"NormalTextRun SCXW19182588 BCX0\">ambra<\/span><span class=\"NormalTextRun SCXW19182588 BCX0\"> de Comercio de Sabadell en la apuesta por <strong>premios como \u00e9st<\/strong><\/span><strong><span class=\"NormalTextRun SCXW19182588 BCX0\">e<\/span><\/strong><span class=\"NormalTextRun SCXW19182588 BCX0\">, que <strong>ayudan a valorar el potencial del sector empresarial local y catal\u00e1n y<\/strong><\/span> <span class=\"NormalTextRun SCXW19182588 BCX0\"><strong>a visualizar la labor empresarial en la promoci\u00f3n de causas solidarias como la de la Fundaci\u00f3n Impulsa<\/strong>, que promueve la igualdad de oportunidades de los j\u00f3venes.<\/span><\/span><span class=\"EOP SCXW19182588 BCX0\" data-ccp-props=\"{&quot;134233117&quot;:false,&quot;134233118&quot;:false,&quot;201341983&quot;:0,&quot;335551550&quot;:1,&quot;335551620&quot;:1,&quot;335559685&quot;:0,&quot;335559737&quot;:0,&quot;335559738&quot;:0,&quot;335559739&quot;:160,&quot;335559740&quot;:259}\">\u00a0<\/span><\/p>\n<p><img loading=\"lazy\" decoding=\"async\" class=\"alignnone wp-image-7436\" src=\"https:\/\/www.fundacioimpulsa.org\/wp-content\/uploads\/2022\/10\/2-1-300x192.jpg\" alt=\"\" width=\"753\" height=\"482\" srcset=\"https:\/\/www.fundacioimpulsa.org\/wp-content\/uploads\/2022\/10\/2-1-300x192.jpg 300w, https:\/\/www.fundacioimpulsa.org\/wp-content\/uploads\/2022\/10\/2-1-768x492.jpg 768w, https:\/\/www.fundacioimpulsa.org\/wp-content\/uploads\/2022\/10\/2-1-705x452.jpg 705w, https:\/\/www.fundacioimpulsa.org\/wp-content\/uploads\/2022\/10\/2-1-315x202.jpg 315w, https:\/\/www.fundacioimpulsa.org\/wp-content\/uploads\/2022\/10\/2-1.jpg 793w\" sizes=\"auto, (max-width: 753px) 100vw, 753px\" \/><\/p>\n<p><span class=\"TextRun SCXW109290179 BCX0\" lang=\"ES\" xml:lang=\"ES\" data-contrast=\"none\"><span class=\"NormalTextRun SCXW109290179 BCX0\">En los dos a\u00f1os de presencia en el territorio, <strong>la Fundaci\u00f3n Impulsa ha becado en Sabadell a una cuarentena de j\u00f3venes con motivaci\u00f3n y talento, pero con dificultades socioecon\u00f3micas, para que puedan cursar ciclos de FP.<\/strong><\/span><\/span><span class=\"LineBreakBlob BlobObject DragDrop SCXW109290179 BCX0\"><strong><span class=\"SCXW109290179 BCX0\">\u00a0<\/span><\/strong><br class=\"SCXW109290179 BCX0\" \/><\/span><span class=\"LineBreakBlob BlobObject DragDrop SCXW109290179 BCX0\"><span class=\"SCXW109290179 BCX0\">\u00a0<\/span><br class=\"SCXW109290179 BCX0\" \/><\/span><span class=\"TextRun SCXW109290179 BCX0\" lang=\"ES\" xml:lang=\"ES\" data-contrast=\"none\"><span class=\"NormalTextRun SCXW109290179 BCX0\">Aparte de la Fundaci\u00f3n Impulsa, <strong>tambi\u00e9n han recibido un reconocimiento por parte de los Premios Cambra 2022<\/strong> Llu\u00eds Pont, fundador de la empresa de Sabadell <\/span><strong><span class=\"SpellingError SCXW109290179 BCX0\">Xaluca<\/span><\/strong><span class=\"NormalTextRun SCXW109290179 BCX0\"><strong> Tours<\/strong>, que se ha especializado en la organizaci\u00f3n de viajes a Marruecos, con el Premio al<strong> M\u00e9rito Empresarial<\/strong>. La consejera delegada y directora general de <strong>Natura <\/strong><\/span><strong><span class=\"SpellingError SCXW109290179 BCX0\">Biss\u00e9<\/span> <span class=\"SpellingError SCXW109290179 BCX0\">Group<\/span><span class=\"NormalTextRun SCXW109290179 BCX0\">, Ver\u00f3nica <\/span><span class=\"SpellingError SCXW109290179 BCX0\">Fisas<\/span><\/strong><span class=\"NormalTextRun SCXW109290179 BCX0\">, ha recogido el <strong>Premio a la Trayectoria Personal y Empresarial<\/strong>, y por \u00faltimo, el presidente de la <strong>Fundaci\u00f3n Impulsa<\/strong>, Carles <\/span><span class=\"SpellingError SCXW109290179 BCX0\">Cuy\u00e0s<\/span><span class=\"NormalTextRun SCXW109290179 BCX0\">, ha recogido el <strong>Premio a la Trayectoria de una Entidad.<\/strong><\/span><\/span><strong><span class=\"EOP SCXW109290179 BCX0\" data-ccp-props=\"{&quot;134233117&quot;:false,&quot;134233118&quot;:false,&quot;201341983&quot;:0,&quot;335551550&quot;:1,&quot;335551620&quot;:1,&quot;335559685&quot;:0,&quot;335559737&quot;:0,&quot;335559738&quot;:0,&quot;335559739&quot;:160,&quot;335559740&quot;:259}\">\u00a0<\/span><\/strong><\/p>\n","protected":false},"excerpt":{"rendered":"<p>&nbsp; Este jueves hemos asistido al acto de entrega de los Premios Cambra Sabadell 2022, presidido por el Secretario de Empresa y Competitividad de la Generalidad de Catalu\u00f1a, Albert Castellanos y en el que la Fundaci\u00f3n Impulsa ha resultado galardonada con el Premio Trayectoria de una Entidad.\u00a0\u00a0El evento se ha realizado en el Auditorio y [&hellip;]<\/p>\n","protected":false},"author":6,"featured_media":7440,"comment_status":"closed","ping_status":"closed","sticky":false,"template":"","format":"standard","meta":{"_acf_changed":false,"footnotes":""},"categories":[72,76,138],"tags":[92,93],"class_list":["post-7496","post","type-post","status-publish","format-standard","has-post-thumbnail","hentry","category-dia-a-dia-es","category-noticies-es","category-reconocimientos","tag-organitzacionsimpulsores-es","tag-organizacionesimpulsoras"],"acf":[],"yoast_head":"<!-- This site is optimized with the Yoast SEO plugin v27.5 - https:\/\/yoast.com\/product\/yoast-seo-wordpress\/ -->\n<title>Recibimos el Premio Trayectoria de una Entidad de los Premios Cambra\u00a0 2022 de la Cambra de Comercio de Sabadell - Fundacio Impulsa<\/title>\n<meta name=\"robots\" content=\"index, follow, max-snippet:-1, max-image-preview:large, max-video-preview:-1\" \/>\n<link rel=\"canonical\" href=\"https:\/\/www.fundacioimpulsa.org\/es\/rebem-el-premi-trajectoria-duna-entitat-dels-premis-cambra-2022-de-la-cambra-de-comerc-de-sabadell-2\/\" \/>\n<meta property=\"og:locale\" content=\"es_ES\" \/>\n<meta property=\"og:type\" content=\"article\" \/>\n<meta property=\"og:title\" content=\"Recibimos el Premio Trayectoria de una Entidad de los Premios Cambra\u00a0 2022 de la Cambra de Comercio de Sabadell - Fundacio Impulsa\" \/>\n<meta property=\"og:description\" content=\"&nbsp; Este jueves hemos asistido al acto de entrega de los Premios Cambra Sabadell 2022, presidido por el Secretario de Empresa y Competitividad de la Generalidad de Catalu\u00f1a, Albert Castellanos y en el que la Fundaci\u00f3n Impulsa ha resultado galardonada con el Premio Trayectoria de una Entidad.\u00a0\u00a0El evento se ha realizado en el Auditorio y [&hellip;]\" \/>\n<meta property=\"og:url\" content=\"https:\/\/www.fundacioimpulsa.org\/es\/rebem-el-premi-trajectoria-duna-entitat-dels-premis-cambra-2022-de-la-cambra-de-comerc-de-sabadell-2\/\" \/>\n<meta property=\"og:site_name\" content=\"Fundacio Impulsa\" \/>\n<meta property=\"article:published_time\" content=\"2022-10-20T19:22:55+00:00\" \/>\n<meta property=\"article:modified_time\" content=\"2024-08-27T06:52:07+00:00\" \/>\n<meta property=\"og:image\" content=\"https:\/\/www.fundacioimpulsa.org\/wp-content\/uploads\/2022\/10\/Entrades-bloc-FI-325-\u00d7-211-px.jpg\" \/>\n\t<meta property=\"og:image:width\" content=\"325\" \/>\n\t<meta property=\"og:image:height\" content=\"211\" \/>\n\t<meta property=\"og:image:type\" content=\"image\/jpeg\" \/>\n<meta name=\"author\" content=\"comunicacio\" \/>\n<meta name=\"twitter:card\" content=\"summary_large_image\" \/>\n<meta name=\"twitter:label1\" content=\"Escrito por\" \/>\n\t<meta name=\"twitter:data1\" content=\"comunicacio\" \/>\n\t<meta name=\"twitter:label2\" content=\"Tiempo de lectura\" \/>\n\t<meta name=\"twitter:data2\" content=\"2 minutos\" \/>\n<script type=\"application\/ld+json\" class=\"yoast-schema-graph\">{\"@context\":\"https:\\\/\\\/schema.org\",\"@graph\":[{\"@type\":\"Article\",\"@id\":\"https:\\\/\\\/www.fundacioimpulsa.org\\\/es\\\/rebem-el-premi-trajectoria-duna-entitat-dels-premis-cambra-2022-de-la-cambra-de-comerc-de-sabadell-2\\\/#article\",\"isPartOf\":{\"@id\":\"https:\\\/\\\/www.fundacioimpulsa.org\\\/es\\\/rebem-el-premi-trajectoria-duna-entitat-dels-premis-cambra-2022-de-la-cambra-de-comerc-de-sabadell-2\\\/\"},\"author\":{\"name\":\"comunicacio\",\"@id\":\"https:\\\/\\\/www.fundacioimpulsa.org\\\/es\\\/#\\\/schema\\\/person\\\/8e5d127d58d49b0b3a374d763db6672b\"},\"headline\":\"Recibimos el Premio Trayectoria de una Entidad de los Premios Cambra\u00a0 2022 de la Cambra de Comercio de Sabadell\",\"datePublished\":\"2022-10-20T19:22:55+00:00\",\"dateModified\":\"2024-08-27T06:52:07+00:00\",\"mainEntityOfPage\":{\"@id\":\"https:\\\/\\\/www.fundacioimpulsa.org\\\/es\\\/rebem-el-premi-trajectoria-duna-entitat-dels-premis-cambra-2022-de-la-cambra-de-comerc-de-sabadell-2\\\/\"},\"wordCount\":411,\"image\":{\"@id\":\"https:\\\/\\\/www.fundacioimpulsa.org\\\/es\\\/rebem-el-premi-trajectoria-duna-entitat-dels-premis-cambra-2022-de-la-cambra-de-comerc-de-sabadell-2\\\/#primaryimage\"},\"thumbnailUrl\":\"https:\\\/\\\/www.fundacioimpulsa.org\\\/wp-content\\\/uploads\\\/2022\\\/10\\\/Entrades-bloc-FI-325-\u00d7-211-px.jpg\",\"keywords\":[\"#OrganizacionesImpulsoras\",\"#OrganizacionesImpulsoras\"],\"articleSection\":[\"D\u00eda a D\u00eda\",\"Noticias\",\"Reconocimientos\"],\"inLanguage\":\"es\"},{\"@type\":\"WebPage\",\"@id\":\"https:\\\/\\\/www.fundacioimpulsa.org\\\/es\\\/rebem-el-premi-trajectoria-duna-entitat-dels-premis-cambra-2022-de-la-cambra-de-comerc-de-sabadell-2\\\/\",\"url\":\"https:\\\/\\\/www.fundacioimpulsa.org\\\/es\\\/rebem-el-premi-trajectoria-duna-entitat-dels-premis-cambra-2022-de-la-cambra-de-comerc-de-sabadell-2\\\/\",\"name\":\"Recibimos el Premio Trayectoria de una Entidad de los Premios Cambra\u00a0 2022 de la Cambra de Comercio de Sabadell - Fundacio Impulsa\",\"isPartOf\":{\"@id\":\"https:\\\/\\\/www.fundacioimpulsa.org\\\/es\\\/#website\"},\"primaryImageOfPage\":{\"@id\":\"https:\\\/\\\/www.fundacioimpulsa.org\\\/es\\\/rebem-el-premi-trajectoria-duna-entitat-dels-premis-cambra-2022-de-la-cambra-de-comerc-de-sabadell-2\\\/#primaryimage\"},\"image\":{\"@id\":\"https:\\\/\\\/www.fundacioimpulsa.org\\\/es\\\/rebem-el-premi-trajectoria-duna-entitat-dels-premis-cambra-2022-de-la-cambra-de-comerc-de-sabadell-2\\\/#primaryimage\"},\"thumbnailUrl\":\"https:\\\/\\\/www.fundacioimpulsa.org\\\/wp-content\\\/uploads\\\/2022\\\/10\\\/Entrades-bloc-FI-325-\u00d7-211-px.jpg\",\"datePublished\":\"2022-10-20T19:22:55+00:00\",\"dateModified\":\"2024-08-27T06:52:07+00:00\",\"author\":{\"@id\":\"https:\\\/\\\/www.fundacioimpulsa.org\\\/es\\\/#\\\/schema\\\/person\\\/8e5d127d58d49b0b3a374d763db6672b\"},\"breadcrumb\":{\"@id\":\"https:\\\/\\\/www.fundacioimpulsa.org\\\/es\\\/rebem-el-premi-trajectoria-duna-entitat-dels-premis-cambra-2022-de-la-cambra-de-comerc-de-sabadell-2\\\/#breadcrumb\"},\"inLanguage\":\"es\",\"potentialAction\":[{\"@type\":\"ReadAction\",\"target\":[\"https:\\\/\\\/www.fundacioimpulsa.org\\\/es\\\/rebem-el-premi-trajectoria-duna-entitat-dels-premis-cambra-2022-de-la-cambra-de-comerc-de-sabadell-2\\\/\"]}]},{\"@type\":\"ImageObject\",\"inLanguage\":\"es\",\"@id\":\"https:\\\/\\\/www.fundacioimpulsa.org\\\/es\\\/rebem-el-premi-trajectoria-duna-entitat-dels-premis-cambra-2022-de-la-cambra-de-comerc-de-sabadell-2\\\/#primaryimage\",\"url\":\"https:\\\/\\\/www.fundacioimpulsa.org\\\/wp-content\\\/uploads\\\/2022\\\/10\\\/Entrades-bloc-FI-325-\u00d7-211-px.jpg\",\"contentUrl\":\"https:\\\/\\\/www.fundacioimpulsa.org\\\/wp-content\\\/uploads\\\/2022\\\/10\\\/Entrades-bloc-FI-325-\u00d7-211-px.jpg\",\"width\":325,\"height\":211},{\"@type\":\"BreadcrumbList\",\"@id\":\"https:\\\/\\\/www.fundacioimpulsa.org\\\/es\\\/rebem-el-premi-trajectoria-duna-entitat-dels-premis-cambra-2022-de-la-cambra-de-comerc-de-sabadell-2\\\/#breadcrumb\",\"itemListElement\":[{\"@type\":\"ListItem\",\"position\":1,\"name\":\"Inici\",\"item\":\"https:\\\/\\\/www.fundacioimpulsa.org\\\/es\\\/fundacio-impulsa\\\/\"},{\"@type\":\"ListItem\",\"position\":2,\"name\":\"Recibimos el Premio Trayectoria de una Entidad de los Premios Cambra\u00a0 2022 de la Cambra de Comercio de Sabadell\"}]},{\"@type\":\"WebSite\",\"@id\":\"https:\\\/\\\/www.fundacioimpulsa.org\\\/es\\\/#website\",\"url\":\"https:\\\/\\\/www.fundacioimpulsa.org\\\/es\\\/\",\"name\":\"Fundacio Impulsa\",\"description\":\"\",\"potentialAction\":[{\"@type\":\"SearchAction\",\"target\":{\"@type\":\"EntryPoint\",\"urlTemplate\":\"https:\\\/\\\/www.fundacioimpulsa.org\\\/es\\\/?s={search_term_string}\"},\"query-input\":{\"@type\":\"PropertyValueSpecification\",\"valueRequired\":true,\"valueName\":\"search_term_string\"}}],\"inLanguage\":\"es\"},{\"@type\":\"Person\",\"@id\":\"https:\\\/\\\/www.fundacioimpulsa.org\\\/es\\\/#\\\/schema\\\/person\\\/8e5d127d58d49b0b3a374d763db6672b\",\"name\":\"comunicacio\",\"image\":{\"@type\":\"ImageObject\",\"inLanguage\":\"es\",\"@id\":\"https:\\\/\\\/secure.gravatar.com\\\/avatar\\\/179d9804721934af904d6831ff1a982684d2987826415ba17246a2fefb582344?s=96&d=mm&r=g\",\"url\":\"https:\\\/\\\/secure.gravatar.com\\\/avatar\\\/179d9804721934af904d6831ff1a982684d2987826415ba17246a2fefb582344?s=96&d=mm&r=g\",\"contentUrl\":\"https:\\\/\\\/secure.gravatar.com\\\/avatar\\\/179d9804721934af904d6831ff1a982684d2987826415ba17246a2fefb582344?s=96&d=mm&r=g\",\"caption\":\"comunicacio\"},\"url\":\"https:\\\/\\\/www.fundacioimpulsa.org\\\/es\\\/author\\\/comunicacio\\\/\"}]}<\/script>\n<!-- \/ Yoast SEO plugin. -->","yoast_head_json":{"title":"Recibimos el Premio Trayectoria de una Entidad de los Premios Cambra\u00a0 2022 de la Cambra de Comercio de Sabadell - Fundacio Impulsa","robots":{"index":"index","follow":"follow","max-snippet":"max-snippet:-1","max-image-preview":"max-image-preview:large","max-video-preview":"max-video-preview:-1"},"canonical":"https:\/\/www.fundacioimpulsa.org\/es\/rebem-el-premi-trajectoria-duna-entitat-dels-premis-cambra-2022-de-la-cambra-de-comerc-de-sabadell-2\/","og_locale":"es_ES","og_type":"article","og_title":"Recibimos el Premio Trayectoria de una Entidad de los Premios Cambra\u00a0 2022 de la Cambra de Comercio de Sabadell - Fundacio Impulsa","og_description":"&nbsp; Este jueves hemos asistido al acto de entrega de los Premios Cambra Sabadell 2022, presidido por el Secretario de Empresa y Competitividad de la Generalidad de Catalu\u00f1a, Albert Castellanos y en el que la Fundaci\u00f3n Impulsa ha resultado galardonada con el Premio Trayectoria de una Entidad.\u00a0\u00a0El evento se ha realizado en el Auditorio y [&hellip;]","og_url":"https:\/\/www.fundacioimpulsa.org\/es\/rebem-el-premi-trajectoria-duna-entitat-dels-premis-cambra-2022-de-la-cambra-de-comerc-de-sabadell-2\/","og_site_name":"Fundacio Impulsa","article_published_time":"2022-10-20T19:22:55+00:00","article_modified_time":"2024-08-27T06:52:07+00:00","og_image":[{"width":325,"height":211,"url":"https:\/\/www.fundacioimpulsa.org\/wp-content\/uploads\/2022\/10\/Entrades-bloc-FI-325-\u00d7-211-px.jpg","type":"image\/jpeg"}],"author":"comunicacio","twitter_card":"summary_large_image","twitter_misc":{"Escrito por":"comunicacio","Tiempo de lectura":"2 minutos"},"schema":{"@context":"https:\/\/schema.org","@graph":[{"@type":"Article","@id":"https:\/\/www.fundacioimpulsa.org\/es\/rebem-el-premi-trajectoria-duna-entitat-dels-premis-cambra-2022-de-la-cambra-de-comerc-de-sabadell-2\/#article","isPartOf":{"@id":"https:\/\/www.fundacioimpulsa.org\/es\/rebem-el-premi-trajectoria-duna-entitat-dels-premis-cambra-2022-de-la-cambra-de-comerc-de-sabadell-2\/"},"author":{"name":"comunicacio","@id":"https:\/\/www.fundacioimpulsa.org\/es\/#\/schema\/person\/8e5d127d58d49b0b3a374d763db6672b"},"headline":"Recibimos el Premio Trayectoria de una Entidad de los Premios Cambra\u00a0 2022 de la Cambra de Comercio de Sabadell","datePublished":"2022-10-20T19:22:55+00:00","dateModified":"2024-08-27T06:52:07+00:00","mainEntityOfPage":{"@id":"https:\/\/www.fundacioimpulsa.org\/es\/rebem-el-premi-trajectoria-duna-entitat-dels-premis-cambra-2022-de-la-cambra-de-comerc-de-sabadell-2\/"},"wordCount":411,"image":{"@id":"https:\/\/www.fundacioimpulsa.org\/es\/rebem-el-premi-trajectoria-duna-entitat-dels-premis-cambra-2022-de-la-cambra-de-comerc-de-sabadell-2\/#primaryimage"},"thumbnailUrl":"https:\/\/www.fundacioimpulsa.org\/wp-content\/uploads\/2022\/10\/Entrades-bloc-FI-325-\u00d7-211-px.jpg","keywords":["#OrganizacionesImpulsoras","#OrganizacionesImpulsoras"],"articleSection":["D\u00eda a D\u00eda","Noticias","Reconocimientos"],"inLanguage":"es"},{"@type":"WebPage","@id":"https:\/\/www.fundacioimpulsa.org\/es\/rebem-el-premi-trajectoria-duna-entitat-dels-premis-cambra-2022-de-la-cambra-de-comerc-de-sabadell-2\/","url":"https:\/\/www.fundacioimpulsa.org\/es\/rebem-el-premi-trajectoria-duna-entitat-dels-premis-cambra-2022-de-la-cambra-de-comerc-de-sabadell-2\/","name":"Recibimos el Premio Trayectoria de una Entidad de los Premios Cambra\u00a0 2022 de la Cambra de Comercio de Sabadell - Fundacio Impulsa","isPartOf":{"@id":"https:\/\/www.fundacioimpulsa.org\/es\/#website"},"primaryImageOfPage":{"@id":"https:\/\/www.fundacioimpulsa.org\/es\/rebem-el-premi-trajectoria-duna-entitat-dels-premis-cambra-2022-de-la-cambra-de-comerc-de-sabadell-2\/#primaryimage"},"image":{"@id":"https:\/\/www.fundacioimpulsa.org\/es\/rebem-el-premi-trajectoria-duna-entitat-dels-premis-cambra-2022-de-la-cambra-de-comerc-de-sabadell-2\/#primaryimage"},"thumbnailUrl":"https:\/\/www.fundacioimpulsa.org\/wp-content\/uploads\/2022\/10\/Entrades-bloc-FI-325-\u00d7-211-px.jpg","datePublished":"2022-10-20T19:22:55+00:00","dateModified":"2024-08-27T06:52:07+00:00","author":{"@id":"https:\/\/www.fundacioimpulsa.org\/es\/#\/schema\/person\/8e5d127d58d49b0b3a374d763db6672b"},"breadcrumb":{"@id":"https:\/\/www.fundacioimpulsa.org\/es\/rebem-el-premi-trajectoria-duna-entitat-dels-premis-cambra-2022-de-la-cambra-de-comerc-de-sabadell-2\/#breadcrumb"},"inLanguage":"es","potentialAction":[{"@type":"ReadAction","target":["https:\/\/www.fundacioimpulsa.org\/es\/rebem-el-premi-trajectoria-duna-entitat-dels-premis-cambra-2022-de-la-cambra-de-comerc-de-sabadell-2\/"]}]},{"@type":"ImageObject","inLanguage":"es","@id":"https:\/\/www.fundacioimpulsa.org\/es\/rebem-el-premi-trajectoria-duna-entitat-dels-premis-cambra-2022-de-la-cambra-de-comerc-de-sabadell-2\/#primaryimage","url":"https:\/\/www.fundacioimpulsa.org\/wp-content\/uploads\/2022\/10\/Entrades-bloc-FI-325-\u00d7-211-px.jpg","contentUrl":"https:\/\/www.fundacioimpulsa.org\/wp-content\/uploads\/2022\/10\/Entrades-bloc-FI-325-\u00d7-211-px.jpg","width":325,"height":211},{"@type":"BreadcrumbList","@id":"https:\/\/www.fundacioimpulsa.org\/es\/rebem-el-premi-trajectoria-duna-entitat-dels-premis-cambra-2022-de-la-cambra-de-comerc-de-sabadell-2\/#breadcrumb","itemListElement":[{"@type":"ListItem","position":1,"name":"Inici","item":"https:\/\/www.fundacioimpulsa.org\/es\/fundacio-impulsa\/"},{"@type":"ListItem","position":2,"name":"Recibimos el Premio Trayectoria de una Entidad de los Premios Cambra\u00a0 2022 de la Cambra de Comercio de Sabadell"}]},{"@type":"WebSite","@id":"https:\/\/www.fundacioimpulsa.org\/es\/#website","url":"https:\/\/www.fundacioimpulsa.org\/es\/","name":"Fundacio Impulsa","description":"","potentialAction":[{"@type":"SearchAction","target":{"@type":"EntryPoint","urlTemplate":"https:\/\/www.fundacioimpulsa.org\/es\/?s={search_term_string}"},"query-input":{"@type":"PropertyValueSpecification","valueRequired":true,"valueName":"search_term_string"}}],"inLanguage":"es"},{"@type":"Person","@id":"https:\/\/www.fundacioimpulsa.org\/es\/#\/schema\/person\/8e5d127d58d49b0b3a374d763db6672b","name":"comunicacio","image":{"@type":"ImageObject","inLanguage":"es","@id":"https:\/\/secure.gravatar.com\/avatar\/179d9804721934af904d6831ff1a982684d2987826415ba17246a2fefb582344?s=96&d=mm&r=g","url":"https:\/\/secure.gravatar.com\/avatar\/179d9804721934af904d6831ff1a982684d2987826415ba17246a2fefb582344?s=96&d=mm&r=g","contentUrl":"https:\/\/secure.gravatar.com\/avatar\/179d9804721934af904d6831ff1a982684d2987826415ba17246a2fefb582344?s=96&d=mm&r=g","caption":"comunicacio"},"url":"https:\/\/www.fundacioimpulsa.org\/es\/author\/comunicacio\/"}]}},"publishpress_future_action":{"enabled":false,"date":"2026-05-08 06:20:50","action":"change-status","newStatus":"draft","terms":[],"taxonomy":"category","extraData":[]},"publishpress_future_workflow_manual_trigger":{"enabledWorkflows":[]},"_links":{"self":[{"href":"https:\/\/www.fundacioimpulsa.org\/es\/wp-json\/wp\/v2\/posts\/7496","targetHints":{"allow":["GET"]}}],"collection":[{"href":"https:\/\/www.fundacioimpulsa.org\/es\/wp-json\/wp\/v2\/posts"}],"about":[{"href":"https:\/\/www.fundacioimpulsa.org\/es\/wp-json\/wp\/v2\/types\/post"}],"author":[{"embeddable":true,"href":"https:\/\/www.fundacioimpulsa.org\/es\/wp-json\/wp\/v2\/users\/6"}],"replies":[{"embeddable":true,"href":"https:\/\/www.fundacioimpulsa.org\/es\/wp-json\/wp\/v2\/comments?post=7496"}],"version-history":[{"count":5,"href":"https:\/\/www.fundacioimpulsa.org\/es\/wp-json\/wp\/v2\/posts\/7496\/revisions"}],"predecessor-version":[{"id":7601,"href":"https:\/\/www.fundacioimpulsa.org\/es\/wp-json\/wp\/v2\/posts\/7496\/revisions\/7601"}],"wp:featuredmedia":[{"embeddable":true,"href":"https:\/\/www.fundacioimpulsa.org\/es\/wp-json\/wp\/v2\/media\/7440"}],"wp:attachment":[{"href":"https:\/\/www.fundacioimpulsa.org\/es\/wp-json\/wp\/v2\/media?parent=7496"}],"wp:term":[{"taxonomy":"category","embeddable":true,"href":"https:\/\/www.fundacioimpulsa.org\/es\/wp-json\/wp\/v2\/categories?post=7496"},{"taxonomy":"post_tag","embeddable":true,"href":"https:\/\/www.fundacioimpulsa.org\/es\/wp-json\/wp\/v2\/tags?post=7496"}],"curies":[{"name":"wp","href":"https:\/\/api.w.org\/{rel}","templated":true}]}}