{"id":7543,"date":"2022-10-27T10:55:16","date_gmt":"2022-10-27T08:55:16","guid":{"rendered":"https:\/\/www.fundacioimpulsa.org\/ens-reunim-amb-els-centres-educatius-consells-comarcals-i-ajuntaments-per-fer-balanc-de-les-bequesimpulsa-i-del-metodeimpulsa-2022-23-i-seguir-treballant-en-xarxa\/"},"modified":"2022-11-20T23:14:15","modified_gmt":"2022-11-20T22:14:15","slug":"ens-reunim-amb-els-centres-educatius-consells-comarcals-i-ajuntaments-per-fer-balanc-de-les-bequesimpulsa-i-del-metodeimpulsa-2022-23-i-seguir-treballant-en-xarxa","status":"publish","type":"post","link":"https:\/\/www.fundacioimpulsa.org\/es\/ens-reunim-amb-els-centres-educatius-consells-comarcals-i-ajuntaments-per-fer-balanc-de-les-bequesimpulsa-i-del-metodeimpulsa-2022-23-i-seguir-treballant-en-xarxa\/","title":{"rendered":"Nos reunimos con los centros educativos, Consejos Comarcales y Ayuntamientos para hacer balance de las #BecasImpulsa y del #M\u00e9todoImpulsa 2022-23 y seguir trabajando en red"},"content":{"rendered":"<p><img loading=\"lazy\" decoding=\"async\" class=\"alignnone wp-image-7225\" src=\"https:\/\/www.fundacioimpulsa.org\/wp-content\/uploads\/2022\/10\/Noti\u0301cia-reunio\u0301-Consells-Comarcals-300x119.jpg\" alt=\"\" width=\"717\" height=\"284\" srcset=\"https:\/\/www.fundacioimpulsa.org\/wp-content\/uploads\/2022\/10\/Noti\u0301cia-reunio\u0301-Consells-Comarcals-300x119.jpg 300w, https:\/\/www.fundacioimpulsa.org\/wp-content\/uploads\/2022\/10\/Noti\u0301cia-reunio\u0301-Consells-Comarcals-1030x408.jpg 1030w, https:\/\/www.fundacioimpulsa.org\/wp-content\/uploads\/2022\/10\/Noti\u0301cia-reunio\u0301-Consells-Comarcals-768x304.jpg 768w, https:\/\/www.fundacioimpulsa.org\/wp-content\/uploads\/2022\/10\/Noti\u0301cia-reunio\u0301-Consells-Comarcals-705x279.jpg 705w, https:\/\/www.fundacioimpulsa.org\/wp-content\/uploads\/2022\/10\/Noti\u0301cia-reunio\u0301-Consells-Comarcals-1061x420.jpg 1061w, https:\/\/www.fundacioimpulsa.org\/wp-content\/uploads\/2022\/10\/Noti\u0301cia-reunio\u0301-Consells-Comarcals-315x125.jpg 315w, https:\/\/www.fundacioimpulsa.org\/wp-content\/uploads\/2022\/10\/Noti\u0301cia-reunio\u0301-Consells-Comarcals.jpg 1220w\" sizes=\"auto, (max-width: 717px) 100vw, 717px\" \/><\/p>\n<p><span data-contrast=\"auto\">El equipo de Programas de la <\/span><strong>Fundaci\u00f3n Impulsa se ha reunido<\/strong><span data-contrast=\"auto\"> estos d\u00edas con representantes t\u00e9cnicos de los diferentes <\/span><strong>Consejos Comarcales y Ayuntamientos<\/strong><span data-contrast=\"auto\"> y con docentes de los <\/span><strong>centros educativos<\/strong><span data-contrast=\"auto\"> implicados en el proceso de selecci\u00f3n de los j\u00f3venes que optan a las Becas Impulsa (Bages, Bergued\u00e0, Osona , Moian\u00e8s, Sabadell, La Garrotxa, Terrassa y Baix Empord\u00e0). El <\/span><strong>objetivo<\/strong> <span data-contrast=\"auto\">de los encuentros virtuales ha sido <\/span><strong>hacer balance del proceso de selecci\u00f3n de las Becas Impulsa de este curso 2022-23<\/strong><span data-contrast=\"auto\"> y encarar el procedimiento para el pr\u00f3ximo curso 2023-24.<\/span><\/p>\n<p><span data-contrast=\"auto\">Con esta voluntad, durante la reuni\u00f3n con los Consejos Comarcales y Ayuntamientos <\/span><strong>se puso en com\u00fan el funcionamiento del proceso de selecci\u00f3n de los j\u00f3venes que optan a las Becas Impulsa<\/strong><span data-contrast=\"auto\"> valorando la idoneidad de la documentaci\u00f3n solicitada, el sistema de puntuaci\u00f3n, y el modo c\u00f3mo se hace la recogida de informaci\u00f3n del alumnado, entre otros. En este sentido, la Responsable de Programas de la Fundaci\u00f3n Impulsa, Marta Mir\u00f3, explica que la valoraci\u00f3n fue positiva por parte de los diferentes representantes t\u00e9cnicos: \u201c<\/span><strong>Los representantes de los diferentes Consejos Comarcales y Ayuntamientos se han mostrado muy satisfechos de los resultados obtenidos, han manifestado total predisposici\u00f3n para seguir colaborando y participando como hasta ahora y han agradecido y valorado muy positivamente las mejoras implementadas el pasado curso<\/strong><span data-contrast=\"auto\"> para agilizar el proceso de inscripci\u00f3n de los j\u00f3venes\u201d.<\/span> <span data-ccp-props=\"{&quot;134233117&quot;:false,&quot;134233118&quot;:false,&quot;201341983&quot;:0,&quot;335551550&quot;:1,&quot;335551620&quot;:1,&quot;335559685&quot;:0,&quot;335559737&quot;:0,&quot;335559738&quot;:0,&quot;335559739&quot;:160,&quot;335559740&quot;:360}\">\u00a0<\/span><\/p>\n<p><span data-contrast=\"auto\">En la misma l\u00ednea, en la reuni\u00f3n con <\/span><strong>los centros educativos tanto de ESO como de FP<\/strong><span data-contrast=\"auto\"> se les <\/span><strong>explic\u00f3 el nuevo proceso de becas Impulsa que se abrir\u00e1 a finales de noviembre de cara al pr\u00f3ximo curso 2023-24 y el trabajo en red que se lleva a cabo con los j\u00f3venes impulsers<\/strong><span data-contrast=\"auto\"><strong>.<\/strong> En este sentido, tambi\u00e9n se puso de manifiesto la necesidad de <strong>t<\/strong><\/span><strong>rabajar coordinadamente<\/strong> <span data-contrast=\"auto\">con los centros educativos para acompa\u00f1ar de forma transversal a los j\u00f3venes becados. <\/span><strong>Una de las claves del M\u00e9todo Impulsa<\/strong><span data-contrast=\"auto\"> que tambi\u00e9n se valora muy positivamente por parte de los centros educativos: \u201c<\/span><strong>Los docentes asistentes a la reuni\u00f3n valoraron muy bien que la Beca vaya m\u00e1s all\u00e1 de la aportaci\u00f3n econ\u00f3mica y que el trabajo de acompa\u00f1amiento a los j\u00f3venes sea a distintos niveles<\/strong><span data-contrast=\"auto\"> y con la complicidad de los centros educativos\u201d, explica la Coordinadora del M\u00e9todo Impulsa, Sandra Llinar\u00e8s.<\/span><\/p>\n<p><span data-contrast=\"auto\">El encuentro con los Consejos Comarcales, Ayuntamientos y centros educativos tambi\u00e9n sirvi\u00f3 para <\/span><strong>presentar el proyecto de la Fundaci\u00f3n Impulsa para el curso 2022-23<\/strong> <span data-contrast=\"auto\">en el que se explicaron las mejoras que se implementar\u00e1n de cara al proceso de solicitud de becas del nuevo curso: \u201c<\/span><strong>Desde el equipo psicopedag\u00f3gico de la Fundaci\u00f3n Impulsa estamos haciendo un esfuerzo para poder avanzar el proceso de solicitudes de becas y que los centros educativos presenten a los candidatos antes de terminar el primer trimestre, lo que nos permitir\u00e1 poder empezar a comunicar la adjudicaci\u00f3n de becas a finales de mayo en vez de finales de Junio \u200b\u200bcomo se hac\u00eda hasta ahora<\/strong><span data-contrast=\"auto\">\u201d, explica Mir\u00f3. Una medida que da respuesta a la demanda que hicieron llegar a la Fundaci\u00f3n Impulsa muchos centros durante el curso pasado ya que <\/span><strong>de este modo los j\u00f3venes pueden decidir hacia d\u00f3nde encarar sus estudios en funci\u00f3n de si disponen o no de la Beca Impulsa<\/strong><span data-contrast=\"auto\"><strong>:<\/strong> \u00abUn joven de La Garrotxa al que se le concede la Beca Impulsa puede decidir estudiar Hosteler\u00eda en Girona y en cambio, si no cuenta con la Beca, seguramente optar\u00e1 por estudiar Administraci\u00f3n y Gesti\u00f3n en Olot, por ejemplo\u00bb, explica Mir\u00f3.<\/span><span data-ccp-props=\"{&quot;134233117&quot;:false,&quot;134233118&quot;:false,&quot;201341983&quot;:0,&quot;335551550&quot;:1,&quot;335551620&quot;:1,&quot;335559685&quot;:0,&quot;335559737&quot;:0,&quot;335559738&quot;:0,&quot;335559739&quot;:160,&quot;335559740&quot;:360}\">\u00a0<\/span><\/p>\n<p><span data-contrast=\"auto\">Durante la reuni\u00f3n <\/span><strong>tambi\u00e9n se solicit\u00f3 a los Consejos Comarcales y Ayuntamientos la colaboraci\u00f3n del \u00e1rea de Servicios Sociales B\u00e1sicos<\/strong><span data-contrast=\"auto\"> de los diferentes territorios <\/span><strong>para poder informar de los j\u00f3venes que presentan informe de Riesgo Social y seguir trabajando en red<\/strong><span data-contrast=\"auto\"> para intervenir ante casos con situaciones de dificultades econ\u00f3micas extremas y\/o emocionales que pueden poner en riesgo la continuidad de los j\u00f3venes en sus estudios.<\/span><\/p>\n<p><strong>Los centros educativos, los Consejos Comarcales y los Ayuntamientos de los territorios donde becamos j\u00f3venes forman parte activa del #M\u00e9todoImpulsa<\/strong><span data-contrast=\"auto\"> ya que los primeros se encargan de proponer a los j\u00f3venes a optar a la Beca Impulsa, y los Consejos Comarcales y Ayuntamientos son los encargados de hacer la valoraci\u00f3n socioecon\u00f3mica de los candidatos a recibir la Beca Impulsa presentados por los centros educativos.<\/span><span data-ccp-props=\"{&quot;201341983&quot;:0,&quot;335559739&quot;:160,&quot;335559740&quot;:360}\">\u00a0<\/span><\/p>\n","protected":false},"excerpt":{"rendered":"<p>El equipo de Programas de la Fundaci\u00f3n Impulsa se ha reunido estos d\u00edas con representantes t\u00e9cnicos de los diferentes Consejos Comarcales y Ayuntamientos y con docentes de los centros educativos implicados en el proceso de selecci\u00f3n de los j\u00f3venes que optan a las Becas Impulsa (Bages, Bergued\u00e0, Osona , Moian\u00e8s, Sabadell, La Garrotxa, Terrassa y [&hellip;]<\/p>\n","protected":false},"author":6,"featured_media":7225,"comment_status":"closed","ping_status":"closed","sticky":false,"template":"","format":"standard","meta":{"_acf_changed":false,"footnotes":""},"categories":[72,76],"tags":[70],"class_list":["post-7543","post","type-post","status-publish","format-standard","has-post-thumbnail","hentry","category-dia-a-dia-es","category-noticies-es","tag-metodoimpulsa"],"acf":[],"yoast_head":"<!-- This site is optimized with the Yoast SEO plugin v27.3 - https:\/\/yoast.com\/product\/yoast-seo-wordpress\/ -->\n<title>Nos reunimos con los centros educativos, Consejos Comarcales y Ayuntamientos para hacer balance de las #BecasImpulsa y del #M\u00e9todoImpulsa 2022-23 y seguir trabajando en red - Fundacio Impulsa<\/title>\n<meta name=\"robots\" content=\"index, follow, max-snippet:-1, max-image-preview:large, max-video-preview:-1\" \/>\n<link rel=\"canonical\" href=\"https:\/\/www.fundacioimpulsa.org\/es\/ens-reunim-amb-els-centres-educatius-consells-comarcals-i-ajuntaments-per-fer-balanc-de-les-bequesimpulsa-i-del-metodeimpulsa-2022-23-i-seguir-treballant-en-xarxa\/\" \/>\n<meta property=\"og:locale\" content=\"es_ES\" \/>\n<meta property=\"og:type\" content=\"article\" \/>\n<meta property=\"og:title\" content=\"Nos reunimos con los centros educativos, Consejos Comarcales y Ayuntamientos para hacer balance de las #BecasImpulsa y del #M\u00e9todoImpulsa 2022-23 y seguir trabajando en red - Fundacio Impulsa\" \/>\n<meta property=\"og:description\" content=\"El equipo de Programas de la Fundaci\u00f3n Impulsa se ha reunido estos d\u00edas con representantes t\u00e9cnicos de los diferentes Consejos Comarcales y Ayuntamientos y con docentes de los centros educativos implicados en el proceso de selecci\u00f3n de los j\u00f3venes que optan a las Becas Impulsa (Bages, Bergued\u00e0, Osona , Moian\u00e8s, Sabadell, La Garrotxa, Terrassa y [&hellip;]\" \/>\n<meta property=\"og:url\" content=\"https:\/\/www.fundacioimpulsa.org\/es\/ens-reunim-amb-els-centres-educatius-consells-comarcals-i-ajuntaments-per-fer-balanc-de-les-bequesimpulsa-i-del-metodeimpulsa-2022-23-i-seguir-treballant-en-xarxa\/\" \/>\n<meta property=\"og:site_name\" content=\"Fundacio Impulsa\" \/>\n<meta property=\"article:published_time\" content=\"2022-10-27T08:55:16+00:00\" \/>\n<meta property=\"article:modified_time\" content=\"2022-11-20T22:14:15+00:00\" \/>\n<meta property=\"og:image\" content=\"https:\/\/www.fundacioimpulsa.org\/wp-content\/uploads\/2022\/10\/Noti\u0301cia-reunio\u0301-Consells-Comarcals.jpg\" \/>\n\t<meta property=\"og:image:width\" content=\"1220\" \/>\n\t<meta property=\"og:image:height\" content=\"483\" \/>\n\t<meta property=\"og:image:type\" content=\"image\/jpeg\" \/>\n<meta name=\"author\" content=\"comunicacio\" \/>\n<meta name=\"twitter:card\" content=\"summary_large_image\" \/>\n<meta name=\"twitter:label1\" content=\"Escrito por\" \/>\n\t<meta name=\"twitter:data1\" content=\"comunicacio\" \/>\n\t<meta name=\"twitter:label2\" content=\"Tiempo de lectura\" \/>\n\t<meta name=\"twitter:data2\" content=\"4 minutos\" \/>\n<script type=\"application\/ld+json\" class=\"yoast-schema-graph\">{\"@context\":\"https:\\\/\\\/schema.org\",\"@graph\":[{\"@type\":\"Article\",\"@id\":\"https:\\\/\\\/www.fundacioimpulsa.org\\\/es\\\/ens-reunim-amb-els-centres-educatius-consells-comarcals-i-ajuntaments-per-fer-balanc-de-les-bequesimpulsa-i-del-metodeimpulsa-2022-23-i-seguir-treballant-en-xarxa\\\/#article\",\"isPartOf\":{\"@id\":\"https:\\\/\\\/www.fundacioimpulsa.org\\\/es\\\/ens-reunim-amb-els-centres-educatius-consells-comarcals-i-ajuntaments-per-fer-balanc-de-les-bequesimpulsa-i-del-metodeimpulsa-2022-23-i-seguir-treballant-en-xarxa\\\/\"},\"author\":{\"name\":\"comunicacio\",\"@id\":\"https:\\\/\\\/www.fundacioimpulsa.org\\\/es\\\/#\\\/schema\\\/person\\\/8e5d127d58d49b0b3a374d763db6672b\"},\"headline\":\"Nos reunimos con los centros educativos, Consejos Comarcales y Ayuntamientos para hacer balance de las #BecasImpulsa y del #M\u00e9todoImpulsa 2022-23 y seguir trabajando en red\",\"datePublished\":\"2022-10-27T08:55:16+00:00\",\"dateModified\":\"2022-11-20T22:14:15+00:00\",\"mainEntityOfPage\":{\"@id\":\"https:\\\/\\\/www.fundacioimpulsa.org\\\/es\\\/ens-reunim-amb-els-centres-educatius-consells-comarcals-i-ajuntaments-per-fer-balanc-de-les-bequesimpulsa-i-del-metodeimpulsa-2022-23-i-seguir-treballant-en-xarxa\\\/\"},\"wordCount\":787,\"image\":{\"@id\":\"https:\\\/\\\/www.fundacioimpulsa.org\\\/es\\\/ens-reunim-amb-els-centres-educatius-consells-comarcals-i-ajuntaments-per-fer-balanc-de-les-bequesimpulsa-i-del-metodeimpulsa-2022-23-i-seguir-treballant-en-xarxa\\\/#primaryimage\"},\"thumbnailUrl\":\"https:\\\/\\\/www.fundacioimpulsa.org\\\/wp-content\\\/uploads\\\/2022\\\/10\\\/Noti\u0301cia-reunio\u0301-Consells-Comarcals.jpg\",\"keywords\":[\"#M\u00e9todoImpulsa\"],\"articleSection\":[\"D\u00eda a D\u00eda\",\"Noticias\"],\"inLanguage\":\"es\"},{\"@type\":\"WebPage\",\"@id\":\"https:\\\/\\\/www.fundacioimpulsa.org\\\/es\\\/ens-reunim-amb-els-centres-educatius-consells-comarcals-i-ajuntaments-per-fer-balanc-de-les-bequesimpulsa-i-del-metodeimpulsa-2022-23-i-seguir-treballant-en-xarxa\\\/\",\"url\":\"https:\\\/\\\/www.fundacioimpulsa.org\\\/es\\\/ens-reunim-amb-els-centres-educatius-consells-comarcals-i-ajuntaments-per-fer-balanc-de-les-bequesimpulsa-i-del-metodeimpulsa-2022-23-i-seguir-treballant-en-xarxa\\\/\",\"name\":\"Nos reunimos con los centros educativos, Consejos Comarcales y Ayuntamientos para hacer balance de las #BecasImpulsa y del #M\u00e9todoImpulsa 2022-23 y seguir trabajando en red - Fundacio Impulsa\",\"isPartOf\":{\"@id\":\"https:\\\/\\\/www.fundacioimpulsa.org\\\/es\\\/#website\"},\"primaryImageOfPage\":{\"@id\":\"https:\\\/\\\/www.fundacioimpulsa.org\\\/es\\\/ens-reunim-amb-els-centres-educatius-consells-comarcals-i-ajuntaments-per-fer-balanc-de-les-bequesimpulsa-i-del-metodeimpulsa-2022-23-i-seguir-treballant-en-xarxa\\\/#primaryimage\"},\"image\":{\"@id\":\"https:\\\/\\\/www.fundacioimpulsa.org\\\/es\\\/ens-reunim-amb-els-centres-educatius-consells-comarcals-i-ajuntaments-per-fer-balanc-de-les-bequesimpulsa-i-del-metodeimpulsa-2022-23-i-seguir-treballant-en-xarxa\\\/#primaryimage\"},\"thumbnailUrl\":\"https:\\\/\\\/www.fundacioimpulsa.org\\\/wp-content\\\/uploads\\\/2022\\\/10\\\/Noti\u0301cia-reunio\u0301-Consells-Comarcals.jpg\",\"datePublished\":\"2022-10-27T08:55:16+00:00\",\"dateModified\":\"2022-11-20T22:14:15+00:00\",\"author\":{\"@id\":\"https:\\\/\\\/www.fundacioimpulsa.org\\\/es\\\/#\\\/schema\\\/person\\\/8e5d127d58d49b0b3a374d763db6672b\"},\"breadcrumb\":{\"@id\":\"https:\\\/\\\/www.fundacioimpulsa.org\\\/es\\\/ens-reunim-amb-els-centres-educatius-consells-comarcals-i-ajuntaments-per-fer-balanc-de-les-bequesimpulsa-i-del-metodeimpulsa-2022-23-i-seguir-treballant-en-xarxa\\\/#breadcrumb\"},\"inLanguage\":\"es\",\"potentialAction\":[{\"@type\":\"ReadAction\",\"target\":[\"https:\\\/\\\/www.fundacioimpulsa.org\\\/es\\\/ens-reunim-amb-els-centres-educatius-consells-comarcals-i-ajuntaments-per-fer-balanc-de-les-bequesimpulsa-i-del-metodeimpulsa-2022-23-i-seguir-treballant-en-xarxa\\\/\"]}]},{\"@type\":\"ImageObject\",\"inLanguage\":\"es\",\"@id\":\"https:\\\/\\\/www.fundacioimpulsa.org\\\/es\\\/ens-reunim-amb-els-centres-educatius-consells-comarcals-i-ajuntaments-per-fer-balanc-de-les-bequesimpulsa-i-del-metodeimpulsa-2022-23-i-seguir-treballant-en-xarxa\\\/#primaryimage\",\"url\":\"https:\\\/\\\/www.fundacioimpulsa.org\\\/wp-content\\\/uploads\\\/2022\\\/10\\\/Noti\u0301cia-reunio\u0301-Consells-Comarcals.jpg\",\"contentUrl\":\"https:\\\/\\\/www.fundacioimpulsa.org\\\/wp-content\\\/uploads\\\/2022\\\/10\\\/Noti\u0301cia-reunio\u0301-Consells-Comarcals.jpg\",\"width\":1220,\"height\":483},{\"@type\":\"BreadcrumbList\",\"@id\":\"https:\\\/\\\/www.fundacioimpulsa.org\\\/es\\\/ens-reunim-amb-els-centres-educatius-consells-comarcals-i-ajuntaments-per-fer-balanc-de-les-bequesimpulsa-i-del-metodeimpulsa-2022-23-i-seguir-treballant-en-xarxa\\\/#breadcrumb\",\"itemListElement\":[{\"@type\":\"ListItem\",\"position\":1,\"name\":\"Inici\",\"item\":\"https:\\\/\\\/www.fundacioimpulsa.org\\\/es\\\/fundacio-impulsa\\\/\"},{\"@type\":\"ListItem\",\"position\":2,\"name\":\"Nos reunimos con los centros educativos, Consejos Comarcales y Ayuntamientos para hacer balance de las #BecasImpulsa y del #M\u00e9todoImpulsa 2022-23 y seguir trabajando en red\"}]},{\"@type\":\"WebSite\",\"@id\":\"https:\\\/\\\/www.fundacioimpulsa.org\\\/es\\\/#website\",\"url\":\"https:\\\/\\\/www.fundacioimpulsa.org\\\/es\\\/\",\"name\":\"Fundacio Impulsa\",\"description\":\"\",\"potentialAction\":[{\"@type\":\"SearchAction\",\"target\":{\"@type\":\"EntryPoint\",\"urlTemplate\":\"https:\\\/\\\/www.fundacioimpulsa.org\\\/es\\\/?s={search_term_string}\"},\"query-input\":{\"@type\":\"PropertyValueSpecification\",\"valueRequired\":true,\"valueName\":\"search_term_string\"}}],\"inLanguage\":\"es\"},{\"@type\":\"Person\",\"@id\":\"https:\\\/\\\/www.fundacioimpulsa.org\\\/es\\\/#\\\/schema\\\/person\\\/8e5d127d58d49b0b3a374d763db6672b\",\"name\":\"comunicacio\",\"image\":{\"@type\":\"ImageObject\",\"inLanguage\":\"es\",\"@id\":\"https:\\\/\\\/secure.gravatar.com\\\/avatar\\\/179d9804721934af904d6831ff1a982684d2987826415ba17246a2fefb582344?s=96&d=mm&r=g\",\"url\":\"https:\\\/\\\/secure.gravatar.com\\\/avatar\\\/179d9804721934af904d6831ff1a982684d2987826415ba17246a2fefb582344?s=96&d=mm&r=g\",\"contentUrl\":\"https:\\\/\\\/secure.gravatar.com\\\/avatar\\\/179d9804721934af904d6831ff1a982684d2987826415ba17246a2fefb582344?s=96&d=mm&r=g\",\"caption\":\"comunicacio\"},\"url\":\"https:\\\/\\\/www.fundacioimpulsa.org\\\/es\\\/author\\\/comunicacio\\\/\"}]}<\/script>\n<!-- \/ Yoast SEO plugin. -->","yoast_head_json":{"title":"Nos reunimos con los centros educativos, Consejos Comarcales y Ayuntamientos para hacer balance de las #BecasImpulsa y del #M\u00e9todoImpulsa 2022-23 y seguir trabajando en red - Fundacio Impulsa","robots":{"index":"index","follow":"follow","max-snippet":"max-snippet:-1","max-image-preview":"max-image-preview:large","max-video-preview":"max-video-preview:-1"},"canonical":"https:\/\/www.fundacioimpulsa.org\/es\/ens-reunim-amb-els-centres-educatius-consells-comarcals-i-ajuntaments-per-fer-balanc-de-les-bequesimpulsa-i-del-metodeimpulsa-2022-23-i-seguir-treballant-en-xarxa\/","og_locale":"es_ES","og_type":"article","og_title":"Nos reunimos con los centros educativos, Consejos Comarcales y Ayuntamientos para hacer balance de las #BecasImpulsa y del #M\u00e9todoImpulsa 2022-23 y seguir trabajando en red - Fundacio Impulsa","og_description":"El equipo de Programas de la Fundaci\u00f3n Impulsa se ha reunido estos d\u00edas con representantes t\u00e9cnicos de los diferentes Consejos Comarcales y Ayuntamientos y con docentes de los centros educativos implicados en el proceso de selecci\u00f3n de los j\u00f3venes que optan a las Becas Impulsa (Bages, Bergued\u00e0, Osona , Moian\u00e8s, Sabadell, La Garrotxa, Terrassa y [&hellip;]","og_url":"https:\/\/www.fundacioimpulsa.org\/es\/ens-reunim-amb-els-centres-educatius-consells-comarcals-i-ajuntaments-per-fer-balanc-de-les-bequesimpulsa-i-del-metodeimpulsa-2022-23-i-seguir-treballant-en-xarxa\/","og_site_name":"Fundacio Impulsa","article_published_time":"2022-10-27T08:55:16+00:00","article_modified_time":"2022-11-20T22:14:15+00:00","og_image":[{"width":1220,"height":483,"url":"https:\/\/www.fundacioimpulsa.org\/wp-content\/uploads\/2022\/10\/Noti\u0301cia-reunio\u0301-Consells-Comarcals.jpg","type":"image\/jpeg"}],"author":"comunicacio","twitter_card":"summary_large_image","twitter_misc":{"Escrito por":"comunicacio","Tiempo de lectura":"4 minutos"},"schema":{"@context":"https:\/\/schema.org","@graph":[{"@type":"Article","@id":"https:\/\/www.fundacioimpulsa.org\/es\/ens-reunim-amb-els-centres-educatius-consells-comarcals-i-ajuntaments-per-fer-balanc-de-les-bequesimpulsa-i-del-metodeimpulsa-2022-23-i-seguir-treballant-en-xarxa\/#article","isPartOf":{"@id":"https:\/\/www.fundacioimpulsa.org\/es\/ens-reunim-amb-els-centres-educatius-consells-comarcals-i-ajuntaments-per-fer-balanc-de-les-bequesimpulsa-i-del-metodeimpulsa-2022-23-i-seguir-treballant-en-xarxa\/"},"author":{"name":"comunicacio","@id":"https:\/\/www.fundacioimpulsa.org\/es\/#\/schema\/person\/8e5d127d58d49b0b3a374d763db6672b"},"headline":"Nos reunimos con los centros educativos, Consejos Comarcales y Ayuntamientos para hacer balance de las #BecasImpulsa y del #M\u00e9todoImpulsa 2022-23 y seguir trabajando en red","datePublished":"2022-10-27T08:55:16+00:00","dateModified":"2022-11-20T22:14:15+00:00","mainEntityOfPage":{"@id":"https:\/\/www.fundacioimpulsa.org\/es\/ens-reunim-amb-els-centres-educatius-consells-comarcals-i-ajuntaments-per-fer-balanc-de-les-bequesimpulsa-i-del-metodeimpulsa-2022-23-i-seguir-treballant-en-xarxa\/"},"wordCount":787,"image":{"@id":"https:\/\/www.fundacioimpulsa.org\/es\/ens-reunim-amb-els-centres-educatius-consells-comarcals-i-ajuntaments-per-fer-balanc-de-les-bequesimpulsa-i-del-metodeimpulsa-2022-23-i-seguir-treballant-en-xarxa\/#primaryimage"},"thumbnailUrl":"https:\/\/www.fundacioimpulsa.org\/wp-content\/uploads\/2022\/10\/Noti\u0301cia-reunio\u0301-Consells-Comarcals.jpg","keywords":["#M\u00e9todoImpulsa"],"articleSection":["D\u00eda a D\u00eda","Noticias"],"inLanguage":"es"},{"@type":"WebPage","@id":"https:\/\/www.fundacioimpulsa.org\/es\/ens-reunim-amb-els-centres-educatius-consells-comarcals-i-ajuntaments-per-fer-balanc-de-les-bequesimpulsa-i-del-metodeimpulsa-2022-23-i-seguir-treballant-en-xarxa\/","url":"https:\/\/www.fundacioimpulsa.org\/es\/ens-reunim-amb-els-centres-educatius-consells-comarcals-i-ajuntaments-per-fer-balanc-de-les-bequesimpulsa-i-del-metodeimpulsa-2022-23-i-seguir-treballant-en-xarxa\/","name":"Nos reunimos con los centros educativos, Consejos Comarcales y Ayuntamientos para hacer balance de las #BecasImpulsa y del #M\u00e9todoImpulsa 2022-23 y seguir trabajando en red - Fundacio Impulsa","isPartOf":{"@id":"https:\/\/www.fundacioimpulsa.org\/es\/#website"},"primaryImageOfPage":{"@id":"https:\/\/www.fundacioimpulsa.org\/es\/ens-reunim-amb-els-centres-educatius-consells-comarcals-i-ajuntaments-per-fer-balanc-de-les-bequesimpulsa-i-del-metodeimpulsa-2022-23-i-seguir-treballant-en-xarxa\/#primaryimage"},"image":{"@id":"https:\/\/www.fundacioimpulsa.org\/es\/ens-reunim-amb-els-centres-educatius-consells-comarcals-i-ajuntaments-per-fer-balanc-de-les-bequesimpulsa-i-del-metodeimpulsa-2022-23-i-seguir-treballant-en-xarxa\/#primaryimage"},"thumbnailUrl":"https:\/\/www.fundacioimpulsa.org\/wp-content\/uploads\/2022\/10\/Noti\u0301cia-reunio\u0301-Consells-Comarcals.jpg","datePublished":"2022-10-27T08:55:16+00:00","dateModified":"2022-11-20T22:14:15+00:00","author":{"@id":"https:\/\/www.fundacioimpulsa.org\/es\/#\/schema\/person\/8e5d127d58d49b0b3a374d763db6672b"},"breadcrumb":{"@id":"https:\/\/www.fundacioimpulsa.org\/es\/ens-reunim-amb-els-centres-educatius-consells-comarcals-i-ajuntaments-per-fer-balanc-de-les-bequesimpulsa-i-del-metodeimpulsa-2022-23-i-seguir-treballant-en-xarxa\/#breadcrumb"},"inLanguage":"es","potentialAction":[{"@type":"ReadAction","target":["https:\/\/www.fundacioimpulsa.org\/es\/ens-reunim-amb-els-centres-educatius-consells-comarcals-i-ajuntaments-per-fer-balanc-de-les-bequesimpulsa-i-del-metodeimpulsa-2022-23-i-seguir-treballant-en-xarxa\/"]}]},{"@type":"ImageObject","inLanguage":"es","@id":"https:\/\/www.fundacioimpulsa.org\/es\/ens-reunim-amb-els-centres-educatius-consells-comarcals-i-ajuntaments-per-fer-balanc-de-les-bequesimpulsa-i-del-metodeimpulsa-2022-23-i-seguir-treballant-en-xarxa\/#primaryimage","url":"https:\/\/www.fundacioimpulsa.org\/wp-content\/uploads\/2022\/10\/Noti\u0301cia-reunio\u0301-Consells-Comarcals.jpg","contentUrl":"https:\/\/www.fundacioimpulsa.org\/wp-content\/uploads\/2022\/10\/Noti\u0301cia-reunio\u0301-Consells-Comarcals.jpg","width":1220,"height":483},{"@type":"BreadcrumbList","@id":"https:\/\/www.fundacioimpulsa.org\/es\/ens-reunim-amb-els-centres-educatius-consells-comarcals-i-ajuntaments-per-fer-balanc-de-les-bequesimpulsa-i-del-metodeimpulsa-2022-23-i-seguir-treballant-en-xarxa\/#breadcrumb","itemListElement":[{"@type":"ListItem","position":1,"name":"Inici","item":"https:\/\/www.fundacioimpulsa.org\/es\/fundacio-impulsa\/"},{"@type":"ListItem","position":2,"name":"Nos reunimos con los centros educativos, Consejos Comarcales y Ayuntamientos para hacer balance de las #BecasImpulsa y del #M\u00e9todoImpulsa 2022-23 y seguir trabajando en red"}]},{"@type":"WebSite","@id":"https:\/\/www.fundacioimpulsa.org\/es\/#website","url":"https:\/\/www.fundacioimpulsa.org\/es\/","name":"Fundacio Impulsa","description":"","potentialAction":[{"@type":"SearchAction","target":{"@type":"EntryPoint","urlTemplate":"https:\/\/www.fundacioimpulsa.org\/es\/?s={search_term_string}"},"query-input":{"@type":"PropertyValueSpecification","valueRequired":true,"valueName":"search_term_string"}}],"inLanguage":"es"},{"@type":"Person","@id":"https:\/\/www.fundacioimpulsa.org\/es\/#\/schema\/person\/8e5d127d58d49b0b3a374d763db6672b","name":"comunicacio","image":{"@type":"ImageObject","inLanguage":"es","@id":"https:\/\/secure.gravatar.com\/avatar\/179d9804721934af904d6831ff1a982684d2987826415ba17246a2fefb582344?s=96&d=mm&r=g","url":"https:\/\/secure.gravatar.com\/avatar\/179d9804721934af904d6831ff1a982684d2987826415ba17246a2fefb582344?s=96&d=mm&r=g","contentUrl":"https:\/\/secure.gravatar.com\/avatar\/179d9804721934af904d6831ff1a982684d2987826415ba17246a2fefb582344?s=96&d=mm&r=g","caption":"comunicacio"},"url":"https:\/\/www.fundacioimpulsa.org\/es\/author\/comunicacio\/"}]}},"publishpress_future_action":{"enabled":false,"date":"2026-05-06 07:49:48","action":"change-status","newStatus":"draft","terms":[],"taxonomy":"category","extraData":[]},"publishpress_future_workflow_manual_trigger":{"enabledWorkflows":[]},"_links":{"self":[{"href":"https:\/\/www.fundacioimpulsa.org\/es\/wp-json\/wp\/v2\/posts\/7543","targetHints":{"allow":["GET"]}}],"collection":[{"href":"https:\/\/www.fundacioimpulsa.org\/es\/wp-json\/wp\/v2\/posts"}],"about":[{"href":"https:\/\/www.fundacioimpulsa.org\/es\/wp-json\/wp\/v2\/types\/post"}],"author":[{"embeddable":true,"href":"https:\/\/www.fundacioimpulsa.org\/es\/wp-json\/wp\/v2\/users\/6"}],"replies":[{"embeddable":true,"href":"https:\/\/www.fundacioimpulsa.org\/es\/wp-json\/wp\/v2\/comments?post=7543"}],"version-history":[{"count":3,"href":"https:\/\/www.fundacioimpulsa.org\/es\/wp-json\/wp\/v2\/posts\/7543\/revisions"}],"predecessor-version":[{"id":7544,"href":"https:\/\/www.fundacioimpulsa.org\/es\/wp-json\/wp\/v2\/posts\/7543\/revisions\/7544"}],"wp:featuredmedia":[{"embeddable":true,"href":"https:\/\/www.fundacioimpulsa.org\/es\/wp-json\/wp\/v2\/media\/7225"}],"wp:attachment":[{"href":"https:\/\/www.fundacioimpulsa.org\/es\/wp-json\/wp\/v2\/media?parent=7543"}],"wp:term":[{"taxonomy":"category","embeddable":true,"href":"https:\/\/www.fundacioimpulsa.org\/es\/wp-json\/wp\/v2\/categories?post=7543"},{"taxonomy":"post_tag","embeddable":true,"href":"https:\/\/www.fundacioimpulsa.org\/es\/wp-json\/wp\/v2\/tags?post=7543"}],"curies":[{"name":"wp","href":"https:\/\/api.w.org\/{rel}","templated":true}]}}