{"id":7632,"date":"2022-11-08T19:10:03","date_gmt":"2022-11-08T18:10:03","guid":{"rendered":"https:\/\/www.fundacioimpulsa.org\/rotary-vic-collabora-amb-la-fundacio-impulsa-a-traves-del-lot-solidari-amb-o-dosona\/"},"modified":"2022-12-27T11:40:36","modified_gmt":"2022-12-27T10:40:36","slug":"rotary-vic-collabora-amb-la-fundacio-impulsa-a-traves-del-lot-solidari-amb-o-dosona","status":"publish","type":"post","link":"https:\/\/www.fundacioimpulsa.org\/es\/rotary-vic-collabora-amb-la-fundacio-impulsa-a-traves-del-lot-solidari-amb-o-dosona\/","title":{"rendered":"Rotary Vic colabora con la Fundaci\u00f3n Impulsa a trav\u00e9s del lote solidario &#8216;Con O de Osona&#8217;"},"content":{"rendered":"<p><a href=\"https:\/\/www.fundacioimpulsa.org\/es\/contacta\/\"><img loading=\"lazy\" decoding=\"async\" class=\"alignnone wp-image-7635\" src=\"https:\/\/www.fundacioimpulsa.org\/wp-content\/uploads\/2022\/11\/castella-300x169.jpg\" alt=\"\" width=\"724\" height=\"408\" srcset=\"https:\/\/www.fundacioimpulsa.org\/wp-content\/uploads\/2022\/11\/castella-300x169.jpg 300w, https:\/\/www.fundacioimpulsa.org\/wp-content\/uploads\/2022\/11\/castella-1030x579.jpg 1030w, https:\/\/www.fundacioimpulsa.org\/wp-content\/uploads\/2022\/11\/castella-768x432.jpg 768w, https:\/\/www.fundacioimpulsa.org\/wp-content\/uploads\/2022\/11\/castella-1536x864.jpg 1536w, https:\/\/www.fundacioimpulsa.org\/wp-content\/uploads\/2022\/11\/castella-1500x844.jpg 1500w, https:\/\/www.fundacioimpulsa.org\/wp-content\/uploads\/2022\/11\/castella-705x397.jpg 705w, https:\/\/www.fundacioimpulsa.org\/wp-content\/uploads\/2022\/11\/castella-942x530.jpg 942w, https:\/\/www.fundacioimpulsa.org\/wp-content\/uploads\/2022\/11\/castella-315x177.jpg 315w, https:\/\/www.fundacioimpulsa.org\/wp-content\/uploads\/2022\/11\/castella.jpg 1600w\" sizes=\"auto, (max-width: 724px) 100vw, 724px\" \/><\/a><\/p>\n<p><span data-contrast=\"none\">La entidad de Osona <\/span><strong>Rotary Vic<\/strong><span data-contrast=\"none\"> pone a la venta el <\/span><strong>lote solidario<\/strong><span data-contrast=\"none\"> y cultural &#8216;Con O de Osona&#8217; <\/span><strong>con el objetivo de hacer que la cultura gastron\u00f3mica local contribuya al beneficio social.<\/strong><\/p>\n<p><span data-contrast=\"none\">Con esta voluntad, <\/span><strong>3\u20ac de los 53\u20ac que vale el lote, se destinar\u00e1n a la Fundaci\u00f3n Impulsa.<\/strong><br \/>\n<span data-ccp-props=\"{&quot;134233117&quot;:false,&quot;134233118&quot;:false,&quot;201341983&quot;:0,&quot;335551550&quot;:1,&quot;335551620&quot;:1,&quot;335559685&quot;:0,&quot;335559737&quot;:0,&quot;335559738&quot;:0,&quot;335559739&quot;:160,&quot;335559740&quot;:360}\">\u00a0<\/span><\/p>\n<p><span data-contrast=\"none\">Desde la Fundaci\u00f3n Impulsa <\/span><strong>agradecemos el gesto y la iniciativa<\/strong><span data-contrast=\"none\"> y animamos a comprar este lote solidario, <\/span><strong>parte de cuyos beneficios se destinar\u00e1n a financiar nuestra labor.<\/strong> <span data-contrast=\"none\">El lote contiene los siguientes productos:<\/span><\/p>\n<p><span data-contrast=\"none\">Estuche de \u2018carquinyolis\u2019 Subirana Biscuits de avellana 60gr<\/span><\/p>\n<p><span data-contrast=\"none\">Estuche de \u2018carquinyolis\u2019 Subirana Biscuits de almendra 60gr<\/span><\/p>\n<p><span data-contrast=\"none\">Estuche de c\u2019arquinyolis\u2019 Subirana Biscuits de pistacho 60gr<\/span><\/p>\n<p><span data-contrast=\"none\">Turr\u00f3n crujiente de Neulas Chocolating 150 gr<\/span><\/p>\n<p><span data-contrast=\"none\">Chocolate de nibs de cacao y naranja Chocolating<\/span><\/p>\n<p><span data-contrast=\"none\">Fuet de Vic Can Pedret 280gr<\/span><\/p>\n<p><span data-contrast=\"none\">Longaniza Can Pedret 400gr<\/span><\/p>\n<p><span data-contrast=\"none\">Rataf\u00eda Bosch 20cl<\/span><\/p>\n<p><span data-contrast=\"none\">2 Cervezas del Montseny Artesana 33cl<\/span><\/p>\n<p><span data-contrast=\"none\">Queso Mas El Garet. \u2018Torrat\u2019 250gr<\/span><span data-ccp-props=\"{&quot;134233117&quot;:false,&quot;134233118&quot;:false,&quot;201341983&quot;:0,&quot;335551550&quot;:1,&quot;335551620&quot;:1,&quot;335559685&quot;:0,&quot;335559737&quot;:0,&quot;335559738&quot;:0,&quot;335559739&quot;:160,&quot;335559740&quot;:360}\">\u00a0<\/span><\/p>\n<p><span data-contrast=\"none\">Durante sus m\u00e1s de 20 a\u00f1os de actividad, <\/span><strong>Rotary Club se ha movilizado por causas sociales como la salud, el civismo o las necesidades del tercer mundo.<\/strong> <span data-contrast=\"none\">En esta l\u00ednea, ha impulsado diferentes campa\u00f1as como &#8216;Osona Contra el C\u00e1ncer&#8217;, &#8216;el Rinc\u00f3n de las oportunidades&#8217; y &#8216;Osona Salud Mental&#8217;, que se han convertido en metas solidarias importantes.<\/span><span data-ccp-props=\"{&quot;134233117&quot;:false,&quot;134233118&quot;:false,&quot;201341983&quot;:0,&quot;335551550&quot;:1,&quot;335551620&quot;:1,&quot;335559685&quot;:0,&quot;335559737&quot;:0,&quot;335559738&quot;:0,&quot;335559739&quot;:160,&quot;335559740&quot;:360}\">\u00a0<\/span><\/p>\n<div  class='avia-button-wrap av-28ieb4-24a1386c37d7b1f125d4d945ec6b762c-wrap avia-button-center  avia-builder-el-0  avia-builder-el-no-sibling '><a href='https:\/\/www.fundacioimpulsa.org\/es\/contacta\/'  class='avia-button av-28ieb4-24a1386c37d7b1f125d4d945ec6b762c av-link-btn avia-icon_select-no avia-size-x-large avia-position-center avia-color-theme-color'   aria-label=\"Rellena el formulario para comprar el lote solidario\"><span class='avia_iconbox_title' >Rellena el formulario para comprar el lote solidario<\/span><\/a><\/div>\n","protected":false},"excerpt":{"rendered":"<p>La entidad de Osona Rotary Vic pone a la venta el lote solidario y cultural &#8216;Con O de Osona&#8217; con el objetivo de hacer que la cultura gastron\u00f3mica local contribuya al beneficio social. Con esta voluntad, 3\u20ac de los 53\u20ac que vale el lote, se destinar\u00e1n a la Fundaci\u00f3n Impulsa. \u00a0 Desde la Fundaci\u00f3n Impulsa [&hellip;]<\/p>\n","protected":false},"author":6,"featured_media":7635,"comment_status":"closed","ping_status":"closed","sticky":false,"template":"","format":"standard","meta":{"_acf_changed":false,"footnotes":""},"categories":[76],"tags":[92],"class_list":["post-7632","post","type-post","status-publish","format-standard","has-post-thumbnail","hentry","category-noticies-es","tag-organitzacionsimpulsores-es"],"acf":[],"yoast_head":"<!-- This site is optimized with the Yoast SEO plugin v27.3 - https:\/\/yoast.com\/product\/yoast-seo-wordpress\/ -->\n<title>Rotary Vic colabora con la Fundaci\u00f3n Impulsa a trav\u00e9s del lote solidario &#039;Con O de Osona&#039; - Fundacio Impulsa<\/title>\n<meta name=\"robots\" content=\"index, follow, max-snippet:-1, max-image-preview:large, max-video-preview:-1\" \/>\n<link rel=\"canonical\" href=\"https:\/\/www.fundacioimpulsa.org\/es\/rotary-vic-collabora-amb-la-fundacio-impulsa-a-traves-del-lot-solidari-amb-o-dosona\/\" \/>\n<meta property=\"og:locale\" content=\"es_ES\" \/>\n<meta property=\"og:type\" content=\"article\" \/>\n<meta property=\"og:title\" content=\"Rotary Vic colabora con la Fundaci\u00f3n Impulsa a trav\u00e9s del lote solidario &#039;Con O de Osona&#039; - Fundacio Impulsa\" \/>\n<meta property=\"og:description\" content=\"La entidad de Osona Rotary Vic pone a la venta el lote solidario y cultural &#8216;Con O de Osona&#8217; con el objetivo de hacer que la cultura gastron\u00f3mica local contribuya al beneficio social. Con esta voluntad, 3\u20ac de los 53\u20ac que vale el lote, se destinar\u00e1n a la Fundaci\u00f3n Impulsa. \u00a0 Desde la Fundaci\u00f3n Impulsa [&hellip;]\" \/>\n<meta property=\"og:url\" content=\"https:\/\/www.fundacioimpulsa.org\/es\/rotary-vic-collabora-amb-la-fundacio-impulsa-a-traves-del-lot-solidari-amb-o-dosona\/\" \/>\n<meta property=\"og:site_name\" content=\"Fundacio Impulsa\" \/>\n<meta property=\"article:published_time\" content=\"2022-11-08T18:10:03+00:00\" \/>\n<meta property=\"article:modified_time\" content=\"2022-12-27T10:40:36+00:00\" \/>\n<meta property=\"og:image\" content=\"https:\/\/www.fundacioimpulsa.org\/wp-content\/uploads\/2022\/11\/castella.jpg\" \/>\n\t<meta property=\"og:image:width\" content=\"1600\" \/>\n\t<meta property=\"og:image:height\" content=\"900\" \/>\n\t<meta property=\"og:image:type\" content=\"image\/jpeg\" \/>\n<meta name=\"author\" content=\"comunicacio\" \/>\n<meta name=\"twitter:card\" content=\"summary_large_image\" \/>\n<meta name=\"twitter:label1\" content=\"Escrito por\" \/>\n\t<meta name=\"twitter:data1\" content=\"comunicacio\" \/>\n\t<meta name=\"twitter:label2\" content=\"Tiempo de lectura\" \/>\n\t<meta name=\"twitter:data2\" content=\"2 minutos\" \/>\n<script type=\"application\/ld+json\" class=\"yoast-schema-graph\">{\"@context\":\"https:\\\/\\\/schema.org\",\"@graph\":[{\"@type\":\"Article\",\"@id\":\"https:\\\/\\\/www.fundacioimpulsa.org\\\/es\\\/rotary-vic-collabora-amb-la-fundacio-impulsa-a-traves-del-lot-solidari-amb-o-dosona\\\/#article\",\"isPartOf\":{\"@id\":\"https:\\\/\\\/www.fundacioimpulsa.org\\\/es\\\/rotary-vic-collabora-amb-la-fundacio-impulsa-a-traves-del-lot-solidari-amb-o-dosona\\\/\"},\"author\":{\"name\":\"comunicacio\",\"@id\":\"https:\\\/\\\/www.fundacioimpulsa.org\\\/es\\\/#\\\/schema\\\/person\\\/8e5d127d58d49b0b3a374d763db6672b\"},\"headline\":\"Rotary Vic colabora con la Fundaci\u00f3n Impulsa a trav\u00e9s del lote solidario &#8216;Con O de Osona&#8217;\",\"datePublished\":\"2022-11-08T18:10:03+00:00\",\"dateModified\":\"2022-12-27T10:40:36+00:00\",\"mainEntityOfPage\":{\"@id\":\"https:\\\/\\\/www.fundacioimpulsa.org\\\/es\\\/rotary-vic-collabora-amb-la-fundacio-impulsa-a-traves-del-lot-solidari-amb-o-dosona\\\/\"},\"wordCount\":386,\"image\":{\"@id\":\"https:\\\/\\\/www.fundacioimpulsa.org\\\/es\\\/rotary-vic-collabora-amb-la-fundacio-impulsa-a-traves-del-lot-solidari-amb-o-dosona\\\/#primaryimage\"},\"thumbnailUrl\":\"https:\\\/\\\/www.fundacioimpulsa.org\\\/wp-content\\\/uploads\\\/2022\\\/11\\\/castella.jpg\",\"keywords\":[\"#OrganizacionesImpulsoras\"],\"articleSection\":[\"Noticias\"],\"inLanguage\":\"es\"},{\"@type\":\"WebPage\",\"@id\":\"https:\\\/\\\/www.fundacioimpulsa.org\\\/es\\\/rotary-vic-collabora-amb-la-fundacio-impulsa-a-traves-del-lot-solidari-amb-o-dosona\\\/\",\"url\":\"https:\\\/\\\/www.fundacioimpulsa.org\\\/es\\\/rotary-vic-collabora-amb-la-fundacio-impulsa-a-traves-del-lot-solidari-amb-o-dosona\\\/\",\"name\":\"Rotary Vic colabora con la Fundaci\u00f3n Impulsa a trav\u00e9s del lote solidario 'Con O de Osona' - Fundacio Impulsa\",\"isPartOf\":{\"@id\":\"https:\\\/\\\/www.fundacioimpulsa.org\\\/es\\\/#website\"},\"primaryImageOfPage\":{\"@id\":\"https:\\\/\\\/www.fundacioimpulsa.org\\\/es\\\/rotary-vic-collabora-amb-la-fundacio-impulsa-a-traves-del-lot-solidari-amb-o-dosona\\\/#primaryimage\"},\"image\":{\"@id\":\"https:\\\/\\\/www.fundacioimpulsa.org\\\/es\\\/rotary-vic-collabora-amb-la-fundacio-impulsa-a-traves-del-lot-solidari-amb-o-dosona\\\/#primaryimage\"},\"thumbnailUrl\":\"https:\\\/\\\/www.fundacioimpulsa.org\\\/wp-content\\\/uploads\\\/2022\\\/11\\\/castella.jpg\",\"datePublished\":\"2022-11-08T18:10:03+00:00\",\"dateModified\":\"2022-12-27T10:40:36+00:00\",\"author\":{\"@id\":\"https:\\\/\\\/www.fundacioimpulsa.org\\\/es\\\/#\\\/schema\\\/person\\\/8e5d127d58d49b0b3a374d763db6672b\"},\"breadcrumb\":{\"@id\":\"https:\\\/\\\/www.fundacioimpulsa.org\\\/es\\\/rotary-vic-collabora-amb-la-fundacio-impulsa-a-traves-del-lot-solidari-amb-o-dosona\\\/#breadcrumb\"},\"inLanguage\":\"es\",\"potentialAction\":[{\"@type\":\"ReadAction\",\"target\":[\"https:\\\/\\\/www.fundacioimpulsa.org\\\/es\\\/rotary-vic-collabora-amb-la-fundacio-impulsa-a-traves-del-lot-solidari-amb-o-dosona\\\/\"]}]},{\"@type\":\"ImageObject\",\"inLanguage\":\"es\",\"@id\":\"https:\\\/\\\/www.fundacioimpulsa.org\\\/es\\\/rotary-vic-collabora-amb-la-fundacio-impulsa-a-traves-del-lot-solidari-amb-o-dosona\\\/#primaryimage\",\"url\":\"https:\\\/\\\/www.fundacioimpulsa.org\\\/wp-content\\\/uploads\\\/2022\\\/11\\\/castella.jpg\",\"contentUrl\":\"https:\\\/\\\/www.fundacioimpulsa.org\\\/wp-content\\\/uploads\\\/2022\\\/11\\\/castella.jpg\",\"width\":1600,\"height\":900},{\"@type\":\"BreadcrumbList\",\"@id\":\"https:\\\/\\\/www.fundacioimpulsa.org\\\/es\\\/rotary-vic-collabora-amb-la-fundacio-impulsa-a-traves-del-lot-solidari-amb-o-dosona\\\/#breadcrumb\",\"itemListElement\":[{\"@type\":\"ListItem\",\"position\":1,\"name\":\"Inici\",\"item\":\"https:\\\/\\\/www.fundacioimpulsa.org\\\/es\\\/fundacio-impulsa\\\/\"},{\"@type\":\"ListItem\",\"position\":2,\"name\":\"Rotary Vic colabora con la Fundaci\u00f3n Impulsa a trav\u00e9s del lote solidario &#8216;Con O de Osona&#8217;\"}]},{\"@type\":\"WebSite\",\"@id\":\"https:\\\/\\\/www.fundacioimpulsa.org\\\/es\\\/#website\",\"url\":\"https:\\\/\\\/www.fundacioimpulsa.org\\\/es\\\/\",\"name\":\"Fundacio Impulsa\",\"description\":\"\",\"potentialAction\":[{\"@type\":\"SearchAction\",\"target\":{\"@type\":\"EntryPoint\",\"urlTemplate\":\"https:\\\/\\\/www.fundacioimpulsa.org\\\/es\\\/?s={search_term_string}\"},\"query-input\":{\"@type\":\"PropertyValueSpecification\",\"valueRequired\":true,\"valueName\":\"search_term_string\"}}],\"inLanguage\":\"es\"},{\"@type\":\"Person\",\"@id\":\"https:\\\/\\\/www.fundacioimpulsa.org\\\/es\\\/#\\\/schema\\\/person\\\/8e5d127d58d49b0b3a374d763db6672b\",\"name\":\"comunicacio\",\"image\":{\"@type\":\"ImageObject\",\"inLanguage\":\"es\",\"@id\":\"https:\\\/\\\/secure.gravatar.com\\\/avatar\\\/179d9804721934af904d6831ff1a982684d2987826415ba17246a2fefb582344?s=96&d=mm&r=g\",\"url\":\"https:\\\/\\\/secure.gravatar.com\\\/avatar\\\/179d9804721934af904d6831ff1a982684d2987826415ba17246a2fefb582344?s=96&d=mm&r=g\",\"contentUrl\":\"https:\\\/\\\/secure.gravatar.com\\\/avatar\\\/179d9804721934af904d6831ff1a982684d2987826415ba17246a2fefb582344?s=96&d=mm&r=g\",\"caption\":\"comunicacio\"},\"url\":\"https:\\\/\\\/www.fundacioimpulsa.org\\\/es\\\/author\\\/comunicacio\\\/\"}]}<\/script>\n<!-- \/ Yoast SEO plugin. -->","yoast_head_json":{"title":"Rotary Vic colabora con la Fundaci\u00f3n Impulsa a trav\u00e9s del lote solidario 'Con O de Osona' - Fundacio Impulsa","robots":{"index":"index","follow":"follow","max-snippet":"max-snippet:-1","max-image-preview":"max-image-preview:large","max-video-preview":"max-video-preview:-1"},"canonical":"https:\/\/www.fundacioimpulsa.org\/es\/rotary-vic-collabora-amb-la-fundacio-impulsa-a-traves-del-lot-solidari-amb-o-dosona\/","og_locale":"es_ES","og_type":"article","og_title":"Rotary Vic colabora con la Fundaci\u00f3n Impulsa a trav\u00e9s del lote solidario 'Con O de Osona' - Fundacio Impulsa","og_description":"La entidad de Osona Rotary Vic pone a la venta el lote solidario y cultural &#8216;Con O de Osona&#8217; con el objetivo de hacer que la cultura gastron\u00f3mica local contribuya al beneficio social. Con esta voluntad, 3\u20ac de los 53\u20ac que vale el lote, se destinar\u00e1n a la Fundaci\u00f3n Impulsa. \u00a0 Desde la Fundaci\u00f3n Impulsa [&hellip;]","og_url":"https:\/\/www.fundacioimpulsa.org\/es\/rotary-vic-collabora-amb-la-fundacio-impulsa-a-traves-del-lot-solidari-amb-o-dosona\/","og_site_name":"Fundacio Impulsa","article_published_time":"2022-11-08T18:10:03+00:00","article_modified_time":"2022-12-27T10:40:36+00:00","og_image":[{"width":1600,"height":900,"url":"https:\/\/www.fundacioimpulsa.org\/wp-content\/uploads\/2022\/11\/castella.jpg","type":"image\/jpeg"}],"author":"comunicacio","twitter_card":"summary_large_image","twitter_misc":{"Escrito por":"comunicacio","Tiempo de lectura":"2 minutos"},"schema":{"@context":"https:\/\/schema.org","@graph":[{"@type":"Article","@id":"https:\/\/www.fundacioimpulsa.org\/es\/rotary-vic-collabora-amb-la-fundacio-impulsa-a-traves-del-lot-solidari-amb-o-dosona\/#article","isPartOf":{"@id":"https:\/\/www.fundacioimpulsa.org\/es\/rotary-vic-collabora-amb-la-fundacio-impulsa-a-traves-del-lot-solidari-amb-o-dosona\/"},"author":{"name":"comunicacio","@id":"https:\/\/www.fundacioimpulsa.org\/es\/#\/schema\/person\/8e5d127d58d49b0b3a374d763db6672b"},"headline":"Rotary Vic colabora con la Fundaci\u00f3n Impulsa a trav\u00e9s del lote solidario &#8216;Con O de Osona&#8217;","datePublished":"2022-11-08T18:10:03+00:00","dateModified":"2022-12-27T10:40:36+00:00","mainEntityOfPage":{"@id":"https:\/\/www.fundacioimpulsa.org\/es\/rotary-vic-collabora-amb-la-fundacio-impulsa-a-traves-del-lot-solidari-amb-o-dosona\/"},"wordCount":386,"image":{"@id":"https:\/\/www.fundacioimpulsa.org\/es\/rotary-vic-collabora-amb-la-fundacio-impulsa-a-traves-del-lot-solidari-amb-o-dosona\/#primaryimage"},"thumbnailUrl":"https:\/\/www.fundacioimpulsa.org\/wp-content\/uploads\/2022\/11\/castella.jpg","keywords":["#OrganizacionesImpulsoras"],"articleSection":["Noticias"],"inLanguage":"es"},{"@type":"WebPage","@id":"https:\/\/www.fundacioimpulsa.org\/es\/rotary-vic-collabora-amb-la-fundacio-impulsa-a-traves-del-lot-solidari-amb-o-dosona\/","url":"https:\/\/www.fundacioimpulsa.org\/es\/rotary-vic-collabora-amb-la-fundacio-impulsa-a-traves-del-lot-solidari-amb-o-dosona\/","name":"Rotary Vic colabora con la Fundaci\u00f3n Impulsa a trav\u00e9s del lote solidario 'Con O de Osona' - Fundacio Impulsa","isPartOf":{"@id":"https:\/\/www.fundacioimpulsa.org\/es\/#website"},"primaryImageOfPage":{"@id":"https:\/\/www.fundacioimpulsa.org\/es\/rotary-vic-collabora-amb-la-fundacio-impulsa-a-traves-del-lot-solidari-amb-o-dosona\/#primaryimage"},"image":{"@id":"https:\/\/www.fundacioimpulsa.org\/es\/rotary-vic-collabora-amb-la-fundacio-impulsa-a-traves-del-lot-solidari-amb-o-dosona\/#primaryimage"},"thumbnailUrl":"https:\/\/www.fundacioimpulsa.org\/wp-content\/uploads\/2022\/11\/castella.jpg","datePublished":"2022-11-08T18:10:03+00:00","dateModified":"2022-12-27T10:40:36+00:00","author":{"@id":"https:\/\/www.fundacioimpulsa.org\/es\/#\/schema\/person\/8e5d127d58d49b0b3a374d763db6672b"},"breadcrumb":{"@id":"https:\/\/www.fundacioimpulsa.org\/es\/rotary-vic-collabora-amb-la-fundacio-impulsa-a-traves-del-lot-solidari-amb-o-dosona\/#breadcrumb"},"inLanguage":"es","potentialAction":[{"@type":"ReadAction","target":["https:\/\/www.fundacioimpulsa.org\/es\/rotary-vic-collabora-amb-la-fundacio-impulsa-a-traves-del-lot-solidari-amb-o-dosona\/"]}]},{"@type":"ImageObject","inLanguage":"es","@id":"https:\/\/www.fundacioimpulsa.org\/es\/rotary-vic-collabora-amb-la-fundacio-impulsa-a-traves-del-lot-solidari-amb-o-dosona\/#primaryimage","url":"https:\/\/www.fundacioimpulsa.org\/wp-content\/uploads\/2022\/11\/castella.jpg","contentUrl":"https:\/\/www.fundacioimpulsa.org\/wp-content\/uploads\/2022\/11\/castella.jpg","width":1600,"height":900},{"@type":"BreadcrumbList","@id":"https:\/\/www.fundacioimpulsa.org\/es\/rotary-vic-collabora-amb-la-fundacio-impulsa-a-traves-del-lot-solidari-amb-o-dosona\/#breadcrumb","itemListElement":[{"@type":"ListItem","position":1,"name":"Inici","item":"https:\/\/www.fundacioimpulsa.org\/es\/fundacio-impulsa\/"},{"@type":"ListItem","position":2,"name":"Rotary Vic colabora con la Fundaci\u00f3n Impulsa a trav\u00e9s del lote solidario &#8216;Con O de Osona&#8217;"}]},{"@type":"WebSite","@id":"https:\/\/www.fundacioimpulsa.org\/es\/#website","url":"https:\/\/www.fundacioimpulsa.org\/es\/","name":"Fundacio Impulsa","description":"","potentialAction":[{"@type":"SearchAction","target":{"@type":"EntryPoint","urlTemplate":"https:\/\/www.fundacioimpulsa.org\/es\/?s={search_term_string}"},"query-input":{"@type":"PropertyValueSpecification","valueRequired":true,"valueName":"search_term_string"}}],"inLanguage":"es"},{"@type":"Person","@id":"https:\/\/www.fundacioimpulsa.org\/es\/#\/schema\/person\/8e5d127d58d49b0b3a374d763db6672b","name":"comunicacio","image":{"@type":"ImageObject","inLanguage":"es","@id":"https:\/\/secure.gravatar.com\/avatar\/179d9804721934af904d6831ff1a982684d2987826415ba17246a2fefb582344?s=96&d=mm&r=g","url":"https:\/\/secure.gravatar.com\/avatar\/179d9804721934af904d6831ff1a982684d2987826415ba17246a2fefb582344?s=96&d=mm&r=g","contentUrl":"https:\/\/secure.gravatar.com\/avatar\/179d9804721934af904d6831ff1a982684d2987826415ba17246a2fefb582344?s=96&d=mm&r=g","caption":"comunicacio"},"url":"https:\/\/www.fundacioimpulsa.org\/es\/author\/comunicacio\/"}]}},"publishpress_future_action":{"enabled":false,"date":"2026-05-05 01:39:15","action":"change-status","newStatus":"draft","terms":[],"taxonomy":"category","extraData":[]},"publishpress_future_workflow_manual_trigger":{"enabledWorkflows":[]},"_links":{"self":[{"href":"https:\/\/www.fundacioimpulsa.org\/es\/wp-json\/wp\/v2\/posts\/7632","targetHints":{"allow":["GET"]}}],"collection":[{"href":"https:\/\/www.fundacioimpulsa.org\/es\/wp-json\/wp\/v2\/posts"}],"about":[{"href":"https:\/\/www.fundacioimpulsa.org\/es\/wp-json\/wp\/v2\/types\/post"}],"author":[{"embeddable":true,"href":"https:\/\/www.fundacioimpulsa.org\/es\/wp-json\/wp\/v2\/users\/6"}],"replies":[{"embeddable":true,"href":"https:\/\/www.fundacioimpulsa.org\/es\/wp-json\/wp\/v2\/comments?post=7632"}],"version-history":[{"count":6,"href":"https:\/\/www.fundacioimpulsa.org\/es\/wp-json\/wp\/v2\/posts\/7632\/revisions"}],"predecessor-version":[{"id":7634,"href":"https:\/\/www.fundacioimpulsa.org\/es\/wp-json\/wp\/v2\/posts\/7632\/revisions\/7634"}],"wp:featuredmedia":[{"embeddable":true,"href":"https:\/\/www.fundacioimpulsa.org\/es\/wp-json\/wp\/v2\/media\/7635"}],"wp:attachment":[{"href":"https:\/\/www.fundacioimpulsa.org\/es\/wp-json\/wp\/v2\/media?parent=7632"}],"wp:term":[{"taxonomy":"category","embeddable":true,"href":"https:\/\/www.fundacioimpulsa.org\/es\/wp-json\/wp\/v2\/categories?post=7632"},{"taxonomy":"post_tag","embeddable":true,"href":"https:\/\/www.fundacioimpulsa.org\/es\/wp-json\/wp\/v2\/tags?post=7632"}],"curies":[{"name":"wp","href":"https:\/\/api.w.org\/{rel}","templated":true}]}}