{"id":7667,"date":"2022-11-11T15:14:50","date_gmt":"2022-11-11T14:14:50","guid":{"rendered":"https:\/\/www.fundacioimpulsa.org\/?p=7667"},"modified":"2022-12-27T11:40:28","modified_gmt":"2022-12-27T10:40:28","slug":"penso-que-el-pais-sencer-hauria-de-treballar-en-la-linia-de-la-fundacio-impulsa","status":"publish","type":"post","link":"https:\/\/www.fundacioimpulsa.org\/es\/penso-que-el-pais-sencer-hauria-de-treballar-en-la-linia-de-la-fundacio-impulsa\/","title":{"rendered":"\u00abPienso que el pa\u00eds entero deber\u00eda trabajar en la l\u00ednea de la Fundaci\u00f3n Impulsa\u00bb"},"content":{"rendered":"<h6><img loading=\"lazy\" decoding=\"async\" class=\"alignnone wp-image-7661\" src=\"https:\/\/www.fundacioimpulsa.org\/wp-content\/uploads\/2022\/11\/web15-300x192.jpg\" alt=\"\" width=\"728\" height=\"466\" srcset=\"https:\/\/www.fundacioimpulsa.org\/wp-content\/uploads\/2022\/11\/web15-300x192.jpg 300w, https:\/\/www.fundacioimpulsa.org\/wp-content\/uploads\/2022\/11\/web15-1030x658.jpg 1030w, https:\/\/www.fundacioimpulsa.org\/wp-content\/uploads\/2022\/11\/web15-768x491.jpg 768w, https:\/\/www.fundacioimpulsa.org\/wp-content\/uploads\/2022\/11\/web15-705x450.jpg 705w, https:\/\/www.fundacioimpulsa.org\/wp-content\/uploads\/2022\/11\/web15-830x530.jpg 830w, https:\/\/www.fundacioimpulsa.org\/wp-content\/uploads\/2022\/11\/web15-315x201.jpg 315w, https:\/\/www.fundacioimpulsa.org\/wp-content\/uploads\/2022\/11\/web15.jpg 1080w\" sizes=\"auto, (max-width: 728px) 100vw, 728px\" \/><\/h6>\n<p><a href=\"https:\/\/www.fundacioimpulsa.org\/he-vist-com-mafesa-passava-de-ser-un-magatzem-dacers-a-convertir-se-en-una-empresa-de-serveis-metallurgics-amb-valor-afegit\/\"><span data-contrast=\"none\">#ProtagonistaImpulsa <\/span><\/a><a href=\"#\"><span data-contrast=\"none\">#Bages<\/span><\/a><span data-ccp-props=\"{&quot;201341983&quot;:0,&quot;335551550&quot;:6,&quot;335551620&quot;:6,&quot;335559739&quot;:160,&quot;335559740&quot;:276}\">\u00a0<\/span><\/p>\n<p><strong>Imma Riba es Embajadora de la Fundaci\u00f3n Impulsa en el Bages y consejera delegada de la constructora Viscola, una empresa familiar con sesenta a\u00f1os de trayectoria, de los cuales Riba lleva treinta y seis trabajando. Graduada en Relaciones Laborales por la Universidad de Barcelona, explica que su paso previo por estudios de formaci\u00f3n profesional (FP) fue la mejor decisi\u00f3n de su vida.\u00a0<\/strong><\/p>\n<ul>\n<li aria-level=\"5\">\n<h5>\u00a0\u00bfPor qu\u00e9 ves en la FP que cursaste una decisi\u00f3n tan acertada?<\/h5>\n<\/li>\n<\/ul>\n<p><span data-contrast=\"none\">El hecho de <\/span><strong>estudiar FP<\/strong> <span data-contrast=\"none\">en Administraci\u00f3n <\/span><strong>me permiti\u00f3 trabajar tres a\u00f1os en una gestor\u00eda<\/strong> <span data-contrast=\"none\">y esto <\/span><strong>me hizo crecer profesional y personalmente<\/strong><span data-contrast=\"none\"><strong>.<\/strong> Siempre he pensado que estoy donde estoy gracias a esos tres a\u00f1os, porque confiaron en m\u00ed d\u00e1ndome mucha responsabilidad. Aunque esto al principio me asust\u00f3, me hizo espabilar.<\/span><span data-ccp-props=\"{&quot;201341983&quot;:0,&quot;335551550&quot;:6,&quot;335551620&quot;:6,&quot;335559739&quot;:160,&quot;335559740&quot;:360}\">\u00a0<\/span><\/p>\n<blockquote><p>\u201cEstoy donde estoy [&#8230;] porque confiaron en m\u00ed d\u00e1ndome mucha responsabilidad. Aunque esto al principio me asust\u00f3, me hizo espabilar\u201d<\/p><\/blockquote>\n<ul>\n<li data-leveltext=\"-\" data-font=\"Raleway\" data-listid=\"1\" data-list-defn-props=\"{&quot;335552541&quot;:1,&quot;335559683&quot;:0,&quot;335559684&quot;:-2,&quot;335559685&quot;:720,&quot;335559991&quot;:360,&quot;469769226&quot;:&quot;Raleway&quot;,&quot;469769242&quot;:[8226],&quot;469777803&quot;:&quot;left&quot;,&quot;469777804&quot;:&quot;-&quot;,&quot;469777815&quot;:&quot;hybridMultilevel&quot;}\" aria-setsize=\"-1\" data-aria-posinset=\"1\" data-aria-level=\"1\">\n<h5><strong>A pesar de tener trabajo y formaci\u00f3n, quisiste continuar estudiando.\u00a0<\/strong><\/h5>\n<\/li>\n<\/ul>\n<p><span data-contrast=\"none\">S\u00ed, <\/span><strong>cuando termin\u00e9 la FP fui a Barcelona a estudiar Relaciones Laborales<\/strong><span data-contrast=\"none\">. Como en la empresa familiar hab\u00eda trabajo, durante la semana tambi\u00e9n deb\u00eda ayudarles y <\/span><strong>los fines de semana me los pasaba estudiando para compaginarlo con el trabajo.<\/strong> <span data-contrast=\"none\">En los dos \u00faltimos a\u00f1os de universidad, tuve la suerte de que una compa\u00f1era me pasaba apuntes y me grababa las clases, y as\u00ed no deb\u00eda bajar todos los d\u00edas a Barcelona. <\/span><strong>Tuve que esforzarme para poder compaginarlo todo, pero no lo viv\u00ed con estr\u00e9s sino como una superaci\u00f3n personal.\u00a0<\/strong><\/p>\n<ul>\n<li data-leveltext=\"-\" data-font=\"Raleway\" data-listid=\"1\" data-list-defn-props=\"{&quot;335552541&quot;:1,&quot;335559683&quot;:0,&quot;335559684&quot;:-2,&quot;335559685&quot;:720,&quot;335559991&quot;:360,&quot;469769226&quot;:&quot;Raleway&quot;,&quot;469769242&quot;:[8226],&quot;469777803&quot;:&quot;left&quot;,&quot;469777804&quot;:&quot;-&quot;,&quot;469777815&quot;:&quot;hybridMultilevel&quot;}\" aria-setsize=\"-1\" data-aria-posinset=\"2\" data-aria-level=\"1\">\n<h5><strong>De la carrera a la empresa familiar. \u00bfC\u00f3mo lo viviste?\u00a0<\/strong><\/h5>\n<\/li>\n<\/ul>\n<p><span data-contrast=\"none\">Yo no ten\u00eda que tomar el relevo en la empresa familiar, pero mi hermano muri\u00f3 repentinamente en un accidente y decid\u00ed quedarme junto a <\/span><strong>mi padre. Hicimos un buen equipo durante a\u00f1os<\/strong><span data-contrast=\"none\">; \u00e9l era una persona decidida, valiente, trabajador y muy extrovertido, lo que compensaba mi visi\u00f3n m\u00e1s prudente e introvertida. Poco a poco me fue cediendo el relevo: <\/span><strong>al principio estaba asustada porque no quer\u00eda defraudarle<\/strong><b><span data-contrast=\"none\">, <\/span><\/b><span data-contrast=\"none\">pero con el tiempo <\/span><strong>me di cuenta de que pod\u00eda<\/strong> <span data-contrast=\"none\">salir adelante. A veces las circunstancias te llevan a tomar decisiones y en ese caso fue as\u00ed.<\/span><span data-ccp-props=\"{&quot;201341983&quot;:0,&quot;335551550&quot;:6,&quot;335551620&quot;:6,&quot;335559739&quot;:160,&quot;335559740&quot;:360}\">\u00a0<\/span><\/p>\n<ul>\n<li data-leveltext=\"-\" data-font=\"Raleway\" data-listid=\"1\" data-list-defn-props=\"{&quot;335552541&quot;:1,&quot;335559683&quot;:0,&quot;335559684&quot;:-2,&quot;335559685&quot;:720,&quot;335559991&quot;:360,&quot;469769226&quot;:&quot;Raleway&quot;,&quot;469769242&quot;:[8226],&quot;469777803&quot;:&quot;left&quot;,&quot;469777804&quot;:&quot;-&quot;,&quot;469777815&quot;:&quot;hybridMultilevel&quot;}\" aria-setsize=\"-1\" data-aria-posinset=\"3\" data-aria-level=\"1\">\n<h5><strong>Un reto personal y profesional, una mujer empresaria en el mundo de la construcci\u00f3n. \u00bfHa sido dif\u00edcil?\u00a0<\/strong><\/h5>\n<\/li>\n<\/ul>\n<p><span data-contrast=\"none\">Debo decir que <\/span><strong>siempre me he sentido respetada, pero<\/strong> <span data-contrast=\"none\">s\u00ed que es verdad que, sobre todo <\/span><strong>en el entorno m\u00e1s directo, me daba cuenta de que no ten\u00eda la misma autoridad que mi padre<\/strong><span data-contrast=\"none\">. Por suerte, con el tiempo esto ha ido cambiando y creo que los medios de comunicaci\u00f3n tambi\u00e9n han jugado un papel importante. <\/span><strong>Aunque es un mundo de hombres<\/strong> <span data-contrast=\"none\">(en la empresa hasta hace cinco a\u00f1os \u00e9ramos solo dos mujeres), <\/span><strong>me siento bien dirigiendo.<\/strong> <span data-contrast=\"none\">Pienso que, si en los puestos de decisi\u00f3n hubiera m\u00e1s mujeres, su visi\u00f3n enriquecer\u00eda las tomas de decisiones.<\/span><span data-ccp-props=\"{&quot;201341983&quot;:0,&quot;335551550&quot;:6,&quot;335551620&quot;:6,&quot;335559739&quot;:160,&quot;335559740&quot;:360}\">\u00a0<\/span><\/p>\n<blockquote><p>\u00abPienso que si en los puestos de decisi\u00f3n hubiera m\u00e1s mujeres, su visi\u00f3n enriquecer\u00eda las tomas de decisiones\u00bb<\/p><\/blockquote>\n<ul>\n<li data-leveltext=\"-\" data-font=\"Raleway\" data-listid=\"1\" data-list-defn-props=\"{&quot;335552541&quot;:1,&quot;335559683&quot;:0,&quot;335559684&quot;:-2,&quot;335559685&quot;:720,&quot;335559991&quot;:360,&quot;469769226&quot;:&quot;Raleway&quot;,&quot;469769242&quot;:[8226],&quot;469777803&quot;:&quot;left&quot;,&quot;469777804&quot;:&quot;-&quot;,&quot;469777815&quot;:&quot;hybridMultilevel&quot;}\" aria-setsize=\"-1\" data-aria-posinset=\"4\" data-aria-level=\"1\">\n<h5><strong>\u00bfQu\u00e9 piensas del techo de cristal de las mujeres?\u00a0<\/strong><\/h5>\n<\/li>\n<\/ul>\n<p><span data-contrast=\"none\">En mi caso, creo que lo he tenido m\u00e1s f\u00e1cil, porque ha sido una sucesi\u00f3n directa en la empresa familiar. <\/span><strong>Es esencial tener pol\u00edticas de g\u00e9nero realistas<\/strong><span data-contrast=\"none\">; a nadie le gusta conseguir las cosas solo por el mero hecho de ser mujer.<\/span><span data-ccp-props=\"{&quot;201341983&quot;:0,&quot;335551550&quot;:0,&quot;335551620&quot;:0,&quot;335559739&quot;:160,&quot;335559740&quot;:360}\">\u00a0<\/span><\/p>\n<p><img loading=\"lazy\" decoding=\"async\" class=\"alignnone wp-image-7665\" src=\"https:\/\/www.fundacioimpulsa.org\/wp-content\/uploads\/2022\/11\/Viscola-300x169.png\" alt=\"\" width=\"724\" height=\"408\" srcset=\"https:\/\/www.fundacioimpulsa.org\/wp-content\/uploads\/2022\/11\/Viscola-300x169.png 300w, https:\/\/www.fundacioimpulsa.org\/wp-content\/uploads\/2022\/11\/Viscola-705x396.png 705w, https:\/\/www.fundacioimpulsa.org\/wp-content\/uploads\/2022\/11\/Viscola-315x177.png 315w, https:\/\/www.fundacioimpulsa.org\/wp-content\/uploads\/2022\/11\/Viscola.png 717w\" sizes=\"auto, (max-width: 724px) 100vw, 724px\" \/><\/p>\n<ul>\n<li data-leveltext=\"-\" data-font=\"Raleway\" data-listid=\"1\" data-list-defn-props=\"{&quot;335552541&quot;:1,&quot;335559683&quot;:0,&quot;335559684&quot;:-2,&quot;335559685&quot;:720,&quot;335559991&quot;:360,&quot;469769226&quot;:&quot;Raleway&quot;,&quot;469769242&quot;:[8226],&quot;469777803&quot;:&quot;left&quot;,&quot;469777804&quot;:&quot;-&quot;,&quot;469777815&quot;:&quot;hybridMultilevel&quot;}\" aria-setsize=\"-1\" data-aria-posinset=\"5\" data-aria-level=\"1\">\n<h5>\u00bfEn qu\u00e9 momento se encuentra el sector de la construcci\u00f3n?<\/h5>\n<\/li>\n<\/ul>\n<p><span data-contrast=\"none\">Como todo, hoy en d\u00eda se encuentra en un momento delicado por la subida de precios que est\u00e1 afectando a todos los sectores productivos. <\/span><strong>Necesitamos a las personas j\u00f3venes para ver c\u00f3mo le damos la vuelta al negocio, aportar valor diferencial y encontrar nuevas f\u00f3rmulas.\u00a0<\/strong><\/p>\n<ul>\n<li data-leveltext=\"-\" data-font=\"Raleway\" data-listid=\"1\" data-list-defn-props=\"{&quot;335552541&quot;:1,&quot;335559683&quot;:0,&quot;335559684&quot;:-2,&quot;335559685&quot;:720,&quot;335559991&quot;:360,&quot;469769226&quot;:&quot;Raleway&quot;,&quot;469769242&quot;:[8226],&quot;469777803&quot;:&quot;left&quot;,&quot;469777804&quot;:&quot;-&quot;,&quot;469777815&quot;:&quot;hybridMultilevel&quot;}\" aria-setsize=\"-1\" data-aria-posinset=\"6\" data-aria-level=\"1\">\n<h5><strong>\u00bfCrees que las personas j\u00f3venes tienen estas f\u00f3rmulas?\u00a0<\/strong><\/h5>\n<\/li>\n<\/ul>\n<p><span data-contrast=\"none\">Lo que veo es que <\/span><strong>no est\u00e1n tan encorsetadas en lo que hemos hecho hasta ahora<\/strong><span data-contrast=\"none\">. Se ilusionan viendo en la novedad oportunidades donde nosotros como empresa vemos problemas que nos suponen salir de donde nos sentimos m\u00e1s seguros. Esta visi\u00f3n es muy enriquecedora.<\/span><span data-ccp-props=\"{&quot;201341983&quot;:0,&quot;335551550&quot;:6,&quot;335551620&quot;:6,&quot;335559739&quot;:160,&quot;335559740&quot;:360}\">\u00a0<\/span><\/p>\n<blockquote><p>\u201c[Los j\u00f3venes] se ilusionan viendo en la novedad oportunidades donde nosotros como empresa vemos problemas que nos supone salir de la zona de confort. Esta visi\u00f3n es muy enriquecedora\u201d<\/p><\/blockquote>\n<ul>\n<li data-leveltext=\"-\" data-font=\"Raleway\" data-listid=\"1\" data-list-defn-props=\"{&quot;335552541&quot;:1,&quot;335559683&quot;:0,&quot;335559684&quot;:-2,&quot;335559685&quot;:720,&quot;335559991&quot;:360,&quot;469769226&quot;:&quot;Raleway&quot;,&quot;469769242&quot;:[8226],&quot;469777803&quot;:&quot;left&quot;,&quot;469777804&quot;:&quot;-&quot;,&quot;469777815&quot;:&quot;hybridMultilevel&quot;}\" aria-setsize=\"-1\" data-aria-posinset=\"7\" data-aria-level=\"1\">\n<h5>\u00bfQu\u00e9 busca y valora Viscola en los trabajadores y trabajadoras?<\/h5>\n<\/li>\n<\/ul>\n<p><span data-contrast=\"none\">Por encima de todo, <\/span><strong>el compromiso. Cuando alguien entra en una organizaci\u00f3n y se compromete, significa que har\u00e1 equipo, trabajar\u00e1 por los objetivos que le marquen e incluso intentar\u00e1 mejorarlos. Y esto va ligado a la fidelidad. Tambi\u00e9n valoramos la formaci\u00f3n.<\/strong> <span data-contrast=\"none\">Por suerte, la juventud tiene mucha y podemos estar contentos del nivel de formaci\u00f3n del pa\u00eds.<\/span><span data-ccp-props=\"{&quot;201341983&quot;:0,&quot;335551550&quot;:6,&quot;335551620&quot;:6,&quot;335559739&quot;:160,&quot;335559740&quot;:360}\">\u00a0<\/span><\/p>\n<ul>\n<li data-leveltext=\"-\" data-font=\"Raleway\" data-listid=\"1\" data-list-defn-props=\"{&quot;335552541&quot;:1,&quot;335559683&quot;:0,&quot;335559684&quot;:-2,&quot;335559685&quot;:720,&quot;335559991&quot;:360,&quot;469769226&quot;:&quot;Raleway&quot;,&quot;469769242&quot;:[8226],&quot;469777803&quot;:&quot;left&quot;,&quot;469777804&quot;:&quot;-&quot;,&quot;469777815&quot;:&quot;hybridMultilevel&quot;}\" aria-setsize=\"-1\" data-aria-posinset=\"8\" data-aria-level=\"1\">\n<h5><strong>Conf\u00edas mucho en las personas j\u00f3venes.\u00a0<\/strong><\/h5>\n<\/li>\n<\/ul>\n<p><span data-contrast=\"none\">S\u00ed, <\/span><strong>son el futuro<\/strong><span data-contrast=\"none\"><strong>.<\/strong> Por lo general, tienen bastante formaci\u00f3n. Lo que les falta es experiencia, porque el t\u00edtulo universitario, desgraciadamente, no suele ir ligado a la formaci\u00f3n en cuanto a conocimientos pr\u00e1cticos; algo que s\u00ed ocurre en el caso de la FP. Esto quita fuerza a los t\u00edtulos universitarios y pienso que <\/span><strong>deber\u00eda apostarse m\u00e1s para que los j\u00f3venes salieran de los estudios con m\u00e1s experiencia pr\u00e1ctica.\u00a0<\/strong><\/p>\n<blockquote><p>\u00abEl t\u00edtulo universitario no suele ir ligado a la formaci\u00f3n en cuanto a conocimientos pr\u00e1cticos; algo que s\u00ed ocurre en el caso de la FP\u00bb<\/p><\/blockquote>\n<ul>\n<li data-leveltext=\"-\" data-font=\"Raleway\" data-listid=\"1\" data-list-defn-props=\"{&quot;335552541&quot;:1,&quot;335559683&quot;:0,&quot;335559684&quot;:-2,&quot;335559685&quot;:720,&quot;335559991&quot;:360,&quot;469769226&quot;:&quot;Raleway&quot;,&quot;469769242&quot;:[8226],&quot;469777803&quot;:&quot;left&quot;,&quot;469777804&quot;:&quot;-&quot;,&quot;469777815&quot;:&quot;hybridMultilevel&quot;}\" aria-setsize=\"-1\" data-aria-posinset=\"9\" data-aria-level=\"1\">\n<h5><strong>\u00bfEs esta apuesta por la juventud la que te llev\u00f3 a ser Embajadora de la Fundaci\u00f3n Impulsa en el Bages?\u00a0<\/strong><\/h5>\n<\/li>\n<\/ul>\n<p><span data-contrast=\"none\">Yo ya hab\u00eda trabajado como voluntaria con personas j\u00f3venes, y en una reuni\u00f3n <\/span><strong>un empresario me habl\u00f3 de la Fundaci\u00f3n Impulsa y me interes\u00e9 por el proyecto.<\/strong> <span data-contrast=\"none\">La entidad <\/span><strong>trabaja para inculcar unos valores a las personas j\u00f3venes que creo que son esenciales tanto en la vida profesional como en la personal<\/strong><span data-contrast=\"none\">: el esfuerzo, la persistencia, el compromiso con uno mismo y con el entorno&#8230; <\/span><strong>Hay muchos j\u00f3venes a los que desde casa no se les puede acompa\u00f1ar econ\u00f3mica o emocionalmente y en la Fundaci\u00f3n Impulsa vi esta oportunidad<\/strong> <span data-contrast=\"none\">para ellos y ellas. Pienso que el pa\u00eds entero deber\u00eda trabajar en la l\u00ednea de la Fundaci\u00f3n Impulsa.<\/span><span data-ccp-props=\"{&quot;201341983&quot;:0,&quot;335551550&quot;:6,&quot;335551620&quot;:6,&quot;335559739&quot;:160,&quot;335559740&quot;:360}\">\u00a0<\/span><\/p>\n<ul>\n<li data-leveltext=\"-\" data-font=\"Raleway\" data-listid=\"1\" data-list-defn-props=\"{&quot;335552541&quot;:1,&quot;335559683&quot;:0,&quot;335559684&quot;:-2,&quot;335559685&quot;:720,&quot;335559991&quot;:360,&quot;469769226&quot;:&quot;Raleway&quot;,&quot;469769242&quot;:[8226],&quot;469777803&quot;:&quot;left&quot;,&quot;469777804&quot;:&quot;-&quot;,&quot;469777815&quot;:&quot;hybridMultilevel&quot;}\" aria-setsize=\"-1\" data-aria-posinset=\"10\" data-aria-level=\"1\"><strong>En una palabra, la Fundaci\u00f3n Impulsa es\u2026\u00a0<\/strong><\/li>\n<\/ul>\n<p><span data-contrast=\"none\">Reto.<\/span><span data-ccp-props=\"{&quot;201341983&quot;:0,&quot;335551550&quot;:0,&quot;335551620&quot;:0,&quot;335559739&quot;:160,&quot;335559740&quot;:276}\">\u00a0<\/span><\/p>\n<p><span data-ccp-props=\"{&quot;201341983&quot;:0,&quot;335551550&quot;:0,&quot;335551620&quot;:0,&quot;335559739&quot;:160,&quot;335559740&quot;:276}\">\u00a0<\/span><\/p>\n<p><span data-ccp-props=\"{&quot;201341983&quot;:0,&quot;335559739&quot;:160,&quot;335559740&quot;:259}\">\u00a0<\/span><\/p>\n<p>&nbsp;<\/p>\n","protected":false},"excerpt":{"rendered":"<p>Imma Riba, consellera delegada de Viscola i Ambaixadora de la Fundaci\u00f3 Impulsa al Bages<\/p>\n","protected":false},"author":6,"featured_media":7661,"comment_status":"closed","ping_status":"closed","sticky":false,"template":"","format":"standard","meta":{"_acf_changed":false,"footnotes":""},"categories":[72,84],"tags":[99],"class_list":["post-7667","post","type-post","status-publish","format-standard","has-post-thumbnail","hentry","category-dia-a-dia-es","category-protagonistas-impulsa","tag-protagonistasimpulsa"],"acf":[],"yoast_head":"<!-- This site is optimized with the Yoast SEO plugin v27.3 - https:\/\/yoast.com\/product\/yoast-seo-wordpress\/ -->\n<title>&quot;Pienso que el pa\u00eds entero deber\u00eda trabajar en la l\u00ednea de la Fundaci\u00f3n Impulsa&quot; - Fundacio Impulsa<\/title>\n<meta name=\"robots\" content=\"index, follow, max-snippet:-1, max-image-preview:large, max-video-preview:-1\" \/>\n<link rel=\"canonical\" href=\"https:\/\/www.fundacioimpulsa.org\/es\/penso-que-el-pais-sencer-hauria-de-treballar-en-la-linia-de-la-fundacio-impulsa\/\" \/>\n<meta property=\"og:locale\" content=\"es_ES\" \/>\n<meta property=\"og:type\" content=\"article\" \/>\n<meta property=\"og:title\" content=\"&quot;Pienso que el pa\u00eds entero deber\u00eda trabajar en la l\u00ednea de la Fundaci\u00f3n Impulsa&quot; - Fundacio Impulsa\" \/>\n<meta property=\"og:description\" content=\"Imma Riba, consellera delegada de Viscola i Ambaixadora de la Fundaci\u00f3 Impulsa al Bages\" \/>\n<meta property=\"og:url\" content=\"https:\/\/www.fundacioimpulsa.org\/es\/penso-que-el-pais-sencer-hauria-de-treballar-en-la-linia-de-la-fundacio-impulsa\/\" \/>\n<meta property=\"og:site_name\" content=\"Fundacio Impulsa\" \/>\n<meta property=\"article:published_time\" content=\"2022-11-11T14:14:50+00:00\" \/>\n<meta property=\"article:modified_time\" content=\"2022-12-27T10:40:28+00:00\" \/>\n<meta property=\"og:image\" content=\"https:\/\/www.fundacioimpulsa.org\/wp-content\/uploads\/2022\/11\/web15.jpg\" \/>\n\t<meta property=\"og:image:width\" content=\"1080\" \/>\n\t<meta property=\"og:image:height\" content=\"690\" \/>\n\t<meta property=\"og:image:type\" content=\"image\/jpeg\" \/>\n<meta name=\"author\" content=\"comunicacio\" \/>\n<meta name=\"twitter:card\" content=\"summary_large_image\" \/>\n<meta name=\"twitter:label1\" content=\"Escrito por\" \/>\n\t<meta name=\"twitter:data1\" content=\"comunicacio\" \/>\n\t<meta name=\"twitter:label2\" content=\"Tiempo de lectura\" \/>\n\t<meta name=\"twitter:data2\" content=\"5 minutos\" \/>\n<script type=\"application\/ld+json\" class=\"yoast-schema-graph\">{\"@context\":\"https:\\\/\\\/schema.org\",\"@graph\":[{\"@type\":\"Article\",\"@id\":\"https:\\\/\\\/www.fundacioimpulsa.org\\\/es\\\/penso-que-el-pais-sencer-hauria-de-treballar-en-la-linia-de-la-fundacio-impulsa\\\/#article\",\"isPartOf\":{\"@id\":\"https:\\\/\\\/www.fundacioimpulsa.org\\\/es\\\/penso-que-el-pais-sencer-hauria-de-treballar-en-la-linia-de-la-fundacio-impulsa\\\/\"},\"author\":{\"name\":\"comunicacio\",\"@id\":\"https:\\\/\\\/www.fundacioimpulsa.org\\\/es\\\/#\\\/schema\\\/person\\\/8e5d127d58d49b0b3a374d763db6672b\"},\"headline\":\"\u00abPienso que el pa\u00eds entero deber\u00eda trabajar en la l\u00ednea de la Fundaci\u00f3n Impulsa\u00bb\",\"datePublished\":\"2022-11-11T14:14:50+00:00\",\"dateModified\":\"2022-12-27T10:40:28+00:00\",\"mainEntityOfPage\":{\"@id\":\"https:\\\/\\\/www.fundacioimpulsa.org\\\/es\\\/penso-que-el-pais-sencer-hauria-de-treballar-en-la-linia-de-la-fundacio-impulsa\\\/\"},\"wordCount\":1081,\"image\":{\"@id\":\"https:\\\/\\\/www.fundacioimpulsa.org\\\/es\\\/penso-que-el-pais-sencer-hauria-de-treballar-en-la-linia-de-la-fundacio-impulsa\\\/#primaryimage\"},\"thumbnailUrl\":\"https:\\\/\\\/www.fundacioimpulsa.org\\\/wp-content\\\/uploads\\\/2022\\\/11\\\/web15.jpg\",\"keywords\":[\"#ProtagonistasImpulsa\"],\"articleSection\":[\"D\u00eda a D\u00eda\",\"Protagonistas Impulsa\"],\"inLanguage\":\"es\"},{\"@type\":\"WebPage\",\"@id\":\"https:\\\/\\\/www.fundacioimpulsa.org\\\/es\\\/penso-que-el-pais-sencer-hauria-de-treballar-en-la-linia-de-la-fundacio-impulsa\\\/\",\"url\":\"https:\\\/\\\/www.fundacioimpulsa.org\\\/es\\\/penso-que-el-pais-sencer-hauria-de-treballar-en-la-linia-de-la-fundacio-impulsa\\\/\",\"name\":\"\\\"Pienso que el pa\u00eds entero deber\u00eda trabajar en la l\u00ednea de la Fundaci\u00f3n Impulsa\\\" - Fundacio Impulsa\",\"isPartOf\":{\"@id\":\"https:\\\/\\\/www.fundacioimpulsa.org\\\/es\\\/#website\"},\"primaryImageOfPage\":{\"@id\":\"https:\\\/\\\/www.fundacioimpulsa.org\\\/es\\\/penso-que-el-pais-sencer-hauria-de-treballar-en-la-linia-de-la-fundacio-impulsa\\\/#primaryimage\"},\"image\":{\"@id\":\"https:\\\/\\\/www.fundacioimpulsa.org\\\/es\\\/penso-que-el-pais-sencer-hauria-de-treballar-en-la-linia-de-la-fundacio-impulsa\\\/#primaryimage\"},\"thumbnailUrl\":\"https:\\\/\\\/www.fundacioimpulsa.org\\\/wp-content\\\/uploads\\\/2022\\\/11\\\/web15.jpg\",\"datePublished\":\"2022-11-11T14:14:50+00:00\",\"dateModified\":\"2022-12-27T10:40:28+00:00\",\"author\":{\"@id\":\"https:\\\/\\\/www.fundacioimpulsa.org\\\/es\\\/#\\\/schema\\\/person\\\/8e5d127d58d49b0b3a374d763db6672b\"},\"breadcrumb\":{\"@id\":\"https:\\\/\\\/www.fundacioimpulsa.org\\\/es\\\/penso-que-el-pais-sencer-hauria-de-treballar-en-la-linia-de-la-fundacio-impulsa\\\/#breadcrumb\"},\"inLanguage\":\"es\",\"potentialAction\":[{\"@type\":\"ReadAction\",\"target\":[\"https:\\\/\\\/www.fundacioimpulsa.org\\\/es\\\/penso-que-el-pais-sencer-hauria-de-treballar-en-la-linia-de-la-fundacio-impulsa\\\/\"]}]},{\"@type\":\"ImageObject\",\"inLanguage\":\"es\",\"@id\":\"https:\\\/\\\/www.fundacioimpulsa.org\\\/es\\\/penso-que-el-pais-sencer-hauria-de-treballar-en-la-linia-de-la-fundacio-impulsa\\\/#primaryimage\",\"url\":\"https:\\\/\\\/www.fundacioimpulsa.org\\\/wp-content\\\/uploads\\\/2022\\\/11\\\/web15.jpg\",\"contentUrl\":\"https:\\\/\\\/www.fundacioimpulsa.org\\\/wp-content\\\/uploads\\\/2022\\\/11\\\/web15.jpg\",\"width\":1080,\"height\":690},{\"@type\":\"BreadcrumbList\",\"@id\":\"https:\\\/\\\/www.fundacioimpulsa.org\\\/es\\\/penso-que-el-pais-sencer-hauria-de-treballar-en-la-linia-de-la-fundacio-impulsa\\\/#breadcrumb\",\"itemListElement\":[{\"@type\":\"ListItem\",\"position\":1,\"name\":\"Inici\",\"item\":\"https:\\\/\\\/www.fundacioimpulsa.org\\\/es\\\/fundacio-impulsa\\\/\"},{\"@type\":\"ListItem\",\"position\":2,\"name\":\"&#8220;Pienso que el pa\u00eds entero deber\u00eda trabajar en la l\u00ednea de la Fundaci\u00f3n Impulsa&#8221;\"}]},{\"@type\":\"WebSite\",\"@id\":\"https:\\\/\\\/www.fundacioimpulsa.org\\\/es\\\/#website\",\"url\":\"https:\\\/\\\/www.fundacioimpulsa.org\\\/es\\\/\",\"name\":\"Fundacio Impulsa\",\"description\":\"\",\"potentialAction\":[{\"@type\":\"SearchAction\",\"target\":{\"@type\":\"EntryPoint\",\"urlTemplate\":\"https:\\\/\\\/www.fundacioimpulsa.org\\\/es\\\/?s={search_term_string}\"},\"query-input\":{\"@type\":\"PropertyValueSpecification\",\"valueRequired\":true,\"valueName\":\"search_term_string\"}}],\"inLanguage\":\"es\"},{\"@type\":\"Person\",\"@id\":\"https:\\\/\\\/www.fundacioimpulsa.org\\\/es\\\/#\\\/schema\\\/person\\\/8e5d127d58d49b0b3a374d763db6672b\",\"name\":\"comunicacio\",\"image\":{\"@type\":\"ImageObject\",\"inLanguage\":\"es\",\"@id\":\"https:\\\/\\\/secure.gravatar.com\\\/avatar\\\/179d9804721934af904d6831ff1a982684d2987826415ba17246a2fefb582344?s=96&d=mm&r=g\",\"url\":\"https:\\\/\\\/secure.gravatar.com\\\/avatar\\\/179d9804721934af904d6831ff1a982684d2987826415ba17246a2fefb582344?s=96&d=mm&r=g\",\"contentUrl\":\"https:\\\/\\\/secure.gravatar.com\\\/avatar\\\/179d9804721934af904d6831ff1a982684d2987826415ba17246a2fefb582344?s=96&d=mm&r=g\",\"caption\":\"comunicacio\"},\"url\":\"https:\\\/\\\/www.fundacioimpulsa.org\\\/es\\\/author\\\/comunicacio\\\/\"}]}<\/script>\n<!-- \/ Yoast SEO plugin. -->","yoast_head_json":{"title":"\"Pienso que el pa\u00eds entero deber\u00eda trabajar en la l\u00ednea de la Fundaci\u00f3n Impulsa\" - Fundacio Impulsa","robots":{"index":"index","follow":"follow","max-snippet":"max-snippet:-1","max-image-preview":"max-image-preview:large","max-video-preview":"max-video-preview:-1"},"canonical":"https:\/\/www.fundacioimpulsa.org\/es\/penso-que-el-pais-sencer-hauria-de-treballar-en-la-linia-de-la-fundacio-impulsa\/","og_locale":"es_ES","og_type":"article","og_title":"\"Pienso que el pa\u00eds entero deber\u00eda trabajar en la l\u00ednea de la Fundaci\u00f3n Impulsa\" - Fundacio Impulsa","og_description":"Imma Riba, consellera delegada de Viscola i Ambaixadora de la Fundaci\u00f3 Impulsa al Bages","og_url":"https:\/\/www.fundacioimpulsa.org\/es\/penso-que-el-pais-sencer-hauria-de-treballar-en-la-linia-de-la-fundacio-impulsa\/","og_site_name":"Fundacio Impulsa","article_published_time":"2022-11-11T14:14:50+00:00","article_modified_time":"2022-12-27T10:40:28+00:00","og_image":[{"width":1080,"height":690,"url":"https:\/\/www.fundacioimpulsa.org\/wp-content\/uploads\/2022\/11\/web15.jpg","type":"image\/jpeg"}],"author":"comunicacio","twitter_card":"summary_large_image","twitter_misc":{"Escrito por":"comunicacio","Tiempo de lectura":"5 minutos"},"schema":{"@context":"https:\/\/schema.org","@graph":[{"@type":"Article","@id":"https:\/\/www.fundacioimpulsa.org\/es\/penso-que-el-pais-sencer-hauria-de-treballar-en-la-linia-de-la-fundacio-impulsa\/#article","isPartOf":{"@id":"https:\/\/www.fundacioimpulsa.org\/es\/penso-que-el-pais-sencer-hauria-de-treballar-en-la-linia-de-la-fundacio-impulsa\/"},"author":{"name":"comunicacio","@id":"https:\/\/www.fundacioimpulsa.org\/es\/#\/schema\/person\/8e5d127d58d49b0b3a374d763db6672b"},"headline":"\u00abPienso que el pa\u00eds entero deber\u00eda trabajar en la l\u00ednea de la Fundaci\u00f3n Impulsa\u00bb","datePublished":"2022-11-11T14:14:50+00:00","dateModified":"2022-12-27T10:40:28+00:00","mainEntityOfPage":{"@id":"https:\/\/www.fundacioimpulsa.org\/es\/penso-que-el-pais-sencer-hauria-de-treballar-en-la-linia-de-la-fundacio-impulsa\/"},"wordCount":1081,"image":{"@id":"https:\/\/www.fundacioimpulsa.org\/es\/penso-que-el-pais-sencer-hauria-de-treballar-en-la-linia-de-la-fundacio-impulsa\/#primaryimage"},"thumbnailUrl":"https:\/\/www.fundacioimpulsa.org\/wp-content\/uploads\/2022\/11\/web15.jpg","keywords":["#ProtagonistasImpulsa"],"articleSection":["D\u00eda a D\u00eda","Protagonistas Impulsa"],"inLanguage":"es"},{"@type":"WebPage","@id":"https:\/\/www.fundacioimpulsa.org\/es\/penso-que-el-pais-sencer-hauria-de-treballar-en-la-linia-de-la-fundacio-impulsa\/","url":"https:\/\/www.fundacioimpulsa.org\/es\/penso-que-el-pais-sencer-hauria-de-treballar-en-la-linia-de-la-fundacio-impulsa\/","name":"\"Pienso que el pa\u00eds entero deber\u00eda trabajar en la l\u00ednea de la Fundaci\u00f3n Impulsa\" - Fundacio Impulsa","isPartOf":{"@id":"https:\/\/www.fundacioimpulsa.org\/es\/#website"},"primaryImageOfPage":{"@id":"https:\/\/www.fundacioimpulsa.org\/es\/penso-que-el-pais-sencer-hauria-de-treballar-en-la-linia-de-la-fundacio-impulsa\/#primaryimage"},"image":{"@id":"https:\/\/www.fundacioimpulsa.org\/es\/penso-que-el-pais-sencer-hauria-de-treballar-en-la-linia-de-la-fundacio-impulsa\/#primaryimage"},"thumbnailUrl":"https:\/\/www.fundacioimpulsa.org\/wp-content\/uploads\/2022\/11\/web15.jpg","datePublished":"2022-11-11T14:14:50+00:00","dateModified":"2022-12-27T10:40:28+00:00","author":{"@id":"https:\/\/www.fundacioimpulsa.org\/es\/#\/schema\/person\/8e5d127d58d49b0b3a374d763db6672b"},"breadcrumb":{"@id":"https:\/\/www.fundacioimpulsa.org\/es\/penso-que-el-pais-sencer-hauria-de-treballar-en-la-linia-de-la-fundacio-impulsa\/#breadcrumb"},"inLanguage":"es","potentialAction":[{"@type":"ReadAction","target":["https:\/\/www.fundacioimpulsa.org\/es\/penso-que-el-pais-sencer-hauria-de-treballar-en-la-linia-de-la-fundacio-impulsa\/"]}]},{"@type":"ImageObject","inLanguage":"es","@id":"https:\/\/www.fundacioimpulsa.org\/es\/penso-que-el-pais-sencer-hauria-de-treballar-en-la-linia-de-la-fundacio-impulsa\/#primaryimage","url":"https:\/\/www.fundacioimpulsa.org\/wp-content\/uploads\/2022\/11\/web15.jpg","contentUrl":"https:\/\/www.fundacioimpulsa.org\/wp-content\/uploads\/2022\/11\/web15.jpg","width":1080,"height":690},{"@type":"BreadcrumbList","@id":"https:\/\/www.fundacioimpulsa.org\/es\/penso-que-el-pais-sencer-hauria-de-treballar-en-la-linia-de-la-fundacio-impulsa\/#breadcrumb","itemListElement":[{"@type":"ListItem","position":1,"name":"Inici","item":"https:\/\/www.fundacioimpulsa.org\/es\/fundacio-impulsa\/"},{"@type":"ListItem","position":2,"name":"&#8220;Pienso que el pa\u00eds entero deber\u00eda trabajar en la l\u00ednea de la Fundaci\u00f3n Impulsa&#8221;"}]},{"@type":"WebSite","@id":"https:\/\/www.fundacioimpulsa.org\/es\/#website","url":"https:\/\/www.fundacioimpulsa.org\/es\/","name":"Fundacio Impulsa","description":"","potentialAction":[{"@type":"SearchAction","target":{"@type":"EntryPoint","urlTemplate":"https:\/\/www.fundacioimpulsa.org\/es\/?s={search_term_string}"},"query-input":{"@type":"PropertyValueSpecification","valueRequired":true,"valueName":"search_term_string"}}],"inLanguage":"es"},{"@type":"Person","@id":"https:\/\/www.fundacioimpulsa.org\/es\/#\/schema\/person\/8e5d127d58d49b0b3a374d763db6672b","name":"comunicacio","image":{"@type":"ImageObject","inLanguage":"es","@id":"https:\/\/secure.gravatar.com\/avatar\/179d9804721934af904d6831ff1a982684d2987826415ba17246a2fefb582344?s=96&d=mm&r=g","url":"https:\/\/secure.gravatar.com\/avatar\/179d9804721934af904d6831ff1a982684d2987826415ba17246a2fefb582344?s=96&d=mm&r=g","contentUrl":"https:\/\/secure.gravatar.com\/avatar\/179d9804721934af904d6831ff1a982684d2987826415ba17246a2fefb582344?s=96&d=mm&r=g","caption":"comunicacio"},"url":"https:\/\/www.fundacioimpulsa.org\/es\/author\/comunicacio\/"}]}},"publishpress_future_action":{"enabled":false,"date":"2026-05-05 03:30:11","action":"change-status","newStatus":"draft","terms":[],"taxonomy":"category","extraData":[]},"publishpress_future_workflow_manual_trigger":{"enabledWorkflows":[]},"_links":{"self":[{"href":"https:\/\/www.fundacioimpulsa.org\/es\/wp-json\/wp\/v2\/posts\/7667","targetHints":{"allow":["GET"]}}],"collection":[{"href":"https:\/\/www.fundacioimpulsa.org\/es\/wp-json\/wp\/v2\/posts"}],"about":[{"href":"https:\/\/www.fundacioimpulsa.org\/es\/wp-json\/wp\/v2\/types\/post"}],"author":[{"embeddable":true,"href":"https:\/\/www.fundacioimpulsa.org\/es\/wp-json\/wp\/v2\/users\/6"}],"replies":[{"embeddable":true,"href":"https:\/\/www.fundacioimpulsa.org\/es\/wp-json\/wp\/v2\/comments?post=7667"}],"version-history":[{"count":3,"href":"https:\/\/www.fundacioimpulsa.org\/es\/wp-json\/wp\/v2\/posts\/7667\/revisions"}],"predecessor-version":[{"id":7668,"href":"https:\/\/www.fundacioimpulsa.org\/es\/wp-json\/wp\/v2\/posts\/7667\/revisions\/7668"}],"wp:featuredmedia":[{"embeddable":true,"href":"https:\/\/www.fundacioimpulsa.org\/es\/wp-json\/wp\/v2\/media\/7661"}],"wp:attachment":[{"href":"https:\/\/www.fundacioimpulsa.org\/es\/wp-json\/wp\/v2\/media?parent=7667"}],"wp:term":[{"taxonomy":"category","embeddable":true,"href":"https:\/\/www.fundacioimpulsa.org\/es\/wp-json\/wp\/v2\/categories?post=7667"},{"taxonomy":"post_tag","embeddable":true,"href":"https:\/\/www.fundacioimpulsa.org\/es\/wp-json\/wp\/v2\/tags?post=7667"}],"curies":[{"name":"wp","href":"https:\/\/api.w.org\/{rel}","templated":true}]}}