{"id":7922,"date":"2022-12-12T10:48:09","date_gmt":"2022-12-12T09:48:09","guid":{"rendered":"https:\/\/www.fundacioimpulsa.org\/iniciem-una-nova-prestacio-de-servei-en-mentoria-a-la-fundacio-girona-est\/"},"modified":"2022-12-20T22:21:10","modified_gmt":"2022-12-20T21:21:10","slug":"iniciem-una-nova-prestacio-de-servei-en-mentoria-a-la-fundacio-girona-est","status":"publish","type":"post","link":"https:\/\/www.fundacioimpulsa.org\/es\/iniciem-una-nova-prestacio-de-servei-en-mentoria-a-la-fundacio-girona-est\/","title":{"rendered":"Ofrecemos sesiones de acompa\u00f1amiento estrat\u00e9gico en mentor\u00eda a la Fundaci\u00f3n Girona Est"},"content":{"rendered":"<p><span data-contrast=\"none\"><img loading=\"lazy\" decoding=\"async\" class=\"alignnone wp-image-7918\" src=\"https:\/\/www.fundacioimpulsa.org\/wp-content\/uploads\/2022\/12\/WhatsApp-Image-2022-11-25-at-13.56.18-300x225.jpeg\" alt=\"\" width=\"726\" height=\"544\" srcset=\"https:\/\/www.fundacioimpulsa.org\/wp-content\/uploads\/2022\/12\/WhatsApp-Image-2022-11-25-at-13.56.18-300x225.jpeg 300w, https:\/\/www.fundacioimpulsa.org\/wp-content\/uploads\/2022\/12\/WhatsApp-Image-2022-11-25-at-13.56.18-1030x773.jpeg 1030w, https:\/\/www.fundacioimpulsa.org\/wp-content\/uploads\/2022\/12\/WhatsApp-Image-2022-11-25-at-13.56.18-768x576.jpeg 768w, https:\/\/www.fundacioimpulsa.org\/wp-content\/uploads\/2022\/12\/WhatsApp-Image-2022-11-25-at-13.56.18-1536x1152.jpeg 1536w, https:\/\/www.fundacioimpulsa.org\/wp-content\/uploads\/2022\/12\/WhatsApp-Image-2022-11-25-at-13.56.18-1500x1125.jpeg 1500w, https:\/\/www.fundacioimpulsa.org\/wp-content\/uploads\/2022\/12\/WhatsApp-Image-2022-11-25-at-13.56.18-705x529.jpeg 705w, https:\/\/www.fundacioimpulsa.org\/wp-content\/uploads\/2022\/12\/WhatsApp-Image-2022-11-25-at-13.56.18-707x530.jpeg 707w, https:\/\/www.fundacioimpulsa.org\/wp-content\/uploads\/2022\/12\/WhatsApp-Image-2022-11-25-at-13.56.18-281x211.jpeg 281w, https:\/\/www.fundacioimpulsa.org\/wp-content\/uploads\/2022\/12\/WhatsApp-Image-2022-11-25-at-13.56.18.jpeg 1600w\" sizes=\"auto, (max-width: 726px) 100vw, 726px\" \/><\/span><\/p>\n<p><span class=\"TextRun SCXW13679775 BCX0\" lang=\"ES\" xml:lang=\"ES\" data-contrast=\"none\"><span class=\"NormalTextRun SCXW13679775 BCX0\">Desde hace unos d\u00edas <strong>hemos iniciado una <\/strong><\/span><\/span><strong><span class=\"TextRun MacChromeBold SCXW13679775 BCX0\" lang=\"ES\" xml:lang=\"ES\" data-contrast=\"none\"><span class=\"NormalTextRun SCXW13679775 BCX0\">nueva colaboraci\u00f3n <\/span><span class=\"NormalTextRun SCXW13679775 BCX0\">de prestaci\u00f3n de servicio a<\/span><span class=\"NormalTextRun SCXW13679775 BCX0\"> la Fundaci\u00f3n Girona<\/span> <span class=\"SpellingError SCXW13679775 BCX0\">Est<\/span><\/span><\/strong><span class=\"TextRun SCXW13679775 BCX0\" lang=\"ES\" xml:lang=\"ES\" data-contrast=\"none\"><span class=\"NormalTextRun SCXW13679775 BCX0\"> en la que apoyaremos a la entidad <\/span><\/span><span class=\"TextRun MacChromeBold SCXW13679775 BCX0\" lang=\"ES\" xml:lang=\"ES\" data-contrast=\"none\"><span class=\"NormalTextRun SCXW13679775 BCX0\">en el <strong>desarrollo e implementaci\u00f3n de su programa de mentor\u00eda social<\/strong><\/span><\/span><span class=\"TextRun SCXW13679775 BCX0\" lang=\"ES\" xml:lang=\"ES\" data-contrast=\"none\"><span class=\"NormalTextRun SCXW13679775 BCX0\"> as\u00ed como del <\/span><\/span><strong><span class=\"TextRun MacChromeBold SCXW13679775 BCX0\" lang=\"ES\" xml:lang=\"ES\" data-contrast=\"none\"><span class=\"NormalTextRun SCXW13679775 BCX0\">plan formativo y de acompa\u00f1amiento de mentores y j\u00f3venes<\/span><\/span><\/strong><span class=\"TextRun SCXW13679775 BCX0\" lang=\"ES\" xml:lang=\"ES\" data-contrast=\"none\"><span class=\"NormalTextRun SCXW13679775 BCX0\">, a trav\u00e9s de la asesor\u00eda y <\/span><\/span><strong><span class=\"TextRun MacChromeBold SCXW13679775 BCX0\" lang=\"ES\" xml:lang=\"ES\" data-contrast=\"none\"><span class=\"NormalTextRun SCXW13679775 BCX0\">cesi\u00f3n de los recursos propios del Programa Impulsa <\/span><span class=\"SpellingError SCXW13679775 BCX0\">Mentoria<\/span><span class=\"NormalTextRun SCXW13679775 BCX0\">.<\/span><\/span><\/strong><span class=\"LineBreakBlob BlobObject DragDrop SCXW13679775 BCX0\"><strong><span class=\"SCXW13679775 BCX0\">\u00a0<\/span><\/strong><br class=\"SCXW13679775 BCX0\" \/><\/span><span class=\"LineBreakBlob BlobObject DragDrop SCXW13679775 BCX0\"><span class=\"SCXW13679775 BCX0\">\u00a0<\/span><br class=\"SCXW13679775 BCX0\" \/><\/span><span class=\"TextRun SCXW13679775 BCX0\" lang=\"ES\" xml:lang=\"ES\" data-contrast=\"none\"><span class=\"NormalTextRun SCXW13679775 BCX0\">Se trata de un <\/span><\/span><span class=\"TextRun SCXW13679775 BCX0\" lang=\"ES\" xml:lang=\"ES\" data-contrast=\"none\"><span class=\"NormalTextRun SCXW13679775 BCX0\">acompa\u00f1amiento<\/span><\/span><span class=\"TextRun SCXW13679775 BCX0\" lang=\"ES\" xml:lang=\"ES\" data-contrast=\"none\"><span class=\"NormalTextRun SCXW13679775 BCX0\"> que nace a partir del convenio marco de colaboraci\u00f3n realizado el a\u00f1o pasado con <\/span><span class=\"SpellingError SCXW13679775 BCX0\">Fundaci\u00f3<\/span><span class=\"NormalTextRun SCXW13679775 BCX0\"> Girona<\/span> <span class=\"SpellingError SCXW13679775 BCX0\">Est<\/span><span class=\"NormalTextRun SCXW13679775 BCX0\">. Lo explica la <\/span><\/span><strong><span class=\"TextRun MacChromeBold SCXW13679775 BCX0\" lang=\"ES\" xml:lang=\"ES\" data-contrast=\"none\"><span class=\"NormalTextRun SCXW13679775 BCX0\">Responsable de Programas de la Fundaci\u00f3n Impulsa, Marta Mir\u00f3<\/span><\/span><\/strong><span class=\"TextRun SCXW13679775 BCX0\" lang=\"ES\" xml:lang=\"ES\" data-contrast=\"none\"><span class=\"NormalTextRun SCXW13679775 BCX0\"><strong>:<\/strong> \u201cCon la <\/span><span class=\"SpellingError SCXW13679775 BCX0\">Fundaci\u00f3<\/span> <span class=\"SpellingError SCXW13679775 BCX0\">Girona Est<\/span><span class=\"NormalTextRun SCXW13679775 BCX0\"> ya tenemos relaci\u00f3n desde hace tiempo y de hecho, el a\u00f1o pasado colaboramos a trav\u00e9s de una peque\u00f1a formaci\u00f3n a los mentores de la entidad. Ahora, <\/span><\/span><span class=\"TextRun MacChromeBold SCXW13679775 BCX0\" lang=\"ES\" xml:lang=\"ES\" data-contrast=\"none\"><span class=\"NormalTextRun SCXW13679775 BCX0\"><strong>iniciamos esta prestaci\u00f3n de servicio con muchas ganas de poder acompa\u00f1arles en un \u00e1mbito como el de la mentor\u00eda social, uno de los pilares de la Fundaci\u00f3n Impulsa<\/strong>\u00ab.<\/span><\/span><span class=\"EOP SCXW13679775 BCX0\" data-ccp-props=\"{&quot;201341983&quot;:0,&quot;335559739&quot;:160,&quot;335559740&quot;:360}\">\u00a0<\/span><\/p>\n<p><span data-contrast=\"none\">Con esta voluntad, desde la <\/span><strong>Fundaci\u00f3n Impulsa se har\u00e1 un asesoramiento al equipo t\u00e9cnico de Girona Est en el desarrollo de un programa propio de mentor\u00eda social que incluir\u00e1 tanto la estructura del mismo como el plan de formaci\u00f3n continuo para mentores y las herramientas para fortalecer el v\u00ednculo de los j\u00f3venes<\/strong><span data-contrast=\"none\"><strong>.<\/strong> Laura Vall\u00e8s Muela, Coordinadora \u00c1rea de Educaci\u00f3n de GironaEst, explica los motivos que han llevado a contar con la colaboraci\u00f3n de la Fundaci\u00f3n Impulsa para llevar a cabo este proyecto: \u201c<\/span><strong>La Fundaci\u00f3n Impulsa ha sido un referente por nuestro proyecto educativo de mentor\u00eda<\/strong><span data-contrast=\"none\">, que nos ha permitido trabajar para mejorar e incrementar la calidad del programa\u201d.<\/span><\/p>\n<p><span data-contrast=\"none\">Con esta voluntad, <\/span><strong>mediante diferentes sesiones<\/strong><span data-contrast=\"none\">, desde la Fundaci\u00f3 Impulsa se propone un <\/span><strong>proceso de desarrollo y creaci\u00f3n conjunta<\/strong> <span data-contrast=\"none\">con la Fundaci\u00f3 Girona Est partiendo de la realidad de j\u00f3venes y mentores que forman parte del programa y de los objetivos que persigue el mismo.<\/span><span data-ccp-props=\"{&quot;201341983&quot;:0,&quot;335559739&quot;:160,&quot;335559740&quot;:360}\">\u00a0<\/span><\/p>\n<p><span data-contrast=\"none\">La Fundaci\u00f3n <\/span><strong>Girona Est,<\/strong><span data-contrast=\"none\"> tal y como su nombre indica, <\/span><strong>centra su actuaci\u00f3n en los barrios ubicados en el este de Girona<\/strong><span data-contrast=\"none\"> (Vilarroja, Fuente de la P\u00f3lvora, Mas Ramada, Grupo Sant Daniel y La Creueta) <\/span><strong>para mejorar la calidad de vida de los vecinos y vecinas y, especialmente, empoderar a los j\u00f3venes<\/strong><span data-contrast=\"none\"> a trav\u00e9s de programas deportivos, culturales y educativos para combatir el abandono escolar. Gran parte de las familias que viven all\u00ed se encuentran en una situaci\u00f3n <\/span><strong>de alta vulnerabilidad y en riesgo de exclusi\u00f3n social.\u00a0<\/strong><\/p>\n<p><span data-contrast=\"none\">Desde la Fundaci\u00f3n Impulsa <\/span><strong>estamos muy contentos de establecer prestaciones de servicios como \u00e9sta<\/strong><span data-contrast=\"none\"><strong>,<\/strong> que nos permiten compartir nuestro conocimiento y experiencia, nuestra labor diaria y <\/span><strong>contribuir a apoyar a m\u00e1s j\u00f3venes que deseen seguir estudiando a pesar de la situaci\u00f3n de vulnerabilidad socioecon\u00f3mica en la que se encuentran.\u00a0<\/strong><\/p>\n<p><span data-contrast=\"none\">\u00a0<\/span><span data-ccp-props=\"{&quot;201341983&quot;:0,&quot;335559739&quot;:160,&quot;335559740&quot;:257}\">\u00a0<\/span><\/p>\n<p><span data-ccp-props=\"{&quot;201341983&quot;:0,&quot;335559739&quot;:160,&quot;335559740&quot;:257}\">\u00a0<\/span><\/p>\n","protected":false},"excerpt":{"rendered":"<p>Desde hace unos d\u00edas hemos iniciado una nueva colaboraci\u00f3n de prestaci\u00f3n de servicio a la Fundaci\u00f3n Girona Est en la que apoyaremos a la entidad en el desarrollo e implementaci\u00f3n de su programa de mentor\u00eda social as\u00ed como del plan formativo y de acompa\u00f1amiento de mentores y j\u00f3venes, a trav\u00e9s de la asesor\u00eda y cesi\u00f3n [&hellip;]<\/p>\n","protected":false},"author":6,"featured_media":7918,"comment_status":"closed","ping_status":"closed","sticky":false,"template":"","format":"standard","meta":{"_acf_changed":false,"footnotes":""},"categories":[72,76],"tags":[106],"class_list":["post-7922","post","type-post","status-publish","format-standard","has-post-thumbnail","hentry","category-dia-a-dia-es","category-noticies-es","tag-prestacionservicios"],"acf":[],"yoast_head":"<!-- This site is optimized with the Yoast SEO plugin v27.5 - https:\/\/yoast.com\/product\/yoast-seo-wordpress\/ -->\n<title>Ofrecemos sesiones de acompa\u00f1amiento estrat\u00e9gico en mentor\u00eda a la Fundaci\u00f3n Girona Est - Fundacio Impulsa<\/title>\n<meta name=\"robots\" content=\"index, follow, max-snippet:-1, max-image-preview:large, max-video-preview:-1\" \/>\n<link rel=\"canonical\" href=\"https:\/\/www.fundacioimpulsa.org\/es\/iniciem-una-nova-prestacio-de-servei-en-mentoria-a-la-fundacio-girona-est\/\" \/>\n<meta property=\"og:locale\" content=\"es_ES\" \/>\n<meta property=\"og:type\" content=\"article\" \/>\n<meta property=\"og:title\" content=\"Ofrecemos sesiones de acompa\u00f1amiento estrat\u00e9gico en mentor\u00eda a la Fundaci\u00f3n Girona Est - Fundacio Impulsa\" \/>\n<meta property=\"og:description\" content=\"Desde hace unos d\u00edas hemos iniciado una nueva colaboraci\u00f3n de prestaci\u00f3n de servicio a la Fundaci\u00f3n Girona Est en la que apoyaremos a la entidad en el desarrollo e implementaci\u00f3n de su programa de mentor\u00eda social as\u00ed como del plan formativo y de acompa\u00f1amiento de mentores y j\u00f3venes, a trav\u00e9s de la asesor\u00eda y cesi\u00f3n [&hellip;]\" \/>\n<meta property=\"og:url\" content=\"https:\/\/www.fundacioimpulsa.org\/es\/iniciem-una-nova-prestacio-de-servei-en-mentoria-a-la-fundacio-girona-est\/\" \/>\n<meta property=\"og:site_name\" content=\"Fundacio Impulsa\" \/>\n<meta property=\"article:published_time\" content=\"2022-12-12T09:48:09+00:00\" \/>\n<meta property=\"article:modified_time\" content=\"2022-12-20T21:21:10+00:00\" \/>\n<meta property=\"og:image\" content=\"https:\/\/www.fundacioimpulsa.org\/wp-content\/uploads\/2022\/12\/WhatsApp-Image-2022-11-25-at-13.56.18.jpeg\" \/>\n\t<meta property=\"og:image:width\" content=\"1600\" \/>\n\t<meta property=\"og:image:height\" content=\"1200\" \/>\n\t<meta property=\"og:image:type\" content=\"image\/jpeg\" \/>\n<meta name=\"author\" content=\"comunicacio\" \/>\n<meta name=\"twitter:card\" content=\"summary_large_image\" \/>\n<meta name=\"twitter:label1\" content=\"Escrito por\" \/>\n\t<meta name=\"twitter:data1\" content=\"comunicacio\" \/>\n\t<meta name=\"twitter:label2\" content=\"Tiempo de lectura\" \/>\n\t<meta name=\"twitter:data2\" content=\"2 minutos\" \/>\n<script type=\"application\/ld+json\" class=\"yoast-schema-graph\">{\"@context\":\"https:\\\/\\\/schema.org\",\"@graph\":[{\"@type\":\"Article\",\"@id\":\"https:\\\/\\\/www.fundacioimpulsa.org\\\/es\\\/iniciem-una-nova-prestacio-de-servei-en-mentoria-a-la-fundacio-girona-est\\\/#article\",\"isPartOf\":{\"@id\":\"https:\\\/\\\/www.fundacioimpulsa.org\\\/es\\\/iniciem-una-nova-prestacio-de-servei-en-mentoria-a-la-fundacio-girona-est\\\/\"},\"author\":{\"name\":\"comunicacio\",\"@id\":\"https:\\\/\\\/www.fundacioimpulsa.org\\\/es\\\/#\\\/schema\\\/person\\\/8e5d127d58d49b0b3a374d763db6672b\"},\"headline\":\"Ofrecemos sesiones de acompa\u00f1amiento estrat\u00e9gico en mentor\u00eda a la Fundaci\u00f3n Girona Est\",\"datePublished\":\"2022-12-12T09:48:09+00:00\",\"dateModified\":\"2022-12-20T21:21:10+00:00\",\"mainEntityOfPage\":{\"@id\":\"https:\\\/\\\/www.fundacioimpulsa.org\\\/es\\\/iniciem-una-nova-prestacio-de-servei-en-mentoria-a-la-fundacio-girona-est\\\/\"},\"wordCount\":511,\"image\":{\"@id\":\"https:\\\/\\\/www.fundacioimpulsa.org\\\/es\\\/iniciem-una-nova-prestacio-de-servei-en-mentoria-a-la-fundacio-girona-est\\\/#primaryimage\"},\"thumbnailUrl\":\"https:\\\/\\\/www.fundacioimpulsa.org\\\/wp-content\\\/uploads\\\/2022\\\/12\\\/WhatsApp-Image-2022-11-25-at-13.56.18.jpeg\",\"keywords\":[\"#Prestaci\u00f3nServicios\"],\"articleSection\":[\"D\u00eda a D\u00eda\",\"Noticias\"],\"inLanguage\":\"es\"},{\"@type\":\"WebPage\",\"@id\":\"https:\\\/\\\/www.fundacioimpulsa.org\\\/es\\\/iniciem-una-nova-prestacio-de-servei-en-mentoria-a-la-fundacio-girona-est\\\/\",\"url\":\"https:\\\/\\\/www.fundacioimpulsa.org\\\/es\\\/iniciem-una-nova-prestacio-de-servei-en-mentoria-a-la-fundacio-girona-est\\\/\",\"name\":\"Ofrecemos sesiones de acompa\u00f1amiento estrat\u00e9gico en mentor\u00eda a la Fundaci\u00f3n Girona Est - Fundacio Impulsa\",\"isPartOf\":{\"@id\":\"https:\\\/\\\/www.fundacioimpulsa.org\\\/es\\\/#website\"},\"primaryImageOfPage\":{\"@id\":\"https:\\\/\\\/www.fundacioimpulsa.org\\\/es\\\/iniciem-una-nova-prestacio-de-servei-en-mentoria-a-la-fundacio-girona-est\\\/#primaryimage\"},\"image\":{\"@id\":\"https:\\\/\\\/www.fundacioimpulsa.org\\\/es\\\/iniciem-una-nova-prestacio-de-servei-en-mentoria-a-la-fundacio-girona-est\\\/#primaryimage\"},\"thumbnailUrl\":\"https:\\\/\\\/www.fundacioimpulsa.org\\\/wp-content\\\/uploads\\\/2022\\\/12\\\/WhatsApp-Image-2022-11-25-at-13.56.18.jpeg\",\"datePublished\":\"2022-12-12T09:48:09+00:00\",\"dateModified\":\"2022-12-20T21:21:10+00:00\",\"author\":{\"@id\":\"https:\\\/\\\/www.fundacioimpulsa.org\\\/es\\\/#\\\/schema\\\/person\\\/8e5d127d58d49b0b3a374d763db6672b\"},\"breadcrumb\":{\"@id\":\"https:\\\/\\\/www.fundacioimpulsa.org\\\/es\\\/iniciem-una-nova-prestacio-de-servei-en-mentoria-a-la-fundacio-girona-est\\\/#breadcrumb\"},\"inLanguage\":\"es\",\"potentialAction\":[{\"@type\":\"ReadAction\",\"target\":[\"https:\\\/\\\/www.fundacioimpulsa.org\\\/es\\\/iniciem-una-nova-prestacio-de-servei-en-mentoria-a-la-fundacio-girona-est\\\/\"]}]},{\"@type\":\"ImageObject\",\"inLanguage\":\"es\",\"@id\":\"https:\\\/\\\/www.fundacioimpulsa.org\\\/es\\\/iniciem-una-nova-prestacio-de-servei-en-mentoria-a-la-fundacio-girona-est\\\/#primaryimage\",\"url\":\"https:\\\/\\\/www.fundacioimpulsa.org\\\/wp-content\\\/uploads\\\/2022\\\/12\\\/WhatsApp-Image-2022-11-25-at-13.56.18.jpeg\",\"contentUrl\":\"https:\\\/\\\/www.fundacioimpulsa.org\\\/wp-content\\\/uploads\\\/2022\\\/12\\\/WhatsApp-Image-2022-11-25-at-13.56.18.jpeg\",\"width\":1600,\"height\":1200},{\"@type\":\"BreadcrumbList\",\"@id\":\"https:\\\/\\\/www.fundacioimpulsa.org\\\/es\\\/iniciem-una-nova-prestacio-de-servei-en-mentoria-a-la-fundacio-girona-est\\\/#breadcrumb\",\"itemListElement\":[{\"@type\":\"ListItem\",\"position\":1,\"name\":\"Inici\",\"item\":\"https:\\\/\\\/www.fundacioimpulsa.org\\\/es\\\/fundacio-impulsa\\\/\"},{\"@type\":\"ListItem\",\"position\":2,\"name\":\"Ofrecemos sesiones de acompa\u00f1amiento estrat\u00e9gico en mentor\u00eda a la Fundaci\u00f3n Girona Est\"}]},{\"@type\":\"WebSite\",\"@id\":\"https:\\\/\\\/www.fundacioimpulsa.org\\\/es\\\/#website\",\"url\":\"https:\\\/\\\/www.fundacioimpulsa.org\\\/es\\\/\",\"name\":\"Fundacio Impulsa\",\"description\":\"\",\"potentialAction\":[{\"@type\":\"SearchAction\",\"target\":{\"@type\":\"EntryPoint\",\"urlTemplate\":\"https:\\\/\\\/www.fundacioimpulsa.org\\\/es\\\/?s={search_term_string}\"},\"query-input\":{\"@type\":\"PropertyValueSpecification\",\"valueRequired\":true,\"valueName\":\"search_term_string\"}}],\"inLanguage\":\"es\"},{\"@type\":\"Person\",\"@id\":\"https:\\\/\\\/www.fundacioimpulsa.org\\\/es\\\/#\\\/schema\\\/person\\\/8e5d127d58d49b0b3a374d763db6672b\",\"name\":\"comunicacio\",\"image\":{\"@type\":\"ImageObject\",\"inLanguage\":\"es\",\"@id\":\"https:\\\/\\\/secure.gravatar.com\\\/avatar\\\/179d9804721934af904d6831ff1a982684d2987826415ba17246a2fefb582344?s=96&d=mm&r=g\",\"url\":\"https:\\\/\\\/secure.gravatar.com\\\/avatar\\\/179d9804721934af904d6831ff1a982684d2987826415ba17246a2fefb582344?s=96&d=mm&r=g\",\"contentUrl\":\"https:\\\/\\\/secure.gravatar.com\\\/avatar\\\/179d9804721934af904d6831ff1a982684d2987826415ba17246a2fefb582344?s=96&d=mm&r=g\",\"caption\":\"comunicacio\"},\"url\":\"https:\\\/\\\/www.fundacioimpulsa.org\\\/es\\\/author\\\/comunicacio\\\/\"}]}<\/script>\n<!-- \/ Yoast SEO plugin. -->","yoast_head_json":{"title":"Ofrecemos sesiones de acompa\u00f1amiento estrat\u00e9gico en mentor\u00eda a la Fundaci\u00f3n Girona Est - Fundacio Impulsa","robots":{"index":"index","follow":"follow","max-snippet":"max-snippet:-1","max-image-preview":"max-image-preview:large","max-video-preview":"max-video-preview:-1"},"canonical":"https:\/\/www.fundacioimpulsa.org\/es\/iniciem-una-nova-prestacio-de-servei-en-mentoria-a-la-fundacio-girona-est\/","og_locale":"es_ES","og_type":"article","og_title":"Ofrecemos sesiones de acompa\u00f1amiento estrat\u00e9gico en mentor\u00eda a la Fundaci\u00f3n Girona Est - Fundacio Impulsa","og_description":"Desde hace unos d\u00edas hemos iniciado una nueva colaboraci\u00f3n de prestaci\u00f3n de servicio a la Fundaci\u00f3n Girona Est en la que apoyaremos a la entidad en el desarrollo e implementaci\u00f3n de su programa de mentor\u00eda social as\u00ed como del plan formativo y de acompa\u00f1amiento de mentores y j\u00f3venes, a trav\u00e9s de la asesor\u00eda y cesi\u00f3n [&hellip;]","og_url":"https:\/\/www.fundacioimpulsa.org\/es\/iniciem-una-nova-prestacio-de-servei-en-mentoria-a-la-fundacio-girona-est\/","og_site_name":"Fundacio Impulsa","article_published_time":"2022-12-12T09:48:09+00:00","article_modified_time":"2022-12-20T21:21:10+00:00","og_image":[{"width":1600,"height":1200,"url":"https:\/\/www.fundacioimpulsa.org\/wp-content\/uploads\/2022\/12\/WhatsApp-Image-2022-11-25-at-13.56.18.jpeg","type":"image\/jpeg"}],"author":"comunicacio","twitter_card":"summary_large_image","twitter_misc":{"Escrito por":"comunicacio","Tiempo de lectura":"2 minutos"},"schema":{"@context":"https:\/\/schema.org","@graph":[{"@type":"Article","@id":"https:\/\/www.fundacioimpulsa.org\/es\/iniciem-una-nova-prestacio-de-servei-en-mentoria-a-la-fundacio-girona-est\/#article","isPartOf":{"@id":"https:\/\/www.fundacioimpulsa.org\/es\/iniciem-una-nova-prestacio-de-servei-en-mentoria-a-la-fundacio-girona-est\/"},"author":{"name":"comunicacio","@id":"https:\/\/www.fundacioimpulsa.org\/es\/#\/schema\/person\/8e5d127d58d49b0b3a374d763db6672b"},"headline":"Ofrecemos sesiones de acompa\u00f1amiento estrat\u00e9gico en mentor\u00eda a la Fundaci\u00f3n Girona Est","datePublished":"2022-12-12T09:48:09+00:00","dateModified":"2022-12-20T21:21:10+00:00","mainEntityOfPage":{"@id":"https:\/\/www.fundacioimpulsa.org\/es\/iniciem-una-nova-prestacio-de-servei-en-mentoria-a-la-fundacio-girona-est\/"},"wordCount":511,"image":{"@id":"https:\/\/www.fundacioimpulsa.org\/es\/iniciem-una-nova-prestacio-de-servei-en-mentoria-a-la-fundacio-girona-est\/#primaryimage"},"thumbnailUrl":"https:\/\/www.fundacioimpulsa.org\/wp-content\/uploads\/2022\/12\/WhatsApp-Image-2022-11-25-at-13.56.18.jpeg","keywords":["#Prestaci\u00f3nServicios"],"articleSection":["D\u00eda a D\u00eda","Noticias"],"inLanguage":"es"},{"@type":"WebPage","@id":"https:\/\/www.fundacioimpulsa.org\/es\/iniciem-una-nova-prestacio-de-servei-en-mentoria-a-la-fundacio-girona-est\/","url":"https:\/\/www.fundacioimpulsa.org\/es\/iniciem-una-nova-prestacio-de-servei-en-mentoria-a-la-fundacio-girona-est\/","name":"Ofrecemos sesiones de acompa\u00f1amiento estrat\u00e9gico en mentor\u00eda a la Fundaci\u00f3n Girona Est - Fundacio Impulsa","isPartOf":{"@id":"https:\/\/www.fundacioimpulsa.org\/es\/#website"},"primaryImageOfPage":{"@id":"https:\/\/www.fundacioimpulsa.org\/es\/iniciem-una-nova-prestacio-de-servei-en-mentoria-a-la-fundacio-girona-est\/#primaryimage"},"image":{"@id":"https:\/\/www.fundacioimpulsa.org\/es\/iniciem-una-nova-prestacio-de-servei-en-mentoria-a-la-fundacio-girona-est\/#primaryimage"},"thumbnailUrl":"https:\/\/www.fundacioimpulsa.org\/wp-content\/uploads\/2022\/12\/WhatsApp-Image-2022-11-25-at-13.56.18.jpeg","datePublished":"2022-12-12T09:48:09+00:00","dateModified":"2022-12-20T21:21:10+00:00","author":{"@id":"https:\/\/www.fundacioimpulsa.org\/es\/#\/schema\/person\/8e5d127d58d49b0b3a374d763db6672b"},"breadcrumb":{"@id":"https:\/\/www.fundacioimpulsa.org\/es\/iniciem-una-nova-prestacio-de-servei-en-mentoria-a-la-fundacio-girona-est\/#breadcrumb"},"inLanguage":"es","potentialAction":[{"@type":"ReadAction","target":["https:\/\/www.fundacioimpulsa.org\/es\/iniciem-una-nova-prestacio-de-servei-en-mentoria-a-la-fundacio-girona-est\/"]}]},{"@type":"ImageObject","inLanguage":"es","@id":"https:\/\/www.fundacioimpulsa.org\/es\/iniciem-una-nova-prestacio-de-servei-en-mentoria-a-la-fundacio-girona-est\/#primaryimage","url":"https:\/\/www.fundacioimpulsa.org\/wp-content\/uploads\/2022\/12\/WhatsApp-Image-2022-11-25-at-13.56.18.jpeg","contentUrl":"https:\/\/www.fundacioimpulsa.org\/wp-content\/uploads\/2022\/12\/WhatsApp-Image-2022-11-25-at-13.56.18.jpeg","width":1600,"height":1200},{"@type":"BreadcrumbList","@id":"https:\/\/www.fundacioimpulsa.org\/es\/iniciem-una-nova-prestacio-de-servei-en-mentoria-a-la-fundacio-girona-est\/#breadcrumb","itemListElement":[{"@type":"ListItem","position":1,"name":"Inici","item":"https:\/\/www.fundacioimpulsa.org\/es\/fundacio-impulsa\/"},{"@type":"ListItem","position":2,"name":"Ofrecemos sesiones de acompa\u00f1amiento estrat\u00e9gico en mentor\u00eda a la Fundaci\u00f3n Girona Est"}]},{"@type":"WebSite","@id":"https:\/\/www.fundacioimpulsa.org\/es\/#website","url":"https:\/\/www.fundacioimpulsa.org\/es\/","name":"Fundacio Impulsa","description":"","potentialAction":[{"@type":"SearchAction","target":{"@type":"EntryPoint","urlTemplate":"https:\/\/www.fundacioimpulsa.org\/es\/?s={search_term_string}"},"query-input":{"@type":"PropertyValueSpecification","valueRequired":true,"valueName":"search_term_string"}}],"inLanguage":"es"},{"@type":"Person","@id":"https:\/\/www.fundacioimpulsa.org\/es\/#\/schema\/person\/8e5d127d58d49b0b3a374d763db6672b","name":"comunicacio","image":{"@type":"ImageObject","inLanguage":"es","@id":"https:\/\/secure.gravatar.com\/avatar\/179d9804721934af904d6831ff1a982684d2987826415ba17246a2fefb582344?s=96&d=mm&r=g","url":"https:\/\/secure.gravatar.com\/avatar\/179d9804721934af904d6831ff1a982684d2987826415ba17246a2fefb582344?s=96&d=mm&r=g","contentUrl":"https:\/\/secure.gravatar.com\/avatar\/179d9804721934af904d6831ff1a982684d2987826415ba17246a2fefb582344?s=96&d=mm&r=g","caption":"comunicacio"},"url":"https:\/\/www.fundacioimpulsa.org\/es\/author\/comunicacio\/"}]}},"publishpress_future_action":{"enabled":false,"date":"2026-05-08 10:47:33","action":"change-status","newStatus":"draft","terms":[],"taxonomy":"category","extraData":[]},"publishpress_future_workflow_manual_trigger":{"enabledWorkflows":[]},"_links":{"self":[{"href":"https:\/\/www.fundacioimpulsa.org\/es\/wp-json\/wp\/v2\/posts\/7922","targetHints":{"allow":["GET"]}}],"collection":[{"href":"https:\/\/www.fundacioimpulsa.org\/es\/wp-json\/wp\/v2\/posts"}],"about":[{"href":"https:\/\/www.fundacioimpulsa.org\/es\/wp-json\/wp\/v2\/types\/post"}],"author":[{"embeddable":true,"href":"https:\/\/www.fundacioimpulsa.org\/es\/wp-json\/wp\/v2\/users\/6"}],"replies":[{"embeddable":true,"href":"https:\/\/www.fundacioimpulsa.org\/es\/wp-json\/wp\/v2\/comments?post=7922"}],"version-history":[{"count":5,"href":"https:\/\/www.fundacioimpulsa.org\/es\/wp-json\/wp\/v2\/posts\/7922\/revisions"}],"predecessor-version":[{"id":7928,"href":"https:\/\/www.fundacioimpulsa.org\/es\/wp-json\/wp\/v2\/posts\/7922\/revisions\/7928"}],"wp:featuredmedia":[{"embeddable":true,"href":"https:\/\/www.fundacioimpulsa.org\/es\/wp-json\/wp\/v2\/media\/7918"}],"wp:attachment":[{"href":"https:\/\/www.fundacioimpulsa.org\/es\/wp-json\/wp\/v2\/media?parent=7922"}],"wp:term":[{"taxonomy":"category","embeddable":true,"href":"https:\/\/www.fundacioimpulsa.org\/es\/wp-json\/wp\/v2\/categories?post=7922"},{"taxonomy":"post_tag","embeddable":true,"href":"https:\/\/www.fundacioimpulsa.org\/es\/wp-json\/wp\/v2\/tags?post=7922"}],"curies":[{"name":"wp","href":"https:\/\/api.w.org\/{rel}","templated":true}]}}