{"id":7944,"date":"2022-12-13T12:30:04","date_gmt":"2022-12-13T11:30:04","guid":{"rendered":"https:\/\/www.fundacioimpulsa.org\/el-repte-majuscul-de-la-salut-mental\/"},"modified":"2022-12-27T11:38:56","modified_gmt":"2022-12-27T10:38:56","slug":"el-repte-majuscul-de-la-salut-mental","status":"publish","type":"post","link":"https:\/\/www.fundacioimpulsa.org\/es\/el-repte-majuscul-de-la-salut-mental\/","title":{"rendered":"El reto may\u00fasculo de la salud mental"},"content":{"rendered":"<p aria-level=\"5\"><img loading=\"lazy\" decoding=\"async\" class=\"alignnone wp-image-7937\" src=\"https:\/\/www.fundacioimpulsa.org\/wp-content\/uploads\/2022\/12\/salutmental_web-300x192.png\" alt=\"\" width=\"732\" height=\"468\" srcset=\"https:\/\/www.fundacioimpulsa.org\/wp-content\/uploads\/2022\/12\/salutmental_web-300x192.png 300w, https:\/\/www.fundacioimpulsa.org\/wp-content\/uploads\/2022\/12\/salutmental_web-1030x658.png 1030w, https:\/\/www.fundacioimpulsa.org\/wp-content\/uploads\/2022\/12\/salutmental_web-768x491.png 768w, https:\/\/www.fundacioimpulsa.org\/wp-content\/uploads\/2022\/12\/salutmental_web-705x450.png 705w, https:\/\/www.fundacioimpulsa.org\/wp-content\/uploads\/2022\/12\/salutmental_web-830x530.png 830w, https:\/\/www.fundacioimpulsa.org\/wp-content\/uploads\/2022\/12\/salutmental_web-315x201.png 315w, https:\/\/www.fundacioimpulsa.org\/wp-content\/uploads\/2022\/12\/salutmental_web.png 1080w\" sizes=\"auto, (max-width: 732px) 100vw, 732px\" \/><\/p>\n<p><strong>Profesionales vinculadas con el \u00e1mbito de la salud mental como Judith Mart\u00ednez y Merc\u00e8 Gener\u00f3, de Osonament; Tania Casanova, de Ranura y Eva S\u00e1nchez, de la Fundaci\u00f3n Grup Horitz\u00f3 del Bergued\u00e0 nos ayudan a reflexionar sobre la complejidad a la hora de abordar este tema. \u00a0<\/strong><\/p>\n<p><span data-contrast=\"auto\">Ansiedad, autolesiones, depresiones, trastornos alimenticios, esquizofrenias y tendencias al aislamiento son solo algunas de las alteraciones de salud mental que hacen sufrir a j\u00f3venes y familias. Los casos aumentan y los recursos son insuficientes. El \u00faltimo <\/span><strong><a href=\"https:\/\/www.copc.cat\/blog\/copc-2\/un-informe-de-lobservatori-dels-drets-de-la-infancia-amb-participacio-del-copc-alerta-que-la-sanitat-publica-no-arriba-a-atendre-ni-la-meitat-dels-trastorns-mentals-267\">informe del Observatorio de los Derechos de la Infancia<\/a><\/strong><span data-contrast=\"auto\">, con la participaci\u00f3n del Colegio Oficial de Psicolog\u00eda de Catalu\u00f1a, concluye que la <\/span><strong>sanidad p\u00fablica no llega a atender ni a la mitad de los trastornos mentales existentes<\/strong><span data-contrast=\"auto\">, y tal y como recoge el medio de comunicaci\u00f3n <\/span><a href=\"https:\/\/www.elcritic.cat\/reportatges\/ser-adolescent-i-tenir-un-trastorn-de-la-salut-mental-110038\"><span data-contrast=\"none\">Cr\u00edtic <\/span><\/a><span data-contrast=\"auto\">en un reportaje sobre juventud y salud mental, los <\/span><a href=\"https:\/\/dretssocials.gencat.cat\/ca\/ambits_tematics\/infancia_i_adolescencia\/atencio_precoc\/centres_de_desenvolupament_infantil_i_atencio_precoc_cdiap\/\"><span data-contrast=\"none\">centros de desarrollo infantil y de atenci\u00f3n precoz <\/span><\/a><a href=\"https:\/\/dretssocials.gencat.cat\/ca\/ambits_tematics\/infancia_i_adolescencia\/atencio_precoc\/centres_de_desenvolupament_infantil_i_atencio_precoc_cdiap\/\"><span data-contrast=\"none\">(CDIAP) <\/span><\/a><span data-contrast=\"auto\">y los centros de salud mental infantil y juvenil (CSMIJ) est\u00e1n saturados. Falta formaci\u00f3n en este \u00e1mbito para<\/span> <span data-contrast=\"auto\">pediatras y docentes, y tambi\u00e9n faltan<\/span> <span data-contrast=\"auto\">profesionales y nuevas especialidades, las <\/span><strong>familias se sienten impotentes y la ratio de psic\u00f3logos cl\u00ednicos por cada 100.000 habitantes en Catalu\u00f1a es de 9<\/strong><span data-contrast=\"auto\">, la mitad de la media europea. La probabilidad de sufrir un trastorno mental se ha duplicado en cinco a\u00f1os, incidiendo doblemente en los ni\u00f1os y las clases sociales m\u00e1s vulnerables. De hecho, los <\/span><a href=\"https:\/\/www.sjdhospitalbarcelona.org\/ca\/noticies\/sant-joan-deu-ha-ates-47-mes-durgencies-salut-mental-primer-trimestre-2021\"><span data-contrast=\"none\">datos asistenciales del Hospital Sant Joan de D\u00e9u <\/span><\/a><span data-contrast=\"auto\">ponen de manifiesto el <\/span><strong>incremento del 47% de los pacientes atendidos en urgencias por motivos de salud mental<\/strong> <span data-contrast=\"auto\">en el primer trimestre del a\u00f1o, en comparaci\u00f3n con el mismo per\u00edodo de 2020, con un aumento del 27% de las tentativas de <\/span><a href=\"https:\/\/www.elcritic.cat\/reportatges\/suicidi-juvenil-una-urgencia-de-salut-publica-72370\"><span data-contrast=\"none\">suicidio <\/span><\/a><span data-contrast=\"auto\">seg\u00fan el programa C\u00f3digo Riesgo Suicidio. Seg\u00fan la Organizaci\u00f3n Mundial de la Salud (OMS), <\/span><strong>entre el 10% y el 20% de los adolescentes experimentan trastornos mentales<\/strong><span data-contrast=\"auto\">, la mitad de los cuales se manifiestan antes de los 14 a\u00f1os.<\/span><span data-ccp-props=\"{&quot;201341983&quot;:0,&quot;335551550&quot;:6,&quot;335551620&quot;:6,&quot;335559739&quot;:160,&quot;335559740&quot;:276}\">\u00a0<\/span><\/p>\n<blockquote>\n<h4>La probabilidad de sufrir un trastorno mental se ha duplicado en cinco a\u00f1os, incidiendo doblemente en los ni\u00f1os y las clases sociales m\u00e1s vulnerables.\u00a0<span data-ccp-props=\"{&quot;201341983&quot;:0,&quot;335551550&quot;:2,&quot;335551620&quot;:2,&quot;335559739&quot;:160,&quot;335559740&quot;:276}\">\u00a0<\/span><\/h4>\n<\/blockquote>\n<p><span data-contrast=\"auto\">La <\/span><strong>responsable del \u00c1rea de Rehabilitaci\u00f3n y Adicciones de Osonament, Judith Mart\u00ednez<\/strong> <span data-contrast=\"auto\">tambi\u00e9n habla de esta realidad y pone de manifiesto<\/span> <span data-contrast=\"auto\">los trastornos mentales m\u00e1s frecuentes en la comarca: \u201c<\/span><span data-contrast=\"none\">De los 106 j\u00f3venes que atendimos el a\u00f1o pasado, <\/span><strong>los diagn\u00f3sticos con mayor prevalencia son los trastornos psic\u00f3ticos<\/strong><span data-contrast=\"none\"><strong>,<\/strong> entre los que predomina el de esquizofrenia, los trastornos de conducta, el trastorno por d\u00e9ficit de atenci\u00f3n e hiperactividad (TDAH) y el trastorno del espectro autista (TEA). A menudo, estos trastornos se presentan acompa\u00f1ados de consumo de sustancias<\/span><span data-contrast=\"auto\">\u201d. La situaci\u00f3n alarmante no pasa desapercibida por los propios <\/span><a href=\"https:\/\/www.salutmental.org\/vaga-general-estudiantil-en-defensa-de-la-salut-mental\/\"><span data-contrast=\"none\">j\u00f3venes, que hace pocas semanas sal\u00edan a la calle <\/span><\/a><span data-contrast=\"auto\">para reivindicar un <\/span><strong>aumento de los recursos en salud mental y una mejora de las condiciones sociales<\/strong><span data-contrast=\"auto\">. De esta correlaci\u00f3n entre salud mental y condiciones sociales, habla la <\/span><strong>psicopedagoga y psicoterapeuta de <a href=\"http:\/\/www.ranura.org\/\">Ranura<\/a>, T\u00e0nia Casanova: \u201cHay problemas de salud mental que tienen que ver con injusticias sociales y de contexto social<\/strong><span data-contrast=\"auto\"><strong>;<\/strong> si la sociedad fuese m\u00e1s igualitaria, todo ir\u00eda mejor. Los j\u00f3venes sufren y, desde la pandemia, todo se ha hecho m\u00e1s evidente, pero no es \u00fanicamente<\/span> <span data-contrast=\"auto\">fruto de la pandemia: es un tema social, laboral, de las nuevas tecnolog\u00edas, del cambio de la definici\u00f3n de la identidad personal combinada con la identidad digital, de la inmediatez\u2026 Cuestiones que a los j\u00f3venes les afectan particularmente porque se encuentran en un momento de desarrollo. <\/span><strong>Falta educaci\u00f3n emocional en los centros y personas especializadas que puedan atender esta necesidad, porque el profesorado no est\u00e1 preparado para ello<\/strong><span data-contrast=\"auto\"><strong>.<\/strong> Hace falta <\/span><strong>m\u00e1s prevenci\u00f3n<\/strong><span data-contrast=\"auto\">; actualmente, a los temas de salud mental solo se les atiende cuando la situaci\u00f3n ya empieza a ser bastante compleja y, sin embargo, carecen de recursos\u201d, asegura. Que el <\/span><strong>gasto gubernamental en salud mental en todo el mundo<\/strong> <span data-contrast=\"auto\">represente <\/span><strong>el 2,1% del gasto sanitario<\/strong> <span data-contrast=\"auto\">es un dato suficientemente significativo para darnos cuenta de que todav\u00eda hay mucho trabajo por hacer. <\/span><span data-ccp-props=\"{&quot;201341983&quot;:0,&quot;335551550&quot;:6,&quot;335551620&quot;:6,&quot;335559739&quot;:160,&quot;335559740&quot;:276}\">\u00a0<\/span><span data-ccp-props=\"{&quot;201341983&quot;:0,&quot;335551550&quot;:6,&quot;335551620&quot;:6,&quot;335559739&quot;:160,&quot;335559740&quot;:276}\">\u00a0<\/span><\/p>\n<blockquote>\n<h4><strong>[La salud mental] es un tema social, laboral, de las nuevas tecnolog\u00edas, del cambio de la definici\u00f3n de la identidad personal combinada con la identidad digital, de la inmediatez\u2026\u00a0<\/strong><\/h4>\n<\/blockquote>\n<p><span data-contrast=\"auto\">Con todo, seg\u00fan apunta la <\/span><strong>gerente de <a href=\"https:\/\/www.osonament.cat\/\">Osonament<\/a>, Merc\u00e8 Gener\u00f3<\/strong><span data-contrast=\"auto\">, parece que las instituciones p\u00fablicas catalanas se est\u00e1n poniendo las pilas en este \u00e1mbito: \u201cEstamos trabajando codo con codo con <\/span><b><span data-contrast=\"auto\">la Generalitat de Catalunya<\/span><\/b><span data-contrast=\"auto\">, que desde hace unos meses, alineando con las recomendaciones de la OMS, <\/span><strong>desarrolla el <a href=\"https:\/\/presidencia.gencat.cat\/ca\/ambits_d_actuacio\/pacte-nacional-de-salut-mental\/\">Pacto Nacional de Salud Mental <\/a>para que todas las consejer\u00edas se impliquen en este \u00e1mbito y se aborde de manera transversal<\/strong><span data-contrast=\"auto\">, haciendo un cambio de mirada y <\/span><strong>poniendo el foco en la prevenci\u00f3n<\/strong> <span data-contrast=\"auto\">por dejar en segundo plano el modelo intervencionista que hab\u00eda hasta ahora\u201d, dice. En esta l\u00ednea, Casanova sostiene que la <\/span><strong>salud mental es una cuesti\u00f3n que debe trabajarse desde la base<\/strong><span data-contrast=\"auto\">: \u201cLos temas de salud mental tienen que ver c\u00f3mo se constituye el car\u00e1cter y c\u00f3mo nos ayudan a desarrollarnos: las familias tienen bajas de maternidad y paternidad muy cortas, que no permiten realizar una cobertura de la salud mental y de la regulaci\u00f3n emocional; si este acompa\u00f1amiento pudiera realizarse bien, ser\u00eda una buena prevenci\u00f3n, pero <\/span><strong>en Espa\u00f1a actualmente no se hace prevenci\u00f3n en la primera infancia\u201d.<\/strong><span data-ccp-props=\"{&quot;201341983&quot;:0,&quot;335551550&quot;:6,&quot;335551620&quot;:6,&quot;335559739&quot;:160,&quot;335559740&quot;:276}\">\u00a0<\/span><span data-ccp-props=\"{&quot;201341983&quot;:0,&quot;335551550&quot;:6,&quot;335551620&quot;:6,&quot;335559739&quot;:160,&quot;335559740&quot;:276}\">\u00a0<\/span><\/p>\n<blockquote>\n<h4><strong>\u201cA los temas de salud mental solo se les atiende cuando la situaci\u00f3n ya empieza a ser bastante compleja y, sin embargo, carecen de recursos\u201d\u00a0<\/strong><\/h4>\n<\/blockquote>\n<p><span data-ccp-props=\"{&quot;201341983&quot;:0,&quot;335551550&quot;:6,&quot;335551620&quot;:6,&quot;335559739&quot;:160,&quot;335559740&quot;:276}\">\u00a0<\/span><span data-contrast=\"auto\">La <\/span><strong>correlaci\u00f3n entre salud mental y pobreza<\/strong> <span data-contrast=\"auto\">tiene un papel muy importante a la hora de entender este incremento cualitativo y cuantitativo en cuanto a los trastornos graves y el malestar emocional que afecta a los j\u00f3venes: lo plasma la <\/span><a href=\"https:\/\/salutweb.gencat.cat\/ca\/el_departament\/estadistiques_sanitaries\/enquestes\/esca\/resultats_enquesta_salut_catalunya\/\"><span data-contrast=\"none\">Encuesta de <\/span><\/a><a href=\"https:\/\/salutweb.gencat.cat\/ca\/el_departament\/estadistiques_sanitaries\/enquestes\/esca\/resultats_enquesta_salut_catalunya\/\"><span data-contrast=\"none\">salud <\/span><\/a><a href=\"https:\/\/salutweb.gencat.cat\/ca\/el_departament\/estadistiques_sanitaries\/enquestes\/esca\/resultats_enquesta_salut_catalunya\/\"><span data-contrast=\"none\">de Catalu\u00f1a<\/span><\/a><span data-contrast=\"auto\">, que pone de relieve el hecho de que <\/span><strong>los j\u00f3venes que viven en entornos de vulnerabilidad social tienen el doble de riesgo de sufrir un problema de salud mental<\/strong> <span data-contrast=\"auto\">(13,5%) frente a los de clases m\u00e1s favorecidas (6%). Conscientes de esta realidad, los <\/span>programas de la Fundaci\u00f3n Impulsa prev\u00e9nel trabajo emocional con los j\u00f3venes para incluir en su experiencia educativa una visi\u00f3n de la salud mental libre de estigmas<span data-contrast=\"auto\">a trav\u00e9s de formaciones en crecimiento personal y gesti\u00f3n de las emociones, as\u00ed como del acompa\u00f1amiento del equipo psicopedag\u00f3gico de la entidad. Lo explica la <\/span><strong>responsable de Programas, Marta Mir\u00f3,<\/strong> <span data-contrast=\"auto\">que manifiesta que en el \u00faltimo curso la Fundaci\u00f3n Impulsa ha atendido a una veintena de casos de j\u00f3venes con problemas de salud mental: <strong>\u201c<\/strong><\/span><strong>Tener una buena salud mental es lo que garantiza que los j\u00f3venes puedan continuar con los estudios y sacar adelante su proyecto de vida<\/strong> <span data-contrast=\"auto\">y, por tanto, es un aspecto que tenemos muy presente. Ahora mismo, el sistema p\u00fablico en el \u00e1mbito de intervenci\u00f3n psicol\u00f3gica es poco intensivo y, en el caso de detectar la necesidad, intentamos activar otros servicios, porque la mayor\u00eda de los j\u00f3venes no pueden acceder a servicios privados de psicolog\u00eda. En la misma l\u00ednea, en estos casos desde el equipo psicopedag\u00f3gico tambi\u00e9n ofrecemos un acompa\u00f1amiento a la persona mentora, para evitar que se sienta responsable de la evoluci\u00f3n del joven\u201d, detalla.<\/span><span data-ccp-props=\"{&quot;201341983&quot;:0,&quot;335551550&quot;:6,&quot;335551620&quot;:6,&quot;335559739&quot;:160,&quot;335559740&quot;:276}\">\u00a0<\/span><\/p>\n<blockquote>\n<h4><span data-contrast=\"auto\">\u00a0<\/span><strong>Los programas de la Fundaci\u00f3n Impulsa prev\u00e9n el trabajo emocional con los j\u00f3venes para incluir en su experiencia educativa una visi\u00f3n de la salud mental libre de estigmas a trav\u00e9s de formaciones en crecimiento personal y gesti\u00f3n de las emociones\u00a0<\/strong><\/h4>\n<\/blockquote>\n<p><span data-contrast=\"auto\">A su vez, <\/span><a href=\"https:\/\/obertament.org\/\"><span data-contrast=\"none\">Obertament <\/span><\/a><span data-contrast=\"auto\">destaca la importancia de la sensibilizaci\u00f3n entre los j\u00f3venes, ya que <\/span><strong>hay datos que reflejan que la realidad en el entorno educativo deja mucho espacio al estigma por razones de salud mental<\/strong><span data-contrast=\"auto\"><strong>,<\/strong> lo que pone de manifiesto una necesidad de mejora: seg\u00fan el informe <\/span><a href=\"https:\/\/obertament.org\/images\/Presentaci%C3%B3%20Acte\/Estigma%20a%20Catalunya%202016.pdf\"><i><span data-contrast=\"none\">El <\/span><\/i><\/a><a href=\"https:\/\/obertament.org\/images\/Presentaci%C3%B3%20Acte\/Estigma%20a%20Catalunya%202016.pdf\"><i><span data-contrast=\"none\">estigma y la <\/span><\/i><\/a><a href=\"https:\/\/obertament.org\/images\/Presentaci%C3%B3%20Acte\/Estigma%20a%20Catalunya%202016.pdf\"><i><span data-contrast=\"none\">discriminaci\u00f3n <\/span><\/i><\/a><a href=\"https:\/\/www.consaludmental.org\/publicaciones\/Estigma-salud-mental-2016.pdf\"><i><span data-contrast=\"none\">en salud mental en Catalu\u00f1a 2016<\/span><\/i><\/a><span data-contrast=\"auto\">, el 18,9% de las personas con trastorno mental han sido discriminadas por parte de alg\u00fan docente, y el 29,5%, por los compa\u00f1eros y compa\u00f1eras. Esto provoca que, por el miedo a ser discriminadas, el 51,3% de estas personas deciden ocultarlo al profesorado, y el 53%, a los compa\u00f1eros y compa\u00f1eras, lo que puede comportar la voluntad de retraimiento social o de abandono del centro<\/span><span data-contrast=\"none\">. <\/span><span data-contrast=\"none\">Habla de esta situaci\u00f3n la <\/span><strong>directora de la Fundaci\u00f3 Privada Horitz\u00f3 de El Bergued\u00e0, Eva S\u00e1nchez:<\/strong> <span data-contrast=\"none\">\u201cEn la comarca conocemos casos de j\u00f3venes con problemas y trastornos de salud mental a los que no estamos atendiendo porque cuesta mucho que hablen; a menudo no son conscientes de lo que les ocurre o no quieren reconocerlo por miedo al estigma. <\/span><strong>Tenemos constancia de alg\u00fan caso de aislamiento en casa incluso y, por tanto, es muy importante que se hable de salud mental y que trabajemos en la lucha contra el estigma\u201d.\u00a0<\/strong><\/p>\n<p><span data-contrast=\"auto\">Seg\u00fan la OMS, <\/span><strong>una de cada cuatro personas sufrir\u00e1 un problema de salud mental a lo largo de su vida, el 75% de los cuales comienzan antes de los 18 a\u00f1os<\/strong><span data-contrast=\"auto\"><strong>.<\/strong> En los \u00faltimos veinticinco a\u00f1os, la situaci\u00f3n se hace m\u00e1s patente que nunca, con un aumento del 75% de la depresi\u00f3n y la ansiedad entre los adolescentes. La mayor macroencuesta jam\u00e1s realizada en Catalu\u00f1a sobre salud mental en la adolescencia, con una muestra de 267.000 j\u00f3venes de entre 10 y 18 a\u00f1os, revela que el 5,9% de encuestados tiene con frecuencia pensamientos sobre autolesionar o da\u00f1arse.<\/span><span data-ccp-props=\"{&quot;201341983&quot;:0,&quot;335551550&quot;:6,&quot;335551620&quot;:6,&quot;335559739&quot;:160,&quot;335559740&quot;:276}\">\u00a0<\/span><\/p>\n","protected":false},"excerpt":{"rendered":"<p>Profesionales vinculadas con el \u00e1mbito de la salud mental como Judith Mart\u00ednez y Merc\u00e8 Gener\u00f3, de Osonament; Tania Casanova, de Ranura y Eva S\u00e1nchez, de la Fundaci\u00f3n Grup Horitz\u00f3 del Bergued\u00e0 nos ayudan a reflexionar sobre la complejidad a la hora de abordar este tema. \u00a0 Ansiedad, autolesiones, depresiones, trastornos alimenticios, esquizofrenias y tendencias al [&hellip;]<\/p>\n","protected":false},"author":6,"featured_media":7937,"comment_status":"closed","ping_status":"closed","sticky":false,"template":"","format":"standard","meta":{"_acf_changed":false,"footnotes":""},"categories":[85],"tags":[109],"class_list":["post-7944","post","type-post","status-publish","format-standard","has-post-thumbnail","hentry","category-impulsa-conocimiento","tag-impulsaconocimiento"],"acf":[],"yoast_head":"<!-- This site is optimized with the Yoast SEO plugin v27.5 - https:\/\/yoast.com\/product\/yoast-seo-wordpress\/ -->\n<title>El reto may\u00fasculo de la salud mental - Fundacio Impulsa<\/title>\n<meta name=\"robots\" content=\"index, follow, max-snippet:-1, max-image-preview:large, max-video-preview:-1\" \/>\n<link rel=\"canonical\" href=\"https:\/\/www.fundacioimpulsa.org\/es\/el-repte-majuscul-de-la-salut-mental\/\" \/>\n<meta property=\"og:locale\" content=\"es_ES\" \/>\n<meta property=\"og:type\" content=\"article\" \/>\n<meta property=\"og:title\" content=\"El reto may\u00fasculo de la salud mental - Fundacio Impulsa\" \/>\n<meta property=\"og:description\" content=\"Profesionales vinculadas con el \u00e1mbito de la salud mental como Judith Mart\u00ednez y Merc\u00e8 Gener\u00f3, de Osonament; Tania Casanova, de Ranura y Eva S\u00e1nchez, de la Fundaci\u00f3n Grup Horitz\u00f3 del Bergued\u00e0 nos ayudan a reflexionar sobre la complejidad a la hora de abordar este tema. \u00a0 Ansiedad, autolesiones, depresiones, trastornos alimenticios, esquizofrenias y tendencias al [&hellip;]\" \/>\n<meta property=\"og:url\" content=\"https:\/\/www.fundacioimpulsa.org\/es\/el-repte-majuscul-de-la-salut-mental\/\" \/>\n<meta property=\"og:site_name\" content=\"Fundacio Impulsa\" \/>\n<meta property=\"article:published_time\" content=\"2022-12-13T11:30:04+00:00\" \/>\n<meta property=\"article:modified_time\" content=\"2022-12-27T10:38:56+00:00\" \/>\n<meta property=\"og:image\" content=\"https:\/\/www.fundacioimpulsa.org\/wp-content\/uploads\/2022\/12\/salutmental_web.png\" \/>\n\t<meta property=\"og:image:width\" content=\"1080\" \/>\n\t<meta property=\"og:image:height\" content=\"690\" \/>\n\t<meta property=\"og:image:type\" content=\"image\/png\" \/>\n<meta name=\"author\" content=\"comunicacio\" \/>\n<meta name=\"twitter:card\" content=\"summary_large_image\" \/>\n<meta name=\"twitter:label1\" content=\"Escrito por\" \/>\n\t<meta name=\"twitter:data1\" content=\"comunicacio\" \/>\n\t<meta name=\"twitter:label2\" content=\"Tiempo de lectura\" \/>\n\t<meta name=\"twitter:data2\" content=\"8 minutos\" \/>\n<script type=\"application\/ld+json\" class=\"yoast-schema-graph\">{\"@context\":\"https:\\\/\\\/schema.org\",\"@graph\":[{\"@type\":\"Article\",\"@id\":\"https:\\\/\\\/www.fundacioimpulsa.org\\\/es\\\/el-repte-majuscul-de-la-salut-mental\\\/#article\",\"isPartOf\":{\"@id\":\"https:\\\/\\\/www.fundacioimpulsa.org\\\/es\\\/el-repte-majuscul-de-la-salut-mental\\\/\"},\"author\":{\"name\":\"comunicacio\",\"@id\":\"https:\\\/\\\/www.fundacioimpulsa.org\\\/es\\\/#\\\/schema\\\/person\\\/8e5d127d58d49b0b3a374d763db6672b\"},\"headline\":\"El reto may\u00fasculo de la salud mental\",\"datePublished\":\"2022-12-13T11:30:04+00:00\",\"dateModified\":\"2022-12-27T10:38:56+00:00\",\"mainEntityOfPage\":{\"@id\":\"https:\\\/\\\/www.fundacioimpulsa.org\\\/es\\\/el-repte-majuscul-de-la-salut-mental\\\/\"},\"wordCount\":1627,\"image\":{\"@id\":\"https:\\\/\\\/www.fundacioimpulsa.org\\\/es\\\/el-repte-majuscul-de-la-salut-mental\\\/#primaryimage\"},\"thumbnailUrl\":\"https:\\\/\\\/www.fundacioimpulsa.org\\\/wp-content\\\/uploads\\\/2022\\\/12\\\/salutmental_web.png\",\"keywords\":[\"#ImpulsaConocimiento\"],\"articleSection\":[\"Impulsa Conocimiento\"],\"inLanguage\":\"es\"},{\"@type\":\"WebPage\",\"@id\":\"https:\\\/\\\/www.fundacioimpulsa.org\\\/es\\\/el-repte-majuscul-de-la-salut-mental\\\/\",\"url\":\"https:\\\/\\\/www.fundacioimpulsa.org\\\/es\\\/el-repte-majuscul-de-la-salut-mental\\\/\",\"name\":\"El reto may\u00fasculo de la salud mental - Fundacio Impulsa\",\"isPartOf\":{\"@id\":\"https:\\\/\\\/www.fundacioimpulsa.org\\\/es\\\/#website\"},\"primaryImageOfPage\":{\"@id\":\"https:\\\/\\\/www.fundacioimpulsa.org\\\/es\\\/el-repte-majuscul-de-la-salut-mental\\\/#primaryimage\"},\"image\":{\"@id\":\"https:\\\/\\\/www.fundacioimpulsa.org\\\/es\\\/el-repte-majuscul-de-la-salut-mental\\\/#primaryimage\"},\"thumbnailUrl\":\"https:\\\/\\\/www.fundacioimpulsa.org\\\/wp-content\\\/uploads\\\/2022\\\/12\\\/salutmental_web.png\",\"datePublished\":\"2022-12-13T11:30:04+00:00\",\"dateModified\":\"2022-12-27T10:38:56+00:00\",\"author\":{\"@id\":\"https:\\\/\\\/www.fundacioimpulsa.org\\\/es\\\/#\\\/schema\\\/person\\\/8e5d127d58d49b0b3a374d763db6672b\"},\"breadcrumb\":{\"@id\":\"https:\\\/\\\/www.fundacioimpulsa.org\\\/es\\\/el-repte-majuscul-de-la-salut-mental\\\/#breadcrumb\"},\"inLanguage\":\"es\",\"potentialAction\":[{\"@type\":\"ReadAction\",\"target\":[\"https:\\\/\\\/www.fundacioimpulsa.org\\\/es\\\/el-repte-majuscul-de-la-salut-mental\\\/\"]}]},{\"@type\":\"ImageObject\",\"inLanguage\":\"es\",\"@id\":\"https:\\\/\\\/www.fundacioimpulsa.org\\\/es\\\/el-repte-majuscul-de-la-salut-mental\\\/#primaryimage\",\"url\":\"https:\\\/\\\/www.fundacioimpulsa.org\\\/wp-content\\\/uploads\\\/2022\\\/12\\\/salutmental_web.png\",\"contentUrl\":\"https:\\\/\\\/www.fundacioimpulsa.org\\\/wp-content\\\/uploads\\\/2022\\\/12\\\/salutmental_web.png\",\"width\":1080,\"height\":690},{\"@type\":\"BreadcrumbList\",\"@id\":\"https:\\\/\\\/www.fundacioimpulsa.org\\\/es\\\/el-repte-majuscul-de-la-salut-mental\\\/#breadcrumb\",\"itemListElement\":[{\"@type\":\"ListItem\",\"position\":1,\"name\":\"Inici\",\"item\":\"https:\\\/\\\/www.fundacioimpulsa.org\\\/es\\\/fundacio-impulsa\\\/\"},{\"@type\":\"ListItem\",\"position\":2,\"name\":\"El reto may\u00fasculo de la salud mental\"}]},{\"@type\":\"WebSite\",\"@id\":\"https:\\\/\\\/www.fundacioimpulsa.org\\\/es\\\/#website\",\"url\":\"https:\\\/\\\/www.fundacioimpulsa.org\\\/es\\\/\",\"name\":\"Fundacio Impulsa\",\"description\":\"\",\"potentialAction\":[{\"@type\":\"SearchAction\",\"target\":{\"@type\":\"EntryPoint\",\"urlTemplate\":\"https:\\\/\\\/www.fundacioimpulsa.org\\\/es\\\/?s={search_term_string}\"},\"query-input\":{\"@type\":\"PropertyValueSpecification\",\"valueRequired\":true,\"valueName\":\"search_term_string\"}}],\"inLanguage\":\"es\"},{\"@type\":\"Person\",\"@id\":\"https:\\\/\\\/www.fundacioimpulsa.org\\\/es\\\/#\\\/schema\\\/person\\\/8e5d127d58d49b0b3a374d763db6672b\",\"name\":\"comunicacio\",\"image\":{\"@type\":\"ImageObject\",\"inLanguage\":\"es\",\"@id\":\"https:\\\/\\\/secure.gravatar.com\\\/avatar\\\/179d9804721934af904d6831ff1a982684d2987826415ba17246a2fefb582344?s=96&d=mm&r=g\",\"url\":\"https:\\\/\\\/secure.gravatar.com\\\/avatar\\\/179d9804721934af904d6831ff1a982684d2987826415ba17246a2fefb582344?s=96&d=mm&r=g\",\"contentUrl\":\"https:\\\/\\\/secure.gravatar.com\\\/avatar\\\/179d9804721934af904d6831ff1a982684d2987826415ba17246a2fefb582344?s=96&d=mm&r=g\",\"caption\":\"comunicacio\"},\"url\":\"https:\\\/\\\/www.fundacioimpulsa.org\\\/es\\\/author\\\/comunicacio\\\/\"}]}<\/script>\n<!-- \/ Yoast SEO plugin. -->","yoast_head_json":{"title":"El reto may\u00fasculo de la salud mental - Fundacio Impulsa","robots":{"index":"index","follow":"follow","max-snippet":"max-snippet:-1","max-image-preview":"max-image-preview:large","max-video-preview":"max-video-preview:-1"},"canonical":"https:\/\/www.fundacioimpulsa.org\/es\/el-repte-majuscul-de-la-salut-mental\/","og_locale":"es_ES","og_type":"article","og_title":"El reto may\u00fasculo de la salud mental - Fundacio Impulsa","og_description":"Profesionales vinculadas con el \u00e1mbito de la salud mental como Judith Mart\u00ednez y Merc\u00e8 Gener\u00f3, de Osonament; Tania Casanova, de Ranura y Eva S\u00e1nchez, de la Fundaci\u00f3n Grup Horitz\u00f3 del Bergued\u00e0 nos ayudan a reflexionar sobre la complejidad a la hora de abordar este tema. \u00a0 Ansiedad, autolesiones, depresiones, trastornos alimenticios, esquizofrenias y tendencias al [&hellip;]","og_url":"https:\/\/www.fundacioimpulsa.org\/es\/el-repte-majuscul-de-la-salut-mental\/","og_site_name":"Fundacio Impulsa","article_published_time":"2022-12-13T11:30:04+00:00","article_modified_time":"2022-12-27T10:38:56+00:00","og_image":[{"width":1080,"height":690,"url":"https:\/\/www.fundacioimpulsa.org\/wp-content\/uploads\/2022\/12\/salutmental_web.png","type":"image\/png"}],"author":"comunicacio","twitter_card":"summary_large_image","twitter_misc":{"Escrito por":"comunicacio","Tiempo de lectura":"8 minutos"},"schema":{"@context":"https:\/\/schema.org","@graph":[{"@type":"Article","@id":"https:\/\/www.fundacioimpulsa.org\/es\/el-repte-majuscul-de-la-salut-mental\/#article","isPartOf":{"@id":"https:\/\/www.fundacioimpulsa.org\/es\/el-repte-majuscul-de-la-salut-mental\/"},"author":{"name":"comunicacio","@id":"https:\/\/www.fundacioimpulsa.org\/es\/#\/schema\/person\/8e5d127d58d49b0b3a374d763db6672b"},"headline":"El reto may\u00fasculo de la salud mental","datePublished":"2022-12-13T11:30:04+00:00","dateModified":"2022-12-27T10:38:56+00:00","mainEntityOfPage":{"@id":"https:\/\/www.fundacioimpulsa.org\/es\/el-repte-majuscul-de-la-salut-mental\/"},"wordCount":1627,"image":{"@id":"https:\/\/www.fundacioimpulsa.org\/es\/el-repte-majuscul-de-la-salut-mental\/#primaryimage"},"thumbnailUrl":"https:\/\/www.fundacioimpulsa.org\/wp-content\/uploads\/2022\/12\/salutmental_web.png","keywords":["#ImpulsaConocimiento"],"articleSection":["Impulsa Conocimiento"],"inLanguage":"es"},{"@type":"WebPage","@id":"https:\/\/www.fundacioimpulsa.org\/es\/el-repte-majuscul-de-la-salut-mental\/","url":"https:\/\/www.fundacioimpulsa.org\/es\/el-repte-majuscul-de-la-salut-mental\/","name":"El reto may\u00fasculo de la salud mental - Fundacio Impulsa","isPartOf":{"@id":"https:\/\/www.fundacioimpulsa.org\/es\/#website"},"primaryImageOfPage":{"@id":"https:\/\/www.fundacioimpulsa.org\/es\/el-repte-majuscul-de-la-salut-mental\/#primaryimage"},"image":{"@id":"https:\/\/www.fundacioimpulsa.org\/es\/el-repte-majuscul-de-la-salut-mental\/#primaryimage"},"thumbnailUrl":"https:\/\/www.fundacioimpulsa.org\/wp-content\/uploads\/2022\/12\/salutmental_web.png","datePublished":"2022-12-13T11:30:04+00:00","dateModified":"2022-12-27T10:38:56+00:00","author":{"@id":"https:\/\/www.fundacioimpulsa.org\/es\/#\/schema\/person\/8e5d127d58d49b0b3a374d763db6672b"},"breadcrumb":{"@id":"https:\/\/www.fundacioimpulsa.org\/es\/el-repte-majuscul-de-la-salut-mental\/#breadcrumb"},"inLanguage":"es","potentialAction":[{"@type":"ReadAction","target":["https:\/\/www.fundacioimpulsa.org\/es\/el-repte-majuscul-de-la-salut-mental\/"]}]},{"@type":"ImageObject","inLanguage":"es","@id":"https:\/\/www.fundacioimpulsa.org\/es\/el-repte-majuscul-de-la-salut-mental\/#primaryimage","url":"https:\/\/www.fundacioimpulsa.org\/wp-content\/uploads\/2022\/12\/salutmental_web.png","contentUrl":"https:\/\/www.fundacioimpulsa.org\/wp-content\/uploads\/2022\/12\/salutmental_web.png","width":1080,"height":690},{"@type":"BreadcrumbList","@id":"https:\/\/www.fundacioimpulsa.org\/es\/el-repte-majuscul-de-la-salut-mental\/#breadcrumb","itemListElement":[{"@type":"ListItem","position":1,"name":"Inici","item":"https:\/\/www.fundacioimpulsa.org\/es\/fundacio-impulsa\/"},{"@type":"ListItem","position":2,"name":"El reto may\u00fasculo de la salud mental"}]},{"@type":"WebSite","@id":"https:\/\/www.fundacioimpulsa.org\/es\/#website","url":"https:\/\/www.fundacioimpulsa.org\/es\/","name":"Fundacio Impulsa","description":"","potentialAction":[{"@type":"SearchAction","target":{"@type":"EntryPoint","urlTemplate":"https:\/\/www.fundacioimpulsa.org\/es\/?s={search_term_string}"},"query-input":{"@type":"PropertyValueSpecification","valueRequired":true,"valueName":"search_term_string"}}],"inLanguage":"es"},{"@type":"Person","@id":"https:\/\/www.fundacioimpulsa.org\/es\/#\/schema\/person\/8e5d127d58d49b0b3a374d763db6672b","name":"comunicacio","image":{"@type":"ImageObject","inLanguage":"es","@id":"https:\/\/secure.gravatar.com\/avatar\/179d9804721934af904d6831ff1a982684d2987826415ba17246a2fefb582344?s=96&d=mm&r=g","url":"https:\/\/secure.gravatar.com\/avatar\/179d9804721934af904d6831ff1a982684d2987826415ba17246a2fefb582344?s=96&d=mm&r=g","contentUrl":"https:\/\/secure.gravatar.com\/avatar\/179d9804721934af904d6831ff1a982684d2987826415ba17246a2fefb582344?s=96&d=mm&r=g","caption":"comunicacio"},"url":"https:\/\/www.fundacioimpulsa.org\/es\/author\/comunicacio\/"}]}},"publishpress_future_action":{"enabled":false,"date":"2026-05-08 10:33:01","action":"change-status","newStatus":"draft","terms":[],"taxonomy":"category","extraData":[]},"publishpress_future_workflow_manual_trigger":{"enabledWorkflows":[]},"_links":{"self":[{"href":"https:\/\/www.fundacioimpulsa.org\/es\/wp-json\/wp\/v2\/posts\/7944","targetHints":{"allow":["GET"]}}],"collection":[{"href":"https:\/\/www.fundacioimpulsa.org\/es\/wp-json\/wp\/v2\/posts"}],"about":[{"href":"https:\/\/www.fundacioimpulsa.org\/es\/wp-json\/wp\/v2\/types\/post"}],"author":[{"embeddable":true,"href":"https:\/\/www.fundacioimpulsa.org\/es\/wp-json\/wp\/v2\/users\/6"}],"replies":[{"embeddable":true,"href":"https:\/\/www.fundacioimpulsa.org\/es\/wp-json\/wp\/v2\/comments?post=7944"}],"version-history":[{"count":3,"href":"https:\/\/www.fundacioimpulsa.org\/es\/wp-json\/wp\/v2\/posts\/7944\/revisions"}],"predecessor-version":[{"id":7945,"href":"https:\/\/www.fundacioimpulsa.org\/es\/wp-json\/wp\/v2\/posts\/7944\/revisions\/7945"}],"wp:featuredmedia":[{"embeddable":true,"href":"https:\/\/www.fundacioimpulsa.org\/es\/wp-json\/wp\/v2\/media\/7937"}],"wp:attachment":[{"href":"https:\/\/www.fundacioimpulsa.org\/es\/wp-json\/wp\/v2\/media?parent=7944"}],"wp:term":[{"taxonomy":"category","embeddable":true,"href":"https:\/\/www.fundacioimpulsa.org\/es\/wp-json\/wp\/v2\/categories?post=7944"},{"taxonomy":"post_tag","embeddable":true,"href":"https:\/\/www.fundacioimpulsa.org\/es\/wp-json\/wp\/v2\/tags?post=7944"}],"curies":[{"name":"wp","href":"https:\/\/api.w.org\/{rel}","templated":true}]}}