{"id":8356,"date":"2023-02-03T18:00:53","date_gmt":"2023-02-03T17:00:53","guid":{"rendered":"https:\/\/www.fundacioimpulsa.org\/?p=8356"},"modified":"2023-04-20T11:13:19","modified_gmt":"2023-04-20T09:13:19","slug":"estudiar-no-es-nomes-aconseguir-una-titulacio-especifica-es-desenvolupar-se-com-a-persona","status":"publish","type":"post","link":"https:\/\/www.fundacioimpulsa.org\/es\/estudiar-no-es-nomes-aconseguir-una-titulacio-especifica-es-desenvolupar-se-com-a-persona\/","title":{"rendered":"\u201cEstudiar no es solamente conseguir una titulaci\u00f3n espec\u00edfica, es desarrollarse como persona\u201d"},"content":{"rendered":"<p><img loading=\"lazy\" decoding=\"async\" class=\"alignnone wp-image-8350\" src=\"https:\/\/www.fundacioimpulsa.org\/wp-content\/uploads\/2023\/01\/web17-300x192.jpg\" alt=\"\" width=\"725\" height=\"464\" srcset=\"https:\/\/www.fundacioimpulsa.org\/wp-content\/uploads\/2023\/01\/web17-300x192.jpg 300w, https:\/\/www.fundacioimpulsa.org\/wp-content\/uploads\/2023\/01\/web17-1030x658.jpg 1030w, https:\/\/www.fundacioimpulsa.org\/wp-content\/uploads\/2023\/01\/web17-768x491.jpg 768w, https:\/\/www.fundacioimpulsa.org\/wp-content\/uploads\/2023\/01\/web17-705x450.jpg 705w, https:\/\/www.fundacioimpulsa.org\/wp-content\/uploads\/2023\/01\/web17-830x530.jpg 830w, https:\/\/www.fundacioimpulsa.org\/wp-content\/uploads\/2023\/01\/web17-315x201.jpg 315w, https:\/\/www.fundacioimpulsa.org\/wp-content\/uploads\/2023\/01\/web17.jpg 1080w\" sizes=\"auto, (max-width: 725px) 100vw, 725px\" \/><\/p>\n<p><a href=\"#\"><span data-contrast=\"none\">#ProtagonistaImpulsa<\/span>\u00a0<\/a><\/p>\n<p><span data-contrast=\"none\">Impulser de CFGS en Desarrollo de Aplicaciones Web<\/span><span data-ccp-props=\"{&quot;201341983&quot;:0,&quot;335551550&quot;:6,&quot;335551620&quot;:6,&quot;335559738&quot;:240,&quot;335559739&quot;:240,&quot;335559740&quot;:276}\">\u00a0<\/span><\/p>\n<p><strong>Arturo P\u00e9rez Almohalla es uno de los muchos Impulsers que da sentido a la labor de la Fundaci\u00f3n Impulsa. Hace tres a\u00f1os accedi\u00f3 a los programas de la entidad y actualmente est\u00e1 cursando un ciclo formativo de grado superior (CFGS) en Desarrollo de Aplicaciones Web en el Instituto Cirvianum. Siempre le ha motivado aprender, y en la ESO ten\u00eda claro que quer\u00eda seguir estudiando. Saber que el equipo docente de entonces le hab\u00eda escogido para ser candidato a formar parte de los programas de la Fundaci\u00f3n Impulsa le hizo sentir afortunado.\u00a0<\/strong><\/p>\n<ul>\n<li data-leveltext=\"-\" data-font=\"Raleway\" data-listid=\"2\" data-list-defn-props=\"{&quot;335552541&quot;:1,&quot;335559684&quot;:-2,&quot;335559685&quot;:720,&quot;335559991&quot;:360,&quot;469769242&quot;:[8226],&quot;469777803&quot;:&quot;left&quot;,&quot;469777804&quot;:&quot;-&quot;,&quot;469777815&quot;:&quot;multilevel&quot;}\" aria-setsize=\"-1\" data-aria-posinset=\"1\" data-aria-level=\"1\">\n<h5><strong>\u00bfC\u00f3mo llegas a la Fundaci\u00f3n Impulsa?\u00a0<\/strong><\/h5>\n<\/li>\n<\/ul>\n<p><span data-contrast=\"none\">En 4\u00ba de ESO los profesores me explicaron que exist\u00eda la Beca Impulsa, a la que solo pod\u00edan optar dos personas, y que me hab\u00edan escogido para ser una de ellas. Inici\u00e9 el procedimiento para poder acceder a ella y lo pas\u00e9. <\/span><strong>Para m\u00ed fue un privilegio que me escogieran y me dieran esta oportunidad,<\/strong> <span data-contrast=\"none\">tanto desde el centro donde estudiaba como por parte de la Fundaci\u00f3n Impulsa.<\/span><span data-ccp-props=\"{&quot;201341983&quot;:0,&quot;335559740&quot;:276}\">\u00a0<\/span><\/p>\n<p>&nbsp;<\/p>\n<ul>\n<li data-leveltext=\"-\" data-font=\"Raleway\" data-listid=\"2\" data-list-defn-props=\"{&quot;335552541&quot;:1,&quot;335559684&quot;:-2,&quot;335559685&quot;:720,&quot;335559991&quot;:360,&quot;469769242&quot;:[8226],&quot;469777803&quot;:&quot;left&quot;,&quot;469777804&quot;:&quot;-&quot;,&quot;469777815&quot;:&quot;multilevel&quot;}\" aria-setsize=\"-1\" data-aria-posinset=\"2\" data-aria-level=\"1\">\n<h5><strong>\u00bfPor qu\u00e9 crees que te escogieron para optar a esta beca?\u00a0<\/strong><\/h5>\n<\/li>\n<\/ul>\n<p><span data-contrast=\"none\">Supongo que fue porque cumpl\u00eda con el perfil: <\/span><strong>ten\u00eda buena relaci\u00f3n con mi entorno, me comunicaba bien, era constante y ten\u00eda buen rendimiento en los estudios.<\/strong> <span data-contrast=\"none\">La pandemia me hizo tambalear un poco y adaptarme a las clases virtuales me cost\u00f3, pero ten\u00eda claro que quer\u00eda seguir aprendiendo y al final encontr\u00e9 la forma.<\/span><span data-ccp-props=\"{&quot;201341983&quot;:0,&quot;335559740&quot;:276}\">\u00a0<\/span><\/p>\n<p>&nbsp;<\/p>\n<ul>\n<li data-leveltext=\"-\" data-font=\"Raleway\" data-listid=\"1\" data-list-defn-props=\"{&quot;335552541&quot;:1,&quot;335559684&quot;:-2,&quot;335559685&quot;:720,&quot;335559991&quot;:360,&quot;469769242&quot;:[8226],&quot;469777803&quot;:&quot;left&quot;,&quot;469777804&quot;:&quot;-&quot;,&quot;469777815&quot;:&quot;multilevel&quot;}\" aria-setsize=\"-1\" data-aria-posinset=\"1\" data-aria-level=\"1\">\n<h5><b><span data-contrast=\"none\">Por lo que dices, \u00bfcrees que es importante estudiar y formarse?<\/span><\/b><span data-ccp-props=\"{&quot;201341983&quot;:0,&quot;335559740&quot;:276}\">\u00a0<\/span><\/h5>\n<\/li>\n<\/ul>\n<p><span data-ccp-props=\"{&quot;201341983&quot;:0,&quot;335559740&quot;:276}\">\u00a0<\/span><span data-contrast=\"none\">S\u00ed, los conocimientos son muy importantes, porque, si no te formas, no consigues las cosas extra que te aporta formarte. <\/span><strong>Estudiar no es solamente conseguir una titulaci\u00f3n espec\u00edfica, es desarrollarse como persona,<\/strong> <span data-contrast=\"none\">entender lo que te gusta y qu\u00e9 no, ser m\u00e1s claro a la hora de expresarte y mejorarte a ti mismo. Te ayuda a avanzar como persona.<\/span><span data-ccp-props=\"{&quot;201341983&quot;:0,&quot;335559740&quot;:276}\">\u00a0<\/span><\/p>\n<p><span data-ccp-props=\"{&quot;201341983&quot;:0,&quot;335559740&quot;:276}\">\u00a0<\/span><\/p>\n<ul>\n<li data-leveltext=\"-\" data-font=\"Raleway\" data-listid=\"1\" data-list-defn-props=\"{&quot;335552541&quot;:1,&quot;335559684&quot;:-2,&quot;335559685&quot;:720,&quot;335559991&quot;:360,&quot;469769242&quot;:[8226],&quot;469777803&quot;:&quot;left&quot;,&quot;469777804&quot;:&quot;-&quot;,&quot;469777815&quot;:&quot;multilevel&quot;}\" aria-setsize=\"-1\" data-aria-posinset=\"1\" data-aria-level=\"1\">\n<h5><strong>\u00bfCrees que la Fundaci\u00f3n Impulsa te ha ayudado en ese sentido?\u00a0<\/strong><\/h5>\n<\/li>\n<\/ul>\n<p><span data-ccp-props=\"{&quot;201341983&quot;:0,&quot;335559740&quot;:276}\">\u00a0<\/span><span data-contrast=\"none\">\u00a1Totalmente! Mi paso por la Fundaci\u00f3n Impulsa ha sido y est\u00e1 siendo una experiencia muy enriquecedora: el comienzo fue muy f\u00e1cil, porque me acogieron muy bien, y con el tiempo me doy cuenta de que estoy aprendiendo en todo el proceso. <\/span><strong>El M\u00e9todo Impulsa es un modelo ejemplar porque est\u00e1 muy bien preparado; te hace sentir muy bien.\u00a0<\/strong><\/p>\n<p><span data-ccp-props=\"{&quot;201341983&quot;:0,&quot;335559740&quot;:276}\">\u00a0<\/span><\/p>\n<blockquote>\n<h4><strong><i>\u201cMi paso por la Fundaci\u00f3n Impulsa ha sido y est\u00e1 siendo una experiencia muy enriquecedora<\/i><i>\u201d<\/i>\u00a0<\/strong><\/h4>\n<\/blockquote>\n<p><span data-ccp-props=\"{&quot;201341983&quot;:0,&quot;335551550&quot;:2,&quot;335551620&quot;:2,&quot;335559740&quot;:276}\">\u00a0<\/span><\/p>\n<ul>\n<li data-leveltext=\"-\" data-font=\"Raleway\" data-listid=\"1\" data-list-defn-props=\"{&quot;335552541&quot;:1,&quot;335559684&quot;:-2,&quot;335559685&quot;:720,&quot;335559991&quot;:360,&quot;469769242&quot;:[8226],&quot;469777803&quot;:&quot;left&quot;,&quot;469777804&quot;:&quot;-&quot;,&quot;469777815&quot;:&quot;multilevel&quot;}\" aria-setsize=\"-1\" data-aria-posinset=\"1\" data-aria-level=\"1\">\n<h5><strong>\u00bfA qu\u00e9 te refieres cuando dices que el M\u00e9todo Impulsa es ejemplar?\u00a0<\/strong><\/h5>\n<\/li>\n<\/ul>\n<p><span data-ccp-props=\"{&quot;201341983&quot;:0,&quot;335559740&quot;:276}\">\u00a0<\/span><span data-contrast=\"none\">Pienso que <\/span><strong>es un acierto que se potencie a los j\u00f3venes<\/strong> <span data-contrast=\"none\">de muchas otras formas de las que pueden aportar las t\u00edpicas becas econ\u00f3micas. A trav\u00e9s de esta beca y del <\/span><strong>M\u00e9todo Impulsa proporciona un conocimiento extra a la persona y le hace un seguimiento muy importante para acompa\u00f1arla a seguir adelante y a evolucionar como persona<\/strong><span data-contrast=\"none\"><strong>.<\/strong> Impulsar los estudios de esta forma es lo que deber\u00eda hacer todo el mundo, porque <\/span><strong>los problemas no siempre son econ\u00f3micos, sino tambi\u00e9n de estado an\u00edmico, de conocerte a ti mismo, de aprender a gestionar el tiempo\u2026\u00a0<\/strong><\/p>\n<p><span data-ccp-props=\"{&quot;201341983&quot;:0,&quot;335559740&quot;:276}\">\u00a0<\/span><\/p>\n<blockquote>\n<h4><strong><i>\u201c[&#8230;] los problemas no siempre son econ\u00f3micos, sino tambi\u00e9n de estado an\u00edmico, de conocerte a ti mismo, de aprender a gestionar el tiempo\u2026<\/i><i>\u201d<\/i>\u00a0<\/strong><\/h4>\n<\/blockquote>\n<p><span data-ccp-props=\"{&quot;201341983&quot;:0,&quot;335559740&quot;:276}\">\u00a0<\/span><\/p>\n<ul>\n<li data-leveltext=\"-\" data-font=\"Raleway\" data-listid=\"1\" data-list-defn-props=\"{&quot;335552541&quot;:1,&quot;335559684&quot;:-2,&quot;335559685&quot;:720,&quot;335559991&quot;:360,&quot;469769242&quot;:[8226],&quot;469777803&quot;:&quot;left&quot;,&quot;469777804&quot;:&quot;-&quot;,&quot;469777815&quot;:&quot;multilevel&quot;}\" aria-setsize=\"-1\" data-aria-posinset=\"1\" data-aria-level=\"1\">\n<h5><strong>Si tuvieras que quedarte con una de las cosas que te ha aportado tu paso por la Fundaci\u00f3n Impulsa, \u00bfcu\u00e1l ser\u00eda?\u00a0<\/strong><\/h5>\n<\/li>\n<\/ul>\n<p><strong>Una de las experiencias que m\u00e1s me ha gustado ha sido el voluntariado.<\/strong> <span data-contrast=\"none\">Es algo que posiblemente no me hubiera planteado hacer y que forma parte indispensable de los compromisos que adquieres con la Fundaci\u00f3n Impulsa, en la que debemos realizar 25 horas de voluntariado anual en alguna entidad del territorio. A m\u00ed, <\/span><strong>realmente, me ha descubierto otro mundo y al mismo tiempo me ha acercado al mundo laboral.\u00a0<\/strong><\/p>\n<p><span data-ccp-props=\"{&quot;201341983&quot;:0,&quot;335559740&quot;:276}\">\u00a0<\/span><\/p>\n<ul>\n<li data-leveltext=\"-\" data-font=\"Raleway\" data-listid=\"1\" data-list-defn-props=\"{&quot;335552541&quot;:1,&quot;335559684&quot;:-2,&quot;335559685&quot;:720,&quot;335559991&quot;:360,&quot;469769242&quot;:[8226],&quot;469777803&quot;:&quot;left&quot;,&quot;469777804&quot;:&quot;-&quot;,&quot;469777815&quot;:&quot;multilevel&quot;}\" aria-setsize=\"-1\" data-aria-posinset=\"1\" data-aria-level=\"1\">\n<h5><strong>\u00bfC\u00f3mo has vivido la experiencia?\u00a0<\/strong><\/h5>\n<\/li>\n<\/ul>\n<p><span data-contrast=\"none\">He realizado el voluntariado en la Cruz Roja de Vic y me ha permitido <\/span><strong>experimentar y conocer muchas cosas<\/strong> <span data-contrast=\"none\">a trav\u00e9s de mi estancia, ya que he hecho tareas muy variadas, <\/span><strong>y tambi\u00e9n me ha servido para conocerme mejor a m\u00ed mismo.<\/strong> <span data-contrast=\"none\">He pasado gran parte del tiempo en el Banc dels Aliments, donde he tenido que <\/span><strong>hablar muchos idiomas diferentes y desarrollar diferentes competencias.<\/strong> <span data-contrast=\"none\">Nunca hab\u00eda vivido situaciones en las que, por ejemplo, tuviera que hablar ingl\u00e9s a toda costa y adem\u00e1s con personas desconocidas con las que la comunicaci\u00f3n era clave para poder entenderlos y ayudarles. Tambi\u00e9n me he ocupado de realizar gestiones administrativas, y todo esto me ha sido muy \u00fatil. Ahora quiero centrarme en los estudios, pero <\/span><strong>cuando pueda seguramente volver\u00e9 a implicarme en alguna entidad, porque haciendo voluntariado no tienes nada que perder y mucho que ganar.\u00a0<\/strong><\/p>\n<p><span data-ccp-props=\"{&quot;201341983&quot;:0,&quot;335559740&quot;:276}\">\u00a0<\/span><\/p>\n<blockquote>\n<h4><strong><i>\u201c[Hacer voluntariado] me ha permitido experimentar y conocer muchas cosas (&#8230;) y tambi\u00e9n me ha servido para conocerme mejor a m\u00ed mismo<\/i><i>\u201d<\/i>\u00a0<\/strong><\/h4>\n<\/blockquote>\n<p><span data-ccp-props=\"{&quot;201341983&quot;:0,&quot;335559740&quot;:276}\">\u00a0<\/span><span data-ccp-props=\"{&quot;201341983&quot;:0,&quot;335559740&quot;:276}\">\u00a0<\/span><\/p>\n<ul>\n<li data-leveltext=\"-\" data-font=\"Raleway\" data-listid=\"1\" data-list-defn-props=\"{&quot;335552541&quot;:1,&quot;335559684&quot;:-2,&quot;335559685&quot;:720,&quot;335559991&quot;:360,&quot;469769242&quot;:[8226],&quot;469777803&quot;:&quot;left&quot;,&quot;469777804&quot;:&quot;-&quot;,&quot;469777815&quot;:&quot;multilevel&quot;}\" aria-setsize=\"-1\" data-aria-posinset=\"1\" data-aria-level=\"1\">\n<h5><strong>\u00bfCon qu\u00e9 dificultades te has encontrado a lo largo de estos tres \u00faltimos a\u00f1os?\u00a0<\/strong><\/h5>\n<\/li>\n<\/ul>\n<p><span data-contrast=\"none\">Considero que he tenido bastantes problemas con el profesorado. <\/span><strong>He topado con evaluaciones injustas, y esto es muy frustrante<\/strong><span data-contrast=\"none\">, porque t\u00fa crees que has hecho el trabajo y cuando ves que no se te valora el esfuerzo te desanimas. <\/span><strong>La Fundaci\u00f3n Impulsa y mi mentor me ayudaron mucho a ver c\u00f3mo pod\u00eda gestionar esa frustraci\u00f3n y entender c\u00f3mo reconducir la situaci\u00f3n.\u00a0<\/strong><\/p>\n<p><span data-ccp-props=\"{&quot;201341983&quot;:0,&quot;335559740&quot;:276}\">\u00a0<\/span><\/p>\n<ul>\n<li data-leveltext=\"-\" data-font=\"Raleway\" data-listid=\"1\" data-list-defn-props=\"{&quot;335552541&quot;:1,&quot;335559684&quot;:-2,&quot;335559685&quot;:720,&quot;335559991&quot;:360,&quot;469769242&quot;:[8226],&quot;469777803&quot;:&quot;left&quot;,&quot;469777804&quot;:&quot;-&quot;,&quot;469777815&quot;:&quot;multilevel&quot;}\" aria-setsize=\"-1\" data-aria-posinset=\"2\" data-aria-level=\"1\">\n<h5><strong>\u00bfHa sido importante para ti la figura del mentor?\u00a0<\/strong><\/h5>\n<\/li>\n<\/ul>\n<p><span data-ccp-props=\"{&quot;201341983&quot;:0,&quot;335559740&quot;:276}\">\u00a0<\/span><span data-contrast=\"none\">\u00a1S\u00ed! <\/span><strong>El mentor<\/strong> <span data-contrast=\"none\">me ha sido de gran ayuda, porque hablar con alguien cuando lo necesitas va muy bien. Adem\u00e1s, es una persona que ha pasado por las mismas situaciones que yo y contar con esta figura aporta experiencia y conocimientos; es un soporte emocional que tambi\u00e9n valoro mucho, porque es quien te ayuda en momentos que lo necesitas. <\/span><strong>Me ha aportado ideas claras de lo que deb\u00eda hacer y c\u00f3mo, tanto en los estudios como en las pr\u00e1cticas, me ayud\u00f3 a hacer el curr\u00edculum y a tener una idea clara de lo que se busca en un candidato.\u00a0<\/strong><\/p>\n<p><span data-ccp-props=\"{&quot;201341983&quot;:0,&quot;335559740&quot;:276}\">\u00a0<\/span><\/p>\n<blockquote>\n<h4><strong><i>\u201cEl mentor aporta experiencia y conocimientos; es un apoyo emocional que tambi\u00e9n valoro mucho\u201d<\/i>\u00a0<\/strong><\/h4>\n<\/blockquote>\n<p><span data-ccp-props=\"{&quot;201341983&quot;:0,&quot;335559740&quot;:276}\">\u00a0<\/span><\/p>\n<ul>\n<li data-leveltext=\"-\" data-font=\"Raleway\" data-listid=\"3\" data-list-defn-props=\"{&quot;335552541&quot;:1,&quot;335559684&quot;:-2,&quot;335559685&quot;:720,&quot;335559991&quot;:360,&quot;469769242&quot;:[8226],&quot;469777803&quot;:&quot;left&quot;,&quot;469777804&quot;:&quot;-&quot;,&quot;469777815&quot;:&quot;multilevel&quot;}\" aria-setsize=\"-1\" data-aria-posinset=\"1\" data-aria-level=\"1\">\n<h5><strong>\u00bfCu\u00e1les son tus retos de futuro?\u00a0<\/strong><\/h5>\n<\/li>\n<\/ul>\n<p><span data-contrast=\"none\">Quiero conseguir mejorar mi disciplina y <\/span><strong>seguir con los estudios, formarme como persona y conseguir un trabajo<\/strong> <span data-contrast=\"none\">que me permita vivir. <\/span><span data-ccp-props=\"{&quot;201341983&quot;:0,&quot;335559740&quot;:276}\">\u00a0<\/span><\/p>\n","protected":false},"excerpt":{"rendered":"<p>L\u2019Arturo P\u00e9rez Almohalla \u00e9s Impulser de CFGS en Desenvolupament d&#8217;Aplicacions Web<\/p>\n","protected":false},"author":6,"featured_media":8351,"comment_status":"closed","ping_status":"closed","sticky":false,"template":"","format":"standard","meta":{"_acf_changed":false,"footnotes":""},"categories":[84],"tags":[99],"class_list":["post-8356","post","type-post","status-publish","format-standard","has-post-thumbnail","hentry","category-protagonistas-impulsa","tag-protagonistasimpulsa"],"acf":[],"yoast_head":"<!-- This site is optimized with the Yoast SEO plugin v27.5 - https:\/\/yoast.com\/product\/yoast-seo-wordpress\/ -->\n<title>\u201cEstudiar no es solamente conseguir una titulaci\u00f3n espec\u00edfica, es desarrollarse como persona\u201d - Fundacio Impulsa<\/title>\n<meta name=\"robots\" content=\"index, follow, max-snippet:-1, max-image-preview:large, max-video-preview:-1\" \/>\n<link rel=\"canonical\" href=\"https:\/\/www.fundacioimpulsa.org\/es\/estudiar-no-es-nomes-aconseguir-una-titulacio-especifica-es-desenvolupar-se-com-a-persona\/\" \/>\n<meta property=\"og:locale\" content=\"es_ES\" \/>\n<meta property=\"og:type\" content=\"article\" \/>\n<meta property=\"og:title\" content=\"\u201cEstudiar no es solamente conseguir una titulaci\u00f3n espec\u00edfica, es desarrollarse como persona\u201d - Fundacio Impulsa\" \/>\n<meta property=\"og:description\" content=\"L\u2019Arturo P\u00e9rez Almohalla \u00e9s Impulser de CFGS en Desenvolupament d&#039;Aplicacions Web\" \/>\n<meta property=\"og:url\" content=\"https:\/\/www.fundacioimpulsa.org\/es\/estudiar-no-es-nomes-aconseguir-una-titulacio-especifica-es-desenvolupar-se-com-a-persona\/\" \/>\n<meta property=\"og:site_name\" content=\"Fundacio Impulsa\" \/>\n<meta property=\"article:published_time\" content=\"2023-02-03T17:00:53+00:00\" \/>\n<meta property=\"article:modified_time\" content=\"2023-04-20T09:13:19+00:00\" \/>\n<meta property=\"og:image\" content=\"https:\/\/www.fundacioimpulsa.org\/wp-content\/uploads\/2023\/01\/web17.jpg\" \/>\n\t<meta property=\"og:image:width\" content=\"1080\" \/>\n\t<meta property=\"og:image:height\" content=\"690\" \/>\n\t<meta property=\"og:image:type\" content=\"image\/jpeg\" \/>\n<meta name=\"author\" content=\"comunicacio\" \/>\n<meta name=\"twitter:card\" content=\"summary_large_image\" \/>\n<meta name=\"twitter:label1\" content=\"Escrito por\" \/>\n\t<meta name=\"twitter:data1\" content=\"comunicacio\" \/>\n\t<meta name=\"twitter:label2\" content=\"Tiempo de lectura\" \/>\n\t<meta name=\"twitter:data2\" content=\"5 minutos\" \/>\n<script type=\"application\/ld+json\" class=\"yoast-schema-graph\">{\"@context\":\"https:\\\/\\\/schema.org\",\"@graph\":[{\"@type\":\"Article\",\"@id\":\"https:\\\/\\\/www.fundacioimpulsa.org\\\/es\\\/estudiar-no-es-nomes-aconseguir-una-titulacio-especifica-es-desenvolupar-se-com-a-persona\\\/#article\",\"isPartOf\":{\"@id\":\"https:\\\/\\\/www.fundacioimpulsa.org\\\/es\\\/estudiar-no-es-nomes-aconseguir-una-titulacio-especifica-es-desenvolupar-se-com-a-persona\\\/\"},\"author\":{\"name\":\"comunicacio\",\"@id\":\"https:\\\/\\\/www.fundacioimpulsa.org\\\/es\\\/#\\\/schema\\\/person\\\/8e5d127d58d49b0b3a374d763db6672b\"},\"headline\":\"\u201cEstudiar no es solamente conseguir una titulaci\u00f3n espec\u00edfica, es desarrollarse como persona\u201d\",\"datePublished\":\"2023-02-03T17:00:53+00:00\",\"dateModified\":\"2023-04-20T09:13:19+00:00\",\"mainEntityOfPage\":{\"@id\":\"https:\\\/\\\/www.fundacioimpulsa.org\\\/es\\\/estudiar-no-es-nomes-aconseguir-una-titulacio-especifica-es-desenvolupar-se-com-a-persona\\\/\"},\"wordCount\":1087,\"image\":{\"@id\":\"https:\\\/\\\/www.fundacioimpulsa.org\\\/es\\\/estudiar-no-es-nomes-aconseguir-una-titulacio-especifica-es-desenvolupar-se-com-a-persona\\\/#primaryimage\"},\"thumbnailUrl\":\"https:\\\/\\\/www.fundacioimpulsa.org\\\/wp-content\\\/uploads\\\/2023\\\/01\\\/web17.jpg\",\"keywords\":[\"#ProtagonistasImpulsa\"],\"articleSection\":[\"Protagonistas Impulsa\"],\"inLanguage\":\"es\"},{\"@type\":\"WebPage\",\"@id\":\"https:\\\/\\\/www.fundacioimpulsa.org\\\/es\\\/estudiar-no-es-nomes-aconseguir-una-titulacio-especifica-es-desenvolupar-se-com-a-persona\\\/\",\"url\":\"https:\\\/\\\/www.fundacioimpulsa.org\\\/es\\\/estudiar-no-es-nomes-aconseguir-una-titulacio-especifica-es-desenvolupar-se-com-a-persona\\\/\",\"name\":\"\u201cEstudiar no es solamente conseguir una titulaci\u00f3n espec\u00edfica, es desarrollarse como persona\u201d - Fundacio Impulsa\",\"isPartOf\":{\"@id\":\"https:\\\/\\\/www.fundacioimpulsa.org\\\/es\\\/#website\"},\"primaryImageOfPage\":{\"@id\":\"https:\\\/\\\/www.fundacioimpulsa.org\\\/es\\\/estudiar-no-es-nomes-aconseguir-una-titulacio-especifica-es-desenvolupar-se-com-a-persona\\\/#primaryimage\"},\"image\":{\"@id\":\"https:\\\/\\\/www.fundacioimpulsa.org\\\/es\\\/estudiar-no-es-nomes-aconseguir-una-titulacio-especifica-es-desenvolupar-se-com-a-persona\\\/#primaryimage\"},\"thumbnailUrl\":\"https:\\\/\\\/www.fundacioimpulsa.org\\\/wp-content\\\/uploads\\\/2023\\\/01\\\/web17.jpg\",\"datePublished\":\"2023-02-03T17:00:53+00:00\",\"dateModified\":\"2023-04-20T09:13:19+00:00\",\"author\":{\"@id\":\"https:\\\/\\\/www.fundacioimpulsa.org\\\/es\\\/#\\\/schema\\\/person\\\/8e5d127d58d49b0b3a374d763db6672b\"},\"breadcrumb\":{\"@id\":\"https:\\\/\\\/www.fundacioimpulsa.org\\\/es\\\/estudiar-no-es-nomes-aconseguir-una-titulacio-especifica-es-desenvolupar-se-com-a-persona\\\/#breadcrumb\"},\"inLanguage\":\"es\",\"potentialAction\":[{\"@type\":\"ReadAction\",\"target\":[\"https:\\\/\\\/www.fundacioimpulsa.org\\\/es\\\/estudiar-no-es-nomes-aconseguir-una-titulacio-especifica-es-desenvolupar-se-com-a-persona\\\/\"]}]},{\"@type\":\"ImageObject\",\"inLanguage\":\"es\",\"@id\":\"https:\\\/\\\/www.fundacioimpulsa.org\\\/es\\\/estudiar-no-es-nomes-aconseguir-una-titulacio-especifica-es-desenvolupar-se-com-a-persona\\\/#primaryimage\",\"url\":\"https:\\\/\\\/www.fundacioimpulsa.org\\\/wp-content\\\/uploads\\\/2023\\\/01\\\/web17.jpg\",\"contentUrl\":\"https:\\\/\\\/www.fundacioimpulsa.org\\\/wp-content\\\/uploads\\\/2023\\\/01\\\/web17.jpg\",\"width\":1080,\"height\":690},{\"@type\":\"BreadcrumbList\",\"@id\":\"https:\\\/\\\/www.fundacioimpulsa.org\\\/es\\\/estudiar-no-es-nomes-aconseguir-una-titulacio-especifica-es-desenvolupar-se-com-a-persona\\\/#breadcrumb\",\"itemListElement\":[{\"@type\":\"ListItem\",\"position\":1,\"name\":\"Inici\",\"item\":\"https:\\\/\\\/www.fundacioimpulsa.org\\\/es\\\/fundacio-impulsa\\\/\"},{\"@type\":\"ListItem\",\"position\":2,\"name\":\"\u201cEstudiar no es solamente conseguir una titulaci\u00f3n espec\u00edfica, es desarrollarse como persona\u201d\"}]},{\"@type\":\"WebSite\",\"@id\":\"https:\\\/\\\/www.fundacioimpulsa.org\\\/es\\\/#website\",\"url\":\"https:\\\/\\\/www.fundacioimpulsa.org\\\/es\\\/\",\"name\":\"Fundacio Impulsa\",\"description\":\"\",\"potentialAction\":[{\"@type\":\"SearchAction\",\"target\":{\"@type\":\"EntryPoint\",\"urlTemplate\":\"https:\\\/\\\/www.fundacioimpulsa.org\\\/es\\\/?s={search_term_string}\"},\"query-input\":{\"@type\":\"PropertyValueSpecification\",\"valueRequired\":true,\"valueName\":\"search_term_string\"}}],\"inLanguage\":\"es\"},{\"@type\":\"Person\",\"@id\":\"https:\\\/\\\/www.fundacioimpulsa.org\\\/es\\\/#\\\/schema\\\/person\\\/8e5d127d58d49b0b3a374d763db6672b\",\"name\":\"comunicacio\",\"image\":{\"@type\":\"ImageObject\",\"inLanguage\":\"es\",\"@id\":\"https:\\\/\\\/secure.gravatar.com\\\/avatar\\\/179d9804721934af904d6831ff1a982684d2987826415ba17246a2fefb582344?s=96&d=mm&r=g\",\"url\":\"https:\\\/\\\/secure.gravatar.com\\\/avatar\\\/179d9804721934af904d6831ff1a982684d2987826415ba17246a2fefb582344?s=96&d=mm&r=g\",\"contentUrl\":\"https:\\\/\\\/secure.gravatar.com\\\/avatar\\\/179d9804721934af904d6831ff1a982684d2987826415ba17246a2fefb582344?s=96&d=mm&r=g\",\"caption\":\"comunicacio\"},\"url\":\"https:\\\/\\\/www.fundacioimpulsa.org\\\/es\\\/author\\\/comunicacio\\\/\"}]}<\/script>\n<!-- \/ Yoast SEO plugin. -->","yoast_head_json":{"title":"\u201cEstudiar no es solamente conseguir una titulaci\u00f3n espec\u00edfica, es desarrollarse como persona\u201d - Fundacio Impulsa","robots":{"index":"index","follow":"follow","max-snippet":"max-snippet:-1","max-image-preview":"max-image-preview:large","max-video-preview":"max-video-preview:-1"},"canonical":"https:\/\/www.fundacioimpulsa.org\/es\/estudiar-no-es-nomes-aconseguir-una-titulacio-especifica-es-desenvolupar-se-com-a-persona\/","og_locale":"es_ES","og_type":"article","og_title":"\u201cEstudiar no es solamente conseguir una titulaci\u00f3n espec\u00edfica, es desarrollarse como persona\u201d - Fundacio Impulsa","og_description":"L\u2019Arturo P\u00e9rez Almohalla \u00e9s Impulser de CFGS en Desenvolupament d'Aplicacions Web","og_url":"https:\/\/www.fundacioimpulsa.org\/es\/estudiar-no-es-nomes-aconseguir-una-titulacio-especifica-es-desenvolupar-se-com-a-persona\/","og_site_name":"Fundacio Impulsa","article_published_time":"2023-02-03T17:00:53+00:00","article_modified_time":"2023-04-20T09:13:19+00:00","og_image":[{"width":1080,"height":690,"url":"https:\/\/www.fundacioimpulsa.org\/wp-content\/uploads\/2023\/01\/web17.jpg","type":"image\/jpeg"}],"author":"comunicacio","twitter_card":"summary_large_image","twitter_misc":{"Escrito por":"comunicacio","Tiempo de lectura":"5 minutos"},"schema":{"@context":"https:\/\/schema.org","@graph":[{"@type":"Article","@id":"https:\/\/www.fundacioimpulsa.org\/es\/estudiar-no-es-nomes-aconseguir-una-titulacio-especifica-es-desenvolupar-se-com-a-persona\/#article","isPartOf":{"@id":"https:\/\/www.fundacioimpulsa.org\/es\/estudiar-no-es-nomes-aconseguir-una-titulacio-especifica-es-desenvolupar-se-com-a-persona\/"},"author":{"name":"comunicacio","@id":"https:\/\/www.fundacioimpulsa.org\/es\/#\/schema\/person\/8e5d127d58d49b0b3a374d763db6672b"},"headline":"\u201cEstudiar no es solamente conseguir una titulaci\u00f3n espec\u00edfica, es desarrollarse como persona\u201d","datePublished":"2023-02-03T17:00:53+00:00","dateModified":"2023-04-20T09:13:19+00:00","mainEntityOfPage":{"@id":"https:\/\/www.fundacioimpulsa.org\/es\/estudiar-no-es-nomes-aconseguir-una-titulacio-especifica-es-desenvolupar-se-com-a-persona\/"},"wordCount":1087,"image":{"@id":"https:\/\/www.fundacioimpulsa.org\/es\/estudiar-no-es-nomes-aconseguir-una-titulacio-especifica-es-desenvolupar-se-com-a-persona\/#primaryimage"},"thumbnailUrl":"https:\/\/www.fundacioimpulsa.org\/wp-content\/uploads\/2023\/01\/web17.jpg","keywords":["#ProtagonistasImpulsa"],"articleSection":["Protagonistas Impulsa"],"inLanguage":"es"},{"@type":"WebPage","@id":"https:\/\/www.fundacioimpulsa.org\/es\/estudiar-no-es-nomes-aconseguir-una-titulacio-especifica-es-desenvolupar-se-com-a-persona\/","url":"https:\/\/www.fundacioimpulsa.org\/es\/estudiar-no-es-nomes-aconseguir-una-titulacio-especifica-es-desenvolupar-se-com-a-persona\/","name":"\u201cEstudiar no es solamente conseguir una titulaci\u00f3n espec\u00edfica, es desarrollarse como persona\u201d - Fundacio Impulsa","isPartOf":{"@id":"https:\/\/www.fundacioimpulsa.org\/es\/#website"},"primaryImageOfPage":{"@id":"https:\/\/www.fundacioimpulsa.org\/es\/estudiar-no-es-nomes-aconseguir-una-titulacio-especifica-es-desenvolupar-se-com-a-persona\/#primaryimage"},"image":{"@id":"https:\/\/www.fundacioimpulsa.org\/es\/estudiar-no-es-nomes-aconseguir-una-titulacio-especifica-es-desenvolupar-se-com-a-persona\/#primaryimage"},"thumbnailUrl":"https:\/\/www.fundacioimpulsa.org\/wp-content\/uploads\/2023\/01\/web17.jpg","datePublished":"2023-02-03T17:00:53+00:00","dateModified":"2023-04-20T09:13:19+00:00","author":{"@id":"https:\/\/www.fundacioimpulsa.org\/es\/#\/schema\/person\/8e5d127d58d49b0b3a374d763db6672b"},"breadcrumb":{"@id":"https:\/\/www.fundacioimpulsa.org\/es\/estudiar-no-es-nomes-aconseguir-una-titulacio-especifica-es-desenvolupar-se-com-a-persona\/#breadcrumb"},"inLanguage":"es","potentialAction":[{"@type":"ReadAction","target":["https:\/\/www.fundacioimpulsa.org\/es\/estudiar-no-es-nomes-aconseguir-una-titulacio-especifica-es-desenvolupar-se-com-a-persona\/"]}]},{"@type":"ImageObject","inLanguage":"es","@id":"https:\/\/www.fundacioimpulsa.org\/es\/estudiar-no-es-nomes-aconseguir-una-titulacio-especifica-es-desenvolupar-se-com-a-persona\/#primaryimage","url":"https:\/\/www.fundacioimpulsa.org\/wp-content\/uploads\/2023\/01\/web17.jpg","contentUrl":"https:\/\/www.fundacioimpulsa.org\/wp-content\/uploads\/2023\/01\/web17.jpg","width":1080,"height":690},{"@type":"BreadcrumbList","@id":"https:\/\/www.fundacioimpulsa.org\/es\/estudiar-no-es-nomes-aconseguir-una-titulacio-especifica-es-desenvolupar-se-com-a-persona\/#breadcrumb","itemListElement":[{"@type":"ListItem","position":1,"name":"Inici","item":"https:\/\/www.fundacioimpulsa.org\/es\/fundacio-impulsa\/"},{"@type":"ListItem","position":2,"name":"\u201cEstudiar no es solamente conseguir una titulaci\u00f3n espec\u00edfica, es desarrollarse como persona\u201d"}]},{"@type":"WebSite","@id":"https:\/\/www.fundacioimpulsa.org\/es\/#website","url":"https:\/\/www.fundacioimpulsa.org\/es\/","name":"Fundacio Impulsa","description":"","potentialAction":[{"@type":"SearchAction","target":{"@type":"EntryPoint","urlTemplate":"https:\/\/www.fundacioimpulsa.org\/es\/?s={search_term_string}"},"query-input":{"@type":"PropertyValueSpecification","valueRequired":true,"valueName":"search_term_string"}}],"inLanguage":"es"},{"@type":"Person","@id":"https:\/\/www.fundacioimpulsa.org\/es\/#\/schema\/person\/8e5d127d58d49b0b3a374d763db6672b","name":"comunicacio","image":{"@type":"ImageObject","inLanguage":"es","@id":"https:\/\/secure.gravatar.com\/avatar\/179d9804721934af904d6831ff1a982684d2987826415ba17246a2fefb582344?s=96&d=mm&r=g","url":"https:\/\/secure.gravatar.com\/avatar\/179d9804721934af904d6831ff1a982684d2987826415ba17246a2fefb582344?s=96&d=mm&r=g","contentUrl":"https:\/\/secure.gravatar.com\/avatar\/179d9804721934af904d6831ff1a982684d2987826415ba17246a2fefb582344?s=96&d=mm&r=g","caption":"comunicacio"},"url":"https:\/\/www.fundacioimpulsa.org\/es\/author\/comunicacio\/"}]}},"publishpress_future_action":{"enabled":false,"date":"2026-05-07 20:47:16","action":"change-status","newStatus":"draft","terms":[],"taxonomy":"category","extraData":[]},"publishpress_future_workflow_manual_trigger":{"enabledWorkflows":[]},"_links":{"self":[{"href":"https:\/\/www.fundacioimpulsa.org\/es\/wp-json\/wp\/v2\/posts\/8356","targetHints":{"allow":["GET"]}}],"collection":[{"href":"https:\/\/www.fundacioimpulsa.org\/es\/wp-json\/wp\/v2\/posts"}],"about":[{"href":"https:\/\/www.fundacioimpulsa.org\/es\/wp-json\/wp\/v2\/types\/post"}],"author":[{"embeddable":true,"href":"https:\/\/www.fundacioimpulsa.org\/es\/wp-json\/wp\/v2\/users\/6"}],"replies":[{"embeddable":true,"href":"https:\/\/www.fundacioimpulsa.org\/es\/wp-json\/wp\/v2\/comments?post=8356"}],"version-history":[{"count":2,"href":"https:\/\/www.fundacioimpulsa.org\/es\/wp-json\/wp\/v2\/posts\/8356\/revisions"}],"predecessor-version":[{"id":8357,"href":"https:\/\/www.fundacioimpulsa.org\/es\/wp-json\/wp\/v2\/posts\/8356\/revisions\/8357"}],"wp:featuredmedia":[{"embeddable":true,"href":"https:\/\/www.fundacioimpulsa.org\/es\/wp-json\/wp\/v2\/media\/8351"}],"wp:attachment":[{"href":"https:\/\/www.fundacioimpulsa.org\/es\/wp-json\/wp\/v2\/media?parent=8356"}],"wp:term":[{"taxonomy":"category","embeddable":true,"href":"https:\/\/www.fundacioimpulsa.org\/es\/wp-json\/wp\/v2\/categories?post=8356"},{"taxonomy":"post_tag","embeddable":true,"href":"https:\/\/www.fundacioimpulsa.org\/es\/wp-json\/wp\/v2\/tags?post=8356"}],"curies":[{"name":"wp","href":"https:\/\/api.w.org\/{rel}","templated":true}]}}