{"id":8390,"date":"2023-02-16T09:00:44","date_gmt":"2023-02-16T08:00:44","guid":{"rendered":"https:\/\/www.fundacioimpulsa.org\/?p=8390"},"modified":"2023-02-16T11:39:09","modified_gmt":"2023-02-16T10:39:09","slug":"participem-al-programa-innovadors-programa-dinnovacio-en-locupacio-de-loficina-de-promocio-economica-de-lajuntament-de-manlleu-cofinancat-pel-servei-doc","status":"publish","type":"post","link":"https:\/\/www.fundacioimpulsa.org\/es\/participem-al-programa-innovadors-programa-dinnovacio-en-locupacio-de-loficina-de-promocio-economica-de-lajuntament-de-manlleu-cofinancat-pel-servei-doc\/","title":{"rendered":"Participamos en el Programa Innovadors (Programa de innovaci\u00f3n en el empleo) de la Oficina de Promoci\u00f3n Econ\u00f3mica del Ayuntamiento de Manlleu, cofinanciado por el Servicio de Ocupaci\u00f3n de Catalu\u00f1a"},"content":{"rendered":"<p><img loading=\"lazy\" decoding=\"async\" class=\"alignnone wp-image-8386\" src=\"https:\/\/www.fundacioimpulsa.org\/wp-content\/uploads\/2023\/02\/miniatura-web-300x195.jpg\" alt=\"\" width=\"725\" height=\"471\" srcset=\"https:\/\/www.fundacioimpulsa.org\/wp-content\/uploads\/2023\/02\/miniatura-web-300x195.jpg 300w, https:\/\/www.fundacioimpulsa.org\/wp-content\/uploads\/2023\/02\/miniatura-web-768x498.jpg 768w, https:\/\/www.fundacioimpulsa.org\/wp-content\/uploads\/2023\/02\/miniatura-web-705x457.jpg 705w, https:\/\/www.fundacioimpulsa.org\/wp-content\/uploads\/2023\/02\/miniatura-web-817x530.jpg 817w, https:\/\/www.fundacioimpulsa.org\/wp-content\/uploads\/2023\/02\/miniatura-web-315x204.jpg 315w, https:\/\/www.fundacioimpulsa.org\/wp-content\/uploads\/2023\/02\/miniatura-web.jpg 1016w\" sizes=\"auto, (max-width: 725px) 100vw, 725px\" \/><\/p>\n<p><span data-contrast=\"none\">Enmarcado <\/span><strong>dentro del Programa Oportunidades de la Fundaci\u00f3n Impulsa<\/strong><span data-contrast=\"none\">, estamos llevando a cabo un <\/span><strong>proyecto de orientaci\u00f3n sociolaboral<\/strong> <span data-contrast=\"none\">a trav\u00e9s de un trabajo conjunto con la Oficina de Promoci\u00f3n Econ\u00f3mica del Ayuntamiento de Manlleu gracias al Programa Innovadors, subvenci\u00f3n recibida por parte del Servicio de Ocupaci\u00f3n de Catalu\u00f1a (SOC) y en el que <\/span><span data-contrast=\"none\">Impulsers de Manlleu disfrutan de un acompa\u00f1amiento en su itinerario de orientaci\u00f3n acad\u00e9mica y sociolaboral.<\/span><\/p>\n<p><span data-contrast=\"none\">Con el objetivo de que puedan <\/span><strong>conocer las diferentes herramientas que les ser\u00e1n \u00fatiles en la b\u00fasqueda de un puesto de trabajo<\/strong> <span data-contrast=\"none\">(autoconocimiento a nivel profesional, CV, objetivo laboral, canales de b\u00fasqueda de trabajo, mercado laboral y entrevista de trabajo ), <\/span><strong>los j\u00f3venes cuentan con un acompa\u00f1amiento por parte de la Fundaci\u00f3n Impulsa<\/strong> <span data-contrast=\"none\">en el que se dise\u00f1a y se lleva a cabo un itinerario de orientaci\u00f3n sociolaboral que se adapta a las necesidades y momento en el que se encuentra cada joven.<\/span> <span data-ccp-props=\"{&quot;201341983&quot;:0,&quot;335551550&quot;:1,&quot;335551620&quot;:1,&quot;335559739&quot;:160,&quot;335559740&quot;:360}\">\u00a0<\/span><\/p>\n<p><span data-contrast=\"none\">El Programa Innovadors est\u00e1 <\/span><strong>destinado a j\u00f3venes de la Fundaci\u00f3n Impulsa y\/o j\u00f3venes inscritos en el Servicio de Ocupaci\u00f3n de la Oficina de Promoci\u00f3n Econ\u00f3mica del Ayuntamiento de Manlleu<\/strong><span data-contrast=\"none\"> (OPE Manlleu) que tambi\u00e9n est\u00e1n <\/span><strong>cursando un Ciclo de Formaci\u00f3n Profesional.<\/strong><span data-contrast=\"none\"> Dentro de este programa hay 20 j\u00f3venes que viven en Manlleu o en municipios de su territorio de influencia (Roda de Ter, L&#8217;Esquirol, etc) y <\/span><strong>durante el desarrollo del itinerario se realizan encuentros y seguimientos individuales<\/strong><span data-contrast=\"none\"><strong>,<\/strong> que se complementan <\/span><strong>con<\/strong><span data-contrast=\"none\"> unas <\/span><strong>sesiones grupales de formaci\u00f3n en competencias transversales y profesionales.<\/strong> <span data-contrast=\"none\">Lo explica la <\/span><strong>T\u00e9cnica de Programas de la Fundaci\u00f3n Impulsa, Judith S\u00e1nchez: \u201cLos j\u00f3venes que participan en el Programa Innovadors disfrutan de un plan formativo anual de la Fundaci\u00f3n Impulsa m\u00e1s enfocado a la orientaci\u00f3n laboral<\/strong><span data-contrast=\"none\">, como son las sesiones sobre mercado laboral, las p\u00edldoras sobre competencias transversales o motivacionales, las formaciones sobre autoconocimiento a trav\u00e9s de herramientas de gesti\u00f3n emocional, entre otros. Adem\u00e1s, tambi\u00e9n se les organizan visitas en empresas que puedan ser de su inter\u00e9s y participan en la Jornada Impulsa Futur\u201d.<\/span><\/p>\n<p><span data-contrast=\"none\">De cara al mes de mayo se prev\u00e9 una formaci\u00f3n sobre la entrevista de trabajo para poder realizar una posterior sesi\u00f3n m\u00e1s pr\u00e1ctica a trav\u00e9s de una cita r\u00e1pida (speedating).<\/span><span data-ccp-props=\"{&quot;201341983&quot;:0,&quot;335551550&quot;:1,&quot;335551620&quot;:1,&quot;335559739&quot;:160,&quot;335559740&quot;:360}\">\u00a0<\/span><\/p>\n<p>&nbsp;<\/p>\n","protected":false},"excerpt":{"rendered":"<p>Enmarcado dentro del Programa Oportunidades de la Fundaci\u00f3n Impulsa, estamos llevando a cabo un proyecto de orientaci\u00f3n sociolaboral a trav\u00e9s de un trabajo conjunto con la Oficina de Promoci\u00f3n Econ\u00f3mica del Ayuntamiento de Manlleu gracias al Programa Innovadors, subvenci\u00f3n recibida por parte del Servicio de Ocupaci\u00f3n de Catalu\u00f1a (SOC) y en el que Impulsers de [&hellip;]<\/p>\n","protected":false},"author":6,"featured_media":8387,"comment_status":"closed","ping_status":"closed","sticky":false,"template":"","format":"standard","meta":{"_acf_changed":false,"footnotes":""},"categories":[76],"tags":[77,70],"class_list":["post-8390","post","type-post","status-publish","format-standard","has-post-thumbnail","hentry","category-noticies-es","tag-metodeimpulsa-es","tag-metodoimpulsa"],"acf":[],"yoast_head":"<!-- This site is optimized with the Yoast SEO plugin v27.5 - https:\/\/yoast.com\/product\/yoast-seo-wordpress\/ -->\n<title>Participamos en el Programa Innovadors (Programa de innovaci\u00f3n en el empleo) de la Oficina de Promoci\u00f3n Econ\u00f3mica del Ayuntamiento de Manlleu, cofinanciado por el Servicio de Ocupaci\u00f3n de Catalu\u00f1a - Fundacio Impulsa<\/title>\n<meta name=\"robots\" content=\"index, follow, max-snippet:-1, max-image-preview:large, max-video-preview:-1\" \/>\n<link rel=\"canonical\" href=\"https:\/\/www.fundacioimpulsa.org\/es\/participem-al-programa-innovadors-programa-dinnovacio-en-locupacio-de-loficina-de-promocio-economica-de-lajuntament-de-manlleu-cofinancat-pel-servei-doc\/\" \/>\n<meta property=\"og:locale\" content=\"es_ES\" \/>\n<meta property=\"og:type\" content=\"article\" \/>\n<meta property=\"og:title\" content=\"Participamos en el Programa Innovadors (Programa de innovaci\u00f3n en el empleo) de la Oficina de Promoci\u00f3n Econ\u00f3mica del Ayuntamiento de Manlleu, cofinanciado por el Servicio de Ocupaci\u00f3n de Catalu\u00f1a - Fundacio Impulsa\" \/>\n<meta property=\"og:description\" content=\"Enmarcado dentro del Programa Oportunidades de la Fundaci\u00f3n Impulsa, estamos llevando a cabo un proyecto de orientaci\u00f3n sociolaboral a trav\u00e9s de un trabajo conjunto con la Oficina de Promoci\u00f3n Econ\u00f3mica del Ayuntamiento de Manlleu gracias al Programa Innovadors, subvenci\u00f3n recibida por parte del Servicio de Ocupaci\u00f3n de Catalu\u00f1a (SOC) y en el que Impulsers de [&hellip;]\" \/>\n<meta property=\"og:url\" content=\"https:\/\/www.fundacioimpulsa.org\/es\/participem-al-programa-innovadors-programa-dinnovacio-en-locupacio-de-loficina-de-promocio-economica-de-lajuntament-de-manlleu-cofinancat-pel-servei-doc\/\" \/>\n<meta property=\"og:site_name\" content=\"Fundacio Impulsa\" \/>\n<meta property=\"article:published_time\" content=\"2023-02-16T08:00:44+00:00\" \/>\n<meta property=\"article:modified_time\" content=\"2023-02-16T10:39:09+00:00\" \/>\n<meta property=\"og:image\" content=\"https:\/\/www.fundacioimpulsa.org\/wp-content\/uploads\/2023\/02\/miniatura-web.jpg\" \/>\n\t<meta property=\"og:image:width\" content=\"1016\" \/>\n\t<meta property=\"og:image:height\" content=\"659\" \/>\n\t<meta property=\"og:image:type\" content=\"image\/jpeg\" \/>\n<meta name=\"author\" content=\"comunicacio\" \/>\n<meta name=\"twitter:card\" content=\"summary_large_image\" \/>\n<meta name=\"twitter:label1\" content=\"Escrito por\" \/>\n\t<meta name=\"twitter:data1\" content=\"comunicacio\" \/>\n\t<meta name=\"twitter:label2\" content=\"Tiempo de lectura\" \/>\n\t<meta name=\"twitter:data2\" content=\"2 minutos\" \/>\n<script type=\"application\/ld+json\" class=\"yoast-schema-graph\">{\"@context\":\"https:\\\/\\\/schema.org\",\"@graph\":[{\"@type\":\"Article\",\"@id\":\"https:\\\/\\\/www.fundacioimpulsa.org\\\/es\\\/participem-al-programa-innovadors-programa-dinnovacio-en-locupacio-de-loficina-de-promocio-economica-de-lajuntament-de-manlleu-cofinancat-pel-servei-doc\\\/#article\",\"isPartOf\":{\"@id\":\"https:\\\/\\\/www.fundacioimpulsa.org\\\/es\\\/participem-al-programa-innovadors-programa-dinnovacio-en-locupacio-de-loficina-de-promocio-economica-de-lajuntament-de-manlleu-cofinancat-pel-servei-doc\\\/\"},\"author\":{\"name\":\"comunicacio\",\"@id\":\"https:\\\/\\\/www.fundacioimpulsa.org\\\/es\\\/#\\\/schema\\\/person\\\/8e5d127d58d49b0b3a374d763db6672b\"},\"headline\":\"Participamos en el Programa Innovadors (Programa de innovaci\u00f3n en el empleo) de la Oficina de Promoci\u00f3n Econ\u00f3mica del Ayuntamiento de Manlleu, cofinanciado por el Servicio de Ocupaci\u00f3n de Catalu\u00f1a\",\"datePublished\":\"2023-02-16T08:00:44+00:00\",\"dateModified\":\"2023-02-16T10:39:09+00:00\",\"mainEntityOfPage\":{\"@id\":\"https:\\\/\\\/www.fundacioimpulsa.org\\\/es\\\/participem-al-programa-innovadors-programa-dinnovacio-en-locupacio-de-loficina-de-promocio-economica-de-lajuntament-de-manlleu-cofinancat-pel-servei-doc\\\/\"},\"wordCount\":439,\"image\":{\"@id\":\"https:\\\/\\\/www.fundacioimpulsa.org\\\/es\\\/participem-al-programa-innovadors-programa-dinnovacio-en-locupacio-de-loficina-de-promocio-economica-de-lajuntament-de-manlleu-cofinancat-pel-servei-doc\\\/#primaryimage\"},\"thumbnailUrl\":\"https:\\\/\\\/www.fundacioimpulsa.org\\\/wp-content\\\/uploads\\\/2023\\\/02\\\/miniatura-web.jpg\",\"keywords\":[\"#M\u00e8todeImpulsa\",\"#M\u00e9todoImpulsa\"],\"articleSection\":[\"Noticias\"],\"inLanguage\":\"es\"},{\"@type\":\"WebPage\",\"@id\":\"https:\\\/\\\/www.fundacioimpulsa.org\\\/es\\\/participem-al-programa-innovadors-programa-dinnovacio-en-locupacio-de-loficina-de-promocio-economica-de-lajuntament-de-manlleu-cofinancat-pel-servei-doc\\\/\",\"url\":\"https:\\\/\\\/www.fundacioimpulsa.org\\\/es\\\/participem-al-programa-innovadors-programa-dinnovacio-en-locupacio-de-loficina-de-promocio-economica-de-lajuntament-de-manlleu-cofinancat-pel-servei-doc\\\/\",\"name\":\"Participamos en el Programa Innovadors (Programa de innovaci\u00f3n en el empleo) de la Oficina de Promoci\u00f3n Econ\u00f3mica del Ayuntamiento de Manlleu, cofinanciado por el Servicio de Ocupaci\u00f3n de Catalu\u00f1a - Fundacio Impulsa\",\"isPartOf\":{\"@id\":\"https:\\\/\\\/www.fundacioimpulsa.org\\\/es\\\/#website\"},\"primaryImageOfPage\":{\"@id\":\"https:\\\/\\\/www.fundacioimpulsa.org\\\/es\\\/participem-al-programa-innovadors-programa-dinnovacio-en-locupacio-de-loficina-de-promocio-economica-de-lajuntament-de-manlleu-cofinancat-pel-servei-doc\\\/#primaryimage\"},\"image\":{\"@id\":\"https:\\\/\\\/www.fundacioimpulsa.org\\\/es\\\/participem-al-programa-innovadors-programa-dinnovacio-en-locupacio-de-loficina-de-promocio-economica-de-lajuntament-de-manlleu-cofinancat-pel-servei-doc\\\/#primaryimage\"},\"thumbnailUrl\":\"https:\\\/\\\/www.fundacioimpulsa.org\\\/wp-content\\\/uploads\\\/2023\\\/02\\\/miniatura-web.jpg\",\"datePublished\":\"2023-02-16T08:00:44+00:00\",\"dateModified\":\"2023-02-16T10:39:09+00:00\",\"author\":{\"@id\":\"https:\\\/\\\/www.fundacioimpulsa.org\\\/es\\\/#\\\/schema\\\/person\\\/8e5d127d58d49b0b3a374d763db6672b\"},\"breadcrumb\":{\"@id\":\"https:\\\/\\\/www.fundacioimpulsa.org\\\/es\\\/participem-al-programa-innovadors-programa-dinnovacio-en-locupacio-de-loficina-de-promocio-economica-de-lajuntament-de-manlleu-cofinancat-pel-servei-doc\\\/#breadcrumb\"},\"inLanguage\":\"es\",\"potentialAction\":[{\"@type\":\"ReadAction\",\"target\":[\"https:\\\/\\\/www.fundacioimpulsa.org\\\/es\\\/participem-al-programa-innovadors-programa-dinnovacio-en-locupacio-de-loficina-de-promocio-economica-de-lajuntament-de-manlleu-cofinancat-pel-servei-doc\\\/\"]}]},{\"@type\":\"ImageObject\",\"inLanguage\":\"es\",\"@id\":\"https:\\\/\\\/www.fundacioimpulsa.org\\\/es\\\/participem-al-programa-innovadors-programa-dinnovacio-en-locupacio-de-loficina-de-promocio-economica-de-lajuntament-de-manlleu-cofinancat-pel-servei-doc\\\/#primaryimage\",\"url\":\"https:\\\/\\\/www.fundacioimpulsa.org\\\/wp-content\\\/uploads\\\/2023\\\/02\\\/miniatura-web.jpg\",\"contentUrl\":\"https:\\\/\\\/www.fundacioimpulsa.org\\\/wp-content\\\/uploads\\\/2023\\\/02\\\/miniatura-web.jpg\",\"width\":1016,\"height\":659},{\"@type\":\"BreadcrumbList\",\"@id\":\"https:\\\/\\\/www.fundacioimpulsa.org\\\/es\\\/participem-al-programa-innovadors-programa-dinnovacio-en-locupacio-de-loficina-de-promocio-economica-de-lajuntament-de-manlleu-cofinancat-pel-servei-doc\\\/#breadcrumb\",\"itemListElement\":[{\"@type\":\"ListItem\",\"position\":1,\"name\":\"Inici\",\"item\":\"https:\\\/\\\/www.fundacioimpulsa.org\\\/es\\\/fundacio-impulsa\\\/\"},{\"@type\":\"ListItem\",\"position\":2,\"name\":\"Participamos en el Programa Innovadors (Programa de innovaci\u00f3n en el empleo) de la Oficina de Promoci\u00f3n Econ\u00f3mica del Ayuntamiento de Manlleu, cofinanciado por el Servicio de Ocupaci\u00f3n de Catalu\u00f1a\"}]},{\"@type\":\"WebSite\",\"@id\":\"https:\\\/\\\/www.fundacioimpulsa.org\\\/es\\\/#website\",\"url\":\"https:\\\/\\\/www.fundacioimpulsa.org\\\/es\\\/\",\"name\":\"Fundacio Impulsa\",\"description\":\"\",\"potentialAction\":[{\"@type\":\"SearchAction\",\"target\":{\"@type\":\"EntryPoint\",\"urlTemplate\":\"https:\\\/\\\/www.fundacioimpulsa.org\\\/es\\\/?s={search_term_string}\"},\"query-input\":{\"@type\":\"PropertyValueSpecification\",\"valueRequired\":true,\"valueName\":\"search_term_string\"}}],\"inLanguage\":\"es\"},{\"@type\":\"Person\",\"@id\":\"https:\\\/\\\/www.fundacioimpulsa.org\\\/es\\\/#\\\/schema\\\/person\\\/8e5d127d58d49b0b3a374d763db6672b\",\"name\":\"comunicacio\",\"image\":{\"@type\":\"ImageObject\",\"inLanguage\":\"es\",\"@id\":\"https:\\\/\\\/secure.gravatar.com\\\/avatar\\\/179d9804721934af904d6831ff1a982684d2987826415ba17246a2fefb582344?s=96&d=mm&r=g\",\"url\":\"https:\\\/\\\/secure.gravatar.com\\\/avatar\\\/179d9804721934af904d6831ff1a982684d2987826415ba17246a2fefb582344?s=96&d=mm&r=g\",\"contentUrl\":\"https:\\\/\\\/secure.gravatar.com\\\/avatar\\\/179d9804721934af904d6831ff1a982684d2987826415ba17246a2fefb582344?s=96&d=mm&r=g\",\"caption\":\"comunicacio\"},\"url\":\"https:\\\/\\\/www.fundacioimpulsa.org\\\/es\\\/author\\\/comunicacio\\\/\"}]}<\/script>\n<!-- \/ Yoast SEO plugin. -->","yoast_head_json":{"title":"Participamos en el Programa Innovadors (Programa de innovaci\u00f3n en el empleo) de la Oficina de Promoci\u00f3n Econ\u00f3mica del Ayuntamiento de Manlleu, cofinanciado por el Servicio de Ocupaci\u00f3n de Catalu\u00f1a - Fundacio Impulsa","robots":{"index":"index","follow":"follow","max-snippet":"max-snippet:-1","max-image-preview":"max-image-preview:large","max-video-preview":"max-video-preview:-1"},"canonical":"https:\/\/www.fundacioimpulsa.org\/es\/participem-al-programa-innovadors-programa-dinnovacio-en-locupacio-de-loficina-de-promocio-economica-de-lajuntament-de-manlleu-cofinancat-pel-servei-doc\/","og_locale":"es_ES","og_type":"article","og_title":"Participamos en el Programa Innovadors (Programa de innovaci\u00f3n en el empleo) de la Oficina de Promoci\u00f3n Econ\u00f3mica del Ayuntamiento de Manlleu, cofinanciado por el Servicio de Ocupaci\u00f3n de Catalu\u00f1a - Fundacio Impulsa","og_description":"Enmarcado dentro del Programa Oportunidades de la Fundaci\u00f3n Impulsa, estamos llevando a cabo un proyecto de orientaci\u00f3n sociolaboral a trav\u00e9s de un trabajo conjunto con la Oficina de Promoci\u00f3n Econ\u00f3mica del Ayuntamiento de Manlleu gracias al Programa Innovadors, subvenci\u00f3n recibida por parte del Servicio de Ocupaci\u00f3n de Catalu\u00f1a (SOC) y en el que Impulsers de [&hellip;]","og_url":"https:\/\/www.fundacioimpulsa.org\/es\/participem-al-programa-innovadors-programa-dinnovacio-en-locupacio-de-loficina-de-promocio-economica-de-lajuntament-de-manlleu-cofinancat-pel-servei-doc\/","og_site_name":"Fundacio Impulsa","article_published_time":"2023-02-16T08:00:44+00:00","article_modified_time":"2023-02-16T10:39:09+00:00","og_image":[{"width":1016,"height":659,"url":"https:\/\/www.fundacioimpulsa.org\/wp-content\/uploads\/2023\/02\/miniatura-web.jpg","type":"image\/jpeg"}],"author":"comunicacio","twitter_card":"summary_large_image","twitter_misc":{"Escrito por":"comunicacio","Tiempo de lectura":"2 minutos"},"schema":{"@context":"https:\/\/schema.org","@graph":[{"@type":"Article","@id":"https:\/\/www.fundacioimpulsa.org\/es\/participem-al-programa-innovadors-programa-dinnovacio-en-locupacio-de-loficina-de-promocio-economica-de-lajuntament-de-manlleu-cofinancat-pel-servei-doc\/#article","isPartOf":{"@id":"https:\/\/www.fundacioimpulsa.org\/es\/participem-al-programa-innovadors-programa-dinnovacio-en-locupacio-de-loficina-de-promocio-economica-de-lajuntament-de-manlleu-cofinancat-pel-servei-doc\/"},"author":{"name":"comunicacio","@id":"https:\/\/www.fundacioimpulsa.org\/es\/#\/schema\/person\/8e5d127d58d49b0b3a374d763db6672b"},"headline":"Participamos en el Programa Innovadors (Programa de innovaci\u00f3n en el empleo) de la Oficina de Promoci\u00f3n Econ\u00f3mica del Ayuntamiento de Manlleu, cofinanciado por el Servicio de Ocupaci\u00f3n de Catalu\u00f1a","datePublished":"2023-02-16T08:00:44+00:00","dateModified":"2023-02-16T10:39:09+00:00","mainEntityOfPage":{"@id":"https:\/\/www.fundacioimpulsa.org\/es\/participem-al-programa-innovadors-programa-dinnovacio-en-locupacio-de-loficina-de-promocio-economica-de-lajuntament-de-manlleu-cofinancat-pel-servei-doc\/"},"wordCount":439,"image":{"@id":"https:\/\/www.fundacioimpulsa.org\/es\/participem-al-programa-innovadors-programa-dinnovacio-en-locupacio-de-loficina-de-promocio-economica-de-lajuntament-de-manlleu-cofinancat-pel-servei-doc\/#primaryimage"},"thumbnailUrl":"https:\/\/www.fundacioimpulsa.org\/wp-content\/uploads\/2023\/02\/miniatura-web.jpg","keywords":["#M\u00e8todeImpulsa","#M\u00e9todoImpulsa"],"articleSection":["Noticias"],"inLanguage":"es"},{"@type":"WebPage","@id":"https:\/\/www.fundacioimpulsa.org\/es\/participem-al-programa-innovadors-programa-dinnovacio-en-locupacio-de-loficina-de-promocio-economica-de-lajuntament-de-manlleu-cofinancat-pel-servei-doc\/","url":"https:\/\/www.fundacioimpulsa.org\/es\/participem-al-programa-innovadors-programa-dinnovacio-en-locupacio-de-loficina-de-promocio-economica-de-lajuntament-de-manlleu-cofinancat-pel-servei-doc\/","name":"Participamos en el Programa Innovadors (Programa de innovaci\u00f3n en el empleo) de la Oficina de Promoci\u00f3n Econ\u00f3mica del Ayuntamiento de Manlleu, cofinanciado por el Servicio de Ocupaci\u00f3n de Catalu\u00f1a - Fundacio Impulsa","isPartOf":{"@id":"https:\/\/www.fundacioimpulsa.org\/es\/#website"},"primaryImageOfPage":{"@id":"https:\/\/www.fundacioimpulsa.org\/es\/participem-al-programa-innovadors-programa-dinnovacio-en-locupacio-de-loficina-de-promocio-economica-de-lajuntament-de-manlleu-cofinancat-pel-servei-doc\/#primaryimage"},"image":{"@id":"https:\/\/www.fundacioimpulsa.org\/es\/participem-al-programa-innovadors-programa-dinnovacio-en-locupacio-de-loficina-de-promocio-economica-de-lajuntament-de-manlleu-cofinancat-pel-servei-doc\/#primaryimage"},"thumbnailUrl":"https:\/\/www.fundacioimpulsa.org\/wp-content\/uploads\/2023\/02\/miniatura-web.jpg","datePublished":"2023-02-16T08:00:44+00:00","dateModified":"2023-02-16T10:39:09+00:00","author":{"@id":"https:\/\/www.fundacioimpulsa.org\/es\/#\/schema\/person\/8e5d127d58d49b0b3a374d763db6672b"},"breadcrumb":{"@id":"https:\/\/www.fundacioimpulsa.org\/es\/participem-al-programa-innovadors-programa-dinnovacio-en-locupacio-de-loficina-de-promocio-economica-de-lajuntament-de-manlleu-cofinancat-pel-servei-doc\/#breadcrumb"},"inLanguage":"es","potentialAction":[{"@type":"ReadAction","target":["https:\/\/www.fundacioimpulsa.org\/es\/participem-al-programa-innovadors-programa-dinnovacio-en-locupacio-de-loficina-de-promocio-economica-de-lajuntament-de-manlleu-cofinancat-pel-servei-doc\/"]}]},{"@type":"ImageObject","inLanguage":"es","@id":"https:\/\/www.fundacioimpulsa.org\/es\/participem-al-programa-innovadors-programa-dinnovacio-en-locupacio-de-loficina-de-promocio-economica-de-lajuntament-de-manlleu-cofinancat-pel-servei-doc\/#primaryimage","url":"https:\/\/www.fundacioimpulsa.org\/wp-content\/uploads\/2023\/02\/miniatura-web.jpg","contentUrl":"https:\/\/www.fundacioimpulsa.org\/wp-content\/uploads\/2023\/02\/miniatura-web.jpg","width":1016,"height":659},{"@type":"BreadcrumbList","@id":"https:\/\/www.fundacioimpulsa.org\/es\/participem-al-programa-innovadors-programa-dinnovacio-en-locupacio-de-loficina-de-promocio-economica-de-lajuntament-de-manlleu-cofinancat-pel-servei-doc\/#breadcrumb","itemListElement":[{"@type":"ListItem","position":1,"name":"Inici","item":"https:\/\/www.fundacioimpulsa.org\/es\/fundacio-impulsa\/"},{"@type":"ListItem","position":2,"name":"Participamos en el Programa Innovadors (Programa de innovaci\u00f3n en el empleo) de la Oficina de Promoci\u00f3n Econ\u00f3mica del Ayuntamiento de Manlleu, cofinanciado por el Servicio de Ocupaci\u00f3n de Catalu\u00f1a"}]},{"@type":"WebSite","@id":"https:\/\/www.fundacioimpulsa.org\/es\/#website","url":"https:\/\/www.fundacioimpulsa.org\/es\/","name":"Fundacio Impulsa","description":"","potentialAction":[{"@type":"SearchAction","target":{"@type":"EntryPoint","urlTemplate":"https:\/\/www.fundacioimpulsa.org\/es\/?s={search_term_string}"},"query-input":{"@type":"PropertyValueSpecification","valueRequired":true,"valueName":"search_term_string"}}],"inLanguage":"es"},{"@type":"Person","@id":"https:\/\/www.fundacioimpulsa.org\/es\/#\/schema\/person\/8e5d127d58d49b0b3a374d763db6672b","name":"comunicacio","image":{"@type":"ImageObject","inLanguage":"es","@id":"https:\/\/secure.gravatar.com\/avatar\/179d9804721934af904d6831ff1a982684d2987826415ba17246a2fefb582344?s=96&d=mm&r=g","url":"https:\/\/secure.gravatar.com\/avatar\/179d9804721934af904d6831ff1a982684d2987826415ba17246a2fefb582344?s=96&d=mm&r=g","contentUrl":"https:\/\/secure.gravatar.com\/avatar\/179d9804721934af904d6831ff1a982684d2987826415ba17246a2fefb582344?s=96&d=mm&r=g","caption":"comunicacio"},"url":"https:\/\/www.fundacioimpulsa.org\/es\/author\/comunicacio\/"}]}},"publishpress_future_action":{"enabled":false,"date":"2026-05-08 23:22:45","action":"change-status","newStatus":"draft","terms":[],"taxonomy":"category","extraData":[]},"publishpress_future_workflow_manual_trigger":{"enabledWorkflows":[]},"_links":{"self":[{"href":"https:\/\/www.fundacioimpulsa.org\/es\/wp-json\/wp\/v2\/posts\/8390","targetHints":{"allow":["GET"]}}],"collection":[{"href":"https:\/\/www.fundacioimpulsa.org\/es\/wp-json\/wp\/v2\/posts"}],"about":[{"href":"https:\/\/www.fundacioimpulsa.org\/es\/wp-json\/wp\/v2\/types\/post"}],"author":[{"embeddable":true,"href":"https:\/\/www.fundacioimpulsa.org\/es\/wp-json\/wp\/v2\/users\/6"}],"replies":[{"embeddable":true,"href":"https:\/\/www.fundacioimpulsa.org\/es\/wp-json\/wp\/v2\/comments?post=8390"}],"version-history":[{"count":2,"href":"https:\/\/www.fundacioimpulsa.org\/es\/wp-json\/wp\/v2\/posts\/8390\/revisions"}],"predecessor-version":[{"id":8394,"href":"https:\/\/www.fundacioimpulsa.org\/es\/wp-json\/wp\/v2\/posts\/8390\/revisions\/8394"}],"wp:featuredmedia":[{"embeddable":true,"href":"https:\/\/www.fundacioimpulsa.org\/es\/wp-json\/wp\/v2\/media\/8387"}],"wp:attachment":[{"href":"https:\/\/www.fundacioimpulsa.org\/es\/wp-json\/wp\/v2\/media?parent=8390"}],"wp:term":[{"taxonomy":"category","embeddable":true,"href":"https:\/\/www.fundacioimpulsa.org\/es\/wp-json\/wp\/v2\/categories?post=8390"},{"taxonomy":"post_tag","embeddable":true,"href":"https:\/\/www.fundacioimpulsa.org\/es\/wp-json\/wp\/v2\/tags?post=8390"}],"curies":[{"name":"wp","href":"https:\/\/api.w.org\/{rel}","templated":true}]}}