{"id":8421,"date":"2023-01-31T12:49:26","date_gmt":"2023-01-31T11:49:26","guid":{"rendered":"https:\/\/www.fundacioimpulsa.org\/participem-a-la-cursa-benefica-dspaincap-et-sumes-al-repte-solidari\/"},"modified":"2023-02-23T11:28:19","modified_gmt":"2023-02-23T10:28:19","slug":"participem-a-la-cursa-benefica-dspaincap-et-sumes-al-repte-solidari","status":"publish","type":"post","link":"https:\/\/www.fundacioimpulsa.org\/es\/participem-a-la-cursa-benefica-dspaincap-et-sumes-al-repte-solidari\/","title":{"rendered":"Participamos en la carrera ben\u00e9fica de SpainCap: \u00bfte sumas al reto solidario?"},"content":{"rendered":"<p><img loading=\"lazy\" decoding=\"async\" class=\"alignnone wp-image-8343\" src=\"https:\/\/www.fundacioimpulsa.org\/wp-content\/uploads\/2023\/01\/miniatura-web-1-300x195.jpg\" alt=\"\" width=\"725\" height=\"471\" srcset=\"https:\/\/www.fundacioimpulsa.org\/wp-content\/uploads\/2023\/01\/miniatura-web-1-300x195.jpg 300w, https:\/\/www.fundacioimpulsa.org\/wp-content\/uploads\/2023\/01\/miniatura-web-1-768x498.jpg 768w, https:\/\/www.fundacioimpulsa.org\/wp-content\/uploads\/2023\/01\/miniatura-web-1-705x457.jpg 705w, https:\/\/www.fundacioimpulsa.org\/wp-content\/uploads\/2023\/01\/miniatura-web-1-817x530.jpg 817w, https:\/\/www.fundacioimpulsa.org\/wp-content\/uploads\/2023\/01\/miniatura-web-1-315x204.jpg 315w, https:\/\/www.fundacioimpulsa.org\/wp-content\/uploads\/2023\/01\/miniatura-web-1.jpg 1016w\" sizes=\"auto, (max-width: 725px) 100vw, 725px\" \/><\/p>\n<p><span data-contrast=\"none\"><span class=\"NormalTextRun SCXW91736668 BCX0\">El pr\u00f3ximo s\u00e1bado d\u00eda 4 de marzo <\/span><span class=\"SpellingError SCXW91736668 BCX0\">SpainCap<\/span><span class=\"NormalTextRun SCXW91736668 BCX0\"> organiza <\/span><\/span><strong><a href=\"https:\/\/spaincap.helpbysc.com\/carrerasolidaria4demarzo\">carrera solidaria<\/a><\/strong><span data-contrast=\"none\"> <span class=\"TextRun SCXW91736668 BCX0\" lang=\"ES\" xml:lang=\"ES\" data-contrast=\"none\"><span class=\"NormalTextRun SCXW91736668 BCX0\">a favor de diferentes ONG y entidades ben\u00e9ficas en la que <strong>la Fundaci\u00f3n Impulsa forma parte de la<\/strong><\/span><strong><span class=\"NormalTextRun SCXW91736668 BCX0\">s quince<\/span><span class=\"NormalTextRun SCXW91736668 BCX0\"> organizaciones que participan.<\/span><\/strong><\/span><span class=\"LineBreakBlob BlobObject DragDrop SCXW91736668 BCX0\"><strong><span class=\"SCXW91736668 BCX0\">\u00a0<\/span><\/strong><br class=\"SCXW91736668 BCX0\" \/><\/span><span class=\"LineBreakBlob BlobObject DragDrop SCXW91736668 BCX0\"><span class=\"SCXW91736668 BCX0\">\u00a0<\/span><br class=\"SCXW91736668 BCX0\" \/><\/span><span class=\"TextRun SCXW91736668 BCX0\" lang=\"ES\" xml:lang=\"ES\" data-contrast=\"none\"><span class=\"NormalTextRun SCXW91736668 BCX0\">Antes de que llegue el d\u00eda del evento deportivo y de <\/span><span class=\"SpellingError SCXW91736668 BCX0\">networking<\/span><span class=\"NormalTextRun SCXW91736668 BCX0\"> organizado por <\/span><span class=\"SpellingError SCXW91736668 BCX0\">SpainCap<\/span><span class=\"NormalTextRun SCXW91736668 BCX0\">, y en el que te animamos a participar, te explicamos que <strong>si no te gusta correr, tambi\u00e9n puedes formar parte de esta carrera<\/strong> implic\u00e1ndote en la &#8216;competici\u00f3n&#8217; virtual a trav\u00e9s de la cual puedes <strong>realizar tus aportaciones solidarias.<\/strong><\/span><\/span><span class=\"LineBreakBlob BlobObject DragDrop SCXW91736668 BCX0\"><strong><span class=\"SCXW91736668 BCX0\">\u00a0<\/span><\/strong><br class=\"SCXW91736668 BCX0\" \/><\/span><span class=\"LineBreakBlob BlobObject DragDrop SCXW91736668 BCX0\"><span class=\"SCXW91736668 BCX0\">\u00a0<\/span><br class=\"SCXW91736668 BCX0\" \/><\/span><span class=\"TextRun SCXW91736668 BCX0\" lang=\"ES\" xml:lang=\"ES\" data-contrast=\"none\"><span class=\"NormalTextRun SCXW91736668 BCX0\">A continuaci\u00f3n te facilitamos las <strong>diferentes formas que tienes de participar con <\/strong><\/span><strong><span class=\"SpellingError SCXW91736668 BCX0\">SpainCap<\/span><\/strong><span class=\"NormalTextRun SCXW91736668 BCX0\">, ya sea corriendo o haciendo una donaci\u00f3n y ayudar a la Fundaci\u00f3n Impulsa en su reto de promover la igualdad de oportunidades de los j\u00f3venes acompa\u00f1\u00e1ndolos en su formaci\u00f3n y crecimiento personal.<\/span><\/span><span class=\"LineBreakBlob BlobObject DragDrop SCXW91736668 BCX0\"><span class=\"SCXW91736668 BCX0\">\u00a0<\/span><br class=\"SCXW91736668 BCX0\" \/><\/span><span class=\"LineBreakBlob BlobObject DragDrop SCXW91736668 BCX0\"><span class=\"SCXW91736668 BCX0\">\u00a0<\/span><br class=\"SCXW91736668 BCX0\" \/><\/span><span class=\"TextRun SCXW91736668 BCX0\" lang=\"ES\" xml:lang=\"ES\" data-contrast=\"none\"><span class=\"NormalTextRun SCXW91736668 BCX0\">Desde aqu\u00ed tambi\u00e9n <strong>queremos agradecer la iniciativa de <\/strong><\/span><strong><span class=\"SpellingError SCXW91736668 BCX0\">SpainCap<\/span><\/strong><span class=\"NormalTextRun SCXW91736668 BCX0\"><strong> y que nos haya seleccionado como una de las organizaciones a las que destinar esta carrera ben\u00e9fica<\/strong>.<\/span><\/span><span class=\"LineBreakBlob BlobObject DragDrop SCXW91736668 BCX0\"><span class=\"SCXW91736668 BCX0\">\u00a0<\/span><br class=\"SCXW91736668 BCX0\" \/><\/span><span class=\"LineBreakBlob BlobObject DragDrop SCXW91736668 BCX0\"><span class=\"SCXW91736668 BCX0\">\u00a0<\/span><br class=\"SCXW91736668 BCX0\" \/><\/span><span class=\"TextRun SCXW91736668 BCX0\" lang=\"ES\" xml:lang=\"ES\" data-contrast=\"none\"><span class=\"NormalTextRun SCXW91736668 BCX0\">\u00bfC\u00f3mo puedes participar en la carrera solidaria <\/span><span class=\"SpellingError SCXW91736668 BCX0\">SpainCap<\/span><span class=\"NormalTextRun SCXW91736668 BCX0\">?<\/span><\/span><span class=\"LineBreakBlob BlobObject DragDrop SCXW91736668 BCX0\"><span class=\"SCXW91736668 BCX0\">\u00a0<\/span><br class=\"SCXW91736668 BCX0\" \/><\/span><\/span><\/p>\n<ul>\n<li><span class=\"TextRun SCXW209248461 BCX0\" lang=\"ES\" xml:lang=\"ES\" data-contrast=\"none\"><span class=\"NormalTextRun SCXW209248461 BCX0\">Haciendo tu inscripci\u00f3n en la carrera para el pr\u00f3ximo s\u00e1bado 4 de marzo <span data-contrast=\"none\"><a href=\"https:\/\/www.deporticket.com\/web-evento\/7886-i-carrera-solidaria-spaincap\">clicando aqu\u00ed<\/a><\/span><\/span><\/span><\/li>\n<li>\u00a0<span class=\"TextRun SCXW209248461 BCX0\" lang=\"ES\" xml:lang=\"ES\" data-contrast=\"none\"><span class=\"NormalTextRun SCXW209248461 BCX0\">Escogiendo una entidad ben\u00e9fica y haciendo un donativo <span data-contrast=\"none\"> <a href=\"https:\/\/spaincap.helpbysc.com\/carrerasolidaria4demarzo\">clicando aqu\u00ed<\/a><\/span><\/span><\/span><\/li>\n<li><span class=\"TextRun SCXW209248461 BCX0\" lang=\"ES\" xml:lang=\"ES\" data-contrast=\"none\"><span class=\"NormalTextRun SCXW209248461 BCX0\">\u00a1Ay\u00fadanos a difundir la iniciativa compartiendo la informaci\u00f3n entre tus contactos!<\/span><\/span><\/li>\n<\/ul>\n","protected":false},"excerpt":{"rendered":"<p>El pr\u00f3ximo s\u00e1bado d\u00eda 4 de marzo SpainCap organiza carrera solidaria a favor de diferentes ONG y entidades ben\u00e9ficas en la que la Fundaci\u00f3n Impulsa forma parte de las quince organizaciones que participan.\u00a0\u00a0Antes de que llegue el d\u00eda del evento deportivo y de networking organizado por SpainCap, y en el que te animamos a participar, [&hellip;]<\/p>\n","protected":false},"author":6,"featured_media":8340,"comment_status":"closed","ping_status":"closed","sticky":false,"template":"","format":"standard","meta":{"_acf_changed":false,"footnotes":""},"categories":[76],"tags":[92],"class_list":["post-8421","post","type-post","status-publish","format-standard","has-post-thumbnail","hentry","category-noticies-es","tag-organitzacionsimpulsores-es"],"acf":[],"yoast_head":"<!-- This site is optimized with the Yoast SEO plugin v27.5 - https:\/\/yoast.com\/product\/yoast-seo-wordpress\/ -->\n<title>Participamos en la carrera ben\u00e9fica de SpainCap: \u00bfte sumas al reto solidario? - Fundacio Impulsa<\/title>\n<meta name=\"robots\" content=\"index, follow, max-snippet:-1, max-image-preview:large, max-video-preview:-1\" \/>\n<link rel=\"canonical\" href=\"https:\/\/www.fundacioimpulsa.org\/es\/participem-a-la-cursa-benefica-dspaincap-et-sumes-al-repte-solidari\/\" \/>\n<meta property=\"og:locale\" content=\"es_ES\" \/>\n<meta property=\"og:type\" content=\"article\" \/>\n<meta property=\"og:title\" content=\"Participamos en la carrera ben\u00e9fica de SpainCap: \u00bfte sumas al reto solidario? - Fundacio Impulsa\" \/>\n<meta property=\"og:description\" content=\"El pr\u00f3ximo s\u00e1bado d\u00eda 4 de marzo SpainCap organiza carrera solidaria a favor de diferentes ONG y entidades ben\u00e9ficas en la que la Fundaci\u00f3n Impulsa forma parte de las quince organizaciones que participan.\u00a0\u00a0Antes de que llegue el d\u00eda del evento deportivo y de networking organizado por SpainCap, y en el que te animamos a participar, [&hellip;]\" \/>\n<meta property=\"og:url\" content=\"https:\/\/www.fundacioimpulsa.org\/es\/participem-a-la-cursa-benefica-dspaincap-et-sumes-al-repte-solidari\/\" \/>\n<meta property=\"og:site_name\" content=\"Fundacio Impulsa\" \/>\n<meta property=\"article:published_time\" content=\"2023-01-31T11:49:26+00:00\" \/>\n<meta property=\"article:modified_time\" content=\"2023-02-23T10:28:19+00:00\" \/>\n<meta property=\"og:image\" content=\"https:\/\/www.fundacioimpulsa.org\/wp-content\/uploads\/2023\/01\/SpainCap.jpg\" \/>\n\t<meta property=\"og:image:width\" content=\"325\" \/>\n\t<meta property=\"og:image:height\" content=\"211\" \/>\n\t<meta property=\"og:image:type\" content=\"image\/jpeg\" \/>\n<meta name=\"author\" content=\"comunicacio\" \/>\n<meta name=\"twitter:card\" content=\"summary_large_image\" \/>\n<meta name=\"twitter:label1\" content=\"Escrito por\" \/>\n\t<meta name=\"twitter:data1\" content=\"comunicacio\" \/>\n\t<meta name=\"twitter:label2\" content=\"Tiempo de lectura\" \/>\n\t<meta name=\"twitter:data2\" content=\"1 minuto\" \/>\n<script type=\"application\/ld+json\" class=\"yoast-schema-graph\">{\"@context\":\"https:\\\/\\\/schema.org\",\"@graph\":[{\"@type\":\"Article\",\"@id\":\"https:\\\/\\\/www.fundacioimpulsa.org\\\/es\\\/participem-a-la-cursa-benefica-dspaincap-et-sumes-al-repte-solidari\\\/#article\",\"isPartOf\":{\"@id\":\"https:\\\/\\\/www.fundacioimpulsa.org\\\/es\\\/participem-a-la-cursa-benefica-dspaincap-et-sumes-al-repte-solidari\\\/\"},\"author\":{\"name\":\"comunicacio\",\"@id\":\"https:\\\/\\\/www.fundacioimpulsa.org\\\/es\\\/#\\\/schema\\\/person\\\/8e5d127d58d49b0b3a374d763db6672b\"},\"headline\":\"Participamos en la carrera ben\u00e9fica de SpainCap: \u00bfte sumas al reto solidario?\",\"datePublished\":\"2023-01-31T11:49:26+00:00\",\"dateModified\":\"2023-02-23T10:28:19+00:00\",\"mainEntityOfPage\":{\"@id\":\"https:\\\/\\\/www.fundacioimpulsa.org\\\/es\\\/participem-a-la-cursa-benefica-dspaincap-et-sumes-al-repte-solidari\\\/\"},\"wordCount\":238,\"image\":{\"@id\":\"https:\\\/\\\/www.fundacioimpulsa.org\\\/es\\\/participem-a-la-cursa-benefica-dspaincap-et-sumes-al-repte-solidari\\\/#primaryimage\"},\"thumbnailUrl\":\"https:\\\/\\\/www.fundacioimpulsa.org\\\/wp-content\\\/uploads\\\/2023\\\/01\\\/SpainCap.jpg\",\"keywords\":[\"#OrganizacionesImpulsoras\"],\"articleSection\":[\"Noticias\"],\"inLanguage\":\"es\"},{\"@type\":\"WebPage\",\"@id\":\"https:\\\/\\\/www.fundacioimpulsa.org\\\/es\\\/participem-a-la-cursa-benefica-dspaincap-et-sumes-al-repte-solidari\\\/\",\"url\":\"https:\\\/\\\/www.fundacioimpulsa.org\\\/es\\\/participem-a-la-cursa-benefica-dspaincap-et-sumes-al-repte-solidari\\\/\",\"name\":\"Participamos en la carrera ben\u00e9fica de SpainCap: \u00bfte sumas al reto solidario? - Fundacio Impulsa\",\"isPartOf\":{\"@id\":\"https:\\\/\\\/www.fundacioimpulsa.org\\\/es\\\/#website\"},\"primaryImageOfPage\":{\"@id\":\"https:\\\/\\\/www.fundacioimpulsa.org\\\/es\\\/participem-a-la-cursa-benefica-dspaincap-et-sumes-al-repte-solidari\\\/#primaryimage\"},\"image\":{\"@id\":\"https:\\\/\\\/www.fundacioimpulsa.org\\\/es\\\/participem-a-la-cursa-benefica-dspaincap-et-sumes-al-repte-solidari\\\/#primaryimage\"},\"thumbnailUrl\":\"https:\\\/\\\/www.fundacioimpulsa.org\\\/wp-content\\\/uploads\\\/2023\\\/01\\\/SpainCap.jpg\",\"datePublished\":\"2023-01-31T11:49:26+00:00\",\"dateModified\":\"2023-02-23T10:28:19+00:00\",\"author\":{\"@id\":\"https:\\\/\\\/www.fundacioimpulsa.org\\\/es\\\/#\\\/schema\\\/person\\\/8e5d127d58d49b0b3a374d763db6672b\"},\"breadcrumb\":{\"@id\":\"https:\\\/\\\/www.fundacioimpulsa.org\\\/es\\\/participem-a-la-cursa-benefica-dspaincap-et-sumes-al-repte-solidari\\\/#breadcrumb\"},\"inLanguage\":\"es\",\"potentialAction\":[{\"@type\":\"ReadAction\",\"target\":[\"https:\\\/\\\/www.fundacioimpulsa.org\\\/es\\\/participem-a-la-cursa-benefica-dspaincap-et-sumes-al-repte-solidari\\\/\"]}]},{\"@type\":\"ImageObject\",\"inLanguage\":\"es\",\"@id\":\"https:\\\/\\\/www.fundacioimpulsa.org\\\/es\\\/participem-a-la-cursa-benefica-dspaincap-et-sumes-al-repte-solidari\\\/#primaryimage\",\"url\":\"https:\\\/\\\/www.fundacioimpulsa.org\\\/wp-content\\\/uploads\\\/2023\\\/01\\\/SpainCap.jpg\",\"contentUrl\":\"https:\\\/\\\/www.fundacioimpulsa.org\\\/wp-content\\\/uploads\\\/2023\\\/01\\\/SpainCap.jpg\",\"width\":325,\"height\":211},{\"@type\":\"BreadcrumbList\",\"@id\":\"https:\\\/\\\/www.fundacioimpulsa.org\\\/es\\\/participem-a-la-cursa-benefica-dspaincap-et-sumes-al-repte-solidari\\\/#breadcrumb\",\"itemListElement\":[{\"@type\":\"ListItem\",\"position\":1,\"name\":\"Inici\",\"item\":\"https:\\\/\\\/www.fundacioimpulsa.org\\\/es\\\/fundacio-impulsa\\\/\"},{\"@type\":\"ListItem\",\"position\":2,\"name\":\"Participamos en la carrera ben\u00e9fica de SpainCap: \u00bfte sumas al reto solidario?\"}]},{\"@type\":\"WebSite\",\"@id\":\"https:\\\/\\\/www.fundacioimpulsa.org\\\/es\\\/#website\",\"url\":\"https:\\\/\\\/www.fundacioimpulsa.org\\\/es\\\/\",\"name\":\"Fundacio Impulsa\",\"description\":\"\",\"potentialAction\":[{\"@type\":\"SearchAction\",\"target\":{\"@type\":\"EntryPoint\",\"urlTemplate\":\"https:\\\/\\\/www.fundacioimpulsa.org\\\/es\\\/?s={search_term_string}\"},\"query-input\":{\"@type\":\"PropertyValueSpecification\",\"valueRequired\":true,\"valueName\":\"search_term_string\"}}],\"inLanguage\":\"es\"},{\"@type\":\"Person\",\"@id\":\"https:\\\/\\\/www.fundacioimpulsa.org\\\/es\\\/#\\\/schema\\\/person\\\/8e5d127d58d49b0b3a374d763db6672b\",\"name\":\"comunicacio\",\"image\":{\"@type\":\"ImageObject\",\"inLanguage\":\"es\",\"@id\":\"https:\\\/\\\/secure.gravatar.com\\\/avatar\\\/179d9804721934af904d6831ff1a982684d2987826415ba17246a2fefb582344?s=96&d=mm&r=g\",\"url\":\"https:\\\/\\\/secure.gravatar.com\\\/avatar\\\/179d9804721934af904d6831ff1a982684d2987826415ba17246a2fefb582344?s=96&d=mm&r=g\",\"contentUrl\":\"https:\\\/\\\/secure.gravatar.com\\\/avatar\\\/179d9804721934af904d6831ff1a982684d2987826415ba17246a2fefb582344?s=96&d=mm&r=g\",\"caption\":\"comunicacio\"},\"url\":\"https:\\\/\\\/www.fundacioimpulsa.org\\\/es\\\/author\\\/comunicacio\\\/\"}]}<\/script>\n<!-- \/ Yoast SEO plugin. -->","yoast_head_json":{"title":"Participamos en la carrera ben\u00e9fica de SpainCap: \u00bfte sumas al reto solidario? - Fundacio Impulsa","robots":{"index":"index","follow":"follow","max-snippet":"max-snippet:-1","max-image-preview":"max-image-preview:large","max-video-preview":"max-video-preview:-1"},"canonical":"https:\/\/www.fundacioimpulsa.org\/es\/participem-a-la-cursa-benefica-dspaincap-et-sumes-al-repte-solidari\/","og_locale":"es_ES","og_type":"article","og_title":"Participamos en la carrera ben\u00e9fica de SpainCap: \u00bfte sumas al reto solidario? - Fundacio Impulsa","og_description":"El pr\u00f3ximo s\u00e1bado d\u00eda 4 de marzo SpainCap organiza carrera solidaria a favor de diferentes ONG y entidades ben\u00e9ficas en la que la Fundaci\u00f3n Impulsa forma parte de las quince organizaciones que participan.\u00a0\u00a0Antes de que llegue el d\u00eda del evento deportivo y de networking organizado por SpainCap, y en el que te animamos a participar, [&hellip;]","og_url":"https:\/\/www.fundacioimpulsa.org\/es\/participem-a-la-cursa-benefica-dspaincap-et-sumes-al-repte-solidari\/","og_site_name":"Fundacio Impulsa","article_published_time":"2023-01-31T11:49:26+00:00","article_modified_time":"2023-02-23T10:28:19+00:00","og_image":[{"width":325,"height":211,"url":"https:\/\/www.fundacioimpulsa.org\/wp-content\/uploads\/2023\/01\/SpainCap.jpg","type":"image\/jpeg"}],"author":"comunicacio","twitter_card":"summary_large_image","twitter_misc":{"Escrito por":"comunicacio","Tiempo de lectura":"1 minuto"},"schema":{"@context":"https:\/\/schema.org","@graph":[{"@type":"Article","@id":"https:\/\/www.fundacioimpulsa.org\/es\/participem-a-la-cursa-benefica-dspaincap-et-sumes-al-repte-solidari\/#article","isPartOf":{"@id":"https:\/\/www.fundacioimpulsa.org\/es\/participem-a-la-cursa-benefica-dspaincap-et-sumes-al-repte-solidari\/"},"author":{"name":"comunicacio","@id":"https:\/\/www.fundacioimpulsa.org\/es\/#\/schema\/person\/8e5d127d58d49b0b3a374d763db6672b"},"headline":"Participamos en la carrera ben\u00e9fica de SpainCap: \u00bfte sumas al reto solidario?","datePublished":"2023-01-31T11:49:26+00:00","dateModified":"2023-02-23T10:28:19+00:00","mainEntityOfPage":{"@id":"https:\/\/www.fundacioimpulsa.org\/es\/participem-a-la-cursa-benefica-dspaincap-et-sumes-al-repte-solidari\/"},"wordCount":238,"image":{"@id":"https:\/\/www.fundacioimpulsa.org\/es\/participem-a-la-cursa-benefica-dspaincap-et-sumes-al-repte-solidari\/#primaryimage"},"thumbnailUrl":"https:\/\/www.fundacioimpulsa.org\/wp-content\/uploads\/2023\/01\/SpainCap.jpg","keywords":["#OrganizacionesImpulsoras"],"articleSection":["Noticias"],"inLanguage":"es"},{"@type":"WebPage","@id":"https:\/\/www.fundacioimpulsa.org\/es\/participem-a-la-cursa-benefica-dspaincap-et-sumes-al-repte-solidari\/","url":"https:\/\/www.fundacioimpulsa.org\/es\/participem-a-la-cursa-benefica-dspaincap-et-sumes-al-repte-solidari\/","name":"Participamos en la carrera ben\u00e9fica de SpainCap: \u00bfte sumas al reto solidario? - Fundacio Impulsa","isPartOf":{"@id":"https:\/\/www.fundacioimpulsa.org\/es\/#website"},"primaryImageOfPage":{"@id":"https:\/\/www.fundacioimpulsa.org\/es\/participem-a-la-cursa-benefica-dspaincap-et-sumes-al-repte-solidari\/#primaryimage"},"image":{"@id":"https:\/\/www.fundacioimpulsa.org\/es\/participem-a-la-cursa-benefica-dspaincap-et-sumes-al-repte-solidari\/#primaryimage"},"thumbnailUrl":"https:\/\/www.fundacioimpulsa.org\/wp-content\/uploads\/2023\/01\/SpainCap.jpg","datePublished":"2023-01-31T11:49:26+00:00","dateModified":"2023-02-23T10:28:19+00:00","author":{"@id":"https:\/\/www.fundacioimpulsa.org\/es\/#\/schema\/person\/8e5d127d58d49b0b3a374d763db6672b"},"breadcrumb":{"@id":"https:\/\/www.fundacioimpulsa.org\/es\/participem-a-la-cursa-benefica-dspaincap-et-sumes-al-repte-solidari\/#breadcrumb"},"inLanguage":"es","potentialAction":[{"@type":"ReadAction","target":["https:\/\/www.fundacioimpulsa.org\/es\/participem-a-la-cursa-benefica-dspaincap-et-sumes-al-repte-solidari\/"]}]},{"@type":"ImageObject","inLanguage":"es","@id":"https:\/\/www.fundacioimpulsa.org\/es\/participem-a-la-cursa-benefica-dspaincap-et-sumes-al-repte-solidari\/#primaryimage","url":"https:\/\/www.fundacioimpulsa.org\/wp-content\/uploads\/2023\/01\/SpainCap.jpg","contentUrl":"https:\/\/www.fundacioimpulsa.org\/wp-content\/uploads\/2023\/01\/SpainCap.jpg","width":325,"height":211},{"@type":"BreadcrumbList","@id":"https:\/\/www.fundacioimpulsa.org\/es\/participem-a-la-cursa-benefica-dspaincap-et-sumes-al-repte-solidari\/#breadcrumb","itemListElement":[{"@type":"ListItem","position":1,"name":"Inici","item":"https:\/\/www.fundacioimpulsa.org\/es\/fundacio-impulsa\/"},{"@type":"ListItem","position":2,"name":"Participamos en la carrera ben\u00e9fica de SpainCap: \u00bfte sumas al reto solidario?"}]},{"@type":"WebSite","@id":"https:\/\/www.fundacioimpulsa.org\/es\/#website","url":"https:\/\/www.fundacioimpulsa.org\/es\/","name":"Fundacio Impulsa","description":"","potentialAction":[{"@type":"SearchAction","target":{"@type":"EntryPoint","urlTemplate":"https:\/\/www.fundacioimpulsa.org\/es\/?s={search_term_string}"},"query-input":{"@type":"PropertyValueSpecification","valueRequired":true,"valueName":"search_term_string"}}],"inLanguage":"es"},{"@type":"Person","@id":"https:\/\/www.fundacioimpulsa.org\/es\/#\/schema\/person\/8e5d127d58d49b0b3a374d763db6672b","name":"comunicacio","image":{"@type":"ImageObject","inLanguage":"es","@id":"https:\/\/secure.gravatar.com\/avatar\/179d9804721934af904d6831ff1a982684d2987826415ba17246a2fefb582344?s=96&d=mm&r=g","url":"https:\/\/secure.gravatar.com\/avatar\/179d9804721934af904d6831ff1a982684d2987826415ba17246a2fefb582344?s=96&d=mm&r=g","contentUrl":"https:\/\/secure.gravatar.com\/avatar\/179d9804721934af904d6831ff1a982684d2987826415ba17246a2fefb582344?s=96&d=mm&r=g","caption":"comunicacio"},"url":"https:\/\/www.fundacioimpulsa.org\/es\/author\/comunicacio\/"}]}},"publishpress_future_action":{"enabled":false,"date":"2026-05-07 22:05:05","action":"change-status","newStatus":"draft","terms":[],"taxonomy":"category","extraData":[]},"publishpress_future_workflow_manual_trigger":{"enabledWorkflows":[]},"_links":{"self":[{"href":"https:\/\/www.fundacioimpulsa.org\/es\/wp-json\/wp\/v2\/posts\/8421","targetHints":{"allow":["GET"]}}],"collection":[{"href":"https:\/\/www.fundacioimpulsa.org\/es\/wp-json\/wp\/v2\/posts"}],"about":[{"href":"https:\/\/www.fundacioimpulsa.org\/es\/wp-json\/wp\/v2\/types\/post"}],"author":[{"embeddable":true,"href":"https:\/\/www.fundacioimpulsa.org\/es\/wp-json\/wp\/v2\/users\/6"}],"replies":[{"embeddable":true,"href":"https:\/\/www.fundacioimpulsa.org\/es\/wp-json\/wp\/v2\/comments?post=8421"}],"version-history":[{"count":2,"href":"https:\/\/www.fundacioimpulsa.org\/es\/wp-json\/wp\/v2\/posts\/8421\/revisions"}],"predecessor-version":[{"id":8422,"href":"https:\/\/www.fundacioimpulsa.org\/es\/wp-json\/wp\/v2\/posts\/8421\/revisions\/8422"}],"wp:featuredmedia":[{"embeddable":true,"href":"https:\/\/www.fundacioimpulsa.org\/es\/wp-json\/wp\/v2\/media\/8340"}],"wp:attachment":[{"href":"https:\/\/www.fundacioimpulsa.org\/es\/wp-json\/wp\/v2\/media?parent=8421"}],"wp:term":[{"taxonomy":"category","embeddable":true,"href":"https:\/\/www.fundacioimpulsa.org\/es\/wp-json\/wp\/v2\/categories?post=8421"},{"taxonomy":"post_tag","embeddable":true,"href":"https:\/\/www.fundacioimpulsa.org\/es\/wp-json\/wp\/v2\/tags?post=8421"}],"curies":[{"name":"wp","href":"https:\/\/api.w.org\/{rel}","templated":true}]}}