{"id":8465,"date":"2023-03-06T12:48:32","date_gmt":"2023-03-06T11:48:32","guid":{"rendered":"https:\/\/www.fundacioimpulsa.org\/acostem-el-mon-laboral-als-joves-amb-la-segona-edicio-de-la-jornada-impulsa-futur-dorientacio-academica-i-professional\/"},"modified":"2023-03-07T11:51:14","modified_gmt":"2023-03-07T10:51:14","slug":"acostem-el-mon-laboral-als-joves-amb-la-segona-edicio-de-la-jornada-impulsa-futur-dorientacio-academica-i-professional","status":"publish","type":"post","link":"https:\/\/www.fundacioimpulsa.org\/es\/acostem-el-mon-laboral-als-joves-amb-la-segona-edicio-de-la-jornada-impulsa-futur-dorientacio-academica-i-professional\/","title":{"rendered":"Acercamos el mundo laboral a los j\u00f3venes con la segunda edici\u00f3n de la &#8216;Jornada Impulsa Futuro&#8217; de orientaci\u00f3n acad\u00e9mica y profesional"},"content":{"rendered":"<p><img loading=\"lazy\" decoding=\"async\" class=\"alignnone wp-image-8462\" src=\"https:\/\/www.fundacioimpulsa.org\/wp-content\/uploads\/2023\/03\/cartell2-300x150.jpg\" alt=\"\" width=\"698\" height=\"349\" srcset=\"https:\/\/www.fundacioimpulsa.org\/wp-content\/uploads\/2023\/03\/cartell2-300x150.jpg 300w, https:\/\/www.fundacioimpulsa.org\/wp-content\/uploads\/2023\/03\/cartell2-1030x515.jpg 1030w, https:\/\/www.fundacioimpulsa.org\/wp-content\/uploads\/2023\/03\/cartell2-768x384.jpg 768w, https:\/\/www.fundacioimpulsa.org\/wp-content\/uploads\/2023\/03\/cartell2-705x353.jpg 705w, https:\/\/www.fundacioimpulsa.org\/wp-content\/uploads\/2023\/03\/cartell2-1061x530.jpg 1061w, https:\/\/www.fundacioimpulsa.org\/wp-content\/uploads\/2023\/03\/cartell2-315x158.jpg 315w, https:\/\/www.fundacioimpulsa.org\/wp-content\/uploads\/2023\/03\/cartell2.jpg 1280w\" sizes=\"auto, (max-width: 698px) 100vw, 698px\" \/><\/p>\n<p><span data-contrast=\"none\">Con el objetivo de <\/span><strong>ayudar a los j\u00f3venes a tomar decisiones sobre su futuro acad\u00e9mico y laboral<\/strong><span data-contrast=\"none\">, desde la Fundaci\u00f3n Impulsa <\/span><strong>organizamos por segundo a\u00f1o consecutivo la Jornada Impulsa Futuro<\/strong><span data-contrast=\"none\"><strong>.<\/strong> Ser\u00e1 el mi\u00e9rcoles 15 de marzo y se trata de <\/span><strong>una actividad de orientaci\u00f3n laboral y acad\u00e9mica en formato virtual,<\/strong><span data-contrast=\"none\"> que contar\u00e1 con dos turnos diferentes repartidos por la ma\u00f1ana y tarde, destinados a abordar la vertiente acad\u00e9mica y la laboral y, a las que, <\/span><strong>pueden participar tanto los Impulsers que ya forman parte de la Fundaci\u00f3n Impulsa, como los candidatos a la Beca Impulsa para el curso 2023-2024<\/strong><span data-contrast=\"none\"><strong>,<\/strong> as\u00ed como los m\u00e1s de 90 centros educativos que colaboran con la Fundaci\u00f3n Impulsa.<\/span><\/p>\n<p><span data-contrast=\"none\">El <\/span><strong>primer turno<\/strong><span data-contrast=\"none\"> se realizar\u00e1 <\/span><strong>de las 10h a las 12.30h<\/strong><span data-contrast=\"none\"> y el <\/span><strong>segundo de 18h a 20.30h<\/strong><span data-contrast=\"none\">, una novedad respecto al a\u00f1o pasado que se ha incorporado con el objetivo de que los j\u00f3venes puedan compatibilizar la asistencia a la Jornada con sus estudios.<\/span><\/p>\n<p><span data-contrast=\"none\">Tanto en el primer como en el segundo turno, <\/span><strong>los j\u00f3venes podr\u00e1n disfrutar<\/strong><span data-contrast=\"none\">, en primer lugar <\/span><strong>de una sesi\u00f3n de orientaci\u00f3n acad\u00e9mica a manos del equipo psicopedag\u00f3gico de la Fundaci\u00f3n Impulsa<\/strong><span data-contrast=\"none\">, que permitir\u00e1 a los j\u00f3venes reflexionar sobre cu\u00e1l es su vocaci\u00f3n, conocer de qu\u00e9 opciones e itinerarios formativos disponen y qu\u00e9 salidas laborales existen. Lo explica la t\u00e9cnica de Programas de la Fundaci\u00f3n Impulsa, Judit Sanchez: \u201cSe trata de una sesi\u00f3n en la que <\/span><strong>se trabajar\u00e1 el autoconocimiento y se facilitar\u00e1 un mapa de recursos a los j\u00f3venes para que<\/strong><span data-contrast=\"none\">, junto con el acompa\u00f1amiento que reciben por parte de sus centros educativos, <\/span><strong>dispongan de m\u00e1s informaci\u00f3n que les ayude a tomar decisiones sobre qu\u00e9 estudiar<\/strong><span data-contrast=\"none\">\u201d, detalla.<\/span><span data-ccp-props=\"{&quot;201341983&quot;:0,&quot;335551550&quot;:1,&quot;335551620&quot;:1,&quot;335559739&quot;:160,&quot;335559740&quot;:360}\">\u00a0<\/span><\/p>\n<p><span data-contrast=\"none\">En esta misma l\u00ednea, <\/span><strong>seguidamente<\/strong><span data-contrast=\"none\"> los j\u00f3venes contar\u00e1n con una <\/span><strong>sesi\u00f3n de orientaci\u00f3n laboral a cargo de perfiles t\u00e9cnicos y personas expertas de diferentes empresas y diversas ramas profesionales,<\/strong><span data-contrast=\"none\"> que permitir\u00e1n a los j\u00f3venes <\/span><strong>ver de qu\u00e9 pueden trabajar con el Ciclo Formativo estudiado<\/strong><span data-contrast=\"none\"> o que tienen previsto cursar pr\u00f3ximamente, y <\/span><strong>conocer de primera mano la experiencia de trabajadores<\/strong><span data-contrast=\"none\">. As\u00ed, se llevar\u00e1n a cabo cuatro salas en paralelo de forma que <\/span><strong>cada joven podr\u00e1 participar en la presentaci\u00f3n de dos empresas, con las que podr\u00e1 intercambiar dudas y puntos de vista<\/strong><span data-contrast=\"none\">: \u201cCon esta metodolog\u00eda, las empresas podr\u00e1n trasladar su labor, y tambi\u00e9n podr\u00e1n explicar cu\u00e1les son los valores y actitudes que buscan en los j\u00f3venes a trav\u00e9s de las competencias transversales, a las que nosotros siempre damos mucha importancia a trav\u00e9s de las formaciones- Adem\u00e1s, <\/span><strong>los j\u00f3venes podr\u00e1n tener contacto directo con las empresas<\/strong><span data-contrast=\"none\"><strong>,<\/strong> hecho distintivo de esta Jornada y que valoran muy positivamente\u201d, detalla Sanchez. Adem\u00e1s, <\/span><strong>cada una de las ponencias contar\u00e1 tambi\u00e9n con un testimonio de un trabajador de cada empresa<\/strong><span data-contrast=\"none\"><strong>,<\/strong> que ha cursado un ciclo formativo o que conoce muy bien la Formaci\u00f3n Profesional, y explicar\u00e1 cu\u00e1les son sus tareas, c\u00f3mo ha llegado a trabajar en empresa en cuesti\u00f3n y cu\u00e1l ha sido el recorrido acad\u00e9mico y laboral que ha seguido. \u201cSe trata de facilitar el m\u00e1ximo de informaci\u00f3n a los j\u00f3venes para dotarles de recursos y herramientas; que puedan conocer nuevas empresas y darse cuenta de qu\u00e9 podr\u00edan aportar o d\u00f3nde podr\u00edan trabajar seg\u00fan los estudios que cursen o quieran cursar\u201d, explica la t\u00e9cnica de Programas de la Fundaci\u00f3n Impulsa.<\/span><span data-ccp-props=\"{&quot;201341983&quot;:0,&quot;335551550&quot;:1,&quot;335551620&quot;:1,&quot;335559739&quot;:160,&quot;335559740&quot;:360}\">\u00a0<\/span><\/p>\n","protected":false},"excerpt":{"rendered":"<p>Con el objetivo de ayudar a los j\u00f3venes a tomar decisiones sobre su futuro acad\u00e9mico y laboral, desde la Fundaci\u00f3n Impulsa organizamos por segundo a\u00f1o consecutivo la Jornada Impulsa Futuro. Ser\u00e1 el mi\u00e9rcoles 15 de marzo y se trata de una actividad de orientaci\u00f3n laboral y acad\u00e9mica en formato virtual, que contar\u00e1 con dos turnos [&hellip;]<\/p>\n","protected":false},"author":6,"featured_media":8490,"comment_status":"closed","ping_status":"closed","sticky":false,"template":"","format":"standard","meta":{"_acf_changed":false,"footnotes":""},"categories":[76],"tags":[117],"class_list":["post-8465","post","type-post","status-publish","format-standard","has-post-thumbnail","hentry","category-noticies-es","tag-orientaciolaboral-es"],"acf":[],"yoast_head":"<!-- This site is optimized with the Yoast SEO plugin v27.3 - https:\/\/yoast.com\/product\/yoast-seo-wordpress\/ -->\n<title>Acercamos el mundo laboral a los j\u00f3venes con la segunda edici\u00f3n de la &#039;Jornada Impulsa Futuro&#039; de orientaci\u00f3n acad\u00e9mica y profesional - Fundacio Impulsa<\/title>\n<meta name=\"robots\" content=\"index, follow, max-snippet:-1, max-image-preview:large, max-video-preview:-1\" \/>\n<link rel=\"canonical\" href=\"https:\/\/www.fundacioimpulsa.org\/es\/acostem-el-mon-laboral-als-joves-amb-la-segona-edicio-de-la-jornada-impulsa-futur-dorientacio-academica-i-professional\/\" \/>\n<meta property=\"og:locale\" content=\"es_ES\" \/>\n<meta property=\"og:type\" content=\"article\" \/>\n<meta property=\"og:title\" content=\"Acercamos el mundo laboral a los j\u00f3venes con la segunda edici\u00f3n de la &#039;Jornada Impulsa Futuro&#039; de orientaci\u00f3n acad\u00e9mica y profesional - Fundacio Impulsa\" \/>\n<meta property=\"og:description\" content=\"Con el objetivo de ayudar a los j\u00f3venes a tomar decisiones sobre su futuro acad\u00e9mico y laboral, desde la Fundaci\u00f3n Impulsa organizamos por segundo a\u00f1o consecutivo la Jornada Impulsa Futuro. Ser\u00e1 el mi\u00e9rcoles 15 de marzo y se trata de una actividad de orientaci\u00f3n laboral y acad\u00e9mica en formato virtual, que contar\u00e1 con dos turnos [&hellip;]\" \/>\n<meta property=\"og:url\" content=\"https:\/\/www.fundacioimpulsa.org\/es\/acostem-el-mon-laboral-als-joves-amb-la-segona-edicio-de-la-jornada-impulsa-futur-dorientacio-academica-i-professional\/\" \/>\n<meta property=\"og:site_name\" content=\"Fundacio Impulsa\" \/>\n<meta property=\"article:published_time\" content=\"2023-03-06T11:48:32+00:00\" \/>\n<meta property=\"article:modified_time\" content=\"2023-03-07T10:51:14+00:00\" \/>\n<meta property=\"og:image\" content=\"https:\/\/www.fundacioimpulsa.org\/wp-content\/uploads\/2023\/03\/jornada-informacio_web.jpg\" \/>\n\t<meta property=\"og:image:width\" content=\"1500\" \/>\n\t<meta property=\"og:image:height\" content=\"958\" \/>\n\t<meta property=\"og:image:type\" content=\"image\/jpeg\" \/>\n<meta name=\"author\" content=\"comunicacio\" \/>\n<meta name=\"twitter:card\" content=\"summary_large_image\" \/>\n<meta name=\"twitter:label1\" content=\"Escrito por\" \/>\n\t<meta name=\"twitter:data1\" content=\"comunicacio\" \/>\n\t<meta name=\"twitter:label2\" content=\"Tiempo de lectura\" \/>\n\t<meta name=\"twitter:data2\" content=\"3 minutos\" \/>\n<script type=\"application\/ld+json\" class=\"yoast-schema-graph\">{\"@context\":\"https:\\\/\\\/schema.org\",\"@graph\":[{\"@type\":\"Article\",\"@id\":\"https:\\\/\\\/www.fundacioimpulsa.org\\\/es\\\/acostem-el-mon-laboral-als-joves-amb-la-segona-edicio-de-la-jornada-impulsa-futur-dorientacio-academica-i-professional\\\/#article\",\"isPartOf\":{\"@id\":\"https:\\\/\\\/www.fundacioimpulsa.org\\\/es\\\/acostem-el-mon-laboral-als-joves-amb-la-segona-edicio-de-la-jornada-impulsa-futur-dorientacio-academica-i-professional\\\/\"},\"author\":{\"name\":\"comunicacio\",\"@id\":\"https:\\\/\\\/www.fundacioimpulsa.org\\\/es\\\/#\\\/schema\\\/person\\\/8e5d127d58d49b0b3a374d763db6672b\"},\"headline\":\"Acercamos el mundo laboral a los j\u00f3venes con la segunda edici\u00f3n de la &#8216;Jornada Impulsa Futuro&#8217; de orientaci\u00f3n acad\u00e9mica y profesional\",\"datePublished\":\"2023-03-06T11:48:32+00:00\",\"dateModified\":\"2023-03-07T10:51:14+00:00\",\"mainEntityOfPage\":{\"@id\":\"https:\\\/\\\/www.fundacioimpulsa.org\\\/es\\\/acostem-el-mon-laboral-als-joves-amb-la-segona-edicio-de-la-jornada-impulsa-futur-dorientacio-academica-i-professional\\\/\"},\"wordCount\":632,\"image\":{\"@id\":\"https:\\\/\\\/www.fundacioimpulsa.org\\\/es\\\/acostem-el-mon-laboral-als-joves-amb-la-segona-edicio-de-la-jornada-impulsa-futur-dorientacio-academica-i-professional\\\/#primaryimage\"},\"thumbnailUrl\":\"https:\\\/\\\/www.fundacioimpulsa.org\\\/wp-content\\\/uploads\\\/2023\\\/03\\\/jornada-informacio_web.jpg\",\"keywords\":[\"#Orientaci\u00f3nLaboral\"],\"articleSection\":[\"Noticias\"],\"inLanguage\":\"es\"},{\"@type\":\"WebPage\",\"@id\":\"https:\\\/\\\/www.fundacioimpulsa.org\\\/es\\\/acostem-el-mon-laboral-als-joves-amb-la-segona-edicio-de-la-jornada-impulsa-futur-dorientacio-academica-i-professional\\\/\",\"url\":\"https:\\\/\\\/www.fundacioimpulsa.org\\\/es\\\/acostem-el-mon-laboral-als-joves-amb-la-segona-edicio-de-la-jornada-impulsa-futur-dorientacio-academica-i-professional\\\/\",\"name\":\"Acercamos el mundo laboral a los j\u00f3venes con la segunda edici\u00f3n de la 'Jornada Impulsa Futuro' de orientaci\u00f3n acad\u00e9mica y profesional - Fundacio Impulsa\",\"isPartOf\":{\"@id\":\"https:\\\/\\\/www.fundacioimpulsa.org\\\/es\\\/#website\"},\"primaryImageOfPage\":{\"@id\":\"https:\\\/\\\/www.fundacioimpulsa.org\\\/es\\\/acostem-el-mon-laboral-als-joves-amb-la-segona-edicio-de-la-jornada-impulsa-futur-dorientacio-academica-i-professional\\\/#primaryimage\"},\"image\":{\"@id\":\"https:\\\/\\\/www.fundacioimpulsa.org\\\/es\\\/acostem-el-mon-laboral-als-joves-amb-la-segona-edicio-de-la-jornada-impulsa-futur-dorientacio-academica-i-professional\\\/#primaryimage\"},\"thumbnailUrl\":\"https:\\\/\\\/www.fundacioimpulsa.org\\\/wp-content\\\/uploads\\\/2023\\\/03\\\/jornada-informacio_web.jpg\",\"datePublished\":\"2023-03-06T11:48:32+00:00\",\"dateModified\":\"2023-03-07T10:51:14+00:00\",\"author\":{\"@id\":\"https:\\\/\\\/www.fundacioimpulsa.org\\\/es\\\/#\\\/schema\\\/person\\\/8e5d127d58d49b0b3a374d763db6672b\"},\"breadcrumb\":{\"@id\":\"https:\\\/\\\/www.fundacioimpulsa.org\\\/es\\\/acostem-el-mon-laboral-als-joves-amb-la-segona-edicio-de-la-jornada-impulsa-futur-dorientacio-academica-i-professional\\\/#breadcrumb\"},\"inLanguage\":\"es\",\"potentialAction\":[{\"@type\":\"ReadAction\",\"target\":[\"https:\\\/\\\/www.fundacioimpulsa.org\\\/es\\\/acostem-el-mon-laboral-als-joves-amb-la-segona-edicio-de-la-jornada-impulsa-futur-dorientacio-academica-i-professional\\\/\"]}]},{\"@type\":\"ImageObject\",\"inLanguage\":\"es\",\"@id\":\"https:\\\/\\\/www.fundacioimpulsa.org\\\/es\\\/acostem-el-mon-laboral-als-joves-amb-la-segona-edicio-de-la-jornada-impulsa-futur-dorientacio-academica-i-professional\\\/#primaryimage\",\"url\":\"https:\\\/\\\/www.fundacioimpulsa.org\\\/wp-content\\\/uploads\\\/2023\\\/03\\\/jornada-informacio_web.jpg\",\"contentUrl\":\"https:\\\/\\\/www.fundacioimpulsa.org\\\/wp-content\\\/uploads\\\/2023\\\/03\\\/jornada-informacio_web.jpg\",\"width\":1500,\"height\":958},{\"@type\":\"BreadcrumbList\",\"@id\":\"https:\\\/\\\/www.fundacioimpulsa.org\\\/es\\\/acostem-el-mon-laboral-als-joves-amb-la-segona-edicio-de-la-jornada-impulsa-futur-dorientacio-academica-i-professional\\\/#breadcrumb\",\"itemListElement\":[{\"@type\":\"ListItem\",\"position\":1,\"name\":\"Inici\",\"item\":\"https:\\\/\\\/www.fundacioimpulsa.org\\\/es\\\/fundacio-impulsa\\\/\"},{\"@type\":\"ListItem\",\"position\":2,\"name\":\"Acercamos el mundo laboral a los j\u00f3venes con la segunda edici\u00f3n de la &#8216;Jornada Impulsa Futuro&#8217; de orientaci\u00f3n acad\u00e9mica y profesional\"}]},{\"@type\":\"WebSite\",\"@id\":\"https:\\\/\\\/www.fundacioimpulsa.org\\\/es\\\/#website\",\"url\":\"https:\\\/\\\/www.fundacioimpulsa.org\\\/es\\\/\",\"name\":\"Fundacio Impulsa\",\"description\":\"\",\"potentialAction\":[{\"@type\":\"SearchAction\",\"target\":{\"@type\":\"EntryPoint\",\"urlTemplate\":\"https:\\\/\\\/www.fundacioimpulsa.org\\\/es\\\/?s={search_term_string}\"},\"query-input\":{\"@type\":\"PropertyValueSpecification\",\"valueRequired\":true,\"valueName\":\"search_term_string\"}}],\"inLanguage\":\"es\"},{\"@type\":\"Person\",\"@id\":\"https:\\\/\\\/www.fundacioimpulsa.org\\\/es\\\/#\\\/schema\\\/person\\\/8e5d127d58d49b0b3a374d763db6672b\",\"name\":\"comunicacio\",\"image\":{\"@type\":\"ImageObject\",\"inLanguage\":\"es\",\"@id\":\"https:\\\/\\\/secure.gravatar.com\\\/avatar\\\/179d9804721934af904d6831ff1a982684d2987826415ba17246a2fefb582344?s=96&d=mm&r=g\",\"url\":\"https:\\\/\\\/secure.gravatar.com\\\/avatar\\\/179d9804721934af904d6831ff1a982684d2987826415ba17246a2fefb582344?s=96&d=mm&r=g\",\"contentUrl\":\"https:\\\/\\\/secure.gravatar.com\\\/avatar\\\/179d9804721934af904d6831ff1a982684d2987826415ba17246a2fefb582344?s=96&d=mm&r=g\",\"caption\":\"comunicacio\"},\"url\":\"https:\\\/\\\/www.fundacioimpulsa.org\\\/es\\\/author\\\/comunicacio\\\/\"}]}<\/script>\n<!-- \/ Yoast SEO plugin. -->","yoast_head_json":{"title":"Acercamos el mundo laboral a los j\u00f3venes con la segunda edici\u00f3n de la 'Jornada Impulsa Futuro' de orientaci\u00f3n acad\u00e9mica y profesional - Fundacio Impulsa","robots":{"index":"index","follow":"follow","max-snippet":"max-snippet:-1","max-image-preview":"max-image-preview:large","max-video-preview":"max-video-preview:-1"},"canonical":"https:\/\/www.fundacioimpulsa.org\/es\/acostem-el-mon-laboral-als-joves-amb-la-segona-edicio-de-la-jornada-impulsa-futur-dorientacio-academica-i-professional\/","og_locale":"es_ES","og_type":"article","og_title":"Acercamos el mundo laboral a los j\u00f3venes con la segunda edici\u00f3n de la 'Jornada Impulsa Futuro' de orientaci\u00f3n acad\u00e9mica y profesional - Fundacio Impulsa","og_description":"Con el objetivo de ayudar a los j\u00f3venes a tomar decisiones sobre su futuro acad\u00e9mico y laboral, desde la Fundaci\u00f3n Impulsa organizamos por segundo a\u00f1o consecutivo la Jornada Impulsa Futuro. Ser\u00e1 el mi\u00e9rcoles 15 de marzo y se trata de una actividad de orientaci\u00f3n laboral y acad\u00e9mica en formato virtual, que contar\u00e1 con dos turnos [&hellip;]","og_url":"https:\/\/www.fundacioimpulsa.org\/es\/acostem-el-mon-laboral-als-joves-amb-la-segona-edicio-de-la-jornada-impulsa-futur-dorientacio-academica-i-professional\/","og_site_name":"Fundacio Impulsa","article_published_time":"2023-03-06T11:48:32+00:00","article_modified_time":"2023-03-07T10:51:14+00:00","og_image":[{"width":1500,"height":958,"url":"https:\/\/www.fundacioimpulsa.org\/wp-content\/uploads\/2023\/03\/jornada-informacio_web.jpg","type":"image\/jpeg"}],"author":"comunicacio","twitter_card":"summary_large_image","twitter_misc":{"Escrito por":"comunicacio","Tiempo de lectura":"3 minutos"},"schema":{"@context":"https:\/\/schema.org","@graph":[{"@type":"Article","@id":"https:\/\/www.fundacioimpulsa.org\/es\/acostem-el-mon-laboral-als-joves-amb-la-segona-edicio-de-la-jornada-impulsa-futur-dorientacio-academica-i-professional\/#article","isPartOf":{"@id":"https:\/\/www.fundacioimpulsa.org\/es\/acostem-el-mon-laboral-als-joves-amb-la-segona-edicio-de-la-jornada-impulsa-futur-dorientacio-academica-i-professional\/"},"author":{"name":"comunicacio","@id":"https:\/\/www.fundacioimpulsa.org\/es\/#\/schema\/person\/8e5d127d58d49b0b3a374d763db6672b"},"headline":"Acercamos el mundo laboral a los j\u00f3venes con la segunda edici\u00f3n de la &#8216;Jornada Impulsa Futuro&#8217; de orientaci\u00f3n acad\u00e9mica y profesional","datePublished":"2023-03-06T11:48:32+00:00","dateModified":"2023-03-07T10:51:14+00:00","mainEntityOfPage":{"@id":"https:\/\/www.fundacioimpulsa.org\/es\/acostem-el-mon-laboral-als-joves-amb-la-segona-edicio-de-la-jornada-impulsa-futur-dorientacio-academica-i-professional\/"},"wordCount":632,"image":{"@id":"https:\/\/www.fundacioimpulsa.org\/es\/acostem-el-mon-laboral-als-joves-amb-la-segona-edicio-de-la-jornada-impulsa-futur-dorientacio-academica-i-professional\/#primaryimage"},"thumbnailUrl":"https:\/\/www.fundacioimpulsa.org\/wp-content\/uploads\/2023\/03\/jornada-informacio_web.jpg","keywords":["#Orientaci\u00f3nLaboral"],"articleSection":["Noticias"],"inLanguage":"es"},{"@type":"WebPage","@id":"https:\/\/www.fundacioimpulsa.org\/es\/acostem-el-mon-laboral-als-joves-amb-la-segona-edicio-de-la-jornada-impulsa-futur-dorientacio-academica-i-professional\/","url":"https:\/\/www.fundacioimpulsa.org\/es\/acostem-el-mon-laboral-als-joves-amb-la-segona-edicio-de-la-jornada-impulsa-futur-dorientacio-academica-i-professional\/","name":"Acercamos el mundo laboral a los j\u00f3venes con la segunda edici\u00f3n de la 'Jornada Impulsa Futuro' de orientaci\u00f3n acad\u00e9mica y profesional - Fundacio Impulsa","isPartOf":{"@id":"https:\/\/www.fundacioimpulsa.org\/es\/#website"},"primaryImageOfPage":{"@id":"https:\/\/www.fundacioimpulsa.org\/es\/acostem-el-mon-laboral-als-joves-amb-la-segona-edicio-de-la-jornada-impulsa-futur-dorientacio-academica-i-professional\/#primaryimage"},"image":{"@id":"https:\/\/www.fundacioimpulsa.org\/es\/acostem-el-mon-laboral-als-joves-amb-la-segona-edicio-de-la-jornada-impulsa-futur-dorientacio-academica-i-professional\/#primaryimage"},"thumbnailUrl":"https:\/\/www.fundacioimpulsa.org\/wp-content\/uploads\/2023\/03\/jornada-informacio_web.jpg","datePublished":"2023-03-06T11:48:32+00:00","dateModified":"2023-03-07T10:51:14+00:00","author":{"@id":"https:\/\/www.fundacioimpulsa.org\/es\/#\/schema\/person\/8e5d127d58d49b0b3a374d763db6672b"},"breadcrumb":{"@id":"https:\/\/www.fundacioimpulsa.org\/es\/acostem-el-mon-laboral-als-joves-amb-la-segona-edicio-de-la-jornada-impulsa-futur-dorientacio-academica-i-professional\/#breadcrumb"},"inLanguage":"es","potentialAction":[{"@type":"ReadAction","target":["https:\/\/www.fundacioimpulsa.org\/es\/acostem-el-mon-laboral-als-joves-amb-la-segona-edicio-de-la-jornada-impulsa-futur-dorientacio-academica-i-professional\/"]}]},{"@type":"ImageObject","inLanguage":"es","@id":"https:\/\/www.fundacioimpulsa.org\/es\/acostem-el-mon-laboral-als-joves-amb-la-segona-edicio-de-la-jornada-impulsa-futur-dorientacio-academica-i-professional\/#primaryimage","url":"https:\/\/www.fundacioimpulsa.org\/wp-content\/uploads\/2023\/03\/jornada-informacio_web.jpg","contentUrl":"https:\/\/www.fundacioimpulsa.org\/wp-content\/uploads\/2023\/03\/jornada-informacio_web.jpg","width":1500,"height":958},{"@type":"BreadcrumbList","@id":"https:\/\/www.fundacioimpulsa.org\/es\/acostem-el-mon-laboral-als-joves-amb-la-segona-edicio-de-la-jornada-impulsa-futur-dorientacio-academica-i-professional\/#breadcrumb","itemListElement":[{"@type":"ListItem","position":1,"name":"Inici","item":"https:\/\/www.fundacioimpulsa.org\/es\/fundacio-impulsa\/"},{"@type":"ListItem","position":2,"name":"Acercamos el mundo laboral a los j\u00f3venes con la segunda edici\u00f3n de la &#8216;Jornada Impulsa Futuro&#8217; de orientaci\u00f3n acad\u00e9mica y profesional"}]},{"@type":"WebSite","@id":"https:\/\/www.fundacioimpulsa.org\/es\/#website","url":"https:\/\/www.fundacioimpulsa.org\/es\/","name":"Fundacio Impulsa","description":"","potentialAction":[{"@type":"SearchAction","target":{"@type":"EntryPoint","urlTemplate":"https:\/\/www.fundacioimpulsa.org\/es\/?s={search_term_string}"},"query-input":{"@type":"PropertyValueSpecification","valueRequired":true,"valueName":"search_term_string"}}],"inLanguage":"es"},{"@type":"Person","@id":"https:\/\/www.fundacioimpulsa.org\/es\/#\/schema\/person\/8e5d127d58d49b0b3a374d763db6672b","name":"comunicacio","image":{"@type":"ImageObject","inLanguage":"es","@id":"https:\/\/secure.gravatar.com\/avatar\/179d9804721934af904d6831ff1a982684d2987826415ba17246a2fefb582344?s=96&d=mm&r=g","url":"https:\/\/secure.gravatar.com\/avatar\/179d9804721934af904d6831ff1a982684d2987826415ba17246a2fefb582344?s=96&d=mm&r=g","contentUrl":"https:\/\/secure.gravatar.com\/avatar\/179d9804721934af904d6831ff1a982684d2987826415ba17246a2fefb582344?s=96&d=mm&r=g","caption":"comunicacio"},"url":"https:\/\/www.fundacioimpulsa.org\/es\/author\/comunicacio\/"}]}},"publishpress_future_action":{"enabled":false,"date":"2026-05-06 07:49:21","action":"change-status","newStatus":"draft","terms":[],"taxonomy":"category","extraData":[]},"publishpress_future_workflow_manual_trigger":{"enabledWorkflows":[]},"_links":{"self":[{"href":"https:\/\/www.fundacioimpulsa.org\/es\/wp-json\/wp\/v2\/posts\/8465","targetHints":{"allow":["GET"]}}],"collection":[{"href":"https:\/\/www.fundacioimpulsa.org\/es\/wp-json\/wp\/v2\/posts"}],"about":[{"href":"https:\/\/www.fundacioimpulsa.org\/es\/wp-json\/wp\/v2\/types\/post"}],"author":[{"embeddable":true,"href":"https:\/\/www.fundacioimpulsa.org\/es\/wp-json\/wp\/v2\/users\/6"}],"replies":[{"embeddable":true,"href":"https:\/\/www.fundacioimpulsa.org\/es\/wp-json\/wp\/v2\/comments?post=8465"}],"version-history":[{"count":3,"href":"https:\/\/www.fundacioimpulsa.org\/es\/wp-json\/wp\/v2\/posts\/8465\/revisions"}],"predecessor-version":[{"id":8466,"href":"https:\/\/www.fundacioimpulsa.org\/es\/wp-json\/wp\/v2\/posts\/8465\/revisions\/8466"}],"wp:featuredmedia":[{"embeddable":true,"href":"https:\/\/www.fundacioimpulsa.org\/es\/wp-json\/wp\/v2\/media\/8490"}],"wp:attachment":[{"href":"https:\/\/www.fundacioimpulsa.org\/es\/wp-json\/wp\/v2\/media?parent=8465"}],"wp:term":[{"taxonomy":"category","embeddable":true,"href":"https:\/\/www.fundacioimpulsa.org\/es\/wp-json\/wp\/v2\/categories?post=8465"},{"taxonomy":"post_tag","embeddable":true,"href":"https:\/\/www.fundacioimpulsa.org\/es\/wp-json\/wp\/v2\/tags?post=8465"}],"curies":[{"name":"wp","href":"https:\/\/api.w.org\/{rel}","templated":true}]}}