{"id":8700,"date":"2023-04-22T07:00:22","date_gmt":"2023-04-22T05:00:22","guid":{"rendered":"https:\/\/www.fundacioimpulsa.org\/?p=8700"},"modified":"2024-08-27T08:49:25","modified_gmt":"2024-08-27T06:49:25","slug":"voluntariado-corporativo-refuerza-rsc","status":"publish","type":"post","link":"https:\/\/www.fundacioimpulsa.org\/es\/voluntariado-corporativo-refuerza-rsc\/","title":{"rendered":"\u201cEl voluntariado corporativo es una buena manera de reforzar la responsabilidad social corporativa y contribuye a que toda la organizaci\u00f3n forme parte de los valores de la empresa\u201d"},"content":{"rendered":"<p><img loading=\"lazy\" decoding=\"async\" class=\"alignnone wp-image-8690\" src=\"https:\/\/www.fundacioimpulsa.org\/wp-content\/uploads\/2023\/04\/web18-300x192.jpg\" alt=\"\" width=\"725\" height=\"464\" srcset=\"https:\/\/www.fundacioimpulsa.org\/wp-content\/uploads\/2023\/04\/web18-300x192.jpg 300w, https:\/\/www.fundacioimpulsa.org\/wp-content\/uploads\/2023\/04\/web18-1030x658.jpg 1030w, https:\/\/www.fundacioimpulsa.org\/wp-content\/uploads\/2023\/04\/web18-768x491.jpg 768w, https:\/\/www.fundacioimpulsa.org\/wp-content\/uploads\/2023\/04\/web18-705x450.jpg 705w, https:\/\/www.fundacioimpulsa.org\/wp-content\/uploads\/2023\/04\/web18-830x530.jpg 830w, https:\/\/www.fundacioimpulsa.org\/wp-content\/uploads\/2023\/04\/web18-315x201.jpg 315w, https:\/\/www.fundacioimpulsa.org\/wp-content\/uploads\/2023\/04\/web18.jpg 1080w\" sizes=\"auto, (max-width: 725px) 100vw, 725px\" \/><\/p>\n<p><a href=\"#\"><span data-contrast=\"none\">#ProtagonistaImpulsa<\/span>\u00a0<\/a><\/p>\n<p><strong>Jaume Can\u00e9<br \/>\nCountry representative de Freudenberg Group a Espa\u00f1a<\/strong><\/p>\n<p><b><span data-contrast=\"auto\">Jaume Can\u00e9 es el <\/span><\/b><b><i><span data-contrast=\"auto\">country representative <\/span><\/i><\/b><b><span data-contrast=\"auto\">de Freudenberg Group en Espa\u00f1a, la multinacional y Organizaci\u00f3n Impulsora de la Fundaci\u00f3n Impulsa con m\u00e1s de 170 a\u00f1os de trayectoria, que ofrece una gama de soluciones t\u00e9cnicas creativas diversificadas: desde productos de limpieza, como Vileda, hasta componentes de automoci\u00f3n<\/span><\/b><span data-ccp-props=\"{&quot;201341983&quot;:0,&quot;335551550&quot;:6,&quot;335551620&quot;:6,&quot;335559738&quot;:240,&quot;335559739&quot;:240,&quot;335559740&quot;:276}\">\u00a0<\/span><\/p>\n<p><b><span data-contrast=\"auto\">Adem\u00e1s, Can\u00e9 se ha estrenado este a\u00f1o como mentor de un joven de la Fundaci\u00f3n Impulsa, una experiencia que comparte con otros seis trabajadores y trabajadoras del grupo empresarial, que tambi\u00e9n han empezado a hacer voluntariado corporativo haciendo mentor\u00eda social con la Fundaci\u00f3n Impulsa.<\/span><\/b><span data-ccp-props=\"{&quot;201341983&quot;:0,&quot;335559740&quot;:276}\">\u00a0<\/span><\/p>\n<p><span data-ccp-props=\"{&quot;201341983&quot;:0,&quot;335559740&quot;:276}\">\u00a0<\/span><\/p>\n<ul>\n<li data-leveltext=\"-\" data-font=\"Calibri\" data-listid=\"5\" data-list-defn-props=\"{&quot;335552541&quot;:1,&quot;335559684&quot;:-2,&quot;335559685&quot;:720,&quot;335559991&quot;:360,&quot;469769242&quot;:[8226],&quot;469777803&quot;:&quot;left&quot;,&quot;469777804&quot;:&quot;-&quot;,&quot;469777815&quot;:&quot;multilevel&quot;}\" aria-setsize=\"-1\" data-aria-posinset=\"1\" data-aria-level=\"1\">\n<h5><strong>\u00bfC\u00f3mo empieza la relaci\u00f3n de Freudenberg con la Fundaci\u00f3n Impulsa?\u00a0<\/strong><\/h5>\n<\/li>\n<\/ul>\n<p><span data-contrast=\"auto\">Un trabajador de Freudenberg ya hac\u00eda de mentor y me explic\u00f3 las posibilidades de colaboraci\u00f3n con la Fundaci\u00f3n Impulsa. <\/span><strong>El proyecto nos gust\u00f3 enseguida<\/strong> <span data-contrast=\"auto\">y firmamos un<\/span> <a href=\"https:\/\/www.fundacioimpulsa.org\/es\/freudenberg-se-suma-a-la-xarxa-dorganitzacions-impulsores-i-al-programa-impulsa-mentoria-per-promocionar-el-voluntariat-amb-els-joves-impulsers-entre-els-treballadors-de-la-companyia\/\"><span data-contrast=\"none\">convenio de colaboraci\u00f3n<\/span><\/a> <strong>sum\u00e1ndonos como Organizaci\u00f3n Impulsora e incorpor\u00e1ndonos al<\/strong> <a href=\"https:\/\/www.fundacioimpulsa.org\/es\/impulsa-mentoria\/\"><b><span data-contrast=\"none\">Programa Impulsa Mentor\u00eda <\/span><\/b><\/a><span data-contrast=\"auto\">para promocionar el voluntariado entre los trabajadores y trabajadoras de la compa\u00f1\u00eda.<\/span><span data-ccp-props=\"{&quot;201341983&quot;:0,&quot;335551550&quot;:6,&quot;335551620&quot;:6,&quot;335559738&quot;:240,&quot;335559739&quot;:240,&quot;335559740&quot;:276}\">\u00a0<\/span><\/p>\n<ul>\n<li data-leveltext=\"-\" data-font=\"Calibri\" data-listid=\"6\" data-list-defn-props=\"{&quot;335552541&quot;:1,&quot;335559684&quot;:-2,&quot;335559685&quot;:720,&quot;335559991&quot;:360,&quot;469769242&quot;:[8226],&quot;469777803&quot;:&quot;left&quot;,&quot;469777804&quot;:&quot;-&quot;,&quot;469777815&quot;:&quot;multilevel&quot;}\" aria-setsize=\"-1\" data-aria-posinset=\"2\" data-aria-level=\"1\">\n<h5><strong>\u00bfHab\u00edas vivido ya la experiencia de hacer mentor\u00eda?\u00a0<\/strong><\/h5>\n<\/li>\n<\/ul>\n<p><span data-contrast=\"auto\">Personalmente,<\/span> <span data-contrast=\"auto\">hab\u00eda mentorizado a empresas, pero a un joven nunca lo hab\u00eda hecho y est\u00e1 siendo una experiencia interesante. Aparte de acompa\u00f1arle y compartir inquietudes, <\/span><strong>se est\u00e1 convirtiendo en alguien con quien estoy creando un v\u00ednculo.<\/strong><span data-contrast=\"auto\"> Es curioso como dos personas que no se conocen de nada, con vidas muy distintas y que se ponen en contacto a trav\u00e9s de un tercero, pueden llegar a encontrar tantas cosas en com\u00fan. <\/span><strong>Habitualmente, establecemos relaciones con gente de \u00e1mbitos cercanos y, de repente, empezar una relaci\u00f3n as\u00ed tan desconocida en la que te comprometes es una situaci\u00f3n nueva y enriquecedora.\u00a0<\/strong><\/p>\n<ul>\n<li data-leveltext=\"-\" data-font=\"Calibri\" data-listid=\"4\" data-list-defn-props=\"{&quot;335552541&quot;:1,&quot;335559684&quot;:-2,&quot;335559685&quot;:720,&quot;335559991&quot;:360,&quot;469769242&quot;:[8226],&quot;469777803&quot;:&quot;left&quot;,&quot;469777804&quot;:&quot;-&quot;,&quot;469777815&quot;:&quot;multilevel&quot;}\" aria-setsize=\"-1\" data-aria-posinset=\"1\" data-aria-level=\"1\">\n<h5><strong>Actualmente, sois unos cuantos trabajadores y trabajadoras que est\u00e1is haciendo voluntariado corporativo a trav\u00e9s de la mentor\u00eda de la Fundaci\u00f3n Impulsa.\u00a0<\/strong><\/h5>\n<\/li>\n<\/ul>\n<p><span data-contrast=\"auto\">S\u00ed, nos gusta contribuir en iniciativas que trabajan para mejorar el entorno, forma parte del ADN de nuestro grupo, y <\/span><strong>nuestra pol\u00edtica empresarial implica siempre no limitarnos a realizar aportaciones econ\u00f3micas, sino implicar en ellas tambi\u00e9n a los trabajadores<\/strong><span data-contrast=\"auto\"><strong>.<\/strong> As\u00ed lo hemos hecho tambi\u00e9n con el proyecto de la Fundaci\u00f3n Impulsa, <\/span><strong>iniciando<\/strong> <span data-contrast=\"auto\">esta colaboraci\u00f3n de <\/span><strong>mentor\u00eda social.<\/strong> <span data-contrast=\"auto\">Estamos presentes en sesenta pa\u00edses y no solo para trabajar, sino que formamos parte de la comunidad y, por lo tanto, debemos contribuir a que todo el mundo tenga unas condiciones de vida mejores.<\/span><span data-ccp-props=\"{&quot;201341983&quot;:0,&quot;335551550&quot;:6,&quot;335551620&quot;:6,&quot;335559738&quot;:240,&quot;335559739&quot;:240,&quot;335559740&quot;:276}\">\u00a0<\/span><\/p>\n<blockquote>\n<h4 aria-level=\"4\">\u00abFormamos parte de la comunidad y, por lo tanto, debemos contribuir a que todo el mundo tenga unas condiciones de vida mejores\u00bb<\/h4>\n<\/blockquote>\n<ul>\n<li data-leveltext=\"-\" data-font=\"Calibri\" data-listid=\"1\" data-list-defn-props=\"{&quot;335552541&quot;:1,&quot;335559684&quot;:-2,&quot;335559685&quot;:720,&quot;335559991&quot;:360,&quot;469769242&quot;:[8226],&quot;469777803&quot;:&quot;left&quot;,&quot;469777804&quot;:&quot;-&quot;,&quot;469777815&quot;:&quot;multilevel&quot;}\" aria-setsize=\"-1\" data-aria-posinset=\"1\" data-aria-level=\"1\">\n<h5><strong>\u00bfCree que la mentor\u00eda social es una buena herramienta para contribuir a mejorar el entorno?\u00a0<\/strong><\/h5>\n<\/li>\n<\/ul>\n<p><span data-contrast=\"auto\">Hacer mentor\u00eda es una forma de estar m\u00e1s conectados con lo que nos rodea, de ser mejor vecinos. <\/span><strong>La responsabilidad de las empresas no acaba en el impuesto de sociedades; nos nutrimos del entorno y tenemos que devolver cosas<\/strong><span data-contrast=\"auto\"><strong>.<\/strong> El voluntariado corporativo es una buena forma de reforzar la responsabilidad social corporativa y hacer que toda la organizaci\u00f3n forme parte de los valores de la empresa.<\/span><span data-ccp-props=\"{&quot;201341983&quot;:0,&quot;335551550&quot;:6,&quot;335551620&quot;:6,&quot;335559738&quot;:240,&quot;335559739&quot;:240,&quot;335559740&quot;:276}\">\u00a0<\/span><\/p>\n<ul>\n<li data-leveltext=\"-\" data-font=\"Calibri\" data-listid=\"1\" data-list-defn-props=\"{&quot;335552541&quot;:1,&quot;335559684&quot;:-2,&quot;335559685&quot;:720,&quot;335559991&quot;:360,&quot;469769242&quot;:[8226],&quot;469777803&quot;:&quot;left&quot;,&quot;469777804&quot;:&quot;-&quot;,&quot;469777815&quot;:&quot;multilevel&quot;}\" aria-setsize=\"-1\" data-aria-posinset=\"2\" data-aria-level=\"1\">\n<h5><strong>\u00bfPiensas que esto tambi\u00e9n es beneficioso para los trabajadores y las trabajadoras?\u00a0<\/strong><\/h5>\n<\/li>\n<\/ul>\n<p><span data-contrast=\"auto\">Yo creo que s\u00ed, <\/span><strong>el voluntariado les hace mejores personas<\/strong> <span data-contrast=\"auto\">y, adem\u00e1s, los trabajadores tienen la satisfacci\u00f3n de ver que est\u00e1n ayudando a otros y <\/span><strong>contribuyen a hacer una sociedad un poco mejor.<\/strong><span data-contrast=\"auto\"> Si te enriqueces emocionalmente, te sientes m\u00e1s realizado. Creo que <\/span><strong>trabajar en un sitio donde no solo se piensa en hacer dinero,<\/strong> <span data-contrast=\"auto\">sino<\/span> <span data-contrast=\"auto\">que existe un compromiso social y los valores son importantes, <\/span><strong>aporta orgullo y satisfacci\u00f3n.\u00a0<\/strong><\/p>\n<p><span data-contrast=\"auto\">De hecho, me ha sorprendido que <\/span><strong>la mayor\u00eda de los mentores que se han sumado a hacer voluntariado corporativo son cargos directivos, con responsabilidades elevadas en la empresa<\/strong><span data-contrast=\"auto\"><strong>,<\/strong> que habitualmente son los que tienen la vida m\u00e1s apretada. Supongo que es por ese esp\u00edritu de liderazgo por el que han querido implicarse en este proyecto.<\/span><span data-ccp-props=\"{&quot;201341983&quot;:0,&quot;335551550&quot;:6,&quot;335551620&quot;:6,&quot;335559738&quot;:240,&quot;335559739&quot;:240,&quot;335559740&quot;:276}\">\u00a0<\/span><\/p>\n<p dir=\"ltr\"><img loading=\"lazy\" decoding=\"async\" class=\"alignnone wp-image-8695\" src=\"https:\/\/www.fundacioimpulsa.org\/wp-content\/uploads\/2023\/04\/Freudenberg-300x225.jpeg\" alt=\"\" width=\"725\" height=\"544\" srcset=\"https:\/\/www.fundacioimpulsa.org\/wp-content\/uploads\/2023\/04\/Freudenberg-300x225.jpeg 300w, https:\/\/www.fundacioimpulsa.org\/wp-content\/uploads\/2023\/04\/Freudenberg-1030x772.jpeg 1030w, https:\/\/www.fundacioimpulsa.org\/wp-content\/uploads\/2023\/04\/Freudenberg-768x576.jpeg 768w, https:\/\/www.fundacioimpulsa.org\/wp-content\/uploads\/2023\/04\/Freudenberg-1536x1152.jpeg 1536w, https:\/\/www.fundacioimpulsa.org\/wp-content\/uploads\/2023\/04\/Freudenberg-2048x1536.jpeg 2048w, https:\/\/www.fundacioimpulsa.org\/wp-content\/uploads\/2023\/04\/Freudenberg-1500x1125.jpeg 1500w, https:\/\/www.fundacioimpulsa.org\/wp-content\/uploads\/2023\/04\/Freudenberg-705x529.jpeg 705w, https:\/\/www.fundacioimpulsa.org\/wp-content\/uploads\/2023\/04\/Freudenberg-707x530.jpeg 707w, https:\/\/www.fundacioimpulsa.org\/wp-content\/uploads\/2023\/04\/Freudenberg-281x211.jpeg 281w\" sizes=\"auto, (max-width: 725px) 100vw, 725px\" \/><\/p>\n<ul>\n<li data-leveltext=\"-\" data-font=\"Calibri\" data-listid=\"2\" data-list-defn-props=\"{&quot;335552541&quot;:1,&quot;335559684&quot;:-2,&quot;335559685&quot;:720,&quot;335559991&quot;:360,&quot;469769242&quot;:[8226],&quot;469777803&quot;:&quot;left&quot;,&quot;469777804&quot;:&quot;-&quot;,&quot;469777815&quot;:&quot;multilevel&quot;}\" aria-setsize=\"-1\" data-aria-posinset=\"1\" data-aria-level=\"1\">\n<h5><strong>Pones mucho \u00e9nfasis en la necesidad de hacer una sociedad mejor. \u00bfC\u00f3mo crees que contribuye en ello la Fundaci\u00f3n Impulsa?\u00a0<\/strong><\/h5>\n<\/li>\n<\/ul>\n<p><span data-contrast=\"auto\">Nosotros, como grupo alem\u00e1n, ya hace muchos a\u00f1os que sabemos que <\/span><strong>la Formaci\u00f3n Profesional (FP) es una muy buena apuesta formativa que contribuye a que las empresas funcionen.<\/strong> <span data-contrast=\"auto\">En nuestro centro formativo de Alemania tenemos 300 alumnos de FP. All\u00ed la formaci\u00f3n profesional est\u00e1 muy extendida y aqu\u00ed desgraciadamente no mucho. <\/span><strong>En Catalu\u00f1a faltan personas formadas en FP<\/strong><span data-contrast=\"auto\">; se habla cada vez m\u00e1s, pero falta una apuesta en ese sentido. Por lo tanto, proyectos como el de la Fundaci\u00f3n Impulsa, que estimulan que los j\u00f3venes estudien FP y puedan encontrar una salida laboral, son necesarios.<\/span><span data-ccp-props=\"{&quot;201341983&quot;:0,&quot;335551550&quot;:6,&quot;335551620&quot;:6,&quot;335559738&quot;:240,&quot;335559739&quot;:240,&quot;335559740&quot;:276}\">\u00a0<\/span><\/p>\n<blockquote>\n<h4>\u00abProyectos como el de la Fundaci\u00f3n Impulsa, que estimulan que los j\u00f3venes estudien FP y puedan encontrar una salida laboral, son necesarios\u00bb<\/h4>\n<\/blockquote>\n<ul>\n<li data-leveltext=\"-\" data-font=\"Calibri\" data-listid=\"2\" data-list-defn-props=\"{&quot;335552541&quot;:1,&quot;335559684&quot;:-2,&quot;335559685&quot;:720,&quot;335559991&quot;:360,&quot;469769242&quot;:[8226],&quot;469777803&quot;:&quot;left&quot;,&quot;469777804&quot;:&quot;-&quot;,&quot;469777815&quot;:&quot;multilevel&quot;}\" aria-setsize=\"-1\" data-aria-posinset=\"1\" data-aria-level=\"1\">\n<h5>\u00bfCrees que tener trabajadores y trabajadoras formados en FP es una de las claves del \u00e9xito de Freudenberg?<\/h5>\n<\/li>\n<\/ul>\n<p><span data-contrast=\"auto\">La <\/span><strong>clave del \u00e9xito de Freudenberg se encuentra en la innovaci\u00f3n y la diversificaci\u00f3n<\/strong><span data-contrast=\"auto\"><strong>.<\/strong> El 33% de los productos que fabricamos tiene menos de cuatro a\u00f1os de antig\u00fcedad. La b\u00fasqueda de talento es una de las cosas que m\u00e1s nos preocupa y nos ocupa, <\/span><strong>y las personas formadas en FP est\u00e1n en este sitio<\/strong><span data-contrast=\"auto\">. La innovaci\u00f3n no sale solo de un despacho o laboratorio, sino de la mejora que cada persona puede ofrecer en su trabajo, y tener gente muy bien preparada en todas las escalas del proceso productivo es esencial. En la industria la gente bien preparada en FP es la que mejor sigue adelante y la que m\u00e1s aporta en los proyectos.<\/span><span data-ccp-props=\"{&quot;201341983&quot;:0,&quot;335551550&quot;:6,&quot;335551620&quot;:6,&quot;335559738&quot;:240,&quot;335559739&quot;:240,&quot;335559740&quot;:276}\">\u00a0<\/span><\/p>\n<blockquote>\n<h4><strong>\u201cTener a gente muy bien preparada en todas las escalas del proceso productivo es esencial. En la industria la gente bien preparada en FP es la que mejor sigue adelante y la que m\u00e1s aporta en los proyectos\u201d\u00a0<\/strong><\/h4>\n<\/blockquote>\n<ul>\n<li data-leveltext=\"-\" data-font=\"Calibri\" data-listid=\"3\" data-list-defn-props=\"{&quot;335552541&quot;:1,&quot;335559684&quot;:-2,&quot;335559685&quot;:720,&quot;335559991&quot;:360,&quot;469769242&quot;:[8226],&quot;469777803&quot;:&quot;left&quot;,&quot;469777804&quot;:&quot;-&quot;,&quot;469777815&quot;:&quot;multilevel&quot;}\" aria-setsize=\"-1\" data-aria-posinset=\"1\" data-aria-level=\"1\">\n<h5><strong>\u00bfRecomendar\u00edas a otras empresas que quieran fortalecer su RSC hacer voluntariado corporativo con la Fundaci\u00f3n Impulsa?\u00a0<\/strong><\/h5>\n<\/li>\n<\/ul>\n<p><span data-contrast=\"auto\">S\u00ed. <\/span><strong>Con la mentor\u00eda de la Fundaci\u00f3n Impulsa apoyas al empleo y a promocionar y profesionalizar la FP<\/strong><span data-contrast=\"auto\">, lo que acabar\u00e1 beneficiando a otras empresas y, por lo tanto, a medio plazo no solo ser\u00e1 beneficioso para la empresa, sino que lo ser\u00e1 para todo el entorno. El M\u00e9todo Impulsa est\u00e1 muy bien trabajado: <\/span><strong>detr\u00e1s de la mentor\u00eda social de la entidad hay un trabajo muy grande en red y una coordinaci\u00f3n muy bien estructurada desde el punto de vista organizativo.\u00a0<\/strong><\/p>\n<ul>\n<li data-leveltext=\"-\" data-font=\"Calibri\" data-listid=\"3\" data-list-defn-props=\"{&quot;335552541&quot;:1,&quot;335559684&quot;:-2,&quot;335559685&quot;:720,&quot;335559991&quot;:360,&quot;469769242&quot;:[8226],&quot;469777803&quot;:&quot;left&quot;,&quot;469777804&quot;:&quot;-&quot;,&quot;469777815&quot;:&quot;multilevel&quot;}\" aria-setsize=\"-1\" data-aria-posinset=\"2\" data-aria-level=\"1\">\n<h5>En una palabra, para ti la Fundaci\u00f3n Impulsa es\u2026<\/h5>\n<\/li>\n<\/ul>\n<p><span data-contrast=\"auto\">Eficiente.<\/span><span data-ccp-props=\"{&quot;201341983&quot;:0,&quot;335551550&quot;:6,&quot;335551620&quot;:6,&quot;335559738&quot;:240,&quot;335559739&quot;:240,&quot;335559740&quot;:276}\">\u00a0<\/span><\/p>\n","protected":false},"excerpt":{"rendered":"<p>Jaume Can\u00e9 es el country representative de Freudenberg Group en Espa\u00f1a<\/p>\n","protected":false},"author":6,"featured_media":8691,"comment_status":"closed","ping_status":"closed","sticky":false,"template":"","format":"standard","meta":{"_acf_changed":false,"footnotes":""},"categories":[84],"tags":[98,99],"class_list":["post-8700","post","type-post","status-publish","format-standard","has-post-thumbnail","hentry","category-protagonistas-impulsa","tag-protagonistesimpulsa-es","tag-protagonistasimpulsa"],"acf":[],"yoast_head":"<!-- This site is optimized with the Yoast SEO plugin v27.3 - https:\/\/yoast.com\/product\/yoast-seo-wordpress\/ -->\n<title>\u201cEl voluntariado corporativo es una buena manera de reforzar la responsabilidad social corporativa y contribuye a que toda la organizaci\u00f3n forme parte de los valores de la empresa\u201d - Fundacio Impulsa<\/title>\n<meta name=\"robots\" content=\"index, follow, max-snippet:-1, max-image-preview:large, max-video-preview:-1\" \/>\n<link rel=\"canonical\" href=\"https:\/\/www.fundacioimpulsa.org\/es\/voluntariado-corporativo-refuerza-rsc\/\" \/>\n<meta property=\"og:locale\" content=\"es_ES\" \/>\n<meta property=\"og:type\" content=\"article\" \/>\n<meta property=\"og:title\" content=\"\u201cEl voluntariado corporativo es una buena manera de reforzar la responsabilidad social corporativa y contribuye a que toda la organizaci\u00f3n forme parte de los valores de la empresa\u201d - Fundacio Impulsa\" \/>\n<meta property=\"og:description\" content=\"Jaume Can\u00e9 es el country representative de Freudenberg Group en Espa\u00f1a\" \/>\n<meta property=\"og:url\" content=\"https:\/\/www.fundacioimpulsa.org\/es\/voluntariado-corporativo-refuerza-rsc\/\" \/>\n<meta property=\"og:site_name\" content=\"Fundacio Impulsa\" \/>\n<meta property=\"article:published_time\" content=\"2023-04-22T05:00:22+00:00\" \/>\n<meta property=\"article:modified_time\" content=\"2024-08-27T06:49:25+00:00\" \/>\n<meta property=\"og:image\" content=\"https:\/\/www.fundacioimpulsa.org\/wp-content\/uploads\/2023\/04\/web18.jpg\" \/>\n\t<meta property=\"og:image:width\" content=\"1080\" \/>\n\t<meta property=\"og:image:height\" content=\"690\" \/>\n\t<meta property=\"og:image:type\" content=\"image\/jpeg\" \/>\n<meta name=\"author\" content=\"comunicacio\" \/>\n<meta name=\"twitter:card\" content=\"summary_large_image\" \/>\n<meta name=\"twitter:label1\" content=\"Escrito por\" \/>\n\t<meta name=\"twitter:data1\" content=\"comunicacio\" \/>\n\t<meta name=\"twitter:label2\" content=\"Tiempo de lectura\" \/>\n\t<meta name=\"twitter:data2\" content=\"6 minutos\" \/>\n<script type=\"application\/ld+json\" class=\"yoast-schema-graph\">{\"@context\":\"https:\\\/\\\/schema.org\",\"@graph\":[{\"@type\":\"Article\",\"@id\":\"https:\\\/\\\/www.fundacioimpulsa.org\\\/es\\\/voluntariado-corporativo-refuerza-rsc\\\/#article\",\"isPartOf\":{\"@id\":\"https:\\\/\\\/www.fundacioimpulsa.org\\\/es\\\/voluntariado-corporativo-refuerza-rsc\\\/\"},\"author\":{\"name\":\"comunicacio\",\"@id\":\"https:\\\/\\\/www.fundacioimpulsa.org\\\/es\\\/#\\\/schema\\\/person\\\/8e5d127d58d49b0b3a374d763db6672b\"},\"headline\":\"\u201cEl voluntariado corporativo es una buena manera de reforzar la responsabilidad social corporativa y contribuye a que toda la organizaci\u00f3n forme parte de los valores de la empresa\u201d\",\"datePublished\":\"2023-04-22T05:00:22+00:00\",\"dateModified\":\"2024-08-27T06:49:25+00:00\",\"mainEntityOfPage\":{\"@id\":\"https:\\\/\\\/www.fundacioimpulsa.org\\\/es\\\/voluntariado-corporativo-refuerza-rsc\\\/\"},\"wordCount\":1152,\"image\":{\"@id\":\"https:\\\/\\\/www.fundacioimpulsa.org\\\/es\\\/voluntariado-corporativo-refuerza-rsc\\\/#primaryimage\"},\"thumbnailUrl\":\"https:\\\/\\\/www.fundacioimpulsa.org\\\/wp-content\\\/uploads\\\/2023\\\/04\\\/web18.jpg\",\"keywords\":[\"#ProtagonistasImpulsa\",\"#ProtagonistasImpulsa\"],\"articleSection\":[\"Protagonistas Impulsa\"],\"inLanguage\":\"es\"},{\"@type\":\"WebPage\",\"@id\":\"https:\\\/\\\/www.fundacioimpulsa.org\\\/es\\\/voluntariado-corporativo-refuerza-rsc\\\/\",\"url\":\"https:\\\/\\\/www.fundacioimpulsa.org\\\/es\\\/voluntariado-corporativo-refuerza-rsc\\\/\",\"name\":\"\u201cEl voluntariado corporativo es una buena manera de reforzar la responsabilidad social corporativa y contribuye a que toda la organizaci\u00f3n forme parte de los valores de la empresa\u201d - Fundacio Impulsa\",\"isPartOf\":{\"@id\":\"https:\\\/\\\/www.fundacioimpulsa.org\\\/es\\\/#website\"},\"primaryImageOfPage\":{\"@id\":\"https:\\\/\\\/www.fundacioimpulsa.org\\\/es\\\/voluntariado-corporativo-refuerza-rsc\\\/#primaryimage\"},\"image\":{\"@id\":\"https:\\\/\\\/www.fundacioimpulsa.org\\\/es\\\/voluntariado-corporativo-refuerza-rsc\\\/#primaryimage\"},\"thumbnailUrl\":\"https:\\\/\\\/www.fundacioimpulsa.org\\\/wp-content\\\/uploads\\\/2023\\\/04\\\/web18.jpg\",\"datePublished\":\"2023-04-22T05:00:22+00:00\",\"dateModified\":\"2024-08-27T06:49:25+00:00\",\"author\":{\"@id\":\"https:\\\/\\\/www.fundacioimpulsa.org\\\/es\\\/#\\\/schema\\\/person\\\/8e5d127d58d49b0b3a374d763db6672b\"},\"breadcrumb\":{\"@id\":\"https:\\\/\\\/www.fundacioimpulsa.org\\\/es\\\/voluntariado-corporativo-refuerza-rsc\\\/#breadcrumb\"},\"inLanguage\":\"es\",\"potentialAction\":[{\"@type\":\"ReadAction\",\"target\":[\"https:\\\/\\\/www.fundacioimpulsa.org\\\/es\\\/voluntariado-corporativo-refuerza-rsc\\\/\"]}]},{\"@type\":\"ImageObject\",\"inLanguage\":\"es\",\"@id\":\"https:\\\/\\\/www.fundacioimpulsa.org\\\/es\\\/voluntariado-corporativo-refuerza-rsc\\\/#primaryimage\",\"url\":\"https:\\\/\\\/www.fundacioimpulsa.org\\\/wp-content\\\/uploads\\\/2023\\\/04\\\/web18.jpg\",\"contentUrl\":\"https:\\\/\\\/www.fundacioimpulsa.org\\\/wp-content\\\/uploads\\\/2023\\\/04\\\/web18.jpg\",\"width\":1080,\"height\":690},{\"@type\":\"BreadcrumbList\",\"@id\":\"https:\\\/\\\/www.fundacioimpulsa.org\\\/es\\\/voluntariado-corporativo-refuerza-rsc\\\/#breadcrumb\",\"itemListElement\":[{\"@type\":\"ListItem\",\"position\":1,\"name\":\"Inici\",\"item\":\"https:\\\/\\\/www.fundacioimpulsa.org\\\/es\\\/fundacio-impulsa\\\/\"},{\"@type\":\"ListItem\",\"position\":2,\"name\":\"\u201cEl voluntariado corporativo es una buena manera de reforzar la responsabilidad social corporativa y contribuye a que toda la organizaci\u00f3n forme parte de los valores de la empresa\u201d\"}]},{\"@type\":\"WebSite\",\"@id\":\"https:\\\/\\\/www.fundacioimpulsa.org\\\/es\\\/#website\",\"url\":\"https:\\\/\\\/www.fundacioimpulsa.org\\\/es\\\/\",\"name\":\"Fundacio Impulsa\",\"description\":\"\",\"potentialAction\":[{\"@type\":\"SearchAction\",\"target\":{\"@type\":\"EntryPoint\",\"urlTemplate\":\"https:\\\/\\\/www.fundacioimpulsa.org\\\/es\\\/?s={search_term_string}\"},\"query-input\":{\"@type\":\"PropertyValueSpecification\",\"valueRequired\":true,\"valueName\":\"search_term_string\"}}],\"inLanguage\":\"es\"},{\"@type\":\"Person\",\"@id\":\"https:\\\/\\\/www.fundacioimpulsa.org\\\/es\\\/#\\\/schema\\\/person\\\/8e5d127d58d49b0b3a374d763db6672b\",\"name\":\"comunicacio\",\"image\":{\"@type\":\"ImageObject\",\"inLanguage\":\"es\",\"@id\":\"https:\\\/\\\/secure.gravatar.com\\\/avatar\\\/179d9804721934af904d6831ff1a982684d2987826415ba17246a2fefb582344?s=96&d=mm&r=g\",\"url\":\"https:\\\/\\\/secure.gravatar.com\\\/avatar\\\/179d9804721934af904d6831ff1a982684d2987826415ba17246a2fefb582344?s=96&d=mm&r=g\",\"contentUrl\":\"https:\\\/\\\/secure.gravatar.com\\\/avatar\\\/179d9804721934af904d6831ff1a982684d2987826415ba17246a2fefb582344?s=96&d=mm&r=g\",\"caption\":\"comunicacio\"},\"url\":\"https:\\\/\\\/www.fundacioimpulsa.org\\\/es\\\/author\\\/comunicacio\\\/\"}]}<\/script>\n<!-- \/ Yoast SEO plugin. -->","yoast_head_json":{"title":"\u201cEl voluntariado corporativo es una buena manera de reforzar la responsabilidad social corporativa y contribuye a que toda la organizaci\u00f3n forme parte de los valores de la empresa\u201d - Fundacio Impulsa","robots":{"index":"index","follow":"follow","max-snippet":"max-snippet:-1","max-image-preview":"max-image-preview:large","max-video-preview":"max-video-preview:-1"},"canonical":"https:\/\/www.fundacioimpulsa.org\/es\/voluntariado-corporativo-refuerza-rsc\/","og_locale":"es_ES","og_type":"article","og_title":"\u201cEl voluntariado corporativo es una buena manera de reforzar la responsabilidad social corporativa y contribuye a que toda la organizaci\u00f3n forme parte de los valores de la empresa\u201d - Fundacio Impulsa","og_description":"Jaume Can\u00e9 es el country representative de Freudenberg Group en Espa\u00f1a","og_url":"https:\/\/www.fundacioimpulsa.org\/es\/voluntariado-corporativo-refuerza-rsc\/","og_site_name":"Fundacio Impulsa","article_published_time":"2023-04-22T05:00:22+00:00","article_modified_time":"2024-08-27T06:49:25+00:00","og_image":[{"width":1080,"height":690,"url":"https:\/\/www.fundacioimpulsa.org\/wp-content\/uploads\/2023\/04\/web18.jpg","type":"image\/jpeg"}],"author":"comunicacio","twitter_card":"summary_large_image","twitter_misc":{"Escrito por":"comunicacio","Tiempo de lectura":"6 minutos"},"schema":{"@context":"https:\/\/schema.org","@graph":[{"@type":"Article","@id":"https:\/\/www.fundacioimpulsa.org\/es\/voluntariado-corporativo-refuerza-rsc\/#article","isPartOf":{"@id":"https:\/\/www.fundacioimpulsa.org\/es\/voluntariado-corporativo-refuerza-rsc\/"},"author":{"name":"comunicacio","@id":"https:\/\/www.fundacioimpulsa.org\/es\/#\/schema\/person\/8e5d127d58d49b0b3a374d763db6672b"},"headline":"\u201cEl voluntariado corporativo es una buena manera de reforzar la responsabilidad social corporativa y contribuye a que toda la organizaci\u00f3n forme parte de los valores de la empresa\u201d","datePublished":"2023-04-22T05:00:22+00:00","dateModified":"2024-08-27T06:49:25+00:00","mainEntityOfPage":{"@id":"https:\/\/www.fundacioimpulsa.org\/es\/voluntariado-corporativo-refuerza-rsc\/"},"wordCount":1152,"image":{"@id":"https:\/\/www.fundacioimpulsa.org\/es\/voluntariado-corporativo-refuerza-rsc\/#primaryimage"},"thumbnailUrl":"https:\/\/www.fundacioimpulsa.org\/wp-content\/uploads\/2023\/04\/web18.jpg","keywords":["#ProtagonistasImpulsa","#ProtagonistasImpulsa"],"articleSection":["Protagonistas Impulsa"],"inLanguage":"es"},{"@type":"WebPage","@id":"https:\/\/www.fundacioimpulsa.org\/es\/voluntariado-corporativo-refuerza-rsc\/","url":"https:\/\/www.fundacioimpulsa.org\/es\/voluntariado-corporativo-refuerza-rsc\/","name":"\u201cEl voluntariado corporativo es una buena manera de reforzar la responsabilidad social corporativa y contribuye a que toda la organizaci\u00f3n forme parte de los valores de la empresa\u201d - Fundacio Impulsa","isPartOf":{"@id":"https:\/\/www.fundacioimpulsa.org\/es\/#website"},"primaryImageOfPage":{"@id":"https:\/\/www.fundacioimpulsa.org\/es\/voluntariado-corporativo-refuerza-rsc\/#primaryimage"},"image":{"@id":"https:\/\/www.fundacioimpulsa.org\/es\/voluntariado-corporativo-refuerza-rsc\/#primaryimage"},"thumbnailUrl":"https:\/\/www.fundacioimpulsa.org\/wp-content\/uploads\/2023\/04\/web18.jpg","datePublished":"2023-04-22T05:00:22+00:00","dateModified":"2024-08-27T06:49:25+00:00","author":{"@id":"https:\/\/www.fundacioimpulsa.org\/es\/#\/schema\/person\/8e5d127d58d49b0b3a374d763db6672b"},"breadcrumb":{"@id":"https:\/\/www.fundacioimpulsa.org\/es\/voluntariado-corporativo-refuerza-rsc\/#breadcrumb"},"inLanguage":"es","potentialAction":[{"@type":"ReadAction","target":["https:\/\/www.fundacioimpulsa.org\/es\/voluntariado-corporativo-refuerza-rsc\/"]}]},{"@type":"ImageObject","inLanguage":"es","@id":"https:\/\/www.fundacioimpulsa.org\/es\/voluntariado-corporativo-refuerza-rsc\/#primaryimage","url":"https:\/\/www.fundacioimpulsa.org\/wp-content\/uploads\/2023\/04\/web18.jpg","contentUrl":"https:\/\/www.fundacioimpulsa.org\/wp-content\/uploads\/2023\/04\/web18.jpg","width":1080,"height":690},{"@type":"BreadcrumbList","@id":"https:\/\/www.fundacioimpulsa.org\/es\/voluntariado-corporativo-refuerza-rsc\/#breadcrumb","itemListElement":[{"@type":"ListItem","position":1,"name":"Inici","item":"https:\/\/www.fundacioimpulsa.org\/es\/fundacio-impulsa\/"},{"@type":"ListItem","position":2,"name":"\u201cEl voluntariado corporativo es una buena manera de reforzar la responsabilidad social corporativa y contribuye a que toda la organizaci\u00f3n forme parte de los valores de la empresa\u201d"}]},{"@type":"WebSite","@id":"https:\/\/www.fundacioimpulsa.org\/es\/#website","url":"https:\/\/www.fundacioimpulsa.org\/es\/","name":"Fundacio Impulsa","description":"","potentialAction":[{"@type":"SearchAction","target":{"@type":"EntryPoint","urlTemplate":"https:\/\/www.fundacioimpulsa.org\/es\/?s={search_term_string}"},"query-input":{"@type":"PropertyValueSpecification","valueRequired":true,"valueName":"search_term_string"}}],"inLanguage":"es"},{"@type":"Person","@id":"https:\/\/www.fundacioimpulsa.org\/es\/#\/schema\/person\/8e5d127d58d49b0b3a374d763db6672b","name":"comunicacio","image":{"@type":"ImageObject","inLanguage":"es","@id":"https:\/\/secure.gravatar.com\/avatar\/179d9804721934af904d6831ff1a982684d2987826415ba17246a2fefb582344?s=96&d=mm&r=g","url":"https:\/\/secure.gravatar.com\/avatar\/179d9804721934af904d6831ff1a982684d2987826415ba17246a2fefb582344?s=96&d=mm&r=g","contentUrl":"https:\/\/secure.gravatar.com\/avatar\/179d9804721934af904d6831ff1a982684d2987826415ba17246a2fefb582344?s=96&d=mm&r=g","caption":"comunicacio"},"url":"https:\/\/www.fundacioimpulsa.org\/es\/author\/comunicacio\/"}]}},"publishpress_future_action":{"enabled":false,"date":"2026-05-07 13:46:00","action":"change-status","newStatus":"draft","terms":[],"taxonomy":"category","extraData":[]},"publishpress_future_workflow_manual_trigger":{"enabledWorkflows":[]},"_links":{"self":[{"href":"https:\/\/www.fundacioimpulsa.org\/es\/wp-json\/wp\/v2\/posts\/8700","targetHints":{"allow":["GET"]}}],"collection":[{"href":"https:\/\/www.fundacioimpulsa.org\/es\/wp-json\/wp\/v2\/posts"}],"about":[{"href":"https:\/\/www.fundacioimpulsa.org\/es\/wp-json\/wp\/v2\/types\/post"}],"author":[{"embeddable":true,"href":"https:\/\/www.fundacioimpulsa.org\/es\/wp-json\/wp\/v2\/users\/6"}],"replies":[{"embeddable":true,"href":"https:\/\/www.fundacioimpulsa.org\/es\/wp-json\/wp\/v2\/comments?post=8700"}],"version-history":[{"count":4,"href":"https:\/\/www.fundacioimpulsa.org\/es\/wp-json\/wp\/v2\/posts\/8700\/revisions"}],"predecessor-version":[{"id":8704,"href":"https:\/\/www.fundacioimpulsa.org\/es\/wp-json\/wp\/v2\/posts\/8700\/revisions\/8704"}],"wp:featuredmedia":[{"embeddable":true,"href":"https:\/\/www.fundacioimpulsa.org\/es\/wp-json\/wp\/v2\/media\/8691"}],"wp:attachment":[{"href":"https:\/\/www.fundacioimpulsa.org\/es\/wp-json\/wp\/v2\/media?parent=8700"}],"wp:term":[{"taxonomy":"category","embeddable":true,"href":"https:\/\/www.fundacioimpulsa.org\/es\/wp-json\/wp\/v2\/categories?post=8700"},{"taxonomy":"post_tag","embeddable":true,"href":"https:\/\/www.fundacioimpulsa.org\/es\/wp-json\/wp\/v2\/tags?post=8700"}],"curies":[{"name":"wp","href":"https:\/\/api.w.org\/{rel}","templated":true}]}}